{"id":26696,"date":"2019-09-18T07:30:46","date_gmt":"2019-09-18T06:30:46","guid":{"rendered":"https:\/\/blog.legalvision.fr\/?p=26696"},"modified":"2022-03-27T21:20:49","modified_gmt":"2022-03-27T19:20:49","slug":"prime-de-precarite-explications-completes","status":"publish","type":"post","link":"https:\/\/www.legalvision.fr\/guides-juridiques\/droit-du-travail\/prime-de-precarite-explications-completes\/","title":{"rendered":"Tout savoir sur la prime de pr\u00e9carit\u00e9 en fin de contrat"},"content":{"rendered":"<p>La prime de pr\u00e9carit\u00e9 est une indemnit\u00e9 offerte au salari\u00e9 se retrouvant dans une situation pr\u00e9caire. Si elle est, en principe, due \u00e0 la fin de chaque contrat temporaire ou CDD, il existe certaines situations dans lesquelles ce n&rsquo;est pas le cas. LegalVision revient pour vous sur cette notion et vous explique l&rsquo;essentiel.\n<\/p>\n<h3>Sommaire :<\/h3>\n<p><strong><a href=\"#I\">Dans quels cas la prime de pr\u00e9carit\u00e9 est-elle vers\u00e9e au salari\u00e9 ?<\/a><\/strong><br \/>\n<a href=\"#II\"><strong> II\/ Dans quels cas la prime de pr\u00e9carit\u00e9 n&rsquo;est-elle pas vers\u00e9e au salari\u00e9\u00a0?<\/strong><\/a><br \/>\n<strong> <a href=\"#III\">Qu&rsquo;en est-il en cas de renouvellement ou de succession de CDD ?<\/a><\/strong><br \/>\n<strong> <a href=\"#IV\">Le calcul de la prime de pr\u00e9carit\u00e9<\/a><\/strong><br \/>\n<strong> <a href=\"#V\">Prime de pr\u00e9carit\u00e9 CDD ou prime de pr\u00e9carit\u00e9 interim : quand est-elle vers\u00e9e ?<\/a><\/strong><br \/>\n<strong> <a href=\"#VI\">Prime de pr\u00e9carit\u00e9 CDD ou prime de pr\u00e9carit\u00e9 interim : r\u00e9gime social et fiscal<\/a><\/strong><br \/>\n<strong> <a href=\"#VII\">Requalification du CDD en CDI : la prime de pr\u00e9carit\u00e9 est-elle due ?<\/a><\/strong><br \/>\n<strong> <a href=\"#VIII\">Je n&rsquo;ai pas per\u00e7u ma prime de pr\u00e9carit\u00e9 CDD ou prime de pr\u00e9carit\u00e9 int\u00e9rim, que faire ?<\/a><\/strong><br \/>\n<strong> <a href=\"#IX\">IX\/ Les documents de fin de contrat<\/a><\/strong><\/p>\n<div class=\"wp-block-button\" style=\"text-align:center;\"><a class=\"wp-block-button__link has-background\" href=\"https:\/\/www.legalvision.fr\/tous-les-services\/\">Voir les services LegalVision<\/a><\/div>\n<h2 id=\"I\">Dans quels cas la prime de pr\u00e9carit\u00e9 est-elle vers\u00e9e au salari\u00e9 ?<\/h2>\n<p>Le contrat \u00e0 dur\u00e9e d\u00e9termin\u00e9e (CDD) tout comme le contrat de travail temporaire \u00e0 dur\u00e9e d\u00e9termin\u00e9e sont des contrats dits pr\u00e9caires. Ils ne permettent pas aux salari\u00e9s, de b\u00e9n\u00e9ficier d&rsquo;une certaine stabilit\u00e9. En effet, ces contrats\u00a0sont conclus uniquement pour une dur\u00e9e limit\u00e9e. Ainsi, pour compenser la fragilit\u00e9 de leur situation, une prime leur est accord\u00e9e :<\/p>\n<ul>\n<li>en cas de fin de <strong>CDD<\/strong>, on parle alors d&rsquo;indemnit\u00e9 de fin de contrat,<\/li>\n<li>en cas de fin de <strong>contrat de travail temporaire<\/strong>, on parle alors d&rsquo;indemnit\u00e9 de fin de mission.<\/li>\n<\/ul>\n<p>Cependant, ces deux notions sont appel\u00e9es plus couramment, \u00ab\u00a0prime de pr\u00e9carit\u00e9\u00a0\u00bb. Celle-ci constitue un compl\u00e9ment de salaire qui s&rsquo;ajoute \u00e0 la r\u00e9mun\u00e9ration brute totale per\u00e7ue par le salari\u00e9.<\/p>\n<p>Elle est \u00e9gale au minimum \u00e0 <strong>10\u00a0%<\/strong> de la r\u00e9mun\u00e9ration brute totale vers\u00e9e durant le contrat. Cependant, ce pourcentage peut \u00eatre limit\u00e9 \u00e0 <strong>6\u00a0%<\/strong> par une convention ou un accord collectif de branche \u00e9tendu. En contrepartie le salari\u00e9 aura un acc\u00e8s privil\u00e9gi\u00e9 \u00e0 la formation professionnelle.<\/p>\n<p>Vous d\u00e9sirez <strong><a href=\"https:\/\/www.legalvision.fr\/lp\/contrat-de-travail-cdd\">contracter un CDD<\/a><\/strong> avec un futur collaborateur ? N&rsquo;h\u00e9sitez pas \u00e0 recourir aux services de LegalVision !<\/p>\n<h2 id=\"II\">Cas o\u00f9 la prime de pr\u00e9carit\u00e9 n&rsquo;est pas vers\u00e9e au salari\u00e9<\/h2>\n<p>L\u2019indemnit\u00e9 <strong>n\u2019est pas vers\u00e9e<\/strong> dans les cas suivants\u00a0:<\/p>\n<ul>\n<li>si la rupture du CDD intervient au cours de la p\u00e9riode d\u2019essai,<\/li>\n<li>si la <a href=\"https:\/\/blog.legalvision.fr\/2019\/07\/30\/rupture-anticipee-cdd-toutes-les-situations\/\">rupture anticip\u00e9e<\/a> du contrat de travail est \u00e0 l\u2019initiative du salari\u00e9,<\/li>\n<li>lorsque la rupture anticip\u00e9e du contrat de travail est due \u00e0 une <a href=\"https:\/\/www.legalvision.fr\/lp\/rupture-cdd-faute-grave\">faute grave ou une faute lourde<\/a> du salari\u00e9 ou en cas de <a href=\"https:\/\/www.legalvision.fr\/lp\/rupture-cdd-force-majeure\">force majeure<\/a>,<\/li>\n<li>si le salari\u00e9 refuse un CDI pour occuper le m\u00eame emploi ou un emploi similaire, avec une r\u00e9mun\u00e9ration au moins \u00e9quivalente,<\/li>\n<li>si le contrat est destin\u00e9 \u00e0 favoriser le recrutement de certaines cat\u00e9gories de personnes sans emploi,<\/li>\n<li>lorsque l\u2019employeur s\u2019est engag\u00e9 \u00e0 assurer un compl\u00e9ment de formation professionnelle au salari\u00e9,<\/li>\n<li>si le contrat est conclu avec un jeune, sur son temps de vacances scolaires ou universitaires,<\/li>\n<li>s\u2019il s\u2019agit d\u2019un emploi saisonnier ou<strong><a href=\"https:\/\/blog.legalvision.fr\/2019\/09\/09\/cdd-d-usage-mode-de-fonctionnement\/\"> d\u2019un\u00a0CDD d&rsquo;usage<\/a><\/strong> exclut le recours \u00e0 un CDI,<\/li>\n<li>la relation de travail se poursuit, sur un m\u00eame poste ou sur un poste diff\u00e9rent, sous forme de contrat \u00e0 dur\u00e9e ind\u00e9termin\u00e9e imm\u00e9diatement \u00e0 l\u2019issue du contrat \u00e0 dur\u00e9e d\u00e9termin\u00e9e, sans interruption,<\/li>\n<li>\u00e0 l&rsquo;\u00e9ch\u00e9ance d&rsquo;un <strong><a href=\"https:\/\/blog.legalvision.fr\/2019\/08\/12\/contrat-de-professionnalisation-tout-connaitre\/\">contrat de professionnalisation<\/a>,<\/strong>\n<\/li>\n<li>\u00e0 la fin d&rsquo;un contrat d&rsquo;apprentissage.<\/li>\n<li style=\"list-style-type: none;\">\n<\/ul>\n<h2 id=\"III\">Qu&rsquo;en est-il en cas de renouvellement ou de succession de CDD ?<\/h2>\n<p>Rappelons qu&rsquo;un <strong>renouvellement du CDD\u00a0<\/strong>ne repr\u00e9sente qu&rsquo;un seul et m\u00eame CDD. C&rsquo;est ce m\u00eame contrat qui peut \u00eatre en principe, renouvel\u00e9 deux fois, sauf convention collective pr\u00e9voyant d&rsquo;autres dispositions en la mati\u00e8re. Ainsi, dans un tel cas, le salari\u00e9\u00a0ne b\u00e9n\u00e9ficie pas d&rsquo;une prime de pr\u00e9carit\u00e9 apr\u00e8s chaque <strong><a href=\"https:\/\/blog.legalvision.fr\/2019\/08\/30\/renouvellement-cdd-et-cdd-successifs-les-differences\/\">renouvellement<\/a><\/strong>. Il per\u00e7oit cette indemnit\u00e9 une seule fois, puisqu&rsquo;il n&rsquo;y a qu&rsquo;un seul contrat.<\/p>\n<p><em>Prenons pour exemple un CDD de remplacement. Il est conclu pour une dur\u00e9e d&rsquo;1 mois. Il est renouvel\u00e9 une fois pour 2 mois, puis une seconde fois pour 5 mois. Le salari\u00e9 ne va pas obtenir 3 primes de pr\u00e9carit\u00e9, mais bien une seule.<\/em><\/p>\n<p>D&rsquo;ailleurs, lorsque le salari\u00e9 refuse le renouvellement de son CDD, la prime de pr\u00e9carit\u00e9 lui reste due.<\/p>\n<p><strong>En cas de succession de CDD,\u00a0<\/strong>l\u2019indemnit\u00e9 de fin de contrat est octroy\u00e9e au salari\u00e9, \u00e0 la fin de chaque contrat conclu.<\/p>\n<p><em>Par exemple, un premier CDD pour usage est\u00a0contract\u00e9 pour une p\u00e9riode de 6 mois. Un second CDD est conclu pour une p\u00e9riode de 5 mois. Le salari\u00e9 percevra alors 2 primes de pr\u00e9carit\u00e9 car il y a bien deux contrats distincts.<\/em><\/p>\n<h2 id=\"IV\">\u00a0Le calcul de la prime de pr\u00e9carit\u00e9<\/h2>\n<p>Comme dit pr\u00e9c\u00e9demment, en principe, l&rsquo;indemnit\u00e9 de fin de contrat\u00a0est \u00e9gale \u00e0\u00a0<strong>10\u00a0%<\/strong>\u00a0de la r\u00e9mun\u00e9ration brute totale vers\u00e9e durant le contrat.<\/p>\n<p>Le calcul de la prime de pr\u00e9carit\u00e9 se fait sur le salaire de base mais \u00e9galement sur les majorations <strong><a href=\"https:\/\/blog.legalvision.fr\/2019\/07\/19\/heures-supplementaires-quels-sont-vos-droits\/\">d&rsquo;heures suppl\u00e9mentaires<\/a><\/strong>,\u00a0<span class=\"Highlight\" title=\"indemnit\u00e9\">indemnit\u00e9s\u00a0<\/span>et primes diverses telles que la prime de vacances ou la prime de\u00a0<span class=\"Highlight\" title=\"fin\">fin<\/span>\u00a0d&rsquo;ann\u00e9e.<\/p>\n<p><strong>Remarque<\/strong> : la p\u00e9riode prise en compte \u00e9tant constitu\u00e9e par toute la dur\u00e9e du\u00a0<span class=\"Highlight\" title=\"contrat\">contrat,\u00a0<\/span>il y a lieu de tenir compte non seulement des salaires per\u00e7us pendant la dur\u00e9e initiale mais \u00e9galement ceux vers\u00e9s pendant la dur\u00e9e du ou des renouvellements, le cas \u00e9ch\u00e9ant.<\/p>\n<p>Ainsi, pour y voir plus clair, effectuons le calcul de la prime de pr\u00e9carit\u00e9\u00a0d&rsquo;un CDD pour une dur\u00e9e de 4 mois. Le salari\u00e9 a obtenu les r\u00e9mun\u00e9rations mensuelles suivantes :<\/p>\n<ul>\n<li><em>juin 2019 : 1 500 euros<\/em><\/li>\n<li><em>juillet 2019 : 1 600 euros<\/em><\/li>\n<li><em>ao\u00fbt 2019 : 1 500 euros<\/em><\/li>\n<li><em>septembre 2019 : 1 555 euros<\/em><\/li>\n<\/ul>\n<p>Il faut alors additionner ces 4 r\u00e9mun\u00e9rations mensuelles, ce qui donne 6 155 euros. En prenant 10% de cette somme, on se rend compte que le calcul de la prime de pr\u00e9carit\u00e9 de ce salari\u00e9 sera de 615,5 euros.<\/p>\n<h2 id=\"V\">Prime de pr\u00e9carit\u00e9 CDD ou prime de pr\u00e9carit\u00e9 int\u00e9rim : quand est-elle vers\u00e9e ?<\/h2>\n<p>Le versement de la prime de pr\u00e9carit\u00e9 s&rsquo;effectue, en principe, \u00e0 l&rsquo;issue du\u00a0<span class=\"Highlight\" title=\"contrat\">contrat<\/span>\u00a0de travail, en m\u00eame temps que le dernier salaire. Elle doit figurer sur le <strong>bulletin<\/strong> <strong>de<\/strong> <strong>salaire<\/strong> correspondant.<\/p>\n<p>Il est toutefois possible d&rsquo;envisager son paiement, <strong>au mois le mois<\/strong>, \u00e0 chaque \u00e9ch\u00e9ance de paie. Il doit alors \u00eatre indiqu\u00e9 dans le\u00a0<span class=\"Highlight\" title=\"contrat\">contrat<\/span>\u00a0que l&rsquo;<span class=\"Highlight\" title=\"indemnit\u00e9\">indemnit\u00e9<\/span>\u00a0ne sera d\u00e9finitivement acquise qu&rsquo;\u00e0 son \u00e9ch\u00e9ance normale et qu&rsquo;elle doit \u00eatre restitu\u00e9e par le salari\u00e9 si le\u00a0<span class=\"Highlight\" title=\"contrat\">contrat<\/span>\u00a0est rompu ou poursuivi dans des conditions n&rsquo;ouvrant pas droit \u00e0 l&rsquo;<span class=\"Highlight\" title=\"indemnit\u00e9\">indemnit\u00e9<\/span>.<\/p>\n<h2 id=\"VI\">Prime de pr\u00e9carit\u00e9 CDD ou\u00a0prime de pr\u00e9carit\u00e9 int\u00e9rim : r\u00e9gime social et fiscal<\/h2>\n<p>Concernant le <strong>r\u00e9gime social<\/strong> de la prime de pr\u00e9carit\u00e9,\u00a0cette derni\u00e8re repr\u00e9sente un compl\u00e9ment de salaire. Elle est donc soumise aux cotisations et contributions sociales, selon les m\u00eames modalit\u00e9s que la r\u00e9mun\u00e9ration principale du salari\u00e9.<\/p>\n<p>En ce qui concerne\u00a0le <strong>r\u00e9gime fiscal<\/strong> de la prime de pr\u00e9carit\u00e9, l&rsquo;indemnit\u00e9 de fin de contrat vers\u00e9e aux salari\u00e9s \u00e0 l&rsquo;issue d&rsquo;un CDD et l&rsquo;indemnit\u00e9 de fin de mission vers\u00e9e \u00e0 l&rsquo;issue d&rsquo;une mission d&rsquo;int\u00e9rim sont imposables \u00e0 l\u2019imp\u00f4t sur le revenu. En cas de rupture anticip\u00e9e du contrat de travail par l\u2019employeur,\u00a0l&rsquo;indemnit\u00e9 de fin de contrat est \u00e9galement imposable. Le montant de la prime imposable correspond aux r\u00e9mun\u00e9rations que le salari\u00e9 concern\u00e9 aurait per\u00e7ues jusqu&rsquo;au terme du contrat.<\/p>\n<h2 id=\"VII\">Requalification du CDD en CDI : la prime de pr\u00e9carit\u00e9 est elle due ?<\/h2>\n<p>Lorsqu&rsquo;elle est per\u00e7ue par le salari\u00e9 \u00e0 l&rsquo;issue de son CDD, l&rsquo;<span class=\"Highlight\" title=\"indemnit\u00e9\">indemnit\u00e9<\/span>\u00a0de\u00a0<span class=\"Highlight\" title=\"fin\">fin<\/span>\u00a0de\u00a0<span class=\"Highlight\" title=\"contrat\">contrat<\/span>\u00a0lui reste acquise nonobstant une requalification ult\u00e9rieure en\u00a0<span class=\"Highlight\" title=\"contrat\">contrat<\/span>\u00a0\u00e0 dur\u00e9e ind\u00e9termin\u00e9e.<\/p>\n<p>En effet,\u00a0la <strong><a href=\"https:\/\/blog.legalvision.fr\/2019\/09\/03\/requalification-cdd-en-cdi-cas-possibles-et-consequences\/\">requalification<\/a><\/strong> ne peut effacer le fait que le salari\u00e9 s&rsquo;est trouv\u00e9 \u00e0 l&rsquo;issue de son CDD en situation de pr\u00e9carit\u00e9.\u00a0Cependant, une <strong>condition<\/strong> est pos\u00e9e. L&rsquo;<span class=\"Highlight\" title=\"indemnit\u00e9\">indemnit\u00e9<\/span>\u00a0de\u00a0<span class=\"Highlight\" title=\"fin\">fin<\/span>\u00a0de\u00a0<span class=\"Highlight\" title=\"contrat\">contrat<\/span>\u00a0doit avoir \u00e9t\u00e9 per\u00e7ue \u00e0 l&rsquo;issue du\u00a0<span class=\"Highlight\" title=\"contrat\">contrat<\/span>, ce qui suppose que la requalification ait \u00e9t\u00e9 demand\u00e9e <strong>ult\u00e9rieurement<\/strong>. Autrement dit, la r\u00e8gle ne s&rsquo;applique pas en cours d&rsquo;ex\u00e9cution du\u00a0<span class=\"Highlight\" title=\"contrat\">contrat<\/span>. En effet, dans cette hypoth\u00e8se, le CDD s&rsquo;est mu\u00e9 en CDI, de sorte que le d\u00e9bat indemnitaire s&rsquo;organise autour des r\u00e8gles du licenciement.<\/p>\n<p>Toutefois, reste le cas d&rsquo;un salari\u00e9 en CDD amen\u00e9 \u00e0 travailler au-del\u00e0 du terme de son\u00a0<span class=\"Highlight\" title=\"contrat\">contrat.<\/span>\u00a0S&rsquo;il demande la requalification en CDI, l&rsquo;<span class=\"Highlight\" title=\"indemnit\u00e9\">indemnit\u00e9<\/span>\u00a0de\u00a0<span class=\"Highlight\" title=\"fin\">fin<\/span>\u00a0de\u00a0<span class=\"Highlight\" title=\"contrat\">contrat est<\/span>\u00a0due si aucun CDI pour occuper le m\u00eame emploi ou un emploi similaire n&rsquo;a \u00e9t\u00e9\u00a0<b>propos\u00e9<\/b>\u00a0<strong>au salari\u00e9 \u00e0 l&rsquo;issue du CDD.<\/strong><\/p>\n<p>Vous souhaitez <strong><a href=\"https:\/\/www.legalvision.fr\/lp\/contrat-de-travail-cdi\">r\u00e9diger un contrat \u00e0 dur\u00e9e ind\u00e9termin\u00e9e<\/a><\/strong> ? LegalVision vous accompagne !<\/p>\n<h2 id=\"VIII\">Je n&rsquo;ai pas per\u00e7u ma prime de pr\u00e9carit\u00e9\u00a0CDD ou\u00a0prime de pr\u00e9carit\u00e9 int\u00e9rim,\u00a0que faire ?<\/h2>\n<p>Si\u00a0l\u2019employeur n\u2019a<strong> pas vers\u00e9 de prime de pr\u00e9carit\u00e9 alors<\/strong>\u00a0que le salari\u00e9 pense qu\u2019il aurait d\u00fb ou s\u2019il y a\u00a0<strong>erreur <\/strong>sur le montant de cette prime il conviendra d\u2019envoyer une lettre en recommand\u00e9e avec accus\u00e9 de r\u00e9ception. Ce courrier doit bien s\u00fbr reprendre toutes les informations n\u00e9cessaires \u00e0 la compr\u00e9hension et \u00e0 la d\u00e9fense du litige.<\/p>\n<p>Sans r\u00e9ponse ou en cas de refus de l\u2019employeur de payer la prime de pr\u00e9carit\u00e9, il est possible de\u00a0<strong>saisir le Conseil de Prud\u2019hommes<\/strong>\u00a0:<\/p>\n<ul>\n<li>dans un d\u00e9lai de 6 mois si le salari\u00e9 a sign\u00e9 son solde de tout compte,<\/li>\n<li>dans un d\u00e9lai de 3 ans si le salari\u00e9 a refus\u00e9 de signer son solde de tout compte.<\/li>\n<li style=\"list-style-type: none;\">\n<\/ul>\n<h2 id=\"IX\">IX\/ Les documents de fin de contrat<\/h2>\n<p>Lors de la rupture ou la fin d&rsquo;un contrat de travail, quelle qu&rsquo;en soit la cause, l&#8217;employeur doit obligatoirement remettre au salari\u00e9 plusieurs documents\u00a0:<\/p>\n<ul>\n<li>\n<strong>un certificat de travail. <\/strong>doit \u00eatre d\u00e9livr\u00e9 par l&#8217;employeur \u00e0 l&rsquo;expiration de tout contrat de travail, \u00e0 la fin du pr\u00e9avis, qu&rsquo;il soit ex\u00e9cut\u00e9 ou non. Il est tenu \u00e0 la disposition du salari\u00e9 dans l&rsquo;entreprise ou lui est remis avec le dernier bulletin de salaire.<\/li>\n<li>\n<strong>un re\u00e7u pour <a href=\"https:\/\/blog.legalvision.fr\/2019\/07\/08\/solde-de-tout-compte\/\">solde de tout compte<\/a>. <\/strong>Ce document obligatoire fait l&rsquo;inventaire des sommes vers\u00e9es au salari\u00e9 lors de la rupture du contrat de travail\u00a0: indemnit\u00e9 de rupture, salaire aff\u00e9rant au mois en cours, indemnit\u00e9 compensatrice de cong\u00e9s pay\u00e9s et de pr\u00e9avis, prorata d&rsquo;\u00e9ventuelles primes, etc.<\/li>\n<li>\n<strong>et une attestation P\u00f4le emploi. <\/strong>Elle est indispensable au demandeur d&#8217;emploi pour faire valoir ses droits \u00e0 l&rsquo;allocation ch\u00f4mage.<\/li>\n<\/ul>\n<p>\u00a0<\/p>\n<details>\n<summary><strong>Sources<\/strong> :<\/summary>\n<p>Articles :<\/p>\n<ul>\n<li>\n<a href=\"https:\/\/www.legifrance.gouv.fr\/affichCodeArticle.do;jsessionid=D9520732DD9A3AAF926A99B09EF6FA9B.tplgfr35s_2?idArticle=LEGIARTI000006901219&amp;cidTexte=LEGITEXT000006072050&amp;dateTexte=20190913\">L.1243-8 du Code du travail<\/a> relatif au calcul de l&rsquo;indemnit\u00e9 de fin de contrat pour un CDD ;<\/li>\n<li>\n<a href=\"https:\/\/www.legifrance.gouv.fr\/affichCodeArticle.do;jsessionid=D9520732DD9A3AAF926A99B09EF6FA9B.tplgfr35s_2?idArticle=LEGIARTI000006901221&amp;cidTexte=LEGITEXT000006072050&amp;dateTexte=20190913\">L.1243-10 du Code du travail<\/a> relatif au cas dans lesquels l&rsquo;indemnit\u00e9 de fin de contrat pour un CDD n&rsquo;est pas due ;<\/li>\n<li>\n<a href=\"https:\/\/www.legifrance.gouv.fr\/affichCodeArticle.do;jsessionid=D9520732DD9A3AAF926A99B09EF6FA9B.tplgfr35s_2?idArticle=LEGIARTI000006901285&amp;cidTexte=LEGITEXT000006072050&amp;dateTexte=20190913\">L.1251-32 du Code du travail<\/a>\u00a0relatif au calcul de l&rsquo;indemnit\u00e9 de fin de mission ;<\/li>\n<li>\n<a href=\"https:\/\/www.legifrance.gouv.fr\/affichCodeArticle.do;jsessionid=D9520732DD9A3AAF926A99B09EF6FA9B.tplgfr35s_2?idArticle=LEGIARTI000019869550&amp;cidTexte=LEGITEXT000006072050&amp;dateTexte=20190913\">L.1251-33 du Code du travail<\/a>\u00a0relatif au cas dans lesquels l&rsquo;indemnit\u00e9 de fin de\u00a0mission n&rsquo;est pas due ;<\/li>\n<\/ul>\n<\/details>\n<p>\u00a0<\/p>\n<p><\/p>\n<div class=\"wp-block-button\" style=\"text-align:center;\"><a class=\"wp-block-button__link has-background\" href=\"https:\/\/www.legalvision.fr\/tous-les-services\/\">Voir les services LegalVision<\/a><\/div>\n","protected":false},"excerpt":{"rendered":"<p>La prime de pr\u00e9carit\u00e9 est une indemnit\u00e9 offerte au salari\u00e9 se retrouvant dans une situation pr\u00e9caire. Si elle est, en principe, due \u00e0 la fin de chaque contrat temporaire ou CDD, il existe certaines situations dans lesquelles ce n&rsquo;est pas le cas. LegalVision revient pour vous sur cette notion et vous explique l&rsquo;essentiel. Sommaire :&hellip; <a class=\"more-link\" href=\"https:\/\/www.legalvision.fr\/guides-juridiques\/droit-du-travail\/prime-de-precarite-explications-completes\/\">Poursuivre la lecture <span class=\"screen-reader-text\">Tout savoir sur la prime de pr\u00e9carit\u00e9 en fin de contrat<\/span><\/a><\/p>\n","protected":false},"author":30,"featured_media":26785,"comment_status":"open","ping_status":"open","sticky":false,"template":"","format":"standard","meta":{"content-type":"","inline_featured_image":false,"footnotes":""},"categories":[2485],"tags":[],"class_list":["post-26696","post","type-post","status-publish","format-standard","has-post-thumbnail","hentry","category-droit-du-travail","entry"],"yoast_head":"<!-- This site is optimized with the Yoast SEO plugin v27.1.1 - https:\/\/yoast.com\/product\/yoast-seo-wordpress\/ -->\n<title>Prime de pr\u00e9carit\u00e9 : dans quels cas la verser au salari\u00e9 ?<\/title>\n<meta name=\"description\" content=\"Le CDD n&#039;assurant pas de stabilit\u00e9 au salari\u00e9, ce dernier se voit, en principe, attribuer une prime de pr\u00e9carit\u00e9. LegalVision revient sur cette notion.\" \/>\n<meta name=\"robots\" content=\"index, follow, max-snippet:-1, max-image-preview:large, max-video-preview:-1\" \/>\n<link rel=\"canonical\" href=\"https:\/\/www.legalvision.fr\/guides-juridiques\/droit-du-travail\/prime-de-precarite-explications-completes\/\" \/>\n<meta property=\"og:locale\" content=\"fr_FR\" \/>\n<meta property=\"og:type\" content=\"article\" \/>\n<meta property=\"og:title\" content=\"Prime de pr\u00e9carit\u00e9 : dans quels cas la verser au salari\u00e9 ?\" \/>\n<meta property=\"og:description\" content=\"Le CDD n&#039;assurant pas de stabilit\u00e9 au salari\u00e9, ce dernier se voit, en principe, attribuer une prime de pr\u00e9carit\u00e9. LegalVision revient sur cette notion.\" \/>\n<meta property=\"og:url\" content=\"https:\/\/www.legalvision.fr\/guides-juridiques\/droit-du-travail\/prime-de-precarite-explications-completes\/\" \/>\n<meta property=\"og:site_name\" content=\"Guides juridiques\" \/>\n<meta property=\"article:published_time\" content=\"2019-09-18T06:30:46+00:00\" \/>\n<meta property=\"article:modified_time\" content=\"2022-03-27T19:20:49+00:00\" \/>\n<meta property=\"og:image\" content=\"https:\/\/www.legalvision.fr\/guides-juridiques\/wp-content\/uploads\/2019\/09\/prime-de-pr\u00e9carit\u00e9.jpg\" \/>\n\t<meta property=\"og:image:width\" content=\"958\" \/>\n\t<meta property=\"og:image:height\" content=\"350\" \/>\n\t<meta property=\"og:image:type\" content=\"image\/jpeg\" \/>\n<meta name=\"author\" content=\"William Lebrun\" \/>\n<meta name=\"twitter:card\" content=\"summary_large_image\" \/>\n<meta name=\"twitter:label1\" content=\"\u00c9crit par\" \/>\n\t<meta name=\"twitter:data1\" content=\"William Lebrun\" \/>\n\t<meta name=\"twitter:label2\" content=\"Dur\u00e9e de lecture estim\u00e9e\" \/>\n\t<meta name=\"twitter:data2\" content=\"9 minutes\" \/>\n<script type=\"application\/ld+json\" class=\"yoast-schema-graph\">{\"@context\":\"https:\/\/schema.org\",\"@graph\":[{\"@type\":\"Article\",\"@id\":\"https:\/\/www.legalvision.fr\/guides-juridiques\/droit-du-travail\/prime-de-precarite-explications-completes\/#article\",\"isPartOf\":{\"@id\":\"https:\/\/www.legalvision.fr\/guides-juridiques\/droit-du-travail\/prime-de-precarite-explications-completes\/\"},\"author\":{\"name\":\"William Lebrun\",\"@id\":\"https:\/\/www.legalvision.fr\/guides-juridiques\/#\/schema\/person\/3d24d0c20575138ed212b2e4b6f7b4b0\"},\"headline\":\"Tout savoir sur la prime de pr\u00e9carit\u00e9 en fin de contrat\",\"datePublished\":\"2019-09-18T06:30:46+00:00\",\"dateModified\":\"2022-03-27T19:20:49+00:00\",\"mainEntityOfPage\":{\"@id\":\"https:\/\/www.legalvision.fr\/guides-juridiques\/droit-du-travail\/prime-de-precarite-explications-completes\/\"},\"wordCount\":1950,\"commentCount\":0,\"publisher\":{\"@id\":\"https:\/\/www.legalvision.fr\/guides-juridiques\/#organization\"},\"image\":{\"@id\":\"https:\/\/www.legalvision.fr\/guides-juridiques\/droit-du-travail\/prime-de-precarite-explications-completes\/#primaryimage\"},\"thumbnailUrl\":\"https:\/\/www.legalvision.fr\/guides-juridiques\/wp-content\/uploads\/2019\/09\/prime-de-pr\u00e9carit\u00e9.jpg\",\"articleSection\":[\"Droit du travail\"],\"inLanguage\":\"fr-FR\",\"potentialAction\":[{\"@type\":\"CommentAction\",\"name\":\"Comment\",\"target\":[\"https:\/\/www.legalvision.fr\/guides-juridiques\/droit-du-travail\/prime-de-precarite-explications-completes\/#respond\"]}]},{\"@type\":\"WebPage\",\"@id\":\"https:\/\/www.legalvision.fr\/guides-juridiques\/droit-du-travail\/prime-de-precarite-explications-completes\/\",\"url\":\"https:\/\/www.legalvision.fr\/guides-juridiques\/droit-du-travail\/prime-de-precarite-explications-completes\/\",\"name\":\"Prime de pr\u00e9carit\u00e9 : dans quels cas la verser au salari\u00e9 ?\",\"isPartOf\":{\"@id\":\"https:\/\/www.legalvision.fr\/guides-juridiques\/#website\"},\"primaryImageOfPage\":{\"@id\":\"https:\/\/www.legalvision.fr\/guides-juridiques\/droit-du-travail\/prime-de-precarite-explications-completes\/#primaryimage\"},\"image\":{\"@id\":\"https:\/\/www.legalvision.fr\/guides-juridiques\/droit-du-travail\/prime-de-precarite-explications-completes\/#primaryimage\"},\"thumbnailUrl\":\"https:\/\/www.legalvision.fr\/guides-juridiques\/wp-content\/uploads\/2019\/09\/prime-de-pr\u00e9carit\u00e9.jpg\",\"datePublished\":\"2019-09-18T06:30:46+00:00\",\"dateModified\":\"2022-03-27T19:20:49+00:00\",\"description\":\"Le CDD n'assurant pas de stabilit\u00e9 au salari\u00e9, ce dernier se voit, en principe, attribuer une prime de pr\u00e9carit\u00e9. LegalVision revient sur cette notion.\",\"breadcrumb\":{\"@id\":\"https:\/\/www.legalvision.fr\/guides-juridiques\/droit-du-travail\/prime-de-precarite-explications-completes\/#breadcrumb\"},\"inLanguage\":\"fr-FR\",\"potentialAction\":[{\"@type\":\"ReadAction\",\"target\":[\"https:\/\/www.legalvision.fr\/guides-juridiques\/droit-du-travail\/prime-de-precarite-explications-completes\/\"]}]},{\"@type\":\"ImageObject\",\"inLanguage\":\"fr-FR\",\"@id\":\"https:\/\/www.legalvision.fr\/guides-juridiques\/droit-du-travail\/prime-de-precarite-explications-completes\/#primaryimage\",\"url\":\"https:\/\/www.legalvision.fr\/guides-juridiques\/wp-content\/uploads\/2019\/09\/prime-de-pr\u00e9carit\u00e9.jpg\",\"contentUrl\":\"https:\/\/www.legalvision.fr\/guides-juridiques\/wp-content\/uploads\/2019\/09\/prime-de-pr\u00e9carit\u00e9.jpg\",\"width\":958,\"height\":350,\"caption\":\"devenir voyant professionnel\"},{\"@type\":\"BreadcrumbList\",\"@id\":\"https:\/\/www.legalvision.fr\/guides-juridiques\/droit-du-travail\/prime-de-precarite-explications-completes\/#breadcrumb\",\"itemListElement\":[{\"@type\":\"ListItem\",\"position\":1,\"name\":\"Accueil\",\"item\":\"https:\/\/www.legalvision.fr\/guides-juridiques\/\"},{\"@type\":\"ListItem\",\"position\":2,\"name\":\"Droit du travail\",\"item\":\"https:\/\/www.legalvision.fr\/guides-juridiques\/droit-du-travail\/\"},{\"@type\":\"ListItem\",\"position\":3,\"name\":\"Tout savoir sur la prime de pr\u00e9carit\u00e9 en fin de contrat\"}]},{\"@type\":\"WebSite\",\"@id\":\"https:\/\/www.legalvision.fr\/guides-juridiques\/#website\",\"url\":\"https:\/\/www.legalvision.fr\/guides-juridiques\/\",\"name\":\"Guides juridiques\",\"description\":\"L&#039;information juridique \u00e0 destination des entreprises et TPE\",\"publisher\":{\"@id\":\"https:\/\/www.legalvision.fr\/guides-juridiques\/#organization\"},\"potentialAction\":[{\"@type\":\"SearchAction\",\"target\":{\"@type\":\"EntryPoint\",\"urlTemplate\":\"https:\/\/www.legalvision.fr\/guides-juridiques\/?s={search_term_string}\"},\"query-input\":{\"@type\":\"PropertyValueSpecification\",\"valueRequired\":true,\"valueName\":\"search_term_string\"}}],\"inLanguage\":\"fr-FR\"},{\"@type\":\"Organization\",\"@id\":\"https:\/\/www.legalvision.fr\/guides-juridiques\/#organization\",\"name\":\"Guides juridiques\",\"url\":\"https:\/\/www.legalvision.fr\/guides-juridiques\/\",\"logo\":{\"@type\":\"ImageObject\",\"inLanguage\":\"fr-FR\",\"@id\":\"https:\/\/www.legalvision.fr\/guides-juridiques\/#\/schema\/logo\/image\/\",\"url\":\"https:\/\/www.legalvision.fr\/guides-juridiques\/wp-content\/uploads\/2022\/10\/LV-Logotype.png\",\"contentUrl\":\"https:\/\/www.legalvision.fr\/guides-juridiques\/wp-content\/uploads\/2022\/10\/LV-Logotype.png\",\"width\":647,\"height\":125,\"caption\":\"Guides juridiques\"},\"image\":{\"@id\":\"https:\/\/www.legalvision.fr\/guides-juridiques\/#\/schema\/logo\/image\/\"}},{\"@type\":\"Person\",\"@id\":\"https:\/\/www.legalvision.fr\/guides-juridiques\/#\/schema\/person\/3d24d0c20575138ed212b2e4b6f7b4b0\",\"name\":\"William Lebrun\",\"image\":{\"@type\":\"ImageObject\",\"inLanguage\":\"fr-FR\",\"@id\":\"https:\/\/www.legalvision.fr\/guides-juridiques\/#\/schema\/person\/image\/\",\"url\":\"https:\/\/www.legalvision.fr\/guides-juridiques\/wp-content\/uploads\/2023\/07\/cropped-homme1-96x96.png\",\"contentUrl\":\"https:\/\/www.legalvision.fr\/guides-juridiques\/wp-content\/uploads\/2023\/07\/cropped-homme1-96x96.png\",\"caption\":\"William Lebrun\"},\"description\":\"B\u00e9n\u00e9ficiant de la formation d'un double dipl\u00f4me en droit des affaires et en \u00e9cole de commerce, j'ai un fort attrait pour le droit des soci\u00e9t\u00e9s. Je r\u00e9dige des articles pour vous aider sur vos probl\u00e9matiques.\",\"url\":\"https:\/\/www.legalvision.fr\/guides-juridiques\/author\/aina-rakoto\/\"}]}<\/script>\n<!-- \/ Yoast SEO plugin. -->","yoast_head_json":{"title":"Prime de pr\u00e9carit\u00e9 : dans quels cas la verser au salari\u00e9 ?","description":"Le CDD n'assurant pas de stabilit\u00e9 au salari\u00e9, ce dernier se voit, en principe, attribuer une prime de pr\u00e9carit\u00e9. LegalVision revient sur cette notion.","robots":{"index":"index","follow":"follow","max-snippet":"max-snippet:-1","max-image-preview":"max-image-preview:large","max-video-preview":"max-video-preview:-1"},"canonical":"https:\/\/www.legalvision.fr\/guides-juridiques\/droit-du-travail\/prime-de-precarite-explications-completes\/","og_locale":"fr_FR","og_type":"article","og_title":"Prime de pr\u00e9carit\u00e9 : dans quels cas la verser au salari\u00e9 ?","og_description":"Le CDD n'assurant pas de stabilit\u00e9 au salari\u00e9, ce dernier se voit, en principe, attribuer une prime de pr\u00e9carit\u00e9. LegalVision revient sur cette notion.","og_url":"https:\/\/www.legalvision.fr\/guides-juridiques\/droit-du-travail\/prime-de-precarite-explications-completes\/","og_site_name":"Guides juridiques","article_published_time":"2019-09-18T06:30:46+00:00","article_modified_time":"2022-03-27T19:20:49+00:00","og_image":[{"width":958,"height":350,"url":"https:\/\/www.legalvision.fr\/guides-juridiques\/wp-content\/uploads\/2019\/09\/prime-de-pr\u00e9carit\u00e9.jpg","type":"image\/jpeg"}],"author":"William Lebrun","twitter_card":"summary_large_image","twitter_misc":{"\u00c9crit par":"William Lebrun","Dur\u00e9e de lecture estim\u00e9e":"9 minutes"},"schema":{"@context":"https:\/\/schema.org","@graph":[{"@type":"Article","@id":"https:\/\/www.legalvision.fr\/guides-juridiques\/droit-du-travail\/prime-de-precarite-explications-completes\/#article","isPartOf":{"@id":"https:\/\/www.legalvision.fr\/guides-juridiques\/droit-du-travail\/prime-de-precarite-explications-completes\/"},"author":{"name":"William Lebrun","@id":"https:\/\/www.legalvision.fr\/guides-juridiques\/#\/schema\/person\/3d24d0c20575138ed212b2e4b6f7b4b0"},"headline":"Tout savoir sur la prime de pr\u00e9carit\u00e9 en fin de contrat","datePublished":"2019-09-18T06:30:46+00:00","dateModified":"2022-03-27T19:20:49+00:00","mainEntityOfPage":{"@id":"https:\/\/www.legalvision.fr\/guides-juridiques\/droit-du-travail\/prime-de-precarite-explications-completes\/"},"wordCount":1950,"commentCount":0,"publisher":{"@id":"https:\/\/www.legalvision.fr\/guides-juridiques\/#organization"},"image":{"@id":"https:\/\/www.legalvision.fr\/guides-juridiques\/droit-du-travail\/prime-de-precarite-explications-completes\/#primaryimage"},"thumbnailUrl":"https:\/\/www.legalvision.fr\/guides-juridiques\/wp-content\/uploads\/2019\/09\/prime-de-pr\u00e9carit\u00e9.jpg","articleSection":["Droit du travail"],"inLanguage":"fr-FR","potentialAction":[{"@type":"CommentAction","name":"Comment","target":["https:\/\/www.legalvision.fr\/guides-juridiques\/droit-du-travail\/prime-de-precarite-explications-completes\/#respond"]}]},{"@type":"WebPage","@id":"https:\/\/www.legalvision.fr\/guides-juridiques\/droit-du-travail\/prime-de-precarite-explications-completes\/","url":"https:\/\/www.legalvision.fr\/guides-juridiques\/droit-du-travail\/prime-de-precarite-explications-completes\/","name":"Prime de pr\u00e9carit\u00e9 : dans quels cas la verser au salari\u00e9 ?","isPartOf":{"@id":"https:\/\/www.legalvision.fr\/guides-juridiques\/#website"},"primaryImageOfPage":{"@id":"https:\/\/www.legalvision.fr\/guides-juridiques\/droit-du-travail\/prime-de-precarite-explications-completes\/#primaryimage"},"image":{"@id":"https:\/\/www.legalvision.fr\/guides-juridiques\/droit-du-travail\/prime-de-precarite-explications-completes\/#primaryimage"},"thumbnailUrl":"https:\/\/www.legalvision.fr\/guides-juridiques\/wp-content\/uploads\/2019\/09\/prime-de-pr\u00e9carit\u00e9.jpg","datePublished":"2019-09-18T06:30:46+00:00","dateModified":"2022-03-27T19:20:49+00:00","description":"Le CDD n'assurant pas de stabilit\u00e9 au salari\u00e9, ce dernier se voit, en principe, attribuer une prime de pr\u00e9carit\u00e9. LegalVision revient sur cette notion.","breadcrumb":{"@id":"https:\/\/www.legalvision.fr\/guides-juridiques\/droit-du-travail\/prime-de-precarite-explications-completes\/#breadcrumb"},"inLanguage":"fr-FR","potentialAction":[{"@type":"ReadAction","target":["https:\/\/www.legalvision.fr\/guides-juridiques\/droit-du-travail\/prime-de-precarite-explications-completes\/"]}]},{"@type":"ImageObject","inLanguage":"fr-FR","@id":"https:\/\/www.legalvision.fr\/guides-juridiques\/droit-du-travail\/prime-de-precarite-explications-completes\/#primaryimage","url":"https:\/\/www.legalvision.fr\/guides-juridiques\/wp-content\/uploads\/2019\/09\/prime-de-pr\u00e9carit\u00e9.jpg","contentUrl":"https:\/\/www.legalvision.fr\/guides-juridiques\/wp-content\/uploads\/2019\/09\/prime-de-pr\u00e9carit\u00e9.jpg","width":958,"height":350,"caption":"devenir voyant professionnel"},{"@type":"BreadcrumbList","@id":"https:\/\/www.legalvision.fr\/guides-juridiques\/droit-du-travail\/prime-de-precarite-explications-completes\/#breadcrumb","itemListElement":[{"@type":"ListItem","position":1,"name":"Accueil","item":"https:\/\/www.legalvision.fr\/guides-juridiques\/"},{"@type":"ListItem","position":2,"name":"Droit du travail","item":"https:\/\/www.legalvision.fr\/guides-juridiques\/droit-du-travail\/"},{"@type":"ListItem","position":3,"name":"Tout savoir sur la prime de pr\u00e9carit\u00e9 en fin de contrat"}]},{"@type":"WebSite","@id":"https:\/\/www.legalvision.fr\/guides-juridiques\/#website","url":"https:\/\/www.legalvision.fr\/guides-juridiques\/","name":"Guides juridiques","description":"L&#039;information juridique \u00e0 destination des entreprises et TPE","publisher":{"@id":"https:\/\/www.legalvision.fr\/guides-juridiques\/#organization"},"potentialAction":[{"@type":"SearchAction","target":{"@type":"EntryPoint","urlTemplate":"https:\/\/www.legalvision.fr\/guides-juridiques\/?s={search_term_string}"},"query-input":{"@type":"PropertyValueSpecification","valueRequired":true,"valueName":"search_term_string"}}],"inLanguage":"fr-FR"},{"@type":"Organization","@id":"https:\/\/www.legalvision.fr\/guides-juridiques\/#organization","name":"Guides juridiques","url":"https:\/\/www.legalvision.fr\/guides-juridiques\/","logo":{"@type":"ImageObject","inLanguage":"fr-FR","@id":"https:\/\/www.legalvision.fr\/guides-juridiques\/#\/schema\/logo\/image\/","url":"https:\/\/www.legalvision.fr\/guides-juridiques\/wp-content\/uploads\/2022\/10\/LV-Logotype.png","contentUrl":"https:\/\/www.legalvision.fr\/guides-juridiques\/wp-content\/uploads\/2022\/10\/LV-Logotype.png","width":647,"height":125,"caption":"Guides juridiques"},"image":{"@id":"https:\/\/www.legalvision.fr\/guides-juridiques\/#\/schema\/logo\/image\/"}},{"@type":"Person","@id":"https:\/\/www.legalvision.fr\/guides-juridiques\/#\/schema\/person\/3d24d0c20575138ed212b2e4b6f7b4b0","name":"William Lebrun","image":{"@type":"ImageObject","inLanguage":"fr-FR","@id":"https:\/\/www.legalvision.fr\/guides-juridiques\/#\/schema\/person\/image\/","url":"https:\/\/www.legalvision.fr\/guides-juridiques\/wp-content\/uploads\/2023\/07\/cropped-homme1-96x96.png","contentUrl":"https:\/\/www.legalvision.fr\/guides-juridiques\/wp-content\/uploads\/2023\/07\/cropped-homme1-96x96.png","caption":"William Lebrun"},"description":"B\u00e9n\u00e9ficiant de la formation d'un double dipl\u00f4me en droit des affaires et en \u00e9cole de commerce, j'ai un fort attrait pour le droit des soci\u00e9t\u00e9s. Je r\u00e9dige des articles pour vous aider sur vos probl\u00e9matiques.","url":"https:\/\/www.legalvision.fr\/guides-juridiques\/author\/aina-rakoto\/"}]}},"_links":{"self":[{"href":"https:\/\/www.legalvision.fr\/guides-juridiques\/wp-json\/wp\/v2\/posts\/26696","targetHints":{"allow":["GET"]}}],"collection":[{"href":"https:\/\/www.legalvision.fr\/guides-juridiques\/wp-json\/wp\/v2\/posts"}],"about":[{"href":"https:\/\/www.legalvision.fr\/guides-juridiques\/wp-json\/wp\/v2\/types\/post"}],"author":[{"embeddable":true,"href":"https:\/\/www.legalvision.fr\/guides-juridiques\/wp-json\/wp\/v2\/users\/30"}],"replies":[{"embeddable":true,"href":"https:\/\/www.legalvision.fr\/guides-juridiques\/wp-json\/wp\/v2\/comments?post=26696"}],"version-history":[{"count":0,"href":"https:\/\/www.legalvision.fr\/guides-juridiques\/wp-json\/wp\/v2\/posts\/26696\/revisions"}],"wp:featuredmedia":[{"embeddable":true,"href":"https:\/\/www.legalvision.fr\/guides-juridiques\/wp-json\/wp\/v2\/media\/26785"}],"wp:attachment":[{"href":"https:\/\/www.legalvision.fr\/guides-juridiques\/wp-json\/wp\/v2\/media?parent=26696"}],"wp:term":[{"taxonomy":"category","embeddable":true,"href":"https:\/\/www.legalvision.fr\/guides-juridiques\/wp-json\/wp\/v2\/categories?post=26696"},{"taxonomy":"post_tag","embeddable":true,"href":"https:\/\/www.legalvision.fr\/guides-juridiques\/wp-json\/wp\/v2\/tags?post=26696"}],"curies":[{"name":"wp","href":"https:\/\/api.w.org\/{rel}","templated":true}]}}