{"id":25965,"date":"2019-10-01T07:30:31","date_gmt":"2019-10-01T06:30:31","guid":{"rendered":"https:\/\/blog.legalvision.fr\/?p=25965"},"modified":"2022-03-27T21:20:48","modified_gmt":"2022-03-27T19:20:48","slug":"contrat-de-travail-tout-ce-qu-il-faut-savoir","status":"publish","type":"post","link":"https:\/\/www.legalvision.fr\/guides-juridiques\/droit-du-travail\/contrat-de-travail-tout-ce-qu-il-faut-savoir\/","title":{"rendered":"Les contrats de travail expliqu\u00e9s par LegalVision"},"content":{"rendered":"<p>Le contrat de travail est une convention\u00a0par laquelle un salari\u00e9 s&rsquo;engage \u00e0 r\u00e9aliser un travail sous la subordination d&rsquo;un employeur, et ce, moyennant un salaire.<\/p>\n<p>Ainsi, pour\u00a0qu&rsquo;un contrat soit qualifi\u00e9 de contrat de travail, la r\u00e9union de\u00a03 \u00e9l\u00e9ments est n\u00e9cessaire. Plus pr\u00e9cis\u00e9ment :\n<\/p>\n<ul>\n<li>un\u00a0<strong>travail.\u00a0<\/strong>Celui-ci\u00a0peut prendre diverses formes. En effet, il peut s&rsquo;agir par exemple d&rsquo;un travail manuel, ou bien intellectuel&#8230;<\/li>\n<li>une<strong>\u00a0r\u00e9mun\u00e9ration<\/strong>. La prestation de travail fait toujours l&rsquo;objet d&rsquo;une contrepartie en argent ou nature.<\/li>\n<li>et un\u00a0<strong>lien de subordination<\/strong>. Ce lien est la condition essentielle du contrat de travail. Il est caract\u00e9ris\u00e9 par le pouvoir pour un employeur de donner des ordres et des directives, d&rsquo;en contr\u00f4ler l\u2019ex\u00e9cution et de sanctionner les manquements du salari\u00e9 dans\u00a0la r\u00e9alisation de ses missions.<\/li>\n<\/ul>\n<p>Dans cet article,\u00a0<a href=\"https:\/\/www.legalvision.fr\/contactez-nous\/\">LegalVision<\/a>\u00a0va d&rsquo;abord vous pr\u00e9senter quels sont les diff\u00e9rents types de contrat de travail et les \u00e9l\u00e9ments essentiels de chacun d&rsquo;entre eux pour ensuite s&rsquo;attarder sur la dur\u00e9e du travail\u00a0et les modifications qui peuvent \u00eatre apport\u00e9es aux relations contractuelles.<\/p>\n<h3>Sommaire<\/h3>\n<p><a href=\"#I\"><strong>Les diff\u00e9rents types de contrats de travail<\/strong><\/a><br \/>\n<strong><a href=\"#II\">Les \u00e9l\u00e9ments essentiels du contrat de travail<\/a><br \/>\n<a href=\"#III\">Le contrat de travail \u00e0 temps partiel<\/a><br \/>\n<a href=\"#IV\">Les modifications du contrat de travail<\/a><\/strong><\/p>\n<div class=\"wp-block-button\" style=\"text-align:center;\"><a class=\"wp-block-button__link has-background\" href=\"https:\/\/www.legalvision.fr\/tous-les-services\/\">Voir les services LegalVision<\/a><\/div>\n<h2 id=\"I\">Les diff\u00e9rents types de contrats de travail<\/h2>\n<p>Contrat de travail \u00e0 dur\u00e9e ind\u00e9termin\u00e9e, d\u00e9termin\u00e9e, temporaire, d&rsquo;apprentissage, de professionnalisation &#8230; Vous l&rsquo;aurez bien compris, les contrats de travail peuvent rev\u00eatir des formes multiples.<\/p>\n<p>LegalVision va s&rsquo;attarder sur deux d&rsquo;entre eux :<\/p>\n<ul>\n<li>le <strong><a href=\"https:\/\/www.legalvision.fr\/lp\/contrat-de-travail-cdi\">contrat de travail \u00e0 dur\u00e9e ind\u00e9termin\u00e9e (CDI)<\/a><\/strong>,<\/li>\n<li>le <strong><a href=\"https:\/\/www.legalvision.fr\/lp\/contrat-de-travail-cdd\">contrat de travail \u00e0 dur\u00e9e d\u00e9termin\u00e9e (CDD)<\/a><\/strong>.<\/li>\n<\/ul>\n<p>Si vous souhaitez des informations sur le <a href=\"https:\/\/blog.legalvision.fr\/2019\/09\/26\/contrat-d-apprentissage-comment-ca-fonctionne\/\">contrat d&rsquo;apprentissage<\/a> ou sur le\u00a0<a href=\"https:\/\/blog.legalvision.fr\/2019\/08\/12\/contrat-de-professionnalisation-tout-connaitre\/\">contrat de professionnalisation<\/a>, nous vous invitons \u00e0 lire nos articles relatifs \u00e0 ces th\u00e9matiques.<\/p>\n<h3>Le contrat de travail \u00e0 dur\u00e9e ind\u00e9termin\u00e9e<\/h3>\n<p>Le CDI est la forme de contrat qui est la plus utilis\u00e9e. Contrairement au CDD, il n&rsquo;y a aucune\u00a0<strong>limite de temps<\/strong>. Autrement dit, aucune date de fin n&rsquo;est pr\u00e9cis\u00e9e. Attention, les CDI de chantier \u00e9chappent \u00e0 cette g\u00e9n\u00e9ralit\u00e9. En effet, ce CDI mis en place par accord collectif de branche est conclu pour la dur\u00e9e du projet.<\/p>\n<p>Ensuite, du fait de l&rsquo;absence de terme, il est possible pour le salari\u00e9 ou l&#8217;employeur\u00a0 de le rompre \u00e0 tout moment.<\/p>\n<h4>Formalisme<\/h4>\n<p>Le\u00a0<strong>CDI peut \u00eatre \u00e9crit ou verbal<\/strong>&#8230; N\u00e9anmoins, des dispositions conventionnelles peuvent imposer qu&rsquo;il soit \u00e9crit.<\/p>\n<p>En outre, si vous \u00eates employeur, il vous incombe de remettre \u00e0 votre salari\u00e9 un document \u00e9crit qui pr\u00e9cise toutes les informations qui figurent dans la d\u00e9claration pr\u00e9alable \u00e0 l&#8217;embauche (DPAE). Pour en conna\u00eetre plus sur cette d\u00e9claration, un\u00a0<a href=\"https:\/\/blog.legalvision.fr\/2019\/05\/01\/guide-des-formalites-d-embauche-2019\/\">guide complet des formalit\u00e9s d&#8217;embauche<\/a>\u00a0a \u00e9t\u00e9 r\u00e9alis\u00e9 par LegalVision. Celui-ci reprend en profondeur ce qu&rsquo;est la DPAE.<\/p>\n<p>Attention, contrairement au CDI classique,\u00a0le\u00a0<strong>CDI\u00a0\u00e0 temps partiel doit \u00eatre imp\u00e9rativement \u00e9crit<\/strong>. LegalVision vous aide \u00e0 <a href=\"https:\/\/www.legalvision.fr\/lp\/cdi-temps-partiel\">r\u00e9diger ce contrat<\/a>.<\/p>\n<h4>Rupture du CDI<\/h4>\n<p>Lorsque\u00a0<strong>l&#8217;employeur<\/strong>\u00a0en est \u00e0 l&rsquo;initiative, il doit\u00a0<strong>mettre son salari\u00e9 \u00e0 la retraite<\/strong> ou bien enclencher une <strong>proc\u00e9dure de licenciement<\/strong>. Chaque employeur qui souhaite\u00a0<a href=\"https:\/\/www.legalvision.fr\/lp\/lettre-licenciement\">d\u00e9marrer une proc\u00e9dure de licenciement<\/a>\u00a0peut \u00eatre accompagn\u00e9 par l&rsquo;un de nos juristes.<\/p>\n<p>Par ailleurs, pendant la p\u00e9riode d&rsquo;essai, la rupture est libre et n&rsquo;a pas \u00e0 \u00eatre motiv\u00e9e. Un d\u00e9lai de pr\u00e9venance doit toutefois \u00eatre respect\u00e9.\u00a0Pour plus de renseignements sur la<a href=\"https:\/\/blog.legalvision.fr\/2019\/02\/28\/periode-d-essai-cdi-duree-rupture-et-renouvellement\/\">\u00a0p\u00e9riode d&rsquo;essai du CDI<\/a>, n&rsquo;h\u00e9sitez pas \u00e0 lire notre article.<\/p>\n<p>Ensuite, lorsque la d\u00e9cision de rompre le contrat provient du\u00a0<strong>salari\u00e9,<\/strong>\u00a0on parle alors ici de <strong><a href=\"https:\/\/blog.legalvision.fr\/2019\/03\/31\/comment-demissionner-d-un-cdi-guide-complet\/\">d\u00e9mission<\/a>,<\/strong>\u00a0de\u00a0<strong>d\u00e9part \u00e0 la retraite<\/strong>, de r\u00e9siliation judiciaire ou encore de prise d&rsquo;acte.<\/p>\n<p>En outre, les parties ont la possibilit\u00e9 de convenir ensemble d&rsquo;une\u00a0<strong>rupture conventionnelle.\u00a0<\/strong>L\u00e0 encore, nos juristes, accompagnent les personnes d\u00e9sireuses de faire une <a href=\"https:\/\/blog.legalvision.fr\/2019\/01\/27\/rupture-conventionnelle-tout-savoir\/\">rupture conventionnelle<\/a> dans leurs d\u00e9marches.<\/p>\n<p>Enfin, une cause ext\u00e9rieure peut mettre un terme au contrat de travail.\u00a0<em>en va ainsi en pr\u00e9sence d&rsquo;un<strong> cas de force majeure<\/strong> par exemple.<\/em> C&rsquo;est \u00e0 dire en pr\u00e9sence d&rsquo;un \u00e9v\u00e9nement \u00ab\u00a0impr\u00e9visible, irr\u00e9sistible et ext\u00e9rieur\u00a0\u00bb.<\/p>\n<h3>Le contrat de travail \u00e0 dur\u00e9e d\u00e9termin\u00e9e<\/h3>\n<p>Ce second type de contrat, quant \u00e0 lui, ne doit pas \u00eatre utilis\u00e9 pour pourvoir durablement un emploi qui est li\u00e9 \u00e0 l&rsquo;activit\u00e9 normale et permanente de l&rsquo;entreprise.<\/p>\n<p>Ainsi, il est possible de recourir au contrat \u00e0 dur\u00e9e d\u00e9termin\u00e9e (CDD) uniquement pour ex\u00e9cuter une mission pr\u00e9cise et temporaire.<\/p>\n<h4><strong>Cas de recours\u00a0<\/strong><\/h4>\n<p>Seuls certains cas sp\u00e9cifiques permettent de signer un CDD. A savoir :<\/p>\n<ul>\n<li>le remplacement d&rsquo;un salari\u00e9 ;<\/li>\n<li>ou l&rsquo;accroissement temporaire de l&rsquo;activit\u00e9 ;<\/li>\n<li>mais encore les emplois saisonniers ;<\/li>\n<li>et le CDD d&rsquo;usage ;<\/li>\n<li>le remplacement d&rsquo;un chef d&rsquo;entreprise ou d&rsquo;exploitation ;<\/li>\n<li>ou enfin le recrutement d&rsquo;ing\u00e9nieurs et de cadres, au sens des conventions collectives, afin de r\u00e9aliser un objet d\u00e9fini.<\/li>\n<\/ul>\n<p>Pour aller plus en profondeur, nous vous invitons \u00e0 consulter notre<a href=\"https:\/\/blog.legalvision.fr\/2019\/08\/19\/cas-de-recours-au-cdd-les-regles-a-connaitre\/\">\u00a0guide complet des diff\u00e9rents cas de recours au CDD.<\/a><\/p>\n<h4>Terme pr\u00e9cis ou impr\u00e9cis<\/h4>\n<p>Le contrat de travail \u00e0 dur\u00e9e d\u00e9termin\u00e9e peut avoir un terme pr\u00e9cis\u00a0ou impr\u00e9cis.<\/p>\n<p>Lorsqu&rsquo;il est \u00e0 <strong>terme pr\u00e9cis<\/strong>, cela signifie qu&rsquo;il a une date de d\u00e9but ainsi qu&rsquo;une date de fin.<\/p>\n<p>Lorsqu&rsquo;il est \u00e0 <strong>terme impr\u00e9cis<\/strong> cela signifie que le terme du contrat n&rsquo;est pas connu. Seule une dur\u00e9e minimale est mentionn\u00e9e dans le contrat.<\/p>\n<p>Si vous souhaitez en savoir plus n&rsquo;h\u00e9sitez pas \u00e0 consulter notre article \u00ab\u00a0<em><a href=\"https:\/\/blog.legalvision.fr\/2019\/08\/26\/duree-cdd-2019-regles-a-connaitre\/\">Dur\u00e9e du CDD, le rappel des r\u00e8gles \u00e0 conna\u00eetre<\/a><\/em>\u00ab\u00a0.<\/p>\n<h4>Dur\u00e9e du CDD<\/h4>\n<p>En principe, la dur\u00e9e maximale du CDD est fix\u00e9e par<strong> convention collective<\/strong> ou accord de branche \u00e9tendu.<strong> A d\u00e9faut<\/strong>, les dispositions l\u00e9gales pr\u00e9voient que le CDD ne peut avoir une dur\u00e9e qui exc\u00e8de <strong>18 mois, renouvellements inclus<\/strong>. Il existe des exceptions \u00e0 cette dur\u00e9e minimale. Si vous souhaitez les conna\u00eetre, consultez notre article \u00ab\u00a0<a href=\"https:\/\/blog.legalvision.fr\/2019\/08\/16\/cdd-le-guide-complet-2019\/\"><em>Connaissez-vous r\u00e9ellement tout sur le CDD ?<\/em><\/a>\u00ab\u00a0.<\/p>\n<h4>P\u00e9riode d&rsquo;essai<\/h4>\n<p>Le CDD peut comporter une p\u00e9riode d&rsquo;essai. Ainsi, lorsque le contrat est :<\/p>\n<ul>\n<li>\n<strong>inf\u00e9rieur ou \u00e9gal \u00e0 6 mois<\/strong>, la p\u00e9riode d&rsquo;essai ne peut exc\u00e9der une dur\u00e9e calcul\u00e9e \u00e0 raison d&rsquo;<strong>un jour par semaine, dans la limite de 2 semaines <\/strong>;<\/li>\n<li>\n<strong>sup\u00e9rieur \u00e0 6 mois<\/strong>, la p\u00e9riode d&rsquo;essai est de maximum <strong>1 mois.<\/strong>\n<\/li>\n<\/ul>\n<p>Les m\u00eames r\u00e8gles s&rsquo;appliquent au CDD \u00e0 terme impr\u00e9cis. Toutefois, la dur\u00e9e de la p\u00e9riode d&rsquo;essai sera calcul\u00e9e par rapport \u00e0 la dur\u00e9e minimale de ce contrat.<\/p>\n<h4>Le renouvellement et la succession de CDD<\/h4>\n<p>D&rsquo;abord, il faut savoir que tous les CDD ne donnent pas lieu \u00e0 <strong>renouvellement.<\/strong> Seuls peuvent \u00eatre renouvel\u00e9s les contrats de travail \u00e0 <strong>terme pr\u00e9cis<\/strong>. La<strong> convention collective<\/strong> pr\u00e9cise le nombre maximal de renouvellements possibles. A d\u00e9faut, le nombre de renouvellements est de 2.<\/p>\n<p>Par ailleurs, il est aussi possible de conclure plusieurs CDD successivement. N&rsquo;h\u00e9sitez pas \u00e0 consulter notre article sur les <a href=\"https:\/\/blog.legalvision.fr\/2019\/08\/30\/renouvellement-cdd-et-cdd-successifs-les-differences\/\"><strong>CDD successifs<\/strong><\/a> pour en apprendre plus sur le sujet !<\/p>\n<h4>La rupture du CDD<\/h4>\n<p>Le CDD peut \u00eatre rompu de mani\u00e8re anticip\u00e9e. Cette rupture\u00a0est licite dans plusieurs situations :<\/p>\n<ul>\n<li>\n<strong>\u00e0 l\u2019initiative du salari\u00e9<\/strong> en cas d&#8217;embauche en CDI ou de faute grave de l&#8217;employeur ;<\/li>\n<li>\n<strong>\u00e0 l&rsquo;initiative de l&#8217;employeur<\/strong> en cas de faute grave du salari\u00e9, d&rsquo;inaptitude constat\u00e9e par le m\u00e9decin du travail, ou pour force majeure ;<\/li>\n<li>\n<strong>en cas d&rsquo;accord conclu entre l\u2019employeur et le salari\u00e9<\/strong>.<\/li>\n<\/ul>\n<p>Pour en savoir plus sur tous ces <a href=\"https:\/\/blog.legalvision.fr\/2019\/07\/30\/rupture-anticipee-cdd-toutes-les-situations\/\">modes de rupture anticip\u00e9e<\/a>, consultez notre article relatif \u00e0 cette th\u00e9matique.<\/p>\n<h2 id=\"II\">Les \u00e9l\u00e9ments essentiels du contrat de travail<\/h2>\n<h3>Contenu du CDD<\/h3>\n<p>Le CDD, qu&rsquo;ils soit \u00e0 temps plein ou \u00e0 temps partiel est n\u00e9cessairement un contrat \u00e9crit. Ils doit\u00a0inclure plusieurs clauses obligatoires.<\/p>\n<p>Il comporte ainsi plusieurs \u00e9l\u00e9ments indispensables \u00e0 sa validit\u00e9 :<\/p>\n<ul>\n<li>la d\u00e9finition pr\u00e9cise de son motif ;<\/li>\n<li>ainsi que le nom et la qualification professionnelle de la personne remplac\u00e9e en cas de CDD pour remplacement ;<\/li>\n<li>et la date du terme et, le cas \u00e9ch\u00e9ant, une clause de renouvellement lorsqu&rsquo;il comporte un terme pr\u00e9cis ;<\/li>\n<li>ou bien, lorsqu&rsquo;il est \u00e0 terme impr\u00e9cis, la dur\u00e9e minimale pour laquelle il est conclu ;<\/li>\n<li>la d\u00e9signation du poste de travail et les risques particuliers qu&rsquo;il pr\u00e9sente pour la sant\u00e9 ou la s\u00e9curit\u00e9 du salari\u00e9 ;<\/li>\n<li>l&rsquo;intitul\u00e9 de la convention collective applicable ;<\/li>\n<li>la dur\u00e9e de la p\u00e9riode d&rsquo;essai, s&rsquo;il en est pr\u00e9vu une ;<\/li>\n<li>le montant de la r\u00e9mun\u00e9ration et de ses composantes\u00a0, ainsi que les primes et accessoires de salaire qui existent ;<\/li>\n<li>et enfin le nom et l&rsquo;adresse de la caisse de retraite compl\u00e9mentaire ainsi que, le cas \u00e9ch\u00e9ant, ceux de l&rsquo;organisme de pr\u00e9voyance.<\/li>\n<\/ul>\n<p>D&rsquo;autres\u00a0contrats, notamment ceux conclus pour le recrutement de certains cadres et ing\u00e9nieurs doivent pr\u00e9voir d&rsquo;<a href=\"https:\/\/www.legifrance.gouv.fr\/affichCodeArticle.do;jsessionid=03BCF5B768BFB6E930A082E4B03A001A.tplgfr43s_2?idArticle=LEGIARTI000029929010&amp;cidTexte=LEGITEXT000006072050&amp;dateTexte=20190923&amp;categorieLien=id&amp;oldAction=\">autres mentions<\/a>.<\/p>\n<h3><strong>Le contrat de travail\u00a0\u00e0 temps partiel<\/strong><\/h3>\n<p>Certaines mentions figurent obligatoirement dans le contrat de travail \u00e0 temps partiel\u00a0comme :<\/p>\n<ul>\n<li>la qualification du salari\u00e9 ;<\/li>\n<li>la dur\u00e9e hebdomadaire ou mensuelle de travail ;<\/li>\n<li>mais aussi les \u00e9l\u00e9ments de r\u00e9mun\u00e9ration ;<\/li>\n<li>ou encore la r\u00e9partition de la dur\u00e9e du travail hebdomadaire ou mensuelle,\u00a0et les cas de modification de cette r\u00e9partition, sauf exception\u00a0;<\/li>\n<li>les modalit\u00e9s de communication des horaires de travail pour chaque jour travaill\u00e9 ;<\/li>\n<li>et enfin, les limites d\u2019heures compl\u00e9mentaires.<\/li>\n<\/ul>\n<p>En pr\u00e9sence d&rsquo;un <a href=\"https:\/\/www.legalvision.fr\/lp\/cdd-temps-partiel\">contrat de travail \u00e0 dur\u00e9e d\u00e9termin\u00e9e \u00e0 temps partiel (CDD)<\/a>, celui-ci doit \u00e9galement contenir les conditions pr\u00e9sent\u00e9es dans la partie A.<\/p>\n<h2 id=\"III\">Le contrat de travail \u00e0 temps partiel<\/h2>\n<h3><strong>Dur\u00e9e maximale du travail<\/strong><\/h3>\n<p>La dur\u00e9e du travail, dans les contrats \u00e0 temps partiel, est<strong> inf\u00e9rieure<\/strong> :<\/p>\n<ul>\n<li>\u00e0 la dur\u00e9e l\u00e9gale du travail (35 heures par semaine ; 151.67 heures par mois ; 1 607 heures par an) ;<\/li>\n<li>ou \u00e0 la dur\u00e9e conventionnelle.<\/li>\n<\/ul>\n<p>Pour plus d&rsquo;informations sur le <a href=\"https:\/\/blog.legalvision.fr\/2019\/03\/01\/cdi-temps-partiel-le-guide-2019\/\">contrat de travail \u00e0 temps partiel<\/a>, n&rsquo;h\u00e9sitez pas \u00e0 consulter notre guide complet.<\/p>\n<h3><strong>Dur\u00e9e minimale du travail<\/strong><\/h3>\n<p>Sauf accord qui pr\u00e9voit une dur\u00e9e moindre, la dur\u00e9e de travail ne peut pas \u00eatre inf\u00e9rieure \u00e0 :<\/p>\n<ul>\n<li>\n<strong>24 heures<\/strong> par semaine ;<\/li>\n<li>ou<strong> 104 heures<\/strong> par mois ;<\/li>\n<li>ou enfin,<strong> 1 102 heures<\/strong> par an.<\/li>\n<\/ul>\n<p>Cette dur\u00e9e minimale ne s&rsquo;impose pas au CDD :<\/p>\n<ul>\n<li>pour remplacement d&rsquo;un salari\u00e9 absent,<\/li>\n<li>conclu pour une dur\u00e9e maximale de 7 jours.<\/li>\n<\/ul>\n<p>Ensuite, il est \u00e9galement possible pour un salari\u00e9 de demander par \u00e9crit \u00e0 son employeur de travailler moins longtemps. Cette facult\u00e9 lui est ouverte en pr\u00e9sence de contraintes personnelles ou d&rsquo;un cumul d&rsquo;activit\u00e9s professionnelles. En outre, afin de suivre leurs \u00e9tudes, les \u00e9tudiants de moins de 26 ans peuvent aussi b\u00e9n\u00e9ficier d&rsquo;une d\u00e9rogation.<\/p>\n<h3><strong>\u00a0R\u00e9partition du travail \u00e0 temps partiel<\/strong><\/h3>\n<p>La r\u00e9partition du travail \u00e0 temps partiel peut \u00eatre <strong>hebdomadaire<\/strong> ou <strong>mensuelle.<\/strong>\u00a0La r\u00e9partition entre les jours de la semaine ou entre les semaines du mois doit figurer dans le contrat de travail. De surcro\u00eet, ce dernier indique les diff\u00e9rents cas dans lesquels une modification de la r\u00e9partition du travail peut avoir lieu.<\/p>\n<p>Enfin, la r\u00e9partition <strong>annuelle<\/strong> est \u00e9galement possible :<\/p>\n<ul>\n<li>lorsqu&rsquo;un accord collectif d&rsquo;am\u00e9nagement du temps de travail sur une p\u00e9riode sup\u00e9rieure \u00e0 la semaine le pr\u00e9voit et que le salari\u00e9 donne son accord ;<\/li>\n<li>lorsque le salari\u00e9, en raison de besoins personnels, en fait la demande.<\/li>\n<\/ul>\n<h3>Les heures compl\u00e9mentaires<\/h3>\n<p>Il est possible qu&rsquo;un salari\u00e9 effectue des heures en plus de celles pr\u00e9vues contractuellement. On parle alors d&rsquo;heures compl\u00e9mentaires.<\/p>\n<p>Elles ne doivent cependant pas avoir pour effet de porter la dur\u00e9e du travail accomplie par le salari\u00e9 au niveau de\u00a0la dur\u00e9e l\u00e9gale ou conventionnelle.<\/p>\n<p>Le nombre d&rsquo;heures compl\u00e9mentaires\u00a0est tr\u00e8s encadr\u00e9 :<\/p>\n<ul>\n<li>une <strong>convention<\/strong> ou un accord d&rsquo;entreprise\/d&rsquo;\u00e9tablissement voire un accord de branche \u00e9tendu peut porter la limite dans laquelle peuvent \u00eatre accomplies des heures compl\u00e9mentaires <strong>jusqu&rsquo;au tiers<\/strong> de la dur\u00e9e hebdomadaire ou mensuelle de travail pr\u00e9vue au contrat.<\/li>\n<li>\n<strong>\u00e0 d\u00e9faut<\/strong> de convention, accord d&rsquo;entreprise\/d\u2019\u00e9tablissements ou d&rsquo;accord de branche \u00e9tendu, au cours d&rsquo;une m\u00eame semaine ou d&rsquo;un m\u00eame mois, il ne peut pas \u00eatre sup\u00e9rieur<strong> au dixi\u00e8me<\/strong> de la dur\u00e9e hebdomadaire ou mensuelle de travail pr\u00e9vue dans son contrat.<\/li>\n<\/ul>\n<p>Une <strong>majoration de salaire<\/strong> est pr\u00e9vue pour les heures compl\u00e9mentaires. Il convient de se r\u00e9f\u00e9rer \u00e0 la convention collective applicable pour conna\u00eetre le taux de majoration. Si elle ne contient aucune disposition, alors ce taux est de :<\/p>\n<ul>\n<li>\n<strong>10%<\/strong> pour les heures compl\u00e9mentaires qui sont accomplies dans la limite du dixi\u00e8me des heures pr\u00e9vues au contrat de travail,<\/li>\n<li>\n<strong>25%<\/strong> pour celles r\u00e9alis\u00e9es entre le dixi\u00e8me et le tiers des heures pr\u00e9vues au contrat de travail.<\/li>\n<\/ul>\n<h3><strong>Le cumul de contrats \u00e0 temps partiel<\/strong><\/h3>\n<p>Que le contrat \u00e0 temps partiel soit \u00e0 dur\u00e9e d\u00e9termin\u00e9e ou ind\u00e9termin\u00e9e, il est tout \u00e0 fait possible de le cumuler avec un autre.<\/p>\n<p>Des dur\u00e9es maximales de travail doivent toutefois \u00eatre respect\u00e9es :<\/p>\n<ul>\n<li>10 heures par jour\u00a0;<\/li>\n<li>ou bien 48 heures\u00a0par semaine ;<\/li>\n<li>et enfin, 44 heures par semaine en moyenne sur une p\u00e9riode de 12 semaines cons\u00e9cutives.<\/li>\n<\/ul>\n<p>Enfin, pour en savoir plus sur le<a href=\"https:\/\/blog.legalvision.fr\/2019\/08\/29\/cdd-temps-partiel-le-guide-complet\/\"> CDD \u00e0 temps partiel<\/a>, rendez vous sur notre blog pour lire notre article.<\/p>\n<h3>Rupture d&rsquo;un contrat de travail \u00e0 temps partiel<\/h3>\n<p>La<strong> rupture d&rsquo;un contrat de travail \u00e0 temps partiel<\/strong> intervient dans les m\u00eames conditions que la rupture d&rsquo;un CDD temps complet ou d&rsquo;un CDI \u00e0 temps complet.<\/p>\n<h2 id=\"IV\">Les modifications du contrat de travail<\/h2>\n<p>Il est primordial de savoir distinguer les modifications du contrat de travail des changements de conditions de travail. Les cons\u00e9quences ne sont pas les m\u00eames. En effet, en pr\u00e9sence d&rsquo;une modification d&rsquo;un \u00e9l\u00e9ment essentiel du contrat de travail, l&#8217;employeur doit imp\u00e9rativement recueillir l&rsquo;avis de son salari\u00e9.<\/p>\n<p>Les \u00e9l\u00e9ments essentiels sont :<\/p>\n<h3>La r\u00e9mun\u00e9ration<\/h3>\n<p>Le montant, la structure et le mode de r\u00e9mun\u00e9ration ne peuvent jamais faire l&rsquo;objet d&rsquo;une modification sans l&rsquo;<strong>accord du salari\u00e9<\/strong>.<\/p>\n<p>Ainsi, si l&#8217;employeur d\u00e9cide de modifier l&rsquo;un de ces \u00e9l\u00e9ments, il doit avertir son salari\u00e9\u00a0et lui laisser un temps de r\u00e9flexion. Si \u00e0 l&rsquo;issue de ce d\u00e9lai, le salari\u00e9 n&rsquo;a donn\u00e9 aucune r\u00e9ponse, cela ne signifie pas pour autant qu&rsquo;il a accept\u00e9 la modification. En revanche, en pr\u00e9sence d&rsquo;une cause \u00e9conomique, cette absence de r\u00e9ponse n&rsquo;a pas la m\u00eame cons\u00e9quence. En effet, elle vaut acceptation de la modification.<\/p>\n<p><strong>Attention,<\/strong> il se peut qu&rsquo;une partie de la r\u00e9mun\u00e9ration ait \u00e9t\u00e9 fix\u00e9e par accord collectif, convention collective voire par usage. Dans ces situations, il ne s&rsquo;agit alors pas d&rsquo;une modification du contrat de travail.<\/p>\n<h3>Les fonctions<\/h3>\n<p>Des t\u00e2ches sont attribu\u00e9es \u00e0 chaque salari\u00e9. Si ce dernier s&rsquo;en voit confier des nouvelles :<\/p>\n<ul>\n<li>qui sont<strong> connexes ou en corr\u00e9lation avec sa qualification professionnelle<\/strong>, alors s&rsquo;il s&rsquo;agit seulement d&rsquo;un changement des conditions de travail. Le salari\u00e9 qui refuse ce changement s&rsquo;expose \u00e0 un licenciement. Il existe n\u00e9anmoins deux exceptions \u00e0 ce principe. Le refus de la part du salari\u00e9 est possible et l\u00e9gitime :\n<ul>\n<li>lorsque le changement porte une atteinte excessive \u00e0 la vie priv\u00e9e du salari\u00e9.<\/li>\n<li>il en va de m\u00eame lorsque la modification est discriminatoire.<\/li>\n<\/ul>\n<\/li>\n<\/ul>\n<ul>\n<li>qui n&rsquo;ont<strong> aucun rapport avec celles habituelles et\/ou entra\u00eenent un changement de qualification<\/strong>, alors on parle de modification du contrat de travail. Dans une telle situation, le salari\u00e9 pourra s&rsquo;y opposer sans que cela ne constitue une faute.<\/li>\n<\/ul>\n<h3>\u00a0La dur\u00e9e du temps de travail<\/h3>\n<ul>\n<li><strong>La dur\u00e9e du travail<\/strong><\/li>\n<\/ul>\n<p>Cet \u00e9l\u00e9ment contractuel peut \u00eatre model\u00e9 puisque l&#8217;employeur peut demander \u00e0 ses salari\u00e9s de r\u00e9aliser des heures suppl\u00e9mentaires sans qu&rsquo;ils puissent les refuser. Les heures suppl\u00e9mentaires restent tout de m\u00eame tr\u00e8s encadr\u00e9es. Pour en conna\u00eetre davantage sur les <a href=\"https:\/\/blog.legalvision.fr\/2019\/07\/19\/heures-supplementaires-quels-sont-vos-droits\/\">heures suppl\u00e9mentaires,<\/a> nous vous invitons \u00e0 lire notre article !<\/p>\n<p>La diminution du temps de travail est toujours une modification des relations contractuelles. Cela s&rsquo;explique par la baisse du salaire qu&rsquo;elle g\u00e9n\u00e8re. Toutefois la Haute Juridiction a d\u00e9gag\u00e9, l\u00e0 aussi, une exception : la mise en activit\u00e9 partielle.<\/p>\n<ul>\n<li><strong>La r\u00e9partition du temps de travail<\/strong><\/li>\n<\/ul>\n<p>En principe cette r\u00e9partition journali\u00e8re, hebdomadaire ou mensuelle rel\u00e8ve du pouvoir discr\u00e9tionnaire de l&#8217;employeur.<\/p>\n<p>N\u00e9anmoins, l&rsquo;accord du salari\u00e9 est primordial dans\u00a0plusieurs situations. Plus pr\u00e9cis\u00e9ment, pour le passage :<\/p>\n<ul>\n<li>d&rsquo;un horaire continu \u00e0 horaire un discontinu ;<\/li>\n<li>d&rsquo;un horaire fixe \u00e0 un horaire variable ;<\/li>\n<li>ou enfin d&rsquo;un horaire de jour \u00e0 un horaire de nuit (ou inversement).<\/li>\n<\/ul>\n<p>Il en va de m\u00eame pour tous les changements qui privent le salari\u00e9 de tout ou partie de son repos dominical. Le salari\u00e9 est alors libre de refuser la modification\u00a0de la r\u00e9partition des horaires de travail.<\/p>\n<p>Dans tous les autres cas, il lui est possible de la refuser uniquement si elle n&rsquo;est pas compatible avec :<\/p>\n<ul>\n<li>les obligations familiales imp\u00e9rieuses ;<\/li>\n<li>le suivi d&rsquo;un enseignement scolaire ou sup\u00e9rieur ;<\/li>\n<li>voire avec une p\u00e9riode d&rsquo;activit\u00e9 chez un autre employeur.<\/li>\n<\/ul>\n<h3>Le lieu de travail<\/h3>\n<p>Le\u00a0nouveau lieu de travail peut se situer dans le m\u00eame secteur g\u00e9ographique ou bien en dehors de celui-ci.<\/p>\n<p>D&rsquo;abord, dans la premi\u00e8re situation (<strong>m\u00eame secteur g\u00e9ographique<\/strong>), le changement rel\u00e8ve du pouvoir de l&#8217;employeur. Il n&rsquo;a alors pas besoin de recueillir l&rsquo;accord du salari\u00e9. Cependant, si ce dernier apporte la preuve que le changement porte une atteinte excessive \u00e0 sa vie priv\u00e9e ou qu&rsquo;il est discriminatoire, il pourra saisir la juridiction prud&rsquo;homale.<\/p>\n<p>Ensuite, dans la seconde (<strong>en dehors du secteur g\u00e9ographique<\/strong>), le salari\u00e9 doit donner son assentiment. Attention toutefois une <a href=\"https:\/\/blog.legalvision.fr\/2019\/09\/25\/clause-de-mobilite-geographique-comment-la-mettre-en-place\/\">clause de mobilit\u00e9 g\u00e9ographique<\/a>\u00a0peut \u00eatre ins\u00e9r\u00e9e. Par le biais de cette derni\u00e8re, le salari\u00e9 s&rsquo;engage par avance \u00e0 changer de lieu de travail sans que cela ne constitue une modification du contrat de travail.<\/p>\n<p>D\u00e9sormais, vous connaissez tout du contrat de travail !<\/p>\n<details>\n<summary><strong>Sources<\/strong>\u00a0<\/summary>\n<p><strong>Articles<\/strong>\u00a0:<\/p>\n<ul>\n<li>\n<a href=\"https:\/\/www.legifrance.gouv.fr\/affichCode.do?idArticle=LEGIARTI000033020098&amp;idSectionTA=LEGISCTA000033004059&amp;cidTexte=LEGITEXT000006072050&amp;dateTexte=20160810\"><strong>L.3123-1 du Code du travail<\/strong><\/a>\u00a0<strong>et suivants<\/strong> relatifs aux contrats de travail \u00e0 temps partiel ;<\/li>\n<li>\n<strong><a href=\"https:\/\/www.legifrance.gouv.fr\/affichCodeArticle.do;jsessionid=0BC69C729B9D6A6B8BF7E0582943EA81.tplgfr28s_3?idArticle=LEGIARTI000033020080&amp;cidTexte=LEGITEXT000006072050&amp;dateTexte=20190704\">L.3123-6 du Code du travail<\/a>\u00a0<\/strong>relatif au contenu du contrat de travail \u00e0 temps partiel ;<\/li>\n<li>\n<strong><a href=\"https:\/\/www.legifrance.gouv.fr\/affichCodeArticle.do?idArticle=LEGIARTI000037312980&amp;cidTexte=LEGITEXT000006072050&amp;dateTexte=20190814\">L.1242-2 du Code du travail\u00a0<\/a><\/strong>relatif aux diff\u00e9rents cas de recours au CDD autoris\u00e9s ;<\/li>\n<li>\n<a href=\"https:\/\/www.legifrance.gouv.fr\/affichCodeArticle.do?cidTexte=LEGITEXT000006072050&amp;idArticle=LEGIARTI000006901206&amp;dateTexte=&amp;categorieLien=cid\"><strong>L.1242-12 du Code du travail<\/strong> <\/a>relatif au contenu du CDD ;<\/li>\n<li>\n<a href=\"https:\/\/www.legifrance.gouv.fr\/affichCodeArticle.do;jsessionid=03BCF5B768BFB6E930A082E4B03A001A.tplgfr43s_2?idArticle=LEGIARTI000029929010&amp;cidTexte=LEGITEXT000006072050&amp;dateTexte=20190923&amp;categorieLien=id&amp;oldAction=&amp;nbResultRech=\"><strong>L.1242-12-1 du Code du travail<\/strong><\/a> relatif aux autres clauses obligatoires dans les CDD sp\u00e9cifiques.<\/li>\n<\/ul>\n<\/details>\n<p><\/p>\n<div class=\"wp-block-button\" style=\"text-align:center;\"><a class=\"wp-block-button__link has-background\" href=\"https:\/\/www.legalvision.fr\/tous-les-services\/\">Voir les services LegalVision<\/a><\/div>\n","protected":false},"excerpt":{"rendered":"<p>Le contrat de travail est une convention\u00a0par laquelle un salari\u00e9 s&rsquo;engage \u00e0 r\u00e9aliser un travail sous la subordination d&rsquo;un employeur, et ce, moyennant un salaire. Ainsi, pour\u00a0qu&rsquo;un contrat soit qualifi\u00e9 de contrat de travail, la r\u00e9union de\u00a03 \u00e9l\u00e9ments est n\u00e9cessaire. Plus pr\u00e9cis\u00e9ment : un\u00a0travail.\u00a0Celui-ci\u00a0peut prendre diverses formes. En effet, il peut s&rsquo;agir par exemple d&rsquo;un&hellip; <a class=\"more-link\" href=\"https:\/\/www.legalvision.fr\/guides-juridiques\/droit-du-travail\/contrat-de-travail-tout-ce-qu-il-faut-savoir\/\">Poursuivre la lecture <span class=\"screen-reader-text\">Les contrats de travail expliqu\u00e9s par LegalVision<\/span><\/a><\/p>\n","protected":false},"author":30,"featured_media":26099,"comment_status":"open","ping_status":"open","sticky":false,"template":"","format":"standard","meta":{"content-type":"","inline_featured_image":false,"footnotes":""},"categories":[2485],"tags":[],"class_list":["post-25965","post","type-post","status-publish","format-standard","has-post-thumbnail","hentry","category-droit-du-travail","entry"],"yoast_head":"<!-- This site is optimized with the Yoast SEO plugin v27.1.1 - https:\/\/yoast.com\/product\/yoast-seo-wordpress\/ -->\n<title>Contrat de travail, le guide complet par LegalVision<\/title>\n<meta name=\"description\" content=\"Contrat de travail : dans cet article, LegalVision vous explique tout ce que vous devez savoir sur les diff\u00e9rents types de contrats et leur formalisme.\" \/>\n<meta name=\"robots\" content=\"index, follow, max-snippet:-1, max-image-preview:large, max-video-preview:-1\" \/>\n<link rel=\"canonical\" href=\"https:\/\/www.legalvision.fr\/guides-juridiques\/droit-du-travail\/contrat-de-travail-tout-ce-qu-il-faut-savoir\/\" \/>\n<meta property=\"og:locale\" content=\"fr_FR\" \/>\n<meta property=\"og:type\" content=\"article\" \/>\n<meta property=\"og:title\" content=\"Contrat de travail, le guide complet par LegalVision\" \/>\n<meta property=\"og:description\" content=\"Contrat de travail : dans cet article, LegalVision vous explique tout ce que vous devez savoir sur les diff\u00e9rents types de contrats et leur formalisme.\" \/>\n<meta property=\"og:url\" content=\"https:\/\/www.legalvision.fr\/guides-juridiques\/droit-du-travail\/contrat-de-travail-tout-ce-qu-il-faut-savoir\/\" \/>\n<meta property=\"og:site_name\" content=\"Guides juridiques\" \/>\n<meta property=\"article:published_time\" content=\"2019-10-01T06:30:31+00:00\" \/>\n<meta property=\"article:modified_time\" content=\"2022-03-27T19:20:48+00:00\" \/>\n<meta property=\"og:image\" content=\"https:\/\/www.legalvision.fr\/guides-juridiques\/wp-content\/uploads\/2019\/08\/contrat-de-travail.jpg\" \/>\n\t<meta property=\"og:image:width\" content=\"958\" \/>\n\t<meta property=\"og:image:height\" content=\"350\" \/>\n\t<meta property=\"og:image:type\" content=\"image\/jpeg\" \/>\n<meta name=\"author\" content=\"William Lebrun\" \/>\n<meta name=\"twitter:card\" content=\"summary_large_image\" \/>\n<meta name=\"twitter:label1\" content=\"\u00c9crit par\" \/>\n\t<meta name=\"twitter:data1\" content=\"William Lebrun\" \/>\n\t<meta name=\"twitter:label2\" content=\"Dur\u00e9e de lecture estim\u00e9e\" \/>\n\t<meta name=\"twitter:data2\" content=\"15 minutes\" \/>\n<script type=\"application\/ld+json\" class=\"yoast-schema-graph\">{\"@context\":\"https:\/\/schema.org\",\"@graph\":[{\"@type\":\"Article\",\"@id\":\"https:\/\/www.legalvision.fr\/guides-juridiques\/droit-du-travail\/contrat-de-travail-tout-ce-qu-il-faut-savoir\/#article\",\"isPartOf\":{\"@id\":\"https:\/\/www.legalvision.fr\/guides-juridiques\/droit-du-travail\/contrat-de-travail-tout-ce-qu-il-faut-savoir\/\"},\"author\":{\"name\":\"William Lebrun\",\"@id\":\"https:\/\/www.legalvision.fr\/guides-juridiques\/#\/schema\/person\/3d24d0c20575138ed212b2e4b6f7b4b0\"},\"headline\":\"Les contrats de travail expliqu\u00e9s par LegalVision\",\"datePublished\":\"2019-10-01T06:30:31+00:00\",\"dateModified\":\"2022-03-27T19:20:48+00:00\",\"mainEntityOfPage\":{\"@id\":\"https:\/\/www.legalvision.fr\/guides-juridiques\/droit-du-travail\/contrat-de-travail-tout-ce-qu-il-faut-savoir\/\"},\"wordCount\":3186,\"commentCount\":0,\"publisher\":{\"@id\":\"https:\/\/www.legalvision.fr\/guides-juridiques\/#organization\"},\"image\":{\"@id\":\"https:\/\/www.legalvision.fr\/guides-juridiques\/droit-du-travail\/contrat-de-travail-tout-ce-qu-il-faut-savoir\/#primaryimage\"},\"thumbnailUrl\":\"https:\/\/www.legalvision.fr\/guides-juridiques\/wp-content\/uploads\/2019\/08\/contrat-de-travail.jpg\",\"articleSection\":[\"Droit du travail\"],\"inLanguage\":\"fr-FR\",\"potentialAction\":[{\"@type\":\"CommentAction\",\"name\":\"Comment\",\"target\":[\"https:\/\/www.legalvision.fr\/guides-juridiques\/droit-du-travail\/contrat-de-travail-tout-ce-qu-il-faut-savoir\/#respond\"]}]},{\"@type\":\"WebPage\",\"@id\":\"https:\/\/www.legalvision.fr\/guides-juridiques\/droit-du-travail\/contrat-de-travail-tout-ce-qu-il-faut-savoir\/\",\"url\":\"https:\/\/www.legalvision.fr\/guides-juridiques\/droit-du-travail\/contrat-de-travail-tout-ce-qu-il-faut-savoir\/\",\"name\":\"Contrat de travail, le guide complet par LegalVision\",\"isPartOf\":{\"@id\":\"https:\/\/www.legalvision.fr\/guides-juridiques\/#website\"},\"primaryImageOfPage\":{\"@id\":\"https:\/\/www.legalvision.fr\/guides-juridiques\/droit-du-travail\/contrat-de-travail-tout-ce-qu-il-faut-savoir\/#primaryimage\"},\"image\":{\"@id\":\"https:\/\/www.legalvision.fr\/guides-juridiques\/droit-du-travail\/contrat-de-travail-tout-ce-qu-il-faut-savoir\/#primaryimage\"},\"thumbnailUrl\":\"https:\/\/www.legalvision.fr\/guides-juridiques\/wp-content\/uploads\/2019\/08\/contrat-de-travail.jpg\",\"datePublished\":\"2019-10-01T06:30:31+00:00\",\"dateModified\":\"2022-03-27T19:20:48+00:00\",\"description\":\"Contrat de travail : dans cet article, LegalVision vous explique tout ce que vous devez savoir sur les diff\u00e9rents types de contrats et leur formalisme.\",\"breadcrumb\":{\"@id\":\"https:\/\/www.legalvision.fr\/guides-juridiques\/droit-du-travail\/contrat-de-travail-tout-ce-qu-il-faut-savoir\/#breadcrumb\"},\"inLanguage\":\"fr-FR\",\"potentialAction\":[{\"@type\":\"ReadAction\",\"target\":[\"https:\/\/www.legalvision.fr\/guides-juridiques\/droit-du-travail\/contrat-de-travail-tout-ce-qu-il-faut-savoir\/\"]}]},{\"@type\":\"ImageObject\",\"inLanguage\":\"fr-FR\",\"@id\":\"https:\/\/www.legalvision.fr\/guides-juridiques\/droit-du-travail\/contrat-de-travail-tout-ce-qu-il-faut-savoir\/#primaryimage\",\"url\":\"https:\/\/www.legalvision.fr\/guides-juridiques\/wp-content\/uploads\/2019\/08\/contrat-de-travail.jpg\",\"contentUrl\":\"https:\/\/www.legalvision.fr\/guides-juridiques\/wp-content\/uploads\/2019\/08\/contrat-de-travail.jpg\",\"width\":958,\"height\":350,\"caption\":\"contrat de travail\"},{\"@type\":\"BreadcrumbList\",\"@id\":\"https:\/\/www.legalvision.fr\/guides-juridiques\/droit-du-travail\/contrat-de-travail-tout-ce-qu-il-faut-savoir\/#breadcrumb\",\"itemListElement\":[{\"@type\":\"ListItem\",\"position\":1,\"name\":\"Accueil\",\"item\":\"https:\/\/www.legalvision.fr\/guides-juridiques\/\"},{\"@type\":\"ListItem\",\"position\":2,\"name\":\"Droit du travail\",\"item\":\"https:\/\/www.legalvision.fr\/guides-juridiques\/droit-du-travail\/\"},{\"@type\":\"ListItem\",\"position\":3,\"name\":\"Les contrats de travail expliqu\u00e9s par LegalVision\"}]},{\"@type\":\"WebSite\",\"@id\":\"https:\/\/www.legalvision.fr\/guides-juridiques\/#website\",\"url\":\"https:\/\/www.legalvision.fr\/guides-juridiques\/\",\"name\":\"Guides juridiques\",\"description\":\"L&#039;information juridique \u00e0 destination des entreprises et TPE\",\"publisher\":{\"@id\":\"https:\/\/www.legalvision.fr\/guides-juridiques\/#organization\"},\"potentialAction\":[{\"@type\":\"SearchAction\",\"target\":{\"@type\":\"EntryPoint\",\"urlTemplate\":\"https:\/\/www.legalvision.fr\/guides-juridiques\/?s={search_term_string}\"},\"query-input\":{\"@type\":\"PropertyValueSpecification\",\"valueRequired\":true,\"valueName\":\"search_term_string\"}}],\"inLanguage\":\"fr-FR\"},{\"@type\":\"Organization\",\"@id\":\"https:\/\/www.legalvision.fr\/guides-juridiques\/#organization\",\"name\":\"Guides juridiques\",\"url\":\"https:\/\/www.legalvision.fr\/guides-juridiques\/\",\"logo\":{\"@type\":\"ImageObject\",\"inLanguage\":\"fr-FR\",\"@id\":\"https:\/\/www.legalvision.fr\/guides-juridiques\/#\/schema\/logo\/image\/\",\"url\":\"https:\/\/www.legalvision.fr\/guides-juridiques\/wp-content\/uploads\/2022\/10\/LV-Logotype.png\",\"contentUrl\":\"https:\/\/www.legalvision.fr\/guides-juridiques\/wp-content\/uploads\/2022\/10\/LV-Logotype.png\",\"width\":647,\"height\":125,\"caption\":\"Guides juridiques\"},\"image\":{\"@id\":\"https:\/\/www.legalvision.fr\/guides-juridiques\/#\/schema\/logo\/image\/\"}},{\"@type\":\"Person\",\"@id\":\"https:\/\/www.legalvision.fr\/guides-juridiques\/#\/schema\/person\/3d24d0c20575138ed212b2e4b6f7b4b0\",\"name\":\"William Lebrun\",\"image\":{\"@type\":\"ImageObject\",\"inLanguage\":\"fr-FR\",\"@id\":\"https:\/\/www.legalvision.fr\/guides-juridiques\/#\/schema\/person\/image\/\",\"url\":\"https:\/\/www.legalvision.fr\/guides-juridiques\/wp-content\/uploads\/2023\/07\/cropped-homme1-96x96.png\",\"contentUrl\":\"https:\/\/www.legalvision.fr\/guides-juridiques\/wp-content\/uploads\/2023\/07\/cropped-homme1-96x96.png\",\"caption\":\"William Lebrun\"},\"description\":\"B\u00e9n\u00e9ficiant de la formation d'un double dipl\u00f4me en droit des affaires et en \u00e9cole de commerce, j'ai un fort attrait pour le droit des soci\u00e9t\u00e9s. Je r\u00e9dige des articles pour vous aider sur vos probl\u00e9matiques.\",\"url\":\"https:\/\/www.legalvision.fr\/guides-juridiques\/author\/aina-rakoto\/\"}]}<\/script>\n<!-- \/ Yoast SEO plugin. -->","yoast_head_json":{"title":"Contrat de travail, le guide complet par LegalVision","description":"Contrat de travail : dans cet article, LegalVision vous explique tout ce que vous devez savoir sur les diff\u00e9rents types de contrats et leur formalisme.","robots":{"index":"index","follow":"follow","max-snippet":"max-snippet:-1","max-image-preview":"max-image-preview:large","max-video-preview":"max-video-preview:-1"},"canonical":"https:\/\/www.legalvision.fr\/guides-juridiques\/droit-du-travail\/contrat-de-travail-tout-ce-qu-il-faut-savoir\/","og_locale":"fr_FR","og_type":"article","og_title":"Contrat de travail, le guide complet par LegalVision","og_description":"Contrat de travail : dans cet article, LegalVision vous explique tout ce que vous devez savoir sur les diff\u00e9rents types de contrats et leur formalisme.","og_url":"https:\/\/www.legalvision.fr\/guides-juridiques\/droit-du-travail\/contrat-de-travail-tout-ce-qu-il-faut-savoir\/","og_site_name":"Guides juridiques","article_published_time":"2019-10-01T06:30:31+00:00","article_modified_time":"2022-03-27T19:20:48+00:00","og_image":[{"width":958,"height":350,"url":"https:\/\/www.legalvision.fr\/guides-juridiques\/wp-content\/uploads\/2019\/08\/contrat-de-travail.jpg","type":"image\/jpeg"}],"author":"William Lebrun","twitter_card":"summary_large_image","twitter_misc":{"\u00c9crit par":"William Lebrun","Dur\u00e9e de lecture estim\u00e9e":"15 minutes"},"schema":{"@context":"https:\/\/schema.org","@graph":[{"@type":"Article","@id":"https:\/\/www.legalvision.fr\/guides-juridiques\/droit-du-travail\/contrat-de-travail-tout-ce-qu-il-faut-savoir\/#article","isPartOf":{"@id":"https:\/\/www.legalvision.fr\/guides-juridiques\/droit-du-travail\/contrat-de-travail-tout-ce-qu-il-faut-savoir\/"},"author":{"name":"William Lebrun","@id":"https:\/\/www.legalvision.fr\/guides-juridiques\/#\/schema\/person\/3d24d0c20575138ed212b2e4b6f7b4b0"},"headline":"Les contrats de travail expliqu\u00e9s par LegalVision","datePublished":"2019-10-01T06:30:31+00:00","dateModified":"2022-03-27T19:20:48+00:00","mainEntityOfPage":{"@id":"https:\/\/www.legalvision.fr\/guides-juridiques\/droit-du-travail\/contrat-de-travail-tout-ce-qu-il-faut-savoir\/"},"wordCount":3186,"commentCount":0,"publisher":{"@id":"https:\/\/www.legalvision.fr\/guides-juridiques\/#organization"},"image":{"@id":"https:\/\/www.legalvision.fr\/guides-juridiques\/droit-du-travail\/contrat-de-travail-tout-ce-qu-il-faut-savoir\/#primaryimage"},"thumbnailUrl":"https:\/\/www.legalvision.fr\/guides-juridiques\/wp-content\/uploads\/2019\/08\/contrat-de-travail.jpg","articleSection":["Droit du travail"],"inLanguage":"fr-FR","potentialAction":[{"@type":"CommentAction","name":"Comment","target":["https:\/\/www.legalvision.fr\/guides-juridiques\/droit-du-travail\/contrat-de-travail-tout-ce-qu-il-faut-savoir\/#respond"]}]},{"@type":"WebPage","@id":"https:\/\/www.legalvision.fr\/guides-juridiques\/droit-du-travail\/contrat-de-travail-tout-ce-qu-il-faut-savoir\/","url":"https:\/\/www.legalvision.fr\/guides-juridiques\/droit-du-travail\/contrat-de-travail-tout-ce-qu-il-faut-savoir\/","name":"Contrat de travail, le guide complet par LegalVision","isPartOf":{"@id":"https:\/\/www.legalvision.fr\/guides-juridiques\/#website"},"primaryImageOfPage":{"@id":"https:\/\/www.legalvision.fr\/guides-juridiques\/droit-du-travail\/contrat-de-travail-tout-ce-qu-il-faut-savoir\/#primaryimage"},"image":{"@id":"https:\/\/www.legalvision.fr\/guides-juridiques\/droit-du-travail\/contrat-de-travail-tout-ce-qu-il-faut-savoir\/#primaryimage"},"thumbnailUrl":"https:\/\/www.legalvision.fr\/guides-juridiques\/wp-content\/uploads\/2019\/08\/contrat-de-travail.jpg","datePublished":"2019-10-01T06:30:31+00:00","dateModified":"2022-03-27T19:20:48+00:00","description":"Contrat de travail : dans cet article, LegalVision vous explique tout ce que vous devez savoir sur les diff\u00e9rents types de contrats et leur formalisme.","breadcrumb":{"@id":"https:\/\/www.legalvision.fr\/guides-juridiques\/droit-du-travail\/contrat-de-travail-tout-ce-qu-il-faut-savoir\/#breadcrumb"},"inLanguage":"fr-FR","potentialAction":[{"@type":"ReadAction","target":["https:\/\/www.legalvision.fr\/guides-juridiques\/droit-du-travail\/contrat-de-travail-tout-ce-qu-il-faut-savoir\/"]}]},{"@type":"ImageObject","inLanguage":"fr-FR","@id":"https:\/\/www.legalvision.fr\/guides-juridiques\/droit-du-travail\/contrat-de-travail-tout-ce-qu-il-faut-savoir\/#primaryimage","url":"https:\/\/www.legalvision.fr\/guides-juridiques\/wp-content\/uploads\/2019\/08\/contrat-de-travail.jpg","contentUrl":"https:\/\/www.legalvision.fr\/guides-juridiques\/wp-content\/uploads\/2019\/08\/contrat-de-travail.jpg","width":958,"height":350,"caption":"contrat de travail"},{"@type":"BreadcrumbList","@id":"https:\/\/www.legalvision.fr\/guides-juridiques\/droit-du-travail\/contrat-de-travail-tout-ce-qu-il-faut-savoir\/#breadcrumb","itemListElement":[{"@type":"ListItem","position":1,"name":"Accueil","item":"https:\/\/www.legalvision.fr\/guides-juridiques\/"},{"@type":"ListItem","position":2,"name":"Droit du travail","item":"https:\/\/www.legalvision.fr\/guides-juridiques\/droit-du-travail\/"},{"@type":"ListItem","position":3,"name":"Les contrats de travail expliqu\u00e9s par LegalVision"}]},{"@type":"WebSite","@id":"https:\/\/www.legalvision.fr\/guides-juridiques\/#website","url":"https:\/\/www.legalvision.fr\/guides-juridiques\/","name":"Guides juridiques","description":"L&#039;information juridique \u00e0 destination des entreprises et TPE","publisher":{"@id":"https:\/\/www.legalvision.fr\/guides-juridiques\/#organization"},"potentialAction":[{"@type":"SearchAction","target":{"@type":"EntryPoint","urlTemplate":"https:\/\/www.legalvision.fr\/guides-juridiques\/?s={search_term_string}"},"query-input":{"@type":"PropertyValueSpecification","valueRequired":true,"valueName":"search_term_string"}}],"inLanguage":"fr-FR"},{"@type":"Organization","@id":"https:\/\/www.legalvision.fr\/guides-juridiques\/#organization","name":"Guides juridiques","url":"https:\/\/www.legalvision.fr\/guides-juridiques\/","logo":{"@type":"ImageObject","inLanguage":"fr-FR","@id":"https:\/\/www.legalvision.fr\/guides-juridiques\/#\/schema\/logo\/image\/","url":"https:\/\/www.legalvision.fr\/guides-juridiques\/wp-content\/uploads\/2022\/10\/LV-Logotype.png","contentUrl":"https:\/\/www.legalvision.fr\/guides-juridiques\/wp-content\/uploads\/2022\/10\/LV-Logotype.png","width":647,"height":125,"caption":"Guides juridiques"},"image":{"@id":"https:\/\/www.legalvision.fr\/guides-juridiques\/#\/schema\/logo\/image\/"}},{"@type":"Person","@id":"https:\/\/www.legalvision.fr\/guides-juridiques\/#\/schema\/person\/3d24d0c20575138ed212b2e4b6f7b4b0","name":"William Lebrun","image":{"@type":"ImageObject","inLanguage":"fr-FR","@id":"https:\/\/www.legalvision.fr\/guides-juridiques\/#\/schema\/person\/image\/","url":"https:\/\/www.legalvision.fr\/guides-juridiques\/wp-content\/uploads\/2023\/07\/cropped-homme1-96x96.png","contentUrl":"https:\/\/www.legalvision.fr\/guides-juridiques\/wp-content\/uploads\/2023\/07\/cropped-homme1-96x96.png","caption":"William Lebrun"},"description":"B\u00e9n\u00e9ficiant de la formation d'un double dipl\u00f4me en droit des affaires et en \u00e9cole de commerce, j'ai un fort attrait pour le droit des soci\u00e9t\u00e9s. Je r\u00e9dige des articles pour vous aider sur vos probl\u00e9matiques.","url":"https:\/\/www.legalvision.fr\/guides-juridiques\/author\/aina-rakoto\/"}]}},"_links":{"self":[{"href":"https:\/\/www.legalvision.fr\/guides-juridiques\/wp-json\/wp\/v2\/posts\/25965","targetHints":{"allow":["GET"]}}],"collection":[{"href":"https:\/\/www.legalvision.fr\/guides-juridiques\/wp-json\/wp\/v2\/posts"}],"about":[{"href":"https:\/\/www.legalvision.fr\/guides-juridiques\/wp-json\/wp\/v2\/types\/post"}],"author":[{"embeddable":true,"href":"https:\/\/www.legalvision.fr\/guides-juridiques\/wp-json\/wp\/v2\/users\/30"}],"replies":[{"embeddable":true,"href":"https:\/\/www.legalvision.fr\/guides-juridiques\/wp-json\/wp\/v2\/comments?post=25965"}],"version-history":[{"count":0,"href":"https:\/\/www.legalvision.fr\/guides-juridiques\/wp-json\/wp\/v2\/posts\/25965\/revisions"}],"wp:featuredmedia":[{"embeddable":true,"href":"https:\/\/www.legalvision.fr\/guides-juridiques\/wp-json\/wp\/v2\/media\/26099"}],"wp:attachment":[{"href":"https:\/\/www.legalvision.fr\/guides-juridiques\/wp-json\/wp\/v2\/media?parent=25965"}],"wp:term":[{"taxonomy":"category","embeddable":true,"href":"https:\/\/www.legalvision.fr\/guides-juridiques\/wp-json\/wp\/v2\/categories?post=25965"},{"taxonomy":"post_tag","embeddable":true,"href":"https:\/\/www.legalvision.fr\/guides-juridiques\/wp-json\/wp\/v2\/tags?post=25965"}],"curies":[{"name":"wp","href":"https:\/\/api.w.org\/{rel}","templated":true}]}}