{"id":25903,"date":"2019-09-03T07:30:20","date_gmt":"2019-09-03T06:30:20","guid":{"rendered":"https:\/\/blog.legalvision.fr\/?p=25903"},"modified":"2022-03-27T21:20:50","modified_gmt":"2022-03-27T19:20:50","slug":"declaration-chiffre-d-affaires-auto-entrepreneur-comment-ca-marche","status":"publish","type":"post","link":"https:\/\/www.legalvision.fr\/guides-juridiques\/auto-entrepreneur\/declaration-chiffre-d-affaires-auto-entrepreneur-comment-ca-marche\/","title":{"rendered":"Comment d\u00e9clarer votre chiffre d&rsquo;affaires lorsque vous \u00eates auto-entrepreneur ?"},"content":{"rendered":"<p>L&rsquo;auto-entreprise est la forme juridique parfaite pour vous lancer dans le monde des affaires et de l&rsquo;entreprenariat. Toutefois, comme tous les autres chefs d&rsquo;entreprises, le dirigeant d&rsquo;une auto-entreprise sera soumis \u00e0 un certain nombre d&rsquo;obligations administratives. Parmi toutes ces d\u00e9marches, la plus importante est sans doute la\u00a0d\u00e9claration de chiffre d&rsquo;affaires de l&rsquo;auto-entrepreneur. C&rsquo;est cette d\u00e9claration que<a href=\"https:\/\/www.legalvision.fr\/\"> LegalVision <\/a>vous propose de d\u00e9couvrir aujourd&rsquo;hui.\n<\/p>\n<h3>Sommaire :<\/h3>\n<p><strong><a href=\"#I\">Le r\u00e9gime de l&rsquo;auto-entrepreneur<\/a><br \/>\n<a href=\"#II\">Les autres obligations de d\u00e9claration de l&rsquo;auto-entrepreneur<\/a><\/strong><br \/>\n<a href=\"#III\"><strong>\u00a0Quand et comment effectuer la d\u00e9claration de chiffre d&rsquo;affaires de l&rsquo;auto-entrepreneur ?<\/strong><\/a><br \/>\n<a href=\"#IV\"><strong>La d\u00e9claration de chiffre d&rsquo;affaires de l&rsquo;auto-entrepreneur et l&rsquo;imposition qui s&rsquo;en suit<\/strong><\/a><\/p>\n<div class=\"wp-block-button\" style=\"text-align:center;\"><a class=\"wp-block-button__link has-background\" href=\"https:\/\/www.legalvision.fr\/creation-dentreprise\/statut-auto-entrepreneur\/\">Commencer les d\u00e9marches pour mon auto-entreprise<\/a><\/div>\n<h2 id=\"I\">Le r\u00e9gime de l&rsquo;auto-entrepreneur<\/h2>\n<p>Le r\u00e9gime de l&rsquo;auto-entrepreneur permet de b\u00e9n\u00e9ficier des avantages fiscaux du r\u00e9gime de la micro-entreprise.<\/p>\n<p>Le statut d&rsquo;auto-entrepreneur est r\u00e9serv\u00e9 aux entreprises n&rsquo;atteignant pas un certain <strong>plafond de chiffre d&rsquo;affaires<\/strong>.<\/p>\n<p>Plus pr\u00e9cis\u00e9ment, une entreprise ne pourra plus acc\u00e9der au statut de micro-entrepreneur\u00a0si elle a un chiffre d&rsquo;affaires sup\u00e9rieur \u00e0<strong>\u00a0 :<\/strong><\/p>\n<ul>\n<li>\n<strong>170 000 euros<\/strong> (lorsque l&rsquo;entreprise exerce une activit\u00e9 commerciale ou une activit\u00e9 d&rsquo;h\u00e9bergement) ;<\/li>\n<li>ou \u00e0<strong> 70 000 euros<\/strong> (lorsque l&rsquo;entreprise effectue une activit\u00e9 lib\u00e9rale ou une activit\u00e9 de prestation de services).<\/li>\n<\/ul>\n<p>Pour plus d&rsquo;informations sur ce plafond, n&rsquo;h\u00e9sitez pas \u00e0 consulter notre article sur le<a href=\"https:\/\/blog.legalvision.fr\/2018\/04\/18\/micro-entreprise-plafond\/\"> plafond de capital de micro-entreprise<\/a>.<\/p>\n<p>Les micro-entreprises doivent \u00eatre soumises \u00e0 l&rsquo;un des trois r\u00e9gimes suivants :<\/p>\n<ul>\n<li>\n<strong>Le r\u00e9gime de l&rsquo;EURL<\/strong>\u00a0(SARL \u00e0 associ\u00e9 unique). Le g\u00e9rant devra alors \u00e9galement \u00eatre l&rsquo;associ\u00e9 unique de la soci\u00e9t\u00e9\u202f;<\/li>\n<li>\n<strong>Le r\u00e9gime de l&rsquo;entreprise individuelle<\/strong>\u202f;<\/li>\n<li>\n<strong>Le r\u00e9gime de l&rsquo;entreprise individuelle \u00e0 responsabilit\u00e9 limit\u00e9e<\/strong>\u00a0(EIRL) ;<\/li>\n<\/ul>\n<p>Pour savoir si le r\u00e9gime de l&rsquo;auto-entrepreneur est fait pour vous, consultez notre article d\u00e9di\u00e9 contenant tous nos conseils qui vous aideront \u00e0 d\u00e9cider s&rsquo;il est opportun pour vous de <a href=\"https:\/\/blog.legalvision.fr\/2019\/03\/26\/devenir-auto-entrepreneur-en-2019-tous-les-conseils-des-experts\/\">devenir auto-entrepreneur en 2019<\/a>.<\/p>\n<h2 id=\"II\">Les autres obligations de d\u00e9claration de l&rsquo;auto-entrepreneur<\/h2>\n<p>En r\u00e9alit\u00e9, la\u00a0d\u00e9claration de chiffre d&rsquo;affaires de l&rsquo;auto-entrepreneur n&rsquo;est qu&rsquo;une des nombreuses obligations de d\u00e9claration du g\u00e9rant.<\/p>\n<h3>La d\u00e9claration de d\u00e9but d&rsquo;activit\u00e9 auto entrepreneur<\/h3>\n<p>Avant m\u00eame de proc\u00e9der \u00e0 la d\u00e9claration de chiffre d&rsquo;affaires de l&rsquo;auto-entrepreneur, il faudra effectuer une d\u00e9claration de d\u00e9but d&rsquo;activit\u00e9.<\/p>\n<p>En effet, d\u00e8s lors que vous exercez une activit\u00e9 commerciale, lib\u00e9rale ou artisanale, vous <strong>devez vous d\u00e9clarer aupr\u00e8s du Registre du Commerce et des Soci\u00e9t\u00e9s (RCS) ou du R\u00e9pertoire des m\u00e9tiers<\/strong>.<\/p>\n<p>Pour plus de simplicit\u00e9, vous pourrez effectuer cette <a href=\"https:\/\/www.cfe.urssaf.fr\/autoentrepreneur\/CFE_Bienvenue\">d\u00e9claration en ligne<\/a>, pour cela il faudra vous munir du <a href=\"https:\/\/www.infogreffe.fr\/documents\/10179\/21271\/Formulaire+P0+CMB+micro-entrepreneur.pdf\">formulaire P0 CMB Micro-entrepreneur<\/a>.<\/p>\n<p>Ce n&rsquo;est qu&rsquo;une fois cette d\u00e9claration effectu\u00e9e que l&rsquo;INSEE vous enverra votre num\u00e9ro SIRET et que vous pourrez exercer votre activit\u00e9.<\/p>\n<h3>La d\u00e9claration de TVA<\/h3>\n<p>Depuis le 1er janvier 2018,\u00a0un <strong>auto-entrepreneur est redevable de la TVA s\u2019il d\u00e9passe certains seuils<\/strong> de chiffre d&rsquo;affaires.<\/p>\n<p>Ainsi :<\/p>\n<ul>\n<li>Les artisans et les entrepreneurs exer\u00e7ant une profession lib\u00e9rale seront redevables de la TVA s&rsquo;ils ont un chiffre d&rsquo;affaires sup\u00e9rieur \u00e0<strong>\u00a033 200 \u20ac.\u00a0<\/strong>\n<\/li>\n<li>Les professionnels de l&rsquo;achat revente, de la vente de denr\u00e9es \u00e0 consommer sur place, de fourniture de prestation d\u2019h\u00e9bergement seront redevables de la TVA s&rsquo;ils ont un chiffre d&rsquo;affaires sup\u00e9rieur \u00e0\u00a0<strong>82 800 \u20ac.<\/strong>\n<\/li>\n<\/ul>\n<p>Pour d\u00e9clarer votre TVA, il faudra cr\u00e9er un compte professionnel sur le site des imp\u00f4ts puis demander votre num\u00e9ro de TVA inter-communautaire.<\/p>\n<h3>\u00a0Le\u00a0cumul du statut de ch\u00f4meur et d&rsquo;auto-entrepreneur<\/h3>\n<p>Il est possible de cumuler les qualit\u00e9s de ch\u00f4meur et d&rsquo;auto-entrepreneur. Cela vous permettra de continuer \u00e0 toucher une partie de vos cotisations ch\u00f4mage tout en exer\u00e7ant une activit\u00e9.<\/p>\n<p>Pour b\u00e9n\u00e9ficier de ce cumul,\u00a0vous devez imp\u00e9rativement vous\u00a0<strong>inscrire \u00e0 l\u2019assurance ch\u00f4mage<\/strong>. De plus, il faudra imp\u00e9rativement\u00a0<strong>renouveler votre demande d\u2019emploi<\/strong>. Cette\u00a0actualisation mensuelle de votre situation\u00a0peut \u00eatre faite jusqu\u2019au 15 de chaque mois. Lors de votre actualisation mensuelle, il conviendra alors de pr\u00e9ciser que l&rsquo;activit\u00e9 que vous exercez est une activit\u00e9 professionnelle non salari\u00e9e. Si vous souhaitez obtenir des informations plus pr\u00e9cises sur ce sujet, consultez notre article d\u00e9di\u00e9 au <a href=\"https:\/\/blog.legalvision.fr\/2019\/05\/16\/auto-entrepreneur-et-chomage-tous-les-conseils-des-experts\/\">ch\u00f4mage de l&rsquo;auto-entrepreneur<\/a>.<\/p>\n<h2 id=\"III\">\u00a0Quand et comment effectuer la d\u00e9claration de chiffre d&rsquo;affaires de l&rsquo;auto-entrepreneur ?<\/h2>\n<h3>Comment effectuer la\u00a0d\u00e9claration de chiffre d&rsquo;affaires de l&rsquo;auto-entrepreneur ?<\/h3>\n<p id=\"3-1\">Depuis le\u00a01er janvier 2019, tous les entrepreneurs doivent effectuer leur <a href=\"https:\/\/www.autoentrepreneur.urssaf.fr\/portail\/accueil.html\">d\u00e9claration en ligne<\/a>\u00a0et ce, quel que soit leur chiffre d&rsquo;affaires .<\/p>\n<p>Pour r\u00e9aliser votre d\u00e9claration de chiffre d\u2019affaires et ainsi payer les charges sociales \u00e9quivalentes, il vous suffit d\u2019ouvrir\u00a0<strong>un compte en ligne<\/strong>\u00a0sur le <a href=\"https:\/\/www.portail-autoentrepreneur.fr\">portail\u00a0de l&rsquo;URSSAF d\u00e9di\u00e9 aux entrepreneurs<\/a>. Pour cr\u00e9er votre compte, il vous suffira d&rsquo;une adresse mail et de votre num\u00e9ro de s\u00e9curit\u00e9 sociale.<\/p>\n<h3>Quand faut-il effectuer la\u00a0d\u00e9claration de chiffre d&rsquo;affaires de l&rsquo;auto-entrepreneur ?<\/h3>\n<p>Il existe 2 options de versement distinctes pour votre\u00a0d\u00e9claration de chiffre d&rsquo;affaires de l&rsquo;auto-entrepreneur.<\/p>\n<h5><strong>D\u00e9claration mensuelle auto entrepreneur<\/strong><\/h5>\n<p>Si vous choisissez l&rsquo;option mensuelle, votre<strong> premi\u00e8re d\u00e9claration de chiffre d\u2019affaires<\/strong> doit intervenir<strong>\u00a03 mois<\/strong> apr\u00e8s<strong>\u00a0<\/strong>celui au cours duquel vous avez d\u00e9but\u00e9 votre activit\u00e9.<\/p>\n<p><em>Exemple : vous avez choisi l&rsquo;option mensuelle et vous commencez votre activit\u00e9 le 3 f\u00e9vrier 2020. Le d\u00e9lai commencera \u00e0 courir en mars 2020 et vous devrez alors d\u00e9clarer votre chiffre d&rsquo;affaires 3 mois plus tard, soit en juin 2020.<\/em><\/p>\n<p>Ensuite, <strong>en cours d&rsquo;activit\u00e9<\/strong>, la d\u00e9claration devra \u00eatre faite avant le dernier jour du mois. Ainsi, chaque mois sera d\u00e9clar\u00e9 le chiffre d&rsquo;affaires r\u00e9alis\u00e9 le mois pr\u00e9c\u00e9dent.<\/p>\n<h5>2.\u00a0D\u00e9claration trimestrielle de chiffre d affaires auto entrepreneur<\/h5>\n<p>Si vous choisissez l&rsquo;option trimestrielle, la <strong>premi\u00e8re d\u00e9claration<\/strong> interviendra au moins 3 mois apr\u00e8s la fin du trimestre au cour duquel vous avez d\u00e9but\u00e9 votre activit\u00e9.<\/p>\n<p><em>Exemple\u00a0 : pour une activit\u00e9 qui d\u00e9bute entre le 1er avril et 30 juin (second trimestre), la d\u00e9claration devra s&rsquo;effectuer le 31 juillet de la m\u00eame ann\u00e9e.\u00a0<\/em><\/p>\n<p>Ensuite, en ce qui concerne les<strong> d\u00e9clarations en cours d&rsquo;activit\u00e9<\/strong>, elle se feront le mois suivant la fin du trimestre.<\/p>\n<p><em>Exemple : pour le troisi\u00e8me trimestre (juillet\/ao\u00fbt\/septembre), la d\u00e9claration devra \u00eatre r\u00e9alis\u00e9e au plus tard le 31 octobre.<\/em><\/p>\n<p>Par ailleurs, il est possible de changer d&rsquo;option de versement en cours d&rsquo;activit\u00e9. Pour cela, il vous suffira d&rsquo;en faire la demande\u00a0avant le\u00a0 31 octobre de l&rsquo;ann\u00e9e concern\u00e9e. Ce changement sera op\u00e9r\u00e9 pour l&rsquo;ann\u00e9e suivante.<\/p>\n<h3>Sanction de l&rsquo;absence ou du retard de d\u00e9claration<\/h3>\n<p>En cas de retard ou en l\u2019absence totale de d\u00e9claration, vous devrez payer des p\u00e9nalit\u00e9s.\u00a0 Pour \u00eatre plus pr\u00e9cis, vous devrez alors payer\u00a0<strong>50 euros\u00a0par d\u00e9claration manquante<\/strong>.<\/p>\n<p>De plus,\u00a0<strong>si vous n\u2019effectuez pas votre d\u00e9claration de chiffre d&rsquo;affaires\u00a0<\/strong>avant la derni\u00e8re \u00e9ch\u00e9ance, le montant de vos cotisations sociales sera calcul\u00e9e sur le chiffre d&rsquo;affaires maximum autoris\u00e9 en fonction de l&rsquo;activit\u00e9 exerc\u00e9 par votre entreprise. Ainsi si vous exercer une activit\u00e9 d&rsquo;achat pour revente, vos cotisations sociales seront calcul\u00e9s sur la base d&rsquo;un chiffre d&rsquo;affaires de 170 000 euros.<\/p>\n<p>De plus, le montant de ces cotisations sera alors major\u00e9 de\u00a05 %\u00a0par d\u00e9claration manquantes avec l\u2019option mensuelle et de\u00a015 % par d\u00e9claration pour l&rsquo;option trimestrielle.<\/p>\n<h2 id=\"IV\">La d\u00e9claration de chiffre d&rsquo;affaires de l&rsquo;auto-entrepreneur et l&rsquo;imposition qui s&rsquo;en suit<\/h2>\n<p>La d\u00e9claration permet de signaler \u00e0 l\u2019administration (notamment \u00e0 la S\u00e9curit\u00e9 Sociale des Ind\u00e9pendants ou \u00e0 l\u2019URSSAF) le montant de votre chiffre d&rsquo;affaires, donn\u00e9e indispensable au calcul de vos cotisations sociales. Elle permettra \u00e9galement aux services des imp\u00f4ts de d\u00e9terminer la valeur de l&rsquo;imp\u00f4t dont vous serez redevable.<\/p>\n<h3>\u00a0Que faut-il d\u00e9clarer ?<\/h3>\n<p>Lors de votre d\u00e9claration, vous devrez tout d&rsquo;abord mentionner le chiffre d&rsquo;affaires r\u00e9alis\u00e9 au cours de votre activit\u00e9. Si l&rsquo;entreprise r\u00e9alise une activit\u00e9 mixte, il faudra alors s\u00e9parer le chiffre d&rsquo;affaires de chaque type d&rsquo;activit\u00e9 pratiqu\u00e9 par votre activit\u00e9.<\/p>\n<p>Vous ne devrez alors d\u00e9clarer que les sommes encaiss\u00e9es et uniquement ces derni\u00e8res. Cela signifie que si vous avez factur\u00e9 un client mais que ce dernier ne vous a pas encore pay\u00e9 la somme qui vous est due, cette somme ne pourra pas entrer dans le chiffre d&rsquo;affaires de la soci\u00e9t\u00e9.<\/p>\n<p>Ensuite, en cas de conflit avec l&rsquo;administration fiscale relatif au montant de chiffre d&rsquo;affaires d\u00e9clar\u00e9, vous devrez prouver ce montant\u00a0en produisant diff\u00e9rents documents dont notamment les factures que vous avez remises \u00e0 vos clients. Pour avoir une force probante, vos factures devront respecter un formalisme pr\u00e9cis. Pour en savoir plus sur le <a href=\"https:\/\/blog.legalvision.fr\/2018\/08\/22\/facture-auto-entrepreneur\/\">formalisme des factures de l&rsquo;auto-entrepreneur<\/a>, n&rsquo;h\u00e9sitez pas \u00e0 consulter notre article d\u00e9di\u00e9.<\/p>\n<p>Par ailleurs : il est \u00e0 noter que la\u00a0d\u00e9claration de chiffre d&rsquo;affaires est obligatoire m\u00eame lorsque l&rsquo;entreprise n&rsquo;a pas r\u00e9alis\u00e9 de chiffre d&rsquo;affaires lors de l&rsquo;exercice.<\/p>\n<h3>Le paiement de l&rsquo;imp\u00f4t<\/h3>\n<p>L&rsquo;auto-entrepreneur a le choix entre 2 r\u00e9gimes d&rsquo;imposition : le r\u00e9gime du versement lib\u00e9ratoire et le r\u00e9gime traditionnel de l&rsquo;imp\u00f4t sur le revenu.<\/p>\n<h5>Le\u00a0versement lib\u00e9ratoire<\/h5>\n<p>En optant pour le versement lib\u00e9ratoire, vous serez impos\u00e9 directement au moment de la d\u00e9claration de chiffre d&rsquo;affaires. L&rsquo;imp\u00f4t sera alors calcul\u00e9 selon un pourcentage du chiffre d&rsquo;affaires communiqu\u00e9 par l&rsquo;entreprise.\u00a0 Ainsi, vous devrez payer un imp\u00f4t \u00e9gal \u00e0 :<\/p>\n<ul>\n<li>1 % du chiffre d&rsquo;affaires pour les auto-entreprises exer\u00e7ant une activit\u00e9 d&rsquo;achat pour revente ;<\/li>\n<li>1,7 % du chiffre d&rsquo;affaires pour les auto-entreprises exer\u00e7ant une activit\u00e9 de prestation de services ;<\/li>\n<li>2,2 % du chiffre d&rsquo;affaires pour les auto-entreprises exer\u00e7ant une activit\u00e9 lib\u00e9rale.<\/li>\n<\/ul>\n<p>Ainsi, si vous exercez une activit\u00e9 de vente de v\u00eatements et que vous avez d\u00e9clar\u00e9 un chiffre d&rsquo;affaires de 150 000 euros vous devrez vous acquitter d&rsquo;un imp\u00f4t de 1 500 euros (150 000 x 1%).<\/p>\n<h5>Le r\u00e9gime traditionnel d&rsquo;imposition<\/h5>\n<p>Si vous ne choisissez pas de recourir au versement lib\u00e9ratoire,\u00a0vous paierez votre imp\u00f4t sur le revenu annuel. Dans ce cas, pour calculer l&rsquo;imp\u00f4t que vous devrez payer, vous devrez tout d&rsquo;abord calculer votre base imposable avant de lui imposer un taux d&rsquo;imp\u00f4t sur le revenu (IR) proportionnel au revenu imposable.<\/p>\n<p>Pour calculer le revenu imposable, il faudra prendre le chiffre d&rsquo;affaires r\u00e9alis\u00e9 et lui appliquer un<strong> abattement<\/strong> dont le montant varie en fonction de l&rsquo;activit\u00e9 r\u00e9alis\u00e9e. C&rsquo;est ce que l&rsquo;on appelle le r\u00e9gime r\u00e9el simplifi\u00e9.<\/p>\n<p>Ainsi, l&rsquo;abattement sera de :<\/p>\n<ul>\n<li>71 % lorsque l&rsquo;entreprise exerce une activit\u00e9 d&rsquo;achat pour revente ;<\/li>\n<li>50 % lorsque l&rsquo;entreprise exerce une activit\u00e9 de prestation de services ;<\/li>\n<li>34 % lorsque l&rsquo;entrepreneur exerce une activit\u00e9 lib\u00e9rale.<\/li>\n<\/ul>\n<p>Une fois l&rsquo;abattement appliqu\u00e9, vous devrez appliquer les taux de l&rsquo;imp\u00f4t sur le revenu.<\/p>\n<p>Pour rappel, <strong>les taux de l&rsquo;imp\u00f4t sur le revenu sont les suivants<\/strong> :<\/p>\n<table>\n<tbody>\n<tr>\n<td width=\"319\"><strong>Tranche d\u2019imposition<\/strong><\/td>\n<td width=\"319\"><strong>Taux d\u2019imposition<\/strong><\/td>\n<\/tr>\n<tr>\n<td width=\"319\">De 0 \u00e0 9\u00a0964 euros<\/td>\n<td width=\"319\">0 %<\/td>\n<\/tr>\n<tr>\n<td width=\"319\">De 9\u00a0965 \u00e0 27\u00a0519 euros<\/td>\n<td width=\"319\">14 %<\/td>\n<\/tr>\n<tr>\n<td width=\"319\">De 27\u00a0520 \u00e0 73\u00a0779 euros<\/td>\n<td width=\"319\">30 %<\/td>\n<\/tr>\n<tr>\n<td width=\"319\">De 73\u00a0780 euros \u00e0 156\u00a0224 euros<\/td>\n<td width=\"319\">41 %<\/td>\n<\/tr>\n<tr>\n<td width=\"319\">Plus de 156\u00a0245 euros<\/td>\n<td width=\"319\">45 %<\/td>\n<\/tr>\n<\/tbody>\n<\/table>\n<p><em>Exemple : Vous avez une activit\u00e9 de vendeur de produits alimentaires, et vous r\u00e9alisez un chiffre d&rsquo;affaires de 90 000 euros. Votre base imposable est alors de 90 000 &#8211;\u00a063 900(90 000 x 71%) soit une base imposable de 26 100 euros. Vous devrez alors payer un imp\u00f4t \u00e9gal \u00e0 14% de 16 135 euros (26 100 &#8211; 9965) soit 2258 euros.<\/em><\/p>\n<p>\u00a0<\/p>\n<details>\n<summary spellcheck=\"false\" data-gramm=\"false\"><strong>Sources :<\/strong><\/summary>\n<p>Articles :<\/p>\n<ul>\n<li>\n<a href=\"https:\/\/www.legifrance.gouv.fr\/affichCodeArticle.do?cidTexte=LEGITEXT000006069577&amp;idArticle=LEGIARTI000021645089\">293 B du Code g\u00e9n\u00e9ral des Impots<\/a> sur le plafond d&rsquo;exon\u00e9ration de TVA des auto-entrepreneurs<\/li>\n<li>\n<a href=\"https:\/\/www.legifrance.gouv.fr\/affichCodeArticle.do?idArticle=LEGIARTI000036426875&amp;cidTexte=LEGITEXT000006069577&amp;dateTexte=20180101\">50-0 du Code g\u00e9n\u00e9ral des Impots<\/a> sur les plafonds de chiffre d&rsquo;affaires de l&rsquo;auto-entreprise<\/li>\n<li>\n<a href=\"https:\/\/www.legifrance.gouv.fr\/affichCodeArticle.do?cidTexte=LEGITEXT000006073189&amp;idArticle=LEGIARTI000029108910\">L 133-6-8-1 du Code de la Securit\u00e9 social<\/a> sur le chomage des auto-entrepreneurs<\/li>\n<\/ul>\n<p>\u00a0<\/p>\n<\/details>\n<p>\u00a0<\/p>\n<p>\u00a0<\/p>\n<p><\/p>\n<div class=\"wp-block-button\" style=\"text-align:center;\"><a class=\"wp-block-button__link has-background\" href=\"https:\/\/www.legalvision.fr\/creation-dentreprise\/statut-auto-entrepreneur\/\">Commencer les d\u00e9marches pour mon auto-entreprise<\/a><\/div>\n","protected":false},"excerpt":{"rendered":"<p>L&rsquo;auto-entreprise est la forme juridique parfaite pour vous lancer dans le monde des affaires et de l&rsquo;entreprenariat. Toutefois, comme tous les autres chefs d&rsquo;entreprises, le dirigeant d&rsquo;une auto-entreprise sera soumis \u00e0 un certain nombre d&rsquo;obligations administratives. Parmi toutes ces d\u00e9marches, la plus importante est sans doute la\u00a0d\u00e9claration de chiffre d&rsquo;affaires de l&rsquo;auto-entrepreneur. C&rsquo;est cette d\u00e9claration&hellip; <a class=\"more-link\" href=\"https:\/\/www.legalvision.fr\/guides-juridiques\/auto-entrepreneur\/declaration-chiffre-d-affaires-auto-entrepreneur-comment-ca-marche\/\">Poursuivre la lecture <span class=\"screen-reader-text\">Comment d\u00e9clarer votre chiffre d&rsquo;affaires lorsque vous \u00eates auto-entrepreneur ?<\/span><\/a><\/p>\n","protected":false},"author":60,"featured_media":25904,"comment_status":"open","ping_status":"open","sticky":false,"template":"","format":"standard","meta":{"content-type":"","inline_featured_image":false,"footnotes":""},"categories":[2477],"tags":[],"class_list":["post-25903","post","type-post","status-publish","format-standard","has-post-thumbnail","hentry","category-auto-entrepreneur","entry"],"yoast_head":"<!-- This site is optimized with the Yoast SEO plugin v27.1.1 - https:\/\/yoast.com\/product\/yoast-seo-wordpress\/ -->\n<title>D\u00e9claration de chiffre d&#039;affaires de l&#039;auto-entrepreneur, guide LegalVision.<\/title>\n<meta name=\"description\" content=\"La d\u00e9claration de chiffre d&#039;affaires de l&#039;auto-entrepreneur est extr\u00eamement importante. Pour tout connaitre sur celle-ci consultez notre guide complet.\" \/>\n<meta name=\"robots\" content=\"index, follow, max-snippet:-1, max-image-preview:large, max-video-preview:-1\" \/>\n<link rel=\"canonical\" href=\"https:\/\/www.legalvision.fr\/guides-juridiques\/auto-entrepreneur\/declaration-chiffre-d-affaires-auto-entrepreneur-comment-ca-marche\/\" \/>\n<meta property=\"og:locale\" content=\"fr_FR\" \/>\n<meta property=\"og:type\" content=\"article\" \/>\n<meta property=\"og:title\" content=\"D\u00e9claration de chiffre d&#039;affaires de l&#039;auto-entrepreneur, guide LegalVision.\" \/>\n<meta property=\"og:description\" content=\"La d\u00e9claration de chiffre d&#039;affaires de l&#039;auto-entrepreneur est extr\u00eamement importante. Pour tout connaitre sur celle-ci consultez notre guide complet.\" \/>\n<meta property=\"og:url\" content=\"https:\/\/www.legalvision.fr\/guides-juridiques\/auto-entrepreneur\/declaration-chiffre-d-affaires-auto-entrepreneur-comment-ca-marche\/\" \/>\n<meta property=\"og:site_name\" content=\"Guides juridiques\" \/>\n<meta property=\"article:published_time\" content=\"2019-09-03T06:30:20+00:00\" \/>\n<meta property=\"article:modified_time\" content=\"2022-03-27T19:20:50+00:00\" \/>\n<meta property=\"og:image\" content=\"https:\/\/www.legalvision.fr\/guides-juridiques\/wp-content\/uploads\/2019\/08\/d\u00e9claration-chiffre-d-affaires-auto-entrepreneur.jpg\" \/>\n\t<meta property=\"og:image:width\" content=\"958\" \/>\n\t<meta property=\"og:image:height\" content=\"350\" \/>\n\t<meta property=\"og:image:type\" content=\"image\/jpeg\" \/>\n<meta name=\"author\" content=\"Thibaud DESREUMAUX\" \/>\n<meta name=\"twitter:card\" content=\"summary_large_image\" \/>\n<meta name=\"twitter:label1\" content=\"\u00c9crit par\" \/>\n\t<meta name=\"twitter:data1\" content=\"Thibaud DESREUMAUX\" \/>\n\t<meta name=\"twitter:label2\" content=\"Dur\u00e9e de lecture estim\u00e9e\" \/>\n\t<meta name=\"twitter:data2\" content=\"9 minutes\" \/>\n<script type=\"application\/ld+json\" class=\"yoast-schema-graph\">{\"@context\":\"https:\/\/schema.org\",\"@graph\":[{\"@type\":\"Article\",\"@id\":\"https:\/\/www.legalvision.fr\/guides-juridiques\/auto-entrepreneur\/declaration-chiffre-d-affaires-auto-entrepreneur-comment-ca-marche\/#article\",\"isPartOf\":{\"@id\":\"https:\/\/www.legalvision.fr\/guides-juridiques\/auto-entrepreneur\/declaration-chiffre-d-affaires-auto-entrepreneur-comment-ca-marche\/\"},\"author\":{\"name\":\"Thibaud DESREUMAUX\",\"@id\":\"https:\/\/www.legalvision.fr\/guides-juridiques\/#\/schema\/person\/12f1ed1428c034ed75e90dd9cd471056\"},\"headline\":\"Comment d\u00e9clarer votre chiffre d&rsquo;affaires lorsque vous \u00eates auto-entrepreneur ?\",\"datePublished\":\"2019-09-03T06:30:20+00:00\",\"dateModified\":\"2022-03-27T19:20:50+00:00\",\"mainEntityOfPage\":{\"@id\":\"https:\/\/www.legalvision.fr\/guides-juridiques\/auto-entrepreneur\/declaration-chiffre-d-affaires-auto-entrepreneur-comment-ca-marche\/\"},\"wordCount\":2045,\"commentCount\":0,\"publisher\":{\"@id\":\"https:\/\/www.legalvision.fr\/guides-juridiques\/#organization\"},\"image\":{\"@id\":\"https:\/\/www.legalvision.fr\/guides-juridiques\/auto-entrepreneur\/declaration-chiffre-d-affaires-auto-entrepreneur-comment-ca-marche\/#primaryimage\"},\"thumbnailUrl\":\"https:\/\/www.legalvision.fr\/guides-juridiques\/wp-content\/uploads\/2019\/08\/d\u00e9claration-chiffre-d-affaires-auto-entrepreneur.jpg\",\"articleSection\":[\"Auto-entrepreneur\"],\"inLanguage\":\"fr-FR\",\"potentialAction\":[{\"@type\":\"CommentAction\",\"name\":\"Comment\",\"target\":[\"https:\/\/www.legalvision.fr\/guides-juridiques\/auto-entrepreneur\/declaration-chiffre-d-affaires-auto-entrepreneur-comment-ca-marche\/#respond\"]}]},{\"@type\":\"WebPage\",\"@id\":\"https:\/\/www.legalvision.fr\/guides-juridiques\/auto-entrepreneur\/declaration-chiffre-d-affaires-auto-entrepreneur-comment-ca-marche\/\",\"url\":\"https:\/\/www.legalvision.fr\/guides-juridiques\/auto-entrepreneur\/declaration-chiffre-d-affaires-auto-entrepreneur-comment-ca-marche\/\",\"name\":\"D\u00e9claration de chiffre d'affaires de l'auto-entrepreneur, guide LegalVision.\",\"isPartOf\":{\"@id\":\"https:\/\/www.legalvision.fr\/guides-juridiques\/#website\"},\"primaryImageOfPage\":{\"@id\":\"https:\/\/www.legalvision.fr\/guides-juridiques\/auto-entrepreneur\/declaration-chiffre-d-affaires-auto-entrepreneur-comment-ca-marche\/#primaryimage\"},\"image\":{\"@id\":\"https:\/\/www.legalvision.fr\/guides-juridiques\/auto-entrepreneur\/declaration-chiffre-d-affaires-auto-entrepreneur-comment-ca-marche\/#primaryimage\"},\"thumbnailUrl\":\"https:\/\/www.legalvision.fr\/guides-juridiques\/wp-content\/uploads\/2019\/08\/d\u00e9claration-chiffre-d-affaires-auto-entrepreneur.jpg\",\"datePublished\":\"2019-09-03T06:30:20+00:00\",\"dateModified\":\"2022-03-27T19:20:50+00:00\",\"description\":\"La d\u00e9claration de chiffre d'affaires de l'auto-entrepreneur est extr\u00eamement importante. Pour tout connaitre sur celle-ci consultez notre guide complet.\",\"breadcrumb\":{\"@id\":\"https:\/\/www.legalvision.fr\/guides-juridiques\/auto-entrepreneur\/declaration-chiffre-d-affaires-auto-entrepreneur-comment-ca-marche\/#breadcrumb\"},\"inLanguage\":\"fr-FR\",\"potentialAction\":[{\"@type\":\"ReadAction\",\"target\":[\"https:\/\/www.legalvision.fr\/guides-juridiques\/auto-entrepreneur\/declaration-chiffre-d-affaires-auto-entrepreneur-comment-ca-marche\/\"]}]},{\"@type\":\"ImageObject\",\"inLanguage\":\"fr-FR\",\"@id\":\"https:\/\/www.legalvision.fr\/guides-juridiques\/auto-entrepreneur\/declaration-chiffre-d-affaires-auto-entrepreneur-comment-ca-marche\/#primaryimage\",\"url\":\"https:\/\/www.legalvision.fr\/guides-juridiques\/wp-content\/uploads\/2019\/08\/d\u00e9claration-chiffre-d-affaires-auto-entrepreneur.jpg\",\"contentUrl\":\"https:\/\/www.legalvision.fr\/guides-juridiques\/wp-content\/uploads\/2019\/08\/d\u00e9claration-chiffre-d-affaires-auto-entrepreneur.jpg\",\"width\":958,\"height\":350,\"caption\":\"plafond auto entrepreneur\"},{\"@type\":\"BreadcrumbList\",\"@id\":\"https:\/\/www.legalvision.fr\/guides-juridiques\/auto-entrepreneur\/declaration-chiffre-d-affaires-auto-entrepreneur-comment-ca-marche\/#breadcrumb\",\"itemListElement\":[{\"@type\":\"ListItem\",\"position\":1,\"name\":\"Accueil\",\"item\":\"https:\/\/www.legalvision.fr\/guides-juridiques\/\"},{\"@type\":\"ListItem\",\"position\":2,\"name\":\"Auto-entrepreneur\",\"item\":\"https:\/\/www.legalvision.fr\/guides-juridiques\/auto-entrepreneur\/\"},{\"@type\":\"ListItem\",\"position\":3,\"name\":\"Comment d\u00e9clarer votre chiffre d&rsquo;affaires lorsque vous \u00eates auto-entrepreneur ?\"}]},{\"@type\":\"WebSite\",\"@id\":\"https:\/\/www.legalvision.fr\/guides-juridiques\/#website\",\"url\":\"https:\/\/www.legalvision.fr\/guides-juridiques\/\",\"name\":\"Guides juridiques\",\"description\":\"L&#039;information juridique \u00e0 destination des entreprises et TPE\",\"publisher\":{\"@id\":\"https:\/\/www.legalvision.fr\/guides-juridiques\/#organization\"},\"potentialAction\":[{\"@type\":\"SearchAction\",\"target\":{\"@type\":\"EntryPoint\",\"urlTemplate\":\"https:\/\/www.legalvision.fr\/guides-juridiques\/?s={search_term_string}\"},\"query-input\":{\"@type\":\"PropertyValueSpecification\",\"valueRequired\":true,\"valueName\":\"search_term_string\"}}],\"inLanguage\":\"fr-FR\"},{\"@type\":\"Organization\",\"@id\":\"https:\/\/www.legalvision.fr\/guides-juridiques\/#organization\",\"name\":\"Guides juridiques\",\"url\":\"https:\/\/www.legalvision.fr\/guides-juridiques\/\",\"logo\":{\"@type\":\"ImageObject\",\"inLanguage\":\"fr-FR\",\"@id\":\"https:\/\/www.legalvision.fr\/guides-juridiques\/#\/schema\/logo\/image\/\",\"url\":\"https:\/\/www.legalvision.fr\/guides-juridiques\/wp-content\/uploads\/2022\/10\/LV-Logotype.png\",\"contentUrl\":\"https:\/\/www.legalvision.fr\/guides-juridiques\/wp-content\/uploads\/2022\/10\/LV-Logotype.png\",\"width\":647,\"height\":125,\"caption\":\"Guides juridiques\"},\"image\":{\"@id\":\"https:\/\/www.legalvision.fr\/guides-juridiques\/#\/schema\/logo\/image\/\"}},{\"@type\":\"Person\",\"@id\":\"https:\/\/www.legalvision.fr\/guides-juridiques\/#\/schema\/person\/12f1ed1428c034ed75e90dd9cd471056\",\"name\":\"Thibaud DESREUMAUX\",\"image\":{\"@type\":\"ImageObject\",\"inLanguage\":\"fr-FR\",\"@id\":\"https:\/\/www.legalvision.fr\/guides-juridiques\/#\/schema\/person\/image\/\",\"url\":\"https:\/\/www.legalvision.fr\/guides-juridiques\/wp-content\/uploads\/2023\/07\/cropped-homme12-96x96.png\",\"contentUrl\":\"https:\/\/www.legalvision.fr\/guides-juridiques\/wp-content\/uploads\/2023\/07\/cropped-homme12-96x96.png\",\"caption\":\"Thibaud DESREUMAUX\"},\"description\":\"Thibaud est juriste au sein de LegalVision. Titulaire d'un Master 2 Droit de la propri\u00e9t\u00e9 intellectuelle obtenu \u00e0 l'Universit\u00e9 Jean Moulin Lyon 3, il est particuli\u00e8rement int\u00e9ress\u00e9 par le Legaltech.\",\"url\":\"https:\/\/www.legalvision.fr\/guides-juridiques\/author\/thibaud-desreumaux\/\"}]}<\/script>\n<!-- \/ Yoast SEO plugin. -->","yoast_head_json":{"title":"D\u00e9claration de chiffre d'affaires de l'auto-entrepreneur, guide LegalVision.","description":"La d\u00e9claration de chiffre d'affaires de l'auto-entrepreneur est extr\u00eamement importante. Pour tout connaitre sur celle-ci consultez notre guide complet.","robots":{"index":"index","follow":"follow","max-snippet":"max-snippet:-1","max-image-preview":"max-image-preview:large","max-video-preview":"max-video-preview:-1"},"canonical":"https:\/\/www.legalvision.fr\/guides-juridiques\/auto-entrepreneur\/declaration-chiffre-d-affaires-auto-entrepreneur-comment-ca-marche\/","og_locale":"fr_FR","og_type":"article","og_title":"D\u00e9claration de chiffre d'affaires de l'auto-entrepreneur, guide LegalVision.","og_description":"La d\u00e9claration de chiffre d'affaires de l'auto-entrepreneur est extr\u00eamement importante. Pour tout connaitre sur celle-ci consultez notre guide complet.","og_url":"https:\/\/www.legalvision.fr\/guides-juridiques\/auto-entrepreneur\/declaration-chiffre-d-affaires-auto-entrepreneur-comment-ca-marche\/","og_site_name":"Guides juridiques","article_published_time":"2019-09-03T06:30:20+00:00","article_modified_time":"2022-03-27T19:20:50+00:00","og_image":[{"width":958,"height":350,"url":"https:\/\/www.legalvision.fr\/guides-juridiques\/wp-content\/uploads\/2019\/08\/d\u00e9claration-chiffre-d-affaires-auto-entrepreneur.jpg","type":"image\/jpeg"}],"author":"Thibaud DESREUMAUX","twitter_card":"summary_large_image","twitter_misc":{"\u00c9crit par":"Thibaud DESREUMAUX","Dur\u00e9e de lecture estim\u00e9e":"9 minutes"},"schema":{"@context":"https:\/\/schema.org","@graph":[{"@type":"Article","@id":"https:\/\/www.legalvision.fr\/guides-juridiques\/auto-entrepreneur\/declaration-chiffre-d-affaires-auto-entrepreneur-comment-ca-marche\/#article","isPartOf":{"@id":"https:\/\/www.legalvision.fr\/guides-juridiques\/auto-entrepreneur\/declaration-chiffre-d-affaires-auto-entrepreneur-comment-ca-marche\/"},"author":{"name":"Thibaud DESREUMAUX","@id":"https:\/\/www.legalvision.fr\/guides-juridiques\/#\/schema\/person\/12f1ed1428c034ed75e90dd9cd471056"},"headline":"Comment d\u00e9clarer votre chiffre d&rsquo;affaires lorsque vous \u00eates auto-entrepreneur ?","datePublished":"2019-09-03T06:30:20+00:00","dateModified":"2022-03-27T19:20:50+00:00","mainEntityOfPage":{"@id":"https:\/\/www.legalvision.fr\/guides-juridiques\/auto-entrepreneur\/declaration-chiffre-d-affaires-auto-entrepreneur-comment-ca-marche\/"},"wordCount":2045,"commentCount":0,"publisher":{"@id":"https:\/\/www.legalvision.fr\/guides-juridiques\/#organization"},"image":{"@id":"https:\/\/www.legalvision.fr\/guides-juridiques\/auto-entrepreneur\/declaration-chiffre-d-affaires-auto-entrepreneur-comment-ca-marche\/#primaryimage"},"thumbnailUrl":"https:\/\/www.legalvision.fr\/guides-juridiques\/wp-content\/uploads\/2019\/08\/d\u00e9claration-chiffre-d-affaires-auto-entrepreneur.jpg","articleSection":["Auto-entrepreneur"],"inLanguage":"fr-FR","potentialAction":[{"@type":"CommentAction","name":"Comment","target":["https:\/\/www.legalvision.fr\/guides-juridiques\/auto-entrepreneur\/declaration-chiffre-d-affaires-auto-entrepreneur-comment-ca-marche\/#respond"]}]},{"@type":"WebPage","@id":"https:\/\/www.legalvision.fr\/guides-juridiques\/auto-entrepreneur\/declaration-chiffre-d-affaires-auto-entrepreneur-comment-ca-marche\/","url":"https:\/\/www.legalvision.fr\/guides-juridiques\/auto-entrepreneur\/declaration-chiffre-d-affaires-auto-entrepreneur-comment-ca-marche\/","name":"D\u00e9claration de chiffre d'affaires de l'auto-entrepreneur, guide LegalVision.","isPartOf":{"@id":"https:\/\/www.legalvision.fr\/guides-juridiques\/#website"},"primaryImageOfPage":{"@id":"https:\/\/www.legalvision.fr\/guides-juridiques\/auto-entrepreneur\/declaration-chiffre-d-affaires-auto-entrepreneur-comment-ca-marche\/#primaryimage"},"image":{"@id":"https:\/\/www.legalvision.fr\/guides-juridiques\/auto-entrepreneur\/declaration-chiffre-d-affaires-auto-entrepreneur-comment-ca-marche\/#primaryimage"},"thumbnailUrl":"https:\/\/www.legalvision.fr\/guides-juridiques\/wp-content\/uploads\/2019\/08\/d\u00e9claration-chiffre-d-affaires-auto-entrepreneur.jpg","datePublished":"2019-09-03T06:30:20+00:00","dateModified":"2022-03-27T19:20:50+00:00","description":"La d\u00e9claration de chiffre d'affaires de l'auto-entrepreneur est extr\u00eamement importante. Pour tout connaitre sur celle-ci consultez notre guide complet.","breadcrumb":{"@id":"https:\/\/www.legalvision.fr\/guides-juridiques\/auto-entrepreneur\/declaration-chiffre-d-affaires-auto-entrepreneur-comment-ca-marche\/#breadcrumb"},"inLanguage":"fr-FR","potentialAction":[{"@type":"ReadAction","target":["https:\/\/www.legalvision.fr\/guides-juridiques\/auto-entrepreneur\/declaration-chiffre-d-affaires-auto-entrepreneur-comment-ca-marche\/"]}]},{"@type":"ImageObject","inLanguage":"fr-FR","@id":"https:\/\/www.legalvision.fr\/guides-juridiques\/auto-entrepreneur\/declaration-chiffre-d-affaires-auto-entrepreneur-comment-ca-marche\/#primaryimage","url":"https:\/\/www.legalvision.fr\/guides-juridiques\/wp-content\/uploads\/2019\/08\/d\u00e9claration-chiffre-d-affaires-auto-entrepreneur.jpg","contentUrl":"https:\/\/www.legalvision.fr\/guides-juridiques\/wp-content\/uploads\/2019\/08\/d\u00e9claration-chiffre-d-affaires-auto-entrepreneur.jpg","width":958,"height":350,"caption":"plafond auto entrepreneur"},{"@type":"BreadcrumbList","@id":"https:\/\/www.legalvision.fr\/guides-juridiques\/auto-entrepreneur\/declaration-chiffre-d-affaires-auto-entrepreneur-comment-ca-marche\/#breadcrumb","itemListElement":[{"@type":"ListItem","position":1,"name":"Accueil","item":"https:\/\/www.legalvision.fr\/guides-juridiques\/"},{"@type":"ListItem","position":2,"name":"Auto-entrepreneur","item":"https:\/\/www.legalvision.fr\/guides-juridiques\/auto-entrepreneur\/"},{"@type":"ListItem","position":3,"name":"Comment d\u00e9clarer votre chiffre d&rsquo;affaires lorsque vous \u00eates auto-entrepreneur ?"}]},{"@type":"WebSite","@id":"https:\/\/www.legalvision.fr\/guides-juridiques\/#website","url":"https:\/\/www.legalvision.fr\/guides-juridiques\/","name":"Guides juridiques","description":"L&#039;information juridique \u00e0 destination des entreprises et TPE","publisher":{"@id":"https:\/\/www.legalvision.fr\/guides-juridiques\/#organization"},"potentialAction":[{"@type":"SearchAction","target":{"@type":"EntryPoint","urlTemplate":"https:\/\/www.legalvision.fr\/guides-juridiques\/?s={search_term_string}"},"query-input":{"@type":"PropertyValueSpecification","valueRequired":true,"valueName":"search_term_string"}}],"inLanguage":"fr-FR"},{"@type":"Organization","@id":"https:\/\/www.legalvision.fr\/guides-juridiques\/#organization","name":"Guides juridiques","url":"https:\/\/www.legalvision.fr\/guides-juridiques\/","logo":{"@type":"ImageObject","inLanguage":"fr-FR","@id":"https:\/\/www.legalvision.fr\/guides-juridiques\/#\/schema\/logo\/image\/","url":"https:\/\/www.legalvision.fr\/guides-juridiques\/wp-content\/uploads\/2022\/10\/LV-Logotype.png","contentUrl":"https:\/\/www.legalvision.fr\/guides-juridiques\/wp-content\/uploads\/2022\/10\/LV-Logotype.png","width":647,"height":125,"caption":"Guides juridiques"},"image":{"@id":"https:\/\/www.legalvision.fr\/guides-juridiques\/#\/schema\/logo\/image\/"}},{"@type":"Person","@id":"https:\/\/www.legalvision.fr\/guides-juridiques\/#\/schema\/person\/12f1ed1428c034ed75e90dd9cd471056","name":"Thibaud DESREUMAUX","image":{"@type":"ImageObject","inLanguage":"fr-FR","@id":"https:\/\/www.legalvision.fr\/guides-juridiques\/#\/schema\/person\/image\/","url":"https:\/\/www.legalvision.fr\/guides-juridiques\/wp-content\/uploads\/2023\/07\/cropped-homme12-96x96.png","contentUrl":"https:\/\/www.legalvision.fr\/guides-juridiques\/wp-content\/uploads\/2023\/07\/cropped-homme12-96x96.png","caption":"Thibaud DESREUMAUX"},"description":"Thibaud est juriste au sein de LegalVision. Titulaire d'un Master 2 Droit de la propri\u00e9t\u00e9 intellectuelle obtenu \u00e0 l'Universit\u00e9 Jean Moulin Lyon 3, il est particuli\u00e8rement int\u00e9ress\u00e9 par le Legaltech.","url":"https:\/\/www.legalvision.fr\/guides-juridiques\/author\/thibaud-desreumaux\/"}]}},"_links":{"self":[{"href":"https:\/\/www.legalvision.fr\/guides-juridiques\/wp-json\/wp\/v2\/posts\/25903","targetHints":{"allow":["GET"]}}],"collection":[{"href":"https:\/\/www.legalvision.fr\/guides-juridiques\/wp-json\/wp\/v2\/posts"}],"about":[{"href":"https:\/\/www.legalvision.fr\/guides-juridiques\/wp-json\/wp\/v2\/types\/post"}],"author":[{"embeddable":true,"href":"https:\/\/www.legalvision.fr\/guides-juridiques\/wp-json\/wp\/v2\/users\/60"}],"replies":[{"embeddable":true,"href":"https:\/\/www.legalvision.fr\/guides-juridiques\/wp-json\/wp\/v2\/comments?post=25903"}],"version-history":[{"count":0,"href":"https:\/\/www.legalvision.fr\/guides-juridiques\/wp-json\/wp\/v2\/posts\/25903\/revisions"}],"wp:featuredmedia":[{"embeddable":true,"href":"https:\/\/www.legalvision.fr\/guides-juridiques\/wp-json\/wp\/v2\/media\/25904"}],"wp:attachment":[{"href":"https:\/\/www.legalvision.fr\/guides-juridiques\/wp-json\/wp\/v2\/media?parent=25903"}],"wp:term":[{"taxonomy":"category","embeddable":true,"href":"https:\/\/www.legalvision.fr\/guides-juridiques\/wp-json\/wp\/v2\/categories?post=25903"},{"taxonomy":"post_tag","embeddable":true,"href":"https:\/\/www.legalvision.fr\/guides-juridiques\/wp-json\/wp\/v2\/tags?post=25903"}],"curies":[{"name":"wp","href":"https:\/\/api.w.org\/{rel}","templated":true}]}}