{"id":25792,"date":"2019-08-29T07:30:56","date_gmt":"2019-08-29T06:30:56","guid":{"rendered":"https:\/\/blog.legalvision.fr\/?p=25792"},"modified":"2024-01-23T18:00:15","modified_gmt":"2024-01-23T17:00:15","slug":"cession-de-parts-sociales-sarl-avec-changement-de-gerant","status":"publish","type":"post","link":"https:\/\/www.legalvision.fr\/guides-juridiques\/sarl\/cession-de-parts-sociales-sarl-avec-changement-de-gerant\/","title":{"rendered":"Tout savoir sur la cession de parts sociales SARL avec changement de g\u00e9rant"},"content":{"rendered":"\t\t<div data-elementor-type=\"wp-post\" data-elementor-id=\"25792\" class=\"elementor elementor-25792\" data-elementor-post-type=\"post\">\n\t\t\t\t<div data-particle_enable=\"false\" data-particle-mobile-disabled=\"false\" class=\"elementor-element elementor-element-5583d79 e-flex e-con-boxed e-con e-parent\" data-id=\"5583d79\" data-element_type=\"container\" data-e-type=\"container\">\n\t\t\t\t\t<div class=\"e-con-inner\">\n\t\t\t\t<div class=\"elementor-element elementor-element-520f33c elementor-widget elementor-widget-text-editor\" data-id=\"520f33c\" data-element_type=\"widget\" data-e-type=\"widget\" data-widget_type=\"text-editor.default\">\n\t\t\t\t<div class=\"elementor-widget-container\">\n\t\t\t\t\t\t\t\t\t<p>Une Soci\u00e9t\u00e9 A Responsabilit\u00e9 Limit\u00e9e (\u00ab\u00a0SARL\u00a0\u00bb) est une soci\u00e9t\u00e9 compos\u00e9e d\u2019associ\u00e9s, personnes physiques ou morales, dirig\u00e9e par un plusieurs g\u00e9rants personnes physiques.\u00a0En pratique le g\u00e9rant d&rsquo;une SARL est souvent l&rsquo;un des associ\u00e9s de cette soci\u00e9t\u00e9. C&rsquo;est le g\u00e9rant qui g\u00e8re la soci\u00e9t\u00e9 au jour, le jour. En cons\u00e9quence, ce dernier joue un r\u00f4le tr\u00e8s important dans la r\u00e9ussite ou dans l\u2019\u00e9chec de la soci\u00e9t\u00e9. Or,\u00a0il arrive parfois que ce g\u00e9rant associ\u00e9 d\u2019une SARL, souhaite se retirer. Ce d\u00e9part sera alors particuli\u00e8rement important car il signifie que corr\u00e9lativement, un nouvel associ\u00e9 et un nouveau g\u00e9rant entreront dans la soci\u00e9t\u00e9.\u00a0Lorsque le g\u00e9rant\u00a0associ\u00e9 souhaitera quitter la soci\u00e9t\u00e9, il devra \u00e0 la fois c\u00e9der ses parts sociales et renoncer \u00e0 son mandat de g\u00e9rant. On sera alors en pr\u00e9sence d&rsquo;une cession de parts sociales de SARL avec changement de g\u00e9rant<\/p><p>C&rsquo;est cette op\u00e9ration sp\u00e9cifique que <a href=\"https:\/\/www.legalvision.fr\/\">LegalVision <\/a>vous fait d\u00e9couvrir aujourd&rsquo;hui.<\/p><h3>Sommaire :<\/h3><p><a href=\"#I\"><strong>I\/ L&rsquo;acte de cession : premi\u00e8re \u00e9tape de la\u00a0cession de parts sociales de SARL avec changement de g\u00e9rant\u00a0<\/strong><\/a><br \/><a href=\"#II\"><strong>II\/ Les formalit\u00e9s de la cession de parts sociales de SARL avec changement de g\u00e9rant<\/strong><\/a><\/p><p>\u00a0<\/p>\t\t\t\t\t\t\t\t<\/div>\n\t\t\t\t<\/div>\n\t\t\t\t\t<\/div>\n\t\t\t\t<\/div>\n\t\t<div data-particle_enable=\"false\" data-particle-mobile-disabled=\"false\" class=\"elementor-element elementor-element-51f95a39 e-flex e-con-boxed e-con e-parent\" data-id=\"51f95a39\" data-element_type=\"container\" data-e-type=\"container\">\n\t\t\t\t\t<div class=\"e-con-inner\">\n\t\t\t\t<div class=\"elementor-element elementor-element-35c1c787 elementor-widget elementor-widget-heading\" data-id=\"35c1c787\" data-element_type=\"widget\" data-e-type=\"widget\" data-widget_type=\"heading.default\">\n\t\t\t\t<div class=\"elementor-widget-container\">\n\t\t\t\t\t<h2 class=\"elementor-heading-title elementor-size-default\">Nos outils pour vous aider : <\/h2>\t\t\t\t<\/div>\n\t\t\t\t<\/div>\n\t\t\t\t\t<\/div>\n\t\t\t\t<\/div>\n\t\t<div data-particle_enable=\"false\" data-particle-mobile-disabled=\"false\" class=\"elementor-element elementor-element-77b15e7a e-flex e-con-boxed e-con e-parent\" data-id=\"77b15e7a\" data-element_type=\"container\" data-e-type=\"container\">\n\t\t\t\t\t<div class=\"e-con-inner\">\n\t\t<div data-particle_enable=\"false\" data-particle-mobile-disabled=\"false\" class=\"elementor-element elementor-element-67f360a7 e-con-full e-flex e-con e-child\" data-id=\"67f360a7\" data-element_type=\"container\" data-e-type=\"container\">\n\t\t\t\t<div class=\"elementor-element elementor-element-6759aed6 elementor-widget elementor-widget-button\" data-id=\"6759aed6\" data-element_type=\"widget\" data-e-type=\"widget\" data-widget_type=\"button.default\">\n\t\t\t\t<div class=\"elementor-widget-container\">\n\t\t\t\t\t\t\t\t\t<div class=\"elementor-button-wrapper\">\n\t\t\t\t\t<a class=\"elementor-button elementor-button-link elementor-size-sm\" href=\"https:\/\/leonard.fr\/juridique\/modification-societe\/vendre-mes-actions-ou-parts-sociales\/?utm_source=blog&#038;utm_medium=CTA&#038;utm_campaign=tout_savoir_cession_parts_sociales_sarl_avec_changement_gerant&#038;utm_id=cession_parts_blog\" target=\"_blank\">\n\t\t\t\t\t\t<span class=\"elementor-button-content-wrapper\">\n\t\t\t\t\t\t\t\t\t<span class=\"elementor-button-text\">C\u00e9dez vos parts avec nos juristes<\/span>\n\t\t\t\t\t<\/span>\n\t\t\t\t\t<\/a>\n\t\t\t\t<\/div>\n\t\t\t\t\t\t\t\t<\/div>\n\t\t\t\t<\/div>\n\t\t\t\t<\/div>\n\t\t<div data-particle_enable=\"false\" data-particle-mobile-disabled=\"false\" class=\"elementor-element elementor-element-2f9a3f22 e-con-full e-flex e-con e-child\" data-id=\"2f9a3f22\" data-element_type=\"container\" data-e-type=\"container\">\n\t\t\t\t<div class=\"elementor-element elementor-element-1c7894b2 elementor-widget elementor-widget-button\" data-id=\"1c7894b2\" data-element_type=\"widget\" data-e-type=\"widget\" data-widget_type=\"button.default\">\n\t\t\t\t<div class=\"elementor-widget-container\">\n\t\t\t\t\t\t\t\t\t<div class=\"elementor-button-wrapper\">\n\t\t\t\t\t<a class=\"elementor-button elementor-button-link elementor-size-sm\" href=\"https:\/\/meetings.hubspot.com\/global\/leonard-rendez-vous-gratuit-avec-un-juriste?utm_source=blog&#038;utm_medium=CTA&#038;utm_campaign=tout_savoir_cession_parts_sociales_sarl_avec_changement_gerant&#038;utm_id=cession_parts_blog\" target=\"_blank\">\n\t\t\t\t\t\t<span class=\"elementor-button-content-wrapper\">\n\t\t\t\t\t\t\t\t\t<span class=\"elementor-button-text\">Soyez rappel\u00e9 par un juriste gratuitement<\/span>\n\t\t\t\t\t<\/span>\n\t\t\t\t\t<\/a>\n\t\t\t\t<\/div>\n\t\t\t\t\t\t\t\t<\/div>\n\t\t\t\t<\/div>\n\t\t\t\t<\/div>\n\t\t<div data-particle_enable=\"false\" data-particle-mobile-disabled=\"false\" class=\"elementor-element elementor-element-67f4f4a5 e-con-full e-flex e-con e-child\" data-id=\"67f4f4a5\" data-element_type=\"container\" data-e-type=\"container\">\n\t\t\t\t<div data-dce-background-color=\"#85D2F1\" class=\"elementor-element elementor-element-10ba41d8 elementor-widget elementor-widget-button\" data-id=\"10ba41d8\" data-element_type=\"widget\" data-e-type=\"widget\" data-widget_type=\"button.default\">\n\t\t\t\t<div class=\"elementor-widget-container\">\n\t\t\t\t\t\t\t\t\t<div class=\"elementor-button-wrapper\">\n\t\t\t\t\t<a class=\"elementor-button elementor-button-link elementor-size-sm\" href=\"https:\/\/meetings.hubspot.com\/alexis-egron\/audit-juridique-gratuit?utm_source=blog&#038;utm_medium=CTA&#038;utm_campaign=tout_savoir_cession_parts_sociales_sarl_avec_changement_gerant&#038;utm_id=cession_parts_blog\" target=\"_blank\">\n\t\t\t\t\t\t<span class=\"elementor-button-content-wrapper\">\n\t\t\t\t\t\t\t\t\t<span class=\"elementor-button-text\">Faites un audit juridique gratuit<\/span>\n\t\t\t\t\t<\/span>\n\t\t\t\t\t<\/a>\n\t\t\t\t<\/div>\n\t\t\t\t\t\t\t\t<\/div>\n\t\t\t\t<\/div>\n\t\t\t\t<\/div>\n\t\t\t\t\t<\/div>\n\t\t\t\t<\/div>\n\t\t<div data-particle_enable=\"false\" data-particle-mobile-disabled=\"false\" class=\"elementor-element elementor-element-5a8a83dd e-flex e-con-boxed e-con e-parent\" data-id=\"5a8a83dd\" data-element_type=\"container\" data-e-type=\"container\">\n\t\t\t\t\t<div class=\"e-con-inner\">\n\t\t\t\t<div class=\"elementor-element elementor-element-33848891 elementor-widget elementor-widget-text-editor\" data-id=\"33848891\" data-element_type=\"widget\" data-e-type=\"widget\" data-widget_type=\"text-editor.default\">\n\t\t\t\t<div class=\"elementor-widget-container\">\n\t\t\t\t\t\t\t\t\t<p>\u00a0<\/p><h2 id=\"I\">\u00a0<\/h2><h2 id=\"I\">\u00a0<\/h2><h2 id=\"I\">I\/ L&rsquo;acte de cession : premi\u00e8re \u00e9tape de la\u00a0cession de parts sociales de SARL avec changement de g\u00e9rant<\/h2><h3>A) La proc\u00e9dure d&rsquo;agr\u00e9ment<\/h3><p>Pour pouvoir accomplir la proc\u00e9dure de\u00a0cession de parts sociales de SARL avec changement de g\u00e9rant, il sera parfois n\u00e9cessaire d&rsquo;obtenir un agr\u00e9ment de la part des associ\u00e9s.<\/p><p>L&rsquo;agr\u00e9ment n&rsquo;est en principe pas n\u00e9cessaire lorsque<a href=\"https:\/\/blog.legalvision.fr\/2018\/05\/25\/cession-de-parts-sociales-sarl-entre-associes\/\"> les parts sont c\u00e9d\u00e9es entre associ\u00e9s<\/a> ou \u00e0 un conjoint, un descendant ou un ascendant. Toutefois, les statuts de la soci\u00e9t\u00e9 peuvent pr\u00e9voir une proc\u00e9dure d&rsquo;agr\u00e9ment sp\u00e9cifique \u00e0 ces diff\u00e9rents cas.<\/p><p>Lorsqu&rsquo;un associ\u00e9 c\u00e8de ses parts \u00e0 un tiers, il sera alors\u00a0obligatoire d&rsquo;obtenir l&rsquo;agr\u00e9ment des autres associ\u00e9s. Si les associ\u00e9s ne donnent pas leur accord \u00e0 la cession, le c\u00e9dant ne pourra pas vendre ses parts au tiers.<\/p><p>Cependant, il ne sera pas totalement d\u00e9muni car, dans ce cas, la soci\u00e9t\u00e9 devra soit racheter elle-m\u00eame les parts c\u00e9d\u00e9es soit les faire acqu\u00e9rir par un tiers qui a leur agr\u00e9ment.<\/p><p>Par ailleurs, on peut\u00a0noter que l\u2019associ\u00e9 c\u00e9dant dispose d\u2019un droit de repentir et peut renoncer \u00e0 la cession.<\/p><h3>\u00a0<\/h3><h3>B) Formalisme de l&rsquo;acte de cession de parts sociales<\/h3><p>En premier lieu, l&rsquo;op\u00e9ration de cession de parts sociales de SARL avec changement de g\u00e9rant comprend la r\u00e9daction d&rsquo;un acte de cession de parts sociales.<\/p><p>L&rsquo;acte de cession de parts sociales peut \u00eatre r\u00e9alis\u00e9 soit par acte sous seing priv\u00e9 soit par acte authentique notari\u00e9.<\/p><p>Cet acte devra inclure les <strong>mentions obligatoires suivantes<\/strong> :<\/p><ul><li>L&rsquo;identit\u00e9 et le domicile de l&rsquo;associ\u00e9 c\u00e9dant ;<\/li><li>La profession et nationalit\u00e9 du cessionnaire ;<\/li><li>Le nombre de parts c\u00e9d\u00e9es et leurs d\u00e9nominations (le num\u00e9ro qui est attribu\u00e9 \u00e0 chaque part) ;<\/li><li>L&rsquo;identification pr\u00e9cise et d\u00e9taill\u00e9e de la SARL ;<\/li><li>Le prix de la cession ;<\/li><li>Les modalit\u00e9s de paiement du prix.<\/li><\/ul><h3>\u00a0<\/h3><h3>C) Imposition de la cession de parts sociales<\/h3><h5>1- Les droits d&rsquo;enregistrement<\/h5><p>L&rsquo;acte de cession de parts sociales doit \u00eatre enregistr\u00e9 aupr\u00e8s du service des imp\u00f4ts et des entreprises. L&rsquo;acqu\u00e9reur devra alors payer des <strong>droits d&rsquo;enregistrement d&rsquo;une valeur de 3 % des parts acquises<\/strong>. Avant d&rsquo;appliquer ce taux, il vous faudra appliquer un abattement \u00e9gal au rapport entre 23 000 \u20ac et le pourcentage de parts de la soci\u00e9t\u00e9 acquises.<\/p><p>Exemple : vous achetez 50 %\u00a0des parts d&rsquo;une soci\u00e9t\u00e9 pour une valeur de 100 000 euros. Vous b\u00e9n\u00e9ficierez\u00a0 donc d&rsquo;un abattement de 11 500 euros (23 000 x 50 %). Votre base imposable sera donc de 88 500 (100 000 &#8211; 11 500) et vos droits d&rsquo;enregistrement de 2 655 euros.<\/p><h5>\u00a0<\/h5><h5>2- L&rsquo;imposition de la plus-value<\/h5><p>La plus-value r\u00e9alis\u00e9e par la vente des parts sociales de la SARL est calcul\u00e9e de la mani\u00e8re suivante : <strong>prix de cession des parts &#8211; prix d\u2019acquisition des parts<\/strong>. Ainsi, il convient d&rsquo;\u00eatre vigilant lors de la d\u00e9termination du prix des parts.\u00a0La valeur des parts c\u00e9d\u00e9es d\u00e9pend de la situation \u00e9conomique de l\u2019entreprise et des perspectives de celle-ci.<\/p><p>Pour obtenir une explication plus d\u00e9taill\u00e9e de la <a href=\"https:\/\/blog.legalvision.fr\/2018\/07\/28\/calcul-de-la-plus-value-dune-cession-de-parts-sociales-d-une-sarl\/\">m\u00e9thode de calcul de la plus-value<\/a>, n&rsquo;h\u00e9sitez pas \u00e0 consulter notre article d\u00e9di\u00e9 \u00e0 ce sujet.<\/p><p>Depuis 2018 les plus-values de cessions de parts de SARL sont soumis au <strong>Taux Forf\u00e9taire Unique<\/strong>. Ces plus-values sont donc en principe imposables \u00e0 un <strong>taux de 30 %<\/strong>.<\/p><p>Toutefois, le c\u00e9dant pourra pr\u00e9f\u00e9rer se voir appliquer le bar\u00e8me de l\u2018imp\u00f4t sur le revenu. Ce syst\u00e8me est avantageux si la personne poss\u00e8de des parts sociales depuis plusieurs ann\u00e9es.<\/p><p>Attention, si la personne opte pour le bar\u00e8me de l\u2019imp\u00f4t sur le revenu, il faudra tout de m\u00eame qu\u2019elle s\u2019acquitte des\u00a0<strong>pr\u00e9l\u00e8vements sociaux<\/strong>\u00a0\u00e0 hauteur de <strong>17,2%<\/strong> sur l\u2019int\u00e9gralit\u00e9 de la plus-value r\u00e9alis\u00e9e.<\/p><h3>\u00a0<\/h3><h3>D) Opposabilit\u00e9 de l&rsquo;acte de cession de parts sociales<\/h3><p>Une fois la cession de parts r\u00e9alis\u00e9e, il sera n\u00e9cessaire de rendre celle-ci opposable. Il faudra alors distinguer entre l&rsquo;opposabilit\u00e9 de la cession \u00e0 l&rsquo;\u00e9gard de la soci\u00e9t\u00e9 et l&rsquo;opposabilit\u00e9 \u00e0 l&rsquo;\u00e9gard des tiers.<\/p><h5>\u00a0<\/h5><h5>1- L&rsquo;opposabilit\u00e9 \u00e0 la soci\u00e9t\u00e9<\/h5><p>Pour rendre opposable la cession de parts, le c\u00e9dant devra accomplir l&rsquo;une des deux op\u00e9rations suivantes\u00a0:<\/p><ul><li><strong>D\u00e9poser l\u2019acte de cession<\/strong>\u00a0au si\u00e8ge de la soci\u00e9t\u00e9. Le g\u00e9rant de la soci\u00e9t\u00e9 devra alors remettre une attestation de ce d\u00e9p\u00f4t ;<\/li><li><strong>Faire signifier l&rsquo;acte de cession<\/strong> par huissier de justice.<\/li><\/ul><h5>\u00a0<\/h5><h5>2- L&rsquo;opposabilit\u00e9 aux tiers<\/h5><p>Pour \u00eatre opposable aux tiers, la cession doit\u00a0\u00eatre <strong>publi\u00e9e au registre du commerce et des soci\u00e9t\u00e9s<\/strong> (RCS)<\/p><p>Parall\u00e8lement, <strong>deux originaux de l\u2019acte de cession\u00a0devront \u00eatre d\u00e9pos\u00e9s<\/strong> au greffe du tribunal de commerce comp\u00e9tent.<\/p><p>Si ces formalit\u00e9s ne sont pas accomplies, la cession ne sera alors pas opposable et le c\u00e9dant restera officiellement consid\u00e9r\u00e9 comme un associ\u00e9. Ainsi, il aura toujours des droits et obligations envers la soci\u00e9t\u00e9.<\/p><p>Pour en savoir plus sur l&rsquo;opposabilit\u00e9 de la cession des parts sociales, vous pouvez consulter notre article \u00ab\u00a0<a href=\"https:\/\/blog.legalvision.fr\/2018\/10\/24\/cession-de-parts-sociales-sarl\/\"><em>cession de parts sociales SARL : A votre tour !<\/em>\u00ab\u00a0<\/a>.<\/p><h2 id=\"II\">\u00a0<\/h2><h2 id=\"II\">II\/ Les formalit\u00e9s de la cession de parts sociales de SARL avec changement de g\u00e9rant<\/h2><h3>A) Dans quels cas un changement de g\u00e9rant impliquera t&rsquo;il une modification des statuts.<\/h3><p>Comme son nom l&rsquo;indique, la proc\u00e9dure de cession de parts sociales de SARL avec changement de g\u00e9rant implique le d\u00e9part du g\u00e9rant associ\u00e9 et son remplacement par un nouveau g\u00e9rant qui devra \u00eatre nomm\u00e9.<\/p><p>Tout d&rsquo;abord, il convient de rappeler que lorsqu&rsquo;un g\u00e9rant souhaite quitter la SARL, il doit <strong>avertir la soci\u00e9t\u00e9 en envoyant une lettre de d\u00e9mission<\/strong> et en respectant un pr\u00e9avis raisonnable.<\/p><p>Une fois la d\u00e9mission du g\u00e9rant act\u00e9e, il faudra proc\u00e9der \u00e0 la nomination d&rsquo;un nouveau g\u00e9rant de la SARL.<\/p><p><strong>Si l\u2019identit\u00e9 du g\u00e9rant est indiqu\u00e9e dans les statuts, il faudra alors les modifier<\/strong>.\u00a0 A l&rsquo;inverse, certains g\u00e9rants sont simplement nomm\u00e9s par une d\u00e9cision d&rsquo;Assembl\u00e9e g\u00e9n\u00e9rale. Ainsi, lorsque l\u2019identit\u00e9 du g\u00e9rant n\u2019est pas indiqu\u00e9e dans les statuts, il ne sera pas n\u00e9cessaire de les rectifier.<\/p><p>Attention : en cas de d\u00e9part d&rsquo;un co-cog\u00e9rant associ\u00e9, il n&rsquo;est pas obligatoire de proc\u00e9der \u00e0 la nomination d&rsquo;un nouveau co-g\u00e9rant. En revanche, il sera tout de m\u00eame n\u00e9cessaire de r\u00e9unir une Assembl\u00e9e g\u00e9n\u00e9rale afin de modifier la r\u00e9partition du capital de la soci\u00e9t\u00e9.<\/p><p>Vous souhaitez en savoir plus sur cette proc\u00e9dure. Nos articles d\u00e9di\u00e9s au <a href=\"https:\/\/blog.legalvision.fr\/2018\/05\/21\/changement-de-gerant-sarl\/\">changement de g\u00e9rant de SARL<\/a>\u00a0et \u00e0 la <a href=\"https:\/\/blog.legalvision.fr\/2018\/01\/17\/cession-de-titres\/\">modification des statuts<\/a> suite \u00e0 une cession sauront r\u00e9pondre \u00e0 toutes vos questions.<\/p><h3>\u00a0<\/h3><h3>B) L&rsquo;assembl\u00e9e g\u00e9n\u00e9rale extraordinaire<\/h3><p>Lors d&rsquo;une cession de parts sociales de SARL avec changement de g\u00e9rant, il est souvent int\u00e9ressant de r\u00e9unir une seule et unique Assembl\u00e9e g\u00e9n\u00e9rale qui se prononcera sur toutes les op\u00e9rations relatives \u00e0 la\u00a0cession de parts sociales de SARL avec changement de g\u00e9rant.<\/p><p>L&rsquo;Assembl\u00e9e g\u00e9n\u00e9rale devra alors :<\/p><div><span style=\"font-family: Montserrat;\"><b>\u00a0<\/b><\/span><\/div><ul><li><strong>Modifier les statuts de la soci\u00e9t\u00e9<\/strong> afin que ces derniers refl\u00e8tent la nouvelle r\u00e9partition du capital social ;<\/li><li><strong>R\u00e9voquer le mandat de l\u2019ancien g\u00e9rant\u00a0<\/strong>;<\/li><li><strong>Nommer un nouveau g\u00e9rant<\/strong>. Le nouveau g\u00e9rant ne devra pas \u00eatre frapp\u00e9 d\u2019incompatibilit\u00e9s ou de sanctions lui interdisant d\u2019exercer des fonctions de direction de soci\u00e9t\u00e9 ;<\/li><\/ul><p>\u00c0 ce moment, il sera n\u00e9cessaire de r\u00e9diger un Proc\u00e8s Verbal de cette assembl\u00e9e.<\/p><p>Le vote relatif \u00e0 la modification des statuts de la soci\u00e9t\u00e9 et la nomination du g\u00e9rant devra \u00e9galement respecter les r\u00e8gles de quorum et de majorit\u00e9 pr\u00e9vues dans les statuts.<\/p><p>Par ailleurs, il convient de rappeler que le g\u00e9rant d&rsquo;une SARL peut uniquement \u00eatre une personne physique.<\/p><h3>\u00a0<\/h3><h3>C) Annonce l\u00e9gale<\/h3><p>La cession de parts sociales de SARL avec changement de g\u00e9rant devra faire l\u2019objet d\u2019une annonce dans un journal d\u2019annonces l\u00e9gales. Cette proc\u00e9dure vise notamment \u00e0 rendre opposable la modification des statuts au tiers. Cette annonce devra comporter les mentions suivantes :<\/p><div><span style=\"font-family: Montserrat;\">\u00a0<\/span><\/div><ul><li>La <strong>d\u00e9nomination sociale<\/strong> de la SARL ;<\/li><li>Le<strong> montant du capital social<\/strong> de la soci\u00e9t\u00e9 ;<\/li><li>L\u2019<strong>adresse du si\u00e8ge social<\/strong> de la soci\u00e9t\u00e9 ;<\/li><li>Le <strong>num\u00e9ro d\u2019immatriculation<\/strong> de la soci\u00e9t\u00e9 au RCS ;<\/li><li>La <strong>date \u00e0 laquelle l&rsquo;Assembl\u00e9e g\u00e9n\u00e9rale a \u00e9t\u00e9 mise en place<\/strong>\u202f;<\/li><li>L\u2019indication de l\u2019<strong>identit\u00e9 et de l\u2019adresse de l\u2019ancien g\u00e9rant<\/strong> ;<\/li><li>L\u2019indication de l\u2019<strong>identit\u00e9 et de l\u2019adresse du nouveau g\u00e9rant<\/strong>.<\/li><\/ul><h3>\u00a0<\/h3><h3>D) D\u00e9p\u00f4t greffe<\/h3><p>Une fois la publication au journal d&rsquo;annonces l\u00e9gales, il vous restera alors encore une formalit\u00e9 \u00e0 accomplir.<\/p><p>En effet, lorsque toutes les \u00e9tapes explicit\u00e9es ci-dessus auront \u00e9t\u00e9 accomplies, il vous faudra d\u00e9poser un dossier de modification aupr\u00e8s du greffe du tribunal de commerce.<\/p><h5>\u00a0<\/h5><h5>Ensuite, le dossier de modifications devra contenir :<\/h5><ul><li>Un\u00a0<strong><a href=\"https:\/\/www.formulaires.modernisation.gouv.fr\/gf\/cerfa_11683.do\">formulaire\u00a0 M3-SARL<\/a> de changement de dirigeant ;<\/strong><\/li><li>L\u2019<strong>attestation de parution d\u2019une annonce de changement de g\u00e9rant<\/strong>\u00a0parue dans un journal d&rsquo;annonces l\u00e9gales ;<\/li><li>Si le\u00a0formulaire M3\u00a0n\u2019est pas sign\u00e9 par le nouveau g\u00e9rant, un\u00a0<strong>exemplaire en original d\u2019un acte de d\u00e9l\u00e9gation de pouvoir<\/strong><\/li><li>Une\u00a0<strong>copie des documents d\u2019identit\u00e9\u00a0<\/strong>du nouveau g\u00e9rant ;<\/li><li>Une\u00a0<strong>attestation de filiation<\/strong>\u00a0du nouveau g\u00e9rant ;<\/li><li>Une <strong>d\u00e9claration sur l\u2019honneur de non-condamnation<\/strong> sign\u00e9e par le nouveau g\u00e9rant ;<\/li><li>Un exemplaire de la <strong>d\u00e9cision de l\u2019assembl\u00e9e g\u00e9n\u00e9rale ;<\/strong><\/li><li>Un<strong> PV de l&rsquo;Assembl\u00e9e g\u00e9n\u00e9rale extraordinaire<\/strong> de modification de la r\u00e9partition des parts sociales ;<\/li><li>Un exemplaire des statuts modifi\u00e9s, dat\u00e9s et certifi\u00e9s conformes.<\/li><\/ul><p>En outre, il convient de rappeler que le d\u00e9p\u00f4t au greffe du tribunal de commerce est une formalit\u00e9 payante. Ainsi, elle vous sera factur\u00e9e 195 euros 39 centimes. Par ailleurs, pour plus de simplicit\u00e9, il vous est possible d&rsquo;effectuer ce d\u00e9p\u00f4t sur le site <a href=\"https:\/\/www.infogreffe.fr\/\">Infogreffe<\/a>.<\/p><p>Enfin, vous vous demandez quel est l&rsquo;impact du statut du nouveau g\u00e9rant suite \u00e0 un changement de g\u00e9rance, n&rsquo;h\u00e9sitez pas \u00e0 consulter notre article \u00ab\u00a0<a href=\"https:\/\/blog.legalvision.fr\/2018\/02\/16\/le-changement-de-gerance\/\"><em>le changement de g\u00e9rance d&rsquo;une soci\u00e9t\u00e9<\/em><\/a>\u00ab\u00a0.<\/p><p>Cet article vous a convaincu de changer le g\u00e9rant de votre entreprise mais vous trouvez les d\u00e9marches \u00e0 accomplir particuli\u00e8rement complexes. Restez serein et laissez les juristes de Legalvision se charger des formalit\u00e9s de votre\u00a0<a href=\"https:\/\/www.legalvision.fr\/modification-statuts\/changement-de-gerant\/\">changement de g\u00e9rant<\/a>.<\/p><details><canvas class=\"lt-highlighter__canvas\" style=\"margin-top: 0px !important; margin-left: 0px !important;\" width=\"0\" height=\"0\"><\/canvas><p>\u00a0<\/p><summary spellcheck=\"false\" data-gramm=\"false\"><strong>Sources<\/strong> :<\/summary><p><strong>Articles<\/strong> :<\/p><ul><li><a href=\"https:\/\/www.legifrance.gouv.fr\/affichCodeArticle.do?idArticle=LEGIARTI000038799345&amp;cidTexte=LEGITEXT000005634379&amp;dateTexte=20190721\">L 223-30 du Code de Commerce<\/a> relatif aux conditions de quorum et de majorit\u00e9 dans la SARL ;<\/li><li><a href=\"https:\/\/www.legifrance.gouv.fr\/affichCodeArticle.do?cidTexte=LEGITEXT000006069577&amp;idArticle=LEGIARTI000006310772&amp;dateTexte=&amp;categorieLien=cid\">726 du Code G\u00e9n\u00e9ral des Imp\u00f4ts<\/a> relatif \u00e0 l&rsquo;imposition des cessions de parts sociales de SARL ;<\/li><li><a href=\"https:\/\/www.legifrance.gouv.fr\/affichCodeArticle.do?idArticle=LEGIARTI000006223119&amp;cidTexte=LEGITEXT000005634379\">L 223-18 du Code de Commerce<\/a> sur la nomination du g\u00e9rant de SARL ;<\/li><li><a href=\"https:\/\/www.legifrance.gouv.fr\/affichCodeArticle.do?cidTexte=LEGITEXT000005634379&amp;idArticle=LEGIARTI000006223059\">L 223-14 du Code de Commerce<\/a> sur la cession de parts de SARL.<\/li><\/ul><\/details><p>\u00a0<\/p><center>\u00a0<\/center><p>\u00a0<\/p><p>\u00a0<\/p>\t\t\t\t\t\t\t\t<\/div>\n\t\t\t\t<\/div>\n\t\t\t\t<div class=\"elementor-element elementor-element-f9e5400 elementor-align-center elementor-widget elementor-widget-button\" data-id=\"f9e5400\" data-element_type=\"widget\" data-e-type=\"widget\" data-widget_type=\"button.default\">\n\t\t\t\t<div class=\"elementor-widget-container\">\n\t\t\t\t\t\t\t\t\t<div class=\"elementor-button-wrapper\">\n\t\t\t\t\t<a class=\"elementor-button elementor-button-link elementor-size-sm\" href=\"https:\/\/leonard.fr\/juridique\/modification-societe\/vendre-mes-actions-ou-parts-sociales\/?utm_source=blog&#038;utm_medium=CTA&#038;utm_campaign=tout_savoir_cession_parts_sociales_sarl_avec_changement_gerant&#038;utm_id=cession_parts_blog\">\n\t\t\t\t\t\t<span class=\"elementor-button-content-wrapper\">\n\t\t\t\t\t\t\t\t\t<span class=\"elementor-button-text\">C\u00e9dez vos parts avec nos juristes<\/span>\n\t\t\t\t\t<\/span>\n\t\t\t\t\t<\/a>\n\t\t\t\t<\/div>\n\t\t\t\t\t\t\t\t<\/div>\n\t\t\t\t<\/div>\n\t\t\t\t\t<\/div>\n\t\t\t\t<\/div>\n\t\t\t\t<\/div>\n\t\t","protected":false},"excerpt":{"rendered":"<p>Une Soci\u00e9t\u00e9 A Responsabilit\u00e9 Limit\u00e9e (\u00ab\u00a0SARL\u00a0\u00bb) est une soci\u00e9t\u00e9 compos\u00e9e d\u2019associ\u00e9s, personnes physiques ou morales, dirig\u00e9e par un plusieurs g\u00e9rants personnes physiques.\u00a0En pratique le g\u00e9rant d&rsquo;une SARL est souvent l&rsquo;un des associ\u00e9s de cette soci\u00e9t\u00e9. C&rsquo;est le g\u00e9rant qui g\u00e8re la soci\u00e9t\u00e9 au jour, le jour. En cons\u00e9quence, ce dernier joue un r\u00f4le tr\u00e8s important&hellip; <a class=\"more-link\" href=\"https:\/\/www.legalvision.fr\/guides-juridiques\/sarl\/cession-de-parts-sociales-sarl-avec-changement-de-gerant\/\">Poursuivre la lecture <span class=\"screen-reader-text\">Tout savoir sur la cession de parts sociales SARL avec changement de g\u00e9rant<\/span><\/a><\/p>\n","protected":false},"author":60,"featured_media":25821,"comment_status":"open","ping_status":"open","sticky":false,"template":"","format":"standard","meta":{"content-type":"","inline_featured_image":false,"footnotes":""},"categories":[2497],"tags":[],"class_list":["post-25792","post","type-post","status-publish","format-standard","has-post-thumbnail","hentry","category-sarl","entry"],"yoast_head":"<!-- This site is optimized with the Yoast SEO plugin v27.1.1 - https:\/\/yoast.com\/product\/yoast-seo-wordpress\/ -->\n<title>Cession de parts sociales de SARL avec changement de g\u00e9rant<\/title>\n<meta name=\"description\" content=\"Vous voulez en savoir plus sur la cession de parts sociales de SARL avec changement de g\u00e9rant. Consultez l&#039;article r\u00e9dig\u00e9 par l&#039;\u00e9quipe Legalvision.\" \/>\n<meta name=\"robots\" content=\"index, follow, max-snippet:-1, max-image-preview:large, max-video-preview:-1\" \/>\n<link rel=\"canonical\" href=\"https:\/\/www.legalvision.fr\/guides-juridiques\/sarl\/cession-de-parts-sociales-sarl-avec-changement-de-gerant\/\" \/>\n<meta property=\"og:locale\" content=\"fr_FR\" \/>\n<meta property=\"og:type\" content=\"article\" \/>\n<meta property=\"og:title\" content=\"Cession de parts sociales de SARL avec changement de g\u00e9rant\" \/>\n<meta property=\"og:description\" content=\"Vous voulez en savoir plus sur la cession de parts sociales de SARL avec changement de g\u00e9rant. Consultez l&#039;article r\u00e9dig\u00e9 par l&#039;\u00e9quipe Legalvision.\" \/>\n<meta property=\"og:url\" content=\"https:\/\/www.legalvision.fr\/guides-juridiques\/sarl\/cession-de-parts-sociales-sarl-avec-changement-de-gerant\/\" \/>\n<meta property=\"og:site_name\" content=\"Guides juridiques\" \/>\n<meta property=\"article:published_time\" content=\"2019-08-29T06:30:56+00:00\" \/>\n<meta property=\"article:modified_time\" content=\"2024-01-23T17:00:15+00:00\" \/>\n<meta property=\"og:image\" content=\"https:\/\/www.legalvision.fr\/guides-juridiques\/wp-content\/uploads\/2019\/08\/cession-de-parts-sociales-de-SARL-avec-changement-de-g\u00e9rant.jpg\" \/>\n\t<meta property=\"og:image:width\" content=\"958\" \/>\n\t<meta property=\"og:image:height\" content=\"350\" \/>\n\t<meta property=\"og:image:type\" content=\"image\/jpeg\" \/>\n<meta name=\"author\" content=\"Thibaud DESREUMAUX\" \/>\n<meta name=\"twitter:card\" content=\"summary_large_image\" \/>\n<meta name=\"twitter:label1\" content=\"\u00c9crit par\" \/>\n\t<meta name=\"twitter:data1\" content=\"Thibaud DESREUMAUX\" \/>\n\t<meta name=\"twitter:label2\" content=\"Dur\u00e9e de lecture estim\u00e9e\" \/>\n\t<meta name=\"twitter:data2\" content=\"10 minutes\" \/>\n<script type=\"application\/ld+json\" class=\"yoast-schema-graph\">{\"@context\":\"https:\/\/schema.org\",\"@graph\":[{\"@type\":\"Article\",\"@id\":\"https:\/\/www.legalvision.fr\/guides-juridiques\/sarl\/cession-de-parts-sociales-sarl-avec-changement-de-gerant\/#article\",\"isPartOf\":{\"@id\":\"https:\/\/www.legalvision.fr\/guides-juridiques\/sarl\/cession-de-parts-sociales-sarl-avec-changement-de-gerant\/\"},\"author\":{\"name\":\"Thibaud DESREUMAUX\",\"@id\":\"https:\/\/www.legalvision.fr\/guides-juridiques\/#\/schema\/person\/12f1ed1428c034ed75e90dd9cd471056\"},\"headline\":\"Tout savoir sur la cession de parts sociales SARL avec changement de g\u00e9rant\",\"datePublished\":\"2019-08-29T06:30:56+00:00\",\"dateModified\":\"2024-01-23T17:00:15+00:00\",\"mainEntityOfPage\":{\"@id\":\"https:\/\/www.legalvision.fr\/guides-juridiques\/sarl\/cession-de-parts-sociales-sarl-avec-changement-de-gerant\/\"},\"wordCount\":2159,\"commentCount\":2,\"publisher\":{\"@id\":\"https:\/\/www.legalvision.fr\/guides-juridiques\/#organization\"},\"image\":{\"@id\":\"https:\/\/www.legalvision.fr\/guides-juridiques\/sarl\/cession-de-parts-sociales-sarl-avec-changement-de-gerant\/#primaryimage\"},\"thumbnailUrl\":\"https:\/\/www.legalvision.fr\/guides-juridiques\/wp-content\/uploads\/2019\/08\/cession-de-parts-sociales-de-SARL-avec-changement-de-g\u00e9rant.jpg\",\"articleSection\":[\"SARL\"],\"inLanguage\":\"fr-FR\",\"potentialAction\":[{\"@type\":\"CommentAction\",\"name\":\"Comment\",\"target\":[\"https:\/\/www.legalvision.fr\/guides-juridiques\/sarl\/cession-de-parts-sociales-sarl-avec-changement-de-gerant\/#respond\"]}]},{\"@type\":\"WebPage\",\"@id\":\"https:\/\/www.legalvision.fr\/guides-juridiques\/sarl\/cession-de-parts-sociales-sarl-avec-changement-de-gerant\/\",\"url\":\"https:\/\/www.legalvision.fr\/guides-juridiques\/sarl\/cession-de-parts-sociales-sarl-avec-changement-de-gerant\/\",\"name\":\"Cession de parts sociales de SARL avec changement de g\u00e9rant\",\"isPartOf\":{\"@id\":\"https:\/\/www.legalvision.fr\/guides-juridiques\/#website\"},\"primaryImageOfPage\":{\"@id\":\"https:\/\/www.legalvision.fr\/guides-juridiques\/sarl\/cession-de-parts-sociales-sarl-avec-changement-de-gerant\/#primaryimage\"},\"image\":{\"@id\":\"https:\/\/www.legalvision.fr\/guides-juridiques\/sarl\/cession-de-parts-sociales-sarl-avec-changement-de-gerant\/#primaryimage\"},\"thumbnailUrl\":\"https:\/\/www.legalvision.fr\/guides-juridiques\/wp-content\/uploads\/2019\/08\/cession-de-parts-sociales-de-SARL-avec-changement-de-g\u00e9rant.jpg\",\"datePublished\":\"2019-08-29T06:30:56+00:00\",\"dateModified\":\"2024-01-23T17:00:15+00:00\",\"description\":\"Vous voulez en savoir plus sur la cession de parts sociales de SARL avec changement de g\u00e9rant. Consultez l'article r\u00e9dig\u00e9 par l'\u00e9quipe Legalvision.\",\"breadcrumb\":{\"@id\":\"https:\/\/www.legalvision.fr\/guides-juridiques\/sarl\/cession-de-parts-sociales-sarl-avec-changement-de-gerant\/#breadcrumb\"},\"inLanguage\":\"fr-FR\",\"potentialAction\":[{\"@type\":\"ReadAction\",\"target\":[\"https:\/\/www.legalvision.fr\/guides-juridiques\/sarl\/cession-de-parts-sociales-sarl-avec-changement-de-gerant\/\"]}]},{\"@type\":\"ImageObject\",\"inLanguage\":\"fr-FR\",\"@id\":\"https:\/\/www.legalvision.fr\/guides-juridiques\/sarl\/cession-de-parts-sociales-sarl-avec-changement-de-gerant\/#primaryimage\",\"url\":\"https:\/\/www.legalvision.fr\/guides-juridiques\/wp-content\/uploads\/2019\/08\/cession-de-parts-sociales-de-SARL-avec-changement-de-g\u00e9rant.jpg\",\"contentUrl\":\"https:\/\/www.legalvision.fr\/guides-juridiques\/wp-content\/uploads\/2019\/08\/cession-de-parts-sociales-de-SARL-avec-changement-de-g\u00e9rant.jpg\",\"width\":958,\"height\":350,\"caption\":\"cession de parts sociales de SARL avec changement de g\u00e9rant\"},{\"@type\":\"BreadcrumbList\",\"@id\":\"https:\/\/www.legalvision.fr\/guides-juridiques\/sarl\/cession-de-parts-sociales-sarl-avec-changement-de-gerant\/#breadcrumb\",\"itemListElement\":[{\"@type\":\"ListItem\",\"position\":1,\"name\":\"Accueil\",\"item\":\"https:\/\/www.legalvision.fr\/guides-juridiques\/\"},{\"@type\":\"ListItem\",\"position\":2,\"name\":\"SARL\",\"item\":\"https:\/\/www.legalvision.fr\/guides-juridiques\/sarl\/\"},{\"@type\":\"ListItem\",\"position\":3,\"name\":\"Tout savoir sur la cession de parts sociales SARL avec changement de g\u00e9rant\"}]},{\"@type\":\"WebSite\",\"@id\":\"https:\/\/www.legalvision.fr\/guides-juridiques\/#website\",\"url\":\"https:\/\/www.legalvision.fr\/guides-juridiques\/\",\"name\":\"Guides juridiques\",\"description\":\"L&#039;information juridique \u00e0 destination des entreprises et TPE\",\"publisher\":{\"@id\":\"https:\/\/www.legalvision.fr\/guides-juridiques\/#organization\"},\"potentialAction\":[{\"@type\":\"SearchAction\",\"target\":{\"@type\":\"EntryPoint\",\"urlTemplate\":\"https:\/\/www.legalvision.fr\/guides-juridiques\/?s={search_term_string}\"},\"query-input\":{\"@type\":\"PropertyValueSpecification\",\"valueRequired\":true,\"valueName\":\"search_term_string\"}}],\"inLanguage\":\"fr-FR\"},{\"@type\":\"Organization\",\"@id\":\"https:\/\/www.legalvision.fr\/guides-juridiques\/#organization\",\"name\":\"Guides juridiques\",\"url\":\"https:\/\/www.legalvision.fr\/guides-juridiques\/\",\"logo\":{\"@type\":\"ImageObject\",\"inLanguage\":\"fr-FR\",\"@id\":\"https:\/\/www.legalvision.fr\/guides-juridiques\/#\/schema\/logo\/image\/\",\"url\":\"https:\/\/www.legalvision.fr\/guides-juridiques\/wp-content\/uploads\/2022\/10\/LV-Logotype.png\",\"contentUrl\":\"https:\/\/www.legalvision.fr\/guides-juridiques\/wp-content\/uploads\/2022\/10\/LV-Logotype.png\",\"width\":647,\"height\":125,\"caption\":\"Guides juridiques\"},\"image\":{\"@id\":\"https:\/\/www.legalvision.fr\/guides-juridiques\/#\/schema\/logo\/image\/\"}},{\"@type\":\"Person\",\"@id\":\"https:\/\/www.legalvision.fr\/guides-juridiques\/#\/schema\/person\/12f1ed1428c034ed75e90dd9cd471056\",\"name\":\"Thibaud DESREUMAUX\",\"image\":{\"@type\":\"ImageObject\",\"inLanguage\":\"fr-FR\",\"@id\":\"https:\/\/www.legalvision.fr\/guides-juridiques\/#\/schema\/person\/image\/\",\"url\":\"https:\/\/www.legalvision.fr\/guides-juridiques\/wp-content\/uploads\/2023\/07\/cropped-homme12-96x96.png\",\"contentUrl\":\"https:\/\/www.legalvision.fr\/guides-juridiques\/wp-content\/uploads\/2023\/07\/cropped-homme12-96x96.png\",\"caption\":\"Thibaud DESREUMAUX\"},\"description\":\"Thibaud est juriste au sein de LegalVision. Titulaire d'un Master 2 Droit de la propri\u00e9t\u00e9 intellectuelle obtenu \u00e0 l'Universit\u00e9 Jean Moulin Lyon 3, il est particuli\u00e8rement int\u00e9ress\u00e9 par le Legaltech.\",\"url\":\"https:\/\/www.legalvision.fr\/guides-juridiques\/author\/thibaud-desreumaux\/\"}]}<\/script>\n<!-- \/ Yoast SEO plugin. -->","yoast_head_json":{"title":"Cession de parts sociales de SARL avec changement de g\u00e9rant","description":"Vous voulez en savoir plus sur la cession de parts sociales de SARL avec changement de g\u00e9rant. Consultez l'article r\u00e9dig\u00e9 par l'\u00e9quipe Legalvision.","robots":{"index":"index","follow":"follow","max-snippet":"max-snippet:-1","max-image-preview":"max-image-preview:large","max-video-preview":"max-video-preview:-1"},"canonical":"https:\/\/www.legalvision.fr\/guides-juridiques\/sarl\/cession-de-parts-sociales-sarl-avec-changement-de-gerant\/","og_locale":"fr_FR","og_type":"article","og_title":"Cession de parts sociales de SARL avec changement de g\u00e9rant","og_description":"Vous voulez en savoir plus sur la cession de parts sociales de SARL avec changement de g\u00e9rant. Consultez l'article r\u00e9dig\u00e9 par l'\u00e9quipe Legalvision.","og_url":"https:\/\/www.legalvision.fr\/guides-juridiques\/sarl\/cession-de-parts-sociales-sarl-avec-changement-de-gerant\/","og_site_name":"Guides juridiques","article_published_time":"2019-08-29T06:30:56+00:00","article_modified_time":"2024-01-23T17:00:15+00:00","og_image":[{"width":958,"height":350,"url":"https:\/\/www.legalvision.fr\/guides-juridiques\/wp-content\/uploads\/2019\/08\/cession-de-parts-sociales-de-SARL-avec-changement-de-g\u00e9rant.jpg","type":"image\/jpeg"}],"author":"Thibaud DESREUMAUX","twitter_card":"summary_large_image","twitter_misc":{"\u00c9crit par":"Thibaud DESREUMAUX","Dur\u00e9e de lecture estim\u00e9e":"10 minutes"},"schema":{"@context":"https:\/\/schema.org","@graph":[{"@type":"Article","@id":"https:\/\/www.legalvision.fr\/guides-juridiques\/sarl\/cession-de-parts-sociales-sarl-avec-changement-de-gerant\/#article","isPartOf":{"@id":"https:\/\/www.legalvision.fr\/guides-juridiques\/sarl\/cession-de-parts-sociales-sarl-avec-changement-de-gerant\/"},"author":{"name":"Thibaud DESREUMAUX","@id":"https:\/\/www.legalvision.fr\/guides-juridiques\/#\/schema\/person\/12f1ed1428c034ed75e90dd9cd471056"},"headline":"Tout savoir sur la cession de parts sociales SARL avec changement de g\u00e9rant","datePublished":"2019-08-29T06:30:56+00:00","dateModified":"2024-01-23T17:00:15+00:00","mainEntityOfPage":{"@id":"https:\/\/www.legalvision.fr\/guides-juridiques\/sarl\/cession-de-parts-sociales-sarl-avec-changement-de-gerant\/"},"wordCount":2159,"commentCount":2,"publisher":{"@id":"https:\/\/www.legalvision.fr\/guides-juridiques\/#organization"},"image":{"@id":"https:\/\/www.legalvision.fr\/guides-juridiques\/sarl\/cession-de-parts-sociales-sarl-avec-changement-de-gerant\/#primaryimage"},"thumbnailUrl":"https:\/\/www.legalvision.fr\/guides-juridiques\/wp-content\/uploads\/2019\/08\/cession-de-parts-sociales-de-SARL-avec-changement-de-g\u00e9rant.jpg","articleSection":["SARL"],"inLanguage":"fr-FR","potentialAction":[{"@type":"CommentAction","name":"Comment","target":["https:\/\/www.legalvision.fr\/guides-juridiques\/sarl\/cession-de-parts-sociales-sarl-avec-changement-de-gerant\/#respond"]}]},{"@type":"WebPage","@id":"https:\/\/www.legalvision.fr\/guides-juridiques\/sarl\/cession-de-parts-sociales-sarl-avec-changement-de-gerant\/","url":"https:\/\/www.legalvision.fr\/guides-juridiques\/sarl\/cession-de-parts-sociales-sarl-avec-changement-de-gerant\/","name":"Cession de parts sociales de SARL avec changement de g\u00e9rant","isPartOf":{"@id":"https:\/\/www.legalvision.fr\/guides-juridiques\/#website"},"primaryImageOfPage":{"@id":"https:\/\/www.legalvision.fr\/guides-juridiques\/sarl\/cession-de-parts-sociales-sarl-avec-changement-de-gerant\/#primaryimage"},"image":{"@id":"https:\/\/www.legalvision.fr\/guides-juridiques\/sarl\/cession-de-parts-sociales-sarl-avec-changement-de-gerant\/#primaryimage"},"thumbnailUrl":"https:\/\/www.legalvision.fr\/guides-juridiques\/wp-content\/uploads\/2019\/08\/cession-de-parts-sociales-de-SARL-avec-changement-de-g\u00e9rant.jpg","datePublished":"2019-08-29T06:30:56+00:00","dateModified":"2024-01-23T17:00:15+00:00","description":"Vous voulez en savoir plus sur la cession de parts sociales de SARL avec changement de g\u00e9rant. Consultez l'article r\u00e9dig\u00e9 par l'\u00e9quipe Legalvision.","breadcrumb":{"@id":"https:\/\/www.legalvision.fr\/guides-juridiques\/sarl\/cession-de-parts-sociales-sarl-avec-changement-de-gerant\/#breadcrumb"},"inLanguage":"fr-FR","potentialAction":[{"@type":"ReadAction","target":["https:\/\/www.legalvision.fr\/guides-juridiques\/sarl\/cession-de-parts-sociales-sarl-avec-changement-de-gerant\/"]}]},{"@type":"ImageObject","inLanguage":"fr-FR","@id":"https:\/\/www.legalvision.fr\/guides-juridiques\/sarl\/cession-de-parts-sociales-sarl-avec-changement-de-gerant\/#primaryimage","url":"https:\/\/www.legalvision.fr\/guides-juridiques\/wp-content\/uploads\/2019\/08\/cession-de-parts-sociales-de-SARL-avec-changement-de-g\u00e9rant.jpg","contentUrl":"https:\/\/www.legalvision.fr\/guides-juridiques\/wp-content\/uploads\/2019\/08\/cession-de-parts-sociales-de-SARL-avec-changement-de-g\u00e9rant.jpg","width":958,"height":350,"caption":"cession de parts sociales de SARL avec changement de g\u00e9rant"},{"@type":"BreadcrumbList","@id":"https:\/\/www.legalvision.fr\/guides-juridiques\/sarl\/cession-de-parts-sociales-sarl-avec-changement-de-gerant\/#breadcrumb","itemListElement":[{"@type":"ListItem","position":1,"name":"Accueil","item":"https:\/\/www.legalvision.fr\/guides-juridiques\/"},{"@type":"ListItem","position":2,"name":"SARL","item":"https:\/\/www.legalvision.fr\/guides-juridiques\/sarl\/"},{"@type":"ListItem","position":3,"name":"Tout savoir sur la cession de parts sociales SARL avec changement de g\u00e9rant"}]},{"@type":"WebSite","@id":"https:\/\/www.legalvision.fr\/guides-juridiques\/#website","url":"https:\/\/www.legalvision.fr\/guides-juridiques\/","name":"Guides juridiques","description":"L&#039;information juridique \u00e0 destination des entreprises et TPE","publisher":{"@id":"https:\/\/www.legalvision.fr\/guides-juridiques\/#organization"},"potentialAction":[{"@type":"SearchAction","target":{"@type":"EntryPoint","urlTemplate":"https:\/\/www.legalvision.fr\/guides-juridiques\/?s={search_term_string}"},"query-input":{"@type":"PropertyValueSpecification","valueRequired":true,"valueName":"search_term_string"}}],"inLanguage":"fr-FR"},{"@type":"Organization","@id":"https:\/\/www.legalvision.fr\/guides-juridiques\/#organization","name":"Guides juridiques","url":"https:\/\/www.legalvision.fr\/guides-juridiques\/","logo":{"@type":"ImageObject","inLanguage":"fr-FR","@id":"https:\/\/www.legalvision.fr\/guides-juridiques\/#\/schema\/logo\/image\/","url":"https:\/\/www.legalvision.fr\/guides-juridiques\/wp-content\/uploads\/2022\/10\/LV-Logotype.png","contentUrl":"https:\/\/www.legalvision.fr\/guides-juridiques\/wp-content\/uploads\/2022\/10\/LV-Logotype.png","width":647,"height":125,"caption":"Guides juridiques"},"image":{"@id":"https:\/\/www.legalvision.fr\/guides-juridiques\/#\/schema\/logo\/image\/"}},{"@type":"Person","@id":"https:\/\/www.legalvision.fr\/guides-juridiques\/#\/schema\/person\/12f1ed1428c034ed75e90dd9cd471056","name":"Thibaud DESREUMAUX","image":{"@type":"ImageObject","inLanguage":"fr-FR","@id":"https:\/\/www.legalvision.fr\/guides-juridiques\/#\/schema\/person\/image\/","url":"https:\/\/www.legalvision.fr\/guides-juridiques\/wp-content\/uploads\/2023\/07\/cropped-homme12-96x96.png","contentUrl":"https:\/\/www.legalvision.fr\/guides-juridiques\/wp-content\/uploads\/2023\/07\/cropped-homme12-96x96.png","caption":"Thibaud DESREUMAUX"},"description":"Thibaud est juriste au sein de LegalVision. Titulaire d'un Master 2 Droit de la propri\u00e9t\u00e9 intellectuelle obtenu \u00e0 l'Universit\u00e9 Jean Moulin Lyon 3, il est particuli\u00e8rement int\u00e9ress\u00e9 par le Legaltech.","url":"https:\/\/www.legalvision.fr\/guides-juridiques\/author\/thibaud-desreumaux\/"}]}},"_links":{"self":[{"href":"https:\/\/www.legalvision.fr\/guides-juridiques\/wp-json\/wp\/v2\/posts\/25792","targetHints":{"allow":["GET"]}}],"collection":[{"href":"https:\/\/www.legalvision.fr\/guides-juridiques\/wp-json\/wp\/v2\/posts"}],"about":[{"href":"https:\/\/www.legalvision.fr\/guides-juridiques\/wp-json\/wp\/v2\/types\/post"}],"author":[{"embeddable":true,"href":"https:\/\/www.legalvision.fr\/guides-juridiques\/wp-json\/wp\/v2\/users\/60"}],"replies":[{"embeddable":true,"href":"https:\/\/www.legalvision.fr\/guides-juridiques\/wp-json\/wp\/v2\/comments?post=25792"}],"version-history":[{"count":21,"href":"https:\/\/www.legalvision.fr\/guides-juridiques\/wp-json\/wp\/v2\/posts\/25792\/revisions"}],"predecessor-version":[{"id":43394,"href":"https:\/\/www.legalvision.fr\/guides-juridiques\/wp-json\/wp\/v2\/posts\/25792\/revisions\/43394"}],"wp:featuredmedia":[{"embeddable":true,"href":"https:\/\/www.legalvision.fr\/guides-juridiques\/wp-json\/wp\/v2\/media\/25821"}],"wp:attachment":[{"href":"https:\/\/www.legalvision.fr\/guides-juridiques\/wp-json\/wp\/v2\/media?parent=25792"}],"wp:term":[{"taxonomy":"category","embeddable":true,"href":"https:\/\/www.legalvision.fr\/guides-juridiques\/wp-json\/wp\/v2\/categories?post=25792"},{"taxonomy":"post_tag","embeddable":true,"href":"https:\/\/www.legalvision.fr\/guides-juridiques\/wp-json\/wp\/v2\/tags?post=25792"}],"curies":[{"name":"wp","href":"https:\/\/api.w.org\/{rel}","templated":true}]}}