{"id":255,"date":"2017-01-20T09:00:59","date_gmt":"2017-01-20T08:00:59","guid":{"rendered":"https:\/\/blog.legalvision.fr\/?p=255"},"modified":"2022-03-27T21:21:16","modified_gmt":"2022-03-27T19:21:16","slug":"assurance-responsabilite-civile-professionnelle","status":"publish","type":"post","link":"https:\/\/www.legalvision.fr\/guides-juridiques\/creer-son-entreprise\/assurance-responsabilite-civile-professionnelle\/","title":{"rendered":"L\u2019assurance responsabilit\u00e9 civile professionnelle en quelques points"},"content":{"rendered":"<p style=\"text-align: justify;\">Imaginez qu\u2019un de vos salari\u00e9s commette une <strong>erreur causant des pr\u00e9judices pour votre client<\/strong>. Cela peut vous co\u00fbter tr\u00e8s cher. Heureusement le l\u00e9gislateur fran\u00e7ais a pr\u00e9vu l\u2019<strong>assurance responsabilit\u00e9 civile professionnelle<\/strong> pour prot\u00e9ger votre entreprise en couvrant financi\u00e8rement les dommages caus\u00e9s \u00e0 un tiers dans le cadre de votre activit\u00e9 professionnelle. <a href=\"https:\/\/www.legalvision.fr\/\" target=\"_blank\" rel=\"noopener noreferrer\">LegalVision, l&rsquo;expert des formalit\u00e9s juridiques en ligne<\/a>, vous explique plus en d\u00e9tails pourquoi il peut-\u00eatre int\u00e9ressant de souscrire \u00e0 cette assurance et les risques qu&rsquo;elle couvre.<\/p>\n<h3 style=\"text-align: justify;\">Sommaire :<\/h3>\n<p style=\"text-align: left;\"><strong><a href=\"#I\">L\u2019assurance responsabilit\u00e9 civile professionnelle est-elle obligatoire ?<\/a><\/strong><br \/>\n<strong> <a href=\"#II\">Pourquoi souscrire \u00e0 cette assurance ?<\/a><\/strong><br \/>\n<strong> <a href=\"#III\">Quels sont les risques couverts ?<\/a><\/strong><\/p>\n<div class=\"wp-block-button\" style=\"text-align:center;\"><a class=\"wp-block-button__link has-background\" href=\"https:\/\/www.legalvision.fr\/tous-les-services\/\">Commencer ma cr\u00e9ation d&rsquo;entreprise<\/a><\/div>\n<h2 id=\"I\">L\u2019assurance responsabilit\u00e9 civile professionnelle est-elle obligatoire ?<\/h2>\n<p style=\"text-align: justify;\">En France, l\u2019assurance responsabilit\u00e9 civile professionnelle, commun\u00e9ment appel\u00e9e <strong>assurance RC pro<\/strong>, est <strong>facultative, sauf pour les professions dites \u00ab r\u00e9glement\u00e9es\u00a0\u00bb<\/strong>. Ces professions sont soumises \u00e0 des dispositions l\u00e9gislatives, r\u00e9glementaires et administratives sp\u00e9cifiques et dont l\u2019acc\u00e8s est soumis \u00e0 plusieurs crit\u00e8res. On peut citer entre autres\u00a0:<\/p>\n<ul style=\"text-align: justify;\">\n<li style=\"list-style-type: none\">\n<ul style=\"text-align: justify;\">\n<li>les professionnels de la sant\u00e9,<\/li>\n<li>les professionnels du droit,<\/li>\n<li>les experts-comptables,<\/li>\n<li>les agents d\u2019assurance,<\/li>\n<li>les agents immobiliers,<\/li>\n<li>les professionnels de la construction et du b\u00e2timent<\/li>\n<\/ul>\n<\/li>\n<\/ul>\n<h2 id=\"II\">Pourquoi souscrire \u00e0 cette assurance ?<\/h2>\n<p style=\"text-align: justify;\">Quel que soit le secteur d\u2019activit\u00e9 dans lequel on \u00e9volue, on n\u2019est jamais \u00e0 l\u2019abri des risques et des \u00ab\u00a0mauvaises surprises\u00a0\u00bb\u00a0: un salari\u00e9 se blesse dans vos locaux, un client vous poursuit pour non-respect d\u2019un engagement contractuel, vous commettez des erreurs, des omissions ou un acte de n\u00e9gligence, etc.<\/p>\n<p style=\"text-align: justify;\">Bien qu\u2019elle ne soit pas obligatoire, <strong>l\u2019assurance RC pro<\/strong> est fortement recommand\u00e9e, car <strong>elle s\u00e9curise la p\u00e9rennit\u00e9 de votre entreprise<\/strong>. En effet, en l\u2019absence de cette couverture, vous serez amen\u00e9 \u00e0 verser des dommages et int\u00e9r\u00eats pour indemniser la victime et cela pourrait avoir des cons\u00e9quences f\u00e2cheuses sur votre tr\u00e9sorerie.<\/p>\n<h2 id=\"III\">Quels sont les risques couverts ?<\/h2>\n<p style=\"text-align: justify;\"><strong>L\u2019assurance responsabilit\u00e9 civile professionnelle\u00a0couvre tous les dommages entra\u00eenant des pr\u00e9judices \u00e0 un tiers<\/strong>. On entend par l\u00e0 une personne physique ou morale. Il peut s\u2019agir d\u2019un client, d\u2019un fournisseur ou d\u2019un salari\u00e9 de votre entreprise. Les dommages s\u2019appliquent \u00e9galement aux biens et mat\u00e9riels qui vous sont confi\u00e9s.<\/p>\n<p style=\"text-align: justify;\">faut savoir que <strong>vous \u00eates tenu responsable<\/strong> \u00e0 partir du moment o\u00f9 les dommages en question sont caus\u00e9s par vous-m\u00eame, vos collaborateurs, vos \u00e9quipements professionnels, vos locaux et m\u00eame vos sous-traitants lorsque le contrat le pr\u00e9voit.<\/p>\n<p style=\"text-align: justify;\">On distingue trois cat\u00e9gories de dommages, \u00e0 savoir les dommages :<\/p>\n<ul style=\"text-align: justify;\">\n<li style=\"list-style-type: none\">\n<ul style=\"text-align: justify;\">\n<li style=\"list-style-type: none;\">\n<ul style=\"text-align: justify;\">\n<li>\n<em>Physiques<\/em><strong>\u00a0<\/strong>: un client tr\u00e9buche \u00e0 cause d\u2019un objet situ\u00e9 au mauvais endroit et se casse le bras ou bien vous commettez une erreur m\u00e9dicale<\/li>\n<li>\n<em>Mat\u00e9riels\u00a0<\/em>: le produit que vous venez de livrer \u00e0 un client pr\u00e9sente un d\u00e9faut de fabrication<\/li>\n<li>\n<em>Financiers<\/em>\u00a0: le dommage subi par votre client entra\u00eene des pertes financi\u00e8res ou un manque \u00e0 gagner<\/li>\n<\/ul>\n<\/li>\n<\/ul>\n<\/li>\n<\/ul>\n<p style=\"text-align: justify;\">En gros, l\u2019assurance responsabilit\u00e9 civile professionnelle couvre un large champ de pr\u00e9judices, notamment\u00a0:<\/p>\n<ul style=\"text-align: justify;\">\n<li style=\"list-style-type: none\">\n<ul style=\"text-align: justify;\">\n<li style=\"list-style-type: none;\">\n<ul>\n<li style=\"text-align: justify;\">La n\u00e9gligence et l\u2019imprudence<\/li>\n<li style=\"text-align: justify;\">Les fautes professionnelles<\/li>\n<li style=\"text-align: justify;\">Les retards dans la livraison ou la r\u00e9alisation de vos prestations<\/li>\n<li style=\"text-align: justify;\">Les produits non conformes<\/li>\n<li style=\"text-align: justify;\">L\u2019assistance technique inadapt\u00e9e et bien d\u2019autres<\/li>\n<\/ul>\n<\/li>\n<\/ul>\n<\/li>\n<\/ul>\n<p><\/p>\n<div class=\"wp-block-button\" style=\"text-align:center;\"><a class=\"wp-block-button__link has-background\" href=\"https:\/\/www.legalvision.fr\/tous-les-services\/\">Commencer ma cr\u00e9ation d&rsquo;entreprise<\/a><\/div>\n","protected":false},"excerpt":{"rendered":"<p>Imaginez qu\u2019un de vos salari\u00e9s commette une erreur causant des pr\u00e9judices pour votre client. Cela peut vous co\u00fbter tr\u00e8s cher. Heureusement le l\u00e9gislateur fran\u00e7ais a pr\u00e9vu l\u2019assurance responsabilit\u00e9 civile professionnelle pour prot\u00e9ger votre entreprise en couvrant financi\u00e8rement les dommages caus\u00e9s \u00e0 un tiers dans le cadre de votre activit\u00e9 professionnelle. LegalVision, l&rsquo;expert des formalit\u00e9s juridiques&hellip; <a class=\"more-link\" href=\"https:\/\/www.legalvision.fr\/guides-juridiques\/creer-son-entreprise\/assurance-responsabilite-civile-professionnelle\/\">Poursuivre la lecture <span class=\"screen-reader-text\">L\u2019assurance responsabilit\u00e9 civile professionnelle en quelques points<\/span><\/a><\/p>\n","protected":false},"author":4,"featured_media":21490,"comment_status":"open","ping_status":"open","sticky":false,"template":"","format":"standard","meta":{"content-type":"","inline_featured_image":false,"footnotes":""},"categories":[2481],"tags":[],"class_list":["post-255","post","type-post","status-publish","format-standard","has-post-thumbnail","hentry","category-creer-son-entreprise","entry"],"yoast_head":"<!-- This site is optimized with the Yoast SEO plugin v27.1.1 - https:\/\/yoast.com\/product\/yoast-seo-wordpress\/ -->\n<title>Tout savoir sur l\u2019assurance responsabilit\u00e9 civile professionnelle<\/title>\n<meta name=\"description\" content=\"LegalVision vous explique plus en d\u00e9tails les tenants et aboutissants de l&#039;assurance responsabilit\u00e9 civile professionnelle.\" \/>\n<meta name=\"robots\" content=\"index, follow, max-snippet:-1, max-image-preview:large, max-video-preview:-1\" \/>\n<link rel=\"canonical\" href=\"https:\/\/www.legalvision.fr\/guides-juridiques\/creer-son-entreprise\/assurance-responsabilite-civile-professionnelle\/\" \/>\n<meta property=\"og:locale\" content=\"fr_FR\" \/>\n<meta property=\"og:type\" content=\"article\" \/>\n<meta property=\"og:title\" content=\"Tout savoir sur l\u2019assurance responsabilit\u00e9 civile professionnelle\" \/>\n<meta property=\"og:description\" content=\"LegalVision vous explique plus en d\u00e9tails les tenants et aboutissants de l&#039;assurance responsabilit\u00e9 civile professionnelle.\" \/>\n<meta property=\"og:url\" content=\"https:\/\/www.legalvision.fr\/guides-juridiques\/creer-son-entreprise\/assurance-responsabilite-civile-professionnelle\/\" \/>\n<meta property=\"og:site_name\" content=\"Guides juridiques\" \/>\n<meta property=\"article:author\" content=\"https:\/\/www.facebook.com\/legalvision.fr\/\" \/>\n<meta property=\"article:published_time\" content=\"2017-01-20T08:00:59+00:00\" \/>\n<meta property=\"article:modified_time\" content=\"2022-03-27T19:21:16+00:00\" \/>\n<meta property=\"og:image\" content=\"https:\/\/www.legalvision.fr\/guides-juridiques\/wp-content\/uploads\/2017\/01\/responsabilit\u00e9-civile-professionnelle.jpg\" \/>\n\t<meta property=\"og:image:width\" content=\"958\" \/>\n\t<meta property=\"og:image:height\" content=\"350\" \/>\n\t<meta property=\"og:image:type\" content=\"image\/jpeg\" \/>\n<meta name=\"author\" content=\"Paola Bourd\" \/>\n<meta name=\"twitter:card\" content=\"summary_large_image\" \/>\n<meta name=\"twitter:creator\" content=\"@https:\/\/twitter.com\/Legalvision_fr\" \/>\n<meta name=\"twitter:label1\" content=\"\u00c9crit par\" \/>\n\t<meta name=\"twitter:data1\" content=\"Paola Bourd\" \/>\n\t<meta name=\"twitter:label2\" content=\"Dur\u00e9e de lecture estim\u00e9e\" \/>\n\t<meta name=\"twitter:data2\" content=\"3 minutes\" \/>\n<script type=\"application\/ld+json\" class=\"yoast-schema-graph\">{\"@context\":\"https:\/\/schema.org\",\"@graph\":[{\"@type\":\"Article\",\"@id\":\"https:\/\/www.legalvision.fr\/guides-juridiques\/creer-son-entreprise\/assurance-responsabilite-civile-professionnelle\/#article\",\"isPartOf\":{\"@id\":\"https:\/\/www.legalvision.fr\/guides-juridiques\/creer-son-entreprise\/assurance-responsabilite-civile-professionnelle\/\"},\"author\":{\"name\":\"Paola Bourd\",\"@id\":\"https:\/\/www.legalvision.fr\/guides-juridiques\/#\/schema\/person\/77b6c0c34a728c9d3962c49775e58edf\"},\"headline\":\"L\u2019assurance responsabilit\u00e9 civile professionnelle en quelques points\",\"datePublished\":\"2017-01-20T08:00:59+00:00\",\"dateModified\":\"2022-03-27T19:21:16+00:00\",\"mainEntityOfPage\":{\"@id\":\"https:\/\/www.legalvision.fr\/guides-juridiques\/creer-son-entreprise\/assurance-responsabilite-civile-professionnelle\/\"},\"wordCount\":554,\"commentCount\":12,\"publisher\":{\"@id\":\"https:\/\/www.legalvision.fr\/guides-juridiques\/#organization\"},\"image\":{\"@id\":\"https:\/\/www.legalvision.fr\/guides-juridiques\/creer-son-entreprise\/assurance-responsabilite-civile-professionnelle\/#primaryimage\"},\"thumbnailUrl\":\"https:\/\/www.legalvision.fr\/guides-juridiques\/wp-content\/uploads\/2017\/01\/responsabilit\u00e9-civile-professionnelle.jpg\",\"articleSection\":[\"Cr\u00e9er son entreprise\"],\"inLanguage\":\"fr-FR\",\"potentialAction\":[{\"@type\":\"CommentAction\",\"name\":\"Comment\",\"target\":[\"https:\/\/www.legalvision.fr\/guides-juridiques\/creer-son-entreprise\/assurance-responsabilite-civile-professionnelle\/#respond\"]}]},{\"@type\":\"WebPage\",\"@id\":\"https:\/\/www.legalvision.fr\/guides-juridiques\/creer-son-entreprise\/assurance-responsabilite-civile-professionnelle\/\",\"url\":\"https:\/\/www.legalvision.fr\/guides-juridiques\/creer-son-entreprise\/assurance-responsabilite-civile-professionnelle\/\",\"name\":\"Tout savoir sur l\u2019assurance responsabilit\u00e9 civile professionnelle\",\"isPartOf\":{\"@id\":\"https:\/\/www.legalvision.fr\/guides-juridiques\/#website\"},\"primaryImageOfPage\":{\"@id\":\"https:\/\/www.legalvision.fr\/guides-juridiques\/creer-son-entreprise\/assurance-responsabilite-civile-professionnelle\/#primaryimage\"},\"image\":{\"@id\":\"https:\/\/www.legalvision.fr\/guides-juridiques\/creer-son-entreprise\/assurance-responsabilite-civile-professionnelle\/#primaryimage\"},\"thumbnailUrl\":\"https:\/\/www.legalvision.fr\/guides-juridiques\/wp-content\/uploads\/2017\/01\/responsabilit\u00e9-civile-professionnelle.jpg\",\"datePublished\":\"2017-01-20T08:00:59+00:00\",\"dateModified\":\"2022-03-27T19:21:16+00:00\",\"description\":\"LegalVision vous explique plus en d\u00e9tails les tenants et aboutissants de l'assurance responsabilit\u00e9 civile professionnelle.\",\"breadcrumb\":{\"@id\":\"https:\/\/www.legalvision.fr\/guides-juridiques\/creer-son-entreprise\/assurance-responsabilite-civile-professionnelle\/#breadcrumb\"},\"inLanguage\":\"fr-FR\",\"potentialAction\":[{\"@type\":\"ReadAction\",\"target\":[\"https:\/\/www.legalvision.fr\/guides-juridiques\/creer-son-entreprise\/assurance-responsabilite-civile-professionnelle\/\"]}]},{\"@type\":\"ImageObject\",\"inLanguage\":\"fr-FR\",\"@id\":\"https:\/\/www.legalvision.fr\/guides-juridiques\/creer-son-entreprise\/assurance-responsabilite-civile-professionnelle\/#primaryimage\",\"url\":\"https:\/\/www.legalvision.fr\/guides-juridiques\/wp-content\/uploads\/2017\/01\/responsabilit\u00e9-civile-professionnelle.jpg\",\"contentUrl\":\"https:\/\/www.legalvision.fr\/guides-juridiques\/wp-content\/uploads\/2017\/01\/responsabilit\u00e9-civile-professionnelle.jpg\",\"width\":958,\"height\":350,\"caption\":\"responsabilit\u00e9 civile professionnelle\"},{\"@type\":\"BreadcrumbList\",\"@id\":\"https:\/\/www.legalvision.fr\/guides-juridiques\/creer-son-entreprise\/assurance-responsabilite-civile-professionnelle\/#breadcrumb\",\"itemListElement\":[{\"@type\":\"ListItem\",\"position\":1,\"name\":\"Accueil\",\"item\":\"https:\/\/www.legalvision.fr\/guides-juridiques\/\"},{\"@type\":\"ListItem\",\"position\":2,\"name\":\"Cr\u00e9er son entreprise\",\"item\":\"https:\/\/www.legalvision.fr\/guides-juridiques\/creer-son-entreprise\/\"},{\"@type\":\"ListItem\",\"position\":3,\"name\":\"L\u2019assurance responsabilit\u00e9 civile professionnelle en quelques points\"}]},{\"@type\":\"WebSite\",\"@id\":\"https:\/\/www.legalvision.fr\/guides-juridiques\/#website\",\"url\":\"https:\/\/www.legalvision.fr\/guides-juridiques\/\",\"name\":\"Guides juridiques\",\"description\":\"L&#039;information juridique \u00e0 destination des entreprises et TPE\",\"publisher\":{\"@id\":\"https:\/\/www.legalvision.fr\/guides-juridiques\/#organization\"},\"potentialAction\":[{\"@type\":\"SearchAction\",\"target\":{\"@type\":\"EntryPoint\",\"urlTemplate\":\"https:\/\/www.legalvision.fr\/guides-juridiques\/?s={search_term_string}\"},\"query-input\":{\"@type\":\"PropertyValueSpecification\",\"valueRequired\":true,\"valueName\":\"search_term_string\"}}],\"inLanguage\":\"fr-FR\"},{\"@type\":\"Organization\",\"@id\":\"https:\/\/www.legalvision.fr\/guides-juridiques\/#organization\",\"name\":\"Guides juridiques\",\"url\":\"https:\/\/www.legalvision.fr\/guides-juridiques\/\",\"logo\":{\"@type\":\"ImageObject\",\"inLanguage\":\"fr-FR\",\"@id\":\"https:\/\/www.legalvision.fr\/guides-juridiques\/#\/schema\/logo\/image\/\",\"url\":\"https:\/\/www.legalvision.fr\/guides-juridiques\/wp-content\/uploads\/2022\/10\/LV-Logotype.png\",\"contentUrl\":\"https:\/\/www.legalvision.fr\/guides-juridiques\/wp-content\/uploads\/2022\/10\/LV-Logotype.png\",\"width\":647,\"height\":125,\"caption\":\"Guides juridiques\"},\"image\":{\"@id\":\"https:\/\/www.legalvision.fr\/guides-juridiques\/#\/schema\/logo\/image\/\"}},{\"@type\":\"Person\",\"@id\":\"https:\/\/www.legalvision.fr\/guides-juridiques\/#\/schema\/person\/77b6c0c34a728c9d3962c49775e58edf\",\"name\":\"Paola Bourd\",\"image\":{\"@type\":\"ImageObject\",\"inLanguage\":\"fr-FR\",\"@id\":\"https:\/\/www.legalvision.fr\/guides-juridiques\/#\/schema\/person\/image\/\",\"url\":\"https:\/\/secure.gravatar.com\/avatar\/2192a621346f4ee03fcfa490efe7857a25414b5518ff9b25761bdd9bc968f2f9?s=96&d=mm&r=g\",\"contentUrl\":\"https:\/\/secure.gravatar.com\/avatar\/2192a621346f4ee03fcfa490efe7857a25414b5518ff9b25761bdd9bc968f2f9?s=96&d=mm&r=g\",\"caption\":\"Paola Bourd\"},\"description\":\"Apr\u00e8s 4 ans de droit Paola s'est reconvertie dans le marketing digital et travaille d\u00e9sormais dans la start-up LegalVision, le service de formalit\u00e9s juridiques en ligne. Passionn\u00e9e par le digital et de droit, elle publie des articles sur l'entrepreneuriat et le droit des soci\u00e9t\u00e9s.\",\"sameAs\":[\"https:\/\/www.legalvision.fr\/\",\"https:\/\/www.facebook.com\/legalvision.fr\/\",\"https:\/\/www.instagram.com\/legalvision.fr\/\",\"https:\/\/www.linkedin.com\/company\/legalvision-fr\/\",\"https:\/\/x.com\/https:\/\/twitter.com\/Legalvision_fr\"],\"url\":\"https:\/\/www.legalvision.fr\/guides-juridiques\/author\/paola\/\"}]}<\/script>\n<!-- \/ Yoast SEO plugin. -->","yoast_head_json":{"title":"Tout savoir sur l\u2019assurance responsabilit\u00e9 civile professionnelle","description":"LegalVision vous explique plus en d\u00e9tails les tenants et aboutissants de l'assurance responsabilit\u00e9 civile professionnelle.","robots":{"index":"index","follow":"follow","max-snippet":"max-snippet:-1","max-image-preview":"max-image-preview:large","max-video-preview":"max-video-preview:-1"},"canonical":"https:\/\/www.legalvision.fr\/guides-juridiques\/creer-son-entreprise\/assurance-responsabilite-civile-professionnelle\/","og_locale":"fr_FR","og_type":"article","og_title":"Tout savoir sur l\u2019assurance responsabilit\u00e9 civile professionnelle","og_description":"LegalVision vous explique plus en d\u00e9tails les tenants et aboutissants de l'assurance responsabilit\u00e9 civile professionnelle.","og_url":"https:\/\/www.legalvision.fr\/guides-juridiques\/creer-son-entreprise\/assurance-responsabilite-civile-professionnelle\/","og_site_name":"Guides juridiques","article_author":"https:\/\/www.facebook.com\/legalvision.fr\/","article_published_time":"2017-01-20T08:00:59+00:00","article_modified_time":"2022-03-27T19:21:16+00:00","og_image":[{"width":958,"height":350,"url":"https:\/\/www.legalvision.fr\/guides-juridiques\/wp-content\/uploads\/2017\/01\/responsabilit\u00e9-civile-professionnelle.jpg","type":"image\/jpeg"}],"author":"Paola Bourd","twitter_card":"summary_large_image","twitter_creator":"@https:\/\/twitter.com\/Legalvision_fr","twitter_misc":{"\u00c9crit par":"Paola Bourd","Dur\u00e9e de lecture estim\u00e9e":"3 minutes"},"schema":{"@context":"https:\/\/schema.org","@graph":[{"@type":"Article","@id":"https:\/\/www.legalvision.fr\/guides-juridiques\/creer-son-entreprise\/assurance-responsabilite-civile-professionnelle\/#article","isPartOf":{"@id":"https:\/\/www.legalvision.fr\/guides-juridiques\/creer-son-entreprise\/assurance-responsabilite-civile-professionnelle\/"},"author":{"name":"Paola Bourd","@id":"https:\/\/www.legalvision.fr\/guides-juridiques\/#\/schema\/person\/77b6c0c34a728c9d3962c49775e58edf"},"headline":"L\u2019assurance responsabilit\u00e9 civile professionnelle en quelques points","datePublished":"2017-01-20T08:00:59+00:00","dateModified":"2022-03-27T19:21:16+00:00","mainEntityOfPage":{"@id":"https:\/\/www.legalvision.fr\/guides-juridiques\/creer-son-entreprise\/assurance-responsabilite-civile-professionnelle\/"},"wordCount":554,"commentCount":12,"publisher":{"@id":"https:\/\/www.legalvision.fr\/guides-juridiques\/#organization"},"image":{"@id":"https:\/\/www.legalvision.fr\/guides-juridiques\/creer-son-entreprise\/assurance-responsabilite-civile-professionnelle\/#primaryimage"},"thumbnailUrl":"https:\/\/www.legalvision.fr\/guides-juridiques\/wp-content\/uploads\/2017\/01\/responsabilit\u00e9-civile-professionnelle.jpg","articleSection":["Cr\u00e9er son entreprise"],"inLanguage":"fr-FR","potentialAction":[{"@type":"CommentAction","name":"Comment","target":["https:\/\/www.legalvision.fr\/guides-juridiques\/creer-son-entreprise\/assurance-responsabilite-civile-professionnelle\/#respond"]}]},{"@type":"WebPage","@id":"https:\/\/www.legalvision.fr\/guides-juridiques\/creer-son-entreprise\/assurance-responsabilite-civile-professionnelle\/","url":"https:\/\/www.legalvision.fr\/guides-juridiques\/creer-son-entreprise\/assurance-responsabilite-civile-professionnelle\/","name":"Tout savoir sur l\u2019assurance responsabilit\u00e9 civile professionnelle","isPartOf":{"@id":"https:\/\/www.legalvision.fr\/guides-juridiques\/#website"},"primaryImageOfPage":{"@id":"https:\/\/www.legalvision.fr\/guides-juridiques\/creer-son-entreprise\/assurance-responsabilite-civile-professionnelle\/#primaryimage"},"image":{"@id":"https:\/\/www.legalvision.fr\/guides-juridiques\/creer-son-entreprise\/assurance-responsabilite-civile-professionnelle\/#primaryimage"},"thumbnailUrl":"https:\/\/www.legalvision.fr\/guides-juridiques\/wp-content\/uploads\/2017\/01\/responsabilit\u00e9-civile-professionnelle.jpg","datePublished":"2017-01-20T08:00:59+00:00","dateModified":"2022-03-27T19:21:16+00:00","description":"LegalVision vous explique plus en d\u00e9tails les tenants et aboutissants de l'assurance responsabilit\u00e9 civile professionnelle.","breadcrumb":{"@id":"https:\/\/www.legalvision.fr\/guides-juridiques\/creer-son-entreprise\/assurance-responsabilite-civile-professionnelle\/#breadcrumb"},"inLanguage":"fr-FR","potentialAction":[{"@type":"ReadAction","target":["https:\/\/www.legalvision.fr\/guides-juridiques\/creer-son-entreprise\/assurance-responsabilite-civile-professionnelle\/"]}]},{"@type":"ImageObject","inLanguage":"fr-FR","@id":"https:\/\/www.legalvision.fr\/guides-juridiques\/creer-son-entreprise\/assurance-responsabilite-civile-professionnelle\/#primaryimage","url":"https:\/\/www.legalvision.fr\/guides-juridiques\/wp-content\/uploads\/2017\/01\/responsabilit\u00e9-civile-professionnelle.jpg","contentUrl":"https:\/\/www.legalvision.fr\/guides-juridiques\/wp-content\/uploads\/2017\/01\/responsabilit\u00e9-civile-professionnelle.jpg","width":958,"height":350,"caption":"responsabilit\u00e9 civile professionnelle"},{"@type":"BreadcrumbList","@id":"https:\/\/www.legalvision.fr\/guides-juridiques\/creer-son-entreprise\/assurance-responsabilite-civile-professionnelle\/#breadcrumb","itemListElement":[{"@type":"ListItem","position":1,"name":"Accueil","item":"https:\/\/www.legalvision.fr\/guides-juridiques\/"},{"@type":"ListItem","position":2,"name":"Cr\u00e9er son entreprise","item":"https:\/\/www.legalvision.fr\/guides-juridiques\/creer-son-entreprise\/"},{"@type":"ListItem","position":3,"name":"L\u2019assurance responsabilit\u00e9 civile professionnelle en quelques points"}]},{"@type":"WebSite","@id":"https:\/\/www.legalvision.fr\/guides-juridiques\/#website","url":"https:\/\/www.legalvision.fr\/guides-juridiques\/","name":"Guides juridiques","description":"L&#039;information juridique \u00e0 destination des entreprises et TPE","publisher":{"@id":"https:\/\/www.legalvision.fr\/guides-juridiques\/#organization"},"potentialAction":[{"@type":"SearchAction","target":{"@type":"EntryPoint","urlTemplate":"https:\/\/www.legalvision.fr\/guides-juridiques\/?s={search_term_string}"},"query-input":{"@type":"PropertyValueSpecification","valueRequired":true,"valueName":"search_term_string"}}],"inLanguage":"fr-FR"},{"@type":"Organization","@id":"https:\/\/www.legalvision.fr\/guides-juridiques\/#organization","name":"Guides juridiques","url":"https:\/\/www.legalvision.fr\/guides-juridiques\/","logo":{"@type":"ImageObject","inLanguage":"fr-FR","@id":"https:\/\/www.legalvision.fr\/guides-juridiques\/#\/schema\/logo\/image\/","url":"https:\/\/www.legalvision.fr\/guides-juridiques\/wp-content\/uploads\/2022\/10\/LV-Logotype.png","contentUrl":"https:\/\/www.legalvision.fr\/guides-juridiques\/wp-content\/uploads\/2022\/10\/LV-Logotype.png","width":647,"height":125,"caption":"Guides juridiques"},"image":{"@id":"https:\/\/www.legalvision.fr\/guides-juridiques\/#\/schema\/logo\/image\/"}},{"@type":"Person","@id":"https:\/\/www.legalvision.fr\/guides-juridiques\/#\/schema\/person\/77b6c0c34a728c9d3962c49775e58edf","name":"Paola Bourd","image":{"@type":"ImageObject","inLanguage":"fr-FR","@id":"https:\/\/www.legalvision.fr\/guides-juridiques\/#\/schema\/person\/image\/","url":"https:\/\/secure.gravatar.com\/avatar\/2192a621346f4ee03fcfa490efe7857a25414b5518ff9b25761bdd9bc968f2f9?s=96&d=mm&r=g","contentUrl":"https:\/\/secure.gravatar.com\/avatar\/2192a621346f4ee03fcfa490efe7857a25414b5518ff9b25761bdd9bc968f2f9?s=96&d=mm&r=g","caption":"Paola Bourd"},"description":"Apr\u00e8s 4 ans de droit Paola s'est reconvertie dans le marketing digital et travaille d\u00e9sormais dans la start-up LegalVision, le service de formalit\u00e9s juridiques en ligne. Passionn\u00e9e par le digital et de droit, elle publie des articles sur l'entrepreneuriat et le droit des soci\u00e9t\u00e9s.","sameAs":["https:\/\/www.legalvision.fr\/","https:\/\/www.facebook.com\/legalvision.fr\/","https:\/\/www.instagram.com\/legalvision.fr\/","https:\/\/www.linkedin.com\/company\/legalvision-fr\/","https:\/\/x.com\/https:\/\/twitter.com\/Legalvision_fr"],"url":"https:\/\/www.legalvision.fr\/guides-juridiques\/author\/paola\/"}]}},"_links":{"self":[{"href":"https:\/\/www.legalvision.fr\/guides-juridiques\/wp-json\/wp\/v2\/posts\/255","targetHints":{"allow":["GET"]}}],"collection":[{"href":"https:\/\/www.legalvision.fr\/guides-juridiques\/wp-json\/wp\/v2\/posts"}],"about":[{"href":"https:\/\/www.legalvision.fr\/guides-juridiques\/wp-json\/wp\/v2\/types\/post"}],"author":[{"embeddable":true,"href":"https:\/\/www.legalvision.fr\/guides-juridiques\/wp-json\/wp\/v2\/users\/4"}],"replies":[{"embeddable":true,"href":"https:\/\/www.legalvision.fr\/guides-juridiques\/wp-json\/wp\/v2\/comments?post=255"}],"version-history":[{"count":0,"href":"https:\/\/www.legalvision.fr\/guides-juridiques\/wp-json\/wp\/v2\/posts\/255\/revisions"}],"wp:featuredmedia":[{"embeddable":true,"href":"https:\/\/www.legalvision.fr\/guides-juridiques\/wp-json\/wp\/v2\/media\/21490"}],"wp:attachment":[{"href":"https:\/\/www.legalvision.fr\/guides-juridiques\/wp-json\/wp\/v2\/media?parent=255"}],"wp:term":[{"taxonomy":"category","embeddable":true,"href":"https:\/\/www.legalvision.fr\/guides-juridiques\/wp-json\/wp\/v2\/categories?post=255"},{"taxonomy":"post_tag","embeddable":true,"href":"https:\/\/www.legalvision.fr\/guides-juridiques\/wp-json\/wp\/v2\/tags?post=255"}],"curies":[{"name":"wp","href":"https:\/\/api.w.org\/{rel}","templated":true}]}}