{"id":25329,"date":"2019-08-23T07:30:07","date_gmt":"2019-08-23T06:30:07","guid":{"rendered":"https:\/\/blog.legalvision.fr\/?p=25329"},"modified":"2022-03-27T21:20:50","modified_gmt":"2022-03-27T19:20:50","slug":"convention-forfait-jours-comment-ca-marche","status":"publish","type":"post","link":"https:\/\/www.legalvision.fr\/guides-juridiques\/droit-du-travail\/convention-forfait-jours-comment-ca-marche\/","title":{"rendered":"Quelles sp\u00e9cificit\u00e9s pour la convention de forfait jours ?"},"content":{"rendered":"<p>Les conventions de forfait sont des conventions conclues par \u00e9crit entre l&#8217;employeur et le salari\u00e9. Elles permettent de pr\u00e9voir une dur\u00e9e de travail diff\u00e9rente de celle pr\u00e9vue l\u00e9galement ou conventionnellement. En outre, elles repr\u00e9sentent une entorse aux heures suppl\u00e9mentaires. Cependant, il faut bien distinguer la convention de forfait heures, et la convention de forfait jours :\n<\/p>\n<ul>\n<li>D&rsquo;une part, la convention de forfait heures peut \u00eatre hebdomadaire, mensuelle ou annuelle.<\/li>\n<li>La convention de forfait jours, elle, ne peut \u00eatre qu&rsquo;annuelle.<\/li>\n<\/ul>\n<p>La convention forfait en heures se contente de contractualiser par avance, les heures suppl\u00e9mentaires. Cependant, la convention forfait jours constitue elle, une entorse plus importante aux heures suppl\u00e9mentaires.<\/p>\n<p><a href=\"https:\/\/www.legalvision.fr\/\">LegalVision<\/a> revient alors pour vous, sur la convention de forfait jours, afin de tout vous expliquer sur ce m\u00e9canisme !<\/p>\n<h3>Sommaire :<\/h3>\n<p><strong><a href=\"#I\">Les conditions de validit\u00e9 d&rsquo;une convention de forfait jours<\/a><\/strong><br \/>\n<strong> <a href=\"#II\">La situation du salari\u00e9 soumis \u00e0 une convention de forfait jours<\/a><\/strong><br \/>\n<strong> <a href=\"#III\">Les contreparties de la convention de forfait jours<\/a><\/strong><\/p>\n<div class=\"wp-block-button\" style=\"text-align:center;\"><a class=\"wp-block-button__link has-background\" href=\"https:\/\/www.legalvision.fr\/tous-les-services\/\">Voir les services LegalVision<\/a><\/div>\n<h2 id=\"I\">Les conditions de validit\u00e9 d&rsquo;une convention de forfait jours<\/h2>\n<p>Plusieurs conditions doivent \u00eatre remplies pour que la convention de forfait jours soit valable.<\/p>\n<h3>\u00a0Etre un cadre ou un salari\u00e9 autonome<\/h3>\n<p>Le\u00a0<strong>forfait en jours<\/strong>\u00a0permet de d\u00e9finir une r\u00e9mun\u00e9ration sur la base d&rsquo;un nombre de jours travaill\u00e9s annuellement, sans r\u00e9f\u00e9rence horaire.<\/p>\n<p>Ainsi, peuvent conclure une convention individuelle de forfait en jours sur l&rsquo;ann\u00e9e :<\/p>\n<ul>\n<li>D&rsquo;une part,<strong> les cadres<\/strong> qui disposent d&rsquo;une autonomie dans l&rsquo;organisation de leur emploi du temps et dont la nature des fonctions ne les conduit pas \u00e0 suivre l&rsquo;horaire collectif applicable au sein de l&rsquo;atelier, du service ou de l&rsquo;\u00e9quipe auquel ils sont int\u00e9gr\u00e9s,<\/li>\n<li>\n<strong>Les salari\u00e9s<\/strong> dont la dur\u00e9e du temps de travail ne peut \u00eatre pr\u00e9d\u00e9termin\u00e9e. Ils doivent disposer eux aussi, d&rsquo;une r\u00e9elle autonomie dans l&rsquo;organisation de leur emploi du temps, pour l&rsquo;exercice des responsabilit\u00e9s qui leur sont confi\u00e9es.<\/li>\n<\/ul>\n<p>L&rsquo;accord collectif autorisant le recours aux\u00a0<span class=\"Highlight\" title=\"forfait-jours\">forfaits jours<\/span>\u00a0doit d\u00e9terminer les cat\u00e9gories de salari\u00e9s concern\u00e9s.<\/p>\n<p>Le\u00a0crit\u00e8re essentiel pour d\u00e9terminer qui peut b\u00e9n\u00e9ficier d&rsquo;une\u00a0<span class=\"Highlight\" title=\"convention\">convention<\/span>\u00a0de forfait r\u00e9side, vous l&rsquo;aurez compris, dans <b>l&rsquo;autonomie<\/b>. Cette autonomie peut se retrouver \u00e0 la fois dans la fixation de l&rsquo;horaire de travail et dans le mode d&rsquo;organisation du travail.<\/p>\n<p><em>Par exemple, ne peut pas \u00eatre concern\u00e9 par une convention de forfait jours,\u00a0un salari\u00e9 dont l&#8217;emploi du temps est d\u00e9termin\u00e9 par son sup\u00e9rieur hi\u00e9rarchique, ce dernier d\u00e9finissant\u00a0le planning de ses interventions aupr\u00e8s des clients.<\/em><\/p>\n<h3>La n\u00e9cessit\u00e9 d&rsquo;un accord collectif pour la mise en place d&rsquo;une convention de forfait jours<\/h3>\n<p>Les forfaits annuels en jours sont mis en place par un <strong>accord collectif.\u00a0<\/strong>peut s&rsquo;agir d&rsquo;un accord collectif d&rsquo;entreprise ou \u00e0 d\u00e9faut, de branche.\u00a0Ainsi, une convention individuelle de forfait jours ne peut pas \u00eatre conclue entre l&#8217;employeur et un salari\u00e9, si aucun accord collectif ne\u00a0pr\u00e9voit un tel m\u00e9canisme.<\/p>\n<p>L&rsquo;accord pr\u00e9voyant la conclusion de conventions individuelles de forfait en jours sur l&rsquo;ann\u00e9e d\u00e9termine :<\/p>\n<ul>\n<li>Les cat\u00e9gories de salari\u00e9s susceptibles de conclure une convention individuelle de forfait ;<\/li>\n<li>La p\u00e9riode de r\u00e9f\u00e9rence du forfait, qui peut \u00eatre l&rsquo;ann\u00e9e civile ou toute autre p\u00e9riode de\u00a012 mois cons\u00e9cutifs ;<\/li>\n<li>Le nombre de jours compris dans le forfait, dans la limite de\u00a0218 jours ;<\/li>\n<li>Les conditions de prise en compte, pour la r\u00e9mun\u00e9ration des salari\u00e9s, des absences ainsi que des arriv\u00e9es et d\u00e9parts en cours de p\u00e9riode ;<\/li>\n<li>De plus, il pr\u00e9voit les caract\u00e9ristiques principales des conventions individuelles, qui doivent notamment fixer le nombre de jours compris dans le forfait.<\/li>\n<li>peut \u00e9galement pr\u00e9voir les modalit\u00e9s concernant la renonciation \u00e0 des jours de repos.<\/li>\n<\/ul>\n<p><strong>Qu&rsquo;en est-il en cas d&rsquo;accord de performance collective ? <\/strong>L\u2019acceptation, par le salari\u00e9 de l\u2019accord de performance collective n\u2019entra\u00eene pas d\u2019office l\u2019acceptation du forfait pour sa propre situation<strong>.<\/strong>\u00a0En effet, si un tel accord met en place un dispositif de forfait annuel en jour,\u00a0l\u2019employeur doit recueillir l\u2019accord expr\u00e8s du salari\u00e9. De plus, une convention individuelle de forfait doit \u00eatre \u00e9tablie par \u00e9crit.\u00a0Le refus du salari\u00e9 de signer\u00a0un tel document ne peut alors, justifier son licenciement.<\/p>\n<h3>Une convention de forfait jours individuelle<\/h3>\n<p>La forfaitisation de la dur\u00e9e du travail doit faire l&rsquo;objet de l&rsquo;accord du salari\u00e9 et d&rsquo;une convention individuelle de forfait \u00e9tablie par \u00e9crit.\u00a0La\u00a0<span class=\"Highlight\" title=\"convention\">convention<\/span>\u00a0de forfait est obligatoirement \u00e9crite et explicitement accept\u00e9e par le salari\u00e9.<\/p>\n<p>Elle peut prendre la forme d&rsquo;une clause du contrat ou d&rsquo;une\u00a0<span class=\"Highlight\" title=\"convention\">convention\u00a0<\/span>sp\u00e9ciale annex\u00e9e au contrat. Elle comprend :<\/p>\n<ul>\n<li>le\u00a0<b>nombre de jours travaill\u00e9s<\/b>. En effet, la\u00a0<span class=\"Highlight\" title=\"convention\">convention<\/span>\u00a0individuelle de forfait doit imp\u00e9rativement fixer un nombre pr\u00e9cis et intangible de jours \u00e0 travailler sur l&rsquo;ann\u00e9e.\u00a0Il\u00a0est possible de conclure avec un salari\u00e9 une\u00a0<span class=\"Highlight\" title=\"convention\">convention<\/span>\u00a0de forfait avec un nombre de jours r\u00e9duit (par exemple 131 jours), c&rsquo;est-\u00e0-dire inf\u00e9rieur\u00a0\u00e0 218 jours.<\/li>\n<li>les modalit\u00e9s de d\u00e9compte de ces jours et des absences, ainsi que les conditions de prise des repos et les possibilit\u00e9s de rachat de jours de repos ;<\/li>\n<li>la\u00a0<b>r\u00e9mun\u00e9ration<\/b>, celle-ci devant \u00eatre en rapport avec les suj\u00e9tions qui sont impos\u00e9es ;<\/li>\n<li>les modalit\u00e9s de surveillance de\u00a0<b>la charge de travail<\/b>\u00a0du salari\u00e9 concern\u00e9 ;<\/li>\n<li>l&rsquo;ad\u00e9quation entre le salaire et les responsabilit\u00e9s du salari\u00e9 ;<\/li>\n<li>l&rsquo;articulation entre les activit\u00e9s professionnelles du salari\u00e9 et sa vie personnelle et familiale.<\/li>\n<\/ul>\n<p>Vous souhaitez conclure <strong><a href=\"https:\/\/www.legalvision.fr\/lp\/convention-forfait-jours\">une convention de forfait en jours<\/a><\/strong> avec l&rsquo;un de vos salari\u00e9s ? Contactez LegalVision !<\/p>\n<h2 id=\"II\">La situation du salari\u00e9 soumis \u00e0 une convention de forfait jours<\/h2>\n<p>Le salari\u00e9 en forfait jours, va se retrouver dans une situation particuli\u00e8re, sur\u00a0plusieurs\u00a0points.<\/p>\n<h3>La dur\u00e9e du travail<\/h3>\n<p>La convention de forfait jours est un document original, dans la mesure o\u00f9 elle ne pr\u00e9voit pas une dur\u00e9e du travail sous forme d&rsquo;heures, mais sous forme de jours. Ainsi, en signant la convention individuelle de forfait jours, l&#8217;employeur et le salari\u00e9 se mettent d&rsquo;accord sur un nombre de jours devant \u00eatre effectu\u00e9 par le salari\u00e9. Ce nombre de jours ne peut pas \u00eatre sup\u00e9rieur \u00e0 <strong>218 jours<\/strong>. Cependant, l&rsquo;accord d&rsquo;entreprise, ou a d\u00e9faut, de branche, peut pr\u00e9voir un nombre de jours moindre.<\/p>\n<p><em>Ainsi, prenons pour exemple un accord d&rsquo;entreprise mettant en place les conventions de forfait en jours. Il pr\u00e9voit un nombre de 210 jours. Dans la convention individuelle de forfait jours, il sera alors indiqu\u00e9 \u00ab\u00a0<\/em> <em>Monsieur X consent \u00e0 travailler 210 jours par an.<\/em>\u00a0\u00bb<\/p>\n<p>Par ailleurs, les salari\u00e9s ayant conclu une convention de forfait en jours<strong> ne sont pas soumis<\/strong>\u00a0:<\/p>\n<ul>\n<li>aux dur\u00e9es hebdomadaires maximales de travail ( 48 heures et 44 heures)<\/li>\n<li>la dur\u00e9e l\u00e9gale hebdomadaire (35 heures par semaine)<\/li>\n<li>\u00e0 la dur\u00e9e quotidienne maximale de travail effectif (10 heures)<\/li>\n<\/ul>\n<h3>La protection du salari\u00e9 en convention de forfait jours<\/h3>\n<p>Le\u00a0<span class=\"Highlight\" title=\"forfait-jours\">forfait annuel en jours<\/span>\u00a0pouvait exposer les salari\u00e9s \u00e0 une dur\u00e9e hebdomadaire excessive dans la mesure o\u00f9, faute de fixation par la loi d&rsquo;une dur\u00e9e maximale, ceux-ci pourraient travailler 78 heures par semaine par exemple. Ainsi, le l\u00e9gislateur, en 2016 a introduit <strong>de nouvelles clauses obligatoires<\/strong> \u00e0 l&rsquo;accord collectif instituant les\u00a0<span class=\"Highlight\" title=\"forfait-jours\">forfaits annuels en jour :\u00a0<\/span><\/p>\n<ul>\n<li>une portant sur les modalit\u00e9s selon lesquelles le salari\u00e9 peut exercer <strong><a href=\"https:\/\/blog.legalvision.fr\/2019\/01\/28\/droit-a-la-deconnexion-comment-ca-marche\/\">son droit \u00e0 la d\u00e9connexion<\/a><\/strong> ;<\/li>\n<li>mais aussi les modalit\u00e9s d&rsquo;\u00e9valuation et de suivi r\u00e9gulier par l&#8217;employeur, de la charge de travail du salari\u00e9 ;<\/li>\n<li>enfin, les modalit\u00e9s selon lesquelles l&#8217;employeur et le salari\u00e9 communiquent p\u00e9riodiquement sur la charge de travail, sur l&rsquo;articulation activit\u00e9 professionnelle\/vie personnelle, sur sa r\u00e9mun\u00e9ration et sur l&rsquo;organisation du travail dans l&rsquo;entreprise.<\/li>\n<\/ul>\n<p><em>\u00c0 cet \u00e9gard, la jurisprudence estime que ne constitue pas une modalit\u00e9 suffisante de suivi de la charge et l&rsquo;amplitude de travail, le recours \u00e0 un syst\u00e8me auto-d\u00e9claratif par lequel le salari\u00e9 d\u00e9clare les journ\u00e9es travaill\u00e9es et les jours de repos.<\/em><\/p>\n<div class=\"article\">\n<div class=\"corpsArt\">\n<p>L&#8217;employeur doit de surplus, s&rsquo;assurer r\u00e9guli\u00e8rement que la charge de travail du salari\u00e9 est raisonnable et permet une bonne r\u00e9partition dans le temps de son travail.<\/p>\n<\/div>\n<\/div>\n<p>Par ailleurs, le salari\u00e9 en forfait jours continue de b\u00e9n\u00e9ficier des garanties l\u00e9gales pr\u00e9vues en mati\u00e8re de repos quotidien\u00a0et\u00a0hebdomadaire, de\u00a0cong\u00e9s pay\u00e9s et de\u00a0jours f\u00e9ri\u00e9s ch\u00f4m\u00e9s dans l&rsquo;entreprise.<\/p>\n<h2 id=\"III\">Les contreparties de la convention de forfait jours<\/h2>\n<p>Le salari\u00e9 en forfait jours va b\u00e9n\u00e9ficier de plusieurs\u00a0avantages, en contrepartie de son statut sp\u00e9cial.<\/p>\n<h3>La r\u00e9mun\u00e9ration<\/h3>\n<p>Le salaire est librement n\u00e9goci\u00e9, puis fix\u00e9 par les parties. N\u00e9anmoins, il doit obligatoirement \u00eatre adapt\u00e9 \u00e0 la <strong>charge de travail du salari\u00e9.<\/strong><\/p>\n<p>Ainsi, lorsqu&rsquo;un salari\u00e9 ayant conclu une convention de forfait en jours per\u00e7oit une r\u00e9mun\u00e9ration manifestement sans rapport avec les suj\u00e9tions qui lui sont impos\u00e9es, il peut, nonobstant toute clause conventionnelle ou contractuelle contraire, saisir le juge judiciaire afin que lui soit allou\u00e9e une indemnit\u00e9 calcul\u00e9e en fonction du pr\u00e9judice subi, eu \u00e9gard notamment au niveau du salaire pratiqu\u00e9 dans l&rsquo;entreprise, et correspondant \u00e0 sa qualification.<\/p>\n<p>Dans le cadre du forfait <strong>heures<\/strong>, est contractualis\u00e9 en avance, le nombre d&rsquo;heures suppl\u00e9mentaires qui seront effectu\u00e9es par le salari\u00e9. Cependant, le forfait <strong>jour<\/strong> \u00e9carte lui, le m\u00e9canisme des <strong><a href=\"https:\/\/blog.legalvision.fr\/2019\/07\/19\/heures-supplementaires-quels-sont-vos-droits\/\">heures suppl\u00e9mentaires<\/a><\/strong>.<\/p>\n<h3>La r\u00e9duction du temps de travail (RTT)<\/h3>\n<p>La r\u00e9duction du temps de travail est un dispositif qui pr\u00e9voit d&rsquo;attribuer des journ\u00e9es ou des demi-journ\u00e9es de repos \u00e0 un salari\u00e9 dont la dur\u00e9e de travail est sup\u00e9rieure \u00e0 35 heures par semaine.<\/p>\n<p>Le calcul du nombre de jours de r\u00e9duction du temps de travail (RTT) dans le cadre de la convention individuelle de forfait est r\u00e9alis\u00e9 dans les conditions suivantes\u00a0:<\/p>\n<ul>\n<li>Prendre le nombre de jours dans l&rsquo;ann\u00e9e\u00a0;<\/li>\n<li>D\u00e9duire le nombre de jours maximum de travail dans l&rsquo;ann\u00e9e\u00a0;<\/li>\n<li>Puis d\u00e9duire le nombre de jours de repos hebdomadaires (nombre de samedi et dimanche)\u00a0;<\/li>\n<li>D\u00e9duire le nombre de jours ouvr\u00e9s de cong\u00e9s pay\u00e9s\u00a0;<\/li>\n<li>Enfin, d\u00e9duire le nombre de jours f\u00e9ri\u00e9s tombant entre le lundi et le vendredi.<\/li>\n<\/ul>\n<p>Soit pour l&rsquo;ann\u00e9e 2019\u00a0: 365 &#8211; (218 + 104 + 25 + 10) = 8.<\/p>\n<p>Ainsi, pour 2019, le nombre de jours de RTT pour un salari\u00e9 au forfait jour est de <strong>8<\/strong>.<\/p>\n<h3>Convention de forfait jours : le repos<\/h3>\n<p>Le salari\u00e9 b\u00e9n\u00e9ficie d&rsquo;un certain nombre de jours de repos, pr\u00e9vu \u00e0 l&rsquo;avance.<\/p>\n<p>Toutefois, le salari\u00e9 peut renoncer \u00e0 une partie de ses jours de repos. En contrepartie, il b\u00e9n\u00e9ficie d&rsquo;une majoration de son salaire pour les jours de travail suppl\u00e9mentaires. Un accord doit alors \u00eatre \u00e9tabli par \u00e9crit entre le salari\u00e9 et l&#8217;employeur.<\/p>\n<p>Dans un tel cas, la majoration de salaire est pr\u00e9cis\u00e9e par un avenant \u00e0 la convention individuelle de forfait. Son taux est au minimum fix\u00e9 \u00e0 10%.<\/p>\n<p>Dans tous les cas, m\u00eame si le salari\u00e9 renonce \u00e0 des jours de repos, il n&rsquo;a pas la possibilit\u00e9 de d\u00e9passer <strong>235 jours<\/strong> de\u00a0travail, sauf si l&rsquo;accord ou la convention applicable dans l&rsquo;entreprise pr\u00e9voit une dur\u00e9e diff\u00e9rente.<\/p>\n<details>\n<summary><strong>Sources<\/strong> :<\/summary>\n<p><strong>Articles<\/strong><\/p>\n<ul>\n<li>\n<strong><a href=\"https:\/\/www.legifrance.gouv.fr\/affichCodeArticle.do;jsessionid=E79689E39985592F5BF21371CFA7A896.tplgfr32s_3?idArticle=LEGIARTI000033003228&amp;cidTexte=LEGITEXT000006072050&amp;dateTexte=20190820\">L.3121-58 du Code du travail<\/a><\/strong> relatif aux salari\u00e9s pouvant conclure une convention de forfait jours ;<\/li>\n<li>\n<strong><a href=\"https:\/\/www.legifrance.gouv.fr\/affichCodeArticle.do;jsessionid=E79689E39985592F5BF21371CFA7A896.tplgfr32s_3?idArticle=LEGIARTI000033003264&amp;cidTexte=LEGITEXT000006072050&amp;dateTexte=20190820\">L.3121-62 du Code du travail <\/a><\/strong>relatif aux dur\u00e9es quotidienne et hebdomadaire ;<\/li>\n<li>\n<strong><a href=\"https:\/\/www.legifrance.gouv.fr\/affichCodeArticle.do;jsessionid=E79689E39985592F5BF21371CFA7A896.tplgfr32s_3?idArticle=LEGIARTI000033003238&amp;cidTexte=LEGITEXT000006072050&amp;dateTexte=20190820\">L.3121-59 du Code du travail<\/a><\/strong> relatif \u00e0 la renonciation des jours de repos ;<\/li>\n<li>\n<strong><a href=\"https:\/\/www.legifrance.gouv.fr\/affichCodeArticle.do;jsessionid=E79689E39985592F5BF21371CFA7A896.tplgfr32s_3?idArticle=LEGIARTI000036262805&amp;cidTexte=LEGITEXT000006072050&amp;dateTexte=20190820&amp;categorieLien=id&amp;oldAction=&amp;nbResultRech=\">L.3121-64 du Code du travail<\/a><\/strong> relatif \u00e0 l&rsquo;accord d&rsquo;entreprise ou de branche mettant en place le forfait jours.<\/li>\n<\/ul>\n<\/details>\n<p><\/p>\n<div class=\"wp-block-button\" style=\"text-align:center;\"><a class=\"wp-block-button__link has-background\" href=\"https:\/\/www.legalvision.fr\/tous-les-services\/\">Voir les services LegalVision<\/a><\/div>\n","protected":false},"excerpt":{"rendered":"<p>Les conventions de forfait sont des conventions conclues par \u00e9crit entre l&#8217;employeur et le salari\u00e9. Elles permettent de pr\u00e9voir une dur\u00e9e de travail diff\u00e9rente de celle pr\u00e9vue l\u00e9galement ou conventionnellement. En outre, elles repr\u00e9sentent une entorse aux heures suppl\u00e9mentaires. Cependant, il faut bien distinguer la convention de forfait heures, et la convention de forfait jours&hellip; <a class=\"more-link\" href=\"https:\/\/www.legalvision.fr\/guides-juridiques\/droit-du-travail\/convention-forfait-jours-comment-ca-marche\/\">Poursuivre la lecture <span class=\"screen-reader-text\">Quelles sp\u00e9cificit\u00e9s pour la convention de forfait jours ?<\/span><\/a><\/p>\n","protected":false},"author":30,"featured_media":25393,"comment_status":"open","ping_status":"open","sticky":false,"template":"","format":"standard","meta":{"content-type":"","inline_featured_image":false,"footnotes":""},"categories":[2485],"tags":[],"class_list":["post-25329","post","type-post","status-publish","format-standard","has-post-thumbnail","hentry","category-droit-du-travail","entry"],"yoast_head":"<!-- This site is optimized with the Yoast SEO plugin v27.1.1 - https:\/\/yoast.com\/product\/yoast-seo-wordpress\/ -->\n<title>Convention de forfait jours : comment y avoir recours ?<\/title>\n<meta name=\"description\" content=\"La convention de forfait jours, m\u00e9canisme tr\u00e8s encadr\u00e9, permet au salari\u00e9 de connaitre \u00e0 l&#039;avance, le nombre de jours qu&#039;il doit travailler dans l&#039;ann\u00e9e.\" \/>\n<meta name=\"robots\" content=\"index, follow, max-snippet:-1, max-image-preview:large, max-video-preview:-1\" \/>\n<link rel=\"canonical\" href=\"https:\/\/www.legalvision.fr\/guides-juridiques\/droit-du-travail\/convention-forfait-jours-comment-ca-marche\/\" \/>\n<meta property=\"og:locale\" content=\"fr_FR\" \/>\n<meta property=\"og:type\" content=\"article\" \/>\n<meta property=\"og:title\" content=\"Convention de forfait jours : comment y avoir recours ?\" \/>\n<meta property=\"og:description\" content=\"La convention de forfait jours, m\u00e9canisme tr\u00e8s encadr\u00e9, permet au salari\u00e9 de connaitre \u00e0 l&#039;avance, le nombre de jours qu&#039;il doit travailler dans l&#039;ann\u00e9e.\" \/>\n<meta property=\"og:url\" content=\"https:\/\/www.legalvision.fr\/guides-juridiques\/droit-du-travail\/convention-forfait-jours-comment-ca-marche\/\" \/>\n<meta property=\"og:site_name\" content=\"Guides juridiques\" \/>\n<meta property=\"article:published_time\" content=\"2019-08-23T06:30:07+00:00\" \/>\n<meta property=\"article:modified_time\" content=\"2022-03-27T19:20:50+00:00\" \/>\n<meta property=\"og:image\" content=\"https:\/\/www.legalvision.fr\/guides-juridiques\/wp-content\/uploads\/2019\/08\/convention-de-forfait-jours.jpg\" \/>\n\t<meta property=\"og:image:width\" content=\"958\" \/>\n\t<meta property=\"og:image:height\" content=\"350\" \/>\n\t<meta property=\"og:image:type\" content=\"image\/jpeg\" \/>\n<meta name=\"author\" content=\"William Lebrun\" \/>\n<meta name=\"twitter:card\" content=\"summary_large_image\" \/>\n<meta name=\"twitter:label1\" content=\"\u00c9crit par\" \/>\n\t<meta name=\"twitter:data1\" content=\"William Lebrun\" \/>\n\t<meta name=\"twitter:label2\" content=\"Dur\u00e9e de lecture estim\u00e9e\" \/>\n\t<meta name=\"twitter:data2\" content=\"10 minutes\" \/>\n<script type=\"application\/ld+json\" class=\"yoast-schema-graph\">{\"@context\":\"https:\/\/schema.org\",\"@graph\":[{\"@type\":\"Article\",\"@id\":\"https:\/\/www.legalvision.fr\/guides-juridiques\/droit-du-travail\/convention-forfait-jours-comment-ca-marche\/#article\",\"isPartOf\":{\"@id\":\"https:\/\/www.legalvision.fr\/guides-juridiques\/droit-du-travail\/convention-forfait-jours-comment-ca-marche\/\"},\"author\":{\"name\":\"William Lebrun\",\"@id\":\"https:\/\/www.legalvision.fr\/guides-juridiques\/#\/schema\/person\/3d24d0c20575138ed212b2e4b6f7b4b0\"},\"headline\":\"Quelles sp\u00e9cificit\u00e9s pour la convention de forfait jours ?\",\"datePublished\":\"2019-08-23T06:30:07+00:00\",\"dateModified\":\"2022-03-27T19:20:50+00:00\",\"mainEntityOfPage\":{\"@id\":\"https:\/\/www.legalvision.fr\/guides-juridiques\/droit-du-travail\/convention-forfait-jours-comment-ca-marche\/\"},\"wordCount\":2005,\"commentCount\":4,\"publisher\":{\"@id\":\"https:\/\/www.legalvision.fr\/guides-juridiques\/#organization\"},\"image\":{\"@id\":\"https:\/\/www.legalvision.fr\/guides-juridiques\/droit-du-travail\/convention-forfait-jours-comment-ca-marche\/#primaryimage\"},\"thumbnailUrl\":\"https:\/\/www.legalvision.fr\/guides-juridiques\/wp-content\/uploads\/2019\/08\/convention-de-forfait-jours.jpg\",\"articleSection\":[\"Droit du travail\"],\"inLanguage\":\"fr-FR\",\"potentialAction\":[{\"@type\":\"CommentAction\",\"name\":\"Comment\",\"target\":[\"https:\/\/www.legalvision.fr\/guides-juridiques\/droit-du-travail\/convention-forfait-jours-comment-ca-marche\/#respond\"]}]},{\"@type\":\"WebPage\",\"@id\":\"https:\/\/www.legalvision.fr\/guides-juridiques\/droit-du-travail\/convention-forfait-jours-comment-ca-marche\/\",\"url\":\"https:\/\/www.legalvision.fr\/guides-juridiques\/droit-du-travail\/convention-forfait-jours-comment-ca-marche\/\",\"name\":\"Convention de forfait jours : comment y avoir recours ?\",\"isPartOf\":{\"@id\":\"https:\/\/www.legalvision.fr\/guides-juridiques\/#website\"},\"primaryImageOfPage\":{\"@id\":\"https:\/\/www.legalvision.fr\/guides-juridiques\/droit-du-travail\/convention-forfait-jours-comment-ca-marche\/#primaryimage\"},\"image\":{\"@id\":\"https:\/\/www.legalvision.fr\/guides-juridiques\/droit-du-travail\/convention-forfait-jours-comment-ca-marche\/#primaryimage\"},\"thumbnailUrl\":\"https:\/\/www.legalvision.fr\/guides-juridiques\/wp-content\/uploads\/2019\/08\/convention-de-forfait-jours.jpg\",\"datePublished\":\"2019-08-23T06:30:07+00:00\",\"dateModified\":\"2022-03-27T19:20:50+00:00\",\"description\":\"La convention de forfait jours, m\u00e9canisme tr\u00e8s encadr\u00e9, permet au salari\u00e9 de connaitre \u00e0 l'avance, le nombre de jours qu'il doit travailler dans l'ann\u00e9e.\",\"breadcrumb\":{\"@id\":\"https:\/\/www.legalvision.fr\/guides-juridiques\/droit-du-travail\/convention-forfait-jours-comment-ca-marche\/#breadcrumb\"},\"inLanguage\":\"fr-FR\",\"potentialAction\":[{\"@type\":\"ReadAction\",\"target\":[\"https:\/\/www.legalvision.fr\/guides-juridiques\/droit-du-travail\/convention-forfait-jours-comment-ca-marche\/\"]}]},{\"@type\":\"ImageObject\",\"inLanguage\":\"fr-FR\",\"@id\":\"https:\/\/www.legalvision.fr\/guides-juridiques\/droit-du-travail\/convention-forfait-jours-comment-ca-marche\/#primaryimage\",\"url\":\"https:\/\/www.legalvision.fr\/guides-juridiques\/wp-content\/uploads\/2019\/08\/convention-de-forfait-jours.jpg\",\"contentUrl\":\"https:\/\/www.legalvision.fr\/guides-juridiques\/wp-content\/uploads\/2019\/08\/convention-de-forfait-jours.jpg\",\"width\":958,\"height\":350,\"caption\":\"convention de forfait jours\"},{\"@type\":\"BreadcrumbList\",\"@id\":\"https:\/\/www.legalvision.fr\/guides-juridiques\/droit-du-travail\/convention-forfait-jours-comment-ca-marche\/#breadcrumb\",\"itemListElement\":[{\"@type\":\"ListItem\",\"position\":1,\"name\":\"Accueil\",\"item\":\"https:\/\/www.legalvision.fr\/guides-juridiques\/\"},{\"@type\":\"ListItem\",\"position\":2,\"name\":\"Droit du travail\",\"item\":\"https:\/\/www.legalvision.fr\/guides-juridiques\/droit-du-travail\/\"},{\"@type\":\"ListItem\",\"position\":3,\"name\":\"Quelles sp\u00e9cificit\u00e9s pour la convention de forfait jours ?\"}]},{\"@type\":\"WebSite\",\"@id\":\"https:\/\/www.legalvision.fr\/guides-juridiques\/#website\",\"url\":\"https:\/\/www.legalvision.fr\/guides-juridiques\/\",\"name\":\"Guides juridiques\",\"description\":\"L&#039;information juridique \u00e0 destination des entreprises et TPE\",\"publisher\":{\"@id\":\"https:\/\/www.legalvision.fr\/guides-juridiques\/#organization\"},\"potentialAction\":[{\"@type\":\"SearchAction\",\"target\":{\"@type\":\"EntryPoint\",\"urlTemplate\":\"https:\/\/www.legalvision.fr\/guides-juridiques\/?s={search_term_string}\"},\"query-input\":{\"@type\":\"PropertyValueSpecification\",\"valueRequired\":true,\"valueName\":\"search_term_string\"}}],\"inLanguage\":\"fr-FR\"},{\"@type\":\"Organization\",\"@id\":\"https:\/\/www.legalvision.fr\/guides-juridiques\/#organization\",\"name\":\"Guides juridiques\",\"url\":\"https:\/\/www.legalvision.fr\/guides-juridiques\/\",\"logo\":{\"@type\":\"ImageObject\",\"inLanguage\":\"fr-FR\",\"@id\":\"https:\/\/www.legalvision.fr\/guides-juridiques\/#\/schema\/logo\/image\/\",\"url\":\"https:\/\/www.legalvision.fr\/guides-juridiques\/wp-content\/uploads\/2022\/10\/LV-Logotype.png\",\"contentUrl\":\"https:\/\/www.legalvision.fr\/guides-juridiques\/wp-content\/uploads\/2022\/10\/LV-Logotype.png\",\"width\":647,\"height\":125,\"caption\":\"Guides juridiques\"},\"image\":{\"@id\":\"https:\/\/www.legalvision.fr\/guides-juridiques\/#\/schema\/logo\/image\/\"}},{\"@type\":\"Person\",\"@id\":\"https:\/\/www.legalvision.fr\/guides-juridiques\/#\/schema\/person\/3d24d0c20575138ed212b2e4b6f7b4b0\",\"name\":\"William Lebrun\",\"image\":{\"@type\":\"ImageObject\",\"inLanguage\":\"fr-FR\",\"@id\":\"https:\/\/www.legalvision.fr\/guides-juridiques\/#\/schema\/person\/image\/\",\"url\":\"https:\/\/www.legalvision.fr\/guides-juridiques\/wp-content\/uploads\/2023\/07\/cropped-homme1-96x96.png\",\"contentUrl\":\"https:\/\/www.legalvision.fr\/guides-juridiques\/wp-content\/uploads\/2023\/07\/cropped-homme1-96x96.png\",\"caption\":\"William Lebrun\"},\"description\":\"B\u00e9n\u00e9ficiant de la formation d'un double dipl\u00f4me en droit des affaires et en \u00e9cole de commerce, j'ai un fort attrait pour le droit des soci\u00e9t\u00e9s. Je r\u00e9dige des articles pour vous aider sur vos probl\u00e9matiques.\",\"url\":\"https:\/\/www.legalvision.fr\/guides-juridiques\/author\/aina-rakoto\/\"}]}<\/script>\n<!-- \/ Yoast SEO plugin. -->","yoast_head_json":{"title":"Convention de forfait jours : comment y avoir recours ?","description":"La convention de forfait jours, m\u00e9canisme tr\u00e8s encadr\u00e9, permet au salari\u00e9 de connaitre \u00e0 l'avance, le nombre de jours qu'il doit travailler dans l'ann\u00e9e.","robots":{"index":"index","follow":"follow","max-snippet":"max-snippet:-1","max-image-preview":"max-image-preview:large","max-video-preview":"max-video-preview:-1"},"canonical":"https:\/\/www.legalvision.fr\/guides-juridiques\/droit-du-travail\/convention-forfait-jours-comment-ca-marche\/","og_locale":"fr_FR","og_type":"article","og_title":"Convention de forfait jours : comment y avoir recours ?","og_description":"La convention de forfait jours, m\u00e9canisme tr\u00e8s encadr\u00e9, permet au salari\u00e9 de connaitre \u00e0 l'avance, le nombre de jours qu'il doit travailler dans l'ann\u00e9e.","og_url":"https:\/\/www.legalvision.fr\/guides-juridiques\/droit-du-travail\/convention-forfait-jours-comment-ca-marche\/","og_site_name":"Guides juridiques","article_published_time":"2019-08-23T06:30:07+00:00","article_modified_time":"2022-03-27T19:20:50+00:00","og_image":[{"width":958,"height":350,"url":"https:\/\/www.legalvision.fr\/guides-juridiques\/wp-content\/uploads\/2019\/08\/convention-de-forfait-jours.jpg","type":"image\/jpeg"}],"author":"William Lebrun","twitter_card":"summary_large_image","twitter_misc":{"\u00c9crit par":"William Lebrun","Dur\u00e9e de lecture estim\u00e9e":"10 minutes"},"schema":{"@context":"https:\/\/schema.org","@graph":[{"@type":"Article","@id":"https:\/\/www.legalvision.fr\/guides-juridiques\/droit-du-travail\/convention-forfait-jours-comment-ca-marche\/#article","isPartOf":{"@id":"https:\/\/www.legalvision.fr\/guides-juridiques\/droit-du-travail\/convention-forfait-jours-comment-ca-marche\/"},"author":{"name":"William Lebrun","@id":"https:\/\/www.legalvision.fr\/guides-juridiques\/#\/schema\/person\/3d24d0c20575138ed212b2e4b6f7b4b0"},"headline":"Quelles sp\u00e9cificit\u00e9s pour la convention de forfait jours ?","datePublished":"2019-08-23T06:30:07+00:00","dateModified":"2022-03-27T19:20:50+00:00","mainEntityOfPage":{"@id":"https:\/\/www.legalvision.fr\/guides-juridiques\/droit-du-travail\/convention-forfait-jours-comment-ca-marche\/"},"wordCount":2005,"commentCount":4,"publisher":{"@id":"https:\/\/www.legalvision.fr\/guides-juridiques\/#organization"},"image":{"@id":"https:\/\/www.legalvision.fr\/guides-juridiques\/droit-du-travail\/convention-forfait-jours-comment-ca-marche\/#primaryimage"},"thumbnailUrl":"https:\/\/www.legalvision.fr\/guides-juridiques\/wp-content\/uploads\/2019\/08\/convention-de-forfait-jours.jpg","articleSection":["Droit du travail"],"inLanguage":"fr-FR","potentialAction":[{"@type":"CommentAction","name":"Comment","target":["https:\/\/www.legalvision.fr\/guides-juridiques\/droit-du-travail\/convention-forfait-jours-comment-ca-marche\/#respond"]}]},{"@type":"WebPage","@id":"https:\/\/www.legalvision.fr\/guides-juridiques\/droit-du-travail\/convention-forfait-jours-comment-ca-marche\/","url":"https:\/\/www.legalvision.fr\/guides-juridiques\/droit-du-travail\/convention-forfait-jours-comment-ca-marche\/","name":"Convention de forfait jours : comment y avoir recours ?","isPartOf":{"@id":"https:\/\/www.legalvision.fr\/guides-juridiques\/#website"},"primaryImageOfPage":{"@id":"https:\/\/www.legalvision.fr\/guides-juridiques\/droit-du-travail\/convention-forfait-jours-comment-ca-marche\/#primaryimage"},"image":{"@id":"https:\/\/www.legalvision.fr\/guides-juridiques\/droit-du-travail\/convention-forfait-jours-comment-ca-marche\/#primaryimage"},"thumbnailUrl":"https:\/\/www.legalvision.fr\/guides-juridiques\/wp-content\/uploads\/2019\/08\/convention-de-forfait-jours.jpg","datePublished":"2019-08-23T06:30:07+00:00","dateModified":"2022-03-27T19:20:50+00:00","description":"La convention de forfait jours, m\u00e9canisme tr\u00e8s encadr\u00e9, permet au salari\u00e9 de connaitre \u00e0 l'avance, le nombre de jours qu'il doit travailler dans l'ann\u00e9e.","breadcrumb":{"@id":"https:\/\/www.legalvision.fr\/guides-juridiques\/droit-du-travail\/convention-forfait-jours-comment-ca-marche\/#breadcrumb"},"inLanguage":"fr-FR","potentialAction":[{"@type":"ReadAction","target":["https:\/\/www.legalvision.fr\/guides-juridiques\/droit-du-travail\/convention-forfait-jours-comment-ca-marche\/"]}]},{"@type":"ImageObject","inLanguage":"fr-FR","@id":"https:\/\/www.legalvision.fr\/guides-juridiques\/droit-du-travail\/convention-forfait-jours-comment-ca-marche\/#primaryimage","url":"https:\/\/www.legalvision.fr\/guides-juridiques\/wp-content\/uploads\/2019\/08\/convention-de-forfait-jours.jpg","contentUrl":"https:\/\/www.legalvision.fr\/guides-juridiques\/wp-content\/uploads\/2019\/08\/convention-de-forfait-jours.jpg","width":958,"height":350,"caption":"convention de forfait jours"},{"@type":"BreadcrumbList","@id":"https:\/\/www.legalvision.fr\/guides-juridiques\/droit-du-travail\/convention-forfait-jours-comment-ca-marche\/#breadcrumb","itemListElement":[{"@type":"ListItem","position":1,"name":"Accueil","item":"https:\/\/www.legalvision.fr\/guides-juridiques\/"},{"@type":"ListItem","position":2,"name":"Droit du travail","item":"https:\/\/www.legalvision.fr\/guides-juridiques\/droit-du-travail\/"},{"@type":"ListItem","position":3,"name":"Quelles sp\u00e9cificit\u00e9s pour la convention de forfait jours ?"}]},{"@type":"WebSite","@id":"https:\/\/www.legalvision.fr\/guides-juridiques\/#website","url":"https:\/\/www.legalvision.fr\/guides-juridiques\/","name":"Guides juridiques","description":"L&#039;information juridique \u00e0 destination des entreprises et TPE","publisher":{"@id":"https:\/\/www.legalvision.fr\/guides-juridiques\/#organization"},"potentialAction":[{"@type":"SearchAction","target":{"@type":"EntryPoint","urlTemplate":"https:\/\/www.legalvision.fr\/guides-juridiques\/?s={search_term_string}"},"query-input":{"@type":"PropertyValueSpecification","valueRequired":true,"valueName":"search_term_string"}}],"inLanguage":"fr-FR"},{"@type":"Organization","@id":"https:\/\/www.legalvision.fr\/guides-juridiques\/#organization","name":"Guides juridiques","url":"https:\/\/www.legalvision.fr\/guides-juridiques\/","logo":{"@type":"ImageObject","inLanguage":"fr-FR","@id":"https:\/\/www.legalvision.fr\/guides-juridiques\/#\/schema\/logo\/image\/","url":"https:\/\/www.legalvision.fr\/guides-juridiques\/wp-content\/uploads\/2022\/10\/LV-Logotype.png","contentUrl":"https:\/\/www.legalvision.fr\/guides-juridiques\/wp-content\/uploads\/2022\/10\/LV-Logotype.png","width":647,"height":125,"caption":"Guides juridiques"},"image":{"@id":"https:\/\/www.legalvision.fr\/guides-juridiques\/#\/schema\/logo\/image\/"}},{"@type":"Person","@id":"https:\/\/www.legalvision.fr\/guides-juridiques\/#\/schema\/person\/3d24d0c20575138ed212b2e4b6f7b4b0","name":"William Lebrun","image":{"@type":"ImageObject","inLanguage":"fr-FR","@id":"https:\/\/www.legalvision.fr\/guides-juridiques\/#\/schema\/person\/image\/","url":"https:\/\/www.legalvision.fr\/guides-juridiques\/wp-content\/uploads\/2023\/07\/cropped-homme1-96x96.png","contentUrl":"https:\/\/www.legalvision.fr\/guides-juridiques\/wp-content\/uploads\/2023\/07\/cropped-homme1-96x96.png","caption":"William Lebrun"},"description":"B\u00e9n\u00e9ficiant de la formation d'un double dipl\u00f4me en droit des affaires et en \u00e9cole de commerce, j'ai un fort attrait pour le droit des soci\u00e9t\u00e9s. Je r\u00e9dige des articles pour vous aider sur vos probl\u00e9matiques.","url":"https:\/\/www.legalvision.fr\/guides-juridiques\/author\/aina-rakoto\/"}]}},"_links":{"self":[{"href":"https:\/\/www.legalvision.fr\/guides-juridiques\/wp-json\/wp\/v2\/posts\/25329","targetHints":{"allow":["GET"]}}],"collection":[{"href":"https:\/\/www.legalvision.fr\/guides-juridiques\/wp-json\/wp\/v2\/posts"}],"about":[{"href":"https:\/\/www.legalvision.fr\/guides-juridiques\/wp-json\/wp\/v2\/types\/post"}],"author":[{"embeddable":true,"href":"https:\/\/www.legalvision.fr\/guides-juridiques\/wp-json\/wp\/v2\/users\/30"}],"replies":[{"embeddable":true,"href":"https:\/\/www.legalvision.fr\/guides-juridiques\/wp-json\/wp\/v2\/comments?post=25329"}],"version-history":[{"count":0,"href":"https:\/\/www.legalvision.fr\/guides-juridiques\/wp-json\/wp\/v2\/posts\/25329\/revisions"}],"wp:featuredmedia":[{"embeddable":true,"href":"https:\/\/www.legalvision.fr\/guides-juridiques\/wp-json\/wp\/v2\/media\/25393"}],"wp:attachment":[{"href":"https:\/\/www.legalvision.fr\/guides-juridiques\/wp-json\/wp\/v2\/media?parent=25329"}],"wp:term":[{"taxonomy":"category","embeddable":true,"href":"https:\/\/www.legalvision.fr\/guides-juridiques\/wp-json\/wp\/v2\/categories?post=25329"},{"taxonomy":"post_tag","embeddable":true,"href":"https:\/\/www.legalvision.fr\/guides-juridiques\/wp-json\/wp\/v2\/tags?post=25329"}],"curies":[{"name":"wp","href":"https:\/\/api.w.org\/{rel}","templated":true}]}}