{"id":24901,"date":"2019-08-15T07:30:03","date_gmt":"2019-08-15T06:30:03","guid":{"rendered":"https:\/\/blog.legalvision.fr\/?p=24901"},"modified":"2023-11-22T11:00:38","modified_gmt":"2023-11-22T10:00:38","slug":"nomination-de-co-gerant","status":"publish","type":"post","link":"https:\/\/www.legalvision.fr\/guides-juridiques\/dirigeant-de-societe\/nomination-de-co-gerant\/","title":{"rendered":"Nomination d&rsquo;un co-g\u00e9rant, les points \u00e0 conna\u00eetre"},"content":{"rendered":"\t\t<div data-elementor-type=\"wp-post\" data-elementor-id=\"24901\" class=\"elementor elementor-24901\" data-elementor-post-type=\"post\">\n\t\t\t\t<div data-particle_enable=\"false\" data-particle-mobile-disabled=\"false\" class=\"elementor-element elementor-element-908e057 e-flex e-con-boxed e-con e-parent\" data-id=\"908e057\" data-element_type=\"container\" data-e-type=\"container\">\n\t\t\t\t\t<div class=\"e-con-inner\">\n\t\t\t\t<div class=\"elementor-element elementor-element-b727b09 elementor-widget elementor-widget-text-editor\" data-id=\"b727b09\" data-element_type=\"widget\" data-e-type=\"widget\" data-widget_type=\"text-editor.default\">\n\t\t\t\t<div class=\"elementor-widget-container\">\n\t\t\t\t\t\t\t\t\t<p>La gestion d&rsquo;une soci\u00e9t\u00e9 est parfois une t\u00e2che particuli\u00e8rement complexe. En cons\u00e9quence, malgr\u00e9 toute la comp\u00e9tence et la volont\u00e9 du g\u00e9rant d&rsquo;une soci\u00e9t\u00e9, ce dernier peut facilement se retrouver d\u00e9border de travail. Dans ce cas, il sera probablement int\u00e9ressant d&rsquo;envisager le passage \u00e0 une co-g\u00e9rance de la soci\u00e9t\u00e9. La nomination de co-g\u00e9rant va en effet permettre de partager la gestion de la soci\u00e9t\u00e9 entre deux personnes distinctes. Avantages, inconv\u00e9nients, proc\u00e9dure, <a href=\"https:\/\/www.legalvision.fr\/\">LegalVision<\/a> vous explique tout sur\u00a0la nomination\u00a0de co-g\u00e9rant.<\/p><h3>Sommaire :<\/h3><p><a href=\"#I\"><strong>Nomination d&rsquo;un cog\u00e9rant, avantages et inconv\u00e9nients :<\/strong><\/a><br \/><a href=\"#II\"><strong>Proc\u00e9dure de la nomination du co-g\u00e9rant<\/strong><\/a><\/p>\t\t\t\t\t\t\t\t<\/div>\n\t\t\t\t<\/div>\n\t\t\t\t\t<\/div>\n\t\t\t\t<\/div>\n\t\t<div data-particle_enable=\"false\" data-particle-mobile-disabled=\"false\" class=\"elementor-element elementor-element-50951e1a e-flex e-con-boxed e-con e-parent\" data-id=\"50951e1a\" data-element_type=\"container\" data-e-type=\"container\">\n\t\t\t\t\t<div class=\"e-con-inner\">\n\t\t\t\t<div class=\"elementor-element elementor-element-3361f706 elementor-widget elementor-widget-heading\" data-id=\"3361f706\" data-element_type=\"widget\" data-e-type=\"widget\" data-widget_type=\"heading.default\">\n\t\t\t\t<div class=\"elementor-widget-container\">\n\t\t\t\t\t<h2 class=\"elementor-heading-title elementor-size-default\">Nos outils pour vous aider : <\/h2>\t\t\t\t<\/div>\n\t\t\t\t<\/div>\n\t\t\t\t\t<\/div>\n\t\t\t\t<\/div>\n\t\t<div data-particle_enable=\"false\" data-particle-mobile-disabled=\"false\" class=\"elementor-element elementor-element-5dfd9f0e e-flex e-con-boxed e-con e-parent\" data-id=\"5dfd9f0e\" data-element_type=\"container\" data-e-type=\"container\">\n\t\t\t\t\t<div class=\"e-con-inner\">\n\t\t<div data-particle_enable=\"false\" data-particle-mobile-disabled=\"false\" class=\"elementor-element elementor-element-1f010f0c e-con-full e-flex e-con e-child\" data-id=\"1f010f0c\" data-element_type=\"container\" data-e-type=\"container\">\n\t\t\t\t<div class=\"elementor-element elementor-element-6f47cd2f elementor-widget elementor-widget-button\" data-id=\"6f47cd2f\" data-element_type=\"widget\" data-e-type=\"widget\" data-widget_type=\"button.default\">\n\t\t\t\t<div class=\"elementor-widget-container\">\n\t\t\t\t\t\t\t\t\t<div class=\"elementor-button-wrapper\">\n\t\t\t\t\t<a class=\"elementor-button elementor-button-link elementor-size-sm\" href=\"https:\/\/leonard.fr\/juridique\/modification-societe\/ajouter-ou-changer-un-dirigeant\/?utm_source=blog&#038;utm_medium=CTA&#038;utm_campaign=nomination_co_gerant_point_a_connaitre&#038;utm_id=changement_dirigeant_blog\" target=\"_blank\">\n\t\t\t\t\t\t<span class=\"elementor-button-content-wrapper\">\n\t\t\t\t\t\t\t\t\t<span class=\"elementor-button-text\">Modifiez la direction de votre soci\u00e9t\u00e9<\/span>\n\t\t\t\t\t<\/span>\n\t\t\t\t\t<\/a>\n\t\t\t\t<\/div>\n\t\t\t\t\t\t\t\t<\/div>\n\t\t\t\t<\/div>\n\t\t\t\t<\/div>\n\t\t<div data-particle_enable=\"false\" data-particle-mobile-disabled=\"false\" class=\"elementor-element elementor-element-2f7689e8 e-con-full e-flex e-con e-child\" data-id=\"2f7689e8\" data-element_type=\"container\" data-e-type=\"container\">\n\t\t\t\t<div class=\"elementor-element elementor-element-5e3a0509 elementor-widget elementor-widget-button\" data-id=\"5e3a0509\" data-element_type=\"widget\" data-e-type=\"widget\" data-widget_type=\"button.default\">\n\t\t\t\t<div class=\"elementor-widget-container\">\n\t\t\t\t\t\t\t\t\t<div class=\"elementor-button-wrapper\">\n\t\t\t\t\t<a class=\"elementor-button elementor-button-link elementor-size-sm\" href=\"https:\/\/meetings.hubspot.com\/global\/leonard-rendez-vous-gratuit-avec-un-juriste?utm_source=blog&#038;utm_medium=CTA&#038;utm_campaign=nomination_co_gerant_point_a_connaitre&#038;utm_id=changement_dirigeant_blog\" target=\"_blank\">\n\t\t\t\t\t\t<span class=\"elementor-button-content-wrapper\">\n\t\t\t\t\t\t\t\t\t<span class=\"elementor-button-text\">Soyez rappel\u00e9 par un juriste gratuitement<\/span>\n\t\t\t\t\t<\/span>\n\t\t\t\t\t<\/a>\n\t\t\t\t<\/div>\n\t\t\t\t\t\t\t\t<\/div>\n\t\t\t\t<\/div>\n\t\t\t\t<\/div>\n\t\t<div data-particle_enable=\"false\" data-particle-mobile-disabled=\"false\" class=\"elementor-element elementor-element-2a5284e1 e-con-full e-flex e-con e-child\" data-id=\"2a5284e1\" data-element_type=\"container\" data-e-type=\"container\">\n\t\t\t\t<div class=\"elementor-element elementor-element-4500c7cf elementor-widget elementor-widget-button\" data-id=\"4500c7cf\" data-element_type=\"widget\" data-e-type=\"widget\" data-widget_type=\"button.default\">\n\t\t\t\t<div class=\"elementor-widget-container\">\n\t\t\t\t\t\t\t\t\t<div class=\"elementor-button-wrapper\">\n\t\t\t\t\t<a class=\"elementor-button elementor-button-link elementor-size-sm\" href=\"https:\/\/share.hsforms.com\/1MCz4iJkPSsaIbYWlbzl6vw1oyza?utm_source=blog&#038;utm_medium=CTA&#038;utm_campaign=nomination_co_gerant_point_a_connaitre&#038;utm_id=changement_dirigeant_blog\" target=\"_blank\">\n\t\t\t\t\t\t<span class=\"elementor-button-content-wrapper\">\n\t\t\t\t\t\t\t\t\t<span class=\"elementor-button-text\">Publiez votre annonce l\u00e9gale<\/span>\n\t\t\t\t\t<\/span>\n\t\t\t\t\t<\/a>\n\t\t\t\t<\/div>\n\t\t\t\t\t\t\t\t<\/div>\n\t\t\t\t<\/div>\n\t\t\t\t<\/div>\n\t\t\t\t\t<\/div>\n\t\t\t\t<\/div>\n\t\t<div data-particle_enable=\"false\" data-particle-mobile-disabled=\"false\" class=\"elementor-element elementor-element-43b57481 e-flex e-con-boxed e-con e-parent\" data-id=\"43b57481\" data-element_type=\"container\" data-e-type=\"container\">\n\t\t\t\t\t<div class=\"e-con-inner\">\n\t\t\t\t<div class=\"elementor-element elementor-element-860e24 elementor-widget elementor-widget-text-editor\" data-id=\"860e24\" data-element_type=\"widget\" data-e-type=\"widget\" data-widget_type=\"text-editor.default\">\n\t\t\t\t<div class=\"elementor-widget-container\">\n\t\t\t\t\t\t\t\t\t<h2 id=\"I\">\u00a0<\/h2><h2 id=\"I\">Nomination de co-g\u00e9rant, avantages et inconv\u00e9nients :<\/h2><h3>Avantages de la cog\u00e9rance<\/h3><p>L&rsquo;avantage principal de la cog\u00e9rance est qu&rsquo;il sera possible de <strong>r\u00e9partir plus efficacement la charge de travail<\/strong> n\u00e9cessaire pour faire fonctionner la soci\u00e9t\u00e9. On peut avoir par exemple une cog\u00e9rance o\u00f9 chacun des dirigeants s&rsquo;occupera d&rsquo;un secteur d&rsquo;activit\u00e9 de la soci\u00e9t\u00e9.<\/p><p>En outre, en pr\u00e9sence de co-g\u00e9rant(s), il est plus facile d&rsquo;organiser une rotation de\u00a0la g\u00e9rance, ou chaque g\u00e9rant sera nomm\u00e9 pour une dur\u00e9e d\u00e9termin\u00e9e.<\/p><p>Enfin, en cas d&rsquo;absence de l&rsquo;un des g\u00e9rants, l&rsquo;autre pourra continuer \u00e0 assurer la gestion de la soci\u00e9t\u00e9.<\/p><p>Toutefois, il convient de pr\u00e9ciser qu&rsquo;en l\u2019absence de r\u00e9partition des fonctions pr\u00e9vue par les statuts, chacun des g\u00e9rants peut intervenir s\u00e9par\u00e9ment, sauf le droit pour les autres de s&rsquo;opposer \u00e0 toute op\u00e9ration non encore conclue.<\/p><h3>\u00a0<\/h3><h3>Inconv\u00e9nients de la cog\u00e9rance<\/h3><p>Les co-g\u00e9rants sont sur un pied d&rsquo;\u00e9galit\u00e9 et disposent exactement des m\u00eames pouvoirs. En cons\u00e9quence, l&rsquo;entente entre les co-g\u00e9rants est absolument primordiale. En cas de confrontation directe, la soci\u00e9t\u00e9 risque donc de se retrouver incapable de prendre des d\u00e9cisions ou de prendre des d\u00e9cisions contradictoires. Dans ce cas, il sera alors primordial de r\u00e9voquer les g\u00e9rants afin d&rsquo;\u00e9viter une situation catastrophique.<\/p><p>En principe, il n\u2019y a pas de solidarit\u00e9 automatique des co-g\u00e9rants vis-\u00e0-vis de la soci\u00e9t\u00e9. Chacun n\u2019est responsable que de ses propres fautes.\u00a0Les tribunaux\u00a0devront alors\u00a0rechercher la contribution de chacun au fait fautif.<\/p><p>Le co-g\u00e9rant peut cependant voir sa responsabilit\u00e9 engag\u00e9e du fait d\u2019un autre co-g\u00e9rant dans certains cas sp\u00e9cifiques. En effet, un cog\u00e9rant pourrait engager sa responsabilit\u00e9 si, en connaissance de cause, il ne s\u2019est pas oppos\u00e9 \u00e0 un\u00a0acte d\u2019un autre co-g\u00e9rant qui serait contraire \u00e0 l\u2019int\u00e9r\u00eat social, ou rel\u00e8verait de la comp\u00e9tence des associ\u00e9s.<\/p><p>Si vous souhaitez plus d&rsquo;informations relatives aux fonctionnements de la <a href=\"https:\/\/blog.legalvision.fr\/2019\/02\/22\/co-gerant-sarl-comment-ca-marche\/\">cog\u00e9rance<\/a>, n&rsquo;h\u00e9sitez pas \u00e0 consulter notre article d\u00e9di\u00e9.<\/p><h2 id=\"II\">\u00a0<\/h2><h2 id=\"II\">Proc\u00e9dure de la nomination de co-g\u00e9rant<\/h2><h3>L&rsquo;assembl\u00e9e g\u00e9n\u00e9rale de nomination<\/h3><p>Afin de proc\u00e9der \u00e0 la nomination du co-g\u00e9rant, les associ\u00e9s devront se r\u00e9unir en Assembl\u00e9e G\u00e9n\u00e9rale Extraordinaire (AGE). Il n&rsquo;est pas n\u00e9cessaire de modifier les statuts lors de la nomination du nouveau co-g\u00e9rant. Cela peut m\u00eame \u00eatre d\u00e9conseill\u00e9 car la modification des statuts entra\u00eenera des d\u00e9marches suppl\u00e9mentaires aupr\u00e8s du greffe du tribunal de commerce et le paiement d&rsquo;un\u00a0droit d&rsquo;enregistrement.<\/p><p>Pour \u00eatre plus pr\u00e9cis, l&rsquo;AGE nommera le dirigeant, pr\u00e9cisera la dur\u00e9e du mandat qui lui est confi\u00e9 (cette dur\u00e9e pouvant \u00eatre ind\u00e9termin\u00e9e) et fixera sa r\u00e9mun\u00e9ration.<\/p><p>Il sera alors n\u00e9cessaire de respecter les conditions de majorit\u00e9 propres \u00e0 la soci\u00e9t\u00e9 souhaitant nommer le nouveau co-g\u00e9rant. Dans la plupart des cas, il faudra obtenir un vote \u00e0 la majorit\u00e9 des parts sociales de la soci\u00e9t\u00e9.\u00a0Toutefois si la soci\u00e9t\u00e9 pr\u00e9voit des r\u00e8gles sp\u00e9cifiques dans ses statuts, il faudra respecter la majorit\u00e9 et le quorum statutaire. Par exemple, dans certaines <a href=\"https:\/\/blog.legalvision.fr\/2018\/04\/15\/sarl-de-famille\/\">SARL de famille<\/a>, il peut arriver que les statuts imposent un vote \u00e0 l&rsquo;unanimit\u00e9.<\/p><p>Si le nouveau co-g\u00e9rant est \u00e9galement associ\u00e9, il aura le droit de voter pour sa propre nomination.<\/p><p>\u00c0 la fin de cette assembl\u00e9e, le Proc\u00e8s verbal de celle-ci devra \u00eatre r\u00e9dig\u00e9 et sign\u00e9 par les associ\u00e9s pr\u00e9sents.<\/p><p>Enfin, pour les soci\u00e9t\u00e9s unipersonnelles, une simple d\u00e9cision de nomination de l&rsquo;associ\u00e9 unique sera suffisante pour prononcer la nomination du co-g\u00e9rant.<\/p><h3>\u00a0<\/h3><h3>B) L&rsquo;annonce l\u00e9gale\u00a0de nomination<\/h3><p>Une fois l&rsquo;assembl\u00e9e g\u00e9n\u00e9rale effectu\u00e9e vous devrez effectuer la publication d&rsquo;un avis de nomination du co-g\u00e9rant au sein d&rsquo;un journal d&rsquo;annonces l\u00e9gales.<\/p><p>Votre annonce l\u00e9gale devra mentionner les informations suivantes :<\/p><ul><li>Forme et d\u00e9nomination sociale de la soci\u00e9t\u00e9 ;<\/li><li>Capital social de la soci\u00e9t\u00e9 ;<\/li><li>Adresse du si\u00e8ge social ;<\/li><li>Num\u00e9ro SIREN de la soci\u00e9t\u00e9 suivi de la mention RCS puis du nom de la ville du greffe du tribunal de commerce comp\u00e9tent ;<\/li><li>Date de l&rsquo;assembl\u00e9e g\u00e9n\u00e9rale pronon\u00e7ant la nomination du co-g\u00e9rant ;<\/li><li>Nom et adresse du nouveau co-g\u00e9rant ;<\/li><li>Dur\u00e9e du mandat du commissaire aux comptes ;<\/li><li>Enfin, \u00e0 la fin de l&rsquo;annonce vous devrez ins\u00e9rer la formule : mention en sera faite au RCS de (nom de la ville du greffe du tribunal comp\u00e9tent)<\/li><\/ul><p>Le prix de cette annonce variera fortement en fonction du journal habilit\u00e9 \u00e0 recevoir les annonces l\u00e9gales choisi. Ce prix sera proportionnel \u00e0 la longueur de l&rsquo;annonce l\u00e9gale. Il est donc pr\u00e9f\u00e9rable de rester synth\u00e9tique et de se limiter aux informations obligatoires.<\/p><h3>\u00a0<\/h3><h3>Le d\u00e9p\u00f4t du dossier au greffe du tribunal de commerce comp\u00e9tent<\/h3><p>Juste apr\u00e8s avoir effectu\u00e9 cette annonce l\u00e9gale, vous devrez alors proc\u00e9der au d\u00e9p\u00f4t au greffe d&rsquo;un ensemble de documents afin de finaliser la proc\u00e9dure de nomination de co-g\u00e9rant. Plus pr\u00e9cis\u00e9ment, vous devrez alors d\u00e9poser les documents suivants :<\/p><ul><li>Une demande d&rsquo;inscription modificative au RCS ;<\/li><li>Deux exemplaires du PV d&rsquo;assembl\u00e9e g\u00e9n\u00e9rale pronon\u00e7ant la nomination du co-g\u00e9rant ;<\/li><li>Une copie de\u00a0l\u2019attestation de parution dans le journal habilit\u00e9 \u00e0 recevoir des annonces l\u00e9gales ;<\/li><li>Un formulaire M3 sign\u00e9 par le nouveau g\u00e9rant ;<\/li><li>Une d\u00e9claration sur l&rsquo;honneur de non-condamnation sign\u00e9e du nouveau g\u00e9rant ;<\/li><li>Une photocopie de la pi\u00e8ce d&rsquo;identit\u00e9\u00a0du nouveau g\u00e9rant\u00a0;<\/li><li>Une attestation de filiation du nouveau co-g\u00e9rant, sauf si elle figure dans un document d\u00e9j\u00e0 fourni ;<\/li><li>En cas d&rsquo;activit\u00e9s r\u00e9glement\u00e9es : une copie du dipl\u00f4me ou de l\u2019autorisation d\u00e9livr\u00e9e au nouveau g\u00e9rant par l\u2019autorit\u00e9 r\u00e9glementant la profession concern\u00e9e ;<\/li><li>\u00c9ventuellement : un pouvoir du nouveau g\u00e9rant s\u2019il ne proc\u00e8de pas lui-m\u00eame \u00e0 la signature du formulaire M3.<\/li><\/ul><p>Pour plus de simplicit\u00e9, il vous est possible de d\u00e9poser tous ces documents via le site <a href=\"https:\/\/www.infogreffe.fr\/\"><strong>Infogreffe<\/strong><\/a>.<\/p><p>Ce n&rsquo;est qu&rsquo;une fois toutes ces d\u00e9marches accomplies que votre nouveau co-g\u00e9rant pourra commencer \u00e0 exercer son mandat.<\/p><p>Si cet article vous a convaincu de passer \u00e0 un syst\u00e8me de co-gestion, LegalVision vous propose de s&rsquo;occuper de toutes les formalit\u00e9s n\u00e9cessaires \u00e0 la<a href=\"https:\/\/www.legalvision.fr\/nomination-gerant\/\"> nomination d&rsquo;un nouveau g\u00e9rant<\/a>. Nos juristes vous accompagne \u00e9galement dans le <a href=\"https:\/\/www.legalvision.fr\/changement-co-gerant\">changement de co-g\u00e9rance<\/a> au sein de votre soci\u00e9t\u00e9.<\/p><details><summary spellcheck=\"false\" data-gramm=\"false\"><strong>Sources :<\/strong><\/summary><p><strong>Articles :<\/strong><\/p><ul><li><a href=\"https:\/\/www.legifrance.gouv.fr\/affichCodeArticle.do?idArticle=LEGIARTI000031013015&amp;cidTexte=LEGITEXT000005634379&amp;dateTexte=20150808\">L.223-18 du Code de commerce<\/a> sur le co-g\u00e9rant dans une SARL ;<\/li><li><a href=\"https:\/\/www.legifrance.gouv.fr\/affichCodeArticle.do?cidTexte=LEGITEXT000005634379&amp;idArticle=LEGIARTI000006222485&amp;dateTexte=&amp;categorieLien=cid\">L.221-4 du Code de commerce<\/a> sur le co-g\u00e9rant dans une SNC ;<\/li><li><a href=\"https:\/\/www.legifrance.gouv.fr\/affichCodeArticle.do?idArticle=LEGIARTI000006226536&amp;cidTexte=LEGITEXT000005634379\">L.226-2 du Code de commerce\u00a0<\/a>relatif \u00e0 la nomination de g\u00e9rant.<\/li><li><a href=\"https:\/\/www.legifrance.gouv.fr\/affichCodeArticle.do?idArticle=LEGIARTI000038799295&amp;cidTexte=LEGITEXT000006070721&amp;dateTexte=20190721\">1846 du Code civil<\/a> relatif \u00e0 la gestion des Soci\u00e9t\u00e9s Civiles.<\/li><\/ul><\/details><p>\u00a0<\/p><p>\u00a0<\/p><div class=\"wp-block-button\" style=\"text-align: center;\"><a class=\"wp-block-button__link has-background\" href=\"https:\/\/leonard.fr\/juridique\/modification-societe\/ajouter-ou-changer-un-dirigeant\/?utm_source=blog&amp;utm_medium=CTA&amp;utm_campaign=nomination_co_gerant_point_a_connaitre&amp;utm_id=changement_dirigeant_blog\">Modifiez la direction de votre soci\u00e9t\u00e9<\/a><\/div>\t\t\t\t\t\t\t\t<\/div>\n\t\t\t\t<\/div>\n\t\t\t\t\t<\/div>\n\t\t\t\t<\/div>\n\t\t\t\t<\/div>\n\t\t","protected":false},"excerpt":{"rendered":"<p>La gestion d&rsquo;une soci\u00e9t\u00e9 est parfois une t\u00e2che particuli\u00e8rement complexe. En cons\u00e9quence, malgr\u00e9 toute la comp\u00e9tence et la volont\u00e9 du g\u00e9rant d&rsquo;une soci\u00e9t\u00e9, ce dernier peut facilement se retrouver d\u00e9border de travail. Dans ce cas, il sera probablement int\u00e9ressant d&rsquo;envisager le passage \u00e0 une co-g\u00e9rance de la soci\u00e9t\u00e9. La nomination de co-g\u00e9rant va en effet&hellip; <a class=\"more-link\" href=\"https:\/\/www.legalvision.fr\/guides-juridiques\/dirigeant-de-societe\/nomination-de-co-gerant\/\">Poursuivre la lecture <span class=\"screen-reader-text\">Nomination d&rsquo;un co-g\u00e9rant, les points \u00e0 conna\u00eetre<\/span><\/a><\/p>\n","protected":false},"author":60,"featured_media":24902,"comment_status":"open","ping_status":"open","sticky":false,"template":"","format":"standard","meta":{"content-type":"","inline_featured_image":false,"footnotes":""},"categories":[2482],"tags":[],"class_list":["post-24901","post","type-post","status-publish","format-standard","has-post-thumbnail","hentry","category-dirigeant-de-societe","entry"],"yoast_head":"<!-- This site is optimized with the Yoast SEO plugin v27.1.1 - https:\/\/yoast.com\/product\/yoast-seo-wordpress\/ -->\n<title>Nomination de co-g\u00e9rant : le guide complet Legalvision<\/title>\n<meta name=\"description\" content=\"La nomination de co-g\u00e9rant peut \u00eatre particuli\u00e8rement int\u00e9ressante pour certaines SARL. Avantages, inconv\u00e9nients, proc\u00e9dure. LegalVision vous explique tout.\" \/>\n<meta name=\"robots\" content=\"index, follow, max-snippet:-1, max-image-preview:large, max-video-preview:-1\" \/>\n<link rel=\"canonical\" href=\"https:\/\/www.legalvision.fr\/guides-juridiques\/dirigeant-de-societe\/nomination-de-co-gerant\/\" \/>\n<meta property=\"og:locale\" content=\"fr_FR\" \/>\n<meta property=\"og:type\" content=\"article\" \/>\n<meta property=\"og:title\" content=\"Nomination de co-g\u00e9rant : le guide complet Legalvision\" \/>\n<meta property=\"og:description\" content=\"La nomination de co-g\u00e9rant peut \u00eatre particuli\u00e8rement int\u00e9ressante pour certaines SARL. Avantages, inconv\u00e9nients, proc\u00e9dure. LegalVision vous explique tout.\" \/>\n<meta property=\"og:url\" content=\"https:\/\/www.legalvision.fr\/guides-juridiques\/dirigeant-de-societe\/nomination-de-co-gerant\/\" \/>\n<meta property=\"og:site_name\" content=\"Guides juridiques\" \/>\n<meta property=\"article:published_time\" content=\"2019-08-15T06:30:03+00:00\" \/>\n<meta property=\"article:modified_time\" content=\"2023-11-22T10:00:38+00:00\" \/>\n<meta property=\"og:image\" content=\"https:\/\/www.legalvision.fr\/guides-juridiques\/wp-content\/uploads\/2019\/08\/nomination-de-co-g\u00e9rant.jpg\" \/>\n\t<meta property=\"og:image:width\" content=\"958\" \/>\n\t<meta property=\"og:image:height\" content=\"350\" \/>\n\t<meta property=\"og:image:type\" content=\"image\/jpeg\" \/>\n<meta name=\"author\" content=\"Thibaud DESREUMAUX\" \/>\n<meta name=\"twitter:card\" content=\"summary_large_image\" \/>\n<meta name=\"twitter:label1\" content=\"\u00c9crit par\" \/>\n\t<meta name=\"twitter:data1\" content=\"Thibaud DESREUMAUX\" \/>\n\t<meta name=\"twitter:label2\" content=\"Dur\u00e9e de lecture estim\u00e9e\" \/>\n\t<meta name=\"twitter:data2\" content=\"6 minutes\" \/>\n<script type=\"application\/ld+json\" class=\"yoast-schema-graph\">{\"@context\":\"https:\/\/schema.org\",\"@graph\":[{\"@type\":\"Article\",\"@id\":\"https:\/\/www.legalvision.fr\/guides-juridiques\/dirigeant-de-societe\/nomination-de-co-gerant\/#article\",\"isPartOf\":{\"@id\":\"https:\/\/www.legalvision.fr\/guides-juridiques\/dirigeant-de-societe\/nomination-de-co-gerant\/\"},\"author\":{\"name\":\"Thibaud DESREUMAUX\",\"@id\":\"https:\/\/www.legalvision.fr\/guides-juridiques\/#\/schema\/person\/12f1ed1428c034ed75e90dd9cd471056\"},\"headline\":\"Nomination d&rsquo;un co-g\u00e9rant, les points \u00e0 conna\u00eetre\",\"datePublished\":\"2019-08-15T06:30:03+00:00\",\"dateModified\":\"2023-11-22T10:00:38+00:00\",\"mainEntityOfPage\":{\"@id\":\"https:\/\/www.legalvision.fr\/guides-juridiques\/dirigeant-de-societe\/nomination-de-co-gerant\/\"},\"wordCount\":1352,\"commentCount\":0,\"publisher\":{\"@id\":\"https:\/\/www.legalvision.fr\/guides-juridiques\/#organization\"},\"image\":{\"@id\":\"https:\/\/www.legalvision.fr\/guides-juridiques\/dirigeant-de-societe\/nomination-de-co-gerant\/#primaryimage\"},\"thumbnailUrl\":\"https:\/\/www.legalvision.fr\/guides-juridiques\/wp-content\/uploads\/2019\/08\/nomination-de-co-g\u00e9rant.jpg\",\"articleSection\":[\"Dirigeant de soci\u00e9t\u00e9\"],\"inLanguage\":\"fr-FR\",\"potentialAction\":[{\"@type\":\"CommentAction\",\"name\":\"Comment\",\"target\":[\"https:\/\/www.legalvision.fr\/guides-juridiques\/dirigeant-de-societe\/nomination-de-co-gerant\/#respond\"]}]},{\"@type\":\"WebPage\",\"@id\":\"https:\/\/www.legalvision.fr\/guides-juridiques\/dirigeant-de-societe\/nomination-de-co-gerant\/\",\"url\":\"https:\/\/www.legalvision.fr\/guides-juridiques\/dirigeant-de-societe\/nomination-de-co-gerant\/\",\"name\":\"Nomination de co-g\u00e9rant : le guide complet Legalvision\",\"isPartOf\":{\"@id\":\"https:\/\/www.legalvision.fr\/guides-juridiques\/#website\"},\"primaryImageOfPage\":{\"@id\":\"https:\/\/www.legalvision.fr\/guides-juridiques\/dirigeant-de-societe\/nomination-de-co-gerant\/#primaryimage\"},\"image\":{\"@id\":\"https:\/\/www.legalvision.fr\/guides-juridiques\/dirigeant-de-societe\/nomination-de-co-gerant\/#primaryimage\"},\"thumbnailUrl\":\"https:\/\/www.legalvision.fr\/guides-juridiques\/wp-content\/uploads\/2019\/08\/nomination-de-co-g\u00e9rant.jpg\",\"datePublished\":\"2019-08-15T06:30:03+00:00\",\"dateModified\":\"2023-11-22T10:00:38+00:00\",\"description\":\"La nomination de co-g\u00e9rant peut \u00eatre particuli\u00e8rement int\u00e9ressante pour certaines SARL. Avantages, inconv\u00e9nients, proc\u00e9dure. LegalVision vous explique tout.\",\"breadcrumb\":{\"@id\":\"https:\/\/www.legalvision.fr\/guides-juridiques\/dirigeant-de-societe\/nomination-de-co-gerant\/#breadcrumb\"},\"inLanguage\":\"fr-FR\",\"potentialAction\":[{\"@type\":\"ReadAction\",\"target\":[\"https:\/\/www.legalvision.fr\/guides-juridiques\/dirigeant-de-societe\/nomination-de-co-gerant\/\"]}]},{\"@type\":\"ImageObject\",\"inLanguage\":\"fr-FR\",\"@id\":\"https:\/\/www.legalvision.fr\/guides-juridiques\/dirigeant-de-societe\/nomination-de-co-gerant\/#primaryimage\",\"url\":\"https:\/\/www.legalvision.fr\/guides-juridiques\/wp-content\/uploads\/2019\/08\/nomination-de-co-g\u00e9rant.jpg\",\"contentUrl\":\"https:\/\/www.legalvision.fr\/guides-juridiques\/wp-content\/uploads\/2019\/08\/nomination-de-co-g\u00e9rant.jpg\",\"width\":958,\"height\":350,\"caption\":\"nomination de co-g\u00e9rant\"},{\"@type\":\"BreadcrumbList\",\"@id\":\"https:\/\/www.legalvision.fr\/guides-juridiques\/dirigeant-de-societe\/nomination-de-co-gerant\/#breadcrumb\",\"itemListElement\":[{\"@type\":\"ListItem\",\"position\":1,\"name\":\"Accueil\",\"item\":\"https:\/\/www.legalvision.fr\/guides-juridiques\/\"},{\"@type\":\"ListItem\",\"position\":2,\"name\":\"Dirigeant de soci\u00e9t\u00e9\",\"item\":\"https:\/\/www.legalvision.fr\/guides-juridiques\/dirigeant-de-societe\/\"},{\"@type\":\"ListItem\",\"position\":3,\"name\":\"Nomination d&rsquo;un co-g\u00e9rant, les points \u00e0 conna\u00eetre\"}]},{\"@type\":\"WebSite\",\"@id\":\"https:\/\/www.legalvision.fr\/guides-juridiques\/#website\",\"url\":\"https:\/\/www.legalvision.fr\/guides-juridiques\/\",\"name\":\"Guides juridiques\",\"description\":\"L&#039;information juridique \u00e0 destination des entreprises et TPE\",\"publisher\":{\"@id\":\"https:\/\/www.legalvision.fr\/guides-juridiques\/#organization\"},\"potentialAction\":[{\"@type\":\"SearchAction\",\"target\":{\"@type\":\"EntryPoint\",\"urlTemplate\":\"https:\/\/www.legalvision.fr\/guides-juridiques\/?s={search_term_string}\"},\"query-input\":{\"@type\":\"PropertyValueSpecification\",\"valueRequired\":true,\"valueName\":\"search_term_string\"}}],\"inLanguage\":\"fr-FR\"},{\"@type\":\"Organization\",\"@id\":\"https:\/\/www.legalvision.fr\/guides-juridiques\/#organization\",\"name\":\"Guides juridiques\",\"url\":\"https:\/\/www.legalvision.fr\/guides-juridiques\/\",\"logo\":{\"@type\":\"ImageObject\",\"inLanguage\":\"fr-FR\",\"@id\":\"https:\/\/www.legalvision.fr\/guides-juridiques\/#\/schema\/logo\/image\/\",\"url\":\"https:\/\/www.legalvision.fr\/guides-juridiques\/wp-content\/uploads\/2022\/10\/LV-Logotype.png\",\"contentUrl\":\"https:\/\/www.legalvision.fr\/guides-juridiques\/wp-content\/uploads\/2022\/10\/LV-Logotype.png\",\"width\":647,\"height\":125,\"caption\":\"Guides juridiques\"},\"image\":{\"@id\":\"https:\/\/www.legalvision.fr\/guides-juridiques\/#\/schema\/logo\/image\/\"}},{\"@type\":\"Person\",\"@id\":\"https:\/\/www.legalvision.fr\/guides-juridiques\/#\/schema\/person\/12f1ed1428c034ed75e90dd9cd471056\",\"name\":\"Thibaud DESREUMAUX\",\"image\":{\"@type\":\"ImageObject\",\"inLanguage\":\"fr-FR\",\"@id\":\"https:\/\/www.legalvision.fr\/guides-juridiques\/#\/schema\/person\/image\/\",\"url\":\"https:\/\/www.legalvision.fr\/guides-juridiques\/wp-content\/uploads\/2023\/07\/cropped-homme12-96x96.png\",\"contentUrl\":\"https:\/\/www.legalvision.fr\/guides-juridiques\/wp-content\/uploads\/2023\/07\/cropped-homme12-96x96.png\",\"caption\":\"Thibaud DESREUMAUX\"},\"description\":\"Thibaud est juriste au sein de LegalVision. Titulaire d'un Master 2 Droit de la propri\u00e9t\u00e9 intellectuelle obtenu \u00e0 l'Universit\u00e9 Jean Moulin Lyon 3, il est particuli\u00e8rement int\u00e9ress\u00e9 par le Legaltech.\",\"url\":\"https:\/\/www.legalvision.fr\/guides-juridiques\/author\/thibaud-desreumaux\/\"}]}<\/script>\n<!-- \/ Yoast SEO plugin. -->","yoast_head_json":{"title":"Nomination de co-g\u00e9rant : le guide complet Legalvision","description":"La nomination de co-g\u00e9rant peut \u00eatre particuli\u00e8rement int\u00e9ressante pour certaines SARL. Avantages, inconv\u00e9nients, proc\u00e9dure. LegalVision vous explique tout.","robots":{"index":"index","follow":"follow","max-snippet":"max-snippet:-1","max-image-preview":"max-image-preview:large","max-video-preview":"max-video-preview:-1"},"canonical":"https:\/\/www.legalvision.fr\/guides-juridiques\/dirigeant-de-societe\/nomination-de-co-gerant\/","og_locale":"fr_FR","og_type":"article","og_title":"Nomination de co-g\u00e9rant : le guide complet Legalvision","og_description":"La nomination de co-g\u00e9rant peut \u00eatre particuli\u00e8rement int\u00e9ressante pour certaines SARL. Avantages, inconv\u00e9nients, proc\u00e9dure. LegalVision vous explique tout.","og_url":"https:\/\/www.legalvision.fr\/guides-juridiques\/dirigeant-de-societe\/nomination-de-co-gerant\/","og_site_name":"Guides juridiques","article_published_time":"2019-08-15T06:30:03+00:00","article_modified_time":"2023-11-22T10:00:38+00:00","og_image":[{"width":958,"height":350,"url":"https:\/\/www.legalvision.fr\/guides-juridiques\/wp-content\/uploads\/2019\/08\/nomination-de-co-g\u00e9rant.jpg","type":"image\/jpeg"}],"author":"Thibaud DESREUMAUX","twitter_card":"summary_large_image","twitter_misc":{"\u00c9crit par":"Thibaud DESREUMAUX","Dur\u00e9e de lecture estim\u00e9e":"6 minutes"},"schema":{"@context":"https:\/\/schema.org","@graph":[{"@type":"Article","@id":"https:\/\/www.legalvision.fr\/guides-juridiques\/dirigeant-de-societe\/nomination-de-co-gerant\/#article","isPartOf":{"@id":"https:\/\/www.legalvision.fr\/guides-juridiques\/dirigeant-de-societe\/nomination-de-co-gerant\/"},"author":{"name":"Thibaud DESREUMAUX","@id":"https:\/\/www.legalvision.fr\/guides-juridiques\/#\/schema\/person\/12f1ed1428c034ed75e90dd9cd471056"},"headline":"Nomination d&rsquo;un co-g\u00e9rant, les points \u00e0 conna\u00eetre","datePublished":"2019-08-15T06:30:03+00:00","dateModified":"2023-11-22T10:00:38+00:00","mainEntityOfPage":{"@id":"https:\/\/www.legalvision.fr\/guides-juridiques\/dirigeant-de-societe\/nomination-de-co-gerant\/"},"wordCount":1352,"commentCount":0,"publisher":{"@id":"https:\/\/www.legalvision.fr\/guides-juridiques\/#organization"},"image":{"@id":"https:\/\/www.legalvision.fr\/guides-juridiques\/dirigeant-de-societe\/nomination-de-co-gerant\/#primaryimage"},"thumbnailUrl":"https:\/\/www.legalvision.fr\/guides-juridiques\/wp-content\/uploads\/2019\/08\/nomination-de-co-g\u00e9rant.jpg","articleSection":["Dirigeant de soci\u00e9t\u00e9"],"inLanguage":"fr-FR","potentialAction":[{"@type":"CommentAction","name":"Comment","target":["https:\/\/www.legalvision.fr\/guides-juridiques\/dirigeant-de-societe\/nomination-de-co-gerant\/#respond"]}]},{"@type":"WebPage","@id":"https:\/\/www.legalvision.fr\/guides-juridiques\/dirigeant-de-societe\/nomination-de-co-gerant\/","url":"https:\/\/www.legalvision.fr\/guides-juridiques\/dirigeant-de-societe\/nomination-de-co-gerant\/","name":"Nomination de co-g\u00e9rant : le guide complet Legalvision","isPartOf":{"@id":"https:\/\/www.legalvision.fr\/guides-juridiques\/#website"},"primaryImageOfPage":{"@id":"https:\/\/www.legalvision.fr\/guides-juridiques\/dirigeant-de-societe\/nomination-de-co-gerant\/#primaryimage"},"image":{"@id":"https:\/\/www.legalvision.fr\/guides-juridiques\/dirigeant-de-societe\/nomination-de-co-gerant\/#primaryimage"},"thumbnailUrl":"https:\/\/www.legalvision.fr\/guides-juridiques\/wp-content\/uploads\/2019\/08\/nomination-de-co-g\u00e9rant.jpg","datePublished":"2019-08-15T06:30:03+00:00","dateModified":"2023-11-22T10:00:38+00:00","description":"La nomination de co-g\u00e9rant peut \u00eatre particuli\u00e8rement int\u00e9ressante pour certaines SARL. Avantages, inconv\u00e9nients, proc\u00e9dure. LegalVision vous explique tout.","breadcrumb":{"@id":"https:\/\/www.legalvision.fr\/guides-juridiques\/dirigeant-de-societe\/nomination-de-co-gerant\/#breadcrumb"},"inLanguage":"fr-FR","potentialAction":[{"@type":"ReadAction","target":["https:\/\/www.legalvision.fr\/guides-juridiques\/dirigeant-de-societe\/nomination-de-co-gerant\/"]}]},{"@type":"ImageObject","inLanguage":"fr-FR","@id":"https:\/\/www.legalvision.fr\/guides-juridiques\/dirigeant-de-societe\/nomination-de-co-gerant\/#primaryimage","url":"https:\/\/www.legalvision.fr\/guides-juridiques\/wp-content\/uploads\/2019\/08\/nomination-de-co-g\u00e9rant.jpg","contentUrl":"https:\/\/www.legalvision.fr\/guides-juridiques\/wp-content\/uploads\/2019\/08\/nomination-de-co-g\u00e9rant.jpg","width":958,"height":350,"caption":"nomination de co-g\u00e9rant"},{"@type":"BreadcrumbList","@id":"https:\/\/www.legalvision.fr\/guides-juridiques\/dirigeant-de-societe\/nomination-de-co-gerant\/#breadcrumb","itemListElement":[{"@type":"ListItem","position":1,"name":"Accueil","item":"https:\/\/www.legalvision.fr\/guides-juridiques\/"},{"@type":"ListItem","position":2,"name":"Dirigeant de soci\u00e9t\u00e9","item":"https:\/\/www.legalvision.fr\/guides-juridiques\/dirigeant-de-societe\/"},{"@type":"ListItem","position":3,"name":"Nomination d&rsquo;un co-g\u00e9rant, les points \u00e0 conna\u00eetre"}]},{"@type":"WebSite","@id":"https:\/\/www.legalvision.fr\/guides-juridiques\/#website","url":"https:\/\/www.legalvision.fr\/guides-juridiques\/","name":"Guides juridiques","description":"L&#039;information juridique \u00e0 destination des entreprises et TPE","publisher":{"@id":"https:\/\/www.legalvision.fr\/guides-juridiques\/#organization"},"potentialAction":[{"@type":"SearchAction","target":{"@type":"EntryPoint","urlTemplate":"https:\/\/www.legalvision.fr\/guides-juridiques\/?s={search_term_string}"},"query-input":{"@type":"PropertyValueSpecification","valueRequired":true,"valueName":"search_term_string"}}],"inLanguage":"fr-FR"},{"@type":"Organization","@id":"https:\/\/www.legalvision.fr\/guides-juridiques\/#organization","name":"Guides juridiques","url":"https:\/\/www.legalvision.fr\/guides-juridiques\/","logo":{"@type":"ImageObject","inLanguage":"fr-FR","@id":"https:\/\/www.legalvision.fr\/guides-juridiques\/#\/schema\/logo\/image\/","url":"https:\/\/www.legalvision.fr\/guides-juridiques\/wp-content\/uploads\/2022\/10\/LV-Logotype.png","contentUrl":"https:\/\/www.legalvision.fr\/guides-juridiques\/wp-content\/uploads\/2022\/10\/LV-Logotype.png","width":647,"height":125,"caption":"Guides juridiques"},"image":{"@id":"https:\/\/www.legalvision.fr\/guides-juridiques\/#\/schema\/logo\/image\/"}},{"@type":"Person","@id":"https:\/\/www.legalvision.fr\/guides-juridiques\/#\/schema\/person\/12f1ed1428c034ed75e90dd9cd471056","name":"Thibaud DESREUMAUX","image":{"@type":"ImageObject","inLanguage":"fr-FR","@id":"https:\/\/www.legalvision.fr\/guides-juridiques\/#\/schema\/person\/image\/","url":"https:\/\/www.legalvision.fr\/guides-juridiques\/wp-content\/uploads\/2023\/07\/cropped-homme12-96x96.png","contentUrl":"https:\/\/www.legalvision.fr\/guides-juridiques\/wp-content\/uploads\/2023\/07\/cropped-homme12-96x96.png","caption":"Thibaud DESREUMAUX"},"description":"Thibaud est juriste au sein de LegalVision. Titulaire d'un Master 2 Droit de la propri\u00e9t\u00e9 intellectuelle obtenu \u00e0 l'Universit\u00e9 Jean Moulin Lyon 3, il est particuli\u00e8rement int\u00e9ress\u00e9 par le Legaltech.","url":"https:\/\/www.legalvision.fr\/guides-juridiques\/author\/thibaud-desreumaux\/"}]}},"_links":{"self":[{"href":"https:\/\/www.legalvision.fr\/guides-juridiques\/wp-json\/wp\/v2\/posts\/24901","targetHints":{"allow":["GET"]}}],"collection":[{"href":"https:\/\/www.legalvision.fr\/guides-juridiques\/wp-json\/wp\/v2\/posts"}],"about":[{"href":"https:\/\/www.legalvision.fr\/guides-juridiques\/wp-json\/wp\/v2\/types\/post"}],"author":[{"embeddable":true,"href":"https:\/\/www.legalvision.fr\/guides-juridiques\/wp-json\/wp\/v2\/users\/60"}],"replies":[{"embeddable":true,"href":"https:\/\/www.legalvision.fr\/guides-juridiques\/wp-json\/wp\/v2\/comments?post=24901"}],"version-history":[{"count":24,"href":"https:\/\/www.legalvision.fr\/guides-juridiques\/wp-json\/wp\/v2\/posts\/24901\/revisions"}],"predecessor-version":[{"id":42294,"href":"https:\/\/www.legalvision.fr\/guides-juridiques\/wp-json\/wp\/v2\/posts\/24901\/revisions\/42294"}],"wp:featuredmedia":[{"embeddable":true,"href":"https:\/\/www.legalvision.fr\/guides-juridiques\/wp-json\/wp\/v2\/media\/24902"}],"wp:attachment":[{"href":"https:\/\/www.legalvision.fr\/guides-juridiques\/wp-json\/wp\/v2\/media?parent=24901"}],"wp:term":[{"taxonomy":"category","embeddable":true,"href":"https:\/\/www.legalvision.fr\/guides-juridiques\/wp-json\/wp\/v2\/categories?post=24901"},{"taxonomy":"post_tag","embeddable":true,"href":"https:\/\/www.legalvision.fr\/guides-juridiques\/wp-json\/wp\/v2\/tags?post=24901"}],"curies":[{"name":"wp","href":"https:\/\/api.w.org\/{rel}","templated":true}]}}