{"id":24869,"date":"2019-08-16T07:30:27","date_gmt":"2019-08-16T06:30:27","guid":{"rendered":"https:\/\/blog.legalvision.fr\/?p=24869"},"modified":"2023-01-26T12:14:36","modified_gmt":"2023-01-26T11:14:36","slug":"cdd-le-guide-complet","status":"publish","type":"post","link":"https:\/\/www.legalvision.fr\/guides-juridiques\/droit-du-travail\/cdd-le-guide-complet\/","title":{"rendered":"Connaissez-vous r\u00e9ellement tout sur le CDD ?"},"content":{"rendered":"<p>Le contrat \u00e0 dur\u00e9e d\u00e9termin\u00e9e, plus couramment appel\u00e9 le CDD, est un contrat de travail consid\u00e9r\u00e9 comme \u00e9tant pr\u00e9caire. En effet, il est conclu uniquement pour une p\u00e9riode d\u00e9termin\u00e9e, et seulement dans quelques cas pr\u00e9cis, \u00e9num\u00e9r\u00e9s par la loi, que nous allons voir plus loin dans cet article. D&rsquo;ailleurs, ce type de contrat est bien encadr\u00e9 par le code du travail, afin que l&#8217;employeur n&rsquo;est pas recours au CDD de mani\u00e8re abusive.\u00a0Vous souhaitez donc tout savoir sur le CDD ? Vous d\u00e9sirez avoir recours au CDD tout en \u00e9tant certain de respecter la l\u00e9gislation \u00e0 ce sujet ? LegalVision revient pour vous, sur ce type de contrat !<\/p>\n<h3>Sommaire :<\/h3>\n<p><strong><a href=\"#I\">Le formalisme du contrat de travail \u00e0 dur\u00e9e d\u00e9termin\u00e9e<\/a><\/strong><br \/>\n<strong> <a href=\"#II\">Les cas de recours du CDD<\/a><\/strong><br \/>\n<strong> <a href=\"#III\">Un CDD \u00e0 terme pr\u00e9cis ou terme impr\u00e9cis<\/a><\/strong><br \/>\n<strong> <a href=\"#IV\">La dur\u00e9e maximale du CDD<\/a><\/strong><br \/>\n<strong> <a href=\"#V\">La p\u00e9riode d&rsquo;essai du CDD<\/a><\/strong><br \/>\n<strong> <a href=\"#VI\">Le renouvellement du CDD<\/a><\/strong><br \/>\n<strong> <a href=\"#VII\">La succession de CDD<\/a><\/strong><br \/>\n<strong> <a href=\"#VIII\">Le statut du salari\u00e9 en CDD<\/a><\/strong><br \/>\n<strong> <a href=\"#IX\">IX\/ La fin du CDD<\/a><\/strong><\/p>\n<div class=\"wp-block-button\" style=\"text-align: center;\"><a class=\"wp-block-button__link has-background\" href=\"https:\/\/leonard.fr\/documents\/services\/droit-du-travail\/cdd\/\" target=\"_blank\" rel=\"noopener\">Obtenir mon mod\u00e8le de CDD<\/a><\/div>\n<h2 id=\"I\">Le formalisme du contrat de travail \u00e0 dur\u00e9e d\u00e9termin\u00e9e<\/h2>\n<p>Le Code du travail impose de respecter un certain formalisme en mati\u00e8re de CDD. L&#8217;employeur se doit donc de respecter ces r\u00e8gles s&rsquo;il ne veut pas subir de\u00a0cons\u00e9quences dommageables.<\/p>\n<h3>Les caract\u00e9ristiques du contrat de travail \u00e0 dur\u00e9e d\u00e9termin\u00e9e<\/h3>\n<ul>\n<li><strong>Concernant la remise du contrat au salari\u00e9<\/strong> : ce contrat de travail doit \u00eatre transmis au salari\u00e9 au plus tard, dans <strong>les deux jours<\/strong> ouvrables suivant l&#8217;embauche. Cependant, le non respect de cette obligation n\u2019entra\u00eene pas la requalification du contrat \u00e0 dur\u00e9e d\u00e9termin\u00e9e, en CDI.<\/li>\n<li><strong>Concernant la signature du contrat<\/strong> : le\u00a0d\u00e9faut de signature\u00a0du\u00a0<span class=\"Highlight\" title=\"cdd\">contrat \u00e0 dur\u00e9e d\u00e9termin\u00e9e<\/span>\u00a0par le salari\u00e9\u00a0vaut absence d&rsquo;\u00e9crit\u00a0et entra\u00eene donc la requalification du\u00a0<span class=\"Highlight\" title=\"cdd\">CDD<\/span>\u00a0en CDI.<\/li>\n<li><strong>Concernant la forme du CDD<\/strong> : le contrat \u00e0 dur\u00e9e d\u00e9termin\u00e9e peut \u00eatre conclu \u00e0 temps plein, mais il existe aussi le CDD \u00e0\u00a0temps partiel. Attention, s&rsquo;il est conclu \u00e0 temps partiel, il doit contenir les mentions obligatoires du contrat \u00e0 temps partiel, et celles du CDD.<\/li>\n<li><strong>Concernant le contenu du contrat<\/strong> : si le CDI peut \u00eatre \u00e9crit ou non, le CDD, lui, doit n\u00e9cessairement \u00eatre un contrat \u00e9crit dans la mesure ou certaines mentions obligatoires doivent figurer dans le contrat. A d\u00e9faut\u00a0d&rsquo;\u00e9crit, il est r\u00e9put\u00e9 conclu pour une dur\u00e9e ind\u00e9termin\u00e9e (CDI)<\/li>\n<\/ul>\n<h3>Les mentions obligatoires du CDD<\/h3>\n<p>Doivent appara\u00eetre obligatoirement, dans le\u00a0contrat de travail \u00e0 dur\u00e9e d\u00e9termin\u00e9e,<strong> les mentions suivantes<\/strong> :<\/p>\n<ul>\n<li>Le nom et la qualification professionnelle de la personne remplac\u00e9e, lorsque le CDD\u00a0est conclu pour le remplacement d&rsquo;un autre salari\u00e9 ou d&rsquo;un chef d&rsquo;entreprise ;<\/li>\n<li>La date du terme du contrat \u00e0 dur\u00e9e d\u00e9termin\u00e9e, lorsqu&rsquo;il comporte un terme pr\u00e9cis ;<\/li>\n<li>La dur\u00e9e minimale pour laquelle il est conclu, lorsqu&rsquo;il ne comporte pas de terme pr\u00e9cis ;<\/li>\n<li>\u00c9ventuellement, une clause de renouvellement du CDD, lorsqu&rsquo;il comporte un terme pr\u00e9cis ;<\/li>\n<li>\u00a0L&rsquo;intitul\u00e9 de la convention collective applicable ;<\/li>\n<li>La dur\u00e9e de la p\u00e9riode d&rsquo;essai, s&rsquo;il y en a une de pr\u00e9vue ;<\/li>\n<li>Le montant de la r\u00e9mun\u00e9ration et de ses diff\u00e9rentes composantes, y compris les primes et accessoires de salaire s&rsquo;il en existe ;<\/li>\n<li>Le nom et l&rsquo;adresse de la caisse de retraite compl\u00e9mentaire ainsi que, le cas \u00e9ch\u00e9ant, ceux de l&rsquo;organisme de pr\u00e9voyance ;<\/li>\n<li>La d\u00e9signation du poste de travail en pr\u00e9cisant les risques particuliers pour la sant\u00e9 ou la s\u00e9curit\u00e9 des salari\u00e9s.<\/li>\n<\/ul>\n<h3>L\u2019absence de mentions obligatoires entra\u00eenant la requalification du CDD en CDI<\/h3>\n<p>Les juges ont eu l&rsquo;occasion de se prononcer sur quelques mentions obligatoires du contrat de travail \u00e0 dur\u00e9e d\u00e9termin\u00e9e, et les cons\u00e9quences de leurs absences dans le contrat.<\/p>\n<p>Ainsi, si certaines mentions ne sont pas inscrites dans le CDD, le contrat peut \u00eatre requalifi\u00e9 en CDI. Ainsi sera le cas si le salari\u00e9 d\u00e9cide de saisir le conseil de prud&rsquo;hommes. Vous devez donc \u00eatre vigilant et ne pas prendre \u00e0 la l\u00e9g\u00e8re, la r\u00e9daction d&rsquo;un tel contrat.<\/p>\n<p>En effet,\u00a0est requalifi\u00e9\u00a0en CDI, un contrat \u00e0 dur\u00e9e d\u00e9termin\u00e9e caract\u00e9ris\u00e9 par :<\/p>\n<ul>\n<li>l&rsquo;absence de la\u00a0<span class=\"Highlight\" title=\"mentions\">mention<\/span>\u00a0du nom et\/ou de la qualification du salari\u00e9 remplac\u00e9,<\/li>\n<li>l&rsquo;absence de la\u00a0<span class=\"Highlight\" title=\"mentions\">mention<\/span>\u00a0relative \u00e0 la dur\u00e9e minimale du contrat conclu pour remplacer un salari\u00e9.<\/li>\n<\/ul>\n<h3>L&rsquo;absence de mentions dont l&rsquo;absence n\u2019entra\u00eene pas la requalification du contrat<\/h3>\n<p>Dans un premier temps, il a \u00e9t\u00e9 jug\u00e9 que l&rsquo;omission de la\u00a0<span class=\"Highlight\" title=\"mentions\">mention<\/span>\u00a0de<strong> la convention collective<\/strong> applicable ne peut entra\u00eener la requalification du\u00a0<span class=\"Highlight\" title=\"cdd\">contrat \u00e0 dur\u00e9e d\u00e9termin\u00e9e<\/span>\u00a0en contrat \u00e0 dur\u00e9e ind\u00e9termin\u00e9e.<\/p>\n<p>La solution est identique en cas d&rsquo;omission de l&rsquo;indication de la <strong>caisse de retraite et de pr\u00e9voyance<\/strong> dont d\u00e9pend le salari\u00e9.<\/p>\n<p>Enfin, c&rsquo;est aussi le cas de\u00a0l&rsquo;absence de\u00a0<span class=\"Highlight\" title=\"mentions\">mention<\/span>\u00a0du montant de<strong> la r\u00e9mun\u00e9ration<\/strong> et de ses diff\u00e9rentes composantes<\/p>\n<p>Les juges ne s&rsquo;\u00e9tant pas prononc\u00e9s sur l&rsquo;ensemble des\u00a0<span class=\"Highlight\" title=\"mentions\">mentions<\/span>\u00a0<span class=\"Highlight\" title=\"obligatoires\">obligatoires<\/span>, on ne peut que conseiller aux employeurs de faire figurer toutes les\u00a0<span class=\"Highlight\" title=\"mentions\">mentions<\/span>\u00a0pr\u00e9vues \u00e0 l&rsquo;<span class=\"PC\"><a title=\"lien\">article L. 1242-12 du Code du travail.<\/a><\/span><\/p>\n<h2 id=\"II\">Les\u00a0cas de recours du CDD<\/h2>\n<p>Un contrat de travail \u00e0 dur\u00e9e d\u00e9termin\u00e9e ne peut \u00eatre conclu que <strong>dans les cas suivants<\/strong> :<\/p>\n<ul>\n<li><strong> Remplacement d&rsquo;un salari\u00e9 en cas<\/strong> :<\/li>\n<\/ul>\n<p>a) D&rsquo;absence ;<\/p>\n<p>b) De passage provisoire \u00e0 temps partiel, conclu par avenant \u00e0 son contrat de travail ou par \u00e9change \u00e9crit entre ce salari\u00e9 et son employeur ;<\/p>\n<p>c) De suspension de son contrat de travail ;<\/p>\n<p>d) De d\u00e9part d\u00e9finitif pr\u00e9c\u00e9dant la suppression de son poste de travail apr\u00e8s consultation du comit\u00e9 social et \u00e9conomique, s&rsquo;il existe ;<\/p>\n<p>e) D&rsquo;attente de l&rsquo;entr\u00e9e en service effective du salari\u00e9 recrut\u00e9 par contrat \u00e0 dur\u00e9e ind\u00e9termin\u00e9e appel\u00e9 \u00e0 le remplacer ;<\/p>\n<ul>\n<li style=\"list-style-type: none;\">\n<ul>\n<li><strong>Accroissement temporaire de l&rsquo;activit\u00e9 de l&rsquo;entreprise<\/strong> ;<\/li>\n<li><strong>CDD saisonnier\u00a0 ;<\/strong><\/li>\n<li><strong>Emplois dans lesquels il est d&rsquo;usage constant de ne pas recourir au\u00a0CDI<\/strong> en raison de la nature de l&rsquo;activit\u00e9 exerc\u00e9e et du caract\u00e8re par nature temporaire de ces emplois ;<\/li>\n<li><strong>Remplacement d&rsquo;un chef d&rsquo;entreprise artisanale, industrielle ou commerciale ;<\/strong><\/li>\n<li>Remplacement du<strong> chef d&rsquo;une exploitation agricole<\/strong>, d&rsquo;un aide familial, d&rsquo;un associ\u00e9 d&rsquo;exploitation, ou de leur conjoint ;<\/li>\n<li>Recrutement <strong>d&rsquo;ing\u00e9nieurs et de cadres<\/strong>, au sens des conventions collectives, en vue de la r\u00e9alisation d&rsquo;un objet d\u00e9fini ;<\/li>\n<li><strong>Une commande exceptionnelle \u00e0 l&rsquo;exportation ;<\/strong><\/li>\n<li><strong>De travaux urgents n\u00e9cessit\u00e9s par des mesures de s\u00e9curit\u00e9 ;<\/strong><\/li>\n<li>CDD conclu dans le cadre de<strong> la politique de l&#8217;emploi.<\/strong><\/li>\n<\/ul>\n<\/li>\n<\/ul>\n<h2 id=\"III\">Un CDD \u00e0 terme pr\u00e9cis ou terme impr\u00e9cis<\/h2>\n<p>Certains contrats \u00e0 dur\u00e9e d\u00e9termin\u00e9e peuvent \u00eatre conclus \u00e0 terme pr\u00e9cis et \u00e0 terme impr\u00e9cis. N\u00e9anmoins, certains peuvent \u00eatre conclus uniquement \u00e0 terme pr\u00e9cis.<\/p>\n<h3>Le CDD \u00e0 terme pr\u00e9cis<\/h3>\n<p>Lorsqu&rsquo;un contrat de travail \u00e0 dur\u00e9e d\u00e9termin\u00e9e est conclu \u00e0 terme pr\u00e9cis, cela veut dire qu&rsquo;est inscrit, dans le contrat de travail, une date de d\u00e9but et une date de fin. Ainsi, les parties savent exactement quand commence le contrat, et quand il se termine. Tout contrat \u00e0 dur\u00e9e d\u00e9termin\u00e9e peut \u00eatre conclu \u00e0 terme pr\u00e9cis, quel que soit le motif.<\/p>\n<p><em>Exemple :\u00a0si le CDD est conclu \u00e0 terme pr\u00e9cis,\u00a0la clause sera r\u00e9dig\u00e9e de la fa\u00e7on suivante \u00a0\u00bb le pr\u00e9sent contrat \u00e0 dur\u00e9e d\u00e9termin\u00e9e est conclu pour une dur\u00e9e d&rsquo;un mois. Il commencera le 1er juillet 2019 et se terminera le 31 juillet 2019&Prime;<\/em><\/p>\n<p>Enfin, sont toujours \u00e0 terme pr\u00e9cis les contrats \u00e0 dur\u00e9e d\u00e9termin\u00e9es pour :<\/p>\n<ul>\n<li>accroissement temporaire de l&rsquo;activit\u00e9,<\/li>\n<li>d\u00e9part d\u00e9finitif d&rsquo;un salari\u00e9 pr\u00e9c\u00e9dant la suppression de son poste de travail,<\/li>\n<li>commande exceptionnelle \u00e0 l&rsquo;exportation,<\/li>\n<li>contrat ex\u00e9cut\u00e9 \u00e0 l&rsquo;\u00e9tranger.<\/li>\n<\/ul>\n<h3>Le CDD \u00e0 terme impr\u00e9cis<\/h3>\n<p>Si, en principe, le contrat \u00e0 dur\u00e9e d\u00e9termin\u00e9e doit comporter un terme pr\u00e9cis, il peut n\u00e9anmoins ne pas comporter de terme pr\u00e9cis lorsqu&rsquo;il est conclu dans l&rsquo;un des cas suivants :<\/p>\n<ul>\n<li style=\"list-style-type: none;\">\n<ul>\n<li style=\"list-style-type: none;\">\n<ul>\n<li>Remplacement d&rsquo;un salari\u00e9 absent ;<\/li>\n<li>Remplacement d&rsquo;un salari\u00e9 dont le contrat de travail est suspendu (cong\u00e9 maternit\u00e9, accident du travail etc) ;<\/li>\n<li>Dans l&rsquo;attente de l&rsquo;entr\u00e9e en service effective d&rsquo;un salari\u00e9 recrut\u00e9 par contrat \u00e0 dur\u00e9e ind\u00e9termin\u00e9e ;<\/li>\n<li>CDD saisonnier ;<\/li>\n<li>Emploi o\u00f9 il est d&rsquo;usage d&rsquo;avoir recours au CDD ;<\/li>\n<li>Remplacement\u00a0d&rsquo;un chef d&rsquo;entreprise ;<\/li>\n<\/ul>\n<\/li>\n<\/ul>\n<\/li>\n<\/ul>\n<p>Dans le cadre d&rsquo;un contrat de travail \u00e0 terme impr\u00e9cis, il n&rsquo;est pas possible de connaitre \u00e0 l&rsquo;avance, le terme du contrat. C&rsquo;est donc uniquement une<strong>\u00a0dur\u00e9e minimale<\/strong> qui sera inscrite dans le contrat.<\/p>\n<p><em>Exemple : il sera \u00e9crit dans le contrat \u00a0\u00bb le pr\u00e9sent contrat \u00e0 dur\u00e9e d\u00e9termin\u00e9e est conclu pour une dur\u00e9e minimale de deux mois. Il prendra effet le 1er juillet 2019.\u00a0\u00bb<\/em><\/p>\n<p>Il a pour terme <strong>la fin de l&rsquo;absence de la personne<\/strong> remplac\u00e9e ou<strong> la r\u00e9alisation de l&rsquo;objet<\/strong> pour lequel le contrat a \u00e9t\u00e9 conclu.<\/p>\n<h2 id=\"IV\">La dur\u00e9e maximale du CDD<\/h2>\n<h3>Dur\u00e9e maximale du cdd : une dur\u00e9e de 18 mois en principe<\/h3>\n<p>Votre convention collective ou un accord de branche \u00e9tendu peut fixer la dur\u00e9e totale du contrat de travail \u00e0 dur\u00e9e d\u00e9termin\u00e9e.<\/p>\n<p>A d\u00e9faut, la dur\u00e9e\u00a0maximale du cdd ne peut exc\u00e9der<strong>\u00a018 mois<\/strong> compte tenu, le cas \u00e9ch\u00e9ant, du ou des renouvellements. Cela veut alors dire que le contrat de travail ne peut pas d\u00e9passer 18 mois, renouvellement inclus.<\/p>\n<p><em>Exemple : un CDD est conclu pour une p\u00e9riode de 6 mois. Il est renouvel\u00e9 une fois. Le CDD, renouvellement inclus, comprend alors une p\u00e9riode de 12 mois (6 mois x 2) Les 18 mois\u00a0ne sont pas d\u00e9pass\u00e9s donc une telle op\u00e9ration est possible.\u00a0<\/em><\/p>\n<h3>Premi\u00e8re exception : une dur\u00e9e maximale du CDD de 9 mois<\/h3>\n<p>Cette dur\u00e9e est r\u00e9duite\u00a0\u00e0 <strong>9 mois<\/strong> lorsque le contrat est conclu :<\/p>\n<ul>\n<li style=\"list-style-type: none;\">\n<ul>\n<li style=\"list-style-type: none;\">\n<ul>\n<li>dans l&rsquo;attente de l&rsquo;entr\u00e9e en service effective d&rsquo;un salari\u00e9 recrut\u00e9 par contrat \u00e0 dur\u00e9e ind\u00e9termin\u00e9e,<\/li>\n<li>ou lorsque son objet consiste en la r\u00e9alisation des travaux urgents n\u00e9cessit\u00e9s par des mesures de s\u00e9curit\u00e9.<\/li>\n<\/ul>\n<\/li>\n<\/ul>\n<\/li>\n<\/ul>\n<h3>Deuxi\u00e8me exception : une dur\u00e9e maximale du CDD de 24 mois<\/h3>\n<p>La dur\u00e9e maximale du CDD est de\u00a0<strong>24 mois<\/strong> maximum :<\/p>\n<ul>\n<li style=\"list-style-type: none;\">\n<ul>\n<li style=\"list-style-type: none;\">\n<ul>\n<li>lorsque le contrat est ex\u00e9cut\u00e9 \u00e0 l&rsquo;\u00e9tranger,<\/li>\n<li>le contrat est conclu dans le cadre du d\u00e9part d\u00e9finitif d&rsquo;un salari\u00e9 pr\u00e9c\u00e9dant la suppression de son poste de travail,<\/li>\n<li>lorsque survient dans l&rsquo;entreprise, une commande exceptionnelle \u00e0 l&rsquo;exportation. Dans ce cas, la dur\u00e9e initiale du contrat ne peut \u00eatre inf\u00e9rieure \u00e0 six mois.<\/li>\n<\/ul>\n<\/li>\n<\/ul>\n<\/li>\n<\/ul>\n<p>Vous pouvez \u00e9galement lire notre article \u00ab\u00a0<a href=\"https:\/\/blog.legalvision.fr\/2018\/10\/13\/duree-maximale-cdd-et-renouvellement\/\">dur\u00e9e maximale CDD : pendant combien de temps peut-on embaucher en CDD ? <\/a>\u00a0\u00bb pour avoir des informations suppl\u00e9mentaires.<\/p>\n<h2 id=\"V\">La p\u00e9riode d&rsquo;essai du CDD<\/h2>\n<p>Le contrat de travail \u00e0 dur\u00e9e d\u00e9termin\u00e9e <strong>peut<\/strong> comporter une p\u00e9riode d&rsquo;essai. Il convient cependant de diff\u00e9rencier plusieurs cas de p\u00e9riode d&rsquo;essai du\u00a0contrat \u00e0 dur\u00e9e d\u00e9termin\u00e9e.\u00a0Il faut notamment, diff\u00e9rencier si le contrat est conclu \u00e0 terme pr\u00e9cis ou terme impr\u00e9cis.<\/p>\n<h3>La dur\u00e9e du contrat est\u00a0\u00e9gale \u00e0 6 mois, ou moins<\/h3>\n<p>Lorsque le contrat de travail est \u00e0 <strong>terme pr\u00e9cis<\/strong>, et dure au<strong> maximum 6 mois,<\/strong>\u00a0la p\u00e9riode d&rsquo;essai du CDD est calcul\u00e9e \u00e0 raison d&rsquo;un jour par semaine de la dur\u00e9e du contrat de travail. Cependant, cette p\u00e9riode d&rsquo;essai est limit\u00e9e \u00e0\u00a0<strong>deux semaines<\/strong>.<\/p>\n<p><em>Exemple : un contrat \u00e0 dur\u00e9e d\u00e9termin\u00e9e est conclu pour une p\u00e9riode de 5 mois.<br \/>\n<\/em><em>Dans 1 mois, il y a en g\u00e9n\u00e9ral, 4 semaines.<br \/>\nPour 5 mois, il y a alors 20 semaines.<br \/>\nLe contrat de 5 mois, comporte 20 semaines, donc la dur\u00e9e de p\u00e9riode d&rsquo;essai devrait \u00eatre\u00a0de 20 jours puisque la dur\u00e9e de la p\u00e9riode d&rsquo;essai du CDD se calcule \u00e0 raison d&rsquo;un jour par semaine de la dur\u00e9e du contrat.<\/em><\/p>\n<p><em>Cependant, le code du travail impose une limite de 2 semaines : il n&rsquo;est donc pas possible de pr\u00e9voir une p\u00e9riode d&rsquo;essai allant au del\u00e0. De ce fait, la p\u00e9riode d&rsquo;essai du CDD sera ici, de 2 semaines et non pas de 20 jours.\u00a0<\/em><\/p>\n<h3>La dur\u00e9e du contrat est sup\u00e9rieure \u00e0 6 mois<\/h3>\n<p>Lorsque la dur\u00e9e du contrat <strong>\u00e0 terme pr\u00e9cis<\/strong>, exc\u00e8de <strong>6 mois,<\/strong> la p\u00e9riode d&rsquo;essai est alors d&rsquo;un mois.<\/p>\n<p><em>Par exemple, un CDD est conclu pour une p\u00e9riode de 8 mois. Dans un tel cas, si une p\u00e9riode d&rsquo;essai est pr\u00e9vue, elle sera d&rsquo;un mois.\u00a0<\/em><\/p>\n<h3>Le CDD ne comporte pas de terme pr\u00e9cis<\/h3>\n<p>Les dur\u00e9es maximales d&rsquo;essai sont fix\u00e9es\u00a0en fonction de<strong> la dur\u00e9e de la p\u00e9riode minimale<\/strong> lorsque le contrat est conclu sans terme pr\u00e9cis. En effet, dans le cadre d&rsquo;un CDD \u00e0 terme impr\u00e9cis, il n&rsquo;est pas possible de savoir en avance, le terme du contrat. Est alors pr\u00e9vue uniquement, une p\u00e9riode minimale.<\/p>\n<p>De ce fait, lorsque le contrat \u00e0 dur\u00e9e d\u00e9termin\u00e9e ne comporte pas de terme pr\u00e9cis, il faut appliquer les r\u00e8gles \u00e9nonc\u00e9es dans le A) et B)\u00a0en se basant non pas sur<strong> la dur\u00e9e du contrat<\/strong>, mais en se basant cette fois-ci sur\u00a0<strong>la dur\u00e9e minimale du contrat.\u00a0<\/strong><\/p>\n<p>En effet, comme vu pr\u00e9c\u00e9demment, lorsqu&rsquo;un CDD est conclu\u00a0sans terme pr\u00e9cis, une dur\u00e9e minimale doit \u00eatre pr\u00e9vue dans le contrat de travail.<\/p>\n<p><em>Exemple : un contrat de travail \u00e0 dur\u00e9e d\u00e9termin\u00e9e, sans terme pr\u00e9cis, est conclu pour une p\u00e9riode minimale d&rsquo;un mois. La dur\u00e9e de la p\u00e9riode minimale est inf\u00e9rieure \u00e0 6 mois. De ce fait, cette derni\u00e8re se calcule \u00e0 raison d&rsquo;un jour par semaine. Or dans un mois, il y a 4 semaines. De ce fait, la p\u00e9riode d&rsquo;essai sera de 4 jours.\u00a0<\/em><\/p>\n<h2 id=\"VI\">Le renouvellement du CDD<\/h2>\n<p>Seuls les contrats de travail conclus <strong>de date \u00e0 date<\/strong> peuvent \u00eatre\u00a0<span class=\"Highlight\" title=\"renouvellement\">renouvel\u00e9s<\/span>. Un contrat conclu \u00e0 terme impr\u00e9cis ne peut donc pas faire l&rsquo;objet d&rsquo;un renouvellement.<\/p>\n<p>Le nombre maximal de\u00a0<span class=\"Highlight\" title=\"renouvellement\">renouvellement<\/span>\u00a0d&rsquo;un\u00a0<span class=\"Highlight\" title=\"cdd\">CDD<\/span>\u00a0peut \u00eatre fix\u00e9 par accord.\u00a0Cependant, en l&rsquo;absence d&rsquo;accord de branche \u00e9tendu pr\u00e9voyant une telle possibilit\u00e9, le\u00a0<span class=\"Highlight\" title=\"cdd\">CDD<\/span>\u00a0comportant un terme pr\u00e9cis peut \u00eatre\u00a0<span class=\"Highlight\" title=\"renouvellement\">renouvel\u00e9<\/span>\u00a0<strong>deux fois<\/strong>.<\/p>\n<p>La dur\u00e9e du ou des\u00a0<span class=\"Highlight\" title=\"renouvellement\">renouvellements du CDD<\/span>\u00a0ajout\u00e9e \u00e0 la dur\u00e9e initiale, ne doit pas exc\u00e9der la dur\u00e9e maximale autoris\u00e9e par l&rsquo;accord collectif ou, en l&rsquo;absence d&rsquo;accord, par les dispositions\u00a0pr\u00e9vues par le code du travail, concernant ce motif.<\/p>\n<p><em>Exemple : un contrat est sign\u00e9 dans le cadre d&rsquo;une commande exceptionnelle \u00e0 l&rsquo;exportation, pour une dur\u00e9e de 7 mois. Il est renouvel\u00e9 2 fois puisque l&rsquo;accord ne pr\u00e9voit rien. Ce contrat va donc durer en tout, 21 mois, renouvellements inclus. Il ne d\u00e9passe pas la dur\u00e9e de 24 mois (dur\u00e9e maximale pour un CDD conclu dans le cadre d&rsquo;une commande exceptionnelle \u00e0 l&rsquo;exportation). De ce fait,\u00a0la l\u00e9gislation est bien respect\u00e9e.\u00a0<\/em><\/p>\n<p>Attention, l&rsquo;avenant contractuel proposant le renouvellement du\u00a0CDD doit \u00eatre soumis au salari\u00e9 avant le terme du contrat.<\/p>\n<h2 id=\"VII\">La succession de CDD<\/h2>\n<p>Vous avez la possibilit\u00e9 de\u00a0conclure plusieurs contrats \u00e0 dur\u00e9e d\u00e9termin\u00e9e \u00e0 la suite. Cependant, les r\u00e8gles changent selon que ces contrats se succ\u00e8dent sur un m\u00eame poste de travail ou avec un m\u00eame salari\u00e9 sur des postes de travail diff\u00e9rents.<\/p>\n<h3>Des CDD successifs sur un m\u00eame poste de travail<\/h3>\n<p>A l&rsquo;expiration d&rsquo;un contrat de travail \u00e0 dur\u00e9e d\u00e9termin\u00e9e, il ne peut \u00eatre recouru \u00e0\u00a0un autre contrat \u00e0 dur\u00e9e d\u00e9termin\u00e9e avant l&rsquo;expiration d&rsquo;un d\u00e9lai de carence.<\/p>\n<p>Un accord collectif peut pr\u00e9voir la dur\u00e9e de ce d\u00e9lai de carence. A d\u00e9faut,\u00a0il\u00a0est \u00e9gal :<\/p>\n<ul>\n<li><strong>Au tiers de la dur\u00e9e du contrat<\/strong> venu \u00e0 expiration si la dur\u00e9e du contrat incluant, le cas \u00e9ch\u00e9ant, son ou ses renouvellements, est de\u00a0<strong>14 jours ou plus<\/strong> ;<\/li>\n<li><strong>A la moiti\u00e9 de la dur\u00e9e du contrat<\/strong> venu \u00e0 expiration si la dur\u00e9e du contrat incluant, le cas \u00e9ch\u00e9ant, son ou ses renouvellements, est<strong> inf\u00e9rieure \u00e0\u00a014 jours.<\/strong><\/li>\n<\/ul>\n<p>Cependant, un\u00a0accord collectif peut pr\u00e9voir les cas dans lesquels <strong>le d\u00e9lai de carence\u00a0n&rsquo;est pas applicable<\/strong>. A d\u00e9faut,\u00a0le Code du travail pr\u00e9voit que le d\u00e9lai de carence n&rsquo;est pas applicable :<\/p>\n<ul>\n<li>Lorsque le contrat de travail \u00e0 dur\u00e9e d\u00e9termin\u00e9e est conclu pour assurer le remplacement d&rsquo;un salari\u00e9 temporairement absent ou dont le contrat de travail est suspendu ;<\/li>\n<li>Le contrat de travail \u00e0 dur\u00e9e d\u00e9termin\u00e9e est conclu pour l&rsquo;ex\u00e9cution de travaux urgents n\u00e9cessit\u00e9s par des mesures de s\u00e9curit\u00e9 ;<\/li>\n<li>Lorsque le contrat de travail \u00e0 dur\u00e9e d\u00e9termin\u00e9e est conclu pour pourvoir un emploi \u00e0 caract\u00e8re saisonnier<\/li>\n<li>En cas de recours au CDD d&rsquo;usage ;<\/li>\n<li>Lorsque le contrat est conclu pour assurer le remplacement\u00a0d&rsquo;un chef d&rsquo;entreprise ;<\/li>\n<li>Quand le contrat est conclu\u00a0pour favoriser le recrutement de certaines cat\u00e9gories de personnes sans emploi ;<\/li>\n<li>Ou pour assurer un compl\u00e9ment de formation professionnelle au salari\u00e9 ;<\/li>\n<li>Lorsque le salari\u00e9 est \u00e0 l&rsquo;initiative d&rsquo;une rupture anticip\u00e9e du contrat ;<\/li>\n<li>Enfin, lorsque le salari\u00e9 refuse le renouvellement de son contrat, pour la dur\u00e9e du contrat non renouvel\u00e9<\/li>\n<\/ul>\n<h5><strong>Remarque :<\/strong><\/h5>\n<p>La conclusion de\u00a0<span class=\"Highlight\" title=\"cdd\">CDD<\/span>\u00a0successifs sans d\u00e9lai de carence sur le m\u00eame poste de travail n&rsquo;est possible qu&rsquo;\u00e0 la condition que chacun des contrats de travail ait \u00e9t\u00e9 conclu pour l&rsquo;un des motifs \u00e9nonc\u00e9s ci-dessus.<\/p>\n<h3>Des CDD successifs sur des postes diff\u00e9rents, avec le m\u00eame salari\u00e9<\/h3>\n<p>Dans un tel cas, le principe est le suivante : des CDD peuvent se succ\u00e9der, uniquement apr\u00e8s le respect d&rsquo;un d\u00e9lai de carence.<\/p>\n<p>Cependant, quelques exceptions existent. En effet, les CDD peuvent se succ\u00e9der directement, sans attendre un d\u00e9lai de carence, dans 5 cas :<\/p>\n<ul>\n<li>Remplacement d&rsquo;un salari\u00e9 absent ;<\/li>\n<li>Remplacement d&rsquo;un salari\u00e9 dont le contrat de travail est suspendu ;<\/li>\n<li>Emplois \u00e0 caract\u00e8re saisonnier ;<\/li>\n<li>Emplois dans lesquels il est d&rsquo;usage d&rsquo;avoir recours au CDD ;<\/li>\n<li>Remplacement\u00a0d&rsquo;un chef d&rsquo;entreprise.<\/li>\n<\/ul>\n<p><strong>Attention<\/strong> : la\u00a0<span class=\"Highlight\" title=\"succession\">succession<\/span>\u00a0de\u00a0<span class=\"Highlight\" title=\"cdd\">contrat de travail \u00e0 dur\u00e9e d\u00e9termin\u00e9e<\/span>\u00a0avec le m\u00eame salari\u00e9 est possible sans d\u00e9lai de carence si chacun des contrats de travail a \u00e9t\u00e9 conclu pour l&rsquo;un des motifs autorisant la\u00a0<span class=\"Highlight\" title=\"succession\">succession<\/span>\u00a0sans interruption.<\/p>\n<p><em><span class=\"Highlight\" title=\"succession\">Exemple : <\/span><\/em><\/p>\n<p><em><span class=\"Highlight\" title=\"succession\">Succession<\/span>\u00a0possible sans interruption :<\/em><\/p>\n<ul>\n<li><em><span class=\"Highlight\" title=\"cdd\">CDD<\/span>\u00a0de remplacement + CDD saisonnier ;<\/em><\/li>\n<\/ul>\n<p><em><span class=\"Highlight\" title=\"succession\">Succession<\/span>\u00a0n\u00e9cessitant\u00a0le respect d&rsquo;un d\u00e9lai de carence\u00a0:<\/em><\/p>\n<ul>\n<li><em><span class=\"Highlight\" title=\"cdd\">CDD<\/span>\u00a0de remplacement + CDD pour surcro\u00eet temporaire d&rsquo;activit\u00e9\u00a0<\/em><\/li>\n<\/ul>\n<h2 id=\"VIII\">Le statut du salari\u00e9 en CDD<\/h2>\n<p>Pendant son travail, le salari\u00e9 titulaire d\u2019un contrat \u00e0 dur\u00e9e d\u00e9termin\u00e9e dispose des m\u00eames droits que les autres salari\u00e9s de l\u2019entreprise.<\/p>\n<p>Ainsi, le salari\u00e9 en contrat \u00e0 dur\u00e9e d\u00e9termin\u00e9e\u00a0ex\u00e9cute son travail dans les m\u00eames conditions que les salari\u00e9s en CDI (dur\u00e9e du travail, travail de nuit, repos hebdomadaire, jours f\u00e9ri\u00e9s, hygi\u00e8ne et s\u00e9curit\u00e9\u2026). De plus, il peut acc\u00e9der aux m\u00eames droits collectifs que les autres salari\u00e9s en CDI : transport, restauration, tickets restaurant, douches, vestiaires, biblioth\u00e8que, salles de repos, cr\u00e8che etc.<\/p>\n<p>D&rsquo;autre part, sa r\u00e9mun\u00e9ration doit \u00eatre au moins \u00e9gale \u00e0 celle que percevrait, apr\u00e8s p\u00e9riode d\u2019essai, un autre salari\u00e9 de l\u2019entreprise, sous contrat \u00e0 dur\u00e9e ind\u00e9termin\u00e9e, de qualification \u00e9quivalente et occupant le m\u00eame poste de travail.<\/p>\n<p>En cas de maladie ou d\u2019accident, le salari\u00e9 en contrat \u00e0 dur\u00e9e d\u00e9termin\u00e9e peut avoir droit aux indemnit\u00e9s compl\u00e9mentaires pr\u00e9vues par la convention applicable \u00e0 l\u2019entreprise, s\u2019il remplit les conditions pos\u00e9es par cette convention (par exemple, les conditions d\u2019anciennet\u00e9).<\/p>\n<h2><b>Les diff\u00e9rents type de contrat \u00e0 dur\u00e9e d\u00e9termin\u00e9e\u00a0<\/b><\/h2>\n<p><span style=\"font-weight: 400;\">Si, classiquement, tout le monde conna\u00eet la distinction entre le CDI et le CDD, qui conf\u00e8re un statut CDD ou CDI et dont le r\u00e9gime juridique est diff\u00e9rent. Il faut s\u2019avoir qu\u2019il existe un grand nombre d\u2019autres contrats de travail.\u00a0<\/span><\/p>\n<p><span style=\"font-weight: 400;\">Il existe par exemple un contrat de chantier ou d\u2019op\u00e9ration \u00e0 dur\u00e9e ind\u00e9termin\u00e9e, qui est conclu pour une dur\u00e9e qui est calqu\u00e9e sur la r\u00e9alisation du chantier. Ou encore, le contrat de travail temporaire ou intermittent, qui ont tous des sp\u00e9cificit\u00e9s.\u00a0<\/span><\/p>\n<p><span style=\"font-weight: 400;\">S\u2019agissant des CDD, il existe notamment :\u00a0<\/span><\/p>\n<ul>\n<li style=\"font-weight: 400;\" aria-level=\"1\"><span style=\"font-weight: 400;\">Le <\/span><b>contrat \u00e0 dur\u00e9e d\u00e9termin\u00e9e<\/b><span style=\"font-weight: 400;\"> (le CDD classique), qui est l\u2019objet de cet article et qui n\u2019est possible que pour l\u2019ex\u00e9cution d\u2019une t\u00e2che pr\u00e9cise et temporaire et seulement dans les cas \u00e9num\u00e9r\u00e9s par la loi. Il doit obligatoirement faire l\u2019objet d\u2019un \u00e9crit ;\u00a0<\/span><\/li>\n<\/ul>\n<p><span style=\"font-weight: 400;\">Attention\u00a0 : un tel contrat ne peut avoir ni pour objet, ni pour effet, de pourvoir durablement un emploi li\u00e9 \u00e0 une activit\u00e9 normale et permanente de la soci\u00e9t\u00e9. Si un CDD est pass\u00e9 en dehors des cas autoris\u00e9s par la loi, il peut \u00eatre requalifi\u00e9 en contrat \u00e0 dur\u00e9e ind\u00e9termin\u00e9e, conduisant \u00e0 des cons\u00e9quences juridiques lourdes (pr\u00e9avis de licenciement, indemnit\u00e9s, etc.).\u00a0<\/span><\/p>\n<ul>\n<li style=\"font-weight: 400;\" aria-level=\"1\"><b>Le contrat \u00e0 dur\u00e9e d\u00e9termin\u00e9e s\u00e9nior<\/b><span style=\"font-weight: 400;\"> s\u2019adresse uniquement aux personnes qui sont \u00e2g\u00e9es de plus de 57 ans et inscrites depuis plus de trois mois comme demandeurs d\u2019emploi ou qui b\u00e9n\u00e9ficient d\u2019une convention de reclassement personnalis\u00e9 (CRP). Il a pour but de favoriser le recrutement des \u201cs\u00e9niors\u201d.\u00a0<\/span><\/li>\n<\/ul>\n<p><span style=\"font-weight: 400;\">Il peut \u00eatre conclu pour une dur\u00e9e maximale de 18 mois qui peut \u00eatre renouvel\u00e9e une fois et dont la dur\u00e9e maximale ne peut pas exc\u00e9der 36 mois.\u00a0<\/span><\/p>\n<p><span style=\"font-weight: 400;\">Le salari\u00e9, comme pour un CDD classique, b\u00e9n\u00e9ficie des m\u00eames droits que les autres salari\u00e9s dans l\u2019entreprise et ex\u00e9cute son travail dans des conditions identiques. Il doit percevoir une r\u00e9mun\u00e9ration au moins identique \u00e0 celle que percevrait, apr\u00e8s la p\u00e9riode d\u2019essai, un autre salari\u00e9 de l\u2019entreprise qui serait soumis au r\u00e9gime du CDI et de qualification \u00e9quivalente et dont son poste de travail est identique.\u00a0<\/span><\/p>\n<p><b>Attention :<\/b><span style=\"font-weight: 400;\"> ces CDD senior ne peuvent toutefois pas concerner les employeurs des professions agricoles.\u00a0\u00a0<\/span><\/p>\n<p><b>Bon \u00e0 savoir : <\/b><span style=\"font-weight: 400;\">pour compenser la pr\u00e9carit\u00e9 de ce statut, le salari\u00e9 peut b\u00e9n\u00e9ficier d\u2019indemnit\u00e9s particuli\u00e8res telle que l\u2019indemnit\u00e9 compensatrice de cong\u00e9s pay\u00e9s s\u2019il n\u2019a pas pris ses cong\u00e9s pendant la dur\u00e9e du CDD.\u00a0<\/span><\/p>\n<ul>\n<li style=\"font-weight: 400;\" aria-level=\"1\"><span style=\"font-weight: 400;\">Le <\/span><b>contrat \u00e0 dur\u00e9e d\u00e9termin\u00e9e \u00e0 objet d\u00e9fini<\/b><span style=\"font-weight: 400;\"> (ou CDD de mission) s\u2019adresse exclusivement au recrutement d\u2019ing\u00e9nieurs et de cadres tel qu\u2019ils sont d\u00e9finis par les conventions collectives.\u00a0<\/span><\/li>\n<\/ul>\n<p><span style=\"font-weight: 400;\">La dur\u00e9e de ce CDD de mission prend fin alors de la r\u00e9alisation d\u2019un objet d\u00e9fini lors de la conclusion du contrat. La dur\u00e9e est comprise entre 18 et 36 mois sans qu\u2019un renouvellement ne soit possible.\u00a0<\/span><\/p>\n<p><span style=\"font-weight: 400;\">Il n\u2019est possible de recourir \u00e0 ce type de contrat \u00e0 dur\u00e9e d\u00e9termin\u00e9e que lorsqu\u2019un accord de branche \u00e9tendu \u00e0 \u00e9t\u00e9 conclu, ou, \u00e0 d\u00e9faut, en cas d\u2019accord d\u2019entreprise l\u2019autorisation. Ces accords doivent \u00eatre explicites quant \u00e0 leur n\u00e9cessit\u00e9 \u00e9conomique auquelle ces contrats vont pouvoir apporter une solution, les conditions de priorisation d\u2019acc\u00e8s \u00e0 l\u2019emploi CDI dans l\u2019entreprise, de reclassement et de validation d\u2019acquis.\u00a0<\/span><\/p>\n<p><b>Bon \u00e0 savoir :<\/b><span style=\"font-weight: 400;\"> le d\u00e9lai de pr\u00e9venance d\u2019un CDD \u00e0 objet d\u00e9fini est de 2 mois, mais il peut toutefois \u00eatre rompu par anticipation sous certaines conditions. A l\u2019issue du CDD de mission, le salari\u00e9 peut b\u00e9n\u00e9ficier d\u2019une indemnit\u00e9 d\u2019un montant \u00e9gal \u00e0 10 % de sa r\u00e9mun\u00e9ration totale brute.\u00a0<\/span><\/p>\n<h2 id=\"IX\">La fin du CDD<\/h2>\n<p>Il arrive que ce contrat ne puisse pas atteindre le terme initialement pr\u00e9vu par les parties. C&rsquo;est notamment le cas lorsque l&rsquo;une des parties met fin au contrat de mani\u00e8re illicite, ou lorsque la rupture du contrat se\u00a0caract\u00e9rise par l&rsquo;un des cas de rupture anticip\u00e9e pr\u00e9vue par la loi.<\/p>\n<h3>\u00a0Rompre un\u00a0CDD de mani\u00e8re anticip\u00e9e<\/h3>\n<p>En principe, une fois que le contrat est conclu entre l&#8217;employeur et le salari\u00e9, il n&rsquo;est pas possible de rompre un\u00a0CDD avant son terme, ou avant la r\u00e9alisation de l&rsquo;objet pour lequel il a \u00e9t\u00e9 conclu. Cependant, la loi a mis en place quelques cas de rupture anticip\u00e9e du CDD. Ainsi, il est possible de\u00a0rompre un CDD de mani\u00e8re licite, dans les cas suivants :<\/p>\n<ul>\n<li>rupture \u00e0 l\u2019initiative du salari\u00e9 qui justifie d\u2019une embauche en contrat \u00e0 dur\u00e9e ind\u00e9termin\u00e9e,<\/li>\n<li>accord conclu entre l\u2019employeur et le salari\u00e9,<\/li>\n<li>pour force majeure, c\u2019est-\u00e0-dire un \u00e9v\u00e9nement exceptionnel, impr\u00e9visible et insurmontable qui rend impossible l\u2019ex\u00e9cution du contrat de travail (des difficult\u00e9s \u00e9conomiques ou la liquidation judiciaire de l\u2019entreprise ne constituent pas, pour l\u2019employeur, des situations de force majeure),<\/li>\n<li>inaptitude constat\u00e9e par le m\u00e9decin du travail,<\/li>\n<li>ou\u00a0pour faute grave de l\u2019employeur ou du salari\u00e9.<\/li>\n<\/ul>\n<p>La\u00a0<strong>rupture anticip\u00e9e d&rsquo;un CDD<\/strong>\u00a0en dehors de ces hypoth\u00e8ses peut entra\u00eener des poursuites judiciaires.<\/p>\n<p>Vous souhaitez avoir davantage d&rsquo;informations sur la rupture anticip\u00e9e du CDD ? consultez notre article \u00ab\u00a0<a href=\"https:\/\/blog.legalvision.fr\/2019\/07\/30\/rupture-anticipee-cdd-toutes-les-situations\/\">rupture anticip\u00e9e CDD : toutes les situations et indemnit\u00e9s expliqu\u00e9es<\/a>\u00ab\u00a0.<\/p>\n<h3>\u00a0Rompre un CDD de mani\u00e8re illicite<\/h3>\n<p>En cas de rupture anticip\u00e9e illicite du CDD par<strong> le salari\u00e9<\/strong>, celui-ci doit \u00e0 l&#8217;employeur des dommages et int\u00e9r\u00eats, en fonction du pr\u00e9judice subi. L&#8217;employeur devra donc prouver la perte que le d\u00e9part du salari\u00e9 lui occasionne.<\/p>\n<p>Si c&rsquo;est\u00a0<strong>l&#8217;employeur <\/strong>qui d\u00e9cide de rompre le\u00a0CDD de fa\u00e7on illicite, il<strong>\u00a0<\/strong>devra payer au salari\u00e9 des indemnit\u00e9s qui couvrent au minimum l&rsquo;ensemble des salaires que le salari\u00e9 aurait per\u00e7u s&rsquo;il avait travaill\u00e9 jusqu&rsquo;au terme de son CDD.<\/p>\n<h3>L&rsquo; indemnit\u00e9 de fin de contrat du CDD<\/h3>\n<p>Le salari\u00e9 a droit \u00e0 une indemnit\u00e9 de fin de contrat du contrat \u00e0 dur\u00e9e d\u00e9termin\u00e9e, appel\u00e9e prime de pr\u00e9carit\u00e9,\u00a0lorsque le contrat arrive \u00e0 son terme. Toutefois, dans certains cas, l&rsquo;indemnit\u00e9 n&rsquo;est pas vers\u00e9e.<\/p>\n<p>Ainsi, l&rsquo;indemnit\u00e9 de fin de contrat du CDD n&rsquo;est pas due dans les cas suivants :<\/p>\n<ul>\n<li><a href=\"https:\/\/blog.legalvision.fr\/2019\/03\/29\/passage-de-cdd-en-cdi-explications-detaillees\/\">embauche en CDI \u00e0 l&rsquo;issue du CDD<\/a>,<\/li>\n<li>refus d&rsquo;un CDI propos\u00e9 au salari\u00e9 pour occuper le m\u00eame emploi ou un emploi similaire, avec une r\u00e9mun\u00e9ration au moins \u00e9quivalente,<\/li>\n<li>faute grave,<\/li>\n<li>force majeur,<\/li>\n<li>le CDD d&rsquo;usage,<\/li>\n<li>mais aussi le contrat aid\u00e9 sauf si une convention collective pr\u00e9voit le contraire,<\/li>\n<li>le contrat pour lequel l&#8217;employeur s&rsquo;est engag\u00e9 \u00e0 assurer un compl\u00e9ment de formation professionnelle au salari\u00e9,<\/li>\n<li>un contrat conclu avec un jeune pendant ses vacances scolaires ou universitaires,<\/li>\n<li>le contrat saisonnier enfin, lorsque le salari\u00e9 a rompu le\u00a0<span class=\"Highlight\" title=\"cdd\">CDD<\/span>\u00a0de fa\u00e7on anticip\u00e9e.<\/li>\n<\/ul>\n<h5>L&rsquo;indemnit\u00e9 de fin de contrat du CDD est \u00e9gale au minimum \u00e0\u00a0<strong><span class=\"prix\">10\u00a0%<\/span><\/strong>\u00a0de la r\u00e9mun\u00e9ration brute totale vers\u00e9e durant le contrat.<\/h5>\n<p>Toutefois, ce pourcentage peut \u00eatre limit\u00e9 \u00e0\u00a0<strong>6\u00a0%<\/strong> par un accord collectif. Dans ce cas, des contreparties doivent \u00eatre offertes au salari\u00e9, notamment sous la forme d&rsquo;un acc\u00e8s privil\u00e9gi\u00e9 \u00e0 la formation professionnelle (action de formation, bilan de comp\u00e9tences).<\/p>\n<p>Cette indemnit\u00e9\u00a0est vers\u00e9e \u00e0 l&rsquo;issue du contrat en m\u00eame temps que le dernier salaire.\u00a0En cas de renouvellement du CDD, l&rsquo;indemnit\u00e9 de fin de contrat du CDD est vers\u00e9e \u00e0 l&rsquo;issue du dernier contrat.<\/p>\n<p>Le salari\u00e9 \u00e0 \u00e9galement le droit \u00e0 l&rsquo;indemnit\u00e9 de <strong>cong\u00e9s pay\u00e9s<\/strong> \u00e0 la fin de son CDD, s&rsquo;il avait des cong\u00e9s \u00e0 prendre.<\/p>\n<details>\n<summary><strong>Sources<\/strong> :<\/summary>\n<p><strong>Articles<\/strong><\/p>\n<ul>\n<li><strong><a href=\"https:\/\/www.legifrance.gouv.fr\/affichCodeArticle.do;jsessionid=E00986BA6B57DB6EC7583747D07F997B.tplgfr32s_3?idArticle=LEGIARTI000037312980&amp;cidTexte=LEGITEXT000006072050&amp;dateTexte=20190813&amp;categorieLien=id&amp;oldAction=\">L. 1242-2 du code du travail<\/a><\/strong>\u00a0relatif au cas de recours du contrat \u00e0 dur\u00e9e d\u00e9termin\u00e9e<\/li>\n<li><strong><a href=\"https:\/\/www.legifrance.gouv.fr\/affichCodeArticle.do;jsessionid=E00986BA6B57DB6EC7583747D07F997B.tplgfr32s_3?idArticle=LEGIARTI000006901206&amp;cidTexte=LEGITEXT000006072050&amp;dateTexte=20190813\">L.1242-12 du code du travail<\/a><\/strong>\u00a0relatif aux mentions obligatoires du contrat de travail \u00e0 dur\u00e9e d\u00e9termin\u00e9e<\/li>\n<li><strong><a href=\"https:\/\/www.legifrance.gouv.fr\/affichCodeArticle.do;jsessionid=E00986BA6B57DB6EC7583747D07F997B.tplgfr32s_3?idArticle=LEGIARTI000035643961&amp;cidTexte=LEGITEXT000006072050&amp;dateTexte=20190813&amp;categorieLien=id&amp;oldAction=&amp;nbResultRech=\">L.1242-8-1 du code du travail\u00a0<\/a><\/strong>relatif \u00e0 la dur\u00e9e du contrat de travail \u00e0 dur\u00e9e d\u00e9termin\u00e9e<\/li>\n<li><strong><a href=\"https:\/\/www.legifrance.gouv.fr\/affichCodeArticle.do;jsessionid=E00986BA6B57DB6EC7583747D07F997B.tplgfr32s_3?idArticle=LEGIARTI000006901204&amp;cidTexte=LEGITEXT000006072050&amp;dateTexte=20190813&amp;categorieLien=id&amp;oldAction=\">L.1242-10 du code du travail<\/a><\/strong>\u00a0relatif \u00e0 la p\u00e9riode d&rsquo;essai<\/li>\n<li><strong><a href=\"https:\/\/www.legifrance.gouv.fr\/affichCode.do?idSectionTA=LEGISCTA000006189458&amp;cidTexte=LEGITEXT000006072050&amp;dateTexte=20190813\">L.1243-1 du code du travail<\/a><\/strong>\u00a0relatif aux cas de rupture anticip\u00e9e licite<\/li>\n<li><strong><a href=\"https:\/\/www.legifrance.gouv.fr\/affichCodeArticle.do;jsessionid=E00986BA6B57DB6EC7583747D07F997B.tplgfr32s_3?idArticle=LEGIARTI000006901219&amp;cidTexte=LEGITEXT000006072050&amp;dateTexte=20190813\">L.1243-8 du code du travail\u00a0<\/a><\/strong>relatif \u00e0 l&rsquo;indemnit\u00e9 de fin de contrat<\/li>\n<\/ul>\n<\/details>\n<div class=\"wp-block-button\" style=\"text-align: center;\"><a class=\"wp-block-button__link has-background\" href=\"https:\/\/leonard.fr\/documents\/services\/droit-du-travail\/cdd\/\" target=\"_blank\" rel=\"noopener\">Mod\u00e8le de CDD<\/a><\/div>\n","protected":false},"excerpt":{"rendered":"<p>Le contrat \u00e0 dur\u00e9e d\u00e9termin\u00e9e, plus couramment appel\u00e9 le CDD, est un contrat de travail consid\u00e9r\u00e9 comme \u00e9tant pr\u00e9caire. En effet, il est conclu uniquement pour une p\u00e9riode d\u00e9termin\u00e9e, et seulement dans quelques cas pr\u00e9cis, \u00e9num\u00e9r\u00e9s par la loi, que nous allons voir plus loin dans cet article. D&rsquo;ailleurs, ce type de contrat est bien&hellip; <a class=\"more-link\" href=\"https:\/\/www.legalvision.fr\/guides-juridiques\/droit-du-travail\/cdd-le-guide-complet\/\">Poursuivre la lecture <span class=\"screen-reader-text\">Connaissez-vous r\u00e9ellement tout sur le CDD ?<\/span><\/a><\/p>\n","protected":false},"author":30,"featured_media":24988,"comment_status":"open","ping_status":"open","sticky":false,"template":"","format":"standard","meta":{"content-type":"","inline_featured_image":false,"footnotes":""},"categories":[2485],"tags":[],"class_list":["post-24869","post","type-post","status-publish","format-standard","has-post-thumbnail","hentry","category-droit-du-travail","entry"],"yoast_head":"<!-- This site is optimized with the Yoast SEO plugin v27.1.1 - https:\/\/yoast.com\/product\/yoast-seo-wordpress\/ -->\n<title>CDD : tout savoir sur le contrat \u00e0 dur\u00e9e d\u00e9termin\u00e9e<\/title>\n<meta name=\"description\" content=\"Le CDD est un contrat de travail tr\u00e8s encadr\u00e9 par la loi du fait de son aspect pr\u00e9caire. LegalVision vous explique alors tout en d\u00e9tail sur le CDD.\" \/>\n<meta name=\"robots\" content=\"index, follow, max-snippet:-1, max-image-preview:large, max-video-preview:-1\" \/>\n<link rel=\"canonical\" href=\"https:\/\/www.legalvision.fr\/guides-juridiques\/droit-du-travail\/cdd-le-guide-complet\/\" \/>\n<meta property=\"og:locale\" content=\"fr_FR\" \/>\n<meta property=\"og:type\" content=\"article\" \/>\n<meta property=\"og:title\" content=\"CDD : tout savoir sur le contrat \u00e0 dur\u00e9e d\u00e9termin\u00e9e\" \/>\n<meta property=\"og:description\" content=\"Le CDD est un contrat de travail tr\u00e8s encadr\u00e9 par la loi du fait de son aspect pr\u00e9caire. LegalVision vous explique alors tout en d\u00e9tail sur le CDD.\" \/>\n<meta property=\"og:url\" content=\"https:\/\/www.legalvision.fr\/guides-juridiques\/droit-du-travail\/cdd-le-guide-complet\/\" \/>\n<meta property=\"og:site_name\" content=\"Guides juridiques\" \/>\n<meta property=\"article:published_time\" content=\"2019-08-16T06:30:27+00:00\" \/>\n<meta property=\"article:modified_time\" content=\"2023-01-26T11:14:36+00:00\" \/>\n<meta property=\"og:image\" content=\"https:\/\/www.legalvision.fr\/guides-juridiques\/wp-content\/uploads\/2019\/08\/CDD.jpg\" \/>\n\t<meta property=\"og:image:width\" content=\"958\" \/>\n\t<meta property=\"og:image:height\" content=\"350\" \/>\n\t<meta property=\"og:image:type\" content=\"image\/jpeg\" \/>\n<meta name=\"author\" content=\"William Lebrun\" \/>\n<meta name=\"twitter:card\" content=\"summary_large_image\" \/>\n<meta name=\"twitter:label1\" content=\"\u00c9crit par\" \/>\n\t<meta name=\"twitter:data1\" content=\"William Lebrun\" \/>\n\t<meta name=\"twitter:label2\" content=\"Dur\u00e9e de lecture estim\u00e9e\" \/>\n\t<meta name=\"twitter:data2\" content=\"22 minutes\" \/>\n<script type=\"application\/ld+json\" class=\"yoast-schema-graph\">{\"@context\":\"https:\/\/schema.org\",\"@graph\":[{\"@type\":\"Article\",\"@id\":\"https:\/\/www.legalvision.fr\/guides-juridiques\/droit-du-travail\/cdd-le-guide-complet\/#article\",\"isPartOf\":{\"@id\":\"https:\/\/www.legalvision.fr\/guides-juridiques\/droit-du-travail\/cdd-le-guide-complet\/\"},\"author\":{\"name\":\"William Lebrun\",\"@id\":\"https:\/\/www.legalvision.fr\/guides-juridiques\/#\/schema\/person\/3d24d0c20575138ed212b2e4b6f7b4b0\"},\"headline\":\"Connaissez-vous r\u00e9ellement tout sur le CDD ?\",\"datePublished\":\"2019-08-16T06:30:27+00:00\",\"dateModified\":\"2023-01-26T11:14:36+00:00\",\"mainEntityOfPage\":{\"@id\":\"https:\/\/www.legalvision.fr\/guides-juridiques\/droit-du-travail\/cdd-le-guide-complet\/\"},\"wordCount\":4824,\"commentCount\":0,\"publisher\":{\"@id\":\"https:\/\/www.legalvision.fr\/guides-juridiques\/#organization\"},\"image\":{\"@id\":\"https:\/\/www.legalvision.fr\/guides-juridiques\/droit-du-travail\/cdd-le-guide-complet\/#primaryimage\"},\"thumbnailUrl\":\"https:\/\/www.legalvision.fr\/guides-juridiques\/wp-content\/uploads\/2019\/08\/CDD.jpg\",\"articleSection\":[\"Droit du travail\"],\"inLanguage\":\"fr-FR\",\"potentialAction\":[{\"@type\":\"CommentAction\",\"name\":\"Comment\",\"target\":[\"https:\/\/www.legalvision.fr\/guides-juridiques\/droit-du-travail\/cdd-le-guide-complet\/#respond\"]}]},{\"@type\":\"WebPage\",\"@id\":\"https:\/\/www.legalvision.fr\/guides-juridiques\/droit-du-travail\/cdd-le-guide-complet\/\",\"url\":\"https:\/\/www.legalvision.fr\/guides-juridiques\/droit-du-travail\/cdd-le-guide-complet\/\",\"name\":\"CDD : tout savoir sur le contrat \u00e0 dur\u00e9e d\u00e9termin\u00e9e\",\"isPartOf\":{\"@id\":\"https:\/\/www.legalvision.fr\/guides-juridiques\/#website\"},\"primaryImageOfPage\":{\"@id\":\"https:\/\/www.legalvision.fr\/guides-juridiques\/droit-du-travail\/cdd-le-guide-complet\/#primaryimage\"},\"image\":{\"@id\":\"https:\/\/www.legalvision.fr\/guides-juridiques\/droit-du-travail\/cdd-le-guide-complet\/#primaryimage\"},\"thumbnailUrl\":\"https:\/\/www.legalvision.fr\/guides-juridiques\/wp-content\/uploads\/2019\/08\/CDD.jpg\",\"datePublished\":\"2019-08-16T06:30:27+00:00\",\"dateModified\":\"2023-01-26T11:14:36+00:00\",\"description\":\"Le CDD est un contrat de travail tr\u00e8s encadr\u00e9 par la loi du fait de son aspect pr\u00e9caire. LegalVision vous explique alors tout en d\u00e9tail sur le CDD.\",\"breadcrumb\":{\"@id\":\"https:\/\/www.legalvision.fr\/guides-juridiques\/droit-du-travail\/cdd-le-guide-complet\/#breadcrumb\"},\"inLanguage\":\"fr-FR\",\"potentialAction\":[{\"@type\":\"ReadAction\",\"target\":[\"https:\/\/www.legalvision.fr\/guides-juridiques\/droit-du-travail\/cdd-le-guide-complet\/\"]}]},{\"@type\":\"ImageObject\",\"inLanguage\":\"fr-FR\",\"@id\":\"https:\/\/www.legalvision.fr\/guides-juridiques\/droit-du-travail\/cdd-le-guide-complet\/#primaryimage\",\"url\":\"https:\/\/www.legalvision.fr\/guides-juridiques\/wp-content\/uploads\/2019\/08\/CDD.jpg\",\"contentUrl\":\"https:\/\/www.legalvision.fr\/guides-juridiques\/wp-content\/uploads\/2019\/08\/CDD.jpg\",\"width\":958,\"height\":350,\"caption\":\"CDD\"},{\"@type\":\"BreadcrumbList\",\"@id\":\"https:\/\/www.legalvision.fr\/guides-juridiques\/droit-du-travail\/cdd-le-guide-complet\/#breadcrumb\",\"itemListElement\":[{\"@type\":\"ListItem\",\"position\":1,\"name\":\"Accueil\",\"item\":\"https:\/\/www.legalvision.fr\/guides-juridiques\/\"},{\"@type\":\"ListItem\",\"position\":2,\"name\":\"Droit du travail\",\"item\":\"https:\/\/www.legalvision.fr\/guides-juridiques\/droit-du-travail\/\"},{\"@type\":\"ListItem\",\"position\":3,\"name\":\"Connaissez-vous r\u00e9ellement tout sur le CDD ?\"}]},{\"@type\":\"WebSite\",\"@id\":\"https:\/\/www.legalvision.fr\/guides-juridiques\/#website\",\"url\":\"https:\/\/www.legalvision.fr\/guides-juridiques\/\",\"name\":\"Guides juridiques\",\"description\":\"L&#039;information juridique \u00e0 destination des entreprises et TPE\",\"publisher\":{\"@id\":\"https:\/\/www.legalvision.fr\/guides-juridiques\/#organization\"},\"potentialAction\":[{\"@type\":\"SearchAction\",\"target\":{\"@type\":\"EntryPoint\",\"urlTemplate\":\"https:\/\/www.legalvision.fr\/guides-juridiques\/?s={search_term_string}\"},\"query-input\":{\"@type\":\"PropertyValueSpecification\",\"valueRequired\":true,\"valueName\":\"search_term_string\"}}],\"inLanguage\":\"fr-FR\"},{\"@type\":\"Organization\",\"@id\":\"https:\/\/www.legalvision.fr\/guides-juridiques\/#organization\",\"name\":\"Guides juridiques\",\"url\":\"https:\/\/www.legalvision.fr\/guides-juridiques\/\",\"logo\":{\"@type\":\"ImageObject\",\"inLanguage\":\"fr-FR\",\"@id\":\"https:\/\/www.legalvision.fr\/guides-juridiques\/#\/schema\/logo\/image\/\",\"url\":\"https:\/\/www.legalvision.fr\/guides-juridiques\/wp-content\/uploads\/2022\/10\/LV-Logotype.png\",\"contentUrl\":\"https:\/\/www.legalvision.fr\/guides-juridiques\/wp-content\/uploads\/2022\/10\/LV-Logotype.png\",\"width\":647,\"height\":125,\"caption\":\"Guides juridiques\"},\"image\":{\"@id\":\"https:\/\/www.legalvision.fr\/guides-juridiques\/#\/schema\/logo\/image\/\"}},{\"@type\":\"Person\",\"@id\":\"https:\/\/www.legalvision.fr\/guides-juridiques\/#\/schema\/person\/3d24d0c20575138ed212b2e4b6f7b4b0\",\"name\":\"William Lebrun\",\"image\":{\"@type\":\"ImageObject\",\"inLanguage\":\"fr-FR\",\"@id\":\"https:\/\/www.legalvision.fr\/guides-juridiques\/#\/schema\/person\/image\/\",\"url\":\"https:\/\/www.legalvision.fr\/guides-juridiques\/wp-content\/uploads\/2023\/07\/cropped-homme1-96x96.png\",\"contentUrl\":\"https:\/\/www.legalvision.fr\/guides-juridiques\/wp-content\/uploads\/2023\/07\/cropped-homme1-96x96.png\",\"caption\":\"William Lebrun\"},\"description\":\"B\u00e9n\u00e9ficiant de la formation d'un double dipl\u00f4me en droit des affaires et en \u00e9cole de commerce, j'ai un fort attrait pour le droit des soci\u00e9t\u00e9s. Je r\u00e9dige des articles pour vous aider sur vos probl\u00e9matiques.\",\"url\":\"https:\/\/www.legalvision.fr\/guides-juridiques\/author\/aina-rakoto\/\"}]}<\/script>\n<!-- \/ Yoast SEO plugin. -->","yoast_head_json":{"title":"CDD : tout savoir sur le contrat \u00e0 dur\u00e9e d\u00e9termin\u00e9e","description":"Le CDD est un contrat de travail tr\u00e8s encadr\u00e9 par la loi du fait de son aspect pr\u00e9caire. LegalVision vous explique alors tout en d\u00e9tail sur le CDD.","robots":{"index":"index","follow":"follow","max-snippet":"max-snippet:-1","max-image-preview":"max-image-preview:large","max-video-preview":"max-video-preview:-1"},"canonical":"https:\/\/www.legalvision.fr\/guides-juridiques\/droit-du-travail\/cdd-le-guide-complet\/","og_locale":"fr_FR","og_type":"article","og_title":"CDD : tout savoir sur le contrat \u00e0 dur\u00e9e d\u00e9termin\u00e9e","og_description":"Le CDD est un contrat de travail tr\u00e8s encadr\u00e9 par la loi du fait de son aspect pr\u00e9caire. LegalVision vous explique alors tout en d\u00e9tail sur le CDD.","og_url":"https:\/\/www.legalvision.fr\/guides-juridiques\/droit-du-travail\/cdd-le-guide-complet\/","og_site_name":"Guides juridiques","article_published_time":"2019-08-16T06:30:27+00:00","article_modified_time":"2023-01-26T11:14:36+00:00","og_image":[{"width":958,"height":350,"url":"https:\/\/www.legalvision.fr\/guides-juridiques\/wp-content\/uploads\/2019\/08\/CDD.jpg","type":"image\/jpeg"}],"author":"William Lebrun","twitter_card":"summary_large_image","twitter_misc":{"\u00c9crit par":"William Lebrun","Dur\u00e9e de lecture estim\u00e9e":"22 minutes"},"schema":{"@context":"https:\/\/schema.org","@graph":[{"@type":"Article","@id":"https:\/\/www.legalvision.fr\/guides-juridiques\/droit-du-travail\/cdd-le-guide-complet\/#article","isPartOf":{"@id":"https:\/\/www.legalvision.fr\/guides-juridiques\/droit-du-travail\/cdd-le-guide-complet\/"},"author":{"name":"William Lebrun","@id":"https:\/\/www.legalvision.fr\/guides-juridiques\/#\/schema\/person\/3d24d0c20575138ed212b2e4b6f7b4b0"},"headline":"Connaissez-vous r\u00e9ellement tout sur le CDD ?","datePublished":"2019-08-16T06:30:27+00:00","dateModified":"2023-01-26T11:14:36+00:00","mainEntityOfPage":{"@id":"https:\/\/www.legalvision.fr\/guides-juridiques\/droit-du-travail\/cdd-le-guide-complet\/"},"wordCount":4824,"commentCount":0,"publisher":{"@id":"https:\/\/www.legalvision.fr\/guides-juridiques\/#organization"},"image":{"@id":"https:\/\/www.legalvision.fr\/guides-juridiques\/droit-du-travail\/cdd-le-guide-complet\/#primaryimage"},"thumbnailUrl":"https:\/\/www.legalvision.fr\/guides-juridiques\/wp-content\/uploads\/2019\/08\/CDD.jpg","articleSection":["Droit du travail"],"inLanguage":"fr-FR","potentialAction":[{"@type":"CommentAction","name":"Comment","target":["https:\/\/www.legalvision.fr\/guides-juridiques\/droit-du-travail\/cdd-le-guide-complet\/#respond"]}]},{"@type":"WebPage","@id":"https:\/\/www.legalvision.fr\/guides-juridiques\/droit-du-travail\/cdd-le-guide-complet\/","url":"https:\/\/www.legalvision.fr\/guides-juridiques\/droit-du-travail\/cdd-le-guide-complet\/","name":"CDD : tout savoir sur le contrat \u00e0 dur\u00e9e d\u00e9termin\u00e9e","isPartOf":{"@id":"https:\/\/www.legalvision.fr\/guides-juridiques\/#website"},"primaryImageOfPage":{"@id":"https:\/\/www.legalvision.fr\/guides-juridiques\/droit-du-travail\/cdd-le-guide-complet\/#primaryimage"},"image":{"@id":"https:\/\/www.legalvision.fr\/guides-juridiques\/droit-du-travail\/cdd-le-guide-complet\/#primaryimage"},"thumbnailUrl":"https:\/\/www.legalvision.fr\/guides-juridiques\/wp-content\/uploads\/2019\/08\/CDD.jpg","datePublished":"2019-08-16T06:30:27+00:00","dateModified":"2023-01-26T11:14:36+00:00","description":"Le CDD est un contrat de travail tr\u00e8s encadr\u00e9 par la loi du fait de son aspect pr\u00e9caire. LegalVision vous explique alors tout en d\u00e9tail sur le CDD.","breadcrumb":{"@id":"https:\/\/www.legalvision.fr\/guides-juridiques\/droit-du-travail\/cdd-le-guide-complet\/#breadcrumb"},"inLanguage":"fr-FR","potentialAction":[{"@type":"ReadAction","target":["https:\/\/www.legalvision.fr\/guides-juridiques\/droit-du-travail\/cdd-le-guide-complet\/"]}]},{"@type":"ImageObject","inLanguage":"fr-FR","@id":"https:\/\/www.legalvision.fr\/guides-juridiques\/droit-du-travail\/cdd-le-guide-complet\/#primaryimage","url":"https:\/\/www.legalvision.fr\/guides-juridiques\/wp-content\/uploads\/2019\/08\/CDD.jpg","contentUrl":"https:\/\/www.legalvision.fr\/guides-juridiques\/wp-content\/uploads\/2019\/08\/CDD.jpg","width":958,"height":350,"caption":"CDD"},{"@type":"BreadcrumbList","@id":"https:\/\/www.legalvision.fr\/guides-juridiques\/droit-du-travail\/cdd-le-guide-complet\/#breadcrumb","itemListElement":[{"@type":"ListItem","position":1,"name":"Accueil","item":"https:\/\/www.legalvision.fr\/guides-juridiques\/"},{"@type":"ListItem","position":2,"name":"Droit du travail","item":"https:\/\/www.legalvision.fr\/guides-juridiques\/droit-du-travail\/"},{"@type":"ListItem","position":3,"name":"Connaissez-vous r\u00e9ellement tout sur le CDD ?"}]},{"@type":"WebSite","@id":"https:\/\/www.legalvision.fr\/guides-juridiques\/#website","url":"https:\/\/www.legalvision.fr\/guides-juridiques\/","name":"Guides juridiques","description":"L&#039;information juridique \u00e0 destination des entreprises et TPE","publisher":{"@id":"https:\/\/www.legalvision.fr\/guides-juridiques\/#organization"},"potentialAction":[{"@type":"SearchAction","target":{"@type":"EntryPoint","urlTemplate":"https:\/\/www.legalvision.fr\/guides-juridiques\/?s={search_term_string}"},"query-input":{"@type":"PropertyValueSpecification","valueRequired":true,"valueName":"search_term_string"}}],"inLanguage":"fr-FR"},{"@type":"Organization","@id":"https:\/\/www.legalvision.fr\/guides-juridiques\/#organization","name":"Guides juridiques","url":"https:\/\/www.legalvision.fr\/guides-juridiques\/","logo":{"@type":"ImageObject","inLanguage":"fr-FR","@id":"https:\/\/www.legalvision.fr\/guides-juridiques\/#\/schema\/logo\/image\/","url":"https:\/\/www.legalvision.fr\/guides-juridiques\/wp-content\/uploads\/2022\/10\/LV-Logotype.png","contentUrl":"https:\/\/www.legalvision.fr\/guides-juridiques\/wp-content\/uploads\/2022\/10\/LV-Logotype.png","width":647,"height":125,"caption":"Guides juridiques"},"image":{"@id":"https:\/\/www.legalvision.fr\/guides-juridiques\/#\/schema\/logo\/image\/"}},{"@type":"Person","@id":"https:\/\/www.legalvision.fr\/guides-juridiques\/#\/schema\/person\/3d24d0c20575138ed212b2e4b6f7b4b0","name":"William Lebrun","image":{"@type":"ImageObject","inLanguage":"fr-FR","@id":"https:\/\/www.legalvision.fr\/guides-juridiques\/#\/schema\/person\/image\/","url":"https:\/\/www.legalvision.fr\/guides-juridiques\/wp-content\/uploads\/2023\/07\/cropped-homme1-96x96.png","contentUrl":"https:\/\/www.legalvision.fr\/guides-juridiques\/wp-content\/uploads\/2023\/07\/cropped-homme1-96x96.png","caption":"William Lebrun"},"description":"B\u00e9n\u00e9ficiant de la formation d'un double dipl\u00f4me en droit des affaires et en \u00e9cole de commerce, j'ai un fort attrait pour le droit des soci\u00e9t\u00e9s. Je r\u00e9dige des articles pour vous aider sur vos probl\u00e9matiques.","url":"https:\/\/www.legalvision.fr\/guides-juridiques\/author\/aina-rakoto\/"}]}},"_links":{"self":[{"href":"https:\/\/www.legalvision.fr\/guides-juridiques\/wp-json\/wp\/v2\/posts\/24869","targetHints":{"allow":["GET"]}}],"collection":[{"href":"https:\/\/www.legalvision.fr\/guides-juridiques\/wp-json\/wp\/v2\/posts"}],"about":[{"href":"https:\/\/www.legalvision.fr\/guides-juridiques\/wp-json\/wp\/v2\/types\/post"}],"author":[{"embeddable":true,"href":"https:\/\/www.legalvision.fr\/guides-juridiques\/wp-json\/wp\/v2\/users\/30"}],"replies":[{"embeddable":true,"href":"https:\/\/www.legalvision.fr\/guides-juridiques\/wp-json\/wp\/v2\/comments?post=24869"}],"version-history":[{"count":2,"href":"https:\/\/www.legalvision.fr\/guides-juridiques\/wp-json\/wp\/v2\/posts\/24869\/revisions"}],"predecessor-version":[{"id":38883,"href":"https:\/\/www.legalvision.fr\/guides-juridiques\/wp-json\/wp\/v2\/posts\/24869\/revisions\/38883"}],"wp:featuredmedia":[{"embeddable":true,"href":"https:\/\/www.legalvision.fr\/guides-juridiques\/wp-json\/wp\/v2\/media\/24988"}],"wp:attachment":[{"href":"https:\/\/www.legalvision.fr\/guides-juridiques\/wp-json\/wp\/v2\/media?parent=24869"}],"wp:term":[{"taxonomy":"category","embeddable":true,"href":"https:\/\/www.legalvision.fr\/guides-juridiques\/wp-json\/wp\/v2\/categories?post=24869"},{"taxonomy":"post_tag","embeddable":true,"href":"https:\/\/www.legalvision.fr\/guides-juridiques\/wp-json\/wp\/v2\/tags?post=24869"}],"curies":[{"name":"wp","href":"https:\/\/api.w.org\/{rel}","templated":true}]}}