{"id":2249,"date":"2018-03-21T12:53:51","date_gmt":"2018-03-21T11:53:51","guid":{"rendered":"https:\/\/blog.legalvision.fr\/?p=2249"},"modified":"2023-11-02T14:54:02","modified_gmt":"2023-11-02T13:54:02","slug":"rachat-de-parts-sociales","status":"publish","type":"post","link":"https:\/\/www.legalvision.fr\/guides-juridiques\/gerer-une-entreprise\/rachat-de-parts-sociales\/","title":{"rendered":"Le rachat de parts sociales : quelle est la proc\u00e9dure \u00e0 suivre ?"},"content":{"rendered":"\t\t<div data-elementor-type=\"wp-post\" data-elementor-id=\"2249\" class=\"elementor elementor-2249\" data-elementor-post-type=\"post\">\n\t\t\t\t<div data-particle_enable=\"false\" data-particle-mobile-disabled=\"false\" class=\"elementor-element elementor-element-e5a298c e-flex e-con-boxed e-con e-parent\" data-id=\"e5a298c\" data-element_type=\"container\" data-e-type=\"container\">\n\t\t\t\t\t<div class=\"e-con-inner\">\n\t\t\t\t<div class=\"elementor-element elementor-element-32732d8 elementor-widget elementor-widget-text-editor\" data-id=\"32732d8\" data-element_type=\"widget\" data-e-type=\"widget\" data-widget_type=\"text-editor.default\">\n\t\t\t\t<div class=\"elementor-widget-container\">\n\t\t\t\t\t\t\t\t\t<h3 style=\"font-family: Montserrat, sans-serif; font-weight: var( --e-global-typography-accent-font-weight ); font-size: var( --e-global-typography-accent-font-size ); letter-spacing: normal; line-height: var( --e-global-typography-accent-line-height ); text-transform: none; font-style: normal; text-decoration-thickness: initial; text-decoration-style: initial; text-decoration-color: initial;\">Le rachat de parts sociales<\/h3><p style=\"line-height: var(--wp--typography--line-height,var(--global--line-height-body)); font-family: var(--e-global-typography-primary-font-family);\">Un associ\u00e9 d&rsquo;une soci\u00e9t\u00e9 peut, pour diverses raisons, souhaiter effectuer un rachat de parts sociales de la soci\u00e9t\u00e9. Ainsi, il pourra disposer d&rsquo;un poids plus important au sein de l&rsquo;entreprise et influencer davantage les d\u00e9cisions prises par les associ\u00e9s. La cession entre associ\u00e9s ob\u00e9it \u00e0 des r\u00e8gles pr\u00e9cises qui doivent \u00eatre anticip\u00e9es.<\/p><p style=\"line-height: var(--wp--typography--line-height,var(--global--line-height-body)); font-family: var(--e-global-typography-primary-font-family);\">Le rachat de parts sociales par la soci\u00e9t\u00e9 est \u00e9galement envisageable dans certains cas. Ainsi, cette d\u00e9marche doit respecter une certaine proc\u00e9dure.<\/p><p style=\"line-height: var(--wp--typography--line-height,var(--global--line-height-body)); font-family: var(--e-global-typography-primary-font-family);\">Dans cet article, LegalVision met \u00e0 votre service son expertise juridique pour vous aider \u00e0 tout comprendre sur ce sujet. Vous trouverez ci-dessous un r\u00e9sum\u00e9 des points essentiels \u00e0 retenir :<\/p><p style=\"line-height: var(--wp--typography--line-height,var(--global--line-height-body)); font-family: var(--e-global-typography-primary-font-family);\"><a href=\"https:\/\/www.legalvision.fr\/guides-juridiques\/?p=2249&amp;elementor-preview=2249&amp;ver=1698932870#I\">I\/ Pourquoi effectuer un rachat des parts sociales ?<\/a><br \/><a href=\"https:\/\/www.legalvision.fr\/guides-juridiques\/?p=2249&amp;elementor-preview=2249&amp;ver=1698932870#II\">II\/ Le rachat des parts sociales entre associ\u00e9s<\/a><br \/><a href=\"https:\/\/www.legalvision.fr\/guides-juridiques\/?p=2249&amp;elementor-preview=2249&amp;ver=1698932870#III\">III\/ Quelles sont les formalit\u00e9s \u00e0 accomplir lors d&rsquo;un rachat des parts sociales ?<\/a><br \/><a href=\"https:\/\/www.legalvision.fr\/guides-juridiques\/?p=2249&amp;elementor-preview=2249&amp;ver=1698932870#IV\">IV\/ Le rachat des parts sociales par la soci\u00e9t\u00e9<\/a><\/p><div>\u00a0<\/div>\t\t\t\t\t\t\t\t<\/div>\n\t\t\t\t<\/div>\n\t\t\t\t\t<\/div>\n\t\t\t\t<\/div>\n\t\t<div data-particle_enable=\"false\" data-particle-mobile-disabled=\"false\" class=\"elementor-element elementor-element-53d03b17 e-flex e-con-boxed e-con e-parent\" data-id=\"53d03b17\" data-element_type=\"container\" data-e-type=\"container\">\n\t\t\t\t\t<div class=\"e-con-inner\">\n\t\t\t\t<div class=\"elementor-element elementor-element-4e396607 elementor-widget elementor-widget-heading\" data-id=\"4e396607\" data-element_type=\"widget\" data-e-type=\"widget\" data-widget_type=\"heading.default\">\n\t\t\t\t<div class=\"elementor-widget-container\">\n\t\t\t\t\t<h2 class=\"elementor-heading-title elementor-size-default\">Nos outils pour vous aider : <\/h2>\t\t\t\t<\/div>\n\t\t\t\t<\/div>\n\t\t\t\t\t<\/div>\n\t\t\t\t<\/div>\n\t\t<div data-particle_enable=\"false\" data-particle-mobile-disabled=\"false\" class=\"elementor-element elementor-element-6e9d5db e-flex e-con-boxed e-con e-parent\" data-id=\"6e9d5db\" data-element_type=\"container\" data-e-type=\"container\">\n\t\t\t\t\t<div class=\"e-con-inner\">\n\t\t<div data-particle_enable=\"false\" data-particle-mobile-disabled=\"false\" class=\"elementor-element elementor-element-2ca14b6c e-con-full e-flex e-con e-child\" data-id=\"2ca14b6c\" data-element_type=\"container\" data-e-type=\"container\">\n\t\t\t\t<div class=\"elementor-element elementor-element-37218a31 elementor-widget elementor-widget-button\" data-id=\"37218a31\" data-element_type=\"widget\" data-e-type=\"widget\" data-widget_type=\"button.default\">\n\t\t\t\t<div class=\"elementor-widget-container\">\n\t\t\t\t\t\t\t\t\t<div class=\"elementor-button-wrapper\">\n\t\t\t\t\t<a class=\"elementor-button elementor-button-link elementor-size-sm\" href=\"https:\/\/leonard.fr\/juridique\/modification-societe\/vendre-mes-actions-ou-parts-sociales\/?utm_source=Blog&#038;utm_medium=CTA&#038;utm_campaign=rachat_cession_parts&#038;utm_id=cession_blog\" target=\"_blank\">\n\t\t\t\t\t\t<span class=\"elementor-button-content-wrapper\">\n\t\t\t\t\t\t\t\t\t<span class=\"elementor-button-text\">C\u00e9dez vos parts avec nos juristes<\/span>\n\t\t\t\t\t<\/span>\n\t\t\t\t\t<\/a>\n\t\t\t\t<\/div>\n\t\t\t\t\t\t\t\t<\/div>\n\t\t\t\t<\/div>\n\t\t\t\t<\/div>\n\t\t<div data-particle_enable=\"false\" data-particle-mobile-disabled=\"false\" class=\"elementor-element elementor-element-68d0ef25 e-con-full e-flex e-con e-child\" data-id=\"68d0ef25\" data-element_type=\"container\" data-e-type=\"container\">\n\t\t\t\t<div class=\"elementor-element elementor-element-527190f8 elementor-widget elementor-widget-button\" data-id=\"527190f8\" data-element_type=\"widget\" data-e-type=\"widget\" data-widget_type=\"button.default\">\n\t\t\t\t<div class=\"elementor-widget-container\">\n\t\t\t\t\t\t\t\t\t<div class=\"elementor-button-wrapper\">\n\t\t\t\t\t<a class=\"elementor-button elementor-button-link elementor-size-sm\" href=\"https:\/\/meetings.hubspot.com\/global\/leonard-rendez-vous-gratuit-avec-un-juriste?utm_source=Blog&#038;utm_medium=CTA&#038;utm_campaign=rachat_cession_parts&#038;utm_id=cession_blog\" target=\"_blank\">\n\t\t\t\t\t\t<span class=\"elementor-button-content-wrapper\">\n\t\t\t\t\t\t\t\t\t<span class=\"elementor-button-text\">Soyez rappel\u00e9 par un juriste gratuitement<\/span>\n\t\t\t\t\t<\/span>\n\t\t\t\t\t<\/a>\n\t\t\t\t<\/div>\n\t\t\t\t\t\t\t\t<\/div>\n\t\t\t\t<\/div>\n\t\t\t\t<\/div>\n\t\t<div data-particle_enable=\"false\" data-particle-mobile-disabled=\"false\" class=\"elementor-element elementor-element-26ce59ce e-con-full e-flex e-con e-child\" data-id=\"26ce59ce\" data-element_type=\"container\" data-e-type=\"container\">\n\t\t\t\t<div class=\"elementor-element elementor-element-8015f05 elementor-widget elementor-widget-button\" data-id=\"8015f05\" data-element_type=\"widget\" data-e-type=\"widget\" data-widget_type=\"button.default\">\n\t\t\t\t<div class=\"elementor-widget-container\">\n\t\t\t\t\t\t\t\t\t<div class=\"elementor-button-wrapper\">\n\t\t\t\t\t<a class=\"elementor-button elementor-button-link elementor-size-sm\" href=\"https:\/\/meetings.hubspot.com\/alexis-egron\/audit-juridique-gratuit?utm_source=Blog&#038;utm_medium=CTA&#038;utm_campaign=rachat_cession_parts&#038;utm_id=cession_blog\" target=\"_blank\">\n\t\t\t\t\t\t<span class=\"elementor-button-content-wrapper\">\n\t\t\t\t\t\t\t\t\t<span class=\"elementor-button-text\">Faites un audit juridique gratuit<\/span>\n\t\t\t\t\t<\/span>\n\t\t\t\t\t<\/a>\n\t\t\t\t<\/div>\n\t\t\t\t\t\t\t\t<\/div>\n\t\t\t\t<\/div>\n\t\t\t\t<\/div>\n\t\t\t\t\t<\/div>\n\t\t\t\t<\/div>\n\t\t<div data-particle_enable=\"false\" data-particle-mobile-disabled=\"false\" class=\"elementor-element elementor-element-7bd2cc03 e-flex e-con-boxed e-con e-parent\" data-id=\"7bd2cc03\" data-element_type=\"container\" data-e-type=\"container\">\n\t\t\t\t\t<div class=\"e-con-inner\">\n\t\t\t\t<div class=\"elementor-element elementor-element-7d1a2abf elementor-widget elementor-widget-text-editor\" data-id=\"7d1a2abf\" data-element_type=\"widget\" data-e-type=\"widget\" data-widget_type=\"text-editor.default\">\n\t\t\t\t<div class=\"elementor-widget-container\">\n\t\t\t\t\t\t\t\t\t<h3><span style=\"color: var( --e-global-color-primary ); font-family: var( --e-global-typography-secondary-font-family ),Sans-serif; font-size: var( --e-global-typography-secondary-font-size ); font-style: var( --e-global-typography-secondary-font-style ); font-weight: var( --e-global-typography-secondary-font-weight ); letter-spacing: var(--heading--letter-spacing-h2); text-transform: var( --e-global-typography-secondary-text-transform ); text-align: var(--text-align); background-color: var( --e-global-color-f8847cf );\">\u00a0<\/span><\/h3><h3><span style=\"color: var( --e-global-color-primary ); font-family: var( --e-global-typography-secondary-font-family ),Sans-serif; font-size: var( --e-global-typography-secondary-font-size ); font-style: var( --e-global-typography-secondary-font-style ); font-weight: var( --e-global-typography-secondary-font-weight ); letter-spacing: var(--heading--letter-spacing-h2); text-transform: var( --e-global-typography-secondary-text-transform ); text-align: var(--text-align); background-color: var( --e-global-color-f8847cf );\">I\/ Pourquoi effectuer un rachat des parts sociales ?<\/span><\/h3><p>Quand un associ\u00e9 souhaite quitter une entreprise, ses parts peuvent \u00eatre c\u00e9d\u00e9es selon plusieurs modalit\u00e9s. On peut distinguer plusieurs \u00e9l\u00e9ments rassembl\u00e9s sous le nom de \u00ab\u00a0rachat de parts sociales\u00a0\u00bb :<\/p><ul><li>Le rachat de parts sociales<b> entre associ\u00e9s<\/b> : il s&rsquo;agit de la situation dans laquelle un associ\u00e9 c\u00e8de ses parts sociales \u00e0 un autre associ\u00e9 de la soci\u00e9t\u00e9.<\/li><li>La cession \u00e0 un<b> conjoint, ascendant ou descendant<\/b> : pour des cessions effectu\u00e9es au profit de membres de la famille du c\u00e9dant, la cession est facilit\u00e9e.<\/li><li>La cession de parts sociales<b> \u00e0 un tiers<\/b> : quand il s&rsquo;agit de faire rentrer une personne ext\u00e9rieure \u00e0 la soci\u00e9t\u00e9, la proc\u00e9dure est g\u00e9n\u00e9ralement plus stricte. On consid\u00e8re que les autres associ\u00e9s doivent \u00eatre d&rsquo;accord pour laisser rentrer une personne ext\u00e9rieure dans la soci\u00e9t\u00e9.<\/li><li>Le rachat dans le cadre d&rsquo;une <b>r\u00e9duction de capital non motiv\u00e9e par des pertes<\/b> : les parts sociales sont achet\u00e9es par la soci\u00e9t\u00e9 elle-m\u00eame puis annul\u00e9es. Le capital social s&rsquo;en trouve r\u00e9duit d&rsquo;autant, en fonction de la valeur des parts sociales rachet\u00e9es.<\/li><\/ul><h2 id=\"II\">\u00a0<\/h2><h2 id=\"II\">II\/ Le rachat des parts sociales entre associ\u00e9s<\/h2><p>On distingue, en pratique plusieurs types de cessions de parts sociales.<\/p><p>Il y a tout d&rsquo;abord la cession \u00e0 un tiers, c&rsquo;est \u00e0 dire \u00e0 une personne ext\u00e9rieure \u00e0 la soci\u00e9t\u00e9. Dans une soci\u00e9t\u00e9 de personnes (SCI, SARL, &#8230;), il est pr\u00e9vu dans les statuts que les associ\u00e9s doivent donner leur accord \u00e0 la cession. Il faut donc respecter la proc\u00e9dure d&rsquo;agr\u00e9ment pr\u00e9vue dans les statuts. Les associ\u015be doivent se r\u00e9unir en assembl\u00e9e g\u00e9n\u00e9rale, apr\u00e8s que le projet de cession ait \u00e9t\u00e9 notifi\u00e9 aux autres associ\u00e9s de la soci\u00e9t\u00e9.<\/p><p>Outre la cession \u00e0 un tiers, la cession peut se r\u00e9aliser au profit d&rsquo;un ascendant, descendant, conjoint ou d&rsquo;un autre associ\u00e9. La cession r\u00e9alis\u00e9e au profit d&rsquo;une de ces personnes est dite libre. L&rsquo;agr\u00e9ment des autres associ\u00e9s n&rsquo;est pas n\u00e9cessaire. La proc\u00e9dure est donc plus simple.<\/p><p>Rachat de parts sociales SARL : comme dans tout type de soci\u00e9t\u00e9 de personnes, l&rsquo;acte de cession de parts doit \u00eatre enregistr\u00e9. Aupr\u00e8s du service des imp\u00f4ts, il faudra s&rsquo;acquitter de droits d&rsquo;enregistrement correspondant \u00e0 un pourcentage du montant de la cession. Ainsi, en SARL, le droit d&rsquo;enregistrement correspond \u00e0 3 % du montant. Dans les soci\u00e9t\u00e9s \u00e0 pr\u00e9pond\u00e9rance immobili\u00e8re, ce droit d&rsquo;enregistrement est port\u00e9 \u00e0 5 \u00a0%.<\/p><p><b>Remarque<\/b> : l&rsquo;accord du conjoint du c\u00e9dant est requis dans certaines situations. Ainsi, si l&rsquo;associ\u00e9 qui souhaite c\u00e9der ses parts sociales est mari\u00e9 sous la communaut\u00e9 de biens, il faudra recueillir l&rsquo;accord de son conjoint. Les parts ne pourront \u00eatre c\u00e9d\u00e9es si le conjoint n&rsquo;autorise pas la cession. Par cons\u00e9quent, toute cession r\u00e9alis\u00e9e sans son accord pourra faire l&rsquo;objet d&rsquo;un recours en nullit\u00e9. La nullit\u00e9 de la cession peut \u00eatre demand\u00e9e dans un d\u00e9lai de 2 ans maximum \u00e0 compter de la date de la cession.<\/p><h2 id=\"III\">\u00a0<\/h2><h2 id=\"III\">III\/ Quelles sont les formalit\u00e9s \u00e0 accomplir lors d&rsquo;un rachat des parts sociales ?<\/h2><p><span style=\"font-weight: 400;\">Les formalit\u00e9s \u00e0 respecter pour effectuer un rachat de parts sociales d\u00e9pendent de la forme de la soci\u00e9t\u00e9 (soci\u00e9t\u00e9 de personnes ou de capitaux), mais \u00e9galement des dispositions statutaires qui peuvent d\u00e9finir les modalit\u00e9s de cession de parts sociales.\u00a0<\/span><\/p><p><span style=\"font-weight: 400;\">\u00a0<\/span><\/p><ul><li aria-level=\"1\"><h4><b>Parts sociales ou actions : deux notions distinctes\u00a0<\/b><\/h4><\/li><\/ul><p><span style=\"font-weight: 400;\">Il convient dans un premier temps d\u2019effectuer une pr\u00e9cision s\u00e9mantique. En effet, par abus de langage, il n\u2019est pas rare d\u2019entendre qu\u2019une cession de parts sociales est intervenue, alors m\u00eame qu\u2019il s\u2019agit d\u2019une soci\u00e9t\u00e9 de capitaux.\u00a0<\/span><\/p><p><span style=\"font-weight: 400;\">Certes, les actions et les parts sociales correspondent \u00e0 un titre de propri\u00e9t\u00e9 composant le capital d\u2019une soci\u00e9t\u00e9. Toutefois, les actions sont \u00e9mises uniquement par les soci\u00e9t\u00e9s par actions.\u00a0<\/span><\/p><p><span style=\"font-weight: 400;\">En d\u2019autres termes, <\/span><b>une action<\/b><span style=\"font-weight: 400;\"> dans une soci\u00e9t\u00e9 n\u2019est utilisable que pour les soci\u00e9t\u00e9s suivantes, \u00e0 savoir les soci\u00e9t\u00e9s par actions (soci\u00e9t\u00e9s anonymes -SA-, les soci\u00e9t\u00e9s par actions simplifi\u00e9es -la SAS et sa version unipersonnelle la SASU, ou encore les soci\u00e9t\u00e9s en commandite par actions -la SCA-.\u00a0<\/span><\/p><p><span style=\"font-weight: 400;\">A l\u2019inverse, les<\/span><b> parts sociales<\/b><span style=\"font-weight: 400;\"> concernent uniquement les autres formes de soci\u00e9t\u00e9s priv\u00e9es, et vont repr\u00e9senter la participation des associ\u00e9s au sein de la soci\u00e9t\u00e9. Ces parts sociales sont divis\u00e9es entre les associ\u00e9s proportionnellement au montant des apports qu\u2019ils ont r\u00e9alis\u00e9s. Les parts sociales ne vont concerner que les soci\u00e9t\u00e9s suivantes (les soci\u00e9t\u00e9s \u00e0 responsabilit\u00e9 limit\u00e9e -la SARL et sa version unipersonnelle l\u2019EURL-, les soci\u00e9t\u00e9s en nom collectif -SNC-, soci\u00e9t\u00e9s en commandite simple -la SCS-, \u00a0 Les soci\u00e9t\u00e9s civiles -la SCI, la SCM, la SCP, etc.).<\/span><\/p><p><span style=\"font-weight: 400;\">Le terme <\/span><b>d&rsquo;actionnaire <\/b><span style=\"font-weight: 400;\">et <\/span><b>d\u2019associ\u00e9 <\/b><span style=\"font-weight: 400;\">suit la m\u00eame logique. Il existe une diff\u00e9rence entre un associ\u00e9 et un actionnaire qui relative \u00e0 la forme de soci\u00e9t\u00e9 dont la personne est propri\u00e9taire du titre. Lorsqu\u2019il s\u2019agit d\u2019une soci\u00e9t\u00e9 de personnes, on parlera d\u2019un associ\u00e9. A l\u2019inverse, lorsqu\u2019il s\u2019agit d\u2019une soci\u00e9t\u00e9 de capitaux, il faut pr\u00e9f\u00e9rer le terme d\u2019actionnaire.<\/span><\/p><p><span style=\"font-weight: 400;\">Autrement dit, lorsqu\u2019il s\u2019agit du rachat de parts sociales, il s\u2019agit uniquement de la cession de titres correspondant au capital social d\u2019une soci\u00e9t\u00e9 de personne.\u00a0<\/span><\/p><p><b>Bon \u00e0 savoir : <\/b><span style=\"font-weight: 400;\">la question se pose souvent pour une <\/span><b>SARL <\/b><span style=\"font-weight: 400;\">: parts sociales ou actions, la r\u00e9ponse est qu\u2019il s\u2019agit de<\/span><b> parts sociales <\/b><span style=\"font-weight: 400;\">et non d\u2019actions, d\u00e8s lors que cette forme de soci\u00e9t\u00e9 n\u2019est pas une soci\u00e9t\u00e9 par action (il s\u2019agit d\u2019une forme hybride).\u00a0<\/span><\/p><p><span style=\"font-weight: 400;\">\u00a0<\/span><\/p><ul><li aria-level=\"1\"><h4><b>La proc\u00e9dure \u00e0 suivre pour racheter des parts sociales.\u00a0<\/b><\/h4><\/li><\/ul><p><span style=\"font-weight: 400;\">L\u2019op\u00e9ration de cession de parts sociales est r\u00e9glement\u00e9e par la <\/span><b>loi <\/b><span style=\"font-weight: 400;\">et d\u00e9pend \u00e9galement des<\/span><b> dispositions statutaires.<\/b><span style=\"font-weight: 400;\"> En effet, lors de la constitution de la soci\u00e9t\u00e9, les associ\u00e9s vont se mettre d\u2019accord pour r\u00e9diger des statuts permettant, notamment, d\u2019organiser le fonctionnement de la soci\u00e9t\u00e9, dont les cessions de parts sociales.\u00a0<\/span><\/p><p><span style=\"font-weight: 400;\">La cession implique le plus souvent le respect de ces <\/span><b>\u00e9tapes cl\u00e9s <\/b><span style=\"font-weight: 400;\">:\u00a0<\/span><\/p><ul><li style=\"font-weight: 400;\" aria-level=\"1\"><span style=\"font-weight: 400;\">L\u2019\u00e9valuation de la valeur des parts sociales (qui peut se faire \u00e0 l\u2019amiable ou par la voie judiciaire, mais doit correspondre \u00e0 la valeur v\u00e9nale des parts, et non sa valeur nominale) ;\u00a0<\/span><\/li><li style=\"font-weight: 400;\" aria-level=\"1\"><span style=\"font-weight: 400;\">la r\u00e9daction d\u2019un acte de cession ;\u00a0<\/span><\/li><li style=\"font-weight: 400;\" aria-level=\"1\"><span style=\"font-weight: 400;\">la modification des statuts par une assembl\u00e9e g\u00e9n\u00e9rale extraordinaire ;\u00a0<\/span><\/li><li style=\"font-weight: 400;\" aria-level=\"1\"><span style=\"font-weight: 400;\">l\u2019enregistrement de l\u2019acte de cession et des statuts modifi\u00e9s aupr\u00e8s des imp\u00f4ts et le d\u00e9p\u00f4t au greffe (ainsi que la publicit\u00e9 au Bodacc afin de rendre la cession opposable) ;\u00a0<\/span><\/li><li style=\"font-weight: 400;\" aria-level=\"1\"><span style=\"font-weight: 400;\">le paiement des droits d\u2019enregistrement.<\/span><\/li><\/ul><div><span style=\"font-family: Montserrat;\">\u00a0<\/span><\/div><p><b>La r\u00e9daction d\u2019un acte de cession de parts sociales <\/b><\/p><p>Un<b> acte de cession<\/b> doit \u00eatre r\u00e9alis\u00e9 entre les parties. Cet \u00e9crit est r\u00e9alis\u00e9 soit par acte authentique soit par acte sous seing priv\u00e9. En pratique, l&rsquo;acte sous seing priv\u00e9 est privil\u00e9gi\u00e9. En effet, la r\u00e9alisation d&rsquo;un acte authentique est plus on\u00e9reuse. Ce document \u00e9crit doit comporter un certain nombre de mentions obligatoires :<\/p><ul><li>identit\u00e9 des anciens et nouveaux associ\u00e9s<\/li><li>clause de prix<\/li><li>clause d\u2019agr\u00e9ment<\/li><li>la date du transfert de propri\u00e9t\u00e9<\/li><li>clause de non-concurrence<\/li><li>formalit\u00e9s de publicit\u00e9<\/li><\/ul><p>Ensuite, il faut transmettre les pi\u00e8ces justificatives suivantes pour effectuer le d\u00e9p\u00f4t aupr\u00e8s du <b>greffe<\/b> comp\u00e9tent :<\/p><ul><li style=\"list-style-type: none;\"><ul><li>Un exemplaire en copie de l&rsquo;assembl\u00e9e g\u00e9n\u00e9rale extraordinaire de modification de la r\u00e9partition des parts sociales, certifi\u00e9 conforme par le repr\u00e9sentant l\u00e9gal ;<\/li><li>Un exemplaire des statuts modifi\u00e9s, dat\u00e9 et certifi\u00e9 conforme par le repr\u00e9sentant l\u00e9gal ;<\/li><li>Un pouvoir si ce n\u2019est pas le repr\u00e9sentant l\u00e9gal qui effectue ces prestations<\/li><li>Le paiement des frais de greffe \u00a0\u2013 15,24 \u20ac TTC<\/li><\/ul><\/li><\/ul><h2 id=\"IV\">\u00a0<\/h2><h2 id=\"IV\">IV\/ Le rachat des parts sociales par la soci\u00e9t\u00e9<\/h2><p>Le rachat de parts sociales par la soci\u00e9t\u00e9 elle-m\u00eame est une op\u00e9ration strictement encadr\u00e9e. Elle n&rsquo;est possible que dans des cas exceptionnels. Cette d\u00e9marche est donc envisageable dans le cadre d&rsquo;une<b> r\u00e9duction de capital non motiv\u00e9e par des pertes<\/b>.<\/p><p><span style=\"font-weight: 400;\">Se pose la question de la <\/span><b>comptabilisation cession parts sociales SARL. <\/b><span style=\"font-weight: 400;\">A ce titre, lors du rachat de parts sociales par la SARL, les parts sociales sont ensuite annul\u00e9es. <\/span><\/p><p>Par exemple, lors du rachat de parts sociales par la SARL, les parts ensuite annul\u00e9es. La<b> sortie d&rsquo;un associ\u00e9<\/b> par un rachat des parts sociales par la soci\u00e9t\u00e9 permet aux autres associ\u00e9s de ne pas avoir \u00e0 proc\u00e9der eux-m\u00eames \u00e0 l&rsquo;achat des parts sociales concern\u00e9es.<\/p><p>C&rsquo;est une op\u00e9ration qui peut s&rsquo;av\u00e9rer co\u00fbteuse. Il faut bien s&rsquo;assurer que la soci\u00e9t\u00e9 dispose de la tr\u00e9sorerie suffisante pour racheter les parts. Dans tous les cas, c&rsquo;est une op\u00e9ration relativement complexe pour laquelle il est fortement conseill\u00e9 de faire appel \u00e0 un professionnel du droit.<\/p><p><b>Comptabilisation<\/b> rachat de parts sociales par la soci\u00e9t\u00e9 : cette op\u00e9ration est enregistr\u00e9e comptablement sur les comptes \u00ab Actions propres ou parts propres \u00bb et \u00ab Banque \u00bb tel qu&rsquo;il suit :<\/p><p>&#8211; Il faut d\u00e9biter le compte 277 \u00ab Actions propres ou parts propres \u00bb ;<\/p><p>&#8211; Puis cr\u00e9diter le compte 512 \u00ab Banque \u00bb.<\/p><p>\u00a0<\/p><p style=\"text-align: center;\"><!--tag_auto_button_lead_legalvision--><a class=\"tag_auto_button_lead_legalvision\" href=\"https:\/\/www.legalvision.fr\/tous-les-services\/?utm_source=blog&amp;utm_campaign=rachat-de-parts-sociales\"><button style=\"background-color: #32c3bf; width: 100%;\">R\u00e9aliser ma cession de parts sociales <\/button><\/a><!--tag_auto_button_lead_legalvision--><\/p>\t\t\t\t\t\t\t\t<\/div>\n\t\t\t\t<\/div>\n\t\t\t\t\t<\/div>\n\t\t\t\t<\/div>\n\t\t\t\t<\/div>\n\t\t","protected":false},"excerpt":{"rendered":"<p>Le rachat de parts sociales Un associ\u00e9 d&rsquo;une soci\u00e9t\u00e9 peut, pour diverses raisons, souhaiter effectuer un rachat de parts sociales de la soci\u00e9t\u00e9. Ainsi, il pourra disposer d&rsquo;un poids plus important au sein de l&rsquo;entreprise et influencer davantage les d\u00e9cisions prises par les associ\u00e9s. La cession entre associ\u00e9s ob\u00e9it \u00e0 des r\u00e8gles pr\u00e9cises qui doivent&hellip; <a class=\"more-link\" href=\"https:\/\/www.legalvision.fr\/guides-juridiques\/gerer-une-entreprise\/rachat-de-parts-sociales\/\">Poursuivre la lecture <span class=\"screen-reader-text\">Le rachat de parts sociales : quelle est la proc\u00e9dure \u00e0 suivre ?<\/span><\/a><\/p>\n","protected":false},"author":15,"featured_media":23209,"comment_status":"open","ping_status":"open","sticky":false,"template":"","format":"standard","meta":{"content-type":"","inline_featured_image":false,"footnotes":""},"categories":[2502],"tags":[],"class_list":["post-2249","post","type-post","status-publish","format-standard","has-post-thumbnail","hentry","category-gerer-une-entreprise","entry"],"yoast_head":"<!-- This site is optimized with the Yoast SEO plugin v27.1.1 - https:\/\/yoast.com\/product\/yoast-seo-wordpress\/ -->\n<title>Rachat de parts sociales : tout ce qu&#039;il faut savoir sur cette op\u00e9ration<\/title>\n<meta name=\"description\" content=\"Au cours de la vie d&#039;une entreprise, le rachat de parts sociales est une op\u00e9ration relativement courante. Explications sur la proc+edure \u00e0 respecter.\" \/>\n<meta name=\"robots\" content=\"index, follow, max-snippet:-1, max-image-preview:large, max-video-preview:-1\" \/>\n<link rel=\"canonical\" href=\"https:\/\/www.legalvision.fr\/guides-juridiques\/gerer-une-entreprise\/rachat-de-parts-sociales\/\" \/>\n<meta property=\"og:locale\" content=\"fr_FR\" \/>\n<meta property=\"og:type\" content=\"article\" \/>\n<meta property=\"og:title\" content=\"Rachat de parts sociales : tout ce qu&#039;il faut savoir sur cette op\u00e9ration\" \/>\n<meta property=\"og:description\" content=\"Au cours de la vie d&#039;une entreprise, le rachat de parts sociales est une op\u00e9ration relativement courante. Explications sur la proc+edure \u00e0 respecter.\" \/>\n<meta property=\"og:url\" content=\"https:\/\/www.legalvision.fr\/guides-juridiques\/gerer-une-entreprise\/rachat-de-parts-sociales\/\" \/>\n<meta property=\"og:site_name\" content=\"Guides juridiques\" \/>\n<meta property=\"article:author\" content=\"https:\/\/www.facebook.com\/legalvision.fr\/\" \/>\n<meta property=\"article:published_time\" content=\"2018-03-21T11:53:51+00:00\" \/>\n<meta property=\"article:modified_time\" content=\"2023-11-02T13:54:02+00:00\" \/>\n<meta property=\"og:image\" content=\"https:\/\/www.legalvision.fr\/guides-juridiques\/wp-content\/uploads\/2018\/03\/rachat-de-parts-sociales.jpg\" \/>\n\t<meta property=\"og:image:width\" content=\"958\" \/>\n\t<meta property=\"og:image:height\" content=\"350\" \/>\n\t<meta property=\"og:image:type\" content=\"image\/jpeg\" \/>\n<meta name=\"author\" content=\"Maxime Ballesteron\" \/>\n<meta name=\"twitter:card\" content=\"summary_large_image\" \/>\n<meta name=\"twitter:creator\" content=\"@https:\/\/twitter.com\/Legalvision_fr\" \/>\n<meta name=\"twitter:label1\" content=\"\u00c9crit par\" \/>\n\t<meta name=\"twitter:data1\" content=\"Maxime Ballesteron\" \/>\n\t<meta name=\"twitter:label2\" content=\"Dur\u00e9e de lecture estim\u00e9e\" \/>\n\t<meta name=\"twitter:data2\" content=\"8 minutes\" \/>\n<script type=\"application\/ld+json\" class=\"yoast-schema-graph\">{\"@context\":\"https:\/\/schema.org\",\"@graph\":[{\"@type\":\"Article\",\"@id\":\"https:\/\/www.legalvision.fr\/guides-juridiques\/gerer-une-entreprise\/rachat-de-parts-sociales\/#article\",\"isPartOf\":{\"@id\":\"https:\/\/www.legalvision.fr\/guides-juridiques\/gerer-une-entreprise\/rachat-de-parts-sociales\/\"},\"author\":{\"name\":\"Maxime Ballesteron\",\"@id\":\"https:\/\/www.legalvision.fr\/guides-juridiques\/#\/schema\/person\/9c4ca0ec82e346ae731e8fef938d9282\"},\"headline\":\"Le rachat de parts sociales : quelle est la proc\u00e9dure \u00e0 suivre ?\",\"datePublished\":\"2018-03-21T11:53:51+00:00\",\"dateModified\":\"2023-11-02T13:54:02+00:00\",\"mainEntityOfPage\":{\"@id\":\"https:\/\/www.legalvision.fr\/guides-juridiques\/gerer-une-entreprise\/rachat-de-parts-sociales\/\"},\"wordCount\":1825,\"commentCount\":14,\"publisher\":{\"@id\":\"https:\/\/www.legalvision.fr\/guides-juridiques\/#organization\"},\"image\":{\"@id\":\"https:\/\/www.legalvision.fr\/guides-juridiques\/gerer-une-entreprise\/rachat-de-parts-sociales\/#primaryimage\"},\"thumbnailUrl\":\"https:\/\/www.legalvision.fr\/guides-juridiques\/wp-content\/uploads\/2018\/03\/rachat-de-parts-sociales.jpg\",\"articleSection\":[\"G\u00e9rer une entreprise\"],\"inLanguage\":\"fr-FR\",\"potentialAction\":[{\"@type\":\"CommentAction\",\"name\":\"Comment\",\"target\":[\"https:\/\/www.legalvision.fr\/guides-juridiques\/gerer-une-entreprise\/rachat-de-parts-sociales\/#respond\"]}]},{\"@type\":\"WebPage\",\"@id\":\"https:\/\/www.legalvision.fr\/guides-juridiques\/gerer-une-entreprise\/rachat-de-parts-sociales\/\",\"url\":\"https:\/\/www.legalvision.fr\/guides-juridiques\/gerer-une-entreprise\/rachat-de-parts-sociales\/\",\"name\":\"Rachat de parts sociales : tout ce qu'il faut savoir sur cette op\u00e9ration\",\"isPartOf\":{\"@id\":\"https:\/\/www.legalvision.fr\/guides-juridiques\/#website\"},\"primaryImageOfPage\":{\"@id\":\"https:\/\/www.legalvision.fr\/guides-juridiques\/gerer-une-entreprise\/rachat-de-parts-sociales\/#primaryimage\"},\"image\":{\"@id\":\"https:\/\/www.legalvision.fr\/guides-juridiques\/gerer-une-entreprise\/rachat-de-parts-sociales\/#primaryimage\"},\"thumbnailUrl\":\"https:\/\/www.legalvision.fr\/guides-juridiques\/wp-content\/uploads\/2018\/03\/rachat-de-parts-sociales.jpg\",\"datePublished\":\"2018-03-21T11:53:51+00:00\",\"dateModified\":\"2023-11-02T13:54:02+00:00\",\"description\":\"Au cours de la vie d'une entreprise, le rachat de parts sociales est une op\u00e9ration relativement courante. Explications sur la proc+edure \u00e0 respecter.\",\"breadcrumb\":{\"@id\":\"https:\/\/www.legalvision.fr\/guides-juridiques\/gerer-une-entreprise\/rachat-de-parts-sociales\/#breadcrumb\"},\"inLanguage\":\"fr-FR\",\"potentialAction\":[{\"@type\":\"ReadAction\",\"target\":[\"https:\/\/www.legalvision.fr\/guides-juridiques\/gerer-une-entreprise\/rachat-de-parts-sociales\/\"]}]},{\"@type\":\"ImageObject\",\"inLanguage\":\"fr-FR\",\"@id\":\"https:\/\/www.legalvision.fr\/guides-juridiques\/gerer-une-entreprise\/rachat-de-parts-sociales\/#primaryimage\",\"url\":\"https:\/\/www.legalvision.fr\/guides-juridiques\/wp-content\/uploads\/2018\/03\/rachat-de-parts-sociales.jpg\",\"contentUrl\":\"https:\/\/www.legalvision.fr\/guides-juridiques\/wp-content\/uploads\/2018\/03\/rachat-de-parts-sociales.jpg\",\"width\":958,\"height\":350,\"caption\":\"rachat de parts sociales\"},{\"@type\":\"BreadcrumbList\",\"@id\":\"https:\/\/www.legalvision.fr\/guides-juridiques\/gerer-une-entreprise\/rachat-de-parts-sociales\/#breadcrumb\",\"itemListElement\":[{\"@type\":\"ListItem\",\"position\":1,\"name\":\"Accueil\",\"item\":\"https:\/\/www.legalvision.fr\/guides-juridiques\/\"},{\"@type\":\"ListItem\",\"position\":2,\"name\":\"G\u00e9rer une entreprise\",\"item\":\"https:\/\/www.legalvision.fr\/guides-juridiques\/gerer-une-entreprise\/\"},{\"@type\":\"ListItem\",\"position\":3,\"name\":\"Le rachat de parts sociales : quelle est la proc\u00e9dure \u00e0 suivre ?\"}]},{\"@type\":\"WebSite\",\"@id\":\"https:\/\/www.legalvision.fr\/guides-juridiques\/#website\",\"url\":\"https:\/\/www.legalvision.fr\/guides-juridiques\/\",\"name\":\"Guides juridiques\",\"description\":\"L&#039;information juridique \u00e0 destination des entreprises et TPE\",\"publisher\":{\"@id\":\"https:\/\/www.legalvision.fr\/guides-juridiques\/#organization\"},\"potentialAction\":[{\"@type\":\"SearchAction\",\"target\":{\"@type\":\"EntryPoint\",\"urlTemplate\":\"https:\/\/www.legalvision.fr\/guides-juridiques\/?s={search_term_string}\"},\"query-input\":{\"@type\":\"PropertyValueSpecification\",\"valueRequired\":true,\"valueName\":\"search_term_string\"}}],\"inLanguage\":\"fr-FR\"},{\"@type\":\"Organization\",\"@id\":\"https:\/\/www.legalvision.fr\/guides-juridiques\/#organization\",\"name\":\"Guides juridiques\",\"url\":\"https:\/\/www.legalvision.fr\/guides-juridiques\/\",\"logo\":{\"@type\":\"ImageObject\",\"inLanguage\":\"fr-FR\",\"@id\":\"https:\/\/www.legalvision.fr\/guides-juridiques\/#\/schema\/logo\/image\/\",\"url\":\"https:\/\/www.legalvision.fr\/guides-juridiques\/wp-content\/uploads\/2022\/10\/LV-Logotype.png\",\"contentUrl\":\"https:\/\/www.legalvision.fr\/guides-juridiques\/wp-content\/uploads\/2022\/10\/LV-Logotype.png\",\"width\":647,\"height\":125,\"caption\":\"Guides juridiques\"},\"image\":{\"@id\":\"https:\/\/www.legalvision.fr\/guides-juridiques\/#\/schema\/logo\/image\/\"}},{\"@type\":\"Person\",\"@id\":\"https:\/\/www.legalvision.fr\/guides-juridiques\/#\/schema\/person\/9c4ca0ec82e346ae731e8fef938d9282\",\"name\":\"Maxime Ballesteron\",\"image\":{\"@type\":\"ImageObject\",\"inLanguage\":\"fr-FR\",\"@id\":\"https:\/\/www.legalvision.fr\/guides-juridiques\/#\/schema\/person\/image\/\",\"url\":\"https:\/\/secure.gravatar.com\/avatar\/68fa8e70985671e1333fd562aa940aa27363cecb7578a35e3e3131f2500b6ca5?s=96&d=mm&r=g\",\"contentUrl\":\"https:\/\/secure.gravatar.com\/avatar\/68fa8e70985671e1333fd562aa940aa27363cecb7578a35e3e3131f2500b6ca5?s=96&d=mm&r=g\",\"caption\":\"Maxime Ballesteron\"},\"description\":\"Maxime est juriste sp\u00e9cialis\u00e9 en droit des soci\u00e9t\u00e9s chez LegalVision. Il est passionn\u00e9 par le droit et l'univers des startups.\",\"sameAs\":[\"https:\/\/www.legalvision.fr\/\",\"https:\/\/www.facebook.com\/legalvision.fr\/\",\"https:\/\/www.instagram.com\/legalvision.fr\/\",\"https:\/\/www.linkedin.com\/company\/legalvision-fr\/\",\"https:\/\/x.com\/https:\/\/twitter.com\/Legalvision_fr\"],\"url\":\"https:\/\/www.legalvision.fr\/guides-juridiques\/author\/maxime-ballester\/\"}]}<\/script>\n<!-- \/ Yoast SEO plugin. -->","yoast_head_json":{"title":"Rachat de parts sociales : tout ce qu'il faut savoir sur cette op\u00e9ration","description":"Au cours de la vie d'une entreprise, le rachat de parts sociales est une op\u00e9ration relativement courante. Explications sur la proc+edure \u00e0 respecter.","robots":{"index":"index","follow":"follow","max-snippet":"max-snippet:-1","max-image-preview":"max-image-preview:large","max-video-preview":"max-video-preview:-1"},"canonical":"https:\/\/www.legalvision.fr\/guides-juridiques\/gerer-une-entreprise\/rachat-de-parts-sociales\/","og_locale":"fr_FR","og_type":"article","og_title":"Rachat de parts sociales : tout ce qu'il faut savoir sur cette op\u00e9ration","og_description":"Au cours de la vie d'une entreprise, le rachat de parts sociales est une op\u00e9ration relativement courante. Explications sur la proc+edure \u00e0 respecter.","og_url":"https:\/\/www.legalvision.fr\/guides-juridiques\/gerer-une-entreprise\/rachat-de-parts-sociales\/","og_site_name":"Guides juridiques","article_author":"https:\/\/www.facebook.com\/legalvision.fr\/","article_published_time":"2018-03-21T11:53:51+00:00","article_modified_time":"2023-11-02T13:54:02+00:00","og_image":[{"width":958,"height":350,"url":"https:\/\/www.legalvision.fr\/guides-juridiques\/wp-content\/uploads\/2018\/03\/rachat-de-parts-sociales.jpg","type":"image\/jpeg"}],"author":"Maxime Ballesteron","twitter_card":"summary_large_image","twitter_creator":"@https:\/\/twitter.com\/Legalvision_fr","twitter_misc":{"\u00c9crit par":"Maxime Ballesteron","Dur\u00e9e de lecture estim\u00e9e":"8 minutes"},"schema":{"@context":"https:\/\/schema.org","@graph":[{"@type":"Article","@id":"https:\/\/www.legalvision.fr\/guides-juridiques\/gerer-une-entreprise\/rachat-de-parts-sociales\/#article","isPartOf":{"@id":"https:\/\/www.legalvision.fr\/guides-juridiques\/gerer-une-entreprise\/rachat-de-parts-sociales\/"},"author":{"name":"Maxime Ballesteron","@id":"https:\/\/www.legalvision.fr\/guides-juridiques\/#\/schema\/person\/9c4ca0ec82e346ae731e8fef938d9282"},"headline":"Le rachat de parts sociales : quelle est la proc\u00e9dure \u00e0 suivre ?","datePublished":"2018-03-21T11:53:51+00:00","dateModified":"2023-11-02T13:54:02+00:00","mainEntityOfPage":{"@id":"https:\/\/www.legalvision.fr\/guides-juridiques\/gerer-une-entreprise\/rachat-de-parts-sociales\/"},"wordCount":1825,"commentCount":14,"publisher":{"@id":"https:\/\/www.legalvision.fr\/guides-juridiques\/#organization"},"image":{"@id":"https:\/\/www.legalvision.fr\/guides-juridiques\/gerer-une-entreprise\/rachat-de-parts-sociales\/#primaryimage"},"thumbnailUrl":"https:\/\/www.legalvision.fr\/guides-juridiques\/wp-content\/uploads\/2018\/03\/rachat-de-parts-sociales.jpg","articleSection":["G\u00e9rer une entreprise"],"inLanguage":"fr-FR","potentialAction":[{"@type":"CommentAction","name":"Comment","target":["https:\/\/www.legalvision.fr\/guides-juridiques\/gerer-une-entreprise\/rachat-de-parts-sociales\/#respond"]}]},{"@type":"WebPage","@id":"https:\/\/www.legalvision.fr\/guides-juridiques\/gerer-une-entreprise\/rachat-de-parts-sociales\/","url":"https:\/\/www.legalvision.fr\/guides-juridiques\/gerer-une-entreprise\/rachat-de-parts-sociales\/","name":"Rachat de parts sociales : tout ce qu'il faut savoir sur cette op\u00e9ration","isPartOf":{"@id":"https:\/\/www.legalvision.fr\/guides-juridiques\/#website"},"primaryImageOfPage":{"@id":"https:\/\/www.legalvision.fr\/guides-juridiques\/gerer-une-entreprise\/rachat-de-parts-sociales\/#primaryimage"},"image":{"@id":"https:\/\/www.legalvision.fr\/guides-juridiques\/gerer-une-entreprise\/rachat-de-parts-sociales\/#primaryimage"},"thumbnailUrl":"https:\/\/www.legalvision.fr\/guides-juridiques\/wp-content\/uploads\/2018\/03\/rachat-de-parts-sociales.jpg","datePublished":"2018-03-21T11:53:51+00:00","dateModified":"2023-11-02T13:54:02+00:00","description":"Au cours de la vie d'une entreprise, le rachat de parts sociales est une op\u00e9ration relativement courante. Explications sur la proc+edure \u00e0 respecter.","breadcrumb":{"@id":"https:\/\/www.legalvision.fr\/guides-juridiques\/gerer-une-entreprise\/rachat-de-parts-sociales\/#breadcrumb"},"inLanguage":"fr-FR","potentialAction":[{"@type":"ReadAction","target":["https:\/\/www.legalvision.fr\/guides-juridiques\/gerer-une-entreprise\/rachat-de-parts-sociales\/"]}]},{"@type":"ImageObject","inLanguage":"fr-FR","@id":"https:\/\/www.legalvision.fr\/guides-juridiques\/gerer-une-entreprise\/rachat-de-parts-sociales\/#primaryimage","url":"https:\/\/www.legalvision.fr\/guides-juridiques\/wp-content\/uploads\/2018\/03\/rachat-de-parts-sociales.jpg","contentUrl":"https:\/\/www.legalvision.fr\/guides-juridiques\/wp-content\/uploads\/2018\/03\/rachat-de-parts-sociales.jpg","width":958,"height":350,"caption":"rachat de parts sociales"},{"@type":"BreadcrumbList","@id":"https:\/\/www.legalvision.fr\/guides-juridiques\/gerer-une-entreprise\/rachat-de-parts-sociales\/#breadcrumb","itemListElement":[{"@type":"ListItem","position":1,"name":"Accueil","item":"https:\/\/www.legalvision.fr\/guides-juridiques\/"},{"@type":"ListItem","position":2,"name":"G\u00e9rer une entreprise","item":"https:\/\/www.legalvision.fr\/guides-juridiques\/gerer-une-entreprise\/"},{"@type":"ListItem","position":3,"name":"Le rachat de parts sociales : quelle est la proc\u00e9dure \u00e0 suivre ?"}]},{"@type":"WebSite","@id":"https:\/\/www.legalvision.fr\/guides-juridiques\/#website","url":"https:\/\/www.legalvision.fr\/guides-juridiques\/","name":"Guides juridiques","description":"L&#039;information juridique \u00e0 destination des entreprises et TPE","publisher":{"@id":"https:\/\/www.legalvision.fr\/guides-juridiques\/#organization"},"potentialAction":[{"@type":"SearchAction","target":{"@type":"EntryPoint","urlTemplate":"https:\/\/www.legalvision.fr\/guides-juridiques\/?s={search_term_string}"},"query-input":{"@type":"PropertyValueSpecification","valueRequired":true,"valueName":"search_term_string"}}],"inLanguage":"fr-FR"},{"@type":"Organization","@id":"https:\/\/www.legalvision.fr\/guides-juridiques\/#organization","name":"Guides juridiques","url":"https:\/\/www.legalvision.fr\/guides-juridiques\/","logo":{"@type":"ImageObject","inLanguage":"fr-FR","@id":"https:\/\/www.legalvision.fr\/guides-juridiques\/#\/schema\/logo\/image\/","url":"https:\/\/www.legalvision.fr\/guides-juridiques\/wp-content\/uploads\/2022\/10\/LV-Logotype.png","contentUrl":"https:\/\/www.legalvision.fr\/guides-juridiques\/wp-content\/uploads\/2022\/10\/LV-Logotype.png","width":647,"height":125,"caption":"Guides juridiques"},"image":{"@id":"https:\/\/www.legalvision.fr\/guides-juridiques\/#\/schema\/logo\/image\/"}},{"@type":"Person","@id":"https:\/\/www.legalvision.fr\/guides-juridiques\/#\/schema\/person\/9c4ca0ec82e346ae731e8fef938d9282","name":"Maxime Ballesteron","image":{"@type":"ImageObject","inLanguage":"fr-FR","@id":"https:\/\/www.legalvision.fr\/guides-juridiques\/#\/schema\/person\/image\/","url":"https:\/\/secure.gravatar.com\/avatar\/68fa8e70985671e1333fd562aa940aa27363cecb7578a35e3e3131f2500b6ca5?s=96&d=mm&r=g","contentUrl":"https:\/\/secure.gravatar.com\/avatar\/68fa8e70985671e1333fd562aa940aa27363cecb7578a35e3e3131f2500b6ca5?s=96&d=mm&r=g","caption":"Maxime Ballesteron"},"description":"Maxime est juriste sp\u00e9cialis\u00e9 en droit des soci\u00e9t\u00e9s chez LegalVision. Il est passionn\u00e9 par le droit et l'univers des startups.","sameAs":["https:\/\/www.legalvision.fr\/","https:\/\/www.facebook.com\/legalvision.fr\/","https:\/\/www.instagram.com\/legalvision.fr\/","https:\/\/www.linkedin.com\/company\/legalvision-fr\/","https:\/\/x.com\/https:\/\/twitter.com\/Legalvision_fr"],"url":"https:\/\/www.legalvision.fr\/guides-juridiques\/author\/maxime-ballester\/"}]}},"_links":{"self":[{"href":"https:\/\/www.legalvision.fr\/guides-juridiques\/wp-json\/wp\/v2\/posts\/2249","targetHints":{"allow":["GET"]}}],"collection":[{"href":"https:\/\/www.legalvision.fr\/guides-juridiques\/wp-json\/wp\/v2\/posts"}],"about":[{"href":"https:\/\/www.legalvision.fr\/guides-juridiques\/wp-json\/wp\/v2\/types\/post"}],"author":[{"embeddable":true,"href":"https:\/\/www.legalvision.fr\/guides-juridiques\/wp-json\/wp\/v2\/users\/15"}],"replies":[{"embeddable":true,"href":"https:\/\/www.legalvision.fr\/guides-juridiques\/wp-json\/wp\/v2\/comments?post=2249"}],"version-history":[{"count":4,"href":"https:\/\/www.legalvision.fr\/guides-juridiques\/wp-json\/wp\/v2\/posts\/2249\/revisions"}],"predecessor-version":[{"id":40700,"href":"https:\/\/www.legalvision.fr\/guides-juridiques\/wp-json\/wp\/v2\/posts\/2249\/revisions\/40700"}],"wp:featuredmedia":[{"embeddable":true,"href":"https:\/\/www.legalvision.fr\/guides-juridiques\/wp-json\/wp\/v2\/media\/23209"}],"wp:attachment":[{"href":"https:\/\/www.legalvision.fr\/guides-juridiques\/wp-json\/wp\/v2\/media?parent=2249"}],"wp:term":[{"taxonomy":"category","embeddable":true,"href":"https:\/\/www.legalvision.fr\/guides-juridiques\/wp-json\/wp\/v2\/categories?post=2249"},{"taxonomy":"post_tag","embeddable":true,"href":"https:\/\/www.legalvision.fr\/guides-juridiques\/wp-json\/wp\/v2\/tags?post=2249"}],"curies":[{"name":"wp","href":"https:\/\/api.w.org\/{rel}","templated":true}]}}