{"id":20484,"date":"2019-07-25T07:30:51","date_gmt":"2019-07-25T06:30:51","guid":{"rendered":"https:\/\/blog.legalvision.fr\/?p=20484"},"modified":"2023-11-22T14:42:40","modified_gmt":"2023-11-22T13:42:40","slug":"cession-de-la-totalite-des-parts-sociales-d-une-eurl","status":"publish","type":"post","link":"https:\/\/www.legalvision.fr\/guides-juridiques\/eurl\/cession-de-la-totalite-des-parts-sociales-d-une-eurl\/","title":{"rendered":"Cession de la totalit\u00e9 des parts sociales d&rsquo;une EURL : Mode d&#8217;emploi"},"content":{"rendered":"\t\t<div data-elementor-type=\"wp-post\" data-elementor-id=\"20484\" class=\"elementor elementor-20484\" data-elementor-post-type=\"post\">\n\t\t\t\t<div data-particle_enable=\"false\" data-particle-mobile-disabled=\"false\" class=\"elementor-element elementor-element-c8faaac e-flex e-con-boxed e-con e-parent\" data-id=\"c8faaac\" data-element_type=\"container\" data-e-type=\"container\">\n\t\t\t\t\t<div class=\"e-con-inner\">\n\t\t\t\t<div class=\"elementor-element elementor-element-44489cc elementor-widget elementor-widget-text-editor\" data-id=\"44489cc\" data-element_type=\"widget\" data-e-type=\"widget\" data-widget_type=\"text-editor.default\">\n\t\t\t\t<div class=\"elementor-widget-container\">\n\t\t\t\t\t\t\t\t\t<p style=\"text-align: center;\"><strong>Dans cet article, LegalVision vous pr\u00e9sentera un guide pour la cession de la totalit\u00e9 des parts sociales d&rsquo;une EURL.<\/strong><\/p><p>Au cours de la vie de la soci\u00e9t\u00e9, l&rsquo;associ\u00e9 unique d&rsquo;une EURL peut d\u00e9cider de c\u00e9der la totalit\u00e9 de ses parts. Le principe est que la cession des parts d&rsquo;une EURL ob\u00e9it aux m\u00eames r\u00e8gles que lorsque les parts sont celles d&rsquo;une SARL pluripersonnelle. Toutefois, quelques exceptions s&rsquo;appliquent \u00e0 cette op\u00e9ration en raison de l&rsquo;unicit\u00e9 d&rsquo;associ\u00e9.<\/p><p>La cession de parts sociales est un acte juridique par lequel un associ\u00e9 c\u00e8de \u00e0 un tiers tout ou partie de ses droits sociaux. La personne qui vend est appel\u00e9e c\u00e9dant, celle qui acquiert, cessionnaire. Cette op\u00e9ration est soumise \u00e0 un ensemble de r\u00e8gles conditionnant sa validit\u00e9 et son opposabilit\u00e9. Par ailleurs, la cession de parts sociales entra\u00eene la paiement de certains droits \u00e0 l&rsquo;administration fiscale.<\/p><h3>Sommaire<\/h3><p><strong><a href=\"#I\">Cession de la totalit\u00e9 des parts sociales d&rsquo;une EURL : modalit\u00e9s<br \/><\/a><\/strong><strong><a href=\"#II\">Cession de la totalit\u00e9 des parts sociales d&rsquo;une EURL : formalit\u00e9s<br \/><\/a><\/strong><strong><a href=\"#III\">Cession de la totalit\u00e9 des parts sociales d&rsquo;une EURL : fiscalit\u00e9<\/a><\/strong><\/p><p>\u00a0<\/p>\t\t\t\t\t\t\t\t<\/div>\n\t\t\t\t<\/div>\n\t\t\t\t\t<\/div>\n\t\t\t\t<\/div>\n\t\t<div data-particle_enable=\"false\" data-particle-mobile-disabled=\"false\" class=\"elementor-element elementor-element-916e3bd e-flex e-con-boxed e-con e-parent\" data-id=\"916e3bd\" data-element_type=\"container\" data-e-type=\"container\">\n\t\t\t\t\t<div class=\"e-con-inner\">\n\t\t\t\t<div class=\"elementor-element elementor-element-48ae7484 elementor-widget elementor-widget-heading\" data-id=\"48ae7484\" data-element_type=\"widget\" data-e-type=\"widget\" data-widget_type=\"heading.default\">\n\t\t\t\t<div class=\"elementor-widget-container\">\n\t\t\t\t\t<h2 class=\"elementor-heading-title elementor-size-default\">Nos outils pour vous aider : <\/h2>\t\t\t\t<\/div>\n\t\t\t\t<\/div>\n\t\t\t\t\t<\/div>\n\t\t\t\t<\/div>\n\t\t<div data-particle_enable=\"false\" data-particle-mobile-disabled=\"false\" class=\"elementor-element elementor-element-10d14e90 e-flex e-con-boxed e-con e-parent\" data-id=\"10d14e90\" data-element_type=\"container\" data-e-type=\"container\">\n\t\t\t\t\t<div class=\"e-con-inner\">\n\t\t<div data-particle_enable=\"false\" data-particle-mobile-disabled=\"false\" class=\"elementor-element elementor-element-6228008 e-con-full e-flex e-con e-child\" data-id=\"6228008\" data-element_type=\"container\" data-e-type=\"container\">\n\t\t\t\t<div class=\"elementor-element elementor-element-301a677a elementor-widget elementor-widget-button\" data-id=\"301a677a\" data-element_type=\"widget\" data-e-type=\"widget\" data-widget_type=\"button.default\">\n\t\t\t\t<div class=\"elementor-widget-container\">\n\t\t\t\t\t\t\t\t\t<div class=\"elementor-button-wrapper\">\n\t\t\t\t\t<a class=\"elementor-button elementor-button-link elementor-size-sm\" href=\"https:\/\/leonard.fr\/juridique\/modification-societe\/vendre-mes-actions-ou-parts-sociales\/?utm_source=blog&#038;utm_medium=CTA&#038;utm_campaign=cession_totalite_parts_sociales_EURL_mode_emploi&#038;utm_id=cession_parts_blog\" target=\"_blank\">\n\t\t\t\t\t\t<span class=\"elementor-button-content-wrapper\">\n\t\t\t\t\t\t\t\t\t<span class=\"elementor-button-text\">C\u00e9dez vos parts avec nos juristes<\/span>\n\t\t\t\t\t<\/span>\n\t\t\t\t\t<\/a>\n\t\t\t\t<\/div>\n\t\t\t\t\t\t\t\t<\/div>\n\t\t\t\t<\/div>\n\t\t\t\t<\/div>\n\t\t<div data-particle_enable=\"false\" data-particle-mobile-disabled=\"false\" class=\"elementor-element elementor-element-7f216f0b e-con-full e-flex e-con e-child\" data-id=\"7f216f0b\" data-element_type=\"container\" data-e-type=\"container\">\n\t\t\t\t<div class=\"elementor-element elementor-element-41f266a3 elementor-widget elementor-widget-button\" data-id=\"41f266a3\" data-element_type=\"widget\" data-e-type=\"widget\" data-widget_type=\"button.default\">\n\t\t\t\t<div class=\"elementor-widget-container\">\n\t\t\t\t\t\t\t\t\t<div class=\"elementor-button-wrapper\">\n\t\t\t\t\t<a class=\"elementor-button elementor-button-link elementor-size-sm\" href=\"https:\/\/meetings.hubspot.com\/global\/leonard-rendez-vous-gratuit-avec-un-juriste?utm_source=blog&#038;utm_medium=CTA&#038;utm_campaign=cession_totalite_parts_sociales_EURL_mode_emploi&#038;utm_id=cession_parts_blog\" target=\"_blank\">\n\t\t\t\t\t\t<span class=\"elementor-button-content-wrapper\">\n\t\t\t\t\t\t\t\t\t<span class=\"elementor-button-text\">Soyez rappel\u00e9 par un juriste gratuitement<\/span>\n\t\t\t\t\t<\/span>\n\t\t\t\t\t<\/a>\n\t\t\t\t<\/div>\n\t\t\t\t\t\t\t\t<\/div>\n\t\t\t\t<\/div>\n\t\t\t\t<\/div>\n\t\t<div data-particle_enable=\"false\" data-particle-mobile-disabled=\"false\" class=\"elementor-element elementor-element-f6783e6 e-con-full e-flex e-con e-child\" data-id=\"f6783e6\" data-element_type=\"container\" data-e-type=\"container\">\n\t\t\t\t<div data-dce-background-color=\"#85D2F1\" class=\"elementor-element elementor-element-4437e12e elementor-widget elementor-widget-button\" data-id=\"4437e12e\" data-element_type=\"widget\" data-e-type=\"widget\" data-widget_type=\"button.default\">\n\t\t\t\t<div class=\"elementor-widget-container\">\n\t\t\t\t\t\t\t\t\t<div class=\"elementor-button-wrapper\">\n\t\t\t\t\t<a class=\"elementor-button elementor-button-link elementor-size-sm\" href=\"https:\/\/meetings.hubspot.com\/alexis-egron\/audit-juridique-gratuit?utm_source=blog&#038;utm_medium=CTA&#038;utm_campaign=cession_totalite_parts_sociales_EURL_mode_emploi&#038;utm_id=cession_parts_blog\" target=\"_blank\">\n\t\t\t\t\t\t<span class=\"elementor-button-content-wrapper\">\n\t\t\t\t\t\t\t\t\t<span class=\"elementor-button-text\">Faites un audit juridique gratuit<\/span>\n\t\t\t\t\t<\/span>\n\t\t\t\t\t<\/a>\n\t\t\t\t<\/div>\n\t\t\t\t\t\t\t\t<\/div>\n\t\t\t\t<\/div>\n\t\t\t\t<\/div>\n\t\t\t\t\t<\/div>\n\t\t\t\t<\/div>\n\t\t<div data-particle_enable=\"false\" data-particle-mobile-disabled=\"false\" class=\"elementor-element elementor-element-667c1c88 e-flex e-con-boxed e-con e-parent\" data-id=\"667c1c88\" data-element_type=\"container\" data-e-type=\"container\">\n\t\t\t\t\t<div class=\"e-con-inner\">\n\t\t\t\t<div class=\"elementor-element elementor-element-458093a elementor-widget elementor-widget-text-editor\" data-id=\"458093a\" data-element_type=\"widget\" data-e-type=\"widget\" data-widget_type=\"text-editor.default\">\n\t\t\t\t<div class=\"elementor-widget-container\">\n\t\t\t\t\t\t\t\t\t<h2 id=\"I\">\u00a0<\/h2><h2 id=\"I\">\u00a0Cession de la totalit\u00e9 des parts sociales d\u2019une EURL : modalit\u00e9s<\/h2><h3><strong>La libre cessibilit\u00e9 des parts sociales d&rsquo;une EURL<\/strong><\/h3><p>L&rsquo;associ\u00e9 unique peut d\u00e9cider de c\u00e9der tout ou une partie des parts \u00e0 un ou plusieurs tiers. \u00c0 la diff\u00e9rence de la SARL, cette cession est <strong>libre<\/strong>. En raison de l&rsquo;<strong>unicit\u00e9 d&rsquo;associ\u00e9<\/strong>, la proc\u00e9dure de <strong>consultation des associ\u00e9s (l&rsquo;agr\u00e9ment) est donc \u00e9cart\u00e9e. <\/strong><\/p><p>Toutefois, il convient de noter que cette libre cessibilit\u00e9 n&rsquo;est applicable que\u00a0dans l&rsquo;hypoth\u00e8se o\u00f9 l&rsquo;associ\u00e9 unique :<\/p><ul><li>c\u00e9derait la totalit\u00e9 de ses parts \u00e0<strong> plusieurs tiers;<\/strong><\/li><li>et que ces cessions soient constat\u00e9es dans un<strong> m\u00eame acte<\/strong>.<\/li><\/ul><p>Ainsi, en cas de cessions consenties \u00e0 <strong>plusieurs personnes mais dans des actes s\u00e9par\u00e9s<\/strong> , la proc\u00e9dure d&rsquo;agr\u00e9ment <strong>devient obligatoire \u00e0 compter de la deuxi\u00e8me cession<\/strong>. Celle-ci entra\u00eene, en effet,\u00a0la conversion de l&rsquo;EURL en SARL pluripersonnelle.<\/p><p>Par ailleurs,\u00a0lorsque\u00a0les parts sociales constituent\u00a0des <strong>biens de communaut\u00e9<\/strong>, le conjoint de l&rsquo;associ\u00e9 unique <strong>doit approuver<\/strong> le projet de\u00a0<span class=\"searchhighlight\">cession.<\/span> Par ailleurs, il doit donner son consentement pour que l&rsquo;associ\u00e9 c\u00e9dant per\u00e7oive le prix de la cession.<\/p><h3>\u00a0<\/h3><h3>Les cons\u00e9quences de la cession<\/h3><p><a href=\"https:\/\/blog.legalvision.fr\/2019\/03\/02\/modification-des-statuts-d-une-sarl-cession-de-parts-sociales\/\">La cession de la totalit\u00e9 des parts sociales<\/a> d&rsquo;une EURL \u00e0 une seule personne n\u2019entra\u00eene pas, en principe, le changement du statut unipersonnelle de la soci\u00e9t\u00e9. Toutefois, lorsque le conjoint commun en biens du\u00a0<span class=\"searchhighlight\">cession<\/span>naire revendique la qualit\u00e9 d&rsquo;associ\u00e9 pour la moiti\u00e9 des parts acquises , la cession fait passer la soci\u00e9t\u00e9 du r\u00e9gime de soci\u00e9t\u00e9 unipersonnelle \u00e0 celui de SARL pluripersonnelle.<\/p><p>Par ailleurs,\u00a0dans l&rsquo;hypoth\u00e8se o\u00f9\u00a0l&rsquo;associ\u00e9 unique c\u00e8de ses parts \u00e0 plusieurs tiers, l&rsquo;EURL devient une SARL pluripersonnelle \u00e0 la suite de ces cessions.<\/p><p>Toutefois, si les statuts ont \u00e9t\u00e9 r\u00e9dig\u00e9s de mani\u00e8re polyvalente, la transformation de la soci\u00e9t\u00e9 en la forme pluripersonnelle n&rsquo;aura aucune cons\u00e9quence autre que d&rsquo;entra\u00eener une modification de la r\u00e9partition des parts. Par cons\u00e9quent, seul un d\u00e9p\u00f4t au greffe des statuts mis \u00e0 jour sera n\u00e9cessaire.\u00a0Si, en revanche, les statuts sont inadapt\u00e9s \u00e0 la soci\u00e9t\u00e9 pluripersonnelle, la conversion entra\u00eenera la n\u00e9cessit\u00e9 de leur mise \u00e0 jour.<\/p><p>Si vous souhaitez avoir plus d&rsquo;informations sur ce sujet, nous vous invitons \u00e0 consulter notre article :\u00a0<a href=\"https:\/\/blog.legalvision.fr\/2018\/07\/02\/transformer-une-eurl-en-sarl\/\">\u00a0\u00bb\u00a0<em>Comment transformer une EURL en SARL ?<\/em><\/a>\u00ab\u00a0.<\/p><h2 id=\"II\">\u00a0<\/h2><h2 id=\"II\">Cession de la totalit\u00e9 des parts sociales d\u2019une EURL : formalit\u00e9s<\/h2><h3><strong>Les conditions de forme<\/strong><\/h3><h4>L&rsquo;acte de cession<\/h4><p>La cession de la totalit\u00e9 des parts sociales<strong>\u00a0d&rsquo;une EURL<\/strong>\u00a0doit \u00eatre\u00a0<strong>constat\u00e9e par \u00e9crit<\/strong>. Cet acte peut \u00eatre \u00e9tabli sous forme\u00a0:<\/p><ul><li>d\u2019acte sous seing priv\u00e9\u00a0;<\/li><li>ou bien d\u2019acte authentique.<\/li><\/ul><p>Toutefois, il convient de noter que l&rsquo;\u00e9crit ne constitue pas une condition de validit\u00e9 de la cession.\u00a0Celle-ci est<strong>\u00a0parfaite<\/strong>\u00a0d\u00e8s l\u2019accord des parties sur la chose et le prix. Toutefois, la r\u00e9daction d\u2019un acte de cession est\u00a0<strong>obligatoire\u00a0<\/strong>pour l\u2019accomplissement des formalit\u00e9s de publicit\u00e9. Par ailleurs, cet acte est n\u00e9cessaire pour l\u2019opposabilit\u00e9 de la cession \u00e0 la soci\u00e9t\u00e9 et aux tiers.<\/p><p><b>NB:\u00a0<\/b>Si la cession est\u00a0constat\u00e9e par un\u00a0<strong>acte sous seing priv\u00e9<\/strong>, il\u00a0<strong>doit \u00eatre dress\u00e9 autant d&rsquo;exemplaires de l&rsquo;acte<\/strong>\u00a0qu&rsquo;il existe de parties ( c\u00e9dants et cessionnaires). Par ailleurs, des exemplaires suppl\u00e9mentaires doivent \u00eatre \u00e9tablis pour les formalit\u00e9s relatives \u00e0 l&rsquo;enregistrement et la publicit\u00e9.<\/p><h4>\u00a0<\/h4><h4>Les mentions obligatoires<\/h4><p>L&rsquo;acte de cession de la totalit\u00e9 de parts sociales d&rsquo;une EURL doit comporter un ensemble de mentions :<\/p><ul><li>D&rsquo;abord, l&rsquo;identit\u00e9 des parties au contrat de cession ;<\/li><li>Ensuite, l&rsquo;identification de la soci\u00e9t\u00e9 ;<\/li><li>Le nombre de parts sociales c\u00e9d\u00e9es ;<\/li><li>Le prix de la cession et modalit\u00e9s de paiement ;<\/li><li>Et enfin la preuve de l\u2019agr\u00e9ment.<\/li><\/ul><h3><strong>\u00a0<\/strong><\/h3><h3><strong>Formalit\u00e9s d\u2019opposabilit\u00e9 de la cession<\/strong><\/h3><h4><strong style=\"font-size: 16px;\">Opposabilit\u00e9 \u00e0 la soci\u00e9t\u00e9<\/strong><\/h4><p>La cession de la totalit\u00e9 des parts d\u2019une EURL <strong>doit \u00eatre notifi\u00e9e \u00e0 la soci\u00e9t\u00e9 pour lui \u00eatre opposable<\/strong>. Cette notification peut s\u2019effectuer soit :<\/p><ul><li>par signification par huissier de justice\u00a0;<\/li><li>Ou bien par une acceptation de la soci\u00e9t\u00e9 par l\u2019interm\u00e9diaire de son g\u00e9rant dans un acte authentique.<\/li><\/ul><p>La signification peut, toutefois, <strong>\u00eatre remplac\u00e9e par le d\u00e9p\u00f4t de l&rsquo;acte de cession au si\u00e8ge social<\/strong> contre remise d&rsquo;une attestation de d\u00e9p\u00f4t par le g\u00e9rant<\/p><h4><strong>\u00a0<\/strong><\/h4><h4><strong>Opposabilit\u00e9 aux tiers\u00a0<\/strong><\/h4><p>L&rsquo;opposabilit\u00e9 de la cession de parts d\u2019EURL aux tiers est conditionn\u00e9e par :<\/p><ul><li>la\u00a0notification de cette cession \u00e0 la soci\u00e9t\u00e9,<\/li><li>et aussi par\u00a0sa publication\u00a0au registre du commerce et des soci\u00e9t\u00e9s.<\/li><\/ul><p>Il convient de noter que la notification de la soci\u00e9t\u00e9 ainsi que la publicit\u00e9 de la cession au RCS sont deux c<strong>onditions cumulatives<\/strong>\u00a0pour l\u2019opposabilit\u00e9 de la cession aux tiers.<\/p><h4>Sanctions de la non-r\u00e9alisation de ces formalit\u00e9s<\/h4><p>La non-r\u00e9alisation de ces formalit\u00e9s a une cons\u00e9quence. En effet, le c\u00e9dant demeure<strong>\u00a0ind\u00e9finiment et solidairement responsable du passif social<\/strong>. Ainsi, il peut faire l\u2019objet de mesures de redressement ou de liquidation judiciaire.<\/p><p>Cependant,\u00a0les tiers ne peuvent se pr\u00e9valoir du d\u00e9faut de publicit\u00e9 de la cession d\u00e8s lors qu\u2019ils en avaient connaissance.<\/p><h2 id=\"III\">\u00a0<\/h2><h2 id=\"III\">Cession de la totalit\u00e9 des parts sociales d\u2019une EURL : fiscalit\u00e9<\/h2><h3><strong>Les droits d&rsquo;enregistrement\u00a0<\/strong><\/h3><p>Comme pour la SARL, la\u00a0cession \u00e0 titre on\u00e9reux de parts sociales\u00a0d\u2019une\u00a0EURL est soumise \u00e0 des\u00a0<strong><a href=\"https:\/\/blog.legalvision.fr\/2017\/02\/21\/enregistrement-cession-de-parts-sociales\/\">droits d\u2019enregistrement<\/a> d\u2019un taux de 3%<\/strong>. Ces droits sont ainsi calcul\u00e9s sur le prix de cession diminu\u00e9 d\u2019un abattement \u00e9gal pour chaque part sociale, au rapport entre 23.000 euros et le nombre total de parts dans la soci\u00e9t\u00e9.<\/p><p>En revanche,\u00a0si l<span class=\"highlight\" title=\"Termes de la recherche\">&lsquo;EURL<\/span>\u00a0est \u00e0 pr\u00e9pond\u00e9rance immobili\u00e8re, la cession de parts sociales est soumise \u00e0 un droit d&rsquo;enregistrement d&rsquo;un taux de 5\u00a0%, sans application d&rsquo;un abattement.<\/p><p><em><strong>Exemple:<\/strong><\/em><\/p><h4><strong>\u00a0<\/strong><\/h4><h4><strong>EURL classique<\/strong><\/h4><p>Le capital d\u2019une\u00a0EURL est compos\u00e9 de\u00a0<strong>300 parts<\/strong>. Le prix de cession a \u00e9t\u00e9 fix\u00e9 \u00e0 <strong>200,000 euros.<\/strong><\/p><p>En cas de cession de la totalit\u00e9 des parts sociales d&rsquo;une EURL, l&rsquo;abattement est de <strong>23,000 euros.<\/strong><\/p><p>La base de calcul des droits d&rsquo;enregistrement correspond donc \u00e0 l<strong>a diff\u00e9rence entre le prix de cession et le montant de l&rsquo;abattement.\u00a0<\/strong><\/p><ul><li><strong>Base de calcul<\/strong> =\u00a0200,000 &#8211; 23,000= <strong>177,000 euros\u00a0<\/strong><\/li><li><strong>Droits d\u2019enregistrement =\u00a0<\/strong>Base de calcul * 3% = 177,000* 3%, soit\u00a0<strong>5310<em><strong>\u00a0e<\/strong>uros<\/em><\/strong><em>\u00a0de droits d\u2019enregistrement<\/em><\/li><\/ul><h4><strong>\u00a0<\/strong><\/h4><h4><strong>EURL \u00e0 pr\u00e9pond\u00e9rance immobili\u00e8re\u00a0<\/strong><\/h4><p>Toutefois, si l<span class=\"highlight\" title=\"Termes de la recherche\">&lsquo;EURL<\/span>\u00a0est \u00e0 <strong>pr\u00e9pond\u00e9rance immobili\u00e8re,<\/strong> les droits d&rsquo;enregistrement sont de:<\/p><p><strong>Prix de cession * 5%<\/strong> = 200,000 *5% ,<\/p><p>soit\u00a0<strong>10,000 euros de droits d&rsquo;enregistrement.<\/strong><\/p><h3>L&rsquo;imposition de la plus-value de cession de la totalit\u00e9 des parts sociales d&rsquo;une EURL<\/h3><h4>\u00a0<\/h4><h4>Le r\u00e9gime applicable<\/h4><p>La <a href=\"https:\/\/blog.legalvision.fr\/2018\/07\/28\/calcul-de-la-plus-value-dune-cession-de-parts-sociales-d-une-sarl\/\">plus-value<\/a> brute r\u00e9alis\u00e9e lors de la cession de la totalit\u00e9 des parts sociales d&rsquo;une EURL est \u00e9gale \u00e0 la diff\u00e9rence entre le prix de cession et le prix d&rsquo;acquisition par le c\u00e9dant.<\/p><p style=\"text-align: center;\"><strong>Plus-value de cession\u00a0<\/strong>= le prix de cession &#8211; le prix d&rsquo;acquisition<\/p><p>Le prix de cession \u00e0 retenir est le prix r\u00e9el tel qu&rsquo;il est stipul\u00e9 dans l&rsquo;acte. Toutefois, lorsqu&rsquo;une dissimulation de prix est \u00e9tablie, le prix port\u00e9 dans l&rsquo;acte doit \u00eatre major\u00e9 du montant de cette dissimulation.<\/p><p>Depuis 2018, la plus-value r\u00e9alis\u00e9e est, en effet, soumise au pr\u00e9l\u00e8vement forfaitaire unique au taux de\u00a030\u00a0%\u00a0.<\/p><p>Ce pr\u00e9l\u00e8vement est compos\u00e9 comme suit\u00a0:<\/p><ul><li>12,8\u00a0%\u00a0d&rsquo;imp\u00f4t sur le revenu ;<\/li><li>Et\u00a017,20\u00a0%\u00a0de\u00a0<a href=\"https:\/\/www.service-public.fr\/particuliers\/vosdroits\/F2329\">pr\u00e9l\u00e8vements sociaux<\/a>.<\/li><\/ul><p>Toutefois, le c\u00e9dant peut opter pour l\u2019imposition au bar\u00e8me progressif. Dans ce cas, il peut b\u00e9n\u00e9ficier d\u2019abattement pour dur\u00e9e de d\u00e9tention des titres sociaux.<\/p><h4>\u00a0<\/h4><h4>Abattement pour dur\u00e9e de d\u00e9tention<\/h4><p>L\u2019application de cet abattement est conditionn\u00e9e par\u00a0:<\/p><ul><li>L\u2019option du contribuable pour une imposition globale de ses revenus au bar\u00e8me de l\u2019imp\u00f4t sur le revenu,<\/li><li>et par l\u2019acquisition ou la souscription aux parts objet de la cession avant le 1<sup>er<\/sup>janvier 2018.<\/li><\/ul><p>Enfin, l&rsquo;abattement est \u00e9gal \u00e0 :<\/p><ol><li><strong>50 % du montant de la plus-value<\/strong> si les parts sociales sont d\u00e9tenues <strong>depuis au moins deux ans et moins de huit ans \u00e0 <\/strong>la date de la cession ou de la distribution ;<\/li><li><strong>65 % du montant de la plus-value<\/strong> lorsque les parts sociales sont d\u00e9tenues depuis <strong>au moins huit ans <\/strong>\u00e0 la date de la cession ou de la distribution.<\/li><\/ol><details><summary><strong>Sources :<\/strong><\/summary><p><strong>Articles :<\/strong><\/p><ul><li><a href=\"https:\/\/www.legifrance.gouv.fr\/affichCodeArticle.do?idArticle=LEGIARTI000029329292&amp;cidTexte=LEGITEXT000005634379\">L. 221-14<\/a> du Code de commerce relatif \u00e0 l&rsquo;opposabilit\u00e9 de la cession des parts sociales ;<\/li><li><a href=\"https:\/\/www.legifrance.gouv.fr\/affichCode.do;jsessionid=15DAAF05C1F9777E7F09038C0274A772.tplgfr23s_2?idSectionTA=LEGISCTA000006146044&amp;cidTexte=LEGITEXT000005634379&amp;dateTexte=20190722\">L. 223-1<\/a> et suivants du Code du commerce relatifs aux soci\u00e9t\u00e9s \u00e0 responsabilit\u00e9 limit\u00e9e ;<\/li><li><a href=\"https:\/\/www.legifrance.gouv.fr\/affichCodeArticle.do;jsessionid=5B9E69B387D6DA8A12154D8031E6EB90.tplgfr36s_2?idArticle=LEGIARTI000038612592&amp;cidTexte=LEGITEXT000006069577&amp;categorieLien=id&amp;dateTexte=\">150-0 D<\/a> du Code g\u00e9n\u00e9ral des imp\u00f4ts relatif aux abattements applicables aux cessions de parts sociales ;<\/li><li><a href=\"https:\/\/www.legifrance.gouv.fr\/affichCodeArticle.do;jsessionid=D6D8C37CB9A8348D4B1E17C963477F7A.tplgfr23s_2?idArticle=LEGIARTI000006302776&amp;cidTexte=LEGITEXT000006069577&amp;dateTexte=20190723&amp;categorieLien=id&amp;oldAction=\">150 V<\/a> du Code g\u00e9n\u00e9ral des imp\u00f4ts relatif au calcul de la plus ou moins-value brute r\u00e9alis\u00e9e lors de la cession ;<\/li><li><a href=\"https:\/\/www.legifrance.gouv.fr\/affichCodeArticle.do;jsessionid=D6D8C37CB9A8348D4B1E17C963477F7A.tplgfr23s_2?idArticle=LEGIARTI000025842470&amp;cidTexte=LEGITEXT000006069577&amp;dateTexte=20190723&amp;categorieLien=id&amp;oldAction=&amp;nbResultRech=\">150 VC<\/a> du Code g\u00e9n\u00e9ral des imp\u00f4ts relatif aux abattements applicables pour les plus-value de cession ;<\/li><li><a href=\"https:\/\/www.legifrance.gouv.fr\/affichCodeArticle.do;jsessionid=0EB3E326F8D6958BAD026098EE8E8F56.tplgfr23s_2?idArticle=LEGIARTI000030861505&amp;cidTexte=LEGITEXT000006069577&amp;dateTexte=20190722&amp;categorieLien=id&amp;oldAction=\">726\u00a0<\/a>du Code g\u00e9n\u00e9ral des imp\u00f4ts relatif \u00e0 la cession de droits sociaux ;<\/li><li><a href=\"https:\/\/www.legifrance.gouv.fr\/affichCodeArticle.do?idArticle=LEGIARTI000006444044&amp;cidTexte=LEGITEXT000006070721&amp;dateTexte=19860701&amp;categorieLien=id\">1832-1<\/a> du Code civil relatif \u00e0 l&rsquo;associ\u00e9 mari\u00e9 sous le r\u00e9gime de la communaut\u00e9.<\/li><\/ul><\/details><p>\u00a0<\/p><p>\u00a0<\/p><div class=\"wp-block-button\" style=\"text-align: center;\"><a class=\"wp-block-button__link has-background\" href=\"https:\/\/www.legalvision.fr\/tous-les-services\/\">Commencer les d\u00e9marches pour mon EURL<\/a><\/div>\t\t\t\t\t\t\t\t<\/div>\n\t\t\t\t<\/div>\n\t\t\t\t\t<\/div>\n\t\t\t\t<\/div>\n\t\t\t\t<\/div>\n\t\t","protected":false},"excerpt":{"rendered":"<p>Dans cet article, LegalVision vous pr\u00e9sentera un guide pour la cession de la totalit\u00e9 des parts sociales d&rsquo;une EURL. Au cours de la vie de la soci\u00e9t\u00e9, l&rsquo;associ\u00e9 unique d&rsquo;une EURL peut d\u00e9cider de c\u00e9der la totalit\u00e9 de ses parts. Le principe est que la cession des parts d&rsquo;une EURL ob\u00e9it aux m\u00eames r\u00e8gles que&hellip; <a class=\"more-link\" href=\"https:\/\/www.legalvision.fr\/guides-juridiques\/eurl\/cession-de-la-totalite-des-parts-sociales-d-une-eurl\/\">Poursuivre la lecture <span class=\"screen-reader-text\">Cession de la totalit\u00e9 des parts sociales d&rsquo;une EURL : Mode d&#8217;emploi<\/span><\/a><\/p>\n","protected":false},"author":52,"featured_media":20493,"comment_status":"open","ping_status":"open","sticky":false,"template":"","format":"standard","meta":{"content-type":"","inline_featured_image":false,"footnotes":""},"categories":[2488],"tags":[],"class_list":["post-20484","post","type-post","status-publish","format-standard","has-post-thumbnail","hentry","category-eurl","entry"],"yoast_head":"<!-- This site is optimized with the Yoast SEO plugin v27.1.1 - https:\/\/yoast.com\/product\/yoast-seo-wordpress\/ -->\n<title>Cession de la totalit\u00e9 des parts sociales d&#039;une EURL : Mode d&#039;emploi<\/title>\n<meta name=\"description\" content=\"La cession de la totalit\u00e9 des parts sociales d&#039;une EURL ob\u00e9it \u00e0 un ensemble de r\u00e8gles conditionnant sa validit\u00e9 et son opposabilit\u00e9...\" \/>\n<meta name=\"robots\" content=\"index, follow, max-snippet:-1, max-image-preview:large, max-video-preview:-1\" \/>\n<link rel=\"canonical\" href=\"https:\/\/www.legalvision.fr\/guides-juridiques\/eurl\/cession-de-la-totalite-des-parts-sociales-d-une-eurl\/\" \/>\n<meta property=\"og:locale\" content=\"fr_FR\" \/>\n<meta property=\"og:type\" content=\"article\" \/>\n<meta property=\"og:title\" content=\"Cession de la totalit\u00e9 des parts sociales d&#039;une EURL : Mode d&#039;emploi\" \/>\n<meta property=\"og:description\" content=\"La cession de la totalit\u00e9 des parts sociales d&#039;une EURL ob\u00e9it \u00e0 un ensemble de r\u00e8gles conditionnant sa validit\u00e9 et son opposabilit\u00e9...\" \/>\n<meta property=\"og:url\" content=\"https:\/\/www.legalvision.fr\/guides-juridiques\/eurl\/cession-de-la-totalite-des-parts-sociales-d-une-eurl\/\" \/>\n<meta property=\"og:site_name\" content=\"Guides juridiques\" \/>\n<meta property=\"article:published_time\" content=\"2019-07-25T06:30:51+00:00\" \/>\n<meta property=\"article:modified_time\" content=\"2023-11-22T13:42:40+00:00\" \/>\n<meta property=\"og:image\" content=\"https:\/\/www.legalvision.fr\/guides-juridiques\/wp-content\/uploads\/2019\/07\/cession-de-la-totalit\u00e9-des-parts-sociales-dune-EURL.jpg\" \/>\n\t<meta property=\"og:image:width\" content=\"958\" \/>\n\t<meta property=\"og:image:height\" content=\"350\" \/>\n\t<meta property=\"og:image:type\" content=\"image\/jpeg\" \/>\n<meta name=\"author\" content=\"Zineb MORABITE\" \/>\n<meta name=\"twitter:card\" content=\"summary_large_image\" \/>\n<meta name=\"twitter:label1\" content=\"\u00c9crit par\" \/>\n\t<meta name=\"twitter:data1\" content=\"Zineb MORABITE\" \/>\n\t<meta name=\"twitter:label2\" content=\"Dur\u00e9e de lecture estim\u00e9e\" \/>\n\t<meta name=\"twitter:data2\" content=\"9 minutes\" \/>\n<script type=\"application\/ld+json\" class=\"yoast-schema-graph\">{\"@context\":\"https:\/\/schema.org\",\"@graph\":[{\"@type\":\"Article\",\"@id\":\"https:\/\/www.legalvision.fr\/guides-juridiques\/eurl\/cession-de-la-totalite-des-parts-sociales-d-une-eurl\/#article\",\"isPartOf\":{\"@id\":\"https:\/\/www.legalvision.fr\/guides-juridiques\/eurl\/cession-de-la-totalite-des-parts-sociales-d-une-eurl\/\"},\"author\":{\"name\":\"Zineb MORABITE\",\"@id\":\"https:\/\/www.legalvision.fr\/guides-juridiques\/#\/schema\/person\/874098fe1d9ec36f4578fa4dd0083d3c\"},\"headline\":\"Cession de la totalit\u00e9 des parts sociales d&rsquo;une EURL : Mode d&#8217;emploi\",\"datePublished\":\"2019-07-25T06:30:51+00:00\",\"dateModified\":\"2023-11-22T13:42:40+00:00\",\"mainEntityOfPage\":{\"@id\":\"https:\/\/www.legalvision.fr\/guides-juridiques\/eurl\/cession-de-la-totalite-des-parts-sociales-d-une-eurl\/\"},\"wordCount\":1760,\"commentCount\":0,\"publisher\":{\"@id\":\"https:\/\/www.legalvision.fr\/guides-juridiques\/#organization\"},\"image\":{\"@id\":\"https:\/\/www.legalvision.fr\/guides-juridiques\/eurl\/cession-de-la-totalite-des-parts-sociales-d-une-eurl\/#primaryimage\"},\"thumbnailUrl\":\"https:\/\/www.legalvision.fr\/guides-juridiques\/wp-content\/uploads\/2019\/07\/cession-de-la-totalit\u00e9-des-parts-sociales-dune-EURL.jpg\",\"articleSection\":[\"EURL\"],\"inLanguage\":\"fr-FR\",\"potentialAction\":[{\"@type\":\"CommentAction\",\"name\":\"Comment\",\"target\":[\"https:\/\/www.legalvision.fr\/guides-juridiques\/eurl\/cession-de-la-totalite-des-parts-sociales-d-une-eurl\/#respond\"]}]},{\"@type\":\"WebPage\",\"@id\":\"https:\/\/www.legalvision.fr\/guides-juridiques\/eurl\/cession-de-la-totalite-des-parts-sociales-d-une-eurl\/\",\"url\":\"https:\/\/www.legalvision.fr\/guides-juridiques\/eurl\/cession-de-la-totalite-des-parts-sociales-d-une-eurl\/\",\"name\":\"Cession de la totalit\u00e9 des parts sociales d'une EURL : Mode d'emploi\",\"isPartOf\":{\"@id\":\"https:\/\/www.legalvision.fr\/guides-juridiques\/#website\"},\"primaryImageOfPage\":{\"@id\":\"https:\/\/www.legalvision.fr\/guides-juridiques\/eurl\/cession-de-la-totalite-des-parts-sociales-d-une-eurl\/#primaryimage\"},\"image\":{\"@id\":\"https:\/\/www.legalvision.fr\/guides-juridiques\/eurl\/cession-de-la-totalite-des-parts-sociales-d-une-eurl\/#primaryimage\"},\"thumbnailUrl\":\"https:\/\/www.legalvision.fr\/guides-juridiques\/wp-content\/uploads\/2019\/07\/cession-de-la-totalit\u00e9-des-parts-sociales-dune-EURL.jpg\",\"datePublished\":\"2019-07-25T06:30:51+00:00\",\"dateModified\":\"2023-11-22T13:42:40+00:00\",\"description\":\"La cession de la totalit\u00e9 des parts sociales d'une EURL ob\u00e9it \u00e0 un ensemble de r\u00e8gles conditionnant sa validit\u00e9 et son opposabilit\u00e9...\",\"breadcrumb\":{\"@id\":\"https:\/\/www.legalvision.fr\/guides-juridiques\/eurl\/cession-de-la-totalite-des-parts-sociales-d-une-eurl\/#breadcrumb\"},\"inLanguage\":\"fr-FR\",\"potentialAction\":[{\"@type\":\"ReadAction\",\"target\":[\"https:\/\/www.legalvision.fr\/guides-juridiques\/eurl\/cession-de-la-totalite-des-parts-sociales-d-une-eurl\/\"]}]},{\"@type\":\"ImageObject\",\"inLanguage\":\"fr-FR\",\"@id\":\"https:\/\/www.legalvision.fr\/guides-juridiques\/eurl\/cession-de-la-totalite-des-parts-sociales-d-une-eurl\/#primaryimage\",\"url\":\"https:\/\/www.legalvision.fr\/guides-juridiques\/wp-content\/uploads\/2019\/07\/cession-de-la-totalit\u00e9-des-parts-sociales-dune-EURL.jpg\",\"contentUrl\":\"https:\/\/www.legalvision.fr\/guides-juridiques\/wp-content\/uploads\/2019\/07\/cession-de-la-totalit\u00e9-des-parts-sociales-dune-EURL.jpg\",\"width\":958,\"height\":350,\"caption\":\"cession de la totalit\u00e9 des parts sociales d'une EURL\"},{\"@type\":\"BreadcrumbList\",\"@id\":\"https:\/\/www.legalvision.fr\/guides-juridiques\/eurl\/cession-de-la-totalite-des-parts-sociales-d-une-eurl\/#breadcrumb\",\"itemListElement\":[{\"@type\":\"ListItem\",\"position\":1,\"name\":\"Accueil\",\"item\":\"https:\/\/www.legalvision.fr\/guides-juridiques\/\"},{\"@type\":\"ListItem\",\"position\":2,\"name\":\"EURL\",\"item\":\"https:\/\/www.legalvision.fr\/guides-juridiques\/eurl\/\"},{\"@type\":\"ListItem\",\"position\":3,\"name\":\"Cession de la totalit\u00e9 des parts sociales d&rsquo;une EURL : Mode d&#8217;emploi\"}]},{\"@type\":\"WebSite\",\"@id\":\"https:\/\/www.legalvision.fr\/guides-juridiques\/#website\",\"url\":\"https:\/\/www.legalvision.fr\/guides-juridiques\/\",\"name\":\"Guides juridiques\",\"description\":\"L&#039;information juridique \u00e0 destination des entreprises et TPE\",\"publisher\":{\"@id\":\"https:\/\/www.legalvision.fr\/guides-juridiques\/#organization\"},\"potentialAction\":[{\"@type\":\"SearchAction\",\"target\":{\"@type\":\"EntryPoint\",\"urlTemplate\":\"https:\/\/www.legalvision.fr\/guides-juridiques\/?s={search_term_string}\"},\"query-input\":{\"@type\":\"PropertyValueSpecification\",\"valueRequired\":true,\"valueName\":\"search_term_string\"}}],\"inLanguage\":\"fr-FR\"},{\"@type\":\"Organization\",\"@id\":\"https:\/\/www.legalvision.fr\/guides-juridiques\/#organization\",\"name\":\"Guides juridiques\",\"url\":\"https:\/\/www.legalvision.fr\/guides-juridiques\/\",\"logo\":{\"@type\":\"ImageObject\",\"inLanguage\":\"fr-FR\",\"@id\":\"https:\/\/www.legalvision.fr\/guides-juridiques\/#\/schema\/logo\/image\/\",\"url\":\"https:\/\/www.legalvision.fr\/guides-juridiques\/wp-content\/uploads\/2022\/10\/LV-Logotype.png\",\"contentUrl\":\"https:\/\/www.legalvision.fr\/guides-juridiques\/wp-content\/uploads\/2022\/10\/LV-Logotype.png\",\"width\":647,\"height\":125,\"caption\":\"Guides juridiques\"},\"image\":{\"@id\":\"https:\/\/www.legalvision.fr\/guides-juridiques\/#\/schema\/logo\/image\/\"}},{\"@type\":\"Person\",\"@id\":\"https:\/\/www.legalvision.fr\/guides-juridiques\/#\/schema\/person\/874098fe1d9ec36f4578fa4dd0083d3c\",\"name\":\"Zineb MORABITE\",\"image\":{\"@type\":\"ImageObject\",\"inLanguage\":\"fr-FR\",\"@id\":\"https:\/\/www.legalvision.fr\/guides-juridiques\/#\/schema\/person\/image\/\",\"url\":\"https:\/\/www.legalvision.fr\/guides-juridiques\/wp-content\/uploads\/2023\/07\/Femm21-96x96.png\",\"contentUrl\":\"https:\/\/www.legalvision.fr\/guides-juridiques\/wp-content\/uploads\/2023\/07\/Femm21-96x96.png\",\"caption\":\"Zineb MORABITE\"},\"description\":\"Zineb est juriste au sein de LegalVision. Titulaire du M2 Fusions-Acquisitions \u00e0 l'Universit\u00e9 Paris Saclay, elle s'int\u00e9resse tout particuli\u00e8rement au droit des soci\u00e9t\u00e9s et au monde des start-up.\",\"url\":\"https:\/\/www.legalvision.fr\/guides-juridiques\/author\/zineb-morabite\/\"}]}<\/script>\n<!-- \/ Yoast SEO plugin. -->","yoast_head_json":{"title":"Cession de la totalit\u00e9 des parts sociales d'une EURL : Mode d'emploi","description":"La cession de la totalit\u00e9 des parts sociales d'une EURL ob\u00e9it \u00e0 un ensemble de r\u00e8gles conditionnant sa validit\u00e9 et son opposabilit\u00e9...","robots":{"index":"index","follow":"follow","max-snippet":"max-snippet:-1","max-image-preview":"max-image-preview:large","max-video-preview":"max-video-preview:-1"},"canonical":"https:\/\/www.legalvision.fr\/guides-juridiques\/eurl\/cession-de-la-totalite-des-parts-sociales-d-une-eurl\/","og_locale":"fr_FR","og_type":"article","og_title":"Cession de la totalit\u00e9 des parts sociales d'une EURL : Mode d'emploi","og_description":"La cession de la totalit\u00e9 des parts sociales d'une EURL ob\u00e9it \u00e0 un ensemble de r\u00e8gles conditionnant sa validit\u00e9 et son opposabilit\u00e9...","og_url":"https:\/\/www.legalvision.fr\/guides-juridiques\/eurl\/cession-de-la-totalite-des-parts-sociales-d-une-eurl\/","og_site_name":"Guides juridiques","article_published_time":"2019-07-25T06:30:51+00:00","article_modified_time":"2023-11-22T13:42:40+00:00","og_image":[{"width":958,"height":350,"url":"https:\/\/www.legalvision.fr\/guides-juridiques\/wp-content\/uploads\/2019\/07\/cession-de-la-totalit\u00e9-des-parts-sociales-dune-EURL.jpg","type":"image\/jpeg"}],"author":"Zineb MORABITE","twitter_card":"summary_large_image","twitter_misc":{"\u00c9crit par":"Zineb MORABITE","Dur\u00e9e de lecture estim\u00e9e":"9 minutes"},"schema":{"@context":"https:\/\/schema.org","@graph":[{"@type":"Article","@id":"https:\/\/www.legalvision.fr\/guides-juridiques\/eurl\/cession-de-la-totalite-des-parts-sociales-d-une-eurl\/#article","isPartOf":{"@id":"https:\/\/www.legalvision.fr\/guides-juridiques\/eurl\/cession-de-la-totalite-des-parts-sociales-d-une-eurl\/"},"author":{"name":"Zineb MORABITE","@id":"https:\/\/www.legalvision.fr\/guides-juridiques\/#\/schema\/person\/874098fe1d9ec36f4578fa4dd0083d3c"},"headline":"Cession de la totalit\u00e9 des parts sociales d&rsquo;une EURL : Mode d&#8217;emploi","datePublished":"2019-07-25T06:30:51+00:00","dateModified":"2023-11-22T13:42:40+00:00","mainEntityOfPage":{"@id":"https:\/\/www.legalvision.fr\/guides-juridiques\/eurl\/cession-de-la-totalite-des-parts-sociales-d-une-eurl\/"},"wordCount":1760,"commentCount":0,"publisher":{"@id":"https:\/\/www.legalvision.fr\/guides-juridiques\/#organization"},"image":{"@id":"https:\/\/www.legalvision.fr\/guides-juridiques\/eurl\/cession-de-la-totalite-des-parts-sociales-d-une-eurl\/#primaryimage"},"thumbnailUrl":"https:\/\/www.legalvision.fr\/guides-juridiques\/wp-content\/uploads\/2019\/07\/cession-de-la-totalit\u00e9-des-parts-sociales-dune-EURL.jpg","articleSection":["EURL"],"inLanguage":"fr-FR","potentialAction":[{"@type":"CommentAction","name":"Comment","target":["https:\/\/www.legalvision.fr\/guides-juridiques\/eurl\/cession-de-la-totalite-des-parts-sociales-d-une-eurl\/#respond"]}]},{"@type":"WebPage","@id":"https:\/\/www.legalvision.fr\/guides-juridiques\/eurl\/cession-de-la-totalite-des-parts-sociales-d-une-eurl\/","url":"https:\/\/www.legalvision.fr\/guides-juridiques\/eurl\/cession-de-la-totalite-des-parts-sociales-d-une-eurl\/","name":"Cession de la totalit\u00e9 des parts sociales d'une EURL : Mode d'emploi","isPartOf":{"@id":"https:\/\/www.legalvision.fr\/guides-juridiques\/#website"},"primaryImageOfPage":{"@id":"https:\/\/www.legalvision.fr\/guides-juridiques\/eurl\/cession-de-la-totalite-des-parts-sociales-d-une-eurl\/#primaryimage"},"image":{"@id":"https:\/\/www.legalvision.fr\/guides-juridiques\/eurl\/cession-de-la-totalite-des-parts-sociales-d-une-eurl\/#primaryimage"},"thumbnailUrl":"https:\/\/www.legalvision.fr\/guides-juridiques\/wp-content\/uploads\/2019\/07\/cession-de-la-totalit\u00e9-des-parts-sociales-dune-EURL.jpg","datePublished":"2019-07-25T06:30:51+00:00","dateModified":"2023-11-22T13:42:40+00:00","description":"La cession de la totalit\u00e9 des parts sociales d'une EURL ob\u00e9it \u00e0 un ensemble de r\u00e8gles conditionnant sa validit\u00e9 et son opposabilit\u00e9...","breadcrumb":{"@id":"https:\/\/www.legalvision.fr\/guides-juridiques\/eurl\/cession-de-la-totalite-des-parts-sociales-d-une-eurl\/#breadcrumb"},"inLanguage":"fr-FR","potentialAction":[{"@type":"ReadAction","target":["https:\/\/www.legalvision.fr\/guides-juridiques\/eurl\/cession-de-la-totalite-des-parts-sociales-d-une-eurl\/"]}]},{"@type":"ImageObject","inLanguage":"fr-FR","@id":"https:\/\/www.legalvision.fr\/guides-juridiques\/eurl\/cession-de-la-totalite-des-parts-sociales-d-une-eurl\/#primaryimage","url":"https:\/\/www.legalvision.fr\/guides-juridiques\/wp-content\/uploads\/2019\/07\/cession-de-la-totalit\u00e9-des-parts-sociales-dune-EURL.jpg","contentUrl":"https:\/\/www.legalvision.fr\/guides-juridiques\/wp-content\/uploads\/2019\/07\/cession-de-la-totalit\u00e9-des-parts-sociales-dune-EURL.jpg","width":958,"height":350,"caption":"cession de la totalit\u00e9 des parts sociales d'une EURL"},{"@type":"BreadcrumbList","@id":"https:\/\/www.legalvision.fr\/guides-juridiques\/eurl\/cession-de-la-totalite-des-parts-sociales-d-une-eurl\/#breadcrumb","itemListElement":[{"@type":"ListItem","position":1,"name":"Accueil","item":"https:\/\/www.legalvision.fr\/guides-juridiques\/"},{"@type":"ListItem","position":2,"name":"EURL","item":"https:\/\/www.legalvision.fr\/guides-juridiques\/eurl\/"},{"@type":"ListItem","position":3,"name":"Cession de la totalit\u00e9 des parts sociales d&rsquo;une EURL : Mode d&#8217;emploi"}]},{"@type":"WebSite","@id":"https:\/\/www.legalvision.fr\/guides-juridiques\/#website","url":"https:\/\/www.legalvision.fr\/guides-juridiques\/","name":"Guides juridiques","description":"L&#039;information juridique \u00e0 destination des entreprises et TPE","publisher":{"@id":"https:\/\/www.legalvision.fr\/guides-juridiques\/#organization"},"potentialAction":[{"@type":"SearchAction","target":{"@type":"EntryPoint","urlTemplate":"https:\/\/www.legalvision.fr\/guides-juridiques\/?s={search_term_string}"},"query-input":{"@type":"PropertyValueSpecification","valueRequired":true,"valueName":"search_term_string"}}],"inLanguage":"fr-FR"},{"@type":"Organization","@id":"https:\/\/www.legalvision.fr\/guides-juridiques\/#organization","name":"Guides juridiques","url":"https:\/\/www.legalvision.fr\/guides-juridiques\/","logo":{"@type":"ImageObject","inLanguage":"fr-FR","@id":"https:\/\/www.legalvision.fr\/guides-juridiques\/#\/schema\/logo\/image\/","url":"https:\/\/www.legalvision.fr\/guides-juridiques\/wp-content\/uploads\/2022\/10\/LV-Logotype.png","contentUrl":"https:\/\/www.legalvision.fr\/guides-juridiques\/wp-content\/uploads\/2022\/10\/LV-Logotype.png","width":647,"height":125,"caption":"Guides juridiques"},"image":{"@id":"https:\/\/www.legalvision.fr\/guides-juridiques\/#\/schema\/logo\/image\/"}},{"@type":"Person","@id":"https:\/\/www.legalvision.fr\/guides-juridiques\/#\/schema\/person\/874098fe1d9ec36f4578fa4dd0083d3c","name":"Zineb MORABITE","image":{"@type":"ImageObject","inLanguage":"fr-FR","@id":"https:\/\/www.legalvision.fr\/guides-juridiques\/#\/schema\/person\/image\/","url":"https:\/\/www.legalvision.fr\/guides-juridiques\/wp-content\/uploads\/2023\/07\/Femm21-96x96.png","contentUrl":"https:\/\/www.legalvision.fr\/guides-juridiques\/wp-content\/uploads\/2023\/07\/Femm21-96x96.png","caption":"Zineb MORABITE"},"description":"Zineb est juriste au sein de LegalVision. Titulaire du M2 Fusions-Acquisitions \u00e0 l'Universit\u00e9 Paris Saclay, elle s'int\u00e9resse tout particuli\u00e8rement au droit des soci\u00e9t\u00e9s et au monde des start-up.","url":"https:\/\/www.legalvision.fr\/guides-juridiques\/author\/zineb-morabite\/"}]}},"_links":{"self":[{"href":"https:\/\/www.legalvision.fr\/guides-juridiques\/wp-json\/wp\/v2\/posts\/20484","targetHints":{"allow":["GET"]}}],"collection":[{"href":"https:\/\/www.legalvision.fr\/guides-juridiques\/wp-json\/wp\/v2\/posts"}],"about":[{"href":"https:\/\/www.legalvision.fr\/guides-juridiques\/wp-json\/wp\/v2\/types\/post"}],"author":[{"embeddable":true,"href":"https:\/\/www.legalvision.fr\/guides-juridiques\/wp-json\/wp\/v2\/users\/52"}],"replies":[{"embeddable":true,"href":"https:\/\/www.legalvision.fr\/guides-juridiques\/wp-json\/wp\/v2\/comments?post=20484"}],"version-history":[{"count":27,"href":"https:\/\/www.legalvision.fr\/guides-juridiques\/wp-json\/wp\/v2\/posts\/20484\/revisions"}],"predecessor-version":[{"id":42351,"href":"https:\/\/www.legalvision.fr\/guides-juridiques\/wp-json\/wp\/v2\/posts\/20484\/revisions\/42351"}],"wp:featuredmedia":[{"embeddable":true,"href":"https:\/\/www.legalvision.fr\/guides-juridiques\/wp-json\/wp\/v2\/media\/20493"}],"wp:attachment":[{"href":"https:\/\/www.legalvision.fr\/guides-juridiques\/wp-json\/wp\/v2\/media?parent=20484"}],"wp:term":[{"taxonomy":"category","embeddable":true,"href":"https:\/\/www.legalvision.fr\/guides-juridiques\/wp-json\/wp\/v2\/categories?post=20484"},{"taxonomy":"post_tag","embeddable":true,"href":"https:\/\/www.legalvision.fr\/guides-juridiques\/wp-json\/wp\/v2\/tags?post=20484"}],"curies":[{"name":"wp","href":"https:\/\/api.w.org\/{rel}","templated":true}]}}