{"id":19341,"date":"2019-07-29T07:30:55","date_gmt":"2019-07-29T06:30:55","guid":{"rendered":"https:\/\/blog.legalvision.fr\/?p=19341"},"modified":"2022-03-27T21:20:52","modified_gmt":"2022-03-27T19:20:52","slug":"allocation-chomage-conditions-et-montant","status":"publish","type":"post","link":"https:\/\/www.legalvision.fr\/guides-juridiques\/droit-du-travail\/allocation-chomage-conditions-et-montant\/","title":{"rendered":"Tout savoir sur l&rsquo;allocation ch\u00f4mage : le guide de Legalvision"},"content":{"rendered":"<div class=\"row resource__chapo\">\n<div class=\"col-9\">\n<div class=\"page-chapo\">\n<div class=\"field field--name-field-u-head field--type-string-long field--label-hidden field__item\">\n<strong>L&rsquo;allocation ch\u00f4mage, ou allocation d\u2019aide au retour \u00e0 l\u2019emploi (ARE)<\/strong> est destin\u00e9e \u00e0 garantir un revenu de remplacement aux salari\u00e9s involontairement priv\u00e9s d\u2019emploi qui en remplissent les conditions.<\/div>\n<\/div>\n<\/div>\n<\/div>\n<div class=\"field field--name-field-u-head field--type-string-long field--label-hidden field__item\">\n<p><strong>L\u2019aide au retour \u00e0 l\u2019emploi est une aide financi\u00e8re<\/strong>\u00a0octroy\u00e9e si une personne exerce une activit\u00e9 professionnelle tout en d\u00e9clarant \u00eatre \u00e0 la recherche d\u2019un emploi. L\u2019int\u00e9r\u00eat de cette aide est de pouvoir\u00a0<strong>cumuler cette allocation ch\u00f4mage avec les revenus d\u2019activit\u00e9 professionnelle<\/strong>. Les conditions varient cependant, en fonction, de si vous exercez ou non une activit\u00e9 salari\u00e9e.<\/p>\n<\/div>\n<div class=\"field field--name-field-u-head field--type-string-long field--label-hidden field__item\">De plus, l\u2019Etat souhaitant inciter les entrepreneurs\u00a0<strong>\u00e0 cr\u00e9er leur entreprise<\/strong>, des aides ont plus particuli\u00e8rement \u00e9t\u00e9 cr\u00e9\u00e9es pour les ch\u00f4meurs futurs cr\u00e9ateurs d\u2019entreprise\u00a0comme par exemple l&rsquo;ARCE ou encore l&rsquo;ACRE,<\/div>\n<div class=\"field field--name-field-u-head field--type-string-long field--label-hidden field__item\"><\/div>\n<div class=\"field field--name-field-u-head field--type-string-long field--label-hidden field__item\">Conditions, d\u00e9marches, fin de droits ou alternatives, <a href=\"https:\/\/www.legalvision.fr\/contactez-nous\/\">Legalvision <\/a>vous explique tout.<\/div>\n<div class=\"field field--name-field-u-head field--type-string-long field--label-hidden field__item\">\n<h3>Sommaire<\/h3>\n<p><strong><a href=\"#I\">\u00a0Les conditions d&rsquo;attribution de l&rsquo;allocation ch\u00f4mage<br \/>\n<\/a><\/strong><strong><a href=\"#II\">\/\u00a0L&rsquo;obtention de l\u2019allocation ch\u00f4mage en pratique<br \/>\n<\/a><\/strong><strong><a href=\"#III\">\u00a0Le fonctionnement de l&rsquo;allocation ch\u00f4mage<br \/>\n<\/a><\/strong><strong><a href=\"#IV\">\u00a0Cr\u00e9ation d\u2019entreprise et allocation ch\u00f4mage<br \/>\n<\/a><\/strong><strong><a href=\"#V\">\u00a0La fin du versement de l&rsquo;allocation ch\u00f4mage, que faire\u00a0?<\/a><\/strong><\/p>\n<\/div>\n<div class=\"wp-block-button\" style=\"text-align:center;\"><a class=\"wp-block-button__link has-background\" href=\"https:\/\/www.legalvision.fr\/tous-les-services\/\">Voir les services LegalVision<\/a><\/div>\n<h2 id=\"I\">Les conditions d&rsquo;attribution de l&rsquo;allocation ch\u00f4mage<\/h2>\n<h3>La p\u00e9riode d&rsquo;affiliation<\/h3>\n<p>D&rsquo;abord, pour avoir droit \u00e0 l&rsquo;allocation ch\u00f4mage, les salari\u00e9s priv\u00e9s d&#8217;emploi doivent justifier d&rsquo;une p\u00e9riode d&rsquo;affiliation minimale.<\/p>\n<p>Cette p\u00e9riode doit \u00eatre au moins \u00e9gale \u00e0 88 jours travaill\u00e9s (quatre mois) ou \u00e0 610 heures de travail au cours des 28 mois pr\u00e9c\u00e9dant la fin du contrat de travail. Pour les salari\u00e9s \u00e2g\u00e9s de 53 ans, la p\u00e9riode d\u2019activit\u00e9 se calcule sur les 36 derniers mois,<\/p>\n<p>Ensuite, pour appr\u00e9cier la condition d&rsquo;affiliation, on prend en compte la date de rupture du contrat de travail. <strong>La fin du contrat correspond au terme du pr\u00e9avis<\/strong>.<\/p>\n<p><span style=\"text-decoration: underline;\"><strong>Attention\u00a0:<\/strong><\/span>\u00a0vous avez 12 mois apr\u00e8s la fin de votre contrat de travail pour vous inscrire \u00e0 P\u00f4le emploi et faire valoir vos droits \u00e0 l&rsquo;allocation ch\u00f4mage.<\/p>\n<h3>Les ruptures prises en compte<\/h3>\n<p>Afin de\u00a0b\u00e9n\u00e9ficier de l&rsquo;allocation ch\u00f4mage, il faut \u00eatre involontairement priv\u00e9 d&#8217;emploi, c&rsquo;est-\u00e0-dire \u00eatre licenci\u00e9. M\u00eame en cas de licenciement pour faute grave ou lourde, le salari\u00e9 est consid\u00e9r\u00e9 comme\u00a0involontairement priv\u00e9 d&#8217;emploi.<\/p>\n<p>En outre, est \u00e9galement assimil\u00e9 \u00e0 une privation d&#8217;emploi, la cessation du contrat qui r\u00e9sulte d&rsquo;une :<\/p>\n<ul>\n<li>Rupture conventionnelle homologu\u00e9e ;<\/li>\n<li>Rupture d&rsquo;un commun accord dans le cadre d&rsquo;un accord collectif portant cong\u00e9 de mobilit\u00e9 ou rupture conventionnelle collective ;<\/li>\n<li>Fin de CDD ;<\/li>\n<li>D\u00e9mission consid\u00e9r\u00e9e comme l\u00e9gitime ;<\/li>\n<li>Rupture de contrat de travail pour motif \u00e9conomique, notamment d\u00e9part n\u00e9goci\u00e9 ;<\/li>\n<li>Prise d&rsquo;acte de la rupture produisant les effets d&rsquo;un licenciement. Dans l&rsquo;attente du jugement, la demande d&rsquo;allocations est cependant rejet\u00e9e\u00a0 ;<\/li>\n<li>Fin ou d&rsquo;une r\u00e9siliation anticip\u00e9e d&rsquo;un contrat d&rsquo;apprentissage.<\/li>\n<\/ul>\n<h3>Les conditions tenant \u00e0 la personne<\/h3>\n<p>Afin de b\u00e9n\u00e9ficier de l&rsquo;allocation ch\u00f4mage, les demandeurs d&#8217;emploi doivent \u00eatre physiquement aptes \u00e0 l&rsquo;exercice d&rsquo;un emploi. Cette condition est pr\u00e9sum\u00e9e remplie d\u00e8s lors qu&rsquo;ils sont inscrits sur la liste des demandeurs d&#8217;emploi.<\/p>\n<p>De plus, les demandeurs d&#8217;emploi ne doivent pas non plus avoir atteint l&rsquo;\u00e2ge l\u00e9gal de d\u00e9part \u00e0 la retraite, c\u2019est-\u00e0-dire 62 ans ou b\u00e9n\u00e9ficier d&rsquo;une retraite anticip\u00e9e.<\/p>\n<p>Enfin, pour pr\u00e9tendre au b\u00e9n\u00e9fice de l&rsquo;allocation de ch\u00f4mage les personnes inscrites comme demandeurs d&#8217;emploi doivent \u00eatre \u00e0 la recherche effective et permanente d&rsquo;un emploi. Sinon elles peuvent \u00e9galement suivre une action de formation inscrite dans le projet personnalis\u00e9 d&rsquo;acc\u00e8s \u00e0 l&#8217;emploi (PPAE).<\/p>\n<h2 id=\"II\">L&rsquo;obtention de l\u2019allocation ch\u00f4mage en pratique<\/h2>\n<h3>\n<strong>Les d\u00e9marches aupr\u00e8s de P\u00f4le emploi pour l<\/strong>&lsquo;obtention de l\u2019allocation ch\u00f4mage<\/h3>\n<h4>L&rsquo;inscription sur liste demandeur d\u2019emploi<\/h4>\n<p>Pour\u00a0pouvoir b\u00e9n\u00e9ficier des allocations, les salari\u00e9s priv\u00e9s d&#8217;emploi doivent :<\/p>\n<ul>\n<li>\u00eatre inscrits sur la liste des demandeurs d&#8217;emploi,<\/li>\n<li>ou accomplir une action de formation inscrite dans le projet personnalis\u00e9 d&rsquo;acc\u00e8s \u00e0 l&#8217;emploi.<\/li>\n<\/ul>\n<p>L&rsquo;inscription sur la liste des demandeurs d&#8217;emploi s&rsquo;effectue directement sur <a href=\"https:\/\/www.pole-emploi.fr\/accueil\/\">www.pole-emploi.fr<\/a>.<\/p>\n<p>Par ailleurs, la personne doit y d\u00e9clarer sa domiciliation et transmettre les informations permettant de proc\u00e9der \u00e0 son identification.<\/p>\n<h4>La recherche effective d&#8217;emploi<\/h4>\n<p>Pour satisfaire la condition de recherche d&#8217;emploi les int\u00e9ress\u00e9s doivent accomplir, de mani\u00e8re permanente,\u00a0aussi bien\u00a0sur proposition de P\u00f4le emploi que de leur propre initiative, des actes positifs et r\u00e9p\u00e9t\u00e9s pour retrouver un emploi ou cr\u00e9er, reprendre ou d\u00e9velopper une entreprise.<\/p>\n<p>Ainsi, ces d\u00e9marches doivent pr\u00e9senter un <strong>caract\u00e8re r\u00e9el et s\u00e9rieux<\/strong>, appr\u00e9ci\u00e9 compte tenu de la situation du demandeur d&#8217;emploi et de la situation du march\u00e9 du travail local.<\/p>\n<p>Afin d&rsquo;appr\u00e9cier le caract\u00e8re plus ou moins actif de la recherche d&#8217;emploi, les agents de contr\u00f4le de P\u00f4le emploi peuvent demander aux demandeurs d&#8217;emploi de produire des \u00ab\u00a0justificatifs\u00a0\u00bb.<\/p>\n<p>Ces pi\u00e8ces peuvent \u00eatre les candidatures envoy\u00e9es, les relev\u00e9s de d\u00e9marches sur Internet, ou encore les justificatifs de participation \u00e0 des sessions d&rsquo;aide \u00e0 la recherche d&#8217;emploi.<\/p>\n<p>Attention, puisque l&rsquo;absence de recherche active d&#8217;emploi est passible de sanctions. Une r\u00e9duction des allocations voire une radiation de P\u00f4le emploi est notamment possible.<\/p>\n<h4><strong>La demande d\u2019allocation ch\u00f4mage<\/strong><\/h4>\n<p>Le versement\u00a0de l&rsquo;allocation ch\u00f4mage est subordonn\u00e9 \u00e0 la signature d&rsquo;une <strong>demande d&rsquo;allocation<\/strong>. Cette signature est en principe effectu\u00e9e lors de l&rsquo;inscription comme demandeur d&#8217;emploi.<\/p>\n<p>Toutefois, le cas \u00e9ch\u00e9ant, cette demande\u00a0peut \u00eatre d\u00e9pos\u00e9e aupr\u00e8s de P\u00f4le emploi dans les\u00a0deux ans suivant cette inscription.<\/p>\n<p><strong>Rappelons que l\u2019inscription \u00e0 P\u00f4le emploi doit se faire au plus tard un an\u00a0 au plus tard apr\u00e8s la rupture du contrat de travail.<\/strong><\/p>\n<p>Lors de l&rsquo;ouverture des droits \u00e0 indemnisation, P\u00f4le emploi est tenu de d\u00e9livrer aux demandeurs d&#8217;emploi une information compl\u00e8te et personnalis\u00e9e sur leurs droits aux allocations.<\/p>\n<h2 id=\"III\">Le fonctionnement de l&rsquo;allocation ch\u00f4mage<\/h2>\n<h3><strong>La dur\u00e9e d&rsquo;indemnisation<\/strong><\/h3>\n<p><strong>La dur\u00e9e d&rsquo;indemnisation correspond en principe \u00e0 la dur\u00e9e d&rsquo;affiliation.<\/strong><\/p>\n<p>La p\u00e9riode de versement de l\u2019allocation ch\u00f4mage d\u00e9pend de votre dur\u00e9e d&rsquo;affiliation lors des 28 derniers mois. Ainsi, pour une affiliation\u00a0de\u00a0:<\/p>\n<ul>\n<li>\n<strong>Moins de quatre mois<\/strong>, il n&rsquo;y a pas d&rsquo;indemnisation ;<\/li>\n<li>\n<strong>Entre quatre mois et\u00a0deux ans<\/strong>, la dur\u00e9e d&rsquo;indemnisation correspond \u00e0 la dur\u00e9e d&#8217;emploi ;<\/li>\n<li>\n<strong>Plus de deux ans<\/strong>, la dur\u00e9e d&rsquo;indemnisation est de deux ans (730 jours).<\/li>\n<\/ul>\n<h3><strong>Le calcul de l&rsquo;allocation ch\u00f4mage<\/strong><\/h3>\n<p>L\u2019allocation ch\u00f4mage est calcul\u00e9e en fonction des r\u00e9mun\u00e9rations per\u00e7ues par le salari\u00e9 dans les 12 derniers mois (salaire de r\u00e9f\u00e9rence). S&rsquo;y ajoute, le cas \u00e9ch\u00e9ant, une partie fixe.<\/p>\n<p><strong>L&rsquo;allocation ch\u00f4mage ne peut pas exc\u00e9der le montant net du salaire ant\u00e9rieurement per\u00e7u.<\/strong> Elle est fix\u00e9e de fa\u00e7on journali\u00e8re.<\/p>\n<h4><strong>La p\u00e9riode de r\u00e9f\u00e9rence<\/strong><\/h4>\n<p>En principe, la p\u00e9riode de r\u00e9f\u00e9rence est constitu\u00e9e des 12 mois civils pr\u00e9c\u00e9dant le dernier jour de travail pay\u00e9 \u00e0 l&rsquo;int\u00e9ress\u00e9, aupr\u00e8s d&rsquo;un ou plusieurs employeurs. Si elle ne peut pas \u00eatre prolong\u00e9e, elle peut \u00eatre d\u00e9cal\u00e9e dans certaines situations.<\/p>\n<h4><strong>Le salaire de r\u00e9f\u00e9rence<\/strong><\/h4>\n<p>Le salaire de r\u00e9f\u00e9rence est constitu\u00e9 des r\u00e9mun\u00e9rations brutes effectivement per\u00e7ues par le salari\u00e9, aff\u00e9rentes \u00e0 la p\u00e9riode de r\u00e9f\u00e9rence (m\u00eame si elles ont \u00e9t\u00e9 per\u00e7ues en dehors de cette p\u00e9riode), qui trouvent leur contrepartie dans l&rsquo;ex\u00e9cution normale du contrat de travail et correspondent \u00e0 la r\u00e9mun\u00e9ration habituelle du salari\u00e9. Ainsi, l\u2019indemnit\u00e9 compensatrice pour jours de RTT non pris est prise en compte dans le calcul.<\/p>\n<h3><strong>Le montant de l&rsquo;allocation journali\u00e8re<\/strong><\/h3>\n<p>Le montant journalier <strong>brut<\/strong> de l\u2019allocation ch\u00f4mage est \u00e9gal au <strong>montant le plus \u00e9lev\u00e9 entre<\/strong> :<\/p>\n<ul>\n<li>40,4 % du salaire journalier de r\u00e9f\u00e9rence auquel s&rsquo;ajoute une partie fixe revaloris\u00e9e chaque ann\u00e9e au 1<sup>er<\/sup> juillet (12 \u20ac en 2019) ;<\/li>\n<li>57 % du salaire journalier de r\u00e9f\u00e9rence.<\/li>\n<\/ul>\n<p><strong>Ce montant ne peut \u00eatre ni inf\u00e9rieur \u00e0 une allocation minimale revaloris\u00e9e chaque ann\u00e9e au 1<sup>er<\/sup> juillet (12 \u20ac en 2019) ni exc\u00e9der 75 % du salaire journalier de r\u00e9f\u00e9rence.<\/strong><\/p>\n<p class=\"page-title page-title--small page-title--pink\"><a href=\"https:\/\/www.unedic.org\/espace-presse\/actualites\/les-allocations-dassurance-chomage-sont-revalorisees-de-070-partir-du-0?utm_source=Lettre+d%27information+de+l%27Un%C3%A9dic&amp;utm_campaign=f1c95c7927-EMAIL_CAMPAIGN_2019_06_26_11_43&amp;utm_medium=email&amp;utm_term=0_5f5d259780-f1c95c7927-339234221\"><span class=\"field field--name-title field--type-string field--label-hidden\">Au\u00a0<\/span>1<sup>er\u00a0<\/sup><span class=\"field field--name-title field--type-string field--label-hidden\">juillet 2019, les allocations d\u2019assurance ch\u00f4mage ont \u00e9t\u00e9 revaloris\u00e9es de 0,70 %.\u00a0<\/span><\/a><\/p>\n<p><strong><u>A noter\u00a0:<\/u><\/strong>\u00a0le montant <strong>net<\/strong> de l\u2019allocation ch\u00f4mage ne peut pas \u00eatre inf\u00e9rieur \u00e0 29,26 \u20ac.<\/p>\n<h3><strong>Le d\u00e9lai versement de l&rsquo;allocation ch\u00f4mage<\/strong><\/h3>\n<h4>Point de d\u00e9part<\/h4>\n<p>Le point de d\u00e9part du versement des allocations est fix\u00e9 au lendemain de la fin du contrat de travail, c\u2019est-\u00e0-dire le terme du pr\u00e9avis. N\u00e9anmoins, il existe des diff\u00e9r\u00e9s d&rsquo;indemnisation et un d\u00e9lai d&rsquo;attente.<\/p>\n<p>M\u00eame, lorsque le salari\u00e9 renonce volontairement \u00e0 son pr\u00e9avis et \u00e0 l&rsquo;indemnit\u00e9 compensatrice, le point de d\u00e9part du versement est report\u00e9 \u00e0 l&rsquo;expiration de la date de la fin th\u00e9orique du pr\u00e9avis.<\/p>\n<p>Le<strong> d\u00e9lai d\u2019attente <\/strong>est incompressible et est fix\u00e9 \u00e0<strong> sept jours.<\/strong><\/p>\n<h4><strong>Les diff\u00e9r\u00e9s d&rsquo;indemnisation<\/strong><\/h4>\n<h5><strong>Le diff\u00e9r\u00e9 d&rsquo;indemnisation cong\u00e9s pay\u00e9s<\/strong><\/h5>\n<p>Le diff\u00e9r\u00e9 d&rsquo;indemnisation est pr\u00e9vu si le dernier employeur a vers\u00e9 au salari\u00e9 une indemnit\u00e9 compensatrice de cong\u00e9s pay\u00e9s lors de son d\u00e9part.<\/p>\n<p>Ce diff\u00e9r\u00e9 est d\u00e9termin\u00e9 en divisant le montant de cette indemnit\u00e9 compensatrice par le salaire journalier de r\u00e9f\u00e9rence. Le r\u00e9sultat obtenu donne le nombre de jours de diff\u00e9r\u00e9. Si le r\u00e9sultat obtenu n&rsquo;est pas un nombre entier, il est arrondi au nombre entier sup\u00e9rieur.<\/p>\n<p><span style=\"text-decoration: underline;\">Exemple\u00a0:<\/span> \u00a0si vous avez per\u00e7u une indemnit\u00e9 compensatrice de cong\u00e9s pay\u00e9s de 800 \u20ac, et que votre salaire journalier de r\u00e9f\u00e9rence est fix\u00e9 \u00e0 150 \u20ac, le calcul est le suivant : 800\/150 = 5,33, ramen\u00e9 \u00e0 six jours de diff\u00e9r\u00e9 d&rsquo;indemnisation<\/p>\n<h5><strong>Le diff\u00e9r\u00e9 sp\u00e9cifique d&rsquo;indemnisation<\/strong><\/h5>\n<p>Lorsque vous percevez des indemnit\u00e9s de rupture de contrat en plus des indemnit\u00e9s d&rsquo;origine l\u00e9gale, un diff\u00e9r\u00e9 sp\u00e9cifique d&rsquo;indemnisation est appliqu\u00e9 sur ces sommes.<\/p>\n<p>Ce diff\u00e9r\u00e9 sp\u00e9cifique est applicable, par exemple :<\/p>\n<ul>\n<li>\u00c0 la part de l&rsquo;indemnit\u00e9 conventionnelle de licenciement ou de l&rsquo;indemnit\u00e9 de rupture conventionnelle qui d\u00e9passe le montant de l&rsquo;indemnit\u00e9 l\u00e9gale de licenciement\u00a0;<\/li>\n<li>\u00c0 l&rsquo;indemnit\u00e9 suppl\u00e9mentaire de licenciement dite supra-l\u00e9gale\u00a0;<\/li>\n<li>\u00c0 l&rsquo;indemnit\u00e9 vers\u00e9e en cas de clause de non-concurrence.<\/li>\n<\/ul>\n<p>Ce diff\u00e9r\u00e9 correspond \u00e0 un nombre de jours obtenu en divisant le montant de l&rsquo;indemnit\u00e9 prise en compte par 91,4. Si le r\u00e9sultat obtenu n&rsquo;est pas un nombre entier il est arrondi au nombre entier sup\u00e9rieur.<\/p>\n<p>Enfin, il existe un plafond \u00e0 ce diff\u00e9r\u00e9 d&rsquo;indemnisation sp\u00e9cifique. En effet, il\u00a0ne peut \u00eatre sup\u00e9rieur \u00e0 150 jours calendaires ou \u00e0 75 jours calendaires en cas de licenciement \u00e9conomique.<\/p>\n<p>\u00a0<\/p>\n<p>*<span style=\"text-decoration: underline;\">Exemple\u00a0:<\/span> \u00a0si vous avez per\u00e7u (en plus de l&rsquo;indemnit\u00e9 l\u00e9gale de licenciement) une indemnit\u00e9 supra-l\u00e9gale de 20 000 \u20ac suite \u00e0 la rupture de votre contrat, le diff\u00e9r\u00e9 sp\u00e9cifique d&rsquo;indemnisation est d\u00e9termin\u00e9 ainsi : 10 000\/91,4 = 110 jours. \u00c0 ces 110 jours s&rsquo;ajoutent les 7 jours de d\u00e9lai d&rsquo;attente. Votre indemnisation d\u00e9butera donc au bout de 117 jours.<\/p>\n<h4><strong>La cessation du versement de l&rsquo;allocation ch\u00f4mage<\/strong><\/h4>\n<p>Le versement des allocations cesse au terme de la dur\u00e9e maximale d&rsquo;indemnisation, les allocataires \u00e9tant inform\u00e9s deux mois avant ce terme de la possibilit\u00e9 de b\u00e9n\u00e9ficier de l&rsquo;allocation de solidarit\u00e9 sp\u00e9cifique.<\/p>\n<h3><strong>Le r\u00e9gime fiscal et social de l&rsquo;allocation ch\u00f4mage<\/strong><\/h3>\n<h4>\n<strong>\u00a01.\u00a0<\/strong><strong>R\u00e9gime fiscal<\/strong><br \/>\n<\/h4>\n<p>L\u2019ensemble des allocations vers\u00e9es par l\u2019Assurance ch\u00f4mage est assimil\u00e9 fiscalement \u00e0 des salaires.<\/p>\n<p>D\u00e8s lors,\u00a0 l&rsquo;allocation ch\u00f4mage est imposables sur le revenu.<\/p>\n<h4><strong>R\u00e9gime social<\/strong><\/h4>\n<p>Trois types de retenues peuvent \u00eatre pr\u00e9lev\u00e9s sur l&rsquo;allocation ch\u00f4mage. Il s\u2019agit de la participation au financement de la retraite compl\u00e9mentaire, la CSG, et CRDS.<\/p>\n<p>Le montant de ces pr\u00e9l\u00e8vements sociaux sur les allocations vers\u00e9es par le P\u00f4le Emploi repr\u00e9sente environ 10%.<\/p>\n<h3>Comparatif\u00a0 entre l\u2019allocation ch\u00f4mage et l\u2019allocation de s\u00e9curisation professionnelle<\/h3>\n<p>Lorsqu&rsquo;il est licenci\u00e9 pour motif \u00e9conomique, le salari\u00e9 peut adh\u00e9rer \u00e0 un contrat de s\u00e9curisation professionnelle (CSP). Dans ce cas, il peut pr\u00e9tendre au versement d\u2019une l\u2019allocation de s\u00e9curisation professionnelle (ASP).<\/p>\n<p>Quelles diff\u00e9rences entre l\u2019allocation ch\u00f4mage et l\u2019ASP\u00a0?<\/p>\n<p>Voici un comparatif\u00a0:<\/p>\n<ul>\n<li>L\u2019allocation ch\u00f4mage est vers\u00e9e d\u00e8s 4 mois chez le m\u00eame employeur alors qu\u2019il faut 12 mois pour l\u2019ASP ;<\/li>\n<li>L\u2019allocation ch\u00f4mage est vers\u00e9e pour plus de causes de rupture du contrat de travail. En effet, l\u2019ASP n\u2019est vers\u00e9e qu\u2019en cas de licenciement \u00e9conomique et sous r\u00e9serve d\u2019adh\u00e9rer \u00e0 un contrat de s\u00e9curisation professionnelle (CSP) ;<\/li>\n<li>Le versement de l\u2019ASP peut \u00eatre suspendu temporairement pour certains \u00e9v\u00e9nements.\u00a0Sont ainsi concern\u00e9s\u00a0le cong\u00e9 de maternit\u00e9 ou l&rsquo;arr\u00eat maladie par exemple ;<\/li>\n<li>Le montant ASP est \u00e9gal \u00e0 75 % du salaire journalier brut des 12 derniers mois. <strong>N\u00e9anmoins, son montant ne peut\u00a0exc\u00e9der l\u2019allocation journali\u00e8re brute maximale pr\u00e9vue au titre de l\u2019allocation ch\u00f4mage ;<\/strong>\n<\/li>\n<li>L\u2019ASP ne fait pas l\u2019objet de diff\u00e9r\u00e9 d\u2019indemnisation \u00e0 l\u2019inverse de l\u2019allocation ch\u00f4mage mais le salari\u00e9 doit renoncer \u00e0 son pr\u00e9avis dans la limite de 3 mois ;<\/li>\n<li>Les cotisations sur l\u2019ASP sont bien inf\u00e9rieures (pas de CSG\/CRDS) aux pr\u00e9l\u00e8vements sur les salaires (20-22%). <strong>De ce fait l\u2019ASP vers\u00e9e par P\u00f4le emploi est sensiblement \u00e9quivalente aux derniers salaires.<\/strong>\n<\/li>\n<\/ul>\n<p><span style=\"text-decoration: underline;\">A noter\u00a0:<\/span> des simulations des allocations ASP et de l\u2019allocation ch\u00f4mage peuvent \u00eatre effectu\u00e9es sur le<a href=\"https:\/\/candidat.pole-emploi.fr\/candidat\/simucalcul\/perteemploi\"> site de p\u00f4le-emploi<\/a>.<\/p>\n<h2 id=\"IV\">Cr\u00e9ation d\u2019entreprise et allocation ch\u00f4mage<\/h2>\n<h3><strong>Les personnes concern\u00e9es\u00a0<\/strong><\/h3>\n<p>Une p\u00e9riode de ch\u00f4mage peut \u00e9galement \u00eatre l&rsquo;occasion de d\u00e9velopper un projet entrepreneurial.<\/p>\n<header>Sachez qu&rsquo;il est possible de <strong><a href=\"https:\/\/blog.legalvision.fr\/2019\/06\/06\/reprise-ou-creation-d-entreprise-et-allocation-chomage-tout-savoir\/\">maintenir ses allocations ch\u00f4mage en cr\u00e9ant ou reprenant une entreprise<\/a>.<\/strong><\/header>\n<header><\/header>\n<div class=\"post-single-content box mark-links entry-content\">En outre,\u00a0LegalVision, \u00e0 travers son article, vous aide \u00e0 <a href=\"https:\/\/blog.legalvision.fr\/2019\/03\/21\/comment-monter-une-eurl-au-chomage\/\">monter une EURL au ch\u00f4mage.<\/a>\n<\/div>\n<p>Peuvent pr\u00e9tendre \u00e0 ce m\u00e9canisme\u00a0:<\/p>\n<ul>\n<li>les b\u00e9n\u00e9ficiaires de l\u2019allocation ch\u00f4mage qui cr\u00e9ent ou reprennent une entreprise alors qu\u2019ils sont en cours d\u2019indemnisation ;<\/li>\n<li>les personnes qui ont entam\u00e9 des d\u00e9marches pour cr\u00e9er ou reprendre une entreprise pendant la p\u00e9riode de pr\u00e9avis, leur cong\u00e9 de reclassement ou leur cong\u00e9 de mobilit\u00e9, mais qui cr\u00e9ent ou reprennent une entreprise post\u00e9rieurement \u00e0 leur fin de contrat de travail.<\/li>\n<\/ul>\n<p>En revanche, ne sont pas concern\u00e9s par cette aide, les salari\u00e9s priv\u00e9s d\u2019emploi qui ont repris ou cr\u00e9\u00e9 une entreprise <strong>avant<\/strong> la fin de leur contrat de travail (terme du pr\u00e9avis).<\/p>\n<p>Afin de pouvoir b\u00e9n\u00e9ficier de l\u2019allocation ch\u00f4mage en m\u00eame temps que la cr\u00e9ation ou la reprise d\u2019une entreprise le demandeur d\u2019emploi doit\u00a0:<\/p>\n<ul>\n<li>Remplir l\u2019ensemble des conditions d\u2019attribution de l\u2019allocation ch\u00f4mage ;<\/li>\n<li>Maintenir son inscription \u00e0 P\u00f4le emploi comme demandeur d\u2019emploi\u00a0;<\/li>\n<li>Ne pas d\u00e9j\u00e0 percevoir l\u2019aide \u00e0 la reprise ou cr\u00e9ation d\u2019entreprise (ARCE).<\/li>\n<\/ul>\n<p>D\u00e8s lors, m\u00eame si le demandeur d\u2019emploi g\u00e8re d\u00e9sormais son entreprise, il doit continuer \u00e0 s\u2019actualiser chaque mois aupr\u00e8s de P\u00f4le emploi. Il doit de plus\u00a0continuer de d\u00e9clarer ses revenus afin de pouvoir pr\u00e9tendre \u00e0 l\u2019allocation ch\u00f4mage .<\/p>\n<p>Par ailleurs, l\u2019allocataire doit justifier de la cr\u00e9ation ou reprise d\u2019entreprise, en produisant un justificatif, par exemple, un extrait Kbis.<\/p>\n<p>Il est \u00e9galement possible d&rsquo;<a href=\"https:\/\/blog.legalvision.fr\/2019\/05\/16\/auto-entrepreneur-et-chomage-tous-les-conseils-des-experts\/\">\u00eatre auto entrepreneur et b\u00e9n\u00e9ficier des allocations ch\u00f4mage<\/a>.<\/p>\n<h3><strong>Le versement de l\u2019ARCE<\/strong><\/h3>\n<p>L&rsquo;ARCE correspond au versement des allocations ch\u00f4mages sous forme de capital.<\/p>\n<p>D&rsquo;abord, un premier versement de la moiti\u00e9 du montant de l\u2019ARCE est effectu\u00e9. Ce versement est en principe effectu\u00e9 lorsque l\u2019activit\u00e9 d\u00e9bute. Toutefois, le versement peut avoir lieu \u00e0 la date d\u2019ouverture des droits \u00e0 l\u2019allocation ch\u00f4mage si elle est plus tardive, sous r\u00e9serve, le cas \u00e9ch\u00e9ant, de l\u2019expiration des diff\u00e9r\u00e9s d\u2019indemnisation \u00e9ventuels et du d\u00e9lai d\u2019attente.<\/p>\n<p>Ensuite, le solde de l\u2019ARCE est vers\u00e9 six mois apr\u00e8s le premier versement. Ce versement est soumis \u00e0 la condition que l\u2019int\u00e9ress\u00e9 justifie, qu\u2019il exerce toujours son activit\u00e9 professionnelle.<\/p>\n<h2 id=\"V\">\u00a0La fin du versement de l&rsquo;allocation ch\u00f4mage, que faire\u00a0?<\/h2>\n<h3>L&rsquo;Allocation de solidarit\u00e9 sp\u00e9cifique<\/h3>\n<h4>Les modalit\u00e9s d&rsquo;indemnisation<\/h4>\n<p>Lorsque les demandeurs d&#8217;emploi ne\u00a0peuvent plus ou ne peuvent pas pr\u00e9tendre \u00e0 l\u2019indemnisation per\u00e7ue au titre\u00a0de l&rsquo;allocation ch\u00f4mage ces derniers peuvent b\u00e9n\u00e9ficier\u00a0de l&rsquo;allocation de solidarit\u00e9 sp\u00e9cifique (ASS).<\/p>\n<p>Cette indemnit\u00e9 est servie par P\u00f4le emploi au titre du r\u00e9gime de solidarit\u00e9. Ont droit \u00e0 l&rsquo;ASS les demandeurs d&#8217;emploi qui ont \u00e9puis\u00e9 leurs droits \u00e0 l&rsquo;allocation ch\u00f4mage ou les allocataires \u00e2g\u00e9s d&rsquo;au moins 50 ans qui optent pour cette allocation.<\/p>\n<p>Toutefois, il faut \u00eatre apte au travail et justifier :<\/p>\n<ul>\n<li>De 5 ans d&rsquo;activit\u00e9 salari\u00e9e dans les 10 ans pr\u00e9c\u00e9dant la rupture du contrat de travail qui a ouvert droit \u00e0 l&rsquo;indemnisation au titre de l&rsquo;assurance ch\u00f4mage ;<\/li>\n<li>De ressources mensuelles, inf\u00e9rieures \u00e0 70 fois le montant journalier de l&rsquo;allocation pour une personne seule (110 fois pour un couple).<\/li>\n<\/ul>\n<p>Le montant de l&rsquo;ASS est journalier.<\/p>\n<p>L&rsquo;ASS est attribu\u00e9e par p\u00e9riodes de 6 mois renouvelables. Cependant, le renouvellement\u00a0n&rsquo;est pas automatique. Il est en effet subordonn\u00e9 aux m\u00eames conditions que son attribution initiale.<\/p>\n<p>Ainsi, pour b\u00e9n\u00e9ficier de l&rsquo;ASS, les int\u00e9ress\u00e9s doivent \u00eatre inscrits comme demandeurs d&#8217;emploi et pr\u00e9senter leur demande au P\u00f4le emploi du lieu de leur domicile dans les deux ans \u00e0 compter du jour o\u00f9 ils remplissent l&rsquo;ensemble des conditions pour en b\u00e9n\u00e9ficier.<\/p>\n<p>En revanche, l&rsquo;allocation est vers\u00e9e, sans aucun d\u00e9lai d&rsquo;attente, tous les mois \u00e0 terme \u00e9chu.<\/p>\n<p>Enfin, le paiement des allocations est interrompu \u00e0 compter du jour o\u00f9 l&rsquo;int\u00e9ress\u00e9 ne remplit plus les conditions d&rsquo;admission.<\/p>\n<h4>Le cumul avec d&rsquo;autres revenus<\/h4>\n<p>La r\u00e9mun\u00e9ration tir\u00e9e d&rsquo;une activit\u00e9 professionnelle, salari\u00e9e ou non, se cumule int\u00e9gralement avec le versement de l&rsquo;ASS pendant une p\u00e9riode de trois mois, cons\u00e9cutifs ou non.<\/p>\n<p>Toutefois, si au terme des trois mois de cumul l&rsquo;int\u00e9ress\u00e9 poursuit son activit\u00e9 alors le versement de l&rsquo;allocation est interrompu.<\/p>\n<h3>Le\u00a0Revenu de Solidarit\u00e9 Active<\/h3>\n<h4><strong>Les conditions d&rsquo;attribution du RSA<\/strong><\/h4>\n<p>Tout d&rsquo;abord, pour pr\u00e9tendre au Revenu de solidarit\u00e9 active (RSA) il faut \u00eatre \u00e2g\u00e9 d&rsquo;au moins 25 ans et r\u00e9sider en France de mani\u00e8re stable et effective.<\/p>\n<p>Il n&rsquo;y a pas d&rsquo;\u00e2ge plafond pour b\u00e9n\u00e9ficier du RSA. Toutefois, d\u00e8s l&rsquo;\u00e2ge minimum l\u00e9gal de d\u00e9part \u00e0 la retraite,\u00a0il est possible de pr\u00e9tendre \u00e0 des prestations suppl\u00e9mentaires. Ensuite, il convient de saisir la Caf et leur fournir les justificatifs de ses ressources des trois derniers mois.<\/p>\n<p><strong>\u00c0 moins d&rsquo;\u00eatre parent isol\u00e9, les \u00e9l\u00e8ves, \u00e9tudiants ou stagiaires d&rsquo;entreprise non r\u00e9mun\u00e9r\u00e9s ne peuvent\u00a0 pas pr\u00e9tendre au RSA.<\/strong><\/p>\n<p>De plus, ne peuvent\u00a0pas non plus b\u00e9n\u00e9ficier du RSA\u00a0les personnes\u00a0en cong\u00e9 parental, en cong\u00e9 sabbatique, en cong\u00e9 sans solde ou en disponibilit\u00e9.<\/p>\n<h5>Principe :<\/h5>\n<p>Le montant du RSA est calcul\u00e9 en prenant en compte :<\/p>\n<ul>\n<li>Un montant forfaitaire qui varie selon la composition du foyer et le nombre d&rsquo;enfants \u00e0 charge ;<\/li>\n<li>Les ressources\u00a0du foyer.<\/li>\n<\/ul>\n<h5>Montant forfaitaire :<\/h5>\n<p>Le montant du RSA pour une personne seule est de <strong>559,74 \u20ac<\/strong>.<\/p>\n<h5>Ressources prises en compte :<\/h5>\n<p>Le montant du RSA est \u00e9gal \u00e0 la diff\u00e9rence entre le montant forfaitaire et l&rsquo;ensemble\u00a0des ressources de l&rsquo;allocataire. <strong>Le montant de ressources retenu correspond \u00e0 la moyenne mensuelle des ressources per\u00e7ues au cours des trois mois pr\u00e9c\u00e9dant la demande.<\/strong><\/p>\n<p>Certaines ressources sont prises en compte.Tel est le cas par exemple le cas de l&rsquo;allocation ch\u00f4mage, des indemnit\u00e9s journali\u00e8res, de l&rsquo;allocation logement, des prestations familiales, ou des revenus de placement, etc.<\/p>\n<p>Le calcul du montant du RSA tient compte \u00e9galement :<\/p>\n<ul>\n<li>Des aides au logement\u00a0 : allocation de logement familial (ALF), allocation de logement sociale (ALS) ou aide personnalis\u00e9e au logement (APL) ;<\/li>\n<li>De l&rsquo;avantage en nature dont b\u00e9n\u00e9ficie\u00a0les personnes occupant\u00a0un logement gratuitement.<\/li>\n<\/ul>\n<p><strong><span style=\"text-decoration: underline;\">A noter :<\/span> le RSA n&rsquo;est pas imposable.<\/strong><\/p>\n<p>Chaque trimestre, l&rsquo;allocataire doit d\u00e9clarer ses ressources.\u00a0Il a par ailleurs l&rsquo;obligation de recherche d&#8217;emploi.<\/p>\n<h5>Si les ressources du foyer sont, en moyenne, inf\u00e9rieures \u00e0 500 \u20ac par mois,\u00a0l&rsquo;allocataire devra :<\/h5>\n<ul>\n<li>Rechercher un emploi ;<\/li>\n<li>Ou entreprendre les d\u00e9marches n\u00e9cessaires \u00e0 la cr\u00e9ation de votre entreprise ;<\/li>\n<li>Ou suivre les actions d\u2019insertion qui vous sont propos\u00e9es.<\/li>\n<\/ul>\n<p>Enfin, il faut savoir qu&rsquo;il n&rsquo;est pas possible de\u00a0refuser plus de deux offres raisonnables d&#8217;emploi\u00a0comme le pr\u00e9cise le projet personnalis\u00e9 d&rsquo;acc\u00e8s \u00e0 l&#8217;emploi (PPAE) ou le contrat d&rsquo;engagement.<\/p>\n<h3>L&rsquo;aide \u00e0 la reprise d\u2019activit\u00e9<\/h3>\n<p>Afin de faciliter son insertion professionnelle, un demandeur d&#8217;emploi peut, sous certaines conditions, b\u00e9n\u00e9ficier d&rsquo;aides \u00e0 la reprise d&rsquo;activit\u00e9 attribu\u00e9es par P\u00f4le emploi.<\/p>\n<p>L&rsquo;aide \u00e0 la reprise d&rsquo;activit\u00e9 est notamment compos\u00e9e de : l&rsquo;allocation de solidarit\u00e9 sp\u00e9cifique (ASS), de l&rsquo;aide \u00e0 la garde d&rsquo;enfants pour parents isol\u00e9s (Agepi), de l&rsquo;aide \u00e0 la mobilit\u00e9, bon de transport et de r\u00e9servation SNCF ou encore de l&rsquo;aide au permis de conduire B.<\/p>\n<p>Vous avez d&rsquo;autres questions sur ce th\u00e8me ? N&rsquo;h\u00e9sitez pas \u00e0 contacter <a href=\"https:\/\/www.legalvision.fr\/contactez-nous\/\">Legalvision<\/a>.<\/p>\n<details>\n<summary><strong>Sources :<\/strong><\/summary>\n<p><strong>Articles<\/strong><br \/>\n<a href=\"https:\/\/www.legifrance.gouv.fr\/affichCode.do;jsessionid=D5C91E193B89C6EB64621E71E79EA7BF.tplgfr41s_3?idSectionTA=LEGISCTA000006178163&amp;cidTexte=LEGITEXT000006072050&amp;dateTexte=20190715\">L5421-1 \u00e0 L5421-4 du Code du travail\u00a0<\/a> (dispositions g\u00e9n\u00e9rales ARE)<br \/>\n<a href=\"https:\/\/www.legifrance.gouv.fr\/affichCode.do?idSectionTA=LEGISCTA000006189832&amp;cidTexte=LEGITEXT000006072050\">L5425-1 et L5425-2 du Code du travail<\/a> (cumul d&rsquo;un revenu de remplacement avec d&rsquo;autres revenus)<\/p>\n<div class=\"field field--name-field-u-title-extended field--type-string field--label-hidden field__item\">\n<a href=\"https:\/\/www.unedic.org\/indemnisation\/circulaires\/convention-du-14-avril-2017-relative-lassurance-chomage\">Convention du 14 avril 2017<\/a> relative \u00e0 l&rsquo;assurance ch\u00f4mage<\/div>\n<\/details>\n<p><\/p>\n<div class=\"wp-block-button\" style=\"text-align:center;\"><a class=\"wp-block-button__link has-background\" href=\"https:\/\/www.legalvision.fr\/tous-les-services\/\">Voir les services LegalVision<\/a><\/div>\n","protected":false},"excerpt":{"rendered":"<p>L&rsquo;allocation ch\u00f4mage, ou allocation d\u2019aide au retour \u00e0 l\u2019emploi (ARE) est destin\u00e9e \u00e0 garantir un revenu de remplacement aux salari\u00e9s involontairement priv\u00e9s d\u2019emploi qui en remplissent les conditions. L\u2019aide au retour \u00e0 l\u2019emploi est une aide financi\u00e8re\u00a0octroy\u00e9e si une personne exerce une activit\u00e9 professionnelle tout en d\u00e9clarant \u00eatre \u00e0 la recherche d\u2019un emploi. L\u2019int\u00e9r\u00eat de&hellip; <a class=\"more-link\" href=\"https:\/\/www.legalvision.fr\/guides-juridiques\/droit-du-travail\/allocation-chomage-conditions-et-montant\/\">Poursuivre la lecture <span class=\"screen-reader-text\">Tout savoir sur l&rsquo;allocation ch\u00f4mage : le guide de Legalvision<\/span><\/a><\/p>\n","protected":false},"author":58,"featured_media":19488,"comment_status":"open","ping_status":"open","sticky":false,"template":"","format":"standard","meta":{"content-type":"","inline_featured_image":false,"footnotes":""},"categories":[2485],"tags":[],"class_list":["post-19341","post","type-post","status-publish","format-standard","has-post-thumbnail","hentry","category-droit-du-travail","entry"],"yoast_head":"<!-- This site is optimized with the Yoast SEO plugin v27.1.1 - https:\/\/yoast.com\/product\/yoast-seo-wordpress\/ -->\n<title>Allocation ch\u00f4mage : \u00e0 quelles indemnit\u00e9s avez-vous droit ?<\/title>\n<meta name=\"description\" content=\"Le montant de l&#039;allocation ch\u00f4mage d\u00e9pend des derniers salaires per\u00e7us. Quelles sont les conditions pour b\u00e9n\u00e9ficier des allocations ch\u00f4mage ?\" \/>\n<meta name=\"robots\" content=\"index, follow, max-snippet:-1, max-image-preview:large, max-video-preview:-1\" \/>\n<link rel=\"canonical\" href=\"https:\/\/www.legalvision.fr\/guides-juridiques\/droit-du-travail\/allocation-chomage-conditions-et-montant\/\" \/>\n<meta property=\"og:locale\" content=\"fr_FR\" \/>\n<meta property=\"og:type\" content=\"article\" \/>\n<meta property=\"og:title\" content=\"Allocation ch\u00f4mage : \u00e0 quelles indemnit\u00e9s avez-vous droit ?\" \/>\n<meta property=\"og:description\" content=\"Le montant de l&#039;allocation ch\u00f4mage d\u00e9pend des derniers salaires per\u00e7us. Quelles sont les conditions pour b\u00e9n\u00e9ficier des allocations ch\u00f4mage ?\" \/>\n<meta property=\"og:url\" content=\"https:\/\/www.legalvision.fr\/guides-juridiques\/droit-du-travail\/allocation-chomage-conditions-et-montant\/\" \/>\n<meta property=\"og:site_name\" content=\"Guides juridiques\" \/>\n<meta property=\"article:published_time\" content=\"2019-07-29T06:30:55+00:00\" \/>\n<meta property=\"article:modified_time\" content=\"2022-03-27T19:20:52+00:00\" \/>\n<meta property=\"og:image\" content=\"https:\/\/www.legalvision.fr\/guides-juridiques\/wp-content\/uploads\/2019\/07\/allocation-ch\u00f4mage-conditions-et-montant.jpg\" \/>\n\t<meta property=\"og:image:width\" content=\"958\" \/>\n\t<meta property=\"og:image:height\" content=\"350\" \/>\n\t<meta property=\"og:image:type\" content=\"image\/jpeg\" \/>\n<meta name=\"author\" content=\"Louis Robina\" \/>\n<meta name=\"twitter:card\" content=\"summary_large_image\" \/>\n<meta name=\"twitter:label1\" content=\"\u00c9crit par\" \/>\n\t<meta name=\"twitter:data1\" content=\"Louis Robina\" \/>\n\t<meta name=\"twitter:label2\" content=\"Dur\u00e9e de lecture estim\u00e9e\" \/>\n\t<meta name=\"twitter:data2\" content=\"18 minutes\" \/>\n<script type=\"application\/ld+json\" class=\"yoast-schema-graph\">{\"@context\":\"https:\/\/schema.org\",\"@graph\":[{\"@type\":\"Article\",\"@id\":\"https:\/\/www.legalvision.fr\/guides-juridiques\/droit-du-travail\/allocation-chomage-conditions-et-montant\/#article\",\"isPartOf\":{\"@id\":\"https:\/\/www.legalvision.fr\/guides-juridiques\/droit-du-travail\/allocation-chomage-conditions-et-montant\/\"},\"author\":{\"name\":\"Louis Robina\",\"@id\":\"https:\/\/www.legalvision.fr\/guides-juridiques\/#\/schema\/person\/eeaa1ceba87042e8ab1d352ddd96c74a\"},\"headline\":\"Tout savoir sur l&rsquo;allocation ch\u00f4mage : le guide de Legalvision\",\"datePublished\":\"2019-07-29T06:30:55+00:00\",\"dateModified\":\"2022-03-27T19:20:52+00:00\",\"mainEntityOfPage\":{\"@id\":\"https:\/\/www.legalvision.fr\/guides-juridiques\/droit-du-travail\/allocation-chomage-conditions-et-montant\/\"},\"wordCount\":3762,\"commentCount\":8,\"publisher\":{\"@id\":\"https:\/\/www.legalvision.fr\/guides-juridiques\/#organization\"},\"image\":{\"@id\":\"https:\/\/www.legalvision.fr\/guides-juridiques\/droit-du-travail\/allocation-chomage-conditions-et-montant\/#primaryimage\"},\"thumbnailUrl\":\"https:\/\/www.legalvision.fr\/guides-juridiques\/wp-content\/uploads\/2019\/07\/allocation-ch\u00f4mage-conditions-et-montant.jpg\",\"articleSection\":[\"Droit du travail\"],\"inLanguage\":\"fr-FR\",\"potentialAction\":[{\"@type\":\"CommentAction\",\"name\":\"Comment\",\"target\":[\"https:\/\/www.legalvision.fr\/guides-juridiques\/droit-du-travail\/allocation-chomage-conditions-et-montant\/#respond\"]}]},{\"@type\":\"WebPage\",\"@id\":\"https:\/\/www.legalvision.fr\/guides-juridiques\/droit-du-travail\/allocation-chomage-conditions-et-montant\/\",\"url\":\"https:\/\/www.legalvision.fr\/guides-juridiques\/droit-du-travail\/allocation-chomage-conditions-et-montant\/\",\"name\":\"Allocation ch\u00f4mage : \u00e0 quelles indemnit\u00e9s avez-vous droit ?\",\"isPartOf\":{\"@id\":\"https:\/\/www.legalvision.fr\/guides-juridiques\/#website\"},\"primaryImageOfPage\":{\"@id\":\"https:\/\/www.legalvision.fr\/guides-juridiques\/droit-du-travail\/allocation-chomage-conditions-et-montant\/#primaryimage\"},\"image\":{\"@id\":\"https:\/\/www.legalvision.fr\/guides-juridiques\/droit-du-travail\/allocation-chomage-conditions-et-montant\/#primaryimage\"},\"thumbnailUrl\":\"https:\/\/www.legalvision.fr\/guides-juridiques\/wp-content\/uploads\/2019\/07\/allocation-ch\u00f4mage-conditions-et-montant.jpg\",\"datePublished\":\"2019-07-29T06:30:55+00:00\",\"dateModified\":\"2022-03-27T19:20:52+00:00\",\"description\":\"Le montant de l'allocation ch\u00f4mage d\u00e9pend des derniers salaires per\u00e7us. Quelles sont les conditions pour b\u00e9n\u00e9ficier des allocations ch\u00f4mage ?\",\"breadcrumb\":{\"@id\":\"https:\/\/www.legalvision.fr\/guides-juridiques\/droit-du-travail\/allocation-chomage-conditions-et-montant\/#breadcrumb\"},\"inLanguage\":\"fr-FR\",\"potentialAction\":[{\"@type\":\"ReadAction\",\"target\":[\"https:\/\/www.legalvision.fr\/guides-juridiques\/droit-du-travail\/allocation-chomage-conditions-et-montant\/\"]}]},{\"@type\":\"ImageObject\",\"inLanguage\":\"fr-FR\",\"@id\":\"https:\/\/www.legalvision.fr\/guides-juridiques\/droit-du-travail\/allocation-chomage-conditions-et-montant\/#primaryimage\",\"url\":\"https:\/\/www.legalvision.fr\/guides-juridiques\/wp-content\/uploads\/2019\/07\/allocation-ch\u00f4mage-conditions-et-montant.jpg\",\"contentUrl\":\"https:\/\/www.legalvision.fr\/guides-juridiques\/wp-content\/uploads\/2019\/07\/allocation-ch\u00f4mage-conditions-et-montant.jpg\",\"width\":958,\"height\":350,\"caption\":\"allocation ch\u00f4mage\"},{\"@type\":\"BreadcrumbList\",\"@id\":\"https:\/\/www.legalvision.fr\/guides-juridiques\/droit-du-travail\/allocation-chomage-conditions-et-montant\/#breadcrumb\",\"itemListElement\":[{\"@type\":\"ListItem\",\"position\":1,\"name\":\"Accueil\",\"item\":\"https:\/\/www.legalvision.fr\/guides-juridiques\/\"},{\"@type\":\"ListItem\",\"position\":2,\"name\":\"Droit du travail\",\"item\":\"https:\/\/www.legalvision.fr\/guides-juridiques\/droit-du-travail\/\"},{\"@type\":\"ListItem\",\"position\":3,\"name\":\"Tout savoir sur l&rsquo;allocation ch\u00f4mage : le guide de Legalvision\"}]},{\"@type\":\"WebSite\",\"@id\":\"https:\/\/www.legalvision.fr\/guides-juridiques\/#website\",\"url\":\"https:\/\/www.legalvision.fr\/guides-juridiques\/\",\"name\":\"Guides juridiques\",\"description\":\"L&#039;information juridique \u00e0 destination des entreprises et TPE\",\"publisher\":{\"@id\":\"https:\/\/www.legalvision.fr\/guides-juridiques\/#organization\"},\"potentialAction\":[{\"@type\":\"SearchAction\",\"target\":{\"@type\":\"EntryPoint\",\"urlTemplate\":\"https:\/\/www.legalvision.fr\/guides-juridiques\/?s={search_term_string}\"},\"query-input\":{\"@type\":\"PropertyValueSpecification\",\"valueRequired\":true,\"valueName\":\"search_term_string\"}}],\"inLanguage\":\"fr-FR\"},{\"@type\":\"Organization\",\"@id\":\"https:\/\/www.legalvision.fr\/guides-juridiques\/#organization\",\"name\":\"Guides juridiques\",\"url\":\"https:\/\/www.legalvision.fr\/guides-juridiques\/\",\"logo\":{\"@type\":\"ImageObject\",\"inLanguage\":\"fr-FR\",\"@id\":\"https:\/\/www.legalvision.fr\/guides-juridiques\/#\/schema\/logo\/image\/\",\"url\":\"https:\/\/www.legalvision.fr\/guides-juridiques\/wp-content\/uploads\/2022\/10\/LV-Logotype.png\",\"contentUrl\":\"https:\/\/www.legalvision.fr\/guides-juridiques\/wp-content\/uploads\/2022\/10\/LV-Logotype.png\",\"width\":647,\"height\":125,\"caption\":\"Guides juridiques\"},\"image\":{\"@id\":\"https:\/\/www.legalvision.fr\/guides-juridiques\/#\/schema\/logo\/image\/\"}},{\"@type\":\"Person\",\"@id\":\"https:\/\/www.legalvision.fr\/guides-juridiques\/#\/schema\/person\/eeaa1ceba87042e8ab1d352ddd96c74a\",\"name\":\"Louis Robina\",\"image\":{\"@type\":\"ImageObject\",\"inLanguage\":\"fr-FR\",\"@id\":\"https:\/\/www.legalvision.fr\/guides-juridiques\/#\/schema\/person\/image\/\",\"url\":\"https:\/\/www.legalvision.fr\/guides-juridiques\/wp-content\/uploads\/2023\/07\/homme9-96x96.png\",\"contentUrl\":\"https:\/\/www.legalvision.fr\/guides-juridiques\/wp-content\/uploads\/2023\/07\/homme9-96x96.png\",\"caption\":\"Louis Robina\"},\"description\":\"Louis est juriste au sein de LegalVision. Avocat et titulaire d'un Master 2 il est sp\u00e9cialis\u00e9 droit social.\",\"url\":\"https:\/\/www.legalvision.fr\/guides-juridiques\/author\/louis-robineau\/\"}]}<\/script>\n<!-- \/ Yoast SEO plugin. -->","yoast_head_json":{"title":"Allocation ch\u00f4mage : \u00e0 quelles indemnit\u00e9s avez-vous droit ?","description":"Le montant de l'allocation ch\u00f4mage d\u00e9pend des derniers salaires per\u00e7us. Quelles sont les conditions pour b\u00e9n\u00e9ficier des allocations ch\u00f4mage ?","robots":{"index":"index","follow":"follow","max-snippet":"max-snippet:-1","max-image-preview":"max-image-preview:large","max-video-preview":"max-video-preview:-1"},"canonical":"https:\/\/www.legalvision.fr\/guides-juridiques\/droit-du-travail\/allocation-chomage-conditions-et-montant\/","og_locale":"fr_FR","og_type":"article","og_title":"Allocation ch\u00f4mage : \u00e0 quelles indemnit\u00e9s avez-vous droit ?","og_description":"Le montant de l'allocation ch\u00f4mage d\u00e9pend des derniers salaires per\u00e7us. Quelles sont les conditions pour b\u00e9n\u00e9ficier des allocations ch\u00f4mage ?","og_url":"https:\/\/www.legalvision.fr\/guides-juridiques\/droit-du-travail\/allocation-chomage-conditions-et-montant\/","og_site_name":"Guides juridiques","article_published_time":"2019-07-29T06:30:55+00:00","article_modified_time":"2022-03-27T19:20:52+00:00","og_image":[{"width":958,"height":350,"url":"https:\/\/www.legalvision.fr\/guides-juridiques\/wp-content\/uploads\/2019\/07\/allocation-ch\u00f4mage-conditions-et-montant.jpg","type":"image\/jpeg"}],"author":"Louis Robina","twitter_card":"summary_large_image","twitter_misc":{"\u00c9crit par":"Louis Robina","Dur\u00e9e de lecture estim\u00e9e":"18 minutes"},"schema":{"@context":"https:\/\/schema.org","@graph":[{"@type":"Article","@id":"https:\/\/www.legalvision.fr\/guides-juridiques\/droit-du-travail\/allocation-chomage-conditions-et-montant\/#article","isPartOf":{"@id":"https:\/\/www.legalvision.fr\/guides-juridiques\/droit-du-travail\/allocation-chomage-conditions-et-montant\/"},"author":{"name":"Louis Robina","@id":"https:\/\/www.legalvision.fr\/guides-juridiques\/#\/schema\/person\/eeaa1ceba87042e8ab1d352ddd96c74a"},"headline":"Tout savoir sur l&rsquo;allocation ch\u00f4mage : le guide de Legalvision","datePublished":"2019-07-29T06:30:55+00:00","dateModified":"2022-03-27T19:20:52+00:00","mainEntityOfPage":{"@id":"https:\/\/www.legalvision.fr\/guides-juridiques\/droit-du-travail\/allocation-chomage-conditions-et-montant\/"},"wordCount":3762,"commentCount":8,"publisher":{"@id":"https:\/\/www.legalvision.fr\/guides-juridiques\/#organization"},"image":{"@id":"https:\/\/www.legalvision.fr\/guides-juridiques\/droit-du-travail\/allocation-chomage-conditions-et-montant\/#primaryimage"},"thumbnailUrl":"https:\/\/www.legalvision.fr\/guides-juridiques\/wp-content\/uploads\/2019\/07\/allocation-ch\u00f4mage-conditions-et-montant.jpg","articleSection":["Droit du travail"],"inLanguage":"fr-FR","potentialAction":[{"@type":"CommentAction","name":"Comment","target":["https:\/\/www.legalvision.fr\/guides-juridiques\/droit-du-travail\/allocation-chomage-conditions-et-montant\/#respond"]}]},{"@type":"WebPage","@id":"https:\/\/www.legalvision.fr\/guides-juridiques\/droit-du-travail\/allocation-chomage-conditions-et-montant\/","url":"https:\/\/www.legalvision.fr\/guides-juridiques\/droit-du-travail\/allocation-chomage-conditions-et-montant\/","name":"Allocation ch\u00f4mage : \u00e0 quelles indemnit\u00e9s avez-vous droit ?","isPartOf":{"@id":"https:\/\/www.legalvision.fr\/guides-juridiques\/#website"},"primaryImageOfPage":{"@id":"https:\/\/www.legalvision.fr\/guides-juridiques\/droit-du-travail\/allocation-chomage-conditions-et-montant\/#primaryimage"},"image":{"@id":"https:\/\/www.legalvision.fr\/guides-juridiques\/droit-du-travail\/allocation-chomage-conditions-et-montant\/#primaryimage"},"thumbnailUrl":"https:\/\/www.legalvision.fr\/guides-juridiques\/wp-content\/uploads\/2019\/07\/allocation-ch\u00f4mage-conditions-et-montant.jpg","datePublished":"2019-07-29T06:30:55+00:00","dateModified":"2022-03-27T19:20:52+00:00","description":"Le montant de l'allocation ch\u00f4mage d\u00e9pend des derniers salaires per\u00e7us. Quelles sont les conditions pour b\u00e9n\u00e9ficier des allocations ch\u00f4mage ?","breadcrumb":{"@id":"https:\/\/www.legalvision.fr\/guides-juridiques\/droit-du-travail\/allocation-chomage-conditions-et-montant\/#breadcrumb"},"inLanguage":"fr-FR","potentialAction":[{"@type":"ReadAction","target":["https:\/\/www.legalvision.fr\/guides-juridiques\/droit-du-travail\/allocation-chomage-conditions-et-montant\/"]}]},{"@type":"ImageObject","inLanguage":"fr-FR","@id":"https:\/\/www.legalvision.fr\/guides-juridiques\/droit-du-travail\/allocation-chomage-conditions-et-montant\/#primaryimage","url":"https:\/\/www.legalvision.fr\/guides-juridiques\/wp-content\/uploads\/2019\/07\/allocation-ch\u00f4mage-conditions-et-montant.jpg","contentUrl":"https:\/\/www.legalvision.fr\/guides-juridiques\/wp-content\/uploads\/2019\/07\/allocation-ch\u00f4mage-conditions-et-montant.jpg","width":958,"height":350,"caption":"allocation ch\u00f4mage"},{"@type":"BreadcrumbList","@id":"https:\/\/www.legalvision.fr\/guides-juridiques\/droit-du-travail\/allocation-chomage-conditions-et-montant\/#breadcrumb","itemListElement":[{"@type":"ListItem","position":1,"name":"Accueil","item":"https:\/\/www.legalvision.fr\/guides-juridiques\/"},{"@type":"ListItem","position":2,"name":"Droit du travail","item":"https:\/\/www.legalvision.fr\/guides-juridiques\/droit-du-travail\/"},{"@type":"ListItem","position":3,"name":"Tout savoir sur l&rsquo;allocation ch\u00f4mage : le guide de Legalvision"}]},{"@type":"WebSite","@id":"https:\/\/www.legalvision.fr\/guides-juridiques\/#website","url":"https:\/\/www.legalvision.fr\/guides-juridiques\/","name":"Guides juridiques","description":"L&#039;information juridique \u00e0 destination des entreprises et TPE","publisher":{"@id":"https:\/\/www.legalvision.fr\/guides-juridiques\/#organization"},"potentialAction":[{"@type":"SearchAction","target":{"@type":"EntryPoint","urlTemplate":"https:\/\/www.legalvision.fr\/guides-juridiques\/?s={search_term_string}"},"query-input":{"@type":"PropertyValueSpecification","valueRequired":true,"valueName":"search_term_string"}}],"inLanguage":"fr-FR"},{"@type":"Organization","@id":"https:\/\/www.legalvision.fr\/guides-juridiques\/#organization","name":"Guides juridiques","url":"https:\/\/www.legalvision.fr\/guides-juridiques\/","logo":{"@type":"ImageObject","inLanguage":"fr-FR","@id":"https:\/\/www.legalvision.fr\/guides-juridiques\/#\/schema\/logo\/image\/","url":"https:\/\/www.legalvision.fr\/guides-juridiques\/wp-content\/uploads\/2022\/10\/LV-Logotype.png","contentUrl":"https:\/\/www.legalvision.fr\/guides-juridiques\/wp-content\/uploads\/2022\/10\/LV-Logotype.png","width":647,"height":125,"caption":"Guides juridiques"},"image":{"@id":"https:\/\/www.legalvision.fr\/guides-juridiques\/#\/schema\/logo\/image\/"}},{"@type":"Person","@id":"https:\/\/www.legalvision.fr\/guides-juridiques\/#\/schema\/person\/eeaa1ceba87042e8ab1d352ddd96c74a","name":"Louis Robina","image":{"@type":"ImageObject","inLanguage":"fr-FR","@id":"https:\/\/www.legalvision.fr\/guides-juridiques\/#\/schema\/person\/image\/","url":"https:\/\/www.legalvision.fr\/guides-juridiques\/wp-content\/uploads\/2023\/07\/homme9-96x96.png","contentUrl":"https:\/\/www.legalvision.fr\/guides-juridiques\/wp-content\/uploads\/2023\/07\/homme9-96x96.png","caption":"Louis Robina"},"description":"Louis est juriste au sein de LegalVision. Avocat et titulaire d'un Master 2 il est sp\u00e9cialis\u00e9 droit social.","url":"https:\/\/www.legalvision.fr\/guides-juridiques\/author\/louis-robineau\/"}]}},"_links":{"self":[{"href":"https:\/\/www.legalvision.fr\/guides-juridiques\/wp-json\/wp\/v2\/posts\/19341","targetHints":{"allow":["GET"]}}],"collection":[{"href":"https:\/\/www.legalvision.fr\/guides-juridiques\/wp-json\/wp\/v2\/posts"}],"about":[{"href":"https:\/\/www.legalvision.fr\/guides-juridiques\/wp-json\/wp\/v2\/types\/post"}],"author":[{"embeddable":true,"href":"https:\/\/www.legalvision.fr\/guides-juridiques\/wp-json\/wp\/v2\/users\/58"}],"replies":[{"embeddable":true,"href":"https:\/\/www.legalvision.fr\/guides-juridiques\/wp-json\/wp\/v2\/comments?post=19341"}],"version-history":[{"count":0,"href":"https:\/\/www.legalvision.fr\/guides-juridiques\/wp-json\/wp\/v2\/posts\/19341\/revisions"}],"wp:featuredmedia":[{"embeddable":true,"href":"https:\/\/www.legalvision.fr\/guides-juridiques\/wp-json\/wp\/v2\/media\/19488"}],"wp:attachment":[{"href":"https:\/\/www.legalvision.fr\/guides-juridiques\/wp-json\/wp\/v2\/media?parent=19341"}],"wp:term":[{"taxonomy":"category","embeddable":true,"href":"https:\/\/www.legalvision.fr\/guides-juridiques\/wp-json\/wp\/v2\/categories?post=19341"},{"taxonomy":"post_tag","embeddable":true,"href":"https:\/\/www.legalvision.fr\/guides-juridiques\/wp-json\/wp\/v2\/tags?post=19341"}],"curies":[{"name":"wp","href":"https:\/\/api.w.org\/{rel}","templated":true}]}}