{"id":19290,"date":"2019-08-06T07:30:13","date_gmt":"2019-08-06T06:30:13","guid":{"rendered":"https:\/\/blog.legalvision.fr\/?p=19290"},"modified":"2022-03-27T21:20:51","modified_gmt":"2022-03-27T19:20:51","slug":"licenciement-salarie-protege-procedure-a-suivre","status":"publish","type":"post","link":"https:\/\/www.legalvision.fr\/guides-juridiques\/droit-du-travail\/licenciement-salarie-protege-procedure-a-suivre\/","title":{"rendered":"Tout savoir sur le licenciement d&rsquo;un salari\u00e9 prot\u00e9g\u00e9"},"content":{"rendered":"<p>Lorsque l&#8217;employeur veut mettre fin au contrat de travail avec l&rsquo;un de ses salari\u00e9s, il peut user du licenciement, encore\u00a0faut-il qu&rsquo;il soit justifi\u00e9. D&rsquo;ailleurs,\u00a0le salari\u00e9 ayant un mandat quelconque, n&rsquo;y \u00e9chappe pas non plus. Licenciement salari\u00e9 prot\u00e9g\u00e9 : cette op\u00e9ration est donc tout \u00e0 fait possible. LegalVision vous expose ici, la proc\u00e9dure particuli\u00e8re\u00a0\u00e0 suivre.\n<\/p>\n<h3>Sommaire :<\/h3>\n<p><strong><a href=\"#I\">Licenciement salari\u00e9 prot\u00e9g\u00e9 : quels salari\u00e9s sont concern\u00e9s ?<\/a><\/strong><br \/>\n<strong> <a href=\"#II\">Licenciement salari\u00e9 prot\u00e9g\u00e9 : dans quels cas ?<\/a><\/strong><br \/>\n<strong> <a href=\"#III\">Licenciement salari\u00e9 prot\u00e9g\u00e9 : la proc\u00e9dure \u00e0 suivre<\/a><\/strong><br \/>\n<strong> <a href=\"#IV\">Licenciement salari\u00e9 prot\u00e9g\u00e9 : la contestation<\/a><\/strong><\/p>\n<div class=\"wp-block-button\" style=\"text-align:center;\"><a class=\"wp-block-button__link has-background\" href=\"https:\/\/www.legalvision.fr\/tous-les-services\/\">Voir les services LegalVision<\/a><\/div>\n<h2 id=\"I\">Licenciement salari\u00e9 prot\u00e9g\u00e9 : quels salari\u00e9s sont concern\u00e9s ?<\/h2>\n<p>La liste des salari\u00e9s prot\u00e9g\u00e9s est\u00a0dress\u00e9e par le Code du travail. Il existe en tout, <strong>20 salari\u00e9s prot\u00e9g\u00e9s<\/strong>. Cependant, nous allons nous focaliser sur 5 salari\u00e9s prot\u00e9g\u00e9s en particulier que vous \u00eates susceptible de rencontrer dans votre entreprise.<\/p>\n<h3>Le d\u00e9l\u00e9gu\u00e9 syndical (DS) et le repr\u00e9sentant de la section syndicale (RSS)<\/h3>\n<p><strong>Le d\u00e9l\u00e9gu\u00e9 syndical\u00a0<\/strong>repr\u00e9sente son syndicat repr\u00e9sentatif,\u00a0aupr\u00e8s des salari\u00e9s de l&rsquo;entreprise. Il\u00a0peut conclure\u00a0des accords collectifs d&rsquo;entreprise,\u00a0et \u00e9mettre\u00a0des\u00a0revendications aupr\u00e8s de l&#8217;employeur.<\/p>\n<p><strong>Le repr\u00e9sentant de la section syndicale,<\/strong> repr\u00e9sente lui, un syndicat non repr\u00e9sentatif. Il a pour but d&rsquo;animer le syndicat, afin de se faire conna\u00eetre et devenir repr\u00e9sentatif aux prochaines \u00e9lections. Contrairement au d\u00e9l\u00e9gu\u00e9 syndical, il ne peut pas conclure d&rsquo;accords collectifs.<\/p>\n<p>Le DS, comme le RSS, b\u00e9n\u00e9ficie d&rsquo;une certaine protection pendant toute la dur\u00e9e de son mandat. En effet, il ne va pas pouvoir \u00eatre licenci\u00e9 comme un salari\u00e9 lambda. Une proc\u00e9dure particuli\u00e8re, que nous allons voir plus loin dans cet article, devra \u00eatre respect\u00e9e. Par exemple, l&rsquo;autorisation de l&rsquo;inspection du travail lors du licenciement d&rsquo;un salari\u00e9 prot\u00e9g\u00e9, sera n\u00e9cessaire.<\/p>\n<p>Cette autorisation est \u00e9galement requise pour le licenciement de l&rsquo;<strong>ancien<\/strong>\u00a0DS, ou de l&rsquo;<strong>ancien<\/strong> RSS, durant les<strong> douze mois suivant la date de cessation de ses fonctions<\/strong>.<\/p>\n<p><em>Prenons pour exemple un salari\u00e9 qui \u00e9tait d\u00e9l\u00e9gu\u00e9 syndical. Son mandat s&rsquo;est termin\u00e9 le 20 juin 2018. Le salari\u00e9 n&rsquo;a pas respect\u00e9, \u00e0 plusieurs reprises, les directives de son employeur. Ce dernier d\u00e9cide alors de le licencier pour faute.<\/em><\/p>\n<ul>\n<li><em>Si la proc\u00e9dure de licenciement intervient\u00a0entre le 20 juin 2018 et le 20 juin 2019, alors la proc\u00e9dure particuli\u00e8re relative au salari\u00e9 prot\u00e9g\u00e9 devra \u00eatre appliqu\u00e9e.<\/em><\/li>\n<li><em>Si le licenciement intervient apr\u00e8s le 20 juin 2019, la proc\u00e9dure normale de licenciement s&rsquo;applique, le salari\u00e9 n&rsquo;\u00e9tant plus prot\u00e9g\u00e9.<\/em><\/li>\n<\/ul>\n<h3>Les membres du\u00a0CSE et le repr\u00e9sentant syndical au\u00a0CSE<\/h3>\n<p>Le<strong>\u00a0Comit\u00e9 Social et Economique (CSE)<\/strong>\u00a0est la nouvelle instance repr\u00e9sentative du personnel. Elle regroupe les anciennes\u00a0instances. Ces attributions diff\u00e8rent en fonction de l&rsquo;effectif de l&rsquo;entreprise.<\/p>\n<p>Vous souhaitez\u00a0avoir plus d&rsquo;explications sur le <strong><a href=\"https:\/\/blog.legalvision.fr\/2019\/07\/12\/definition-cse\/\">CSE <\/a><\/strong>? N&rsquo;h\u00e9sitez pas \u00e0 consulter notre article d\u00e9di\u00e9 !<\/p>\n<p><strong>Le repr\u00e9sentant syndical au CSE,<\/strong> lui,<strong>\u00a0<\/strong>a pour r\u00f4le et mission de faire la liaison entre l\u2019employeur et les salari\u00e9s. En ce sens, le repr\u00e9sentant syndical au\u00a0CSE a pour t\u00e2che principale de\u00a0repr\u00e9senter le personnel et de porter ses r\u00e9clamations \u00e0 la direction.<\/p>\n<p>Les membres du\u00a0CSE ainsi que le repr\u00e9sentant syndical au CSE,\u00a0se voient accorder\u00a0une protection <strong>pendant toute la dur\u00e9e de leur mandat.<\/strong> Ainsi, l&rsquo;autorisation de l&rsquo;inspection du travail lors du licenciement d&rsquo;un salari\u00e9 prot\u00e9g\u00e9, sera n\u00e9cessaire.<\/p>\n<p>Cependant, cette protection perdure pour :<\/p>\n<ul>\n<li>L&rsquo;<strong>ancien<\/strong> membre du CSE ;<\/li>\n<li>Mais aussi l&rsquo;<strong>ancien<\/strong> repr\u00e9sentant syndical au CSE.<\/li>\n<\/ul>\n<p>Pendant<strong> les six premiers mois suivant l&rsquo;expiration de leur mandat.<\/strong><\/p>\n<h3>Les repr\u00e9sentants de proximit\u00e9<\/h3>\n<p>Pour rappel, la cr\u00e9ation des repr\u00e9sentants de proximit\u00e9 r\u00e9sulte d\u2019un besoin de \u00ab proximit\u00e9 \u00bb ; le niveau du CSE n\u2019\u00e9tant pas toujours compatible avec la structuration de l\u2019entreprise en question.<\/p>\n<p>L\u00e0 aussi, le licenciement d&rsquo;un <strong>repr\u00e9sentant de proximit\u00e9<\/strong> ne peut intervenir qu&rsquo;apr\u00e8s autorisation de l&rsquo;inspecteur du travail, pendant toute la dur\u00e9e de son mandat.<\/p>\n<p>Cette autorisation est \u00e9galement requise<strong> durant les six mois<\/strong> suivant l&rsquo;expiration du mandat de\u00a0ce salari\u00e9.\u00a0Ainsi, l&rsquo;<strong>ancien<\/strong> repr\u00e9sentant de proximit\u00e9 dispose aussi d&rsquo;une protection.<\/p>\n<h2 id=\"II\">Licenciement salari\u00e9 prot\u00e9g\u00e9 : dans quels cas ?<\/h2>\n<p>Ce n&rsquo;est pas parce qu&rsquo;un salari\u00e9 est dit prot\u00e9g\u00e9, qu&rsquo;il ne peut pas faire l&rsquo;objet de licenciement.<\/p>\n<p>Ainsi, l&#8217;employeur peut effectuer le licenciement d&rsquo;un salari\u00e9 prot\u00e9g\u00e9 pour<strong> motif personnel non disciplinaire<\/strong>. Il peut alors licencier un salari\u00e9 prot\u00e9g\u00e9 pour inaptitude, s&rsquo;il n&rsquo;a pas r\u00e9ussi \u00e0 le reclasser sur un poste adapt\u00e9 \u00e0 son \u00e9tat de sant\u00e9<\/p>\n<p>L&#8217;employeur peut \u00e9galement d\u00e9cider du licenciement d&rsquo;un salari\u00e9 prot\u00e9g\u00e9<strong> pour motif personnel disciplinaire<\/strong>. Il peut alors licencier son salari\u00e9 :<\/p>\n<ul>\n<li>pour faute simple,<\/li>\n<li>le licenciement pour faute grave d&rsquo;un salari\u00e9 prot\u00e9g\u00e9 est aussi possible,<\/li>\n<li>ou encore pour faute lourde.<\/li>\n<\/ul>\n<p>Enfin, le salari\u00e9 prot\u00e9g\u00e9 peut \u00eatre licenci\u00e9 pour <strong>un motif \u00e9conomique.<\/strong>\u00a0Un licenciement pour motif \u00e9conomique est un licenciement effectu\u00e9 par un employeur pour des raisons qui ne sont pas li\u00e9es au salari\u00e9 lui-m\u00eame. Ce licenciement est motiv\u00e9 par des raisons \u00e9conomiques.<\/p>\n<p>Vous d\u00e9sirez en savoir davantage sur le <strong><a href=\"https:\/\/blog.legalvision.fr\/2019\/01\/21\/licenciement-economique-comment-ca-marche\/\">licenciement \u00e9conomique<\/a><\/strong> ? N&rsquo;h\u00e9sitez pas \u00e0 consulter notre article !<\/p>\n<h2 id=\"III\">Licenciement salari\u00e9 prot\u00e9g\u00e9 : la proc\u00e9dure \u00e0 suivre<\/h2>\n<p><strong>La proc\u00e9dure de licenciement<\/strong> d&rsquo;un salari\u00e9 prot\u00e9g\u00e9 est particuli\u00e8re. En effet, elle regroupe \u00e0 la fois des r\u00e8gles sp\u00e9ciales et des r\u00e8gles communes au licenciement d&rsquo;un salari\u00e9 non prot\u00e9g\u00e9.<\/p>\n<h3>Une convocation \u00e0 l&rsquo;entretien pr\u00e9alable<\/h3>\n<p>Comme pour un salari\u00e9 lambda, la proc\u00e9dure de licenciement d&rsquo;un salari\u00e9 prot\u00e9g\u00e9 commence par un entretien pr\u00e9alable, quel que soit le motif du\u00a0<span class=\"Highlight\" title=\"licenciement\">licenciement.\u00a0<\/span>Dans tous les cas, la lettre de convocation \u00e0 l&rsquo;entretien pr\u00e9alable doit comporter des mentions obligatoires.<\/p>\n<p>Elle est transmise au salari\u00e9 par<strong> lettre recommand\u00e9e avec avis de r\u00e9ception<\/strong> ou par remise <strong>en main propre contre d\u00e9charge.<\/strong><\/p>\n<p>Par ailleurs, l&rsquo;entretien, lui, doit avoir lieu <strong>au moins cinq jours ouvrables<\/strong> apr\u00e8s la convocation du salari\u00e9.<\/p>\n<p>Au cours de l&rsquo;entretien pr\u00e9alable, l&#8217;employeur doit porter \u00e0 la connaissance du salari\u00e9 les faits et raisons l&rsquo;amenant \u00e0 envisager son\u00a0<span class=\"Highlight\" title=\"licenciement\">licenciement<\/span>. Il permet \u00e9galement au salari\u00e9 de pouvoir donner des explications sur les faits qui lui sont reproch\u00e9s.<\/p>\n<p>Une proc\u00e9dure men\u00e9e sans respecter cette exigence d&rsquo;entretien pr\u00e9alable oblige l&rsquo;autorit\u00e9 administrative \u00e0 <strong>rejeter<\/strong> la demande d&rsquo;autorisation de\u00a0<span class=\"Highlight\" title=\"licenciement\">licenciement.\u00a0<\/span><\/p>\n<p>Vous souhaitez r\u00e9diger une <a href=\"https:\/\/www.legalvision.fr\/lp\/lettre-entretien-prealable\">lettre de convocation \u00e0 un entretien pr\u00e9alable<\/a> ? N&rsquo;h\u00e9sitez pas \u00e0 vous adresser \u00e0 LegalVision !<\/p>\n<h3>\u00a0La consultation du CSE lors du licenciement d&rsquo;un salari\u00e9 prot\u00e9g\u00e9<\/h3>\n<p>Apr\u00e8s l&rsquo;entretien pr\u00e9alable, la proc\u00e9dure de licenciement d&rsquo;un salari\u00e9 prot\u00e9g\u00e9 continue avec\u00a0une convocation du CSE,\u00a0<strong>dans les entreprises d&rsquo;au moins 50 salari\u00e9s. <\/strong>Ce dernier, convoqu\u00e9 par l&#8217;employeur, va s&rsquo;exprimer sur le projet de licenciement. En effet, <strong>le CSE doit \u00eatre consult\u00e9 pour le\u00a0<span class=\"Highlight\" title=\"licenciement\">licenciement<\/span>\u00a0de tout salari\u00e9 prot\u00e9g\u00e9.\u00a0<\/strong><\/p>\n<p>N\u00e9anmoins,\u00a0<strong>le CSE n&rsquo;a pas \u00e0 \u00eatre consult\u00e9 sur le projet de\u00a0<\/strong><span class=\"Highlight\" title=\"licenciement\"><strong>licenciement<\/strong> :\u00a0<\/span><\/p>\n<ul>\n<li>d&rsquo;un salari\u00e9 d\u00e9l\u00e9gu\u00e9 syndical,<\/li>\n<li>d&rsquo;un repr\u00e9sentant de la section syndicale,<\/li>\n<li>des salari\u00e9s mandat\u00e9s pour n\u00e9gocier un accord collectif.<\/li>\n<\/ul>\n<p>De plus,\u00a0le salari\u00e9 dont le licenciement\u00a0est envisag\u00e9 doit \u00eatre<strong> entendu par le CSE<\/strong>, au cours de la r\u00e9union de consultation du comit\u00e9.<\/p>\n<p>La consultation du CSE lors du licenciement d&rsquo;un salari\u00e9 prot\u00e9g\u00e9 n\u00e9cessite une certaine pr\u00e9paration. En effet, l&#8217;employeur doit\u00a0d&rsquo;ailleurs, fournir au CSE des renseignements pr\u00e9cis et \u00e9crits sur le salari\u00e9 prot\u00e9g\u00e9 en question, sur le motif du\u00a0<span class=\"Highlight\" title=\"licenciement\">licenciement<\/span>\u00a0envisag\u00e9, sous peine de commettre un d\u00e9lit d&rsquo;entrave.<\/p>\n<p>\u00c0 l&rsquo;issue de la r\u00e9union de consultation du CSE sur le\u00a0<span class=\"Highlight\" title=\"licenciement\">licenciement<\/span>\u00a0d&rsquo;un\u00a0<span class=\"Highlight\" title=\"salari\u00e9s prot\u00e9g\u00e9s\">salari\u00e9 prot\u00e9g\u00e9<\/span>, <strong>un proc\u00e8s-verbal<\/strong> doit \u00eatre \u00e9tabli.<\/p>\n<h3>\u00a0L&rsquo;autorisation de\u00a0l&rsquo;inspecteur du travail<\/h3>\n<p>&gt;<strong>La proc\u00e9dure de licenciement<\/strong> d&rsquo;un salari\u00e9 prot\u00e9g\u00e9 se d\u00e9marque lors de cette \u00e9tape. En effet, dans les 15 jours suivant la r\u00e9union du\u00a0CSE, l&#8217;employeur doit solliciter l&rsquo;autorisation de l&rsquo;inspecteur du travail pour licencier le salari\u00e9 prot\u00e9g\u00e9 en question. Pour ce faire, il doit lui adresser sa demande par lettre recommand\u00e9e avec accus\u00e9 de r\u00e9ception. Le courrier doit mentionner <strong>les motifs du licenciement<\/strong> envisag\u00e9 et la nature du mandat du salari\u00e9. Le<strong>\u00a0proc\u00e8s verbal\u00a0de la r\u00e9union<\/strong> du CSE doit \u00eatre joint au courrier.<\/p>\n<p class=\"niv1\">Une fois saisi, l&rsquo;inspecteur du travail proc\u00e8de \u00e0 une enqu\u00eate contradictoire, notamment en auditionnant l&#8217;employeur et le salari\u00e9 concern\u00e9. Il v\u00e9rifie \u00e9galement que la proc\u00e9dure pr\u00e9vue par le Code du travail a bien \u00e9t\u00e9 respect\u00e9e.<\/p>\n<p>L&rsquo;inspecteur rend sa d\u00e9cision dans <strong>un d\u00e9lai de deux mois<\/strong> \u00e0 compter de la r\u00e9ception de la demande de l&#8217;employeur. Il peut autoriser ou refuser le licenciement. Sa d\u00e9cision doit \u00eatre motiv\u00e9e et notifi\u00e9e \u00e0 l&#8217;employeur et au salari\u00e9 par lettre recommand\u00e9e avec demande d&rsquo;avis de r\u00e9ception.<\/p>\n<p>Licenciement salari\u00e9 prot\u00e9g\u00e9 : une absence de r\u00e9ponse de\u00a0la part de l&rsquo;inspecteur du travail \u00e9quivaut \u00e0 un <strong>refus.<\/strong><\/p>\n<h3>La notification du licenciement<\/h3>\n<p>Une fois l&rsquo;autorisation obtenue, la proc\u00e9dure de licenciement d&rsquo;un salari\u00e9 prot\u00e9g\u00e9 se termine par une notification de la\u00a0rupture au salari\u00e9 et cela m\u00eame s&rsquo;il sait qu&rsquo;un recours est engag\u00e9 par le salari\u00e9 \u00e0 l&rsquo;encontre de la d\u00e9cision de l&rsquo;inspecteur du travail.<\/p>\n<p>Il est pr\u00e9cis\u00e9 que le seul fait que l&rsquo;inspecteur du travail ait autoris\u00e9 le\u00a0<span class=\"Highlight\" title=\"licenciement\">licenciement<\/span>\u00a0n&rsquo;oblige pas l&#8217;employeur \u00e0\u00a0<span class=\"Highlight\" title=\"licenciement\">licencier<\/span>\u00a0le salari\u00e9.<\/p>\n<p><strong>La lettre doit comporter<\/strong> :<\/p>\n<ul>\n<li>La mention explicite qu&rsquo;il s&rsquo;agit d&rsquo;un\u00a0<span class=\"Highlight\" title=\"licenciement\">licenciement<\/span>\u00a0;<\/li>\n<li>Les motifs de ce\u00a0<span class=\"Highlight\" title=\"licenciement\">licenciement<\/span>\u00a0: l&#8217;employeur doit faire \u00e9tat de faits ou de griefs objectifs, pr\u00e9cis et mat\u00e9riellement v\u00e9rifiables ;<\/li>\n<li>La qualification de la faute\u00a0si le licenciement est mis en oeuvre pour faute : faute simple, faute grave, faute lourde ;<\/li>\n<li>Les indications relatives au pr\u00e9avis : selon les cas, il y aura ex\u00e9cution, dispense ou encore absence de pr\u00e9avis ;<\/li>\n<li>La signature manuscrite de l&#8217;employeur ou de la personne qui le repr\u00e9sente, d\u00fbment mandat\u00e9e pour proc\u00e9der au\u00a0<span class=\"Highlight\" title=\"licenciement\">licenciement<\/span>.<\/li>\n<\/ul>\n<p>LegalVision vous accompagne dans la r\u00e9daction d&rsquo;une <a href=\"https:\/\/www.legalvision.fr\/lp\/lettre-licenciement\">lettre de licenciement<\/a>.<\/p>\n<h3>\u00a0Licenciement salari\u00e9 prot\u00e9g\u00e9 sans autorisation : les cons\u00e9quences<\/h3>\n<p><strong>Attention<\/strong>, si l&#8217;employeur proc\u00e8de au <strong>licenciement<\/strong> du salari\u00e9 prot\u00e9g\u00e9 sans avoir demand\u00e9 l&rsquo;autorisation de l&rsquo;inspecteur du travail ou en cas de refus d&rsquo;autorisation, il sera <strong>nul.<\/strong><\/p>\n<p>Le salari\u00e9 peut alors \u00eatre <strong>r\u00e9int\u00e9gr\u00e9<\/strong> dans l&rsquo;entreprise s&rsquo;il le demande. Dans cette situation, il percevra une <strong>indemnit\u00e9<\/strong> \u00e9gale aux r\u00e9mun\u00e9rations qu&rsquo;il aurait per\u00e7ues s&rsquo;il avait travaill\u00e9 entre le moment o\u00f9 il a \u00e9t\u00e9 \u00e9vinc\u00e9 et sa r\u00e9int\u00e9gration.<\/p>\n<p>Si ne la demande pas, une <strong>r\u00e9mun\u00e9ration<\/strong> lui sera vers\u00e9e jusqu&rsquo;\u00e0 ce que la p\u00e9riode de protection prenne fin. En outre, des <strong>indemnit\u00e9s de rupture<\/strong> lui seront allou\u00e9es tout comme une indemnit\u00e9 r\u00e9parant le pr\u00e9judice subi. Pr\u00e9judice qui r\u00e9sulte du caract\u00e8re illicite du licenciement.<\/p>\n<h2 id=\"IV\">Licenciement salari\u00e9 prot\u00e9g\u00e9 : la contestation<\/h2>\n<p>Le salari\u00e9, tout comme l&#8217;employeur, peut contester la d\u00e9cision de l&rsquo;inspecteur du travail.<\/p>\n<h3>Licenciement salari\u00e9 prot\u00e9g\u00e9 : les recours possibles<\/h3>\n<ul>\n<li><strong>Recours hi\u00e9rarchique<\/strong><\/li>\n<\/ul>\n<p>Il s&rsquo;agit du\u00a0<span class=\"Highlight\" title=\"recours\">recours<\/span>, port\u00e9 devant<strong> le ministre du Travail<\/strong>, en constatation de la d\u00e9cision de l&rsquo;inspecteur du travail.\u00a0Ce\u00a0<span class=\"Highlight\" title=\"recours\">recours<\/span>\u00a0peut \u00eatre exerc\u00e9 par l&#8217;employeur ou le salari\u00e9.<\/p>\n<p>Le\u00a0<span class=\"Highlight\" title=\"recours\">recours<\/span>\u00a0hi\u00e9rarchique n&rsquo;est pas suspensif. Cela signifie que, malgr\u00e9 le\u00a0<span title=\"recours\">recours<\/span>\u00a0introduit devant le ministre, la d\u00e9cision de l&rsquo;inspecteur du travail reste applicable jusqu&rsquo;\u00e0 son \u00e9ventuelle annulation. L&#8217;employeur est donc en droit de prononcer le licenciement, s&rsquo;il y a \u00e9t\u00e9 autoris\u00e9 par l&rsquo;inspecteur.<\/p>\n<p>Ce recours est introduit dans <strong>un d\u00e9lai de deux mois<\/strong> \u00e0 compter de la notification de la d\u00e9cision de l&rsquo;inspecteur.<br \/>\nLe ministre du travail \u00e0 <strong>4 mois<\/strong> pour r\u00e9pondre. Le silence gard\u00e9 pendant plus de quatre mois sur ce recours vaut d\u00e9cision de rejet.\u00a0Ce d\u00e9lai se d\u00e9compte \u00e0 partir du<strong> jour de la saisine du ministre<\/strong>.<\/p>\n<ul>\n<li><strong>Recours contentieux<\/strong><\/li>\n<\/ul>\n<p>Chacune des parties int\u00e9ress\u00e9es peut exercer devant les juridictions administratives un\u00a0<span class=\"Highlight\" title=\"recours\">recours<\/span>\u00a0pour exc\u00e8s de pouvoir \u00e0 l&rsquo;encontre :<\/p>\n<ul>\n<li>de la d\u00e9cision de l&rsquo;inspecteur du travail ;<\/li>\n<li>de la d\u00e9cision prise par le ministre sur le\u00a0<span class=\"Highlight\" title=\"recours\">recours<\/span>\u00a0hi\u00e9rarchique.<\/li>\n<\/ul>\n<p>Dans tous les cas, ce\u00a0<span title=\"recours\">recours<\/span>\u00a0doit \u00eatre exerc\u00e9 dans un d\u00e9lai de\u00a0<b>deux mois<\/b>\u00a0\u00e0 compter de la notification de la d\u00e9cision administrative contest\u00e9e.\u00a0Ce\u00a0<span class=\"Highlight\" title=\"recours\">recours, comme le recours hi\u00e9rarchique,<\/span><b>n&rsquo;est pas suspensif.<\/b><\/p>\n<p>De m\u00eame, la d\u00e9cision du tribunal administratif pourra \u00e9galement \u00eatre contest\u00e9e dans <strong>un d\u00e9lai de deux mois<\/strong> \u00e0 compter de sa notification devant la cour administrative d&rsquo;appel.<\/p>\n<p>L&rsquo;arr\u00eat de la cour administrative d&rsquo;appel pourra lui-m\u00eame faire l&rsquo;objet d&rsquo;un\u00a0<span class=\"Highlight\" title=\"recours\">recours<\/span>\u00a0en cassation<strong> dans les deux mois<\/strong> de sa notification, devant le Conseil d&rsquo;\u00c9tat.<\/p>\n<h3>Les cons\u00e9quences de l&rsquo;annulation du licenciement du salari\u00e9 prot\u00e9g\u00e9<\/h3>\n<p>Concernant l&rsquo;indemnit\u00e9 de licenciement d&rsquo;un salari\u00e9 prot\u00e9g\u00e9, une particularit\u00e9 intervient une nouvelle fois. En effet, lorsque la d\u00e9cision\u00a0de l&rsquo;inspecteur du travail (qui avait valid\u00e9 le licenciement) est annul\u00e9e et est devenue d\u00e9finitive, le salari\u00e9 prot\u00e9g\u00e9\u00a0<strong>peut demander sa r\u00e9int\u00e9gration<\/strong> dans l&rsquo;entreprise. Il a droit en plus, au paiement d&rsquo;une\u00a0<strong>indemnit\u00e9<\/strong> correspondant \u00e0 la totalit\u00e9 du pr\u00e9judice subi au cours de la p\u00e9riode qui s&rsquo;est \u00e9coul\u00e9e entre son licenciement et sa r\u00e9int\u00e9gration effective.<\/p>\n<p>Le salari\u00e9 prot\u00e9g\u00e9 dont la demande d&rsquo;autorisation de licenciement a \u00e9t\u00e9 annul\u00e9e, peut<strong> ne pas demander sa r\u00e9int\u00e9gration.<\/strong> Dans un tel cas, la loi pr\u00e9voit que l&rsquo;int\u00e9ress\u00e9 a aussi droit \u00e0<strong> l&rsquo;indemnisation du pr\u00e9judice<\/strong> subi \u00e0 condition que l&rsquo;annulation de l&rsquo;autorisation du licenciement soit devenue d\u00e9finitive.<\/p>\n<p>L&rsquo;indemnisation est alors due pour la p\u00e9riode \u00e9coul\u00e9e entre le licenciement et l&rsquo;expiration du d\u00e9lai de <strong>2 mois<\/strong> suivant la notification de la d\u00e9cision d&rsquo;annulation.<\/p>\n<p>Concernant l&rsquo;indemnit\u00e9 de licenciement d&rsquo;un salari\u00e9 prot\u00e9g\u00e9, il a le droit, en plus de cette indemnisation sp\u00e9cifique, aux indemnit\u00e9s normales de fin de contrat, \u00e0 savoir l&rsquo;indemnit\u00e9 de licenciement, l\u2019indemnit\u00e9 compensatrice de <strong><a href=\"https:\/\/blog.legalvision.fr\/2019\/07\/17\/conges-payes-fonctionnement-et-droits\/\">cong\u00e9s pay\u00e9s<\/a><\/strong>, et \u00e9ventuellement l&rsquo;indemnit\u00e9 compensatrice de pr\u00e9avis. Bien entendu, pour cela, il doit refuser la r\u00e9int\u00e9gration.<\/p>\n<p>\u00a0<\/p>\n<p>\u00a0<\/p>\n<details>\n<summary><strong>Sources<\/strong> :<\/summary>\n<p><strong>Articles<\/strong> :<\/p>\n<ul>\n<li>\n<a href=\"https:\/\/www.legifrance.gouv.fr\/affichCodeArticle.do?idArticle=LEGIARTI000035652370&amp;cidTexte=LEGITEXT000006072050&amp;dateTexte=20190101\">L.2411-1 du Code du travail<\/a> relatif \u00e0 la liste des salari\u00e9s prot\u00e9g\u00e9s ;<\/li>\n<li>\n<a href=\"https:\/\/www.legifrance.gouv.fr\/affichCodeArticle.do;jsessionid=89181408671D2FE38E4441954A1E518F.tplgfr29s_2?idArticle=LEGIARTI000006902294&amp;cidTexte=LEGITEXT000006072050&amp;dateTexte=20190101&amp;categorieLien=id&amp;oldAction=&amp;nbResultRech=\">L.2411-3 et suivants du Code du travail <\/a>relatif \u00e0 la protection sp\u00e9cifique \u00e0 chaque mandat ;<\/li>\n<li>\n<a href=\"https:\/\/www.legifrance.gouv.fr\/affichCodeArticle.do?idArticle=LEGIARTI000036482931&amp;cidTexte=LEGITEXT000006072050&amp;dateTexte=20190101\">R.2421-8 du Code du travail<\/a> relatif \u00e0 la consultation du CSE ;<\/li>\n<li>\n<a href=\"https:\/\/www.legifrance.gouv.fr\/affichCodeArticle.do?cidTexte=LEGITEXT000006072050&amp;idArticle=LEGIARTI000018486083&amp;dateTexte=&amp;categorieLien=cid\">R.2422-1 du Code du travail<\/a> relatif au recours hi\u00e9rarchique ;<\/li>\n<li>\n<a href=\"https:\/\/www.legifrance.gouv.fr\/affichCodeArticle.do?cidTexte=LEGITEXT000006072050&amp;idArticle=LEGIARTI000006902361\">L.2422-4 du Code du travail<\/a> relatif \u00e0 l\u2019indemnit\u00e9 sp\u00e9ciale.<\/li>\n<\/ul>\n<\/details>\n<p>\u00a0<\/p>\n<p>\u00a0<\/p>\n<p>\u00a0<\/p>\n<p><\/p>\n<div class=\"wp-block-button\" style=\"text-align:center;\"><a class=\"wp-block-button__link has-background\" href=\"https:\/\/www.legalvision.fr\/tous-les-services\/\">Voir les services LegalVision<\/a><\/div>\n","protected":false},"excerpt":{"rendered":"<p>Lorsque l&#8217;employeur veut mettre fin au contrat de travail avec l&rsquo;un de ses salari\u00e9s, il peut user du licenciement, encore\u00a0faut-il qu&rsquo;il soit justifi\u00e9. D&rsquo;ailleurs,\u00a0le salari\u00e9 ayant un mandat quelconque, n&rsquo;y \u00e9chappe pas non plus. Licenciement salari\u00e9 prot\u00e9g\u00e9 : cette op\u00e9ration est donc tout \u00e0 fait possible. LegalVision vous expose ici, la proc\u00e9dure particuli\u00e8re\u00a0\u00e0 suivre. Sommaire&hellip; <a class=\"more-link\" href=\"https:\/\/www.legalvision.fr\/guides-juridiques\/droit-du-travail\/licenciement-salarie-protege-procedure-a-suivre\/\">Poursuivre la lecture <span class=\"screen-reader-text\">Tout savoir sur le licenciement d&rsquo;un salari\u00e9 prot\u00e9g\u00e9<\/span><\/a><\/p>\n","protected":false},"author":30,"featured_media":19739,"comment_status":"open","ping_status":"open","sticky":false,"template":"","format":"standard","meta":{"content-type":"","inline_featured_image":false,"footnotes":""},"categories":[2485],"tags":[],"class_list":["post-19290","post","type-post","status-publish","format-standard","has-post-thumbnail","hentry","category-droit-du-travail","entry"],"yoast_head":"<!-- This site is optimized with the Yoast SEO plugin v27.1.1 - https:\/\/yoast.com\/product\/yoast-seo-wordpress\/ -->\n<title>Licenciement salari\u00e9 prot\u00e9g\u00e9 : la proc\u00e9dure \u00e0 suivre<\/title>\n<meta name=\"description\" content=\"Licenciement salari\u00e9 prot\u00e9g\u00e9 : une proc\u00e9dure sp\u00e9cifique doit \u00eatre respect\u00e9e. LegalVision vous explique la marche \u00e0 suivre pour effectuer cette op\u00e9ration.\" \/>\n<meta name=\"robots\" content=\"index, follow, max-snippet:-1, max-image-preview:large, max-video-preview:-1\" \/>\n<link rel=\"canonical\" href=\"https:\/\/www.legalvision.fr\/guides-juridiques\/droit-du-travail\/licenciement-salarie-protege-procedure-a-suivre\/\" \/>\n<meta property=\"og:locale\" content=\"fr_FR\" \/>\n<meta property=\"og:type\" content=\"article\" \/>\n<meta property=\"og:title\" content=\"Licenciement salari\u00e9 prot\u00e9g\u00e9 : la proc\u00e9dure \u00e0 suivre\" \/>\n<meta property=\"og:description\" content=\"Licenciement salari\u00e9 prot\u00e9g\u00e9 : une proc\u00e9dure sp\u00e9cifique doit \u00eatre respect\u00e9e. LegalVision vous explique la marche \u00e0 suivre pour effectuer cette op\u00e9ration.\" \/>\n<meta property=\"og:url\" content=\"https:\/\/www.legalvision.fr\/guides-juridiques\/droit-du-travail\/licenciement-salarie-protege-procedure-a-suivre\/\" \/>\n<meta property=\"og:site_name\" content=\"Guides juridiques\" \/>\n<meta property=\"article:published_time\" content=\"2019-08-06T06:30:13+00:00\" \/>\n<meta property=\"article:modified_time\" content=\"2022-03-27T19:20:51+00:00\" \/>\n<meta property=\"og:image\" content=\"https:\/\/www.legalvision.fr\/guides-juridiques\/wp-content\/uploads\/2019\/07\/licenciement-salari\u00e9-prot\u00e9g\u00e9.jpg\" \/>\n\t<meta property=\"og:image:width\" content=\"958\" \/>\n\t<meta property=\"og:image:height\" content=\"350\" \/>\n\t<meta property=\"og:image:type\" content=\"image\/jpeg\" \/>\n<meta name=\"author\" content=\"William Lebrun\" \/>\n<meta name=\"twitter:card\" content=\"summary_large_image\" \/>\n<meta name=\"twitter:label1\" content=\"\u00c9crit par\" \/>\n\t<meta name=\"twitter:data1\" content=\"William Lebrun\" \/>\n\t<meta name=\"twitter:label2\" content=\"Dur\u00e9e de lecture estim\u00e9e\" \/>\n\t<meta name=\"twitter:data2\" content=\"12 minutes\" \/>\n<script type=\"application\/ld+json\" class=\"yoast-schema-graph\">{\"@context\":\"https:\/\/schema.org\",\"@graph\":[{\"@type\":\"Article\",\"@id\":\"https:\/\/www.legalvision.fr\/guides-juridiques\/droit-du-travail\/licenciement-salarie-protege-procedure-a-suivre\/#article\",\"isPartOf\":{\"@id\":\"https:\/\/www.legalvision.fr\/guides-juridiques\/droit-du-travail\/licenciement-salarie-protege-procedure-a-suivre\/\"},\"author\":{\"name\":\"William Lebrun\",\"@id\":\"https:\/\/www.legalvision.fr\/guides-juridiques\/#\/schema\/person\/3d24d0c20575138ed212b2e4b6f7b4b0\"},\"headline\":\"Tout savoir sur le licenciement d&rsquo;un salari\u00e9 prot\u00e9g\u00e9\",\"datePublished\":\"2019-08-06T06:30:13+00:00\",\"dateModified\":\"2022-03-27T19:20:51+00:00\",\"mainEntityOfPage\":{\"@id\":\"https:\/\/www.legalvision.fr\/guides-juridiques\/droit-du-travail\/licenciement-salarie-protege-procedure-a-suivre\/\"},\"wordCount\":2564,\"commentCount\":0,\"publisher\":{\"@id\":\"https:\/\/www.legalvision.fr\/guides-juridiques\/#organization\"},\"image\":{\"@id\":\"https:\/\/www.legalvision.fr\/guides-juridiques\/droit-du-travail\/licenciement-salarie-protege-procedure-a-suivre\/#primaryimage\"},\"thumbnailUrl\":\"https:\/\/www.legalvision.fr\/guides-juridiques\/wp-content\/uploads\/2019\/07\/licenciement-salari\u00e9-prot\u00e9g\u00e9.jpg\",\"articleSection\":[\"Droit du travail\"],\"inLanguage\":\"fr-FR\",\"potentialAction\":[{\"@type\":\"CommentAction\",\"name\":\"Comment\",\"target\":[\"https:\/\/www.legalvision.fr\/guides-juridiques\/droit-du-travail\/licenciement-salarie-protege-procedure-a-suivre\/#respond\"]}]},{\"@type\":\"WebPage\",\"@id\":\"https:\/\/www.legalvision.fr\/guides-juridiques\/droit-du-travail\/licenciement-salarie-protege-procedure-a-suivre\/\",\"url\":\"https:\/\/www.legalvision.fr\/guides-juridiques\/droit-du-travail\/licenciement-salarie-protege-procedure-a-suivre\/\",\"name\":\"Licenciement salari\u00e9 prot\u00e9g\u00e9 : la proc\u00e9dure \u00e0 suivre\",\"isPartOf\":{\"@id\":\"https:\/\/www.legalvision.fr\/guides-juridiques\/#website\"},\"primaryImageOfPage\":{\"@id\":\"https:\/\/www.legalvision.fr\/guides-juridiques\/droit-du-travail\/licenciement-salarie-protege-procedure-a-suivre\/#primaryimage\"},\"image\":{\"@id\":\"https:\/\/www.legalvision.fr\/guides-juridiques\/droit-du-travail\/licenciement-salarie-protege-procedure-a-suivre\/#primaryimage\"},\"thumbnailUrl\":\"https:\/\/www.legalvision.fr\/guides-juridiques\/wp-content\/uploads\/2019\/07\/licenciement-salari\u00e9-prot\u00e9g\u00e9.jpg\",\"datePublished\":\"2019-08-06T06:30:13+00:00\",\"dateModified\":\"2022-03-27T19:20:51+00:00\",\"description\":\"Licenciement salari\u00e9 prot\u00e9g\u00e9 : une proc\u00e9dure sp\u00e9cifique doit \u00eatre respect\u00e9e. LegalVision vous explique la marche \u00e0 suivre pour effectuer cette op\u00e9ration.\",\"breadcrumb\":{\"@id\":\"https:\/\/www.legalvision.fr\/guides-juridiques\/droit-du-travail\/licenciement-salarie-protege-procedure-a-suivre\/#breadcrumb\"},\"inLanguage\":\"fr-FR\",\"potentialAction\":[{\"@type\":\"ReadAction\",\"target\":[\"https:\/\/www.legalvision.fr\/guides-juridiques\/droit-du-travail\/licenciement-salarie-protege-procedure-a-suivre\/\"]}]},{\"@type\":\"ImageObject\",\"inLanguage\":\"fr-FR\",\"@id\":\"https:\/\/www.legalvision.fr\/guides-juridiques\/droit-du-travail\/licenciement-salarie-protege-procedure-a-suivre\/#primaryimage\",\"url\":\"https:\/\/www.legalvision.fr\/guides-juridiques\/wp-content\/uploads\/2019\/07\/licenciement-salari\u00e9-prot\u00e9g\u00e9.jpg\",\"contentUrl\":\"https:\/\/www.legalvision.fr\/guides-juridiques\/wp-content\/uploads\/2019\/07\/licenciement-salari\u00e9-prot\u00e9g\u00e9.jpg\",\"width\":958,\"height\":350,\"caption\":\"licenciement salari\u00e9 prot\u00e9g\u00e9\"},{\"@type\":\"BreadcrumbList\",\"@id\":\"https:\/\/www.legalvision.fr\/guides-juridiques\/droit-du-travail\/licenciement-salarie-protege-procedure-a-suivre\/#breadcrumb\",\"itemListElement\":[{\"@type\":\"ListItem\",\"position\":1,\"name\":\"Accueil\",\"item\":\"https:\/\/www.legalvision.fr\/guides-juridiques\/\"},{\"@type\":\"ListItem\",\"position\":2,\"name\":\"Droit du travail\",\"item\":\"https:\/\/www.legalvision.fr\/guides-juridiques\/droit-du-travail\/\"},{\"@type\":\"ListItem\",\"position\":3,\"name\":\"Tout savoir sur le licenciement d&rsquo;un salari\u00e9 prot\u00e9g\u00e9\"}]},{\"@type\":\"WebSite\",\"@id\":\"https:\/\/www.legalvision.fr\/guides-juridiques\/#website\",\"url\":\"https:\/\/www.legalvision.fr\/guides-juridiques\/\",\"name\":\"Guides juridiques\",\"description\":\"L&#039;information juridique \u00e0 destination des entreprises et TPE\",\"publisher\":{\"@id\":\"https:\/\/www.legalvision.fr\/guides-juridiques\/#organization\"},\"potentialAction\":[{\"@type\":\"SearchAction\",\"target\":{\"@type\":\"EntryPoint\",\"urlTemplate\":\"https:\/\/www.legalvision.fr\/guides-juridiques\/?s={search_term_string}\"},\"query-input\":{\"@type\":\"PropertyValueSpecification\",\"valueRequired\":true,\"valueName\":\"search_term_string\"}}],\"inLanguage\":\"fr-FR\"},{\"@type\":\"Organization\",\"@id\":\"https:\/\/www.legalvision.fr\/guides-juridiques\/#organization\",\"name\":\"Guides juridiques\",\"url\":\"https:\/\/www.legalvision.fr\/guides-juridiques\/\",\"logo\":{\"@type\":\"ImageObject\",\"inLanguage\":\"fr-FR\",\"@id\":\"https:\/\/www.legalvision.fr\/guides-juridiques\/#\/schema\/logo\/image\/\",\"url\":\"https:\/\/www.legalvision.fr\/guides-juridiques\/wp-content\/uploads\/2022\/10\/LV-Logotype.png\",\"contentUrl\":\"https:\/\/www.legalvision.fr\/guides-juridiques\/wp-content\/uploads\/2022\/10\/LV-Logotype.png\",\"width\":647,\"height\":125,\"caption\":\"Guides juridiques\"},\"image\":{\"@id\":\"https:\/\/www.legalvision.fr\/guides-juridiques\/#\/schema\/logo\/image\/\"}},{\"@type\":\"Person\",\"@id\":\"https:\/\/www.legalvision.fr\/guides-juridiques\/#\/schema\/person\/3d24d0c20575138ed212b2e4b6f7b4b0\",\"name\":\"William Lebrun\",\"image\":{\"@type\":\"ImageObject\",\"inLanguage\":\"fr-FR\",\"@id\":\"https:\/\/www.legalvision.fr\/guides-juridiques\/#\/schema\/person\/image\/\",\"url\":\"https:\/\/www.legalvision.fr\/guides-juridiques\/wp-content\/uploads\/2023\/07\/cropped-homme1-96x96.png\",\"contentUrl\":\"https:\/\/www.legalvision.fr\/guides-juridiques\/wp-content\/uploads\/2023\/07\/cropped-homme1-96x96.png\",\"caption\":\"William Lebrun\"},\"description\":\"B\u00e9n\u00e9ficiant de la formation d'un double dipl\u00f4me en droit des affaires et en \u00e9cole de commerce, j'ai un fort attrait pour le droit des soci\u00e9t\u00e9s. Je r\u00e9dige des articles pour vous aider sur vos probl\u00e9matiques.\",\"url\":\"https:\/\/www.legalvision.fr\/guides-juridiques\/author\/aina-rakoto\/\"}]}<\/script>\n<!-- \/ Yoast SEO plugin. -->","yoast_head_json":{"title":"Licenciement salari\u00e9 prot\u00e9g\u00e9 : la proc\u00e9dure \u00e0 suivre","description":"Licenciement salari\u00e9 prot\u00e9g\u00e9 : une proc\u00e9dure sp\u00e9cifique doit \u00eatre respect\u00e9e. LegalVision vous explique la marche \u00e0 suivre pour effectuer cette op\u00e9ration.","robots":{"index":"index","follow":"follow","max-snippet":"max-snippet:-1","max-image-preview":"max-image-preview:large","max-video-preview":"max-video-preview:-1"},"canonical":"https:\/\/www.legalvision.fr\/guides-juridiques\/droit-du-travail\/licenciement-salarie-protege-procedure-a-suivre\/","og_locale":"fr_FR","og_type":"article","og_title":"Licenciement salari\u00e9 prot\u00e9g\u00e9 : la proc\u00e9dure \u00e0 suivre","og_description":"Licenciement salari\u00e9 prot\u00e9g\u00e9 : une proc\u00e9dure sp\u00e9cifique doit \u00eatre respect\u00e9e. LegalVision vous explique la marche \u00e0 suivre pour effectuer cette op\u00e9ration.","og_url":"https:\/\/www.legalvision.fr\/guides-juridiques\/droit-du-travail\/licenciement-salarie-protege-procedure-a-suivre\/","og_site_name":"Guides juridiques","article_published_time":"2019-08-06T06:30:13+00:00","article_modified_time":"2022-03-27T19:20:51+00:00","og_image":[{"width":958,"height":350,"url":"https:\/\/www.legalvision.fr\/guides-juridiques\/wp-content\/uploads\/2019\/07\/licenciement-salari\u00e9-prot\u00e9g\u00e9.jpg","type":"image\/jpeg"}],"author":"William Lebrun","twitter_card":"summary_large_image","twitter_misc":{"\u00c9crit par":"William Lebrun","Dur\u00e9e de lecture estim\u00e9e":"12 minutes"},"schema":{"@context":"https:\/\/schema.org","@graph":[{"@type":"Article","@id":"https:\/\/www.legalvision.fr\/guides-juridiques\/droit-du-travail\/licenciement-salarie-protege-procedure-a-suivre\/#article","isPartOf":{"@id":"https:\/\/www.legalvision.fr\/guides-juridiques\/droit-du-travail\/licenciement-salarie-protege-procedure-a-suivre\/"},"author":{"name":"William Lebrun","@id":"https:\/\/www.legalvision.fr\/guides-juridiques\/#\/schema\/person\/3d24d0c20575138ed212b2e4b6f7b4b0"},"headline":"Tout savoir sur le licenciement d&rsquo;un salari\u00e9 prot\u00e9g\u00e9","datePublished":"2019-08-06T06:30:13+00:00","dateModified":"2022-03-27T19:20:51+00:00","mainEntityOfPage":{"@id":"https:\/\/www.legalvision.fr\/guides-juridiques\/droit-du-travail\/licenciement-salarie-protege-procedure-a-suivre\/"},"wordCount":2564,"commentCount":0,"publisher":{"@id":"https:\/\/www.legalvision.fr\/guides-juridiques\/#organization"},"image":{"@id":"https:\/\/www.legalvision.fr\/guides-juridiques\/droit-du-travail\/licenciement-salarie-protege-procedure-a-suivre\/#primaryimage"},"thumbnailUrl":"https:\/\/www.legalvision.fr\/guides-juridiques\/wp-content\/uploads\/2019\/07\/licenciement-salari\u00e9-prot\u00e9g\u00e9.jpg","articleSection":["Droit du travail"],"inLanguage":"fr-FR","potentialAction":[{"@type":"CommentAction","name":"Comment","target":["https:\/\/www.legalvision.fr\/guides-juridiques\/droit-du-travail\/licenciement-salarie-protege-procedure-a-suivre\/#respond"]}]},{"@type":"WebPage","@id":"https:\/\/www.legalvision.fr\/guides-juridiques\/droit-du-travail\/licenciement-salarie-protege-procedure-a-suivre\/","url":"https:\/\/www.legalvision.fr\/guides-juridiques\/droit-du-travail\/licenciement-salarie-protege-procedure-a-suivre\/","name":"Licenciement salari\u00e9 prot\u00e9g\u00e9 : la proc\u00e9dure \u00e0 suivre","isPartOf":{"@id":"https:\/\/www.legalvision.fr\/guides-juridiques\/#website"},"primaryImageOfPage":{"@id":"https:\/\/www.legalvision.fr\/guides-juridiques\/droit-du-travail\/licenciement-salarie-protege-procedure-a-suivre\/#primaryimage"},"image":{"@id":"https:\/\/www.legalvision.fr\/guides-juridiques\/droit-du-travail\/licenciement-salarie-protege-procedure-a-suivre\/#primaryimage"},"thumbnailUrl":"https:\/\/www.legalvision.fr\/guides-juridiques\/wp-content\/uploads\/2019\/07\/licenciement-salari\u00e9-prot\u00e9g\u00e9.jpg","datePublished":"2019-08-06T06:30:13+00:00","dateModified":"2022-03-27T19:20:51+00:00","description":"Licenciement salari\u00e9 prot\u00e9g\u00e9 : une proc\u00e9dure sp\u00e9cifique doit \u00eatre respect\u00e9e. LegalVision vous explique la marche \u00e0 suivre pour effectuer cette op\u00e9ration.","breadcrumb":{"@id":"https:\/\/www.legalvision.fr\/guides-juridiques\/droit-du-travail\/licenciement-salarie-protege-procedure-a-suivre\/#breadcrumb"},"inLanguage":"fr-FR","potentialAction":[{"@type":"ReadAction","target":["https:\/\/www.legalvision.fr\/guides-juridiques\/droit-du-travail\/licenciement-salarie-protege-procedure-a-suivre\/"]}]},{"@type":"ImageObject","inLanguage":"fr-FR","@id":"https:\/\/www.legalvision.fr\/guides-juridiques\/droit-du-travail\/licenciement-salarie-protege-procedure-a-suivre\/#primaryimage","url":"https:\/\/www.legalvision.fr\/guides-juridiques\/wp-content\/uploads\/2019\/07\/licenciement-salari\u00e9-prot\u00e9g\u00e9.jpg","contentUrl":"https:\/\/www.legalvision.fr\/guides-juridiques\/wp-content\/uploads\/2019\/07\/licenciement-salari\u00e9-prot\u00e9g\u00e9.jpg","width":958,"height":350,"caption":"licenciement salari\u00e9 prot\u00e9g\u00e9"},{"@type":"BreadcrumbList","@id":"https:\/\/www.legalvision.fr\/guides-juridiques\/droit-du-travail\/licenciement-salarie-protege-procedure-a-suivre\/#breadcrumb","itemListElement":[{"@type":"ListItem","position":1,"name":"Accueil","item":"https:\/\/www.legalvision.fr\/guides-juridiques\/"},{"@type":"ListItem","position":2,"name":"Droit du travail","item":"https:\/\/www.legalvision.fr\/guides-juridiques\/droit-du-travail\/"},{"@type":"ListItem","position":3,"name":"Tout savoir sur le licenciement d&rsquo;un salari\u00e9 prot\u00e9g\u00e9"}]},{"@type":"WebSite","@id":"https:\/\/www.legalvision.fr\/guides-juridiques\/#website","url":"https:\/\/www.legalvision.fr\/guides-juridiques\/","name":"Guides juridiques","description":"L&#039;information juridique \u00e0 destination des entreprises et TPE","publisher":{"@id":"https:\/\/www.legalvision.fr\/guides-juridiques\/#organization"},"potentialAction":[{"@type":"SearchAction","target":{"@type":"EntryPoint","urlTemplate":"https:\/\/www.legalvision.fr\/guides-juridiques\/?s={search_term_string}"},"query-input":{"@type":"PropertyValueSpecification","valueRequired":true,"valueName":"search_term_string"}}],"inLanguage":"fr-FR"},{"@type":"Organization","@id":"https:\/\/www.legalvision.fr\/guides-juridiques\/#organization","name":"Guides juridiques","url":"https:\/\/www.legalvision.fr\/guides-juridiques\/","logo":{"@type":"ImageObject","inLanguage":"fr-FR","@id":"https:\/\/www.legalvision.fr\/guides-juridiques\/#\/schema\/logo\/image\/","url":"https:\/\/www.legalvision.fr\/guides-juridiques\/wp-content\/uploads\/2022\/10\/LV-Logotype.png","contentUrl":"https:\/\/www.legalvision.fr\/guides-juridiques\/wp-content\/uploads\/2022\/10\/LV-Logotype.png","width":647,"height":125,"caption":"Guides juridiques"},"image":{"@id":"https:\/\/www.legalvision.fr\/guides-juridiques\/#\/schema\/logo\/image\/"}},{"@type":"Person","@id":"https:\/\/www.legalvision.fr\/guides-juridiques\/#\/schema\/person\/3d24d0c20575138ed212b2e4b6f7b4b0","name":"William Lebrun","image":{"@type":"ImageObject","inLanguage":"fr-FR","@id":"https:\/\/www.legalvision.fr\/guides-juridiques\/#\/schema\/person\/image\/","url":"https:\/\/www.legalvision.fr\/guides-juridiques\/wp-content\/uploads\/2023\/07\/cropped-homme1-96x96.png","contentUrl":"https:\/\/www.legalvision.fr\/guides-juridiques\/wp-content\/uploads\/2023\/07\/cropped-homme1-96x96.png","caption":"William Lebrun"},"description":"B\u00e9n\u00e9ficiant de la formation d'un double dipl\u00f4me en droit des affaires et en \u00e9cole de commerce, j'ai un fort attrait pour le droit des soci\u00e9t\u00e9s. Je r\u00e9dige des articles pour vous aider sur vos probl\u00e9matiques.","url":"https:\/\/www.legalvision.fr\/guides-juridiques\/author\/aina-rakoto\/"}]}},"_links":{"self":[{"href":"https:\/\/www.legalvision.fr\/guides-juridiques\/wp-json\/wp\/v2\/posts\/19290","targetHints":{"allow":["GET"]}}],"collection":[{"href":"https:\/\/www.legalvision.fr\/guides-juridiques\/wp-json\/wp\/v2\/posts"}],"about":[{"href":"https:\/\/www.legalvision.fr\/guides-juridiques\/wp-json\/wp\/v2\/types\/post"}],"author":[{"embeddable":true,"href":"https:\/\/www.legalvision.fr\/guides-juridiques\/wp-json\/wp\/v2\/users\/30"}],"replies":[{"embeddable":true,"href":"https:\/\/www.legalvision.fr\/guides-juridiques\/wp-json\/wp\/v2\/comments?post=19290"}],"version-history":[{"count":0,"href":"https:\/\/www.legalvision.fr\/guides-juridiques\/wp-json\/wp\/v2\/posts\/19290\/revisions"}],"wp:featuredmedia":[{"embeddable":true,"href":"https:\/\/www.legalvision.fr\/guides-juridiques\/wp-json\/wp\/v2\/media\/19739"}],"wp:attachment":[{"href":"https:\/\/www.legalvision.fr\/guides-juridiques\/wp-json\/wp\/v2\/media?parent=19290"}],"wp:term":[{"taxonomy":"category","embeddable":true,"href":"https:\/\/www.legalvision.fr\/guides-juridiques\/wp-json\/wp\/v2\/categories?post=19290"},{"taxonomy":"post_tag","embeddable":true,"href":"https:\/\/www.legalvision.fr\/guides-juridiques\/wp-json\/wp\/v2\/tags?post=19290"}],"curies":[{"name":"wp","href":"https:\/\/api.w.org\/{rel}","templated":true}]}}