{"id":19152,"date":"2019-07-17T07:30:45","date_gmt":"2019-07-17T06:30:45","guid":{"rendered":"https:\/\/blog.legalvision.fr\/?p=19152"},"modified":"2022-03-27T21:20:53","modified_gmt":"2022-03-27T19:20:53","slug":"conges-payes-fonctionnement-et-droits","status":"publish","type":"post","link":"https:\/\/www.legalvision.fr\/guides-juridiques\/droit-du-travail\/conges-payes-fonctionnement-et-droits\/","title":{"rendered":"Cong\u00e9s pay\u00e9s : le guide de Legalvision"},"content":{"rendered":"<p>Tous les salari\u00e9s, y compris les apprentis et les salari\u00e9s des \u00e9tablissements publics \u00e0 caract\u00e8re industriel et commercial b\u00e9n\u00e9ficient de cong\u00e9s pay\u00e9s.<\/p>\n<p>Peu importe le type de contrat (int\u00e9rim, CDD ou CDI), sa dur\u00e9e, le temps de travail ou l\u2019anciennet\u00e9, le salari\u00e9 b\u00e9n\u00e9ficie de cong\u00e9s pay\u00e9s.<\/p>\n<p>Les cong\u00e9s pay\u00e9s peuvent figurer au sein des contrats. Si vous souhaitez\u00a0<a href=\"https:\/\/www.legalvision.fr\/lp\/contrat-de-travail-cdi\">r\u00e9diger un CDI<\/a> ou <a href=\"https:\/\/www.legalvision.fr\/lp\/contrat-de-travail-cdd\">r\u00e9diger un CDD<\/a>, Legalvision peut vous accompagner !\n<\/p>\n<h3>Sommaire<\/h3>\n<p><a href=\"#I\"><strong>Calculer les\u00a0cong\u00e9s pay\u00e9s<br \/>\n<\/strong><\/a><a href=\"#II\"><strong>Les cong\u00e9s pay\u00e9s en pratique<br \/>\n<\/strong><\/a><a href=\"#III\"><strong>L&rsquo;indemnit\u00e9 de cong\u00e9s pay\u00e9s<br \/>\n<\/strong><\/a><a href=\"#IV\"><strong>La rupture du contrat de travail et les cong\u00e9s pay\u00e9s<br \/>\n<\/strong><\/a><a href=\"#V\"><strong>Les caisses de cong\u00e9s pay\u00e9s<\/strong><\/a><\/p>\n<div class=\"wp-block-button\" style=\"text-align:center;\"><a class=\"wp-block-button__link has-background\" href=\"https:\/\/www.legalvision.fr\/tous-les-services\/\">Voir les services LegalVision<\/a><\/div>\n<h2 id=\"I\">Calculer les\u00a0cong\u00e9s pay\u00e9s<\/h2>\n<h3>L\u2019acquisition des cong\u00e9s pay\u00e9s<\/h3>\n<p>L&rsquo;ouverture des droits \u00e0 cong\u00e9s pay\u00e9s n\u2019est soumise \u00e0 aucune p\u00e9riode minimale de travail. Ainsi, chaque salari\u00e9 acquiert des droits \u00e0 cong\u00e9s d\u00e8s sa prise de fonction.<\/p>\n<p>A compter de son entr\u00e9e en fonction, le salari\u00e9 acquiert <strong>deux jours et demi<\/strong> ouvrables <strong>par mois de <span title=\"Pour rappel, est consid\u00e9r\u00e9 comme du travail effectif le temps pendant lequel le salari\u00e9 est \u00e0 la disposition de l'employeur et se conforme \u00e0 ses directives sans pouvoir vaquer librement \u00e0 des occupations personnelles.\">travail effectif<\/span><\/strong> chez le m\u00eame employeur.<\/p>\n<p><strong>Les p\u00e9riodes d&rsquo;absence ne sont donc en principe pas prises en compte pour le calcul de l\u2019acquisition de cong\u00e9s pay\u00e9s.<\/strong><\/p>\n<p>A noter\u00a0: l&rsquo;absence du salari\u00e9 ne peut avoir pour effet d&rsquo;entra\u00eener une r\u00e9duction de ses droits \u00e0 cong\u00e9s plus que proportionnelle \u00e0 la dur\u00e9e de cette absence.<\/p>\n<p>Toutefois, certaines p\u00e9riodes pendant lesquelles le salari\u00e9 ne travaille pas \u00e0 proprement parler sont \u00e9galement consid\u00e9r\u00e9es comme du travail effectif. Elles doivent donc \u00eatre prises en compte comme si le salari\u00e9 avait travaill\u00e9.<\/p>\n<p>Sont consid\u00e9r\u00e9es comme p\u00e9riodes de travail effectif pour la d\u00e9termination de la dur\u00e9e du cong\u00e9 :<\/p>\n<ul>\n<li>Les p\u00e9riodes de cong\u00e9s pay\u00e9s ;<\/li>\n<li>Mais aussi les jours f\u00e9ri\u00e9s ch\u00f4m\u00e9s\u00a0;<\/li>\n<li>Et les p\u00e9riodes de cong\u00e9 de maternit\u00e9, de paternit\u00e9 et d&rsquo;accueil de l&rsquo;enfant et d&rsquo;adoption ;<\/li>\n<li>La p\u00e9riode de pr\u00e9avis, en cas de rupture du contrat de travail m\u00eame lorsque le salari\u00e9 a \u00e9t\u00e9 dispens\u00e9 de l&rsquo;ex\u00e9cuter\u00a0;<\/li>\n<li>Les contreparties obligatoires en repos ;<\/li>\n<li>Enfin, les p\u00e9riodes, dans la limite d&rsquo;une dur\u00e9e ininterrompue d&rsquo;un an, pendant lesquelles l&rsquo;ex\u00e9cution du contrat de travail est suspendue pour cause d&rsquo;accident du travail ou de maladie professionnelle.<\/li>\n<\/ul>\n<p>La dur\u00e9e totale du cong\u00e9 exigible ne peut exc\u00e9der 30 jours ouvrables.<\/p>\n<p><strong>Lorsque le nombre de jours ouvrables n&rsquo;est pas un nombre entier, la dur\u00e9e du cong\u00e9 est port\u00e9e au nombre entier imm\u00e9diatement sup\u00e9rieur.\u00a0<\/strong>Si le salari\u00e9 a acquis 17,5 jours en 7 mois, alors, il b\u00e9n\u00e9ficiera finalement de 18 jours de cong\u00e9s pay\u00e9s.<\/p>\n<h3>La p\u00e9riode de r\u00e9f\u00e9rence d\u2019acquisition des cong\u00e9s pay\u00e9s<\/h3>\n<p><strong>La p\u00e9riode d&rsquo;acquisition<\/strong> des cong\u00e9s pay\u00e9s est fix\u00e9e, en principe, <strong>du 1<sup>er<\/sup> juin de l&rsquo;ann\u00e9e pr\u00e9c\u00e9dente au 31 mai de l&rsquo;ann\u00e9e en cours<\/strong>.<\/p>\n<p>Si un salari\u00e9 est embauch\u00e9 en cours d&rsquo;ann\u00e9e, le point de d\u00e9part de la p\u00e9riode de r\u00e9f\u00e9rence est logiquement la date de son embauche dans l&rsquo;entreprise (et non le 1<sup>er<\/sup> \u00a0juin).<\/p>\n<p>A l\u2019inverse, en cas de rupture du contrat de travail au cours de l&rsquo;ann\u00e9e de r\u00e9f\u00e9rence, le terme de la p\u00e9riode de r\u00e9f\u00e9rence est non pas le 31 mai de l&rsquo;ann\u00e9e en cours, mais la date de la rupture du contrat.<\/p>\n<h2 id=\"II\">Les cong\u00e9s pay\u00e9s en pratique<\/h2>\n<h3>La prise de cong\u00e9s pay\u00e9s<\/h3>\n<p>Les cong\u00e9s sont pris dans une p\u00e9riode qui comprend dans tous les cas la <strong>p\u00e9riode du 1<sup>er<\/sup> mai au 31 octobre de chaque ann\u00e9e<\/strong>.<\/p>\n<p>En vertu de son pouvoir de direction, l&#8217;employeur d\u00e9finit, apr\u00e8s avis, le cas \u00e9ch\u00e9ant, des repr\u00e9sentants du personnel, la p\u00e9riode de prise des cong\u00e9s.<\/p>\n<p>Cependant, le pouvoir dont dispose l&#8217;employeur dans la fixation de la p\u00e9riode des cong\u00e9s, est limit\u00e9 \u00e0 un double titre :<\/p>\n<ul>\n<li>doit, d&rsquo;une part, respecter les limites de la p\u00e9riode l\u00e9gale obligatoire, c&rsquo;est-\u00e0-dire du 1er mai au 31 octobre de chaque ann\u00e9e ;<\/li>\n<li>doit, d&rsquo;autre part, consulter les repr\u00e9sentants du personnel.<\/li>\n<\/ul>\n<p>Ensuite, la p\u00e9riode de prise des cong\u00e9s pay\u00e9s doit \u00eatre port\u00e9e par l&#8217;employeur \u00e0 la connaissance des salari\u00e9s. Cette communication doit \u00eatre effectu\u00e9e <strong>au moins 2 mois avant l&rsquo;ouverture de cette p\u00e9riode<\/strong>.<\/p>\n<p>Le Code du travail n\u2019impose aucune modalit\u00e9 d\u2019information sp\u00e9cifique.<\/p>\n<p>Ainsi, selon nous, un affichage collectif aux endroits d\u00e9di\u00e9s ou une note de service diffus\u00e9e par messagerie \u00e9lectronique est suffisant.<\/p>\n<h3>L\u2019ordre des d\u00e9parts en cong\u00e9<\/h3>\n<p><strong>L&rsquo;ordre des d\u00e9parts en cong\u00e9 des salari\u00e9s est fix\u00e9 par accord collectif, ou, \u00e0 d\u00e9faut, par l&#8217;employeur.<\/strong><\/p>\n<p>Dans tous les cas, il en r\u00e9sulte <strong>qu&rsquo;un salari\u00e9 ne peut pas d\u00e9cider seul de ses dates de cong\u00e9s sans en r\u00e9f\u00e9rer \u00e0 son employeur.<\/strong><\/p>\n<p>Si le salari\u00e9 ne peut pas fixer unilat\u00e9ralement ses dates de cong\u00e9s, l\u2019employeur lui aussi est astreint \u00e0 certaines contraintes. Sa d\u00e9cision ne peut ni \u00eatre discr\u00e9tionnaire, ni arbitraire.<\/p>\n<p>Pour d\u00e9finir l\u2019ordre des d\u00e9parts, l\u2019employeur tient compte des crit\u00e8re suivants :<\/p>\n<ul>\n<li>La situation de famille des salari\u00e9s, notamment les possibilit\u00e9s de cong\u00e9s, dans le secteur priv\u00e9 ou la fonction publique, du conjoint ou du partenaire li\u00e9 par un Pacs, ainsi que la pr\u00e9sence au sein du foyer d&rsquo;un enfant ou d&rsquo;un adulte handicap\u00e9 ou d&rsquo;une personne \u00e2g\u00e9e en perte d&rsquo;autonomie ;<\/li>\n<li>La dur\u00e9e de services chez l&#8217;employeur\u00a0;<\/li>\n<li>L&rsquo;activit\u00e9 chez un ou plusieurs autres employeurs.<\/li>\n<\/ul>\n<p>Ainsi, par exemple, les conjoints et les partenaires li\u00e9s par un Pacs travaillant dans une <strong>m\u00eame<\/strong> entreprise ont droit \u00e0 un cong\u00e9 simultan\u00e9.<\/p>\n<p>La situation est diff\u00e9rente lorsque les conjoints travaillent dans des entreprises diff\u00e9rentes. L&#8217;employeur peut tenir compte du cong\u00e9 du conjoint pour arr\u00eater sa d\u00e9cision. N\u00e9anmoins, rien n\u2019impose aux employeurs respectifs des \u00e9poux de calquer la date des cong\u00e9s sur ceux du conjoint si l&rsquo;entreprise ne peut s&rsquo;en accommoder.<\/p>\n<p><strong>Une fois l&rsquo;ordre des d\u00e9parts en cong\u00e9 arr\u00eat\u00e9, il est communiqu\u00e9 \u00e0 chaque salari\u00e9 un mois avant son d\u00e9part. <\/strong>Ainsi, l\u2019employeur ne peut pas modifier les dates de cong\u00e9 de ses salari\u00e9s moins d\u2019un mois avant le d\u00e9part.<\/p>\n<h3>Le fractionnement\u00a0des cong\u00e9s pay\u00e9s<\/h3>\n<p>En principe, les cong\u00e9s pay\u00e9s doivent \u00eatre pris en deux fois\u00a0: un cong\u00e9 principal et une 5<sup>\u00e8me<\/sup> semaine de cong\u00e9s pay\u00e9s.<\/p>\n<p>A condition qu&rsquo;il soit d&rsquo;une <strong>dur\u00e9e au moins \u00e9gale \u00e0 12 jours ouvrables<\/strong>, le cong\u00e9 principal, peut \u00eatre fractionn\u00e9. Mais dans ce cas, l&rsquo;accord du salari\u00e9 est n\u00e9cessaire.<\/p>\n<p><strong>La dur\u00e9e du cong\u00e9 principal ne peut en principe exc\u00e9der 24 jours ouvrables.<\/strong><\/p>\n<p>Cependant, il peut \u00eatre d\u00e9rog\u00e9 individuellement \u00e0 cette disposition pour les salari\u00e9s qui justifient de <strong>contraintes g\u00e9ographiques particuli\u00e8res.<\/strong><\/p>\n<p>La facult\u00e9 de fractionnement, qu&rsquo;elle soit mise en \u0153uvre par l&#8217;employeur ou demand\u00e9e par le salari\u00e9 implique dans tous les cas, l&rsquo;accord de l&rsquo;autre partie.<\/p>\n<h3>Le d\u00e9compte des cong\u00e9s pay\u00e9s<\/h3>\n<p>Le d\u00e9compte des jours de cong\u00e9 s&rsquo;effectue en principe en <strong><span title=\"Pour rappel, sont r\u00e9put\u00e9s ouvrables tous les jours de la semaine, \u00e0 l'exclusion du dimanche et du 1er mai.\">jours ouvrables<\/span><\/strong>.<\/p>\n<p>Le premier jour ouvrable de cong\u00e9s est le premier jour o\u00f9 le salari\u00e9 <strong>aurait d\u00fb travailler <\/strong>mais qu&rsquo;il n&rsquo;a pas travaill\u00e9. Les jours ch\u00f4m\u00e9s ne sont donc pas pris en compte.<\/p>\n<p>Le dernier jour de cong\u00e9 compte pour le calcul des jours ouvrables de cong\u00e9 m\u00eame s&rsquo;il correspond \u00e0 une journ\u00e9e non travaill\u00e9e dans l&rsquo;entreprise.<\/p>\n<h5><span style=\"text-decoration: underline;\">Exemple\u00a0:<\/span><\/h5>\n<p>Un salari\u00e9 travaillant 5 jours par semaine du lundi au vendredi s&rsquo;absente :<\/p>\n<ul>\n<li>Un vendredi soir pour revenir le lundi, 10 jours apr\u00e8s, il prend 6 jours ouvrables de cong\u00e9 ;<\/li>\n<li>Un jeudi soir pour revenir le lundi, 11 jours apr\u00e8s, il prend 8 jours de cong\u00e9 (car les 2 samedis sont des jours ouvrables dans ce cas).<\/li>\n<\/ul>\n<p>Lorsqu&rsquo;un jour f\u00e9ri\u00e9 est inclus dans la p\u00e9riode des cong\u00e9s, il convient de distinguer selon que ce jour f\u00e9ri\u00e9 est habituellement travaill\u00e9 dans l&rsquo;entreprise ou non et\/ou selon qu&rsquo;il tombe un jour ouvrable ou un jour de repos.<\/p>\n<p>L&rsquo;inclusion d&rsquo;un <strong>jour f\u00e9ri\u00e9 ch\u00f4m\u00e9<\/strong> dans la p\u00e9riode des cong\u00e9s a pour effet de prolonger ceux-ci d&rsquo;une journ\u00e9e. En effet, ce jour f\u00e9ri\u00e9 n&rsquo;est pas consid\u00e9r\u00e9 comme un jour ouvrable. Toutefois, lorsque le jour f\u00e9ri\u00e9 tombe un dimanche, il reste sans influence sur le calcul du cong\u00e9.<\/p>\n<h5><span style=\"text-decoration: underline;\">Exemple\u00a0:<\/span><\/h5>\n<p>Un\u00a0salari\u00e9 est employ\u00e9 habituellement du mardi au samedi. Il part en cong\u00e9 le lundi 7 juillet et revient le\u00a0mardi 5 ao\u00fbt. Le lundi 14 juillet, bien qu&rsquo;habituellement non travaill\u00e9 dans l&rsquo;entreprise, donne lieu \u00e0 prolongation d&rsquo;une journ\u00e9e de cong\u00e9.<\/p>\n<p>En pratique, si ce salari\u00e9 revient travailler le mardi 5 ao\u00fbt, il sera consid\u00e9r\u00e9 comme ayant pris 23 jours ouvrables de cong\u00e9 (et non 24).<\/p>\n<p><strong>Lorsque le jour f\u00e9ri\u00e9 n&rsquo;est pas ch\u00f4m\u00e9 dans l&rsquo;entreprise, il est consid\u00e9r\u00e9 comme jour ouvrable et ne donne pas lieu \u00e0 prolongation du cong\u00e9.<\/strong><\/p>\n<h3>Le report\u00a0de cong\u00e9s pay\u00e9s<\/h3>\n<p><strong>Les cong\u00e9s pay\u00e9s doivent \u00eatre pris en principe pendant la p\u00e9riode des cong\u00e9s sous peine d&rsquo;\u00eatre perdus. <\/strong><\/p>\n<p>Toutefois, il est possible de d\u00e9roger \u00e0 ce principe.\u00a0En effet, les reports de cong\u00e9s peuvent \u00eatre effectu\u00e9s jusqu\u2019au 31 d\u00e9cembre de l\u2019ann\u00e9e suivant celle pendant laquelle la p\u00e9riode de prise de ces cong\u00e9s a d\u00e9but\u00e9.<\/p>\n<p>Il arrive fr\u00e9quemment que, par accord entre les parties ou dispositions conventionnelles plus favorables, <strong>les droits \u00e0 cong\u00e9s puissent \u00eatre cumul\u00e9s sur plusieurs ann\u00e9es<\/strong>, notamment pour les travailleurs \u00e9trangers.<\/p>\n<h2 id=\"III\">L&rsquo;indemnit\u00e9 de cong\u00e9s pay\u00e9s<\/h2>\n<p>Pendant la p\u00e9riode des cong\u00e9s, le salari\u00e9 a droit \u00e0 une indemnit\u00e9 de cong\u00e9s pay\u00e9s, destin\u00e9e \u00e0 compenser sa perte de salaire.<\/p>\n<p>Deux modes de calcul pour l&rsquo;indemnit\u00e9 de cong\u00e9s pay\u00e9s sont pr\u00e9vus.<\/p>\n<p>Ainsi l&rsquo;indemnit\u00e9 doit \u00eatre :<\/p>\n<ul>\n<li>\u00e9gale\u00a01\/10 du salaire per\u00e7u par le salari\u00e9 au cours de la p\u00e9riode de r\u00e9f\u00e9rence (<strong>r\u00e8gle dite \u00ab du dixi\u00e8me \u00bb<\/strong>),<\/li>\n<li>sans pouvoir \u00eatre inf\u00e9rieure au salaire qu&rsquo;il aurait per\u00e7u durant ses cong\u00e9s s&rsquo;il avait travaill\u00e9 (<strong>r\u00e8gle dite du \u00ab maintien de salaire \u00bb<\/strong>).<\/li>\n<\/ul>\n<p><strong>L&#8217;employeur doit, pour chaque salari\u00e9, comparer ces deux m\u00e9thodes de calcul et choisir la plus favorable au salari\u00e9.<\/strong><\/p>\n<h5><span style=\"text-decoration: underline;\">Exemple\u00a0:<\/span><\/h5>\n<p>Un salari\u00e9 a per\u00e7u 18 000\u00a0\u20ac\u00a0bruts au cours de la p\u00e9riode de r\u00e9f\u00e9rence (1 500\u00a0\u20ac\u00a0par mois). S&rsquo;il prend deux semaines de cong\u00e9s pay\u00e9s, les calculs sont les suivants\u00a0:<\/p>\n<h5>R\u00e8gle \u00ab\u00a0du dixi\u00e8me\u00a0\u00bb :<\/h5>\n<p>Le calcul du 1\/10e de la r\u00e9mun\u00e9ration brute est effectu\u00e9 ainsi : (18 000\/10) = 1 800 \u20ac pour un cong\u00e9 d&rsquo;une dur\u00e9e de 30 jours ouvrables (ou 25 jours ouvr\u00e9s).<\/p>\n<p>Pour une fraction de deux semaines de cong\u00e9s, le calcul est le suivant :<\/p>\n<ul>\n<li>en jours ouvrables (soit 12 jours) : (18 000\/10) x (12\/30) = 720 \u20ac ;<\/li>\n<li>en jours ouvr\u00e9s (soit 10 jours) : (18 000\/10) x (10\/25) = 720 \u20ac.<\/li>\n<\/ul>\n<h5>R\u00e8gle du \u00ab\u00a0maintien de salaire\u00a0\u00bb :<\/h5>\n<p>En tenant compte de l&rsquo;horaire r\u00e9el du mois (7 heures par jour) au cours d&rsquo;un mois qui comporte 21 jours ouvr\u00e9s. Le nombre r\u00e9el d&rsquo;heures travaill\u00e9es dans le mois est fix\u00e9 \u00e0 147 heures (21 x 7). Le nombre d&rsquo;heures non travaill\u00e9es en raison des cong\u00e9s pay\u00e9s, \u00e0 70 heures (10 x 7).<\/p>\n<p>Le calcul est le suivant\u00a0: 1\u00a0500 x (7&#215;10) \/ (7&#215;21) =\u00a0714,28<\/p>\n<p><strong>Le salari\u00e9 per\u00e7oit le montant le plus favorable, soit 720 \u20ac pour ses 2 semaines de cong\u00e9s pay\u00e9s.<\/strong><\/p>\n<p><span style=\"text-decoration: underline;\"><strong>Important :<\/strong><\/span> les dates de cong\u00e9 ainsi que le montant de l\u2019indemnit\u00e9 de cong\u00e9s pay\u00e9s doivent imp\u00e9rativement figurer sur la fiche de paie.<\/p>\n<h2 id=\"IV\">La rupture du contrat de travail et les cong\u00e9s pay\u00e9s<\/h2>\n<p>Lorsque le contrat de travail est rompu avant que le salari\u00e9 ait pu faire valoir son droit \u00e0 cong\u00e9s, l&rsquo;int\u00e9ress\u00e9 peut pr\u00e9tendre \u00e0 une indemnit\u00e9 compensatrice de cong\u00e9s pay\u00e9s.<\/p>\n<p>Afin d\u2019\u00e9viter toute confusion, un rappel terminologique est n\u00e9cessaire. On parle d\u2019<strong>indemnit\u00e9 de cong\u00e9s pay\u00e9s<\/strong> pour la somme qui est vers\u00e9e au salari\u00e9 lorsqu\u2019il est en vacances. Pour la somme li\u00e9e \u00e0 la rupture du contrat de travail on parle d\u2019<strong>indemnit\u00e9 compensatrice de cong\u00e9s pay\u00e9s.<\/strong><\/p>\n<p>Effectivement, en cas de r\u00e9siliation du contrat de travail (d\u00e9mission, licenciement, terme d&rsquo;un CDD), le salari\u00e9 doit recevoir, pour la fraction de cong\u00e9 dont il n&rsquo;a pas b\u00e9n\u00e9fici\u00e9, une indemnit\u00e9 compensatrice de cong\u00e9s pay\u00e9s.<\/p>\n<p><a href=\"https:\/\/blog.legalvision.fr\/2019\/03\/31\/comment-demissionner-d-un-cdi-guide-complet\/\">Comment d\u00e9missionner d&rsquo;un CDI ?<\/a> Consultez le guide complet de Legalvision.<\/p>\n<p>L&rsquo;indemnit\u00e9 est due d\u00e8s lors peu importe que cette rupture r\u00e9sulte du fait du salari\u00e9 ou du fait de l&#8217;employeur.<\/p>\n<p><strong>Cette indemnit\u00e9 est due m\u00eame en cas de faute lourde du salari\u00e9.<\/strong><\/p>\n<p>Le pr\u00e9avis m\u00eame non effectu\u00e9 est consid\u00e9r\u00e9 comme temps de travail effectif et ouvre droit \u00e0 cong\u00e9.<\/p>\n<p>L&rsquo;indemnit\u00e9 compensatrice de cong\u00e9s pay\u00e9s est, calcul\u00e9e selon les m\u00eames modes de calcul que l&rsquo;indemnit\u00e9 proprement dite. L&#8217;employeur devant opter pour le mode de calcul (maintien du salaire ou r\u00e8gle du dixi\u00e8me) le plus avantageux pour le salari\u00e9 (cf III)<\/p>\n<p><strong>L&rsquo;indemnit\u00e9 compensatrice de cong\u00e9s pay\u00e9s doit \u00eatre vers\u00e9e au jour de la rupture effective du contrat de travail.<\/strong> Tel est le cas lors du solde tout compte.<\/p>\n<h2 id=\"V\">Les caisses de cong\u00e9s pay\u00e9s<\/h2>\n<p>Certaines professions font l\u2019objet de modalit\u00e9s particuli\u00e8res sur les cong\u00e9s pay\u00e9s. Dans ce cas, le service des cong\u00e9s est assur\u00e9 par des caisses de cong\u00e9s pay\u00e9s. Les\u00a0employeurs concern\u00e9s ont l&rsquo;obligation de s&rsquo;affilier \u00e0 ces caisses.<\/p>\n<p>Il s&rsquo;agit en pratique des professions \u00e0 travail discontinu comme le spectacle, le BTP, ou les transports.<\/p>\n<p>Les caisses de cong\u00e9s pay\u00e9s ont pour mission :<\/p>\n<ul>\n<li>d&rsquo;assurer le recouvrement des cotisations impos\u00e9es aux employeurs assujettis,<\/li>\n<li>de verser aux salari\u00e9s b\u00e9n\u00e9ficiaires les indemnit\u00e9s de cong\u00e9s pay\u00e9s qui leur sont dues.<\/li>\n<\/ul>\n<p>Vous avez plus d&rsquo;interrogations ? N&rsquo;h\u00e9sitez pas \u00e0 contacter <a href=\"https:\/\/www.legalvision.fr\/contactez-nous\/\">Legalvision<\/a>.<\/p>\n<details>\n<summary><strong>Sources :<\/strong><\/summary>\n<p><strong>Articles :<\/strong><\/p>\n<ul>\n<li>\n<a href=\"https:\/\/www.legifrance.gouv.fr\/affichCode.do?idArticle=LEGIARTI000033020838&amp;idSectionTA=LEGISCTA000033020841&amp;cidTexte=LEGITEXT000006072050&amp;dateTexte=20160810\">L. 3141-1 et suivants du Code du travail\u00a0<\/a>relatif au droit au cong\u00e9 ;<\/li>\n<li>\n<a href=\"https:\/\/www.legifrance.gouv.fr\/affichCode.do;jsessionid=B6FACEFBEB2E95171C4ADDDDFCA1BFAD.tplgfr41s_3?idSectionTA=LEGISCTA000033008311&amp;cidTexte=LEGITEXT000006072050&amp;dateTexte=20160810\">L. 3141-3 et suivants du Code du travail<\/a>\u00a0relatif aux dispositions d&rsquo;ordre public sur les cong\u00e9s pay\u00e9s ;<\/li>\n<li>\n<a href=\"https:\/\/www.legifrance.gouv.fr\/affichCode.do;jsessionid=B6FACEFBEB2E95171C4ADDDDFCA1BFAD.tplgfr41s_3?idSectionTA=LEGISCTA000033510142&amp;cidTexte=LEGITEXT000006072050&amp;dateTexte=20170101\">3141-5 et suivants du Code du travail<\/a>\u00a0relatif \u00e0 la prise des cong\u00e9s pay\u00e9s.<\/li>\n<\/ul>\n<\/details>\n<p><\/p>\n<div class=\"wp-block-button\" style=\"text-align:center;\"><a class=\"wp-block-button__link has-background\" href=\"https:\/\/www.legalvision.fr\/tous-les-services\/\">Voir les services LegalVision<\/a><\/div>\n","protected":false},"excerpt":{"rendered":"<p>Tous les salari\u00e9s, y compris les apprentis et les salari\u00e9s des \u00e9tablissements publics \u00e0 caract\u00e8re industriel et commercial b\u00e9n\u00e9ficient de cong\u00e9s pay\u00e9s. Peu importe le type de contrat (int\u00e9rim, CDD ou CDI), sa dur\u00e9e, le temps de travail ou l\u2019anciennet\u00e9, le salari\u00e9 b\u00e9n\u00e9ficie de cong\u00e9s pay\u00e9s. Les cong\u00e9s pay\u00e9s peuvent figurer au sein des contrats.&hellip; <a class=\"more-link\" href=\"https:\/\/www.legalvision.fr\/guides-juridiques\/droit-du-travail\/conges-payes-fonctionnement-et-droits\/\">Poursuivre la lecture <span class=\"screen-reader-text\">Cong\u00e9s pay\u00e9s : le guide de Legalvision<\/span><\/a><\/p>\n","protected":false},"author":58,"featured_media":19223,"comment_status":"open","ping_status":"open","sticky":false,"template":"","format":"standard","meta":{"content-type":"","inline_featured_image":false,"footnotes":""},"categories":[2485],"tags":[],"class_list":["post-19152","post","type-post","status-publish","format-standard","has-post-thumbnail","hentry","category-droit-du-travail","entry"],"yoast_head":"<!-- This site is optimized with the Yoast SEO plugin v27.1.1 - https:\/\/yoast.com\/product\/yoast-seo-wordpress\/ -->\n<title>Cong\u00e9s pay\u00e9s, Legalvision vous explique comment ils fonctionnent !<\/title>\n<meta name=\"description\" content=\"Vous partez en cong\u00e9s et vos interrogations sont nombreuses ? Conditions, dur\u00e9e et indemnit\u00e9 de cong\u00e9s pay\u00e9s, on fait le point avec vous.\" \/>\n<meta name=\"robots\" content=\"index, follow, max-snippet:-1, max-image-preview:large, max-video-preview:-1\" \/>\n<link rel=\"canonical\" href=\"https:\/\/www.legalvision.fr\/guides-juridiques\/droit-du-travail\/conges-payes-fonctionnement-et-droits\/\" \/>\n<meta property=\"og:locale\" content=\"fr_FR\" \/>\n<meta property=\"og:type\" content=\"article\" \/>\n<meta property=\"og:title\" content=\"Cong\u00e9s pay\u00e9s, Legalvision vous explique comment ils fonctionnent !\" \/>\n<meta property=\"og:description\" content=\"Vous partez en cong\u00e9s et vos interrogations sont nombreuses ? Conditions, dur\u00e9e et indemnit\u00e9 de cong\u00e9s pay\u00e9s, on fait le point avec vous.\" \/>\n<meta property=\"og:url\" content=\"https:\/\/www.legalvision.fr\/guides-juridiques\/droit-du-travail\/conges-payes-fonctionnement-et-droits\/\" \/>\n<meta property=\"og:site_name\" content=\"Guides juridiques\" \/>\n<meta property=\"article:published_time\" content=\"2019-07-17T06:30:45+00:00\" \/>\n<meta property=\"article:modified_time\" content=\"2022-03-27T19:20:53+00:00\" \/>\n<meta property=\"og:image\" content=\"https:\/\/www.legalvision.fr\/guides-juridiques\/wp-content\/uploads\/2019\/07\/cong\u00e9s-pay\u00e9s.jpg\" \/>\n\t<meta property=\"og:image:width\" content=\"958\" \/>\n\t<meta property=\"og:image:height\" content=\"350\" \/>\n\t<meta property=\"og:image:type\" content=\"image\/jpeg\" \/>\n<meta name=\"author\" content=\"Louis Robina\" \/>\n<meta name=\"twitter:card\" content=\"summary_large_image\" \/>\n<meta name=\"twitter:label1\" content=\"\u00c9crit par\" \/>\n\t<meta name=\"twitter:data1\" content=\"Louis Robina\" \/>\n\t<meta name=\"twitter:label2\" content=\"Dur\u00e9e de lecture estim\u00e9e\" \/>\n\t<meta name=\"twitter:data2\" content=\"12 minutes\" \/>\n<script type=\"application\/ld+json\" class=\"yoast-schema-graph\">{\"@context\":\"https:\/\/schema.org\",\"@graph\":[{\"@type\":\"Article\",\"@id\":\"https:\/\/www.legalvision.fr\/guides-juridiques\/droit-du-travail\/conges-payes-fonctionnement-et-droits\/#article\",\"isPartOf\":{\"@id\":\"https:\/\/www.legalvision.fr\/guides-juridiques\/droit-du-travail\/conges-payes-fonctionnement-et-droits\/\"},\"author\":{\"name\":\"Louis Robina\",\"@id\":\"https:\/\/www.legalvision.fr\/guides-juridiques\/#\/schema\/person\/eeaa1ceba87042e8ab1d352ddd96c74a\"},\"headline\":\"Cong\u00e9s pay\u00e9s : le guide de Legalvision\",\"datePublished\":\"2019-07-17T06:30:45+00:00\",\"dateModified\":\"2022-03-27T19:20:53+00:00\",\"mainEntityOfPage\":{\"@id\":\"https:\/\/www.legalvision.fr\/guides-juridiques\/droit-du-travail\/conges-payes-fonctionnement-et-droits\/\"},\"wordCount\":2498,\"commentCount\":0,\"publisher\":{\"@id\":\"https:\/\/www.legalvision.fr\/guides-juridiques\/#organization\"},\"image\":{\"@id\":\"https:\/\/www.legalvision.fr\/guides-juridiques\/droit-du-travail\/conges-payes-fonctionnement-et-droits\/#primaryimage\"},\"thumbnailUrl\":\"https:\/\/www.legalvision.fr\/guides-juridiques\/wp-content\/uploads\/2019\/07\/cong\u00e9s-pay\u00e9s.jpg\",\"articleSection\":[\"Droit du travail\"],\"inLanguage\":\"fr-FR\",\"potentialAction\":[{\"@type\":\"CommentAction\",\"name\":\"Comment\",\"target\":[\"https:\/\/www.legalvision.fr\/guides-juridiques\/droit-du-travail\/conges-payes-fonctionnement-et-droits\/#respond\"]}]},{\"@type\":\"WebPage\",\"@id\":\"https:\/\/www.legalvision.fr\/guides-juridiques\/droit-du-travail\/conges-payes-fonctionnement-et-droits\/\",\"url\":\"https:\/\/www.legalvision.fr\/guides-juridiques\/droit-du-travail\/conges-payes-fonctionnement-et-droits\/\",\"name\":\"Cong\u00e9s pay\u00e9s, Legalvision vous explique comment ils fonctionnent !\",\"isPartOf\":{\"@id\":\"https:\/\/www.legalvision.fr\/guides-juridiques\/#website\"},\"primaryImageOfPage\":{\"@id\":\"https:\/\/www.legalvision.fr\/guides-juridiques\/droit-du-travail\/conges-payes-fonctionnement-et-droits\/#primaryimage\"},\"image\":{\"@id\":\"https:\/\/www.legalvision.fr\/guides-juridiques\/droit-du-travail\/conges-payes-fonctionnement-et-droits\/#primaryimage\"},\"thumbnailUrl\":\"https:\/\/www.legalvision.fr\/guides-juridiques\/wp-content\/uploads\/2019\/07\/cong\u00e9s-pay\u00e9s.jpg\",\"datePublished\":\"2019-07-17T06:30:45+00:00\",\"dateModified\":\"2022-03-27T19:20:53+00:00\",\"description\":\"Vous partez en cong\u00e9s et vos interrogations sont nombreuses ? Conditions, dur\u00e9e et indemnit\u00e9 de cong\u00e9s pay\u00e9s, on fait le point avec vous.\",\"breadcrumb\":{\"@id\":\"https:\/\/www.legalvision.fr\/guides-juridiques\/droit-du-travail\/conges-payes-fonctionnement-et-droits\/#breadcrumb\"},\"inLanguage\":\"fr-FR\",\"potentialAction\":[{\"@type\":\"ReadAction\",\"target\":[\"https:\/\/www.legalvision.fr\/guides-juridiques\/droit-du-travail\/conges-payes-fonctionnement-et-droits\/\"]}]},{\"@type\":\"ImageObject\",\"inLanguage\":\"fr-FR\",\"@id\":\"https:\/\/www.legalvision.fr\/guides-juridiques\/droit-du-travail\/conges-payes-fonctionnement-et-droits\/#primaryimage\",\"url\":\"https:\/\/www.legalvision.fr\/guides-juridiques\/wp-content\/uploads\/2019\/07\/cong\u00e9s-pay\u00e9s.jpg\",\"contentUrl\":\"https:\/\/www.legalvision.fr\/guides-juridiques\/wp-content\/uploads\/2019\/07\/cong\u00e9s-pay\u00e9s.jpg\",\"width\":958,\"height\":350,\"caption\":\"cong\u00e9s pay\u00e9s\"},{\"@type\":\"BreadcrumbList\",\"@id\":\"https:\/\/www.legalvision.fr\/guides-juridiques\/droit-du-travail\/conges-payes-fonctionnement-et-droits\/#breadcrumb\",\"itemListElement\":[{\"@type\":\"ListItem\",\"position\":1,\"name\":\"Accueil\",\"item\":\"https:\/\/www.legalvision.fr\/guides-juridiques\/\"},{\"@type\":\"ListItem\",\"position\":2,\"name\":\"Droit du travail\",\"item\":\"https:\/\/www.legalvision.fr\/guides-juridiques\/droit-du-travail\/\"},{\"@type\":\"ListItem\",\"position\":3,\"name\":\"Cong\u00e9s pay\u00e9s : le guide de Legalvision\"}]},{\"@type\":\"WebSite\",\"@id\":\"https:\/\/www.legalvision.fr\/guides-juridiques\/#website\",\"url\":\"https:\/\/www.legalvision.fr\/guides-juridiques\/\",\"name\":\"Guides juridiques\",\"description\":\"L&#039;information juridique \u00e0 destination des entreprises et TPE\",\"publisher\":{\"@id\":\"https:\/\/www.legalvision.fr\/guides-juridiques\/#organization\"},\"potentialAction\":[{\"@type\":\"SearchAction\",\"target\":{\"@type\":\"EntryPoint\",\"urlTemplate\":\"https:\/\/www.legalvision.fr\/guides-juridiques\/?s={search_term_string}\"},\"query-input\":{\"@type\":\"PropertyValueSpecification\",\"valueRequired\":true,\"valueName\":\"search_term_string\"}}],\"inLanguage\":\"fr-FR\"},{\"@type\":\"Organization\",\"@id\":\"https:\/\/www.legalvision.fr\/guides-juridiques\/#organization\",\"name\":\"Guides juridiques\",\"url\":\"https:\/\/www.legalvision.fr\/guides-juridiques\/\",\"logo\":{\"@type\":\"ImageObject\",\"inLanguage\":\"fr-FR\",\"@id\":\"https:\/\/www.legalvision.fr\/guides-juridiques\/#\/schema\/logo\/image\/\",\"url\":\"https:\/\/www.legalvision.fr\/guides-juridiques\/wp-content\/uploads\/2022\/10\/LV-Logotype.png\",\"contentUrl\":\"https:\/\/www.legalvision.fr\/guides-juridiques\/wp-content\/uploads\/2022\/10\/LV-Logotype.png\",\"width\":647,\"height\":125,\"caption\":\"Guides juridiques\"},\"image\":{\"@id\":\"https:\/\/www.legalvision.fr\/guides-juridiques\/#\/schema\/logo\/image\/\"}},{\"@type\":\"Person\",\"@id\":\"https:\/\/www.legalvision.fr\/guides-juridiques\/#\/schema\/person\/eeaa1ceba87042e8ab1d352ddd96c74a\",\"name\":\"Louis Robina\",\"image\":{\"@type\":\"ImageObject\",\"inLanguage\":\"fr-FR\",\"@id\":\"https:\/\/www.legalvision.fr\/guides-juridiques\/#\/schema\/person\/image\/\",\"url\":\"https:\/\/www.legalvision.fr\/guides-juridiques\/wp-content\/uploads\/2023\/07\/homme9-96x96.png\",\"contentUrl\":\"https:\/\/www.legalvision.fr\/guides-juridiques\/wp-content\/uploads\/2023\/07\/homme9-96x96.png\",\"caption\":\"Louis Robina\"},\"description\":\"Louis est juriste au sein de LegalVision. Avocat et titulaire d'un Master 2 il est sp\u00e9cialis\u00e9 droit social.\",\"url\":\"https:\/\/www.legalvision.fr\/guides-juridiques\/author\/louis-robineau\/\"}]}<\/script>\n<!-- \/ Yoast SEO plugin. -->","yoast_head_json":{"title":"Cong\u00e9s pay\u00e9s, Legalvision vous explique comment ils fonctionnent !","description":"Vous partez en cong\u00e9s et vos interrogations sont nombreuses ? Conditions, dur\u00e9e et indemnit\u00e9 de cong\u00e9s pay\u00e9s, on fait le point avec vous.","robots":{"index":"index","follow":"follow","max-snippet":"max-snippet:-1","max-image-preview":"max-image-preview:large","max-video-preview":"max-video-preview:-1"},"canonical":"https:\/\/www.legalvision.fr\/guides-juridiques\/droit-du-travail\/conges-payes-fonctionnement-et-droits\/","og_locale":"fr_FR","og_type":"article","og_title":"Cong\u00e9s pay\u00e9s, Legalvision vous explique comment ils fonctionnent !","og_description":"Vous partez en cong\u00e9s et vos interrogations sont nombreuses ? Conditions, dur\u00e9e et indemnit\u00e9 de cong\u00e9s pay\u00e9s, on fait le point avec vous.","og_url":"https:\/\/www.legalvision.fr\/guides-juridiques\/droit-du-travail\/conges-payes-fonctionnement-et-droits\/","og_site_name":"Guides juridiques","article_published_time":"2019-07-17T06:30:45+00:00","article_modified_time":"2022-03-27T19:20:53+00:00","og_image":[{"width":958,"height":350,"url":"https:\/\/www.legalvision.fr\/guides-juridiques\/wp-content\/uploads\/2019\/07\/cong\u00e9s-pay\u00e9s.jpg","type":"image\/jpeg"}],"author":"Louis Robina","twitter_card":"summary_large_image","twitter_misc":{"\u00c9crit par":"Louis Robina","Dur\u00e9e de lecture estim\u00e9e":"12 minutes"},"schema":{"@context":"https:\/\/schema.org","@graph":[{"@type":"Article","@id":"https:\/\/www.legalvision.fr\/guides-juridiques\/droit-du-travail\/conges-payes-fonctionnement-et-droits\/#article","isPartOf":{"@id":"https:\/\/www.legalvision.fr\/guides-juridiques\/droit-du-travail\/conges-payes-fonctionnement-et-droits\/"},"author":{"name":"Louis Robina","@id":"https:\/\/www.legalvision.fr\/guides-juridiques\/#\/schema\/person\/eeaa1ceba87042e8ab1d352ddd96c74a"},"headline":"Cong\u00e9s pay\u00e9s : le guide de Legalvision","datePublished":"2019-07-17T06:30:45+00:00","dateModified":"2022-03-27T19:20:53+00:00","mainEntityOfPage":{"@id":"https:\/\/www.legalvision.fr\/guides-juridiques\/droit-du-travail\/conges-payes-fonctionnement-et-droits\/"},"wordCount":2498,"commentCount":0,"publisher":{"@id":"https:\/\/www.legalvision.fr\/guides-juridiques\/#organization"},"image":{"@id":"https:\/\/www.legalvision.fr\/guides-juridiques\/droit-du-travail\/conges-payes-fonctionnement-et-droits\/#primaryimage"},"thumbnailUrl":"https:\/\/www.legalvision.fr\/guides-juridiques\/wp-content\/uploads\/2019\/07\/cong\u00e9s-pay\u00e9s.jpg","articleSection":["Droit du travail"],"inLanguage":"fr-FR","potentialAction":[{"@type":"CommentAction","name":"Comment","target":["https:\/\/www.legalvision.fr\/guides-juridiques\/droit-du-travail\/conges-payes-fonctionnement-et-droits\/#respond"]}]},{"@type":"WebPage","@id":"https:\/\/www.legalvision.fr\/guides-juridiques\/droit-du-travail\/conges-payes-fonctionnement-et-droits\/","url":"https:\/\/www.legalvision.fr\/guides-juridiques\/droit-du-travail\/conges-payes-fonctionnement-et-droits\/","name":"Cong\u00e9s pay\u00e9s, Legalvision vous explique comment ils fonctionnent !","isPartOf":{"@id":"https:\/\/www.legalvision.fr\/guides-juridiques\/#website"},"primaryImageOfPage":{"@id":"https:\/\/www.legalvision.fr\/guides-juridiques\/droit-du-travail\/conges-payes-fonctionnement-et-droits\/#primaryimage"},"image":{"@id":"https:\/\/www.legalvision.fr\/guides-juridiques\/droit-du-travail\/conges-payes-fonctionnement-et-droits\/#primaryimage"},"thumbnailUrl":"https:\/\/www.legalvision.fr\/guides-juridiques\/wp-content\/uploads\/2019\/07\/cong\u00e9s-pay\u00e9s.jpg","datePublished":"2019-07-17T06:30:45+00:00","dateModified":"2022-03-27T19:20:53+00:00","description":"Vous partez en cong\u00e9s et vos interrogations sont nombreuses ? Conditions, dur\u00e9e et indemnit\u00e9 de cong\u00e9s pay\u00e9s, on fait le point avec vous.","breadcrumb":{"@id":"https:\/\/www.legalvision.fr\/guides-juridiques\/droit-du-travail\/conges-payes-fonctionnement-et-droits\/#breadcrumb"},"inLanguage":"fr-FR","potentialAction":[{"@type":"ReadAction","target":["https:\/\/www.legalvision.fr\/guides-juridiques\/droit-du-travail\/conges-payes-fonctionnement-et-droits\/"]}]},{"@type":"ImageObject","inLanguage":"fr-FR","@id":"https:\/\/www.legalvision.fr\/guides-juridiques\/droit-du-travail\/conges-payes-fonctionnement-et-droits\/#primaryimage","url":"https:\/\/www.legalvision.fr\/guides-juridiques\/wp-content\/uploads\/2019\/07\/cong\u00e9s-pay\u00e9s.jpg","contentUrl":"https:\/\/www.legalvision.fr\/guides-juridiques\/wp-content\/uploads\/2019\/07\/cong\u00e9s-pay\u00e9s.jpg","width":958,"height":350,"caption":"cong\u00e9s pay\u00e9s"},{"@type":"BreadcrumbList","@id":"https:\/\/www.legalvision.fr\/guides-juridiques\/droit-du-travail\/conges-payes-fonctionnement-et-droits\/#breadcrumb","itemListElement":[{"@type":"ListItem","position":1,"name":"Accueil","item":"https:\/\/www.legalvision.fr\/guides-juridiques\/"},{"@type":"ListItem","position":2,"name":"Droit du travail","item":"https:\/\/www.legalvision.fr\/guides-juridiques\/droit-du-travail\/"},{"@type":"ListItem","position":3,"name":"Cong\u00e9s pay\u00e9s : le guide de Legalvision"}]},{"@type":"WebSite","@id":"https:\/\/www.legalvision.fr\/guides-juridiques\/#website","url":"https:\/\/www.legalvision.fr\/guides-juridiques\/","name":"Guides juridiques","description":"L&#039;information juridique \u00e0 destination des entreprises et TPE","publisher":{"@id":"https:\/\/www.legalvision.fr\/guides-juridiques\/#organization"},"potentialAction":[{"@type":"SearchAction","target":{"@type":"EntryPoint","urlTemplate":"https:\/\/www.legalvision.fr\/guides-juridiques\/?s={search_term_string}"},"query-input":{"@type":"PropertyValueSpecification","valueRequired":true,"valueName":"search_term_string"}}],"inLanguage":"fr-FR"},{"@type":"Organization","@id":"https:\/\/www.legalvision.fr\/guides-juridiques\/#organization","name":"Guides juridiques","url":"https:\/\/www.legalvision.fr\/guides-juridiques\/","logo":{"@type":"ImageObject","inLanguage":"fr-FR","@id":"https:\/\/www.legalvision.fr\/guides-juridiques\/#\/schema\/logo\/image\/","url":"https:\/\/www.legalvision.fr\/guides-juridiques\/wp-content\/uploads\/2022\/10\/LV-Logotype.png","contentUrl":"https:\/\/www.legalvision.fr\/guides-juridiques\/wp-content\/uploads\/2022\/10\/LV-Logotype.png","width":647,"height":125,"caption":"Guides juridiques"},"image":{"@id":"https:\/\/www.legalvision.fr\/guides-juridiques\/#\/schema\/logo\/image\/"}},{"@type":"Person","@id":"https:\/\/www.legalvision.fr\/guides-juridiques\/#\/schema\/person\/eeaa1ceba87042e8ab1d352ddd96c74a","name":"Louis Robina","image":{"@type":"ImageObject","inLanguage":"fr-FR","@id":"https:\/\/www.legalvision.fr\/guides-juridiques\/#\/schema\/person\/image\/","url":"https:\/\/www.legalvision.fr\/guides-juridiques\/wp-content\/uploads\/2023\/07\/homme9-96x96.png","contentUrl":"https:\/\/www.legalvision.fr\/guides-juridiques\/wp-content\/uploads\/2023\/07\/homme9-96x96.png","caption":"Louis Robina"},"description":"Louis est juriste au sein de LegalVision. Avocat et titulaire d'un Master 2 il est sp\u00e9cialis\u00e9 droit social.","url":"https:\/\/www.legalvision.fr\/guides-juridiques\/author\/louis-robineau\/"}]}},"_links":{"self":[{"href":"https:\/\/www.legalvision.fr\/guides-juridiques\/wp-json\/wp\/v2\/posts\/19152","targetHints":{"allow":["GET"]}}],"collection":[{"href":"https:\/\/www.legalvision.fr\/guides-juridiques\/wp-json\/wp\/v2\/posts"}],"about":[{"href":"https:\/\/www.legalvision.fr\/guides-juridiques\/wp-json\/wp\/v2\/types\/post"}],"author":[{"embeddable":true,"href":"https:\/\/www.legalvision.fr\/guides-juridiques\/wp-json\/wp\/v2\/users\/58"}],"replies":[{"embeddable":true,"href":"https:\/\/www.legalvision.fr\/guides-juridiques\/wp-json\/wp\/v2\/comments?post=19152"}],"version-history":[{"count":0,"href":"https:\/\/www.legalvision.fr\/guides-juridiques\/wp-json\/wp\/v2\/posts\/19152\/revisions"}],"wp:featuredmedia":[{"embeddable":true,"href":"https:\/\/www.legalvision.fr\/guides-juridiques\/wp-json\/wp\/v2\/media\/19223"}],"wp:attachment":[{"href":"https:\/\/www.legalvision.fr\/guides-juridiques\/wp-json\/wp\/v2\/media?parent=19152"}],"wp:term":[{"taxonomy":"category","embeddable":true,"href":"https:\/\/www.legalvision.fr\/guides-juridiques\/wp-json\/wp\/v2\/categories?post=19152"},{"taxonomy":"post_tag","embeddable":true,"href":"https:\/\/www.legalvision.fr\/guides-juridiques\/wp-json\/wp\/v2\/tags?post=19152"}],"curies":[{"name":"wp","href":"https:\/\/api.w.org\/{rel}","templated":true}]}}