{"id":19125,"date":"2019-08-21T07:30:47","date_gmt":"2019-08-21T06:30:47","guid":{"rendered":"https:\/\/blog.legalvision.fr\/?p=19125"},"modified":"2022-03-27T21:20:51","modified_gmt":"2022-03-27T19:20:51","slug":"plan-de-sauvegarde-de-l-emploi-tout-connaitre","status":"publish","type":"post","link":"https:\/\/www.legalvision.fr\/guides-juridiques\/gerer-une-entreprise\/plan-de-sauvegarde-de-l-emploi-tout-connaitre\/","title":{"rendered":"Zoom sur le plan de sauvegarde de l&#8217;emploi (PSE)"},"content":{"rendered":"<p><html><body><\/p>\n<p>Le Plan de Sauvegarde de l&rsquo;Emploi (PSE) est un dispositif s&rsquo;inscrivant dans le cadre d&rsquo;un licenciement collectif pour motif \u00e9conomique. Il vise \u00e0 \u00e9viter les licenciements ou \u00e0 en limiter le nombre mais \u00e9galement\u00a0\u00e0 faciliter le reclassement des salari\u00e9s dont le licenciement ne pourrait \u00eatre \u00e9vit\u00e9, notamment celui des salari\u00e9s \u00e2g\u00e9s ou pr\u00e9sentant des caract\u00e9ristiques sociales ou de qualification rendant leur r\u00e9insertion professionnelle particuli\u00e8rement difficile.<\/p>\n<p>Dans cet article Legalvision vous explique tout ce que vous devez savoir sur le Plan de Sauvegarde et de l&rsquo;Emploi. Vous avez d&rsquo;autres questions ? <a href=\"https:\/\/www.legalvision.fr\/contactez-nous\/\">Contactez-nous<\/a> !<\/p>\n<p><strong>Sommaire<\/strong> :<\/p>\n<p><strong><a href=\"#1\">I\/ Le Plan de Sauvegarde de l&rsquo;Emploi : une obligation ?<br \/>\n<\/a><a href=\"#2\">II\/ Que doit contenir le Plan de Sauvegarde de l&rsquo;Emploi ?<br \/>\n<\/a><a href=\"#3\">III\/ Les dispositifs de reclassement<br \/>\n<\/a><a href=\"#4\">IV\/ Comment contester un Plan de Sauvegarde de l&rsquo;Emploi ?<\/a><\/strong><a href=\"#2\"><br \/>\n<\/a>\n<\/p>\n<h2 id=\"1\">I\/ Le Plan de Sauvegarde de l&rsquo;Emploi : une obligation ?<\/h2>\n<p>L&#8217;employeur qui souhaite proc\u00e9der \u00e0 un licenciement collectif pour motif \u00e9conomique doit dans certains cas pr\u00e9voir un PSE. Cela d\u00e9pend du nombre de salari\u00e9s dans l&rsquo;entreprise et du nombre de licenciements envisag\u00e9s.<\/p>\n<p><strong>Le PSE est obligatoire<\/strong> dans les entreprises d&rsquo;au moins 50 salari\u00e9s :<\/p>\n<ul>\n<li>lorsque le projet de licenciement concerne au moins 10 salari\u00e9s sur une p\u00e9riode de 30 jours ;<\/li>\n<li>qui ont proc\u00e9d\u00e9 pendant 3 mois cons\u00e9cutifs \u00e0 des licenciements \u00e9conomiques de plus de 10 salari\u00e9s au total, sans atteindre 10 salari\u00e9s dans une m\u00eame p\u00e9riode de 30 jours, et envisage un nouveau licenciement \u00e9conomique au cours des 3 mois suivants ;<\/li>\n<li>qui ont proc\u00e9d\u00e9 au cours d&rsquo;une ann\u00e9e civile \u00e0 des licenciements pour motif \u00e9conomique de plus de 18 salari\u00e9s au total, sans avoir \u00e9t\u00e9 tenu de pr\u00e9senter de plan de sauvegarde de l&#8217;emploi et envisage tout nouveau licenciement \u00e9conomique au cours des 3 premiers mois de l&rsquo;ann\u00e9e civile suivante.<\/li>\n<\/ul>\n<p>Un PSE est \u00e9galement obligatoire lorsqu&rsquo;au moins 10 salari\u00e9s ont refus\u00e9 la modification d&rsquo;un \u00e9l\u00e9ment essentiel de leur contrat de travail propos\u00e9e par leur employeur pour motif \u00e9conomique, et que leur licenciement est envisag\u00e9.<\/p>\n<div class=\"corpsArt\">\n<p><strong>Le PSE est facultatif<\/strong> :<\/p>\n<\/div>\n<ul>\n<li>pour les entreprises\u00a0d&rsquo;au moins 50 salari\u00e9s lorsque le projet de licenciement concerne moins de 10 salari\u00e9s sur une p\u00e9riode de 30 jours ;<\/li>\n<li>pour les entreprises de moins de 50 salari\u00e9s.<\/li>\n<\/ul>\n<p>Vous souhaitez en savoir plus sur le licenciement \u00e9conomique ? Consultez\u00a0notre article d\u00e9di\u00e9 au <a href=\"https:\/\/blog.legalvision.fr\/2019\/01\/21\/licenciement-economique-comment-ca-marche\/\">licenciement \u00e9conomique<\/a>.<\/p>\n<h2 id=\"2\">II\/ Que doit contenir le Plan de Sauvegarde de l&rsquo;Emploi ?<\/h2>\n<h3>A) Comment est \u00e9tabli le contenu du Plan de Sauvegarde de l&rsquo;Emploi ?<\/h3>\n<p>Le contenu du PSE peut \u00eatre \u00e9tabli :<\/p>\n<ul>\n<li>\n<strong>soit par accord collectif majoritaire<\/strong>. Cet accord est sign\u00e9 par une ou plusieurs organisations syndicales repr\u00e9sentatives ayant recueilli au moins 50 % des suffrages exprim\u00e9s en faveur d&rsquo;organisations reconnues repr\u00e9sentatives au premier tour des derni\u00e8res \u00e9lections des titulaires au Comit\u00e9 Social et Economique ou par le Conseil d&rsquo;Entreprise.<\/li>\n<li>\n<strong>soit, \u00e0 d\u00e9faut d&rsquo;accord, par un document unilat\u00e9ral de l&#8217;employeur<\/strong>. Ce document est \u00e9labor\u00e9 apr\u00e8s la derni\u00e8re r\u00e9union du Comit\u00e9 Social et Economique dans le cadre de la proc\u00e9dure d&rsquo;information-consultation que l&#8217;employeur avait pr\u00e9c\u00e9demment lanc\u00e9e.<\/li>\n<\/ul>\n<p><strong>L&#8217;employeur doit proc\u00e9der \u00e0 une information-consultation du Comit\u00e9 Social et Economique sur l&rsquo;op\u00e9ration projet\u00e9e et ses modalit\u00e9s d&rsquo;application ainsi que sur le projet de licenciement<\/strong>. Cependant, lorsque le contenu du PSE est \u00e9tabli par accord majoritaire, l&#8217;employeur n&rsquo;a pas \u00e0 consulter le Comit\u00e9 Social et Economique sur les modalit\u00e9s pr\u00e9vues par l&rsquo;accord car celui-ci a d\u00e9j\u00e0 fait l&rsquo;objet d&rsquo;une consultation.<\/p>\n<h3>B) Quelles sont les mesures contenues dans le Plan de Sauvegarde de l&rsquo;Emploi ?<\/h3>\n<p>Le\u00a0PSE doit pr\u00e9voir des mesures relatives :<\/p>\n<ul>\n<li><strong>\u00e0 la pr\u00e9vention des licenciements,<\/strong><\/li>\n<li><strong>au reclassement,<\/strong><\/li>\n<li><strong>\u00e0 l&rsquo;accompagnement des d\u00e9parts,<\/strong><\/li>\n<li>\n<strong>au transfert d&rsquo;une ou plusieurs activit\u00e9s de l&rsquo;entreprise<\/strong>.<\/li>\n<\/ul>\n<p>Le PSE doit \u00e9galement d\u00e9terminer les modalit\u00e9s de suivi de la mise en oeuvre effective des mesures qu&rsquo;il contient.<\/p>\n<h3>C) Mise en place et suivi du Plan de Sauvegarde de l&rsquo;Emploi<\/h3>\n<p>L&#8217;employeur doit\u00a0<span class=\"txtbold\">appliquer le PSE<\/span>\u00a0\u00e0 l&rsquo;issue des consultations des repr\u00e9sentants du personnel. Cependant, avant de proc\u00e9der \u00e0 des licenciements, l&#8217;employeur doit \u00e9galement obtenir l&rsquo;autorisation de la Dirrecte.<\/p>\n<p><strong>Le suivi du PSE fait l&rsquo;objet d&rsquo;une consultation r\u00e9guli\u00e8re et d\u00e9taill\u00e9e du Comit\u00e9 Social et Economique dont l&rsquo;avis est ensuite transmis \u00e0 la Dirrecte<\/strong>. La Dirrecte\u00a0est associ\u00e9e au suivi de ces mesures et re\u00e7oit un bilan, \u00e9tabli par l&#8217;employeur, de la mise en \u0153uvre effective du plan de sauvegarde de l&#8217;emploi.<!-- end HubSpot Call-to-Action Code --><\/p>\n<h2 id=\"3\">III\/ Le Plan de Sauvegarde de l&rsquo;Emploi et les dispositifs de reclassement<\/h2>\n<p>L&#8217;employeur doit proposer un dispositif de reclassement d\u00e8s lors qu&rsquo;il proc\u00e8de \u00e0 un licenciement pour motif \u00e9conomique qu&rsquo;il soit individuel ou collectif, et ce m\u00eame en l&rsquo;absence de PSE. Cependant, d\u00e8s lors qu&rsquo;un PSE est mis en place, celui-ci doit contenir les mesures relatives au reclassement des salari\u00e9s. <strong>En fonction du nombre de salari\u00e9s dans l&rsquo;entreprise, l&#8217;employeur devra soit proposer un contrat de s\u00e9curisation professionnelle soit un cong\u00e9 de reclassement<\/strong>.<\/p>\n<h3>A) Le contrat de s\u00e9curisation professionnelle<\/h3>\n<h4>1. Qu&rsquo;est-ce que le contrat de s\u00e9curisation professionnelle ? Est-ce une obligation ?<\/h4>\n<p><strong>Dans les entreprises d&rsquo;au moins 1 000 salari\u00e9s, l&#8217;employeur qui envisage de prononcer un licenciement pour motif \u00e9conomique propose \u00e0 chaque salari\u00e9\u00a0concern\u00e9 un contrat de s\u00e9curisation professionnelle<\/strong>. Ce contrat de s\u00e9curisation professionnelle a pour objet l&rsquo;organisation et le d\u00e9roulement d&rsquo;un parcours de retour \u00e0 l&#8217;emploi, le cas \u00e9ch\u00e9ant au moyen d&rsquo;une reconversion ou d&rsquo;une cr\u00e9ation ou reprise d&rsquo;entreprise.<\/p>\n<p>Le salari\u00e9 est libre d&rsquo;accepter ou de refuser la proposition relative au contrat de s\u00e9curisation professionnelle. Il dispose d&rsquo;un<strong> d\u00e9lai de r\u00e9flexion de 21 jours<\/strong> pour prendre sa d\u00e9cision.\u00a0 Selon qu&rsquo;il accepte ou qu&rsquo;il refuse il ne b\u00e9n\u00e9ficiera pas des m\u00eames droits.<\/p>\n<h4>2. L&rsquo;acceptation du contrat de s\u00e9curisation professionnelle<\/h4>\n<p>Le fait que le salari\u00e9 accepte le contrat de s\u00e9curisation professionnelle emporte la rupture du contrat de travail. Dans ce cas, le salari\u00e9 b\u00e9n\u00e9ficie de toutes les mesures relatives au contrat de s\u00e9curisation professionnelle et a droit :<\/p>\n<ul>\n<li>\u00e0 une indemnit\u00e9 de licenciement, sous r\u00e9serve de remplir les conditions d&rsquo;anciennet\u00e9,<\/li>\n<li>\u00e0 l&rsquo;indemnit\u00e9 compensatrice de cong\u00e9s pay\u00e9s,<\/li>\n<li>\n<strong>au versement de l&rsquo;allocation de s\u00e9curisation professionnelle<\/strong>.<\/li>\n<\/ul>\n<p>Cette allocation \u00e9quivaut au montant de l&rsquo;allocation ch\u00f4mage d&rsquo;Aide au Retour \u00e0 l&rsquo;Emploi (ARE) pour les salari\u00e9s ayant une anciennet\u00e9 inf\u00e9rieure \u00e0 1 an. Pour les salari\u00e9s ayant au moins 1 an d&rsquo;anciennet\u00e9, l&rsquo;allocation de s\u00e9curisation professionnelle correspond \u00e0 75% du salaire journalier de r\u00e9f\u00e9rence. Pour en b\u00e9n\u00e9ficier, le salari\u00e9 doit alors remettre \u00e0 l&#8217;employeur :<\/p>\n<ul>\n<li>un bulletin d&rsquo;acceptation compl\u00e9t\u00e9 et sign\u00e9,<\/li>\n<li>un formulaire de demande d&rsquo;allocations de s\u00e9curisation professionnelle\u00a0compl\u00e9t\u00e9 et sign\u00e9,<\/li>\n<li>une copie de sa carte d&rsquo;identit\u00e9.<\/li>\n<\/ul>\n<p>Cependant, aucune indemnit\u00e9 compensatrice de pr\u00e9avis n&rsquo;est vers\u00e9e. Les salari\u00e9s dont l&rsquo;anciennet\u00e9 est inf\u00e9rieure \u00e0 1 an b\u00e9n\u00e9ficient de la totalit\u00e9 du solde de ce qu&rsquo;aurait \u00e9t\u00e9 l&rsquo;indemnit\u00e9 compensatrice de pr\u00e9avis en cas de licenciement. Pour les salari\u00e9s ayant au moins 1 an d&rsquo;anciennet\u00e9, ce solde est en totalit\u00e9 vers\u00e9 au P\u00f4le Emploi sauf si le montant exc\u00e8de 3 mois de salaires. Dans ce cas, la part sup\u00e9rieure \u00e0 ce seuil lui est vers\u00e9e.<\/p>\n<p>Vous souhaitez en savoir plus sur le contrat de s\u00e9curisation professionnelle ? Consultez notre article sur <a href=\"https:\/\/blog.legalvision.fr\/2019\/05\/27\/csp-contrat-de-securisation-professionnelle-quels-avantages\/\">le contrat de s\u00e9curisation professionnelle<\/a>.<\/p>\n<h4>3. Le refus du contrat de s\u00e9curisation professionnelle<\/h4>\n<p>En revanche, si le salari\u00e9 refuse le contrat de s\u00e9curisation professionnelle, la proc\u00e9dure de licenciement pour motif \u00e9conomique se poursuit. A son terme, il est vers\u00e9 au salari\u00e9 l&rsquo;indemnit\u00e9 de licenciement et l&rsquo;indemnit\u00e9 compensatrice de cong\u00e9s pay\u00e9s. Il a aussi droit \u00e0 l&rsquo;allocation ch\u00f4mage d&rsquo;Aide au Retour \u00e0 l&rsquo;Emploi (ARE), s&rsquo;il en remplit les conditions. Cependant, il ne peut pas b\u00e9n\u00e9ficier des dispositifs propres au contrat de s\u00e9curisation professionnelle.<\/p>\n<h3>B) Le cong\u00e9 de reclassement<\/h3>\n<h4>1. Qu&rsquo;est-ce que le cong\u00e9 de reclassement ? est-ce une obligation ?<\/h4>\n<p><strong>Dans les entreprises d&rsquo;au moins 1 000 salari\u00e9s, l&#8217;employeur qui envisage de prononcer un licenciement pour motif \u00e9conomique propose \u00e0 chaque salari\u00e9\u00a0concern\u00e9 un cong\u00e9 de reclassement. <\/strong>Ce cong\u00e9 a pour objet de lui permettre de b\u00e9n\u00e9ficier d&rsquo;actions de formation et des prestations d&rsquo;une cellule d&rsquo;accompagnement des d\u00e9marches de recherche d&#8217;emploi.<\/p>\n<p>Le salari\u00e9 est libre d&rsquo;accepter ou de refuser la proposition relative au cong\u00e9 de reclassement. Il dispose,ici, d&rsquo;un <strong>d\u00e9lai de r\u00e9flexion de 8 jours calendaires<\/strong> \u00e0 partir de la notification de la lettre de licenciement pour faire conna\u00eetre sa d\u00e9cision. Selon qu&rsquo;il accepte ou qu&rsquo;il refuse il ne b\u00e9n\u00e9ficiera pas des m\u00eames droits.<\/p>\n<h4>2. L&rsquo;acceptation du cong\u00e9 de reclassement<\/h4>\n<p><strong>Le cong\u00e9 de reclassement est pris pendant le pr\u00e9avis, que le salari\u00e9 est dispens\u00e9 d&rsquo;ex\u00e9cuter<\/strong>. Lorsque la dur\u00e9e du cong\u00e9 de reclassement exc\u00e8de la dur\u00e9e du pr\u00e9avis, le terme\u00a0de ce dernier est alors report\u00e9 jusqu&rsquo;\u00e0 la fin du cong\u00e9 de reclassement. Le salari\u00e9 qui accepte le cong\u00e9 de reclassement b\u00e9n\u00e9ficie de toutes les mesures relatives \u00e0 celui-ci et a ainsi droit :<\/p>\n<ul>\n<li>au maintien de sa r\u00e9mun\u00e9ration pendant le pr\u00e9avis. Cette r\u00e9mun\u00e9ration entrant dans l&rsquo;assiette des cotisations sociales.<\/li>\n<li>\u00e0 une r\u00e9mun\u00e9ration mensuelle dont le montant est au moins \u00e9gal \u00e0 65% de la r\u00e9mun\u00e9ration brute moyenne des 12 derniers mois pr\u00e9c\u00e9dant la notification du licenciement, pour la p\u00e9riode exc\u00e9dant la dur\u00e9e du pr\u00e9avis. En principe, cette r\u00e9mun\u00e9ration est exon\u00e9r\u00e9e de cotisations sociales. Le r\u00e9gime unifi\u00e9 AGIRC-ARRCO permet toutefois aux salari\u00e9s appartenant \u00e0 des entreprises ayant conclu un accord \u00e0 ce sujet d&rsquo;acqu\u00e9rir des points de retraite compl\u00e9mentaire.\u00a0Cette r\u00e9mun\u00e9ration reste cependant soumise \u00e0 la CSG et \u00e0 la CRDS aux taux applicables aux revenus de remplacement.\u00a0Il faut noter que le salari\u00e9 n&rsquo;acquiert pas de droit \u00e0 cong\u00e9s pay\u00e9s pendant la p\u00e9riode du cong\u00e9 de reclassement exc\u00e9dant la dur\u00e9e du pr\u00e9avis.<\/li>\n<li>\u00e0 une indemnit\u00e9 de licenciement vers\u00e9e au terme du cong\u00e9 de reclassement,<\/li>\n<li>\u00e0 une indemnit\u00e9 compensatrice de cong\u00e9s pay\u00e9s.<\/li>\n<\/ul>\n<p>Enfin, au terme du cong\u00e9 de reclassement, si le salari\u00e9 n&rsquo;a pas retrouv\u00e9 d&#8217;emploi, il a droit \u00e0 l&rsquo;allocation ch\u00f4mage d&rsquo;Aide au Retour \u00e0 l&rsquo;Emploi (ARE), s&rsquo;il en remplit les conditions.<\/p>\n<h4>3. Le refus du cong\u00e9 de reclassement<\/h4>\n<p>En revanche, si le salari\u00e9 refuse le cong\u00e9 de reclassement, la proc\u00e9dure de licenciement pour motif \u00e9conomique se poursuit. A son terme, il est vers\u00e9 au salari\u00e9 l&rsquo;indemnit\u00e9 de licenciement et l&rsquo;indemnit\u00e9 compensatrice de cong\u00e9s pay\u00e9s. Il a aussi droit \u00e0 l&rsquo;allocation ch\u00f4mage d&rsquo;Aide au Retour \u00e0 l&rsquo;Emploi (ARE), s&rsquo;il en remplit les conditions. Cependant, il ne peut pas b\u00e9n\u00e9ficier des dispositifs propres au cong\u00e9 de reclassement.<\/p>\n<h2 id=\"4\">IV\/ Comment contester un Plan de Sauvegarde de l&rsquo;Emploi ?<\/h2>\n<h3>A) Qui peut contester un Plan de Sauvegarde de l&rsquo;Emploi ?<\/h3>\n<p>Le PSE peut \u00eatre contest\u00e9 en justice par :<\/p>\n<ul>\n<li>l&#8217;employeur,<\/li>\n<li>les organisations syndicales ou une union de syndicats,<\/li>\n<li>le CSE (ou le CE),<\/li>\n<li>un salari\u00e9.<\/li>\n<\/ul>\n<h3>B) Quel est la juridiction comp\u00e9tente ?<\/h3>\n<p>Les litiges relatifs \u00e0 la proc\u00e9dure de licenciement pour motif \u00e9conomique rel\u00e8vent de la comp\u00e9tence du\u00a0<strong>tribunal administratif<\/strong>. Le recours doit\u00a0\u00eatre pr\u00e9sent\u00e9 dans un d\u00e9lai de <strong>2 mois<\/strong> :<\/p>\n<ul>\n<li>soit par l&#8217;employeur \u00e0 compter de la notification de la d\u00e9cision de validation ou d&rsquo;homologation,<\/li>\n<li>soit par les organisations syndicales et les salari\u00e9s \u00e0 compter de la date \u00e0 laquelle cette d\u00e9cision a \u00e9t\u00e9 port\u00e9e \u00e0 leur connaissance.<\/li>\n<\/ul>\n<p>Le tribunal administratif doit ensuite statuer dans un d\u00e9lai de <strong>3 mois<\/strong>.<\/p>\n<p><strong>Le Conseil de Prud&rsquo;hommes<\/strong> est comp\u00e9tent lorsque salari\u00e9 conteste :<\/p>\n<ul>\n<li>le motif \u00e9conomique du licenciement,<\/li>\n<li>les mesures relatives aux crit\u00e8res d&rsquo;ordre des licenciements,<\/li>\n<li>les mesures relatives au\u00a0respect de l&rsquo;obligation individuelle de reclassement&#8230;<\/li>\n<\/ul>\n<p>Le salari\u00e9 dispose alors d&rsquo;un d\u00e9lai de 12 mois \u00e0 compter de la notification de son licenciement pour agir en justice.<\/p>\n<h3>C) Quelles sont les sanctions applicables ?<\/h3>\n<h4>1. Licenciement nul<\/h4>\n<p>Tout d&rsquo;abord, le licenciement\u00a0est nul en l&rsquo;absence de toute d\u00e9cision relative \u00e0 la validation de l&rsquo;accord ou \u00e0 l&rsquo;homologation du document ou suite au rendu d&rsquo;une d\u00e9cision n\u00e9gative par la Direccte.<\/p>\n<h4>2. Proc\u00e9dure de licenciement nulle<\/h4>\n<p>Ensuite, la proc\u00e9dure de licenciement est nulle en cas d&rsquo;annulation d&rsquo;une d\u00e9cision de validation ou d&rsquo;homologation en raison d&rsquo;une absence ou d&rsquo;une insuffisance de plan de sauvegarde de l&#8217;emploi.\u00a0L&#8217;employeur doit alors tirer les cons\u00e9quences de la d\u00e9cision rendue. S&rsquo;il ne le fait pas les salari\u00e9s peuvent alors saisir le Conseil de Prud&rsquo;hommes.<\/p>\n<h4>3. Licenciement nul et proc\u00e9dure de licenciement nulle : les sanctions<\/h4>\n<p>Le juge qui constate que le licenciement nul ou la proc\u00e9dure de licenciement est nulle peut :<\/p>\n<ul>\n<li>\n<strong>soit ordonner la poursuite du contrat de travail<\/strong>,<\/li>\n<li>\n<strong>soit prononcer la nullit\u00e9\u00a0du licenciement et ordonner la r\u00e9int\u00e9gration du salari\u00e9<\/strong>. Il faut noter qu&rsquo;il ne peut ordonner la r\u00e9int\u00e9gration du salari\u00e9 que si ce dernier le demande. Le salari\u00e9 r\u00e9int\u00e9gr\u00e9 a le droit au versement d&rsquo;une somme \u00e9gale aux salaires dont l&rsquo;int\u00e9ress\u00e9 a \u00e9t\u00e9 priv\u00e9 entre le licenciement et la r\u00e9int\u00e9gration. Si le salari\u00e9\u00a0ne demande pas \u00e0 \u00eatre r\u00e9int\u00e9gr\u00e9 ou si cela est impossible,\u00a0le juge octroie alors au salari\u00e9 une indemnit\u00e9 \u00e0 la charge de l&#8217;employeur qui ne peut \u00eatre inf\u00e9rieure aux salaires des 6 derniers mois.<\/li>\n<\/ul>\n<p>Ces dispositions ne sont, n\u00e9anmoins, applicables que si le salari\u00e9 compte<strong> au moins 2 ans d&rsquo;anciennet\u00e9<\/strong>.<\/p>\n<p>Il faut noter qu&rsquo;en cas\u00a0d&rsquo;annulation d&rsquo;une d\u00e9cision de validation ou d&rsquo;homologation en raison d&rsquo;une insuffisance de motivation, la Dirrecte prend une nouvelle d\u00e9cision suffisamment motiv\u00e9e dans un d\u00e9lai de 15 jours \u00e0 compter de la notification du jugement. Cette d\u00e9cision est ensuite port\u00e9e par l&#8217;employeur \u00e0 la connaissance des salari\u00e9s licenci\u00e9s \u00e0 la suite de la premi\u00e8re d\u00e9cision de validation ou d&rsquo;homologation, par tout moyen permettant de conf\u00e9rer une date certaine \u00e0 cette information. D\u00e8s lors que la Dirrecte a \u00e9dict\u00e9 cette nouvelle d\u00e9cision, l&rsquo;annulation pour le seul motif d&rsquo;insuffisance de motivation de la premi\u00e8re d\u00e9cision est sans\u00a0incidence sur la validit\u00e9 du licenciement et ne donne lieu ni \u00e0 r\u00e9int\u00e9gration, ni au versement d&rsquo;une indemnit\u00e9 \u00e0 la charge de l&#8217;employeur.<\/p>\n<h4>4.\u00a0L&rsquo;annulation de la d\u00e9cision de validation\u00a0ou d&rsquo;homologation\u00a0pour un autre motif<\/h4>\n<p>Enfin, l&rsquo;annulation de la d\u00e9cision de validation ou d&rsquo;homologation pour un autre motif donne lieu, sous r\u00e9serve de l&rsquo;accord des parties, \u00e0 la r\u00e9int\u00e9gration du salari\u00e9 dans l&rsquo;entreprise, avec maintien de ses avantages acquis. A d\u00e9faut, le salari\u00e9 a alors droit \u00e0 une indemnit\u00e9 \u00e0 la charge de l&#8217;employeur, qui ne peut \u00eatre inf\u00e9rieure aux salaires des 6 derniers mois.<\/p>\n<details>\n<summary><strong>Sources :<\/strong><\/summary>\n<p><strong>Articles :<\/strong><\/p>\n<ul>\n<li>\n<a href=\"https:\/\/www.legifrance.gouv.fr\/affichCodeArticle.do;jsessionid=299A399F9F13AFF66E1D59FD3FCEFFA4.tplgfr24s_2?idArticle=LEGIARTI000036261733&amp;cidTexte=LEGITEXT000006072050&amp;dateTexte=20190711\">L.1233-61 du Code du travail<\/a> relatif \u00e0 l&rsquo;obligation de la mise en place du PSE ;<\/li>\n<li>\n<a href=\"https:\/\/www.legifrance.gouv.fr\/affichCodeArticle.do;jsessionid=D13DACB794351366C74755EED5FE6755.tplgfr24s_2?idArticle=LEGIARTI000036261725&amp;cidTexte=LEGITEXT000006072050&amp;dateTexte=20190711\">L.1233-62 du Code du travail<\/a> relatif aux mesures que doit contenir le PSE ;<\/li>\n<li>\n<a href=\"https:\/\/www.legifrance.gouv.fr\/affichCodeArticle.do;jsessionid=D2DF9B190B2E5D9F74CDBBF239CB0C5D.tplgfr24s_2?idArticle=LEGIARTI000036261926&amp;cidTexte=LEGITEXT000006072050&amp;dateTexte=20190712\">L.1235-7 du Code du travail<\/a> relatif au d\u00e9lai qu&rsquo;a le salari\u00e9 pour agir en justice ;<\/li>\n<li>\n<a href=\"https:\/\/www.legifrance.gouv.fr\/affichCodeArticle.do?cidTexte=LEGITEXT000006072050&amp;idArticle=LEGIARTI000027560841&amp;dateTexte=&amp;categorieLien=id\">L.1235-7-1 du Code du travail<\/a> relatif au tribunal comp\u00e9tent et au d\u00e9lai pour contester un PSE<\/li>\n<\/ul>\n<\/details>\n<p><\/body><\/html><!--tag_auto_button_lead_legalvision--><a href=\"https:\/\/www.legalvision.fr\/tous-les-services\/?utm_source=blog&#038;utm_campaign=plan-de-sauvegarde-de-l-emploi-tout-connaitre\" class=\"tag_auto_button_lead_legalvision\"><button style=\"background-color:#32c3bf;width:100%;\">Contactez nos juristes !<\/button><\/a><!--tag_auto_button_lead_legalvision--><\/p>\n","protected":false},"excerpt":{"rendered":"<p>Le Plan de Sauvegarde de l&rsquo;Emploi (PSE) est un dispositif s&rsquo;inscrivant dans le cadre d&rsquo;un licenciement collectif pour motif \u00e9conomique. Il vise \u00e0 \u00e9viter les licenciements ou \u00e0 en limiter le nombre mais \u00e9galement\u00a0\u00e0 faciliter le reclassement des salari\u00e9s dont le licenciement ne pourrait \u00eatre \u00e9vit\u00e9, notamment celui des salari\u00e9s \u00e2g\u00e9s ou pr\u00e9sentant des caract\u00e9ristiques&hellip; <a class=\"more-link\" href=\"https:\/\/www.legalvision.fr\/guides-juridiques\/gerer-une-entreprise\/plan-de-sauvegarde-de-l-emploi-tout-connaitre\/\">Poursuivre la lecture <span class=\"screen-reader-text\">Zoom sur le plan de sauvegarde de l&#8217;emploi (PSE)<\/span><\/a><\/p>\n","protected":false},"author":30,"featured_media":19164,"comment_status":"open","ping_status":"open","sticky":false,"template":"","format":"standard","meta":{"content-type":"","inline_featured_image":false,"footnotes":""},"categories":[2502],"tags":[],"class_list":["post-19125","post","type-post","status-publish","format-standard","has-post-thumbnail","hentry","category-gerer-une-entreprise","entry"],"yoast_head":"<!-- This site is optimized with the Yoast SEO plugin v27.1.1 - https:\/\/yoast.com\/product\/yoast-seo-wordpress\/ -->\n<title>Plan de sauvegarde de l&#039;emploi : guide complet LegalVision<\/title>\n<meta name=\"description\" content=\"Vous envisagez un licenciement \u00e9conomique collectif ? LegalVision vous explique tout ce que vous devez savoir sur le Plan de Sauvegarde de l&#039;Emploi.\" \/>\n<meta name=\"robots\" content=\"index, follow, max-snippet:-1, max-image-preview:large, max-video-preview:-1\" \/>\n<link rel=\"canonical\" href=\"https:\/\/www.legalvision.fr\/guides-juridiques\/gerer-une-entreprise\/plan-de-sauvegarde-de-l-emploi-tout-connaitre\/\" \/>\n<meta property=\"og:locale\" content=\"fr_FR\" \/>\n<meta property=\"og:type\" content=\"article\" \/>\n<meta property=\"og:title\" content=\"Plan de sauvegarde de l&#039;emploi : guide complet LegalVision\" \/>\n<meta property=\"og:description\" content=\"Vous envisagez un licenciement \u00e9conomique collectif ? LegalVision vous explique tout ce que vous devez savoir sur le Plan de Sauvegarde de l&#039;Emploi.\" \/>\n<meta property=\"og:url\" content=\"https:\/\/www.legalvision.fr\/guides-juridiques\/gerer-une-entreprise\/plan-de-sauvegarde-de-l-emploi-tout-connaitre\/\" \/>\n<meta property=\"og:site_name\" content=\"Guides juridiques\" \/>\n<meta property=\"article:published_time\" content=\"2019-08-21T06:30:47+00:00\" \/>\n<meta property=\"article:modified_time\" content=\"2022-03-27T19:20:51+00:00\" \/>\n<meta property=\"og:image\" content=\"https:\/\/www.legalvision.fr\/guides-juridiques\/wp-content\/uploads\/2019\/07\/plan-de-sauvegarde-de-lemploi-min.jpg\" \/>\n\t<meta property=\"og:image:width\" content=\"958\" \/>\n\t<meta property=\"og:image:height\" content=\"350\" \/>\n\t<meta property=\"og:image:type\" content=\"image\/jpeg\" \/>\n<meta name=\"author\" content=\"William Lebrun\" \/>\n<meta name=\"twitter:card\" content=\"summary_large_image\" \/>\n<meta name=\"twitter:label1\" content=\"\u00c9crit par\" \/>\n\t<meta name=\"twitter:data1\" content=\"William Lebrun\" \/>\n\t<meta name=\"twitter:label2\" content=\"Dur\u00e9e de lecture estim\u00e9e\" \/>\n\t<meta name=\"twitter:data2\" content=\"12 minutes\" \/>\n<script type=\"application\/ld+json\" class=\"yoast-schema-graph\">{\"@context\":\"https:\/\/schema.org\",\"@graph\":[{\"@type\":\"Article\",\"@id\":\"https:\/\/www.legalvision.fr\/guides-juridiques\/gerer-une-entreprise\/plan-de-sauvegarde-de-l-emploi-tout-connaitre\/#article\",\"isPartOf\":{\"@id\":\"https:\/\/www.legalvision.fr\/guides-juridiques\/gerer-une-entreprise\/plan-de-sauvegarde-de-l-emploi-tout-connaitre\/\"},\"author\":{\"name\":\"William Lebrun\",\"@id\":\"https:\/\/www.legalvision.fr\/guides-juridiques\/#\/schema\/person\/3d24d0c20575138ed212b2e4b6f7b4b0\"},\"headline\":\"Zoom sur le plan de sauvegarde de l&#8217;emploi (PSE)\",\"datePublished\":\"2019-08-21T06:30:47+00:00\",\"dateModified\":\"2022-03-27T19:20:51+00:00\",\"mainEntityOfPage\":{\"@id\":\"https:\/\/www.legalvision.fr\/guides-juridiques\/gerer-une-entreprise\/plan-de-sauvegarde-de-l-emploi-tout-connaitre\/\"},\"wordCount\":2662,\"commentCount\":0,\"publisher\":{\"@id\":\"https:\/\/www.legalvision.fr\/guides-juridiques\/#organization\"},\"image\":{\"@id\":\"https:\/\/www.legalvision.fr\/guides-juridiques\/gerer-une-entreprise\/plan-de-sauvegarde-de-l-emploi-tout-connaitre\/#primaryimage\"},\"thumbnailUrl\":\"https:\/\/www.legalvision.fr\/guides-juridiques\/wp-content\/uploads\/2019\/07\/plan-de-sauvegarde-de-lemploi-min.jpg\",\"articleSection\":[\"G\u00e9rer une entreprise\"],\"inLanguage\":\"fr-FR\",\"potentialAction\":[{\"@type\":\"CommentAction\",\"name\":\"Comment\",\"target\":[\"https:\/\/www.legalvision.fr\/guides-juridiques\/gerer-une-entreprise\/plan-de-sauvegarde-de-l-emploi-tout-connaitre\/#respond\"]}]},{\"@type\":\"WebPage\",\"@id\":\"https:\/\/www.legalvision.fr\/guides-juridiques\/gerer-une-entreprise\/plan-de-sauvegarde-de-l-emploi-tout-connaitre\/\",\"url\":\"https:\/\/www.legalvision.fr\/guides-juridiques\/gerer-une-entreprise\/plan-de-sauvegarde-de-l-emploi-tout-connaitre\/\",\"name\":\"Plan de sauvegarde de l'emploi : guide complet LegalVision\",\"isPartOf\":{\"@id\":\"https:\/\/www.legalvision.fr\/guides-juridiques\/#website\"},\"primaryImageOfPage\":{\"@id\":\"https:\/\/www.legalvision.fr\/guides-juridiques\/gerer-une-entreprise\/plan-de-sauvegarde-de-l-emploi-tout-connaitre\/#primaryimage\"},\"image\":{\"@id\":\"https:\/\/www.legalvision.fr\/guides-juridiques\/gerer-une-entreprise\/plan-de-sauvegarde-de-l-emploi-tout-connaitre\/#primaryimage\"},\"thumbnailUrl\":\"https:\/\/www.legalvision.fr\/guides-juridiques\/wp-content\/uploads\/2019\/07\/plan-de-sauvegarde-de-lemploi-min.jpg\",\"datePublished\":\"2019-08-21T06:30:47+00:00\",\"dateModified\":\"2022-03-27T19:20:51+00:00\",\"description\":\"Vous envisagez un licenciement \u00e9conomique collectif ? LegalVision vous explique tout ce que vous devez savoir sur le Plan de Sauvegarde de l'Emploi.\",\"breadcrumb\":{\"@id\":\"https:\/\/www.legalvision.fr\/guides-juridiques\/gerer-une-entreprise\/plan-de-sauvegarde-de-l-emploi-tout-connaitre\/#breadcrumb\"},\"inLanguage\":\"fr-FR\",\"potentialAction\":[{\"@type\":\"ReadAction\",\"target\":[\"https:\/\/www.legalvision.fr\/guides-juridiques\/gerer-une-entreprise\/plan-de-sauvegarde-de-l-emploi-tout-connaitre\/\"]}]},{\"@type\":\"ImageObject\",\"inLanguage\":\"fr-FR\",\"@id\":\"https:\/\/www.legalvision.fr\/guides-juridiques\/gerer-une-entreprise\/plan-de-sauvegarde-de-l-emploi-tout-connaitre\/#primaryimage\",\"url\":\"https:\/\/www.legalvision.fr\/guides-juridiques\/wp-content\/uploads\/2019\/07\/plan-de-sauvegarde-de-lemploi-min.jpg\",\"contentUrl\":\"https:\/\/www.legalvision.fr\/guides-juridiques\/wp-content\/uploads\/2019\/07\/plan-de-sauvegarde-de-lemploi-min.jpg\",\"width\":958,\"height\":350,\"caption\":\"plan de sauvegarde de l'emploi\"},{\"@type\":\"BreadcrumbList\",\"@id\":\"https:\/\/www.legalvision.fr\/guides-juridiques\/gerer-une-entreprise\/plan-de-sauvegarde-de-l-emploi-tout-connaitre\/#breadcrumb\",\"itemListElement\":[{\"@type\":\"ListItem\",\"position\":1,\"name\":\"Accueil\",\"item\":\"https:\/\/www.legalvision.fr\/guides-juridiques\/\"},{\"@type\":\"ListItem\",\"position\":2,\"name\":\"G\u00e9rer une entreprise\",\"item\":\"https:\/\/www.legalvision.fr\/guides-juridiques\/gerer-une-entreprise\/\"},{\"@type\":\"ListItem\",\"position\":3,\"name\":\"Zoom sur le plan de sauvegarde de l&#8217;emploi (PSE)\"}]},{\"@type\":\"WebSite\",\"@id\":\"https:\/\/www.legalvision.fr\/guides-juridiques\/#website\",\"url\":\"https:\/\/www.legalvision.fr\/guides-juridiques\/\",\"name\":\"Guides juridiques\",\"description\":\"L&#039;information juridique \u00e0 destination des entreprises et TPE\",\"publisher\":{\"@id\":\"https:\/\/www.legalvision.fr\/guides-juridiques\/#organization\"},\"potentialAction\":[{\"@type\":\"SearchAction\",\"target\":{\"@type\":\"EntryPoint\",\"urlTemplate\":\"https:\/\/www.legalvision.fr\/guides-juridiques\/?s={search_term_string}\"},\"query-input\":{\"@type\":\"PropertyValueSpecification\",\"valueRequired\":true,\"valueName\":\"search_term_string\"}}],\"inLanguage\":\"fr-FR\"},{\"@type\":\"Organization\",\"@id\":\"https:\/\/www.legalvision.fr\/guides-juridiques\/#organization\",\"name\":\"Guides juridiques\",\"url\":\"https:\/\/www.legalvision.fr\/guides-juridiques\/\",\"logo\":{\"@type\":\"ImageObject\",\"inLanguage\":\"fr-FR\",\"@id\":\"https:\/\/www.legalvision.fr\/guides-juridiques\/#\/schema\/logo\/image\/\",\"url\":\"https:\/\/www.legalvision.fr\/guides-juridiques\/wp-content\/uploads\/2022\/10\/LV-Logotype.png\",\"contentUrl\":\"https:\/\/www.legalvision.fr\/guides-juridiques\/wp-content\/uploads\/2022\/10\/LV-Logotype.png\",\"width\":647,\"height\":125,\"caption\":\"Guides juridiques\"},\"image\":{\"@id\":\"https:\/\/www.legalvision.fr\/guides-juridiques\/#\/schema\/logo\/image\/\"}},{\"@type\":\"Person\",\"@id\":\"https:\/\/www.legalvision.fr\/guides-juridiques\/#\/schema\/person\/3d24d0c20575138ed212b2e4b6f7b4b0\",\"name\":\"William Lebrun\",\"image\":{\"@type\":\"ImageObject\",\"inLanguage\":\"fr-FR\",\"@id\":\"https:\/\/www.legalvision.fr\/guides-juridiques\/#\/schema\/person\/image\/\",\"url\":\"https:\/\/www.legalvision.fr\/guides-juridiques\/wp-content\/uploads\/2023\/07\/cropped-homme1-96x96.png\",\"contentUrl\":\"https:\/\/www.legalvision.fr\/guides-juridiques\/wp-content\/uploads\/2023\/07\/cropped-homme1-96x96.png\",\"caption\":\"William Lebrun\"},\"description\":\"B\u00e9n\u00e9ficiant de la formation d'un double dipl\u00f4me en droit des affaires et en \u00e9cole de commerce, j'ai un fort attrait pour le droit des soci\u00e9t\u00e9s. Je r\u00e9dige des articles pour vous aider sur vos probl\u00e9matiques.\",\"url\":\"https:\/\/www.legalvision.fr\/guides-juridiques\/author\/aina-rakoto\/\"}]}<\/script>\n<!-- \/ Yoast SEO plugin. -->","yoast_head_json":{"title":"Plan de sauvegarde de l'emploi : guide complet LegalVision","description":"Vous envisagez un licenciement \u00e9conomique collectif ? LegalVision vous explique tout ce que vous devez savoir sur le Plan de Sauvegarde de l'Emploi.","robots":{"index":"index","follow":"follow","max-snippet":"max-snippet:-1","max-image-preview":"max-image-preview:large","max-video-preview":"max-video-preview:-1"},"canonical":"https:\/\/www.legalvision.fr\/guides-juridiques\/gerer-une-entreprise\/plan-de-sauvegarde-de-l-emploi-tout-connaitre\/","og_locale":"fr_FR","og_type":"article","og_title":"Plan de sauvegarde de l'emploi : guide complet LegalVision","og_description":"Vous envisagez un licenciement \u00e9conomique collectif ? LegalVision vous explique tout ce que vous devez savoir sur le Plan de Sauvegarde de l'Emploi.","og_url":"https:\/\/www.legalvision.fr\/guides-juridiques\/gerer-une-entreprise\/plan-de-sauvegarde-de-l-emploi-tout-connaitre\/","og_site_name":"Guides juridiques","article_published_time":"2019-08-21T06:30:47+00:00","article_modified_time":"2022-03-27T19:20:51+00:00","og_image":[{"width":958,"height":350,"url":"https:\/\/www.legalvision.fr\/guides-juridiques\/wp-content\/uploads\/2019\/07\/plan-de-sauvegarde-de-lemploi-min.jpg","type":"image\/jpeg"}],"author":"William Lebrun","twitter_card":"summary_large_image","twitter_misc":{"\u00c9crit par":"William Lebrun","Dur\u00e9e de lecture estim\u00e9e":"12 minutes"},"schema":{"@context":"https:\/\/schema.org","@graph":[{"@type":"Article","@id":"https:\/\/www.legalvision.fr\/guides-juridiques\/gerer-une-entreprise\/plan-de-sauvegarde-de-l-emploi-tout-connaitre\/#article","isPartOf":{"@id":"https:\/\/www.legalvision.fr\/guides-juridiques\/gerer-une-entreprise\/plan-de-sauvegarde-de-l-emploi-tout-connaitre\/"},"author":{"name":"William Lebrun","@id":"https:\/\/www.legalvision.fr\/guides-juridiques\/#\/schema\/person\/3d24d0c20575138ed212b2e4b6f7b4b0"},"headline":"Zoom sur le plan de sauvegarde de l&#8217;emploi (PSE)","datePublished":"2019-08-21T06:30:47+00:00","dateModified":"2022-03-27T19:20:51+00:00","mainEntityOfPage":{"@id":"https:\/\/www.legalvision.fr\/guides-juridiques\/gerer-une-entreprise\/plan-de-sauvegarde-de-l-emploi-tout-connaitre\/"},"wordCount":2662,"commentCount":0,"publisher":{"@id":"https:\/\/www.legalvision.fr\/guides-juridiques\/#organization"},"image":{"@id":"https:\/\/www.legalvision.fr\/guides-juridiques\/gerer-une-entreprise\/plan-de-sauvegarde-de-l-emploi-tout-connaitre\/#primaryimage"},"thumbnailUrl":"https:\/\/www.legalvision.fr\/guides-juridiques\/wp-content\/uploads\/2019\/07\/plan-de-sauvegarde-de-lemploi-min.jpg","articleSection":["G\u00e9rer une entreprise"],"inLanguage":"fr-FR","potentialAction":[{"@type":"CommentAction","name":"Comment","target":["https:\/\/www.legalvision.fr\/guides-juridiques\/gerer-une-entreprise\/plan-de-sauvegarde-de-l-emploi-tout-connaitre\/#respond"]}]},{"@type":"WebPage","@id":"https:\/\/www.legalvision.fr\/guides-juridiques\/gerer-une-entreprise\/plan-de-sauvegarde-de-l-emploi-tout-connaitre\/","url":"https:\/\/www.legalvision.fr\/guides-juridiques\/gerer-une-entreprise\/plan-de-sauvegarde-de-l-emploi-tout-connaitre\/","name":"Plan de sauvegarde de l'emploi : guide complet LegalVision","isPartOf":{"@id":"https:\/\/www.legalvision.fr\/guides-juridiques\/#website"},"primaryImageOfPage":{"@id":"https:\/\/www.legalvision.fr\/guides-juridiques\/gerer-une-entreprise\/plan-de-sauvegarde-de-l-emploi-tout-connaitre\/#primaryimage"},"image":{"@id":"https:\/\/www.legalvision.fr\/guides-juridiques\/gerer-une-entreprise\/plan-de-sauvegarde-de-l-emploi-tout-connaitre\/#primaryimage"},"thumbnailUrl":"https:\/\/www.legalvision.fr\/guides-juridiques\/wp-content\/uploads\/2019\/07\/plan-de-sauvegarde-de-lemploi-min.jpg","datePublished":"2019-08-21T06:30:47+00:00","dateModified":"2022-03-27T19:20:51+00:00","description":"Vous envisagez un licenciement \u00e9conomique collectif ? LegalVision vous explique tout ce que vous devez savoir sur le Plan de Sauvegarde de l'Emploi.","breadcrumb":{"@id":"https:\/\/www.legalvision.fr\/guides-juridiques\/gerer-une-entreprise\/plan-de-sauvegarde-de-l-emploi-tout-connaitre\/#breadcrumb"},"inLanguage":"fr-FR","potentialAction":[{"@type":"ReadAction","target":["https:\/\/www.legalvision.fr\/guides-juridiques\/gerer-une-entreprise\/plan-de-sauvegarde-de-l-emploi-tout-connaitre\/"]}]},{"@type":"ImageObject","inLanguage":"fr-FR","@id":"https:\/\/www.legalvision.fr\/guides-juridiques\/gerer-une-entreprise\/plan-de-sauvegarde-de-l-emploi-tout-connaitre\/#primaryimage","url":"https:\/\/www.legalvision.fr\/guides-juridiques\/wp-content\/uploads\/2019\/07\/plan-de-sauvegarde-de-lemploi-min.jpg","contentUrl":"https:\/\/www.legalvision.fr\/guides-juridiques\/wp-content\/uploads\/2019\/07\/plan-de-sauvegarde-de-lemploi-min.jpg","width":958,"height":350,"caption":"plan de sauvegarde de l'emploi"},{"@type":"BreadcrumbList","@id":"https:\/\/www.legalvision.fr\/guides-juridiques\/gerer-une-entreprise\/plan-de-sauvegarde-de-l-emploi-tout-connaitre\/#breadcrumb","itemListElement":[{"@type":"ListItem","position":1,"name":"Accueil","item":"https:\/\/www.legalvision.fr\/guides-juridiques\/"},{"@type":"ListItem","position":2,"name":"G\u00e9rer une entreprise","item":"https:\/\/www.legalvision.fr\/guides-juridiques\/gerer-une-entreprise\/"},{"@type":"ListItem","position":3,"name":"Zoom sur le plan de sauvegarde de l&#8217;emploi (PSE)"}]},{"@type":"WebSite","@id":"https:\/\/www.legalvision.fr\/guides-juridiques\/#website","url":"https:\/\/www.legalvision.fr\/guides-juridiques\/","name":"Guides juridiques","description":"L&#039;information juridique \u00e0 destination des entreprises et TPE","publisher":{"@id":"https:\/\/www.legalvision.fr\/guides-juridiques\/#organization"},"potentialAction":[{"@type":"SearchAction","target":{"@type":"EntryPoint","urlTemplate":"https:\/\/www.legalvision.fr\/guides-juridiques\/?s={search_term_string}"},"query-input":{"@type":"PropertyValueSpecification","valueRequired":true,"valueName":"search_term_string"}}],"inLanguage":"fr-FR"},{"@type":"Organization","@id":"https:\/\/www.legalvision.fr\/guides-juridiques\/#organization","name":"Guides juridiques","url":"https:\/\/www.legalvision.fr\/guides-juridiques\/","logo":{"@type":"ImageObject","inLanguage":"fr-FR","@id":"https:\/\/www.legalvision.fr\/guides-juridiques\/#\/schema\/logo\/image\/","url":"https:\/\/www.legalvision.fr\/guides-juridiques\/wp-content\/uploads\/2022\/10\/LV-Logotype.png","contentUrl":"https:\/\/www.legalvision.fr\/guides-juridiques\/wp-content\/uploads\/2022\/10\/LV-Logotype.png","width":647,"height":125,"caption":"Guides juridiques"},"image":{"@id":"https:\/\/www.legalvision.fr\/guides-juridiques\/#\/schema\/logo\/image\/"}},{"@type":"Person","@id":"https:\/\/www.legalvision.fr\/guides-juridiques\/#\/schema\/person\/3d24d0c20575138ed212b2e4b6f7b4b0","name":"William Lebrun","image":{"@type":"ImageObject","inLanguage":"fr-FR","@id":"https:\/\/www.legalvision.fr\/guides-juridiques\/#\/schema\/person\/image\/","url":"https:\/\/www.legalvision.fr\/guides-juridiques\/wp-content\/uploads\/2023\/07\/cropped-homme1-96x96.png","contentUrl":"https:\/\/www.legalvision.fr\/guides-juridiques\/wp-content\/uploads\/2023\/07\/cropped-homme1-96x96.png","caption":"William Lebrun"},"description":"B\u00e9n\u00e9ficiant de la formation d'un double dipl\u00f4me en droit des affaires et en \u00e9cole de commerce, j'ai un fort attrait pour le droit des soci\u00e9t\u00e9s. Je r\u00e9dige des articles pour vous aider sur vos probl\u00e9matiques.","url":"https:\/\/www.legalvision.fr\/guides-juridiques\/author\/aina-rakoto\/"}]}},"_links":{"self":[{"href":"https:\/\/www.legalvision.fr\/guides-juridiques\/wp-json\/wp\/v2\/posts\/19125","targetHints":{"allow":["GET"]}}],"collection":[{"href":"https:\/\/www.legalvision.fr\/guides-juridiques\/wp-json\/wp\/v2\/posts"}],"about":[{"href":"https:\/\/www.legalvision.fr\/guides-juridiques\/wp-json\/wp\/v2\/types\/post"}],"author":[{"embeddable":true,"href":"https:\/\/www.legalvision.fr\/guides-juridiques\/wp-json\/wp\/v2\/users\/30"}],"replies":[{"embeddable":true,"href":"https:\/\/www.legalvision.fr\/guides-juridiques\/wp-json\/wp\/v2\/comments?post=19125"}],"version-history":[{"count":0,"href":"https:\/\/www.legalvision.fr\/guides-juridiques\/wp-json\/wp\/v2\/posts\/19125\/revisions"}],"wp:featuredmedia":[{"embeddable":true,"href":"https:\/\/www.legalvision.fr\/guides-juridiques\/wp-json\/wp\/v2\/media\/19164"}],"wp:attachment":[{"href":"https:\/\/www.legalvision.fr\/guides-juridiques\/wp-json\/wp\/v2\/media?parent=19125"}],"wp:term":[{"taxonomy":"category","embeddable":true,"href":"https:\/\/www.legalvision.fr\/guides-juridiques\/wp-json\/wp\/v2\/categories?post=19125"},{"taxonomy":"post_tag","embeddable":true,"href":"https:\/\/www.legalvision.fr\/guides-juridiques\/wp-json\/wp\/v2\/tags?post=19125"}],"curies":[{"name":"wp","href":"https:\/\/api.w.org\/{rel}","templated":true}]}}