{"id":19039,"date":"2019-07-26T07:30:59","date_gmt":"2019-07-26T06:30:59","guid":{"rendered":"https:\/\/blog.legalvision.fr\/?p=19039"},"modified":"2022-03-27T21:20:52","modified_gmt":"2022-03-27T19:20:52","slug":"activites-sociales-et-culturelles-tout-connaitre","status":"publish","type":"post","link":"https:\/\/www.legalvision.fr\/guides-juridiques\/gerer-une-entreprise\/activites-sociales-et-culturelles-tout-connaitre\/","title":{"rendered":"Le point sur les activit\u00e9s sociales et culturelles du CSE"},"content":{"rendered":"<p><html><body><\/p>\n<p>Le comit\u00e9 social et \u00e9conomique (CSE) est la<strong> nouvelle instance repr\u00e9sentative<\/strong> du personnel.\u00a0Il fusionne en effet, l&rsquo;ensemble des instances repr\u00e9sentatives du personnel que vous connaissiez auparavant, soit les d\u00e9l\u00e9gu\u00e9s du personnel (DP), le comit\u00e9 d&rsquo;entreprise (CE) et le comit\u00e9 d&rsquo;hygi\u00e8ne, de s\u00e9curit\u00e9 et des conditions de travail (CHSCT). D&rsquo;ailleurs, soyez vigilant, car le CSE devra \u00eatre mis en place dans toutes les entreprises concern\u00e9es<strong> le 1<sup>er<\/sup>\u00a0janvier 2020<\/strong> au plus tard. Avant, lorsque vous souhaitiez vous renseigniez sur les activit\u00e9s sociales et culturelles propos\u00e9es par votre entreprise, vous alliez voir votre <strong>comit\u00e9 d&rsquo;entreprise<\/strong>. Ce dernier\u00a0est d\u00e9sormais int\u00e9gr\u00e9 dans la nouvelle instance repr\u00e9sentative du personnel, ainsi,\u00a0<a href=\"https:\/\/www.legalvision.fr\/contactez-nous\/\">LegalVision<\/a>\u00a0vous\u00a0pr\u00e9sente\u00a0le CSE et le fonctionnement des activit\u00e9s sociales et culturelles.\n<\/p>\n<h3>Sommaire :<\/h3>\n<p><strong><a href=\"#I\">I\/ La liste des\u00a0activit\u00e9s sociales et culturelles<\/a><\/strong><br \/>\n<strong><a href=\"#II\">II\/ La gestion des activit\u00e9s sociales et culturelles du CSE<\/a><\/strong><br \/>\n<strong><a href=\"#III\">III\/ Le financement des activit\u00e9s sociales et culturelles du CSE<\/a><\/strong><br \/>\n<strong><a href=\"#IV\">IV\/ Le budget des activit\u00e9s sociales et culturelles du CSE<\/a><\/strong><br \/>\n<strong><a href=\"#V\">V\/ Le transfert du budget : une nouveaut\u00e9 apparue avec le CSE<\/a><\/strong><br \/>\n<strong><a href=\"#VI\">VI\/ Les diff\u00e9rences entre le CSE et l&rsquo;ancien CE<\/a><\/strong><\/p>\n<h2 id=\"I\">I\/ La liste des\u00a0activit\u00e9s sociales et culturelles<\/h2>\n<p>La loi et la jurisprudence se sont mutuellement compl\u00e9t\u00e9es pour donner une v\u00e9ritable d\u00e9finition des activit\u00e9s sociales et culturelles.<\/p>\n<h3>A) La liste des activit\u00e9s sociales et culturelles du CSE donn\u00e9e par la loi<\/h3>\n<p>Les activit\u00e9s\u00a0<span class=\"Highlight\" title=\"social\">sociales<\/span>\u00a0et culturelles\u00a0sont \u00e9tablies dans l&rsquo;entreprise prioritairement au b\u00e9n\u00e9fice des <strong>salari\u00e9s<\/strong>, de leur <strong>famille<\/strong> et des <strong>stagiaires<\/strong>.<\/p>\n<p>D&rsquo;ailleurs, le code du travail \u00e9num\u00e8re une <strong>liste non limitative,\u00a0<\/strong>des<strong>\u00a0<\/strong>activit\u00e9s sociales et culturelles :<\/p>\n<ul>\n<li>Les institutions\u00a0<span class=\"Highlight\" title=\"social\">sociales<\/span>\u00a0de<strong> pr\u00e9voyance et d&rsquo;entraide<\/strong>, telles que les institutions de retraites et les soci\u00e9t\u00e9s de secours mutuels ;<\/li>\n<li>Les activit\u00e9s\u00a0<span class=\"Highlight\" title=\"social\">sociales<\/span>\u00a0et culturelles du CSE tendant \u00e0 l&rsquo;am\u00e9lioration des <strong>conditions de bien-\u00eatre<\/strong>, telles que les cantines, les coop\u00e9ratives de consommation, les logements, les jardins familiaux, les cr\u00e8ches, les colonies de vacances par exemple ;<\/li>\n<li>Les activit\u00e9s\u00a0<span class=\"Highlight\" title=\"social\">sociales<\/span>\u00a0et culturelles du CSE ayant pour objet l&rsquo;utilisation des <strong>loisirs et l&rsquo;organisation sportive<\/strong> ;<\/li>\n<li>Les institutions<strong> d&rsquo;ordre professionnel ou \u00e9ducatif<\/strong> attach\u00e9es \u00e0 l&rsquo;entreprise ou d\u00e9pendant d&rsquo;elle, telles que les centres d&rsquo;apprentissage et de formation professionnelle, les biblioth\u00e8ques, les cercles d&rsquo;\u00e9tudes, les cours de culture g\u00e9n\u00e9rale ;<\/li>\n<li>Les services\u00a0<span class=\"Highlight\" title=\"social\">sociaux<\/span>\u00a0charg\u00e9s de<strong> veiller au bien-\u00eatre<\/strong> du salari\u00e9 dans l&rsquo;entreprise, de faciliter son <strong>adaptation<\/strong> \u00e0 son travail et de collaborer avec le service de sant\u00e9 au travail de l&rsquo;entreprise, mais aussi de coordonner et de promouvoir les r\u00e9alisations\u00a0<span class=\"Highlight\" title=\"social\">sociales<\/span>\u00a0d\u00e9cid\u00e9es par le\u00a0<span class=\"Highlight\" title=\"comit\u00e9\">comit\u00e9<\/span>\u00a0d&rsquo;entreprise et par l&#8217;employeur ;<\/li>\n<li>Le <strong>service de sant\u00e9<\/strong> au travail institu\u00e9 dans l&rsquo;entreprise.<\/li>\n<\/ul>\n<h3>B) Des pr\u00e9cisions apport\u00e9es par les juges<\/h3>\n<p>La description des activit\u00e9s\u00a0<span class=\"Highlight\" title=\"social\">sociales<\/span>\u00a0et culturelles issue du Code du travail est cependant, quelque peu <strong>d\u00e9su\u00e8te<\/strong>. En effet, les jardins familiaux et les cours de culture g\u00e9n\u00e9rale ne sont plus depuis longtemps les points forts de l&rsquo;action du\u00a0<span class=\"Highlight\" title=\"comit\u00e9\">comit\u00e9\u00a0<\/span>d&rsquo;entreprise.<\/p>\n<p>Les juges ont alors, d\u00e9gag\u00e9s des crit\u00e8res relatifs \u00e0 ces activit\u00e9s afin de les adapter \u00e0 notre \u00e9poque. Ils sont encore peut-\u00eatre insuffisants, mais il est admis, d&rsquo;une mani\u00e8re g\u00e9n\u00e9rale, que constitue une activit\u00e9\u00a0<span class=\"Highlight\" title=\"social\">sociale<\/span>\u00a0et culturelle \u00ab\u00a0<i>toute activit\u00e9 <strong>non obligatoire<\/strong> l\u00e9galement, quels que soient sa d\u00e9nomination, la date de sa cr\u00e9ation et <strong>son mode de financement, <\/strong>exerc\u00e9e principalement au b\u00e9n\u00e9fice<strong> du personnel<\/strong> de l&rsquo;entreprise<strong>, sans discrimination, en vue<\/strong> d&rsquo;am\u00e9liorer<strong> les conditions collectives d&#8217;emploi,<\/strong> de travail et de vie du personnel au sein de l&rsquo;entreprise<\/i>\u00a0\u00bb<\/p>\n<p>En outre, dans cette formule se trouvent r\u00e9unies<strong> les crit\u00e8res essentiels<\/strong> d&rsquo;une activit\u00e9\u00a0<span class=\"Highlight\" title=\"social\">sociale<\/span>\u00a0et culturelle. Elle doit \u00eatre :<\/p>\n<ul>\n<li>b\u00e9n\u00e9vole,<\/li>\n<li>non discriminatoire,<\/li>\n<li>non r\u00e9mun\u00e9ratoire,<\/li>\n<li>prioritaire envers le personnel de l&rsquo;entreprise,<\/li>\n<li>mise en place dans le but d&rsquo;am\u00e9liorer les conditions de vie et de travail.<\/li>\n<\/ul>\n<p><em>Ainsi, il n&rsquo;est pas possible de pr\u00e9voir dans une entreprise\u00a0que la cantine est r\u00e9serv\u00e9e aux salari\u00e9s de moins de 25 ans par exemple.<\/em> C&rsquo;est une disposition discriminatoire li\u00e9e \u00e0 l&rsquo;\u00e2ge.<\/p>\n<h2 id=\"II\">II\/ La gestion des activit\u00e9s sociales et culturelles du CSE<\/h2>\n<p>Le CSE\u00a0assure ou contr\u00f4le la gestion de toutes les activit\u00e9s\u00a0<span class=\"Highlight\" title=\"social\">sociales<\/span>\u00a0et culturelles \u00e9tablies dans l&rsquo;entreprise.<\/p>\n<p>En d&rsquo;autres termes, cela implique pour le\u00a0<span class=\"Highlight\" title=\"comit\u00e9\">comit\u00e9<\/span>\u00a0<span class=\"Highlight\" title=\"social\">social<\/span>\u00a0et\u00a0<span class=\"Highlight\" title=\"\u00e9conomique\">\u00e9conomique<\/span>\u00a0le droit absolu :<\/p>\n<ul>\n<li>de <strong>cr\u00e9er<\/strong> une activit\u00e9\u00a0<span class=\"Highlight\" title=\"social\">sociale<\/span>\u00a0dans la limite du budget qui lui est allou\u00e9,<\/li>\n<li>d&rsquo;en <strong>supprimer<\/strong> d&rsquo;autres,<\/li>\n<li>de <strong>modifier<\/strong> la r\u00e9partition des fonds\u00a0<span class=\"Highlight\" title=\"social\">sociaux<\/span>\u00a0entre les activit\u00e9s, ce qui peut l&rsquo;amener \u00e0 diminuer le financement de certaines activit\u00e9s, au profit d&rsquo;autres correspondant \u00e0 des besoins plus pressants du personnel,<\/li>\n<li>de d\u00e9cider d&rsquo;une <strong>participation<\/strong> <strong>financi\u00e8re<\/strong> plus ou moins importante des salari\u00e9s pour certaines activit\u00e9s en choisissant d&rsquo;autres crit\u00e8res que ceux retenus pr\u00e9c\u00e9demment.<\/li>\n<\/ul>\n<h3>A) La gestion directe des activit\u00e9s sociales et culturelles du CSE<\/h3>\n<p>Le\u00a0<span class=\"Highlight\" title=\"comit\u00e9\">comit\u00e9<\/span>\u00a0g\u00e8re les activit\u00e9s\u00a0<span class=\"Highlight\" title=\"social\">sociales<\/span>\u00a0et culturelles qui n&rsquo;ont <strong>pas la personnalit\u00e9 civile<\/strong> (cantines, colonies de vacances, organisations sportives) \u00e0 l&rsquo;exclusion des centres d&rsquo;apprentissage, des \u0153uvres du logement, du service\u00a0<span class=\"Highlight\" title=\"social\">social<\/span>\u00a0et du service m\u00e9dical.<\/p>\n<p>Il s&rsquo;agit alors, d&rsquo;une gestion directe dont le\u00a0<span class=\"Highlight\" title=\"comit\u00e9\">comit\u00e9<\/span>\u00a0est seul <strong>responsable<\/strong>, mais il peut d\u00e9l\u00e9guer ses pouvoirs :<\/p>\n<ul>\n<li>\u00e0 une commission sp\u00e9ciale,<\/li>\n<li>\u00e0 des personnes d\u00e9sign\u00e9es par lui m\u00eame, qu&rsquo;elles soient ou non membres de l&rsquo;entreprise,<\/li>\n<li>mais aussi \u00e0 des organismes cr\u00e9\u00e9s par lui ayant re\u00e7u une d\u00e9l\u00e9gation.<\/li>\n<\/ul>\n<h3>B) La participation \u00e0 la gestion des activit\u00e9s sociales et culturelles du CSE<\/h3>\n<p>Le CSE\u00a0<strong>participe \u00e0 la gestion des activit\u00e9s sociales et culturelles<\/strong>\u00a0qui ne sont pas dot\u00e9es de la personnalit\u00e9 civile. C&rsquo;est le cas par exemple, des associations sportives ou culturelles, coop\u00e9ratives de consommation etc.<\/p>\n<p>N\u00e9anmoins, sa participation est r\u00e9alis\u00e9e par sa repr\u00e9sentation d&rsquo;au moins pour <strong>moiti\u00e9<\/strong> au conseil d&rsquo;administration ou \u00e0 l&rsquo;organisme de direction de l&rsquo;activit\u00e9 concern\u00e9e.<\/p>\n<p>Par ailleurs, les repr\u00e9sentants du\u00a0<span class=\"Highlight\" title=\"comit\u00e9\">CSE<\/span>\u00a0peuvent \u00eatre choisis <strong>en dehors de ses membres<\/strong>, par exemple, parmi les adh\u00e9rents ou les b\u00e9n\u00e9ficiaires de l&rsquo;activit\u00e9\u00a0<span class=\"Highlight\" title=\"social\">sociale.<\/span><\/p>\n<h3>C) Le contr\u00f4le de certaines activit\u00e9s sociales et culturelles par le CSE<\/h3>\n<p>Il s&rsquo;agit des activit\u00e9s, <strong>avec ou sans la personnalit\u00e9 civile<\/strong>, limitativement \u00e9num\u00e9r\u00e9es par le<span class=\"PC\"><a title=\"lien\">\u00a0Code du travail<\/a><\/span>, que le\u00a0<span class=\"Highlight\" title=\"comit\u00e9\">comit\u00e9<\/span>\u00a0ne g\u00e8re ni directement, ni en participation.\u00a0Sont alors concern\u00e9es les\u00a0mutuelles, les activit\u00e9s de logement et de jardins familiaux, qui ont un statut particulier.<\/p>\n<p>Le\u00a0<span class=\"Highlight\" title=\"comit\u00e9\">comit\u00e9<\/span>\u00a0est seulement <strong>repr\u00e9sent\u00e9<\/strong> aupr\u00e8s des organes de gestion et de contr\u00f4le de ces activit\u00e9s. Ses d\u00e9l\u00e9gu\u00e9s l&rsquo;informent des d\u00e9cisions prises et de la marche g\u00e9n\u00e9rale de l&rsquo;institution. Lorsque les d\u00e9cisions sont soumises au contr\u00f4le ou \u00e0 l&rsquo;approbation de l&rsquo;administration, <strong>l&rsquo;avis<\/strong> <strong>du\u00a0<span class=\"Highlight\" title=\"comit\u00e9\">comit\u00e9<\/span>\u00a0<\/strong>doit y \u00eatre annex\u00e9.<\/p>\n<h2 id=\"III\">III\/ Le financement des activit\u00e9s sociales et culturelles du CSE<\/h2>\n<p>Les ressources du\u00a0<span class=\"Highlight\" title=\"comit\u00e9\">comit\u00e9<\/span>\u00a0<span class=\"Highlight\" title=\"social\">social<\/span>\u00a0et\u00a0<span class=\"Highlight\" title=\"\u00e9conomique\">\u00e9conomique<\/span>\u00a0en mati\u00e8re d&rsquo;activit\u00e9s\u00a0<span class=\"Highlight\" title=\"social\">sociales<\/span>\u00a0et culturelles peuvent \u00eatre constitu\u00e9es par :<\/p>\n<ul>\n<li>Les sommes vers\u00e9es par l&#8217;employeur ;<\/li>\n<li>Les sommes pr\u00e9c\u00e9demment vers\u00e9es par l&#8217;employeur aux caisses d&rsquo;allocations familiales et organismes analogues, pour les institutions financ\u00e9es par ces caisses et qui fonctionnent au sein de l&rsquo;entreprise ;<\/li>\n<li>Le remboursement obligatoire par l&#8217;employeur des primes d&rsquo;assurances dues par le\u00a0<span class=\"Highlight\" title=\"comit\u00e9\">comit\u00e9<\/span>\u00a0pour couvrir sa responsabilit\u00e9 civile ;<\/li>\n<li>Les cotisations facultatives des salari\u00e9s de l&rsquo;entreprise ;<\/li>\n<li>Les subventions accord\u00e9es par les collectivit\u00e9s publiques ou les organisations syndicales ;<\/li>\n<li>Les dons et legs ;<\/li>\n<li>Les recettes procur\u00e9es par les manifestations organis\u00e9es par le\u00a0<span class=\"Highlight\" title=\"comit\u00e9\">comit\u00e9<\/span>\u00a0;<\/li>\n<li>Les revenus des biens meubles et immeubles du\u00a0<span class=\"Highlight\" title=\"comit\u00e9\">comit\u00e9<\/span>\u00a0;<\/li>\n<li>Tout ou partie du montant de l&rsquo;exc\u00e9dent annuel du budget de fonctionnement vers\u00e9 par l&#8217;employeur.<\/li>\n<\/ul>\n<h2 id=\"IV\">IV\/ Le budget des activit\u00e9s sociales et culturelles du CSE<\/h2>\n<p>Le CSE, dans les entreprises de plus de 50 salari\u00e9s, dispose d&rsquo;un budget pour ses activit\u00e9s sociales et culturelles. Cependant en est-il de m\u00eame dans les entreprises de moins de 50 salari\u00e9s ?<\/p>\n<h3>A) Le CSE dans les entreprises de moins de 50 salari\u00e9s<\/h3>\n<p>Le CSE dans une entreprise de moins de 50 salari\u00e9s est diff\u00e9rent de celui d\u2019une entreprise d\u2019au moins 50 salari\u00e9s. En effet, ses <strong>attributions<\/strong> ne seront pas identiques.<\/p>\n<p data-css=\"tve-u-169fc55bc6e\">Dans une entreprise de moins de 50 salari\u00e9s, le r\u00f4le du CSE est celui des d\u00e9l\u00e9gu\u00e9s du personnel. Plus pr\u00e9cis\u00e9ment, il\u00a0porte \u00e0 la connaissance de l\u2019employeur les <strong>r\u00e9clamations<\/strong> des salari\u00e9s. Il assure \u00e9galement des missions en lien avec<strong> la protection de la sant\u00e9 des salari\u00e9s<\/strong>\u00a0(intervention lors d\u2019un accident du travail, r\u00e9alisation d\u2019enqu\u00eates\u2026).<\/p>\n<p data-css=\"tve-u-169fc55c534\">Les CSE des entreprises de moins de 50 salari\u00e9s ne sont pas dot\u00e9s de la\u00a0<strong>personnalit\u00e9 civile, <\/strong>contrairement aux<strong> CSE des entreprises de plus de 50 salari\u00e9s. <\/strong>Pour cette raison<strong>,<\/strong>\u00a0la loi n\u2019a pas pr\u00e9vu\u00a0<strong>d\u2019instaurer un budget de fonctionnement<\/strong>\u00a0au CSE des entreprises de moins de 50 salari\u00e9s.\u00a0Le CSE, et son budget relatif aux activit\u00e9s sociales et culturelles est donc ignor\u00e9 dans ces entreprises.<\/p>\n<h3 data-css=\"tve-u-169fc55bc6e\">B) Le CSE dans les entreprises de plus de 50 salari\u00e9s<\/h3>\n<p><span data-css=\"tve-u-164b2f8c113\">\u00a0Le CSE, et son budget relatif aux activit\u00e9s sociales et culturelles est accompagn\u00e9 d&rsquo;un autre budget. En effet, le comit\u00e9 social et \u00e9conomique dispose de deux budgets diff\u00e9rents : <\/span><\/p>\n<ul>\n<li><span data-css=\"tve-u-164b2f8c113\">un budget de fonctionnement calqu\u00e9 sur le budget du comit\u00e9 d\u2019entreprise, <\/span><\/li>\n<li><span data-css=\"tve-u-164b2f8c113\">un budget des activit\u00e9s sociales et culturelles.<\/span><\/li>\n<\/ul>\n<p id=\"tab-con-3\" data-css=\"tve-u-164b2fab2cd\"><u>Le budget de fonctionnement du CSE :<\/u><\/p>\n<p><span data-css=\"tve-u-164b2fab2de\">L\u2019employeur doit verser une\u00a0<strong>subvention <\/strong>destin\u00e9e aux activit\u00e9s sociales et culturelle du\u00a0CSE. Son montant annuel\u00a0<strong>d\u00e9pend de l\u2019effectif de l\u2019entreprise<\/strong>.\u00a0<\/span><\/p>\n<p><span data-css=\"tve-u-164b2fab2de\">Il peut \u00eatre exempt\u00e9 de cette obligation s\u2019il a d\u00e9j\u00e0 fait b\u00e9n\u00e9ficier le CSE d\u2019une somme ou de moyens personnels \u00e9quivalents \u00e0 0,22 % de la masse salariale brute.\u00a0<\/span><\/p>\n<p id=\"tab-con-4\" data-css=\"tve-u-164b2facb5b\"><span data-css=\"tve-u-164b2f8c70b\"><u>Le budget des activit\u00e9s sociales et culturelles du CSE :<\/u><\/span><\/p>\n<p><span data-css=\"tve-u-164b2f8c117\">L&#8217;employeur participe aux fonctionnement des activit\u00e9s sociales et \u00e9conomiques par le biais d&rsquo;une <strong>contribution.<\/strong>\u00a0Ainsi, cette derni\u00e8re, vers\u00e9e chaque ann\u00e9e par l\u2019employeur, est d\u00e9termin\u00e9e par accord d\u2019entreprise.\u00a0<\/span><\/p>\n<p>Enfin, en l\u2019absence d\u2019accord d\u2019entreprise, le rapport de la contribution patronale aux activit\u00e9s sociales et culturelles <strong>ne peut \u00eatre inf\u00e9rieur \u00e0 celui existant l&rsquo;ann\u00e9e pr\u00e9c\u00e9dente.\u00a0<\/strong><\/p>\n<h2 id=\"V\">V\/ Le transfert du budget : une nouveaut\u00e9 apparue avec le CSE<\/h2>\n<p>Le CSE, dans les entreprises de plus de 50 salari\u00e9s, peut\u00a0<strong>transf\u00e9rer l&rsquo;exc\u00e9dent d&rsquo;un budget, \u00e0 l&rsquo;autre budget.<\/strong>\u00a0N\u00e9anmoins, cette possibilit\u00e9 ne peut s\u2019effectuer qu\u2019\u00e0 la fin de l\u2019exercice comptable.<\/p>\n<p>Ainsi, l&rsquo;exc\u00e9dent annuel du budget de fonctionnement peut \u00eatre transf\u00e9r\u00e9 au <strong>budget<\/strong> <strong>destin\u00e9<\/strong> <strong>aux activit\u00e9s sociales<\/strong> <strong>et culturelles<\/strong>, mais\u00a0dans la limite de <strong>10<\/strong> <strong>%<\/strong> de cet exc\u00e9dent.<\/p>\n<p>A l&rsquo;inverse, les membres du CSE peuvent d\u00e9cider, par une d\u00e9lib\u00e9ration, de transf\u00e9rer tout ou partie du montant de l&rsquo;exc\u00e9dent annuel du budget destin\u00e9 aux activit\u00e9s sociales et culturelles, au <strong>budget<\/strong> <strong>de fonctionnement<\/strong>, mais aussi \u00e0 des <strong>associations<\/strong>.<\/p>\n<p><span data-css=\"tve-u-164b2f8a31e\">Par ailleurs, lorsque le transfert de reliquat d\u2019un budget \u00e0 un autre est op\u00e9r\u00e9, la somme transf\u00e9r\u00e9e ainsi que ses modalit\u00e9s d\u2019utilisation doivent appara\u00eetre dans les <strong>comptes<\/strong> <strong>annuels<\/strong> <strong>du CSE<\/strong> ou dans son rapport d\u2019activit\u00e9s.<\/span><\/p>\n<h2 id=\"VI\">VI\/ Les diff\u00e9rences entre le CSE et l&rsquo;ancien CE<\/h2>\n<ul>\n<li>D&rsquo;abord, le comit\u00e9 d&rsquo;entreprise avait ses propres attributions alors que le CSE dans les entreprises de plus de 50 salari\u00e9s exerce les attributions des anciennes institutions repr\u00e9sentatives du personnel.<\/li>\n<li>En outre, la loi reconna\u00eet d\u00e9sormais \u00e0 l&#8217;employeur la\u00a0facult\u00e9 de fixer par accord collectif<b>,\u00a0<\/b>outre le nombre de r\u00e9unions annuelles, les modalit\u00e9s des consultations r\u00e9currentes du CSE, leur contenu et leur p\u00e9riodicit\u00e9.<\/li>\n<li>Avec le CSE, il y a moins d&rsquo;\u00e9lus. Ainsi, le nombre de titulaires pr\u00e9vus au CSE est donc inf\u00e9rieur au nombre de titulaires pr\u00e9vus pour les deux instances pr\u00e9c\u00e9dentes cumul\u00e9es (DP\/CE)<\/li>\n<li>Ensuite, les membres titulaires du CSE peuvent r\u00e9partir le cr\u00e9dit d&rsquo;heures avec les suppl\u00e9ants et, surtout, peuvent l&rsquo;utiliser sur une\u00a0p\u00e9riode annuelle, et non plus seulement mensuelle.<\/li>\n<li>Enfin, il est possible pour le CSE de transf\u00e9rer l&rsquo;exc\u00e9dent de son budget annuel de fonctionnement, \u00e0 son budget r\u00e9serv\u00e9 aux activit\u00e9s sociales et \u00e9conomiques et inversement. Le CE ne pouvait lui, pas le faire.<\/li>\n<\/ul>\n<p>Vous souhaitez\u00a0tout savoir\u00a0en d\u00e9tail sur le<strong><a href=\"https:\/\/blog.legalvision.fr\/2019\/07\/12\/definition-cse\/\"> CSE<\/a><\/strong> ? N\u2019h\u00e9sitez pas \u00e0 consulter notre article d\u00e9di\u00e9 \u00e0 cette th\u00e9matique !<\/p>\n<details>\n<summary><strong>Sources\u00a0<\/strong><\/summary>\n<p><strong>Articles<\/strong><\/p>\n<ul>\n<li>\n<a href=\"https:\/\/www.legifrance.gouv.fr\/affichCodeArticle.do?idArticle=LEGIARTI000035611311&amp;cidTexte=LEGITEXT000006072050&amp;dateTexte=20180101\">L.2312-78 du Code du travail\u00a0<\/a>relatif \u00e0 la gestion des activit\u00e9s sociales et culturelles.<\/li>\n<li>\n<a href=\"https:\/\/www.legifrance.gouv.fr\/affichCodeArticle.do?idArticle=LEGIARTI000036413296&amp;cidTexte=LEGITEXT000006072050&amp;dateTexte=20180101\">R.2312-35 du Code du travail<\/a> relatif \u00e0 la liste des activit\u00e9s sociales et culturelles<\/li>\n<li>\n<a href=\"https:\/\/www.legifrance.gouv.fr\/affichCodeArticle.do?idArticle=LEGIARTI000036413334&amp;cidTexte=LEGITEXT000006072050&amp;dateTexte=20180101\">R.2312-49 du Code du travail<\/a> relatif aux ressources du CSE<\/li>\n<li>\n<a href=\"https:\/\/www.legifrance.gouv.fr\/affichCodeArticle.do?idArticle=LEGIARTI000036761916&amp;cidTexte=LEGITEXT000006072050&amp;dateTexte=20190101\">L.2315-61 du Code du travail<\/a> relatif \u00e0 la subvention vers\u00e9e par l&#8217;employeur et au transfert<\/li>\n<li>\n<a href=\"https:\/\/www.legifrance.gouv.fr\/affichCodeArticle.do;jsessionid=C3ADD85F49B0F01672E500ED93B4FD25.tplgfr29s_2?idArticle=LEGIARTI000036761976&amp;cidTexte=LEGITEXT000006072050&amp;dateTexte=20180908\">L.2312-81 du Code du travail<\/a> relatif \u00e0 la contribution vers\u00e9e par l&#8217;employeur<\/li>\n<\/ul>\n<\/details>\n<p><\/body><\/html><!--tag_auto_button_lead_legalvision--><a href=\"https:\/\/www.legalvision.fr\/tous-les-services\/?utm_source=blog&#038;utm_campaign=activites-sociales-et-culturelles-tout-connaitre\" class=\"tag_auto_button_lead_legalvision\"><button style=\"background-color:#32c3bf;width:100%;\">Contactez nos juristes !<\/button><\/a><!--tag_auto_button_lead_legalvision--><\/p>\n","protected":false},"excerpt":{"rendered":"<p>Le comit\u00e9 social et \u00e9conomique (CSE) est la nouvelle instance repr\u00e9sentative du personnel.\u00a0Il fusionne en effet, l&rsquo;ensemble des instances repr\u00e9sentatives du personnel que vous connaissiez auparavant, soit les d\u00e9l\u00e9gu\u00e9s du personnel (DP), le comit\u00e9 d&rsquo;entreprise (CE) et le comit\u00e9 d&rsquo;hygi\u00e8ne, de s\u00e9curit\u00e9 et des conditions de travail (CHSCT). D&rsquo;ailleurs, soyez vigilant, car le CSE devra&hellip; <a class=\"more-link\" href=\"https:\/\/www.legalvision.fr\/guides-juridiques\/gerer-une-entreprise\/activites-sociales-et-culturelles-tout-connaitre\/\">Poursuivre la lecture <span class=\"screen-reader-text\">Le point sur les activit\u00e9s sociales et culturelles du CSE<\/span><\/a><\/p>\n","protected":false},"author":30,"featured_media":19258,"comment_status":"open","ping_status":"open","sticky":false,"template":"","format":"standard","meta":{"content-type":"","inline_featured_image":false,"footnotes":""},"categories":[2502],"tags":[],"class_list":["post-19039","post","type-post","status-publish","format-standard","has-post-thumbnail","hentry","category-gerer-une-entreprise","entry"],"yoast_head":"<!-- This site is optimized with the Yoast SEO plugin v27.1.1 - https:\/\/yoast.com\/product\/yoast-seo-wordpress\/ -->\n<title>Activit\u00e9s sociales et culturelles du CSE : quels changements ?<\/title>\n<meta name=\"description\" content=\"Y a-t-il une grande diff\u00e9rence entre les activit\u00e9s sociales et culturelles du CSE et celles de l&#039;ancien comit\u00e9 d&#039;entreprise ? LegalVision vous r\u00e9pond.\" \/>\n<meta name=\"robots\" content=\"index, follow, max-snippet:-1, max-image-preview:large, max-video-preview:-1\" \/>\n<link rel=\"canonical\" href=\"https:\/\/www.legalvision.fr\/guides-juridiques\/gerer-une-entreprise\/activites-sociales-et-culturelles-tout-connaitre\/\" \/>\n<meta property=\"og:locale\" content=\"fr_FR\" \/>\n<meta property=\"og:type\" content=\"article\" \/>\n<meta property=\"og:title\" content=\"Activit\u00e9s sociales et culturelles du CSE : quels changements ?\" \/>\n<meta property=\"og:description\" content=\"Y a-t-il une grande diff\u00e9rence entre les activit\u00e9s sociales et culturelles du CSE et celles de l&#039;ancien comit\u00e9 d&#039;entreprise ? LegalVision vous r\u00e9pond.\" \/>\n<meta property=\"og:url\" content=\"https:\/\/www.legalvision.fr\/guides-juridiques\/gerer-une-entreprise\/activites-sociales-et-culturelles-tout-connaitre\/\" \/>\n<meta property=\"og:site_name\" content=\"Guides juridiques\" \/>\n<meta property=\"article:published_time\" content=\"2019-07-26T06:30:59+00:00\" \/>\n<meta property=\"article:modified_time\" content=\"2022-03-27T19:20:52+00:00\" \/>\n<meta property=\"og:image\" content=\"https:\/\/www.legalvision.fr\/guides-juridiques\/wp-content\/uploads\/2019\/07\/activit\u00e9s-sociales-et-culturelles.jpg\" \/>\n\t<meta property=\"og:image:width\" content=\"958\" \/>\n\t<meta property=\"og:image:height\" content=\"350\" \/>\n\t<meta property=\"og:image:type\" content=\"image\/jpeg\" \/>\n<meta name=\"author\" content=\"William Lebrun\" \/>\n<meta name=\"twitter:card\" content=\"summary_large_image\" \/>\n<meta name=\"twitter:label1\" content=\"\u00c9crit par\" \/>\n\t<meta name=\"twitter:data1\" content=\"William Lebrun\" \/>\n\t<meta name=\"twitter:label2\" content=\"Dur\u00e9e de lecture estim\u00e9e\" \/>\n\t<meta name=\"twitter:data2\" content=\"11 minutes\" \/>\n<script type=\"application\/ld+json\" class=\"yoast-schema-graph\">{\"@context\":\"https:\/\/schema.org\",\"@graph\":[{\"@type\":\"Article\",\"@id\":\"https:\/\/www.legalvision.fr\/guides-juridiques\/gerer-une-entreprise\/activites-sociales-et-culturelles-tout-connaitre\/#article\",\"isPartOf\":{\"@id\":\"https:\/\/www.legalvision.fr\/guides-juridiques\/gerer-une-entreprise\/activites-sociales-et-culturelles-tout-connaitre\/\"},\"author\":{\"name\":\"William Lebrun\",\"@id\":\"https:\/\/www.legalvision.fr\/guides-juridiques\/#\/schema\/person\/3d24d0c20575138ed212b2e4b6f7b4b0\"},\"headline\":\"Le point sur les activit\u00e9s sociales et culturelles du CSE\",\"datePublished\":\"2019-07-26T06:30:59+00:00\",\"dateModified\":\"2022-03-27T19:20:52+00:00\",\"mainEntityOfPage\":{\"@id\":\"https:\/\/www.legalvision.fr\/guides-juridiques\/gerer-une-entreprise\/activites-sociales-et-culturelles-tout-connaitre\/\"},\"wordCount\":2280,\"commentCount\":0,\"publisher\":{\"@id\":\"https:\/\/www.legalvision.fr\/guides-juridiques\/#organization\"},\"image\":{\"@id\":\"https:\/\/www.legalvision.fr\/guides-juridiques\/gerer-une-entreprise\/activites-sociales-et-culturelles-tout-connaitre\/#primaryimage\"},\"thumbnailUrl\":\"https:\/\/www.legalvision.fr\/guides-juridiques\/wp-content\/uploads\/2019\/07\/activit\u00e9s-sociales-et-culturelles.jpg\",\"articleSection\":[\"G\u00e9rer une entreprise\"],\"inLanguage\":\"fr-FR\",\"potentialAction\":[{\"@type\":\"CommentAction\",\"name\":\"Comment\",\"target\":[\"https:\/\/www.legalvision.fr\/guides-juridiques\/gerer-une-entreprise\/activites-sociales-et-culturelles-tout-connaitre\/#respond\"]}]},{\"@type\":\"WebPage\",\"@id\":\"https:\/\/www.legalvision.fr\/guides-juridiques\/gerer-une-entreprise\/activites-sociales-et-culturelles-tout-connaitre\/\",\"url\":\"https:\/\/www.legalvision.fr\/guides-juridiques\/gerer-une-entreprise\/activites-sociales-et-culturelles-tout-connaitre\/\",\"name\":\"Activit\u00e9s sociales et culturelles du CSE : quels changements ?\",\"isPartOf\":{\"@id\":\"https:\/\/www.legalvision.fr\/guides-juridiques\/#website\"},\"primaryImageOfPage\":{\"@id\":\"https:\/\/www.legalvision.fr\/guides-juridiques\/gerer-une-entreprise\/activites-sociales-et-culturelles-tout-connaitre\/#primaryimage\"},\"image\":{\"@id\":\"https:\/\/www.legalvision.fr\/guides-juridiques\/gerer-une-entreprise\/activites-sociales-et-culturelles-tout-connaitre\/#primaryimage\"},\"thumbnailUrl\":\"https:\/\/www.legalvision.fr\/guides-juridiques\/wp-content\/uploads\/2019\/07\/activit\u00e9s-sociales-et-culturelles.jpg\",\"datePublished\":\"2019-07-26T06:30:59+00:00\",\"dateModified\":\"2022-03-27T19:20:52+00:00\",\"description\":\"Y a-t-il une grande diff\u00e9rence entre les activit\u00e9s sociales et culturelles du CSE et celles de l'ancien comit\u00e9 d'entreprise ? LegalVision vous r\u00e9pond.\",\"breadcrumb\":{\"@id\":\"https:\/\/www.legalvision.fr\/guides-juridiques\/gerer-une-entreprise\/activites-sociales-et-culturelles-tout-connaitre\/#breadcrumb\"},\"inLanguage\":\"fr-FR\",\"potentialAction\":[{\"@type\":\"ReadAction\",\"target\":[\"https:\/\/www.legalvision.fr\/guides-juridiques\/gerer-une-entreprise\/activites-sociales-et-culturelles-tout-connaitre\/\"]}]},{\"@type\":\"ImageObject\",\"inLanguage\":\"fr-FR\",\"@id\":\"https:\/\/www.legalvision.fr\/guides-juridiques\/gerer-une-entreprise\/activites-sociales-et-culturelles-tout-connaitre\/#primaryimage\",\"url\":\"https:\/\/www.legalvision.fr\/guides-juridiques\/wp-content\/uploads\/2019\/07\/activit\u00e9s-sociales-et-culturelles.jpg\",\"contentUrl\":\"https:\/\/www.legalvision.fr\/guides-juridiques\/wp-content\/uploads\/2019\/07\/activit\u00e9s-sociales-et-culturelles.jpg\",\"width\":958,\"height\":350,\"caption\":\"activit\u00e9s sociales et culturelles\"},{\"@type\":\"BreadcrumbList\",\"@id\":\"https:\/\/www.legalvision.fr\/guides-juridiques\/gerer-une-entreprise\/activites-sociales-et-culturelles-tout-connaitre\/#breadcrumb\",\"itemListElement\":[{\"@type\":\"ListItem\",\"position\":1,\"name\":\"Accueil\",\"item\":\"https:\/\/www.legalvision.fr\/guides-juridiques\/\"},{\"@type\":\"ListItem\",\"position\":2,\"name\":\"G\u00e9rer une entreprise\",\"item\":\"https:\/\/www.legalvision.fr\/guides-juridiques\/gerer-une-entreprise\/\"},{\"@type\":\"ListItem\",\"position\":3,\"name\":\"Le point sur les activit\u00e9s sociales et culturelles du CSE\"}]},{\"@type\":\"WebSite\",\"@id\":\"https:\/\/www.legalvision.fr\/guides-juridiques\/#website\",\"url\":\"https:\/\/www.legalvision.fr\/guides-juridiques\/\",\"name\":\"Guides juridiques\",\"description\":\"L&#039;information juridique \u00e0 destination des entreprises et TPE\",\"publisher\":{\"@id\":\"https:\/\/www.legalvision.fr\/guides-juridiques\/#organization\"},\"potentialAction\":[{\"@type\":\"SearchAction\",\"target\":{\"@type\":\"EntryPoint\",\"urlTemplate\":\"https:\/\/www.legalvision.fr\/guides-juridiques\/?s={search_term_string}\"},\"query-input\":{\"@type\":\"PropertyValueSpecification\",\"valueRequired\":true,\"valueName\":\"search_term_string\"}}],\"inLanguage\":\"fr-FR\"},{\"@type\":\"Organization\",\"@id\":\"https:\/\/www.legalvision.fr\/guides-juridiques\/#organization\",\"name\":\"Guides juridiques\",\"url\":\"https:\/\/www.legalvision.fr\/guides-juridiques\/\",\"logo\":{\"@type\":\"ImageObject\",\"inLanguage\":\"fr-FR\",\"@id\":\"https:\/\/www.legalvision.fr\/guides-juridiques\/#\/schema\/logo\/image\/\",\"url\":\"https:\/\/www.legalvision.fr\/guides-juridiques\/wp-content\/uploads\/2022\/10\/LV-Logotype.png\",\"contentUrl\":\"https:\/\/www.legalvision.fr\/guides-juridiques\/wp-content\/uploads\/2022\/10\/LV-Logotype.png\",\"width\":647,\"height\":125,\"caption\":\"Guides juridiques\"},\"image\":{\"@id\":\"https:\/\/www.legalvision.fr\/guides-juridiques\/#\/schema\/logo\/image\/\"}},{\"@type\":\"Person\",\"@id\":\"https:\/\/www.legalvision.fr\/guides-juridiques\/#\/schema\/person\/3d24d0c20575138ed212b2e4b6f7b4b0\",\"name\":\"William Lebrun\",\"image\":{\"@type\":\"ImageObject\",\"inLanguage\":\"fr-FR\",\"@id\":\"https:\/\/www.legalvision.fr\/guides-juridiques\/#\/schema\/person\/image\/\",\"url\":\"https:\/\/www.legalvision.fr\/guides-juridiques\/wp-content\/uploads\/2023\/07\/cropped-homme1-96x96.png\",\"contentUrl\":\"https:\/\/www.legalvision.fr\/guides-juridiques\/wp-content\/uploads\/2023\/07\/cropped-homme1-96x96.png\",\"caption\":\"William Lebrun\"},\"description\":\"B\u00e9n\u00e9ficiant de la formation d'un double dipl\u00f4me en droit des affaires et en \u00e9cole de commerce, j'ai un fort attrait pour le droit des soci\u00e9t\u00e9s. Je r\u00e9dige des articles pour vous aider sur vos probl\u00e9matiques.\",\"url\":\"https:\/\/www.legalvision.fr\/guides-juridiques\/author\/aina-rakoto\/\"}]}<\/script>\n<!-- \/ Yoast SEO plugin. -->","yoast_head_json":{"title":"Activit\u00e9s sociales et culturelles du CSE : quels changements ?","description":"Y a-t-il une grande diff\u00e9rence entre les activit\u00e9s sociales et culturelles du CSE et celles de l'ancien comit\u00e9 d'entreprise ? LegalVision vous r\u00e9pond.","robots":{"index":"index","follow":"follow","max-snippet":"max-snippet:-1","max-image-preview":"max-image-preview:large","max-video-preview":"max-video-preview:-1"},"canonical":"https:\/\/www.legalvision.fr\/guides-juridiques\/gerer-une-entreprise\/activites-sociales-et-culturelles-tout-connaitre\/","og_locale":"fr_FR","og_type":"article","og_title":"Activit\u00e9s sociales et culturelles du CSE : quels changements ?","og_description":"Y a-t-il une grande diff\u00e9rence entre les activit\u00e9s sociales et culturelles du CSE et celles de l'ancien comit\u00e9 d'entreprise ? LegalVision vous r\u00e9pond.","og_url":"https:\/\/www.legalvision.fr\/guides-juridiques\/gerer-une-entreprise\/activites-sociales-et-culturelles-tout-connaitre\/","og_site_name":"Guides juridiques","article_published_time":"2019-07-26T06:30:59+00:00","article_modified_time":"2022-03-27T19:20:52+00:00","og_image":[{"width":958,"height":350,"url":"https:\/\/www.legalvision.fr\/guides-juridiques\/wp-content\/uploads\/2019\/07\/activit\u00e9s-sociales-et-culturelles.jpg","type":"image\/jpeg"}],"author":"William Lebrun","twitter_card":"summary_large_image","twitter_misc":{"\u00c9crit par":"William Lebrun","Dur\u00e9e de lecture estim\u00e9e":"11 minutes"},"schema":{"@context":"https:\/\/schema.org","@graph":[{"@type":"Article","@id":"https:\/\/www.legalvision.fr\/guides-juridiques\/gerer-une-entreprise\/activites-sociales-et-culturelles-tout-connaitre\/#article","isPartOf":{"@id":"https:\/\/www.legalvision.fr\/guides-juridiques\/gerer-une-entreprise\/activites-sociales-et-culturelles-tout-connaitre\/"},"author":{"name":"William Lebrun","@id":"https:\/\/www.legalvision.fr\/guides-juridiques\/#\/schema\/person\/3d24d0c20575138ed212b2e4b6f7b4b0"},"headline":"Le point sur les activit\u00e9s sociales et culturelles du CSE","datePublished":"2019-07-26T06:30:59+00:00","dateModified":"2022-03-27T19:20:52+00:00","mainEntityOfPage":{"@id":"https:\/\/www.legalvision.fr\/guides-juridiques\/gerer-une-entreprise\/activites-sociales-et-culturelles-tout-connaitre\/"},"wordCount":2280,"commentCount":0,"publisher":{"@id":"https:\/\/www.legalvision.fr\/guides-juridiques\/#organization"},"image":{"@id":"https:\/\/www.legalvision.fr\/guides-juridiques\/gerer-une-entreprise\/activites-sociales-et-culturelles-tout-connaitre\/#primaryimage"},"thumbnailUrl":"https:\/\/www.legalvision.fr\/guides-juridiques\/wp-content\/uploads\/2019\/07\/activit\u00e9s-sociales-et-culturelles.jpg","articleSection":["G\u00e9rer une entreprise"],"inLanguage":"fr-FR","potentialAction":[{"@type":"CommentAction","name":"Comment","target":["https:\/\/www.legalvision.fr\/guides-juridiques\/gerer-une-entreprise\/activites-sociales-et-culturelles-tout-connaitre\/#respond"]}]},{"@type":"WebPage","@id":"https:\/\/www.legalvision.fr\/guides-juridiques\/gerer-une-entreprise\/activites-sociales-et-culturelles-tout-connaitre\/","url":"https:\/\/www.legalvision.fr\/guides-juridiques\/gerer-une-entreprise\/activites-sociales-et-culturelles-tout-connaitre\/","name":"Activit\u00e9s sociales et culturelles du CSE : quels changements ?","isPartOf":{"@id":"https:\/\/www.legalvision.fr\/guides-juridiques\/#website"},"primaryImageOfPage":{"@id":"https:\/\/www.legalvision.fr\/guides-juridiques\/gerer-une-entreprise\/activites-sociales-et-culturelles-tout-connaitre\/#primaryimage"},"image":{"@id":"https:\/\/www.legalvision.fr\/guides-juridiques\/gerer-une-entreprise\/activites-sociales-et-culturelles-tout-connaitre\/#primaryimage"},"thumbnailUrl":"https:\/\/www.legalvision.fr\/guides-juridiques\/wp-content\/uploads\/2019\/07\/activit\u00e9s-sociales-et-culturelles.jpg","datePublished":"2019-07-26T06:30:59+00:00","dateModified":"2022-03-27T19:20:52+00:00","description":"Y a-t-il une grande diff\u00e9rence entre les activit\u00e9s sociales et culturelles du CSE et celles de l'ancien comit\u00e9 d'entreprise ? LegalVision vous r\u00e9pond.","breadcrumb":{"@id":"https:\/\/www.legalvision.fr\/guides-juridiques\/gerer-une-entreprise\/activites-sociales-et-culturelles-tout-connaitre\/#breadcrumb"},"inLanguage":"fr-FR","potentialAction":[{"@type":"ReadAction","target":["https:\/\/www.legalvision.fr\/guides-juridiques\/gerer-une-entreprise\/activites-sociales-et-culturelles-tout-connaitre\/"]}]},{"@type":"ImageObject","inLanguage":"fr-FR","@id":"https:\/\/www.legalvision.fr\/guides-juridiques\/gerer-une-entreprise\/activites-sociales-et-culturelles-tout-connaitre\/#primaryimage","url":"https:\/\/www.legalvision.fr\/guides-juridiques\/wp-content\/uploads\/2019\/07\/activit\u00e9s-sociales-et-culturelles.jpg","contentUrl":"https:\/\/www.legalvision.fr\/guides-juridiques\/wp-content\/uploads\/2019\/07\/activit\u00e9s-sociales-et-culturelles.jpg","width":958,"height":350,"caption":"activit\u00e9s sociales et culturelles"},{"@type":"BreadcrumbList","@id":"https:\/\/www.legalvision.fr\/guides-juridiques\/gerer-une-entreprise\/activites-sociales-et-culturelles-tout-connaitre\/#breadcrumb","itemListElement":[{"@type":"ListItem","position":1,"name":"Accueil","item":"https:\/\/www.legalvision.fr\/guides-juridiques\/"},{"@type":"ListItem","position":2,"name":"G\u00e9rer une entreprise","item":"https:\/\/www.legalvision.fr\/guides-juridiques\/gerer-une-entreprise\/"},{"@type":"ListItem","position":3,"name":"Le point sur les activit\u00e9s sociales et culturelles du CSE"}]},{"@type":"WebSite","@id":"https:\/\/www.legalvision.fr\/guides-juridiques\/#website","url":"https:\/\/www.legalvision.fr\/guides-juridiques\/","name":"Guides juridiques","description":"L&#039;information juridique \u00e0 destination des entreprises et TPE","publisher":{"@id":"https:\/\/www.legalvision.fr\/guides-juridiques\/#organization"},"potentialAction":[{"@type":"SearchAction","target":{"@type":"EntryPoint","urlTemplate":"https:\/\/www.legalvision.fr\/guides-juridiques\/?s={search_term_string}"},"query-input":{"@type":"PropertyValueSpecification","valueRequired":true,"valueName":"search_term_string"}}],"inLanguage":"fr-FR"},{"@type":"Organization","@id":"https:\/\/www.legalvision.fr\/guides-juridiques\/#organization","name":"Guides juridiques","url":"https:\/\/www.legalvision.fr\/guides-juridiques\/","logo":{"@type":"ImageObject","inLanguage":"fr-FR","@id":"https:\/\/www.legalvision.fr\/guides-juridiques\/#\/schema\/logo\/image\/","url":"https:\/\/www.legalvision.fr\/guides-juridiques\/wp-content\/uploads\/2022\/10\/LV-Logotype.png","contentUrl":"https:\/\/www.legalvision.fr\/guides-juridiques\/wp-content\/uploads\/2022\/10\/LV-Logotype.png","width":647,"height":125,"caption":"Guides juridiques"},"image":{"@id":"https:\/\/www.legalvision.fr\/guides-juridiques\/#\/schema\/logo\/image\/"}},{"@type":"Person","@id":"https:\/\/www.legalvision.fr\/guides-juridiques\/#\/schema\/person\/3d24d0c20575138ed212b2e4b6f7b4b0","name":"William Lebrun","image":{"@type":"ImageObject","inLanguage":"fr-FR","@id":"https:\/\/www.legalvision.fr\/guides-juridiques\/#\/schema\/person\/image\/","url":"https:\/\/www.legalvision.fr\/guides-juridiques\/wp-content\/uploads\/2023\/07\/cropped-homme1-96x96.png","contentUrl":"https:\/\/www.legalvision.fr\/guides-juridiques\/wp-content\/uploads\/2023\/07\/cropped-homme1-96x96.png","caption":"William Lebrun"},"description":"B\u00e9n\u00e9ficiant de la formation d'un double dipl\u00f4me en droit des affaires et en \u00e9cole de commerce, j'ai un fort attrait pour le droit des soci\u00e9t\u00e9s. Je r\u00e9dige des articles pour vous aider sur vos probl\u00e9matiques.","url":"https:\/\/www.legalvision.fr\/guides-juridiques\/author\/aina-rakoto\/"}]}},"_links":{"self":[{"href":"https:\/\/www.legalvision.fr\/guides-juridiques\/wp-json\/wp\/v2\/posts\/19039","targetHints":{"allow":["GET"]}}],"collection":[{"href":"https:\/\/www.legalvision.fr\/guides-juridiques\/wp-json\/wp\/v2\/posts"}],"about":[{"href":"https:\/\/www.legalvision.fr\/guides-juridiques\/wp-json\/wp\/v2\/types\/post"}],"author":[{"embeddable":true,"href":"https:\/\/www.legalvision.fr\/guides-juridiques\/wp-json\/wp\/v2\/users\/30"}],"replies":[{"embeddable":true,"href":"https:\/\/www.legalvision.fr\/guides-juridiques\/wp-json\/wp\/v2\/comments?post=19039"}],"version-history":[{"count":0,"href":"https:\/\/www.legalvision.fr\/guides-juridiques\/wp-json\/wp\/v2\/posts\/19039\/revisions"}],"wp:featuredmedia":[{"embeddable":true,"href":"https:\/\/www.legalvision.fr\/guides-juridiques\/wp-json\/wp\/v2\/media\/19258"}],"wp:attachment":[{"href":"https:\/\/www.legalvision.fr\/guides-juridiques\/wp-json\/wp\/v2\/media?parent=19039"}],"wp:term":[{"taxonomy":"category","embeddable":true,"href":"https:\/\/www.legalvision.fr\/guides-juridiques\/wp-json\/wp\/v2\/categories?post=19039"},{"taxonomy":"post_tag","embeddable":true,"href":"https:\/\/www.legalvision.fr\/guides-juridiques\/wp-json\/wp\/v2\/tags?post=19039"}],"curies":[{"name":"wp","href":"https:\/\/api.w.org\/{rel}","templated":true}]}}