{"id":18877,"date":"2019-08-09T07:30:33","date_gmt":"2019-08-09T06:30:33","guid":{"rendered":"https:\/\/blog.legalvision.fr\/?p=18877"},"modified":"2022-03-27T21:20:51","modified_gmt":"2022-03-27T19:20:51","slug":"mise-a-pied-disciplinaire-tout-savoir","status":"publish","type":"post","link":"https:\/\/www.legalvision.fr\/guides-juridiques\/droit-du-travail\/mise-a-pied-disciplinaire-tout-savoir\/","title":{"rendered":"Mise \u00e0 pied disciplinaire : quelle pr\u00e9cautions \u00e0 prendre ?"},"content":{"rendered":"<p>La mise \u00e0 pied est une suspension du contrat de travail impos\u00e9e par l&#8217;employeur. Elle est qualifi\u00e9e de sanction si elle vise \u00e0 punir un comportement fautif du salari\u00e9. On parle alors de mise \u00e0 pied disciplinaire.<\/p>\n<p>En revanche, si elle vise \u00e0 \u00e9carter le salari\u00e9 de son poste de travail le temps qu&rsquo;il soit statu\u00e9 sur son cas, il s&rsquo;agit d&rsquo;une mise \u00e0 pied conservatoire.<\/p>\n<p><strong>La mise \u00e0 pied disciplinaire constitue une sanction <\/strong>qui a pour objet d&rsquo;interdire au salari\u00e9 de venir travailler pendant une dur\u00e9e d\u00e9termin\u00e9e avec pour cons\u00e9quence une perte de salaire. Autrement dit, elle ne doit pas \u00eatre confondue avec la mise \u00e0 pied conservatoire.\u00a0Cette derni\u00e8re n&rsquo;est pas en effet une sanction, mais une simple suspension du contrat de travail dans l&rsquo;attente de la sanction d\u00e9finitive.<\/p>\n<p>Comment fonctionne cette sanction ? <a href=\"https:\/\/www.legalvision.fr\/contactez-nous\/\">Legalvision<\/a> vous explique tout.\n<\/p>\n<h3>Sommaire<\/h3>\n<p><strong><a href=\"#I\">Les conditions de la mise \u00e0 pied disciplinaire<br \/>\n<\/a><\/strong><strong><a href=\"#II\">Quelle dur\u00e9e pour la mise \u00e0 pied disciplinaire ?<br \/>\n<\/a><\/strong><strong><a href=\"#III\">Quelle proc\u00e9dure \u00e0 respecter ?<br \/>\n<\/a><\/strong><strong><a href=\"#IV\">Les cons\u00e9quences de la mise \u00e0 pied disciplinaire<br \/>\n<\/a><\/strong><strong><a href=\"#V\">Quelles suites donner \u00e0 la mise \u00e0 pied disciplinaire ?<\/a><\/strong><\/p>\n<div class=\"wp-block-button\" style=\"text-align:center;\"><a class=\"wp-block-button__link has-background\" href=\"https:\/\/www.legalvision.fr\/tous-les-services\/\">Voir les services LegalVision<\/a><\/div>\n<h2 id=\"I\">Les conditions de la mise \u00e0 pied disciplinaire<\/h2>\n<p>La\u00a0mise \u00e0 pied disciplinaire \u00e9tant une v\u00e9ritable sanction, d\u00e8s lors, cette mesure\u00a0ne peut intervenir que lorsque les faits reproch\u00e9s au salari\u00e9 constituent une faute.<\/p>\n<p>Ensuite, lorsque l&#8217;employeur est tenu d&rsquo;\u00e9laborer un <strong><span title=\"Pour rappel, l'\u00e9tablissement d'un r\u00e8glement int\u00e9rieur est obligatoire dans les entreprises ou \u00e9tablissements employant habituellement au moins vingt salari\u00e9s.\">r\u00e8glement int\u00e9rieur<\/span><\/strong>, cette mesure doit imp\u00e9rativement figurer au sein du document. Dans ce cas, le r\u00e8glement int\u00e9rieur doit par ailleurs pr\u00e9voir la dur\u00e9e de la mise \u00e0 pied pour que cette derni\u00e8re soit valide. pr\u00e9voir.<\/p>\n<p>Ce document est fondamental pour l&rsquo;exercice du pouvoir disciplinaire de l&#8217;employeur. Pour ne commettre aucune erreur, Legalvision vous propose une assistance dans la r\u00e9daction de votre <a href=\"https:\/\/www.legalvision.fr\/lp\/reglement-interieur\">r\u00e8glement int\u00e9rieur<\/a>.<\/p>\n<p><span style=\"text-decoration: underline;\">Attention :<\/span>\u00a0si une mise \u00e0 pied disciplinaire est prononc\u00e9e en l&rsquo;absence de r\u00e8glement int\u00e9rieur, ou si cette sanction ne figure pas au sein du document alors elle sera d\u00e9clar\u00e9e <strong>nulle<\/strong>.\u00a0La nullit\u00e9 sera \u00e9galement prononc\u00e9e si la <strong>dur\u00e9e<\/strong> de la mise \u00e0 pied disciplinaire n&rsquo;est pas pr\u00e9vue.\u00a0La dur\u00e9e de la sanction\u00a0ne peut pas d\u00e9passer celle pr\u00e9vue\u00a0par la convention collective.<\/p>\n<p>Car c&rsquo;est une\u00a0sanction disciplinaire, la mise \u00e0 pied disciplinaire est soumise au d\u00e9lai de prescription des faits fautifs. Ainsi, ce <strong>d\u00e9lai de deux mois<\/strong> court\u00a0\u00e0 compter du jour o\u00f9 l&#8217;employeur a eu une connaissance exacte des faits reproch\u00e9s au salari\u00e9<\/p>\n<p>Enfin, un m\u00eame fait ne saurait justifier successivement deux mesures disciplinaires. D\u00e8s lors, est\u00a0nulle la mise \u00e0 pied disciplinaire notifi\u00e9e\u00a0en l&rsquo;absence de tout nouveau fait fautif. De plus, la faute du salari\u00e9 sanctionn\u00e9e par une mise \u00e0 pied disciplinaire ne saurait ensuite justifier l&rsquo;ex\u00e9cution d&rsquo;une mise \u00e0 pied conservatoire ou la notification d&rsquo;un avertissement.<\/p>\n<h2 id=\"II\">Quelle dur\u00e9e pour la mise \u00e0 pied disciplinaire ?<\/h2>\n<p>D&rsquo;abord, la mise \u00e0 pied disciplinaire est n\u00e9cessairement et <strong>obligatoirement \u00e0 dur\u00e9e d\u00e9termin\u00e9e<\/strong>.<\/p>\n<p>Ensuite, la dur\u00e9e maximale de la mise \u00e0 pied, qui a pour effet de suspendre provisoirement le contrat de travail, doit \u00eatre fix\u00e9e dans le <strong>r\u00e8glement int\u00e9rieur<\/strong>.\u00a0En effet, \u00e0 d\u00e9faut, l&#8217;employeur ne peut prononcer de mise \u00e0 pied pour motif disciplinaire.<\/p>\n<p>Une\u00a0mise \u00e0 pied qui ne respecte pas ces conditions est en effet susceptible d&rsquo;\u00eatre annul\u00e9e par le conseil de prud&rsquo;hommes. M\u00eame les dispositions de la convention collective applicable ne peuvent suppl\u00e9er l&rsquo;absence de mention de la dur\u00e9e maximale dans le r\u00e8glement int\u00e9rieur.<\/p>\n<p>En d&rsquo;autres termes, il n&rsquo;est pas possible de se r\u00e9f\u00e9rer \u00e0 la convention collective pour palier les insuffisances du\u00a0r\u00e8glement int\u00e9rieur. <strong>En mati\u00e8re disciplinaire seul ce document fait foi.<\/strong><\/p>\n<p>En revanche, dans les entreprises o\u00f9 la r\u00e9daction d&rsquo;un r\u00e8glement\u00a0int\u00e9rieur n&rsquo;est pas obligatoire la situation est diff\u00e9rente. Si l&rsquo;entreprise comporte moins de 20 salari\u00e9s,\u00a0et si la convention collective ne pr\u00e9cise rien ; alors il appartient au juge, en cas de litige, d&rsquo;appr\u00e9cier la dur\u00e9e raisonnable d&rsquo;une mise \u00e0 pied.<\/p>\n<p><strong>En pratique, les dur\u00e9es les plus fr\u00e9quemment retenues varient entre un et six jours.<\/strong> Si la dur\u00e9e de la mise \u00e0 pied disciplinaire doit \u00eatre d\u00e9termin\u00e9e, elle\u00a0ne doit pas\u00a0par contre \u00eatre fixe et <span title=\"Exemple de r\u00e9daction : En cas de faute, le salari\u00e9 pourra faire l'objet d'une mise \u00e0 pied disciplinaire. La dur\u00e9e de cette mise \u00e0 pied pourra \u00eatre port\u00e9e \u00e0 une dur\u00e9e maximale de 6 jours selon la gravit\u00e9 des faits reproch\u00e9s au salari\u00e9.\">peut varier selon la<strong> gravit\u00e9 des faits reproch\u00e9s<\/strong>.<\/span><\/p>\n<h2 id=\"III\">Quelle proc\u00e9dure \u00e0 respecter ?<\/h2>\n<p>La mise \u00e0 pied disciplinaire doit faire l&rsquo;objet d&rsquo;une proc\u00e9dure \u00ab lourde \u00bb. Cela n\u00e9cessite une convocation \u00e0 un entretien pr\u00e9alable et une notification \u00e9crite pr\u00e9cisant la dur\u00e9e et la motivation de la sanction.<\/p>\n<p>Un salari\u00e9 prot\u00e9g\u00e9 peut tout \u00e0 fait faire l&rsquo;objet d&rsquo;une mise \u00e0 pied disciplinaire. Les conditions de droit commun pr\u00e9c\u00e9demment d\u00e9velopp\u00e9es sont applicables. En revanche, les faits reproch\u00e9s ne peuvent \u00eatre en lien avec l&rsquo;exercice du mandat. Effectivement, ils doivent n\u00e9cessairement \u00eatres li\u00e9s \u00e0 l&rsquo;ex\u00e9cution du contrat de travail.<\/p>\n<h3>La convocation \u00e0 un entretien pr\u00e9alable<\/h3>\n<p>La loi impose \u00e0 l&#8217;employeur la tenue d&rsquo;un entretien pr\u00e9alable <strong>avant<\/strong> la notification de la mise \u00e0 pied disciplinaire.<\/p>\n<p>Ici, l&#8217;employeur\u00a0peut convoquer le salari\u00e9 \u00e0 cet entretien soit par lettre remise en main propre contre r\u00e9c\u00e9piss\u00e9, soit par lettre recommand\u00e9e avec accus\u00e9 de r\u00e9ception.<\/p>\n<p>En tout \u00e9tat de cause, cette lettre doit contenir les informations suivantes :<\/p>\n<ul>\n<li>L&rsquo;objet de la convocation ;<\/li>\n<li>La date ;<\/li>\n<li>L&rsquo;heure ;<\/li>\n<li>Le lieu de l&rsquo;entretien.<\/li>\n<\/ul>\n<p>De plus, il est indispensable d&rsquo;avertir le salari\u00e9\u00a0sur sa facult\u00e9 de se faire assister par une personne de son choix appartenant au personnel de l&rsquo;entreprise.<\/p>\n<p>Legalvision vous accompagne dans la r\u00e9daction de la <a href=\"https:\/\/www.legalvision.fr\/lp\/lettre-entretien-prealable\">lettre de convocation \u00e0 entretien pr\u00e9alable<\/a>.<\/p>\n<h3>La notification de la\u00a0mise \u00e0 pied disciplinaire<\/h3>\n<p>Une fois l&rsquo;entretien pr\u00e9alable r\u00e9alis\u00e9 et les explications du salari\u00e9 recueillies, l&#8217;employeur pourra notifier la mise \u00e0 pied disciplinaire. C&rsquo;est la notification de la sanction\u00a0qui permet son\u00a0effectivit\u00e9.\u00a0Elle peut passer soit par <strong>lettre remise en main propre contre r\u00e9c\u00e9piss\u00e9, ou par lettre recommand\u00e9e avec accus\u00e9 de r\u00e9ception<\/strong>.<\/p>\n<p>Cette notification ne peut intervenir ni moins de deux jours ouvrables, ni plus d&rsquo;un mois apr\u00e8s la date de l&rsquo;entretien pr\u00e9alable.<\/p>\n<p>Si la sanction doit en principe \u00eatre notifi\u00e9e par l&#8217;employeur, elle peut toutefois l&rsquo;\u00eatre\u00a0\u00e9galement par un salari\u00e9 titulaire d&rsquo;une d\u00e9l\u00e9gation de pouvoir valable \u00e9manant de l&#8217;employeur.<\/p>\n<p>Rappelons qu&rsquo;aucune sanction ne peut \u00eatre inflig\u00e9e au salari\u00e9 sans que celui-ci soit inform\u00e9 des griefs retenus contre lui.<\/p>\n<p><strong>De plus, les motifs figurant dans la lettre notifiant la\u00a0mise \u00e0 pied disciplinaire fixent les limites du litige.<\/strong><\/p>\n<p>D\u00e8s lors, il est important que la lettre de mise \u00e0 pied disciplinaire soit <strong>pr\u00e9cise et \u00e9tay\u00e9e par des \u00e9l\u00e9ments factuels<\/strong> justifiant la prise d&rsquo;une telle sanction.<\/p>\n<p>La<strong> date d\u2019ex\u00e9cution de la sanction<\/strong> n&rsquo;est enferm\u00e9e dans aucun d\u00e9lai. Les tribunaux consid\u00e8rent n\u00e9anmoins que cette date doit \u00eatre fix\u00e9e en fonction des contraintes de l&rsquo;entreprise tout en respectant un d\u00e9lai raisonnable. A\u00a0d\u00e9faut,\u00a0les juges pourraient s&rsquo;interroger sur le bien-fond\u00e9 de la sanction et prononcer son annulation.<\/p>\n<h2 id=\"IV\">Les cons\u00e9quences de la mise \u00e0 pied disciplinaire<\/h2>\n<p>La mise \u00e0 pied est une mesure de <strong>suspension temporaire du contrat de travail<\/strong>. Sa dur\u00e9e doit \u00eatre fix\u00e9e et connue du salari\u00e9 au moment o\u00f9 elle lui est notifi\u00e9e.<\/p>\n<h3>La suspension du paiement du salaire<\/h3>\n<p><span style=\"font-size: 16px;\">La mise \u00e0 pied disciplinaire, fait cesser pendant sa dur\u00e9e l&rsquo;obligation de payer le salaire et corr\u00e9lativement l&rsquo;obligation de fournir le travail.\u00a0<\/span><\/p>\n<p>En revanche, le salari\u00e9 reste tenu \u00e0 son obligation de loyaut\u00e9 envers son employeur. Il ne peut donc par exemple fournir une prestation de travail\u00a0au b\u00e9n\u00e9fice\u00a0d&rsquo;une entreprise concurrente.<\/p>\n<p><span style=\"text-decoration: underline;\">Attention :<\/span> la perte de salaire doit \u00eatre strictement \u00e9quivalente \u00e0 la dur\u00e9e de la mise \u00e0 pied. Au-del\u00e0, il s&rsquo;agirait d&rsquo;une sanction p\u00e9cuniaire interdite par le Code du travail.<\/p>\n<p>Cependant, le fait que le salari\u00e9 n&rsquo;ait pas travaill\u00e9 pendant un ou plusieurs jours est susceptible d&rsquo;avoir une incidence sur :<\/p>\n<ul>\n<li>Le paiement des heures suppl\u00e9mentaires habituelles (en l&rsquo;occurrence, il peut ne plus y avoir d&rsquo;heures suppl\u00e9mentaires \u00e0 r\u00e9mun\u00e9rer) ;<\/li>\n<li>L&rsquo;acquisition de jours de RTT ;<\/li>\n<li>Le droit ou le montant des <span title=\"Ainsi, si une prime d'assiduit\u00e9 pr\u00e9voit express\u00e9ment qu'elle sera r\u00e9duite en cas d'absence, quel qu'en soit le motif, elle peut l'\u00eatre \u00e9galement en cas de mise \u00e0 pied disciplinaire. L'abattement de la prime \u00e9tant une cons\u00e9quence directe de l'absence.\">primes li\u00e9es \u00e0 une condition de travail effectif.<\/span>\n<\/li>\n<\/ul>\n<h3>Arr\u00eat maladie et mise \u00e0 pied\u00a0disciplinaire<\/h3>\n<p>L&#8217;employeur peut-il diff\u00e9rer l&rsquo;ex\u00e9cution de la mise \u00e0 pied disciplinaire lorsque le salari\u00e9 est plac\u00e9 en arr\u00eat de travail pour maladie ?<\/p>\n<p>La r\u00e9ponse est non.<strong> Le fait que le salari\u00e9 soit plac\u00e9 en arr\u00eat maladie le jour o\u00f9 doit commencer une mise \u00e0 pied disciplinaire d\u00e9cid\u00e9e ant\u00e9rieurement par l&#8217;employeur ne peut permettre \u00e0 ce dernier d&rsquo;en diff\u00e9rer l&rsquo;ex\u00e9cution jusqu&rsquo;\u00e0 l&rsquo;issue du cong\u00e9 maladie.<\/strong><\/p>\n<p>En effet,\u00a0il convient de consid\u00e9rer la mise \u00e0 pied disciplinaire comme cause premi\u00e8re et d\u00e9terminante de l&rsquo;absence.<\/p>\n<p>D\u00e8s lors, le salari\u00e9 qui tombe malade le jour o\u00f9 d\u00e9bute la mise \u00e0 pied doit n\u00e9anmoins \u00eatre consid\u00e9r\u00e9 comme ex\u00e9cutant la sanction disciplinaire pendant les premiers jours d&rsquo;absence.<\/p>\n<p>Pour les jours d&rsquo;absence qui exc\u00e8dent la dur\u00e9e de la mise \u00e0 pied, le salari\u00e9\u00a0sera\u00a0consid\u00e9r\u00e9 en arr\u00eat maladie. Il devra donc percevoir les indemnit\u00e9s journali\u00e8res de s\u00e9curit\u00e9 sociale et b\u00e9n\u00e9ficier du maintien de son salaire.<\/p>\n<p><span style=\"text-decoration: underline;\">Exemple :<\/span><\/p>\n<p>Un employeur notifie au salari\u00e9 une mise \u00e0 pied disciplinaire de cinq jours devant prendre effet le 12 d\u00e9cembre. Or le 12 d\u00e9cembre, le salari\u00e9 est pr\u00e9cis\u00e9ment plac\u00e9 en arr\u00eat maladie jusqu&rsquo;au 12 janvier.<\/p>\n<p>L&#8217;employeur ne peut d\u00e9cider de reporter l&rsquo;ex\u00e9cution de la mise \u00e0 pied au 12 janvier, date de reprise du travail. La mise \u00e0 pied a en effet d\u00e9j\u00e0 \u00e9t\u00e9 ex\u00e9cut\u00e9e du 12 d\u00e9cembre au 16 d\u00e9cembre. Durant ces cinq premiers jours, le salari\u00e9 ne se trouvait donc pas en arr\u00eat pour maladie mais absent pour cause d&rsquo;ex\u00e9cution d&rsquo;une sanction disciplinaire. En revanche, du 17 d\u00e9cembre au 12 janvier, il se trouve bien en arr\u00eat de travail pour maladie.<\/p>\n<h3>Salari\u00e9 prot\u00e9g\u00e9 et mise \u00e0 pied disciplinaire<\/h3>\n<p><strong>La mise \u00e0 pied n&rsquo;a pas pour effet de suspendre l&rsquo;ex\u00e9cution du mandat du repr\u00e9sentant du personnel.<\/strong><\/p>\n<p>En d&rsquo;autres termes, le salari\u00e9 concern\u00e9 doit \u00eatre en mesure de poursuivre l&rsquo;activit\u00e9 pour laquelle il a \u00e9t\u00e9 d\u00e9sign\u00e9 ou \u00e9lu.<\/p>\n<p>Le salari\u00e9 prot\u00e9g\u00e9 reste donc libre de p\u00e9n\u00e9trer dans les locaux de l&rsquo;entreprise. Il peut \u00e9galement entrer en contact avec les autres membres du personnel. Il doit \u00eatre\u00a0par ailleurs r\u00e9guli\u00e8rement convoqu\u00e9 aux r\u00e9unions des repr\u00e9sentants du personnel\u00a0ou invit\u00e9 aux r\u00e9unions de n\u00e9gociation.<\/p>\n<p>Par cons\u00e9quent, le salari\u00e9 peut prendre des heures de d\u00e9l\u00e9gation pendant sa mise \u00e0 pied. <strong>Ce temps de r\u00e9union et les heures de d\u00e9l\u00e9gation doivent lui \u00eatre pay\u00e9s \u00e0 \u00e9ch\u00e9ance normale<\/strong> alors m\u00eame que la mise \u00e0 pied ne l&rsquo;est pas.<\/p>\n<p>\u00c0 d\u00e9faut, l&#8217;employeur se rendrait coupable de <strong><span title=\"Article L2317-1 du Code du travail : Le fait d'apporter une entrave soit \u00e0 la constitution d'un comit\u00e9 social et \u00e9conomique, d'un comit\u00e9 social et \u00e9conomique d'\u00e9tablissement ou d'un comit\u00e9 social et \u00e9conomique central, soit \u00e0 la libre d\u00e9signation de leurs membres, notamment par la m\u00e9connaissance des dispositions des articles\u00a0L. 2314-1 \u00e0 L. 2314-9\u00a0est puni d'un emprisonnement d'un an et d'une amende de 7 500 \u20ac. \">d\u00e9lit d&rsquo;entrave<\/span><\/strong>. Enfin, s&rsquo;agissant d&rsquo;une r\u00e9union de consultation des repr\u00e9sentants du personnel,\u00a0la proc\u00e9dure pourrait \u00eatre entach\u00e9e d&rsquo;irr\u00e9gularit\u00e9 si le salari\u00e9 prot\u00e9g\u00e9 mis \u00e0 pied n&rsquo;est pas convoqu\u00e9.<\/p>\n<p>Vous savez tout d\u00e9sormais sur la mise \u00e0 pied disciplinaire. Pour la r\u00e9daction de <a href=\"https:\/\/www.legalvision.fr\/lp\/lettre-mise-a-pied\">la lettre de mise \u00e0 pied<\/a>, Legalvision peut vous aider.<\/p>\n<h2 id=\"V\">Quelles suites donner \u00e0 la mise \u00e0 pied disciplinaire?<\/h2>\n<p>Selon le principe \u00ab <em>non bis in idem<\/em> \u00bb, une m\u00eame faute ne peut faire l&rsquo;objet de deux sanctions successives.\u00a0En effet, le prononc\u00e9 de la premi\u00e8re sanction \u00ab \u00e9puise \u00bb le pouvoir disciplinaire de l&#8217;employeur<\/p>\n<p>Un\u00a0licenciement qui serait motiv\u00e9 par des griefs d\u00e9j\u00e0 sanctionn\u00e9s sera consid\u00e9r\u00e9 injustifi\u00e9 par les juges prud\u2019homaux.<\/p>\n<p>Toutefois, lorsque des faits de m\u00eame nature se reproduisent, l&#8217;employeur peut faire \u00e9tat des pr\u00e9c\u00e9dents, m\u00eame s&rsquo;ils ont \u00e9t\u00e9 sanctionn\u00e9s en leur temps, pour justifier <span title=\"Tel est le cas d'un licenciement prononc\u00e9 pour motif disciplinaire pour lequel l'employeur a int\u00e9r\u00eat \u00e0 faire r\u00e9f\u00e9rence au dossier disciplinaire du salari\u00e9, c'est-\u00e0-dire les avertissements et mises \u00e0 pied d\u00e9j\u00e0 notifi\u00e9es \">une <strong>sanction aggrav\u00e9e<\/strong><\/span>.<\/p>\n<p>En revanche, de nouveaux faits fautifs <strong>survenus apr\u00e8s l&rsquo;envoi de la lettre notifiant une sanction disciplinaire<\/strong> peuvent justifier une nouvelle sanction.<\/p>\n<p>Si vous souhaitez engager une <a href=\"https:\/\/www.legalvision.fr\/lp\/lettre-licenciement\">proc\u00e9dure de licenciement<\/a>, Legalvision est l\u00e0.<\/p>\n<p>\u00a0<\/p>\n<details>\n<summary><strong>Sources<\/strong> :<\/summary>\n<p><strong>Articles :<\/strong><\/p>\n<p><a href=\"https:\/\/www.legifrance.gouv.fr\/affichCodeArticle.do?idArticle=LEGIARTI000025560074&amp;cidTexte=LEGITEXT000006072050&amp;dateTexte=20120324\">L. 1332-2 du Code du travail<\/a>\u00a0relatif \u00e0 la proc\u00e9dure disciplinaire<br \/>\n<a href=\"https:\/\/www.legifrance.gouv.fr\/affichCodeArticle.do?idArticle=LEGIARTI000006901446&amp;cidTexte=LEGITEXT000006072050&amp;dateTexte=20080501\">L. 1331-2 du\u00a0Code du travail<\/a>\u00a0relatif aux sanctions p\u00e9cuniaires<br \/>\n<a href=\"https:\/\/www.legifrance.gouv.fr\/affichCodeArticle.do?idArticle=LEGIARTI000035634273&amp;cidTexte=LEGITEXT000006072050&amp;dateTexte=20190102\">L. 2317-1 du Code du travail<\/a>\u00a0relatif au mandat<\/p>\n<\/details>\n<p>\u00a0<\/p>\n<p><\/p>\n<div class=\"wp-block-button\" style=\"text-align:center;\"><a class=\"wp-block-button__link has-background\" href=\"https:\/\/www.legalvision.fr\/tous-les-services\/\">Voir les services LegalVision<\/a><\/div>\n","protected":false},"excerpt":{"rendered":"<p>La mise \u00e0 pied est une suspension du contrat de travail impos\u00e9e par l&#8217;employeur. Elle est qualifi\u00e9e de sanction si elle vise \u00e0 punir un comportement fautif du salari\u00e9. On parle alors de mise \u00e0 pied disciplinaire. En revanche, si elle vise \u00e0 \u00e9carter le salari\u00e9 de son poste de travail le temps qu&rsquo;il soit&hellip; <a class=\"more-link\" href=\"https:\/\/www.legalvision.fr\/guides-juridiques\/droit-du-travail\/mise-a-pied-disciplinaire-tout-savoir\/\">Poursuivre la lecture <span class=\"screen-reader-text\">Mise \u00e0 pied disciplinaire : quelle pr\u00e9cautions \u00e0 prendre ?<\/span><\/a><\/p>\n","protected":false},"author":58,"featured_media":19017,"comment_status":"open","ping_status":"open","sticky":false,"template":"","format":"standard","meta":{"content-type":"","inline_featured_image":false,"footnotes":""},"categories":[2485],"tags":[],"class_list":["post-18877","post","type-post","status-publish","format-standard","has-post-thumbnail","hentry","category-droit-du-travail","entry"],"yoast_head":"<!-- This site is optimized with the Yoast SEO plugin v27.1.1 - https:\/\/yoast.com\/product\/yoast-seo-wordpress\/ -->\n<title>Mise \u00e0 pied disciplinaire : le guide complet Legalvision<\/title>\n<meta name=\"description\" content=\"La mise \u00e0 pied disciplinaire est une sanction importante soumise \u00e0 conditions. D\u00e9couvrez sa proc\u00e9dure, ses motifs et ses cons\u00e9quences !\" \/>\n<meta name=\"robots\" content=\"index, follow, max-snippet:-1, max-image-preview:large, max-video-preview:-1\" \/>\n<link rel=\"canonical\" href=\"https:\/\/www.legalvision.fr\/guides-juridiques\/droit-du-travail\/mise-a-pied-disciplinaire-tout-savoir\/\" \/>\n<meta property=\"og:locale\" content=\"fr_FR\" \/>\n<meta property=\"og:type\" content=\"article\" \/>\n<meta property=\"og:title\" content=\"Mise \u00e0 pied disciplinaire : le guide complet Legalvision\" \/>\n<meta property=\"og:description\" content=\"La mise \u00e0 pied disciplinaire est une sanction importante soumise \u00e0 conditions. D\u00e9couvrez sa proc\u00e9dure, ses motifs et ses cons\u00e9quences !\" \/>\n<meta property=\"og:url\" content=\"https:\/\/www.legalvision.fr\/guides-juridiques\/droit-du-travail\/mise-a-pied-disciplinaire-tout-savoir\/\" \/>\n<meta property=\"og:site_name\" content=\"Guides juridiques\" \/>\n<meta property=\"article:published_time\" content=\"2019-08-09T06:30:33+00:00\" \/>\n<meta property=\"article:modified_time\" content=\"2022-03-27T19:20:51+00:00\" \/>\n<meta property=\"og:image\" content=\"https:\/\/www.legalvision.fr\/guides-juridiques\/wp-content\/uploads\/2019\/07\/mise-\u00e0-pied-disciplinaire.jpg\" \/>\n\t<meta property=\"og:image:width\" content=\"958\" \/>\n\t<meta property=\"og:image:height\" content=\"350\" \/>\n\t<meta property=\"og:image:type\" content=\"image\/jpeg\" \/>\n<meta name=\"author\" content=\"Louis Robina\" \/>\n<meta name=\"twitter:card\" content=\"summary_large_image\" \/>\n<meta name=\"twitter:label1\" content=\"\u00c9crit par\" \/>\n\t<meta name=\"twitter:data1\" content=\"Louis Robina\" \/>\n\t<meta name=\"twitter:label2\" content=\"Dur\u00e9e de lecture estim\u00e9e\" \/>\n\t<meta name=\"twitter:data2\" content=\"10 minutes\" \/>\n<script type=\"application\/ld+json\" class=\"yoast-schema-graph\">{\"@context\":\"https:\/\/schema.org\",\"@graph\":[{\"@type\":\"Article\",\"@id\":\"https:\/\/www.legalvision.fr\/guides-juridiques\/droit-du-travail\/mise-a-pied-disciplinaire-tout-savoir\/#article\",\"isPartOf\":{\"@id\":\"https:\/\/www.legalvision.fr\/guides-juridiques\/droit-du-travail\/mise-a-pied-disciplinaire-tout-savoir\/\"},\"author\":{\"name\":\"Louis Robina\",\"@id\":\"https:\/\/www.legalvision.fr\/guides-juridiques\/#\/schema\/person\/eeaa1ceba87042e8ab1d352ddd96c74a\"},\"headline\":\"Mise \u00e0 pied disciplinaire : quelle pr\u00e9cautions \u00e0 prendre ?\",\"datePublished\":\"2019-08-09T06:30:33+00:00\",\"dateModified\":\"2022-03-27T19:20:51+00:00\",\"mainEntityOfPage\":{\"@id\":\"https:\/\/www.legalvision.fr\/guides-juridiques\/droit-du-travail\/mise-a-pied-disciplinaire-tout-savoir\/\"},\"wordCount\":2138,\"commentCount\":0,\"publisher\":{\"@id\":\"https:\/\/www.legalvision.fr\/guides-juridiques\/#organization\"},\"image\":{\"@id\":\"https:\/\/www.legalvision.fr\/guides-juridiques\/droit-du-travail\/mise-a-pied-disciplinaire-tout-savoir\/#primaryimage\"},\"thumbnailUrl\":\"https:\/\/www.legalvision.fr\/guides-juridiques\/wp-content\/uploads\/2019\/07\/mise-\u00e0-pied-disciplinaire.jpg\",\"articleSection\":[\"Droit du travail\"],\"inLanguage\":\"fr-FR\",\"potentialAction\":[{\"@type\":\"CommentAction\",\"name\":\"Comment\",\"target\":[\"https:\/\/www.legalvision.fr\/guides-juridiques\/droit-du-travail\/mise-a-pied-disciplinaire-tout-savoir\/#respond\"]}]},{\"@type\":\"WebPage\",\"@id\":\"https:\/\/www.legalvision.fr\/guides-juridiques\/droit-du-travail\/mise-a-pied-disciplinaire-tout-savoir\/\",\"url\":\"https:\/\/www.legalvision.fr\/guides-juridiques\/droit-du-travail\/mise-a-pied-disciplinaire-tout-savoir\/\",\"name\":\"Mise \u00e0 pied disciplinaire : le guide complet Legalvision\",\"isPartOf\":{\"@id\":\"https:\/\/www.legalvision.fr\/guides-juridiques\/#website\"},\"primaryImageOfPage\":{\"@id\":\"https:\/\/www.legalvision.fr\/guides-juridiques\/droit-du-travail\/mise-a-pied-disciplinaire-tout-savoir\/#primaryimage\"},\"image\":{\"@id\":\"https:\/\/www.legalvision.fr\/guides-juridiques\/droit-du-travail\/mise-a-pied-disciplinaire-tout-savoir\/#primaryimage\"},\"thumbnailUrl\":\"https:\/\/www.legalvision.fr\/guides-juridiques\/wp-content\/uploads\/2019\/07\/mise-\u00e0-pied-disciplinaire.jpg\",\"datePublished\":\"2019-08-09T06:30:33+00:00\",\"dateModified\":\"2022-03-27T19:20:51+00:00\",\"description\":\"La mise \u00e0 pied disciplinaire est une sanction importante soumise \u00e0 conditions. D\u00e9couvrez sa proc\u00e9dure, ses motifs et ses cons\u00e9quences !\",\"breadcrumb\":{\"@id\":\"https:\/\/www.legalvision.fr\/guides-juridiques\/droit-du-travail\/mise-a-pied-disciplinaire-tout-savoir\/#breadcrumb\"},\"inLanguage\":\"fr-FR\",\"potentialAction\":[{\"@type\":\"ReadAction\",\"target\":[\"https:\/\/www.legalvision.fr\/guides-juridiques\/droit-du-travail\/mise-a-pied-disciplinaire-tout-savoir\/\"]}]},{\"@type\":\"ImageObject\",\"inLanguage\":\"fr-FR\",\"@id\":\"https:\/\/www.legalvision.fr\/guides-juridiques\/droit-du-travail\/mise-a-pied-disciplinaire-tout-savoir\/#primaryimage\",\"url\":\"https:\/\/www.legalvision.fr\/guides-juridiques\/wp-content\/uploads\/2019\/07\/mise-\u00e0-pied-disciplinaire.jpg\",\"contentUrl\":\"https:\/\/www.legalvision.fr\/guides-juridiques\/wp-content\/uploads\/2019\/07\/mise-\u00e0-pied-disciplinaire.jpg\",\"width\":958,\"height\":350,\"caption\":\"mise \u00e0 pied disciplinaire\"},{\"@type\":\"BreadcrumbList\",\"@id\":\"https:\/\/www.legalvision.fr\/guides-juridiques\/droit-du-travail\/mise-a-pied-disciplinaire-tout-savoir\/#breadcrumb\",\"itemListElement\":[{\"@type\":\"ListItem\",\"position\":1,\"name\":\"Accueil\",\"item\":\"https:\/\/www.legalvision.fr\/guides-juridiques\/\"},{\"@type\":\"ListItem\",\"position\":2,\"name\":\"Droit du travail\",\"item\":\"https:\/\/www.legalvision.fr\/guides-juridiques\/droit-du-travail\/\"},{\"@type\":\"ListItem\",\"position\":3,\"name\":\"Mise \u00e0 pied disciplinaire : quelle pr\u00e9cautions \u00e0 prendre ?\"}]},{\"@type\":\"WebSite\",\"@id\":\"https:\/\/www.legalvision.fr\/guides-juridiques\/#website\",\"url\":\"https:\/\/www.legalvision.fr\/guides-juridiques\/\",\"name\":\"Guides juridiques\",\"description\":\"L&#039;information juridique \u00e0 destination des entreprises et TPE\",\"publisher\":{\"@id\":\"https:\/\/www.legalvision.fr\/guides-juridiques\/#organization\"},\"potentialAction\":[{\"@type\":\"SearchAction\",\"target\":{\"@type\":\"EntryPoint\",\"urlTemplate\":\"https:\/\/www.legalvision.fr\/guides-juridiques\/?s={search_term_string}\"},\"query-input\":{\"@type\":\"PropertyValueSpecification\",\"valueRequired\":true,\"valueName\":\"search_term_string\"}}],\"inLanguage\":\"fr-FR\"},{\"@type\":\"Organization\",\"@id\":\"https:\/\/www.legalvision.fr\/guides-juridiques\/#organization\",\"name\":\"Guides juridiques\",\"url\":\"https:\/\/www.legalvision.fr\/guides-juridiques\/\",\"logo\":{\"@type\":\"ImageObject\",\"inLanguage\":\"fr-FR\",\"@id\":\"https:\/\/www.legalvision.fr\/guides-juridiques\/#\/schema\/logo\/image\/\",\"url\":\"https:\/\/www.legalvision.fr\/guides-juridiques\/wp-content\/uploads\/2022\/10\/LV-Logotype.png\",\"contentUrl\":\"https:\/\/www.legalvision.fr\/guides-juridiques\/wp-content\/uploads\/2022\/10\/LV-Logotype.png\",\"width\":647,\"height\":125,\"caption\":\"Guides juridiques\"},\"image\":{\"@id\":\"https:\/\/www.legalvision.fr\/guides-juridiques\/#\/schema\/logo\/image\/\"}},{\"@type\":\"Person\",\"@id\":\"https:\/\/www.legalvision.fr\/guides-juridiques\/#\/schema\/person\/eeaa1ceba87042e8ab1d352ddd96c74a\",\"name\":\"Louis Robina\",\"image\":{\"@type\":\"ImageObject\",\"inLanguage\":\"fr-FR\",\"@id\":\"https:\/\/www.legalvision.fr\/guides-juridiques\/#\/schema\/person\/image\/\",\"url\":\"https:\/\/www.legalvision.fr\/guides-juridiques\/wp-content\/uploads\/2023\/07\/homme9-96x96.png\",\"contentUrl\":\"https:\/\/www.legalvision.fr\/guides-juridiques\/wp-content\/uploads\/2023\/07\/homme9-96x96.png\",\"caption\":\"Louis Robina\"},\"description\":\"Louis est juriste au sein de LegalVision. Avocat et titulaire d'un Master 2 il est sp\u00e9cialis\u00e9 droit social.\",\"url\":\"https:\/\/www.legalvision.fr\/guides-juridiques\/author\/louis-robineau\/\"}]}<\/script>\n<!-- \/ Yoast SEO plugin. -->","yoast_head_json":{"title":"Mise \u00e0 pied disciplinaire : le guide complet Legalvision","description":"La mise \u00e0 pied disciplinaire est une sanction importante soumise \u00e0 conditions. D\u00e9couvrez sa proc\u00e9dure, ses motifs et ses cons\u00e9quences !","robots":{"index":"index","follow":"follow","max-snippet":"max-snippet:-1","max-image-preview":"max-image-preview:large","max-video-preview":"max-video-preview:-1"},"canonical":"https:\/\/www.legalvision.fr\/guides-juridiques\/droit-du-travail\/mise-a-pied-disciplinaire-tout-savoir\/","og_locale":"fr_FR","og_type":"article","og_title":"Mise \u00e0 pied disciplinaire : le guide complet Legalvision","og_description":"La mise \u00e0 pied disciplinaire est une sanction importante soumise \u00e0 conditions. D\u00e9couvrez sa proc\u00e9dure, ses motifs et ses cons\u00e9quences !","og_url":"https:\/\/www.legalvision.fr\/guides-juridiques\/droit-du-travail\/mise-a-pied-disciplinaire-tout-savoir\/","og_site_name":"Guides juridiques","article_published_time":"2019-08-09T06:30:33+00:00","article_modified_time":"2022-03-27T19:20:51+00:00","og_image":[{"width":958,"height":350,"url":"https:\/\/www.legalvision.fr\/guides-juridiques\/wp-content\/uploads\/2019\/07\/mise-\u00e0-pied-disciplinaire.jpg","type":"image\/jpeg"}],"author":"Louis Robina","twitter_card":"summary_large_image","twitter_misc":{"\u00c9crit par":"Louis Robina","Dur\u00e9e de lecture estim\u00e9e":"10 minutes"},"schema":{"@context":"https:\/\/schema.org","@graph":[{"@type":"Article","@id":"https:\/\/www.legalvision.fr\/guides-juridiques\/droit-du-travail\/mise-a-pied-disciplinaire-tout-savoir\/#article","isPartOf":{"@id":"https:\/\/www.legalvision.fr\/guides-juridiques\/droit-du-travail\/mise-a-pied-disciplinaire-tout-savoir\/"},"author":{"name":"Louis Robina","@id":"https:\/\/www.legalvision.fr\/guides-juridiques\/#\/schema\/person\/eeaa1ceba87042e8ab1d352ddd96c74a"},"headline":"Mise \u00e0 pied disciplinaire : quelle pr\u00e9cautions \u00e0 prendre ?","datePublished":"2019-08-09T06:30:33+00:00","dateModified":"2022-03-27T19:20:51+00:00","mainEntityOfPage":{"@id":"https:\/\/www.legalvision.fr\/guides-juridiques\/droit-du-travail\/mise-a-pied-disciplinaire-tout-savoir\/"},"wordCount":2138,"commentCount":0,"publisher":{"@id":"https:\/\/www.legalvision.fr\/guides-juridiques\/#organization"},"image":{"@id":"https:\/\/www.legalvision.fr\/guides-juridiques\/droit-du-travail\/mise-a-pied-disciplinaire-tout-savoir\/#primaryimage"},"thumbnailUrl":"https:\/\/www.legalvision.fr\/guides-juridiques\/wp-content\/uploads\/2019\/07\/mise-\u00e0-pied-disciplinaire.jpg","articleSection":["Droit du travail"],"inLanguage":"fr-FR","potentialAction":[{"@type":"CommentAction","name":"Comment","target":["https:\/\/www.legalvision.fr\/guides-juridiques\/droit-du-travail\/mise-a-pied-disciplinaire-tout-savoir\/#respond"]}]},{"@type":"WebPage","@id":"https:\/\/www.legalvision.fr\/guides-juridiques\/droit-du-travail\/mise-a-pied-disciplinaire-tout-savoir\/","url":"https:\/\/www.legalvision.fr\/guides-juridiques\/droit-du-travail\/mise-a-pied-disciplinaire-tout-savoir\/","name":"Mise \u00e0 pied disciplinaire : le guide complet Legalvision","isPartOf":{"@id":"https:\/\/www.legalvision.fr\/guides-juridiques\/#website"},"primaryImageOfPage":{"@id":"https:\/\/www.legalvision.fr\/guides-juridiques\/droit-du-travail\/mise-a-pied-disciplinaire-tout-savoir\/#primaryimage"},"image":{"@id":"https:\/\/www.legalvision.fr\/guides-juridiques\/droit-du-travail\/mise-a-pied-disciplinaire-tout-savoir\/#primaryimage"},"thumbnailUrl":"https:\/\/www.legalvision.fr\/guides-juridiques\/wp-content\/uploads\/2019\/07\/mise-\u00e0-pied-disciplinaire.jpg","datePublished":"2019-08-09T06:30:33+00:00","dateModified":"2022-03-27T19:20:51+00:00","description":"La mise \u00e0 pied disciplinaire est une sanction importante soumise \u00e0 conditions. D\u00e9couvrez sa proc\u00e9dure, ses motifs et ses cons\u00e9quences !","breadcrumb":{"@id":"https:\/\/www.legalvision.fr\/guides-juridiques\/droit-du-travail\/mise-a-pied-disciplinaire-tout-savoir\/#breadcrumb"},"inLanguage":"fr-FR","potentialAction":[{"@type":"ReadAction","target":["https:\/\/www.legalvision.fr\/guides-juridiques\/droit-du-travail\/mise-a-pied-disciplinaire-tout-savoir\/"]}]},{"@type":"ImageObject","inLanguage":"fr-FR","@id":"https:\/\/www.legalvision.fr\/guides-juridiques\/droit-du-travail\/mise-a-pied-disciplinaire-tout-savoir\/#primaryimage","url":"https:\/\/www.legalvision.fr\/guides-juridiques\/wp-content\/uploads\/2019\/07\/mise-\u00e0-pied-disciplinaire.jpg","contentUrl":"https:\/\/www.legalvision.fr\/guides-juridiques\/wp-content\/uploads\/2019\/07\/mise-\u00e0-pied-disciplinaire.jpg","width":958,"height":350,"caption":"mise \u00e0 pied disciplinaire"},{"@type":"BreadcrumbList","@id":"https:\/\/www.legalvision.fr\/guides-juridiques\/droit-du-travail\/mise-a-pied-disciplinaire-tout-savoir\/#breadcrumb","itemListElement":[{"@type":"ListItem","position":1,"name":"Accueil","item":"https:\/\/www.legalvision.fr\/guides-juridiques\/"},{"@type":"ListItem","position":2,"name":"Droit du travail","item":"https:\/\/www.legalvision.fr\/guides-juridiques\/droit-du-travail\/"},{"@type":"ListItem","position":3,"name":"Mise \u00e0 pied disciplinaire : quelle pr\u00e9cautions \u00e0 prendre ?"}]},{"@type":"WebSite","@id":"https:\/\/www.legalvision.fr\/guides-juridiques\/#website","url":"https:\/\/www.legalvision.fr\/guides-juridiques\/","name":"Guides juridiques","description":"L&#039;information juridique \u00e0 destination des entreprises et TPE","publisher":{"@id":"https:\/\/www.legalvision.fr\/guides-juridiques\/#organization"},"potentialAction":[{"@type":"SearchAction","target":{"@type":"EntryPoint","urlTemplate":"https:\/\/www.legalvision.fr\/guides-juridiques\/?s={search_term_string}"},"query-input":{"@type":"PropertyValueSpecification","valueRequired":true,"valueName":"search_term_string"}}],"inLanguage":"fr-FR"},{"@type":"Organization","@id":"https:\/\/www.legalvision.fr\/guides-juridiques\/#organization","name":"Guides juridiques","url":"https:\/\/www.legalvision.fr\/guides-juridiques\/","logo":{"@type":"ImageObject","inLanguage":"fr-FR","@id":"https:\/\/www.legalvision.fr\/guides-juridiques\/#\/schema\/logo\/image\/","url":"https:\/\/www.legalvision.fr\/guides-juridiques\/wp-content\/uploads\/2022\/10\/LV-Logotype.png","contentUrl":"https:\/\/www.legalvision.fr\/guides-juridiques\/wp-content\/uploads\/2022\/10\/LV-Logotype.png","width":647,"height":125,"caption":"Guides juridiques"},"image":{"@id":"https:\/\/www.legalvision.fr\/guides-juridiques\/#\/schema\/logo\/image\/"}},{"@type":"Person","@id":"https:\/\/www.legalvision.fr\/guides-juridiques\/#\/schema\/person\/eeaa1ceba87042e8ab1d352ddd96c74a","name":"Louis Robina","image":{"@type":"ImageObject","inLanguage":"fr-FR","@id":"https:\/\/www.legalvision.fr\/guides-juridiques\/#\/schema\/person\/image\/","url":"https:\/\/www.legalvision.fr\/guides-juridiques\/wp-content\/uploads\/2023\/07\/homme9-96x96.png","contentUrl":"https:\/\/www.legalvision.fr\/guides-juridiques\/wp-content\/uploads\/2023\/07\/homme9-96x96.png","caption":"Louis Robina"},"description":"Louis est juriste au sein de LegalVision. Avocat et titulaire d'un Master 2 il est sp\u00e9cialis\u00e9 droit social.","url":"https:\/\/www.legalvision.fr\/guides-juridiques\/author\/louis-robineau\/"}]}},"_links":{"self":[{"href":"https:\/\/www.legalvision.fr\/guides-juridiques\/wp-json\/wp\/v2\/posts\/18877","targetHints":{"allow":["GET"]}}],"collection":[{"href":"https:\/\/www.legalvision.fr\/guides-juridiques\/wp-json\/wp\/v2\/posts"}],"about":[{"href":"https:\/\/www.legalvision.fr\/guides-juridiques\/wp-json\/wp\/v2\/types\/post"}],"author":[{"embeddable":true,"href":"https:\/\/www.legalvision.fr\/guides-juridiques\/wp-json\/wp\/v2\/users\/58"}],"replies":[{"embeddable":true,"href":"https:\/\/www.legalvision.fr\/guides-juridiques\/wp-json\/wp\/v2\/comments?post=18877"}],"version-history":[{"count":0,"href":"https:\/\/www.legalvision.fr\/guides-juridiques\/wp-json\/wp\/v2\/posts\/18877\/revisions"}],"wp:featuredmedia":[{"embeddable":true,"href":"https:\/\/www.legalvision.fr\/guides-juridiques\/wp-json\/wp\/v2\/media\/19017"}],"wp:attachment":[{"href":"https:\/\/www.legalvision.fr\/guides-juridiques\/wp-json\/wp\/v2\/media?parent=18877"}],"wp:term":[{"taxonomy":"category","embeddable":true,"href":"https:\/\/www.legalvision.fr\/guides-juridiques\/wp-json\/wp\/v2\/categories?post=18877"},{"taxonomy":"post_tag","embeddable":true,"href":"https:\/\/www.legalvision.fr\/guides-juridiques\/wp-json\/wp\/v2\/tags?post=18877"}],"curies":[{"name":"wp","href":"https:\/\/api.w.org\/{rel}","templated":true}]}}