{"id":18398,"date":"2019-07-23T07:30:24","date_gmt":"2019-07-23T06:30:24","guid":{"rendered":"https:\/\/blog.legalvision.fr\/?p=18398"},"modified":"2022-03-27T21:20:52","modified_gmt":"2022-03-27T19:20:52","slug":"journee-de-solidarite-guide-pratique","status":"publish","type":"post","link":"https:\/\/www.legalvision.fr\/guides-juridiques\/droit-du-travail\/journee-de-solidarite-guide-pratique\/","title":{"rendered":"Ce qu&rsquo;il faut retenir de la journ\u00e9e de solidarit\u00e9"},"content":{"rendered":"<p>La journ\u00e9e de solidarit\u00e9 suscite de nombreuses interrogations chez l&#8217;employeur comme chez le salari\u00e9.\u00a0Bien qu&rsquo;institu\u00e9e il y a plus de 15 ans, cette journ\u00e9e et ses cons\u00e9quences paraissent encore floues. Est-elle obligatoire ?Tous les salari\u00e9s y sont-ils soumis ? Combien d&rsquo;heures le salari\u00e9 doit-il effectuer ? Est-elle r\u00e9mun\u00e9r\u00e9e ?<\/p>\n<p>LegalVision\u00a0vous propose un guide pratique complet pour r\u00e9pondre \u00e0 toutes vos questions et ainsi enfin tout comprendre \u00e0 la journ\u00e9e de solidarit\u00e9. N&rsquo;h\u00e9sitez pas \u00e0 nous <a href=\"https:\/\/www.legalvision.fr\/contactez-nous\/\">contacter<\/a> si vous des questions suppl\u00e9mentaires !\n<\/p>\n<h3>Sommaire<\/h3>\n<p><strong><a href=\"#1\">Qu&rsquo;est-ce que la journ\u00e9e de solidarit\u00e9 ?<br \/>\n<\/a><a href=\"#2\">Qui est concern\u00e9 ?<br \/>\n<\/a><a href=\"#3\">Comment fonctionne la journ\u00e9e de solidarit\u00e9 ?<\/a><\/strong><\/p>\n<div class=\"wp-block-button\" style=\"text-align:center;\"><a class=\"wp-block-button__link has-background\" href=\"https:\/\/www.legalvision.fr\/tous-les-services\/\">Voir les services LegalVision<\/a><\/div>\n<h2 id=\"1\">Qu&rsquo;est-ce que la journ\u00e9e de solidarit\u00e9 ?<\/h2>\n<h3>La mise en place de la journ\u00e9e de solidarit\u00e9<\/h3>\n<p>La journ\u00e9e de solidarit\u00e9 a pour objectif d&rsquo;assurer le fonctionnement des actions en faveur de l&rsquo;autonomie des personnes \u00e2g\u00e9es et des personnes handicap\u00e9es. En 2018, elle a ainsi permis de collecter plus de 2,4 milliards d&rsquo;euros. Cette journ\u00e9e a \u00e9t\u00e9 institu\u00e9e par la loi du 30 juin 2004 relative \u00e0 la solidarit\u00e9 pour l&rsquo;autonomie des personnes \u00e2g\u00e9es et des personnes handicap\u00e9es. Au d\u00e9part, elle devait s&rsquo;effectuer le lundi de Pentec\u00f4te en l&rsquo;absence d&rsquo;accord collectif au sein de l&rsquo;entreprise. Cependant, la loi du 16 avril 2008 a supprim\u00e9 cette obligation, laissant ainsi plus de libert\u00e9 \u00e0 l&#8217;employeur.<\/p>\n<h3>Les modalit\u00e9s d&rsquo;accomplissement de la journ\u00e9e de solidarit\u00e9<\/h3>\n<p>La fa\u00e7on dont est organis\u00e9e la journ\u00e9e de solidarit\u00e9 est fix\u00e9e par accord d&rsquo;entreprise ou d&rsquo;\u00e9tablissement ou \u00e0 d\u00e9faut par accord de branche. Cet accord peut alors pr\u00e9voir que cette journ\u00e9e se d\u00e9roulera :<\/p>\n<ul>\n<li>\n<strong>un jour f\u00e9ri\u00e9 ch\u00f4m\u00e9 habituellement ch\u00f4m\u00e9<\/strong> (\u00e0 l&rsquo;exception du 1er mai et du Vendredi Saint, du 25 et du 26 d\u00e9cembre en Alsace-Moselle),<\/li>\n<li>le <strong>travail d&rsquo;un jour de\u00a0<span class=\"txtbold\">repos accord\u00e9 au titre d&rsquo;un accord collectif<\/span>\u00a0<\/strong>organisant le temps de travail sur plusieurs semaines,<\/li>\n<li>de mani\u00e8re <strong>fractionn\u00e9e<\/strong> sur l&rsquo;ann\u00e9e.<\/li>\n<\/ul>\n<p>En revanche,\u00a0la journ\u00e9e de solidarit\u00e9 ne peut pas \u00eatre programm\u00e9e, un jour\u00a0:<\/p>\n<ul>\n<li>de cong\u00e9 pay\u00e9 l\u00e9gal,<\/li>\n<li>de pont r\u00e9mun\u00e9r\u00e9 pr\u00e9vu par accord collectif,<\/li>\n<li>correspondant \u00e0 une contrepartie obligatoire en repos.<\/li>\n<\/ul>\n<p>Cette journ\u00e9e ne peut pas non plus \u00eatre\u00a0fix\u00e9e un dimanche sauf\u00a0d\u00e9rogation de l&rsquo;administration accord\u00e9e \u00e0 l&rsquo;entreprise.<\/p>\n<p>Enfin, \u00e0 d\u00e9faut d&rsquo;accord, c&rsquo;est \u00e0 l&#8217;employeur que revient la d\u00e9cision d&rsquo;en fixer les modalit\u00e9s d&rsquo;organisation apr\u00e8s consultation du Comit\u00e9 d&rsquo;Entreprise ou du Comit\u00e9 Social et Economique.<\/p>\n<h3>Les cons\u00e9quences de la journ\u00e9e de solidarit\u00e9<\/h3>\n<p>Tout d&rsquo;abord, <strong>pour les salari\u00e9s<\/strong>, cette journ\u00e9e signifie qu&rsquo;ils doivent travailler une journ\u00e9e suppl\u00e9mentaire sans \u00eatre r\u00e9mun\u00e9r\u00e9s. Ensuite, <strong>pour les employeurs<\/strong>, priv\u00e9s comme publics, cela entra\u00eene le versement d&rsquo;une contribution au taux de 0,3% \u00e0 la Caisse Nationale de Solidarit\u00e9 pour l&rsquo;Autonomie.<\/p>\n<h3>\u00a0Offrir la journ\u00e9e de solidarit\u00e9<\/h3>\n<p>L&#8217;employeur peut aussi choisir d&rsquo;offrir la journ\u00e9e de solidarit\u00e9 \u00e0 ses salari\u00e9s.\u00a0Il doit alors en faire don\u00a0\u00e0 l&rsquo;ensemble de ses salari\u00e9s pour respecter le principe d&rsquo;\u00e9galit\u00e9 de traitement. N\u00e9anmoins, il reste tenu de verser la contribution au de solidarit\u00e9 pour l&rsquo;autonomie.<\/p>\n<h2 id=\"2\">Qui est concern\u00e9 ?<\/h2>\n<h3>\u00a0Le principe<\/h3>\n<p>Tous les salari\u00e9s quel que soit leur contrat de travail doivent effectuer la journ\u00e9e de solidarit\u00e9. Cependant, son organisation et ses cons\u00e9quences diff\u00e8rent selon que le salari\u00e9 a un contrat \u00e0 dur\u00e9e ind\u00e9termin\u00e9e ou \u00e0 dur\u00e9e d\u00e9termin\u00e9e, qu&rsquo;il est \u00e0 temps plein ou \u00e0 temps partiel, int\u00e9rimaire&#8230;<\/p>\n<p>Vous souhaitez r\u00e9diger un <a href=\"https:\/\/www.legalvision.fr\/lp\/contrat-de-travail-cdi\">CDI <\/a>? Un <a href=\"https:\/\/www.legalvision.fr\/lp\/contrat-de-travail-cdd\">CDD<\/a> ? Faites confiance \u00e0 Legalvision !<\/p>\n<p><strong>Les salari\u00e9s concern\u00e9s ne peuvent pas refuser d&rsquo;effectuer cette journ\u00e9e.<\/strong> L&#8217;employeur peut sanctionner le salari\u00e9 qui refuserait malgr\u00e9 tout de l&rsquo;effectuer en utilisant son pouvoir disciplinaire. Il a \u00e9galement la possibilit\u00e9 d&rsquo;op\u00e9rer une retenue sur salaire si la journ\u00e9e de solidarit\u00e9 est programm\u00e9e un jour f\u00e9ri\u00e9 pr\u00e9c\u00e9demment ch\u00f4m\u00e9 dans l&rsquo;entreprise.<\/p>\n<h3>Le cas des apprentis et titulaires d&rsquo;un contrat de professionnalisation<\/h3>\n<p>Les apprentis et titulaires d&rsquo;un contrat de professionnalisation doivent aussi effectuer la journ\u00e9e de solidarit\u00e9. L&#8217;employeur doit cependant \u00eatre vigilant. En effet, s&rsquo;il est pr\u00e9vu que cette journ\u00e9e se d\u00e9roule sur un jour f\u00e9ri\u00e9, les jeunes travailleurs et apprentis \u00e2g\u00e9s de moins de 18 ans ne peuvent pas l&rsquo;effectuer. Il existe cependant des d\u00e9rogations pour certains secteurs comme l&rsquo;h\u00f4tellerie ou la restauration.<\/p>\n<h3>Le cas des salari\u00e9s absents pour accident ou maladie<\/h3>\n<p>Un salari\u00e9 peut \u00eatre dans l&rsquo;impossibilit\u00e9 d&rsquo;\u00eatre pr\u00e9sent pour la journ\u00e9e de solidarit\u00e9 en raison d&rsquo;un accident ou d&rsquo;une maladie. L&#8217;employeur n&rsquo;a alors pas \u00e0 verser de salaire au salari\u00e9 mais il doit verser les<strong> indemnit\u00e9s journali\u00e8res compl\u00e9mentaires<\/strong>. A son retour dans l&rsquo;entreprise, le salari\u00e9 n&rsquo;aura pas \u00e0 rattraper cette journ\u00e9e.<\/p>\n<h3>L&rsquo;exception : les stagiaires<\/h3>\n<p>Les stagiaires ne sont pas concern\u00e9s par la journ\u00e9e de solidarit\u00e9 car ils ne sont pas soumis au droit commun du Code du travail.<\/p>\n<h2 id=\"3\">Comment fonctionne la journ\u00e9e de solidarit\u00e9 ?<\/h2>\n<h3>La journ\u00e9e de solidarit\u00e9 : quelle dur\u00e9e ?<\/h3>\n<p>Cette journ\u00e9e est d&rsquo;une dur\u00e9e de <strong>7 heures<\/strong> pour les<strong> salari\u00e9s \u00e0 temps plein<\/strong> quel que soit leur contrat de travail. Pour les<strong> salari\u00e9s \u00e0 temps partiel<\/strong>, cette journ\u00e9e est effectu\u00e9e au <strong>prorata <\/strong>du nombre d&rsquo;heures pr\u00e9vu au contrat de travail. Par exemple, un salari\u00e9 qui doit effectuer 25 heures par semaine doit travailler 5 heures (7h\/35h x 25h) au titre de\u00a0cette journ\u00e9e.<\/p>\n<p>Pour les salari\u00e9s \u00e0 temps partiel qui cumulent deux emplois, il convient toutefois de distinguer deux situations :<\/p>\n<ul>\n<li>si le cumul des deux emplois\u00a0ne d\u00e9passe pas la dur\u00e9e l\u00e9gale, la journ\u00e9e de solidarit\u00e9\u00a0est effectu\u00e9e au prorata du nombre d&rsquo;heures pr\u00e9vu au contrat de travail chez l&rsquo;un et chez l&rsquo;autre des employeurs.<\/li>\n<li>si\u00a0<span class=\"Highlight\" title=\"cumul\">cumul<\/span>\u00a0des\u00a0<span class=\"Highlight\" title=\"deux\">deux<\/span>\u00a0<span class=\"Highlight\" title=\"emplois\">emplois<\/span>\u00a0d\u00e9passe la dur\u00e9e l\u00e9gale, les 7 heures doivent \u00eatre effectu\u00e9es chez l&rsquo;un et l&rsquo;autre des employeurs au prorata de la dur\u00e9e contractuelle respective.<\/li>\n<\/ul>\n<p>Vous souhaitez\u00a0r\u00e9diger un\u00a0<a href=\"https:\/\/www.legalvision.fr\/lp\/cdi-temps-partiel\">CDI \u00e0 temps partiel<\/a> ? Un\u00a0<a href=\"https:\/\/www.legalvision.fr\/lp\/cdd-temps-partiel\">CDD \u00e0 temps partiel<\/a> ?\u00a0Fa\u00eetes confiance \u00e0 Legalvision.<\/p>\n<p>Lorsque le salari\u00e9 cumule un travail temps plein et un travail \u00e0 temps partiel, il doit effectuer la journ\u00e9e de solidarit\u00e9 dans l&rsquo;entreprise o\u00f9 il est \u00e0 temps plein.<\/p>\n<h3>La comptabilisation des heures effectu\u00e9es au titre de la journ\u00e9e de solidarit\u00e9<\/h3>\n<p>Les heures effectu\u00e9es au titre de la journ\u00e9e de solidarit\u00e9 ne :<\/p>\n<ul>\n<li>sont pas des heures suppl\u00e9mentaires,<\/li>\n<li>s&rsquo;imputent pas sur le contingent annuel d&rsquo;heures suppl\u00e9mentaires,<\/li>\n<li>donnent pas lieu \u00e0 contrepartie obligatoire en repos.<\/li>\n<\/ul>\n<p>Cependant, elles sont d\u00e9compt\u00e9es comme des heures normales pour l&rsquo;acquisition des jours de RTT.<\/p>\n<h3>La journ\u00e9e de solidarit\u00e9 : une journ\u00e9e r\u00e9mun\u00e9r\u00e9e ou non ?<\/h3>\n<p>Les\u00a0salari\u00e9s mensualis\u00e9s ne sont pas r\u00e9mun\u00e9r\u00e9s au titre de la journ\u00e9e de solidarit\u00e9 alors que les salari\u00e9s non-mensualis\u00e9s le sont. Les travailleurs \u00e0 domicile, les int\u00e9rimaires, les saisonniers, et les intermittents devront donc \u00eatre r\u00e9mun\u00e9r\u00e9s lors de cette journ\u00e9e. Il faut tout de m\u00eame noter que toutes les heures effectu\u00e9es au-del\u00e0 des 7 heures pr\u00e9vues doivent cependant \u00eatre r\u00e9mun\u00e9r\u00e9es, et ce que les salari\u00e9s soient mensualis\u00e9s ou non.<\/p>\n<h3>Le cas des travailleurs int\u00e9rimaires<\/h3>\n<p>Les travailleurs int\u00e9rimaires doivent effectuer la journ\u00e9e de solidarit\u00e9 avec les salari\u00e9s permanents de l&rsquo;entreprise utilisatrice. Cependant,\u00a0que faire lorsque l&rsquo;int\u00e9rimaire est pr\u00e9sent dans plusieurs entreprises ? Lorsque le travailleur int\u00e9rimaire a d\u00e9j\u00e0 effectu\u00e9 une journ\u00e9e de solidarit\u00e9 dans l&rsquo;une des entreprises utilisatrices et qu&rsquo;une autre lui demande d&rsquo;en effectuer une seconde, il peut :<\/p>\n<ul>\n<li>\n<strong>accepter.<\/strong> Cela signifie que les heures effectu\u00e9es au titre de cette seconde journ\u00e9e entra\u00eeneront une r\u00e9mun\u00e9ration suppl\u00e9mentaire et seront soumises au r\u00e9gime des heures suppl\u00e9mentaires.<\/li>\n<li>\n<strong>refuser.<\/strong> Ce refus ne peut constituer ni une faute ni un motif de licenciement.<\/li>\n<\/ul>\n<h3>L&rsquo;influence d&rsquo;un changement d&#8217;employeur<\/h3>\n<p>Lorsque\u00a0salari\u00e9, qui a d\u00e9j\u00e0 effectu\u00e9 la journ\u00e9e de solidarit\u00e9 chez son ancien employeur, arrive chez son nouvel employeur,\u00a0chez qui\u00a0cette journ\u00e9e n&rsquo;a pas encore effectu\u00e9e, il a deux possibilit\u00e9s :<\/p>\n<ul>\n<li>il <strong>accepte<\/strong> d&rsquo;en faire une seconde. Dans ce cas, il a droit \u00e0 une r\u00e9mun\u00e9ration suppl\u00e9mentaire. Les heures effectu\u00e9es lors de cette journ\u00e9e s&rsquo;imputent alors sur le contingent annuel d&rsquo;heures suppl\u00e9mentaires et ouvrent droit \u00e0 une contrepartie obligatoire en repos.<\/li>\n<li>il <strong>refuse.<\/strong> Ce refus ne peut constituer ni une faute ni un motif de licenciement.<\/li>\n<\/ul>\n<h3>La journ\u00e9e de solidarit\u00e9, les cong\u00e9s pay\u00e9s et les RTT<\/h3>\n<p>Le salari\u00e9 peut poser un jour de cong\u00e9s pay\u00e9s ou un jour de RTT, le jour o\u00f9 la journ\u00e9e de solidarit\u00e9 est pr\u00e9vue. L&#8217;employeur peut donner son accord ou refuser\u00a0mais il\u00a0ne peut en aucun cas exiger que le salari\u00e9 qui est en cong\u00e9s\u00a0pay\u00e9s revienne et soit pr\u00e9sent pour la journ\u00e9e de solidarit\u00e9.<\/p>\n<p><strong>\u00a0<\/strong><\/p>\n<details>\n<summary><strong>Sources<\/strong> <strong>:<\/strong><\/summary>\n<p><strong>Articles :\u00a0<\/strong><\/p>\n<ul>\n<li>\n<a href=\"https:\/\/www.legifrance.gouv.fr\/affichCodeArticle.do;jsessionid=23AD99212FE479592D189D529B8EFB51.tplgfr22s_2?idArticle=LEGIARTI000033020901&amp;cidTexte=LEGITEXT000006072050&amp;dateTexte=20190709\">L.3133-1<\/a> du Code du travail relatif aux jours f\u00e9ri\u00e9s<\/li>\n<li>\n<a href=\"https:\/\/www.legifrance.gouv.fr\/affichCodeArticle.do?idArticle=LEGIARTI000033020869&amp;cidTexte=LEGITEXT000006072050&amp;dateTexte=20160810\">L.3133-7<\/a> du Code du travail relatif \u00e0 la journ\u00e9e de solidarit\u00e9<\/li>\n<li>\n<a href=\"https:\/\/www.legifrance.gouv.fr\/affichCodeArticle.do?idArticle=LEGIARTI000033020862&amp;cidTexte=LEGITEXT000006072050&amp;dateTexte=20160810\">L.3133-8<\/a> du Code du travail relatif \u00e0 la r\u00e9mun\u00e9ration<\/li>\n<li>\n<a href=\"https:\/\/www.legifrance.gouv.fr\/affichCodeArticle.do?idArticle=LEGIARTI000019424496&amp;cidTexte=LEGITEXT000006072050&amp;dateTexte=20080905\">R.3164-2<\/a> du Code du travail relatif \u00e0 l&#8217;emploi des jeunes travailleurs les jours de f\u00eate<\/li>\n<\/ul>\n<\/details>\n<p><\/p>\n<div class=\"wp-block-button\" style=\"text-align:center;\"><a class=\"wp-block-button__link has-background\" href=\"https:\/\/www.legalvision.fr\/tous-les-services\/\">Voir les services LegalVision<\/a><\/div>\n","protected":false},"excerpt":{"rendered":"<p>La journ\u00e9e de solidarit\u00e9 suscite de nombreuses interrogations chez l&#8217;employeur comme chez le salari\u00e9.\u00a0Bien qu&rsquo;institu\u00e9e il y a plus de 15 ans, cette journ\u00e9e et ses cons\u00e9quences paraissent encore floues. Est-elle obligatoire ?Tous les salari\u00e9s y sont-ils soumis ? Combien d&rsquo;heures le salari\u00e9 doit-il effectuer ? Est-elle r\u00e9mun\u00e9r\u00e9e ? LegalVision\u00a0vous propose un guide pratique complet&hellip; <a class=\"more-link\" href=\"https:\/\/www.legalvision.fr\/guides-juridiques\/droit-du-travail\/journee-de-solidarite-guide-pratique\/\">Poursuivre la lecture <span class=\"screen-reader-text\">Ce qu&rsquo;il faut retenir de la journ\u00e9e de solidarit\u00e9<\/span><\/a><\/p>\n","protected":false},"author":30,"featured_media":18415,"comment_status":"open","ping_status":"open","sticky":false,"template":"","format":"standard","meta":{"content-type":"","inline_featured_image":false,"footnotes":""},"categories":[2485],"tags":[],"class_list":["post-18398","post","type-post","status-publish","format-standard","has-post-thumbnail","hentry","category-droit-du-travail","entry"],"yoast_head":"<!-- This site is optimized with the Yoast SEO plugin v27.1.1 - https:\/\/yoast.com\/product\/yoast-seo-wordpress\/ -->\n<title>Journ\u00e9e de solidarit\u00e9 : le guide pratique de Legalvision<\/title>\n<meta name=\"description\" content=\"La journ\u00e9e de solidarit\u00e9 suscite de nombreuses questions. Legalvision fait le point et vous propose un guide pratique complet.\" \/>\n<meta name=\"robots\" content=\"index, follow, max-snippet:-1, max-image-preview:large, max-video-preview:-1\" \/>\n<link rel=\"canonical\" href=\"https:\/\/www.legalvision.fr\/guides-juridiques\/droit-du-travail\/journee-de-solidarite-guide-pratique\/\" \/>\n<meta property=\"og:locale\" content=\"fr_FR\" \/>\n<meta property=\"og:type\" content=\"article\" \/>\n<meta property=\"og:title\" content=\"Journ\u00e9e de solidarit\u00e9 : le guide pratique de Legalvision\" \/>\n<meta property=\"og:description\" content=\"La journ\u00e9e de solidarit\u00e9 suscite de nombreuses questions. Legalvision fait le point et vous propose un guide pratique complet.\" \/>\n<meta property=\"og:url\" content=\"https:\/\/www.legalvision.fr\/guides-juridiques\/droit-du-travail\/journee-de-solidarite-guide-pratique\/\" \/>\n<meta property=\"og:site_name\" content=\"Guides juridiques\" \/>\n<meta property=\"article:published_time\" content=\"2019-07-23T06:30:24+00:00\" \/>\n<meta property=\"article:modified_time\" content=\"2022-03-27T19:20:52+00:00\" \/>\n<meta property=\"og:image\" content=\"https:\/\/www.legalvision.fr\/guides-juridiques\/wp-content\/uploads\/2019\/07\/journee-de-solidarite-min.jpg\" \/>\n\t<meta property=\"og:image:width\" content=\"958\" \/>\n\t<meta property=\"og:image:height\" content=\"350\" \/>\n\t<meta property=\"og:image:type\" content=\"image\/jpeg\" \/>\n<meta name=\"author\" content=\"William Lebrun\" \/>\n<meta name=\"twitter:card\" content=\"summary_large_image\" \/>\n<meta name=\"twitter:label1\" content=\"\u00c9crit par\" \/>\n\t<meta name=\"twitter:data1\" content=\"William Lebrun\" \/>\n\t<meta name=\"twitter:label2\" content=\"Dur\u00e9e de lecture estim\u00e9e\" \/>\n\t<meta name=\"twitter:data2\" content=\"8 minutes\" \/>\n<script type=\"application\/ld+json\" class=\"yoast-schema-graph\">{\"@context\":\"https:\/\/schema.org\",\"@graph\":[{\"@type\":\"Article\",\"@id\":\"https:\/\/www.legalvision.fr\/guides-juridiques\/droit-du-travail\/journee-de-solidarite-guide-pratique\/#article\",\"isPartOf\":{\"@id\":\"https:\/\/www.legalvision.fr\/guides-juridiques\/droit-du-travail\/journee-de-solidarite-guide-pratique\/\"},\"author\":{\"name\":\"William Lebrun\",\"@id\":\"https:\/\/www.legalvision.fr\/guides-juridiques\/#\/schema\/person\/3d24d0c20575138ed212b2e4b6f7b4b0\"},\"headline\":\"Ce qu&rsquo;il faut retenir de la journ\u00e9e de solidarit\u00e9\",\"datePublished\":\"2019-07-23T06:30:24+00:00\",\"dateModified\":\"2022-03-27T19:20:52+00:00\",\"mainEntityOfPage\":{\"@id\":\"https:\/\/www.legalvision.fr\/guides-juridiques\/droit-du-travail\/journee-de-solidarite-guide-pratique\/\"},\"wordCount\":1650,\"commentCount\":0,\"publisher\":{\"@id\":\"https:\/\/www.legalvision.fr\/guides-juridiques\/#organization\"},\"image\":{\"@id\":\"https:\/\/www.legalvision.fr\/guides-juridiques\/droit-du-travail\/journee-de-solidarite-guide-pratique\/#primaryimage\"},\"thumbnailUrl\":\"https:\/\/www.legalvision.fr\/guides-juridiques\/wp-content\/uploads\/2019\/07\/journee-de-solidarite-min.jpg\",\"articleSection\":[\"Droit du travail\"],\"inLanguage\":\"fr-FR\",\"potentialAction\":[{\"@type\":\"CommentAction\",\"name\":\"Comment\",\"target\":[\"https:\/\/www.legalvision.fr\/guides-juridiques\/droit-du-travail\/journee-de-solidarite-guide-pratique\/#respond\"]}]},{\"@type\":\"WebPage\",\"@id\":\"https:\/\/www.legalvision.fr\/guides-juridiques\/droit-du-travail\/journee-de-solidarite-guide-pratique\/\",\"url\":\"https:\/\/www.legalvision.fr\/guides-juridiques\/droit-du-travail\/journee-de-solidarite-guide-pratique\/\",\"name\":\"Journ\u00e9e de solidarit\u00e9 : le guide pratique de Legalvision\",\"isPartOf\":{\"@id\":\"https:\/\/www.legalvision.fr\/guides-juridiques\/#website\"},\"primaryImageOfPage\":{\"@id\":\"https:\/\/www.legalvision.fr\/guides-juridiques\/droit-du-travail\/journee-de-solidarite-guide-pratique\/#primaryimage\"},\"image\":{\"@id\":\"https:\/\/www.legalvision.fr\/guides-juridiques\/droit-du-travail\/journee-de-solidarite-guide-pratique\/#primaryimage\"},\"thumbnailUrl\":\"https:\/\/www.legalvision.fr\/guides-juridiques\/wp-content\/uploads\/2019\/07\/journee-de-solidarite-min.jpg\",\"datePublished\":\"2019-07-23T06:30:24+00:00\",\"dateModified\":\"2022-03-27T19:20:52+00:00\",\"description\":\"La journ\u00e9e de solidarit\u00e9 suscite de nombreuses questions. Legalvision fait le point et vous propose un guide pratique complet.\",\"breadcrumb\":{\"@id\":\"https:\/\/www.legalvision.fr\/guides-juridiques\/droit-du-travail\/journee-de-solidarite-guide-pratique\/#breadcrumb\"},\"inLanguage\":\"fr-FR\",\"potentialAction\":[{\"@type\":\"ReadAction\",\"target\":[\"https:\/\/www.legalvision.fr\/guides-juridiques\/droit-du-travail\/journee-de-solidarite-guide-pratique\/\"]}]},{\"@type\":\"ImageObject\",\"inLanguage\":\"fr-FR\",\"@id\":\"https:\/\/www.legalvision.fr\/guides-juridiques\/droit-du-travail\/journee-de-solidarite-guide-pratique\/#primaryimage\",\"url\":\"https:\/\/www.legalvision.fr\/guides-juridiques\/wp-content\/uploads\/2019\/07\/journee-de-solidarite-min.jpg\",\"contentUrl\":\"https:\/\/www.legalvision.fr\/guides-juridiques\/wp-content\/uploads\/2019\/07\/journee-de-solidarite-min.jpg\",\"width\":958,\"height\":350,\"caption\":\"journ\u00e9e de solidarit\u00e9\"},{\"@type\":\"BreadcrumbList\",\"@id\":\"https:\/\/www.legalvision.fr\/guides-juridiques\/droit-du-travail\/journee-de-solidarite-guide-pratique\/#breadcrumb\",\"itemListElement\":[{\"@type\":\"ListItem\",\"position\":1,\"name\":\"Accueil\",\"item\":\"https:\/\/www.legalvision.fr\/guides-juridiques\/\"},{\"@type\":\"ListItem\",\"position\":2,\"name\":\"Droit du travail\",\"item\":\"https:\/\/www.legalvision.fr\/guides-juridiques\/droit-du-travail\/\"},{\"@type\":\"ListItem\",\"position\":3,\"name\":\"Ce qu&rsquo;il faut retenir de la journ\u00e9e de solidarit\u00e9\"}]},{\"@type\":\"WebSite\",\"@id\":\"https:\/\/www.legalvision.fr\/guides-juridiques\/#website\",\"url\":\"https:\/\/www.legalvision.fr\/guides-juridiques\/\",\"name\":\"Guides juridiques\",\"description\":\"L&#039;information juridique \u00e0 destination des entreprises et TPE\",\"publisher\":{\"@id\":\"https:\/\/www.legalvision.fr\/guides-juridiques\/#organization\"},\"potentialAction\":[{\"@type\":\"SearchAction\",\"target\":{\"@type\":\"EntryPoint\",\"urlTemplate\":\"https:\/\/www.legalvision.fr\/guides-juridiques\/?s={search_term_string}\"},\"query-input\":{\"@type\":\"PropertyValueSpecification\",\"valueRequired\":true,\"valueName\":\"search_term_string\"}}],\"inLanguage\":\"fr-FR\"},{\"@type\":\"Organization\",\"@id\":\"https:\/\/www.legalvision.fr\/guides-juridiques\/#organization\",\"name\":\"Guides juridiques\",\"url\":\"https:\/\/www.legalvision.fr\/guides-juridiques\/\",\"logo\":{\"@type\":\"ImageObject\",\"inLanguage\":\"fr-FR\",\"@id\":\"https:\/\/www.legalvision.fr\/guides-juridiques\/#\/schema\/logo\/image\/\",\"url\":\"https:\/\/www.legalvision.fr\/guides-juridiques\/wp-content\/uploads\/2022\/10\/LV-Logotype.png\",\"contentUrl\":\"https:\/\/www.legalvision.fr\/guides-juridiques\/wp-content\/uploads\/2022\/10\/LV-Logotype.png\",\"width\":647,\"height\":125,\"caption\":\"Guides juridiques\"},\"image\":{\"@id\":\"https:\/\/www.legalvision.fr\/guides-juridiques\/#\/schema\/logo\/image\/\"}},{\"@type\":\"Person\",\"@id\":\"https:\/\/www.legalvision.fr\/guides-juridiques\/#\/schema\/person\/3d24d0c20575138ed212b2e4b6f7b4b0\",\"name\":\"William Lebrun\",\"image\":{\"@type\":\"ImageObject\",\"inLanguage\":\"fr-FR\",\"@id\":\"https:\/\/www.legalvision.fr\/guides-juridiques\/#\/schema\/person\/image\/\",\"url\":\"https:\/\/www.legalvision.fr\/guides-juridiques\/wp-content\/uploads\/2023\/07\/cropped-homme1-96x96.png\",\"contentUrl\":\"https:\/\/www.legalvision.fr\/guides-juridiques\/wp-content\/uploads\/2023\/07\/cropped-homme1-96x96.png\",\"caption\":\"William Lebrun\"},\"description\":\"B\u00e9n\u00e9ficiant de la formation d'un double dipl\u00f4me en droit des affaires et en \u00e9cole de commerce, j'ai un fort attrait pour le droit des soci\u00e9t\u00e9s. Je r\u00e9dige des articles pour vous aider sur vos probl\u00e9matiques.\",\"url\":\"https:\/\/www.legalvision.fr\/guides-juridiques\/author\/aina-rakoto\/\"}]}<\/script>\n<!-- \/ Yoast SEO plugin. -->","yoast_head_json":{"title":"Journ\u00e9e de solidarit\u00e9 : le guide pratique de Legalvision","description":"La journ\u00e9e de solidarit\u00e9 suscite de nombreuses questions. Legalvision fait le point et vous propose un guide pratique complet.","robots":{"index":"index","follow":"follow","max-snippet":"max-snippet:-1","max-image-preview":"max-image-preview:large","max-video-preview":"max-video-preview:-1"},"canonical":"https:\/\/www.legalvision.fr\/guides-juridiques\/droit-du-travail\/journee-de-solidarite-guide-pratique\/","og_locale":"fr_FR","og_type":"article","og_title":"Journ\u00e9e de solidarit\u00e9 : le guide pratique de Legalvision","og_description":"La journ\u00e9e de solidarit\u00e9 suscite de nombreuses questions. Legalvision fait le point et vous propose un guide pratique complet.","og_url":"https:\/\/www.legalvision.fr\/guides-juridiques\/droit-du-travail\/journee-de-solidarite-guide-pratique\/","og_site_name":"Guides juridiques","article_published_time":"2019-07-23T06:30:24+00:00","article_modified_time":"2022-03-27T19:20:52+00:00","og_image":[{"width":958,"height":350,"url":"https:\/\/www.legalvision.fr\/guides-juridiques\/wp-content\/uploads\/2019\/07\/journee-de-solidarite-min.jpg","type":"image\/jpeg"}],"author":"William Lebrun","twitter_card":"summary_large_image","twitter_misc":{"\u00c9crit par":"William Lebrun","Dur\u00e9e de lecture estim\u00e9e":"8 minutes"},"schema":{"@context":"https:\/\/schema.org","@graph":[{"@type":"Article","@id":"https:\/\/www.legalvision.fr\/guides-juridiques\/droit-du-travail\/journee-de-solidarite-guide-pratique\/#article","isPartOf":{"@id":"https:\/\/www.legalvision.fr\/guides-juridiques\/droit-du-travail\/journee-de-solidarite-guide-pratique\/"},"author":{"name":"William Lebrun","@id":"https:\/\/www.legalvision.fr\/guides-juridiques\/#\/schema\/person\/3d24d0c20575138ed212b2e4b6f7b4b0"},"headline":"Ce qu&rsquo;il faut retenir de la journ\u00e9e de solidarit\u00e9","datePublished":"2019-07-23T06:30:24+00:00","dateModified":"2022-03-27T19:20:52+00:00","mainEntityOfPage":{"@id":"https:\/\/www.legalvision.fr\/guides-juridiques\/droit-du-travail\/journee-de-solidarite-guide-pratique\/"},"wordCount":1650,"commentCount":0,"publisher":{"@id":"https:\/\/www.legalvision.fr\/guides-juridiques\/#organization"},"image":{"@id":"https:\/\/www.legalvision.fr\/guides-juridiques\/droit-du-travail\/journee-de-solidarite-guide-pratique\/#primaryimage"},"thumbnailUrl":"https:\/\/www.legalvision.fr\/guides-juridiques\/wp-content\/uploads\/2019\/07\/journee-de-solidarite-min.jpg","articleSection":["Droit du travail"],"inLanguage":"fr-FR","potentialAction":[{"@type":"CommentAction","name":"Comment","target":["https:\/\/www.legalvision.fr\/guides-juridiques\/droit-du-travail\/journee-de-solidarite-guide-pratique\/#respond"]}]},{"@type":"WebPage","@id":"https:\/\/www.legalvision.fr\/guides-juridiques\/droit-du-travail\/journee-de-solidarite-guide-pratique\/","url":"https:\/\/www.legalvision.fr\/guides-juridiques\/droit-du-travail\/journee-de-solidarite-guide-pratique\/","name":"Journ\u00e9e de solidarit\u00e9 : le guide pratique de Legalvision","isPartOf":{"@id":"https:\/\/www.legalvision.fr\/guides-juridiques\/#website"},"primaryImageOfPage":{"@id":"https:\/\/www.legalvision.fr\/guides-juridiques\/droit-du-travail\/journee-de-solidarite-guide-pratique\/#primaryimage"},"image":{"@id":"https:\/\/www.legalvision.fr\/guides-juridiques\/droit-du-travail\/journee-de-solidarite-guide-pratique\/#primaryimage"},"thumbnailUrl":"https:\/\/www.legalvision.fr\/guides-juridiques\/wp-content\/uploads\/2019\/07\/journee-de-solidarite-min.jpg","datePublished":"2019-07-23T06:30:24+00:00","dateModified":"2022-03-27T19:20:52+00:00","description":"La journ\u00e9e de solidarit\u00e9 suscite de nombreuses questions. Legalvision fait le point et vous propose un guide pratique complet.","breadcrumb":{"@id":"https:\/\/www.legalvision.fr\/guides-juridiques\/droit-du-travail\/journee-de-solidarite-guide-pratique\/#breadcrumb"},"inLanguage":"fr-FR","potentialAction":[{"@type":"ReadAction","target":["https:\/\/www.legalvision.fr\/guides-juridiques\/droit-du-travail\/journee-de-solidarite-guide-pratique\/"]}]},{"@type":"ImageObject","inLanguage":"fr-FR","@id":"https:\/\/www.legalvision.fr\/guides-juridiques\/droit-du-travail\/journee-de-solidarite-guide-pratique\/#primaryimage","url":"https:\/\/www.legalvision.fr\/guides-juridiques\/wp-content\/uploads\/2019\/07\/journee-de-solidarite-min.jpg","contentUrl":"https:\/\/www.legalvision.fr\/guides-juridiques\/wp-content\/uploads\/2019\/07\/journee-de-solidarite-min.jpg","width":958,"height":350,"caption":"journ\u00e9e de solidarit\u00e9"},{"@type":"BreadcrumbList","@id":"https:\/\/www.legalvision.fr\/guides-juridiques\/droit-du-travail\/journee-de-solidarite-guide-pratique\/#breadcrumb","itemListElement":[{"@type":"ListItem","position":1,"name":"Accueil","item":"https:\/\/www.legalvision.fr\/guides-juridiques\/"},{"@type":"ListItem","position":2,"name":"Droit du travail","item":"https:\/\/www.legalvision.fr\/guides-juridiques\/droit-du-travail\/"},{"@type":"ListItem","position":3,"name":"Ce qu&rsquo;il faut retenir de la journ\u00e9e de solidarit\u00e9"}]},{"@type":"WebSite","@id":"https:\/\/www.legalvision.fr\/guides-juridiques\/#website","url":"https:\/\/www.legalvision.fr\/guides-juridiques\/","name":"Guides juridiques","description":"L&#039;information juridique \u00e0 destination des entreprises et TPE","publisher":{"@id":"https:\/\/www.legalvision.fr\/guides-juridiques\/#organization"},"potentialAction":[{"@type":"SearchAction","target":{"@type":"EntryPoint","urlTemplate":"https:\/\/www.legalvision.fr\/guides-juridiques\/?s={search_term_string}"},"query-input":{"@type":"PropertyValueSpecification","valueRequired":true,"valueName":"search_term_string"}}],"inLanguage":"fr-FR"},{"@type":"Organization","@id":"https:\/\/www.legalvision.fr\/guides-juridiques\/#organization","name":"Guides juridiques","url":"https:\/\/www.legalvision.fr\/guides-juridiques\/","logo":{"@type":"ImageObject","inLanguage":"fr-FR","@id":"https:\/\/www.legalvision.fr\/guides-juridiques\/#\/schema\/logo\/image\/","url":"https:\/\/www.legalvision.fr\/guides-juridiques\/wp-content\/uploads\/2022\/10\/LV-Logotype.png","contentUrl":"https:\/\/www.legalvision.fr\/guides-juridiques\/wp-content\/uploads\/2022\/10\/LV-Logotype.png","width":647,"height":125,"caption":"Guides juridiques"},"image":{"@id":"https:\/\/www.legalvision.fr\/guides-juridiques\/#\/schema\/logo\/image\/"}},{"@type":"Person","@id":"https:\/\/www.legalvision.fr\/guides-juridiques\/#\/schema\/person\/3d24d0c20575138ed212b2e4b6f7b4b0","name":"William Lebrun","image":{"@type":"ImageObject","inLanguage":"fr-FR","@id":"https:\/\/www.legalvision.fr\/guides-juridiques\/#\/schema\/person\/image\/","url":"https:\/\/www.legalvision.fr\/guides-juridiques\/wp-content\/uploads\/2023\/07\/cropped-homme1-96x96.png","contentUrl":"https:\/\/www.legalvision.fr\/guides-juridiques\/wp-content\/uploads\/2023\/07\/cropped-homme1-96x96.png","caption":"William Lebrun"},"description":"B\u00e9n\u00e9ficiant de la formation d'un double dipl\u00f4me en droit des affaires et en \u00e9cole de commerce, j'ai un fort attrait pour le droit des soci\u00e9t\u00e9s. Je r\u00e9dige des articles pour vous aider sur vos probl\u00e9matiques.","url":"https:\/\/www.legalvision.fr\/guides-juridiques\/author\/aina-rakoto\/"}]}},"_links":{"self":[{"href":"https:\/\/www.legalvision.fr\/guides-juridiques\/wp-json\/wp\/v2\/posts\/18398","targetHints":{"allow":["GET"]}}],"collection":[{"href":"https:\/\/www.legalvision.fr\/guides-juridiques\/wp-json\/wp\/v2\/posts"}],"about":[{"href":"https:\/\/www.legalvision.fr\/guides-juridiques\/wp-json\/wp\/v2\/types\/post"}],"author":[{"embeddable":true,"href":"https:\/\/www.legalvision.fr\/guides-juridiques\/wp-json\/wp\/v2\/users\/30"}],"replies":[{"embeddable":true,"href":"https:\/\/www.legalvision.fr\/guides-juridiques\/wp-json\/wp\/v2\/comments?post=18398"}],"version-history":[{"count":0,"href":"https:\/\/www.legalvision.fr\/guides-juridiques\/wp-json\/wp\/v2\/posts\/18398\/revisions"}],"wp:featuredmedia":[{"embeddable":true,"href":"https:\/\/www.legalvision.fr\/guides-juridiques\/wp-json\/wp\/v2\/media\/18415"}],"wp:attachment":[{"href":"https:\/\/www.legalvision.fr\/guides-juridiques\/wp-json\/wp\/v2\/media?parent=18398"}],"wp:term":[{"taxonomy":"category","embeddable":true,"href":"https:\/\/www.legalvision.fr\/guides-juridiques\/wp-json\/wp\/v2\/categories?post=18398"},{"taxonomy":"post_tag","embeddable":true,"href":"https:\/\/www.legalvision.fr\/guides-juridiques\/wp-json\/wp\/v2\/tags?post=18398"}],"curies":[{"name":"wp","href":"https:\/\/api.w.org\/{rel}","templated":true}]}}