{"id":18324,"date":"2019-07-25T07:30:12","date_gmt":"2019-07-25T06:30:12","guid":{"rendered":"https:\/\/blog.legalvision.fr\/?p=18324"},"modified":"2022-03-27T21:20:52","modified_gmt":"2022-03-27T19:20:52","slug":"mise-a-pied-conservatoire-avantages-et-inconvenients","status":"publish","type":"post","link":"https:\/\/www.legalvision.fr\/guides-juridiques\/droit-du-travail\/mise-a-pied-conservatoire-avantages-et-inconvenients\/","title":{"rendered":"La mise \u00e0 pied conservatoire : comment \u00e7a marche ?"},"content":{"rendered":"<p>Il existe deux types de mise \u00e0 pied&nbsp;: la mise \u00e0 pied conservatoire et la mise \u00e0 pied disciplinaire.<\/p>\n<p>La mise \u00e0 pied disciplinaire est une v\u00e9ritable sanction. Son objet est d&rsquo;\u00e9carter un salari\u00e9 dont les faits fautifs sont av\u00e9r\u00e9s mais qui&nbsp;ne justifient pas un licenciement. Pour rappel,&nbsp;cette sanction doit figurer dans votre r\u00e8glement int\u00e9rieur pour \u00eatre valable.<\/p>\n<p>Si vous avez besoin d&rsquo;aide pour r\u00e9diger votre <a href=\"https:\/\/www.legalvision.fr\/lp\/reglement-interieur\">r\u00e8glement int\u00e9rieur<\/a>, n&rsquo;h\u00e9sitez pas, Legalvision est l\u00e0.<\/p>\n<p>En revanche, la mise \u00e0 pied conservatoire est une mesure facultative. Elle a pour effet de dispenser le salari\u00e9 de venir travailler pendant la dur\u00e9e de la proc\u00e9dure disciplinaire.<\/p>\n<p>Cette mesure a vocation \u00e0 laisser le temps \u00e0 l&#8217;employeur de prendre du recul sur les faits reproch\u00e9s pour prendre la sanction la plus adapt\u00e9e.<\/p>\n<p>Autrement dit, avec la mise \u00e0 pied conservatoire le salari\u00e9 est \u00e9cart\u00e9 de l&rsquo;entreprise jusqu&rsquo;\u00e0 la notification de la sanction d\u00e9finitivement retenue. Contrairement \u00e0 la mise \u00e0 pied disciplinaire, la mise \u00e0 pied conservatoire n&rsquo;est pas une&nbsp;sanction. Ainsi, elle n&rsquo;\u00e9puise pas le pouvoir disciplinaire de l&#8217;employeur.<\/p>\n<p><a href=\"https:\/\/www.legalvision.fr\/contactez-nous\/\">LegalVision <\/a>fait le point sur cette mesure, sa proc\u00e9dure et ses cons\u00e9quences et vous accompagne dans vos d\u00e9marches.<\/p>\n<h3>Sommaire<\/h3>\n<p><strong><a href=\"#I\">Les conditions de la mise \u00e0 pied conservatoire<br \/>\n<\/a><\/strong><strong><a href=\"#II\">Quelle dur\u00e9e pour la mise \u00e0 pied conservatoire ?<br \/>\n<\/a><\/strong><strong><a href=\"#III\">&nbsp;Quelle proc\u00e9dure \u00e0 respecter ?<br \/>\n<\/a><\/strong><strong><a href=\"#IV\">Les cons\u00e9quences de la mise \u00e0 pied conservatoire<br \/>\n<\/a><\/strong><strong><a href=\"#V\">Quelles suites donner \u00e0 la mise \u00e0 pied conservatoire ?<\/a><\/strong><\/p>\n<div class=\"wp-block-button\" style=\"text-align:center;\"><a class=\"wp-block-button__link has-background\" href=\"https:\/\/www.legalvision.fr\/tous-les-services\/\">Voir les services LegalVision<\/a><\/div>\n<h2 id=\"I\">Les conditions de la mise \u00e0 pied conservatoire<\/h2>\n<h3>La mise \u00e0 pied conservatoire d&rsquo;un salari\u00e9 \u00ab classique \u00bb<\/h3>\n<p>La loi autorise le recours \u00e0 une mise \u00e0 pied conservatoire lorsque les agissements du salari\u00e9 la rendent indispensable.<\/p>\n<p>Cette mesure, particuli\u00e8rement grave, ne peut intervenir que lorsque les faits reproch\u00e9s au salari\u00e9 constituent une faute d&rsquo;une telle gravit\u00e9 que le maintien du salari\u00e9 \u00e0 son poste de travail est susceptible de nuire \u00e0 l&rsquo;entreprise et de troubler son bon ordre.<\/p>\n<p><strong>Elle doit donc imp\u00e9rativement s&rsquo;inscrire dans le cadre d&rsquo;une proc\u00e9dure pour faute grave ou lourde.<\/strong><\/p>\n<p>Si vous vous demandez comment r\u00e9diger une <a href=\"https:\/\/www.legalvision.fr\/lp\/rupture-cdd-faute-grave\">lettre de rupture pour faute grave ou lourde<\/a>,&nbsp;LegalVision vous guide.<\/p>\n<p>Ensuite,&nbsp;en l&rsquo;absence d&rsquo;ouverture d&rsquo;une proc\u00e9dure de licenciement de mani\u00e8re concomitante, les juges pourraient consid\u00e9rer que les faits n&rsquo;\u00e9taient pas d&rsquo;une gravit\u00e9 suffisante. Une telle analyse annulerait la sanction prononc\u00e9e par l&#8217;employeur.<\/p>\n<p>Tel n&rsquo;est pas le cas lorsque les faits reproch\u00e9s au salari\u00e9 donnent lieu \u00e0 l&rsquo;exercice de poursuites p\u00e9nales. Dans ce cas, l&#8217;employeur peut, sans engager imm\u00e9diatement une proc\u00e9dure de licenciement, prendre une mesure de mise \u00e0 pied conservatoire si les faits le justifient.<\/p>\n<h3>La mise \u00e0 pied conservatoire d&rsquo;un salari\u00e9 prot\u00e9g\u00e9<\/h3>\n<p>En cas de faute grave ou lourde commise par un membre du CSE ou un repr\u00e9sentant syndical, l&#8217;employeur peut prononcer une mise \u00e0 pied conservatoire imm\u00e9diate. Cette mesure sera applicable dans l&rsquo;attente de la d\u00e9cision d&rsquo;autorisation de licencier d\u00e9livr\u00e9e par l&rsquo;inspecteur du travail.<\/p>\n<p>Lorsqu&rsquo;il n&rsquo;existe pas de CSE dans l&rsquo;\u00e9tablissement, l&rsquo;inspecteur du travail est saisi directement.<\/p>\n<h2 id=\"II\">Quelle dur\u00e9e pour la mise \u00e0 pied conservatoire ?<\/h2>\n<h3>Une mesure&nbsp;par principe \u00e0 dur\u00e9e ind\u00e9termin\u00e9e<\/h3>\n<p>Par principe, la mise \u00e0 pied conservatoire est \u00e0 dur\u00e9e ind\u00e9termin\u00e9e. En effet, cette mesure \u00e0 vocation \u00e0 durer tout au long de la proc\u00e9dure disciplinaire. Or, lors du prononc\u00e9 de la mesure l\u2019employeur ne peut savoir \u00e0 l\u2019avance combien de temps durera la proc\u00e9dure. Tel est le cas notamment si une enqu\u00eate est n\u00e9cessaire.<\/p>\n<p>Cependant, elle ne peut pas se prolonger abusivement et sans raison valable. L\u2019employeur qui notifie une mise \u00e0 pied conservatoire doit donc convoquer le salari\u00e9 \u00e0 un entretien pr\u00e9alable rapidement.<\/p>\n<p>La mise \u00e0 pied conservatoire est prononc\u00e9e pour le temps du d\u00e9roulement de la proc\u00e9dure.<\/p>\n<p>Pendant un temps, les juges estimaient que la mise \u00e0 pied conservatoire \u00e9tait n\u00e9cessairement \u00e0 dur\u00e9e ind\u00e9termin\u00e9e et que la mise \u00e0 pied prononc\u00e9e pour une dur\u00e9e d\u00e9termin\u00e9e pr\u00e9sentait un caract\u00e8re disciplinaire. D\u00e9sormais, il importe peu que la mise \u00e0 pied conservatoire ait ou non une dur\u00e9e d\u00e9termin\u00e9e.<\/p>\n<p><strong>Ce qui caract\u00e9rise la nature conservatoire ou disciplinaire de la mise \u00e0 pied, c&rsquo;est sa concomitance avec la proc\u00e9dure de licenciement.<\/strong><\/p>\n<p>Legalvision vous accompagne dans les formalit\u00e9s d&rsquo;une <a href=\"https:\/\/www.legalvision.fr\/lp\/lettre-licenciement\">proc\u00e9dure de licenciement<\/a>.<\/p>\n<h3>Une mesure par exception \u00e0 dur\u00e9e d\u00e9termin\u00e9e<\/h3>\n<p>Par exception, la mise \u00e0 pied conservatoire a une dur\u00e9e limit\u00e9e lorsqu&rsquo;elle est prise en vue d\u2019un licenciement pour faute grave ou lourde.<\/p>\n<p>L\u2019employeur doit alors lancer la proc\u00e9dure disciplinaire parall\u00e8le rapidement, notamment, en envoyant la convocation \u00e0 un entretien pr\u00e9alable dans les plus brefs d\u00e9lais.<\/p>\n<p>Si les juges consid\u00e8rent la dur\u00e9e de la mise \u00e0 pied conservatoire excessive, ils pourront la requalifier en mise \u00e0 pied disciplinaire. Quelques exemples de d\u00e9lais jug\u00e9s excessifs:<\/p>\n<ul>\n<li>quatre jours entre le moment de la mise \u00e0 pied conservatoire et l\u2019envoi de la convocation ;<\/li>\n<li>six jours entre le moment de la mise \u00e0 pied et le lancement de la proc\u00e9dure de licenciement.<\/li>\n<\/ul>\n<h2 id=\"III\">&nbsp;Quelle proc\u00e9dure \u00e0 respecter ?<\/h2>\n<h3>La proc\u00e9dure pour un salari\u00e9 \u00ab classique \u00bb<\/h3>\n<p>Si la mise \u00e0 pied conservatoire n&rsquo;a pas le caract\u00e8re d&rsquo;une sanction disciplinaire, cette mesure reste une r\u00e9ponse \u00e0 des faits fautifs. D\u00e8s lors, l\u2019employeur a <strong>deux mois<\/strong> pour d\u00e9cider d\u2019une mise \u00e0 pied conservatoire. Ce d\u00e9lai court&nbsp;\u00e0 compter de&nbsp;la prise de connaissance des faits reproch\u00e9s.<\/p>\n<p>La date de notification de la mise \u00e0 pied conservatoire permet donc de v\u00e9rifier le respect de ce d\u00e9lai. Cette derni\u00e8re n&rsquo;est soumise \u00e0 aucune condition de forme. Ainsi, l\u2019employeur peut informer le salari\u00e9 de la mise \u00e0 pied conservatoire par <strong>\u00e9crit<\/strong> ou \u00e0 l\u2019<strong>oral.<\/strong> Pour une question d&rsquo;ordre probatoire, il est toutefois conseill\u00e9 de formaliser cette mesure par \u00e9crit.<\/p>\n<p>Cette formalisation \u00e9crite peut \u00eatre&nbsp;effectu\u00e9e par lettre&nbsp;remise en main propre contre d\u00e9charge ou par lettre recommand\u00e9e avec accus\u00e9 de r\u00e9ception.<\/p>\n<p>Si la mise \u00e0 pied conservatoire est prise en vue d\u2019une proc\u00e9dure de licenciement, le salari\u00e9 pourra se voir notifier la mise \u00e0 pied conservatoire dans la lettre de convocation \u00e0 l\u2019entretien pr\u00e9alable de licenciement.<\/p>\n<p>Cette lettre doit \u00eatre pr\u00e9cise afin qu&rsquo;il n&rsquo;y ait aucune ambigu\u00eft\u00e9 avec une mise \u00e0 pied&nbsp;disciplinaire. Concr\u00e8tement, ce courrier doit soit faire r\u00e9f\u00e9rence \u00e0 la future sanction envisag\u00e9e, soit,&nbsp;pr\u00e9ciser le&nbsp;<span class=\"HighlightExtended\" title=\"mise \u00e0 pied conservatoire\"><span class=\"Highlight\" title=\"mise \u00e0 pied conservatoire\">caract\u00e8re conservatoire de la mise \u00e0 pied<\/span><\/span>&nbsp;prononc\u00e9e.<\/p>\n<p>Pour ne commettre aucune erreur, Legalvision propose ses services dans la r\u00e9daction&nbsp;d&rsquo;une&nbsp;<a href=\"https:\/\/www.legalvision.fr\/lp\/lettre-entretien-prealable\">lettre de convocation \u00e0 un entretien pr\u00e9alable au licenciement<\/a>&nbsp;ou&nbsp;d&rsquo;une <a href=\"https:\/\/www.legalvision.fr\/lp\/lettre-mise-a-pied\">mise \u00e0 pied<\/a>.<\/p>\n<h3>La proc\u00e9dure pour un salari\u00e9 prot\u00e9g\u00e9<\/h3>\n<p>Concernant les salari\u00e9s prot\u00e9g\u00e9s, les proc\u00e9dures diff\u00e8rent selon le type de salari\u00e9 prot\u00e9g\u00e9. En sus des points pr\u00e9c\u00e9demment cit\u00e9s :<\/p>\n<ul>\n<li>Pour un<strong> d\u00e9l\u00e9gu\u00e9 syndical<\/strong> la mesure doit \u00eatre notifi\u00e9e \u00e0 l&rsquo;inspecteur du travail dans les 48 heures de sa prise d&rsquo;effet. Il faudra ensuite demander l&rsquo;autorisation de licencier \u00e0 l&rsquo;inspecteur du travail.&nbsp; La m\u00eame proc\u00e9dure doit \u00eatre suivie \u00e0 l&rsquo;\u00e9gard d&rsquo;un <strong>salari\u00e9 mandat\u00e9<\/strong>, d&rsquo;un <strong>conseiller du salari\u00e9<\/strong> ou d&rsquo;un <strong>conseiller prud&rsquo;homal<\/strong>.<\/li>\n<li>Pour les<strong> autres repr\u00e9sentants du personnel<\/strong>, il faut convoquer le CSE. Cette convocation a pour objet de recueillir l&rsquo;avis du CSE sur le projet de licenciement. Cette convocation doit avoir lieu dans un d\u00e9lai de 10 jours \u00e0 compter de la mise \u00e0 pied. Ensuite, une demande d&rsquo;autorisation de licenciement devra \u00eatre adress\u00e9e \u00e0 l&rsquo;inspecteur du travail. Cette demande doit \u00eatre effectu\u00e9e dans les 48 heures suivant la d\u00e9lib\u00e9ration du CSE. En l&rsquo;absence de CSE, la demande d&rsquo;autorisation doit \u00eatre pr\u00e9sent\u00e9e dans les huit jours de la mise \u00e0 pied.<\/li>\n<\/ul>\n<p><strong>Si l&rsquo;inspecteur du travail refuse l&rsquo;autorisation de licenciement, la mise \u00e0 pied conservatoire est annul\u00e9e.<\/strong> Le salari\u00e9 devra alors reprendre ses fonctions ant\u00e9rieures. et aura droit au versement de la r\u00e9mun\u00e9ration correspondant \u00e0 la p\u00e9riode de suspension du contrat de travail.<\/p>\n<h2 id=\"IV\">Les cons\u00e9quences de la mise \u00e0 pied conservatoire<\/h2>\n<h3>La suspension du paiement du salaire<\/h3>\n<p>Durant l\u2019ex\u00e9cution de la mesure conservatoire le contrat de travail est suspendu. Le salari\u00e9 n&rsquo;est alors plus astreint \u00e0 ses obligations professionnelles.&nbsp;Le paiement du salaire est donc \u00e9galement suspendu.<\/p>\n<p>Cependant, la question du paiement de la p\u00e9riode couverte par la mise \u00e0 pied d\u00e9pendra de la sanction d\u00e9finitivement retenue.<\/p>\n<p>Si la faute grave n&rsquo;est pas retenue, le salari\u00e9 pourra pr\u00e9tendre au versement de son salaire. Effectivement, \u00ab <em>seule une faute grave peut justifier le non-paiement du salaire pendant une mise \u00e0 pied conservatoire<\/em> \u00bb.<\/p>\n<p>En revanche, lorsque la faute commise est lourde ou grave, l&#8217;employeur est autoris\u00e9 \u00e0 op\u00e9rer une retenue de salaire. Cette retenue devant \u00eatre proportionnelle \u00e0 la p\u00e9riode consid\u00e9r\u00e9e.<\/p>\n<p>Ainsi, \u00e0 l&rsquo;issue de la proc\u00e9dure disciplinaire, un remboursement des sommes retenues est envisageable.<\/p>\n<p>Si la sanction prononc\u00e9e est un licenciement pour faute grave ou lourde, aucune r\u00e9mun\u00e9ration n\u2019est due.<\/p>\n<p>Si la sanction d\u00e9cid\u00e9e par l\u2019entreprise est finalement un licenciement pour faute simple ou une sanction moins s\u00e9v\u00e8re, il faut alors verser au salari\u00e9 la r\u00e9mun\u00e9ration correspondant \u00e0 la dur\u00e9e de la mise \u00e0 pied.<\/p>\n<h3>Arr\u00eat maladie et mise \u00e0 pied&nbsp;conservatoire<\/h3>\n<p>Il arrive fr\u00e9quemment qu\u2019un salari\u00e9 b\u00e9n\u00e9ficie d\u2019un arr\u00eat de travail pour <strong>maladie&nbsp;le jour m\u00eame<\/strong> o\u00f9 son employeur lui a notifi\u00e9 sa mise \u00e0 pied conservatoire.<\/p>\n<p>L\u2019employeur n\u2019a alors aucune d\u00e9marche particuli\u00e8re \u00e0 faire. En effet, reporter l\u2019ex\u00e9cution de la mise \u00e0 pied conservatoire apr\u00e8s la maladie n\u2019est pas autoris\u00e9 par le Code du Travail.<\/p>\n<p>Ainsi, il n\u2019y aura ni&nbsp;d\u00e9lai de carence, ni&nbsp;versement d\u2019indemnit\u00e9s journali\u00e8res de S\u00e9curit\u00e9 sociale (IJSS) durant toute la dur\u00e9e de cette mise \u00e0 pied conservatoire.<\/p>\n<p>Pendant la dur\u00e9e de la mise \u00e0 pied, l\u2019employeur est dispens\u00e9 de verser au salari\u00e9 les indemnit\u00e9s compl\u00e9mentaires aux IJSS.<\/p>\n<p>A contrario, <strong>si la maladie d\u00e9bute avant la mise \u00e0 pied<\/strong>, le salari\u00e9 pourra, b\u00e9n\u00e9ficier du maintien de salaire d\u00fb en cas de maladie.<\/p>\n<p>Si la proc\u00e9dure disciplinaire ne se conclue pas par un licenciement pour faute grave ou faute lourde, l\u2019employeur devra assurer un rappel de salaire. Ce rappel correspond aux indemnit\u00e9s compl\u00e9mentaires non per\u00e7ues par le salari\u00e9 pendant toute la dur\u00e9e de la mise \u00e0 pied \u00e0 titre conservatoire.<\/p>\n<p>Attention&nbsp;: quelle que soit la situation, l&#8217;employeur devra&nbsp;\u00e9tablir une attestation de salaire. Cette attestation de permettra \u00e0 la CPAM de calculer les IJSS du salari\u00e9. La mise \u00e0 pied n&rsquo;a en effet aucune incidence sur le versement des&nbsp;IJSS.&nbsp;Seules&nbsp;les&nbsp;indemnit\u00e9s compl\u00e9mentaires vers\u00e9es par l&#8217;employeur peuvent \u00eatre suspendues.<\/p>\n<p>M\u00eame si vous \u00eates <a href=\"https:\/\/blog.legalvision.fr\/2019\/06\/14\/assurance-maladie-auto-entrepreneur-les-conditions\/\">auto-entrepreneur, vous b\u00e9n\u00e9ficiez d&rsquo;une assurance maladie<\/a>. LegalVision vous explique ce qu&rsquo;il faut savoir.<\/p>\n<h2 id=\"V\">Quelles suites donner \u00e0 la mise \u00e0 pied conservatoire ?<\/h2>\n<p>Le prononc\u00e9 d&rsquo;une mise \u00e0 pied \u00e0 titre conservatoire n&rsquo;implique pas n\u00e9cessairement la notification d&rsquo;un licenciement disciplinaire. Effectivement, en vertu de son pouvoir disciplinaire, l&#8217;employeur peut revenir sur sa d\u00e9cision.<\/p>\n<p>Il devra dans ce cas r\u00e9mun\u00e9rer la mise \u00e0 pied conservatoire.<\/p>\n<p>La sanction finalement retenue peut \u00eatre un licenciement ou une sanction moindre. L&#8217;employeur peut en effet renoncer au licenciement apr\u00e8s l&rsquo;entretien pr\u00e9alable.<\/p>\n<p>Si finalement une mise \u00e0 pied disciplinaire est prononc\u00e9e, alors sa dur\u00e9e sur celle de la mise \u00e0 pied conservatoire pr\u00e9c\u00e9demment notifi\u00e9e.<\/p>\n<p>\u00c0 l&rsquo;issue de la&nbsp;<span class=\"HighlightExtended\" title=\"mise \u00e0 pied conservatoire\"><span class=\"Highlight\" title=\"mise \u00e0 pied conservatoire\">mise \u00e0 pied conservatoire<\/span><\/span>, l&#8217;employeur peut donc :<\/p>\n<ul>\n<li>Prononcer une sanction telle qu&rsquo;une mutation disciplinaire, une r\u00e9trogradation, un licenciement pour motif disciplinaire ou une mise \u00e0 pied disciplinaire ;<\/li>\n<li>Renoncer \u00e0 toute sanction.<\/li>\n<\/ul>\n<p>Par ailleurs, s&rsquo;il renonce \u00e0 toute sanction disciplinaire, l&#8217;employeur peut alors licencier l&rsquo;int\u00e9ress\u00e9 pour un autre motif. En pratique, il semble que l&rsquo;insuffisance professionnelle soit le seul motif qui puisse \u00eatre invoqu\u00e9. En effet, cette mesure se situant parfois \u00e0 la fronti\u00e8re de la sph\u00e8re disciplinaire, elle semble la plus adapt\u00e9e.<\/p>\n<p>Pour rappel, il lui est en revanche interdit de prononcer une&nbsp;<span class=\"HighlightExtended\" title=\"mise \u00e0 pied conservatoire\"><span class=\"Highlight\" title=\"mise \u00e0 pied conservatoire\">mise \u00e0 pied conservatoire<\/span><\/span>&nbsp;en dehors de toute proc\u00e9dure disciplinaire.<\/p>\n<p>Vous souhaitez en savoir plus sur l&rsquo;<a href=\"https:\/\/blog.legalvision.fr\/2019\/06\/28\/avertissement-travail-tout-savoir\/\">avertissement<\/a> ? Cette sanction disciplinaire vous est expliqu\u00e9e par LegalVision.<\/p>\n<details>\n<summary><strong>Sources :<\/strong><\/summary>\n<p>Article&nbsp;<a href=\"https:\/\/www.legifrance.gouv.fr\/affichCodeArticle.do;jsessionid=DD1DBBC64D2DAC071B2B03489C651B02.tplgfr36s_2?idArticle=LEGIARTI000006901449&amp;cidTexte=LEGITEXT000006072050&amp;dateTexte=20190705&amp;categorieLien=id&amp;oldAction=&amp;nbResultRech=\">L.1332-3 du Code du travail<\/a>&nbsp;relatif \u00e0 la mise \u00e0 pied conservatoire<\/p>\n<\/details>\n<p><\/p>\n<div class=\"wp-block-button\" style=\"text-align:center;\"><a class=\"wp-block-button__link has-background\" href=\"https:\/\/www.legalvision.fr\/tous-les-services\/\">Voir les services LegalVision<\/a><\/div>\n","protected":false},"excerpt":{"rendered":"<p>Il existe deux types de mise \u00e0 pied&nbsp;: la mise \u00e0 pied conservatoire et la mise \u00e0 pied disciplinaire. La mise \u00e0 pied disciplinaire est une v\u00e9ritable sanction. Son objet est d&rsquo;\u00e9carter un salari\u00e9 dont les faits fautifs sont av\u00e9r\u00e9s mais qui&nbsp;ne justifient pas un licenciement. Pour rappel,&nbsp;cette sanction doit figurer dans votre r\u00e8glement int\u00e9rieur&hellip; <a class=\"more-link\" href=\"https:\/\/www.legalvision.fr\/guides-juridiques\/droit-du-travail\/mise-a-pied-conservatoire-avantages-et-inconvenients\/\">Poursuivre la lecture <span class=\"screen-reader-text\">La mise \u00e0 pied conservatoire : comment \u00e7a marche ?<\/span><\/a><\/p>\n","protected":false},"author":58,"featured_media":18496,"comment_status":"open","ping_status":"open","sticky":false,"template":"","format":"standard","meta":{"content-type":"","inline_featured_image":false,"footnotes":""},"categories":[2485],"tags":[],"class_list":["post-18324","post","type-post","status-publish","format-standard","has-post-thumbnail","hentry","category-droit-du-travail","entry"],"yoast_head":"<!-- This site is optimized with the Yoast SEO plugin v27.1.1 - https:\/\/yoast.com\/product\/yoast-seo-wordpress\/ -->\n<title>Mise \u00e0 pied conservatoire : tout conna\u00eetre sur cette mesure<\/title>\n<meta name=\"description\" content=\"La mise \u00e0 pied conservatoire, n\u2019est pas une sanction mais une mesure provisoire. Elle suspend l\u2019activit\u00e9 du salari\u00e9 dans l\u2019attente d\u2019une sanction \u00e0 venir.\" \/>\n<meta name=\"robots\" content=\"index, follow, max-snippet:-1, max-image-preview:large, max-video-preview:-1\" \/>\n<link rel=\"canonical\" href=\"https:\/\/www.legalvision.fr\/guides-juridiques\/droit-du-travail\/mise-a-pied-conservatoire-avantages-et-inconvenients\/\" \/>\n<meta property=\"og:locale\" content=\"fr_FR\" \/>\n<meta property=\"og:type\" content=\"article\" \/>\n<meta property=\"og:title\" content=\"Mise \u00e0 pied conservatoire : tout conna\u00eetre sur cette mesure\" \/>\n<meta property=\"og:description\" content=\"La mise \u00e0 pied conservatoire, n\u2019est pas une sanction mais une mesure provisoire. Elle suspend l\u2019activit\u00e9 du salari\u00e9 dans l\u2019attente d\u2019une sanction \u00e0 venir.\" \/>\n<meta property=\"og:url\" content=\"https:\/\/www.legalvision.fr\/guides-juridiques\/droit-du-travail\/mise-a-pied-conservatoire-avantages-et-inconvenients\/\" \/>\n<meta property=\"og:site_name\" content=\"Guides juridiques\" \/>\n<meta property=\"article:published_time\" content=\"2019-07-25T06:30:12+00:00\" \/>\n<meta property=\"article:modified_time\" content=\"2022-03-27T19:20:52+00:00\" \/>\n<meta property=\"og:image\" content=\"https:\/\/www.legalvision.fr\/guides-juridiques\/wp-content\/uploads\/2019\/07\/mise-\u00e0-pied-conservatoire.jpg\" \/>\n\t<meta property=\"og:image:width\" content=\"958\" \/>\n\t<meta property=\"og:image:height\" content=\"350\" \/>\n\t<meta property=\"og:image:type\" content=\"image\/jpeg\" \/>\n<meta name=\"author\" content=\"Louis Robina\" \/>\n<meta name=\"twitter:card\" content=\"summary_large_image\" \/>\n<meta name=\"twitter:label1\" content=\"\u00c9crit par\" \/>\n\t<meta name=\"twitter:data1\" content=\"Louis Robina\" \/>\n\t<meta name=\"twitter:label2\" content=\"Dur\u00e9e de lecture estim\u00e9e\" \/>\n\t<meta name=\"twitter:data2\" content=\"10 minutes\" \/>\n<script type=\"application\/ld+json\" class=\"yoast-schema-graph\">{\"@context\":\"https:\/\/schema.org\",\"@graph\":[{\"@type\":\"Article\",\"@id\":\"https:\/\/www.legalvision.fr\/guides-juridiques\/droit-du-travail\/mise-a-pied-conservatoire-avantages-et-inconvenients\/#article\",\"isPartOf\":{\"@id\":\"https:\/\/www.legalvision.fr\/guides-juridiques\/droit-du-travail\/mise-a-pied-conservatoire-avantages-et-inconvenients\/\"},\"author\":{\"name\":\"Louis Robina\",\"@id\":\"https:\/\/www.legalvision.fr\/guides-juridiques\/#\/schema\/person\/eeaa1ceba87042e8ab1d352ddd96c74a\"},\"headline\":\"La mise \u00e0 pied conservatoire : comment \u00e7a marche ?\",\"datePublished\":\"2019-07-25T06:30:12+00:00\",\"dateModified\":\"2022-03-27T19:20:52+00:00\",\"mainEntityOfPage\":{\"@id\":\"https:\/\/www.legalvision.fr\/guides-juridiques\/droit-du-travail\/mise-a-pied-conservatoire-avantages-et-inconvenients\/\"},\"wordCount\":2165,\"commentCount\":0,\"publisher\":{\"@id\":\"https:\/\/www.legalvision.fr\/guides-juridiques\/#organization\"},\"image\":{\"@id\":\"https:\/\/www.legalvision.fr\/guides-juridiques\/droit-du-travail\/mise-a-pied-conservatoire-avantages-et-inconvenients\/#primaryimage\"},\"thumbnailUrl\":\"https:\/\/www.legalvision.fr\/guides-juridiques\/wp-content\/uploads\/2019\/07\/mise-\u00e0-pied-conservatoire.jpg\",\"articleSection\":[\"Droit du travail\"],\"inLanguage\":\"fr-FR\",\"potentialAction\":[{\"@type\":\"CommentAction\",\"name\":\"Comment\",\"target\":[\"https:\/\/www.legalvision.fr\/guides-juridiques\/droit-du-travail\/mise-a-pied-conservatoire-avantages-et-inconvenients\/#respond\"]}]},{\"@type\":\"WebPage\",\"@id\":\"https:\/\/www.legalvision.fr\/guides-juridiques\/droit-du-travail\/mise-a-pied-conservatoire-avantages-et-inconvenients\/\",\"url\":\"https:\/\/www.legalvision.fr\/guides-juridiques\/droit-du-travail\/mise-a-pied-conservatoire-avantages-et-inconvenients\/\",\"name\":\"Mise \u00e0 pied conservatoire : tout conna\u00eetre sur cette mesure\",\"isPartOf\":{\"@id\":\"https:\/\/www.legalvision.fr\/guides-juridiques\/#website\"},\"primaryImageOfPage\":{\"@id\":\"https:\/\/www.legalvision.fr\/guides-juridiques\/droit-du-travail\/mise-a-pied-conservatoire-avantages-et-inconvenients\/#primaryimage\"},\"image\":{\"@id\":\"https:\/\/www.legalvision.fr\/guides-juridiques\/droit-du-travail\/mise-a-pied-conservatoire-avantages-et-inconvenients\/#primaryimage\"},\"thumbnailUrl\":\"https:\/\/www.legalvision.fr\/guides-juridiques\/wp-content\/uploads\/2019\/07\/mise-\u00e0-pied-conservatoire.jpg\",\"datePublished\":\"2019-07-25T06:30:12+00:00\",\"dateModified\":\"2022-03-27T19:20:52+00:00\",\"description\":\"La mise \u00e0 pied conservatoire, n\u2019est pas une sanction mais une mesure provisoire. Elle suspend l\u2019activit\u00e9 du salari\u00e9 dans l\u2019attente d\u2019une sanction \u00e0 venir.\",\"breadcrumb\":{\"@id\":\"https:\/\/www.legalvision.fr\/guides-juridiques\/droit-du-travail\/mise-a-pied-conservatoire-avantages-et-inconvenients\/#breadcrumb\"},\"inLanguage\":\"fr-FR\",\"potentialAction\":[{\"@type\":\"ReadAction\",\"target\":[\"https:\/\/www.legalvision.fr\/guides-juridiques\/droit-du-travail\/mise-a-pied-conservatoire-avantages-et-inconvenients\/\"]}]},{\"@type\":\"ImageObject\",\"inLanguage\":\"fr-FR\",\"@id\":\"https:\/\/www.legalvision.fr\/guides-juridiques\/droit-du-travail\/mise-a-pied-conservatoire-avantages-et-inconvenients\/#primaryimage\",\"url\":\"https:\/\/www.legalvision.fr\/guides-juridiques\/wp-content\/uploads\/2019\/07\/mise-\u00e0-pied-conservatoire.jpg\",\"contentUrl\":\"https:\/\/www.legalvision.fr\/guides-juridiques\/wp-content\/uploads\/2019\/07\/mise-\u00e0-pied-conservatoire.jpg\",\"width\":958,\"height\":350,\"caption\":\"mise \u00e0 pied conservatoire\"},{\"@type\":\"BreadcrumbList\",\"@id\":\"https:\/\/www.legalvision.fr\/guides-juridiques\/droit-du-travail\/mise-a-pied-conservatoire-avantages-et-inconvenients\/#breadcrumb\",\"itemListElement\":[{\"@type\":\"ListItem\",\"position\":1,\"name\":\"Accueil\",\"item\":\"https:\/\/www.legalvision.fr\/guides-juridiques\/\"},{\"@type\":\"ListItem\",\"position\":2,\"name\":\"Droit du travail\",\"item\":\"https:\/\/www.legalvision.fr\/guides-juridiques\/droit-du-travail\/\"},{\"@type\":\"ListItem\",\"position\":3,\"name\":\"La mise \u00e0 pied conservatoire : comment \u00e7a marche ?\"}]},{\"@type\":\"WebSite\",\"@id\":\"https:\/\/www.legalvision.fr\/guides-juridiques\/#website\",\"url\":\"https:\/\/www.legalvision.fr\/guides-juridiques\/\",\"name\":\"Guides juridiques\",\"description\":\"L&#039;information juridique \u00e0 destination des entreprises et TPE\",\"publisher\":{\"@id\":\"https:\/\/www.legalvision.fr\/guides-juridiques\/#organization\"},\"potentialAction\":[{\"@type\":\"SearchAction\",\"target\":{\"@type\":\"EntryPoint\",\"urlTemplate\":\"https:\/\/www.legalvision.fr\/guides-juridiques\/?s={search_term_string}\"},\"query-input\":{\"@type\":\"PropertyValueSpecification\",\"valueRequired\":true,\"valueName\":\"search_term_string\"}}],\"inLanguage\":\"fr-FR\"},{\"@type\":\"Organization\",\"@id\":\"https:\/\/www.legalvision.fr\/guides-juridiques\/#organization\",\"name\":\"Guides juridiques\",\"url\":\"https:\/\/www.legalvision.fr\/guides-juridiques\/\",\"logo\":{\"@type\":\"ImageObject\",\"inLanguage\":\"fr-FR\",\"@id\":\"https:\/\/www.legalvision.fr\/guides-juridiques\/#\/schema\/logo\/image\/\",\"url\":\"https:\/\/www.legalvision.fr\/guides-juridiques\/wp-content\/uploads\/2022\/10\/LV-Logotype.png\",\"contentUrl\":\"https:\/\/www.legalvision.fr\/guides-juridiques\/wp-content\/uploads\/2022\/10\/LV-Logotype.png\",\"width\":647,\"height\":125,\"caption\":\"Guides juridiques\"},\"image\":{\"@id\":\"https:\/\/www.legalvision.fr\/guides-juridiques\/#\/schema\/logo\/image\/\"}},{\"@type\":\"Person\",\"@id\":\"https:\/\/www.legalvision.fr\/guides-juridiques\/#\/schema\/person\/eeaa1ceba87042e8ab1d352ddd96c74a\",\"name\":\"Louis Robina\",\"image\":{\"@type\":\"ImageObject\",\"inLanguage\":\"fr-FR\",\"@id\":\"https:\/\/www.legalvision.fr\/guides-juridiques\/#\/schema\/person\/image\/\",\"url\":\"https:\/\/www.legalvision.fr\/guides-juridiques\/wp-content\/uploads\/2023\/07\/homme9-96x96.png\",\"contentUrl\":\"https:\/\/www.legalvision.fr\/guides-juridiques\/wp-content\/uploads\/2023\/07\/homme9-96x96.png\",\"caption\":\"Louis Robina\"},\"description\":\"Louis est juriste au sein de LegalVision. Avocat et titulaire d'un Master 2 il est sp\u00e9cialis\u00e9 droit social.\",\"url\":\"https:\/\/www.legalvision.fr\/guides-juridiques\/author\/louis-robineau\/\"}]}<\/script>\n<!-- \/ Yoast SEO plugin. -->","yoast_head_json":{"title":"Mise \u00e0 pied conservatoire : tout conna\u00eetre sur cette mesure","description":"La mise \u00e0 pied conservatoire, n\u2019est pas une sanction mais une mesure provisoire. Elle suspend l\u2019activit\u00e9 du salari\u00e9 dans l\u2019attente d\u2019une sanction \u00e0 venir.","robots":{"index":"index","follow":"follow","max-snippet":"max-snippet:-1","max-image-preview":"max-image-preview:large","max-video-preview":"max-video-preview:-1"},"canonical":"https:\/\/www.legalvision.fr\/guides-juridiques\/droit-du-travail\/mise-a-pied-conservatoire-avantages-et-inconvenients\/","og_locale":"fr_FR","og_type":"article","og_title":"Mise \u00e0 pied conservatoire : tout conna\u00eetre sur cette mesure","og_description":"La mise \u00e0 pied conservatoire, n\u2019est pas une sanction mais une mesure provisoire. Elle suspend l\u2019activit\u00e9 du salari\u00e9 dans l\u2019attente d\u2019une sanction \u00e0 venir.","og_url":"https:\/\/www.legalvision.fr\/guides-juridiques\/droit-du-travail\/mise-a-pied-conservatoire-avantages-et-inconvenients\/","og_site_name":"Guides juridiques","article_published_time":"2019-07-25T06:30:12+00:00","article_modified_time":"2022-03-27T19:20:52+00:00","og_image":[{"width":958,"height":350,"url":"https:\/\/www.legalvision.fr\/guides-juridiques\/wp-content\/uploads\/2019\/07\/mise-\u00e0-pied-conservatoire.jpg","type":"image\/jpeg"}],"author":"Louis Robina","twitter_card":"summary_large_image","twitter_misc":{"\u00c9crit par":"Louis Robina","Dur\u00e9e de lecture estim\u00e9e":"10 minutes"},"schema":{"@context":"https:\/\/schema.org","@graph":[{"@type":"Article","@id":"https:\/\/www.legalvision.fr\/guides-juridiques\/droit-du-travail\/mise-a-pied-conservatoire-avantages-et-inconvenients\/#article","isPartOf":{"@id":"https:\/\/www.legalvision.fr\/guides-juridiques\/droit-du-travail\/mise-a-pied-conservatoire-avantages-et-inconvenients\/"},"author":{"name":"Louis Robina","@id":"https:\/\/www.legalvision.fr\/guides-juridiques\/#\/schema\/person\/eeaa1ceba87042e8ab1d352ddd96c74a"},"headline":"La mise \u00e0 pied conservatoire : comment \u00e7a marche ?","datePublished":"2019-07-25T06:30:12+00:00","dateModified":"2022-03-27T19:20:52+00:00","mainEntityOfPage":{"@id":"https:\/\/www.legalvision.fr\/guides-juridiques\/droit-du-travail\/mise-a-pied-conservatoire-avantages-et-inconvenients\/"},"wordCount":2165,"commentCount":0,"publisher":{"@id":"https:\/\/www.legalvision.fr\/guides-juridiques\/#organization"},"image":{"@id":"https:\/\/www.legalvision.fr\/guides-juridiques\/droit-du-travail\/mise-a-pied-conservatoire-avantages-et-inconvenients\/#primaryimage"},"thumbnailUrl":"https:\/\/www.legalvision.fr\/guides-juridiques\/wp-content\/uploads\/2019\/07\/mise-\u00e0-pied-conservatoire.jpg","articleSection":["Droit du travail"],"inLanguage":"fr-FR","potentialAction":[{"@type":"CommentAction","name":"Comment","target":["https:\/\/www.legalvision.fr\/guides-juridiques\/droit-du-travail\/mise-a-pied-conservatoire-avantages-et-inconvenients\/#respond"]}]},{"@type":"WebPage","@id":"https:\/\/www.legalvision.fr\/guides-juridiques\/droit-du-travail\/mise-a-pied-conservatoire-avantages-et-inconvenients\/","url":"https:\/\/www.legalvision.fr\/guides-juridiques\/droit-du-travail\/mise-a-pied-conservatoire-avantages-et-inconvenients\/","name":"Mise \u00e0 pied conservatoire : tout conna\u00eetre sur cette mesure","isPartOf":{"@id":"https:\/\/www.legalvision.fr\/guides-juridiques\/#website"},"primaryImageOfPage":{"@id":"https:\/\/www.legalvision.fr\/guides-juridiques\/droit-du-travail\/mise-a-pied-conservatoire-avantages-et-inconvenients\/#primaryimage"},"image":{"@id":"https:\/\/www.legalvision.fr\/guides-juridiques\/droit-du-travail\/mise-a-pied-conservatoire-avantages-et-inconvenients\/#primaryimage"},"thumbnailUrl":"https:\/\/www.legalvision.fr\/guides-juridiques\/wp-content\/uploads\/2019\/07\/mise-\u00e0-pied-conservatoire.jpg","datePublished":"2019-07-25T06:30:12+00:00","dateModified":"2022-03-27T19:20:52+00:00","description":"La mise \u00e0 pied conservatoire, n\u2019est pas une sanction mais une mesure provisoire. Elle suspend l\u2019activit\u00e9 du salari\u00e9 dans l\u2019attente d\u2019une sanction \u00e0 venir.","breadcrumb":{"@id":"https:\/\/www.legalvision.fr\/guides-juridiques\/droit-du-travail\/mise-a-pied-conservatoire-avantages-et-inconvenients\/#breadcrumb"},"inLanguage":"fr-FR","potentialAction":[{"@type":"ReadAction","target":["https:\/\/www.legalvision.fr\/guides-juridiques\/droit-du-travail\/mise-a-pied-conservatoire-avantages-et-inconvenients\/"]}]},{"@type":"ImageObject","inLanguage":"fr-FR","@id":"https:\/\/www.legalvision.fr\/guides-juridiques\/droit-du-travail\/mise-a-pied-conservatoire-avantages-et-inconvenients\/#primaryimage","url":"https:\/\/www.legalvision.fr\/guides-juridiques\/wp-content\/uploads\/2019\/07\/mise-\u00e0-pied-conservatoire.jpg","contentUrl":"https:\/\/www.legalvision.fr\/guides-juridiques\/wp-content\/uploads\/2019\/07\/mise-\u00e0-pied-conservatoire.jpg","width":958,"height":350,"caption":"mise \u00e0 pied conservatoire"},{"@type":"BreadcrumbList","@id":"https:\/\/www.legalvision.fr\/guides-juridiques\/droit-du-travail\/mise-a-pied-conservatoire-avantages-et-inconvenients\/#breadcrumb","itemListElement":[{"@type":"ListItem","position":1,"name":"Accueil","item":"https:\/\/www.legalvision.fr\/guides-juridiques\/"},{"@type":"ListItem","position":2,"name":"Droit du travail","item":"https:\/\/www.legalvision.fr\/guides-juridiques\/droit-du-travail\/"},{"@type":"ListItem","position":3,"name":"La mise \u00e0 pied conservatoire : comment \u00e7a marche ?"}]},{"@type":"WebSite","@id":"https:\/\/www.legalvision.fr\/guides-juridiques\/#website","url":"https:\/\/www.legalvision.fr\/guides-juridiques\/","name":"Guides juridiques","description":"L&#039;information juridique \u00e0 destination des entreprises et TPE","publisher":{"@id":"https:\/\/www.legalvision.fr\/guides-juridiques\/#organization"},"potentialAction":[{"@type":"SearchAction","target":{"@type":"EntryPoint","urlTemplate":"https:\/\/www.legalvision.fr\/guides-juridiques\/?s={search_term_string}"},"query-input":{"@type":"PropertyValueSpecification","valueRequired":true,"valueName":"search_term_string"}}],"inLanguage":"fr-FR"},{"@type":"Organization","@id":"https:\/\/www.legalvision.fr\/guides-juridiques\/#organization","name":"Guides juridiques","url":"https:\/\/www.legalvision.fr\/guides-juridiques\/","logo":{"@type":"ImageObject","inLanguage":"fr-FR","@id":"https:\/\/www.legalvision.fr\/guides-juridiques\/#\/schema\/logo\/image\/","url":"https:\/\/www.legalvision.fr\/guides-juridiques\/wp-content\/uploads\/2022\/10\/LV-Logotype.png","contentUrl":"https:\/\/www.legalvision.fr\/guides-juridiques\/wp-content\/uploads\/2022\/10\/LV-Logotype.png","width":647,"height":125,"caption":"Guides juridiques"},"image":{"@id":"https:\/\/www.legalvision.fr\/guides-juridiques\/#\/schema\/logo\/image\/"}},{"@type":"Person","@id":"https:\/\/www.legalvision.fr\/guides-juridiques\/#\/schema\/person\/eeaa1ceba87042e8ab1d352ddd96c74a","name":"Louis Robina","image":{"@type":"ImageObject","inLanguage":"fr-FR","@id":"https:\/\/www.legalvision.fr\/guides-juridiques\/#\/schema\/person\/image\/","url":"https:\/\/www.legalvision.fr\/guides-juridiques\/wp-content\/uploads\/2023\/07\/homme9-96x96.png","contentUrl":"https:\/\/www.legalvision.fr\/guides-juridiques\/wp-content\/uploads\/2023\/07\/homme9-96x96.png","caption":"Louis Robina"},"description":"Louis est juriste au sein de LegalVision. Avocat et titulaire d'un Master 2 il est sp\u00e9cialis\u00e9 droit social.","url":"https:\/\/www.legalvision.fr\/guides-juridiques\/author\/louis-robineau\/"}]}},"_links":{"self":[{"href":"https:\/\/www.legalvision.fr\/guides-juridiques\/wp-json\/wp\/v2\/posts\/18324","targetHints":{"allow":["GET"]}}],"collection":[{"href":"https:\/\/www.legalvision.fr\/guides-juridiques\/wp-json\/wp\/v2\/posts"}],"about":[{"href":"https:\/\/www.legalvision.fr\/guides-juridiques\/wp-json\/wp\/v2\/types\/post"}],"author":[{"embeddable":true,"href":"https:\/\/www.legalvision.fr\/guides-juridiques\/wp-json\/wp\/v2\/users\/58"}],"replies":[{"embeddable":true,"href":"https:\/\/www.legalvision.fr\/guides-juridiques\/wp-json\/wp\/v2\/comments?post=18324"}],"version-history":[{"count":0,"href":"https:\/\/www.legalvision.fr\/guides-juridiques\/wp-json\/wp\/v2\/posts\/18324\/revisions"}],"wp:featuredmedia":[{"embeddable":true,"href":"https:\/\/www.legalvision.fr\/guides-juridiques\/wp-json\/wp\/v2\/media\/18496"}],"wp:attachment":[{"href":"https:\/\/www.legalvision.fr\/guides-juridiques\/wp-json\/wp\/v2\/media?parent=18324"}],"wp:term":[{"taxonomy":"category","embeddable":true,"href":"https:\/\/www.legalvision.fr\/guides-juridiques\/wp-json\/wp\/v2\/categories?post=18324"},{"taxonomy":"post_tag","embeddable":true,"href":"https:\/\/www.legalvision.fr\/guides-juridiques\/wp-json\/wp\/v2\/tags?post=18324"}],"curies":[{"name":"wp","href":"https:\/\/api.w.org\/{rel}","templated":true}]}}