{"id":17989,"date":"2019-07-22T07:30:52","date_gmt":"2019-07-22T06:30:52","guid":{"rendered":"https:\/\/blog.legalvision.fr\/?p=17989"},"modified":"2022-03-27T21:20:52","modified_gmt":"2022-03-27T19:20:52","slug":"inaptitude-au-travail-les-consequences","status":"publish","type":"post","link":"https:\/\/www.legalvision.fr\/guides-juridiques\/droit-du-travail\/inaptitude-au-travail-les-consequences\/","title":{"rendered":"Le guide complet LegalVision sur l&rsquo;inaptitude au travail"},"content":{"rendered":"<p>L&rsquo;inaptitude au travail peut \u00eatre cons\u00e9cutive \u00e0 un accident du travail ou une maladie <strong>professionnelle<\/strong> (c&rsquo;est le cas de l&rsquo;inaptitude au travail pour d\u00e9pression par exemple). Dans un tel cas, on parle alors<strong> d&rsquo;inaptitude professionnelle<\/strong>. Cependant, vous pouvez aussi devenir inapte suite \u00e0 un accident ou une maladie <strong>non professionnelle<\/strong>. On parlera alors <strong>d&rsquo;inaptitude non professionnelle<\/strong>. L&rsquo;inaptitude au poste de travail est donc la cons\u00e9quence d&rsquo;un accident, d&rsquo;une maladie, professionnelle ou non professionnelle.\u00a0Le salari\u00e9 ne peut alors, reprendre son ancien emploi puisqu&rsquo;il n&rsquo;est plus possible pour lui de travailler sur son poste de travail.\n<\/p>\n<h3 style=\"text-align: left;\"><strong>Sommaire :<\/strong><\/h3>\n<p style=\"text-align: left;\"><strong><a href=\"#I\">\u00a0Distinction entre inaptitude au travail et autres notions<\/a><\/strong><br \/>\n<strong> <a href=\"#II\">La reconnaissance de l&rsquo;inaptitude\u00a0au travail<\/a><\/strong><br \/>\n<strong> <a href=\"#III\">La tentative de reclassement du salari\u00e9 inapte<\/a><\/strong><br \/>\n<strong> <a href=\"#IV\">Le licenciement pour inaptitude au travail<\/a><\/strong><br \/>\n<strong> <a href=\"#V\">Les indemnit\u00e9s de licenciement<\/a><\/strong><br \/>\n<strong> <a href=\"#VI\">Inaptitude et autres cas de rupture du contrat<\/a><\/strong><\/p>\n<div class=\"wp-block-button\" style=\"text-align:center;\"><a class=\"wp-block-button__link has-background\" href=\"https:\/\/www.legalvision.fr\/tous-les-services\/\">Voir les services LegalVision<\/a><\/div>\n<h2 id=\"I\">\u00a0Distinction entre inaptitude au travail et autres notions<\/h2>\n<p>Tout d&rsquo;abord, l&rsquo;inaptitude au travail\u00a0est une notion qui ne doit pas se confondre avec l&rsquo;invalidit\u00e9, l&rsquo;incapacit\u00e9, l&rsquo;insuffisance professionnelle, ou encore l&rsquo;accident et la maladie.<\/p>\n<h3>Diff\u00e9rence avec la maladie ou l&rsquo;accident<\/h3>\n<p>L\u2019inaptitude au poste de travail peut \u00eatre consid\u00e9r\u00e9e comme \u00e9tant <strong>une possible cons\u00e9quence d\u2019un accident ou d\u2019une maladie<\/strong>. En effet, vous avez \u00e9t\u00e9 victime d\u2019un accident du travail par exemple, et suite \u00e0 cela, vous \u00eates d\u00e9clar\u00e9 inapte \u00e0 reprendre votre poste de travail, car vous ne pouvez plus travailler comme avant. Le raisonnement est le m\u00eame pour la maladie professionnelle.<\/p>\n<h3>Diff\u00e9rence entre inaptitude au travail et invalidit\u00e9<\/h3>\n<p><strong>L\u2019inaptitude<\/strong> s\u2019appr\u00e9cie concr\u00e8tement par rapport <strong>au poste de travail occup\u00e9 par le salari\u00e9<\/strong> dans l\u2019entreprise qui l\u2019emploie et en tenant compte des possibilit\u00e9s d\u2019am\u00e9nagements de poste. L&rsquo;invalidit\u00e9<strong>\u00a0<\/strong>ne peut \u00eatre reconnue\u00a0que si le salari\u00e9 ne peut se procurer, <strong>dans une profession quelconque<\/strong>,\u00a0une r\u00e9mun\u00e9ration sup\u00e9rieure au 1\/3 de la r\u00e9mun\u00e9ration qu&rsquo;il percevait au titre de son pr\u00e9c\u00e9dent emploi.<\/p>\n<p>C&rsquo;est<strong>\u00a0le m\u00e9decin du travail<\/strong>\u00a0qui d\u00e9cide de l&rsquo;inaptitude. N\u00e9anmoins, c&rsquo;est\u00a0<strong>la s\u00e9curit\u00e9 sociale<\/strong>\u00a0sur avis de son m\u00e9decin conseil, qui d\u00e9cide de l&rsquo;<strong>invalidit\u00e9<\/strong>. Elle correspond \u00e0 la perte de salaire cons\u00e9quente \u00e0 une diminution de l\u2019aptitude au travail, qui <strong>ne doit pas avoir pour origine un accident du travail ou une maladie professionnelle.<\/strong><\/p>\n<h3>Diff\u00e9rence entre inaptitude au travail et insuffisance professionnelle<\/h3>\n<p>D&rsquo;autre part, l\u2019inaptitude au poste de travail se distingue \u00e9galement de l\u2019insuffisance professionnelle. L&rsquo;insuffisance professionnelle r\u00e9sulte<strong> d\u2019un manque de comp\u00e9tence du salari\u00e9, au poste qui lui est attribu\u00e9<\/strong>. On d\u00e9cide alors de le licencier pour insuffisance professionnelle car il n\u2019est pas fait pour le poste. L&rsquo;insuffisance n\u2019a donc rien \u00e0 voir avec un accident ou une maladie, compar\u00e9 \u00e0 l\u2019inaptitude qui en est une cons\u00e9quence.<\/p>\n<h2 id=\"II\">La reconnaissance de l&rsquo;inaptitude\u00a0au travail<\/h2>\n<p>Pour reconna\u00eetre un salari\u00e9 inapte, plusieurs \u00e9tapes doivent \u00eatre respect\u00e9es.<\/p>\n<h3>La reconnaissance de l&rsquo;inaptitude au travail par le m\u00e9decin du travail<\/h3>\n<p>L&rsquo;avis de reconnaissance d\u2019inaptitude peut \u00eatre d\u00e9livr\u00e9 par<strong> le m\u00e9decin du travail,<\/strong> lors de n&rsquo;importe quelle visite pendant l&rsquo;ex\u00e9cution du contrat de travail (visite de reprise, de pr\u00e9-reprise, visite \u00e0 la demande du salari\u00e9 etc)<\/p>\n<p>Par ailleurs, le m\u00e9decin du\u00a0travail, avant de prendre sa d\u00e9cision sur l&rsquo;inaptitude ou non du salari\u00e9, <strong>doit effectuer certaines d\u00e9marches au pr\u00e9alable<\/strong>\u00a0:<\/p>\n<ul>\n<li>doit r\u00e9aliser au moins <strong>un examen m\u00e9dical de l&rsquo;int\u00e9ress\u00e9<\/strong> ;<\/li>\n<li>Le m\u00e9decin proc\u00e8de \u00e0 une<strong> \u00e9tude de poste<\/strong> ;<\/li>\n<li>r\u00e9alise ou fait r\u00e9aliser une \u00e9tude<strong> des conditions de\u00a0travail\u00a0<\/strong>dans l&rsquo;\u00e9tablissement et indique la date \u00e0 laquelle la fiche d&rsquo;entreprise a \u00e9t\u00e9 actualis\u00e9e ;<\/li>\n<li>De plus, il doit constater\u00a0qu&rsquo;aucune mesure<strong> d&rsquo;am\u00e9nagement, d&rsquo;adaptation ou de transformation<\/strong> du poste occup\u00e9 n&rsquo;est possible et que l&rsquo;\u00e9tat de sant\u00e9 du travailleur justifie un changement de poste.<\/li>\n<li>S&rsquo;il a proc\u00e9d\u00e9 \u00e0 un \u00e9change, par tout moyen, avec l&#8217;employeur,<strong> ces \u00e9changes<\/strong> permettant \u00e0 l&#8217;employeur et au travailleur de faire valoir leurs observations sur les avis et les propositions que le m\u00e9decin du\u00a0<strong>travail\u00a0<\/strong>entend adresser.<\/li>\n<\/ul>\n<h3>L&rsquo;avis d&rsquo;inaptitude au travail rendu par le m\u00e9decin du travail<\/h3>\n<p>Lorsque le m\u00e9decin du travail a effectu\u00e9 les d\u00e9marches cit\u00e9es pr\u00e9c\u00e9demment, il peut alors constater une inaptitude \u00e0 votre poste de travail. D&rsquo;ailleurs, pour certifier cette d\u00e9cision, il va alors vous rendre, ce que l&rsquo;on appelle<strong> un avis d&rsquo;inaptitude.<\/strong><\/p>\n<p><strong>Ainsi, l&rsquo;avis d&rsquo;inaptitude<\/strong>\u00a0rendu par le m\u00e9decin du\u00a0travail\u00a0doit \u00eatre \u00e9clair\u00e9 par des conclusions \u00e9crites, assorties d&rsquo;indications relatives au reclassement du travailleur.<\/p>\n<p>\u00c0 ce titre,<strong> le constat d&rsquo;inaptitude au poste de travail\u00a0<\/strong>pr\u00e9cise :<\/p>\n<ul>\n<li>\n<strong>l&rsquo;origine r\u00e9elle de l&rsquo;<\/strong><strong>inaptitude\u00a0<\/strong>: <em>maladie, accident professionnelle ou non professionnelle,<\/em>\n<\/li>\n<li>\n<strong>le poste initialement occup\u00e9<\/strong>,<\/li>\n<li><strong>des mesures individuelles telles que des mutations ou transformations de poste, am\u00e9nagements du poste ou du temps de\u00a0travail;<\/strong><\/li>\n<li><strong>des propositions de poste<\/strong><\/li>\n<li>\n<strong>l&rsquo;\u00e9tendue de l&rsquo;<\/strong><strong>inaptitude,\u00a0<\/strong>en pr\u00e9cisant les restrictions m\u00e9dicales interdisant au salari\u00e9 de continuer son pr\u00e9sent emploi sans danger pour sa sant\u00e9 ;<\/li>\n<li>des indications sur l&rsquo;aptitude du salari\u00e9 \u00e0 b\u00e9n\u00e9ficier<strong> d&rsquo;une formation destin\u00e9e \u00e0 lui proposer un poste adapt\u00e9<\/strong>\n<\/li>\n<li>\n<strong>les d\u00e9lais et voies de recours<\/strong>.<\/li>\n<\/ul>\n<p>Cet avis d&rsquo;inaptitude au travail devra \u00eatre donn\u00e9<strong> au salari\u00e9<\/strong>, mais\u00a0sera aussi transmis<strong>\u00a0\u00e0 l&#8217;employeur<\/strong>.<\/p>\n<h3>L\u2019indemnit\u00e9 temporaire d&rsquo;inaptitude au poste de travail<\/h3>\n<p><strong>Le caract\u00e8re professionnel ou non de l&rsquo;inaptitude<\/strong>\u00a0peut avoir un v\u00e9ritable enjeu financier.<\/p>\n<p>En effet, en attendant son reclassement, le salari\u00e9 qui vient d&rsquo;\u00eatre d\u00e9clar\u00e9\u00a0inapte\u00a0peut avoir droit \u00e0 une\u00a0<strong>indemnit\u00e9 temporaire d&rsquo;<\/strong><strong>inaptitude<\/strong>. N\u00e9anmoins, cette indemnisation s&rsquo;adresse au salari\u00e9\u00a0victime d&rsquo;un accident du\u00a0travail\u00a0ou d&rsquo;une maladie<strong> professionnelle uniquement<\/strong>. L&rsquo;indemnisation concerne la p\u00e9riode entre<strong> la date de reconnaissance de son\u00a0inaptitude\u00a0et la date de mise en \u0153uvre de la d\u00e9cision de l&#8217;employeur de le reclasser<\/strong> dans l&rsquo;entreprise ou de le licencier.<\/p>\n<p>Ainsi, pour b\u00e9n\u00e9ficier de l&rsquo;indemnit\u00e9 temporaire d&rsquo;<strong>inaptitude<\/strong>, la victime adresse sans d\u00e9lai \u00e0 sa CPAM un formulaire de demande (<a href=\"https:\/\/www.formulaires.modernisation.gouv.fr\/gf\/cerfa_14103.do\"><strong>Cerfa n<\/strong><strong><sup>o<\/sup><\/strong><strong>\u00a014103*01<\/strong><\/a>).<\/p>\n<p>Le montant journalier de l&rsquo;indemnit\u00e9 temporaire d&rsquo;inaptitude\u00a0est \u00e9gal <strong>au montant de l&rsquo;indemnit\u00e9 journali\u00e8re vers\u00e9e pendant votre arr\u00eat de\u00a0travail\u00a0li\u00e9 \u00e0 l&rsquo;accident du\u00a0travail\u00a0ou \u00e0 la maladie professionnelle pr\u00e9c\u00e9dant l&rsquo;avis d&rsquo;inaptitude<\/strong>.<\/p>\n<p>L&rsquo;indemnit\u00e9 est vers\u00e9e par la Caisse, \u00e0 compter du premier jour qui suit la date de l&rsquo;avis d&rsquo;inaptitude\u00a0jusqu&rsquo;au jour de la date du licenciement ou du reclassement.<\/p>\n<h2 id=\"III\">La tentative de reclassement du salari\u00e9 inapte<\/h2>\n<p>Avant de licencier le salari\u00e9, l&#8217;employeur doit tout faire pour reclasser son salari\u00e9.<\/p>\n<h3>La recherche de poste de reclassement<\/h3>\n<p>Lorsqu&rsquo;un avis d&rsquo;inaptitude est rendu,<strong> l&#8217;employeur ne doit pas directement licencier son salari\u00e9.<\/strong> En effet, il doit tout faire pour essayer de<strong> reclasser son salari\u00e9<\/strong>, c&rsquo;est \u00e0 dire de trouver un emploi qui lui est adapt\u00e9.\u00a0C&rsquo;est d&rsquo;ailleurs, la\u00a0<strong>notification\u00a0de l&rsquo;avis d&rsquo;inaptitude<\/strong>\u00a0qui fixe le point de d\u00e9part de l&rsquo;obligation de reclassement de l&#8217;employeur.<\/p>\n<p>Pour cela, il va prendre en consid\u00e9ration <strong>les pr\u00e9conisations du m\u00e9decin du travail<\/strong>\u00a0quant au futur emploi du salari\u00e9. En effet, l\u2019employeur est li\u00e9 par les conclusions du m\u00e9decin du travail inscrites dans l&rsquo;avis d&rsquo;inaptitude.<\/p>\n<p>L&#8217;employeur lui propose un autre emploi appropri\u00e9 \u00e0 ses capacit\u00e9s,<strong> au sein de l&rsquo;entreprise ou des entreprises du groupe<\/strong>, situ\u00e9es sur le <strong>territoire national<\/strong> et dont l&rsquo;organisation, les activit\u00e9s ou le lieu d&rsquo;exploitation assurent la permutation de tout ou partie du personnel.<\/p>\n<p>Il est recommand\u00e9 de formuler toute proposition de reclassement au salari\u00e9, par<strong> \u00e9crit et de mani\u00e8re pr\u00e9cise<\/strong>, en fournissant au salari\u00e9 les informations n\u00e9cessaires sur le poste propos\u00e9 <em>(descriptif de poste, coefficient, fonction, r\u00e9mun\u00e9ration, dur\u00e9e et horaires de travail, etc<\/em>&#8230;), afin que ce dernier ne puisse, par la suite, contester l&rsquo;existence ou le s\u00e9rieux de cette offre.<\/p>\n<p>Pour proc\u00e9der au reclassement de son salari\u00e9, l\u2019employeur <strong>n\u2019est tenu par aucun d\u00e9lai<\/strong>. Cependant, lorsqu&rsquo;<strong>\u00e0 l\u2019issue d\u2019un d\u00e9lai d\u2019un mois, \u00e0 compter de la date de l\u2019examen m\u00e9dical de reprise du travail<\/strong>, le salari\u00e9 d\u00e9clar\u00e9 inapte n\u2019est pas reclass\u00e9 dans l\u2019entreprise ou s\u2019il n\u2019est pas licenci\u00e9, l\u2019employeur lui verse, d\u00e8s l\u2019expiration de ce d\u00e9lai, le salaire correspondant \u00e0 l\u2019emploi que celui-ci occupait avant la suspension de son contrat de travail.<\/p>\n<h3>La consultation des repr\u00e9sentants du personnel<\/h3>\n<p>Si l\u2019employeur a trouv\u00e9 des postes de reclassement, il ne doit pas tout de suite les proposer au salari\u00e9. En effet, il a l&rsquo;obligation de pr\u00e9senter la ou les propositions de reclassement,<strong> aux membres du CSE s\u2019il existe<\/strong>. Ainsi, la consultation doit permettre de prendre l&rsquo;avis des\u00a0membres du CSE, avant de proposer un poste de reclassement au salari\u00e9. Apr\u00e8s consultation du CSE<strong>,<\/strong> il pourra les\u00a0faire conna\u00eetre\u00a0au salari\u00e9 inapte.<\/p>\n<h3>Les suites de la recherche de reclassement<\/h3>\n<p><strong>Le salari\u00e9 restera\u00a0membre de l&rsquo;entreprise si<\/strong> :<\/p>\n<ul>\n<li>l&#8217;employeur trouve un poste de reclassement et le salari\u00e9 l\u2019accepte. Dans ce cas, la proc\u00e9dure s\u2019arr\u00eate ici et le salari\u00e9 reste dans l&rsquo;entreprise avec un emploi qui lui est adapt\u00e9.<\/li>\n<\/ul>\n<p>Cependant, dans trois autres cas, l&#8217;employeur pourra proc\u00e9der au<strong> licenciement du salari\u00e9 pour inaptitude<\/strong>\u00a0:<\/p>\n<ul>\n<li>L&#8217;employeur est dans<strong> l&rsquo;impossibilit\u00e9 de proposer un emploi.<\/strong>\u00a0L&#8217;employeur doit faire conna\u00eetre par \u00e9crit les motifs qui s&rsquo;y opposent quelle que soit l&rsquo;origine de l&rsquo;inaptitude ;<\/li>\n<li>Le salari\u00e9 <strong>refuse le poste de reclassement<\/strong> qui lui a \u00e9t\u00e9 propos\u00e9 par l&#8217;employeur ;<\/li>\n<li>Soit de la mention expresse dans l&rsquo;avis du m\u00e9decin du travail que tout maintien du salari\u00e9 dans un emploi serait <strong>gravement pr\u00e9judiciable \u00e0 sa sant\u00e9<\/strong> ou que<strong> l&rsquo;\u00e9tat de sant\u00e9 du salari\u00e9 fait obstacle \u00e0 tout reclassement<\/strong> dans un emploi.<\/li>\n<\/ul>\n<p>En revanche, le salari\u00e9 d\u00e9clar\u00e9\u00a0inapte\u00a0\u00e0 la suite d&rsquo;un accident du\u00a0travail\u00a0peut valablement conclure avec son employeur une\u00a0rupture conventionnelle. Vous\u00a0d\u00e9sirez en savoir plus sur <strong><a href=\"https:\/\/blog.legalvision.fr\/2019\/01\/27\/rupture-conventionnelle-tout-savoir\/\">la rupture conventionnelle<\/a><\/strong> ? N&rsquo;h\u00e9sitez pas \u00e0 consulter notre article d\u00e9di\u00e9 !<\/p>\n<h2 id=\"IV\">Le licenciement pour inaptitude au travail<\/h2>\n<p>La proc\u00e9dure \u00e0 respecter pour licencier un salari\u00e9 inapte, est la m\u00eame proc\u00e9dure que pour le licenciement pour motif personnel. Si vous souhaitez licencier un de vos salari\u00e9s,\u00a0<strong><a href=\"https:\/\/www.legalvision.fr\/lp\/lettre-licenciement\">d\u00e9marrez votre proc\u00e9dure<\/a><\/strong> avec LegalVision !<\/p>\n<p>La proc\u00e9dure de licenciement qui doit \u00eatre appliqu\u00e9e\u00a0pour les salari\u00e9s en CDI comprend donc :<\/p>\n<ul>\n<li>une\u00a0<strong>convocation \u00e0 un entretien pr\u00e9alable<\/strong> au licenciement pour inaptitude,<\/li>\n<li>\n<strong>l&rsquo;entretien pr\u00e9alable<\/strong> au licenciement pour inaptitude,<\/li>\n<li>et enfin, l\u2019envoi de<strong> la lettre de licenciement<\/strong> pour inaptitude et impossibilit\u00e9 de reclassement.<\/li>\n<\/ul>\n<h3>La convocation \u00e0 un entretien pr\u00e9alable<\/h3>\n<p>Lors d&rsquo;un licenciement pour inaptitude au travail, la lettre de convocation \u00e0 l&rsquo;entretien pr\u00e9alable doit comporter certaines\u00a0mentions obligatoires :<\/p>\n<ul>\n<li>elle doit comporter<strong> l&rsquo;objet de l&rsquo;entretien,<\/strong>\n<\/li>\n<li>il faut rappeler<strong> l&rsquo;heure, le lieu et le jour de l&rsquo;entretien,<\/strong>\n<\/li>\n<li>la possibilit\u00e9 pour le salari\u00e9 de<strong> se faire assister lors de cet entretien<\/strong> doit aussi \u00eatre rappel\u00e9e. Ainsi, le salari\u00e9 peut se faire assister par <strong>un repr\u00e9sentant du personnel<\/strong>. A d\u00e9faut, il peut se faire assister soit par\u00a0un <strong>membre du personnel de son choix,<\/strong> ou bien par un<strong> conseiller ext\u00e9rieur.<\/strong> La lettre de convocation doit d&rsquo;ailleurs,\u00a0indiquer\u00a0l&rsquo;adresse des services o\u00f9 la liste des conseillers est mise \u00e0 la disposition des salari\u00e9s, c&rsquo;est-\u00e0-dire l&rsquo;adresse de la section d&rsquo;inspection du travail comp\u00e9tente pour l&rsquo;\u00e9tablissement\u00a0<b>et<\/b>\u00a0l&rsquo;adresse de la mairie du lieu du domicile du salari\u00e9 ou de l&rsquo;\u00e9tablissement si le salari\u00e9 habite dans un autre d\u00e9partement.<\/li>\n<\/ul>\n<p>La\u00a0<span class=\"Highlight\" title=\"convocation\">convocation<\/span>\u00a0doit \u00eatre adress\u00e9e par\u00a0<b>lettre recommand\u00e9e<\/b> ou par<b> lettre remise en main propre contre d\u00e9charge.\u00a0<\/b><\/p>\n<p>Vous souhaitez <a href=\"https:\/\/www.legalvision.fr\/lp\/lettre-entretien-prealable\">convoquer votre salari\u00e9 \u00e0 un entretien pr\u00e9alable <\/a>? LegalVision vous accompagne !<\/p>\n<h3>L&rsquo;entretien pr\u00e9alable<\/h3>\n<p>L&#8217;employeur doit respecter<strong> un d\u00e9lai de cinq jours ouvrables<\/strong> entre la pr\u00e9sentation de la lettre recommand\u00e9e ou la remise en main propre de la lettre de\u00a0<span class=\"Highlight\" title=\"convocation\">convocation<\/span>\u00a0et la date de l&rsquo;<span class=\"Highlight\" title=\"entretien pr\u00e9alable\">entretien pr\u00e9alable<\/span>. Il s&rsquo;agit d&rsquo;un d\u00e9lai minimum. Sont consid\u00e9r\u00e9s comme jours ouvrables,<strong> tous les jours de la semaine, sauf le dimanche et jours f\u00e9ri\u00e9s.<\/strong><\/p>\n<p><em>Par exemple, l&#8217;employeur adresse la lettre de convocation \u00e0 un salari\u00e9 licenci\u00e9 pour inaptitude au travail pour d\u00e9pression, un jeudi :<\/em><\/p>\n<ul>\n<li><em>le jour 1 ouvrable : vendredi<\/em><\/li>\n<li><em>jour 2 ouvrable : samedi<\/em><\/li>\n<li><em>le jour 3 ouvrable : lundi<\/em><\/li>\n<li><em>jour 4 ouvrable : mardi<\/em><\/li>\n<li><em>enfin, le jour 5 ouvrable : mercredi<\/em><\/li>\n<\/ul>\n<p><em>L&rsquo;entretien pourra donc avoir lieu, au plus t\u00f4t, le jeudi suivant.<\/em><\/p>\n<p>Licenciement pour inaptitude au travail : cet entretien permet \u00e0 l&#8217;employeur et au salari\u00e9 de pouvoir <strong>\u00e9changer sur le possible licenciement.<\/strong><\/p>\n<h3>La notification du licenciement pour inaptitude au travail<\/h3>\n<p>Le licenciement peut \u00eatre notifi\u00e9 par<strong> lettre recommand\u00e9e avec avis de r\u00e9ception ou par remise en main propre contre d\u00e9charge<\/strong>. La lettre recommand\u00e9e de licenciement pour motif personnel ne peut \u00eatre exp\u00e9di\u00e9e moins\u00a0<b>de deux jours ouvrables<\/b>\u00a0apr\u00e8s la date\u00a0de\u00a0l&rsquo;<span class=\"Highlight\" title=\"entretien pr\u00e9alable\">entretien pr\u00e9alable.\u00a0<\/span><\/p>\n<p><em>Ainsi, prenons un salari\u00e9 licenci\u00e9 pour inaptitude au travail pour d\u00e9pression. Si l&rsquo;entretien a eu lieu le lundi, vous pouvez notifier le licenciement au minimum, le jeudi.\u00a0<\/em><\/p>\n<p>Par ailleurs, la lettre de licenciement pour inaptitude doit express\u00e9ment mentionner non seulement<strong> l\u2019inaptitude au poste de travail du salari\u00e9<\/strong> mais aussi<strong> l\u2019impossibilit\u00e9 de reclassement<\/strong> dans un poste compatible avec les pr\u00e9conisations du m\u00e9decin du travail.<\/p>\n<p>Enfin, vous devez bien entendu, fournir au salari\u00e9 les documents de fin de contrat. D&rsquo;ailleurs, pour en savoir plus sur <strong><a href=\"https:\/\/blog.legalvision.fr\/2019\/07\/08\/solde-de-tout-compte\/\">le solde de tout compte<\/a><\/strong>, laissez vous guider par LegalVision !<\/p>\n<h2 id=\"V\">Les indemnit\u00e9s de licenciement<\/h2>\n<p>L&rsquo;origine professionnelle ou non de l&rsquo;inaptitude est essentielle dans la mesure\u00a0o\u00f9\u00a0les indemnit\u00e9s ne seront pas les m\u00eames. En effet, elles seront plus avantageuses en cas d&rsquo;inaptitude d&rsquo;origine professionnelle.<\/p>\n<h3>Inaptitude d&rsquo;origine non professionnelle<\/h3>\n<p>Licenciement pour inaptitude au travail : en cas d&rsquo;inaptitude non professionnelle, le salari\u00e9 a le droit \u00e0 :<\/p>\n<ul>\n<li>Une indemnit\u00e9 l\u00e9gale\u00a0ou conventionnelle de licenciement : la plus int\u00e9ressante des deux sera retenue.<\/li>\n<li>Une indemnit\u00e9 compensatrice de cong\u00e9s pay\u00e9s. Elle compense le reste des cong\u00e9s pay\u00e9s\u00a0qu&rsquo;il restait au salari\u00e9, mais qu&rsquo;il ne pourra pas poser, du fait de la rupture de son contrat de travail.<\/li>\n<li>Cependant,<strong> il n&rsquo;a pas le droit \u00e0 une indemnit\u00e9 compensatrice de pr\u00e9avis<\/strong>, sauf dispositions conventionnelles le pr\u00e9voyant. La dur\u00e9e du pr\u00e9avis est cependant incluse dans le calcul de l&rsquo;anciennet\u00e9 du salari\u00e9.<\/li>\n<\/ul>\n<h3>Inaptitude d&rsquo;origine professionnelle<\/h3>\n<p>Le salari\u00e9\u00a0va b\u00e9n\u00e9ficier\u00a0:<\/p>\n<ul>\n<li>\n<strong>D&rsquo;une indemnit\u00e9 de licenciement doubl\u00e9e<\/strong>, sauf dispositions conventionnelles plus favorables. Seule l\u2019indemnit\u00e9 l\u00e9gale peut \u00eatre doubl\u00e9e, ce n&rsquo;est pas le cas de l\u2019indemnit\u00e9 conventionnelle.<\/li>\n<li>Une <strong>indemnit\u00e9 compensatrice de cong\u00e9s pay\u00e9s<\/strong>.<\/li>\n<li>Une<strong> indemnit\u00e9 compensatrice de pr\u00e9avis.<\/strong>\n<\/li>\n<\/ul>\n<h3>Le droit au ch\u00f4mage<\/h3>\n<p>L&rsquo;inaptitude au travail et le ch\u00f4mage sont ils compatibles ? L\u2019inaptitude prononc\u00e9e par le m\u00e9decin du travail dans une entreprise n\u2019interdit nullement de rechercher et de trouver un nouvel emploi dans une autre entreprise. Bien s\u00fbr, une personne inapte chez son ancien employeur aura sans doute plus de difficult\u00e9s \u00e0 trouver un nouvel emploi que les autres demandeurs d\u2019emploi, <strong>mais P\u00f4le Emploi n\u2019a pas \u00e0 rejeter une inscription \u00e0 cause d\u2019une difficult\u00e9 pour retrouver un emploi.<\/strong><\/p>\n<p>Dans certains cas, heureusement rares mais existants, P\u00f4le Emploi s\u2019oppose \u00e0 l\u2019inscription, du fait que le code du travail r\u00e9serve normalement <strong>le b\u00e9n\u00e9fice des prestations de ch\u00f4mage aux personnes aptes au travail.<\/strong><\/p>\n<p><em>Concernant l&rsquo;inaptitude au travail et le ch\u00f4mage, prenons pour exemple un salari\u00e9 licenci\u00e9 pour inaptitude au travail pour d\u00e9pression. Il va pouvoir b\u00e9n\u00e9ficier du ch\u00f4mage, au m\u00eame titre qu&rsquo;un salari\u00e9 licenci\u00e9 pour\u00a0insuffisance\u00a0professionnelle par exemple.\u00a0<\/em><\/p>\n<h2 id=\"VI\">Inaptitude et autres cas de rupture du contrat<\/h2>\n<p>L&rsquo;inaptitude\u00a0peut se retrouver dans le cadre du CDD, mais aussi lors de la retraite.<\/p>\n<h3>La rupture du contrat \u00e0 dur\u00e9e d\u00e9termin\u00e9e pour inaptitude au travail<\/h3>\n<p>Quelle que soit l\u2019origine de l\u2019inaptitude (professionnelle ou non), l\u2019employeur peut d\u00e9sormais<strong> rompre avant terme le contrat \u00e0 dur\u00e9e d\u00e9termin\u00e9e (CDD) du salari\u00e9 concern\u00e9.<\/strong>\u00a0Toutefois, l\u2019inaptitude doit avoir \u00e9t\u00e9 r\u00e9guli\u00e8rement constat\u00e9e par le m\u00e9decin du travail et l\u2019employeur doit avoir respect\u00e9 son obligation de reclassement.<\/p>\n<p><strong>Ainsi, l&rsquo;obligation de reclassement\u00a0doit aussi s\u2019appliquer au CDD<\/strong>.\u00a0Lorsque le salari\u00e9 d\u00e9clar\u00e9 inapte voit son CDD rompu de fa\u00e7on anticip\u00e9e, il doit percevoir une indemnit\u00e9 de rupture dont le montant est au moins \u00e9gal \u00e0 celui de l\u2019indemnit\u00e9 de licenciement, et est doubl\u00e9e dans le cas d\u2019une inaptitude d\u2019origine professionnelle.<\/p>\n<h3>Inaptitude au travail et retraite<\/h3>\n<p>La retraite pour inaptitude au travail est possible. L&rsquo;\u00e9tat d&rsquo;inaptitude\u00a0dans le cadre de la\u00a0retraite\u00a0est appr\u00e9ci\u00e9 en fonction de l&#8217;emploi occup\u00e9 <strong>\u00e0 la date de demande de reconnaissance de l&rsquo;inaptitude<\/strong>\u00a0ou, par d\u00e9faut, par rapport <strong>au dernier emploi exerc\u00e9 au cours des cinq ans<\/strong> pr\u00e9c\u00e9dant la demande. Si l&rsquo;assur\u00e9 n&rsquo;a pas exerc\u00e9 d&rsquo;activit\u00e9 professionnelle au cours des cinq ann\u00e9es pr\u00e9c\u00e9dant la demande, l&rsquo;inaptitude\u00a0sera reconnue par rapport <strong>\u00e0 une activit\u00e9 professionnelle quelconque.<\/strong><\/p>\n<p>En outre, les assur\u00e9s doivent faire leur demande de<strong>\u00a0<\/strong>retraite\u00a0au titre de l&rsquo;inaptitude\u00a0au travail \u00e0 leur dernier r\u00e9gime de\u00a0retraite\u00a0d&rsquo;affiliation. La d\u00e9cision de demander une\u00a0retraite\u00a0au titre de l&rsquo;inaptitude\u00a0se fait la plupart du temps lors du rendez-vous avec le technicien conseil.<\/p>\n<p>L&rsquo;assur\u00e9 doit pr\u00e9senter une demande de\u00a0retraite\u00a0au titre de l&rsquo;inaptitude, en joignant :<\/p>\n<ul>\n<li><strong>Un certificat m\u00e9dical de son m\u00e9decin traitant ;<\/strong><\/li>\n<li><strong>S&rsquo;il exerce une activit\u00e9, \u00e9galement un certificat m\u00e9dical de son m\u00e9decin du travail.<\/strong><\/li>\n<\/ul>\n<p>Ces certificats sont examin\u00e9s par le <strong>Service d&rsquo;inaptitude\u00a0au travail<\/strong> au titre de l&rsquo;assurance vieillesse. Le m\u00e9decin-conseil du dernier r\u00e9gime d&rsquo;affiliation \u00e9value l&rsquo;inaptitude.<\/p>\n<p>De ce fait, ce dernier\u00a0peut :<\/p>\n<ul>\n<li>\n<strong>Donner un avis favorable<\/strong> : dans ce cas l&rsquo;assur\u00e9 liquide au taux plein sa retraite, quels que soient son \u00e2ge et sa dur\u00e9e d&rsquo;assurance ;<\/li>\n<li><strong><strong>Donner un avis d\u00e9favorable.<\/strong><\/strong><\/li>\n<\/ul>\n<details>\n<summary><strong>Sources<\/strong>\u00a0<\/summary>\n<ul>\n<li style=\"text-align: left;\">\n<a href=\"https:\/\/www.legifrance.gouv.fr\/affichCodeArticle.do?cidTexte=LEGITEXT000006072050&amp;idArticle=LEGIARTI000006901000\">L.1232-2 du Code du travail<\/a> relatif aux mentions obligatoires devant figurer dans la lettre de convocation \u00e0 un entretien pr\u00e9alable<\/li>\n<li>\n<a href=\"https:\/\/www.legifrance.gouv.fr\/affichCodeArticle.do?cidTexte=LEGITEXT000006072050&amp;idArticle=LEGIARTI000033013440&amp;dateTexte=&amp;categorieLien=cid\">L.1226-2-1 du Code du travail<\/a> relatif aux motifs justifiant\u00a0le licenciement du salari\u00e9 sans reclassement pr\u00e9alable<\/li>\n<li>\n<a href=\"https:\/\/www.legifrance.gouv.fr\/affichCodeArticle.do;jsessionid=05A806B4531D72C3B500D9BF55A7C7B0.tplgfr44s_1?idArticle=LEGIARTI000035653236&amp;cidTexte=LEGITEXT000006072050&amp;dateTexte=20190709&amp;categorieLien=id&amp;oldAction=\">L.1226-2 du Code du travail <\/a>relatif au reclassement du salari\u00e9 inapte<\/li>\n<li>\n<a href=\"https:\/\/www.legifrance.gouv.fr\/affichCodeArticle.do?cidTexte=LEGITEXT000006072050&amp;idArticle=LEGIARTI000029235011&amp;dateTexte=&amp;categorieLien=cid\">R.4624-42 du Code du travail<\/a> relatif aux diff\u00e9rentes \u00e9tapes devant \u00eatre effectu\u00e9es par le m\u00e9decin du travail avant de d\u00e9clarer un salari\u00e9 inapte<\/li>\n<\/ul>\n<\/details>\n<p><\/p>\n<div class=\"wp-block-button\" style=\"text-align:center;\"><a class=\"wp-block-button__link has-background\" href=\"https:\/\/www.legalvision.fr\/tous-les-services\/\">Voir les services LegalVision<\/a><\/div>\n","protected":false},"excerpt":{"rendered":"<p>L&rsquo;inaptitude au travail peut \u00eatre cons\u00e9cutive \u00e0 un accident du travail ou une maladie professionnelle (c&rsquo;est le cas de l&rsquo;inaptitude au travail pour d\u00e9pression par exemple). Dans un tel cas, on parle alors d&rsquo;inaptitude professionnelle. Cependant, vous pouvez aussi devenir inapte suite \u00e0 un accident ou une maladie non professionnelle. On parlera alors d&rsquo;inaptitude non&hellip; <a class=\"more-link\" href=\"https:\/\/www.legalvision.fr\/guides-juridiques\/droit-du-travail\/inaptitude-au-travail-les-consequences\/\">Poursuivre la lecture <span class=\"screen-reader-text\">Le guide complet LegalVision sur l&rsquo;inaptitude au travail<\/span><\/a><\/p>\n","protected":false},"author":30,"featured_media":18404,"comment_status":"open","ping_status":"open","sticky":false,"template":"","format":"standard","meta":{"content-type":"","inline_featured_image":false,"footnotes":""},"categories":[2485],"tags":[],"class_list":["post-17989","post","type-post","status-publish","format-standard","has-post-thumbnail","hentry","category-droit-du-travail","entry"],"yoast_head":"<!-- This site is optimized with the Yoast SEO plugin v27.1.1 - https:\/\/yoast.com\/product\/yoast-seo-wordpress\/ -->\n<title>Inaptitude au travail : quelles sont les cons\u00e9quences ?<\/title>\n<meta name=\"description\" content=\"L&#039;inaptitude au travail peut toucher un salari\u00e9 apr\u00e8s un accident ou une maladie, professionnelle ou non. LegalVision vous explique tout sur cette notion.\" \/>\n<meta name=\"robots\" content=\"index, follow, max-snippet:-1, max-image-preview:large, max-video-preview:-1\" \/>\n<link rel=\"canonical\" href=\"https:\/\/www.legalvision.fr\/guides-juridiques\/droit-du-travail\/inaptitude-au-travail-les-consequences\/\" \/>\n<meta property=\"og:locale\" content=\"fr_FR\" \/>\n<meta property=\"og:type\" content=\"article\" \/>\n<meta property=\"og:title\" content=\"Inaptitude au travail : quelles sont les cons\u00e9quences ?\" \/>\n<meta property=\"og:description\" content=\"L&#039;inaptitude au travail peut toucher un salari\u00e9 apr\u00e8s un accident ou une maladie, professionnelle ou non. LegalVision vous explique tout sur cette notion.\" \/>\n<meta property=\"og:url\" content=\"https:\/\/www.legalvision.fr\/guides-juridiques\/droit-du-travail\/inaptitude-au-travail-les-consequences\/\" \/>\n<meta property=\"og:site_name\" content=\"Guides juridiques\" \/>\n<meta property=\"article:published_time\" content=\"2019-07-22T06:30:52+00:00\" \/>\n<meta property=\"article:modified_time\" content=\"2022-03-27T19:20:52+00:00\" \/>\n<meta property=\"og:image\" content=\"https:\/\/www.legalvision.fr\/guides-juridiques\/wp-content\/uploads\/2019\/07\/inaptitude-au-travail.jpg\" \/>\n\t<meta property=\"og:image:width\" content=\"958\" \/>\n\t<meta property=\"og:image:height\" content=\"350\" \/>\n\t<meta property=\"og:image:type\" content=\"image\/jpeg\" \/>\n<meta name=\"author\" content=\"William Lebrun\" \/>\n<meta name=\"twitter:card\" content=\"summary_large_image\" \/>\n<meta name=\"twitter:label1\" content=\"\u00c9crit par\" \/>\n\t<meta name=\"twitter:data1\" content=\"William Lebrun\" \/>\n\t<meta name=\"twitter:label2\" content=\"Dur\u00e9e de lecture estim\u00e9e\" \/>\n\t<meta name=\"twitter:data2\" content=\"15 minutes\" \/>\n<script type=\"application\/ld+json\" class=\"yoast-schema-graph\">{\"@context\":\"https:\/\/schema.org\",\"@graph\":[{\"@type\":\"Article\",\"@id\":\"https:\/\/www.legalvision.fr\/guides-juridiques\/droit-du-travail\/inaptitude-au-travail-les-consequences\/#article\",\"isPartOf\":{\"@id\":\"https:\/\/www.legalvision.fr\/guides-juridiques\/droit-du-travail\/inaptitude-au-travail-les-consequences\/\"},\"author\":{\"name\":\"William Lebrun\",\"@id\":\"https:\/\/www.legalvision.fr\/guides-juridiques\/#\/schema\/person\/3d24d0c20575138ed212b2e4b6f7b4b0\"},\"headline\":\"Le guide complet LegalVision sur l&rsquo;inaptitude au travail\",\"datePublished\":\"2019-07-22T06:30:52+00:00\",\"dateModified\":\"2022-03-27T19:20:52+00:00\",\"mainEntityOfPage\":{\"@id\":\"https:\/\/www.legalvision.fr\/guides-juridiques\/droit-du-travail\/inaptitude-au-travail-les-consequences\/\"},\"wordCount\":3240,\"commentCount\":4,\"publisher\":{\"@id\":\"https:\/\/www.legalvision.fr\/guides-juridiques\/#organization\"},\"image\":{\"@id\":\"https:\/\/www.legalvision.fr\/guides-juridiques\/droit-du-travail\/inaptitude-au-travail-les-consequences\/#primaryimage\"},\"thumbnailUrl\":\"https:\/\/www.legalvision.fr\/guides-juridiques\/wp-content\/uploads\/2019\/07\/inaptitude-au-travail.jpg\",\"articleSection\":[\"Droit du travail\"],\"inLanguage\":\"fr-FR\",\"potentialAction\":[{\"@type\":\"CommentAction\",\"name\":\"Comment\",\"target\":[\"https:\/\/www.legalvision.fr\/guides-juridiques\/droit-du-travail\/inaptitude-au-travail-les-consequences\/#respond\"]}]},{\"@type\":\"WebPage\",\"@id\":\"https:\/\/www.legalvision.fr\/guides-juridiques\/droit-du-travail\/inaptitude-au-travail-les-consequences\/\",\"url\":\"https:\/\/www.legalvision.fr\/guides-juridiques\/droit-du-travail\/inaptitude-au-travail-les-consequences\/\",\"name\":\"Inaptitude au travail : quelles sont les cons\u00e9quences ?\",\"isPartOf\":{\"@id\":\"https:\/\/www.legalvision.fr\/guides-juridiques\/#website\"},\"primaryImageOfPage\":{\"@id\":\"https:\/\/www.legalvision.fr\/guides-juridiques\/droit-du-travail\/inaptitude-au-travail-les-consequences\/#primaryimage\"},\"image\":{\"@id\":\"https:\/\/www.legalvision.fr\/guides-juridiques\/droit-du-travail\/inaptitude-au-travail-les-consequences\/#primaryimage\"},\"thumbnailUrl\":\"https:\/\/www.legalvision.fr\/guides-juridiques\/wp-content\/uploads\/2019\/07\/inaptitude-au-travail.jpg\",\"datePublished\":\"2019-07-22T06:30:52+00:00\",\"dateModified\":\"2022-03-27T19:20:52+00:00\",\"description\":\"L'inaptitude au travail peut toucher un salari\u00e9 apr\u00e8s un accident ou une maladie, professionnelle ou non. LegalVision vous explique tout sur cette notion.\",\"breadcrumb\":{\"@id\":\"https:\/\/www.legalvision.fr\/guides-juridiques\/droit-du-travail\/inaptitude-au-travail-les-consequences\/#breadcrumb\"},\"inLanguage\":\"fr-FR\",\"potentialAction\":[{\"@type\":\"ReadAction\",\"target\":[\"https:\/\/www.legalvision.fr\/guides-juridiques\/droit-du-travail\/inaptitude-au-travail-les-consequences\/\"]}]},{\"@type\":\"ImageObject\",\"inLanguage\":\"fr-FR\",\"@id\":\"https:\/\/www.legalvision.fr\/guides-juridiques\/droit-du-travail\/inaptitude-au-travail-les-consequences\/#primaryimage\",\"url\":\"https:\/\/www.legalvision.fr\/guides-juridiques\/wp-content\/uploads\/2019\/07\/inaptitude-au-travail.jpg\",\"contentUrl\":\"https:\/\/www.legalvision.fr\/guides-juridiques\/wp-content\/uploads\/2019\/07\/inaptitude-au-travail.jpg\",\"width\":958,\"height\":350,\"caption\":\"inaptitude au travail\"},{\"@type\":\"BreadcrumbList\",\"@id\":\"https:\/\/www.legalvision.fr\/guides-juridiques\/droit-du-travail\/inaptitude-au-travail-les-consequences\/#breadcrumb\",\"itemListElement\":[{\"@type\":\"ListItem\",\"position\":1,\"name\":\"Accueil\",\"item\":\"https:\/\/www.legalvision.fr\/guides-juridiques\/\"},{\"@type\":\"ListItem\",\"position\":2,\"name\":\"Droit du travail\",\"item\":\"https:\/\/www.legalvision.fr\/guides-juridiques\/droit-du-travail\/\"},{\"@type\":\"ListItem\",\"position\":3,\"name\":\"Le guide complet LegalVision sur l&rsquo;inaptitude au travail\"}]},{\"@type\":\"WebSite\",\"@id\":\"https:\/\/www.legalvision.fr\/guides-juridiques\/#website\",\"url\":\"https:\/\/www.legalvision.fr\/guides-juridiques\/\",\"name\":\"Guides juridiques\",\"description\":\"L&#039;information juridique \u00e0 destination des entreprises et TPE\",\"publisher\":{\"@id\":\"https:\/\/www.legalvision.fr\/guides-juridiques\/#organization\"},\"potentialAction\":[{\"@type\":\"SearchAction\",\"target\":{\"@type\":\"EntryPoint\",\"urlTemplate\":\"https:\/\/www.legalvision.fr\/guides-juridiques\/?s={search_term_string}\"},\"query-input\":{\"@type\":\"PropertyValueSpecification\",\"valueRequired\":true,\"valueName\":\"search_term_string\"}}],\"inLanguage\":\"fr-FR\"},{\"@type\":\"Organization\",\"@id\":\"https:\/\/www.legalvision.fr\/guides-juridiques\/#organization\",\"name\":\"Guides juridiques\",\"url\":\"https:\/\/www.legalvision.fr\/guides-juridiques\/\",\"logo\":{\"@type\":\"ImageObject\",\"inLanguage\":\"fr-FR\",\"@id\":\"https:\/\/www.legalvision.fr\/guides-juridiques\/#\/schema\/logo\/image\/\",\"url\":\"https:\/\/www.legalvision.fr\/guides-juridiques\/wp-content\/uploads\/2022\/10\/LV-Logotype.png\",\"contentUrl\":\"https:\/\/www.legalvision.fr\/guides-juridiques\/wp-content\/uploads\/2022\/10\/LV-Logotype.png\",\"width\":647,\"height\":125,\"caption\":\"Guides juridiques\"},\"image\":{\"@id\":\"https:\/\/www.legalvision.fr\/guides-juridiques\/#\/schema\/logo\/image\/\"}},{\"@type\":\"Person\",\"@id\":\"https:\/\/www.legalvision.fr\/guides-juridiques\/#\/schema\/person\/3d24d0c20575138ed212b2e4b6f7b4b0\",\"name\":\"William Lebrun\",\"image\":{\"@type\":\"ImageObject\",\"inLanguage\":\"fr-FR\",\"@id\":\"https:\/\/www.legalvision.fr\/guides-juridiques\/#\/schema\/person\/image\/\",\"url\":\"https:\/\/www.legalvision.fr\/guides-juridiques\/wp-content\/uploads\/2023\/07\/cropped-homme1-96x96.png\",\"contentUrl\":\"https:\/\/www.legalvision.fr\/guides-juridiques\/wp-content\/uploads\/2023\/07\/cropped-homme1-96x96.png\",\"caption\":\"William Lebrun\"},\"description\":\"B\u00e9n\u00e9ficiant de la formation d'un double dipl\u00f4me en droit des affaires et en \u00e9cole de commerce, j'ai un fort attrait pour le droit des soci\u00e9t\u00e9s. Je r\u00e9dige des articles pour vous aider sur vos probl\u00e9matiques.\",\"url\":\"https:\/\/www.legalvision.fr\/guides-juridiques\/author\/aina-rakoto\/\"}]}<\/script>\n<!-- \/ Yoast SEO plugin. -->","yoast_head_json":{"title":"Inaptitude au travail : quelles sont les cons\u00e9quences ?","description":"L'inaptitude au travail peut toucher un salari\u00e9 apr\u00e8s un accident ou une maladie, professionnelle ou non. LegalVision vous explique tout sur cette notion.","robots":{"index":"index","follow":"follow","max-snippet":"max-snippet:-1","max-image-preview":"max-image-preview:large","max-video-preview":"max-video-preview:-1"},"canonical":"https:\/\/www.legalvision.fr\/guides-juridiques\/droit-du-travail\/inaptitude-au-travail-les-consequences\/","og_locale":"fr_FR","og_type":"article","og_title":"Inaptitude au travail : quelles sont les cons\u00e9quences ?","og_description":"L'inaptitude au travail peut toucher un salari\u00e9 apr\u00e8s un accident ou une maladie, professionnelle ou non. LegalVision vous explique tout sur cette notion.","og_url":"https:\/\/www.legalvision.fr\/guides-juridiques\/droit-du-travail\/inaptitude-au-travail-les-consequences\/","og_site_name":"Guides juridiques","article_published_time":"2019-07-22T06:30:52+00:00","article_modified_time":"2022-03-27T19:20:52+00:00","og_image":[{"width":958,"height":350,"url":"https:\/\/www.legalvision.fr\/guides-juridiques\/wp-content\/uploads\/2019\/07\/inaptitude-au-travail.jpg","type":"image\/jpeg"}],"author":"William Lebrun","twitter_card":"summary_large_image","twitter_misc":{"\u00c9crit par":"William Lebrun","Dur\u00e9e de lecture estim\u00e9e":"15 minutes"},"schema":{"@context":"https:\/\/schema.org","@graph":[{"@type":"Article","@id":"https:\/\/www.legalvision.fr\/guides-juridiques\/droit-du-travail\/inaptitude-au-travail-les-consequences\/#article","isPartOf":{"@id":"https:\/\/www.legalvision.fr\/guides-juridiques\/droit-du-travail\/inaptitude-au-travail-les-consequences\/"},"author":{"name":"William Lebrun","@id":"https:\/\/www.legalvision.fr\/guides-juridiques\/#\/schema\/person\/3d24d0c20575138ed212b2e4b6f7b4b0"},"headline":"Le guide complet LegalVision sur l&rsquo;inaptitude au travail","datePublished":"2019-07-22T06:30:52+00:00","dateModified":"2022-03-27T19:20:52+00:00","mainEntityOfPage":{"@id":"https:\/\/www.legalvision.fr\/guides-juridiques\/droit-du-travail\/inaptitude-au-travail-les-consequences\/"},"wordCount":3240,"commentCount":4,"publisher":{"@id":"https:\/\/www.legalvision.fr\/guides-juridiques\/#organization"},"image":{"@id":"https:\/\/www.legalvision.fr\/guides-juridiques\/droit-du-travail\/inaptitude-au-travail-les-consequences\/#primaryimage"},"thumbnailUrl":"https:\/\/www.legalvision.fr\/guides-juridiques\/wp-content\/uploads\/2019\/07\/inaptitude-au-travail.jpg","articleSection":["Droit du travail"],"inLanguage":"fr-FR","potentialAction":[{"@type":"CommentAction","name":"Comment","target":["https:\/\/www.legalvision.fr\/guides-juridiques\/droit-du-travail\/inaptitude-au-travail-les-consequences\/#respond"]}]},{"@type":"WebPage","@id":"https:\/\/www.legalvision.fr\/guides-juridiques\/droit-du-travail\/inaptitude-au-travail-les-consequences\/","url":"https:\/\/www.legalvision.fr\/guides-juridiques\/droit-du-travail\/inaptitude-au-travail-les-consequences\/","name":"Inaptitude au travail : quelles sont les cons\u00e9quences ?","isPartOf":{"@id":"https:\/\/www.legalvision.fr\/guides-juridiques\/#website"},"primaryImageOfPage":{"@id":"https:\/\/www.legalvision.fr\/guides-juridiques\/droit-du-travail\/inaptitude-au-travail-les-consequences\/#primaryimage"},"image":{"@id":"https:\/\/www.legalvision.fr\/guides-juridiques\/droit-du-travail\/inaptitude-au-travail-les-consequences\/#primaryimage"},"thumbnailUrl":"https:\/\/www.legalvision.fr\/guides-juridiques\/wp-content\/uploads\/2019\/07\/inaptitude-au-travail.jpg","datePublished":"2019-07-22T06:30:52+00:00","dateModified":"2022-03-27T19:20:52+00:00","description":"L'inaptitude au travail peut toucher un salari\u00e9 apr\u00e8s un accident ou une maladie, professionnelle ou non. LegalVision vous explique tout sur cette notion.","breadcrumb":{"@id":"https:\/\/www.legalvision.fr\/guides-juridiques\/droit-du-travail\/inaptitude-au-travail-les-consequences\/#breadcrumb"},"inLanguage":"fr-FR","potentialAction":[{"@type":"ReadAction","target":["https:\/\/www.legalvision.fr\/guides-juridiques\/droit-du-travail\/inaptitude-au-travail-les-consequences\/"]}]},{"@type":"ImageObject","inLanguage":"fr-FR","@id":"https:\/\/www.legalvision.fr\/guides-juridiques\/droit-du-travail\/inaptitude-au-travail-les-consequences\/#primaryimage","url":"https:\/\/www.legalvision.fr\/guides-juridiques\/wp-content\/uploads\/2019\/07\/inaptitude-au-travail.jpg","contentUrl":"https:\/\/www.legalvision.fr\/guides-juridiques\/wp-content\/uploads\/2019\/07\/inaptitude-au-travail.jpg","width":958,"height":350,"caption":"inaptitude au travail"},{"@type":"BreadcrumbList","@id":"https:\/\/www.legalvision.fr\/guides-juridiques\/droit-du-travail\/inaptitude-au-travail-les-consequences\/#breadcrumb","itemListElement":[{"@type":"ListItem","position":1,"name":"Accueil","item":"https:\/\/www.legalvision.fr\/guides-juridiques\/"},{"@type":"ListItem","position":2,"name":"Droit du travail","item":"https:\/\/www.legalvision.fr\/guides-juridiques\/droit-du-travail\/"},{"@type":"ListItem","position":3,"name":"Le guide complet LegalVision sur l&rsquo;inaptitude au travail"}]},{"@type":"WebSite","@id":"https:\/\/www.legalvision.fr\/guides-juridiques\/#website","url":"https:\/\/www.legalvision.fr\/guides-juridiques\/","name":"Guides juridiques","description":"L&#039;information juridique \u00e0 destination des entreprises et TPE","publisher":{"@id":"https:\/\/www.legalvision.fr\/guides-juridiques\/#organization"},"potentialAction":[{"@type":"SearchAction","target":{"@type":"EntryPoint","urlTemplate":"https:\/\/www.legalvision.fr\/guides-juridiques\/?s={search_term_string}"},"query-input":{"@type":"PropertyValueSpecification","valueRequired":true,"valueName":"search_term_string"}}],"inLanguage":"fr-FR"},{"@type":"Organization","@id":"https:\/\/www.legalvision.fr\/guides-juridiques\/#organization","name":"Guides juridiques","url":"https:\/\/www.legalvision.fr\/guides-juridiques\/","logo":{"@type":"ImageObject","inLanguage":"fr-FR","@id":"https:\/\/www.legalvision.fr\/guides-juridiques\/#\/schema\/logo\/image\/","url":"https:\/\/www.legalvision.fr\/guides-juridiques\/wp-content\/uploads\/2022\/10\/LV-Logotype.png","contentUrl":"https:\/\/www.legalvision.fr\/guides-juridiques\/wp-content\/uploads\/2022\/10\/LV-Logotype.png","width":647,"height":125,"caption":"Guides juridiques"},"image":{"@id":"https:\/\/www.legalvision.fr\/guides-juridiques\/#\/schema\/logo\/image\/"}},{"@type":"Person","@id":"https:\/\/www.legalvision.fr\/guides-juridiques\/#\/schema\/person\/3d24d0c20575138ed212b2e4b6f7b4b0","name":"William Lebrun","image":{"@type":"ImageObject","inLanguage":"fr-FR","@id":"https:\/\/www.legalvision.fr\/guides-juridiques\/#\/schema\/person\/image\/","url":"https:\/\/www.legalvision.fr\/guides-juridiques\/wp-content\/uploads\/2023\/07\/cropped-homme1-96x96.png","contentUrl":"https:\/\/www.legalvision.fr\/guides-juridiques\/wp-content\/uploads\/2023\/07\/cropped-homme1-96x96.png","caption":"William Lebrun"},"description":"B\u00e9n\u00e9ficiant de la formation d'un double dipl\u00f4me en droit des affaires et en \u00e9cole de commerce, j'ai un fort attrait pour le droit des soci\u00e9t\u00e9s. Je r\u00e9dige des articles pour vous aider sur vos probl\u00e9matiques.","url":"https:\/\/www.legalvision.fr\/guides-juridiques\/author\/aina-rakoto\/"}]}},"_links":{"self":[{"href":"https:\/\/www.legalvision.fr\/guides-juridiques\/wp-json\/wp\/v2\/posts\/17989","targetHints":{"allow":["GET"]}}],"collection":[{"href":"https:\/\/www.legalvision.fr\/guides-juridiques\/wp-json\/wp\/v2\/posts"}],"about":[{"href":"https:\/\/www.legalvision.fr\/guides-juridiques\/wp-json\/wp\/v2\/types\/post"}],"author":[{"embeddable":true,"href":"https:\/\/www.legalvision.fr\/guides-juridiques\/wp-json\/wp\/v2\/users\/30"}],"replies":[{"embeddable":true,"href":"https:\/\/www.legalvision.fr\/guides-juridiques\/wp-json\/wp\/v2\/comments?post=17989"}],"version-history":[{"count":0,"href":"https:\/\/www.legalvision.fr\/guides-juridiques\/wp-json\/wp\/v2\/posts\/17989\/revisions"}],"wp:featuredmedia":[{"embeddable":true,"href":"https:\/\/www.legalvision.fr\/guides-juridiques\/wp-json\/wp\/v2\/media\/18404"}],"wp:attachment":[{"href":"https:\/\/www.legalvision.fr\/guides-juridiques\/wp-json\/wp\/v2\/media?parent=17989"}],"wp:term":[{"taxonomy":"category","embeddable":true,"href":"https:\/\/www.legalvision.fr\/guides-juridiques\/wp-json\/wp\/v2\/categories?post=17989"},{"taxonomy":"post_tag","embeddable":true,"href":"https:\/\/www.legalvision.fr\/guides-juridiques\/wp-json\/wp\/v2\/tags?post=17989"}],"curies":[{"name":"wp","href":"https:\/\/api.w.org\/{rel}","templated":true}]}}