{"id":17731,"date":"2019-10-08T07:30:58","date_gmt":"2019-10-08T06:30:58","guid":{"rendered":"https:\/\/blog.legalvision.fr\/?p=17731"},"modified":"2022-03-27T21:20:48","modified_gmt":"2022-03-27T19:20:48","slug":"retraite-auto-entrepreneur-comment-ca-marche","status":"publish","type":"post","link":"https:\/\/www.legalvision.fr\/guides-juridiques\/auto-entrepreneur\/retraite-auto-entrepreneur-comment-ca-marche\/","title":{"rendered":"La retraite de l&rsquo;auto-entrepreneur"},"content":{"rendered":"<p>Vous vous demandez comment se d\u00e9roule la retraite auto-entrepreneur\u00a0? Vous avez des questions quant \u00e0 vos droits ou bien encore sur le cumul des statuts de retrait\u00e9 et d\u2019auto-entrepreneur\u00a0?\u00a0<a href=\"https:\/\/www.legalvision.fr\/\">LegalVision<\/a>\u00a0r\u00e9pond \u00e0 toutes ces probl\u00e9matiques ! Mais avant de s&rsquo;y atteler, il convient de rappeler quelles sont les conditions pour \u00eatre micro-entrepreneur.\n<\/p>\n<h3><strong>Sommaire\u00a0<\/strong><\/h3>\n<p><a href=\"#I\"><strong>Les conditions et la proc\u00e9dure \u00e0 suivre pour \u00eatre auto-entrepreneur<\/strong><\/a><br \/>\n<a href=\"#II\"><strong>Retraite auto-entrepreneur, vos droits<\/strong><\/a><br \/>\n<a href=\"#III\"><strong>Retraite auto-entrepreneur : cumul retraite et auto-entrepreneur<\/strong><\/a><\/p>\n<div class=\"wp-block-button\" style=\"text-align:center;\"><a class=\"wp-block-button__link has-background\" href=\"https:\/\/www.legalvision.fr\/creation-dentreprise\/statut-auto-entrepreneur\/\">Commencer les d\u00e9marches pour mon auto-entreprise<\/a><\/div>\n<h2 id=\"I\">Les conditions et la proc\u00e9dure \u00e0 suivre pour \u00eatre auto-entrepreneur<\/h2>\n<h3>Conditions pour \u00eatre auto-entrepreneur<\/h3>\n<div>Tout d&rsquo;abord, seules quelques formes juridiques d&rsquo;entreprise peuvent pr\u00e9tendre au r\u00e9gime de l&rsquo;auto-entrepreneur :<\/div>\n<div>\n<ul>\n<li>l\u2019<strong><a href=\"https:\/\/www.legalvision.fr\/creation-dentreprise\/creation-entreprise-individuelle\/\">Entreprise Individuelle<\/a>\u00a0<\/strong>(EI) ;<\/li>\n<li>l&rsquo;<a href=\"https:\/\/www.legalvision.fr\/creation-dentreprise\/creation-eirl\/\"><strong>Entreprise Individuelle \u00e0 Responsabilit\u00e9 Limit\u00e9e<\/strong><\/a>\u00a0(EIRL) ;<\/li>\n<li>et, l<strong>\u2019<\/strong><strong><a href=\"https:\/\/www.legalvision.fr\/creation-dentreprise\/creation-eurl\/\">Entreprise Unipersonnelle \u00e0 Responsabilit\u00e9 Limit\u00e9e<\/a><\/strong>\u00a0(EURL).<\/li>\n<\/ul>\n<p>Ensuite, un certain seuil de chiffre d&rsquo;affaires ne doit pas \u00eatre d\u00e9pass\u00e9 :<\/p>\n<ul>\n<li>pour les\u00a0<strong>prestations de service\u00a0<\/strong>et les<strong>\u00a0activit\u00e9s lib\u00e9rales<\/strong>, il est de<strong>\u00a070 000 euros.<\/strong>\n<\/li>\n<li>et pour les\u00a0<strong>activit\u00e9s de vente de marchandises\u00a0et celles d\u2019h\u00e9bergement<\/strong>, il s&rsquo;\u00e9l\u00e8ve \u00e0<strong>\u00a0170 000 euros.<\/strong>\n<\/li>\n<\/ul>\n<p>En cas d&rsquo;activit\u00e9 mixte (activit\u00e9 commerciale et prestation de services), le plafond \u00e0 ne pas d\u00e9passer pour votre chiffre d&rsquo;affaires est \u00e9galement de\u00a0<strong>170 000 euros<\/strong>\u00a0pour l&rsquo;ensemble de vos activit\u00e9s. Le seuil propre aux activit\u00e9s de services\u00a0\u00e9tant\u00a0de\u00a0<strong>70 000 euros<\/strong>.<\/p>\n<p>Pour en savoir plus sur les plafonds en micro-entreprise, n\u2019h\u00e9sitez pas \u00e0 lire notre article \u00ab\u00a0<a href=\"https:\/\/blog.legalvision.fr\/2018\/04\/18\/micro-entreprise-plafond\/\"><em>Micro entreprise, plafond de chiffre d\u2019affaires : comment fonctionne la micro-entreprise ?<\/em>\u00a0<\/a>\u00bb<\/p>\n<p>Enfin, vous ne pouvez pas b\u00e9n\u00e9ficier de ce r\u00e9gime si vous exercez :<\/p>\n<ul>\n<li>une activit\u00e9 qui rel\u00e8ve de la s\u00e9curit\u00e9 sociale agricole ;<\/li>\n<li>ou encore une activit\u00e9 soumise \u00e0 la TVA immobili\u00e8re ;<\/li>\n<li>ou bien une activit\u00e9 artistique qui est r\u00e9mun\u00e9r\u00e9e par des droits d&rsquo;auteur.<\/li>\n<\/ul>\n<p>L&rsquo;<strong>activit\u00e9<\/strong>\u00a0peut alors \u00eatre <strong>commerciale, artisanale<\/strong>\u00a0ou\u00a0<strong>lib\u00e9rale<\/strong>. Enfin, en m\u00eame temps qu&rsquo;\u00eatre auto-entrepreneur, vous pouvez avoir le statut d&rsquo;\u00e9tudiant, de retrait\u00e9, de fonctionnaire, de pr\u00e9sident de SAS et m\u00eame de g\u00e9rant minoritaire ou \u00e9galitaire de SARL. Attention, un g\u00e9rant majoritaire ne peut pas \u00eatre micro-entrepreneur.<\/p>\n<p>Si vous souhaitez avoir\u00a0<a href=\"https:\/\/blog.legalvision.fr\/2019\/03\/26\/devenir-auto-entrepreneur-en-2019-tous-les-conseils-des-experts\/\">toutes les cl\u00e9s pour devenir auto-entrepreneur en 2019<\/a>, n&rsquo;h\u00e9sitez pas \u00e0 consulter notre article d\u00e9di\u00e9 \u00e0 cette th\u00e9matique.<\/p>\n<h3>Proc\u00e9dure pour devenir auto-entrepreneur<\/h3>\n<\/div>\n<p>Avant de vous pr\u00e9senter la proc\u00e9dure \u00e0 suivre, sachez que LegalVision vous accompagne dans votre projet\u00a0pour\u00a0<a href=\"https:\/\/www.legalvision.fr\/creation-dentreprise\/statut-auto-entrepreneur\/\">devenir micro-entrepreneur<\/a>.<\/p>\n<p>Tout d&rsquo;abord, pour cr\u00e9er votre micro-entreprise, vous devez envoyer une d\u00e9claration au Centre de Formalit\u00e9s des Entreprises comp\u00e9tent.<\/p>\n<p>Vous devez<strong> immatriculer votre micro-entreprise<\/strong> au :<\/p>\n<ul>\n<li>Registre du Commerce et des Soci\u00e9t\u00e9s\u00a0(RCS), si vous \u00eates commer\u00e7ant,<\/li>\n<li>R\u00e9pertoire des M\u00e9tiers\u00a0(RM), si vous \u00eates artisan,<\/li>\n<li>voire au Registre Sp\u00e9cial des Agents Commerciaux (RSAC), si vous \u00eates agent commercial.<\/li>\n<\/ul>\n<p>Contrairement \u00e0 l&rsquo;immatriculation au RCS ou au RM qui est gratuite, celle au RSAC est payante.<\/p>\n<p>Ensuite, pour vous immatriculer, vous devez<strong> compl\u00e9ter un formulaire<\/strong> :<\/p>\n<ul>\n<li>\n<strong><a href=\"https:\/\/www.infogreffe.fr\/documents\/10179\/21271\/Formulaire+P0+CMB+micro-entrepreneur.pdf\/0572ce25-855c-48f7-b3b2-127f49290d24\">P0 CMB<\/a><\/strong>\u00a0pour les activit\u00e9s commerciales ou artisanales ;<\/li>\n<li>\n<strong><a href=\"https:\/\/www.infogreffe.fr\/documents\/10179\/21271\/Formulaire+P0+PL+micro-entrepreneur\/277b5734-57ec-44a0-a193-727695be5c09\">P0 PL<\/a><\/strong>\u00a0pour les professions lib\u00e9rales.<\/li>\n<\/ul>\n<p>Enfin, une fois ces d\u00e9marches r\u00e9alis\u00e9es, vous obtenez un num\u00e9ro de SIREN, un code APE et un Kbis auto-entrepreneur.<\/p>\n<h2 id=\"II\">Retraite auto-entrepreneur, vos droits<\/h2>\n<p>En raison de votre activit\u00e9 micro-entrepreneuriale, vous \u00eates affili\u00e9 \u00e0 la S\u00e9curit\u00e9 Sociale des Ind\u00e9pendants (SSI). Pour bref rappel, le RSI a \u00e9t\u00e9 supprim\u00e9 le 1<sup>er<\/sup>\u00a0janvier 2018. Cette suppression est toutefois \u00e9chelonn\u00e9e sur deux ann\u00e9es. En 2020, tous les auto-entrepreneurs d\u00e9pendront alors de la CPAM pour les prestations maladie, de la Carsat pour la retraite de base, et de l\u2019Urssaf pour le recouvrement des cotisations.<\/p>\n<p>Si vous souhaitez en savoir plus sur \u00ab\u00a0<a href=\"https:\/\/blog.legalvision.fr\/2018\/01\/23\/consequences-suppression-rsi\/\"><em>Les cons\u00e9quences de la suppression du<\/em>\u00a0<\/a><em><a href=\"https:\/\/blog.legalvision.fr\/2018\/01\/23\/consequences-suppression-rsi\/\">RSI<\/a>\u00a0<\/em>\u00bb n\u2019h\u00e9sitez pas \u00e0 lire notre article.<\/p>\n<p>En tant qu\u2019auto-entrepreneur, vous devez <strong>vous acquitter de cotisations sociales<\/strong>. En contrepartie de celles-ci, vous b\u00e9n\u00e9ficiez ainsi d\u2019une assurance maladie, maternit\u00e9, invalidit\u00e9, d\u00e9c\u00e8s, d\u2019indemnit\u00e9s journali\u00e8res ou encore d\u2019une retraite de base et compl\u00e9mentaire.<\/p>\n<p>Enfin, si vous \u00eates commer\u00e7ant, artisan ou si vous exercez une profession lib\u00e9rale non r\u00e9glement\u00e9e, vous acqu\u00e9rez des droits aupr\u00e8s de la SSI.<\/p>\n<h3>Taux de cotisations\u00a0RSI auto-entrepreneur retraite<\/h3>\n<p>Le taux de cotisations qui s&rsquo;applique \u00e0 votre chiffre d&rsquo;affaires est fixe et s&rsquo;\u00e9l\u00e8ve ainsi \u00e0 :<\/p>\n<ul>\n<li>\n<strong>22%\u00a0<\/strong>pour les prestations de service et les professions lib\u00e9rales ;<\/li>\n<li>\n<strong>12.8 %<\/strong> pour les activit\u00e9s de vente de marchandises, objets, fournitures et denr\u00e9es \u00e0 emporter ou \u00e0 consommer sur place et fourniture de logement.<\/li>\n<\/ul>\n<p>Vous avez\u00a0alors le choix de payer vos cotisations\u00a0mensuellement ou trimestriellement.<\/p>\n<p>Vous ne payez aucune cotisation si vous ne r\u00e9alisez aucun chiffre d&rsquo;affaires. Cependant, sans cotisation, vous n&rsquo;avez aucune protection. Ainsi, pour \u00eatre prot\u00e9g\u00e9, vous pouvez demander \u00e0 la S\u00e9curit\u00e9 Sociale des Ind\u00e9pendants de r\u00e9gler les cotisations minimales. La demande doit alors \u00eatre effectu\u00e9e dans les 3 mois de la cr\u00e9ation de votre micro-entreprise voire, au plus tard, le 31 d\u00e9cembre de l&rsquo;ann\u00e9e en cours.<\/p>\n<p>Attention, le taux pr\u00e9cis\u00e9 ci-dessus n\u2019inclut pas les contributions \u00e0 la formation professionnelle.<\/p>\n<h5>La formation professionnelle :<\/h5>\n<p>Cette contribution est \u00e9gale \u00e0 un pourcentage du chiffre d&rsquo;affaires annuel\u00a0 :<\/p>\n<ul>\n<li>\n<strong>0.1 %<\/strong>\u00a0pour les professionnels exer\u00e7ant une activit\u00e9 commerciale et pour les professions lib\u00e9rales non r\u00e9glement\u00e9s ;<\/li>\n<li>\n<strong>0.2 %<\/strong>\u00a0pour les professionnels exer\u00e7ant une activit\u00e9 de prestation de services et pour les professions lib\u00e9rales r\u00e9glement\u00e9es ;<\/li>\n<li>\n<strong>0.3 %<\/strong>\u00a0pour les professionnels exer\u00e7ant une activit\u00e9 artisanale.<\/li>\n<\/ul>\n<h5>L&rsquo;Aide aux Cr\u00e9ateurs et Repreneurs d\u2019Entreprise (ACRE)<\/h5>\n<p>Toutes les personnes qui cr\u00e9ent ou reprennent une micro-entreprise peuvent b\u00e9n\u00e9ficier de l\u2019<strong>ACRE\u00a0<\/strong>pendant\u00a0<strong>36 mois<\/strong>. Cette aide aux repreneurs et cr\u00e9ateurs d\u2019entreprise permet ainsi une exon\u00e9ration des cotisations sociales. Cette\u00a0<strong>exon\u00e9ration\u00a0<\/strong>est\u00a0<strong>totale<\/strong>\u00a0si le revenu professionnel de l\u2019auto-entrepreneur ne d\u00e9passe pas les 30 393 euros. Elle est\u00a0<strong>partielle<\/strong>, si celui-ci est compris entre 30 393 et 40 524 euros. Enfin, au-del\u00e0 de 40 524 euros, aucune exon\u00e9ration ne s\u2019applique.<\/p>\n<p>Au cours des 3 ann\u00e9es, l\u2019exon\u00e9ration est d\u00e9gressive. En effet, le micro-entrepreneur\u00a0b\u00e9n\u00e9ficie d&rsquo;une exon\u00e9ration<\/p>\n<ul>\n<li>de 100% la 1\u00e8re ann\u00e9e,<\/li>\n<li>des 2\/3 la 2\u00e8me ann\u00e9e,<\/li>\n<li>et des 1\/3 la 3\u00e8me ann\u00e9e.<\/li>\n<\/ul>\n<p>Pour pr\u00e9tendre \u00e0 l\u2019ACRE, l\u2019auto-entrepreneur ne doit cependant pas l\u2019avoir per\u00e7ue au cours des 3\u00a0ann\u00e9es pr\u00e9c\u00e9dentes. Les ann\u00e9es sont d\u00e9compt\u00e9es \u00e0 partir de la cessation du dernier b\u00e9n\u00e9fice de l\u2019exon\u00e9ration.<\/p>\n<p>Si vous souhaitez davantage optimiser vos charges sociales, lisez sans aucune h\u00e9sitation notre article\u00a0\u00ab\u00a0<a href=\"https:\/\/blog.legalvision.fr\/2019\/05\/31\/optimisation-des-charges-sociales-auto-entrepreneur\/\">C<em>omment un auto entrepreneur peut-il optimiser ses charges sociales ?<\/em><\/a>\u00a0\u00bb.<\/p>\n<h3>Retraite auto-entrepreneur : couverture de l&rsquo;auto-entrepreneur \u00e0 la retraite<\/h3>\n<p>En contrepartie des cotisations vers\u00e9es, vous percevrez une assurance vieillesse.<\/p>\n<p><strong>Lorsque tous vos trimestres sont valid\u00e9s<\/strong>, on parle alors de<strong> retraite \u00e0 taux plein<\/strong>. Dans une telle situation, l&rsquo;indemnit\u00e9 journali\u00e8re de retraite est \u00e9gale \u00e0 50% de votre revenu moyen journalier.<\/p>\n<p>L&rsquo;<strong>acquisition des trimestres d&rsquo;assurance vieillesse<\/strong>\u00a0d\u00e9pend :<\/p>\n<ul>\n<li>du type d&rsquo;activit\u00e9 que vous exercez,<\/li>\n<li>de votre chiffre d&rsquo;affaires sur lequel est op\u00e9r\u00e9 un abattement de 71%, 50% voire 34% pour frais et charges.<\/li>\n<\/ul>\n<h5>&#8211; Activit\u00e9 commerciale<\/h5>\n<p>Pour une activit\u00e9 commerciale, l&rsquo;abattement\u00a0est de 71%. Si vous r\u00e9alisez en 2019, un chiffre d&rsquo;affaires minimum de :<\/p>\n<ul>\n<li>4 137 euros, vous validez<strong>\u00a01 trimestre<\/strong>,<\/li>\n<li>7 286 euros, vous validez\u00a0<strong>2\u00a0trimestres<\/strong>,<\/li>\n<li>10 426 euros, vous validez <strong>3 trimestres,<\/strong>\n<\/li>\n<li>20 740 euros, vous\u00a0validez <strong>4\u00a0trimestres<\/strong>.<\/li>\n<\/ul>\n<h5>&#8211; Prestations de services commerciales ou artisanales (BIC)<\/h5>\n<p>Pour une activit\u00e9\u00a0de prestations de services commerciales ou artisanales, l&rsquo;abattement\u00a0est\u00a0de 50%. Si vous r\u00e9alisez en 2019, un chiffre d&rsquo;affaires minimum de :<\/p>\n<ul>\n<li>2 412 euros, vous validez<strong> 1 trimestre<\/strong>,<\/li>\n<li>4 239\u00a0euros, vous validez\u00a0<strong>2\u00a0trimestres<\/strong>,<\/li>\n<li>6 071\u00a0euros,\u00a0vous validez\u00a0<strong>3 trimestres,<\/strong>\n<\/li>\n<li>12 030 euros, vous\u00a0validez\u00a0<strong>4\u00a0trimestres<\/strong>.<\/li>\n<\/ul>\n<h5>&#8211; Prestations de services commerciales ou artisanales et les professions lib\u00e9rales non r\u00e9glement\u00e9es (BNC)<\/h5>\n<p>En ce qui concerne ces prestations, l&rsquo;abattement qui s&rsquo;applique est de 34%. Si vous r\u00e9alisez en 2019, un chiffre d&rsquo;affaires minimum de :<\/p>\n<ul>\n<li>2 880 euros,\u00a0vous validez<strong>\u00a01\u00a0trimestre<\/strong>,<\/li>\n<li>5 062 euros,\u00a0vous validez\u00a0<strong>2\u00a0trimestres<\/strong>,<\/li>\n<li>7 266 euros,\u00a0vous validez\u00a0<strong>3\u00a0trimestres<\/strong>,<\/li>\n<li>9 675 euros,\u00a0vous validez\u00a0<strong>4\u00a0trimestres<\/strong>.<\/li>\n<\/ul>\n<h5>&#8211; Professions lib\u00e9rales r\u00e9glement\u00e9es<\/h5>\n<p>L&rsquo;abattement qui s&rsquo;applique est aussi de 34 %. Si vous r\u00e9alisez en 2019, un chiffre d&rsquo;affaires minimum de :<\/p>\n<ul>\n<li>2 246 euros, vous validez<strong>\u00a01\u00a0trimestre<\/strong>,<\/li>\n<li>4 491 euros, vous validez\u00a0<strong>2\u00a0trimestres<\/strong>,<\/li>\n<li>6 737 euros, vous validez\u00a0<strong>3\u00a0trimestres<\/strong>,<\/li>\n<li>8 892 euros, vous validez\u00a0<strong>4\u00a0trimestres<\/strong>.<\/li>\n<\/ul>\n<p>Enfin, si en parall\u00e8le de votre activit\u00e9 micro-entrepreneuriale vous \u00eates salari\u00e9, vous validez des trimestres en tant qu&rsquo;auto-entrepreneur. Vous ne pouvez jamais d\u00e9passer\u00a04 trimestres par ann\u00e9e.<\/p>\n<h3>Retraite auto-entrepreneur, les d\u00e9marches \u00e0 effectuer<\/h3>\n<p>Afin de calculer le montant de vos cotisations sociales, vous devez <strong>d\u00e9clarer votre chiffre d&rsquo;affaires<\/strong>. Depuis 2019, la d\u00e9claration se r\u00e9alise en ligne. En l&rsquo;absence de chiffre d&rsquo;affaires, vous devez imp\u00e9rativement mentionner, \u00e0 la place du montant du chiffre d&rsquo;affaires le terme \u00ab\u00a0n\u00e9ant\u00a0\u00bb.<\/p>\n<p>Cette d\u00e9claration doit \u00eatre r\u00e9alis\u00e9e mensuellement voire trimestriellement si vous en avez fait la demande le mois qui suit le d\u00e9but de votre activit\u00e9. Le choix ainsi fait est reconduit tacitement. Si vous souhaitez changer la p\u00e9riodicit\u00e9, vous pouvez en faire la demande avant le 31 octobre de chaque ann\u00e9e.<em>\u00a0Ainsi, pour l&rsquo;ann\u00e9e 2020, vous pouvez modifier la p\u00e9riodicit\u00e9 avant le 31 octobre 2019.<\/em><\/p>\n<h4>Premi\u00e8re d\u00e9claration<\/h4>\n<p>Lorsque vous venez de cr\u00e9er ou reprendre une activit\u00e9, et si vous avez opt\u00e9 pour une\u00a0<strong>d\u00e9claration mensuelle de chiffre d&rsquo;affaires<\/strong>. Alors, celle-ci doit \u00eatre r\u00e9alis\u00e9e :<\/p>\n<ul>\n<li>avant le 31 octobre n, si votre <strong>activit\u00e9 d\u00e9bute pendant le mois de juin n<\/strong> ;<\/li>\n<li>voire, au plus tard le 30 novembre n, si elle commence <strong>en juillet n<\/strong> ;<\/li>\n<li>au 31 d\u00e9cembre n, dernier d\u00e9lai, si l&rsquo;activit\u00e9 est cr\u00e9\u00e9e ou reprise<strong> en ao\u00fbt n<\/strong> ;<\/li>\n<li>le 31 janvier n+1, pour celle qui est entreprise <strong>en septembre n<\/strong> ;<\/li>\n<li>ou le 28 f\u00e9vrier n+1, pour une activit\u00e9 inaugur\u00e9e ou reprise en<strong> octobre n<\/strong> ;<\/li>\n<li>et le 31 mars n+1, pour une activit\u00e9 qui na\u00eet en<strong> novembre n<\/strong> ;<\/li>\n<li>enfin, le 30 avril n+1 pour une activit\u00e9\u00a0lanc\u00e9e en<strong> d\u00e9cembre n<\/strong>.<\/li>\n<\/ul>\n<p>Cependant, si vous avez choisi la<strong>\u00a0d\u00e9claration trimestrielle<\/strong>, alors celle-ci doit \u00eatre faite :<\/p>\n<ul>\n<li>le 31 juillet n au plus tard pour une<strong> activit\u00e9 reprise ou cr\u00e9\u00e9e entre le 1er et le 31 mars n<\/strong> ;<\/li>\n<li>ou, le 31 octobre n, pour celle qui commence entre le<strong> 1er avril et le 30 juin n<\/strong> ;<\/li>\n<li>voire, le 31 janvier n+1 pour celle qui d\u00e9bute entre le<strong> 1er juillet et le 30 septembre n<\/strong>.<\/li>\n<li>enfin, le 30 avril n+1 pour une activit\u00e9 entreprise entre le<strong> 1er octobre et le 31 d\u00e9cembre n<\/strong>.<\/li>\n<\/ul>\n<p>Enfin, cette premi\u00e8re d\u00e9claration de chiffre d&rsquo;affaires ne doit pas \u00eatre confondue avec la \u00ab\u00a0d\u00e9claration de d\u00e9but d&rsquo;activit\u00e9\u00a0\u00bb qui immatricule l&rsquo;entreprise.<\/p>\n<h4><strong>Autres d\u00e9clarations<\/strong><\/h4>\n<p>Si la d\u00e9claration se fait\u00a0<strong>mensuellement<\/strong>, alors vous devez d\u00e9clarer votre chiffre d&rsquo;affaires \u00e0\u00a0<strong>chaque fin de mois<\/strong>.<\/p>\n<p>En revanche, si celle-ci est <strong>trimestrielle<\/strong>, la d\u00e9claration du chiffre d&rsquo;affaires que vous r\u00e9alisez doit \u00eatre faite au :<\/p>\n<ul>\n<li><strong>au 30 avril pour le 1er trimestre ;<\/strong><\/li>\n<li><strong>le 31 juillet pour le 2e trimestre ;<\/strong><\/li>\n<li><strong>au 31 octobre pour le 3e trimestre ;<\/strong><\/li>\n<li><strong>le 31 janvier pour le 4e trimestre.<\/strong><\/li>\n<\/ul>\n<p>Enfin, vous devez \u00e9galement faire une d\u00e9claration m\u00eame si vous ne d\u00e9gagez aucun chiffe d&rsquo;affaires de votre activit\u00e9.<\/p>\n<h4>D\u00e9faut de d\u00e9claration<\/h4>\n<p>Si vous \u00eates en retard dans votre d\u00e9claration, vous serez sanctionn\u00e9. La p\u00e9nalit\u00e9\u00a0est alors calcul\u00e9e en fonction de votre seuil d&rsquo;assujettissement \u00e0 la TVA.<\/p>\n<p>Enfin, vous devez verser\u00a0<strong>50 euro<\/strong>s pour chacune des d\u00e9clarations faisant d\u00e9faut.<\/p>\n<h2 id=\"III\">Retraite auto-entrepreneur : cumul retraite et auto-entrepreneur<\/h2>\n<p>Vous \u00eates \u00e0 la retraite, et vous souhaitez reprendre une activit\u00e9 en tant qu&rsquo;auto-entrepreneur ? Sachez que cela est possible et que vous pouvez cumuler les revenus tir\u00e9s de cette activit\u00e9 avec votre pension retraite. Selon votre situation, le cumul peut \u00eatre total ou partiel. En outre, vous devez savoir que votre nouvelle activit\u00e9 ne vous ouvre pas de nouveaux droits \u00e0 la retraite.<\/p>\n<h3>Retraite auto-entrepreneur : les conditions du cumul auto-entrepreneur et retraite<\/h3>\n<p>Pour pouvoir cumuler votre pension retraite avec une activit\u00e9, vous devez ainsi :<\/p>\n<ul>\n<li>toucher\u00a0votre retraite \u00e0 taux plein,<\/li>\n<li>avoir liquid\u00e9 vos pensions de base et compl\u00e9mentaire(s),<\/li>\n<li>avoir atteinte l&rsquo;\u00e2ge l\u00e9gal de d\u00e9part \u00e0 la retraite.<\/li>\n<\/ul>\n<h3>Retraite auto-entrepreneur : cons\u00e9quences du cumul retraite et auto-entrepreneur<\/h3>\n<h4>Retraite auto-entrepreneur : retrait\u00e9 \u00e0 taux plein<\/h4>\n<p>Lorsque vous \u00eates retrait\u00e9 \u00e0 taux plein, vous pouvez cumuler votre activit\u00e9 micro-entrepreneuriale avec votre pension retraite. Il n&rsquo;y a, ici, aucune limitation. Ainsi, vous pouvez percevoir vos revenus professionnels ainsi que votre pension.<\/p>\n<h4>Retraite auto-entrepreneur : retrait\u00e9 \u00e0 taux partiel<\/h4>\n<div>Si vous n&rsquo;avez pas liquid\u00e9 votre retraite \u00e0 taux plein, le cumul repose alors sur les conditions pos\u00e9es par la caisse de retraite.<\/div>\n<div><\/div>\n<div>Ainsi, si avant d&rsquo;\u00eatre \u00e0 la retraite vous \u00e9tiez\u00a0<strong>salari\u00e9<\/strong>\u00a0ou bien\u00a0<strong>fonctionnaire,<\/strong>\u00a0vous percevez une retraite de la CNAV\u00a0voire d&rsquo;un r\u00e9gime de retraite public vous pouvez cumuler alors cette pension avec les revenus tir\u00e9s de votre activit\u00e9, et ce, sans aucune limitation.<\/div>\n<div><\/div>\n<div>Par contre, il en va diff\u00e9remment si vous \u00e9tiez un :<\/div>\n<ul>\n<li>artisan, commer\u00e7ant ou industriel,<\/li>\n<li>professionnel lib\u00e9ral.<\/li>\n<\/ul>\n<h5><strong>Si vous \u00e9tiez artisan, commer\u00e7ant ou industriel :<\/strong><\/h5>\n<p>Vous pouvez cumuler les revenus de votre micro-entreprise et votre pension retraite sans aucune limite, si la nature de votre activit\u00e9 est lib\u00e9rale.<\/p>\n<p>En revanche, si votre activit\u00e9 est artisanale, commerciale ou industrielle, il y a une limite de chiffre d&rsquo;affaires. Si vous exercez votre activit\u00e9 dans une zone de revitalisation urbaine, votre chiffre d&rsquo;affaires est limit\u00e9 \u00e0 un PASS (Plafond Annuel de la S\u00e9curit\u00e9 Sociale). En dehors de ces zones, il\u00a0est alors plafonn\u00e9 \u00e0 la moiti\u00e9 d&rsquo;un PASS.<\/p>\n<p>En 2019, le <a href=\"https:\/\/www.urssaf.fr\/portail\/home\/taux-et-baremes\/plafonds.html\">PASS <\/a>s&rsquo;\u00e9l\u00e8ve \u00e0 40 524 euros.<\/p>\n<h5><strong>Si vous \u00e9tiez\u00a0professionnel lib\u00e9ral :\u00a0<\/strong><\/h5>\n<p>Vous pouvez exercer une activit\u00e9 artisanale, commer\u00e7ante ou industrielle sans qu&rsquo;il n&rsquo;y ait une limite de chiffre d&rsquo;affaires. Cependant, si l&rsquo;activit\u00e9 reprise est lib\u00e9rale, les r\u00e8gles ne sont pas les m\u00eames. Votre chiffres d&rsquo;affaires est limit\u00e9 \u00e0 un PASS (40 524 euros). Si vous d\u00e9passez ce seuil votre pension de retraite de base est alors r\u00e9duite \u00e0 due proportion. En revanche, aucun plafond de chiffre d&rsquo;affaires n&rsquo;est pr\u00e9vu pour la pension de retraite compl\u00e9mentaire auto-entrepreneur.<\/p>\n<h3>\u00a0Trimestres retraite auto-entrepreneur suppl\u00e9mentaires<\/h3>\n<h4>Retraite auto-entrepreneur : activit\u00e9 relevant du m\u00eame r\u00e9gime de retraite<\/h4>\n<p>Cumul retraite salari\u00e9 et auto entrepreneur : lorsque vous cr\u00e9ez votre micro-entreprise \u00e0 la retraite et que vous \u00e9tiez\u00a0<strong>auparavant salari\u00e9<\/strong>, vous n&rsquo;aurez aucun droit suppl\u00e9mentaire \u00e0 la retraite si l&rsquo;activit\u00e9 que vous exerc\u00e9e rel\u00e8ve du r\u00e9gime qui vous verse votre pension.<\/p>\n<p>Il en est de m\u00eame<strong>\u00a0si vous \u00e9tiez artisan<\/strong>\u00a0avant votre retraite. N\u00e9anmoins, les cotisations pay\u00e9es ouvrent des droits suppl\u00e9mentaires pour votre retraite compl\u00e9mentaire.<\/p>\n<p><strong>Si vous \u00e9tiez commer\u00e7ant ou industriel<\/strong>, vous n&rsquo;avez aucun droit suppl\u00e9mentaire \u00e0 la retraite de base, ni \u00e0 la retraite compl\u00e9mentaire (en cas de reprise d&rsquo;activit\u00e9). Si vous en cr\u00e9ez toutefois une, les cotisations dont vous vous acquittez vous donnent des nouveaux droits pour votre retraite compl\u00e9mentaire auto-entrepreneur.<\/p>\n<h4>\u00a0<strong>Retraite auto-entrepreneur : activit\u00e9 relevant d&rsquo;un r\u00e9gime de retraite diff\u00e9rent\u00a0<\/strong><br \/>\n<\/h4>\n<div>Si, avant d&rsquo;\u00eatre micro-entrepreneur, vous cotisiez \u00e0 un autre r\u00e9gime de pension de retraite, alors vous obtiendrez des nouveaux droits \u00e0 la retraite de base et compl\u00e9mentaire au titre des cotisations que vous versez ou verserez au cours de votre nouvelle activit\u00e9 auto-entrepreneuriale.<\/div>\n<div><\/div>\n<div>D\u00e9sormais, la retraite de l&rsquo;auto-entrepreneur n&rsquo;a plus aucun\u00a0secret\u00a0pour vous !<\/div>\n<details>\n<summary><strong>Sources<\/strong>\u00a0<\/summary>\n<ul>\n<li>La\u00a0<a class=\"ext\" title=\"\u00ab L\u00e9gifrance \u00bb dans une nouvelle fen\u00eatre\" href=\"http:\/\/www.legifrance.gouv.fr\/affichTexte.do;jsessionid=?cidTexte=JORFTEXT000019283050&amp;dateTexte=&amp;oldAction=rechJO\" target=\"_blank\" rel=\"noopener noreferrer\">loi n\u00b0 2008-776 du 4 ao\u00fbt 2008 de modernisation de l&rsquo;\u00e9conomie<\/a>\u00a0relative au r\u00e9gime de l\u2019auto-entrepreneur ;<\/li>\n<li>L&rsquo;<a class=\"ext\" title=\"\u00ab L\u00e9gifrance \u00bb dans une nouvelle fen\u00eatre\" href=\"https:\/\/www.legifrance.gouv.fr\/affichTexte.do?cidTexte=JORFTEXT000026785322&amp;dateTexte=20191007\" target=\"_blank\" rel=\"noopener noreferrer\">article 11 de loi du 17 d\u00e9cembre 2012 de financement de la s\u00e9curit\u00e9 sociale pour 2013<\/a>\u00a0relatif au rel\u00e8vement des taux de cotisations et contributions sociales des auto-entrepreneurs\u00a0;<\/li>\n<li>Le\u00a0<a class=\"ext\" title=\"\u00ab L\u00e9gifrance \u00bb dans une nouvelle fen\u00eatre\" href=\"https:\/\/www.legifrance.gouv.fr\/affichTexte.do?cidTexte=JORFTEXT000026864962&amp;dateTexte=20191007\" target=\"_blank\" rel=\"noopener noreferrer\">d\u00e9cret n\u00b0 2012-1551 du 28 d\u00e9cembre 2012<\/a>\u00a0relatif \u00e0 la mise en oeuvre du rel\u00e8vement des taux ;<\/li>\n<li>La <a href=\"https:\/\/www.legifrance.gouv.fr\/affichTexte.do?cidTexte=JORFTEXT000033558528&amp;dateTexte=20191007\">loi du 9 d\u00e9cembre 2016 <\/a>relative aux\u00a0nouvelles mesures concernant les micro-entrepreneurs ;<\/li>\n<li>L&rsquo;<a href=\"https:\/\/www.legifrance.gouv.fr\/affichTexteArticle.do;jsessionid=7787797EA3634BADC33F4A44779F9982.tplgfr43s_1?idArticle=LEGIARTI000036377400&amp;cidTexte=JORFTEXT000036339197&amp;categorieLien=id&amp;dateTexte=\">article 22\u00a0de la loi de finances 2018<\/a> relatif aux plafonds d&rsquo;application du r\u00e9gime micro.<\/li>\n<\/ul>\n<\/details>\n<p><\/p>\n<div class=\"wp-block-button\" style=\"text-align:center;\"><a class=\"wp-block-button__link has-background\" href=\"https:\/\/www.legalvision.fr\/creation-dentreprise\/statut-auto-entrepreneur\/\">Commencer les d\u00e9marches pour mon auto-entreprise<\/a><\/div>\n","protected":false},"excerpt":{"rendered":"<p>Vous vous demandez comment se d\u00e9roule la retraite auto-entrepreneur\u00a0? Vous avez des questions quant \u00e0 vos droits ou bien encore sur le cumul des statuts de retrait\u00e9 et d\u2019auto-entrepreneur\u00a0?\u00a0LegalVision\u00a0r\u00e9pond \u00e0 toutes ces probl\u00e9matiques ! Mais avant de s&rsquo;y atteler, il convient de rappeler quelles sont les conditions pour \u00eatre micro-entrepreneur. Sommaire\u00a0 Les conditions et la&hellip; <a class=\"more-link\" href=\"https:\/\/www.legalvision.fr\/guides-juridiques\/auto-entrepreneur\/retraite-auto-entrepreneur-comment-ca-marche\/\">Poursuivre la lecture <span class=\"screen-reader-text\">La retraite de l&rsquo;auto-entrepreneur<\/span><\/a><\/p>\n","protected":false},"author":30,"featured_media":25820,"comment_status":"open","ping_status":"open","sticky":false,"template":"","format":"standard","meta":{"content-type":"","inline_featured_image":false,"footnotes":""},"categories":[2477],"tags":[],"class_list":["post-17731","post","type-post","status-publish","format-standard","has-post-thumbnail","hentry","category-auto-entrepreneur","entry"],"yoast_head":"<!-- This site is optimized with the Yoast SEO plugin v27.1.1 - https:\/\/yoast.com\/product\/yoast-seo-wordpress\/ -->\n<title>Retraite auto-entrepreneur : le guide complet par LegalVision<\/title>\n<meta name=\"description\" content=\"Retraite auto-entrepreneur : vous \u00eates auto-entrepreneur approchant de la retraite ou auto-entrepreneur \u00e0 la retraite, cet article est fait pour vous.\" \/>\n<meta name=\"robots\" content=\"index, follow, max-snippet:-1, max-image-preview:large, max-video-preview:-1\" \/>\n<link rel=\"canonical\" href=\"https:\/\/www.legalvision.fr\/guides-juridiques\/auto-entrepreneur\/retraite-auto-entrepreneur-comment-ca-marche\/\" \/>\n<meta property=\"og:locale\" content=\"fr_FR\" \/>\n<meta property=\"og:type\" content=\"article\" \/>\n<meta property=\"og:title\" content=\"Retraite auto-entrepreneur : le guide complet par LegalVision\" \/>\n<meta property=\"og:description\" content=\"Retraite auto-entrepreneur : vous \u00eates auto-entrepreneur approchant de la retraite ou auto-entrepreneur \u00e0 la retraite, cet article est fait pour vous.\" \/>\n<meta property=\"og:url\" content=\"https:\/\/www.legalvision.fr\/guides-juridiques\/auto-entrepreneur\/retraite-auto-entrepreneur-comment-ca-marche\/\" \/>\n<meta property=\"og:site_name\" content=\"Guides juridiques\" \/>\n<meta property=\"article:published_time\" content=\"2019-10-08T06:30:58+00:00\" \/>\n<meta property=\"article:modified_time\" content=\"2022-03-27T19:20:48+00:00\" \/>\n<meta property=\"og:image\" content=\"https:\/\/www.legalvision.fr\/guides-juridiques\/wp-content\/uploads\/2019\/08\/retraite-auto-entrepreneur.jpg\" \/>\n\t<meta property=\"og:image:width\" content=\"958\" \/>\n\t<meta property=\"og:image:height\" content=\"350\" \/>\n\t<meta property=\"og:image:type\" content=\"image\/jpeg\" \/>\n<meta name=\"author\" content=\"William Lebrun\" \/>\n<meta name=\"twitter:card\" content=\"summary_large_image\" \/>\n<meta name=\"twitter:label1\" content=\"\u00c9crit par\" \/>\n\t<meta name=\"twitter:data1\" content=\"William Lebrun\" \/>\n\t<meta name=\"twitter:label2\" content=\"Dur\u00e9e de lecture estim\u00e9e\" \/>\n\t<meta name=\"twitter:data2\" content=\"13 minutes\" \/>\n<script type=\"application\/ld+json\" class=\"yoast-schema-graph\">{\"@context\":\"https:\/\/schema.org\",\"@graph\":[{\"@type\":\"Article\",\"@id\":\"https:\/\/www.legalvision.fr\/guides-juridiques\/auto-entrepreneur\/retraite-auto-entrepreneur-comment-ca-marche\/#article\",\"isPartOf\":{\"@id\":\"https:\/\/www.legalvision.fr\/guides-juridiques\/auto-entrepreneur\/retraite-auto-entrepreneur-comment-ca-marche\/\"},\"author\":{\"name\":\"William Lebrun\",\"@id\":\"https:\/\/www.legalvision.fr\/guides-juridiques\/#\/schema\/person\/3d24d0c20575138ed212b2e4b6f7b4b0\"},\"headline\":\"La retraite de l&rsquo;auto-entrepreneur\",\"datePublished\":\"2019-10-08T06:30:58+00:00\",\"dateModified\":\"2022-03-27T19:20:48+00:00\",\"mainEntityOfPage\":{\"@id\":\"https:\/\/www.legalvision.fr\/guides-juridiques\/auto-entrepreneur\/retraite-auto-entrepreneur-comment-ca-marche\/\"},\"wordCount\":2687,\"commentCount\":0,\"publisher\":{\"@id\":\"https:\/\/www.legalvision.fr\/guides-juridiques\/#organization\"},\"image\":{\"@id\":\"https:\/\/www.legalvision.fr\/guides-juridiques\/auto-entrepreneur\/retraite-auto-entrepreneur-comment-ca-marche\/#primaryimage\"},\"thumbnailUrl\":\"https:\/\/www.legalvision.fr\/guides-juridiques\/wp-content\/uploads\/2019\/08\/retraite-auto-entrepreneur.jpg\",\"articleSection\":[\"Auto-entrepreneur\"],\"inLanguage\":\"fr-FR\",\"potentialAction\":[{\"@type\":\"CommentAction\",\"name\":\"Comment\",\"target\":[\"https:\/\/www.legalvision.fr\/guides-juridiques\/auto-entrepreneur\/retraite-auto-entrepreneur-comment-ca-marche\/#respond\"]}]},{\"@type\":\"WebPage\",\"@id\":\"https:\/\/www.legalvision.fr\/guides-juridiques\/auto-entrepreneur\/retraite-auto-entrepreneur-comment-ca-marche\/\",\"url\":\"https:\/\/www.legalvision.fr\/guides-juridiques\/auto-entrepreneur\/retraite-auto-entrepreneur-comment-ca-marche\/\",\"name\":\"Retraite auto-entrepreneur : le guide complet par LegalVision\",\"isPartOf\":{\"@id\":\"https:\/\/www.legalvision.fr\/guides-juridiques\/#website\"},\"primaryImageOfPage\":{\"@id\":\"https:\/\/www.legalvision.fr\/guides-juridiques\/auto-entrepreneur\/retraite-auto-entrepreneur-comment-ca-marche\/#primaryimage\"},\"image\":{\"@id\":\"https:\/\/www.legalvision.fr\/guides-juridiques\/auto-entrepreneur\/retraite-auto-entrepreneur-comment-ca-marche\/#primaryimage\"},\"thumbnailUrl\":\"https:\/\/www.legalvision.fr\/guides-juridiques\/wp-content\/uploads\/2019\/08\/retraite-auto-entrepreneur.jpg\",\"datePublished\":\"2019-10-08T06:30:58+00:00\",\"dateModified\":\"2022-03-27T19:20:48+00:00\",\"description\":\"Retraite auto-entrepreneur : vous \u00eates auto-entrepreneur approchant de la retraite ou auto-entrepreneur \u00e0 la retraite, cet article est fait pour vous.\",\"breadcrumb\":{\"@id\":\"https:\/\/www.legalvision.fr\/guides-juridiques\/auto-entrepreneur\/retraite-auto-entrepreneur-comment-ca-marche\/#breadcrumb\"},\"inLanguage\":\"fr-FR\",\"potentialAction\":[{\"@type\":\"ReadAction\",\"target\":[\"https:\/\/www.legalvision.fr\/guides-juridiques\/auto-entrepreneur\/retraite-auto-entrepreneur-comment-ca-marche\/\"]}]},{\"@type\":\"ImageObject\",\"inLanguage\":\"fr-FR\",\"@id\":\"https:\/\/www.legalvision.fr\/guides-juridiques\/auto-entrepreneur\/retraite-auto-entrepreneur-comment-ca-marche\/#primaryimage\",\"url\":\"https:\/\/www.legalvision.fr\/guides-juridiques\/wp-content\/uploads\/2019\/08\/retraite-auto-entrepreneur.jpg\",\"contentUrl\":\"https:\/\/www.legalvision.fr\/guides-juridiques\/wp-content\/uploads\/2019\/08\/retraite-auto-entrepreneur.jpg\",\"width\":958,\"height\":350,\"caption\":\"retraite auto-entrepreneur\"},{\"@type\":\"BreadcrumbList\",\"@id\":\"https:\/\/www.legalvision.fr\/guides-juridiques\/auto-entrepreneur\/retraite-auto-entrepreneur-comment-ca-marche\/#breadcrumb\",\"itemListElement\":[{\"@type\":\"ListItem\",\"position\":1,\"name\":\"Accueil\",\"item\":\"https:\/\/www.legalvision.fr\/guides-juridiques\/\"},{\"@type\":\"ListItem\",\"position\":2,\"name\":\"Auto-entrepreneur\",\"item\":\"https:\/\/www.legalvision.fr\/guides-juridiques\/auto-entrepreneur\/\"},{\"@type\":\"ListItem\",\"position\":3,\"name\":\"La retraite de l&rsquo;auto-entrepreneur\"}]},{\"@type\":\"WebSite\",\"@id\":\"https:\/\/www.legalvision.fr\/guides-juridiques\/#website\",\"url\":\"https:\/\/www.legalvision.fr\/guides-juridiques\/\",\"name\":\"Guides juridiques\",\"description\":\"L&#039;information juridique \u00e0 destination des entreprises et TPE\",\"publisher\":{\"@id\":\"https:\/\/www.legalvision.fr\/guides-juridiques\/#organization\"},\"potentialAction\":[{\"@type\":\"SearchAction\",\"target\":{\"@type\":\"EntryPoint\",\"urlTemplate\":\"https:\/\/www.legalvision.fr\/guides-juridiques\/?s={search_term_string}\"},\"query-input\":{\"@type\":\"PropertyValueSpecification\",\"valueRequired\":true,\"valueName\":\"search_term_string\"}}],\"inLanguage\":\"fr-FR\"},{\"@type\":\"Organization\",\"@id\":\"https:\/\/www.legalvision.fr\/guides-juridiques\/#organization\",\"name\":\"Guides juridiques\",\"url\":\"https:\/\/www.legalvision.fr\/guides-juridiques\/\",\"logo\":{\"@type\":\"ImageObject\",\"inLanguage\":\"fr-FR\",\"@id\":\"https:\/\/www.legalvision.fr\/guides-juridiques\/#\/schema\/logo\/image\/\",\"url\":\"https:\/\/www.legalvision.fr\/guides-juridiques\/wp-content\/uploads\/2022\/10\/LV-Logotype.png\",\"contentUrl\":\"https:\/\/www.legalvision.fr\/guides-juridiques\/wp-content\/uploads\/2022\/10\/LV-Logotype.png\",\"width\":647,\"height\":125,\"caption\":\"Guides juridiques\"},\"image\":{\"@id\":\"https:\/\/www.legalvision.fr\/guides-juridiques\/#\/schema\/logo\/image\/\"}},{\"@type\":\"Person\",\"@id\":\"https:\/\/www.legalvision.fr\/guides-juridiques\/#\/schema\/person\/3d24d0c20575138ed212b2e4b6f7b4b0\",\"name\":\"William Lebrun\",\"image\":{\"@type\":\"ImageObject\",\"inLanguage\":\"fr-FR\",\"@id\":\"https:\/\/www.legalvision.fr\/guides-juridiques\/#\/schema\/person\/image\/\",\"url\":\"https:\/\/www.legalvision.fr\/guides-juridiques\/wp-content\/uploads\/2023\/07\/cropped-homme1-96x96.png\",\"contentUrl\":\"https:\/\/www.legalvision.fr\/guides-juridiques\/wp-content\/uploads\/2023\/07\/cropped-homme1-96x96.png\",\"caption\":\"William Lebrun\"},\"description\":\"B\u00e9n\u00e9ficiant de la formation d'un double dipl\u00f4me en droit des affaires et en \u00e9cole de commerce, j'ai un fort attrait pour le droit des soci\u00e9t\u00e9s. Je r\u00e9dige des articles pour vous aider sur vos probl\u00e9matiques.\",\"url\":\"https:\/\/www.legalvision.fr\/guides-juridiques\/author\/aina-rakoto\/\"}]}<\/script>\n<!-- \/ Yoast SEO plugin. -->","yoast_head_json":{"title":"Retraite auto-entrepreneur : le guide complet par LegalVision","description":"Retraite auto-entrepreneur : vous \u00eates auto-entrepreneur approchant de la retraite ou auto-entrepreneur \u00e0 la retraite, cet article est fait pour vous.","robots":{"index":"index","follow":"follow","max-snippet":"max-snippet:-1","max-image-preview":"max-image-preview:large","max-video-preview":"max-video-preview:-1"},"canonical":"https:\/\/www.legalvision.fr\/guides-juridiques\/auto-entrepreneur\/retraite-auto-entrepreneur-comment-ca-marche\/","og_locale":"fr_FR","og_type":"article","og_title":"Retraite auto-entrepreneur : le guide complet par LegalVision","og_description":"Retraite auto-entrepreneur : vous \u00eates auto-entrepreneur approchant de la retraite ou auto-entrepreneur \u00e0 la retraite, cet article est fait pour vous.","og_url":"https:\/\/www.legalvision.fr\/guides-juridiques\/auto-entrepreneur\/retraite-auto-entrepreneur-comment-ca-marche\/","og_site_name":"Guides juridiques","article_published_time":"2019-10-08T06:30:58+00:00","article_modified_time":"2022-03-27T19:20:48+00:00","og_image":[{"width":958,"height":350,"url":"https:\/\/www.legalvision.fr\/guides-juridiques\/wp-content\/uploads\/2019\/08\/retraite-auto-entrepreneur.jpg","type":"image\/jpeg"}],"author":"William Lebrun","twitter_card":"summary_large_image","twitter_misc":{"\u00c9crit par":"William Lebrun","Dur\u00e9e de lecture estim\u00e9e":"13 minutes"},"schema":{"@context":"https:\/\/schema.org","@graph":[{"@type":"Article","@id":"https:\/\/www.legalvision.fr\/guides-juridiques\/auto-entrepreneur\/retraite-auto-entrepreneur-comment-ca-marche\/#article","isPartOf":{"@id":"https:\/\/www.legalvision.fr\/guides-juridiques\/auto-entrepreneur\/retraite-auto-entrepreneur-comment-ca-marche\/"},"author":{"name":"William Lebrun","@id":"https:\/\/www.legalvision.fr\/guides-juridiques\/#\/schema\/person\/3d24d0c20575138ed212b2e4b6f7b4b0"},"headline":"La retraite de l&rsquo;auto-entrepreneur","datePublished":"2019-10-08T06:30:58+00:00","dateModified":"2022-03-27T19:20:48+00:00","mainEntityOfPage":{"@id":"https:\/\/www.legalvision.fr\/guides-juridiques\/auto-entrepreneur\/retraite-auto-entrepreneur-comment-ca-marche\/"},"wordCount":2687,"commentCount":0,"publisher":{"@id":"https:\/\/www.legalvision.fr\/guides-juridiques\/#organization"},"image":{"@id":"https:\/\/www.legalvision.fr\/guides-juridiques\/auto-entrepreneur\/retraite-auto-entrepreneur-comment-ca-marche\/#primaryimage"},"thumbnailUrl":"https:\/\/www.legalvision.fr\/guides-juridiques\/wp-content\/uploads\/2019\/08\/retraite-auto-entrepreneur.jpg","articleSection":["Auto-entrepreneur"],"inLanguage":"fr-FR","potentialAction":[{"@type":"CommentAction","name":"Comment","target":["https:\/\/www.legalvision.fr\/guides-juridiques\/auto-entrepreneur\/retraite-auto-entrepreneur-comment-ca-marche\/#respond"]}]},{"@type":"WebPage","@id":"https:\/\/www.legalvision.fr\/guides-juridiques\/auto-entrepreneur\/retraite-auto-entrepreneur-comment-ca-marche\/","url":"https:\/\/www.legalvision.fr\/guides-juridiques\/auto-entrepreneur\/retraite-auto-entrepreneur-comment-ca-marche\/","name":"Retraite auto-entrepreneur : le guide complet par LegalVision","isPartOf":{"@id":"https:\/\/www.legalvision.fr\/guides-juridiques\/#website"},"primaryImageOfPage":{"@id":"https:\/\/www.legalvision.fr\/guides-juridiques\/auto-entrepreneur\/retraite-auto-entrepreneur-comment-ca-marche\/#primaryimage"},"image":{"@id":"https:\/\/www.legalvision.fr\/guides-juridiques\/auto-entrepreneur\/retraite-auto-entrepreneur-comment-ca-marche\/#primaryimage"},"thumbnailUrl":"https:\/\/www.legalvision.fr\/guides-juridiques\/wp-content\/uploads\/2019\/08\/retraite-auto-entrepreneur.jpg","datePublished":"2019-10-08T06:30:58+00:00","dateModified":"2022-03-27T19:20:48+00:00","description":"Retraite auto-entrepreneur : vous \u00eates auto-entrepreneur approchant de la retraite ou auto-entrepreneur \u00e0 la retraite, cet article est fait pour vous.","breadcrumb":{"@id":"https:\/\/www.legalvision.fr\/guides-juridiques\/auto-entrepreneur\/retraite-auto-entrepreneur-comment-ca-marche\/#breadcrumb"},"inLanguage":"fr-FR","potentialAction":[{"@type":"ReadAction","target":["https:\/\/www.legalvision.fr\/guides-juridiques\/auto-entrepreneur\/retraite-auto-entrepreneur-comment-ca-marche\/"]}]},{"@type":"ImageObject","inLanguage":"fr-FR","@id":"https:\/\/www.legalvision.fr\/guides-juridiques\/auto-entrepreneur\/retraite-auto-entrepreneur-comment-ca-marche\/#primaryimage","url":"https:\/\/www.legalvision.fr\/guides-juridiques\/wp-content\/uploads\/2019\/08\/retraite-auto-entrepreneur.jpg","contentUrl":"https:\/\/www.legalvision.fr\/guides-juridiques\/wp-content\/uploads\/2019\/08\/retraite-auto-entrepreneur.jpg","width":958,"height":350,"caption":"retraite auto-entrepreneur"},{"@type":"BreadcrumbList","@id":"https:\/\/www.legalvision.fr\/guides-juridiques\/auto-entrepreneur\/retraite-auto-entrepreneur-comment-ca-marche\/#breadcrumb","itemListElement":[{"@type":"ListItem","position":1,"name":"Accueil","item":"https:\/\/www.legalvision.fr\/guides-juridiques\/"},{"@type":"ListItem","position":2,"name":"Auto-entrepreneur","item":"https:\/\/www.legalvision.fr\/guides-juridiques\/auto-entrepreneur\/"},{"@type":"ListItem","position":3,"name":"La retraite de l&rsquo;auto-entrepreneur"}]},{"@type":"WebSite","@id":"https:\/\/www.legalvision.fr\/guides-juridiques\/#website","url":"https:\/\/www.legalvision.fr\/guides-juridiques\/","name":"Guides juridiques","description":"L&#039;information juridique \u00e0 destination des entreprises et TPE","publisher":{"@id":"https:\/\/www.legalvision.fr\/guides-juridiques\/#organization"},"potentialAction":[{"@type":"SearchAction","target":{"@type":"EntryPoint","urlTemplate":"https:\/\/www.legalvision.fr\/guides-juridiques\/?s={search_term_string}"},"query-input":{"@type":"PropertyValueSpecification","valueRequired":true,"valueName":"search_term_string"}}],"inLanguage":"fr-FR"},{"@type":"Organization","@id":"https:\/\/www.legalvision.fr\/guides-juridiques\/#organization","name":"Guides juridiques","url":"https:\/\/www.legalvision.fr\/guides-juridiques\/","logo":{"@type":"ImageObject","inLanguage":"fr-FR","@id":"https:\/\/www.legalvision.fr\/guides-juridiques\/#\/schema\/logo\/image\/","url":"https:\/\/www.legalvision.fr\/guides-juridiques\/wp-content\/uploads\/2022\/10\/LV-Logotype.png","contentUrl":"https:\/\/www.legalvision.fr\/guides-juridiques\/wp-content\/uploads\/2022\/10\/LV-Logotype.png","width":647,"height":125,"caption":"Guides juridiques"},"image":{"@id":"https:\/\/www.legalvision.fr\/guides-juridiques\/#\/schema\/logo\/image\/"}},{"@type":"Person","@id":"https:\/\/www.legalvision.fr\/guides-juridiques\/#\/schema\/person\/3d24d0c20575138ed212b2e4b6f7b4b0","name":"William Lebrun","image":{"@type":"ImageObject","inLanguage":"fr-FR","@id":"https:\/\/www.legalvision.fr\/guides-juridiques\/#\/schema\/person\/image\/","url":"https:\/\/www.legalvision.fr\/guides-juridiques\/wp-content\/uploads\/2023\/07\/cropped-homme1-96x96.png","contentUrl":"https:\/\/www.legalvision.fr\/guides-juridiques\/wp-content\/uploads\/2023\/07\/cropped-homme1-96x96.png","caption":"William Lebrun"},"description":"B\u00e9n\u00e9ficiant de la formation d'un double dipl\u00f4me en droit des affaires et en \u00e9cole de commerce, j'ai un fort attrait pour le droit des soci\u00e9t\u00e9s. Je r\u00e9dige des articles pour vous aider sur vos probl\u00e9matiques.","url":"https:\/\/www.legalvision.fr\/guides-juridiques\/author\/aina-rakoto\/"}]}},"_links":{"self":[{"href":"https:\/\/www.legalvision.fr\/guides-juridiques\/wp-json\/wp\/v2\/posts\/17731","targetHints":{"allow":["GET"]}}],"collection":[{"href":"https:\/\/www.legalvision.fr\/guides-juridiques\/wp-json\/wp\/v2\/posts"}],"about":[{"href":"https:\/\/www.legalvision.fr\/guides-juridiques\/wp-json\/wp\/v2\/types\/post"}],"author":[{"embeddable":true,"href":"https:\/\/www.legalvision.fr\/guides-juridiques\/wp-json\/wp\/v2\/users\/30"}],"replies":[{"embeddable":true,"href":"https:\/\/www.legalvision.fr\/guides-juridiques\/wp-json\/wp\/v2\/comments?post=17731"}],"version-history":[{"count":0,"href":"https:\/\/www.legalvision.fr\/guides-juridiques\/wp-json\/wp\/v2\/posts\/17731\/revisions"}],"wp:featuredmedia":[{"embeddable":true,"href":"https:\/\/www.legalvision.fr\/guides-juridiques\/wp-json\/wp\/v2\/media\/25820"}],"wp:attachment":[{"href":"https:\/\/www.legalvision.fr\/guides-juridiques\/wp-json\/wp\/v2\/media?parent=17731"}],"wp:term":[{"taxonomy":"category","embeddable":true,"href":"https:\/\/www.legalvision.fr\/guides-juridiques\/wp-json\/wp\/v2\/categories?post=17731"},{"taxonomy":"post_tag","embeddable":true,"href":"https:\/\/www.legalvision.fr\/guides-juridiques\/wp-json\/wp\/v2\/tags?post=17731"}],"curies":[{"name":"wp","href":"https:\/\/api.w.org\/{rel}","templated":true}]}}