{"id":17634,"date":"2019-07-15T07:30:40","date_gmt":"2019-07-15T06:30:40","guid":{"rendered":"https:\/\/blog.legalvision.fr\/?p=17634"},"modified":"2022-03-27T21:20:53","modified_gmt":"2022-03-27T19:20:53","slug":"reglement-interieur-entreprise-comment-le-rediger","status":"publish","type":"post","link":"https:\/\/www.legalvision.fr\/guides-juridiques\/droit-du-travail\/reglement-interieur-entreprise-comment-le-rediger\/","title":{"rendered":"Le r\u00e8glement int\u00e9rieur d&rsquo;une entreprise : comment le r\u00e9diger ?"},"content":{"rendered":"<p>Le r\u00e8glement int\u00e9rieur est un document pr\u00e9cisant\u00a0un certain nombre d&rsquo;obligations que le salari\u00e9 et l&#8217;employeur doivent respecter \u00e0 l&rsquo;int\u00e9rieur de l&rsquo;entreprise. Il est obligatoire \u00e0 partir d&rsquo;un certain nombre de salari\u00e9s.\u00a0Instaurant des r\u00e8gles, le r\u00e8glement int\u00e9rieur d&rsquo;une entreprise traduit\u00a0<strong>le pouvoir disciplinaire de l&#8217;employeur.<\/strong><\/p>\n<p>Il n&rsquo;existe pas un seul et unique mod\u00e8le de r\u00e8glement int\u00e9rieur. <strong>doit en effet, \u00eatre adapt\u00e9 \u00e0 chaque entreprise en fonction de son activit\u00e9.<\/strong><\/p>\n<p>Le r\u00e8glement int\u00e9rieur s&rsquo;applique au niveau de l&rsquo;entreprise, et concerne tous les salari\u00e9s.<strong> Il se diff\u00e9rencie alors du r\u00e8glement int\u00e9rieur du CSE<\/strong>, comit\u00e9 social et \u00e9conomique. Le CSE est la nouvelle institution repr\u00e9sentative du personnelle. Elle regroupe l&rsquo;ancien comit\u00e9 d&rsquo;entreprise, les anciens d\u00e9l\u00e9gu\u00e9s du personnel et les anciens membres du\u00a0comit\u00e9 d\u2019hygi\u00e8ne, de s\u00e9curit\u00e9, et des conditions de travail (CHSCT)<\/p>\n<p>Le\u00a0r\u00e8glement int\u00e9rieur\u00a0du\u00a0CSE\u00a0sert uniquement \u00e0 d\u00e9terminer<strong> les modalit\u00e9s de son fonctionnement<\/strong>. Il sert aussi \u00e0 encadrer ses rapports avec les salari\u00e9s, pour l&rsquo;exercice des missions qui lui sont conf\u00e9r\u00e9es. En d&rsquo;autres termes, il permet une bonne organisation de l&rsquo;institution. Ainsi, si vous regardez un\u00a0mod\u00e8le du r\u00e8glement int\u00e9rieur de votre CSE, vous d\u00e9couvrirez\u00a0qu&rsquo;il ne comprend lui, aucune clause relative aux sanctions, ou aux r\u00e8gles d\u2019hygi\u00e8ne et de s\u00e9curit\u00e9 par exemple.\n<\/p>\n<h3 style=\"text-align: left;\"><strong>Sommaire :<\/strong><\/h3>\n<p style=\"text-align: left;\"><strong> <a href=\"#I\">Les conditions pour mettre en place le r\u00e8glement int\u00e9rieur d&rsquo;une entreprise<\/a><\/strong><br \/>\n<strong> <a href=\"#II\">Le r\u00e8glement int\u00e9rieur d&rsquo;une entreprise : la proc\u00e9dure de mise en place<\/a><\/strong><br \/>\n<strong> <a href=\"#III\">Les mentions obligatoires du r\u00e8glement int\u00e9rieur<\/a><\/strong><br \/>\n<strong> <a href=\"#IV\">Les mentions interdites dans le r\u00e8glement int\u00e9rieur d&rsquo;une entreprise<\/a><\/strong><br \/>\n<strong> <a href=\"#V\">Les mentions pouvant figurer dans le r\u00e8glement int\u00e9rieur d&rsquo;une entreprise<\/a><\/strong><\/p>\n<div class=\"wp-block-button\" style=\"text-align:center;\"><a class=\"wp-block-button__link has-background\" href=\"https:\/\/www.legalvision.fr\/tous-les-services\/\">Voir les services LegalVision<\/a><\/div>\n<h2 id=\"I\">Les conditions pour mettre en place\u00a0le r\u00e8glement int\u00e9rieur d&rsquo;une entreprise<\/h2>\n<h3>Le r\u00e8glement int\u00e9rieur d&rsquo;une entreprise : une obligation \u00e0 compter d&rsquo;au moins 20 salari\u00e9s<\/h3>\n<p>Le r\u00e8glement int\u00e9rieur doit \u00eatre mis en place dans les entreprises ou \u00e9tablissements<strong> occupant habituellement au moins 20 salari\u00e9s<\/strong>.<\/p>\n<p>L&rsquo;administration a pr\u00e9cis\u00e9 que la notion \u00abd&rsquo;occupation habituelle \u00bb voulait dire que\u00a0le seuil devait avoir \u00e9t\u00e9 atteint pendant<strong> au moins six mois.<\/strong><\/p>\n<p>Cependant, en cas de cr\u00e9ation d&rsquo;entreprise, le r\u00e8glement int\u00e9rieur doit \u00eatre \u00e9tabli dans<strong> les trois mois suivant l&rsquo;ouverture de l&rsquo;entreprise<\/strong>. Pour cela,\u00a0il faut que le seuil d&rsquo;effectif a \u00e9t\u00e9 atteint en permanence durant ces trois mois.<\/p>\n<p>Ce seuil de 20 salari\u00e9s, n\u00e9anmoins, ne sera bient\u00f4t plus que du pass\u00e9. En effet,<strong>\u00a0il vient d\u2019\u00eatre relev\u00e9 \u00e0 50 salari\u00e9s par la loi Pacte<\/strong>. Par cons\u00e9quent, \u00e0 compter <strong>du 1er janvier 2020<\/strong>, toute entreprise ou \u00e9tablissement ayant au moins 50 salari\u00e9s, devra\u00a0cr\u00e9er\u00a0son r\u00e8glement int\u00e9rieur.<\/p>\n<p>N&rsquo;h\u00e9sitez pas \u00e0 consulter notre page si vous \u00eates concern\u00e9 par cette obligation\u00a0de<strong><a href=\"https:\/\/www.legalvision.fr\/lp\/reglement-interieur\"> cr\u00e9er un r\u00e8glement int\u00e9rieur<\/a>\u00a0<\/strong>!<\/p>\n<p>Cette obligation n&rsquo;est pas sanctionn\u00e9e p\u00e9nalement, mais elle l&rsquo;est bien plus gravement par la jurisprudence. En effet, elle refuse \u00e0 l&#8217;employeur le pouvoir de sanctionner en l&rsquo;absence de r\u00e8glement int\u00e9rieur fixant les sanctions encourues et leur \u00e9chelle.<\/p>\n<h3>Le r\u00e8glement int\u00e9rieur d&rsquo;une entreprise : une facult\u00e9 pour toutes les autres entreprises<\/h3>\n<p>Pour toutes les autres entreprises, c&rsquo;est-\u00e0-dire celles qui ont<strong> un effectif inf\u00e9rieur \u00e0 20 salari\u00e9s<\/strong> (50 salari\u00e9s \u00e0 compter de janvier 2020), mettre en place le r\u00e8glement int\u00e9rieur n&rsquo;est pas <strong>une obligation mais une simple facult\u00e9.<\/strong><\/p>\n<p>Ainsi, le r\u00e8glement int\u00e9rieur pour une entreprise de moins de 10 salari\u00e9s n&rsquo;est pas obligatoire par exemple.<\/p>\n<p>Cependant, il est conseill\u00e9 d&rsquo;avoir un r\u00e8glement int\u00e9rieur, dans la mesure\u00a0o\u00f9\u00a0<strong>il renforce le pouvoir disciplinaire<\/strong> de l&#8217;employeur. En effet, avec des r\u00e8gles de discipline, d\u2019hygi\u00e8ne et de s\u00e9curit\u00e9 \u00e9crites sur un document \u00e0 la port\u00e9e de tous, un salari\u00e9\u00a0pourra difficilement\u00a0contester l&rsquo;existence de ces r\u00e8gles.<\/p>\n<p>De plus, avoir un r\u00e8glement int\u00e9rieur permet \u00e0 l&#8217;employeur<strong>\u00a0d&rsquo;\u00e9largir son pouvoir disciplinaire<\/strong>. En effet,\u00a0ce dernier peut seulement prononcer les sanctions disciplinaires inscrites dans le r\u00e8glement int\u00e9rieur. A d\u00e9faut, il ne peut qu&rsquo;user du licenciement. Il est alors tr\u00e8s pratique d&rsquo;en avoir un pour avoir un panel de sanctions.<\/p>\n<p><em>Pour exemple, prenons un employeur, \u00e0 la t\u00eate d&rsquo;une entreprise de 15 salari\u00e9s.\u00a0Il envisage de prononcer une mise \u00e0 pied disciplinaire \u00e0 l&rsquo;encontre de son salari\u00e9.\u00a0Aucun r\u00e8glement int\u00e9rieur n&rsquo;a \u00e9t\u00e9 con\u00e7u dans son entreprise. L&#8217;employeur est dans ses droits, puisqu&rsquo;il a moins de 20 salari\u00e9s. Cependant, il ne pourra que prononcer un licenciement s&rsquo;il veut sanctionner son salari\u00e9.<\/em><\/p>\n<p>Vous envisagez de prononcer <strong><a href=\"https:\/\/www.legalvision.fr\/lp\/lettre-mise-a-pied\">une mise \u00e0 pied disciplinaire<\/a><\/strong> \u00e0 l&rsquo;\u00e9gard d&rsquo;un de vos salari\u00e9s ? LegalVision prend en charge cette formalit\u00e9 pour vous !<\/p>\n<h2 id=\"II\">Le r\u00e8glement int\u00e9rieur d&rsquo;une entreprise : la proc\u00e9dure de mise en place<\/h2>\n<p>Pour mettre en place un r\u00e8glement int\u00e9rieur dans une entreprise, plusieurs \u00e9tapes doivent \u00eatre respect\u00e9es.<\/p>\n<p>Dans un premier temps, une fois que l&#8217;employeur a r\u00e9dig\u00e9 son projet de r\u00e8glement int\u00e9rieur, ce document doit :<\/p>\n<ul>\n<li><strong>avoir \u00e9t\u00e9 soumis \u00e0 l&rsquo;avis du comit\u00e9 social et \u00e9conomique s&rsquo;il y en a un dans l&rsquo;entreprise.<\/strong><\/li>\n<\/ul>\n<p>A d\u00e9faut de CSE, le projet de l&#8217;employeur doit \u00eatre soumis pour avis au\u00a0comit\u00e9 d&rsquo;entreprise\u00a0(ou \u00e0 d\u00e9faut, aux\u00a0d\u00e9l\u00e9gu\u00e9s du personnel), ainsi qu&rsquo;au CHSCT pour les sujets relevant de sa comp\u00e9tence.<\/p>\n<p>Ensuite, le r\u00e8glement int\u00e9rieur doit, en m\u00eame temps :<\/p>\n<ul>\n<li>\n<strong>\u00eatre envoy\u00e9 \u00e0 l&rsquo;inspecteur du travail, accompagn\u00e9 de l&rsquo;avis du CSE<\/strong>.\u00a0L&rsquo;inspecteur du travail peut \u00e0 tout moment exiger le retrait ou la modification de certaines dispositions. La d\u00e9cision de l&rsquo;inspecteur du travail est motiv\u00e9e. Elle est notifi\u00e9e \u00e0 l&#8217;employeur et communiqu\u00e9e, pour information, aux membres du\u00a0CSE<\/li>\n<li>\n<strong>\u00eatre d\u00e9pos\u00e9 au greffe du conseil de prud&rsquo;hommes<\/strong> du ressort de l&rsquo;entreprise ou de l&rsquo;\u00e9tablissement.<\/li>\n<li>\n<strong>\u00eatre port\u00e9, par tout moyen, \u00e0 la connaissance des personnes ayant acc\u00e8s aux lieux de travail<\/strong>. La publicit\u00e9 du r\u00e8glement int\u00e9rieur doit donc \u00eatre assur\u00e9e.<\/li>\n<\/ul>\n<p>Le r\u00e8glement int\u00e9rieur doit indiquer la date de son entr\u00e9e en vigueur.<strong> Cette date doit \u00eatre post\u00e9rieure d&rsquo;un mois<\/strong> \u00e0 l&rsquo;accomplissement des formalit\u00e9s de d\u00e9p\u00f4t au greffe, et de publicit\u00e9 envers les salari\u00e9s.<\/p>\n<p><em>Par exemple, si les formalit\u00e9s de d\u00e9p\u00f4t et de publicit\u00e9 ont \u00e9t\u00e9 effectu\u00e9es le 26 juin 2019, la date de l&rsquo;entr\u00e9e en vigueur du r\u00e8glement int\u00e9rieur ne peut pas \u00eatre\u00a0avant le 26 juillet 2019.<\/em><\/p>\n<h2 id=\"III\">Les mentions obligatoires du r\u00e8glement int\u00e9rieur<\/h2>\n<p>Le r\u00e8glement int\u00e9rieur d&rsquo;une entreprise est un document bien pr\u00e9cis. L&#8217;employeur ne peut donc pas y \u00e9crire ce qu&rsquo;il souhaite. Ce document a un but bien pr\u00e9cis : instaurer des r\u00e8gles dans l&rsquo;entreprise. Son contenu est alors bien encadr\u00e9 par la loi.<\/p>\n<p>Lorsque vous r\u00e9digez votre r\u00e8glement int\u00e9rieur, vous devez alors y faire figurer :<\/p>\n<ul>\n<li>Les mesures d&rsquo;application\u00a0<strong>en mati\u00e8re de sant\u00e9 et de s\u00e9curit\u00e9 <\/strong>dans l&rsquo;entreprise ou l&rsquo;\u00e9tablissement ;<\/li>\n<li>Les conditions dans lesquelles les salari\u00e9s peuvent \u00eatre appel\u00e9s \u00e0 participer, \u00e0 la demande de l&#8217;employeur, au r\u00e9tablissement de<strong> conditions de travail protectrices de la sant\u00e9 et de la s\u00e9curit\u00e9 des salari\u00e9s<\/strong>, d\u00e8s lors qu&rsquo;elles appara\u00eetraient compromises ;<\/li>\n<li>Les r\u00e8gles g\u00e9n\u00e9rales et permanentes relatives \u00e0<strong> la discipline<\/strong>, mais aussi la nature et <strong>l&rsquo;\u00e9chelle des sanctions que peut prendre l&#8217;employeur<\/strong>.<\/li>\n<\/ul>\n<p><em>Comme mod\u00e8le de r\u00e8glement int\u00e9rieur, vous pouvez par exemple, concernant la discipline, \u00e9crire \u00ab en cas de\u00a0comportement fautif, vous encourez les sanctions suivantes : avertissement, mise \u00e0 pied disciplinaire, r\u00e9trogradation&#8230;\u00bb<\/em><\/p>\n<p>Vous d\u00e9sirez<strong><a href=\"https:\/\/www.legalvision.fr\/lp\/lettre-d-avertissement\"> infliger un avertissement<\/a><\/strong> \u00e0 l&rsquo;un de vos salari\u00e9s ? LegalVision vous accompagne dans cette d\u00e9marche !<\/p>\n<p>En outre, le r\u00e8glement int\u00e9rieur rappelle aussi :<\/p>\n<ul>\n<li>Les dispositions relatives aux<strong> droits de la d\u00e9fense<\/strong> des salari\u00e9s.<\/li>\n<li>Les dispositions relatives aux<strong> harc\u00e8lements moral et sexuel et aux agissements sexistes<\/strong> pr\u00e9vues par le Code du travail.<\/li>\n<\/ul>\n<p><em>Par exemple, pour\u00a0la clause du r\u00e8glement int\u00e9rieur concernant le harc\u00e8lement moral ou sexuel, vous pouvez rappeler les articles du code du travail, condamnant les faits de harc\u00e8lement moral et sexuel.<\/em><\/p>\n<h2 id=\"IV\">Les mentions interdites dans le r\u00e8glement int\u00e9rieur d&rsquo;une entreprise<\/h2>\n<p>Certaines mentions sont interdites au sein d&rsquo;un r\u00e8glement int\u00e9rieur. Dans tous les cas, m\u00eame si elles viendraient \u00e0 \u00eatre\u00a0inscrites par l&#8217;employeur, l&rsquo;inspecteur du travail en exigerait le retrait.<\/p>\n<p>Ainsi, sont prohib\u00e9es dans un premier temps,<strong> les dispositions contraires aux lois et r\u00e8glements<\/strong>. Par ailleurs, il n&rsquo;est pas non plus possible d&rsquo;inscrire dans ce documents, des mentions contraires<strong> aux stipulations des conventions et accords collectifs de travail<\/strong> applicables dans l&rsquo;entreprise.<\/p>\n<p>Vous\u00a0ne savez pas ce\u00a0qu&rsquo;est <strong><a href=\"https:\/\/blog.legalvision.fr\/2019\/07\/03\/convention-collective-definition\/\">une convention collective<\/a><\/strong> ? N&rsquo;h\u00e9sitez pas \u00e0 lire notre article pour en savoir plus !<\/p>\n<p>D&rsquo;autre part, les\u00a0dispositions apportant aux droits des personnes et aux libert\u00e9s individuelles et collectives des restrictions qui ne seraient<strong> pas justifi\u00e9es par la nature de la t\u00e2che \u00e0 accomplir ni proportionn\u00e9es au but recherch\u00e9<\/strong> sont \u00e9galement prohib\u00e9es.<\/p>\n<p><em>Par exemple, vous ne pouvez pas interdire aux salari\u00e9s le port de bijoux dans l&rsquo;entreprise, si\u00a0ces derniers\u00a0travaillent dans un bureau, devant un ordinateur. Une telle restriction n&rsquo;est pas justifi\u00e9e par des raisons d\u2019hygi\u00e8ne\u00a0ou de s\u00e9curit\u00e9.\u00a0<\/em><\/p>\n<p>Enfin, les dispositions discriminatoires sont \u00e9galement interdites dans un r\u00e8glement int\u00e9rieur.<\/p>\n<p><em>Par exemple,\u00a0il est interdit d&rsquo;\u00e9crire\u00a0\u00ables femmes doivent respecter les horaires de travail impos\u00e9es par la direction\u00bb. C&rsquo;est une discrimination fond\u00e9e sur le sexe, ce qui est interdit. Il faut \u00e9crire\u00a0\u00ables salari\u00e9s doivent respecter les horaires\u00bb\u00a0<\/em><\/p>\n<h2 id=\"V\">Les mentions pouvant figurer dans le r\u00e8glement int\u00e9rieur d&rsquo;une entreprise<\/h2>\n<p>Le r\u00e8glement int\u00e9rieur peut contenir des dispositions relatives au<strong>\u00a0principe de neutralit\u00e9, <\/strong>ce qui va, par cons\u00e9quent,\u00a0restreindre\u00a0la manifestation des convictions des salari\u00e9s.<\/p>\n<p>Cependant, ces <strong>restrictions<\/strong> doivent l\u00e0 aussi, \u00eatre\u00a0<strong>justifi\u00e9es<\/strong> :<\/p>\n<ul>\n<li>\n<strong>Par l&rsquo;exercice d&rsquo;autres libert\u00e9s et droits fondamentaux<\/strong> (droit fondamental \u00e0 la sant\u00e9 et la s\u00e9curit\u00e9 par exemple) ;<\/li>\n<li>Ou par les n\u00e9cessit\u00e9s du <b>bon fonctionnement de l&rsquo;entreprise <\/b>(\u00e9viter\u00a0les pressions, les provocations)<strong>\u00a0<\/strong>et si elles sont<b> proportionn\u00e9es au but recherch\u00e9<\/b>.<\/li>\n<\/ul>\n<p>Cependant, la\u00a0clause de neutralit\u00e9 est valable et non discriminatoire si elle est <strong>g\u00e9n\u00e9rale et indiff\u00e9renci\u00e9e.<\/strong>\u00a0Elle doit alors\u00a0interdire\u00a0le port visible de tout signe<strong> politique, philosophique ou religieux<\/strong> sur le lieu de travail. De cette mani\u00e8re, tous les salari\u00e9s de l\u2019entreprise sont trait\u00e9s de fa\u00e7on identique.<\/p>\n<p>Il faut aussi prendre soin d&rsquo;expliquer<strong>\u00a0les raisons<\/strong> pour lesquelles des limitations sont apport\u00e9es aux manifestations des convictions des salari\u00e9s.<\/p>\n<details>\n<summary><strong>Sources<\/strong> :<\/summary>\n<p><strong>Articles :<\/strong><\/p>\n<ul>\n<li>\n<a href=\"https:\/\/www.legifrance.gouv.fr\/affichCodeArticle.do;jsessionid=59331C88596AD7D9C6508F9D08E6239C.tplgfr41s_3?idArticle=LEGIARTI000025578835&amp;cidTexte=LEGITEXT000006072050&amp;dateTexte=20190627\">L. 1311-2 du Code du travail<\/a>\u00a0sur l&rsquo;obligation de mettre en place un r\u00e8glement int\u00e9rieur<\/li>\n<li>\n<a href=\"https:\/\/www.legifrance.gouv.fr\/affichCodeArticle.do;jsessionid=59331C88596AD7D9C6508F9D08E6239C.tplgfr41s_3?idArticle=LEGIARTI000035652969&amp;cidTexte=LEGITEXT000006072050&amp;dateTexte=20190627&amp;categorieLien=id&amp;oldAction=&amp;nbResultRech=\">L.1321-4\u00a0du Code du travail<\/a> sur la proc\u00e9dure \u00e0 suivre pour cr\u00e9er un r\u00e8glement int\u00e9rieur<\/li>\n<li>\n<a href=\"https:\/\/www.legifrance.gouv.fr\/affichCodeArticle.do;jsessionid=A68DA228C32B2793935C8B0E1A799B5E.tplgfr36s_2?idArticle=LEGIARTI000006901432&amp;cidTexte=LEGITEXT000006072050&amp;dateTexte=20190101&amp;categorieLien=id&amp;oldAction=\">L.1321-1<\/a> et\u00a0<a href=\"https:\/\/www.legifrance.gouv.fr\/affichCodeArticle.do;jsessionid=A68DA228C32B2793935C8B0E1A799B5E.tplgfr36s_2?idArticle=LEGIARTI000033019909&amp;cidTexte=LEGITEXT000006072050&amp;dateTexte=20190101&amp;categorieLien=id&amp;oldAction=&amp;nbResultRech=\">Article L.1321-2 du Code du travail<\/a> sur les mentions obligatoires devant figurer dans un r\u00e8glement int\u00e9rieur<\/li>\n<li>\n<a href=\"https:\/\/www.legifrance.gouv.fr\/affichCodeArticle.do;jsessionid=A68DA228C32B2793935C8B0E1A799B5E.tplgfr36s_2?idArticle=LEGIARTI000033001625&amp;cidTexte=LEGITEXT000006072050&amp;dateTexte=20190101&amp;categorieLien=id&amp;oldAction=&amp;nbResultRech=\">L.1321-2-1 du Code du travail<\/a> sur les mentions pouvant figurer dans le r\u00e8glement int\u00e9rieur<\/li>\n<li>\n<a href=\"https:\/\/www.legifrance.gouv.fr\/affichCodeArticle.do;jsessionid=A68DA228C32B2793935C8B0E1A799B5E.tplgfr36s_2?idArticle=LEGIARTI000033975667&amp;cidTexte=LEGITEXT000006072050&amp;dateTexte=20190101&amp;categorieLien=id&amp;oldAction=&amp;nbResultRech=\">L.1321-3 du Code du travail<\/a> sur les mentions interdites dans le r\u00e8glement int\u00e9rieur<\/li>\n<li>\n<a href=\"https:\/\/www.legifrance.gouv.fr\/affichCodeArticle.do?idArticle=LEGIARTI000038590044&amp;cidTexte=LEGITEXT000006072050&amp;dateTexte=20190628\">L.1132-1 du Code du travail<\/a> sur les crit\u00e8res discriminatoires<\/li>\n<\/ul>\n<\/details>\n<p><\/p>\n<div class=\"wp-block-button\" style=\"text-align:center;\"><a class=\"wp-block-button__link has-background\" href=\"https:\/\/www.legalvision.fr\/tous-les-services\/\">Voir les services LegalVision<\/a><\/div>\n","protected":false},"excerpt":{"rendered":"<p>Le r\u00e8glement int\u00e9rieur est un document pr\u00e9cisant\u00a0un certain nombre d&rsquo;obligations que le salari\u00e9 et l&#8217;employeur doivent respecter \u00e0 l&rsquo;int\u00e9rieur de l&rsquo;entreprise. Il est obligatoire \u00e0 partir d&rsquo;un certain nombre de salari\u00e9s.\u00a0Instaurant des r\u00e8gles, le r\u00e8glement int\u00e9rieur d&rsquo;une entreprise traduit\u00a0le pouvoir disciplinaire de l&#8217;employeur. Il n&rsquo;existe pas un seul et unique mod\u00e8le de r\u00e8glement int\u00e9rieur. doit&hellip; <a class=\"more-link\" href=\"https:\/\/www.legalvision.fr\/guides-juridiques\/droit-du-travail\/reglement-interieur-entreprise-comment-le-rediger\/\">Poursuivre la lecture <span class=\"screen-reader-text\">Le r\u00e8glement int\u00e9rieur d&rsquo;une entreprise : comment le r\u00e9diger ?<\/span><\/a><\/p>\n","protected":false},"author":30,"featured_media":24746,"comment_status":"open","ping_status":"open","sticky":false,"template":"","format":"standard","meta":{"content-type":"","inline_featured_image":false,"footnotes":""},"categories":[2485],"tags":[],"class_list":["post-17634","post","type-post","status-publish","format-standard","has-post-thumbnail","hentry","category-droit-du-travail","entry"],"yoast_head":"<!-- This site is optimized with the Yoast SEO plugin v27.1.1 - https:\/\/yoast.com\/product\/yoast-seo-wordpress\/ -->\n<title>R\u00e8glement int\u00e9rieur d&#039;une entreprise : comment le r\u00e9diger ?<\/title>\n<meta name=\"description\" content=\"Le r\u00e8glement int\u00e9rieur d&#039;une entreprise est essentiel pour assurer le respect des r\u00e8gles. LegalVision vous explique ici, comment le r\u00e9diger.\" \/>\n<meta name=\"robots\" content=\"index, follow, max-snippet:-1, max-image-preview:large, max-video-preview:-1\" \/>\n<link rel=\"canonical\" href=\"https:\/\/www.legalvision.fr\/guides-juridiques\/droit-du-travail\/reglement-interieur-entreprise-comment-le-rediger\/\" \/>\n<meta property=\"og:locale\" content=\"fr_FR\" \/>\n<meta property=\"og:type\" content=\"article\" \/>\n<meta property=\"og:title\" content=\"R\u00e8glement int\u00e9rieur d&#039;une entreprise : comment le r\u00e9diger ?\" \/>\n<meta property=\"og:description\" content=\"Le r\u00e8glement int\u00e9rieur d&#039;une entreprise est essentiel pour assurer le respect des r\u00e8gles. LegalVision vous explique ici, comment le r\u00e9diger.\" \/>\n<meta property=\"og:url\" content=\"https:\/\/www.legalvision.fr\/guides-juridiques\/droit-du-travail\/reglement-interieur-entreprise-comment-le-rediger\/\" \/>\n<meta property=\"og:site_name\" content=\"Guides juridiques\" \/>\n<meta property=\"article:published_time\" content=\"2019-07-15T06:30:40+00:00\" \/>\n<meta property=\"article:modified_time\" content=\"2022-03-27T19:20:53+00:00\" \/>\n<meta property=\"og:image\" content=\"https:\/\/www.legalvision.fr\/guides-juridiques\/wp-content\/uploads\/2019\/07\/r\u00e8glement-int\u00e9rieur-dune-entreprise-min.jpg\" \/>\n\t<meta property=\"og:image:width\" content=\"958\" \/>\n\t<meta property=\"og:image:height\" content=\"350\" \/>\n\t<meta property=\"og:image:type\" content=\"image\/jpeg\" \/>\n<meta name=\"author\" content=\"William Lebrun\" \/>\n<meta name=\"twitter:card\" content=\"summary_large_image\" \/>\n<meta name=\"twitter:label1\" content=\"\u00c9crit par\" \/>\n\t<meta name=\"twitter:data1\" content=\"William Lebrun\" \/>\n\t<meta name=\"twitter:label2\" content=\"Dur\u00e9e de lecture estim\u00e9e\" \/>\n\t<meta name=\"twitter:data2\" content=\"9 minutes\" \/>\n<script type=\"application\/ld+json\" class=\"yoast-schema-graph\">{\"@context\":\"https:\/\/schema.org\",\"@graph\":[{\"@type\":\"Article\",\"@id\":\"https:\/\/www.legalvision.fr\/guides-juridiques\/droit-du-travail\/reglement-interieur-entreprise-comment-le-rediger\/#article\",\"isPartOf\":{\"@id\":\"https:\/\/www.legalvision.fr\/guides-juridiques\/droit-du-travail\/reglement-interieur-entreprise-comment-le-rediger\/\"},\"author\":{\"name\":\"William Lebrun\",\"@id\":\"https:\/\/www.legalvision.fr\/guides-juridiques\/#\/schema\/person\/3d24d0c20575138ed212b2e4b6f7b4b0\"},\"headline\":\"Le r\u00e8glement int\u00e9rieur d&rsquo;une entreprise : comment le r\u00e9diger ?\",\"datePublished\":\"2019-07-15T06:30:40+00:00\",\"dateModified\":\"2022-03-27T19:20:53+00:00\",\"mainEntityOfPage\":{\"@id\":\"https:\/\/www.legalvision.fr\/guides-juridiques\/droit-du-travail\/reglement-interieur-entreprise-comment-le-rediger\/\"},\"wordCount\":1992,\"commentCount\":0,\"publisher\":{\"@id\":\"https:\/\/www.legalvision.fr\/guides-juridiques\/#organization\"},\"image\":{\"@id\":\"https:\/\/www.legalvision.fr\/guides-juridiques\/droit-du-travail\/reglement-interieur-entreprise-comment-le-rediger\/#primaryimage\"},\"thumbnailUrl\":\"https:\/\/www.legalvision.fr\/guides-juridiques\/wp-content\/uploads\/2019\/07\/r\u00e8glement-int\u00e9rieur-dune-entreprise-min.jpg\",\"articleSection\":[\"Droit du travail\"],\"inLanguage\":\"fr-FR\",\"potentialAction\":[{\"@type\":\"CommentAction\",\"name\":\"Comment\",\"target\":[\"https:\/\/www.legalvision.fr\/guides-juridiques\/droit-du-travail\/reglement-interieur-entreprise-comment-le-rediger\/#respond\"]}]},{\"@type\":\"WebPage\",\"@id\":\"https:\/\/www.legalvision.fr\/guides-juridiques\/droit-du-travail\/reglement-interieur-entreprise-comment-le-rediger\/\",\"url\":\"https:\/\/www.legalvision.fr\/guides-juridiques\/droit-du-travail\/reglement-interieur-entreprise-comment-le-rediger\/\",\"name\":\"R\u00e8glement int\u00e9rieur d'une entreprise : comment le r\u00e9diger ?\",\"isPartOf\":{\"@id\":\"https:\/\/www.legalvision.fr\/guides-juridiques\/#website\"},\"primaryImageOfPage\":{\"@id\":\"https:\/\/www.legalvision.fr\/guides-juridiques\/droit-du-travail\/reglement-interieur-entreprise-comment-le-rediger\/#primaryimage\"},\"image\":{\"@id\":\"https:\/\/www.legalvision.fr\/guides-juridiques\/droit-du-travail\/reglement-interieur-entreprise-comment-le-rediger\/#primaryimage\"},\"thumbnailUrl\":\"https:\/\/www.legalvision.fr\/guides-juridiques\/wp-content\/uploads\/2019\/07\/r\u00e8glement-int\u00e9rieur-dune-entreprise-min.jpg\",\"datePublished\":\"2019-07-15T06:30:40+00:00\",\"dateModified\":\"2022-03-27T19:20:53+00:00\",\"description\":\"Le r\u00e8glement int\u00e9rieur d'une entreprise est essentiel pour assurer le respect des r\u00e8gles. LegalVision vous explique ici, comment le r\u00e9diger.\",\"breadcrumb\":{\"@id\":\"https:\/\/www.legalvision.fr\/guides-juridiques\/droit-du-travail\/reglement-interieur-entreprise-comment-le-rediger\/#breadcrumb\"},\"inLanguage\":\"fr-FR\",\"potentialAction\":[{\"@type\":\"ReadAction\",\"target\":[\"https:\/\/www.legalvision.fr\/guides-juridiques\/droit-du-travail\/reglement-interieur-entreprise-comment-le-rediger\/\"]}]},{\"@type\":\"ImageObject\",\"inLanguage\":\"fr-FR\",\"@id\":\"https:\/\/www.legalvision.fr\/guides-juridiques\/droit-du-travail\/reglement-interieur-entreprise-comment-le-rediger\/#primaryimage\",\"url\":\"https:\/\/www.legalvision.fr\/guides-juridiques\/wp-content\/uploads\/2019\/07\/r\u00e8glement-int\u00e9rieur-dune-entreprise-min.jpg\",\"contentUrl\":\"https:\/\/www.legalvision.fr\/guides-juridiques\/wp-content\/uploads\/2019\/07\/r\u00e8glement-int\u00e9rieur-dune-entreprise-min.jpg\",\"width\":958,\"height\":350,\"caption\":\"R\u00e8glement int\u00e9rieur d'une entreprise\"},{\"@type\":\"BreadcrumbList\",\"@id\":\"https:\/\/www.legalvision.fr\/guides-juridiques\/droit-du-travail\/reglement-interieur-entreprise-comment-le-rediger\/#breadcrumb\",\"itemListElement\":[{\"@type\":\"ListItem\",\"position\":1,\"name\":\"Accueil\",\"item\":\"https:\/\/www.legalvision.fr\/guides-juridiques\/\"},{\"@type\":\"ListItem\",\"position\":2,\"name\":\"Droit du travail\",\"item\":\"https:\/\/www.legalvision.fr\/guides-juridiques\/droit-du-travail\/\"},{\"@type\":\"ListItem\",\"position\":3,\"name\":\"Le r\u00e8glement int\u00e9rieur d&rsquo;une entreprise : comment le r\u00e9diger ?\"}]},{\"@type\":\"WebSite\",\"@id\":\"https:\/\/www.legalvision.fr\/guides-juridiques\/#website\",\"url\":\"https:\/\/www.legalvision.fr\/guides-juridiques\/\",\"name\":\"Guides juridiques\",\"description\":\"L&#039;information juridique \u00e0 destination des entreprises et TPE\",\"publisher\":{\"@id\":\"https:\/\/www.legalvision.fr\/guides-juridiques\/#organization\"},\"potentialAction\":[{\"@type\":\"SearchAction\",\"target\":{\"@type\":\"EntryPoint\",\"urlTemplate\":\"https:\/\/www.legalvision.fr\/guides-juridiques\/?s={search_term_string}\"},\"query-input\":{\"@type\":\"PropertyValueSpecification\",\"valueRequired\":true,\"valueName\":\"search_term_string\"}}],\"inLanguage\":\"fr-FR\"},{\"@type\":\"Organization\",\"@id\":\"https:\/\/www.legalvision.fr\/guides-juridiques\/#organization\",\"name\":\"Guides juridiques\",\"url\":\"https:\/\/www.legalvision.fr\/guides-juridiques\/\",\"logo\":{\"@type\":\"ImageObject\",\"inLanguage\":\"fr-FR\",\"@id\":\"https:\/\/www.legalvision.fr\/guides-juridiques\/#\/schema\/logo\/image\/\",\"url\":\"https:\/\/www.legalvision.fr\/guides-juridiques\/wp-content\/uploads\/2022\/10\/LV-Logotype.png\",\"contentUrl\":\"https:\/\/www.legalvision.fr\/guides-juridiques\/wp-content\/uploads\/2022\/10\/LV-Logotype.png\",\"width\":647,\"height\":125,\"caption\":\"Guides juridiques\"},\"image\":{\"@id\":\"https:\/\/www.legalvision.fr\/guides-juridiques\/#\/schema\/logo\/image\/\"}},{\"@type\":\"Person\",\"@id\":\"https:\/\/www.legalvision.fr\/guides-juridiques\/#\/schema\/person\/3d24d0c20575138ed212b2e4b6f7b4b0\",\"name\":\"William Lebrun\",\"image\":{\"@type\":\"ImageObject\",\"inLanguage\":\"fr-FR\",\"@id\":\"https:\/\/www.legalvision.fr\/guides-juridiques\/#\/schema\/person\/image\/\",\"url\":\"https:\/\/www.legalvision.fr\/guides-juridiques\/wp-content\/uploads\/2023\/07\/cropped-homme1-96x96.png\",\"contentUrl\":\"https:\/\/www.legalvision.fr\/guides-juridiques\/wp-content\/uploads\/2023\/07\/cropped-homme1-96x96.png\",\"caption\":\"William Lebrun\"},\"description\":\"B\u00e9n\u00e9ficiant de la formation d'un double dipl\u00f4me en droit des affaires et en \u00e9cole de commerce, j'ai un fort attrait pour le droit des soci\u00e9t\u00e9s. Je r\u00e9dige des articles pour vous aider sur vos probl\u00e9matiques.\",\"url\":\"https:\/\/www.legalvision.fr\/guides-juridiques\/author\/aina-rakoto\/\"}]}<\/script>\n<!-- \/ Yoast SEO plugin. -->","yoast_head_json":{"title":"R\u00e8glement int\u00e9rieur d'une entreprise : comment le r\u00e9diger ?","description":"Le r\u00e8glement int\u00e9rieur d'une entreprise est essentiel pour assurer le respect des r\u00e8gles. LegalVision vous explique ici, comment le r\u00e9diger.","robots":{"index":"index","follow":"follow","max-snippet":"max-snippet:-1","max-image-preview":"max-image-preview:large","max-video-preview":"max-video-preview:-1"},"canonical":"https:\/\/www.legalvision.fr\/guides-juridiques\/droit-du-travail\/reglement-interieur-entreprise-comment-le-rediger\/","og_locale":"fr_FR","og_type":"article","og_title":"R\u00e8glement int\u00e9rieur d'une entreprise : comment le r\u00e9diger ?","og_description":"Le r\u00e8glement int\u00e9rieur d'une entreprise est essentiel pour assurer le respect des r\u00e8gles. LegalVision vous explique ici, comment le r\u00e9diger.","og_url":"https:\/\/www.legalvision.fr\/guides-juridiques\/droit-du-travail\/reglement-interieur-entreprise-comment-le-rediger\/","og_site_name":"Guides juridiques","article_published_time":"2019-07-15T06:30:40+00:00","article_modified_time":"2022-03-27T19:20:53+00:00","og_image":[{"width":958,"height":350,"url":"https:\/\/www.legalvision.fr\/guides-juridiques\/wp-content\/uploads\/2019\/07\/r\u00e8glement-int\u00e9rieur-dune-entreprise-min.jpg","type":"image\/jpeg"}],"author":"William Lebrun","twitter_card":"summary_large_image","twitter_misc":{"\u00c9crit par":"William Lebrun","Dur\u00e9e de lecture estim\u00e9e":"9 minutes"},"schema":{"@context":"https:\/\/schema.org","@graph":[{"@type":"Article","@id":"https:\/\/www.legalvision.fr\/guides-juridiques\/droit-du-travail\/reglement-interieur-entreprise-comment-le-rediger\/#article","isPartOf":{"@id":"https:\/\/www.legalvision.fr\/guides-juridiques\/droit-du-travail\/reglement-interieur-entreprise-comment-le-rediger\/"},"author":{"name":"William Lebrun","@id":"https:\/\/www.legalvision.fr\/guides-juridiques\/#\/schema\/person\/3d24d0c20575138ed212b2e4b6f7b4b0"},"headline":"Le r\u00e8glement int\u00e9rieur d&rsquo;une entreprise : comment le r\u00e9diger ?","datePublished":"2019-07-15T06:30:40+00:00","dateModified":"2022-03-27T19:20:53+00:00","mainEntityOfPage":{"@id":"https:\/\/www.legalvision.fr\/guides-juridiques\/droit-du-travail\/reglement-interieur-entreprise-comment-le-rediger\/"},"wordCount":1992,"commentCount":0,"publisher":{"@id":"https:\/\/www.legalvision.fr\/guides-juridiques\/#organization"},"image":{"@id":"https:\/\/www.legalvision.fr\/guides-juridiques\/droit-du-travail\/reglement-interieur-entreprise-comment-le-rediger\/#primaryimage"},"thumbnailUrl":"https:\/\/www.legalvision.fr\/guides-juridiques\/wp-content\/uploads\/2019\/07\/r\u00e8glement-int\u00e9rieur-dune-entreprise-min.jpg","articleSection":["Droit du travail"],"inLanguage":"fr-FR","potentialAction":[{"@type":"CommentAction","name":"Comment","target":["https:\/\/www.legalvision.fr\/guides-juridiques\/droit-du-travail\/reglement-interieur-entreprise-comment-le-rediger\/#respond"]}]},{"@type":"WebPage","@id":"https:\/\/www.legalvision.fr\/guides-juridiques\/droit-du-travail\/reglement-interieur-entreprise-comment-le-rediger\/","url":"https:\/\/www.legalvision.fr\/guides-juridiques\/droit-du-travail\/reglement-interieur-entreprise-comment-le-rediger\/","name":"R\u00e8glement int\u00e9rieur d'une entreprise : comment le r\u00e9diger ?","isPartOf":{"@id":"https:\/\/www.legalvision.fr\/guides-juridiques\/#website"},"primaryImageOfPage":{"@id":"https:\/\/www.legalvision.fr\/guides-juridiques\/droit-du-travail\/reglement-interieur-entreprise-comment-le-rediger\/#primaryimage"},"image":{"@id":"https:\/\/www.legalvision.fr\/guides-juridiques\/droit-du-travail\/reglement-interieur-entreprise-comment-le-rediger\/#primaryimage"},"thumbnailUrl":"https:\/\/www.legalvision.fr\/guides-juridiques\/wp-content\/uploads\/2019\/07\/r\u00e8glement-int\u00e9rieur-dune-entreprise-min.jpg","datePublished":"2019-07-15T06:30:40+00:00","dateModified":"2022-03-27T19:20:53+00:00","description":"Le r\u00e8glement int\u00e9rieur d'une entreprise est essentiel pour assurer le respect des r\u00e8gles. LegalVision vous explique ici, comment le r\u00e9diger.","breadcrumb":{"@id":"https:\/\/www.legalvision.fr\/guides-juridiques\/droit-du-travail\/reglement-interieur-entreprise-comment-le-rediger\/#breadcrumb"},"inLanguage":"fr-FR","potentialAction":[{"@type":"ReadAction","target":["https:\/\/www.legalvision.fr\/guides-juridiques\/droit-du-travail\/reglement-interieur-entreprise-comment-le-rediger\/"]}]},{"@type":"ImageObject","inLanguage":"fr-FR","@id":"https:\/\/www.legalvision.fr\/guides-juridiques\/droit-du-travail\/reglement-interieur-entreprise-comment-le-rediger\/#primaryimage","url":"https:\/\/www.legalvision.fr\/guides-juridiques\/wp-content\/uploads\/2019\/07\/r\u00e8glement-int\u00e9rieur-dune-entreprise-min.jpg","contentUrl":"https:\/\/www.legalvision.fr\/guides-juridiques\/wp-content\/uploads\/2019\/07\/r\u00e8glement-int\u00e9rieur-dune-entreprise-min.jpg","width":958,"height":350,"caption":"R\u00e8glement int\u00e9rieur d'une entreprise"},{"@type":"BreadcrumbList","@id":"https:\/\/www.legalvision.fr\/guides-juridiques\/droit-du-travail\/reglement-interieur-entreprise-comment-le-rediger\/#breadcrumb","itemListElement":[{"@type":"ListItem","position":1,"name":"Accueil","item":"https:\/\/www.legalvision.fr\/guides-juridiques\/"},{"@type":"ListItem","position":2,"name":"Droit du travail","item":"https:\/\/www.legalvision.fr\/guides-juridiques\/droit-du-travail\/"},{"@type":"ListItem","position":3,"name":"Le r\u00e8glement int\u00e9rieur d&rsquo;une entreprise : comment le r\u00e9diger ?"}]},{"@type":"WebSite","@id":"https:\/\/www.legalvision.fr\/guides-juridiques\/#website","url":"https:\/\/www.legalvision.fr\/guides-juridiques\/","name":"Guides juridiques","description":"L&#039;information juridique \u00e0 destination des entreprises et TPE","publisher":{"@id":"https:\/\/www.legalvision.fr\/guides-juridiques\/#organization"},"potentialAction":[{"@type":"SearchAction","target":{"@type":"EntryPoint","urlTemplate":"https:\/\/www.legalvision.fr\/guides-juridiques\/?s={search_term_string}"},"query-input":{"@type":"PropertyValueSpecification","valueRequired":true,"valueName":"search_term_string"}}],"inLanguage":"fr-FR"},{"@type":"Organization","@id":"https:\/\/www.legalvision.fr\/guides-juridiques\/#organization","name":"Guides juridiques","url":"https:\/\/www.legalvision.fr\/guides-juridiques\/","logo":{"@type":"ImageObject","inLanguage":"fr-FR","@id":"https:\/\/www.legalvision.fr\/guides-juridiques\/#\/schema\/logo\/image\/","url":"https:\/\/www.legalvision.fr\/guides-juridiques\/wp-content\/uploads\/2022\/10\/LV-Logotype.png","contentUrl":"https:\/\/www.legalvision.fr\/guides-juridiques\/wp-content\/uploads\/2022\/10\/LV-Logotype.png","width":647,"height":125,"caption":"Guides juridiques"},"image":{"@id":"https:\/\/www.legalvision.fr\/guides-juridiques\/#\/schema\/logo\/image\/"}},{"@type":"Person","@id":"https:\/\/www.legalvision.fr\/guides-juridiques\/#\/schema\/person\/3d24d0c20575138ed212b2e4b6f7b4b0","name":"William Lebrun","image":{"@type":"ImageObject","inLanguage":"fr-FR","@id":"https:\/\/www.legalvision.fr\/guides-juridiques\/#\/schema\/person\/image\/","url":"https:\/\/www.legalvision.fr\/guides-juridiques\/wp-content\/uploads\/2023\/07\/cropped-homme1-96x96.png","contentUrl":"https:\/\/www.legalvision.fr\/guides-juridiques\/wp-content\/uploads\/2023\/07\/cropped-homme1-96x96.png","caption":"William Lebrun"},"description":"B\u00e9n\u00e9ficiant de la formation d'un double dipl\u00f4me en droit des affaires et en \u00e9cole de commerce, j'ai un fort attrait pour le droit des soci\u00e9t\u00e9s. Je r\u00e9dige des articles pour vous aider sur vos probl\u00e9matiques.","url":"https:\/\/www.legalvision.fr\/guides-juridiques\/author\/aina-rakoto\/"}]}},"_links":{"self":[{"href":"https:\/\/www.legalvision.fr\/guides-juridiques\/wp-json\/wp\/v2\/posts\/17634","targetHints":{"allow":["GET"]}}],"collection":[{"href":"https:\/\/www.legalvision.fr\/guides-juridiques\/wp-json\/wp\/v2\/posts"}],"about":[{"href":"https:\/\/www.legalvision.fr\/guides-juridiques\/wp-json\/wp\/v2\/types\/post"}],"author":[{"embeddable":true,"href":"https:\/\/www.legalvision.fr\/guides-juridiques\/wp-json\/wp\/v2\/users\/30"}],"replies":[{"embeddable":true,"href":"https:\/\/www.legalvision.fr\/guides-juridiques\/wp-json\/wp\/v2\/comments?post=17634"}],"version-history":[{"count":0,"href":"https:\/\/www.legalvision.fr\/guides-juridiques\/wp-json\/wp\/v2\/posts\/17634\/revisions"}],"wp:featuredmedia":[{"embeddable":true,"href":"https:\/\/www.legalvision.fr\/guides-juridiques\/wp-json\/wp\/v2\/media\/24746"}],"wp:attachment":[{"href":"https:\/\/www.legalvision.fr\/guides-juridiques\/wp-json\/wp\/v2\/media?parent=17634"}],"wp:term":[{"taxonomy":"category","embeddable":true,"href":"https:\/\/www.legalvision.fr\/guides-juridiques\/wp-json\/wp\/v2\/categories?post=17634"},{"taxonomy":"post_tag","embeddable":true,"href":"https:\/\/www.legalvision.fr\/guides-juridiques\/wp-json\/wp\/v2\/tags?post=17634"}],"curies":[{"name":"wp","href":"https:\/\/api.w.org\/{rel}","templated":true}]}}