{"id":17486,"date":"2019-08-04T07:30:13","date_gmt":"2019-08-04T06:30:13","guid":{"rendered":"https:\/\/blog.legalvision.fr\/?p=17486"},"modified":"2023-11-06T17:41:55","modified_gmt":"2023-11-06T16:41:55","slug":"modification-des-statuts-d-une-sarl-suite-a-cession-parts","status":"publish","type":"post","link":"https:\/\/www.legalvision.fr\/guides-juridiques\/sarl\/modification-des-statuts-d-une-sarl-suite-a-cession-parts\/","title":{"rendered":"Modifier les statuts de SARL suite \u00e0 une cession de parts sociales : comment \u00e7a marche ?"},"content":{"rendered":"\t\t<div data-elementor-type=\"wp-post\" data-elementor-id=\"17486\" class=\"elementor elementor-17486\" data-elementor-post-type=\"post\">\n\t\t\t\t<div data-particle_enable=\"false\" data-particle-mobile-disabled=\"false\" class=\"elementor-element elementor-element-b174bad e-flex e-con-boxed e-con e-parent\" data-id=\"b174bad\" data-element_type=\"container\" data-e-type=\"container\">\n\t\t\t\t\t<div class=\"e-con-inner\">\n\t\t\t\t<div class=\"elementor-element elementor-element-7a7ba05 elementor-widget elementor-widget-text-editor\" data-id=\"7a7ba05\" data-element_type=\"widget\" data-e-type=\"widget\" data-widget_type=\"text-editor.default\">\n\t\t\t\t<div class=\"elementor-widget-container\">\n\t\t\t\t\t\t\t\t\t<p>Que se passe-t-il dans une<a href=\"https:\/\/blog.legalvision.fr\/2019\/04\/17\/avantages-et-inconvenients-sarl-tous-les-conseils-d-experts\/\">&nbsp;SARL<\/a>&nbsp;lorsqu\u2019un g\u00e9rant associ\u00e9 souhaite<strong>&nbsp;quitter la soci\u00e9t\u00e9<\/strong>&nbsp;? Nous allons voir que le d\u00e9part d&rsquo;un g\u00e9rant associ\u00e9 implique notamment une proc\u00e9dure de modification des statuts d\u2019une SARL suite \u00e0 cession parts.<\/p>\n<p>Les cons\u00e9quences juridiques sont alors de deux ordres&nbsp;: il faudra que le g\u00e9rant associ\u00e9&nbsp;<strong>c\u00e8de ses parts<\/strong>&nbsp;et qu\u2019il&nbsp;<strong>quitte officiellement ses fonctions<\/strong>. Ces \u00e9tapes impliquent la&nbsp;<strong>modification des statuts<\/strong>&nbsp;d\u2019une SARL suite \u00e0 cession parts.<\/p>\n<p>Il faut noter qu&rsquo;il n\u2019y a pas d\u2019ordre dans ces proc\u00e9dures&nbsp;: un g\u00e9rant peut choisir de quitter ses fonctions puis de c\u00e9der ses parts, ou c\u00e9der ses parts puis quitter ses fonctions. En effet, un g\u00e9rant d\u2019une SARL n\u2019a pas l\u2019obligation de poss\u00e9der des parts sociales, et, inversement, un associ\u00e9 n\u2019est pas forc\u00e9ment g\u00e9rant.<\/p>\n<h5><strong>&nbsp;<\/strong><\/h5>\n<h5><strong>Quelques pr\u00e9cisions pour commencer<\/strong><\/h5>\n<p>L\u2019article ne vise ici que la cession de parts sociales SARL avec changement de g\u00e9rant. Ce cas de figure implique donc&nbsp;que le g\u00e9rant poss\u00e8de des parts sociales. Cependant, tous les g\u00e9rants des SARL ne poss\u00e8dent pas forc\u00e9ment des parts sociales&nbsp;: un g\u00e9rant n\u2019est pas forc\u00e9ment associ\u00e9.<\/p>\n<p>Un&nbsp;<a href=\"https:\/\/blog.legalvision.fr\/2018\/02\/28\/dirigeant-non-associe\/\">g\u00e9rant qui n\u2019est&nbsp;<strong>pas associ\u00e9<\/strong><\/a>&nbsp;et qui veut quitter une SARL aura&nbsp;<strong>moins de formalit\u00e9s<\/strong>&nbsp;\u00e0 accomplir. Ainsi, il n\u2019aura pas \u00e0 respecter la proc\u00e9dure de cession de parts, qui implique la modification des statuts d\u2019une SARL suite \u00e0 cession parts, puisqu\u2019il ne d\u00e9tient pas de parts sociales. En effet, seuls les g\u00e9rants dont l\u2019identit\u00e9 est mentionn\u00e9e dans les&nbsp;<a href=\"https:\/\/blog.legalvision.fr\/2018\/05\/04\/statut-sarl\/\">statuts<\/a>&nbsp;devront les modifier, sachant que le g\u00e9rant peut avoir \u00e9t\u00e9 nomm\u00e9 par un acte post\u00e9rieur aux statuts.<\/p>\n<p>Ces pr\u00e9cisions faites, il s\u2019agit maintenant de savoir comment un g\u00e9rant associ\u00e9 d\u2019une SARL dont le nom est mentionn\u00e9 dans les statuts doit proc\u00e9der pour quitter la soci\u00e9t\u00e9.<\/p>\n<p>En d\u2019autres termes, le d\u00e9part d\u2019un g\u00e9rant associ\u00e9 implique deux \u00e9tapes&nbsp;:<\/p>\n<ul>\n<li>La cession des parts sociales ;<\/li>\n<li>La modification des statuts.<\/li>\n<\/ul>\n<h3>Sommaire<\/h3>\n<p><a href=\"#I\"><strong>I\/ Cession des parts sociales du g\u00e9rant associ\u00e9 : comment \u00e7a marche ?<\/strong><\/a><br><strong><a href=\"#II\">II\/ Modification des statuts d\u2019une SARL suite \u00e0 cession parts avec changement de g\u00e9rant : quelle proc\u00e9dure ?<\/a><br><\/strong><a href=\"#III\"><strong>III\/ El\u00e9ments pratiques concernant la modification des statuts d\u2019une SARL suite \u00e0 cession parts<\/strong><\/a><\/p><p><br><\/p>\t\t\t\t\t\t\t\t<\/div>\n\t\t\t\t<\/div>\n\t\t\t\t\t<\/div>\n\t\t\t\t<\/div>\n\t\t<div data-particle_enable=\"false\" data-particle-mobile-disabled=\"false\" class=\"elementor-element elementor-element-3fb57768 e-flex e-con-boxed e-con e-parent\" data-id=\"3fb57768\" data-element_type=\"container\" data-e-type=\"container\">\n\t\t\t\t\t<div class=\"e-con-inner\">\n\t\t\t\t<div class=\"elementor-element elementor-element-4b8f912c elementor-widget elementor-widget-heading\" data-id=\"4b8f912c\" data-element_type=\"widget\" data-e-type=\"widget\" data-widget_type=\"heading.default\">\n\t\t\t\t<div class=\"elementor-widget-container\">\n\t\t\t\t\t<h2 class=\"elementor-heading-title elementor-size-default\">Nos outils pour vous aider : <\/h2>\t\t\t\t<\/div>\n\t\t\t\t<\/div>\n\t\t\t\t\t<\/div>\n\t\t\t\t<\/div>\n\t\t<div data-particle_enable=\"false\" data-particle-mobile-disabled=\"false\" class=\"elementor-element elementor-element-12dbd70c e-flex e-con-boxed e-con e-parent\" data-id=\"12dbd70c\" data-element_type=\"container\" data-e-type=\"container\">\n\t\t\t\t\t<div class=\"e-con-inner\">\n\t\t<div data-particle_enable=\"false\" data-particle-mobile-disabled=\"false\" class=\"elementor-element elementor-element-1f1a247b e-con-full e-flex e-con e-child\" data-id=\"1f1a247b\" data-element_type=\"container\" data-e-type=\"container\">\n\t\t\t\t<div class=\"elementor-element elementor-element-1724269e elementor-widget elementor-widget-button\" data-id=\"1724269e\" data-element_type=\"widget\" data-e-type=\"widget\" data-widget_type=\"button.default\">\n\t\t\t\t<div class=\"elementor-widget-container\">\n\t\t\t\t\t\t\t\t\t<div class=\"elementor-button-wrapper\">\n\t\t\t\t\t<a class=\"elementor-button elementor-button-link elementor-size-sm\" href=\"https:\/\/leonard.fr\/juridique\/modification-societe\/vendre-mes-actions-ou-parts-sociales\/?utm_source=blog&#038;utm_medium=CTA&#038;utm_campaign=modifier_statuts_sarl_suite_cession_parts_sociales&#038;utm_id=cession_blog\" target=\"_blank\">\n\t\t\t\t\t\t<span class=\"elementor-button-content-wrapper\">\n\t\t\t\t\t\t\t\t\t<span class=\"elementor-button-text\">C\u00e9dez vos parts avec nos juristes<\/span>\n\t\t\t\t\t<\/span>\n\t\t\t\t\t<\/a>\n\t\t\t\t<\/div>\n\t\t\t\t\t\t\t\t<\/div>\n\t\t\t\t<\/div>\n\t\t\t\t<\/div>\n\t\t<div data-particle_enable=\"false\" data-particle-mobile-disabled=\"false\" class=\"elementor-element elementor-element-5154c66f e-con-full e-flex e-con e-child\" data-id=\"5154c66f\" data-element_type=\"container\" data-e-type=\"container\">\n\t\t\t\t<div class=\"elementor-element elementor-element-5443146b elementor-widget elementor-widget-button\" data-id=\"5443146b\" data-element_type=\"widget\" data-e-type=\"widget\" data-widget_type=\"button.default\">\n\t\t\t\t<div class=\"elementor-widget-container\">\n\t\t\t\t\t\t\t\t\t<div class=\"elementor-button-wrapper\">\n\t\t\t\t\t<a class=\"elementor-button elementor-button-link elementor-size-sm\" href=\"https:\/\/meetings.hubspot.com\/global\/leonard-rendez-vous-gratuit-avec-un-juriste?utm_source=blog&#038;utm_medium=CTA&#038;utm_campaign=modifier_statuts_sarl_suite_cession_parts_sociales&#038;utm_id=cession_blog\" target=\"_blank\">\n\t\t\t\t\t\t<span class=\"elementor-button-content-wrapper\">\n\t\t\t\t\t\t\t\t\t<span class=\"elementor-button-text\">Soyez rappel\u00e9 par un juriste gratuitement<\/span>\n\t\t\t\t\t<\/span>\n\t\t\t\t\t<\/a>\n\t\t\t\t<\/div>\n\t\t\t\t\t\t\t\t<\/div>\n\t\t\t\t<\/div>\n\t\t\t\t<\/div>\n\t\t<div data-particle_enable=\"false\" data-particle-mobile-disabled=\"false\" class=\"elementor-element elementor-element-445196bf e-con-full e-flex e-con e-child\" data-id=\"445196bf\" data-element_type=\"container\" data-e-type=\"container\">\n\t\t\t\t<div data-dce-background-color=\"#85D2F1\" class=\"elementor-element elementor-element-20b88123 elementor-widget elementor-widget-button\" data-id=\"20b88123\" data-element_type=\"widget\" data-e-type=\"widget\" data-widget_type=\"button.default\">\n\t\t\t\t<div class=\"elementor-widget-container\">\n\t\t\t\t\t\t\t\t\t<div class=\"elementor-button-wrapper\">\n\t\t\t\t\t<a class=\"elementor-button elementor-button-link elementor-size-sm\" href=\"https:\/\/meetings.hubspot.com\/alexis-egron\/audit-juridique-gratuit?utm_source=blog&#038;utm_medium=CTA&#038;utm_campaign=modifier_statuts_sarl_suite_cession_parts_sociales&#038;utm_id=cession_blog\" target=\"_blank\">\n\t\t\t\t\t\t<span class=\"elementor-button-content-wrapper\">\n\t\t\t\t\t\t\t\t\t<span class=\"elementor-button-text\">Faites un audit juridique gratuit<\/span>\n\t\t\t\t\t<\/span>\n\t\t\t\t\t<\/a>\n\t\t\t\t<\/div>\n\t\t\t\t\t\t\t\t<\/div>\n\t\t\t\t<\/div>\n\t\t\t\t<\/div>\n\t\t\t\t\t<\/div>\n\t\t\t\t<\/div>\n\t\t<div data-particle_enable=\"false\" data-particle-mobile-disabled=\"false\" class=\"elementor-element elementor-element-1dde79ba e-flex e-con-boxed e-con e-parent\" data-id=\"1dde79ba\" data-element_type=\"container\" data-e-type=\"container\">\n\t\t\t\t\t<div class=\"e-con-inner\">\n\t\t\t\t<div class=\"elementor-element elementor-element-5ce39b63 elementor-widget elementor-widget-text-editor\" data-id=\"5ce39b63\" data-element_type=\"widget\" data-e-type=\"widget\" data-widget_type=\"text-editor.default\">\n\t\t\t\t<div class=\"elementor-widget-container\">\n\t\t\t\t\t\t\t\t\t<h2><strong>\u00a0<\/strong><\/h2><h2><strong>\u00a0<\/strong><\/h2><h2><strong>La cession de parts sociales d\u2019une SARL<\/strong><\/h2><p><span style=\"font-weight: 400;\">La cession de parts sociales d\u2019une soci\u00e9t\u00e9 intervient lorsqu\u2019un associ\u00e9 c\u00e9dant (le vendeur) souhaite transmettre \u00e0 un acqu\u00e9reur (le cessionnaire) une partie ou la totalit\u00e9 des droits (titres de propri\u00e9t\u00e9) qu\u2019il d\u00e9tient dans le capital social de l&rsquo;entreprise.<\/span><\/p><p><b>Bon \u00e0 savoir : <\/b><span style=\"font-weight: 400;\">lorsqu\u2019il c\u00e8de de parts sociales entre associ\u00e9s (et notamment d\u2019une SARL), la cession est simplifi\u00e9e. En effet, cette cession n\u2019a pas pour effet de faire entrer un tiers dans le capital social de l\u2019entreprise, d\u00e8s lors que cet acqu\u00e9reur est d&rsquo;ores et d\u00e9j\u00e0 associ\u00e9 de la soci\u00e9t\u00e9.\u00a0<\/span><\/p><p><span style=\"font-weight: 400;\">Il n\u2019est pas rare de voir les parts sociales d\u2019une soci\u00e9t\u00e9 \u00e9voluer au cours de la vie d\u2019une soci\u00e9t\u00e9, et ce, pour diff\u00e9rentes raisons (cession, dissolution de la soci\u00e9t\u00e9, augmentation ou diminution du capital social de l\u2019entreprise, etc.).<\/span><\/p><p><span style=\"font-weight: 400;\">Tout d\u2019abord, il faut pr\u00e9ciser qu\u2019une part sociale correspond \u00e0 un titre de propri\u00e9t\u00e9 qu\u2019un associ\u00e9 d\u00e9tient du capital d\u2019une soci\u00e9t\u00e9. La d\u00e9tention de parts sociales d\u2019une soci\u00e9t\u00e9 permet d\u2019obtenir la qualit\u00e9 d\u2019associ\u00e9 de l\u2019entreprise en conf\u00e8re des droits, qui peuvent \u00eatre des droits politiques (le droit de vote, par exemple) ou p\u00e9cuniaires (la r\u00e9mun\u00e9ration par le biais des dividendes), et des obligations.<\/span><\/p><p><span style=\"font-weight: 400;\">Les parts sociales sont ainsi divis\u00e9es entre les associ\u00e9s de la soci\u00e9t\u00e9, proportionnellement au montant des apports en nature ou en num\u00e9raire par exemple. C\u2019est les statuts de la soci\u00e9t\u00e9 qui pr\u00e9cise cette r\u00e9partition entre les associ\u00e9s.<\/span><\/p><p><span style=\"font-weight: 400;\">L\u2019ensemble des parts sociales d\u2019une soci\u00e9t\u00e9 va composer le capital social de l\u2019entreprise. Ce capital social est compos\u00e9 de parts sociales, qui sont <\/span><span style=\"font-weight: 400;\">offertes \u00e0 un associ\u00e9 en contrepartie de l\u2019apport qu\u2019il a r\u00e9alis\u00e9.\u00a0<\/span><\/p><h2><strong>\u00a0<\/strong><\/h2><h2><strong>Quelles sont les \u00e9tapes permettant de c\u00e9der des parts sociales d\u2019une SARL ?\u00a0<\/strong><\/h2><p><span style=\"font-weight: 400;\">Il faut dans un premier temps rappel\u00e9 que la cession de parts sociales, dans le cadre d\u2019une SARL, va suivre une logique propre \u00e0 cette forme de soci\u00e9t\u00e9. En effet, l\u2019une des caract\u00e9ristiques de la SARL est que la qualit\u00e9 des associ\u00e9s est d\u00e9terminante (<\/span><i><span style=\"font-weight: 400;\">intuitu personae), <\/span><\/i><span style=\"font-weight: 400;\">\u00e0 la diff\u00e9rence par exemple de la SAS<\/span><i><span style=\"font-weight: 400;\">.\u00a0<\/span><\/i><\/p><p><span style=\"font-weight: 400;\">Autrement dit, l\u2019entr\u00e9e ou la sortie d\u2019un associ\u00e9 doit se faire selon un proc\u00e9dure sp\u00e9cifique. Il existe notamment la clause d\u2019agr\u00e9ment qui oblige \u00e0 recevoir l\u2019agr\u00e9ment des autres associ\u00e9s pour qu\u2019une cession envers un tiers soit accept\u00e9e.\u00a0<\/span><\/p><p><span style=\"font-weight: 400;\">La cession de parts sociales suit une proc\u00e9dure stricte d\u00e9finie par la loi, mais qui peut \u00eatre \u00e9galement compl\u00e9t\u00e9e ou modifi\u00e9e par les statuts tels qu\u2019ils ont \u00e9t\u00e9 d\u00e9finis lors de la cr\u00e9ation de la soci\u00e9t\u00e9.\u00a0<\/span><\/p><p><span style=\"font-weight: 400;\">Ainsi, par exemple, l\u2019agr\u00e9ment des associ\u00e9s n\u2019est pas obligatoire car les parts sociales sont librement cessibles entre associ\u00e9s. N\u00e9anmoins, il est tr\u00e8s fr\u00e9quent de voir les statuts de la SARL pr\u00e9voir un agr\u00e9ment (une approbation \u00e0 l\u2019unanimit\u00e9 ou \u00e0 la majorit\u00e9) des associ\u00e9s pour proc\u00e9der \u00e0 cette vente, selon des modalit\u00e9s fix\u00e9es.\u00a0<\/span><\/p><p><span style=\"font-weight: 400;\">Ensuite, existe de tr\u00e8s nombreuses \u00e9tapes indispensable pour r\u00e9aliser cette cession, \u00e0 savoir, la r\u00e9daction de l&rsquo;acte de cession, l&rsquo;information des salari\u00e9s si l\u2019entreprise comporte moins de 250 salari\u00e9s, que le chiffre d&rsquo;affaires annuel de l&rsquo;entreprise n\u2019exc\u00e8de pas 50 millions d&rsquo;euros et que sa vente de parts repr\u00e9sente plus de 50 % des parts sociales du capital de la soci\u00e9t\u00e9).\u00a0<\/span><\/p><p><span style=\"font-weight: 400;\">Il faut aussi pr\u00e9voir la garantie de l&rsquo;actif et du passif, l\u2019enregistrement de la cession, la modification des statuts, et veillez \u00e0 respecter les dispositions fiscales lorsque vous avez r\u00e9alis\u00e9 une plus-value sur la cession.\u00a0<\/span><\/p><h2 id=\"I\"><strong>\u00a0<\/strong><\/h2><h2 id=\"I\"><strong>I\/ Cession des parts sociales du g\u00e9rant associ\u00e9 : comment \u00e7a marche ?<\/strong><\/h2><p>Un g\u00e9rant qui poss\u00e8de des parts sociales doit les c\u00e9der lorsqu\u2019il se retire totalement de la soci\u00e9t\u00e9. Il faut alors qu\u2019il proc\u00e8de \u00e0 la cession de ses parts sociales, cession qui impactera de mani\u00e8re plus ou moins importante la soci\u00e9t\u00e9 selon que le\u00a0<strong>g\u00e9rant<\/strong>\u00a0est\u00a0<strong>associ\u00e9 minoritaire<\/strong>\u00a0ou\u00a0<strong>majoritaire<\/strong>.<\/p><p>Toutefois, la SARL est une soci\u00e9t\u00e9 o\u00f9 il existe un \u00ab\u00a0<em>intuitu personae<\/em>\u00a0\u00bb. Cette expression signifie que la personne m\u00eame de l&rsquo;associ\u00e9 de la SARL importe. L\u2019arriv\u00e9e et le d\u00e9part des associ\u00e9s sont donc soumis \u00e0 des proc\u00e9dures particuli\u00e8res. Le Code de commerce distingue\u00a0<a href=\"https:\/\/blog.legalvision.fr\/2018\/10\/24\/cession-de-parts-sociales-sarl\/\">deux situations<\/a>\u00a0:<\/p><ul><li>La cession des parts sociales au b\u00e9n\u00e9fice d&rsquo;une personne qui n&rsquo;est pas associ\u00e9e de la SARL\u00a0;<\/li><li>La cession des parts sociales au b\u00e9n\u00e9fice d\u2019une personne qui est associ\u00e9e de la SARL, ou de ses proches.<\/li><\/ul><h3><strong>\u00a0<\/strong><\/h3><h3><strong>1. La cession des parts sociales au b\u00e9n\u00e9fice d\u2019un tiers<\/strong><\/h3><p>C\u00e9der ses parts \u00e0 un tiers signifie, en pratique, qu\u2019un nouvel associ\u00e9 va entrer dans la soci\u00e9t\u00e9.\u00a0Il faut alors recourir \u00e0\u00a0une\u00a0<strong>proc\u00e9dure d\u2019agr\u00e9ment<\/strong>. L\u2019associ\u00e9 qui projette de c\u00e9der ses parts doit notifier son projet \u00e0 la soci\u00e9t\u00e9 et \u00e0 chacun des associ\u00e9s en indiquant l&rsquo;identit\u00e9 du tiers qui b\u00e9n\u00e9ficiera de la cession. A l\u2019occasion d\u2019une\u00a0<a href=\"https:\/\/blog.legalvision.fr\/2019\/04\/22\/qu-est-ce-qu-une-assemblee-generale\/\">assembl\u00e9e<\/a>, les associ\u00e9s d\u00e9cident s\u2019ils souhaitent agr\u00e9er ou non le cessionnaire propos\u00e9. Si les associ\u00e9s acceptent, la cession devient d\u00e9finitive\u00a0; si les associ\u00e9s refusent, la cession est emp\u00each\u00e9e. En cas de refus, trois solutions sont pos\u00e9es par le Code de commerce. Dans un d\u00e9lai de 3 mois apr\u00e8s le refus, les associ\u00e9s peuvent\u00a0:<\/p><ul><li>Acqu\u00e9rir eux-m\u00eames les parts de l&rsquo;associ\u00e9 c\u00e9dant ;<\/li><li>Faire acqu\u00e9rir les parts par un tiers qui a leur agr\u00e9ment ;<\/li><li>Faire acqu\u00e9rir les parts par la soci\u00e9t\u00e9 elle-m\u00eame.<\/li><\/ul><p>Il faut aussi noter que l\u2019associ\u00e9 c\u00e9dant dispose d\u2019un droit de repentir et peut renoncer \u00e0 la cession.<\/p><p>Si aucune de ces solutions n\u2019est adopt\u00e9e, la cession initialement projet\u00e9e devient d\u00e9finitive, en d\u00e9pit du refus.<\/p><h3><strong>\u00a0<\/strong><\/h3><h3><strong>2. La cession des parts sociales au b\u00e9n\u00e9fice d\u2019un autre associ\u00e9, du conjoint, des ascendants ou descendants, d\u2019un h\u00e9ritier<\/strong><\/h3><p>Cette cession ne pose pas de difficult\u00e9 et la\u00a0<a href=\"https:\/\/blog.legalvision.fr\/2018\/05\/25\/cession-de-parts-sociales-sarl-entre-associes\/\">proc\u00e9dure est libre<\/a>. Toutefois, les statuts de la soci\u00e9t\u00e9 peuvent pr\u00e9voir une clause d\u2019agr\u00e9ment dans le cas o\u00f9 la cession a lieu au b\u00e9n\u00e9fice d\u2019un associ\u00e9 ou d\u2019un de ses proches. Il faudra donc v\u00e9rifier syst\u00e9matiquement ce point et respecter la proc\u00e9dure d\u2019agr\u00e9ment d\u00e9crite ci-dessus en cas de clause d\u2019agr\u00e9ment.<\/p><h3><strong>\u00a0<\/strong><\/h3><h3><strong>3. Dans tous les cas<\/strong><\/h3><p><strong>La cession de parts doit satisfaire trois conditions cumulatives<\/strong>\u00a0:<\/p><ul><li><u>Exigence d&rsquo;un \u00e9crit :<\/u>\u00a0la cession doit \u00eatre constat\u00e9e par \u00e9crit (proc\u00e8s-verbal de l&rsquo;assembl\u00e9e qui constate l\u2019agr\u00e9ment \u00e0 la cession).<\/li><li><u>L&rsquo;opposabilit\u00e9 \u00e0 la soci\u00e9t\u00e9 :<\/u>\u00a0la cession doit \u00eatre rendue opposable \u00e0 la soci\u00e9t\u00e9 soit par une signification par exploit d&rsquo;huissier, soit par une acceptation dans un acte authentique, soit, depuis une loi de 1988, par le d\u00e9p\u00f4t d&rsquo;un original de l&rsquo;acte de cession au si\u00e8ge de la soci\u00e9t\u00e9 contre remise d&rsquo;un r\u00e9c\u00e9piss\u00e9.<\/li><li><u>L&rsquo;opposabilit\u00e9\u00a0de la cession aux tiers :<\/u>\u00a0il faut alors d\u00e9poser au Registre du commerce et des soci\u00e9t\u00e9s deux\u00a0exp\u00e9ditions\u00a0de l&rsquo;acte de cession si la cession a \u00e9t\u00e9 constat\u00e9e par acte authentique (intervention d\u2019un notaire par exemple) ; ou deux originaux de l&rsquo;acte de cession si la cession a \u00e9t\u00e9 faite sous seing priv\u00e9.<\/li><\/ul><p><strong>Il faudra enfin proc\u00e9der \u00e0 une modification des statuts d\u2019une SARL suite \u00e0 cession parts<\/strong>\u00a0(voir\u00a0<em>infra<\/em>).\u00a0 Cette modification est obligatoire pour enregistrer la cession aupr\u00e8s du greffe du tribunal de commerce.<\/p><h3><b>\u00a0<\/b><\/h3><h3><b>L\u2019opposabilit\u00e9 de la cession \u00e0 la SARL<\/b><\/h3><p><span style=\"font-weight: 400;\">M\u00eame en cas de cession de parts sociales SARL entre associ\u00e9s, il sera n\u00e9cessaire de rendre la cession opposable \u00e0 la soci\u00e9t\u00e9.<\/span><\/p><p><span style=\"font-weight: 400;\">Pour ce faire, il est possible de signifier l\u2019acte de cession \u00e0 la soci\u00e9t\u00e9 par voie d\u2019huissier. Sinon, il est possible de rendre la cession opposable \u00e0 la soci\u00e9t\u00e9 en proc\u00e9dant au d\u00e9p\u00f4t d\u2019un exemplaire de l\u2019acte de cession au si\u00e8ge social de la SARL ; ce d\u00e9p\u00f4t doit se faire contre remise d\u2019une attestation de d\u00e9p\u00f4t.<\/span><\/p><p><span style=\"font-weight: 400;\">En outre, d\u00e8s l\u2019accomplissement de la cession l\u2019acheteur aura droit aux dividendes et au droit de vote.<\/span><\/p><p><span style=\"font-weight: 400;\">Enfin, il faut noter qu\u2019il n\u2019y a <\/span><b>pas d\u2019interaction entre cession de parts sociales et compte courant d\u2019associ\u00e9<\/b><span style=\"font-weight: 400;\">. En effet, la cession de parts sociales entre associ\u00e9s d\u2019une SARL n\u2019entra\u00eenera pas de changement de titulaire du compte-courant.<\/span><\/p><h3><b>\u00a0<\/b><\/h3><h3><b>L\u2019enregistrement de la cession<\/b><\/h3><p><span style=\"font-weight: 400;\">La cession de parts sociales entre associ\u00e9s d\u2019une SARL doit \u00eatre enregistr\u00e9e aupr\u00e8s du service des imp\u00f4ts des entreprises. Le service comp\u00e9tent sera celui du domicile de l\u2019une des parties \u00e0 la cession, ou celui du lieu d\u2019exercice du notaire si celui-ci est intervenu.\u00a0<\/span><\/p><p><span style=\"font-weight: 400;\">Il conviendra alors de s\u2019acquitter de droits d\u2019enregistrement au taux de 3% sur la valeur de cession. Toutefois un abattement de 23 000 euros s\u2019applique, \u00e0 proportion du nombre de parts sociales vendues. Or, dans certains cas le taux sera port\u00e9 \u00e0 5%, comme pour la cession de parts sociales SCI entre associ\u00e9s. Cela sera le cas si la majorit\u00e9 des actifs de la soci\u00e9t\u00e9 est constitu\u00e9 de biens immobiliers. La SARL sera alors une soci\u00e9t\u00e9 \u00e0 pr\u00e9pond\u00e9rance immobili\u00e8re.<\/span><\/p><h3><b>\u00a0<\/b><\/h3><h3><b>Les formalit\u00e9s aupr\u00e8s du greffe<\/b><\/h3><p><span style=\"font-weight: 400;\">La cession de parts sociales SARL entre associ\u00e9s devra \u00eatre rendue opposable aux tiers. Pour cela, il sera n\u00e9cessaire de d\u00e9poser :<\/span><\/p><ul><li><span style=\"font-weight: 400;\"> \u00a0 \u00a0 \u00a0 <\/span><span style=\"font-weight: 400;\">Deux exemplaires de l\u2019acte de cession ;<\/span><\/li><li><span style=\"font-weight: 400;\"> \u00a0 \u00a0 \u00a0 <\/span><span style=\"font-weight: 400;\">Deux exemplaires du PV d\u2019AGE ayant d\u00e9cid\u00e9 de la modification des statuts suite \u00e0 la cession.<\/span><\/li><\/ul><h3><strong>\u00a0<\/strong><\/h3><h3><strong>4. Quoi qu\u2019il en soit, cette proc\u00e9dure de cession a un co\u00fbt<\/strong><\/h3><p>Les co\u00fbts comprennent par exemple les formalit\u00e9s d\u2019enregistrement au greffe et\u00a0<a href=\"https:\/\/www.legalvision.fr\/financement-dentreprise\/cession-de-parts-sociales\/\">LegalVision<\/a>\u00a0peut vous accompagner dans ces d\u00e9marches.<\/p><p>Attention \u00e9galement \u00e0\u00a0<a href=\"https:\/\/blog.legalvision.fr\/2018\/07\/28\/calcul-de-la-plus-value-dune-cession-de-parts-sociales-d-une-sarl\/\">l\u2019imposition de la plus-value<\/a>\u00a0r\u00e9alis\u00e9e lors de la cession des parts sociales. Depuis 2018, les plus-values sont soumises au Pr\u00e9l\u00e8vement Forfaitaire Unique (PFU). Il s\u2019agit d\u2019un\u00a0<strong>taux forfaitaire global de 30%,<\/strong>\u00a0qui comprend\u00a0\u00e0 la fois l\u2019imposition au titre de l\u2019imp\u00f4t sur le revenu (de 12,8 %) et les pr\u00e9l\u00e8vements sociaux (de 17,2%). Toutefois, le c\u00e9dant, s\u2019il est une personne physique, pourra pr\u00e9f\u00e9rer se voir appliquer le bar\u00e8me de l&rsquo;imp\u00f4t sur le revenu. Ce syst\u00e8me est avantageux si la personne poss\u00e8de des parts sociales depuis plusieurs ann\u00e9es. En effet, dans ce cas, des abattements s\u2019appliquent. Attention, cependant, car si la personne opte pour le bar\u00e8me de l\u2019imp\u00f4t sur le revenu, il faudra tout de m\u00eame qu\u2019elle s\u2019acquitte des\u00a0<strong>pr\u00e9l\u00e8vements sociaux<\/strong>\u00a0\u00e0 hauteur de 17,2% sur l\u2019int\u00e9gralit\u00e9 de la plus-value r\u00e9alis\u00e9e.<\/p><h2 id=\"II\"><strong>\u00a0<\/strong><\/h2><h2 id=\"II\"><strong>I<\/strong><strong style=\"color: var( --e-global-color-primary ); font-family: var( --e-global-typography-secondary-font-family ),Sans-serif; font-size: var( --e-global-typography-secondary-font-size ); font-style: var( --e-global-typography-secondary-font-style ); letter-spacing: var(--heading--letter-spacing-h2); text-transform: var( --e-global-typography-secondary-text-transform ); text-align: var(--text-align); background-color: var( --e-global-color-f8847cf );\">I\/ Modification des statuts d\u2019une SARL suite \u00e0 cession parts avec changement de g\u00e9rant : quelle proc\u00e9dure ?<\/strong><\/h2><h3><strong>1.\u00a0Modification des statuts d\u2019une SARL suite \u00e0 cession parts sociales<\/strong><\/h3><p>La proc\u00e9dure de cession des parts implique forc\u00e9ment une modification des statuts\u00a0: \u00e0 la cr\u00e9ation de la soci\u00e9t\u00e9, les associ\u00e9s ont fix\u00e9 le montant du<a href=\"https:\/\/blog.legalvision.fr\/2018\/04\/13\/capital-social\/\">\u00a0capital social\u00a0<\/a>et sa r\u00e9partition. Chaque associ\u00e9 s\u2019est donc vu attribuer, dans les statuts, des parts sociales, (et non des\u00a0<a href=\"https:\/\/blog.legalvision.fr\/2018\/01\/17\/cession-de-titres\/\">actions<\/a>, ce dernier terme \u00e9tant r\u00e9serv\u00e9 aux soci\u00e9t\u00e9s par actions comme les soci\u00e9t\u00e9s anonymes). Si un associ\u00e9 c\u00e8de ses parts au b\u00e9n\u00e9fice d\u2019une autre personne, les statuts doivent traduire cette nouvelle r\u00e9partition\u00a0du capital social. Il faut donc les modifier.<\/p><p>Pour modifier les statuts d\u2019une SARL, il faut que les associ\u00e9s se r\u00e9unissent en une Assembl\u00e9e g\u00e9n\u00e9rale extraordinaire (\u00ab\u00a0AGE\u00a0\u00bb). Les associ\u00e9s doivent voter la modification des statuts. Le\u00a0Code de commerce impose la majorit\u00e9 des 3\/4 des parts sociales. Le seuil de majorit\u00e9 est donc \u00e9lev\u00e9 et parfois il est difficile de l\u2019atteindre. Pour pallier cette difficult\u00e9, le l\u00e9gislateur a pr\u00e9vu que les d\u00e9cisions qui modifient les statuts sont adopt\u00e9es si deux conditions sont remplies\u00a0:<\/p><ul><li><strong>Une condition de quorum\u00a0<\/strong>: il faut que les associ\u00e9s pr\u00e9sents ou repr\u00e9sent\u00e9s en assembl\u00e9e d\u00e9tiennent au moins le quart des parts totales \u00e9mises par la soci\u00e9t\u00e9 sur premi\u00e8re convocation\u00a0; le cinqui\u00e8me sur deuxi\u00e8me convocation\u00a0;<\/li><li><strong>Une condition de majorit\u00e9\u00a0<\/strong>: il faut une majorit\u00e9 des deux tiers des associ\u00e9s pr\u00e9sents ou repr\u00e9sent\u00e9s.<\/li><\/ul><h3><strong>\u00a0<\/strong><\/h3><h3><strong>2. Modification des statuts suite \u00e0 un changement de g\u00e9rant<\/strong><\/h3><p>Le mandat social du g\u00e9rant peut prendre fin pour plusieurs raisons. Nous nous int\u00e9resserons seulement au cas o\u00f9 le g\u00e9rant associ\u00e9 souhaite\u00a0<a href=\"https:\/\/blog.legalvision.fr\/2017\/04\/12\/demission-du-gerant-dune-sarl\/\">d\u00e9missionner<\/a>. Dans une telle situation, la\u00a0<a href=\"https:\/\/blog.legalvision.fr\/2018\/02\/16\/le-changement-de-gerance\/\">g\u00e9rance change<\/a>.<\/p><p>Un g\u00e9rant qui souhaite quitter la SARL doit en avertir la soci\u00e9t\u00e9. Mais il faut distinguer selon que le g\u00e9rant a \u00e9t\u00e9 nomm\u00e9 dans les statuts\u00a0<a href=\"https:\/\/blog.legalvision.fr\/2018\/05\/21\/changement-de-gerant-sarl\/\">ou non<\/a>. Si l\u2019identit\u00e9 du g\u00e9rant est indiqu\u00e9e dans les statuts, il faudra proc\u00e9der \u00e0 leur modification. Si l\u2019identit\u00e9 n\u2019est pas indiqu\u00e9e dans les statuts, il ne sera pas n\u00e9cessaire de les modifier.\u00a0<strong>La modification des statuts d\u2019une SARL suite \u00e0 cession parts doit \u00eatre enregistr\u00e9e au greffe, ce qui comporte un co\u00fbt<\/strong>. Il est donc important de faire attention \u00e0 cet aspect lors de la\u00a0<a href=\"https:\/\/www.legalvision.fr\/creation-dentreprise\/creer-une-sarl\/\">cr\u00e9ation d\u2019une SARL<\/a>.<\/p><p>La modification des statuts indiquant le nom du g\u00e9rant peut \u00eatre faite de deux mani\u00e8res\u00a0:<\/p><ul><li>Dans le cadre d\u2019une assembl\u00e9e g\u00e9n\u00e9rale extraordinaire (voir ci-dessus)\u00a0;<\/li><li>Dans le cadre d\u2019une assembl\u00e9e ordinaire. Ici, pour adopter une d\u00e9cision, il suffit que les associ\u00e9s qui votent poss\u00e8dent plus de la moiti\u00e9 des parts sociales.<\/li><\/ul><p>Dans tous les cas, les associ\u00e9s proc\u00e9deront en deux temps\u00a0: ils devront constater l\u2019\u00e9v\u00e9nement qui met fin aux fonctions de l\u2019actuel g\u00e9rant (comme sa d\u00e9mission) et voter pour un nouveau g\u00e9rant. La proc\u00e9dure de vote est celle pr\u00e9vue par<a href=\"https:\/\/www.legifrance.gouv.fr\/affichCodeArticle.do;jsessionid=0E1AD9D01B6436067103312757D8EEE3.tplgfr41s_3?idArticle=LEGIARTI000029946665&amp;cidTexte=LEGITEXT000005634379&amp;dateTexte=20190703&amp;categorieLien=id&amp;oldAction=&amp;nbResultRech=\">\u00a0l&rsquo;article\u00a0223-30\u00a0<\/a>dans le cadre d\u2019une AGE ou celle pr\u00e9vue par\u00a0<a href=\"https:\/\/www.legifrance.gouv.fr\/affichCodeArticle.do;jsessionid=0E1AD9D01B6436067103312757D8EEE3.tplgfr41s_3?idArticle=LEGIARTI000006223239&amp;cidTexte=LEGITEXT000005634379&amp;dateTexte=20190703&amp;categorieLien=id&amp;oldAction=\">l\u2019article L. 223-29<\/a>\u00a0dans le cadre d\u2019une assembl\u00e9e g\u00e9n\u00e9rale ordinaire (voir ci-dessus).<\/p><p><strong>Le changement de g\u00e9rant peut \u00eatre constat\u00e9 dans le m\u00eame proc\u00e8s-verbal d\u2019assembl\u00e9e g\u00e9n\u00e9rale extraordinaire que celui qui a modifi\u00e9 la r\u00e9partition des parts sociales<\/strong>.<\/p><h2 id=\"III\"><strong>\u00a0<\/strong><\/h2><h2 id=\"III\"><strong>III\/ El\u00e9ments pratiques concernant la modification des statuts d\u2019une SARL suite \u00e0 cession parts<\/strong><\/h2><p><strong>La mise \u00e0 jour des statuts de la SARL\u00a0: d\u00e9p\u00f4t du dossier de modification au greffe du Tribunal de commerce<\/strong>. Il s\u2019agit de constituer un dossier \u00e0 transmettre au greffe du tribunal de commerce. Le dossier est constitu\u00e9 :<\/p><ul><li>D\u2019un exemplaire de la d\u00e9cision de l\u2019assembl\u00e9e g\u00e9n\u00e9rale extraordinaire de modification de la r\u00e9partition des parts sociales\u00a0;<\/li><li>D\u2019un exemplaire des statuts modifi\u00e9s, dat\u00e9s et certifi\u00e9s conformes par le repr\u00e9sentant l\u00e9gal\u00a0;<\/li><li>D\u2019autres documents comme un<a href=\"https:\/\/www.greffe-tc-paris.fr\/uploads\/paris\/RCS\/Cerfa\/M3-B_exploitation_personne_morale_SNC_SCP.pdf\">\u00a0formulaire M3 SARL-SELARL<\/a>, une copie de pi\u00e8ce d\u2019identit\u00e9, etc.\u00a0: tout est d\u00e9taill\u00e9 sur le\u00a0<a href=\"https:\/\/www.greffe-tc-paris.fr\/procedure\/cession_part_changement_gerant_sarl\">site des greffes du tribunal de commerce<\/a>.<\/li><\/ul><p>Par ailleurs, les actes doivent \u00eatre certifi\u00e9s conformes par le nouveau g\u00e9rant. Si le nouveau g\u00e9rant n\u2019a pas \u00e9t\u00e9 nomm\u00e9 au cours de l\u2019assembl\u00e9e g\u00e9n\u00e9rale extraordinaire de modification de la r\u00e9partition des parts sociales, il faudra adresser en plus un exemplaire de l\u2019acte qui a constat\u00e9 le changement de g\u00e9rant.<\/p><h2><strong>\u00a0<\/strong><\/h2><h2><strong>Pour conclure<\/strong><\/h2><p>Un g\u00e9rant associ\u00e9 qui souhaite quitter d\u00e9finitivement la soci\u00e9t\u00e9 devra c\u00e9der ses parts et convoquer une AGE pour r\u00e9aliser la modification des statuts d\u2019une SARL suite \u00e0 cession parts sociales. Cette \u00e9tape est obligatoire. Pour le changement de g\u00e9rant deux voies sont possibles. Celles-ci pr\u00e9sentent des avantages diff\u00e9rents.<\/p><p><strong><em>&#8211; Changement de g\u00e9rant lors de la m\u00eame AGE<\/em><\/strong>.\u00a0<u>Un seul proc\u00e8s-verbal d\u2019assembl\u00e9e sera alors fourni au greffe<\/u>.<\/p><p><strong><em>&#8211; Changement de g\u00e9rant lors d\u2019une assembl\u00e9e g\u00e9n\u00e9rale ordinaire.\u00a0<\/em><\/strong>Cette proc\u00e9dure pr\u00e9sente un int\u00e9r\u00eat si le changement de g\u00e9rant est un sujet sensible. Ainsi, cela \u00e9vite un blocage d\u00fb \u00e0 l\u2019application des r\u00e8gles de vote contraignantes de l\u2019AGE.\u00a0<u>Cependant, il ne faudra pas oublier de fournir au greffe un exemplaire de l\u2019acte constatant le changement de g\u00e9rant, en plus du proc\u00e8s-verbal d\u2019AGE<\/u>\u00a0qui constate la modification des statuts d\u2019une SARL suite \u00e0 cession parts sociales.<\/p><p>\u00a0<\/p><p><!--tag_auto_button_lead_legalvision--><\/p>\t\t\t\t\t\t\t\t<\/div>\n\t\t\t\t<\/div>\n\t\t\t\t<div class=\"elementor-element elementor-element-d5d17e6 elementor-align-center elementor-widget elementor-widget-button\" data-id=\"d5d17e6\" data-element_type=\"widget\" data-e-type=\"widget\" data-widget_type=\"button.default\">\n\t\t\t\t<div class=\"elementor-widget-container\">\n\t\t\t\t\t\t\t\t\t<div class=\"elementor-button-wrapper\">\n\t\t\t\t\t<a class=\"elementor-button elementor-button-link elementor-size-sm\" href=\"https:\/\/leonard.fr\/juridique\/modification-societe\/vendre-mes-actions-ou-parts-sociales\/?utm_source=blog&#038;utm_medium=CTA&#038;utm_campaign=modifier_statuts_sarl_suite_cession_parts_sociales&#038;utm_id=cession_blog\">\n\t\t\t\t\t\t<span class=\"elementor-button-content-wrapper\">\n\t\t\t\t\t\t\t\t\t<span class=\"elementor-button-text\">C\u00e9dez  vos parts avec nos juristes<\/span>\n\t\t\t\t\t<\/span>\n\t\t\t\t\t<\/a>\n\t\t\t\t<\/div>\n\t\t\t\t\t\t\t\t<\/div>\n\t\t\t\t<\/div>\n\t\t\t\t\t<\/div>\n\t\t\t\t<\/div>\n\t\t\t\t<\/div>\n\t\t","protected":false},"excerpt":{"rendered":"<p>Que se passe-t-il dans une&nbsp;SARL&nbsp;lorsqu\u2019un g\u00e9rant associ\u00e9 souhaite&nbsp;quitter la soci\u00e9t\u00e9&nbsp;? Nous allons voir que le d\u00e9part d&rsquo;un g\u00e9rant associ\u00e9 implique notamment une proc\u00e9dure de modification des statuts d\u2019une SARL suite \u00e0 cession parts. Les cons\u00e9quences juridiques sont alors de deux ordres&nbsp;: il faudra que le g\u00e9rant associ\u00e9&nbsp;c\u00e8de ses parts&nbsp;et qu\u2019il&nbsp;quitte officiellement ses fonctions. Ces \u00e9tapes&hellip; <a class=\"more-link\" href=\"https:\/\/www.legalvision.fr\/guides-juridiques\/sarl\/modification-des-statuts-d-une-sarl-suite-a-cession-parts\/\">Poursuivre la lecture <span class=\"screen-reader-text\">Modifier les statuts de SARL suite \u00e0 une cession de parts sociales : comment \u00e7a marche ?<\/span><\/a><\/p>\n","protected":false},"author":57,"featured_media":23280,"comment_status":"open","ping_status":"open","sticky":false,"template":"","format":"standard","meta":{"content-type":"","inline_featured_image":false,"footnotes":""},"categories":[2497],"tags":[],"class_list":["post-17486","post","type-post","status-publish","format-standard","has-post-thumbnail","hentry","category-sarl","entry"],"yoast_head":"<!-- This site is optimized with the Yoast SEO plugin v27.1.1 - https:\/\/yoast.com\/product\/yoast-seo-wordpress\/ -->\n<title>Modification des statuts d\u2019une SARL suite \u00e0 cession parts sociales<\/title>\n<meta name=\"description\" content=\"La proc\u00e9dure de changement de g\u00e9rant d&#039;une SARL implique notamment la modification des statuts d\u2019une SARL suite \u00e0 cession parts sociales.\" \/>\n<meta name=\"robots\" content=\"index, follow, max-snippet:-1, max-image-preview:large, max-video-preview:-1\" \/>\n<link rel=\"canonical\" href=\"https:\/\/www.legalvision.fr\/guides-juridiques\/sarl\/modification-des-statuts-d-une-sarl-suite-a-cession-parts\/\" \/>\n<meta property=\"og:locale\" content=\"fr_FR\" \/>\n<meta property=\"og:type\" content=\"article\" \/>\n<meta property=\"og:title\" content=\"Modification des statuts d\u2019une SARL suite \u00e0 cession parts sociales\" \/>\n<meta property=\"og:description\" content=\"La proc\u00e9dure de changement de g\u00e9rant d&#039;une SARL implique notamment la modification des statuts d\u2019une SARL suite \u00e0 cession parts sociales.\" \/>\n<meta property=\"og:url\" content=\"https:\/\/www.legalvision.fr\/guides-juridiques\/sarl\/modification-des-statuts-d-une-sarl-suite-a-cession-parts\/\" \/>\n<meta property=\"og:site_name\" content=\"Guides juridiques\" \/>\n<meta property=\"article:published_time\" content=\"2019-08-04T06:30:13+00:00\" \/>\n<meta property=\"article:modified_time\" content=\"2023-11-06T16:41:55+00:00\" \/>\n<meta property=\"og:image\" content=\"https:\/\/www.legalvision.fr\/guides-juridiques\/wp-content\/uploads\/2019\/08\/modification-des-statuts-d\u2019une-SARL-suite-a-cession-parts.jpg\" \/>\n\t<meta property=\"og:image:width\" content=\"958\" \/>\n\t<meta property=\"og:image:height\" content=\"350\" \/>\n\t<meta property=\"og:image:type\" content=\"image\/jpeg\" \/>\n<meta name=\"author\" content=\"Sibylle Pouilla\" \/>\n<meta name=\"twitter:card\" content=\"summary_large_image\" \/>\n<meta name=\"twitter:label1\" content=\"\u00c9crit par\" \/>\n\t<meta name=\"twitter:data1\" content=\"Sibylle Pouilla\" \/>\n\t<meta name=\"twitter:label2\" content=\"Dur\u00e9e de lecture estim\u00e9e\" \/>\n\t<meta name=\"twitter:data2\" content=\"15 minutes\" \/>\n<script type=\"application\/ld+json\" class=\"yoast-schema-graph\">{\"@context\":\"https:\/\/schema.org\",\"@graph\":[{\"@type\":\"Article\",\"@id\":\"https:\/\/www.legalvision.fr\/guides-juridiques\/sarl\/modification-des-statuts-d-une-sarl-suite-a-cession-parts\/#article\",\"isPartOf\":{\"@id\":\"https:\/\/www.legalvision.fr\/guides-juridiques\/sarl\/modification-des-statuts-d-une-sarl-suite-a-cession-parts\/\"},\"author\":{\"name\":\"Sibylle Pouilla\",\"@id\":\"https:\/\/www.legalvision.fr\/guides-juridiques\/#\/schema\/person\/98fb5f2b61dd0ade48840337d2c5d12c\"},\"headline\":\"Modifier les statuts de SARL suite \u00e0 une cession de parts sociales : comment \u00e7a marche ?\",\"datePublished\":\"2019-08-04T06:30:13+00:00\",\"dateModified\":\"2023-11-06T16:41:55+00:00\",\"mainEntityOfPage\":{\"@id\":\"https:\/\/www.legalvision.fr\/guides-juridiques\/sarl\/modification-des-statuts-d-une-sarl-suite-a-cession-parts\/\"},\"wordCount\":3338,\"commentCount\":0,\"publisher\":{\"@id\":\"https:\/\/www.legalvision.fr\/guides-juridiques\/#organization\"},\"image\":{\"@id\":\"https:\/\/www.legalvision.fr\/guides-juridiques\/sarl\/modification-des-statuts-d-une-sarl-suite-a-cession-parts\/#primaryimage\"},\"thumbnailUrl\":\"https:\/\/www.legalvision.fr\/guides-juridiques\/wp-content\/uploads\/2019\/08\/modification-des-statuts-d\u2019une-SARL-suite-a-cession-parts.jpg\",\"articleSection\":[\"SARL\"],\"inLanguage\":\"fr-FR\",\"potentialAction\":[{\"@type\":\"CommentAction\",\"name\":\"Comment\",\"target\":[\"https:\/\/www.legalvision.fr\/guides-juridiques\/sarl\/modification-des-statuts-d-une-sarl-suite-a-cession-parts\/#respond\"]}]},{\"@type\":\"WebPage\",\"@id\":\"https:\/\/www.legalvision.fr\/guides-juridiques\/sarl\/modification-des-statuts-d-une-sarl-suite-a-cession-parts\/\",\"url\":\"https:\/\/www.legalvision.fr\/guides-juridiques\/sarl\/modification-des-statuts-d-une-sarl-suite-a-cession-parts\/\",\"name\":\"Modification des statuts d\u2019une SARL suite \u00e0 cession parts sociales\",\"isPartOf\":{\"@id\":\"https:\/\/www.legalvision.fr\/guides-juridiques\/#website\"},\"primaryImageOfPage\":{\"@id\":\"https:\/\/www.legalvision.fr\/guides-juridiques\/sarl\/modification-des-statuts-d-une-sarl-suite-a-cession-parts\/#primaryimage\"},\"image\":{\"@id\":\"https:\/\/www.legalvision.fr\/guides-juridiques\/sarl\/modification-des-statuts-d-une-sarl-suite-a-cession-parts\/#primaryimage\"},\"thumbnailUrl\":\"https:\/\/www.legalvision.fr\/guides-juridiques\/wp-content\/uploads\/2019\/08\/modification-des-statuts-d\u2019une-SARL-suite-a-cession-parts.jpg\",\"datePublished\":\"2019-08-04T06:30:13+00:00\",\"dateModified\":\"2023-11-06T16:41:55+00:00\",\"description\":\"La proc\u00e9dure de changement de g\u00e9rant d'une SARL implique notamment la modification des statuts d\u2019une SARL suite \u00e0 cession parts sociales.\",\"breadcrumb\":{\"@id\":\"https:\/\/www.legalvision.fr\/guides-juridiques\/sarl\/modification-des-statuts-d-une-sarl-suite-a-cession-parts\/#breadcrumb\"},\"inLanguage\":\"fr-FR\",\"potentialAction\":[{\"@type\":\"ReadAction\",\"target\":[\"https:\/\/www.legalvision.fr\/guides-juridiques\/sarl\/modification-des-statuts-d-une-sarl-suite-a-cession-parts\/\"]}]},{\"@type\":\"ImageObject\",\"inLanguage\":\"fr-FR\",\"@id\":\"https:\/\/www.legalvision.fr\/guides-juridiques\/sarl\/modification-des-statuts-d-une-sarl-suite-a-cession-parts\/#primaryimage\",\"url\":\"https:\/\/www.legalvision.fr\/guides-juridiques\/wp-content\/uploads\/2019\/08\/modification-des-statuts-d\u2019une-SARL-suite-a-cession-parts.jpg\",\"contentUrl\":\"https:\/\/www.legalvision.fr\/guides-juridiques\/wp-content\/uploads\/2019\/08\/modification-des-statuts-d\u2019une-SARL-suite-a-cession-parts.jpg\",\"width\":958,\"height\":350,\"caption\":\"modification des statuts d\u2019une SARL suite a cession parts\"},{\"@type\":\"BreadcrumbList\",\"@id\":\"https:\/\/www.legalvision.fr\/guides-juridiques\/sarl\/modification-des-statuts-d-une-sarl-suite-a-cession-parts\/#breadcrumb\",\"itemListElement\":[{\"@type\":\"ListItem\",\"position\":1,\"name\":\"Accueil\",\"item\":\"https:\/\/www.legalvision.fr\/guides-juridiques\/\"},{\"@type\":\"ListItem\",\"position\":2,\"name\":\"SARL\",\"item\":\"https:\/\/www.legalvision.fr\/guides-juridiques\/sarl\/\"},{\"@type\":\"ListItem\",\"position\":3,\"name\":\"Modifier les statuts de SARL suite \u00e0 une cession de parts sociales : comment \u00e7a marche ?\"}]},{\"@type\":\"WebSite\",\"@id\":\"https:\/\/www.legalvision.fr\/guides-juridiques\/#website\",\"url\":\"https:\/\/www.legalvision.fr\/guides-juridiques\/\",\"name\":\"Guides juridiques\",\"description\":\"L&#039;information juridique \u00e0 destination des entreprises et TPE\",\"publisher\":{\"@id\":\"https:\/\/www.legalvision.fr\/guides-juridiques\/#organization\"},\"potentialAction\":[{\"@type\":\"SearchAction\",\"target\":{\"@type\":\"EntryPoint\",\"urlTemplate\":\"https:\/\/www.legalvision.fr\/guides-juridiques\/?s={search_term_string}\"},\"query-input\":{\"@type\":\"PropertyValueSpecification\",\"valueRequired\":true,\"valueName\":\"search_term_string\"}}],\"inLanguage\":\"fr-FR\"},{\"@type\":\"Organization\",\"@id\":\"https:\/\/www.legalvision.fr\/guides-juridiques\/#organization\",\"name\":\"Guides juridiques\",\"url\":\"https:\/\/www.legalvision.fr\/guides-juridiques\/\",\"logo\":{\"@type\":\"ImageObject\",\"inLanguage\":\"fr-FR\",\"@id\":\"https:\/\/www.legalvision.fr\/guides-juridiques\/#\/schema\/logo\/image\/\",\"url\":\"https:\/\/www.legalvision.fr\/guides-juridiques\/wp-content\/uploads\/2022\/10\/LV-Logotype.png\",\"contentUrl\":\"https:\/\/www.legalvision.fr\/guides-juridiques\/wp-content\/uploads\/2022\/10\/LV-Logotype.png\",\"width\":647,\"height\":125,\"caption\":\"Guides juridiques\"},\"image\":{\"@id\":\"https:\/\/www.legalvision.fr\/guides-juridiques\/#\/schema\/logo\/image\/\"}},{\"@type\":\"Person\",\"@id\":\"https:\/\/www.legalvision.fr\/guides-juridiques\/#\/schema\/person\/98fb5f2b61dd0ade48840337d2c5d12c\",\"name\":\"Sibylle Pouilla\",\"image\":{\"@type\":\"ImageObject\",\"inLanguage\":\"fr-FR\",\"@id\":\"https:\/\/www.legalvision.fr\/guides-juridiques\/#\/schema\/person\/image\/\",\"url\":\"https:\/\/www.legalvision.fr\/guides-juridiques\/wp-content\/uploads\/2023\/07\/femme15-96x96.png\",\"contentUrl\":\"https:\/\/www.legalvision.fr\/guides-juridiques\/wp-content\/uploads\/2023\/07\/femme15-96x96.png\",\"caption\":\"Sibylle Pouilla\"},\"description\":\"Doctorante en droit compar\u00e9 \u00e0 l'Universit\u00e9 Paris II Panth\u00e9on Assas, titulaire du CAPA.\",\"url\":\"https:\/\/www.legalvision.fr\/guides-juridiques\/author\/sibylle-pouillaude\/\"}]}<\/script>\n<!-- \/ Yoast SEO plugin. -->","yoast_head_json":{"title":"Modification des statuts d\u2019une SARL suite \u00e0 cession parts sociales","description":"La proc\u00e9dure de changement de g\u00e9rant d'une SARL implique notamment la modification des statuts d\u2019une SARL suite \u00e0 cession parts sociales.","robots":{"index":"index","follow":"follow","max-snippet":"max-snippet:-1","max-image-preview":"max-image-preview:large","max-video-preview":"max-video-preview:-1"},"canonical":"https:\/\/www.legalvision.fr\/guides-juridiques\/sarl\/modification-des-statuts-d-une-sarl-suite-a-cession-parts\/","og_locale":"fr_FR","og_type":"article","og_title":"Modification des statuts d\u2019une SARL suite \u00e0 cession parts sociales","og_description":"La proc\u00e9dure de changement de g\u00e9rant d'une SARL implique notamment la modification des statuts d\u2019une SARL suite \u00e0 cession parts sociales.","og_url":"https:\/\/www.legalvision.fr\/guides-juridiques\/sarl\/modification-des-statuts-d-une-sarl-suite-a-cession-parts\/","og_site_name":"Guides juridiques","article_published_time":"2019-08-04T06:30:13+00:00","article_modified_time":"2023-11-06T16:41:55+00:00","og_image":[{"width":958,"height":350,"url":"https:\/\/www.legalvision.fr\/guides-juridiques\/wp-content\/uploads\/2019\/08\/modification-des-statuts-d\u2019une-SARL-suite-a-cession-parts.jpg","type":"image\/jpeg"}],"author":"Sibylle Pouilla","twitter_card":"summary_large_image","twitter_misc":{"\u00c9crit par":"Sibylle Pouilla","Dur\u00e9e de lecture estim\u00e9e":"15 minutes"},"schema":{"@context":"https:\/\/schema.org","@graph":[{"@type":"Article","@id":"https:\/\/www.legalvision.fr\/guides-juridiques\/sarl\/modification-des-statuts-d-une-sarl-suite-a-cession-parts\/#article","isPartOf":{"@id":"https:\/\/www.legalvision.fr\/guides-juridiques\/sarl\/modification-des-statuts-d-une-sarl-suite-a-cession-parts\/"},"author":{"name":"Sibylle Pouilla","@id":"https:\/\/www.legalvision.fr\/guides-juridiques\/#\/schema\/person\/98fb5f2b61dd0ade48840337d2c5d12c"},"headline":"Modifier les statuts de SARL suite \u00e0 une cession de parts sociales : comment \u00e7a marche ?","datePublished":"2019-08-04T06:30:13+00:00","dateModified":"2023-11-06T16:41:55+00:00","mainEntityOfPage":{"@id":"https:\/\/www.legalvision.fr\/guides-juridiques\/sarl\/modification-des-statuts-d-une-sarl-suite-a-cession-parts\/"},"wordCount":3338,"commentCount":0,"publisher":{"@id":"https:\/\/www.legalvision.fr\/guides-juridiques\/#organization"},"image":{"@id":"https:\/\/www.legalvision.fr\/guides-juridiques\/sarl\/modification-des-statuts-d-une-sarl-suite-a-cession-parts\/#primaryimage"},"thumbnailUrl":"https:\/\/www.legalvision.fr\/guides-juridiques\/wp-content\/uploads\/2019\/08\/modification-des-statuts-d\u2019une-SARL-suite-a-cession-parts.jpg","articleSection":["SARL"],"inLanguage":"fr-FR","potentialAction":[{"@type":"CommentAction","name":"Comment","target":["https:\/\/www.legalvision.fr\/guides-juridiques\/sarl\/modification-des-statuts-d-une-sarl-suite-a-cession-parts\/#respond"]}]},{"@type":"WebPage","@id":"https:\/\/www.legalvision.fr\/guides-juridiques\/sarl\/modification-des-statuts-d-une-sarl-suite-a-cession-parts\/","url":"https:\/\/www.legalvision.fr\/guides-juridiques\/sarl\/modification-des-statuts-d-une-sarl-suite-a-cession-parts\/","name":"Modification des statuts d\u2019une SARL suite \u00e0 cession parts sociales","isPartOf":{"@id":"https:\/\/www.legalvision.fr\/guides-juridiques\/#website"},"primaryImageOfPage":{"@id":"https:\/\/www.legalvision.fr\/guides-juridiques\/sarl\/modification-des-statuts-d-une-sarl-suite-a-cession-parts\/#primaryimage"},"image":{"@id":"https:\/\/www.legalvision.fr\/guides-juridiques\/sarl\/modification-des-statuts-d-une-sarl-suite-a-cession-parts\/#primaryimage"},"thumbnailUrl":"https:\/\/www.legalvision.fr\/guides-juridiques\/wp-content\/uploads\/2019\/08\/modification-des-statuts-d\u2019une-SARL-suite-a-cession-parts.jpg","datePublished":"2019-08-04T06:30:13+00:00","dateModified":"2023-11-06T16:41:55+00:00","description":"La proc\u00e9dure de changement de g\u00e9rant d'une SARL implique notamment la modification des statuts d\u2019une SARL suite \u00e0 cession parts sociales.","breadcrumb":{"@id":"https:\/\/www.legalvision.fr\/guides-juridiques\/sarl\/modification-des-statuts-d-une-sarl-suite-a-cession-parts\/#breadcrumb"},"inLanguage":"fr-FR","potentialAction":[{"@type":"ReadAction","target":["https:\/\/www.legalvision.fr\/guides-juridiques\/sarl\/modification-des-statuts-d-une-sarl-suite-a-cession-parts\/"]}]},{"@type":"ImageObject","inLanguage":"fr-FR","@id":"https:\/\/www.legalvision.fr\/guides-juridiques\/sarl\/modification-des-statuts-d-une-sarl-suite-a-cession-parts\/#primaryimage","url":"https:\/\/www.legalvision.fr\/guides-juridiques\/wp-content\/uploads\/2019\/08\/modification-des-statuts-d\u2019une-SARL-suite-a-cession-parts.jpg","contentUrl":"https:\/\/www.legalvision.fr\/guides-juridiques\/wp-content\/uploads\/2019\/08\/modification-des-statuts-d\u2019une-SARL-suite-a-cession-parts.jpg","width":958,"height":350,"caption":"modification des statuts d\u2019une SARL suite a cession parts"},{"@type":"BreadcrumbList","@id":"https:\/\/www.legalvision.fr\/guides-juridiques\/sarl\/modification-des-statuts-d-une-sarl-suite-a-cession-parts\/#breadcrumb","itemListElement":[{"@type":"ListItem","position":1,"name":"Accueil","item":"https:\/\/www.legalvision.fr\/guides-juridiques\/"},{"@type":"ListItem","position":2,"name":"SARL","item":"https:\/\/www.legalvision.fr\/guides-juridiques\/sarl\/"},{"@type":"ListItem","position":3,"name":"Modifier les statuts de SARL suite \u00e0 une cession de parts sociales : comment \u00e7a marche ?"}]},{"@type":"WebSite","@id":"https:\/\/www.legalvision.fr\/guides-juridiques\/#website","url":"https:\/\/www.legalvision.fr\/guides-juridiques\/","name":"Guides juridiques","description":"L&#039;information juridique \u00e0 destination des entreprises et TPE","publisher":{"@id":"https:\/\/www.legalvision.fr\/guides-juridiques\/#organization"},"potentialAction":[{"@type":"SearchAction","target":{"@type":"EntryPoint","urlTemplate":"https:\/\/www.legalvision.fr\/guides-juridiques\/?s={search_term_string}"},"query-input":{"@type":"PropertyValueSpecification","valueRequired":true,"valueName":"search_term_string"}}],"inLanguage":"fr-FR"},{"@type":"Organization","@id":"https:\/\/www.legalvision.fr\/guides-juridiques\/#organization","name":"Guides juridiques","url":"https:\/\/www.legalvision.fr\/guides-juridiques\/","logo":{"@type":"ImageObject","inLanguage":"fr-FR","@id":"https:\/\/www.legalvision.fr\/guides-juridiques\/#\/schema\/logo\/image\/","url":"https:\/\/www.legalvision.fr\/guides-juridiques\/wp-content\/uploads\/2022\/10\/LV-Logotype.png","contentUrl":"https:\/\/www.legalvision.fr\/guides-juridiques\/wp-content\/uploads\/2022\/10\/LV-Logotype.png","width":647,"height":125,"caption":"Guides juridiques"},"image":{"@id":"https:\/\/www.legalvision.fr\/guides-juridiques\/#\/schema\/logo\/image\/"}},{"@type":"Person","@id":"https:\/\/www.legalvision.fr\/guides-juridiques\/#\/schema\/person\/98fb5f2b61dd0ade48840337d2c5d12c","name":"Sibylle Pouilla","image":{"@type":"ImageObject","inLanguage":"fr-FR","@id":"https:\/\/www.legalvision.fr\/guides-juridiques\/#\/schema\/person\/image\/","url":"https:\/\/www.legalvision.fr\/guides-juridiques\/wp-content\/uploads\/2023\/07\/femme15-96x96.png","contentUrl":"https:\/\/www.legalvision.fr\/guides-juridiques\/wp-content\/uploads\/2023\/07\/femme15-96x96.png","caption":"Sibylle Pouilla"},"description":"Doctorante en droit compar\u00e9 \u00e0 l'Universit\u00e9 Paris II Panth\u00e9on Assas, titulaire du CAPA.","url":"https:\/\/www.legalvision.fr\/guides-juridiques\/author\/sibylle-pouillaude\/"}]}},"_links":{"self":[{"href":"https:\/\/www.legalvision.fr\/guides-juridiques\/wp-json\/wp\/v2\/posts\/17486","targetHints":{"allow":["GET"]}}],"collection":[{"href":"https:\/\/www.legalvision.fr\/guides-juridiques\/wp-json\/wp\/v2\/posts"}],"about":[{"href":"https:\/\/www.legalvision.fr\/guides-juridiques\/wp-json\/wp\/v2\/types\/post"}],"author":[{"embeddable":true,"href":"https:\/\/www.legalvision.fr\/guides-juridiques\/wp-json\/wp\/v2\/users\/57"}],"replies":[{"embeddable":true,"href":"https:\/\/www.legalvision.fr\/guides-juridiques\/wp-json\/wp\/v2\/comments?post=17486"}],"version-history":[{"count":31,"href":"https:\/\/www.legalvision.fr\/guides-juridiques\/wp-json\/wp\/v2\/posts\/17486\/revisions"}],"predecessor-version":[{"id":41088,"href":"https:\/\/www.legalvision.fr\/guides-juridiques\/wp-json\/wp\/v2\/posts\/17486\/revisions\/41088"}],"wp:featuredmedia":[{"embeddable":true,"href":"https:\/\/www.legalvision.fr\/guides-juridiques\/wp-json\/wp\/v2\/media\/23280"}],"wp:attachment":[{"href":"https:\/\/www.legalvision.fr\/guides-juridiques\/wp-json\/wp\/v2\/media?parent=17486"}],"wp:term":[{"taxonomy":"category","embeddable":true,"href":"https:\/\/www.legalvision.fr\/guides-juridiques\/wp-json\/wp\/v2\/categories?post=17486"},{"taxonomy":"post_tag","embeddable":true,"href":"https:\/\/www.legalvision.fr\/guides-juridiques\/wp-json\/wp\/v2\/tags?post=17486"}],"curies":[{"name":"wp","href":"https:\/\/api.w.org\/{rel}","templated":true}]}}