{"id":17422,"date":"2019-07-02T07:30:08","date_gmt":"2019-07-02T06:30:08","guid":{"rendered":"https:\/\/blog.legalvision.fr\/?p=17422"},"modified":"2022-03-27T21:20:54","modified_gmt":"2022-03-27T19:20:54","slug":"auto-entrepreneur-rsi-comment-ca-marche","status":"publish","type":"post","link":"https:\/\/www.legalvision.fr\/guides-juridiques\/auto-entrepreneur\/auto-entrepreneur-rsi-comment-ca-marche\/","title":{"rendered":"L&rsquo;auto entrepreneur et le RSI : guide complet"},"content":{"rendered":"<p>Auto entrepreneur RSI\u00a0: tous les auto-entrepreneurs sont affili\u00e9s au R\u00e9gime social des ind\u00e9pendants. Ce r\u00e9gime est d\u00e9sormais appel\u00e9 S\u00e9curit\u00e9 sociale des ind\u00e9pendants. Le r\u00e9gime de la micro entreprise qui a absorb\u00e9 en 2016 celui de l\u2019auto entreprise, attire \u00e9norm\u00e9ment car il est avantageux et permet de b\u00e9n\u00e9ficier d\u2019un <strong>r\u00e9gime micro social<\/strong>.<\/p>\n<p>Si vous \u00eates d\u00e9sireux de\u00a0<a href=\"https:\/\/blog.legalvision.fr\/2019\/03\/26\/devenir-auto-entrepreneur-en-2019-tous-les-conseils-des-experts\/\">devenir auto entrepreneur\u00a0<\/a>ou si vous l\u2019\u00eates d\u00e9j\u00e0, vous vous posez probablement plusieurs questions quant \u00e0 votre\u00a0<a href=\"https:\/\/blog.legalvision.fr\/2017\/05\/16\/la-protection-sociale-du-rsi\/\">protection sociale<\/a>, comme par exemple : qu\u2019elles sont les cons\u00e9quences de la suppression RSI auto entrepreneur\u00a0? Quel est le montant des cotisations sociales\u00a0\u00e0 verser ? Certaines autres de vos interrogations peuvent notamment porter sur la d\u00e9claration rsi auto entrepreneur.<\/p>\n<p><strong><a href=\"https:\/\/www.legalvision.fr\/\">LegalVision<\/a>\u00a0vous \u00e9claire sur le r\u00e9gime RSI auto entrepreneur<\/strong>.\n<\/p>\n<h3><strong>Sommaire :<\/strong><\/h3>\n<p><a href=\"#1\"><strong>Zoom sur le r\u00e9gime auto entrepreneur<\/strong><\/a><br \/>\n<a href=\"#2\"><strong>Suppression RSI auto entrepreneur et ses cons\u00e9quences<\/strong><\/a><br \/>\n<a href=\"#3\"><strong>Auto entrepreneur RSI et protection sociale<\/strong><\/a><br \/>\n<a href=\"#4\"><strong>Taux des cotisations auto entrepreneur RSI et Acre<\/strong><\/a><br \/>\n<a href=\"#5\"><strong>Auto entrepreneur RSI : faire ses d\u00e9clarations et payer ses cotisations<\/strong><\/a><\/p>\n<div class=\"wp-block-button\" style=\"text-align:center;\"><a class=\"wp-block-button__link has-background\" href=\"https:\/\/www.legalvision.fr\/creation-dentreprise\/statut-auto-entrepreneur\/\">Commencer les d\u00e9marches pour mon auto-entreprise<\/a><\/div>\n<h2 id=\"1\">Zoom sur le r\u00e9gime auto entrepreneur<\/h2>\n<p>Le r\u00e9gime auto entrepreneur n\u2019est pas ouvert \u00e0 tous. En effet, seules trois formes juridiques permettent de s\u2019en pr\u00e9valoir. Notamment\u00a0:<\/p>\n<ul>\n<li>L\u2019<strong><a href=\"https:\/\/www.legalvision.fr\/creation-dentreprise\/creation-entreprise-individuelle\/\">entreprise individuelle<\/a>\u00a0<\/strong>(EI) ;<\/li>\n<li>Mais aussi, l\u2019<a href=\"https:\/\/www.legalvision.fr\/creation-dentreprise\/creation-eirl\/\"><strong>entreprise individuelle \u00e0 responsabilit\u00e9 limit\u00e9e<\/strong><\/a> (EIRL) ;<\/li>\n<li>Et enfin, l<strong>\u2019<a href=\"https:\/\/www.legalvision.fr\/creation-dentreprise\/creation-eurl\/\">entreprise unipersonnelle \u00e0 responsabilit\u00e9 limit\u00e9e<\/a><\/strong> (EURL).<\/li>\n<\/ul>\n<p>Ensuite, des <strong>conditions de <a href=\"https:\/\/blog.legalvision.fr\/2018\/04\/18\/micro-entreprise-plafond\/\">plafond de chiffre d\u2019affaires<\/a> <\/strong>sont \u00e9galement \u00e0 respecter. En effet, celui-ci est de :<\/p>\n<ul>\n<li>\n<strong>70 000 euros<\/strong> pour les <strong>prestations de service <\/strong>et les<strong> activit\u00e9s lib\u00e9rales<\/strong> ;<\/li>\n<li>\n<strong>170 000 euros<\/strong> pour les <strong>activit\u00e9s de vente de marchandises<\/strong> et celles d\u2019<strong>h\u00e9bergement<\/strong>.<\/li>\n<\/ul>\n<p>Vous pouvez \u00e9galement exercer une<strong> activit\u00e9 mixte<\/strong> (c&rsquo;est-\u00e0-dire qui regroupe une activit\u00e9 commerciale et une de prestation de services). Dans ce cas, sachez que :<\/p>\n<ul>\n<li>L\u2019<strong>ensemble du chiffre d\u2019affaires<\/strong> que vous d\u00e9gagez de vos activit\u00e9s ne doit pas \u00eatre sup\u00e9rieur \u00e0 <strong>170 000 euros<\/strong>.<\/li>\n<li>Notez que les <strong>activit\u00e9s de services<\/strong> ne doivent pas d\u00e9passer le seuil de <strong>70 000 euros<\/strong>.<\/li>\n<\/ul>\n<p>L\u2019activit\u00e9 que vous exercez en auto entrepreneur peut \u00eatre commerciale, artisanale voire m\u00eame lib\u00e9rale.<\/p>\n<p>D&rsquo;autres activit\u00e9s, quant \u00e0 elles, emp\u00eacheront de choisir le r\u00e9gime de l\u2019auto entreprise. Il s\u2019agira par exemple\u00a0:<\/p>\n<ul>\n<li>Des activit\u00e9s qui rel\u00e8vent de la s\u00e9curit\u00e9 sociale agricole ;<\/li>\n<li>De celles soumises \u00e0 la TVA immobili\u00e8re comme la profession d\u2019<a href=\"https:\/\/blog.legalvision.fr\/2018\/07\/06\/devenir-agent-immobilier\/\">agent immobilier <\/a>par exemple\u00a0;<\/li>\n<li>Des professions lib\u00e9rales r\u00e9glement\u00e9es qui ne d\u00e9pendent pas de la Cipav (Caisse interprofessionnelle de pr\u00e9voyance et d\u2019assurance vieillesse des professions lib\u00e9rales).<\/li>\n<li>Ou encore des activit\u00e9s artistiques qui sont r\u00e9mun\u00e9r\u00e9es par des droits d\u2019auteurs.<\/li>\n<\/ul>\n<p>Que vous soyez \u00e9tudiant, retrait\u00e9, fonctionnaire ou salari\u00e9, vous pouvez \u00eatre auto entrepreneur. Il en est de m\u00eame si vous \u00eatre pr\u00e9sident de SAS ou g\u00e9rant minoritaire ou \u00e9galitaire de SARL.<\/p>\n<h2 id=\"2\">Suppression RSI auto entrepreneur et ses cons\u00e9quences<\/h2>\n<p>En tant qu&rsquo;auto entrepreneur vous serez affili\u00e9 \u00e0 un r\u00e9gime micro social au titre de votre activit\u00e9.<\/p>\n<p>Le RSI a \u00e9t\u00e9 cr\u00e9\u00e9 en 2006 pour s\u2019\u00e9teindre le 1<sup>er<\/sup> janvier 2018. Suite \u00e0 la <a href=\"https:\/\/blog.legalvision.fr\/2018\/01\/23\/consequences-suppression-rsi\/\">suppression du RSI<\/a>, les auto entrepreneurs d\u00e9pendent de la S\u00e9curit\u00e9 sociale des ind\u00e9pendants (SSI).<\/p>\n<p>L&rsquo;int\u00e9gration des auto entrepreneurs et des autres travailleurs ind\u00e9pendants au r\u00e9gime g\u00e9n\u00e9ral de la s\u00e9curit\u00e9 sociale s&rsquo;op\u00e8re de mani\u00e8re progressive. En effet, une p\u00e9riode de transition de deux ann\u00e9es a \u00e9t\u00e9 pr\u00e9vue.<\/p>\n<p>Ensuite, si vous avez ou d\u00e9cidez de<strong> cr\u00e9er votre auto entreprise en 2019<\/strong>, alors, vous serez <strong>automatiquement affili\u00e9 \u00e0 ce r\u00e9gime<\/strong>. Vous d\u00e9pendrez alors de la Caisse primaire d&rsquo;assurance maladie de votre lieu de r\u00e9sidence.<\/p>\n<p>Cependant, si vous exercez une <strong>activit\u00e9 lib\u00e9rale qui est r\u00e9glement\u00e9e<\/strong>, vous rel\u00e8verez de la<strong> CIPAV<\/strong> pour l&rsquo;ann\u00e9e 2019 pour ce qui a trait \u00e0 l&rsquo;invalidit\u00e9 et l&rsquo;assurance vieillesse.\u00a0 Pour une <strong>activit\u00e9 non r\u00e9glement\u00e9e<\/strong>, vous pourrez, si vous le demandez, relever de la SSI.<\/p>\n<p>Dans le monde de l&rsquo;auto entreprise, la<strong> pluriactivit\u00e9<\/strong> est une r\u00e9alit\u00e9. Si vous \u00eates auto entrepreneur et que\u00a0<a href=\"https:\/\/blog.legalvision.fr\/2019\/06\/10\/auto-entrepreneur-et-salarie-avantages-et-inconvenients\/\">vous exercez \u00e9galement une activit\u00e9 salari\u00e9<\/a>, vous d\u00e9pendrez du r\u00e9gime g\u00e9n\u00e9ral de la s\u00e9curit\u00e9 en tant que salari\u00e9. Mais vous pourrez faire le choix de d\u00e9pendre du r\u00e9gime des ind\u00e9pendants.<\/p>\n<p>A l&rsquo;issue de la p\u00e9riode de transition, soit en 2020, la CPAM sera la seule interlocutrice des auto entrepreneurs.<\/p>\n<h2 id=\"3\">Auto entrepreneur RSI et protection sociale<\/h2>\n<p>Les <a href=\"https:\/\/blog.legalvision.fr\/2018\/08\/09\/calcul-rsi-cotisation-rsi-simulateur-rsi\/\">cotisations<\/a> que vous verserez au SSI vous permettront de b\u00e9n\u00e9ficier d&rsquo;une<strong>\u00a0<\/strong>assurance\u00a0maladie, maternit\u00e9, invalidit\u00e9, d\u00e9c\u00e8s, d\u2019indemnit\u00e9s journali\u00e8res\u00a0ou encore d\u2019une\u00a0retraite de base et compl\u00e9mentaire.\u00a0La perte de l&#8217;emploi ne fera l&rsquo;objet d&rsquo;aucune couverture (AGS et ch\u00f4mage).<\/p>\n<p>Faisons le point sur chacune des prestations qui vous sont offertes.<\/p>\n<h3>La couverture maladie et la maternit\u00e9<\/h3>\n<p>D&rsquo;abord en ce qui concerne l&rsquo;<strong><a href=\"https:\/\/blog.legalvision.fr\/2019\/06\/14\/assurance-maladie-auto-entrepreneur-les-conditions\/\">assurance maladie<\/a> <\/strong>: en tant qu&rsquo;auto entrepreneur rsi, la prise en charge de vos frais de sant\u00e9 sera la <strong>m\u00eame que celle du r\u00e9gime g\u00e9n\u00e9ral des salari\u00e9s<\/strong>. Sous certaines conditions, vous pourrez aussi percevoir des indemnit\u00e9s journali\u00e8res. Si vos revenus annuels sont inf\u00e9rieurs \u00e0 8810 euros, vous avez la possibilit\u00e9 d\u2019obtenir la <strong>CMU compl\u00e9mentaire<\/strong>.<\/p>\n<p>Puis, si vous \u00eates <strong>auto entrepreneur enceinte rsi<\/strong> et que vous \u00eates:<\/p>\n<ul>\n<li>\n<strong>Affili\u00e9e depuis 10 mois<\/strong> au RSI ;<\/li>\n<li>Et \u00eates <strong>\u00e0 jour de vos cotisations<\/strong> d&rsquo;assurance maladie;<\/li>\n<\/ul>\n<p>Vous pourrez pr\u00e9tendre \u00e0\u00a0une allocation forfaitaire de repos maternel et une indemnit\u00e9 journali\u00e8re forfaitaire d\u2019interruption d\u2019activit\u00e9.<\/p>\n<p>Comment calculer le montant de ces prestations\u00a0? Tout simplement en prenant en consid\u00e9ration votre revenu d\u2019activit\u00e9 annuel moyen des trois ann\u00e9es civiles qui pr\u00e9c\u00e8dent le versement de l\u2019une des prestations. Attention, le montant sera r\u00e9duit de 10% si votre revenu annuel ne d\u00e9passe pas 3919,20 euros.<\/p>\n<p><strong>L\u2019allocation forfaitaire de repos maternel\u00a0<\/strong>est ainsi de :<\/p>\n<ul>\n<li>\n<strong>337,70 euros<\/strong> pour un revenus annuel moyen\u00a0<strong>inf\u00e9rieur \u00e0 3919,20 euros<\/strong>.<\/li>\n<li>Contre\u00a0<strong>3377 euros<\/strong> lorsque votre revenu annuel moyen<strong> d\u00e9passe les 3919,20 euros<\/strong>.<\/li>\n<\/ul>\n<p>Pour ce qui est de l\u2019<strong>indemnit\u00e9 journali\u00e8re forfaitaire d\u2019interruption d\u2019activit\u00e9, elle sera de :<\/strong><\/p>\n<ul>\n<li>\n<strong>5,551 euros par jour <\/strong>en cas de revenu annuel moyen<strong>\u00a0ne d\u00e9passant pas les 3919,20 euros. <\/strong>\n<\/li>\n<li>Pour ceux qui sont<strong> sup\u00e9rieurs \u00e0 3919,20 euros, <\/strong>l\u2019indemnit\u00e9 journali\u00e8re sera de\u00a0<strong>55,51 euros.<\/strong>\n<\/li>\n<\/ul>\n<p>Notez que pour percevoir les indemnit\u00e9s journali\u00e8res, il vous incombe de <strong>d\u00e9clarer sur l\u2019honneur<\/strong> que vous arr\u00eatez votre activit\u00e9 ind\u00e9pendante d\u2019une part. Et d\u2019autre part, vous devez transmettre un <strong>certificat d\u2019arr\u00eat de travail<\/strong>. Avec la <a href=\"https:\/\/www.legifrance.gouv.fr\/eli\/loi\/2018\/12\/22\/CPAX1824950L\/jo\/texte\">loi de financement de la S\u00e9curit\u00e9 Sociale<\/a>, l\u2019arr\u00eat doit au moins \u00eatre de <strong>56 jours cons\u00e9cutifs<\/strong>.<\/p>\n<p>Enfin, sous r\u00e9serve de la publication d\u2019un d\u00e9cret, la dur\u00e9e du cong\u00e9 de maternit\u00e9 s\u2019est align\u00e9e sur celle des salari\u00e9es (16 semaines\/112 jours).<\/p>\n<h3>Assurance invalidit\u00e9-d\u00e9c\u00e8s<\/h3>\n<p>Attardons nous d&rsquo;abord sur\u00a0l&rsquo;<strong>invalidit\u00e9 :\u00a0<\/strong>si vous vous retrouvez dans l&rsquo;incapacit\u00e9 d&rsquo;exercer votre activit\u00e9, vous pourrez percevoir, sous certaines conditions, une\u00a0<a href=\"https:\/\/www.secu-independants.fr\/retraite\/assurance-invalidite\/prestations\/\">pension pour invalidit\u00e9<\/a>. Ces conditions sont les suivantes :<\/p>\n<ul>\n<li>Ne <strong>pas avoir l\u2019\u00e2ge de d\u00e9part \u00e0 la retraite<\/strong> ;<\/li>\n<li>Etre <strong>affili\u00e9 au RSI depuis une ann\u00e9e<\/strong> ;<\/li>\n<li>Enfin, <strong>\u00eatre \u00e0 jour dans le paiement de ses cotisations<\/strong>.<\/li>\n<\/ul>\n<p>Le montant de la pension pour\u00a0<strong>invalidit\u00e9 totale et d\u00e9finitive<\/strong>\u00a0s&rsquo;\u00e9l\u00e8ve \u00e0\u00a0<strong>50%<\/strong>\u00a0du revenu annuel moyen. Tandis qu&rsquo;il s&rsquo;\u00e9l\u00e8ve \u00e0\u00a0<strong>30%<\/strong>\u00a0de ce revenu en cas d&rsquo;<strong>incapacit\u00e9 partielle<\/strong>.<\/p>\n<p>Ici, le revenu annuel moyen correspond aux revenus moyens des dix meilleures ann\u00e9es d\u2019activit\u00e9. Si vous avez cotis\u00e9 moins de dix ann\u00e9es, alors, il s\u2019agira de la moyenne de la totalit\u00e9 des ann\u00e9es d\u2019activit\u00e9.<\/p>\n<p>Ensuite, en cas de\u00a0<strong>d\u00e9c\u00e8s d&rsquo;un auto entrepreneur rsi<\/strong>, un<strong>\u00a0<a href=\"https:\/\/www.secu-independants.fr\/retraite\/veuvage\/capital-deces\/\">capital d\u00e9c\u00e8s<\/a><\/strong>\u00a0sera vers\u00e9, sous conditions, aux personnes qui \u00e9taient \u00e0 la charge totale et permanente de l&rsquo;assur\u00e9. En outre, l\u2019assur\u00e9 devait \u00eatre \u00e0 jour du paiement des cotisations lorsqu\u2019il est d\u00e9c\u00e9d\u00e9.<\/p>\n<p>Son montant est de\u00a0<strong>20% du plafond de la s\u00e9curit\u00e9 sociale (40 524 euros en 2019)<\/strong>\u00a0pour le d\u00e9c\u00e8s d&rsquo;un artisan ou commer\u00e7ant qui cotise. Contre\u00a0<strong>8%<\/strong>\u00a0en cas de d\u00e9c\u00e8s d&rsquo;un commer\u00e7ant ou artisan \u00e0 la retraite.<\/p>\n<p>Mais<strong> attention<\/strong>, pour percevoir le capital d\u00e9c\u00e8s il faut <strong>en faire la demande <\/strong>aupr\u00e8s de la CPAM dans les deux ann\u00e9es qui suivent le jour du d\u00e9c\u00e8s.<\/p>\n<h3>Indemnit\u00e9s journali\u00e8res<\/h3>\n<p>En cas\u00a0d\u2019arr\u00eat de travail pour accident ou maladie, une indemnit\u00e9 vous sera vers\u00e9e afin que vos revenus soient maintenus. Les indemnit\u00e9s journali\u00e8res\u00a0<strong>d\u00e9pendent de votre revenu annuel moyen<\/strong>.<\/p>\n<p>Plus pr\u00e9cis\u00e9ment, le montant journalier est \u00e9gal \u00e0 <strong>1\/730 de votre revenu annuel moyen <\/strong>des 3 derni\u00e8res ann\u00e9es. Le <strong>montant maximum journalier<\/strong> ne peut dans aucun cas d\u00e9passer les<strong> 55,51 euros<\/strong>.<\/p>\n<p>Pour percevoir les indemnit\u00e9s journali\u00e8res, vous devez<strong> \u00eatre affili\u00e9 au RSI depuis une ann\u00e9e<\/strong>\u00a0; avoir un revenu qui s\u2019\u00e9l\u00e8ve au moins \u00e0 <strong>3919,20 euros<\/strong>\u00a0; et avoir un <strong>avis d\u2019arr\u00eat de travail<\/strong> ou un <strong>temps partiel th\u00e9rapeutique<\/strong>.<\/p>\n<p>Enfin, <strong>si votre arr\u00eat est sup\u00e9rieur \u00e0 7 jours,<\/strong> ou si vous vous faites hospitaliser, vous percevrez ces indemnit\u00e9s \u00e0 partir du quatri\u00e8me jour.<\/p>\n<h3>Retraite RSI et auto entrepreneur<\/h3>\n<p>Pour percevoir la retraite de base, vous devrez avoir valid\u00e9 un certain nombre de trimestres.\u00a0<a href=\"https:\/\/www.service-public.fr\/professionnels-entreprises\/vosdroits\/F23369\">L&rsquo;acquisition d&rsquo;un trimestre<\/a>\u00a0est soumis \u00e0 une condition de chiffre d&rsquo;affaires.\u00a0 Dans le cadre du r\u00e9gime micro social, le montant de vos droits \u00e0 la retraite\u00a0<strong>d\u00e9pendra du montant des cotisations sociales<\/strong>\u00a0que vous aurez vers\u00e9.<\/p>\n<h3>Ch\u00f4mage<\/h3>\n<p>Aucune couverture n&rsquo;est pr\u00e9vue. Toutefois, depuis le 1er janvier 2019, l&rsquo;assurance ch\u00f4mage a \u00e9t\u00e9 ouverte aux travailleurs ind\u00e9pendants. Cette r\u00e9forme apport\u00e9e par la\u00a0<a href=\"https:\/\/www.legifrance.gouv.fr\/affichTexte.do?cidTexte=JORFTEXT000037367660&amp;categorieLien=id\">loi du 5 septembre 2018<\/a>\u00a0doit n\u00e9anmoins faire l&rsquo;objet d&rsquo;un d\u00e9cret d&rsquo;application.<\/p>\n<p>Si vous ne d\u00e9gagez aucun revenu de votre activit\u00e9, vous ne payerez aucune cotisation. Vous n&rsquo;aurez donc\u00a0pas de protection. Pour \u00e9viter cela, vous pourrez vous tourner vers la s\u00e9curit\u00e9 sociale des ind\u00e9pendants pour r\u00e9gler des cotisations minimales. Vous devrez en faire la demande dans les trois mois qui suivent le d\u00e9but de votre activit\u00e9. Elle peut \u00e9galement se faire avant le 31 d\u00e9cembre de l&rsquo;ann\u00e9e en cours pour l&rsquo;ann\u00e9e suivante. Si vous d\u00e9cidez de payer des cotisations minimales, vous renoncerez au r\u00e9gime micro social.<\/p>\n<h2 id=\"4\">Taux des cotisations auto entrepreneur RSI et Acre<\/h2>\n<h3>Auto entrepreneur RSI et taux de cotisations<\/h3>\n<p>Sur le chiffre d\u2019affaires que vous aurez r\u00e9alis\u00e9 en tant qu&rsquo;<a href=\"https:\/\/blog.legalvision.fr\/2018\/05\/05\/statut-auto-entrepreneur-2018\/\">auto entrepreneur<\/a>, sera pr\u00e9lev\u00e9 un taux de cotisations sociales fixes. Quels sont-ils\u00a0?<\/p>\n<ul>\n<li>D\u2019abord, un taux de <strong>22% <\/strong>va s\u2019appliquer aux <strong>prestations de services (BIC et BNC) <\/strong>et \u00a0<strong>professions lib\u00e9rales<\/strong> ;<\/li>\n<li>Ce m\u00eame taux de <strong>22 %<\/strong> s\u2019applique \u00e9galement aux activit\u00e9s de <strong>location de locaux d\u2019habitation meubl\u00e9s\u00a0;<\/strong>\n<\/li>\n<li>Pour les <strong>activit\u00e9s de vente et d\u2019h\u00e9bergement<\/strong>, ce taux sera de <strong>12.8%<\/strong>\u00a0;<\/li>\n<li>Enfin il sera de <strong>6% <\/strong>pour la <strong>location de meubl\u00e9s de tourisme class\u00e9s<\/strong>.<\/li>\n<\/ul>\n<p>L\u2019assurance maladie, maternit\u00e9, invalidit\u00e9, d\u00e9c\u00e8s, de la retraite de base et compl\u00e9mentaire obligatoire, de la CSG-CRDS et des allocations familiales sont ainsi couvertes par ces cotisations.<\/p>\n<p>Les frais de formation professionnelle ne sont pas compris dans ces taux. Ainsi, s\u2019impute sur votre chiffre d\u2019affaires un pourcentage de :<\/p>\n<ul>\n<li>sera de <strong>0.1%<\/strong> pour les <strong>commer\u00e7ants<\/strong>\u00a0;<\/li>\n<li>Un autre de <strong>0.2%<\/strong> pour les <strong>professions lib\u00e9rales r\u00e9glement\u00e9es<\/strong>\u00a0;<\/li>\n<li>Enfin, un taux de <strong>0.3%<\/strong> s\u2019applique aux <strong>artisans<\/strong>.<\/li>\n<\/ul>\n<h3>Auto entrepreneur RSI et ACRE<\/h3>\n<p>L&rsquo;<a href=\"https:\/\/blog.legalvision.fr\/2018\/02\/01\/extension-du-dispositif-accre\/\">Aide aux Ch\u00f4meurs Cr\u00e9ateurs et Repreneurs d\u2019Entreprise (ACCRE) a \u00e9t\u00e9 \u00e9tendue\u00a0<\/a>\u00e0 toutes les personnes par la loi de financement de la S\u00e9curit\u00e9 Sociale pour 2018. Ainsi, si vous souhaitez cr\u00e9er ou reprendre une activit\u00e9 vous pourrez <strong>demander l&rsquo;Aide aux Cr\u00e9ateurs et Repreneurs d&rsquo;Entreprise<\/strong> (ACRE).<\/p>\n<p>Tous les auto entrepreneurs pourront ainsi b\u00e9n\u00e9ficier d&rsquo;une exon\u00e9ration partielle de ses cotisations pendant une dur\u00e9e de <strong>3 ans<\/strong>.<\/p>\n<p>Les cotisations d&rsquo;assurance maladie, maternit\u00e9, invalidit\u00e9, d\u00e9c\u00e8s, prestations familiales et assurance vieillesse sont concern\u00e9es par cette exon\u00e9ration.<\/p>\n<p>Les cotisations pour la CSG-CRDS, la contribution \u00e0 la formation professionnelle, la CURPS et la retraite compl\u00e9mentaire obligatoire seront exclues.<\/p>\n<p>Pour ce qui est de l&rsquo;exon\u00e9ration, elle sera :<\/p>\n<ul>\n<li>\n<strong>Totale<\/strong>\u00a0d\u00e8s lors que vos revenus ne d\u00e9passeront pas les\u00a0<strong>75%<\/strong>\u00a0du\u00a0Plafond Annuel de la S\u00e9curit\u00e9 Sociale (PASS), <strong>soit 30 393\u20ac<\/strong> en 2019.<\/li>\n<li>Tandis qu\u2019elle sera<strong>\u00a0partielle<\/strong>\u00a0si vos revenus professionnels sont\u00a0compris <strong>entre\u00a030 393\u20ac et 40 524\u20ac<\/strong>.<\/li>\n<li>Si leur montant d\u00e9passe une fois le PASS, soit <strong>40 524\u20ac<\/strong> en 2019,\u00a0<strong>aucune exon\u00e9ration\u00a0<\/strong>n\u2019est pr\u00e9vue.<\/li>\n<\/ul>\n<p>Sur la p\u00e9riode de trois ans, l&rsquo;<strong>exon\u00e9ration est d\u00e9gressive<\/strong>. En effet, elle est de :<\/p>\n<ul>\n<li>100% la premi\u00e8re ann\u00e9e d\u2019activit\u00e9 ;<\/li>\n<li>2\/3 de l\u2019exon\u00e9ration initiale la deuxi\u00e8me ann\u00e9e d\u2019activit\u00e9 ;<\/li>\n<li>1\/3\u00a0de l\u2019exon\u00e9ration initiale la\u00a0troisi\u00e8me\u00a0ann\u00e9e d\u2019activit\u00e9.<\/li>\n<\/ul>\n<h2 id=\"5\">Auto entrepreneur RSI : faire ses d\u00e9clarations et payer ses cotisations<\/h2>\n<h3>Auto entrepreneur rsi : les r\u00e8gles g\u00e9n\u00e9rales pour vos d\u00e9clarations<\/h3>\n<p>D\u00e8s lors que vous commencez votre activit\u00e9 en tant qu&rsquo;auto entrepreneur, vous avez un mois pour opter pour une :<\/p>\n<ul>\n<li>\n<strong>D\u00e9claration trimestrielle chiffre d&rsquo;affaires rsi auto entrepreneur<\/strong> : dans cette situation vous devrez d\u00e9clarer le chiffre d&rsquo;affaires que vous r\u00e9alis\u00e9 \u00e0 chaque fin de mois.<\/li>\n<li>Ou pour une <strong>d\u00e9claration mensuelle chiffre d&rsquo;affaires rsi auto entrepreneur <\/strong>: dans ce cas vous devrez d\u00e9clarer votre chiffre d&rsquo;affaires :\n<ul>\n<li>au<strong> 30 avril<\/strong> pour le<strong> 1er trimestre ;<\/strong>\n<\/li>\n<li>le<strong> 31 juillet<\/strong> pour le<strong> 2e trimestre ;<\/strong>\n<\/li>\n<li>au<strong> 31 octobre <\/strong>pour le<strong> 3e trimestre ;<\/strong>\n<\/li>\n<li>le<strong> 31 janvier <\/strong>pour le<strong> 4e trimestre.<\/strong>\n<\/li>\n<\/ul>\n<\/li>\n<\/ul>\n<p>Vous devrez proc\u00e9der \u00e0 cette d\u00e9claration de chiffre d&rsquo;affaires\u00a0<a href=\"https:\/\/www.autoentrepreneur.urssaf.fr\/portail\/accueil.html\">en ligne<\/a>. Elle doit \u00e9galement \u00eatre r\u00e9alis\u00e9e m\u00eame si vous ne d\u00e9gagez aucun chiffre d&rsquo;affaires.<\/p>\n<p>Enfin, vous devez noter que le choix que vous allez op\u00e9rer est valable pour toute l&rsquo;ann\u00e9e civile et sera tacitement reconduit. Mais vous pourrez le changer avant le 31 d\u00e9cembre de l&rsquo;ann\u00e9e en cours pour l&rsquo;ann\u00e9e suivante.<\/p>\n<h3>Auto entrepreneur RSI : la premi\u00e8re d\u00e9claration en d\u00e9but d&rsquo;activit\u00e9<\/h3>\n<div>La premi\u00e8re d\u00e9claration de chiffre d&rsquo;affaires en d\u00e9but d&rsquo;activit\u00e9 ne doit pas \u00eatre confondue avec la\u00a0\u00ab\u00a0d\u00e9claration de d\u00e9but d\u2019activit\u00e9\u00a0\u00bb. Cette derni\u00e8re qui est envoy\u00e9e au Centre de Formalit\u00e9s des Entreprises permet l&rsquo;immatriculation de votre entreprise.<\/div>\n<div><\/div>\n<div>En tant qu&rsquo;auto entrepreneur RSI reprenant ou cr\u00e9ant une activit\u00e9, votre\u00a0<a href=\"https:\/\/www.autoentrepreneur.urssaf.fr\/portail\/accueil\/une-question\/toutes-les-fiches-pratiques\/declarer-et-payer-mes-cotisation.html\">d\u00e9claration<\/a>\u00a0de chiffre d\u2019affaires ne se fait pas imm\u00e9diatement. Elle est r\u00e9alis\u00e9e au moins\u00a0<strong>90 jours apr\u00e8s la date de d\u00e9but de l\u2019activit\u00e9<\/strong>.<\/div>\n<div>\n<p>D\u2019abord, en ce qui concerne les\u00a0<strong>premi\u00e8res d\u00e9clarations mensuelles de chiffre d\u2019affaires :<\/strong><\/p>\n<ul>\n<li>Si vous devenez auto entrepreneur RSI au mois de<strong> juin,<\/strong> alors votre d\u00e9claration doit \u00eatre faite avant le<strong> 31 octobre.\u00a0<\/strong>\n<\/li>\n<li>Puis, si vous cr\u00e9ez ou reprenez une activit\u00e9 en <strong>juillet<\/strong>, la d\u00e9claration doit s&rsquo;op\u00e9rer le <strong>30 novembre<\/strong> au plus tard.<\/li>\n<li>Si la cr\u00e9ation ou reprise d&rsquo;activit\u00e9 intervient en<strong>\u00a0ao\u00fbt,<\/strong>\u00a0vous devez d\u00e9clarer le chiffre d&rsquo;affaires au plus tard le<strong>\u00a031 d\u00e9cembre<\/strong>.<\/li>\n<li>Ensuite, celle ci se fera le\u00a0<strong>31 janvier\u00a0\u00a0n+1\u00a0<\/strong>pour les activit\u00e9s qui commencent pendant le<strong>\u00a0mois de septembre.<\/strong>\n<\/li>\n<li>Le\u00a0<strong>28 f\u00e9vrier n+1<\/strong>\u00a0pour celles qui d\u00e9marre au mois d&rsquo;<strong>octobre<\/strong>.<\/li>\n<li>Enfin, celles qui naissent en<strong>\u00a0d\u00e9cembre\u00a0<\/strong>devront \u00eatre d\u00e9clar\u00e9es avant le<strong>\u00a030 avril n+1<\/strong>.<\/li>\n<\/ul>\n<p>Ensuite, pour les\u00a0<strong>d\u00e9clarations trimestrielles<\/strong>\u00a0les r\u00e8gles sont les suivantes :<\/p>\n<ul>\n<li>Si vous devenez auto entrepreneur RSI\u00a0<strong>entre le 1er janvier et le 31 mars<\/strong>, la d\u00e9claration\u00a0doit \u00eatre faite au\u00a0<strong>31 juillet<\/strong>.<\/li>\n<li>Pour les activit\u00e9s d\u00e9butant<strong>\u00a0entre le 1er avril et le 30 juin 2019<\/strong>, la\u00a0<strong>d\u00e9claration<\/strong>\u00a0devra \u00eatre faite au\u00a0<strong>31 octobre.<\/strong>\n<\/li>\n<li>La d\u00e9claration de votre chiffre d\u2019affaires pour les<strong>\u00a0activit\u00e9s initi\u00e9es entre le 1er juillet et le 30 septembre<\/strong>\u00a0se fait le\u00a0<strong>31 janvier n+1.<\/strong>\n<\/li>\n<li>Ensuite, elle s&rsquo;effectue le\u00a0<strong>30 avril n+1 pour les activit\u00e9s cr\u00e9\u00e9es pendant le dernier trimestre.<\/strong>\n<\/li>\n<\/ul>\n<h3>Auto entrepreneur RSI : le d\u00e9faut de d\u00e9claration<\/h3>\n<p>Si vous oubliez de faire la d\u00e9claration de votre chiffre d&rsquo;affaires, vous serez sanctionn\u00e9. Une p\u00e9nalit\u00e9 de cinquante euros est demand\u00e9e pour chaque d\u00e9claration qui fait d\u00e9faut.<\/p>\n<p>Enfin, si vous \u00eates en retard dans vos d\u00e9claration, la p\u00e9nalit\u00e9 d\u00e9pendra du seuil d&rsquo;assujettissement \u00e0 la TVA.<\/p>\n<h3>Comment payer ses cotisations ?<\/h3>\n<p>Depuis 2019, vous devez <a href=\"https:\/\/www.autoentrepreneur.urssaf.fr\/portail\/accueil.html\">payer vos cotisations <\/a>par voie d\u00e9mat\u00e9rialis\u00e9e. Autrement dit, par <strong>t\u00e9l\u00e9-paiement<\/strong> ou par <strong>carte bancaire<\/strong>.<\/p>\n<p>Pour payer vos cotisations, vous pouvez choisir le <strong>pr\u00e9l\u00e8vement automatique.\u00a0<\/strong><\/p>\n<p>Le pr\u00e9l\u00e8vement s&rsquo;op\u00e8re le<strong> 5<\/strong> des mois de<strong> f\u00e9vrier, mai, ao\u00fbt <\/strong>et<strong> novembre<\/strong>, si vous avez pr\u00e9f\u00e9rez l&rsquo;option <strong>trimestriel<\/strong>. Pour les paiements <strong>mensuels,<\/strong> les pr\u00e9l\u00e8vements se feront <strong>le 5 <\/strong>ou<strong> le 20<\/strong> de chaque mois. A chaque fin d&rsquo;ann\u00e9e une r\u00e9gularisation sera faite.<\/p>\n<\/div>\n<p><center><br \/>\n<\/center><\/p>\n<p><\/p>\n<div class=\"wp-block-button\" style=\"text-align:center;\"><a class=\"wp-block-button__link has-background\" href=\"https:\/\/www.legalvision.fr\/creation-dentreprise\/statut-auto-entrepreneur\/\">Commencer les d\u00e9marches pour mon auto-entreprise<\/a><\/div>\n","protected":false},"excerpt":{"rendered":"<p>Auto entrepreneur RSI\u00a0: tous les auto-entrepreneurs sont affili\u00e9s au R\u00e9gime social des ind\u00e9pendants. Ce r\u00e9gime est d\u00e9sormais appel\u00e9 S\u00e9curit\u00e9 sociale des ind\u00e9pendants. Le r\u00e9gime de la micro entreprise qui a absorb\u00e9 en 2016 celui de l\u2019auto entreprise, attire \u00e9norm\u00e9ment car il est avantageux et permet de b\u00e9n\u00e9ficier d\u2019un r\u00e9gime micro social. Si vous \u00eates d\u00e9sireux&hellip; <a class=\"more-link\" href=\"https:\/\/www.legalvision.fr\/guides-juridiques\/auto-entrepreneur\/auto-entrepreneur-rsi-comment-ca-marche\/\">Poursuivre la lecture <span class=\"screen-reader-text\">L&rsquo;auto entrepreneur et le RSI : guide complet<\/span><\/a><\/p>\n","protected":false},"author":30,"featured_media":17875,"comment_status":"open","ping_status":"open","sticky":false,"template":"","format":"standard","meta":{"content-type":"","inline_featured_image":false,"footnotes":""},"categories":[2477],"tags":[],"class_list":["post-17422","post","type-post","status-publish","format-standard","has-post-thumbnail","hentry","category-auto-entrepreneur","entry"],"yoast_head":"<!-- This site is optimized with the Yoast SEO plugin v27.1.1 - https:\/\/yoast.com\/product\/yoast-seo-wordpress\/ -->\n<title>Auto entrepreneur RSI : tout ce que vous devez conna\u00eetre !<\/title>\n<meta name=\"description\" content=\"Auto entrepreneur RSI, LegalVision vous pr\u00e9sente toutes les particularit\u00e9s de votre protection sociale : cotisations, prestations et d\u00e9clarations.\" \/>\n<meta name=\"robots\" content=\"index, follow, max-snippet:-1, max-image-preview:large, max-video-preview:-1\" \/>\n<link rel=\"canonical\" href=\"https:\/\/www.legalvision.fr\/guides-juridiques\/auto-entrepreneur\/auto-entrepreneur-rsi-comment-ca-marche\/\" \/>\n<meta property=\"og:locale\" content=\"fr_FR\" \/>\n<meta property=\"og:type\" content=\"article\" \/>\n<meta property=\"og:title\" content=\"Auto entrepreneur RSI : tout ce que vous devez conna\u00eetre !\" \/>\n<meta property=\"og:description\" content=\"Auto entrepreneur RSI, LegalVision vous pr\u00e9sente toutes les particularit\u00e9s de votre protection sociale : cotisations, prestations et d\u00e9clarations.\" \/>\n<meta property=\"og:url\" content=\"https:\/\/www.legalvision.fr\/guides-juridiques\/auto-entrepreneur\/auto-entrepreneur-rsi-comment-ca-marche\/\" \/>\n<meta property=\"og:site_name\" content=\"Guides juridiques\" \/>\n<meta property=\"article:published_time\" content=\"2019-07-02T06:30:08+00:00\" \/>\n<meta property=\"article:modified_time\" content=\"2022-03-27T19:20:54+00:00\" \/>\n<meta property=\"og:image\" content=\"https:\/\/www.legalvision.fr\/guides-juridiques\/wp-content\/uploads\/2019\/07\/auto-entrepreneur-rsi.jpg\" \/>\n\t<meta property=\"og:image:width\" content=\"958\" \/>\n\t<meta property=\"og:image:height\" content=\"350\" \/>\n\t<meta property=\"og:image:type\" content=\"image\/jpeg\" \/>\n<meta name=\"author\" content=\"William Lebrun\" \/>\n<meta name=\"twitter:card\" content=\"summary_large_image\" \/>\n<meta name=\"twitter:label1\" content=\"\u00c9crit par\" \/>\n\t<meta name=\"twitter:data1\" content=\"William Lebrun\" \/>\n\t<meta name=\"twitter:label2\" content=\"Dur\u00e9e de lecture estim\u00e9e\" \/>\n\t<meta name=\"twitter:data2\" content=\"14 minutes\" \/>\n<script type=\"application\/ld+json\" class=\"yoast-schema-graph\">{\"@context\":\"https:\/\/schema.org\",\"@graph\":[{\"@type\":\"Article\",\"@id\":\"https:\/\/www.legalvision.fr\/guides-juridiques\/auto-entrepreneur\/auto-entrepreneur-rsi-comment-ca-marche\/#article\",\"isPartOf\":{\"@id\":\"https:\/\/www.legalvision.fr\/guides-juridiques\/auto-entrepreneur\/auto-entrepreneur-rsi-comment-ca-marche\/\"},\"author\":{\"name\":\"William Lebrun\",\"@id\":\"https:\/\/www.legalvision.fr\/guides-juridiques\/#\/schema\/person\/3d24d0c20575138ed212b2e4b6f7b4b0\"},\"headline\":\"L&rsquo;auto entrepreneur et le RSI : guide complet\",\"datePublished\":\"2019-07-02T06:30:08+00:00\",\"dateModified\":\"2022-03-27T19:20:54+00:00\",\"mainEntityOfPage\":{\"@id\":\"https:\/\/www.legalvision.fr\/guides-juridiques\/auto-entrepreneur\/auto-entrepreneur-rsi-comment-ca-marche\/\"},\"wordCount\":2891,\"commentCount\":0,\"publisher\":{\"@id\":\"https:\/\/www.legalvision.fr\/guides-juridiques\/#organization\"},\"image\":{\"@id\":\"https:\/\/www.legalvision.fr\/guides-juridiques\/auto-entrepreneur\/auto-entrepreneur-rsi-comment-ca-marche\/#primaryimage\"},\"thumbnailUrl\":\"https:\/\/www.legalvision.fr\/guides-juridiques\/wp-content\/uploads\/2019\/07\/auto-entrepreneur-rsi.jpg\",\"articleSection\":[\"Auto-entrepreneur\"],\"inLanguage\":\"fr-FR\",\"potentialAction\":[{\"@type\":\"CommentAction\",\"name\":\"Comment\",\"target\":[\"https:\/\/www.legalvision.fr\/guides-juridiques\/auto-entrepreneur\/auto-entrepreneur-rsi-comment-ca-marche\/#respond\"]}]},{\"@type\":\"WebPage\",\"@id\":\"https:\/\/www.legalvision.fr\/guides-juridiques\/auto-entrepreneur\/auto-entrepreneur-rsi-comment-ca-marche\/\",\"url\":\"https:\/\/www.legalvision.fr\/guides-juridiques\/auto-entrepreneur\/auto-entrepreneur-rsi-comment-ca-marche\/\",\"name\":\"Auto entrepreneur RSI : tout ce que vous devez conna\u00eetre !\",\"isPartOf\":{\"@id\":\"https:\/\/www.legalvision.fr\/guides-juridiques\/#website\"},\"primaryImageOfPage\":{\"@id\":\"https:\/\/www.legalvision.fr\/guides-juridiques\/auto-entrepreneur\/auto-entrepreneur-rsi-comment-ca-marche\/#primaryimage\"},\"image\":{\"@id\":\"https:\/\/www.legalvision.fr\/guides-juridiques\/auto-entrepreneur\/auto-entrepreneur-rsi-comment-ca-marche\/#primaryimage\"},\"thumbnailUrl\":\"https:\/\/www.legalvision.fr\/guides-juridiques\/wp-content\/uploads\/2019\/07\/auto-entrepreneur-rsi.jpg\",\"datePublished\":\"2019-07-02T06:30:08+00:00\",\"dateModified\":\"2022-03-27T19:20:54+00:00\",\"description\":\"Auto entrepreneur RSI, LegalVision vous pr\u00e9sente toutes les particularit\u00e9s de votre protection sociale : cotisations, prestations et d\u00e9clarations.\",\"breadcrumb\":{\"@id\":\"https:\/\/www.legalvision.fr\/guides-juridiques\/auto-entrepreneur\/auto-entrepreneur-rsi-comment-ca-marche\/#breadcrumb\"},\"inLanguage\":\"fr-FR\",\"potentialAction\":[{\"@type\":\"ReadAction\",\"target\":[\"https:\/\/www.legalvision.fr\/guides-juridiques\/auto-entrepreneur\/auto-entrepreneur-rsi-comment-ca-marche\/\"]}]},{\"@type\":\"ImageObject\",\"inLanguage\":\"fr-FR\",\"@id\":\"https:\/\/www.legalvision.fr\/guides-juridiques\/auto-entrepreneur\/auto-entrepreneur-rsi-comment-ca-marche\/#primaryimage\",\"url\":\"https:\/\/www.legalvision.fr\/guides-juridiques\/wp-content\/uploads\/2019\/07\/auto-entrepreneur-rsi.jpg\",\"contentUrl\":\"https:\/\/www.legalvision.fr\/guides-juridiques\/wp-content\/uploads\/2019\/07\/auto-entrepreneur-rsi.jpg\",\"width\":958,\"height\":350,\"caption\":\"auto entrepreneur rsi\"},{\"@type\":\"BreadcrumbList\",\"@id\":\"https:\/\/www.legalvision.fr\/guides-juridiques\/auto-entrepreneur\/auto-entrepreneur-rsi-comment-ca-marche\/#breadcrumb\",\"itemListElement\":[{\"@type\":\"ListItem\",\"position\":1,\"name\":\"Accueil\",\"item\":\"https:\/\/www.legalvision.fr\/guides-juridiques\/\"},{\"@type\":\"ListItem\",\"position\":2,\"name\":\"Auto-entrepreneur\",\"item\":\"https:\/\/www.legalvision.fr\/guides-juridiques\/auto-entrepreneur\/\"},{\"@type\":\"ListItem\",\"position\":3,\"name\":\"L&rsquo;auto entrepreneur et le RSI : guide complet\"}]},{\"@type\":\"WebSite\",\"@id\":\"https:\/\/www.legalvision.fr\/guides-juridiques\/#website\",\"url\":\"https:\/\/www.legalvision.fr\/guides-juridiques\/\",\"name\":\"Guides juridiques\",\"description\":\"L&#039;information juridique \u00e0 destination des entreprises et TPE\",\"publisher\":{\"@id\":\"https:\/\/www.legalvision.fr\/guides-juridiques\/#organization\"},\"potentialAction\":[{\"@type\":\"SearchAction\",\"target\":{\"@type\":\"EntryPoint\",\"urlTemplate\":\"https:\/\/www.legalvision.fr\/guides-juridiques\/?s={search_term_string}\"},\"query-input\":{\"@type\":\"PropertyValueSpecification\",\"valueRequired\":true,\"valueName\":\"search_term_string\"}}],\"inLanguage\":\"fr-FR\"},{\"@type\":\"Organization\",\"@id\":\"https:\/\/www.legalvision.fr\/guides-juridiques\/#organization\",\"name\":\"Guides juridiques\",\"url\":\"https:\/\/www.legalvision.fr\/guides-juridiques\/\",\"logo\":{\"@type\":\"ImageObject\",\"inLanguage\":\"fr-FR\",\"@id\":\"https:\/\/www.legalvision.fr\/guides-juridiques\/#\/schema\/logo\/image\/\",\"url\":\"https:\/\/www.legalvision.fr\/guides-juridiques\/wp-content\/uploads\/2022\/10\/LV-Logotype.png\",\"contentUrl\":\"https:\/\/www.legalvision.fr\/guides-juridiques\/wp-content\/uploads\/2022\/10\/LV-Logotype.png\",\"width\":647,\"height\":125,\"caption\":\"Guides juridiques\"},\"image\":{\"@id\":\"https:\/\/www.legalvision.fr\/guides-juridiques\/#\/schema\/logo\/image\/\"}},{\"@type\":\"Person\",\"@id\":\"https:\/\/www.legalvision.fr\/guides-juridiques\/#\/schema\/person\/3d24d0c20575138ed212b2e4b6f7b4b0\",\"name\":\"William Lebrun\",\"image\":{\"@type\":\"ImageObject\",\"inLanguage\":\"fr-FR\",\"@id\":\"https:\/\/www.legalvision.fr\/guides-juridiques\/#\/schema\/person\/image\/\",\"url\":\"https:\/\/www.legalvision.fr\/guides-juridiques\/wp-content\/uploads\/2023\/07\/cropped-homme1-96x96.png\",\"contentUrl\":\"https:\/\/www.legalvision.fr\/guides-juridiques\/wp-content\/uploads\/2023\/07\/cropped-homme1-96x96.png\",\"caption\":\"William Lebrun\"},\"description\":\"B\u00e9n\u00e9ficiant de la formation d'un double dipl\u00f4me en droit des affaires et en \u00e9cole de commerce, j'ai un fort attrait pour le droit des soci\u00e9t\u00e9s. Je r\u00e9dige des articles pour vous aider sur vos probl\u00e9matiques.\",\"url\":\"https:\/\/www.legalvision.fr\/guides-juridiques\/author\/aina-rakoto\/\"}]}<\/script>\n<!-- \/ Yoast SEO plugin. -->","yoast_head_json":{"title":"Auto entrepreneur RSI : tout ce que vous devez conna\u00eetre !","description":"Auto entrepreneur RSI, LegalVision vous pr\u00e9sente toutes les particularit\u00e9s de votre protection sociale : cotisations, prestations et d\u00e9clarations.","robots":{"index":"index","follow":"follow","max-snippet":"max-snippet:-1","max-image-preview":"max-image-preview:large","max-video-preview":"max-video-preview:-1"},"canonical":"https:\/\/www.legalvision.fr\/guides-juridiques\/auto-entrepreneur\/auto-entrepreneur-rsi-comment-ca-marche\/","og_locale":"fr_FR","og_type":"article","og_title":"Auto entrepreneur RSI : tout ce que vous devez conna\u00eetre !","og_description":"Auto entrepreneur RSI, LegalVision vous pr\u00e9sente toutes les particularit\u00e9s de votre protection sociale : cotisations, prestations et d\u00e9clarations.","og_url":"https:\/\/www.legalvision.fr\/guides-juridiques\/auto-entrepreneur\/auto-entrepreneur-rsi-comment-ca-marche\/","og_site_name":"Guides juridiques","article_published_time":"2019-07-02T06:30:08+00:00","article_modified_time":"2022-03-27T19:20:54+00:00","og_image":[{"width":958,"height":350,"url":"https:\/\/www.legalvision.fr\/guides-juridiques\/wp-content\/uploads\/2019\/07\/auto-entrepreneur-rsi.jpg","type":"image\/jpeg"}],"author":"William Lebrun","twitter_card":"summary_large_image","twitter_misc":{"\u00c9crit par":"William Lebrun","Dur\u00e9e de lecture estim\u00e9e":"14 minutes"},"schema":{"@context":"https:\/\/schema.org","@graph":[{"@type":"Article","@id":"https:\/\/www.legalvision.fr\/guides-juridiques\/auto-entrepreneur\/auto-entrepreneur-rsi-comment-ca-marche\/#article","isPartOf":{"@id":"https:\/\/www.legalvision.fr\/guides-juridiques\/auto-entrepreneur\/auto-entrepreneur-rsi-comment-ca-marche\/"},"author":{"name":"William Lebrun","@id":"https:\/\/www.legalvision.fr\/guides-juridiques\/#\/schema\/person\/3d24d0c20575138ed212b2e4b6f7b4b0"},"headline":"L&rsquo;auto entrepreneur et le RSI : guide complet","datePublished":"2019-07-02T06:30:08+00:00","dateModified":"2022-03-27T19:20:54+00:00","mainEntityOfPage":{"@id":"https:\/\/www.legalvision.fr\/guides-juridiques\/auto-entrepreneur\/auto-entrepreneur-rsi-comment-ca-marche\/"},"wordCount":2891,"commentCount":0,"publisher":{"@id":"https:\/\/www.legalvision.fr\/guides-juridiques\/#organization"},"image":{"@id":"https:\/\/www.legalvision.fr\/guides-juridiques\/auto-entrepreneur\/auto-entrepreneur-rsi-comment-ca-marche\/#primaryimage"},"thumbnailUrl":"https:\/\/www.legalvision.fr\/guides-juridiques\/wp-content\/uploads\/2019\/07\/auto-entrepreneur-rsi.jpg","articleSection":["Auto-entrepreneur"],"inLanguage":"fr-FR","potentialAction":[{"@type":"CommentAction","name":"Comment","target":["https:\/\/www.legalvision.fr\/guides-juridiques\/auto-entrepreneur\/auto-entrepreneur-rsi-comment-ca-marche\/#respond"]}]},{"@type":"WebPage","@id":"https:\/\/www.legalvision.fr\/guides-juridiques\/auto-entrepreneur\/auto-entrepreneur-rsi-comment-ca-marche\/","url":"https:\/\/www.legalvision.fr\/guides-juridiques\/auto-entrepreneur\/auto-entrepreneur-rsi-comment-ca-marche\/","name":"Auto entrepreneur RSI : tout ce que vous devez conna\u00eetre !","isPartOf":{"@id":"https:\/\/www.legalvision.fr\/guides-juridiques\/#website"},"primaryImageOfPage":{"@id":"https:\/\/www.legalvision.fr\/guides-juridiques\/auto-entrepreneur\/auto-entrepreneur-rsi-comment-ca-marche\/#primaryimage"},"image":{"@id":"https:\/\/www.legalvision.fr\/guides-juridiques\/auto-entrepreneur\/auto-entrepreneur-rsi-comment-ca-marche\/#primaryimage"},"thumbnailUrl":"https:\/\/www.legalvision.fr\/guides-juridiques\/wp-content\/uploads\/2019\/07\/auto-entrepreneur-rsi.jpg","datePublished":"2019-07-02T06:30:08+00:00","dateModified":"2022-03-27T19:20:54+00:00","description":"Auto entrepreneur RSI, LegalVision vous pr\u00e9sente toutes les particularit\u00e9s de votre protection sociale : cotisations, prestations et d\u00e9clarations.","breadcrumb":{"@id":"https:\/\/www.legalvision.fr\/guides-juridiques\/auto-entrepreneur\/auto-entrepreneur-rsi-comment-ca-marche\/#breadcrumb"},"inLanguage":"fr-FR","potentialAction":[{"@type":"ReadAction","target":["https:\/\/www.legalvision.fr\/guides-juridiques\/auto-entrepreneur\/auto-entrepreneur-rsi-comment-ca-marche\/"]}]},{"@type":"ImageObject","inLanguage":"fr-FR","@id":"https:\/\/www.legalvision.fr\/guides-juridiques\/auto-entrepreneur\/auto-entrepreneur-rsi-comment-ca-marche\/#primaryimage","url":"https:\/\/www.legalvision.fr\/guides-juridiques\/wp-content\/uploads\/2019\/07\/auto-entrepreneur-rsi.jpg","contentUrl":"https:\/\/www.legalvision.fr\/guides-juridiques\/wp-content\/uploads\/2019\/07\/auto-entrepreneur-rsi.jpg","width":958,"height":350,"caption":"auto entrepreneur rsi"},{"@type":"BreadcrumbList","@id":"https:\/\/www.legalvision.fr\/guides-juridiques\/auto-entrepreneur\/auto-entrepreneur-rsi-comment-ca-marche\/#breadcrumb","itemListElement":[{"@type":"ListItem","position":1,"name":"Accueil","item":"https:\/\/www.legalvision.fr\/guides-juridiques\/"},{"@type":"ListItem","position":2,"name":"Auto-entrepreneur","item":"https:\/\/www.legalvision.fr\/guides-juridiques\/auto-entrepreneur\/"},{"@type":"ListItem","position":3,"name":"L&rsquo;auto entrepreneur et le RSI : guide complet"}]},{"@type":"WebSite","@id":"https:\/\/www.legalvision.fr\/guides-juridiques\/#website","url":"https:\/\/www.legalvision.fr\/guides-juridiques\/","name":"Guides juridiques","description":"L&#039;information juridique \u00e0 destination des entreprises et TPE","publisher":{"@id":"https:\/\/www.legalvision.fr\/guides-juridiques\/#organization"},"potentialAction":[{"@type":"SearchAction","target":{"@type":"EntryPoint","urlTemplate":"https:\/\/www.legalvision.fr\/guides-juridiques\/?s={search_term_string}"},"query-input":{"@type":"PropertyValueSpecification","valueRequired":true,"valueName":"search_term_string"}}],"inLanguage":"fr-FR"},{"@type":"Organization","@id":"https:\/\/www.legalvision.fr\/guides-juridiques\/#organization","name":"Guides juridiques","url":"https:\/\/www.legalvision.fr\/guides-juridiques\/","logo":{"@type":"ImageObject","inLanguage":"fr-FR","@id":"https:\/\/www.legalvision.fr\/guides-juridiques\/#\/schema\/logo\/image\/","url":"https:\/\/www.legalvision.fr\/guides-juridiques\/wp-content\/uploads\/2022\/10\/LV-Logotype.png","contentUrl":"https:\/\/www.legalvision.fr\/guides-juridiques\/wp-content\/uploads\/2022\/10\/LV-Logotype.png","width":647,"height":125,"caption":"Guides juridiques"},"image":{"@id":"https:\/\/www.legalvision.fr\/guides-juridiques\/#\/schema\/logo\/image\/"}},{"@type":"Person","@id":"https:\/\/www.legalvision.fr\/guides-juridiques\/#\/schema\/person\/3d24d0c20575138ed212b2e4b6f7b4b0","name":"William Lebrun","image":{"@type":"ImageObject","inLanguage":"fr-FR","@id":"https:\/\/www.legalvision.fr\/guides-juridiques\/#\/schema\/person\/image\/","url":"https:\/\/www.legalvision.fr\/guides-juridiques\/wp-content\/uploads\/2023\/07\/cropped-homme1-96x96.png","contentUrl":"https:\/\/www.legalvision.fr\/guides-juridiques\/wp-content\/uploads\/2023\/07\/cropped-homme1-96x96.png","caption":"William Lebrun"},"description":"B\u00e9n\u00e9ficiant de la formation d'un double dipl\u00f4me en droit des affaires et en \u00e9cole de commerce, j'ai un fort attrait pour le droit des soci\u00e9t\u00e9s. Je r\u00e9dige des articles pour vous aider sur vos probl\u00e9matiques.","url":"https:\/\/www.legalvision.fr\/guides-juridiques\/author\/aina-rakoto\/"}]}},"_links":{"self":[{"href":"https:\/\/www.legalvision.fr\/guides-juridiques\/wp-json\/wp\/v2\/posts\/17422","targetHints":{"allow":["GET"]}}],"collection":[{"href":"https:\/\/www.legalvision.fr\/guides-juridiques\/wp-json\/wp\/v2\/posts"}],"about":[{"href":"https:\/\/www.legalvision.fr\/guides-juridiques\/wp-json\/wp\/v2\/types\/post"}],"author":[{"embeddable":true,"href":"https:\/\/www.legalvision.fr\/guides-juridiques\/wp-json\/wp\/v2\/users\/30"}],"replies":[{"embeddable":true,"href":"https:\/\/www.legalvision.fr\/guides-juridiques\/wp-json\/wp\/v2\/comments?post=17422"}],"version-history":[{"count":0,"href":"https:\/\/www.legalvision.fr\/guides-juridiques\/wp-json\/wp\/v2\/posts\/17422\/revisions"}],"wp:featuredmedia":[{"embeddable":true,"href":"https:\/\/www.legalvision.fr\/guides-juridiques\/wp-json\/wp\/v2\/media\/17875"}],"wp:attachment":[{"href":"https:\/\/www.legalvision.fr\/guides-juridiques\/wp-json\/wp\/v2\/media?parent=17422"}],"wp:term":[{"taxonomy":"category","embeddable":true,"href":"https:\/\/www.legalvision.fr\/guides-juridiques\/wp-json\/wp\/v2\/categories?post=17422"},{"taxonomy":"post_tag","embeddable":true,"href":"https:\/\/www.legalvision.fr\/guides-juridiques\/wp-json\/wp\/v2\/tags?post=17422"}],"curies":[{"name":"wp","href":"https:\/\/api.w.org\/{rel}","templated":true}]}}