{"id":17216,"date":"2019-06-25T07:30:39","date_gmt":"2019-06-25T06:30:39","guid":{"rendered":"https:\/\/blog.legalvision.fr\/?p=17216"},"modified":"2022-03-27T21:20:54","modified_gmt":"2022-03-27T19:20:54","slug":"charges-sociales-micro-entreprise","status":"publish","type":"post","link":"https:\/\/www.legalvision.fr\/guides-juridiques\/auto-entrepreneur\/charges-sociales-micro-entreprise\/","title":{"rendered":"Des charges sociales avantageuses en micro entreprise !"},"content":{"rendered":"<p>Toute personne physique peut, sous conditions, devenir auto-entrepreneur. Ainsi, ce dernier peut exercer trois cat\u00e9gories d\u2019activit\u00e9s\u00a0:<strong> les activit\u00e9s artisanales, commerciales ou lib\u00e9rales<\/strong>. Il peut\u00a0\u00eatre micro-entrepreneur \u00e0 titre principal (exclusivement auto-entrepreneur) ou \u00e0 titre compl\u00e9mentaire (en parall\u00e8le d\u2019un statut de salari\u00e9, retrait\u00e9, \u00e9tudiant\u2026). Charges sociales micro entreprise :\u00a0ce r\u00e9gime\u00a0apporte de nombreux avantages au futur auto-entrepreneur, notamment concernant ses charges sociales.<\/p>\n<p>Rappelons que pour b\u00e9n\u00e9ficier du r\u00e9gime micro-entrepreneur,\u00a0vous devez avoir un chiffre d\u2019affaires pour l&rsquo;ann\u00e9e 2019, inf\u00e9rieur \u00e0\u00a0:\n<\/p>\n<ul>\n<li>\n<strong>170 000 \u20ac<\/strong> pour la vente de marchandises\u00a0;<\/li>\n<li>\n<strong>70 000 \u20ac<\/strong> pour une prestation de services.<\/li>\n<\/ul>\n<p><a href=\"https:\/\/www.legalvision.fr\/\">LegalVision<\/a> vous explique l&rsquo;essentiel sur les charges sociales micro entrepreneur et ses avantages.<\/p>\n<h3><strong>Sommaire :\u00a0<\/strong><\/h3>\n<p><a href=\"#1\"><strong>Charges sociales micro entreprise : quels montants ?<\/strong><\/a><br \/>\n<a href=\"#2\"><strong>Le b\u00e9n\u00e9fice de l&rsquo;aide aux cr\u00e9ateurs et repreneurs d&rsquo;entreprise (ACRE)<\/strong><\/a><br \/>\n<a href=\"#3\"><strong>Charges sociales micro entreprise : comment payer ses charges sociales ?<\/strong><\/a><\/p>\n<div class=\"wp-block-button\" style=\"text-align:center;\"><a class=\"wp-block-button__link has-background\" href=\"https:\/\/www.legalvision.fr\/creation-dentreprise\/statut-auto-entrepreneur\/\">Commencer les d\u00e9marches pour mon auto-entreprise<\/a><\/div>\n<h2 id=\"1\">Charges sociales micro entreprise :\u00a0quels montants ?<\/h2>\n<p><strong><a href=\"https:\/\/www.legalvision.fr\/creation-dentreprise\/statut-auto-entrepreneur\/\">Devenir micro-entrepreneur<\/a><\/strong>\u00a0signifie payer des cotisations sociales.\u00a0Ces derni\u00e8res sont\u00a0calcul\u00e9es en appliquant au\u00a0chiffre d&rsquo;affaires\u00a0<strong>mensuel ou trimestriel,<\/strong> un taux qui\u00a0va d\u00e9pendre de\u00a0son secteur d\u2019activit\u00e9.<\/p>\n<p>Ainsi:<\/p>\n<ul>\n<li>Le taux de charges sociales est de<strong> 12,8%<\/strong> pour les activit\u00e9s d&rsquo;achat\/revente de marchandises ou bien celles de vente de denr\u00e9es \u00e0 consommer sur place et de prestations d&rsquo;h\u00e9bergement ;<\/li>\n<li>est de <strong>6%<\/strong>\u00a0pour la\u00a0<strong>location de meubl\u00e9s de tourisme class\u00e9s ;\u00a0<\/strong>\n<\/li>\n<li>De plus, il est de<strong> 22%<\/strong>\u00a0pour les prestations de services commerciales ou artisanales (BIC ou BNC) ;<\/li>\n<li>Enfin, il est\u00a0aussi de<strong> 22%<\/strong> pour les activit\u00e9s lib\u00e9rales relevant de la S\u00e9curit\u00e9 sociale des ind\u00e9pendants ou de la CIPAV au titre de l&rsquo;assurance vieillesse.<\/li>\n<\/ul>\n<p><strong>Ces cotisations sociales\u00a0concernent\u00a0:<\/strong><\/p>\n<ul>\n<li>La cotisation d\u2019assurance maladie-maternit\u00e9\u00a0;<\/li>\n<li>Celle des allocations familiales\u00a0;<\/li>\n<li>La cotisation invalidit\u00e9-d\u00e9c\u00e8s\u00a0;<\/li>\n<li>Les cotisations de retraite de base et de retraite compl\u00e9mentaire\u00a0;<\/li>\n<li>La CSG et la CRDS.<\/li>\n<\/ul>\n<p>En effet, le micro-entrepreneur, tout comme le salari\u00e9, b\u00e9n\u00e9ficie d&rsquo;une <strong><a href=\"https:\/\/blog.legalvision.fr\/2019\/06\/14\/assurance-maladie-auto-entrepreneur-les-conditions\/\">protection sociale<\/a>.<\/strong><\/p>\n<p>Cependant, cette charge micro entreprise n&rsquo;est pas la seule. En effet, en plus des cotisations sociales, vous \u00eates aussi redevable de\u00a0<strong>la contribution formation professionnelle.<\/strong><\/p>\n<p>D&rsquo;ailleurs, le taux de cette taxe est de\u00a0:<\/p>\n<ul>\n<li>\u00a0\u00a0\u00a0\u00a0<strong>0,1 %<\/strong>\u00a0du chiffre d\u2019affaires pour les commer\u00e7ants\u00a0;<\/li>\n<li>\u00a0\u00a0\u00a0\u00a0<strong>0,2 %<\/strong>\u00a0du chiffre d\u2019affaires pour les professionnels lib\u00e9raux et prestations de services\u00a0;<\/li>\n<li>\u00a0\u00a0\u00a0\u00a0<strong>0,3 %<\/strong>\u00a0du chiffre d\u2019affaires pour les artisans.<\/li>\n<\/ul>\n<h2 id=\"2\">Le b\u00e9n\u00e9fice de l&rsquo;aide aux cr\u00e9ateurs et repreneurs d\u2019entreprise (ACRE)<\/h2>\n<h3>Charges sociales micro entreprise : d\u00e9finition de l&rsquo;ACRE<\/h3>\n<p>Depuis le 1<sup>er<\/sup>\u00a0janvier 2019,<strong> l&rsquo;ACRE <\/strong>est venue remplacer l&rsquo;ACCRE (aide aux demandeurs d\u2019emploi cr\u00e9ant ou reprenant une entreprise). Cette nouvelle aide est d\u00e9sormais<a href=\"https:\/\/blog.legalvision.fr\/2018\/02\/01\/extension-du-dispositif-accre\/\"> \u00e9tendue \u00e0 tous les cr\u00e9ateurs et repreneurs d&rsquo;entreprise<\/a>.<\/p>\n<p>L&rsquo;ACRE permet de r\u00e9aliser une\u00a0<strong>exon\u00e9ration partielle ou totale des charges sociales.<\/strong><\/p>\n<p id=\"\"><strong>Ainsi, les cotisations sociales exon\u00e9r\u00e9es sont les suivantes :<\/strong><\/p>\n<ul>\n<li>Les cotisations patronales et salariales correspondant \u00e0 l\u2019assurance maladie, maternit\u00e9 ;<\/li>\n<li>Retraite de base ;<\/li>\n<li>Invalidit\u00e9 d\u00e9c\u00e8s ;<\/li>\n<li>Les prestations familiales.<\/li>\n<\/ul>\n<p><strong>N\u00e9anmoins, certaines cotisations ne sont pas concern\u00e9es par l\u2019ACRE <\/strong>: les cotisations relatives \u00e0 la contribution sociale g\u00e9n\u00e9ralis\u00e9e (CSG), au risque accident du travail, \u00e0 la retraite compl\u00e9mentaire obligatoire, \u00e0 la formation professionnelle.<\/p>\n<p>D&rsquo;ailleurs, il faut noter que cette exon\u00e9ration est :<\/p>\n<ul>\n<li>\n<strong>totale<\/strong>\u00a0pour un revenu professionnel<strong> inf\u00e9rieur \u00e0 30 393 \u20ac<\/strong>\n<\/li>\n<li>\n<strong>d\u00e9gressive<\/strong>\u00a0pour un revenu professionnel compris <strong>entre 30 393 \u20ac et 40 524 \u20ac<\/strong>.<\/li>\n<\/ul>\n<p>Pour calculer le montant de l\u2019exon\u00e9ration d\u00e9gressive, vous devez appliquer la formule suivante\u00a0:<br \/>\n<strong>Montant de l&rsquo;exon\u00e9ration = E \/ 0,25\u00a0PSS \u00d7 (PSS-R)<\/strong>.<\/p>\n<ul class=\"bulletPointed\">\n<li>E correspond au montant total des cotisations d\u2019assurances sociales (allocations familiales, assurance maladie, maternit\u00e9, retraite de base, invalidit\u00e9 d\u00e9c\u00e8s) dues pour un revenu \u00e9gal \u00e0 30\u00a0393\u00a0\u20ac\u00a0;<\/li>\n<li>PSS est la valeur du plafond annuel de la S\u00e9curit\u00e9 sociale.\u00a0Son montant en 2019 est de 40 524\u20ac ;<\/li>\n<li>R est le revenu de la personne b\u00e9n\u00e9ficiant de l&rsquo;exon\u00e9ration.<\/li>\n<\/ul>\n<p>Micro entreprises charges :<strong> si le revenu du micro-entrepreneur est sup\u00e9rieur \u00e0 40 524 \u20ac, il n&rsquo;y a pas d&rsquo;exon\u00e9ration des cotisations.<\/strong><\/p>\n<h3>Charges sociales micro entreprise : les conditions pour pouvoir b\u00e9n\u00e9ficier de l&rsquo;ACRE<\/h3>\n<p>Tout d&rsquo;abord, l\u2019exon\u00e9ration de cotisations sociales octroy\u00e9e dans le cadre de l\u2019ACRE est \u00e9tendue \u00e0 tous les entrepreneurs qui<strong> cr\u00e9ent ou reprennent une activit\u00e9 professionnelle ou entreprennent l\u2019exercice d\u2019une autre profession non salari\u00e9e, soit \u00e0 titre ind\u00e9pendant, soit sous la forme d\u2019une soci\u00e9t\u00e9<\/strong>.<\/p>\n<p>Le dispositif ACRE est\u00a0\u00e9tendu \u00e0<strong> 3 ans pour les auto-entrepreneurs<\/strong>, contre 1 an seulement pour les autres entrepreneurs ayant opt\u00e9 pour une autre forme juridique. Ainsi, <strong>l\u2019exon\u00e9ration ACRE est plus longue pour les auto-entrepreneurs<\/strong>, ce qui constitue un v\u00e9ritable avantage.<\/p>\n<p>N\u00e9anmoins, pour pouvoir\u00a0\u00eatre \u00e9ligible \u00e0 l&rsquo;ACRE<a href=\"https:\/\/www.legalvision.fr\/creation-dentreprise\/demande-d-accre\/\">,<\/a> il ne faut pas en avoir b\u00e9n\u00e9fici\u00e9 durant les trois ann\u00e9es pr\u00e9c\u00e9dentes. Elles sont a d\u00e9compter \u00e0 partir de la cessation du dernier b\u00e9n\u00e9fice de l\u2019exon\u00e9ration.<\/p>\n<p><em>Par exemple, une micro entreprise est cr\u00e9\u00e9e le 1er janvier 2019 et elle b\u00e9n\u00e9ficiait de l\u2019exon\u00e9ration de d\u00e9but d\u2019activit\u00e9.\u00a0Ses cotisations seront donc minor\u00e9es de mani\u00e8re d\u00e9gressive jusqu&rsquo;au 31 d\u00e9cembre 2021. Le micro entrepreneur, s&rsquo;il souhaite cr\u00e9er une nouvelle entreprise, devra alors attendre le 1er janvier 2025 pour demander une nouvelle fois, l&rsquo;ACRE.<br \/>\n<\/em><\/p>\n<p>Micro entreprise et charges sociales : gr\u00e2ce au dispositif ACRE, le futur auto entrepreneur va alors, b\u00e9n\u00e9ficier d&rsquo;un v\u00e9ritable<strong><a href=\"https:\/\/blog.legalvision.fr\/2019\/05\/31\/optimisation-des-charges-sociales-auto-entrepreneur\/\"> all\u00e8gement de ses charges sociales.<\/a><\/strong><\/p>\n<h2 id=\"3\">Charges sociales micro entreprise : comment payer ses charges sociales ?<\/h2>\n<p>Depuis le 1er janvier 2019, vous devez obligatoirement effectuer par voie d\u00e9mat\u00e9rialis\u00e9e sur <a href=\"https:\/\/www.autoentrepreneur.urssaf.fr\/portail\/accueil\/sinformer-sur-le-statut\/lessentiel-du-statut.html\" target=\"_blank\" rel=\"noopener noreferrer\">autoentrepreneur.urssaf.fr<\/a>,\u00a0la d\u00e9claration et le paiement de vos cotisations sociales. Rappelons que m\u00eame\u00a0si <a href=\"https:\/\/blog.legalvision.fr\/2019\/06\/10\/auto-entrepreneur-et-salarie-avantages-et-inconvenients\/\">vous cumulez le statut d&rsquo;auto entrepreneur et salari\u00e9,<\/a> vous \u00eates redevables de vos cotisations sociales au titre de votre activit\u00e9 salari\u00e9e mais aussi au titre de votre activit\u00e9 micro-entreprise.<\/p>\n<h3><strong>Charges sociales micro entreprise : payer ses charges sociales en d\u00e9but d&rsquo;activit\u00e9<\/strong><\/h3>\n<p>Ce versement peut-\u00eatre<strong> mensuel ou trimestriel.<\/strong><\/p>\n<p class=\"niv1\"><strong><a href=\"https:\/\/blog.legalvision.fr\/2019\/03\/26\/devenir-auto-entrepreneur-en-2019-tous-les-conseils-des-experts\/\">Le nouvel auto-entrepreneur<\/a>\u00a0<\/strong>qui commence tout juste son activit\u00e9, b\u00e9n\u00e9ficie<strong> d&rsquo;un d\u00e9lai de 90 jours<\/strong>, soit trois mois, pour payer ses cotisations sociales personnelles.<\/p>\n<p class=\"niv1\">D\u2019ailleurs, en cas de versement mensuel, le premier versement\u00a0sera effectu\u00e9<strong> le dernier jour du quatri\u00e8me mois suivant son d\u00e9but d&rsquo;activit\u00e9<\/strong>. <em>Par exemple, pour un d\u00e9but d&rsquo;activit\u00e9 le 1er f\u00e9vrier 2019, la premi\u00e8re d\u00e9claration interviendra le 30 juin 2019.<\/em><\/p>\n<p class=\"niv1\">Cependant, en cas de p\u00e9riodicit\u00e9 trimestrielle, <strong>le premier versement intervient le dernier jour du mois suivant son second trimestre d&rsquo;activit\u00e9<\/strong>. Le premier versement sera donc :<\/p>\n<ul>\n<li>Le 31 juillet pour un d\u00e9but d&rsquo;activit\u00e9 au cours du 1er trimestre civil (janvier, f\u00e9vrier, mars)<\/li>\n<li>30 octobre pour un d\u00e9but d&rsquo;activit\u00e9 au cours du 2\u00e8me trimestre civil (avril, mai, juin)<\/li>\n<li>31 janvier pour un d\u00e9but d&rsquo;activit\u00e9 au cours du 3\u00e8me trimestre civil (juillet, ao\u00fbt, septembre)<\/li>\n<li>30 avril pour un d\u00e9but d&rsquo;activit\u00e9 au cours du 4\u00e8me trimestre civil (octobre, novembre, d\u00e9cembre)<\/li>\n<\/ul>\n<p>D&rsquo;autre part, le formulaire de d\u00e9claration de chiffre d\u2019affaires devient accessible sur le site, \u00e0 l\u2019ouverture de votre premi\u00e8re \u00e9ch\u00e9ance.<em> Par exemple, pour <strong>une premi\u00e8re d\u00e9claration mensuelle,<\/strong> pour un d\u00e9but d&rsquo;activit\u00e9 entre le 1er et le 31 janvier 2019, l&rsquo;ouverture de l&rsquo;\u00e9ch\u00e9ance sera le 1er mai 2019.<\/em><\/p>\n<h3><strong>Charges sociales micro entreprise : payer ses charges sociales en cours d&rsquo;activit\u00e9<\/strong><\/h3>\n<p class=\"niv1\">Le micro-entrepreneur est soumis au paiement mensuel de ses cotisation. Il peut toutefois opter pour un paiement trimestriel.<\/p>\n<p class=\"niv1\">Ainsi,<strong> en cas de d\u00e9claration mensuelle<\/strong>, le chiffre d&rsquo;affaires du mois M doit \u00eatre d\u00e9clar\u00e9 au plus tard \u00e0 la fin du mois M+1. Par exemple, le 28 f\u00e9vrier pour le mois de janvier, le 31 mars pour le mois de f\u00e9vrier, etc.<\/p>\n<p class=\"niv1\">N\u00e9anmoins, en cas de <strong>d\u00e9claration trimestrielle<\/strong>, le chiffre d&rsquo;affaires du trimestre civil T doit \u00eatre d\u00e9clar\u00e9 au plus tard \u00e0 la fin du mois suivant le trimestre en question :<\/p>\n<ul>\n<li>le 30 avril pour le 1er trimestre<\/li>\n<li>le 31 juillet pour le 2\u00e8me trimestre<\/li>\n<li>le 30 octobre pour le 3\u00e8me trimestre<\/li>\n<li>le 31 janvier pour le 4\u00e8me trimestre<\/li>\n<\/ul>\n<p class=\"citation attention\">Comme pour la premi\u00e8re d\u00e9claration de d\u00e9but d&rsquo;activit\u00e9, retrouvez le formulaire de d\u00e9claration de chiffre d&rsquo;affaires sur le site<strong>\u00a0<a href=\"https:\/\/www.autoentrepreneur.urssaf.fr\/portail\/accueil\/sinformer-sur-le-statut\/lessentiel-du-statut.html\" target=\"_blank\" rel=\"noopener noreferrer\">autoentrepreneur.urssaf.fr<\/a><\/strong>\u00a0\u00e0 l\u2019ouverture de votre premi\u00e8re \u00e9ch\u00e9ance. <em>Par exemple, pour\u00a0une d\u00e9claration trimestrielle\u00a0du premier trimestre, l&rsquo;ouverture de l&rsquo;\u00e9ch\u00e9ance est le 1er avril 2019. Vous pouvez donc payer vos charges \u00e0 compter de cette date pour ce premier trimestre. Vous avez jusqu&rsquo;au 31 avril 2019.<\/em><\/p>\n<p>Micro entreprise charges : le non-respect de cette obligation de\u00a0paiement entra\u00eenera de ce fait, une majoration de 0,2 % du montant des sommes dont la d\u00e9claration ou le paiement a \u00e9t\u00e9 effectu\u00e9e par une autre voie.<\/p>\n<p><\/p>\n<div class=\"wp-block-button\" style=\"text-align:center;\"><a class=\"wp-block-button__link has-background\" href=\"https:\/\/www.legalvision.fr\/creation-dentreprise\/statut-auto-entrepreneur\/\">Commencer les d\u00e9marches pour mon auto-entreprise<\/a><\/div>\n","protected":false},"excerpt":{"rendered":"<p>Toute personne physique peut, sous conditions, devenir auto-entrepreneur. Ainsi, ce dernier peut exercer trois cat\u00e9gories d\u2019activit\u00e9s\u00a0: les activit\u00e9s artisanales, commerciales ou lib\u00e9rales. Il peut\u00a0\u00eatre micro-entrepreneur \u00e0 titre principal (exclusivement auto-entrepreneur) ou \u00e0 titre compl\u00e9mentaire (en parall\u00e8le d\u2019un statut de salari\u00e9, retrait\u00e9, \u00e9tudiant\u2026). Charges sociales micro entreprise :\u00a0ce r\u00e9gime\u00a0apporte de nombreux avantages au futur auto-entrepreneur, notamment&hellip; <a class=\"more-link\" href=\"https:\/\/www.legalvision.fr\/guides-juridiques\/auto-entrepreneur\/charges-sociales-micro-entreprise\/\">Poursuivre la lecture <span class=\"screen-reader-text\">Des charges sociales avantageuses en micro entreprise !<\/span><\/a><\/p>\n","protected":false},"author":30,"featured_media":24392,"comment_status":"open","ping_status":"open","sticky":false,"template":"","format":"standard","meta":{"content-type":"","inline_featured_image":false,"footnotes":""},"categories":[2477],"tags":[],"class_list":["post-17216","post","type-post","status-publish","format-standard","has-post-thumbnail","hentry","category-auto-entrepreneur","entry"],"yoast_head":"<!-- This site is optimized with the Yoast SEO plugin v27.1.1 - https:\/\/yoast.com\/product\/yoast-seo-wordpress\/ -->\n<title>Charges sociales micro entreprise : un r\u00e9gime avantageux !<\/title>\n<meta name=\"description\" content=\"LegalVision vous donne toutes les informations concernant les charges sociales micro entreprise, constituant un avantage non n\u00e9gligeable.\" \/>\n<meta name=\"robots\" content=\"index, follow, max-snippet:-1, max-image-preview:large, max-video-preview:-1\" \/>\n<link rel=\"canonical\" href=\"https:\/\/www.legalvision.fr\/guides-juridiques\/auto-entrepreneur\/charges-sociales-micro-entreprise\/\" \/>\n<meta property=\"og:locale\" content=\"fr_FR\" \/>\n<meta property=\"og:type\" content=\"article\" \/>\n<meta property=\"og:title\" content=\"Charges sociales micro entreprise : un r\u00e9gime avantageux !\" \/>\n<meta property=\"og:description\" content=\"LegalVision vous donne toutes les informations concernant les charges sociales micro entreprise, constituant un avantage non n\u00e9gligeable.\" \/>\n<meta property=\"og:url\" content=\"https:\/\/www.legalvision.fr\/guides-juridiques\/auto-entrepreneur\/charges-sociales-micro-entreprise\/\" \/>\n<meta property=\"og:site_name\" content=\"Guides juridiques\" \/>\n<meta property=\"article:published_time\" content=\"2019-06-25T06:30:39+00:00\" \/>\n<meta property=\"article:modified_time\" content=\"2022-03-27T19:20:54+00:00\" \/>\n<meta property=\"og:image\" content=\"https:\/\/www.legalvision.fr\/guides-juridiques\/wp-content\/uploads\/2019\/06\/Les-charges-sociales-micro-entreprise-min-1.jpg\" \/>\n\t<meta property=\"og:image:width\" content=\"958\" \/>\n\t<meta property=\"og:image:height\" content=\"350\" \/>\n\t<meta property=\"og:image:type\" content=\"image\/jpeg\" \/>\n<meta name=\"author\" content=\"William Lebrun\" \/>\n<meta name=\"twitter:card\" content=\"summary_large_image\" \/>\n<meta name=\"twitter:label1\" content=\"\u00c9crit par\" \/>\n\t<meta name=\"twitter:data1\" content=\"William Lebrun\" \/>\n\t<meta name=\"twitter:label2\" content=\"Dur\u00e9e de lecture estim\u00e9e\" \/>\n\t<meta name=\"twitter:data2\" content=\"7 minutes\" \/>\n<script type=\"application\/ld+json\" class=\"yoast-schema-graph\">{\"@context\":\"https:\/\/schema.org\",\"@graph\":[{\"@type\":\"Article\",\"@id\":\"https:\/\/www.legalvision.fr\/guides-juridiques\/auto-entrepreneur\/charges-sociales-micro-entreprise\/#article\",\"isPartOf\":{\"@id\":\"https:\/\/www.legalvision.fr\/guides-juridiques\/auto-entrepreneur\/charges-sociales-micro-entreprise\/\"},\"author\":{\"name\":\"William Lebrun\",\"@id\":\"https:\/\/www.legalvision.fr\/guides-juridiques\/#\/schema\/person\/3d24d0c20575138ed212b2e4b6f7b4b0\"},\"headline\":\"Des charges sociales avantageuses en micro entreprise !\",\"datePublished\":\"2019-06-25T06:30:39+00:00\",\"dateModified\":\"2022-03-27T19:20:54+00:00\",\"mainEntityOfPage\":{\"@id\":\"https:\/\/www.legalvision.fr\/guides-juridiques\/auto-entrepreneur\/charges-sociales-micro-entreprise\/\"},\"wordCount\":1485,\"commentCount\":0,\"publisher\":{\"@id\":\"https:\/\/www.legalvision.fr\/guides-juridiques\/#organization\"},\"image\":{\"@id\":\"https:\/\/www.legalvision.fr\/guides-juridiques\/auto-entrepreneur\/charges-sociales-micro-entreprise\/#primaryimage\"},\"thumbnailUrl\":\"https:\/\/www.legalvision.fr\/guides-juridiques\/wp-content\/uploads\/2019\/06\/Les-charges-sociales-micro-entreprise-min-1.jpg\",\"articleSection\":[\"Auto-entrepreneur\"],\"inLanguage\":\"fr-FR\",\"potentialAction\":[{\"@type\":\"CommentAction\",\"name\":\"Comment\",\"target\":[\"https:\/\/www.legalvision.fr\/guides-juridiques\/auto-entrepreneur\/charges-sociales-micro-entreprise\/#respond\"]}]},{\"@type\":\"WebPage\",\"@id\":\"https:\/\/www.legalvision.fr\/guides-juridiques\/auto-entrepreneur\/charges-sociales-micro-entreprise\/\",\"url\":\"https:\/\/www.legalvision.fr\/guides-juridiques\/auto-entrepreneur\/charges-sociales-micro-entreprise\/\",\"name\":\"Charges sociales micro entreprise : un r\u00e9gime avantageux !\",\"isPartOf\":{\"@id\":\"https:\/\/www.legalvision.fr\/guides-juridiques\/#website\"},\"primaryImageOfPage\":{\"@id\":\"https:\/\/www.legalvision.fr\/guides-juridiques\/auto-entrepreneur\/charges-sociales-micro-entreprise\/#primaryimage\"},\"image\":{\"@id\":\"https:\/\/www.legalvision.fr\/guides-juridiques\/auto-entrepreneur\/charges-sociales-micro-entreprise\/#primaryimage\"},\"thumbnailUrl\":\"https:\/\/www.legalvision.fr\/guides-juridiques\/wp-content\/uploads\/2019\/06\/Les-charges-sociales-micro-entreprise-min-1.jpg\",\"datePublished\":\"2019-06-25T06:30:39+00:00\",\"dateModified\":\"2022-03-27T19:20:54+00:00\",\"description\":\"LegalVision vous donne toutes les informations concernant les charges sociales micro entreprise, constituant un avantage non n\u00e9gligeable.\",\"breadcrumb\":{\"@id\":\"https:\/\/www.legalvision.fr\/guides-juridiques\/auto-entrepreneur\/charges-sociales-micro-entreprise\/#breadcrumb\"},\"inLanguage\":\"fr-FR\",\"potentialAction\":[{\"@type\":\"ReadAction\",\"target\":[\"https:\/\/www.legalvision.fr\/guides-juridiques\/auto-entrepreneur\/charges-sociales-micro-entreprise\/\"]}]},{\"@type\":\"ImageObject\",\"inLanguage\":\"fr-FR\",\"@id\":\"https:\/\/www.legalvision.fr\/guides-juridiques\/auto-entrepreneur\/charges-sociales-micro-entreprise\/#primaryimage\",\"url\":\"https:\/\/www.legalvision.fr\/guides-juridiques\/wp-content\/uploads\/2019\/06\/Les-charges-sociales-micro-entreprise-min-1.jpg\",\"contentUrl\":\"https:\/\/www.legalvision.fr\/guides-juridiques\/wp-content\/uploads\/2019\/06\/Les-charges-sociales-micro-entreprise-min-1.jpg\",\"width\":958,\"height\":350,\"caption\":\"Les charges sociales micro entreprise\"},{\"@type\":\"BreadcrumbList\",\"@id\":\"https:\/\/www.legalvision.fr\/guides-juridiques\/auto-entrepreneur\/charges-sociales-micro-entreprise\/#breadcrumb\",\"itemListElement\":[{\"@type\":\"ListItem\",\"position\":1,\"name\":\"Accueil\",\"item\":\"https:\/\/www.legalvision.fr\/guides-juridiques\/\"},{\"@type\":\"ListItem\",\"position\":2,\"name\":\"Auto-entrepreneur\",\"item\":\"https:\/\/www.legalvision.fr\/guides-juridiques\/auto-entrepreneur\/\"},{\"@type\":\"ListItem\",\"position\":3,\"name\":\"Des charges sociales avantageuses en micro entreprise !\"}]},{\"@type\":\"WebSite\",\"@id\":\"https:\/\/www.legalvision.fr\/guides-juridiques\/#website\",\"url\":\"https:\/\/www.legalvision.fr\/guides-juridiques\/\",\"name\":\"Guides juridiques\",\"description\":\"L&#039;information juridique \u00e0 destination des entreprises et TPE\",\"publisher\":{\"@id\":\"https:\/\/www.legalvision.fr\/guides-juridiques\/#organization\"},\"potentialAction\":[{\"@type\":\"SearchAction\",\"target\":{\"@type\":\"EntryPoint\",\"urlTemplate\":\"https:\/\/www.legalvision.fr\/guides-juridiques\/?s={search_term_string}\"},\"query-input\":{\"@type\":\"PropertyValueSpecification\",\"valueRequired\":true,\"valueName\":\"search_term_string\"}}],\"inLanguage\":\"fr-FR\"},{\"@type\":\"Organization\",\"@id\":\"https:\/\/www.legalvision.fr\/guides-juridiques\/#organization\",\"name\":\"Guides juridiques\",\"url\":\"https:\/\/www.legalvision.fr\/guides-juridiques\/\",\"logo\":{\"@type\":\"ImageObject\",\"inLanguage\":\"fr-FR\",\"@id\":\"https:\/\/www.legalvision.fr\/guides-juridiques\/#\/schema\/logo\/image\/\",\"url\":\"https:\/\/www.legalvision.fr\/guides-juridiques\/wp-content\/uploads\/2022\/10\/LV-Logotype.png\",\"contentUrl\":\"https:\/\/www.legalvision.fr\/guides-juridiques\/wp-content\/uploads\/2022\/10\/LV-Logotype.png\",\"width\":647,\"height\":125,\"caption\":\"Guides juridiques\"},\"image\":{\"@id\":\"https:\/\/www.legalvision.fr\/guides-juridiques\/#\/schema\/logo\/image\/\"}},{\"@type\":\"Person\",\"@id\":\"https:\/\/www.legalvision.fr\/guides-juridiques\/#\/schema\/person\/3d24d0c20575138ed212b2e4b6f7b4b0\",\"name\":\"William Lebrun\",\"image\":{\"@type\":\"ImageObject\",\"inLanguage\":\"fr-FR\",\"@id\":\"https:\/\/www.legalvision.fr\/guides-juridiques\/#\/schema\/person\/image\/\",\"url\":\"https:\/\/www.legalvision.fr\/guides-juridiques\/wp-content\/uploads\/2023\/07\/cropped-homme1-96x96.png\",\"contentUrl\":\"https:\/\/www.legalvision.fr\/guides-juridiques\/wp-content\/uploads\/2023\/07\/cropped-homme1-96x96.png\",\"caption\":\"William Lebrun\"},\"description\":\"B\u00e9n\u00e9ficiant de la formation d'un double dipl\u00f4me en droit des affaires et en \u00e9cole de commerce, j'ai un fort attrait pour le droit des soci\u00e9t\u00e9s. Je r\u00e9dige des articles pour vous aider sur vos probl\u00e9matiques.\",\"url\":\"https:\/\/www.legalvision.fr\/guides-juridiques\/author\/aina-rakoto\/\"}]}<\/script>\n<!-- \/ Yoast SEO plugin. -->","yoast_head_json":{"title":"Charges sociales micro entreprise : un r\u00e9gime avantageux !","description":"LegalVision vous donne toutes les informations concernant les charges sociales micro entreprise, constituant un avantage non n\u00e9gligeable.","robots":{"index":"index","follow":"follow","max-snippet":"max-snippet:-1","max-image-preview":"max-image-preview:large","max-video-preview":"max-video-preview:-1"},"canonical":"https:\/\/www.legalvision.fr\/guides-juridiques\/auto-entrepreneur\/charges-sociales-micro-entreprise\/","og_locale":"fr_FR","og_type":"article","og_title":"Charges sociales micro entreprise : un r\u00e9gime avantageux !","og_description":"LegalVision vous donne toutes les informations concernant les charges sociales micro entreprise, constituant un avantage non n\u00e9gligeable.","og_url":"https:\/\/www.legalvision.fr\/guides-juridiques\/auto-entrepreneur\/charges-sociales-micro-entreprise\/","og_site_name":"Guides juridiques","article_published_time":"2019-06-25T06:30:39+00:00","article_modified_time":"2022-03-27T19:20:54+00:00","og_image":[{"width":958,"height":350,"url":"https:\/\/www.legalvision.fr\/guides-juridiques\/wp-content\/uploads\/2019\/06\/Les-charges-sociales-micro-entreprise-min-1.jpg","type":"image\/jpeg"}],"author":"William Lebrun","twitter_card":"summary_large_image","twitter_misc":{"\u00c9crit par":"William Lebrun","Dur\u00e9e de lecture estim\u00e9e":"7 minutes"},"schema":{"@context":"https:\/\/schema.org","@graph":[{"@type":"Article","@id":"https:\/\/www.legalvision.fr\/guides-juridiques\/auto-entrepreneur\/charges-sociales-micro-entreprise\/#article","isPartOf":{"@id":"https:\/\/www.legalvision.fr\/guides-juridiques\/auto-entrepreneur\/charges-sociales-micro-entreprise\/"},"author":{"name":"William Lebrun","@id":"https:\/\/www.legalvision.fr\/guides-juridiques\/#\/schema\/person\/3d24d0c20575138ed212b2e4b6f7b4b0"},"headline":"Des charges sociales avantageuses en micro entreprise !","datePublished":"2019-06-25T06:30:39+00:00","dateModified":"2022-03-27T19:20:54+00:00","mainEntityOfPage":{"@id":"https:\/\/www.legalvision.fr\/guides-juridiques\/auto-entrepreneur\/charges-sociales-micro-entreprise\/"},"wordCount":1485,"commentCount":0,"publisher":{"@id":"https:\/\/www.legalvision.fr\/guides-juridiques\/#organization"},"image":{"@id":"https:\/\/www.legalvision.fr\/guides-juridiques\/auto-entrepreneur\/charges-sociales-micro-entreprise\/#primaryimage"},"thumbnailUrl":"https:\/\/www.legalvision.fr\/guides-juridiques\/wp-content\/uploads\/2019\/06\/Les-charges-sociales-micro-entreprise-min-1.jpg","articleSection":["Auto-entrepreneur"],"inLanguage":"fr-FR","potentialAction":[{"@type":"CommentAction","name":"Comment","target":["https:\/\/www.legalvision.fr\/guides-juridiques\/auto-entrepreneur\/charges-sociales-micro-entreprise\/#respond"]}]},{"@type":"WebPage","@id":"https:\/\/www.legalvision.fr\/guides-juridiques\/auto-entrepreneur\/charges-sociales-micro-entreprise\/","url":"https:\/\/www.legalvision.fr\/guides-juridiques\/auto-entrepreneur\/charges-sociales-micro-entreprise\/","name":"Charges sociales micro entreprise : un r\u00e9gime avantageux !","isPartOf":{"@id":"https:\/\/www.legalvision.fr\/guides-juridiques\/#website"},"primaryImageOfPage":{"@id":"https:\/\/www.legalvision.fr\/guides-juridiques\/auto-entrepreneur\/charges-sociales-micro-entreprise\/#primaryimage"},"image":{"@id":"https:\/\/www.legalvision.fr\/guides-juridiques\/auto-entrepreneur\/charges-sociales-micro-entreprise\/#primaryimage"},"thumbnailUrl":"https:\/\/www.legalvision.fr\/guides-juridiques\/wp-content\/uploads\/2019\/06\/Les-charges-sociales-micro-entreprise-min-1.jpg","datePublished":"2019-06-25T06:30:39+00:00","dateModified":"2022-03-27T19:20:54+00:00","description":"LegalVision vous donne toutes les informations concernant les charges sociales micro entreprise, constituant un avantage non n\u00e9gligeable.","breadcrumb":{"@id":"https:\/\/www.legalvision.fr\/guides-juridiques\/auto-entrepreneur\/charges-sociales-micro-entreprise\/#breadcrumb"},"inLanguage":"fr-FR","potentialAction":[{"@type":"ReadAction","target":["https:\/\/www.legalvision.fr\/guides-juridiques\/auto-entrepreneur\/charges-sociales-micro-entreprise\/"]}]},{"@type":"ImageObject","inLanguage":"fr-FR","@id":"https:\/\/www.legalvision.fr\/guides-juridiques\/auto-entrepreneur\/charges-sociales-micro-entreprise\/#primaryimage","url":"https:\/\/www.legalvision.fr\/guides-juridiques\/wp-content\/uploads\/2019\/06\/Les-charges-sociales-micro-entreprise-min-1.jpg","contentUrl":"https:\/\/www.legalvision.fr\/guides-juridiques\/wp-content\/uploads\/2019\/06\/Les-charges-sociales-micro-entreprise-min-1.jpg","width":958,"height":350,"caption":"Les charges sociales micro entreprise"},{"@type":"BreadcrumbList","@id":"https:\/\/www.legalvision.fr\/guides-juridiques\/auto-entrepreneur\/charges-sociales-micro-entreprise\/#breadcrumb","itemListElement":[{"@type":"ListItem","position":1,"name":"Accueil","item":"https:\/\/www.legalvision.fr\/guides-juridiques\/"},{"@type":"ListItem","position":2,"name":"Auto-entrepreneur","item":"https:\/\/www.legalvision.fr\/guides-juridiques\/auto-entrepreneur\/"},{"@type":"ListItem","position":3,"name":"Des charges sociales avantageuses en micro entreprise !"}]},{"@type":"WebSite","@id":"https:\/\/www.legalvision.fr\/guides-juridiques\/#website","url":"https:\/\/www.legalvision.fr\/guides-juridiques\/","name":"Guides juridiques","description":"L&#039;information juridique \u00e0 destination des entreprises et TPE","publisher":{"@id":"https:\/\/www.legalvision.fr\/guides-juridiques\/#organization"},"potentialAction":[{"@type":"SearchAction","target":{"@type":"EntryPoint","urlTemplate":"https:\/\/www.legalvision.fr\/guides-juridiques\/?s={search_term_string}"},"query-input":{"@type":"PropertyValueSpecification","valueRequired":true,"valueName":"search_term_string"}}],"inLanguage":"fr-FR"},{"@type":"Organization","@id":"https:\/\/www.legalvision.fr\/guides-juridiques\/#organization","name":"Guides juridiques","url":"https:\/\/www.legalvision.fr\/guides-juridiques\/","logo":{"@type":"ImageObject","inLanguage":"fr-FR","@id":"https:\/\/www.legalvision.fr\/guides-juridiques\/#\/schema\/logo\/image\/","url":"https:\/\/www.legalvision.fr\/guides-juridiques\/wp-content\/uploads\/2022\/10\/LV-Logotype.png","contentUrl":"https:\/\/www.legalvision.fr\/guides-juridiques\/wp-content\/uploads\/2022\/10\/LV-Logotype.png","width":647,"height":125,"caption":"Guides juridiques"},"image":{"@id":"https:\/\/www.legalvision.fr\/guides-juridiques\/#\/schema\/logo\/image\/"}},{"@type":"Person","@id":"https:\/\/www.legalvision.fr\/guides-juridiques\/#\/schema\/person\/3d24d0c20575138ed212b2e4b6f7b4b0","name":"William Lebrun","image":{"@type":"ImageObject","inLanguage":"fr-FR","@id":"https:\/\/www.legalvision.fr\/guides-juridiques\/#\/schema\/person\/image\/","url":"https:\/\/www.legalvision.fr\/guides-juridiques\/wp-content\/uploads\/2023\/07\/cropped-homme1-96x96.png","contentUrl":"https:\/\/www.legalvision.fr\/guides-juridiques\/wp-content\/uploads\/2023\/07\/cropped-homme1-96x96.png","caption":"William Lebrun"},"description":"B\u00e9n\u00e9ficiant de la formation d'un double dipl\u00f4me en droit des affaires et en \u00e9cole de commerce, j'ai un fort attrait pour le droit des soci\u00e9t\u00e9s. Je r\u00e9dige des articles pour vous aider sur vos probl\u00e9matiques.","url":"https:\/\/www.legalvision.fr\/guides-juridiques\/author\/aina-rakoto\/"}]}},"_links":{"self":[{"href":"https:\/\/www.legalvision.fr\/guides-juridiques\/wp-json\/wp\/v2\/posts\/17216","targetHints":{"allow":["GET"]}}],"collection":[{"href":"https:\/\/www.legalvision.fr\/guides-juridiques\/wp-json\/wp\/v2\/posts"}],"about":[{"href":"https:\/\/www.legalvision.fr\/guides-juridiques\/wp-json\/wp\/v2\/types\/post"}],"author":[{"embeddable":true,"href":"https:\/\/www.legalvision.fr\/guides-juridiques\/wp-json\/wp\/v2\/users\/30"}],"replies":[{"embeddable":true,"href":"https:\/\/www.legalvision.fr\/guides-juridiques\/wp-json\/wp\/v2\/comments?post=17216"}],"version-history":[{"count":0,"href":"https:\/\/www.legalvision.fr\/guides-juridiques\/wp-json\/wp\/v2\/posts\/17216\/revisions"}],"wp:featuredmedia":[{"embeddable":true,"href":"https:\/\/www.legalvision.fr\/guides-juridiques\/wp-json\/wp\/v2\/media\/24392"}],"wp:attachment":[{"href":"https:\/\/www.legalvision.fr\/guides-juridiques\/wp-json\/wp\/v2\/media?parent=17216"}],"wp:term":[{"taxonomy":"category","embeddable":true,"href":"https:\/\/www.legalvision.fr\/guides-juridiques\/wp-json\/wp\/v2\/categories?post=17216"},{"taxonomy":"post_tag","embeddable":true,"href":"https:\/\/www.legalvision.fr\/guides-juridiques\/wp-json\/wp\/v2\/tags?post=17216"}],"curies":[{"name":"wp","href":"https:\/\/api.w.org\/{rel}","templated":true}]}}