{"id":17108,"date":"2019-06-21T07:30:02","date_gmt":"2019-06-21T06:30:02","guid":{"rendered":"https:\/\/blog.legalvision.fr\/?p=17108"},"modified":"2022-03-27T21:20:54","modified_gmt":"2022-03-27T19:20:54","slug":"declaration-micro-entreprise-guide-complet","status":"publish","type":"post","link":"https:\/\/www.legalvision.fr\/guides-juridiques\/auto-entrepreneur\/declaration-micro-entreprise-guide-complet\/","title":{"rendered":"D\u00e9claration micro entreprise 2019, le guide complet !"},"content":{"rendered":"<p><strong>D\u00e9claration micro entreprise<\/strong> : l\u2019auto entrepreneur a l\u2019obligation d\u2019effectuer diff\u00e9rentes d\u00e9clarations tout au long de son activit\u00e9.<\/p>\n<p>Cependant, une d\u00e9claration se diff\u00e9rencie des autres, elle est nomm\u00e9e <strong>la d\u00e9claration d\u2019activit\u00e9 <\/strong>micro entreprise.<strong>\u00a0<\/strong>Elle se fait uniquement lors de la cr\u00e9ation de l\u2019auto-entreprise. Elle\u00a0consiste \u00e0 informer les institutions sociales et fiscales de votre projet d&rsquo;auto-entreprise. Pour d\u00e9clarer votre activit\u00e9, vous devez remplir le formulaire :<\/p>\n<ul>\n<li>\n<a href=\"https:\/\/www.infogreffe.fr\/documents\/10179\/21271\/Formulaire+P0+CMB+micro-entrepreneur.pdf\/0572ce25-855c-48f7-b3b2-127f49290d24\">P0 CMB<\/a>\u00a0pour les activit\u00e9s commerciales ou artisanales ;<\/li>\n<li>\n<a href=\"https:\/\/www.infogreffe.fr\/documents\/10179\/21271\/Formulaire+P0+PL+micro-entrepreneur\/277b5734-57ec-44a0-a193-727695be5c09\">P0 PL<\/a>\u00a0pour les professions lib\u00e9rales.<\/li>\n<\/ul>\n<p>Une fois compl\u00e9t\u00e9, il est transmis \u00e0 l\u2019URSSAF qui se charge ensuite de communiquer l\u2019information notamment aupr\u00e8s du service des imp\u00f4ts.<\/p>\n<p>Cependant, existe \u00e0 c\u00f4t\u00e9 d\u2019autres d\u00e9clarations qui, elles, doivent \u00eatre plus\u00a0<strong>r\u00e9guli\u00e8res.\u00a0<\/strong>Ce sont par exemple :<\/p>\n<ul>\n<li>La d\u00e9claration du chiffre d\u2019affaires ;<\/li>\n<li>Celle de l\u2019imp\u00f4t ;<\/li>\n<li>La d\u00e9claration de TVA ;<\/li>\n<li>Mais aussi la d\u00e9claration P\u00f4le emploi.<\/li>\n<\/ul>\n<p>Ainsi, <a href=\"https:\/\/www.legalvision.fr\/\">LegalVision<\/a> vous donne tous les d\u00e9tails sur ces diff\u00e9rentes d\u00e9clarations que vous devez effectuer.<\/p>\n<h3><strong>Sommaire :\u00a0<\/strong><\/h3>\n<p><a href=\"#1\"><strong>D\u00e9claration micro entreprise : la d\u00e9claration du chiffre d&rsquo;affaires<\/strong><\/a><br \/>\n<a href=\"#2\"><strong>D\u00e9claration micro entreprise : la d\u00e9claration imp\u00f4t micro entreprise<\/strong><\/a><br \/>\n<a href=\"#3\"><strong>D\u00e9claration micro entreprise : la franchise en base de TVA et le r\u00e9gime simplifi\u00e9 d&rsquo;imposition<\/strong><\/a><br \/>\n<a href=\"#4\"><strong>D\u00e9claration micro entreprise : d\u00e9claration P\u00f4le Emploi<\/strong><\/a><\/p>\n<div class=\"wp-block-button\" style=\"text-align:center;\"><a class=\"wp-block-button__link has-background\" href=\"https:\/\/www.legalvision.fr\/creation-dentreprise\/statut-auto-entrepreneur\/\">Commencer les d\u00e9marches pour mon auto-entreprise<\/a><\/div>\n<h2 id=\"1\">D\u00e9claration micro entreprise : la d\u00e9claration du chiffre d&rsquo;affaires<\/h2>\n<p>La d\u00e9claration du chiffre d\u2019affaires fait partie des obligations de tous<strong>\u00a0<\/strong><a href=\"https:\/\/blog.legalvision.fr\/2019\/03\/26\/devenir-auto-entrepreneur-en-2019-tous-les-conseils-des-experts\/\">les auto-entrepreneurs<\/a>. Cette formalit\u00e9 permet en effet\u00a0le calcul et le paiement de vos taxes et cotisations sociales.\u00a0Le micro-entrepreneur doit d\u00e9clarer pour chaque p\u00e9riode le montant des recettes r\u00e9ellement encaiss\u00e9es, et non pas factur\u00e9es. Vous devez n\u00e9anmoins conserver les\u00a0<a href=\"https:\/\/blog.legalvision.fr\/2018\/08\/22\/facture-auto-entrepreneur\/\">factures<\/a>\u00a0car ce sont les justificatifs qui corroborent la d\u00e9claration de chiffre d&rsquo;affaires.<\/p>\n<p style=\"text-align: left;\">La <strong>d\u00e9claration de votre chiffre d&rsquo;affaires s&rsquo;effectue obligatoirement\u00a0<a href=\"https:\/\/www.autoentrepreneur.urssaf.fr\/portail\/accueil\/une-question\/toutes-les-fiches-pratiques\/declarer-et-payer-mes-cotisation.html\">en ligne\u00a0<\/a><\/strong>depuis 2019. Le montant des cotisations sociales et de l&rsquo;imp\u00f4t sera fonction des recettes d\u00e9clar\u00e9es. M\u00eame en l&rsquo;absence de chiffre d&rsquo;affaires vous devez proc\u00e9der \u00e0 cette d\u00e9claration. Dans une telle situation, il vous suffira d&rsquo;\u00e9crire \u00ab\u00a0n\u00e9ant\u00a0\u00bb \u00e0 la place du chiffre d&rsquo;affaires.<\/p>\n<p>Enfin, les d\u00e9clarations peuvent se faire\u00a0mensuellement ou trimestriellement. La\u00a0d\u00e9cision que vous faite vaut pour l\u2019ann\u00e9e civile et est automatiquement\u00a0reconduite l\u2019ann\u00e9e suivante.<\/p>\n<h3>D\u00e9claration micro entreprise : premi\u00e8re d\u00e9claration du chiffre d&rsquo;affaires<\/h3>\n<p>La premi\u00e8re d\u00e9claration\u00a0CA\u00a0micro entreprise doit\u00a0s&rsquo;op\u00e9rer au minimum 90 jours apr\u00e8s le d\u00e9but d\u2019activit\u00e9.<\/p>\n<p>D\u2019abord, en ce qui concerne les\u00a0<strong>premi\u00e8res d\u00e9clarations mensuelles de chiffre d\u2019affaires :<\/strong><\/p>\n<ul>\n<li>Si\u00a0vous commencez votre activit\u00e9 durant le mois de<strong>\u00a0juin<\/strong>\u00a0alors\u00a0la d\u00e9claration devra se faire avant le\u00a0<strong>31 octobre<\/strong>.<\/li>\n<li>Et si\u00a0vous la d\u00e9butez en<strong>\u00a0juillet,<\/strong>\u00a0elle s\u2019op\u00e9rera au plus tard le<strong>\u00a030 novembre<\/strong>.<\/li>\n<li>En cr\u00e9ant ou reprenant une activit\u00e9 durant le mois d&rsquo;ao\u00fbt,\u00a0la d\u00e9claration devra intervenir au plus tard le<strong>\u00a031 d\u00e9cembre<\/strong>.<\/li>\n<li>Ensuite, celle-ci se fera le\u00a0<strong>31 janvier n+1 <\/strong>si vous commencez votre activit\u00e9\u00a0pendant le<strong>\u00a0mois de septembre.<\/strong>\n<\/li>\n<li>Le\u00a0<strong>28 f\u00e9vrier\u00a0<\/strong>de l\u2019ann\u00e9e suivante\u00a0si vous la d\u00e9marrez en<strong>\u00a0octobre 2019<\/strong>.<\/li>\n<li>Enfin, si vous commencez en<strong>\u00a0d\u00e9cembre de l\u2019ann\u00e9e 2019, <\/strong>vous devrez d\u00e9clarer votre chiffre d&rsquo;affaires avant le<strong>\u00a030 avril n+1<\/strong>.<\/li>\n<\/ul>\n<p>Ensuite, pour les\u00a0<strong>d\u00e9clarations trimestrielles :\u00a0<\/strong><\/p>\n<ul>\n<li>Si vous cr\u00e9er votre entreprise\u00a0<strong>entre le 1er janvier et le 31 mars<\/strong>, la d\u00e9claration\u00a0doit \u00eatre faite au\u00a0<strong>31 juillet<\/strong>.<\/li>\n<li>En d\u00e9butant votre activit\u00e9<strong>\u00a0entre le 1er avril et le 30 juin 2019<\/strong>, la\u00a0<strong>d\u00e9claration<\/strong>\u00a0devra\u00a0s&rsquo;op\u00e9rer au\u00a0<strong>31 octobre.<\/strong>\n<\/li>\n<li>Ensuite, si vous la commencez\u00a0<strong>entre le 1er juillet et le 30 septembre<\/strong>\u00a0doit s\u2019op\u00e9rer le\u00a0<strong>31 janvier n+1.<\/strong>\n<\/li>\n<li>Enfin, celle-ci s\u2019effectuera le\u00a0<strong>30 avril n+1 pour les activit\u00e9s cr\u00e9\u00e9es pendant le dernier trimestre.<\/strong>\n<\/li>\n<\/ul>\n<h3>D\u00e9claration micro entreprise : d\u00e9claration du chiffre d&rsquo;affaires en cours d&rsquo;activit\u00e9<\/h3>\n<p>En ce qui concerne les <strong>d\u00e9clarations mensuelles<\/strong>, elles doivent se faire avant le dernier jour du mois.\u00a0Dans ce cas,\u00a0vous d\u00e9clarez chaque mois le chiffre d\u2019affaires encaiss\u00e9 au cours du mois pr\u00e9c\u00e9dent.<\/p>\n<p>Cependant, pour les <strong>d\u00e9clarations trimestrielles<\/strong>, vous serez dans l&rsquo;obligation de proc\u00e9der \u00e0 la d\u00e9claration du chiffre d&rsquo;affaires au plus tard<b> :<\/b><\/p>\n<ul>\n<li>Au <strong>30 avril<\/strong> (<strong>pour le premier trimestre<\/strong> : janvier\/f\u00e9vrier\/mars) ;<\/li>\n<li>Au <strong>31 juillet<\/strong>\u00a0(<strong>pour le deuxi\u00e8me trimestre<\/strong> : avril\/mai\/juin) ;<\/li>\n<li>Mais aussi\u00a0au<strong> 31 octobre\u00a0<\/strong>(<strong>pour le troisi\u00e8me trimestre<\/strong> : juillet\/ao\u00fbt\/septembre) ;<\/li>\n<li>Enfin, au <strong>31 janvier N+1 \u00a0<\/strong>(<strong>pour le quatri\u00e8me trimestre<\/strong> : octobre\/novembre\/d\u00e9cembre).<\/li>\n<\/ul>\n<h2 id=\"2\">D\u00e9claration micro entreprise : la d\u00e9claration\u00a0imp\u00f4t micro entreprise<\/h2>\n<p>En plus des charges sociales qu\u2019il doit verser mensuellement ou trimestriellement \u00e0 l&rsquo;URSSAF,\u00a0l\u2019auto-entrepreneur, apr\u00e8s\u00a0avoir\u00a0<a href=\"https:\/\/www.legalvision.fr\/creation-dentreprise\/statut-auto-entrepreneur\/\">cr\u00e9\u00e9 sa micro entreprise<\/a>, est \u00e9galement<strong>\u00a0imposable sur ses revenus<\/strong>. En tant qu\u2019auto entrepreneur vous\u00a0 b\u00e9n\u00e9ficiez du r\u00e9gime fiscal micro-entreprise.<\/p>\n<h3>D\u00e9claration micro entreprise : l\u2019imposition classique<\/h3>\n<p>Vous devez remplir le<a href=\"https:\/\/www.impots.gouv.fr\/portail\/formulaire\/2042\/declaration-des-revenus\"> <strong>formulaire n\u00b02042-C PRO\u00a0<\/strong>e<\/a>t plus pr\u00e9cis\u00e9ment indiquer dans ce document, le montant du chiffre d\u2019affaires. Vous devez savoir qu\u2019un <strong>abattement forfaitaire<\/strong> est ensuite applicable lors du calcul de votre imp\u00f4t. Il sera de :<\/p>\n<ul>\n<li>\n<strong>71 %<\/strong>\u00a0pour les activit\u00e9s de d\u2019achat pour revente, de vente de denr\u00e9es \u00e0 consommer sur place, de fourniture de prestation d&rsquo;h\u00e9bergement\u00a0;<\/li>\n<li>\n<strong>50 %<\/strong>\u00a0pour les prestation de services relevant des b\u00e9n\u00e9fices industriels et commerciaux (BIC)\u00a0;<\/li>\n<li>\n<strong>34 %<\/strong>\u00a0pour les activit\u00e9s de prestation de services ou les activit\u00e9s lib\u00e9rales relevant des b\u00e9n\u00e9fices non commerciaux (BNC)\u00a0;<\/li>\n<\/ul>\n<p>Une fois l\u2019abattement effectu\u00e9, votre b\u00e9n\u00e9fice imposable sera alors\u00a0<strong>ajout\u00e9 aux autres revenus imposables du foyer<\/strong>. D&rsquo;ailleurs, sans d\u00e9marche particuli\u00e8re de votre part,\u00a0vous serez automatiquement soumis \u00e0 l\u2019imposition classique.<\/p>\n<p><strong>Comment remplir\u00a0le formulaire 2042 C PRO\u00a0?<\/strong> Munissez-vous d\u2019abord de l\u2019attestation fiscale de l\u2019URSAFF. Cette attestation comporte plusieurs informations dont les recettes d\u00e9gag\u00e9es de l\u2019activit\u00e9. Ces sommes sont \u00e0 indiquer dans le formulaire, dans le cadre<strong>\u00a0<\/strong><em>\u00ab\u00a0revenus industriels et commerciaux professionnels\u00a0\u00bb<\/em><strong> :<\/strong><\/p>\n<ul>\n<li>La case\u00a0<strong>5KO\u00a0<\/strong>correspondant aux revenus de vente de marchandises<\/li>\n<li>La case\u00a0<strong>5KP<\/strong>\u00a0correspondant aux prestations de services commerciales\/artisanales<\/li>\n<\/ul>\n<p>Le cadre<em><strong> \u00ab\u00a0revenus non commerciaux professionnels\u00a0\u00bb<\/strong><\/em>, notamment la <strong>case 5HQ<\/strong>, doit \u00eatre compl\u00e9t\u00e9 si vous avez une activit\u00e9 de prestation de services b\u00e9n\u00e9fices non commerciaux (BNC).<\/p>\n<h3>D\u00e9claration micro entreprise : le choix du versement lib\u00e9ratoire<\/h3>\n<p>En tant qu\u2019auto entrepreneur, vous avez la possibilit\u00e9 de choisir le <a href=\"https:\/\/www.legifrance.gouv.fr\/affichCode.do?idArticle=LEGIARTI000030157199&amp;idSectionTA=LEGISCTA000022850373&amp;cidTexte=LEGITEXT000006069577\">pr\u00e9l\u00e8vement fiscal lib\u00e9ratoire<\/a>\u00a0si vous en remplissez les conditions.<\/p>\n<p>Ainsi, lorsque vous payerez vos cotisations sociales (soit mensuellement, ou bien trimestriellement), un<strong>\u00a0pourcentage suppl\u00e9mentaire<\/strong>\u00a0sera pr\u00e9lev\u00e9 en m\u00eame temps au titre de l\u2019imp\u00f4t sur le revenu. Le taux appliqu\u00e9 d\u00e9pendra de la nature de votre activit\u00e9 et est fixe. Ainsi, il sera de\u00a0:<\/p>\n<ul>\n<li>\n<strong>1 %\u00a0<\/strong>pour les activit\u00e9s de<strong> vente ou de prestation d&rsquo;h\u00e9bergement (<\/strong>\u00e0 l&rsquo;exclusion de la location de locaux d&rsquo;habitations meubl\u00e9s dont le taux est de 1,7%),<\/li>\n<li>\n<strong>1,7 %\u00a0<\/strong>pour les activit\u00e9s de prestation de services relevant des b\u00e9n\u00e9fices industriels et commerciaux<strong> (BIC)<\/strong>,<\/li>\n<li>\n<strong>2,2 %\u00a0<\/strong>pour les activit\u00e9s de prestation de services ou les activit\u00e9s lib\u00e9rales relevant des b\u00e9n\u00e9fices non commerciaux<strong> (BNC).\u00a0<\/strong>\n<\/li>\n<\/ul>\n<p>Le versement lib\u00e9ratoire est une option.<strong>\u00a0<\/strong>Pour en b\u00e9n\u00e9ficier, vous devrez vous tournez aupr\u00e8s des organismes de s\u00e9curit\u00e9 sociale. La<strong> demande\u00a0<\/strong>doit \u00eatre faite dans les trois 3 mois qui suivent le d\u00e9but de l\u2019activit\u00e9 ou bien avant le 30 septembre de l\u2019ann\u00e9e en cours pour l\u2019ann\u00e9e n+1.Toutefois, vous devez savoir qu\u2019il n\u2019est pas ouvert \u00e0 tous. Pour pouvoir s\u2019en pr\u00e9valoir en 2019, le revenu fiscal de r\u00e9f\u00e9rence de l\u2019auto entrepreneur ne doit pas d\u00e9passer le<strong> seuil de 27 086 euros par part de quotient familial.<\/strong><\/p>\n<p>Si vous avez opt\u00e9 pour le versement lib\u00e9ratoire, cela signifie que vous vous \u00eates d\u00e9j\u00e0 acquitt\u00e9 de vos charges fiscales tout au long de l\u2019ann\u00e9e par un forfait qui s\u2019ajoute \u00e0 vos charges sociales.<\/p>\n<p>Vous devez toutefois d\u00e9clarer vos revenus au service des Imp\u00f4ts mais\u00a0<strong>sachez que vous n&rsquo;aurez pas \u00e0 payer une deuxi\u00e8me fois.<\/strong><\/p>\n<p>Pour ce faire, vous devrez remplir le cadre\u00a0<em>\u00ab\u00a0Auto-Entrepreneur ayant opt\u00e9 pour le versement lib\u00e9ratoire de l\u2019imp\u00f4t sur le revenu\u00a0\u00bb<\/em>\u00a0du formulaire 2042 C PRO.<\/p>\n<h3>D\u00e9claration micro entreprise : le pr\u00e9l\u00e8vement \u00e0 la source (PAS) depuis 2019<\/h3>\n<p><strong>Depuis le 1er janvier 2019,<\/strong>\u00a0le pr\u00e9l\u00e8vement \u00e0 la source des imp\u00f4ts est entr\u00e9 en vigueur pour les revenus professionnels et fonciers.\u00a0Auparavant, les imp\u00f4ts sur le revenu \u00e9taient pay\u00e9s sur les revenus de l\u2019ann\u00e9e pr\u00e9c\u00e9dente.\u00a0Il existait donc un d\u00e9calage entre le moment o\u00f9 vous perceviez vos revenus et celui o\u00f9 vous deviez payer les imp\u00f4ts correspondants.L\u2019objectif du pr\u00e9l\u00e8vement \u00e0 la source est donc de supprimer ce d\u00e9calage.\u00a0Avec le PAS, l\u2019imp\u00f4t est pay\u00e9 en temps r\u00e9el, ainsi l\u2019imposition est en parfaite ad\u00e9quation avec la situation du moment.<\/p>\n<p>Mis \u00e0 part si vous avez choisi le versement lib\u00e9ratoire de l\u2019IR, vous \u00eates n\u00e9cessairement concern\u00e9 par le PAS. En effet, notez que sont exclus du PAS tous les revenus soumis au versement lib\u00e9ratoire car vous payer votre imp\u00f4t de mani\u00e8re forfaitaire en m\u00eame temps que le versement de vos cotisations sociales.<\/p>\n<p><strong>Comment la mise en place du PAS impacte les revenus touch\u00e9s en 2018 ?<\/strong>\u00a0L\u2019imp\u00f4t sur les revenus non exceptionnels sera effac\u00e9 avec la mise en place du PAS.\u00a0Cela n\u2019est cependant pas le cas pour les <a href=\"https:\/\/www.impots.gouv.fr\/portail\/particulier\/revenus-exceptionnels\">revenus exceptionnels<\/a>.\u00a0<strong>Vous ne paierez donc pas d\u2019imp\u00f4ts sur les revenus de votre auto-entreprise per\u00e7us en 2018.<\/strong><\/p>\n<p>En cas de<strong>\u00a0<\/strong><a href=\"https:\/\/blog.legalvision.fr\/2019\/06\/10\/auto-entrepreneur-et-salarie-avantages-et-inconvenients\/\"><strong>cumul d&rsquo;activit\u00e9 salari\u00e9 et micro entrepreneur<\/strong><\/a><strong>,<\/strong>\u00a0les imp\u00f4ts sur vos revenus salari\u00e9s seront directement pr\u00e9lev\u00e9s sur votre salaire par l\u2019employeur. Celui-ci appliquera le taux transmis par l\u2019administration fiscale. En parall\u00e8le, vous r\u00e9glerez des acomptes pour vos revenus issus de votre auto-entreprise.<\/p>\n<h2 id=\"3\">D\u00e9claration micro entreprise : la franchise en base de TVA et le r\u00e9gime simplifi\u00e9 d&rsquo;imposition<\/h2>\n<h3>La\u00a0franchise en\u00a0base de TVA<\/h3>\n<p>Le r\u00e9gime de la micro entreprise vous permet, sous conditions, de b\u00e9n\u00e9ficier de la franchise TVA. Elle <strong>vous<\/strong>\u00a0<strong>dispense de d\u00e9clarer et payer de la TVA<\/strong> sur les ventes ou les prestations que vous faites.\u00a0Pour y avoir droit, votre chiffre d&rsquo;affaires exprim\u00e9 hors taxe ne doit pas exc\u00e9der un<a href=\"https:\/\/blog.legalvision.fr\/2019\/06\/19\/plafond-auto-entrepreneur\/\"> certain plafond<\/a> :<\/p>\n<ul>\n<li>\n<strong>82 800 \u20ac<\/strong>: pour les professionnels de l&rsquo;achat revente, de la vente de denr\u00e9es \u00e0 consommer sur place, de fourniture de prestation d&rsquo;h\u00e9bergement (y compris les activit\u00e9s de location de g\u00eetes ruraux, de meubl\u00e9s de tourisme et de chambres d&rsquo;h\u00f4tes) ;<\/li>\n<li>\n<strong>33 200 \u20ac<\/strong>: pour les prestataires de services et les professions lib\u00e9rales.<\/li>\n<\/ul>\n<p>D\u00e8s lors que ces seuils ne sont pas d\u00e9pass\u00e9s,vous n\u2019\u00eates pas soumis \u00e0 la TVA sur vos op\u00e9rations,\u00a0vous ne collectez pas de TVA aupr\u00e8s de vos clients et vous ne r\u00e9cup\u00e9rez pas non plus la TVA que vous avez support\u00e9 sur vos achats ou immobilisations.<\/p>\n<p>Sachez que des <strong>seuils de tol\u00e9rance<\/strong> existent. Si les seuils pr\u00e9cit\u00e9s sont d\u00e9pass\u00e9s mais que le chiffre d\u2019affaires reste inf\u00e9rieur \u00e0\u00a0:<\/p>\n<ul>\n<li>\n<strong>91\u00a0000 \u20ac<\/strong> pour les activit\u00e9s d\u2019achat revente, vente de denr\u00e9es \u00e0 consommer sur place, de fourniture de prestation d&rsquo;h\u00e9bergement,<\/li>\n<li>\n<strong>35\u00a0200 \u20ac <\/strong>pour les activit\u00e9s de prestation de services et professions lib\u00e9rales,<\/li>\n<\/ul>\n<p>Vous ne serez alors pas automatiquement assujettis \u00e0 la TVA.<\/p>\n<p>Toutefois, si pendant deux ann\u00e9es de suite vous \u00eates dans le seuil de tol\u00e9rance, alors, l\u2019ann\u00e9e d\u2019apr\u00e8s vous serez soumis \u00e0 la TVA.<\/p>\n<p>Pour terminer, <strong>d\u00e8s que vous d\u00e9passez le seuil de 91\u00a0000 \u20ac ou celui de 35\u00a0200 \u20ac<\/strong>, vous serez imp\u00e9rativement assujettis \u00e0 la TVA \u00e0 compter du 1<sup>er<\/sup>\u00a0jour du mois de d\u00e9passement.<\/p>\n<h3>Le r\u00e9gime simplifi\u00e9 d\u2019imposition (RSI)<\/h3>\n<p>Aussi appel\u00e9 le r\u00e9gime du r\u00e9el simplifi\u00e9, celui-ci permet d\u2019all\u00e9ger les obligations qui tiennent \u00e0 la comptabilit\u00e9 et \u00e0 la fiscalit\u00e9.<\/p>\n<p>Ce r\u00e9gime est applicable si le chiffre d&rsquo;affaires exprim\u00e9 hors taxe est compris entre :<\/p>\n<ul>\n<li>\n<strong>82\u00a0800 \u20ac et 789\u00a0000 \u20ac<\/strong>\u00a0: pour les activit\u00e9s de ventes de marchandises (achat-revente, fourniture de logement, vente \u00e0 consommer sur place).<\/li>\n<li>\n<strong>33\u00a0200 \u20acet 238 000 \u20ac<\/strong>\u00a0: pour les activit\u00e9s de prestation de services relevant des BIC et professions lib\u00e9rales.<\/li>\n<li>Enfin, le <strong>montant annuel de la TVA exigible ne doit pas franchir les 15\u00a0000 \u20ac<\/strong>. Si ce seuil est d\u00e9pass\u00e9, vous devrez passer au r\u00e9gime normal d\u2019imposition.<\/li>\n<\/ul>\n<p>Par voie d\u00e9mat\u00e9rialis\u00e9e, vous devez :<\/p>\n<ul>\n<li>Payer 2 acomptes en juin et d\u00e9cembre de chaque ann\u00e9e. Lorsque la TVA due pour l\u2019ann\u00e9e ou l\u2019exercice qui pr\u00e9c\u00e8de ne d\u00e9passe par les 1000 \u20ac, alors vous ne les payerez pas.<\/li>\n<li>T\u00e9l\u00e9transmettre au plus tard le 2<sup>\u00e8me\u00a0<\/sup>jour ouvr\u00e9 suivant le 1<sup>er<\/sup>\u00a0mai, une <a href=\"https:\/\/www.service-public.fr\/professionnels-entreprises\/vosdroits\/R14665\">d\u00e9claration CA12 <\/a>qui r\u00e9capitule l\u2019ensemble de vos op\u00e9rations imposables l\u2019ann\u00e9e civile pr\u00e9c\u00e9dente.<\/li>\n<\/ul>\n<h2 id=\"4\">D\u00e9claration micro entreprise : la d\u00e9claration p\u00f4le emploi<\/h2>\n<p>Si vous \u00eates demandeur d&#8217;emploi et d\u00e9sireux de cr\u00e9er votre micro entreprise, sachez que vous pouvez maintenir votre aide au retour \u00e0 l&#8217;emploi (ARE) ou b\u00e9n\u00e9ficier de l&rsquo;aide \u00e0 la reprise et \u00e0 la cr\u00e9ation d\u2019entreprise (<a href=\"https:\/\/blog.legalvision.fr\/2018\/10\/07\/demande-arce-pole-emploi\/\">ARCE<\/a>).<\/p>\n<h3>D\u00e9claration micro entreprise: la\u00a0possibilit\u00e9 de b\u00e9n\u00e9ficier de l&rsquo;allocation aide au retour \u00e0 l&#8217;emploi (ARE)<\/h3>\n<p>Que vous souhaitez devenir auto entrepreneur avant ou apr\u00e8s votre inscription p\u00f4le emploi, vous devez<a href=\"https:\/\/blog.legalvision.fr\/2019\/05\/16\/auto-entrepreneur-et-chomage-tous-les-conseils-des-experts\/\"> remplir certaines conditions<\/a>\u00a0et faire certaines d\u00e9marches. Nous allons, ici, nous focaliser sur les d\u00e9marches et d\u00e9clarations \u00e0 faire.<\/p>\n<p>Dans un premier temps, il est imp\u00e9ratif que vous vous inscriviez comme demandeur d&#8217;emploi aupr\u00e8s de P\u00f4le Emploi.<\/p>\n<ul>\n<li>\n<strong>Si vous \u00eates\u00a0ch\u00f4meur au moment de la d\u00e9claration de votre activit\u00e9 en tant que micro-entrepreneur<\/strong>, il n&rsquo;a aucune d\u00e9marche particuli\u00e8re \u00e0 effectuer. La d\u00e9claration au centre de formalit\u00e9s des entreprises (CFE) informe automatiquement le P\u00f4le emploi de votre nouvelle situation.<\/li>\n<li>\n<b>Si vous n&rsquo;\u00eates pas ch\u00f4meur lorsque vous d\u00e9clarez votre activit\u00e9 <\/b><em>(vous ex\u00e9cutez votre pr\u00e9avis par exemple)<\/em><b>,<\/b>\u00a0vous devez vous inscrire \u00e0 P\u00f4le emploi en tant que demandeur d&#8217;emploi. Cette inscription ne prend que quelques minutes sur le <a href=\"https:\/\/candidat.pole-emploi.fr\/inscription\/preambule\">site du P\u00f4le Emploi<\/a>.<\/li>\n<\/ul>\n<p>Dans les deux cas, vous devrez chaque mois, avant le 15,\u00a0<strong>proc\u00e9der \u00e0 l&rsquo;<a href=\"https:\/\/actualisation.pole-emploi.fr\/login.htm\">actualisation mensuelle de votre situation<\/a>.<\/strong><\/p>\n<p>En outre, vous devez pr\u00e9ciser que vous exercez une activit\u00e9 professionnelle qui est non salari\u00e9e et devez <strong>d\u00e9clarer vos revenus<\/strong> que vous touchez au titre de cette activit\u00e9. Enfin, des justificatifs doivent \u00eatre fournis (d\u00e9claration de chiffre d&rsquo;affaires par exemple).<\/p>\n<p>Ainsi, si vous avez oubli\u00e9 de d\u00e9clarer les revenus le jour de l&rsquo;actualisation, 70% de l&rsquo;ARE vous sera vers\u00e9e. Ensuite, si vous avez omis de fournir les justificatifs, vous percevrez 80% de l&rsquo;ARE.<\/p>\n<h3>D\u00e9claration micro entreprise: l&rsquo;aide \u00e0 la reprise ou \u00e0 la cr\u00e9ation d&rsquo;entreprise (ARCE)<\/h3>\n<p>L&rsquo;auto entrepreneur peut aussi faire le choix de<strong>\u00a0demander\u00a0l&rsquo;ARCE<\/strong>. C&rsquo;est une aide sous forme de capital qui correspond \u00e0 45% de l&rsquo;ARE qui vous restent dues . Elle est vers\u00e9e en 2 fois\u00a0:<\/p>\n<ul>\n<li>un premier versement au d\u00e9marrage de l&rsquo;activit\u00e9 ;<\/li>\n<li>un second versement apr\u00e8s 6 mois d&rsquo;activit\u00e9, si elle existe toujours.<\/li>\n<\/ul>\n<p><strong>L&rsquo;ARCE\u00a0n&rsquo;est pas cumulable avec le maintien des allocations.<\/strong> Il donc important de bien calculer l&rsquo;int\u00e9r\u00eat financier\u00a0: b\u00e9n\u00e9ficier de la moiti\u00e9 de ses allocations sous forme de capital ou continuer de percevoir des allocations sous certaines conditions.<\/p>\n<ul>\n<li>Vous devez d\u00e9clarer dans un premier temps le projet de cr\u00e9ation de micro-entreprise \u00e0 P\u00f4le Emploi dans l\u2019<a href=\"https:\/\/actualisation.pole-emploi.fr\/login.htm\">actualisation mensuelle<\/a>.<\/li>\n<li>Puis,\u00a0vous devez compl\u00e9ter une\u00a0demande d\u2019ARCE \u00e0 P\u00f4le Emploi. Vous avez la possibilit\u00e9 de faire votre\u00a0<a href=\"https:\/\/www.legalvision.fr\/creation-dentreprise\/arce\/\">demande d\u2019ARCE<\/a>\u00a0directement en ligne sur notre site Internet.<\/li>\n<li>Ensuite, vous devez fournir un extrait Kbis ou RM pour justifier de la cr\u00e9ation<\/li>\n<li>Et vous devez aussi justifier de l\u2019Acre<\/li>\n<li>Enfin vous devez avoir\u00a0une copie de la d\u00e9claration d\u2019activit\u00e9 ou du justificatif de confirmation d\u2019inscription.<\/li>\n<\/ul>\n<p><\/p>\n<div class=\"wp-block-button\" style=\"text-align:center;\"><a class=\"wp-block-button__link has-background\" href=\"https:\/\/www.legalvision.fr\/creation-dentreprise\/statut-auto-entrepreneur\/\">Commencer les d\u00e9marches pour mon auto-entreprise<\/a><\/div>\n","protected":false},"excerpt":{"rendered":"<p>D\u00e9claration micro entreprise : l\u2019auto entrepreneur a l\u2019obligation d\u2019effectuer diff\u00e9rentes d\u00e9clarations tout au long de son activit\u00e9. Cependant, une d\u00e9claration se diff\u00e9rencie des autres, elle est nomm\u00e9e la d\u00e9claration d\u2019activit\u00e9 micro entreprise.\u00a0Elle se fait uniquement lors de la cr\u00e9ation de l\u2019auto-entreprise. Elle\u00a0consiste \u00e0 informer les institutions sociales et fiscales de votre projet d&rsquo;auto-entreprise. Pour d\u00e9clarer&hellip; <a class=\"more-link\" href=\"https:\/\/www.legalvision.fr\/guides-juridiques\/auto-entrepreneur\/declaration-micro-entreprise-guide-complet\/\">Poursuivre la lecture <span class=\"screen-reader-text\">D\u00e9claration micro entreprise 2019, le guide complet !<\/span><\/a><\/p>\n","protected":false},"author":30,"featured_media":24449,"comment_status":"open","ping_status":"open","sticky":false,"template":"","format":"standard","meta":{"content-type":"","inline_featured_image":false,"footnotes":""},"categories":[2477],"tags":[],"class_list":["post-17108","post","type-post","status-publish","format-standard","has-post-thumbnail","hentry","category-auto-entrepreneur","entry"],"yoast_head":"<!-- This site is optimized with the Yoast SEO plugin v27.1.1 - https:\/\/yoast.com\/product\/yoast-seo-wordpress\/ -->\n<title>D\u00e9claration micro entreprise en 2019, le guide complet<\/title>\n<meta name=\"description\" content=\"D\u00e9claration micro entreprise : le micro-entrepreneur est tenu d&#039;effectuer diff\u00e9rentes d\u00e9clarations tout au long de son activit\u00e9, mais quelles sont elles ?\" \/>\n<meta name=\"robots\" content=\"index, follow, max-snippet:-1, max-image-preview:large, max-video-preview:-1\" \/>\n<link rel=\"canonical\" href=\"https:\/\/www.legalvision.fr\/guides-juridiques\/auto-entrepreneur\/declaration-micro-entreprise-guide-complet\/\" \/>\n<meta property=\"og:locale\" content=\"fr_FR\" \/>\n<meta property=\"og:type\" content=\"article\" \/>\n<meta property=\"og:title\" content=\"D\u00e9claration micro entreprise en 2019, le guide complet\" \/>\n<meta property=\"og:description\" content=\"D\u00e9claration micro entreprise : le micro-entrepreneur est tenu d&#039;effectuer diff\u00e9rentes d\u00e9clarations tout au long de son activit\u00e9, mais quelles sont elles ?\" \/>\n<meta property=\"og:url\" content=\"https:\/\/www.legalvision.fr\/guides-juridiques\/auto-entrepreneur\/declaration-micro-entreprise-guide-complet\/\" \/>\n<meta property=\"og:site_name\" content=\"Guides juridiques\" \/>\n<meta property=\"article:published_time\" content=\"2019-06-21T06:30:02+00:00\" \/>\n<meta property=\"article:modified_time\" content=\"2022-03-27T19:20:54+00:00\" \/>\n<meta property=\"og:image\" content=\"https:\/\/www.legalvision.fr\/guides-juridiques\/wp-content\/uploads\/2019\/06\/D\u00e9claration-micro-entreprise-min.jpg\" \/>\n\t<meta property=\"og:image:width\" content=\"958\" \/>\n\t<meta property=\"og:image:height\" content=\"350\" \/>\n\t<meta property=\"og:image:type\" content=\"image\/jpeg\" \/>\n<meta name=\"author\" content=\"William Lebrun\" \/>\n<meta name=\"twitter:card\" content=\"summary_large_image\" \/>\n<meta name=\"twitter:label1\" content=\"\u00c9crit par\" \/>\n\t<meta name=\"twitter:data1\" content=\"William Lebrun\" \/>\n\t<meta name=\"twitter:label2\" content=\"Dur\u00e9e de lecture estim\u00e9e\" \/>\n\t<meta name=\"twitter:data2\" content=\"13 minutes\" \/>\n<script type=\"application\/ld+json\" class=\"yoast-schema-graph\">{\"@context\":\"https:\/\/schema.org\",\"@graph\":[{\"@type\":\"Article\",\"@id\":\"https:\/\/www.legalvision.fr\/guides-juridiques\/auto-entrepreneur\/declaration-micro-entreprise-guide-complet\/#article\",\"isPartOf\":{\"@id\":\"https:\/\/www.legalvision.fr\/guides-juridiques\/auto-entrepreneur\/declaration-micro-entreprise-guide-complet\/\"},\"author\":{\"name\":\"William Lebrun\",\"@id\":\"https:\/\/www.legalvision.fr\/guides-juridiques\/#\/schema\/person\/3d24d0c20575138ed212b2e4b6f7b4b0\"},\"headline\":\"D\u00e9claration micro entreprise 2019, le guide complet !\",\"datePublished\":\"2019-06-21T06:30:02+00:00\",\"dateModified\":\"2022-03-27T19:20:54+00:00\",\"mainEntityOfPage\":{\"@id\":\"https:\/\/www.legalvision.fr\/guides-juridiques\/auto-entrepreneur\/declaration-micro-entreprise-guide-complet\/\"},\"wordCount\":2763,\"commentCount\":0,\"publisher\":{\"@id\":\"https:\/\/www.legalvision.fr\/guides-juridiques\/#organization\"},\"image\":{\"@id\":\"https:\/\/www.legalvision.fr\/guides-juridiques\/auto-entrepreneur\/declaration-micro-entreprise-guide-complet\/#primaryimage\"},\"thumbnailUrl\":\"https:\/\/www.legalvision.fr\/guides-juridiques\/wp-content\/uploads\/2019\/06\/D\u00e9claration-micro-entreprise-min.jpg\",\"articleSection\":[\"Auto-entrepreneur\"],\"inLanguage\":\"fr-FR\",\"potentialAction\":[{\"@type\":\"CommentAction\",\"name\":\"Comment\",\"target\":[\"https:\/\/www.legalvision.fr\/guides-juridiques\/auto-entrepreneur\/declaration-micro-entreprise-guide-complet\/#respond\"]}]},{\"@type\":\"WebPage\",\"@id\":\"https:\/\/www.legalvision.fr\/guides-juridiques\/auto-entrepreneur\/declaration-micro-entreprise-guide-complet\/\",\"url\":\"https:\/\/www.legalvision.fr\/guides-juridiques\/auto-entrepreneur\/declaration-micro-entreprise-guide-complet\/\",\"name\":\"D\u00e9claration micro entreprise en 2019, le guide complet\",\"isPartOf\":{\"@id\":\"https:\/\/www.legalvision.fr\/guides-juridiques\/#website\"},\"primaryImageOfPage\":{\"@id\":\"https:\/\/www.legalvision.fr\/guides-juridiques\/auto-entrepreneur\/declaration-micro-entreprise-guide-complet\/#primaryimage\"},\"image\":{\"@id\":\"https:\/\/www.legalvision.fr\/guides-juridiques\/auto-entrepreneur\/declaration-micro-entreprise-guide-complet\/#primaryimage\"},\"thumbnailUrl\":\"https:\/\/www.legalvision.fr\/guides-juridiques\/wp-content\/uploads\/2019\/06\/D\u00e9claration-micro-entreprise-min.jpg\",\"datePublished\":\"2019-06-21T06:30:02+00:00\",\"dateModified\":\"2022-03-27T19:20:54+00:00\",\"description\":\"D\u00e9claration micro entreprise : le micro-entrepreneur est tenu d'effectuer diff\u00e9rentes d\u00e9clarations tout au long de son activit\u00e9, mais quelles sont elles ?\",\"breadcrumb\":{\"@id\":\"https:\/\/www.legalvision.fr\/guides-juridiques\/auto-entrepreneur\/declaration-micro-entreprise-guide-complet\/#breadcrumb\"},\"inLanguage\":\"fr-FR\",\"potentialAction\":[{\"@type\":\"ReadAction\",\"target\":[\"https:\/\/www.legalvision.fr\/guides-juridiques\/auto-entrepreneur\/declaration-micro-entreprise-guide-complet\/\"]}]},{\"@type\":\"ImageObject\",\"inLanguage\":\"fr-FR\",\"@id\":\"https:\/\/www.legalvision.fr\/guides-juridiques\/auto-entrepreneur\/declaration-micro-entreprise-guide-complet\/#primaryimage\",\"url\":\"https:\/\/www.legalvision.fr\/guides-juridiques\/wp-content\/uploads\/2019\/06\/D\u00e9claration-micro-entreprise-min.jpg\",\"contentUrl\":\"https:\/\/www.legalvision.fr\/guides-juridiques\/wp-content\/uploads\/2019\/06\/D\u00e9claration-micro-entreprise-min.jpg\",\"width\":958,\"height\":350,\"caption\":\"D\u00e9claration micro entreprise\"},{\"@type\":\"BreadcrumbList\",\"@id\":\"https:\/\/www.legalvision.fr\/guides-juridiques\/auto-entrepreneur\/declaration-micro-entreprise-guide-complet\/#breadcrumb\",\"itemListElement\":[{\"@type\":\"ListItem\",\"position\":1,\"name\":\"Accueil\",\"item\":\"https:\/\/www.legalvision.fr\/guides-juridiques\/\"},{\"@type\":\"ListItem\",\"position\":2,\"name\":\"Auto-entrepreneur\",\"item\":\"https:\/\/www.legalvision.fr\/guides-juridiques\/auto-entrepreneur\/\"},{\"@type\":\"ListItem\",\"position\":3,\"name\":\"D\u00e9claration micro entreprise 2019, le guide complet !\"}]},{\"@type\":\"WebSite\",\"@id\":\"https:\/\/www.legalvision.fr\/guides-juridiques\/#website\",\"url\":\"https:\/\/www.legalvision.fr\/guides-juridiques\/\",\"name\":\"Guides juridiques\",\"description\":\"L&#039;information juridique \u00e0 destination des entreprises et TPE\",\"publisher\":{\"@id\":\"https:\/\/www.legalvision.fr\/guides-juridiques\/#organization\"},\"potentialAction\":[{\"@type\":\"SearchAction\",\"target\":{\"@type\":\"EntryPoint\",\"urlTemplate\":\"https:\/\/www.legalvision.fr\/guides-juridiques\/?s={search_term_string}\"},\"query-input\":{\"@type\":\"PropertyValueSpecification\",\"valueRequired\":true,\"valueName\":\"search_term_string\"}}],\"inLanguage\":\"fr-FR\"},{\"@type\":\"Organization\",\"@id\":\"https:\/\/www.legalvision.fr\/guides-juridiques\/#organization\",\"name\":\"Guides juridiques\",\"url\":\"https:\/\/www.legalvision.fr\/guides-juridiques\/\",\"logo\":{\"@type\":\"ImageObject\",\"inLanguage\":\"fr-FR\",\"@id\":\"https:\/\/www.legalvision.fr\/guides-juridiques\/#\/schema\/logo\/image\/\",\"url\":\"https:\/\/www.legalvision.fr\/guides-juridiques\/wp-content\/uploads\/2022\/10\/LV-Logotype.png\",\"contentUrl\":\"https:\/\/www.legalvision.fr\/guides-juridiques\/wp-content\/uploads\/2022\/10\/LV-Logotype.png\",\"width\":647,\"height\":125,\"caption\":\"Guides juridiques\"},\"image\":{\"@id\":\"https:\/\/www.legalvision.fr\/guides-juridiques\/#\/schema\/logo\/image\/\"}},{\"@type\":\"Person\",\"@id\":\"https:\/\/www.legalvision.fr\/guides-juridiques\/#\/schema\/person\/3d24d0c20575138ed212b2e4b6f7b4b0\",\"name\":\"William Lebrun\",\"image\":{\"@type\":\"ImageObject\",\"inLanguage\":\"fr-FR\",\"@id\":\"https:\/\/www.legalvision.fr\/guides-juridiques\/#\/schema\/person\/image\/\",\"url\":\"https:\/\/www.legalvision.fr\/guides-juridiques\/wp-content\/uploads\/2023\/07\/cropped-homme1-96x96.png\",\"contentUrl\":\"https:\/\/www.legalvision.fr\/guides-juridiques\/wp-content\/uploads\/2023\/07\/cropped-homme1-96x96.png\",\"caption\":\"William Lebrun\"},\"description\":\"B\u00e9n\u00e9ficiant de la formation d'un double dipl\u00f4me en droit des affaires et en \u00e9cole de commerce, j'ai un fort attrait pour le droit des soci\u00e9t\u00e9s. Je r\u00e9dige des articles pour vous aider sur vos probl\u00e9matiques.\",\"url\":\"https:\/\/www.legalvision.fr\/guides-juridiques\/author\/aina-rakoto\/\"}]}<\/script>\n<!-- \/ Yoast SEO plugin. -->","yoast_head_json":{"title":"D\u00e9claration micro entreprise en 2019, le guide complet","description":"D\u00e9claration micro entreprise : le micro-entrepreneur est tenu d'effectuer diff\u00e9rentes d\u00e9clarations tout au long de son activit\u00e9, mais quelles sont elles ?","robots":{"index":"index","follow":"follow","max-snippet":"max-snippet:-1","max-image-preview":"max-image-preview:large","max-video-preview":"max-video-preview:-1"},"canonical":"https:\/\/www.legalvision.fr\/guides-juridiques\/auto-entrepreneur\/declaration-micro-entreprise-guide-complet\/","og_locale":"fr_FR","og_type":"article","og_title":"D\u00e9claration micro entreprise en 2019, le guide complet","og_description":"D\u00e9claration micro entreprise : le micro-entrepreneur est tenu d'effectuer diff\u00e9rentes d\u00e9clarations tout au long de son activit\u00e9, mais quelles sont elles ?","og_url":"https:\/\/www.legalvision.fr\/guides-juridiques\/auto-entrepreneur\/declaration-micro-entreprise-guide-complet\/","og_site_name":"Guides juridiques","article_published_time":"2019-06-21T06:30:02+00:00","article_modified_time":"2022-03-27T19:20:54+00:00","og_image":[{"width":958,"height":350,"url":"https:\/\/www.legalvision.fr\/guides-juridiques\/wp-content\/uploads\/2019\/06\/D\u00e9claration-micro-entreprise-min.jpg","type":"image\/jpeg"}],"author":"William Lebrun","twitter_card":"summary_large_image","twitter_misc":{"\u00c9crit par":"William Lebrun","Dur\u00e9e de lecture estim\u00e9e":"13 minutes"},"schema":{"@context":"https:\/\/schema.org","@graph":[{"@type":"Article","@id":"https:\/\/www.legalvision.fr\/guides-juridiques\/auto-entrepreneur\/declaration-micro-entreprise-guide-complet\/#article","isPartOf":{"@id":"https:\/\/www.legalvision.fr\/guides-juridiques\/auto-entrepreneur\/declaration-micro-entreprise-guide-complet\/"},"author":{"name":"William Lebrun","@id":"https:\/\/www.legalvision.fr\/guides-juridiques\/#\/schema\/person\/3d24d0c20575138ed212b2e4b6f7b4b0"},"headline":"D\u00e9claration micro entreprise 2019, le guide complet !","datePublished":"2019-06-21T06:30:02+00:00","dateModified":"2022-03-27T19:20:54+00:00","mainEntityOfPage":{"@id":"https:\/\/www.legalvision.fr\/guides-juridiques\/auto-entrepreneur\/declaration-micro-entreprise-guide-complet\/"},"wordCount":2763,"commentCount":0,"publisher":{"@id":"https:\/\/www.legalvision.fr\/guides-juridiques\/#organization"},"image":{"@id":"https:\/\/www.legalvision.fr\/guides-juridiques\/auto-entrepreneur\/declaration-micro-entreprise-guide-complet\/#primaryimage"},"thumbnailUrl":"https:\/\/www.legalvision.fr\/guides-juridiques\/wp-content\/uploads\/2019\/06\/D\u00e9claration-micro-entreprise-min.jpg","articleSection":["Auto-entrepreneur"],"inLanguage":"fr-FR","potentialAction":[{"@type":"CommentAction","name":"Comment","target":["https:\/\/www.legalvision.fr\/guides-juridiques\/auto-entrepreneur\/declaration-micro-entreprise-guide-complet\/#respond"]}]},{"@type":"WebPage","@id":"https:\/\/www.legalvision.fr\/guides-juridiques\/auto-entrepreneur\/declaration-micro-entreprise-guide-complet\/","url":"https:\/\/www.legalvision.fr\/guides-juridiques\/auto-entrepreneur\/declaration-micro-entreprise-guide-complet\/","name":"D\u00e9claration micro entreprise en 2019, le guide complet","isPartOf":{"@id":"https:\/\/www.legalvision.fr\/guides-juridiques\/#website"},"primaryImageOfPage":{"@id":"https:\/\/www.legalvision.fr\/guides-juridiques\/auto-entrepreneur\/declaration-micro-entreprise-guide-complet\/#primaryimage"},"image":{"@id":"https:\/\/www.legalvision.fr\/guides-juridiques\/auto-entrepreneur\/declaration-micro-entreprise-guide-complet\/#primaryimage"},"thumbnailUrl":"https:\/\/www.legalvision.fr\/guides-juridiques\/wp-content\/uploads\/2019\/06\/D\u00e9claration-micro-entreprise-min.jpg","datePublished":"2019-06-21T06:30:02+00:00","dateModified":"2022-03-27T19:20:54+00:00","description":"D\u00e9claration micro entreprise : le micro-entrepreneur est tenu d'effectuer diff\u00e9rentes d\u00e9clarations tout au long de son activit\u00e9, mais quelles sont elles ?","breadcrumb":{"@id":"https:\/\/www.legalvision.fr\/guides-juridiques\/auto-entrepreneur\/declaration-micro-entreprise-guide-complet\/#breadcrumb"},"inLanguage":"fr-FR","potentialAction":[{"@type":"ReadAction","target":["https:\/\/www.legalvision.fr\/guides-juridiques\/auto-entrepreneur\/declaration-micro-entreprise-guide-complet\/"]}]},{"@type":"ImageObject","inLanguage":"fr-FR","@id":"https:\/\/www.legalvision.fr\/guides-juridiques\/auto-entrepreneur\/declaration-micro-entreprise-guide-complet\/#primaryimage","url":"https:\/\/www.legalvision.fr\/guides-juridiques\/wp-content\/uploads\/2019\/06\/D\u00e9claration-micro-entreprise-min.jpg","contentUrl":"https:\/\/www.legalvision.fr\/guides-juridiques\/wp-content\/uploads\/2019\/06\/D\u00e9claration-micro-entreprise-min.jpg","width":958,"height":350,"caption":"D\u00e9claration micro entreprise"},{"@type":"BreadcrumbList","@id":"https:\/\/www.legalvision.fr\/guides-juridiques\/auto-entrepreneur\/declaration-micro-entreprise-guide-complet\/#breadcrumb","itemListElement":[{"@type":"ListItem","position":1,"name":"Accueil","item":"https:\/\/www.legalvision.fr\/guides-juridiques\/"},{"@type":"ListItem","position":2,"name":"Auto-entrepreneur","item":"https:\/\/www.legalvision.fr\/guides-juridiques\/auto-entrepreneur\/"},{"@type":"ListItem","position":3,"name":"D\u00e9claration micro entreprise 2019, le guide complet !"}]},{"@type":"WebSite","@id":"https:\/\/www.legalvision.fr\/guides-juridiques\/#website","url":"https:\/\/www.legalvision.fr\/guides-juridiques\/","name":"Guides juridiques","description":"L&#039;information juridique \u00e0 destination des entreprises et TPE","publisher":{"@id":"https:\/\/www.legalvision.fr\/guides-juridiques\/#organization"},"potentialAction":[{"@type":"SearchAction","target":{"@type":"EntryPoint","urlTemplate":"https:\/\/www.legalvision.fr\/guides-juridiques\/?s={search_term_string}"},"query-input":{"@type":"PropertyValueSpecification","valueRequired":true,"valueName":"search_term_string"}}],"inLanguage":"fr-FR"},{"@type":"Organization","@id":"https:\/\/www.legalvision.fr\/guides-juridiques\/#organization","name":"Guides juridiques","url":"https:\/\/www.legalvision.fr\/guides-juridiques\/","logo":{"@type":"ImageObject","inLanguage":"fr-FR","@id":"https:\/\/www.legalvision.fr\/guides-juridiques\/#\/schema\/logo\/image\/","url":"https:\/\/www.legalvision.fr\/guides-juridiques\/wp-content\/uploads\/2022\/10\/LV-Logotype.png","contentUrl":"https:\/\/www.legalvision.fr\/guides-juridiques\/wp-content\/uploads\/2022\/10\/LV-Logotype.png","width":647,"height":125,"caption":"Guides juridiques"},"image":{"@id":"https:\/\/www.legalvision.fr\/guides-juridiques\/#\/schema\/logo\/image\/"}},{"@type":"Person","@id":"https:\/\/www.legalvision.fr\/guides-juridiques\/#\/schema\/person\/3d24d0c20575138ed212b2e4b6f7b4b0","name":"William Lebrun","image":{"@type":"ImageObject","inLanguage":"fr-FR","@id":"https:\/\/www.legalvision.fr\/guides-juridiques\/#\/schema\/person\/image\/","url":"https:\/\/www.legalvision.fr\/guides-juridiques\/wp-content\/uploads\/2023\/07\/cropped-homme1-96x96.png","contentUrl":"https:\/\/www.legalvision.fr\/guides-juridiques\/wp-content\/uploads\/2023\/07\/cropped-homme1-96x96.png","caption":"William Lebrun"},"description":"B\u00e9n\u00e9ficiant de la formation d'un double dipl\u00f4me en droit des affaires et en \u00e9cole de commerce, j'ai un fort attrait pour le droit des soci\u00e9t\u00e9s. Je r\u00e9dige des articles pour vous aider sur vos probl\u00e9matiques.","url":"https:\/\/www.legalvision.fr\/guides-juridiques\/author\/aina-rakoto\/"}]}},"_links":{"self":[{"href":"https:\/\/www.legalvision.fr\/guides-juridiques\/wp-json\/wp\/v2\/posts\/17108","targetHints":{"allow":["GET"]}}],"collection":[{"href":"https:\/\/www.legalvision.fr\/guides-juridiques\/wp-json\/wp\/v2\/posts"}],"about":[{"href":"https:\/\/www.legalvision.fr\/guides-juridiques\/wp-json\/wp\/v2\/types\/post"}],"author":[{"embeddable":true,"href":"https:\/\/www.legalvision.fr\/guides-juridiques\/wp-json\/wp\/v2\/users\/30"}],"replies":[{"embeddable":true,"href":"https:\/\/www.legalvision.fr\/guides-juridiques\/wp-json\/wp\/v2\/comments?post=17108"}],"version-history":[{"count":0,"href":"https:\/\/www.legalvision.fr\/guides-juridiques\/wp-json\/wp\/v2\/posts\/17108\/revisions"}],"wp:featuredmedia":[{"embeddable":true,"href":"https:\/\/www.legalvision.fr\/guides-juridiques\/wp-json\/wp\/v2\/media\/24449"}],"wp:attachment":[{"href":"https:\/\/www.legalvision.fr\/guides-juridiques\/wp-json\/wp\/v2\/media?parent=17108"}],"wp:term":[{"taxonomy":"category","embeddable":true,"href":"https:\/\/www.legalvision.fr\/guides-juridiques\/wp-json\/wp\/v2\/categories?post=17108"},{"taxonomy":"post_tag","embeddable":true,"href":"https:\/\/www.legalvision.fr\/guides-juridiques\/wp-json\/wp\/v2\/tags?post=17108"}],"curies":[{"name":"wp","href":"https:\/\/api.w.org\/{rel}","templated":true}]}}