{"id":16909,"date":"2019-06-24T07:30:13","date_gmt":"2019-06-24T06:30:13","guid":{"rendered":"https:\/\/blog.legalvision.fr\/?p=16909"},"modified":"2024-05-15T11:52:02","modified_gmt":"2024-05-15T09:52:02","slug":"chambre-des-metiers-et-de-l-artisanat","status":"publish","type":"post","link":"https:\/\/www.legalvision.fr\/guides-juridiques\/creer-son-entreprise\/chambre-des-metiers-et-de-l-artisanat\/","title":{"rendered":"Tout savoir sur la chambre des m\u00e9tiers et de l&rsquo;artisanat"},"content":{"rendered":"\t\t<div data-elementor-type=\"wp-post\" data-elementor-id=\"16909\" class=\"elementor elementor-16909\" data-elementor-post-type=\"post\">\n\t\t\t\t<div data-particle_enable=\"false\" data-particle-mobile-disabled=\"false\" class=\"elementor-element elementor-element-82c0c0c e-flex e-con-boxed e-con e-parent\" data-id=\"82c0c0c\" data-element_type=\"container\" data-e-type=\"container\">\n\t\t\t\t\t<div class=\"e-con-inner\">\n\t\t\t\t<div class=\"elementor-element elementor-element-6cfd949 elementor-widget elementor-widget-text-editor\" data-id=\"6cfd949\" data-element_type=\"widget\" data-e-type=\"widget\" data-widget_type=\"text-editor.default\">\n\t\t\t\t<div class=\"elementor-widget-container\">\n\t\t\t\t\t\t\t\t\t<p>La chambre des m\u00e9tiers et de l&rsquo;artisanat est relative \u00e0 la <a href=\"https:\/\/www.legalvision.fr\/creation-dentreprise\/\">cr\u00e9ation d&rsquo;entreprise<\/a> pour les artisans. Depuis la <a href=\"https:\/\/www.legifrance.gouv.fr\/affichTexte.do?cidTexte=JORFTEXT000000193678\">loi du 5 juillet 1996<\/a>,\u00a0 tous les artisans sont tenus\u00a0de s&rsquo;immatriculer obligatoirement au r\u00e9pertoire des m\u00e9tiers. Le r\u00e9pertoire des m\u00e9tiers est tenu pas les chambres des m\u00e9tiers et de l&rsquo;artisanat.<\/p><p>La chambre des m\u00e9tiers et de l&rsquo;artisanat dispose de sa propre organisation, tous les artisans sont tenus de s&rsquo;y immatriculer. Vous devez aussi y faire toutes les formalit\u00e9s relatives aux modifications et \u00e0 la dissolution de votre entreprise. C&rsquo;est ce que nous allons voir.<\/p><h3>\u00a0Sommaire :\u00a0<\/h3><p><a href=\"#1\">L&rsquo;organisation et les missions des chambres des m\u00e9tiers et de l&rsquo;artisanat<\/a><br \/><a href=\"#2\">Les personnes soumises \u00e0 l&rsquo;immatriculation et l&rsquo;obligation d&rsquo;immatriculation<\/a><br \/><a href=\"#3\">L&rsquo;immatriculation \u00e0 la chambre des m\u00e9tiers et de l&rsquo;artisanat<\/a><br \/><a href=\"#4\">Modification et radiation \u00e0 la chambre des m\u00e9tiers et de l&rsquo;artisanat<\/a><br \/><a href=\"#5\">Le fonds artisanal qu&rsquo;est-ce que c&rsquo;est ?<\/a><br \/><a href=\"#6\">La taxe chambre des m\u00e9tiers et de l&rsquo;artisanat<\/a><\/p><p>\u00a0<\/p>\t\t\t\t\t\t\t\t<\/div>\n\t\t\t\t<\/div>\n\t\t\t\t\t<\/div>\n\t\t\t\t<\/div>\n\t\t<div data-particle_enable=\"false\" data-particle-mobile-disabled=\"false\" class=\"elementor-element elementor-element-27ee9096 e-flex e-con-boxed e-con e-parent\" data-id=\"27ee9096\" data-element_type=\"container\" data-e-type=\"container\">\n\t\t\t\t\t<div class=\"e-con-inner\">\n\t\t\t\t<div class=\"elementor-element elementor-element-46d379bc elementor-widget elementor-widget-heading\" data-id=\"46d379bc\" data-element_type=\"widget\" data-e-type=\"widget\" data-widget_type=\"heading.default\">\n\t\t\t\t<div class=\"elementor-widget-container\">\n\t\t\t\t\t<h2 class=\"elementor-heading-title elementor-size-default\">Nos outils pour vous aider : <\/h2>\t\t\t\t<\/div>\n\t\t\t\t<\/div>\n\t\t\t\t\t<\/div>\n\t\t\t\t<\/div>\n\t\t<div data-particle_enable=\"false\" data-particle-mobile-disabled=\"false\" class=\"elementor-element elementor-element-1dd3b7ac e-flex e-con-boxed e-con e-parent\" data-id=\"1dd3b7ac\" data-element_type=\"container\" data-e-type=\"container\">\n\t\t\t\t\t<div class=\"e-con-inner\">\n\t\t<div data-particle_enable=\"false\" data-particle-mobile-disabled=\"false\" class=\"elementor-element elementor-element-3257076d e-con-full e-flex e-con e-child\" data-id=\"3257076d\" data-element_type=\"container\" data-e-type=\"container\">\n\t\t\t\t<div class=\"elementor-element elementor-element-32da0cb2 elementor-widget elementor-widget-button\" data-id=\"32da0cb2\" data-element_type=\"widget\" data-e-type=\"widget\" data-widget_type=\"button.default\">\n\t\t\t\t<div class=\"elementor-widget-container\">\n\t\t\t\t\t\t\t\t\t<div class=\"elementor-button-wrapper\">\n\t\t\t\t\t<a class=\"elementor-button elementor-button-link elementor-size-sm\" href=\"https:\/\/leonard.fr\/juridique\/categories-services\/creation-entreprise\/?utm_source=blog&#038;utm_medium=CTA&#038;utm_campaign=tout_savoir_sur_chambre_des_m%C3%A9tiers_artisanat&#038;utm_id=creation_societe_blog\" target=\"_blank\">\n\t\t\t\t\t\t<span class=\"elementor-button-content-wrapper\">\n\t\t\t\t\t\t\t\t\t<span class=\"elementor-button-text\">Cr\u00e9ez votre soci\u00e9t\u00e9 en ligne<\/span>\n\t\t\t\t\t<\/span>\n\t\t\t\t\t<\/a>\n\t\t\t\t<\/div>\n\t\t\t\t\t\t\t\t<\/div>\n\t\t\t\t<\/div>\n\t\t\t\t<\/div>\n\t\t<div data-particle_enable=\"false\" data-particle-mobile-disabled=\"false\" class=\"elementor-element elementor-element-33590bb3 e-con-full e-flex e-con e-child\" data-id=\"33590bb3\" data-element_type=\"container\" data-e-type=\"container\">\n\t\t\t\t<div class=\"elementor-element elementor-element-389990aa elementor-widget elementor-widget-button\" data-id=\"389990aa\" data-element_type=\"widget\" data-e-type=\"widget\" data-widget_type=\"button.default\">\n\t\t\t\t<div class=\"elementor-widget-container\">\n\t\t\t\t\t\t\t\t\t<div class=\"elementor-button-wrapper\">\n\t\t\t\t\t<a class=\"elementor-button elementor-button-link elementor-size-sm\" href=\"https:\/\/meetings.hubspot.com\/global\/leonard-rendez-vous-gratuit-avec-un-juriste?utm_source=blog&#038;utm_medium=CTA&#038;utm_campaign=tout_savoir_sur_chambre_des_m%C3%A9tiers_artisanat&#038;utm_id=creation_societe_blog\" target=\"_blank\">\n\t\t\t\t\t\t<span class=\"elementor-button-content-wrapper\">\n\t\t\t\t\t\t\t\t\t<span class=\"elementor-button-text\">\u00catre rappel\u00e9 par un juriste gratuitement<\/span>\n\t\t\t\t\t<\/span>\n\t\t\t\t\t<\/a>\n\t\t\t\t<\/div>\n\t\t\t\t\t\t\t\t<\/div>\n\t\t\t\t<\/div>\n\t\t\t\t<\/div>\n\t\t<div data-particle_enable=\"false\" data-particle-mobile-disabled=\"false\" class=\"elementor-element elementor-element-7803db85 e-con-full e-flex e-con e-child\" data-id=\"7803db85\" data-element_type=\"container\" data-e-type=\"container\">\n\t\t\t\t<div class=\"elementor-element elementor-element-1933ea49 elementor-widget elementor-widget-button\" data-id=\"1933ea49\" data-element_type=\"widget\" data-e-type=\"widget\" data-widget_type=\"button.default\">\n\t\t\t\t<div class=\"elementor-widget-container\">\n\t\t\t\t\t\t\t\t\t<div class=\"elementor-button-wrapper\">\n\t\t\t\t\t<a class=\"elementor-button elementor-button-link elementor-size-sm\" href=\"https:\/\/share.hsforms.com\/1MCz4iJkPSsaIbYWlbzl6vw1oyza?utm_source=blog&#038;utm_medium=CTA&#038;utm_campaign=tout_savoir_sur_chambre_des_m%C3%A9tiers_artisanat&#038;utm_id=creation_societe_blog\" target=\"_blank\">\n\t\t\t\t\t\t<span class=\"elementor-button-content-wrapper\">\n\t\t\t\t\t\t\t\t\t<span class=\"elementor-button-text\">Publiez votre annonce l\u00e9gale<\/span>\n\t\t\t\t\t<\/span>\n\t\t\t\t\t<\/a>\n\t\t\t\t<\/div>\n\t\t\t\t\t\t\t\t<\/div>\n\t\t\t\t<\/div>\n\t\t\t\t<\/div>\n\t\t\t\t\t<\/div>\n\t\t\t\t<\/div>\n\t\t<div data-particle_enable=\"false\" data-particle-mobile-disabled=\"false\" class=\"elementor-element elementor-element-7d9124ff e-flex e-con-boxed e-con e-parent\" data-id=\"7d9124ff\" data-element_type=\"container\" data-e-type=\"container\">\n\t\t\t\t\t<div class=\"e-con-inner\">\n\t\t\t\t<div class=\"elementor-element elementor-element-6865f0b7 elementor-widget elementor-widget-text-editor\" data-id=\"6865f0b7\" data-element_type=\"widget\" data-e-type=\"widget\" data-widget_type=\"text-editor.default\">\n\t\t\t\t<div class=\"elementor-widget-container\">\n\t\t\t\t\t\t\t\t\t<h2>\u00a0<\/h2><h2>\u00a0<\/h2><h2 id=\"1\">L&rsquo;organisation et les missions des chambres des m\u00e9tiers et de l&rsquo;artisanat<\/h2><p>Les chambres des m\u00e9tiers et de l&rsquo;artisanat sont pr\u00e9sentes dans toute la France. La t\u00eate de R\u00e9seau est CMA France. Elles organisent en outre de nombreuses formations, c&rsquo;est ce que nous allons voir.<\/p><h3>\u00a0<\/h3><h3>Pr\u00e9sentation de toutes les chambres des m\u00e9tiers et de l&rsquo;artisanat<\/h3><div>Le r\u00e9seau de la chambre des m\u00e9tiers et de l&rsquo;artisanat sont compos\u00e9es de 89 \u00e9tablissements.<\/div><div>\u00a0<\/div><div>L&rsquo;<b>organisation territoriale est la suivante<\/b> :<\/div><ul><li><b>Au niveau national<\/b> : la t\u00eate de r\u00e9seau est nomm\u00e9e l&rsquo;assembl\u00e9e permanente des chambres des m\u00e9tiers et de l&rsquo;artisanat (APCMA).<\/li><\/ul><div><span style=\"font-family: Montserrat;\"><b>\u00a0<\/b><\/span><\/div><ul><li><b>Au niveau r\u00e9gional<\/b>\u00a0: il y a des chambres r\u00e9gionales des m\u00e9tiers et de l&rsquo;artisanat (CRMA) mais aussi des chambres des m\u00e9tiers et de l&rsquo;artisanat des r\u00e9gions (CMAR)<\/li><\/ul><div><span style=\"font-family: Montserrat;\"><b>\u00a0<\/b><\/span><\/div><ul><li><b>Et enfin, au niveau d\u00e9partementale<\/b> : des chambres des m\u00e9tiers et de l&rsquo;artisanat \u00a0d\u00e9partementales. Il y a enfin une chambre des m\u00e9tiers de l\u2019Alsace et une chambre des m\u00e9tiers de Moselle.<\/li><\/ul><h3>\u00a0<\/h3><h3>L&rsquo; assembl\u00e9e permanente des chambres des m\u00e9tiers et de l&rsquo;artisanat<\/h3><p>L&rsquo;assembl\u00e9e permanente des chambres des m\u00e9tiers et de l&rsquo;artisanat encore appel\u00e9e\u00a0 CMA France\u00a0est l&rsquo;\u00e9tablissement national\u00a0t\u00eate\u00a0de r\u00e9seau des chambres de m\u00e9tiers et de l&rsquo;artisanat\u00a0fran\u00e7aises.\u00a0Son si\u00e8ge est situ\u00e9 \u00e0 Paris.<\/p><p>Le pr\u00e9sident actuel de <a href=\"https:\/\/apcma.fr\/\">CMA France<\/a> est\u00a0Bernard Stalter depuis le 13 d\u00e9cembre 2016. Le pr\u00e9sident est \u00e9lu pour 5 ans.<\/p><p>Les missions de CMA France <b>sont les suivantes<\/b> :<\/p><ul><li>D\u00e9finir les positions prises par l&rsquo;ensemble des chambres de m\u00e9tiers sur\u00a0toutes les probl\u00e9matiques\u00a0de politique artisanale ;<\/li><\/ul><div><span style=\"font-family: Montserrat;\">\u00a0<\/span><\/div><ul><li>Repr\u00e9senter les\u00a0artisans au niveau national ;<\/li><\/ul><div><span style=\"font-family: Montserrat;\">\u00a0<\/span><\/div><ul><li>Faire en sorte que les int\u00e9r\u00eats des entreprises artisanales soient pris en compte\u00a0lors de l&rsquo;\u00e9laboration des lois et r\u00e9glementations nationales et europ\u00e9ennes ;<\/li><\/ul><div><span style=\"font-family: Montserrat;\">\u00a0<\/span><\/div><ul><li><span style=\"font-family: var(--e-global-typography-primary-font-family); text-align: var(--text-align); background-color: var( --e-global-color-f8847cf ); color: var( --e-global-color-text ); font-size: var( --e-global-typography-text-font-size ); font-style: var( --e-global-typography-text-font-style ); font-weight: var( --e-global-typography-text-font-weight ); text-transform: var( --e-global-typography-text-text-transform );\">Et enfin, diffuser les bonnes pratiques et les informations.<\/span><\/li><\/ul><p>Ainsi par exemple\u00a0pour la formation des artisans,\u00a0des\u00a0<b>Universit\u00e9s r\u00e9gionales des m\u00e9tiers et de l\u2019artisanat (URMA)<\/b> ont \u00e9t\u00e9 cr\u00e9\u00e9es.<\/p><h3>\u00a0<\/h3><h3>Le stage de pr\u00e9paration \u00e0 l&rsquo;installation et les autres formations<\/h3><p>La <a href=\"http:\/\/cfcma.artisanat.fr\/\">formation<\/a> chambre de m\u00e9tiers et de l&rsquo;artisanat peut recouvrir plusieurs notions qui sont le stage de pr\u00e9paration, les formations courtes et les formations longues.<\/p><p>Chambre des m\u00e9tiers et de l&rsquo;artisanat,\u00a0<span style=\"text-decoration: underline;\">\u00a0le stage de pr\u00e9paration :<\/span>\u00a0avant 2019 il fallait que vous fassiez obligatoirement un stage de pr\u00e9paration \u00e0 l&rsquo;installation. D\u00e9sormais, lorsque vous souhaitez<a href=\"https:\/\/blog.legalvision.fr\/2019\/04\/13\/etapes-de-creation-d-entreprise-tous-les-conseils-des-experts\/\"> cr\u00e9er votre entreprise<\/a>, le caract\u00e8re obligatoire du stage a \u00e9t\u00e9 supprim\u00e9 depuis la loi du 22 mai 2019 dite loi PACTE. Cette loi est applicable pour les cr\u00e9ations d&rsquo;entreprises artisanales \u00e0 compter du 22 mai 2019. Le stage est n\u00e9anmoins toujours possible.<\/p><p>Chambre des m\u00e9tiers et de l&rsquo;artisanat, <span style=\"text-decoration: underline;\">les formations courtes :<\/span>\u00a0 Il y a des formations courtes organis\u00e9es par les chambres des m\u00e9tiers r\u00e9gionales de l&rsquo;artisanat, ainsi les principaux th\u00e8mes sont les suivants :<\/p><ul><li>Langues (anglais principalement) ;<\/li><\/ul><div><span style=\"font-family: Montserrat;\">\u00a0<\/span><\/div><ul><li><span style=\"font-family: var(--e-global-typography-primary-font-family); text-align: var(--text-align); background-color: var( --e-global-color-f8847cf ); color: var( --e-global-color-text ); font-size: var( --e-global-typography-text-font-size ); font-style: var( --e-global-typography-text-font-style ); font-weight: var( --e-global-typography-text-font-weight ); text-transform: var( --e-global-typography-text-text-transform );\">Communication (apprendre \u00e0 d\u00e9velopper son entreprise sur facebook, sur instagram) ;<\/span><\/li><\/ul><div><span style=\"font-family: Montserrat;\">\u00a0<\/span><\/div><ul><li>Et enfin le financement (apprendre \u00e0 tenir une comptabilit\u00e9, apprendre \u00e0 faire un business plan).<\/li><\/ul><p>Ces formations courtes correspondent \u00e0 des cours de 1h30, 2h. Il faudra alors que vous vous rendiez sur le site internet de votre chambre de m\u00e9tiers et de l&rsquo;artisanat pour pouvoir obtenir des informations sur le calendrier de ces formations et sur toutes les formations propos\u00e9es par votre chambre des m\u00e9tiers.<\/p><p>Chambre des m\u00e9tiers et de l&rsquo;artisanat,\u00a0<span style=\"text-decoration: underline;\"><b>les formations longues :<\/b><\/span> Les formations longues sont des formations dipl\u00f4mantes dispens\u00e9es par les chambres de m\u00e9tiers et de l\u2019artisanat. Ce sont principalement les <b>formations suivantes<\/b> :<\/p><ul><li>Le brevet des ma\u00eetrises ;<\/li><\/ul><div><span style=\"font-family: Montserrat;\">\u00a0<\/span><\/div><ul><li>Le Brevet technique des m\u00e9tiers p\u00e2tissier-confiseur-glacier-traiteur ;<\/li><\/ul><div><span style=\"font-family: Montserrat;\">\u00a0<\/span><\/div><ul><li>Ou enfin une validation des acquis d\u2019exp\u00e9rience (VAE).<\/li><\/ul><p>Ces formations durent en g\u00e9n\u00e9ral entre 40h et 80h.<\/p><h2 id=\"2\">\u00a0<\/h2><h2 id=\"2\">\u00a0<\/h2><h2 id=\"2\">Les personnes soumises \u00e0 l\u2019immatriculation et obligation d&rsquo;immatriculation<\/h2><div>\u00a0Les personnes soumises \u00e0 l&rsquo;immatriculation sont les artisans. il faut donc d\u00e9finir ce qu&rsquo;est un <a href=\"https:\/\/blog.legalvision.fr\/2018\/10\/04\/artisan-statut-juridique\/\">artisan<\/a>.<\/div><h3>\u00a0A) D\u00e9finition de l&rsquo;artisan<\/h3><div><p><b>Artisan d\u00e9finition<\/b>\u00a0: Un artisan est une personne employant au maximum 10 salari\u00e9s et dont l&rsquo;activit\u00e9 rel\u00e8ve de la liste des activit\u00e9s artisanales d\u00e9finit par le\u00a0<a href=\"https:\/\/www.legifrance.gouv.fr\/affichTexte.do?cidTexte=JORFTEXT000000388449&amp;categorieLien=cid\">d\u00e9cret du 2 avril 1998<\/a>.<\/p><p>Il y a ici aussi deux remarques \u00e0 faire,<\/p><ul><li>Sur le nombre maximum de salari\u00e9s,<\/li><\/ul><div><span style=\"font-family: Montserrat;\">\u00a0<\/span><\/div><ul><li>Sur les activit\u00e9s d\u00e9finies par le d\u00e9cret.<\/li><\/ul><p>Tout d&rsquo;abord lors de l&rsquo;immatriculation de votre soci\u00e9t\u00e9, le nombre maximum des salari\u00e9s ne doit pas exc\u00e9der 10 personnes. N\u00e9anmoins, depuis la loi Sapin II du 9 d\u00e9cembre 2016, il est possible pour les entreprises artisanales d\u00e9passant le nombre de 10 salari\u00e9s mais n\u2019exc\u00e9dant pas 50 salari\u00e9s de rester immatricul\u00e9es au r\u00e9pertoire des m\u00e9tiers.<\/p><p>Globalement on peut essayer de d\u00e9finir les activit\u00e9s artisanales par toutes les activit\u00e9s de fabrication construction r\u00e9paration avec une pr\u00e9pond\u00e9rance du travail manuel ( peu de machines), personnel ( peu de salari\u00e9s) et ind\u00e9pendante ( pas de salari\u00e9) et effectu\u00e9es \u00e0 titre habituel ( et non occasionnel).<\/p><h3>\u00a0<\/h3><h3>En pratique quelles sont les activit\u00e9s artisanales<\/h3><p>Les principales activit\u00e9s d\u00e9finies par d\u00e9cret sont les suivantes :<\/p><ul><li>Alimentation ( boulangerie, fabrication de boissons) ;<\/li><\/ul><div><span style=\"font-family: Montserrat;\">\u00a0<\/span><\/div><ul><li>M\u00e9tiers du b\u00e2timent ( g\u00e9nie civil, activit\u00e9 extractive, construction de b\u00e2timents) ;<\/li><\/ul><div><span style=\"font-family: Montserrat;\">\u00a0<\/span><\/div><ul><li><span style=\"font-family: var(--e-global-typography-primary-font-family); text-align: var(--text-align); background-color: var( --e-global-color-f8847cf ); color: var( --e-global-color-text ); font-size: var( --e-global-typography-text-font-size ); font-style: var( --e-global-typography-text-font-style ); font-weight: var( --e-global-typography-text-font-weight ); text-transform: var( --e-global-typography-text-text-transform );\">M\u00e9tiers de fabrication ( m\u00e9tallurgie, industrie automobile, fabrication de meubles) ;<\/span><\/li><\/ul><div><span style=\"font-family: Montserrat;\">\u00a0<\/span><\/div><ul><li>Et enfin les services ( coiffure, d\u00e9m\u00e9nagement).<\/li><\/ul><\/div><h3>\u00a0<\/h3><h3>Les personnes non soumises \u00e0 l&rsquo;immatriculation<\/h3><div><p>Ainsi l&rsquo;activit\u00e9 artisanale se distingue des<b> activit\u00e9s suivantes :<\/b><\/p><ul><li>L&rsquo;activit\u00e9 commerciale ;<\/li><\/ul><div><span style=\"font-family: Montserrat;\">\u00a0<\/span><\/div><ul><li>Activit\u00e9 lib\u00e9rale ;<\/li><\/ul><div><span style=\"font-family: Montserrat;\">\u00a0<\/span><\/div><ul><li>Activit\u00e9 agricole.<\/li><\/ul><p><b>\u00a0<\/b><\/p><p><b>L&rsquo;activit\u00e9 commerciale<\/b> \u00e9tant toutes les prestations de services ou de livraisons de biens ayant un but sp\u00e9culatif. Dans les activit\u00e9s commerciales il n&rsquo;y a pas de limite au nombre de salari\u00e9s. Il peut y avoir beaucoup plus d&rsquo;utilisation de machines,\u00a0ainsi, le travail est\u00a0<b>beaucoup plus automatis\u00e9 et moins manuel.<\/b><\/p><\/div><div><b>\u00a0<\/b><\/div><div><b>L&rsquo;activit\u00e9 lib\u00e9rale<\/b> est une activit\u00e9\u00a0qui a pour finalit\u00e9 d&rsquo;offrir des services intellectuels dans l\u2019int\u00e9r\u00eat du client et du public.<\/div><div>\u00a0<\/div><div><b>\u00a0<\/b><\/div><div><b>L&rsquo;activit\u00e9 agricole<\/b> correspond\u00a0aux activit\u00e9s\u00a0tendant \u00e0 la ma\u00eetrise et \u00e0 l\u2019exploitation d\u2019un\u00a0<b>cycle biologique <\/b>de caract\u00e8re v\u00e9g\u00e9tal ou animal\u00a0et constituant une ou plusieurs \u00e9tapes n\u00e9cessaires au d\u00e9roulement de ce cycle.<\/div><div>\u00a0<\/div><div><b>\u00a0<\/b><\/div><div><b>Ainsi,<\/b> ces trois activit\u00e9s feront l&rsquo;objet d&rsquo;une immatriculation dans des chambres diff\u00e9rentes et<b> non pas<\/b> aux chambres des m\u00e9tiers et de l&rsquo;artisanat.<\/div><h3>\u00a0<\/h3><h3>O\u00f9 dois-je m&rsquo;immatriculer si j&rsquo;exerce des activit\u00e9s commerciales et artisanales ?<\/h3><div>Si vous effectuez deux activit\u00e9s diff\u00e9rentes l<a href=\"https:\/\/blog.legalvision.fr\/2019\/05\/28\/artisan-commercant-les-differences\/\">&lsquo;une commerciale et l\u2019autre artisanale<\/a>, alors, il faudra que vous vous immatriculiez au <a href=\"https:\/\/blog.legalvision.fr\/2019\/05\/04\/repertoire-des-metiers-qui-doit-s-y-immatriculer\/\">r\u00e9pertoire des m\u00e9tiers<\/a> pour votre activit\u00e9 artisanale et au\u00a0RCS pour votre activit\u00e9 commerciale.<\/div><div>\u00a0<\/div><div>En revanche si l&rsquo;activit\u00e9 commerciale est l&rsquo;accessoire de votre activit\u00e9 artisanale alors il sera possible de s&rsquo;immatriculer seulement au r\u00e9pertoire des m\u00e9tiers.<\/div><div>\u00a0<\/div><div><em><b>\u00a0<\/b><\/em><\/div><div><em><b>Exemple<\/b> : l&rsquo;exercice d&rsquo;une activit\u00e9 de coiffure est une activit\u00e9 artisanale cependant si vous vendez des shampoings ce sera une activit\u00e9 commerciale mais elle sera consid\u00e9r\u00e9e comme accessoire de l&rsquo;activit\u00e9 de coiffure si le revenus de la vente de shampoing sont faibles.\u00a0<\/em><\/div><h2 id=\"3\">\u00a0<\/h2><h2 id=\"3\">\u00a0<\/h2><h2 id=\"3\">L&rsquo;immatriculation \u00e0 la\u00a0chambre des m\u00e9tiers et de l&rsquo;artisanat<\/h2><h3>Les formalit\u00e9s pr\u00e9paratoires<\/h3><p>Il conviendra de choisir les principales<b> informations suivantes<\/b> :<\/p><ul><li>Le nom de l&rsquo;entreprise ;<\/li><\/ul><div><span style=\"font-family: Montserrat;\">\u00a0<\/span><\/div><ul><li>L&rsquo;adresse de l&rsquo;entreprise ;<\/li><\/ul><div><span style=\"font-family: Montserrat;\">\u00a0<\/span><\/div><ul><li>Et enfin, l&rsquo;activit\u00e9 de l&rsquo;entreprise.<\/li><\/ul><p>Le <a href=\"https:\/\/blog.legalvision.fr\/2018\/03\/15\/trouver-un-nom-d-entreprise\/\">nom de l&rsquo;entreprise<\/a> pourra \u00eatre tout simplement votre pr\u00e9nom et nom de famille. Il pourra aussi \u00eatre un nom distinct. Si vous souhaitez qu&rsquo;il soit prot\u00e9g\u00e9 vous pourrez l&rsquo;enregistrer en tant que marque \u00e0 l&rsquo;Institut national de la propri\u00e9t\u00e9 industrielle (INPI).<\/p><p><b>\u00a0<\/b><\/p><p><b>L&rsquo;adresse<\/b>\u00a0devra \u00eatre d\u00e9termin\u00e9e, il faudra savoir si vous souhaitez la fixer \u00e0 votre domicile, dans une <a href=\"https:\/\/blog.legalvision.fr\/2018\/08\/24\/societe-de-domiciliation-avantages-et-inconvenients\/\">soci\u00e9t\u00e9 de domiciliation<\/a>, si vous d\u00e9tenez la propri\u00e9t\u00e9 ou si vous avez un bail artisanal.<\/p><p>Enfin,<b> l&rsquo;activit\u00e9 de l&rsquo;entreprise<\/b> devra indiquer l&rsquo;activit\u00e9 principale et le cas \u00e9ch\u00e9ant la ou les activit\u00e9s secondaires.<\/p><h3>\u00a0<\/h3><h3>Le d\u00e9p\u00f4t du dossier<\/h3><p>Vous pouvez soit effectuer toutes les d\u00e9marches en ligne <a href=\"https:\/\/www.cfe-metiers.com\/accueil.aspx\">ici<\/a>\u00a0ou alors vous d\u00e9placer \u00e0 la chambre de m\u00e9tiers et de l&rsquo;artisanat de votre d\u00e9partement.<\/p><p>Vous devrez fournir :<\/p><ul><li>Le <a href=\"https:\/\/www.infogreffe.fr\/formalites-entreprise\/telecharger-formulaires-formalites-entreprise.html\">formulaire de d\u00e9claration de d\u00e9but d&rsquo;activit\u00e9<\/a>\u00a0;<\/li><\/ul><div><span style=\"font-family: Montserrat;\">\u00a0<\/span><\/div><ul><li>Pi\u00e8ce d&rsquo;identit\u00e9 ou extrait d&rsquo;acte de naissance ;<\/li><\/ul><div><span style=\"font-family: Montserrat;\">\u00a0<\/span><\/div><ul><li>Une <a href=\"https:\/\/blog.legalvision.fr\/2019\/02\/02\/declaration-de-non-condamnation-l-obtenir-en-ligne\/\">d\u00e9claration de non-condamnation et de filiation<\/a>\u00a0;<\/li><\/ul><div><span style=\"font-family: Montserrat;\">\u00a0<\/span><\/div><ul><li>Pour les activit\u00e9s r\u00e9glement\u00e9es :\u00a0formulaire\u00a0JQPA\u00a0(justificatif de qualification professionnelle artisanale), copie du dipl\u00f4me ou titre professionnel dans le m\u00e9tier exerc\u00e9 ;<\/li><\/ul><div><span style=\"font-family: Montserrat;\">\u00a0<\/span><\/div><ul><li>Si l\u2019entrepreneur individuel est mari\u00e9 sous un r\u00e9gime de communaut\u00e9,\u00a0attestation d\u2019information du conjoint des cons\u00e9quences sur les biens communs en cas de dettes de l&rsquo;exploitant ;<\/li><\/ul><div><span style=\"font-family: Montserrat;\">\u00a0<\/span><\/div><ul><li>La d\u00e9claration du statut du conjoint (facultatif) ;<\/li><\/ul><div><span style=\"font-family: Montserrat;\">\u00a0<\/span><\/div><ul><li>Et enfin, le pouvoir sp\u00e9cial pour effectuer les formalit\u00e9s (si l\u2019entrepreneur\u00a0n&rsquo;effectue pas lui m\u00eame les formalit\u00e9s).<\/li><\/ul><div><p><b>\u00a0<\/b><\/p><p><b>A noter<\/b> : L\u2019attestation de suivi de stage de pr\u00e9paration \u00e0 l\u2019installation (SPI)\u00a0n&rsquo;est plus obligatoire depuis la loi PACTE en effet l&rsquo;obligation d&rsquo;effectuer ce stage a \u00e9t\u00e9 supprim\u00e9e dans les entreprises artisanales.<\/p><\/div><div>\u00a0Si vous effectuez une activit\u00e9 artisanale sans \u00eatre immatricul\u00e9 vous serez puni d&rsquo;une amende de 7 500\u20ac.<\/div><h3>\u00a0<\/h3><h3>L&rsquo;immatriculation de votre soci\u00e9t\u00e9<\/h3><div>La CMA d\u00e9livre enfin un <a href=\"https:\/\/www.cmar-paca.fr\/booster-son-activite\/13\/extraits-du-repertoire-des-metiers\">extrait D1<\/a>, cet extrait D1 est l&rsquo;\u00e9quivalent de l&rsquo;extrait Kbis pour les activit\u00e9s commerciales.<\/div><div>\u00a0<\/div><div>\u00a0L&rsquo;extrait D1 donne des\u00a0<b>renseignements sur :<\/b><\/div><ul><li>L&rsquo;adresse ;<\/li><\/ul><div><span style=\"font-family: Montserrat;\">\u00a0<\/span><\/div><ul><li>Mais aussi sur l&rsquo;activit\u00e9 de l&rsquo;entreprise ;<\/li><\/ul><div><span style=\"font-family: Montserrat;\">\u00a0<\/span><\/div><ul><li>L&rsquo;exploitant de l&rsquo;entreprise ;<\/li><\/ul><div><span style=\"font-family: Montserrat;\">\u00a0<\/span><\/div><ul><li>Et enfin, le num\u00e9ro Siren.<\/li><\/ul><div>L&rsquo;extrait D1 permettra de prouver que votre entreprise est bien immatricul\u00e9e au r\u00e9pertoire des m\u00e9tiers.<\/div><h2 id=\"4\">\u00a0<\/h2><h2 id=\"4\">\u00a0<\/h2><h2 id=\"4\">Modification et radiation \u00e0 la chambre des m\u00e9tiers et de l&rsquo;artisanat<\/h2><h3>Les modifications \u00e0 effectuer \u00e0 la chambre des m\u00e9tiers et de l&rsquo;artisanat<\/h3><div>Toutes les modifications relatives \u00e0 \u00ab\u00a0l\u2019\u00e9tat civil\u00a0\u00bb de votre soci\u00e9t\u00e9 doit faire l&rsquo;objet d&rsquo;une inscription \u00e0 la chambre des m\u00e9tiers et de l&rsquo;artisanat.<\/div><div>\u00a0<\/div><div>Les changements peuvent \u00eatre<b>\u00a0relatifs \u00e0<\/b> :<\/div><ul><li>La <a href=\"https:\/\/www.legalvision.fr\/modification-activite\/\">modification de votre activit\u00e9<\/a>\u00a0;<\/li><\/ul><div><span style=\"font-family: Montserrat;\">\u00a0<\/span><\/div><ul><li>Changement de domicile ;<\/li><\/ul><div><span style=\"font-family: Montserrat;\">\u00a0<\/span><\/div><ul><li><a href=\"https:\/\/www.legalvision.fr\/modification-statuts\/changement-nom-commercial\/\">Changement du nom commercial<\/a>\u00a0;<\/li><\/ul><div><span style=\"font-family: Montserrat;\">\u00a0<\/span><\/div><ul><li><a href=\"https:\/\/www.legalvision.fr\/depot-des-comptes\/\">D\u00e9p\u00f4t des comptes<\/a>\u00a0;<\/li><\/ul><div><span style=\"font-family: Montserrat;\">\u00a0<\/span><\/div><ul><li>Et enfin la cessation temporaire d&rsquo;activit\u00e9.<\/li><\/ul><p>Tous ces changements doivent faire l&rsquo;objet d&rsquo;une indication \u00e0 la chambre des m\u00e9tiers et de l&rsquo;artisanat.<\/p><h3>\u00a0<\/h3><h3>La radiation de votre entreprise individuelle<\/h3><div>La radiation de l&rsquo;entreprise consiste en la suppression de votre entreprise\u00a0ainsi qu&rsquo;en la cessation d&rsquo;activit\u00e9 de votre entreprise.<\/div><div>\u00a0<\/div><div>Vous avez <b>45 jours<\/b> suivant la cessation d&rsquo;activit\u00e9 pour donner au service des imp\u00f4ts les informations concernant votre chiffre d&rsquo;affaires et votre b\u00e9n\u00e9fice. Si la cessation d&rsquo;activit\u00e9 r\u00e9sulte du d\u00e9c\u00e8s, dans ce cas l\u00e0, vous aurez 6 mois. Vous n&rsquo;avez pas besoin de faire de d\u00e9claration aupr\u00e8s des services sociaux.<\/div><div>\u00a0<\/div><div>faudra alors\u00a0<b>remplir<\/b> :<\/div><ul><li>Le <a href=\"https:\/\/www.cjoint.com\/doc\/19_01\/IAri35MQIXh_cerfa-11679-03.pdf\">formulaire p4<\/a> pour une entreprise individuelle,<\/li><\/ul><div><span style=\"font-family: Montserrat;\">\u00a0<\/span><\/div><ul><li>Pour un micro entrepreneur le <a href=\"http:\/\/www.droitissimo.com\/sites\/default\/files\/formulaires\/cerfa_13905-02_Auto-entrepreneur_declaration_modification_cessation_activite_P2-P4.pdf\">formulaire p2p4<\/a>.<\/li><\/ul><p>Il faudra joindre certaines pi\u00e8ces comme :<\/p><ul><li>Les comptes de liquidation de votre entreprise ( hormis si vous \u00eates en micro entreprise) ;<\/li><\/ul><div><span style=\"font-family: Montserrat;\">\u00a0<\/span><\/div><ul><li>En cas de d\u00e9c\u00e8s un extrait de l&rsquo;acte de d\u00e9c\u00e8s de l&rsquo;exploitant.<\/li><\/ul><div><b>\u00a0<\/b><\/div><div><b>Attention<\/b> : vous ne pourrez proc\u00e9der \u00e0 ces formalit\u00e9s que dans le cas ou votre entreprise est in bonis, c&rsquo;est \u00e0 dire qu&rsquo;elle n&rsquo;a pas de dettes ou alors qu&rsquo;elle est capable de r\u00e9gler toutes ces dettes, si ce n&rsquo;est pas le cas il faudra demander l&rsquo;ouverture d&rsquo;une <a href=\"https:\/\/blog.legalvision.fr\/2019\/05\/06\/procedure-de-liquidation-judiciaire-d-une-societe\/\">liquidation judiciaire<\/a>. Si vous ne proc\u00e9dez pas \u00e0 cette ouverture dans les 45 jours suivants la cessation des paiements vous pourrez encourir une interdiction de g\u00e9rer une entreprise.<\/div><h2 id=\"5\">\u00a0<\/h2><h2 id=\"5\">\u00a0<\/h2><h2 id=\"5\">Le fonds artisanal qu&rsquo;est-ce que c&rsquo;est ?<\/h2><p>Une fois votre entreprise individuelle immatricul\u00e9e, vous \u00eates titulaire d&rsquo;un fonds artisanal. Votre fond artisanal peut \u00eatre exploit\u00e9 \u00e0 votre domicile ou bien dans un lieu que vous louez. On appelle cela <b>le bail artisanal.<\/b><\/p><h3>\u00a0<\/h3><h3>Le bail artisanal qu&rsquo;est ce que c&rsquo;est ?<\/h3><p>Lorsque vous exercez votre activit\u00e9 dans un immeuble que vous ne poss\u00e9dez pas, vous pouvez \u00eatre locataire de cet immeuble. Le contrat de bail est soumis aux dispositions r\u00e9gissant le bail artisanal.\u00a0<b>Le bail artisanal est assimilable au niveau de la l\u00e9gislation au bail commercial.<\/b><\/p><p>Gr\u00e2ce au bail artisanal, vous disposerez de nombreux avantages que n&rsquo;ont pas les locataires s&rsquo;ils\u00a0louent\u00a0un immeuble pour y habiter.<\/p><p>Ainsi, les principaux avantages<b> sont les suivants :<\/b><\/p><ul><li>La dur\u00e9e du bail ne peut \u00eatre inf\u00e9rieur \u00e0 <b>9 ans,<\/b><\/li><li>Si le bailleur ne renouvelle pas le bail, il vous devra une indemnisation,<\/li><li>Et enfin, la r\u00e9siliation du bail doit r\u00e9pondre \u00e0 des conditions tr\u00e8s stricte exig\u00e9es par la loi.<\/li><\/ul><h3>\u00a0<\/h3><h3>Le fond artisanal qu&rsquo;est-ce que c&rsquo;est ?<\/h3><div>Le fond artisanal comprend les \u00e9l\u00e9ments suivants :<\/div><ul><li>Des \u00e9l\u00e9ments corporels ;<\/li><\/ul><div><span style=\"font-family: Montserrat;\">\u00a0<\/span><\/div><ul><li>Des \u00e9l\u00e9ments incorporels.<\/li><\/ul><div><span style=\"text-decoration: underline;\"><b>\u00a0<\/b><\/span><\/div><div><span style=\"text-decoration: underline;\"><b>Les \u00e9l\u00e9ments corporels contiennent<\/b><\/span> tout le mat\u00e9riel de production, les marchandises destin\u00e9es a \u00eatre vendues, les stocks.<\/div><div>\u00a0<\/div><div><span style=\"text-decoration: underline;\"><b>\u00a0<\/b><\/span><\/div><div><span style=\"text-decoration: underline;\"><b>Les \u00e9l\u00e9ments incorporels contiennent<\/b><\/span> : tous les droits de propri\u00e9t\u00e9 intellectuel, les marques, les brevets, l&rsquo;enseigne, le nom commercial, la d\u00e9nomination sociale.<\/div><div>\u00a0<\/div><div><b>\u00a0<\/b><\/div><div><b>Attention<\/b> : le fond artisanal ne comprend pas l&rsquo;immeuble poss\u00e9d\u00e9 par votre entreprise ( l&rsquo;immeuble dans lequel vous exercer votre exploitation par exemple)<\/div><div>\u00a0<\/div><div>Le fonds artisanal est vue comme un tout, on appelle cela : \u00ab\u00a0une universalit\u00e9 de fait \u00a0\u00bb ainsi il sera possible de c\u00e9der votre fonds artisanal \u00e0 un autre artisan ou alors de le donner \u00e0 gage pour avoir un pr\u00eat de la banque par exemple.<\/div><h2 id=\"6\">\u00a0<\/h2><h2 id=\"6\">\u00a0<\/h2><h2 id=\"6\">La taxe chambre des m\u00e9tiers et de l&rsquo;artisanat<\/h2><p>La taxe CMA est due par tous les artisans immatricul\u00e9s au r\u00e9pertoire des m\u00e9tiers. Ainsi, cette taxe pour les frais de chambres de m\u00e9tiers et de l&rsquo;artisanat (TCMA) pourvoit \u00e0 une partie des d\u00e9penses des \u00e9tablissements publics constituant le r\u00e9seau des CMA.<\/p><p>Enfin, cette taxe CMA\u00a0comprend <a href=\"http:\/\/bofip.impots.gouv.fr\/bofip\/1899-PGP.html\"><b>deux types d&rsquo;imposition<\/b> <\/a>:<\/p><ul class=\"list-style-type-petit_carre\" data-type=\"petit_carre\"><li><b>Un droit fixe<\/b>,\u00a0adopt\u00e9 par l&rsquo;assembl\u00e9e permanente des chambres de m\u00e9tiers (APCM), par la chambre r\u00e9gionale de m\u00e9tiers (CRM), ou la chambre de m\u00e9tiers de r\u00e9gion (CMR).<\/li><\/ul><div><span style=\"font-family: Montserrat;\"><b>\u00a0<\/b><\/span><\/div><ul class=\"list-style-type-petit_carre\" data-type=\"petit_carre\"><li><b>Un droit\u00a0<\/b><b>additionnel<\/b>\u00a0\u00e0 la\u00a0CFE limit\u00e9 \u00e0<b>\u00a060 %<\/b> du droit fixe. Puis, sous certaines conditions (mise en oeuvre d&rsquo;actions, r\u00e9alisation d&rsquo;investissements par les chambres des m\u00e9tiers) ces taxes pourront monter jusqu&rsquo;\u00e0 90 % du droit fixe.<\/li><\/ul><div class=\"wp-block-button\" style=\"text-align: center;\">\u00a0<\/div><div class=\"wp-block-button\" style=\"text-align: center;\">\u00a0<\/div><div class=\"wp-block-button\" style=\"text-align: center;\">\u00a0<\/div><div class=\"wp-block-button\" style=\"text-align: center;\">\u00a0<\/div><div class=\"wp-block-button\" style=\"text-align: center;\">\u00a0<\/div><div class=\"wp-block-button\" style=\"text-align: center;\">\u00a0<\/div><div class=\"wp-block-button\" style=\"text-align: center;\">\u00a0<\/div><div class=\"wp-block-button\" style=\"text-align: center;\"><a class=\"wp-block-button__link has-background\" href=\"https:\/\/leonard.fr\/juridique\/categories-services\/creation-entreprise\/?utm_source=blog&amp;utm_medium=CTA&amp;utm_campaign=tout_savoir_sur_chambre_des_m%C3%A9tiers_artisanat&amp;utm_id=creation_societe_blog\">Cr\u00e9ez votre soci\u00e9t\u00e9 en ligne<\/a><\/div>\t\t\t\t\t\t\t\t<\/div>\n\t\t\t\t<\/div>\n\t\t\t\t\t<\/div>\n\t\t\t\t<\/div>\n\t\t\t\t<\/div>\n\t\t","protected":false},"excerpt":{"rendered":"<p>La chambre des m\u00e9tiers et de l&rsquo;artisanat est relative \u00e0 la cr\u00e9ation d&rsquo;entreprise pour les artisans. Depuis la loi du 5 juillet 1996,\u00a0 tous les artisans sont tenus\u00a0de s&rsquo;immatriculer obligatoirement au r\u00e9pertoire des m\u00e9tiers. Le r\u00e9pertoire des m\u00e9tiers est tenu pas les chambres des m\u00e9tiers et de l&rsquo;artisanat. La chambre des m\u00e9tiers et de l&rsquo;artisanat&hellip; <a class=\"more-link\" href=\"https:\/\/www.legalvision.fr\/guides-juridiques\/creer-son-entreprise\/chambre-des-metiers-et-de-l-artisanat\/\">Poursuivre la lecture <span class=\"screen-reader-text\">Tout savoir sur la chambre des m\u00e9tiers et de l&rsquo;artisanat<\/span><\/a><\/p>\n","protected":false},"author":28,"featured_media":24424,"comment_status":"open","ping_status":"open","sticky":false,"template":"","format":"standard","meta":{"content-type":"","inline_featured_image":false,"footnotes":""},"categories":[2481],"tags":[],"class_list":["post-16909","post","type-post","status-publish","format-standard","has-post-thumbnail","hentry","category-creer-son-entreprise","entry"],"yoast_head":"<!-- This site is optimized with the Yoast SEO plugin v27.1.1 - https:\/\/yoast.com\/product\/yoast-seo-wordpress\/ -->\n<title>Chambre des m\u00e9tiers et de l&#039;artisanat, \u00e0 quoi \u00e7a sert ?<\/title>\n<meta name=\"description\" content=\"La chambre des m\u00e9tiers et de l&#039;artisanat concerne la cr\u00e9ation et la vie de l&#039;entreprise, tous les artisans sont tenus de s&#039;y immatriculer.\" \/>\n<meta name=\"robots\" content=\"index, follow, max-snippet:-1, max-image-preview:large, max-video-preview:-1\" \/>\n<link rel=\"canonical\" href=\"https:\/\/www.legalvision.fr\/guides-juridiques\/creer-son-entreprise\/chambre-des-metiers-et-de-l-artisanat\/\" \/>\n<meta property=\"og:locale\" content=\"fr_FR\" \/>\n<meta property=\"og:type\" content=\"article\" \/>\n<meta property=\"og:title\" content=\"Chambre des m\u00e9tiers et de l&#039;artisanat, \u00e0 quoi \u00e7a sert ?\" \/>\n<meta property=\"og:description\" content=\"La chambre des m\u00e9tiers et de l&#039;artisanat concerne la cr\u00e9ation et la vie de l&#039;entreprise, tous les artisans sont tenus de s&#039;y immatriculer.\" \/>\n<meta property=\"og:url\" content=\"https:\/\/www.legalvision.fr\/guides-juridiques\/creer-son-entreprise\/chambre-des-metiers-et-de-l-artisanat\/\" \/>\n<meta property=\"og:site_name\" content=\"Guides juridiques\" \/>\n<meta property=\"article:published_time\" content=\"2019-06-24T06:30:13+00:00\" \/>\n<meta property=\"article:modified_time\" content=\"2024-05-15T09:52:02+00:00\" \/>\n<meta property=\"og:image\" content=\"https:\/\/www.legalvision.fr\/guides-juridiques\/wp-content\/uploads\/2019\/06\/Chambre-des-m\u00e9tiers-et-de-lartisanat-min-1-1.jpg\" \/>\n\t<meta property=\"og:image:width\" content=\"958\" \/>\n\t<meta property=\"og:image:height\" content=\"350\" \/>\n\t<meta property=\"og:image:type\" content=\"image\/jpeg\" \/>\n<meta name=\"author\" content=\"Joseph Louis\" \/>\n<meta name=\"twitter:card\" content=\"summary_large_image\" \/>\n<meta name=\"twitter:label1\" content=\"\u00c9crit par\" \/>\n\t<meta name=\"twitter:data1\" content=\"Joseph Louis\" \/>\n\t<meta name=\"twitter:label2\" content=\"Dur\u00e9e de lecture estim\u00e9e\" \/>\n\t<meta name=\"twitter:data2\" content=\"12 minutes\" \/>\n<script type=\"application\/ld+json\" class=\"yoast-schema-graph\">{\"@context\":\"https:\/\/schema.org\",\"@graph\":[{\"@type\":\"Article\",\"@id\":\"https:\/\/www.legalvision.fr\/guides-juridiques\/creer-son-entreprise\/chambre-des-metiers-et-de-l-artisanat\/#article\",\"isPartOf\":{\"@id\":\"https:\/\/www.legalvision.fr\/guides-juridiques\/creer-son-entreprise\/chambre-des-metiers-et-de-l-artisanat\/\"},\"author\":{\"name\":\"Joseph Louis\",\"@id\":\"https:\/\/www.legalvision.fr\/guides-juridiques\/#\/schema\/person\/c454a42bc2a18b5443bc24faa78c5128\"},\"headline\":\"Tout savoir sur la chambre des m\u00e9tiers et de l&rsquo;artisanat\",\"datePublished\":\"2019-06-24T06:30:13+00:00\",\"dateModified\":\"2024-05-15T09:52:02+00:00\",\"mainEntityOfPage\":{\"@id\":\"https:\/\/www.legalvision.fr\/guides-juridiques\/creer-son-entreprise\/chambre-des-metiers-et-de-l-artisanat\/\"},\"wordCount\":2648,\"commentCount\":0,\"publisher\":{\"@id\":\"https:\/\/www.legalvision.fr\/guides-juridiques\/#organization\"},\"image\":{\"@id\":\"https:\/\/www.legalvision.fr\/guides-juridiques\/creer-son-entreprise\/chambre-des-metiers-et-de-l-artisanat\/#primaryimage\"},\"thumbnailUrl\":\"https:\/\/www.legalvision.fr\/guides-juridiques\/wp-content\/uploads\/2019\/06\/Chambre-des-m\u00e9tiers-et-de-lartisanat-min-1-1.jpg\",\"articleSection\":[\"Cr\u00e9er son entreprise\"],\"inLanguage\":\"fr-FR\",\"potentialAction\":[{\"@type\":\"CommentAction\",\"name\":\"Comment\",\"target\":[\"https:\/\/www.legalvision.fr\/guides-juridiques\/creer-son-entreprise\/chambre-des-metiers-et-de-l-artisanat\/#respond\"]}]},{\"@type\":\"WebPage\",\"@id\":\"https:\/\/www.legalvision.fr\/guides-juridiques\/creer-son-entreprise\/chambre-des-metiers-et-de-l-artisanat\/\",\"url\":\"https:\/\/www.legalvision.fr\/guides-juridiques\/creer-son-entreprise\/chambre-des-metiers-et-de-l-artisanat\/\",\"name\":\"Chambre des m\u00e9tiers et de l'artisanat, \u00e0 quoi \u00e7a sert ?\",\"isPartOf\":{\"@id\":\"https:\/\/www.legalvision.fr\/guides-juridiques\/#website\"},\"primaryImageOfPage\":{\"@id\":\"https:\/\/www.legalvision.fr\/guides-juridiques\/creer-son-entreprise\/chambre-des-metiers-et-de-l-artisanat\/#primaryimage\"},\"image\":{\"@id\":\"https:\/\/www.legalvision.fr\/guides-juridiques\/creer-son-entreprise\/chambre-des-metiers-et-de-l-artisanat\/#primaryimage\"},\"thumbnailUrl\":\"https:\/\/www.legalvision.fr\/guides-juridiques\/wp-content\/uploads\/2019\/06\/Chambre-des-m\u00e9tiers-et-de-lartisanat-min-1-1.jpg\",\"datePublished\":\"2019-06-24T06:30:13+00:00\",\"dateModified\":\"2024-05-15T09:52:02+00:00\",\"description\":\"La chambre des m\u00e9tiers et de l'artisanat concerne la cr\u00e9ation et la vie de l'entreprise, tous les artisans sont tenus de s'y immatriculer.\",\"breadcrumb\":{\"@id\":\"https:\/\/www.legalvision.fr\/guides-juridiques\/creer-son-entreprise\/chambre-des-metiers-et-de-l-artisanat\/#breadcrumb\"},\"inLanguage\":\"fr-FR\",\"potentialAction\":[{\"@type\":\"ReadAction\",\"target\":[\"https:\/\/www.legalvision.fr\/guides-juridiques\/creer-son-entreprise\/chambre-des-metiers-et-de-l-artisanat\/\"]}]},{\"@type\":\"ImageObject\",\"inLanguage\":\"fr-FR\",\"@id\":\"https:\/\/www.legalvision.fr\/guides-juridiques\/creer-son-entreprise\/chambre-des-metiers-et-de-l-artisanat\/#primaryimage\",\"url\":\"https:\/\/www.legalvision.fr\/guides-juridiques\/wp-content\/uploads\/2019\/06\/Chambre-des-m\u00e9tiers-et-de-lartisanat-min-1-1.jpg\",\"contentUrl\":\"https:\/\/www.legalvision.fr\/guides-juridiques\/wp-content\/uploads\/2019\/06\/Chambre-des-m\u00e9tiers-et-de-lartisanat-min-1-1.jpg\",\"width\":958,\"height\":350,\"caption\":\"Chambre des m\u00e9tiers et de l'artisanat\"},{\"@type\":\"BreadcrumbList\",\"@id\":\"https:\/\/www.legalvision.fr\/guides-juridiques\/creer-son-entreprise\/chambre-des-metiers-et-de-l-artisanat\/#breadcrumb\",\"itemListElement\":[{\"@type\":\"ListItem\",\"position\":1,\"name\":\"Accueil\",\"item\":\"https:\/\/www.legalvision.fr\/guides-juridiques\/\"},{\"@type\":\"ListItem\",\"position\":2,\"name\":\"Cr\u00e9er son entreprise\",\"item\":\"https:\/\/www.legalvision.fr\/guides-juridiques\/creer-son-entreprise\/\"},{\"@type\":\"ListItem\",\"position\":3,\"name\":\"Tout savoir sur la chambre des m\u00e9tiers et de l&rsquo;artisanat\"}]},{\"@type\":\"WebSite\",\"@id\":\"https:\/\/www.legalvision.fr\/guides-juridiques\/#website\",\"url\":\"https:\/\/www.legalvision.fr\/guides-juridiques\/\",\"name\":\"Guides juridiques\",\"description\":\"L&#039;information juridique \u00e0 destination des entreprises et TPE\",\"publisher\":{\"@id\":\"https:\/\/www.legalvision.fr\/guides-juridiques\/#organization\"},\"potentialAction\":[{\"@type\":\"SearchAction\",\"target\":{\"@type\":\"EntryPoint\",\"urlTemplate\":\"https:\/\/www.legalvision.fr\/guides-juridiques\/?s={search_term_string}\"},\"query-input\":{\"@type\":\"PropertyValueSpecification\",\"valueRequired\":true,\"valueName\":\"search_term_string\"}}],\"inLanguage\":\"fr-FR\"},{\"@type\":\"Organization\",\"@id\":\"https:\/\/www.legalvision.fr\/guides-juridiques\/#organization\",\"name\":\"Guides juridiques\",\"url\":\"https:\/\/www.legalvision.fr\/guides-juridiques\/\",\"logo\":{\"@type\":\"ImageObject\",\"inLanguage\":\"fr-FR\",\"@id\":\"https:\/\/www.legalvision.fr\/guides-juridiques\/#\/schema\/logo\/image\/\",\"url\":\"https:\/\/www.legalvision.fr\/guides-juridiques\/wp-content\/uploads\/2022\/10\/LV-Logotype.png\",\"contentUrl\":\"https:\/\/www.legalvision.fr\/guides-juridiques\/wp-content\/uploads\/2022\/10\/LV-Logotype.png\",\"width\":647,\"height\":125,\"caption\":\"Guides juridiques\"},\"image\":{\"@id\":\"https:\/\/www.legalvision.fr\/guides-juridiques\/#\/schema\/logo\/image\/\"}},{\"@type\":\"Person\",\"@id\":\"https:\/\/www.legalvision.fr\/guides-juridiques\/#\/schema\/person\/c454a42bc2a18b5443bc24faa78c5128\",\"name\":\"Joseph Louis\",\"image\":{\"@type\":\"ImageObject\",\"inLanguage\":\"fr-FR\",\"@id\":\"https:\/\/www.legalvision.fr\/guides-juridiques\/#\/schema\/person\/image\/\",\"url\":\"https:\/\/www.legalvision.fr\/guides-juridiques\/wp-content\/uploads\/2023\/07\/cropped-homme7-96x96.png\",\"contentUrl\":\"https:\/\/www.legalvision.fr\/guides-juridiques\/wp-content\/uploads\/2023\/07\/cropped-homme7-96x96.png\",\"caption\":\"Joseph Louis\"},\"description\":\"Joseph est Juriste au sein de LegalVision. Titulaire d'un Master 2 Droit Bancaire et Financier au sein de l'Universit\u00e9 Jean Moulin Lyon 3, le monde des start-up et de la finance le passionne.\",\"url\":\"https:\/\/www.legalvision.fr\/guides-juridiques\/author\/joseph-louis\/\"}]}<\/script>\n<!-- \/ Yoast SEO plugin. -->","yoast_head_json":{"title":"Chambre des m\u00e9tiers et de l'artisanat, \u00e0 quoi \u00e7a sert ?","description":"La chambre des m\u00e9tiers et de l'artisanat concerne la cr\u00e9ation et la vie de l'entreprise, tous les artisans sont tenus de s'y immatriculer.","robots":{"index":"index","follow":"follow","max-snippet":"max-snippet:-1","max-image-preview":"max-image-preview:large","max-video-preview":"max-video-preview:-1"},"canonical":"https:\/\/www.legalvision.fr\/guides-juridiques\/creer-son-entreprise\/chambre-des-metiers-et-de-l-artisanat\/","og_locale":"fr_FR","og_type":"article","og_title":"Chambre des m\u00e9tiers et de l'artisanat, \u00e0 quoi \u00e7a sert ?","og_description":"La chambre des m\u00e9tiers et de l'artisanat concerne la cr\u00e9ation et la vie de l'entreprise, tous les artisans sont tenus de s'y immatriculer.","og_url":"https:\/\/www.legalvision.fr\/guides-juridiques\/creer-son-entreprise\/chambre-des-metiers-et-de-l-artisanat\/","og_site_name":"Guides juridiques","article_published_time":"2019-06-24T06:30:13+00:00","article_modified_time":"2024-05-15T09:52:02+00:00","og_image":[{"width":958,"height":350,"url":"https:\/\/www.legalvision.fr\/guides-juridiques\/wp-content\/uploads\/2019\/06\/Chambre-des-m\u00e9tiers-et-de-lartisanat-min-1-1.jpg","type":"image\/jpeg"}],"author":"Joseph Louis","twitter_card":"summary_large_image","twitter_misc":{"\u00c9crit par":"Joseph Louis","Dur\u00e9e de lecture estim\u00e9e":"12 minutes"},"schema":{"@context":"https:\/\/schema.org","@graph":[{"@type":"Article","@id":"https:\/\/www.legalvision.fr\/guides-juridiques\/creer-son-entreprise\/chambre-des-metiers-et-de-l-artisanat\/#article","isPartOf":{"@id":"https:\/\/www.legalvision.fr\/guides-juridiques\/creer-son-entreprise\/chambre-des-metiers-et-de-l-artisanat\/"},"author":{"name":"Joseph Louis","@id":"https:\/\/www.legalvision.fr\/guides-juridiques\/#\/schema\/person\/c454a42bc2a18b5443bc24faa78c5128"},"headline":"Tout savoir sur la chambre des m\u00e9tiers et de l&rsquo;artisanat","datePublished":"2019-06-24T06:30:13+00:00","dateModified":"2024-05-15T09:52:02+00:00","mainEntityOfPage":{"@id":"https:\/\/www.legalvision.fr\/guides-juridiques\/creer-son-entreprise\/chambre-des-metiers-et-de-l-artisanat\/"},"wordCount":2648,"commentCount":0,"publisher":{"@id":"https:\/\/www.legalvision.fr\/guides-juridiques\/#organization"},"image":{"@id":"https:\/\/www.legalvision.fr\/guides-juridiques\/creer-son-entreprise\/chambre-des-metiers-et-de-l-artisanat\/#primaryimage"},"thumbnailUrl":"https:\/\/www.legalvision.fr\/guides-juridiques\/wp-content\/uploads\/2019\/06\/Chambre-des-m\u00e9tiers-et-de-lartisanat-min-1-1.jpg","articleSection":["Cr\u00e9er son entreprise"],"inLanguage":"fr-FR","potentialAction":[{"@type":"CommentAction","name":"Comment","target":["https:\/\/www.legalvision.fr\/guides-juridiques\/creer-son-entreprise\/chambre-des-metiers-et-de-l-artisanat\/#respond"]}]},{"@type":"WebPage","@id":"https:\/\/www.legalvision.fr\/guides-juridiques\/creer-son-entreprise\/chambre-des-metiers-et-de-l-artisanat\/","url":"https:\/\/www.legalvision.fr\/guides-juridiques\/creer-son-entreprise\/chambre-des-metiers-et-de-l-artisanat\/","name":"Chambre des m\u00e9tiers et de l'artisanat, \u00e0 quoi \u00e7a sert ?","isPartOf":{"@id":"https:\/\/www.legalvision.fr\/guides-juridiques\/#website"},"primaryImageOfPage":{"@id":"https:\/\/www.legalvision.fr\/guides-juridiques\/creer-son-entreprise\/chambre-des-metiers-et-de-l-artisanat\/#primaryimage"},"image":{"@id":"https:\/\/www.legalvision.fr\/guides-juridiques\/creer-son-entreprise\/chambre-des-metiers-et-de-l-artisanat\/#primaryimage"},"thumbnailUrl":"https:\/\/www.legalvision.fr\/guides-juridiques\/wp-content\/uploads\/2019\/06\/Chambre-des-m\u00e9tiers-et-de-lartisanat-min-1-1.jpg","datePublished":"2019-06-24T06:30:13+00:00","dateModified":"2024-05-15T09:52:02+00:00","description":"La chambre des m\u00e9tiers et de l'artisanat concerne la cr\u00e9ation et la vie de l'entreprise, tous les artisans sont tenus de s'y immatriculer.","breadcrumb":{"@id":"https:\/\/www.legalvision.fr\/guides-juridiques\/creer-son-entreprise\/chambre-des-metiers-et-de-l-artisanat\/#breadcrumb"},"inLanguage":"fr-FR","potentialAction":[{"@type":"ReadAction","target":["https:\/\/www.legalvision.fr\/guides-juridiques\/creer-son-entreprise\/chambre-des-metiers-et-de-l-artisanat\/"]}]},{"@type":"ImageObject","inLanguage":"fr-FR","@id":"https:\/\/www.legalvision.fr\/guides-juridiques\/creer-son-entreprise\/chambre-des-metiers-et-de-l-artisanat\/#primaryimage","url":"https:\/\/www.legalvision.fr\/guides-juridiques\/wp-content\/uploads\/2019\/06\/Chambre-des-m\u00e9tiers-et-de-lartisanat-min-1-1.jpg","contentUrl":"https:\/\/www.legalvision.fr\/guides-juridiques\/wp-content\/uploads\/2019\/06\/Chambre-des-m\u00e9tiers-et-de-lartisanat-min-1-1.jpg","width":958,"height":350,"caption":"Chambre des m\u00e9tiers et de l'artisanat"},{"@type":"BreadcrumbList","@id":"https:\/\/www.legalvision.fr\/guides-juridiques\/creer-son-entreprise\/chambre-des-metiers-et-de-l-artisanat\/#breadcrumb","itemListElement":[{"@type":"ListItem","position":1,"name":"Accueil","item":"https:\/\/www.legalvision.fr\/guides-juridiques\/"},{"@type":"ListItem","position":2,"name":"Cr\u00e9er son entreprise","item":"https:\/\/www.legalvision.fr\/guides-juridiques\/creer-son-entreprise\/"},{"@type":"ListItem","position":3,"name":"Tout savoir sur la chambre des m\u00e9tiers et de l&rsquo;artisanat"}]},{"@type":"WebSite","@id":"https:\/\/www.legalvision.fr\/guides-juridiques\/#website","url":"https:\/\/www.legalvision.fr\/guides-juridiques\/","name":"Guides juridiques","description":"L&#039;information juridique \u00e0 destination des entreprises et TPE","publisher":{"@id":"https:\/\/www.legalvision.fr\/guides-juridiques\/#organization"},"potentialAction":[{"@type":"SearchAction","target":{"@type":"EntryPoint","urlTemplate":"https:\/\/www.legalvision.fr\/guides-juridiques\/?s={search_term_string}"},"query-input":{"@type":"PropertyValueSpecification","valueRequired":true,"valueName":"search_term_string"}}],"inLanguage":"fr-FR"},{"@type":"Organization","@id":"https:\/\/www.legalvision.fr\/guides-juridiques\/#organization","name":"Guides juridiques","url":"https:\/\/www.legalvision.fr\/guides-juridiques\/","logo":{"@type":"ImageObject","inLanguage":"fr-FR","@id":"https:\/\/www.legalvision.fr\/guides-juridiques\/#\/schema\/logo\/image\/","url":"https:\/\/www.legalvision.fr\/guides-juridiques\/wp-content\/uploads\/2022\/10\/LV-Logotype.png","contentUrl":"https:\/\/www.legalvision.fr\/guides-juridiques\/wp-content\/uploads\/2022\/10\/LV-Logotype.png","width":647,"height":125,"caption":"Guides juridiques"},"image":{"@id":"https:\/\/www.legalvision.fr\/guides-juridiques\/#\/schema\/logo\/image\/"}},{"@type":"Person","@id":"https:\/\/www.legalvision.fr\/guides-juridiques\/#\/schema\/person\/c454a42bc2a18b5443bc24faa78c5128","name":"Joseph Louis","image":{"@type":"ImageObject","inLanguage":"fr-FR","@id":"https:\/\/www.legalvision.fr\/guides-juridiques\/#\/schema\/person\/image\/","url":"https:\/\/www.legalvision.fr\/guides-juridiques\/wp-content\/uploads\/2023\/07\/cropped-homme7-96x96.png","contentUrl":"https:\/\/www.legalvision.fr\/guides-juridiques\/wp-content\/uploads\/2023\/07\/cropped-homme7-96x96.png","caption":"Joseph Louis"},"description":"Joseph est Juriste au sein de LegalVision. Titulaire d'un Master 2 Droit Bancaire et Financier au sein de l'Universit\u00e9 Jean Moulin Lyon 3, le monde des start-up et de la finance le passionne.","url":"https:\/\/www.legalvision.fr\/guides-juridiques\/author\/joseph-louis\/"}]}},"_links":{"self":[{"href":"https:\/\/www.legalvision.fr\/guides-juridiques\/wp-json\/wp\/v2\/posts\/16909","targetHints":{"allow":["GET"]}}],"collection":[{"href":"https:\/\/www.legalvision.fr\/guides-juridiques\/wp-json\/wp\/v2\/posts"}],"about":[{"href":"https:\/\/www.legalvision.fr\/guides-juridiques\/wp-json\/wp\/v2\/types\/post"}],"author":[{"embeddable":true,"href":"https:\/\/www.legalvision.fr\/guides-juridiques\/wp-json\/wp\/v2\/users\/28"}],"replies":[{"embeddable":true,"href":"https:\/\/www.legalvision.fr\/guides-juridiques\/wp-json\/wp\/v2\/comments?post=16909"}],"version-history":[{"count":18,"href":"https:\/\/www.legalvision.fr\/guides-juridiques\/wp-json\/wp\/v2\/posts\/16909\/revisions"}],"predecessor-version":[{"id":45861,"href":"https:\/\/www.legalvision.fr\/guides-juridiques\/wp-json\/wp\/v2\/posts\/16909\/revisions\/45861"}],"wp:featuredmedia":[{"embeddable":true,"href":"https:\/\/www.legalvision.fr\/guides-juridiques\/wp-json\/wp\/v2\/media\/24424"}],"wp:attachment":[{"href":"https:\/\/www.legalvision.fr\/guides-juridiques\/wp-json\/wp\/v2\/media?parent=16909"}],"wp:term":[{"taxonomy":"category","embeddable":true,"href":"https:\/\/www.legalvision.fr\/guides-juridiques\/wp-json\/wp\/v2\/categories?post=16909"},{"taxonomy":"post_tag","embeddable":true,"href":"https:\/\/www.legalvision.fr\/guides-juridiques\/wp-json\/wp\/v2\/tags?post=16909"}],"curies":[{"name":"wp","href":"https:\/\/api.w.org\/{rel}","templated":true}]}}