{"id":16842,"date":"2019-06-17T07:30:54","date_gmt":"2019-06-17T06:30:54","guid":{"rendered":"https:\/\/blog.legalvision.fr\/?p=16842"},"modified":"2022-03-27T21:20:54","modified_gmt":"2022-03-27T19:20:54","slug":"creer-sa-micro-entreprise-tous-les-conseils-des-experts","status":"publish","type":"post","link":"https:\/\/www.legalvision.fr\/guides-juridiques\/creer-son-entreprise\/creer-sa-micro-entreprise-tous-les-conseils-des-experts\/","title":{"rendered":"Cr\u00e9er sa micro entreprise en 2019 : comment faire ?"},"content":{"rendered":"<p>Cr\u00e9er sa micro entreprise, c&rsquo;est possible avec <a href=\"https:\/\/www.legalvision.fr\/\">LegalVision <\/a>!<\/p>\n<p><iframe title=\"Comment devenir auto entrepreneur en 2019 ?\" width=\"750\" height=\"422\" src=\"https:\/\/www.youtube.com\/embed\/tEClP4mv1no?feature=oembed\" frameborder=\"0\" allow=\"accelerometer; autoplay; clipboard-write; encrypted-media; gyroscope; picture-in-picture\" allowfullscreen><\/iframe><\/p>\n<p>Cr\u00e9er une micro entreprise n\u00e9cessite d&rsquo;\u00eatre bien inform\u00e9. Le micro-entrepreneur \u00e9tant un ind\u00e9pendant, son statut diff\u00e8re avec celui du salari\u00e9 sur plusieurs points. C&rsquo;est le cas par exemple de sa protection sociale, ou encore de ses cotisations sociales. Par ailleurs, plusieurs formalit\u00e9s doivent \u00eatre effectu\u00e9es avant de se lancer. LegalVision vous apporte de ce fait, toutes les informations n\u00e9cessaires pour cr\u00e9er sa micro entreprise.\n<\/p>\n<h3><strong>Sommaire :\u00a0<\/strong><\/h3>\n<p><a href=\"#1\"><strong>Cr\u00e9er sa micro entreprise : pr\u00e9sentation du r\u00e9gime<\/strong><\/a><br \/>\n<a href=\"#2\"><strong>Cr\u00e9er sa micro entreprise : quelles sont les modalit\u00e9s d&rsquo;inscription ?<\/strong><\/a><br \/>\n<a href=\"#3\"><strong>Cr\u00e9er sa micro entreprise : l&rsquo;importance du chiffre d&rsquo;affaires\u00a0<\/strong><\/a><br \/>\n<a href=\"#4\"><strong>Le r\u00e9gime fiscal du micro entrepreneur<\/strong><\/a><br \/>\n<strong><a href=\"#5\">Cr\u00e9er sa micro entreprise : les cotisations sociale<\/a>s\u00a0<\/strong><br \/>\n<a href=\"#6\"><strong>Cr\u00e9er sa micro entreprise : la protection sociale du micro-entrepreneur\u00a0<\/strong><\/a><br \/>\n<a href=\"#7\"><strong>Cr\u00e9er sa micro entreprise : les aides financi\u00e8res existantes<\/strong><\/a><\/p>\n<div class=\"wp-block-button\" style=\"text-align:center;\"><a class=\"wp-block-button__link has-background\" href=\"https:\/\/www.legalvision.fr\/tous-les-services\/\">Commencer ma cr\u00e9ation d&rsquo;entreprise<\/a><\/div>\n<h2 id=\"1\">Cr\u00e9er sa micro entreprise\u00a0: pr\u00e9sentation du r\u00e9gime<\/h2>\n<h3>Devenir auto-entrepreneur et cr\u00e9er sa micro entreprise : est-ce la m\u00eame chose ?<\/h3>\n<p>Avant 2016, <strong><a href=\"https:\/\/blog.legalvision.fr\/2018\/04\/17\/micro-entreprise-ou-auto-entrepreneur\/\">ces deux r\u00e9gimes<\/a><\/strong> \u00e9taient de\u00a0<strong>simples options offertes \u00e0 un entrepreneur individuel<\/strong>. Il existait alors de r\u00e9elles\u00a0<b>diff\u00e9rences entre auto-entreprise\u00a0et micro-entreprise<\/b>.<\/p>\n<p>L\u2019auto-entreprise \u00e9tait un r\u00e9gime encore plus simplifi\u00e9 que celui de la micro-entreprise car il permettait \u00e0 l&rsquo;auto-entrepreneur de b\u00e9n\u00e9ficier de deux r\u00e9gimes avantageux :<\/p>\n<ul>\n<li>\n<strong>Le r\u00e9gime micro-social<\/strong>\u00a0: ses cotisations \u00e9taient calcul\u00e9es sur la base du chiffre d\u2019affaires r\u00e9alis\u00e9, chaque mois ou chaque trimestre, par application d\u2019un taux variant en fonction de la nature de l\u2019activit\u00e9.<\/li>\n<li>\n<strong>L\u2019option pour le r\u00e9gime micro-fiscal simplifi\u00e9\u00a0<\/strong>: \u00e9galement appel\u00e9 \u201cpr\u00e9l\u00e8vement lib\u00e9ratoire \u00e0 la source\u201d, cette option permettait \u00e0 l\u2019auto-entrepreneur de payer son imp\u00f4t sur le revenu via un pourcentage pr\u00e9lev\u00e9 directement sur son chiffre d\u2019affaires brut. Cette option \u00e9tait accessible sous condition de revenus.<\/li>\n<\/ul>\n<p>Cependant,<strong> depuis 2016<\/strong>, il n\u2019existe plus aucune diff\u00e9rence entre auto-entrepreneur ou micro-entrepreneur. En effet, ces deux r\u00e9gimes ont \u00e9t\u00e9 fusionn\u00e9s pour laisser place \u00e0 un\u00a0<strong>statut unique : <a href=\"https:\/\/blog.legalvision.fr\/2019\/03\/26\/devenir-auto-entrepreneur-en-2019-tous-les-conseils-des-experts\/\">la \u201cmicro-entreprise<\/a>\u201d<\/strong>.<\/p>\n<h3>Qu&rsquo;est-ce qu&rsquo;une micro-entreprise ?<\/h3>\n<p>La micro-entreprise est un r\u00e9gime fiscal et social avantageux. Seuls certains\u00a0statuts juridiques permettent d&rsquo;en b\u00e9n\u00e9ficier :<\/p>\n<p>&#8211;\u00a0 L&rsquo;<a href=\"https:\/\/www.legalvision.fr\/creation-dentreprise\/creation-entreprise-individuelle\/\">entreprise individuelle<\/a> (EI) ;<br \/>\n&#8211;\u00a0 Celle de l&rsquo;entreprise individuelle \u00e0 responsabilit\u00e9 limit\u00e9e (<a href=\"https:\/\/www.legalvision.fr\/creation-dentreprise\/creation-eirl\/\">EIRL<\/a>) ;<br \/>\n&#8211;\u00a0 L&rsquo;entreprise unipersonnelle \u00e0 responsabilit\u00e9 limit\u00e9e <a href=\"https:\/\/www.legalvision.fr\/creation-dentreprise\/creation-eurl\/\">(EURL)<\/a>.<\/p>\n<p>Pour cr\u00e9er une micro entreprise, il faut imp\u00e9rativement \u00eatre un <strong>g\u00e9rant associ\u00e9 unique personne physique<\/strong>.<\/p>\n<p>Cr\u00e9er sa\u00a0micro entreprise permet \u00e0 l\u2019entrepreneur de b\u00e9n\u00e9ficier des simplifications suivantes :<\/p>\n<ul>\n<li>\n<strong>Au niveau du calcul des cotisations sociales<\/strong>, le micro-entrepreneur rel\u00e8ve du r\u00e9gime micro-social simplifi\u00e9. Ses cotisations sociales sont calcul\u00e9es par l\u2019application d\u2019un taux fixe sur le montant des recettes encaiss\u00e9es.<\/li>\n<li>\n<strong>Au niveau des obligations comptables<\/strong>, le micro-entrepreneur est dispens\u00e9 d\u2019\u00e9tablir des comptes annuels. Il doit tenir un livre des recettes ainsi qu\u2019un registre des achats lorsque son activit\u00e9 consiste\u00a0principalement \u00e0 vendre des marchandises, fournitures et denr\u00e9es \u00e0 consommer sur place ou \u00e0 emporter, ou \u00e0 fournir des prestations d\u2019h\u00e9bergement.<\/li>\n<li>\n<strong>Au niveau de l\u2019imposition des b\u00e9n\u00e9fices<\/strong>, le micro-entrepreneur est impos\u00e9 sur un b\u00e9n\u00e9fice calcul\u00e9 forfaitairement. Un abattement forfaitaire pour frais et charges est appliqu\u00e9 sur le montant des recettes encaiss\u00e9es pour d\u00e9terminer le b\u00e9n\u00e9fice imposable. Sur demande, le micro-entrepreneur peut b\u00e9n\u00e9ficier du versement fiscal lib\u00e9ratoire.<\/li>\n<\/ul>\n<h3>Les activit\u00e9s exclues du r\u00e9gime micro-entreprise<\/h3>\n<p>Plusieurs activit\u00e9s ne peuvent pas relever du r\u00e9gime micro-entreprise :<\/p>\n<ul>\n<li>Les<strong> activit\u00e9s agricoles<\/strong> rattach\u00e9es \u00e0 la mutualit\u00e9 sociale agricole (MSA) ;<\/li>\n<li>C&rsquo;est aussi le cas des <strong>activit\u00e9s relevant de la TVA immobili\u00e8re\u00a0<\/strong>comme la profession\u00a0d&rsquo;<a href=\"https:\/\/blog.legalvision.fr\/2018\/09\/17\/agent-immobilier-auto-entrepreneur-avantages\/\">agent immobilier<\/a> par exemple;<\/li>\n<li>Les<strong> activit\u00e9s lib\u00e9rales relevant d\u2019autres caisses que la Cipav <\/strong>(Caisse interprofessionnelle de pr\u00e9voyance et d\u2019assurance vieillesse des professions lib\u00e9rales)<strong> ou la S\u00e9curit\u00e9 Sociale des Ind\u00e9pendants\u00a0: <\/strong>notaires, officiers minist\u00e9riels, huissiers de justice, commissaires priseurs\u2026<\/li>\n<li>Les<strong> activit\u00e9s de location : <\/strong>location d\u2019immeubles non meubl\u00e9s ou professionnels ;<\/li>\n<li>Enfin<strong>,<\/strong> les<strong> activit\u00e9s artistiques <\/strong>qui d\u00e9pendent\u00a0de l&rsquo;Agessa ou bien de la Maison des artistes.<\/li>\n<\/ul>\n<p>Avant d&rsquo;<strong><a href=\"https:\/\/www.legalvision.fr\/creation-dentreprise\/statut-auto-entrepreneur\/\">ouvrir sa micro-entreprise<\/a>,<\/strong> il faut donc bien choisir\u00a0son activit\u00e9 afin de pouvoir b\u00e9n\u00e9ficier du r\u00e9gime micro-entreprise.<\/p>\n<h2 id=\"2\">Cr\u00e9er sa micro entreprise\u00a0: quelles sont les modalit\u00e9s d\u2019inscription\u00a0?<\/h2>\n<p>Pour cr\u00e9er sa micro-entreprise,\u00a0il faut\u00a0obligatoirement immatriculer son entreprise en envoyant une\u00a0\u00ab\u00a0D\u00e9claration de d\u00e9but d\u2019activit\u00e9\u00a0\u00bb au centre de formalit\u00e9s des entreprises des auto entrepreneurs. Pour les activit\u00e9s commerciales voire artisanales, le formulaire \u00e0 remplir sera le\u00a0<a href=\"https:\/\/www.infogreffe.fr\/documents\/10179\/21271\/Formulaire+P0+CMB+micro-entrepreneur.pdf\/0572ce25-855c-48f7-b3b2-127f49290d24\">P0 CMB<\/a>\u00a0tandis que pour les professions lib\u00e9rales il s&rsquo;agira du\u00a0<a href=\"https:\/\/www.infogreffe.fr\/documents\/10179\/21271\/Formulaire+P0+PL+micro-entrepreneur\/277b5734-57ec-44a0-a193-727695be5c09\">P0 PL.<\/a><\/p>\n<p>L&rsquo;immatriculation s&rsquo;op\u00e8re aupr\u00e8s de:<\/p>\n<ul>\n<li>\n<strong>La chambre des m\u00e9tiers et de l\u2019artisanat<\/strong> pour les activit\u00e9s<strong> artisanales<\/strong>. De plus,\u00a0le micro-entrepreneur sera\u00a0immatricul\u00e9 au <a href=\"https:\/\/blog.legalvision.fr\/2019\/05\/04\/repertoire-des-metiers-qui-doit-s-y-immatriculer\/\">r\u00e9pertoire des m\u00e9tiers<\/a><strong> (RM)<\/strong>\n<\/li>\n<li>\n<strong>La chambre de commerce et de l\u2019industrie<\/strong> pour les activit\u00e9s <strong>commerciales<\/strong>.\u00a0L&rsquo;auto-entrepreneur sera immatricul\u00e9 au registre du commerce et des soci\u00e9t\u00e9s <strong>(RCS).<\/strong>\n<\/li>\n<li>\n<strong>L\u2019URSSAF<\/strong> pour les activit\u00e9s<strong> lib\u00e9rales<\/strong>. L&rsquo;exercice d&rsquo;une activit\u00e9 lib\u00e9rale ne n\u00e9cessite<strong> pas l&rsquo;inscription \u00e0 un r\u00e9pertoire particulier.<\/strong>\n<\/li>\n<li>Le<strong> greffe du tribunal commercial<\/strong> pour les<strong> agents commerciaux<\/strong>.\u00a0Le micro-entrepreneur sera immatricul\u00e9 au registre sp\u00e9cial des agents commerciaux<strong> (RSAC)<\/strong>\n<\/li>\n<\/ul>\n<p>Suite \u00e0 cette d\u00e9claration, un num\u00e9ro d\u2019identification de\u00a0son activit\u00e9 (Siren) et un code qualifiant\u00a0son activit\u00e9 (APE) est attribu\u00e9 au micro-entrepreneur. Son\u00a0entreprise est ensuite d\u00e9clar\u00e9e aux services fiscaux ainsi qu\u2019aux r\u00e9gimes de protection sociale obligatoires.<\/p>\n<h2 id=\"3\">Cr\u00e9er sa micro entreprise\u00a0: l\u2019importance du chiffre d\u2019affaires<\/h2>\n<h3>Les plafonds \u00e0 respecter<\/h3>\n<p>S\u2019ils ont connu une \u00e9volution en 2018,<strong>\u00a0<a href=\"https:\/\/blog.legalvision.fr\/2018\/04\/18\/micro-entreprise-plafond\/\">les plafonds de chiffre d\u2019affaires<\/a> des auto-entrepreneurs resteront inchang\u00e9s en 2019.<\/strong><\/p>\n<p>Ainsi, les plafonds \u00e0 retenir pour\u00a0cette ann\u00e9e sont les suivants :<\/p>\n<ul>\n<li>\n<strong>70 000 \u20ac<\/strong>\u00a0pour les prestations de services relevant de la cat\u00e9gorie des b\u00e9n\u00e9fices industriels et commerciaux (BIC) ou des b\u00e9n\u00e9fices non commerciaux (BNC)<\/li>\n<li>\n<strong>170 000 \u20ac\u00a0<\/strong>pour une activit\u00e9 de vente de marchandises, d\u2019objets, de fournitures, de denr\u00e9es \u00e0 emporter ou \u00e0 consommer sur place, ou pour des prestations d\u2019h\u00e9bergement (\u00e0 l\u2019exception de la location de locaux d\u2019habitation meubl\u00e9s dont le seuil est de 70 000 \u20ac)<\/li>\n<\/ul>\n<p>N\u00e9anmoins, <strong>en cas d&rsquo;activit\u00e9s mixtes<\/strong> (vente et prestations de services), le chiffre d\u2019affaires global ne doit pas d\u00e9passer 170 000 \u20ac et \u00e0 l\u2019int\u00e9rieur de ce plafond, le chiffre d\u2019affaires relatif aux prestations de services ne doit pas exc\u00e9der 70 000 \u20ac.<\/p>\n<p>Si le micro-entrepreneur d\u00e9passe le plafond correspondant \u00e0\u00a0son activit\u00e9,\u00a0il ne pourra plus b\u00e9n\u00e9ficier du r\u00e9gime de\u00a0la micro-entreprise<\/p>\n<h3>Comment d\u00e9clarer son chiffre d&rsquo;affaires ?<\/h3>\n<p>La d\u00e9claration de chiffre\u00a0d&rsquo;affaires\u00a0doit d\u00e9sormais, \u00e0 compter du 1er janvier 2019, \u00eatre effectu\u00e9e obligatoirement en ligne\u00a0quel que soit son montant. Cette d\u00e9claration est effectu\u00e9e sur le site\u00a0<strong><a href=\"http:\/\/autoentrepreneur.urssaf.fr\">autoentrepreneur.urssaf.fr<\/a><\/strong><\/p>\n<p>M\u00eame si le chiffre d&rsquo;affaires est nul,\u00a0cette d\u00e9claration est obligatoire.\u00a0Dans un tel cas, il\u00a0suffit d&rsquo;y porter la mention\u00a0\u00ab\u00a0<em>n\u00e9ant<\/em>\u00a0\u00bb\u00a0\u00e0 la place du montant du chiffre d&rsquo;affaires ou de recettes.<\/p>\n<h2 id=\"4\">\u00a0Le r\u00e9gime fiscal du micro entrepreneur<\/h2>\n<h3>Charges fiscales<\/h3>\n<p>Le micro entrepreneur est impos\u00e9 sur le b\u00e9n\u00e9fice qu&rsquo;il r\u00e9alise apr\u00e8s avoir appliqu\u00e9 un abattement forfaitaire pour frais professionnels de :<\/p>\n<ul>\n<li>\n<strong>71 %<\/strong>\u00a0pour les\u00a0<strong>activit\u00e9s de vente et d\u2019h\u00e9bergement<\/strong>\u00a0;<\/li>\n<li>\n<strong>50 %<\/strong>\u00a0pour les\u00a0<strong>prestations de service<\/strong>\u00a0;<\/li>\n<li>\n<strong>34%<\/strong>\u00a0pour les\u00a0<strong>b\u00e9n\u00e9fices non commerciaux.\u00a0<\/strong>\n<\/li>\n<\/ul>\n<p>Le versement de l&rsquo;imp\u00f4t depuis le 1er janvier 2019 prend la forme d&rsquo;acomptes mensuels ou trimestriels. Le montant de ces acomptes d\u00e9pend du chiffre d&rsquo;affaires connu. Enfin, si l&rsquo;activit\u00e9 n&rsquo;est pas fructueuse et ne permet pas de d\u00e9gager un chiffre d&rsquo;affaires, le micro entrepreneur ne payera pas d&rsquo;IR.<\/p>\n<p>Le micro-entrepreneur peut, si n\u00e9cessaire, opter\u00a0pour le versement lib\u00e9ratoire de l\u2019imp\u00f4t sur le revenu. Cette option est demand\u00e9e aupr\u00e8s de la\u00a0<a href=\"https:\/\/www.secu-independants.fr\/\">caisse SSI<\/a>\u00a0ou de l\u2019<a href=\"https:\/\/www.urssaf.fr\/portail\/home.html\">URSSAF<\/a>\u00a0pour les professions lib\u00e9rales :<\/p>\n<ul>\n<li>Dans les 3 mois qui suivent l&rsquo;activit\u00e9 ;<\/li>\n<li>Avant le 30 septembre pour l&rsquo;obtenir l&rsquo;ann\u00e9e n+1.<\/li>\n<\/ul>\n<p>Il permet de payer l&rsquo;IR en m\u00eame temps que les cotisations sociales. Le montant de l&rsquo;imp\u00f4t correspondra \u00e0:<\/p>\n<ul>\n<li>\n<strong>1%<\/strong>\u00a0du chiffre d&rsquo;affaires pour les\u00a0<strong>activit\u00e9s de vente et d\u2019h\u00e9bergement<\/strong>\u00a0;<\/li>\n<li>\n<strong>1,7% <\/strong>du chiffre d&rsquo;affaires\u00a0pour les\u00a0<strong>prestations de service<\/strong>\u00a0;<\/li>\n<li>\n<strong>2,2% <\/strong>du chiffre d&rsquo;affaires\u00a0pour les\u00a0<strong>professions lib\u00e9rales<\/strong>\u00a0(BNC).<\/li>\n<\/ul>\n<p>Toutefois, le seuil de <strong>27 086\u00a0euros par part de quotient familial <\/strong>ne doit pas \u00eatre d\u00e9pass\u00e9 pour b\u00e9n\u00e9ficier de ce mode de versement.<\/p>\n<h3>La franchise de TVA pour les auto entrepreneurs<\/h3>\n<p>Tva micro entreprise : la TVA s&rsquo;est\u00a0invit\u00e9e dans le r\u00e9gime de l\u2019auto-entreprise le 1er janvier 2018.\u00a0Le r\u00e9gime de la micro-entreprise ouvre droit \u00e0 une\u00a0<strong>franchise de TVA <\/strong>\u00e0 condition que le chiffre d&rsquo;affaires hors taxe de l&rsquo;ann\u00e9e pr\u00e9c\u00e9dente ne d\u00e9passe pas, en 2019, le seuil de :<\/p>\n<ul>\n<li>\n<strong>33 200 \u20ac<\/strong>\u00a0pour les prestations de services relevant de la cat\u00e9gorie des b\u00e9n\u00e9fices industriels et commerciaux (BIC) ou des b\u00e9n\u00e9fices non commerciaux (BNC).<\/li>\n<li>\n<strong>82 800 \u20ac<\/strong>\u00a0pour une activit\u00e9 de vente de marchandises, d\u2019objets, de fournitures, de denr\u00e9es \u00e0 emporter ou \u00e0 consommer sur place, ou pour des prestations d\u2019h\u00e9bergement (\u00e0 l\u2019exception de la location de locaux d\u2019habitation meubl\u00e9s dont le seuil est fix\u00e9 \u00e0 33 200 \u20ac).<\/li>\n<\/ul>\n<p>Dans le cadre de la franchise de TVA, la TVA sur l&rsquo;activit\u00e9 exerc\u00e9e n&rsquo;est pas factur\u00e9e au client final. En contrepartie il est donc impossible de r\u00e9cup\u00e9rer la TVA vers\u00e9e pour les achats op\u00e9r\u00e9es en amont. Lorsque le micro-entrepreneur b\u00e9n\u00e9ficie de la franchise de TVA, la mention\u00a0\u00a0\u00ab TVA non applicable,\u00a0<a href=\"https:\/\/www.legifrance.gouv.fr\/affichCodeArticle.do?cidTexte=LEGITEXT000006069577&amp;idArticle=LEGIARTI000021645089\">article 293B du CGI<\/a>\u00a0\u00bb doit imp\u00e9rativement \u00eatre mentionn\u00e9e dans les factures qui indiquent le montant hors taxe.<\/p>\n<p>Lorsque les plafonds de chiffre d&rsquo;affaires susmentionn\u00e9s sont d\u00e9pass\u00e9s, alors la TVA sera factur\u00e9e aux consommateurs finaux et celle pay\u00e9e aux fournisseurs pourra \u00eatre r\u00e9cup\u00e9r\u00e9e.<\/p>\n<h3>CFE micro entreprise (Cotisation fonci\u00e8re des entreprises)<\/h3>\n<p>Le montant de la CFE d\u00e9pend de la valeur locative des biens immobiliers qui sont utilis\u00e9s. Elle s&rsquo;applique uniquement aux entreprises qui existent au 1er janvier de l&rsquo;ann\u00e9e. Ainsi, lorsque la cr\u00e9ation intervient pendant l&rsquo;ann\u00e9e, le micro-entrepreneur ne devra pas la verser.<\/p>\n<p>Lorsque le chiffre d&rsquo;affaires d\u00e9gag\u00e9 de l&rsquo;activit\u00e9 ne d\u00e9passe pas 5000 \u20ac, le micro entrepreneur sera exempt\u00e9 de cotisation fonci\u00e8re. Une <strong><a href=\"https:\/\/www.impots.gouv.fr\/portail\/node\/8830\">d\u00e9claration initiale de cotisation fonci\u00e8re<\/a>\u00a0<\/strong>doit \u00eatre envoy\u00e9e avant la fin de l&rsquo;ann\u00e9e de d\u00e9but d&rsquo;activit\u00e9 pour \u00eatre exon\u00e9r\u00e9 de CFE l&rsquo;ann\u00e9e suivante.<\/p>\n<p>Lorsque le chiffre d&rsquo;affaires d\u00e9gag\u00e9 de l&rsquo;activit\u00e9 ne d\u00e9passe pas 5000 \u20ac, le micro entrepreneur sera exempt\u00e9 de cotisation fonci\u00e8re. Les activit\u00e9s artisanales sont toujours exon\u00e9r\u00e9es de CFE.<\/p>\n<h2 id=\"5\">Cr\u00e9er sa micro entreprise\u00a0: les cotisations sociales<\/h2>\n<h3>Le taux de cotisations sociales<\/h3>\n<p>L\u2019auto-entrepreneur b\u00e9n\u00e9ficie d\u2019un r\u00e9gime simplifi\u00e9 de calcul et de paiement des cotisations et contributions sociales obligatoires. Chaque mois ou sur option, chaque trimestre, il doit calculer\u00a0et payer l\u2019ensemble de ses charges sociales personnelles en fonction de\u00a0son chiffre d\u2019affaires r\u00e9alis\u00e9 au cours du mois ou du trimestre pr\u00e9c\u00e9dant cette d\u00e9claration, selon les pourcentages suivants :<\/p>\n<ul>\n<li>\n<strong>12,80 %<\/strong> pour une activit\u00e9 d\u2019achat\/revente, de vente de denr\u00e9es \u00e0 consommer sur place et de prestations d\u2019h\u00e9bergement (BIC), \u00e0 l\u2019exception de la location de locaux d\u2019habitation meubl\u00e9s dont le taux est de<strong> 22 %<\/strong> ;<\/li>\n<li>\n<strong>22 %<\/strong> pour les prestations de services (BIC et BNC) et, y compris la location d\u2019habitation meubl\u00e9e \u00e0 la journ\u00e9e, \u00e0 la semaine ou au mois, sans y \u00e9lire domicile ;<\/li>\n<li>\n<strong>22 %<\/strong> pour les professions lib\u00e9rales r\u00e9glement\u00e9es relevant de la Cipav (BNC) et les professions lib\u00e9rales <strong>non r\u00e9glement\u00e9es<\/strong>.<\/li>\n<\/ul>\n<p>Enfin, en ce qui concerne la contribution \u00e0 la formation professionnelle, le taux mensuel ou trimestriel applicable au chiffre d&rsquo;affaires :<\/p>\n<ul>\n<li>\n<strong>0,1%<\/strong> pour les commer\u00e7ants et professions lib\u00e9rales non r\u00e9glement\u00e9es ;<\/li>\n<li>\n<strong>0,2%<\/strong> pour les professions lib\u00e9rales r\u00e9glement\u00e9es ;<\/li>\n<li>\n<strong>0,3%<\/strong> pour les artisans.<\/li>\n<\/ul>\n<h3>Cr\u00e9er sa micro entreprise : un possible all\u00e8gement des cotisations sociales<\/h3>\n<p>Depuis le 1<sup>er<\/sup>\u00a0janvier 2019, l&rsquo;ACCRE (aide aux demandeurs d\u2019emploi cr\u00e9ant ou reprenant une entreprise) est devenue <a href=\"https:\/\/blog.legalvision.fr\/2018\/02\/01\/extension-du-dispositif-accre\/\">l&rsquo;<strong>ACRE<\/strong><\/a>\u00a0(aide aux cr\u00e9ateurs et repreneurs d\u2019entreprise) et est \u00e9tendue \u00e0 tous les cr\u00e9ateurs et repreneurs d&rsquo;entreprise.<\/p>\n<p>L&rsquo;ACRE est une\u00a0<strong>exon\u00e9ration partielle ou totale des charges sociales <\/strong>pendant un an<strong>. <\/strong>Cependant, le micro entrepreneur, lui, b\u00e9n\u00e9ficie, sous conditions, de taux sp\u00e9cifiques minor\u00e9s <strong>pendant 3 ans<\/strong>, pour le calcul de\u00a0ses cotisations et contributions sociales.<\/p>\n<p>Ainsi,<strong> les cotisations sociales exon\u00e9r\u00e9es sont<\/strong>\u00a0: les cotisations patronales et salariales correspondant \u00e0 l\u2019assurance maladie, maternit\u00e9, retraite de base, invalidit\u00e9 d\u00e9c\u00e8s voire aux prestations familiales.<\/p>\n<p>N\u00e9anmoins,<strong> les cotisations non concern\u00e9es par l\u2019ACRE sont<\/strong>\u00a0: les cotisations relatives \u00e0 la contribution sociale g\u00e9n\u00e9ralis\u00e9e (CSG), au risque accident du travail, \u00e0 la retraite compl\u00e9mentaire obligatoire, \u00e0 la formation professionnelle.<\/p>\n<p>L&rsquo;exon\u00e9ration est :<\/p>\n<ul>\n<li>\n<strong>totale\u00a0<\/strong>pour un revenu professionnel inf\u00e9rieur \u00e0 30 393 \u20ac<\/li>\n<li>\n<strong>d\u00e9gressive\u00a0<\/strong>pour un revenu professionnel compris entre 30 393 \u20ac et 40 524 \u20ac.<\/li>\n<\/ul>\n<p>Si le revenu est sup\u00e9rieur \u00e0 40 524 \u20ac,<strong> il n&rsquo;y a pas d&rsquo;exon\u00e9ration.<\/strong><\/p>\n<p><strong>Enfin, pour b\u00e9n\u00e9ficier de l\u2019ACRE,<\/strong>\u00a0le micro-entrepreneur ne doit\u00a0pas avoir obtenu l\u2019aide \u00e0 la cr\u00e9ation (Accre) depuis 3 ans.<\/p>\n<h2 id=\"6\">Cr\u00e9er sa micro entreprise\u00a0: la protection sociale du micro-entrepreneur<\/h2>\n<h3>La micro-entreprise, l&rsquo;unique activit\u00e9 de l&rsquo;associ\u00e9.<\/h3>\n<p>Le <a href=\"https:\/\/blog.legalvision.fr\/2018\/01\/23\/consequences-suppression-rsi\/\">r\u00e9gime social des ind\u00e9pendant<\/a> (RSI) est entrain de dispara\u00eetre progressivement. Or il constituait l&rsquo;organisme de S\u00e9curit\u00e9 sociale des ind\u00e9pendants, et donc des micro-entrepreneurs, par cons\u00e9quent. Une\u00a0<strong>p\u00e9riode transitoire de deux ans<\/strong>\u00a0a alors \u00e9t\u00e9 pr\u00e9vue afin d&rsquo;int\u00e9grer progressivement la gestion de la S\u00e9curit\u00e9 sociale des travailleurs ind\u00e9pendants au sein du r\u00e9gime g\u00e9n\u00e9ral.<\/p>\n<p>D&rsquo;ailleurs, depuis\u00a0le 1<sup>er<\/sup>\u00a0janvier 2018 les caisses RSI sont devenues des \u00ab agences de S\u00e9curit\u00e9 sociale pour les ind\u00e9pendants \u00bb<\/p>\n<p>Depuis le 1<sup>er<\/sup>\u00a0janvier 2019, la\u00a0Caisse primaire d\u2019assurance maladie (CPAM) prend en charge\u00a0l\u2019ensemble des assur\u00e9s\u00a0<strong>qui d\u00e9butent une activit\u00e9 ind\u00e9pendante ou changent d&rsquo;activit\u00e9 ind\u00e9pendante<\/strong>.<\/p>\n<p>En 2020, tous les travailleurs ind\u00e9pendants auront comme interlocuteur unique la CPAM pour leur assurance maladie.<\/p>\n<p>Ainsi, lorsqu&rsquo;une personne <strong>est uniquement micro-entrepreneur<\/strong>,\u00a0 la prise en charge des frais de sant\u00e9 (m\u00e9dicaments, soins, hospitalisations\u2026) est identique \u00e0 celles des salari\u00e9s.<\/p>\n<p>Cependant, pour b\u00e9n\u00e9ficier <strong>des indemnit\u00e9s journali\u00e8res maladie<\/strong>, les conditions suivantes doivent \u00eatre remplies :<\/p>\n<ul>\n<li>Etre artisan, commer\u00e7ant ou exercer une profession lib\u00e9rale non r\u00e9glement\u00e9e ;<\/li>\n<li>Etre affili\u00e9 en tant qu\u2019ind\u00e9pendant au titre de l\u2019assurance maladie depuis au moins un an, avec prise en compte des p\u00e9riodes d\u2019affiliation ant\u00e9rieures, sous conditions ;<\/li>\n<li>Avoir un minimum de revenus.<\/li>\n<\/ul>\n<h3>Cr\u00e9er sa micro entreprise : une activit\u00e9 compl\u00e9mentaire<\/h3>\n<p>Un micro-entrepreneur peut tout \u00e0 fait cr\u00e9er sa micro entreprise et avoir une activit\u00e9 salari\u00e9e. L\u2019inverse est \u00e9galement possible. Cependant, en cas de<strong> <a href=\"https:\/\/blog.legalvision.fr\/2019\/06\/10\/auto-entrepreneur-et-salarie-avantages-et-inconvenients\/\">cumul<\/a>,<\/strong> ce dernier doit tout de m\u00eame respecter certaines obligations\u00a0:<\/p>\n<ul>\n<li>\n<strong>L\u2019obligation de loyaut\u00e9<\/strong>\u00a0: le Code du Travail explique que \u00ab\u00a0<em>le contrat de travail est ex\u00e9cut\u00e9 de bonne foi<\/em>\u00ab\u00a0. L&rsquo;exercice d&rsquo;une activit\u00e9 commerciale concurrente \u00e0 celle de votre employeur est donc interdit. Cette obligation produit ses effets pendant toute la dur\u00e9e du contrat.<\/li>\n<li>Une obligation de<strong>\u00a0non concurrence<\/strong>\u00a0: la clause de non-concurrence trouve son fondement dans le pr\u00e9judice r\u00e9el que subit l&rsquo;entreprise dans le cas o\u00f9 l&rsquo;ancien salari\u00e9 exerce son activit\u00e9 dans une entreprise concurrente. Cette clause prend effet \u00e0 compter de la rupture du contrat de travail\u00a0.<\/li>\n<li>V\u00e9rifier l\u2019existence<strong> d\u2019une clause d\u2019exclusivit\u00e9<\/strong>\u00a0: elle doit figurer dans un contrat de travail (ou un avenant) \u00e9crit et sign\u00e9 par le salari\u00e9 afin de lui \u00eatre opposable. La signature manifeste l&rsquo;acceptation, par le salari\u00e9, de la clause et de tous ses effets et cons\u00e9quences.<\/li>\n<li>L\u2019activit\u00e9 ind\u00e9pendante doit s\u2019effectuer<strong> en dehors des heures de travail r\u00e9alis\u00e9es chez l\u2019employeur<\/strong>.<\/li>\n<\/ul>\n<p>D\u2019autre part, le pluriactif doit cotiser <strong>obligatoirement pour ses 2 activit\u00e9s.<\/strong><\/p>\n<p>N\u00e9anmoins, concernant la prise en charge des frais de sant\u00e9,<strong> c\u2019est uniquement le r\u00e9gime principal qui versera les prestations sociales<\/strong>. Le r\u00e9gime principal est celui des r\u00e9gimes dont l\u2019assur\u00e9 relevait \u00e0 la date \u00e0 laquelle a d\u00e9but\u00e9 sa situation de cumul. Cependant, il dispose d\u2019un droit d\u2019option et peut toujours\u00a0choisir l\u2019autre r\u00e9gime.<\/p>\n<p>Ainsi, si un salari\u00e9 vient \u00e0 cr\u00e9er sa micro entreprise, il rel\u00e8vera du R\u00e9gime g\u00e9n\u00e9ral de la s\u00e9curit\u00e9 sociale puisqu&rsquo;il \u00e9tait salari\u00e9 avant de cr\u00e9er sa micro entreprise. Cependant, il peut toujours d\u00e9cider de d\u00e9pendre du r\u00e9gime social des ind\u00e9pendants.<\/p>\n<h2 id=\"7\">Cr\u00e9er sa micro-entreprise\u00a0: les aides financi\u00e8res existantes<\/h2>\n<p>Outre l&rsquo;Acre, d\u00e9crit auparavant, d&rsquo;autres aides \u00e0 la cr\u00e9ation existent.<\/p>\n<h3>\u00a0Nouvel accompagnement pour la cr\u00e9ation ou la reprise d&rsquo;entreprise (NACRE)<\/h3>\n<p>Le <strong><a href=\"https:\/\/blog.legalvision.fr\/2019\/03\/30\/nacre-tous-les-conseils-des-experts\/\">NACRE<\/a><\/strong> permet \u00e0 certains b\u00e9n\u00e9ficiaires de cr\u00e9er ou reprendre une entreprise en \u00e9tant accompagn\u00e9s pendant 3 ans.<\/p>\n<p>Ce dispositif est d\u00e9compos\u00e9 en 3 phases distinctes :<\/p>\n<ul>\n<li>L\u2019aide au cr\u00e9ateur\/repreneur pour le montage du projet ;<\/li>\n<li>La structuration financi\u00e8re et l\u2019interm\u00e9diation bancaire ;<\/li>\n<li>L\u2019appui au d\u00e9marrage et au d\u00e9veloppement.<\/li>\n<\/ul>\n<p>L\u2019aide au montage de projet consiste \u00e0 laisser le libre choix \u00e0 l\u2019entrepreneur de l\u2019organisme conventionn\u00e9 qui va l\u2019accompagner. Ensuite, un contrat va \u00eatre conclu entre les deux parties.\u00a0L\u2019aide financi\u00e8re consiste en l\u2019attribution d\u2019un pr\u00eat \u00e0 taux z\u00e9ro (dont le montant varie entre 1 000 et 8 000 euros) d\u2019une dur\u00e9e maximale de 5 ans.<\/p>\n<h3>L\u2019Aide au retour \u00e0 l&#8217;emploi (ARE)<\/h3>\n<p><strong><a href=\"https:\/\/blog.legalvision.fr\/2019\/01\/23\/are-et-creation-entreprise-comment-ca-marche\/\">L&rsquo;ARE<\/a>,<\/strong> aussi appel\u00e9e<strong>\u00a0indemnit\u00e9s ch\u00f4mage<\/strong>, est un revenu de remplacement vers\u00e9 par l\u2019<strong>Assurance ch\u00f4mage<\/strong>. N\u00e9anmoins, ce dispositif est\u00a0mis en oeuvre\u00a0sous certaines conditions\u00a0et pendant une p\u00e9riode variable selon la dur\u00e9e de l\u2019activit\u00e9 professionnelle ant\u00e9rieure de l\u2019assur\u00e9.<\/p>\n<p>Pour percevoir l&rsquo;ARE,\u00a0le\u00a0demandeur doit\u00a0:<\/p>\n<ul>\n<li>\n<strong>\u00eatre inscrit comme demandeur d&#8217;emploi<\/strong> ou accomplir <strong>une formation<\/strong> inscrite dans votre\u00a0projet personnalis\u00e9 d\u2019acc\u00e8s \u00e0 l&#8217;emploi (PPAE)\u00a0Le demandeur doit s&rsquo;inscrire dans les 12 mois suivant la fin de\u00a0son contrat de travail.<\/li>\n<li>De plus, il doit accomplir <strong>des actes positifs et r\u00e9p\u00e9t\u00e9s<\/strong> (par exemple, consultation quotidienne d&rsquo;offres d&#8217;emploi) en vue de retrouver un emploi ou de cr\u00e9er ou de reprendre une entreprise.<\/li>\n<li>Pour b\u00e9n\u00e9ficier de l&rsquo;ARE, il faut justifier, \u00e0 la date de fin du contrat de travail, <strong>d&rsquo;une p\u00e9riode minimale de travail<\/strong> dite\u00a0<em>dur\u00e9e d&rsquo;affiliation\u00a0<\/em>de 88 jours ou 610 heures de travail, au cours des\u00a028 derniers mois (pour les personnes qui ont moins de 53 ans) ou 36 mois\u00a036 mois (apr\u00e8s 53 ans).<\/li>\n<\/ul>\n<h3>L&rsquo;Aide \u00e0 la reprise ou cr\u00e9ation d&rsquo;entreprise (ARCE)<\/h3>\n<p><strong><a href=\"https:\/\/blog.legalvision.fr\/2018\/10\/07\/demande-arce-pole-emploi\/\">L&rsquo;ARCE<\/a>\u00a0<\/strong>est vers\u00e9e par P\u00f4le emploi. Elle consiste \u00e0 recevoir ses allocations ch\u00f4mage sous la forme de capital.<\/p>\n<p>Les personnes suivantes peuvent pr\u00e9tendre \u00e0 l&rsquo;Arce\u00a0:<\/p>\n<ul>\n<li style=\"list-style-type: none;\">\n<ul>\n<li>Le demandeur d&#8217;emploi<strong> b\u00e9n\u00e9ficiaire de\u00a0l&rsquo;ARE<\/strong>\u00a0qui cr\u00e9e ou reprend une entreprise,<\/li>\n<li>Le demandeur d&#8217;emploi autoris\u00e9 \u00e0 b\u00e9n\u00e9ficier de l&rsquo;ARE <strong>mais qui ne la per\u00e7oit pas au moment du d\u00e9marrage de son activit\u00e9,<\/strong>\n<\/li>\n<li>\n<strong>La personne licenci\u00e9e<\/strong> qui commence ses d\u00e9marches pour cr\u00e9er ou reprendre une entreprise pendant sa p\u00e9riode de\u00a0pr\u00e9avis,\u00a0de son\u00a0cong\u00e9 de reclassement,\u00a0ou de son\u00a0cong\u00e9 de mobilit\u00e9,\u00a0et qui est admise au b\u00e9n\u00e9fice de l&rsquo;ARE.<\/li>\n<\/ul>\n<\/li>\n<\/ul>\n<p><\/p>\n<div class=\"wp-block-button\" style=\"text-align:center;\"><a class=\"wp-block-button__link has-background\" href=\"https:\/\/www.legalvision.fr\/tous-les-services\/\">Commencer ma cr\u00e9ation d&rsquo;entreprise<\/a><\/div>\n","protected":false},"excerpt":{"rendered":"<p>Cr\u00e9er sa micro entreprise, c&rsquo;est possible avec LegalVision ! Cr\u00e9er une micro entreprise n\u00e9cessite d&rsquo;\u00eatre bien inform\u00e9. Le micro-entrepreneur \u00e9tant un ind\u00e9pendant, son statut diff\u00e8re avec celui du salari\u00e9 sur plusieurs points. C&rsquo;est le cas par exemple de sa protection sociale, ou encore de ses cotisations sociales. Par ailleurs, plusieurs formalit\u00e9s doivent \u00eatre effectu\u00e9es avant&hellip; <a class=\"more-link\" href=\"https:\/\/www.legalvision.fr\/guides-juridiques\/creer-son-entreprise\/creer-sa-micro-entreprise-tous-les-conseils-des-experts\/\">Poursuivre la lecture <span class=\"screen-reader-text\">Cr\u00e9er sa micro entreprise en 2019 : comment faire ?<\/span><\/a><\/p>\n","protected":false},"author":30,"featured_media":24482,"comment_status":"open","ping_status":"open","sticky":false,"template":"","format":"standard","meta":{"content-type":"","inline_featured_image":false,"footnotes":""},"categories":[2481],"tags":[],"class_list":["post-16842","post","type-post","status-publish","format-standard","has-post-thumbnail","hentry","category-creer-son-entreprise","entry"],"yoast_head":"<!-- This site is optimized with the Yoast SEO plugin v27.1.1 - https:\/\/yoast.com\/product\/yoast-seo-wordpress\/ -->\n<title>Cr\u00e9er sa micro entreprise en 2019 : comment faire ?<\/title>\n<meta name=\"description\" content=\"Comment cr\u00e9er sa micro entreprise ? Quels sont les avantages d&#039;un tel r\u00e9gime ? Quelles sont les aides \u00e0 la cr\u00e9ation ? LegalVision vous explique tout.\" \/>\n<meta name=\"robots\" content=\"index, follow, max-snippet:-1, max-image-preview:large, max-video-preview:-1\" \/>\n<link rel=\"canonical\" href=\"https:\/\/www.legalvision.fr\/guides-juridiques\/creer-son-entreprise\/creer-sa-micro-entreprise-tous-les-conseils-des-experts\/\" \/>\n<meta property=\"og:locale\" content=\"fr_FR\" \/>\n<meta property=\"og:type\" content=\"article\" \/>\n<meta property=\"og:title\" content=\"Cr\u00e9er sa micro entreprise en 2019 : comment faire ?\" \/>\n<meta property=\"og:description\" content=\"Comment cr\u00e9er sa micro entreprise ? Quels sont les avantages d&#039;un tel r\u00e9gime ? Quelles sont les aides \u00e0 la cr\u00e9ation ? LegalVision vous explique tout.\" \/>\n<meta property=\"og:url\" content=\"https:\/\/www.legalvision.fr\/guides-juridiques\/creer-son-entreprise\/creer-sa-micro-entreprise-tous-les-conseils-des-experts\/\" \/>\n<meta property=\"og:site_name\" content=\"Guides juridiques\" \/>\n<meta property=\"article:published_time\" content=\"2019-06-17T06:30:54+00:00\" \/>\n<meta property=\"article:modified_time\" content=\"2022-03-27T19:20:54+00:00\" \/>\n<meta property=\"og:image\" content=\"https:\/\/www.legalvision.fr\/guides-juridiques\/wp-content\/uploads\/2019\/06\/Cr\u00e9er-sa-micro-entreprise-min.jpg\" \/>\n\t<meta property=\"og:image:width\" content=\"958\" \/>\n\t<meta property=\"og:image:height\" content=\"350\" \/>\n\t<meta property=\"og:image:type\" content=\"image\/jpeg\" \/>\n<meta name=\"author\" content=\"William Lebrun\" \/>\n<meta name=\"twitter:card\" content=\"summary_large_image\" \/>\n<meta name=\"twitter:label1\" content=\"\u00c9crit par\" \/>\n\t<meta name=\"twitter:data1\" content=\"William Lebrun\" \/>\n\t<meta name=\"twitter:label2\" content=\"Dur\u00e9e de lecture estim\u00e9e\" \/>\n\t<meta name=\"twitter:data2\" content=\"16 minutes\" \/>\n<script type=\"application\/ld+json\" class=\"yoast-schema-graph\">{\"@context\":\"https:\/\/schema.org\",\"@graph\":[{\"@type\":\"Article\",\"@id\":\"https:\/\/www.legalvision.fr\/guides-juridiques\/creer-son-entreprise\/creer-sa-micro-entreprise-tous-les-conseils-des-experts\/#article\",\"isPartOf\":{\"@id\":\"https:\/\/www.legalvision.fr\/guides-juridiques\/creer-son-entreprise\/creer-sa-micro-entreprise-tous-les-conseils-des-experts\/\"},\"author\":{\"name\":\"William Lebrun\",\"@id\":\"https:\/\/www.legalvision.fr\/guides-juridiques\/#\/schema\/person\/3d24d0c20575138ed212b2e4b6f7b4b0\"},\"headline\":\"Cr\u00e9er sa micro entreprise en 2019 : comment faire ?\",\"datePublished\":\"2019-06-17T06:30:54+00:00\",\"dateModified\":\"2022-03-27T19:20:54+00:00\",\"mainEntityOfPage\":{\"@id\":\"https:\/\/www.legalvision.fr\/guides-juridiques\/creer-son-entreprise\/creer-sa-micro-entreprise-tous-les-conseils-des-experts\/\"},\"wordCount\":3347,\"commentCount\":0,\"publisher\":{\"@id\":\"https:\/\/www.legalvision.fr\/guides-juridiques\/#organization\"},\"image\":{\"@id\":\"https:\/\/www.legalvision.fr\/guides-juridiques\/creer-son-entreprise\/creer-sa-micro-entreprise-tous-les-conseils-des-experts\/#primaryimage\"},\"thumbnailUrl\":\"https:\/\/www.legalvision.fr\/guides-juridiques\/wp-content\/uploads\/2019\/06\/Cr\u00e9er-sa-micro-entreprise-min.jpg\",\"articleSection\":[\"Cr\u00e9er son entreprise\"],\"inLanguage\":\"fr-FR\",\"potentialAction\":[{\"@type\":\"CommentAction\",\"name\":\"Comment\",\"target\":[\"https:\/\/www.legalvision.fr\/guides-juridiques\/creer-son-entreprise\/creer-sa-micro-entreprise-tous-les-conseils-des-experts\/#respond\"]}]},{\"@type\":\"WebPage\",\"@id\":\"https:\/\/www.legalvision.fr\/guides-juridiques\/creer-son-entreprise\/creer-sa-micro-entreprise-tous-les-conseils-des-experts\/\",\"url\":\"https:\/\/www.legalvision.fr\/guides-juridiques\/creer-son-entreprise\/creer-sa-micro-entreprise-tous-les-conseils-des-experts\/\",\"name\":\"Cr\u00e9er sa micro entreprise en 2019 : comment faire ?\",\"isPartOf\":{\"@id\":\"https:\/\/www.legalvision.fr\/guides-juridiques\/#website\"},\"primaryImageOfPage\":{\"@id\":\"https:\/\/www.legalvision.fr\/guides-juridiques\/creer-son-entreprise\/creer-sa-micro-entreprise-tous-les-conseils-des-experts\/#primaryimage\"},\"image\":{\"@id\":\"https:\/\/www.legalvision.fr\/guides-juridiques\/creer-son-entreprise\/creer-sa-micro-entreprise-tous-les-conseils-des-experts\/#primaryimage\"},\"thumbnailUrl\":\"https:\/\/www.legalvision.fr\/guides-juridiques\/wp-content\/uploads\/2019\/06\/Cr\u00e9er-sa-micro-entreprise-min.jpg\",\"datePublished\":\"2019-06-17T06:30:54+00:00\",\"dateModified\":\"2022-03-27T19:20:54+00:00\",\"description\":\"Comment cr\u00e9er sa micro entreprise ? Quels sont les avantages d'un tel r\u00e9gime ? Quelles sont les aides \u00e0 la cr\u00e9ation ? LegalVision vous explique tout.\",\"breadcrumb\":{\"@id\":\"https:\/\/www.legalvision.fr\/guides-juridiques\/creer-son-entreprise\/creer-sa-micro-entreprise-tous-les-conseils-des-experts\/#breadcrumb\"},\"inLanguage\":\"fr-FR\",\"potentialAction\":[{\"@type\":\"ReadAction\",\"target\":[\"https:\/\/www.legalvision.fr\/guides-juridiques\/creer-son-entreprise\/creer-sa-micro-entreprise-tous-les-conseils-des-experts\/\"]}]},{\"@type\":\"ImageObject\",\"inLanguage\":\"fr-FR\",\"@id\":\"https:\/\/www.legalvision.fr\/guides-juridiques\/creer-son-entreprise\/creer-sa-micro-entreprise-tous-les-conseils-des-experts\/#primaryimage\",\"url\":\"https:\/\/www.legalvision.fr\/guides-juridiques\/wp-content\/uploads\/2019\/06\/Cr\u00e9er-sa-micro-entreprise-min.jpg\",\"contentUrl\":\"https:\/\/www.legalvision.fr\/guides-juridiques\/wp-content\/uploads\/2019\/06\/Cr\u00e9er-sa-micro-entreprise-min.jpg\",\"width\":958,\"height\":350,\"caption\":\"Cr\u00e9er sa micro entreprise\"},{\"@type\":\"BreadcrumbList\",\"@id\":\"https:\/\/www.legalvision.fr\/guides-juridiques\/creer-son-entreprise\/creer-sa-micro-entreprise-tous-les-conseils-des-experts\/#breadcrumb\",\"itemListElement\":[{\"@type\":\"ListItem\",\"position\":1,\"name\":\"Accueil\",\"item\":\"https:\/\/www.legalvision.fr\/guides-juridiques\/\"},{\"@type\":\"ListItem\",\"position\":2,\"name\":\"Cr\u00e9er son entreprise\",\"item\":\"https:\/\/www.legalvision.fr\/guides-juridiques\/creer-son-entreprise\/\"},{\"@type\":\"ListItem\",\"position\":3,\"name\":\"Cr\u00e9er sa micro entreprise en 2019 : comment faire ?\"}]},{\"@type\":\"WebSite\",\"@id\":\"https:\/\/www.legalvision.fr\/guides-juridiques\/#website\",\"url\":\"https:\/\/www.legalvision.fr\/guides-juridiques\/\",\"name\":\"Guides juridiques\",\"description\":\"L&#039;information juridique \u00e0 destination des entreprises et TPE\",\"publisher\":{\"@id\":\"https:\/\/www.legalvision.fr\/guides-juridiques\/#organization\"},\"potentialAction\":[{\"@type\":\"SearchAction\",\"target\":{\"@type\":\"EntryPoint\",\"urlTemplate\":\"https:\/\/www.legalvision.fr\/guides-juridiques\/?s={search_term_string}\"},\"query-input\":{\"@type\":\"PropertyValueSpecification\",\"valueRequired\":true,\"valueName\":\"search_term_string\"}}],\"inLanguage\":\"fr-FR\"},{\"@type\":\"Organization\",\"@id\":\"https:\/\/www.legalvision.fr\/guides-juridiques\/#organization\",\"name\":\"Guides juridiques\",\"url\":\"https:\/\/www.legalvision.fr\/guides-juridiques\/\",\"logo\":{\"@type\":\"ImageObject\",\"inLanguage\":\"fr-FR\",\"@id\":\"https:\/\/www.legalvision.fr\/guides-juridiques\/#\/schema\/logo\/image\/\",\"url\":\"https:\/\/www.legalvision.fr\/guides-juridiques\/wp-content\/uploads\/2022\/10\/LV-Logotype.png\",\"contentUrl\":\"https:\/\/www.legalvision.fr\/guides-juridiques\/wp-content\/uploads\/2022\/10\/LV-Logotype.png\",\"width\":647,\"height\":125,\"caption\":\"Guides juridiques\"},\"image\":{\"@id\":\"https:\/\/www.legalvision.fr\/guides-juridiques\/#\/schema\/logo\/image\/\"}},{\"@type\":\"Person\",\"@id\":\"https:\/\/www.legalvision.fr\/guides-juridiques\/#\/schema\/person\/3d24d0c20575138ed212b2e4b6f7b4b0\",\"name\":\"William Lebrun\",\"image\":{\"@type\":\"ImageObject\",\"inLanguage\":\"fr-FR\",\"@id\":\"https:\/\/www.legalvision.fr\/guides-juridiques\/#\/schema\/person\/image\/\",\"url\":\"https:\/\/www.legalvision.fr\/guides-juridiques\/wp-content\/uploads\/2023\/07\/cropped-homme1-96x96.png\",\"contentUrl\":\"https:\/\/www.legalvision.fr\/guides-juridiques\/wp-content\/uploads\/2023\/07\/cropped-homme1-96x96.png\",\"caption\":\"William Lebrun\"},\"description\":\"B\u00e9n\u00e9ficiant de la formation d'un double dipl\u00f4me en droit des affaires et en \u00e9cole de commerce, j'ai un fort attrait pour le droit des soci\u00e9t\u00e9s. Je r\u00e9dige des articles pour vous aider sur vos probl\u00e9matiques.\",\"url\":\"https:\/\/www.legalvision.fr\/guides-juridiques\/author\/aina-rakoto\/\"}]}<\/script>\n<!-- \/ Yoast SEO plugin. -->","yoast_head_json":{"title":"Cr\u00e9er sa micro entreprise en 2019 : comment faire ?","description":"Comment cr\u00e9er sa micro entreprise ? Quels sont les avantages d'un tel r\u00e9gime ? Quelles sont les aides \u00e0 la cr\u00e9ation ? LegalVision vous explique tout.","robots":{"index":"index","follow":"follow","max-snippet":"max-snippet:-1","max-image-preview":"max-image-preview:large","max-video-preview":"max-video-preview:-1"},"canonical":"https:\/\/www.legalvision.fr\/guides-juridiques\/creer-son-entreprise\/creer-sa-micro-entreprise-tous-les-conseils-des-experts\/","og_locale":"fr_FR","og_type":"article","og_title":"Cr\u00e9er sa micro entreprise en 2019 : comment faire ?","og_description":"Comment cr\u00e9er sa micro entreprise ? Quels sont les avantages d'un tel r\u00e9gime ? Quelles sont les aides \u00e0 la cr\u00e9ation ? LegalVision vous explique tout.","og_url":"https:\/\/www.legalvision.fr\/guides-juridiques\/creer-son-entreprise\/creer-sa-micro-entreprise-tous-les-conseils-des-experts\/","og_site_name":"Guides juridiques","article_published_time":"2019-06-17T06:30:54+00:00","article_modified_time":"2022-03-27T19:20:54+00:00","og_image":[{"width":958,"height":350,"url":"https:\/\/www.legalvision.fr\/guides-juridiques\/wp-content\/uploads\/2019\/06\/Cr\u00e9er-sa-micro-entreprise-min.jpg","type":"image\/jpeg"}],"author":"William Lebrun","twitter_card":"summary_large_image","twitter_misc":{"\u00c9crit par":"William Lebrun","Dur\u00e9e de lecture estim\u00e9e":"16 minutes"},"schema":{"@context":"https:\/\/schema.org","@graph":[{"@type":"Article","@id":"https:\/\/www.legalvision.fr\/guides-juridiques\/creer-son-entreprise\/creer-sa-micro-entreprise-tous-les-conseils-des-experts\/#article","isPartOf":{"@id":"https:\/\/www.legalvision.fr\/guides-juridiques\/creer-son-entreprise\/creer-sa-micro-entreprise-tous-les-conseils-des-experts\/"},"author":{"name":"William Lebrun","@id":"https:\/\/www.legalvision.fr\/guides-juridiques\/#\/schema\/person\/3d24d0c20575138ed212b2e4b6f7b4b0"},"headline":"Cr\u00e9er sa micro entreprise en 2019 : comment faire ?","datePublished":"2019-06-17T06:30:54+00:00","dateModified":"2022-03-27T19:20:54+00:00","mainEntityOfPage":{"@id":"https:\/\/www.legalvision.fr\/guides-juridiques\/creer-son-entreprise\/creer-sa-micro-entreprise-tous-les-conseils-des-experts\/"},"wordCount":3347,"commentCount":0,"publisher":{"@id":"https:\/\/www.legalvision.fr\/guides-juridiques\/#organization"},"image":{"@id":"https:\/\/www.legalvision.fr\/guides-juridiques\/creer-son-entreprise\/creer-sa-micro-entreprise-tous-les-conseils-des-experts\/#primaryimage"},"thumbnailUrl":"https:\/\/www.legalvision.fr\/guides-juridiques\/wp-content\/uploads\/2019\/06\/Cr\u00e9er-sa-micro-entreprise-min.jpg","articleSection":["Cr\u00e9er son entreprise"],"inLanguage":"fr-FR","potentialAction":[{"@type":"CommentAction","name":"Comment","target":["https:\/\/www.legalvision.fr\/guides-juridiques\/creer-son-entreprise\/creer-sa-micro-entreprise-tous-les-conseils-des-experts\/#respond"]}]},{"@type":"WebPage","@id":"https:\/\/www.legalvision.fr\/guides-juridiques\/creer-son-entreprise\/creer-sa-micro-entreprise-tous-les-conseils-des-experts\/","url":"https:\/\/www.legalvision.fr\/guides-juridiques\/creer-son-entreprise\/creer-sa-micro-entreprise-tous-les-conseils-des-experts\/","name":"Cr\u00e9er sa micro entreprise en 2019 : comment faire ?","isPartOf":{"@id":"https:\/\/www.legalvision.fr\/guides-juridiques\/#website"},"primaryImageOfPage":{"@id":"https:\/\/www.legalvision.fr\/guides-juridiques\/creer-son-entreprise\/creer-sa-micro-entreprise-tous-les-conseils-des-experts\/#primaryimage"},"image":{"@id":"https:\/\/www.legalvision.fr\/guides-juridiques\/creer-son-entreprise\/creer-sa-micro-entreprise-tous-les-conseils-des-experts\/#primaryimage"},"thumbnailUrl":"https:\/\/www.legalvision.fr\/guides-juridiques\/wp-content\/uploads\/2019\/06\/Cr\u00e9er-sa-micro-entreprise-min.jpg","datePublished":"2019-06-17T06:30:54+00:00","dateModified":"2022-03-27T19:20:54+00:00","description":"Comment cr\u00e9er sa micro entreprise ? Quels sont les avantages d'un tel r\u00e9gime ? Quelles sont les aides \u00e0 la cr\u00e9ation ? LegalVision vous explique tout.","breadcrumb":{"@id":"https:\/\/www.legalvision.fr\/guides-juridiques\/creer-son-entreprise\/creer-sa-micro-entreprise-tous-les-conseils-des-experts\/#breadcrumb"},"inLanguage":"fr-FR","potentialAction":[{"@type":"ReadAction","target":["https:\/\/www.legalvision.fr\/guides-juridiques\/creer-son-entreprise\/creer-sa-micro-entreprise-tous-les-conseils-des-experts\/"]}]},{"@type":"ImageObject","inLanguage":"fr-FR","@id":"https:\/\/www.legalvision.fr\/guides-juridiques\/creer-son-entreprise\/creer-sa-micro-entreprise-tous-les-conseils-des-experts\/#primaryimage","url":"https:\/\/www.legalvision.fr\/guides-juridiques\/wp-content\/uploads\/2019\/06\/Cr\u00e9er-sa-micro-entreprise-min.jpg","contentUrl":"https:\/\/www.legalvision.fr\/guides-juridiques\/wp-content\/uploads\/2019\/06\/Cr\u00e9er-sa-micro-entreprise-min.jpg","width":958,"height":350,"caption":"Cr\u00e9er sa micro entreprise"},{"@type":"BreadcrumbList","@id":"https:\/\/www.legalvision.fr\/guides-juridiques\/creer-son-entreprise\/creer-sa-micro-entreprise-tous-les-conseils-des-experts\/#breadcrumb","itemListElement":[{"@type":"ListItem","position":1,"name":"Accueil","item":"https:\/\/www.legalvision.fr\/guides-juridiques\/"},{"@type":"ListItem","position":2,"name":"Cr\u00e9er son entreprise","item":"https:\/\/www.legalvision.fr\/guides-juridiques\/creer-son-entreprise\/"},{"@type":"ListItem","position":3,"name":"Cr\u00e9er sa micro entreprise en 2019 : comment faire ?"}]},{"@type":"WebSite","@id":"https:\/\/www.legalvision.fr\/guides-juridiques\/#website","url":"https:\/\/www.legalvision.fr\/guides-juridiques\/","name":"Guides juridiques","description":"L&#039;information juridique \u00e0 destination des entreprises et TPE","publisher":{"@id":"https:\/\/www.legalvision.fr\/guides-juridiques\/#organization"},"potentialAction":[{"@type":"SearchAction","target":{"@type":"EntryPoint","urlTemplate":"https:\/\/www.legalvision.fr\/guides-juridiques\/?s={search_term_string}"},"query-input":{"@type":"PropertyValueSpecification","valueRequired":true,"valueName":"search_term_string"}}],"inLanguage":"fr-FR"},{"@type":"Organization","@id":"https:\/\/www.legalvision.fr\/guides-juridiques\/#organization","name":"Guides juridiques","url":"https:\/\/www.legalvision.fr\/guides-juridiques\/","logo":{"@type":"ImageObject","inLanguage":"fr-FR","@id":"https:\/\/www.legalvision.fr\/guides-juridiques\/#\/schema\/logo\/image\/","url":"https:\/\/www.legalvision.fr\/guides-juridiques\/wp-content\/uploads\/2022\/10\/LV-Logotype.png","contentUrl":"https:\/\/www.legalvision.fr\/guides-juridiques\/wp-content\/uploads\/2022\/10\/LV-Logotype.png","width":647,"height":125,"caption":"Guides juridiques"},"image":{"@id":"https:\/\/www.legalvision.fr\/guides-juridiques\/#\/schema\/logo\/image\/"}},{"@type":"Person","@id":"https:\/\/www.legalvision.fr\/guides-juridiques\/#\/schema\/person\/3d24d0c20575138ed212b2e4b6f7b4b0","name":"William Lebrun","image":{"@type":"ImageObject","inLanguage":"fr-FR","@id":"https:\/\/www.legalvision.fr\/guides-juridiques\/#\/schema\/person\/image\/","url":"https:\/\/www.legalvision.fr\/guides-juridiques\/wp-content\/uploads\/2023\/07\/cropped-homme1-96x96.png","contentUrl":"https:\/\/www.legalvision.fr\/guides-juridiques\/wp-content\/uploads\/2023\/07\/cropped-homme1-96x96.png","caption":"William Lebrun"},"description":"B\u00e9n\u00e9ficiant de la formation d'un double dipl\u00f4me en droit des affaires et en \u00e9cole de commerce, j'ai un fort attrait pour le droit des soci\u00e9t\u00e9s. Je r\u00e9dige des articles pour vous aider sur vos probl\u00e9matiques.","url":"https:\/\/www.legalvision.fr\/guides-juridiques\/author\/aina-rakoto\/"}]}},"_links":{"self":[{"href":"https:\/\/www.legalvision.fr\/guides-juridiques\/wp-json\/wp\/v2\/posts\/16842","targetHints":{"allow":["GET"]}}],"collection":[{"href":"https:\/\/www.legalvision.fr\/guides-juridiques\/wp-json\/wp\/v2\/posts"}],"about":[{"href":"https:\/\/www.legalvision.fr\/guides-juridiques\/wp-json\/wp\/v2\/types\/post"}],"author":[{"embeddable":true,"href":"https:\/\/www.legalvision.fr\/guides-juridiques\/wp-json\/wp\/v2\/users\/30"}],"replies":[{"embeddable":true,"href":"https:\/\/www.legalvision.fr\/guides-juridiques\/wp-json\/wp\/v2\/comments?post=16842"}],"version-history":[{"count":0,"href":"https:\/\/www.legalvision.fr\/guides-juridiques\/wp-json\/wp\/v2\/posts\/16842\/revisions"}],"wp:featuredmedia":[{"embeddable":true,"href":"https:\/\/www.legalvision.fr\/guides-juridiques\/wp-json\/wp\/v2\/media\/24482"}],"wp:attachment":[{"href":"https:\/\/www.legalvision.fr\/guides-juridiques\/wp-json\/wp\/v2\/media?parent=16842"}],"wp:term":[{"taxonomy":"category","embeddable":true,"href":"https:\/\/www.legalvision.fr\/guides-juridiques\/wp-json\/wp\/v2\/categories?post=16842"},{"taxonomy":"post_tag","embeddable":true,"href":"https:\/\/www.legalvision.fr\/guides-juridiques\/wp-json\/wp\/v2\/tags?post=16842"}],"curies":[{"name":"wp","href":"https:\/\/api.w.org\/{rel}","templated":true}]}}