{"id":16678,"date":"2019-06-19T07:30:20","date_gmt":"2019-06-19T06:30:20","guid":{"rendered":"https:\/\/blog.legalvision.fr\/?p=16678"},"modified":"2023-03-02T11:52:56","modified_gmt":"2023-03-02T10:52:56","slug":"plafond-auto-entrepreneur","status":"publish","type":"post","link":"https:\/\/www.legalvision.fr\/guides-juridiques\/auto-entrepreneur\/plafond-auto-entrepreneur\/","title":{"rendered":"Tour d&rsquo;horizon sur les plafonds des auto-entrepreneurs"},"content":{"rendered":"<p><strong>Plafond auto entrepreneur qu&rsquo;est-ce que cela signifie ?\u00a0<\/strong><\/p>\n<p>Tout d&rsquo;abord, l&rsquo;auto entreprise n&rsquo;existe plus juridiquement depuis le 1 er janvier 2016. En effet, depuis cette date on doit parler de <a href=\"https:\/\/blog.legalvision.fr\/2019\/06\/17\/creer-sa-micro-entreprise-tous-les-conseils-des-experts\/\">micro entreprise<\/a>, les termes de micro entreprise et d&rsquo;auto entreprise d\u00e9crivent donc la m\u00eame r\u00e9alit\u00e9.\u00a0 Nous parlerons tout de m\u00eame d&rsquo;auto entreprise car c&rsquo;est le mot utilis\u00e9 dans le langage courant.<\/p>\n<p><strong>Le r\u00e9gime de la micro entreprise<\/strong> a \u00e9t\u00e9 mis en place pour simplifier l\u2019entrepreneuriat \u00e0 toutes les personnes qui souhaitent monter leur entreprise. En effet, ce r\u00e9gime correspond \u00e0 un r\u00e9gime simplifi\u00e9 au niveau comptable, fiscal et social. Les obligations sont moindres que celles du r\u00e9gime g\u00e9n\u00e9ral de l&rsquo;entreprise individuelle ou des soci\u00e9t\u00e9s, il faudra n\u00e9anmoins garder les <a href=\"https:\/\/blog.legalvision.fr\/2018\/08\/22\/facture-auto-entrepreneur\/\">factures d&rsquo;auto entrepreneur<\/a>. Nous vous d\u00e9taillons pr\u00e9cis\u00e9ment tout ce qu&rsquo;il faut savoir sur le r\u00e9gime de la micro entreprise\u00a0<a href=\"https:\/\/blog.legalvision.fr\/2019\/03\/26\/devenir-auto-entrepreneur-en-2019-tous-les-conseils-des-experts\/\">ici<\/a>.<\/p>\n<p>Vous<strong> pourrez opter pour le r\u00e9gime de la micro entreprise<\/strong> si vous rev\u00eatez l&rsquo;un des\u00a0trois statuts juridiques suivants :<\/p>\n<ul>\n<li>L\u2019<a href=\"https:\/\/www.legalvision.fr\/creation-dentreprise\/creation-entreprise-individuelle\/\">entreprise individuelle<\/a>\u00a0(EI) ;<\/li>\n<li>Celle de l\u2019entreprise individuelle \u00e0 responsabilit\u00e9 limit\u00e9e (<a href=\"https:\/\/www.legalvision.fr\/creation-dentreprise\/creation-eirl\/\">EIRL<\/a>) ;<\/li>\n<li>L\u2019entreprise unipersonnelle \u00e0 responsabilit\u00e9 limit\u00e9e\u00a0<a href=\"https:\/\/www.legalvision.fr\/creation-dentreprise\/creation-eurl\/\">(EURL)<\/a>.<\/li>\n<\/ul>\n<p>Ce r\u00e9gime simplifi\u00e9 ne s&rsquo;applique <strong>qu&rsquo;aux personnes\u00a0qui d\u00e9butent ou\u00a0qui ont un faible chiffre d&rsquo;affaires.<\/strong>\u00a0C&rsquo;est pour cette raison que le l\u00e9gislateur a fix\u00e9 des plafonds de chiffre d&rsquo;affaires \u00e0 ne pas d\u00e9passer. Si vous les d\u00e9passez, vous ne pourrez plus b\u00e9n\u00e9ficier de ce r\u00e9gime.<\/p>\n<p><span style=\"font-weight: 400;\">N\u00e9anmoins, si c\u2019est le <\/span><b>statut auto entrepreneur<\/b><span style=\"font-weight: 400;\"> a de nombreux avantages, il faut avoir en t\u00eate que ce r\u00e9gime est adapt\u00e9 \u00e0 un commencement d\u2019activit\u00e9 et\/ou dont le chiffre d\u2019affaires est limit\u00e9. En effet, il faut veiller \u00e0 ne pas d\u00e9passer le seuil auto entrepreneur (ou limite auto entrepreneur), car ce d\u00e9passement a des cons\u00e9quences. <\/span><\/p>\n<p>Ainsi, nous allons voir que la micro entreprise a des\u00a0<strong>plafonds de chiffre d&rsquo;affaires<\/strong> mais aussi <strong>des plafonds de TVA. <\/strong>Nous verrons ensuite <strong>dans quels cas les plafonds sont d\u00e9pass\u00e9s<\/strong> et <strong>quels sont les cons\u00e9quences du d\u00e9passement<\/strong> de ces plafonds.<\/p>\n<h3><strong>Sommaire :\u00a0<\/strong><\/h3>\n<p><a href=\"#1\"><strong>Le plafond de chiffre d&rsquo;affaires\u00a0<\/strong><\/a><br \/>\n<a href=\"#2\"><strong>Le plafond TVA auto entrepreneur\u00a0<\/strong><\/a><br \/>\n<a href=\"#3\"><strong>Quand d\u00e9passez vous le plafond auto entrepreneur ?<\/strong><\/a><br \/>\n<a href=\"#4\"><strong>Les cons\u00e9quences du d\u00e9passement du plafond<\/strong><\/a><\/p>\n<div class=\"wp-block-button\" style=\"text-align: center;\"><a class=\"wp-block-button__link has-background\" href=\"https:\/\/www.legalvision.fr\/creation-dentreprise\/statut-auto-entrepreneur\/\">Commencer les d\u00e9marches pour mon auto-entreprise<\/a><\/div>\n<h2><b>L\u2019auto-entreprise \/ micro-entreprise : de quoi s\u2019agit-il ?\u00a0<\/b><\/h2>\n<p><span style=\"font-weight: 400;\">Lorsque l\u2019on parle d\u2019une auto-entreprise, il s\u2019agit en r\u00e9alit\u00e9 d\u2019une micro-entreprise qui est form\u00e9e par un entrepreneur individuel (l\u2019auto-entrepreneur).\u00a0<\/span><\/p>\n<p><span style=\"font-weight: 400;\">Cet entrepreneur individuel b\u00e9n\u00e9ficie d\u2019un statut d\u2019auto-entrepreneur qui lui permet de b\u00e9n\u00e9ficier d\u2019un r\u00e9gime social et fiscal simplifi\u00e9 et avantageux. Il permet de cr\u00e9er rapidement un soci\u00e9t\u00e9 afin d\u2019exercer une activit\u00e9 commerciale, artisanale ou lib\u00e9rale ind\u00e9pendante (except\u00e9 certaines activit\u00e9es r\u00e9glement\u00e9es), \u00e0 titre principal ou compl\u00e9mentaire. Autrement dit, l\u2019auto-entrepreneur peut exercer en parall\u00e8le une activit\u00e9 (salari\u00e9e, \u00e9tudiante, retrait\u00e9, etc.).\u00a0<\/span><\/p>\n<p><span style=\"font-weight: 400;\">Cette forme de soci\u00e9t\u00e9 est simplifi\u00e9e aussi bien quant \u00e0 la rapidit\u00e9 de sa cr\u00e9ation que dans sa gestion. En effet, le mode de calcul et de paiement des cotisations sociales et de l\u2019imp\u00f4t sur le revenu est grandement facilit\u00e9.\u00a0<\/span><\/p>\n<ul>\n<li style=\"font-weight: 400;\" aria-level=\"1\"><span style=\"font-weight: 400;\">Les avantages du statut d\u2019auto-entrepreneur :\u00a0<\/span><\/li>\n<\/ul>\n<ul>\n<li style=\"font-weight: 400;\" aria-level=\"1\"><span style=\"font-weight: 400;\">La dispense d&rsquo;immatriculation au registre du commerce et des soci\u00e9t\u00e9s (RCS) pour les commer\u00e7ants, ou au r\u00e9pertoire des m\u00e9tiers (RM) pour les artisans ; toutefois, l&rsquo;auto-entrepreneur qui cr\u00e9e une activit\u00e9 artisanale \u00e0 titre principal, doit s&rsquo;inscrire au RM.<\/span><\/li>\n<li style=\"font-weight: 400;\" aria-level=\"1\"><span style=\"font-weight: 400;\">La possibilit\u00e9 de b\u00e9n\u00e9ficier d\u2019une protection sociale d\u00e9di\u00e9e (couverture maladie, retraite, etc).;\u00a0<\/span><\/li>\n<\/ul>\n<ul>\n<li style=\"font-weight: 400;\" aria-level=\"1\"><span style=\"font-weight: 400;\">Le r\u00e9gime micro-social simplifi\u00e9 ;<\/span><\/li>\n<li style=\"font-weight: 400;\" aria-level=\"1\"><span style=\"font-weight: 400;\">La possibilit\u00e9 d\u2019opter pour un r\u00e9gime micro-fiscal simplifi\u00e9 (versement lib\u00e9ratoire de l&rsquo;imp\u00f4t sur le revenu) et d&rsquo;une exon\u00e9ration de la cotisation fonci\u00e8re des entreprises pendant 3 ans \u00e0 compter de la date de cr\u00e9ation ;<\/span><\/li>\n<li style=\"font-weight: 400;\" aria-level=\"1\"><span style=\"font-weight: 400;\">De b\u00e9n\u00e9ficier d\u2019une exon\u00e9ration de TVA ;<\/span><\/li>\n<li style=\"font-weight: 400;\" aria-level=\"1\"><span style=\"font-weight: 400;\">Le droit \u00e0 la formation professionnelle.\u00a0<\/span><\/li>\n<\/ul>\n<p><span style=\"font-weight: 400;\">N\u00e9anmoins, ce statut peut \u00eatre conserv\u00e9 que si l\u2019entrepreneur respecte des plafonds auto- entrepreneurs. Ces plafonds sont calcul\u00e9s annuellement mais sont toutefois proratis\u00e9s en cas de d\u00e9but d\u2019activit\u00e9 en cours d\u2019ann\u00e9e (ces plafonds auto entrepreneur sont \u00e0 consid\u00e9rer au<\/span><i><span style=\"font-weight: 400;\"> pro rata temporis<\/span><\/i><span style=\"font-weight: 400;\">).<\/span><\/p>\n<p><span style=\"font-weight: 400;\">Exemple : vous commencez votre activit\u00e9 de prestation de service le 1 er juillet 2019, par cons\u00e9quent le plafond sera de 70 000\/2 = 35 000\u20ac. Votre plafond sera de 35 000\u20ac.\u00a0<\/span><\/p>\n<p><b>Attention <\/b><span style=\"font-weight: 400;\">: depuis le 1er janvier 2023, l&rsquo;auto-entrepreneur doit obligatoirement effectuer les d\u00e9marches de d\u00e9claration de cr\u00e9ation, de modification, et de cessation d\u2019entreprise en ligne, via le guichet unique pour la formalit\u00e9 des entreprises.\u00a0<\/span><\/p>\n<h2><b>Le plafond de chiffre d\u2019affaires<\/b><\/h2>\n<p><span style=\"font-weight: 400;\">Vous ne pouvez b\u00e9n\u00e9ficier du statut de l\u2019auto entreprise que si vous \u00eates en dessous de certains plafonds de chiffres d\u2019affaires.<\/span><a href=\"https:\/\/www.legifrance.gouv.fr\/affichCodeArticle.do?cidTexte=LEGITEXT000006069577&amp;idArticle=LEGIARTI000006302438&amp;dateTexte=&amp;categorieLien=cid\"><span style=\"font-weight: 400;\"> La loi<\/span><\/a><span style=\"font-weight: 400;\"> \u00e9nonce que les plafond auto entrepreneur sont les suivants :<\/span><\/p>\n<ul>\n<li style=\"font-weight: 400;\" aria-level=\"1\"><span style=\"font-weight: 400;\">Pour une activit\u00e9 de <\/span><b>vente de marchandises<\/b><span style=\"font-weight: 400;\">, d\u2019objets, de fournitures, de denr\u00e9es \u00e0 emporter ou \u00e0 consommer sur place, ou pour des prestations d\u2019h\u00e9bergement, y compris les meubl\u00e9s de tourisme class\u00e9s, le seuil est de <\/span><b>188 700 \u20ac par an<\/b><span style=\"font-weight: 400;\">.\u00a0<\/span><\/li>\n<\/ul>\n<p><span style=\"font-weight: 400;\">Toutefois, ce seuil est, par exception, de 77 700 \u20ac s\u2019agissant des prestations d\u2019h\u00e9bergement lorsqu\u2019il s\u2019agit de la locaux d\u2019habitation meubl\u00e9s.\u00a0<\/span><\/p>\n<ul>\n<li style=\"font-weight: 400;\" aria-level=\"1\"><span style=\"font-weight: 400;\">Pour les <\/span><b>prestations de services<\/b><span style=\"font-weight: 400;\"> relevant de la cat\u00e9gorie des b\u00e9n\u00e9fices industriels et commerciaux (BIC) ou des b\u00e9n\u00e9fices non commerciaux (BNC), le plafond auto-entrepreneur annuel est de <\/span><b>77 700 \u20ac ;\u00a0<\/b><\/li>\n<li style=\"font-weight: 400;\" aria-level=\"1\"><span style=\"font-weight: 400;\">Lorsqu\u2019il s\u2019agit d\u2019une <\/span><b>activit\u00e9 mixte<\/b><span style=\"font-weight: 400;\">, \u00e0 savoir aussi bien la vente de marchandise que des prestations de services, le chiffre d\u2019affaires global est limit\u00e9 \u00e0 <\/span><b>188 700 \u20ac<\/b><span style=\"font-weight: 400;\"> incluant un chiffre d\u2019affaires maximum de <\/span><b>77 700 \u20ac <\/b><span style=\"font-weight: 400;\">pour les prestations de services.<\/span><\/li>\n<\/ul>\n<p><b><i>Exemple<\/i><\/b><i><span style=\"font-weight: 400;\"> : Vous effectuez une activit\u00e9 d\u2019achat et de vente d\u2019immeuble ( livraison de biens) et vous gagnez 150 000\u20ac par an. A c\u00f4t\u00e9, vous effectuez une activit\u00e9 de chambre d\u2019h\u00f4tes (prestation de services) et vous gagnez 50 000\u20ac par an. On remarque ici, que pris individuellement, les plafonds ne sont pas d\u00e9pass\u00e9s (150 000 est inf\u00e9rieur \u00e0 188 700\u20ac et 50 000\u20ac est inf\u00e9rieur \u00e0 77 700\u20ac). Toutefois, il faut regarder globalement. 150 00 + 50 000= 200 000\u20ac, ainsi, le plafond de 170 000\u20ac est d\u00e9pass\u00e9. Par cons\u00e9quent vous ne pourrez pas opter pour le statut d\u2019auto-entrepreneur. <\/span><\/i><\/p>\n<h2 id=\"1\">Le plafond de chiffre d&rsquo;affaires<\/h2>\n<p>Vous ne pouvez b\u00e9n\u00e9ficier du statut de l&rsquo;auto entreprise que si vous \u00eates en dessous de certains plafond de chiffres d&rsquo;affaires.<a href=\"https:\/\/www.legifrance.gouv.fr\/affichCodeArticle.do?cidTexte=LEGITEXT000006069577&amp;idArticle=LEGIARTI000006302438&amp;dateTexte=&amp;categorieLien=cid\"> La loi<\/a> \u00e9nonce que les plafond auto entrepreneur sont les suivants :<\/p>\n<ul>\n<li><strong>170 000\u20ac HT<\/strong> pour une <strong>activit\u00e9 de vente<\/strong> de marchandises, d\u2019objets, de fournitures, de denr\u00e9es \u00e0 emporter ou \u00e0 consommer sur place, ou pour des prestations d\u2019h\u00e9bergement ;<\/li>\n<li><strong>70 000\u20ac HT<\/strong> pour une <strong>activit\u00e9 de prestation de services<\/strong> ainsi que les activit\u00e9s lib\u00e9rales.\u00a0Si vous \u00eates <a href=\"https:\/\/www.legifrance.gouv.fr\/affichCodeArticle.do?idArticle=LEGIARTI000024189476&amp;cidTexte=LEGITEXT000006069577\">micro entrepreneur en micro BNC<\/a>, le plafond auto entrepreneur sera toujours fix\u00e9 \u00e0 70 000\u20ac.<\/li>\n<\/ul>\n<p><span style=\"text-decoration: underline;\"><strong>Qu&rsquo;en est il si vous commencez votre activit\u00e9 en milieu d&rsquo;ann\u00e9e<\/strong><\/span> ? Ces plafonds auto entrepreneur sont \u00e0 consid\u00e9rer au<strong> pro rata temporis<\/strong>.<\/p>\n<p><em><strong>Exemple<\/strong>\u00a0: vous commencez votre activit\u00e9 de prestation de service le 1 er juillet 2019, par cons\u00e9quent le plafond sera de 70 000\/2 = 35 000\u20ac. Votre plafond sera de 35 000\u20ac.\u00a0<\/em><\/p>\n<p><span style=\"text-decoration: underline;\"><strong>Qu&rsquo;en est il en cas d&rsquo;activit\u00e9 mixte<\/strong><\/span>? en pr\u00e9sence d&rsquo;une activit\u00e9 mixte, autrement dit, en cas d&rsquo;activit\u00e9 commerciale et de prestation de services:<\/p>\n<ul>\n<li>L&rsquo;ensemble du chiffre d&rsquo;affaires ne doit pas d\u00e9passer le seuil de<strong> 170.000\u20ac<\/strong>.<\/li>\n<li>Les activit\u00e9s de prestation de services, ici, ne devant pas \u00eatre sup\u00e9rieur \u00e0 <strong>70.000\u20ac<\/strong>.<\/li>\n<\/ul>\n<p><em><strong>Exemple<\/strong> : Vous effectuez une activit\u00e9 d&rsquo;achat revente d&rsquo;immeuble ( livraison de biens) et vous gagnez 150 000\u20ac par an. A cot\u00e9, vous effectuez une activit\u00e9 de chambre d&rsquo;h\u00f4tes (prestation de services) et vous gagnez 50 000\u20ac par an. On remarque ici, que pris individuellement, les plafonds ne sont pas d\u00e9pass\u00e9s ( 150 000 est inf\u00e9rieur \u00e0\u00a0170 000\u20ac et 50 000\u20ac est\u00a0inf\u00e9rieur \u00e0 70 000\u20ac). Toutefois, il faut regarder globalement. 150 00 + 50 000= 200 000\u20ac, ainsi, le plafond de 170 000\u20ac est d\u00e9pass\u00e9. Par cons\u00e9quent vous ne pourrez pas opter pour le statut d&rsquo;auto entrepreneur.\u00a0<\/em><\/p>\n<h2 id=\"2\">Le plafond\u00a0 TVA auto entrepreneur<\/h2>\n<p>L<a href=\"https:\/\/www.legifrance.gouv.fr\/affichCode.do?idSectionTA=LEGISCTA000006162567&amp;cidTexte=LEGITEXT000006069577\">&lsquo;article 293 B du code g\u00e9n\u00e9ral des imp\u00f4ts<\/a>\u00a0\u00e9nonce\u00a0qu&rsquo;il existe une exon\u00e9ration de la\u00a0TVA (<strong>franchise de TVA)<\/strong> \u00e0 condition que\u00a0le chiffre d\u2019affaires hors taxe de l\u2019ann\u00e9e pr\u00e9c\u00e9dente\u00a0soit en dessous des seuils suivants :<\/p>\n<ul>\n<li><strong>82 800\u20ac HT<\/strong>\u00a0par an pour les <strong>activit\u00e9s\u00a0commerciales ;\u00a0<\/strong><\/li>\n<li><strong>33 200\u20ac HT<\/strong>\u00a0par an\u00a0 pour les\u00a0<strong>prestations de services<\/strong>\u00a0et\u00a0<strong>les professions lib\u00e9rales.<\/strong><\/li>\n<\/ul>\n<p>Ainsi, si vous vous trouvez en dessous de ces seuils vous n&rsquo;aurez pas \u00e0 facturer de TVA \u00e0 votre client final lorsque vous vendez un service ou un bien. En revanche, vous ne pourrez pas non plus d\u00e9duire la TVA de vos achats.<\/p>\n<p><strong><em>Exemple<\/em> <\/strong><em>: Je suis propri\u00e9taire d&rsquo;une entreprise de tatouages, je fais un chiffre d&rsquo;affaires de 20 000\u20ac par an. Par cons\u00e9quent, lorsque je vais proposer mes services aux personnes souhaitant se faire tatouer, je vais leur proposer un prix hors taxe sans TVA puisque je suis en dessous du seuil (33 200\u20ac). En revanche, si je fais des achats de mat\u00e9riels\u00a0je ne pourrai pas me faire rembourser la TVA sur ces achats.\u00a0<\/em><\/p>\n<p>Les r\u00e8gles relatives au principe du\u00a0<strong>pro rata temporis<\/strong> et\u00a0aux\u00a0<strong>activit\u00e9s mixtes<\/strong>\u00a0qui sont applicables aux seuils de chiffre d&rsquo;affaires le sont \u00e9galement\u00a0aux seuils de TVA.<\/p>\n<h2 id=\"3\">Quand d\u00e9passez vous le plafond auto entrepreneur ?<\/h2>\n<p>Nous allons voir \u00e0 partir de quel moment vous d\u00e9passez le\u00a0plafond TVA auto entrepreneur et le plafond auto entrepreneur de chiffres d&rsquo;affaires.<\/p>\n<h3>D\u00e9passement du plafond de TVA<\/h3>\n<p>Si vous d\u00e9passez les seuils pr\u00e9c\u00e9demment \u00e9voqu\u00e9s vous ne serez pas automatiquement assujettis \u00e0 la TVA.<\/p>\n<p>Il existe en effet un seuil de tol\u00e9rance. Ainsi, l&rsquo;exon\u00e9ration est applicable si vous vous situez entre les seuils suivants :<\/p>\n<ul>\n<li><strong>Entre 33 200 \u20ac \u00e0 35 200 \u20ac,<\/strong>\u00a0en cas d&rsquo;activit\u00e9 de prestation de services ;<\/li>\n<li>Ou en cas d&rsquo;activit\u00e9 de vente,\u00a0<strong>entre 82 800 \u20ac \u00e0 91 000<\/strong>\u20ac.<\/li>\n<\/ul>\n<p>Dans les cas o\u00f9 vous vous situez pendant deux ann\u00e9es\u00a0cons\u00e9cutives dans le seuil de tol\u00e9rance, vous serez soumis l&rsquo;ann\u00e9e d&rsquo;apr\u00e8s \u00e0 la TVA.<\/p>\n<p>Enfin, vous serez assujettis \u00e0 la TVA d\u00e8s le mois de franchissement du seuil de tol\u00e9rance, c&rsquo;est \u00e0 dire si vous d\u00e9passez :<\/p>\n<ul>\n<li>Le seuil de <strong>35 200\u20ac<\/strong> en cas d&rsquo;activit\u00e9 de prestation de services ;<\/li>\n<li>Ou de<strong> 91 000\u20ac <\/strong>pour les activit\u00e9s de vente.<\/li>\n<\/ul>\n<h3>D\u00e9passement du plafond de chiffre d&rsquo;affaires<\/h3>\n<p><span style=\"text-decoration: underline;\"><strong>D\u00e9passement plafond\u00a0auto entrepreneur<\/strong><\/span>\u00a0: Si vous d\u00e9passez le plafond de chiffre d&rsquo;affaires, il y a une p\u00e9riode de tol\u00e9rance. Si vous d\u00e9passez pendant deux ann\u00e9es de suite le seuil, alors, vous serez exclus\u00a0\u00e0 la troisi\u00e8me ann\u00e9e du r\u00e9gime de la <a href=\"https:\/\/blog.legalvision.fr\/2018\/04\/18\/micro-entreprise-plafond\/\">micro entreprise.<\/a><\/p>\n<p><em><strong>Exemple<\/strong> : en 2017 je fais une activit\u00e9 de livraison de bien (plafond de 170 000\u20ac) et je r\u00e9alise un chiffre d&rsquo;affaires de 200 000\u20ac. En 2018 je r\u00e9alise un CA de 220 000\u20ac, par cons\u00e9quent :<\/em><\/p>\n<ul>\n<li><em>Je serai soumis au r\u00e9gime de la micro entreprise la\u00a0premi\u00e8re\u00a0ann\u00e9e soit en 2017,<\/em><\/li>\n<li><em>Je serai soumis au r\u00e9gime de la micro entreprise la deuxi\u00e8me ann\u00e9e soit en 2018,<\/em><\/li>\n<li><em>En revanche,\u00a0je serai exclu de ce r\u00e9gime en 2019 car j&rsquo;ai d\u00e9pass\u00e9 le plafond pendant deux ann\u00e9es cons\u00e9cutives.\u00a0<\/em><\/li>\n<\/ul>\n<h2 id=\"4\">Les cons\u00e9quences du d\u00e9passement du plafond<\/h2>\n<p>Si vous d\u00e9passez le plafond de TVA, vous resterez toujours dans le statut de la micro entreprise, en revanche si vous d\u00e9passez le plafond auto entrepreneur de chiffre d&rsquo;affaires vous ne pourrez plus b\u00e9n\u00e9ficier de ce statut. C&rsquo;est ce que nous allons voir.<\/p>\n<h3>Les cons\u00e9quences de d\u00e9passement du plafond de TVA<\/h3>\n<p>Si vous d\u00e9passez le plafond auto entrepreneur de TVA, vous serez oblig\u00e9, lors de votre prestation de service,\u00a0 de facturer la TVA \u00e0 votre client final. En revanche, il vous sera possible de <a href=\"https:\/\/blog.legalvision.fr\/2018\/02\/16\/tva-collectee-deductible-ca-marche\/\">r\u00e9cup\u00e9rer la TVA <\/a>sur l&rsquo;int\u00e9gralit\u00e9 de vos achats n\u00e9cessaires \u00e0 l&rsquo;exercice de votre activit\u00e9.<\/p>\n<p><em><strong>Exemple<\/strong> : Je loue un immeuble et je gagne 100 000\u20ac par an de cette location (donc je suis au dessus des plafonds d\u2019exon\u00e9ration). Je loue mes immeubles 1000\u20ac HT par mois. Je fais appel \u00e0 une entreprise qui va faire des travaux d&rsquo;entretien de l&rsquo;immeuble sachant que cette entreprise m&rsquo;a factur\u00e9 10 000\u20ac HT et 2 000\u20ac de TVA.<\/em><\/p>\n<p><em>En ce qui concerne la facturation de la TVA :\u00a0<\/em><\/p>\n<ul>\n<li><em>Sur ma location d&rsquo;immeuble je dois facturer de la TVA sur mes 1000\u20ac,<\/em><\/li>\n<li><em>donc je le louerai \u00e0 1200\u20ac TTC,<\/em><\/li>\n<li><em>si j&rsquo;\u00e9tais en franchise, j&rsquo;aurai pu le louer seulement pour 1000\u20ac<\/em><\/li>\n<\/ul>\n<p><em>En ce qui concerne la d\u00e9duction de la TVA :\u00a0<\/em><\/p>\n<ul>\n<li><em>L&rsquo;entreprise d&rsquo;entretien m&rsquo;a factur\u00e9 2000\u20ac de TVA,<\/em><\/li>\n<li><em>l&rsquo;entretien \u00e9tait n\u00e9cessaire \u00e0 l&rsquo;exploitation,<\/em><\/li>\n<li><em>donc je peux r\u00e9cup\u00e9rer la TVA,\u00a0<\/em><\/li>\n<li><em>si j\u2019\u00e9tais\u00a0en franchise, je n&rsquo;aurai pas pu d\u00e9duire cette TVA.<\/em><\/li>\n<\/ul>\n<h3>Les cons\u00e9quences du d\u00e9passement du plafond de chiffre d&rsquo;affaires<\/h3>\n<p><span style=\"text-decoration: underline;\"><strong>Les cons\u00e9quences du d\u00e9passement du plafond des auto entrepreneurs<\/strong><\/span>\u00a0: Si vous d\u00e9passez le plafond auto entrepreneur de chiffre d&rsquo;affaires, vous ne pourrez plus b\u00e9n\u00e9ficier du <a href=\"https:\/\/www.legalvision.fr\/creation-dentreprise\/statut-auto-entrepreneur\/\">statut d&rsquo;auto entrepreneur<\/a>. Vous serez assujettis au r\u00e9gime r\u00e9el.<\/p>\n<p>Ainsi,\u00a0<strong>vous ne b\u00e9n\u00e9ficierez plus<\/strong>\u00a0:<\/p>\n<ul>\n<li>Des abattements (mais vous pourrez d\u00e9duire l&rsquo;ensemble de vos charges) ;<\/li>\n<li>De la comptabilit\u00e9 simplifi\u00e9e du micro entrepreneur ;<\/li>\n<li>Du r\u00e9gime micro social ;<\/li>\n<li>De la possibilit\u00e9 d&rsquo;opter pour une imposition forfaitaire. A la place vous serez soumis au bar\u00e8me progressif de l\u2019imp\u00f4t sur le revenu.<\/li>\n<\/ul>\n<p>Si vous d\u00e9passez le plafond, vous pouvez soit passer du <a href=\"https:\/\/www.legalvision.fr\/creation-dentreprise\/passer-auto-entrepreneur-societe\/\">statut d&rsquo;auto entrepreneur au statut de soci\u00e9t\u00e9<\/a>, ou alors passer du statut d&rsquo;auto entrepreneur au statut de l&rsquo;entreprise individuelle au r\u00e9gime g\u00e9n\u00e9ral.<\/p>\n<div class=\"wp-block-button\" style=\"text-align: center;\"><a class=\"wp-block-button__link has-background\" href=\"https:\/\/www.legalvision.fr\/creation-dentreprise\/statut-auto-entrepreneur\/\">Commencer les d\u00e9marches pour mon auto-entreprise<\/a><\/div>\n","protected":false},"excerpt":{"rendered":"<p>Plafond auto entrepreneur qu&rsquo;est-ce que cela signifie ?\u00a0 Tout d&rsquo;abord, l&rsquo;auto entreprise n&rsquo;existe plus juridiquement depuis le 1 er janvier 2016. En effet, depuis cette date on doit parler de micro entreprise, les termes de micro entreprise et d&rsquo;auto entreprise d\u00e9crivent donc la m\u00eame r\u00e9alit\u00e9.\u00a0 Nous parlerons tout de m\u00eame d&rsquo;auto entreprise car c&rsquo;est le&hellip; <a class=\"more-link\" href=\"https:\/\/www.legalvision.fr\/guides-juridiques\/auto-entrepreneur\/plafond-auto-entrepreneur\/\">Poursuivre la lecture <span class=\"screen-reader-text\">Tour d&rsquo;horizon sur les plafonds des auto-entrepreneurs<\/span><\/a><\/p>\n","protected":false},"author":28,"featured_media":24465,"comment_status":"open","ping_status":"open","sticky":false,"template":"","format":"standard","meta":{"content-type":"","inline_featured_image":false,"footnotes":""},"categories":[2477],"tags":[],"class_list":["post-16678","post","type-post","status-publish","format-standard","has-post-thumbnail","hentry","category-auto-entrepreneur","entry"],"yoast_head":"<!-- This site is optimized with the Yoast SEO plugin v27.1.1 - https:\/\/yoast.com\/product\/yoast-seo-wordpress\/ -->\n<title>Plafond auto entrepreneur : les limites \u00e0 ne pas d\u00e9passer.<\/title>\n<meta name=\"description\" content=\"Le plafond auto entrepreneur correspond \u00e0 un plafond de TVA et un plafond de chiffre d&#039;affaires. LegalVision vous pr\u00e9sente ces diff\u00e9rents plafonds.\" \/>\n<meta name=\"robots\" content=\"index, follow, max-snippet:-1, max-image-preview:large, max-video-preview:-1\" \/>\n<link rel=\"canonical\" href=\"https:\/\/www.legalvision.fr\/guides-juridiques\/auto-entrepreneur\/plafond-auto-entrepreneur\/\" \/>\n<meta property=\"og:locale\" content=\"fr_FR\" \/>\n<meta property=\"og:type\" content=\"article\" \/>\n<meta property=\"og:title\" content=\"Plafond auto entrepreneur : les limites \u00e0 ne pas d\u00e9passer.\" \/>\n<meta property=\"og:description\" content=\"Le plafond auto entrepreneur correspond \u00e0 un plafond de TVA et un plafond de chiffre d&#039;affaires. LegalVision vous pr\u00e9sente ces diff\u00e9rents plafonds.\" \/>\n<meta property=\"og:url\" content=\"https:\/\/www.legalvision.fr\/guides-juridiques\/auto-entrepreneur\/plafond-auto-entrepreneur\/\" \/>\n<meta property=\"og:site_name\" content=\"Guides juridiques\" \/>\n<meta property=\"article:published_time\" content=\"2019-06-19T06:30:20+00:00\" \/>\n<meta property=\"article:modified_time\" content=\"2023-03-02T10:52:56+00:00\" \/>\n<meta property=\"og:image\" content=\"https:\/\/www.legalvision.fr\/guides-juridiques\/wp-content\/uploads\/2019\/06\/Plafond-autoentrepreneur-min.jpg\" \/>\n\t<meta property=\"og:image:width\" content=\"958\" \/>\n\t<meta property=\"og:image:height\" content=\"350\" \/>\n\t<meta property=\"og:image:type\" content=\"image\/jpeg\" \/>\n<meta name=\"author\" content=\"Joseph Louis\" \/>\n<meta name=\"twitter:card\" content=\"summary_large_image\" \/>\n<meta name=\"twitter:label1\" content=\"\u00c9crit par\" \/>\n\t<meta name=\"twitter:data1\" content=\"Joseph Louis\" \/>\n\t<meta name=\"twitter:label2\" content=\"Dur\u00e9e de lecture estim\u00e9e\" \/>\n\t<meta name=\"twitter:data2\" content=\"11 minutes\" \/>\n<script type=\"application\/ld+json\" class=\"yoast-schema-graph\">{\"@context\":\"https:\/\/schema.org\",\"@graph\":[{\"@type\":\"Article\",\"@id\":\"https:\/\/www.legalvision.fr\/guides-juridiques\/auto-entrepreneur\/plafond-auto-entrepreneur\/#article\",\"isPartOf\":{\"@id\":\"https:\/\/www.legalvision.fr\/guides-juridiques\/auto-entrepreneur\/plafond-auto-entrepreneur\/\"},\"author\":{\"name\":\"Joseph Louis\",\"@id\":\"https:\/\/www.legalvision.fr\/guides-juridiques\/#\/schema\/person\/c454a42bc2a18b5443bc24faa78c5128\"},\"headline\":\"Tour d&rsquo;horizon sur les plafonds des auto-entrepreneurs\",\"datePublished\":\"2019-06-19T06:30:20+00:00\",\"dateModified\":\"2023-03-02T10:52:56+00:00\",\"mainEntityOfPage\":{\"@id\":\"https:\/\/www.legalvision.fr\/guides-juridiques\/auto-entrepreneur\/plafond-auto-entrepreneur\/\"},\"wordCount\":2316,\"commentCount\":8,\"publisher\":{\"@id\":\"https:\/\/www.legalvision.fr\/guides-juridiques\/#organization\"},\"image\":{\"@id\":\"https:\/\/www.legalvision.fr\/guides-juridiques\/auto-entrepreneur\/plafond-auto-entrepreneur\/#primaryimage\"},\"thumbnailUrl\":\"https:\/\/www.legalvision.fr\/guides-juridiques\/wp-content\/uploads\/2019\/06\/Plafond-autoentrepreneur-min.jpg\",\"articleSection\":[\"Auto-entrepreneur\"],\"inLanguage\":\"fr-FR\",\"potentialAction\":[{\"@type\":\"CommentAction\",\"name\":\"Comment\",\"target\":[\"https:\/\/www.legalvision.fr\/guides-juridiques\/auto-entrepreneur\/plafond-auto-entrepreneur\/#respond\"]}]},{\"@type\":\"WebPage\",\"@id\":\"https:\/\/www.legalvision.fr\/guides-juridiques\/auto-entrepreneur\/plafond-auto-entrepreneur\/\",\"url\":\"https:\/\/www.legalvision.fr\/guides-juridiques\/auto-entrepreneur\/plafond-auto-entrepreneur\/\",\"name\":\"Plafond auto entrepreneur : les limites \u00e0 ne pas d\u00e9passer.\",\"isPartOf\":{\"@id\":\"https:\/\/www.legalvision.fr\/guides-juridiques\/#website\"},\"primaryImageOfPage\":{\"@id\":\"https:\/\/www.legalvision.fr\/guides-juridiques\/auto-entrepreneur\/plafond-auto-entrepreneur\/#primaryimage\"},\"image\":{\"@id\":\"https:\/\/www.legalvision.fr\/guides-juridiques\/auto-entrepreneur\/plafond-auto-entrepreneur\/#primaryimage\"},\"thumbnailUrl\":\"https:\/\/www.legalvision.fr\/guides-juridiques\/wp-content\/uploads\/2019\/06\/Plafond-autoentrepreneur-min.jpg\",\"datePublished\":\"2019-06-19T06:30:20+00:00\",\"dateModified\":\"2023-03-02T10:52:56+00:00\",\"description\":\"Le plafond auto entrepreneur correspond \u00e0 un plafond de TVA et un plafond de chiffre d'affaires. LegalVision vous pr\u00e9sente ces diff\u00e9rents plafonds.\",\"breadcrumb\":{\"@id\":\"https:\/\/www.legalvision.fr\/guides-juridiques\/auto-entrepreneur\/plafond-auto-entrepreneur\/#breadcrumb\"},\"inLanguage\":\"fr-FR\",\"potentialAction\":[{\"@type\":\"ReadAction\",\"target\":[\"https:\/\/www.legalvision.fr\/guides-juridiques\/auto-entrepreneur\/plafond-auto-entrepreneur\/\"]}]},{\"@type\":\"ImageObject\",\"inLanguage\":\"fr-FR\",\"@id\":\"https:\/\/www.legalvision.fr\/guides-juridiques\/auto-entrepreneur\/plafond-auto-entrepreneur\/#primaryimage\",\"url\":\"https:\/\/www.legalvision.fr\/guides-juridiques\/wp-content\/uploads\/2019\/06\/Plafond-autoentrepreneur-min.jpg\",\"contentUrl\":\"https:\/\/www.legalvision.fr\/guides-juridiques\/wp-content\/uploads\/2019\/06\/Plafond-autoentrepreneur-min.jpg\",\"width\":958,\"height\":350,\"caption\":\"Plafond autoentrepreneur\"},{\"@type\":\"BreadcrumbList\",\"@id\":\"https:\/\/www.legalvision.fr\/guides-juridiques\/auto-entrepreneur\/plafond-auto-entrepreneur\/#breadcrumb\",\"itemListElement\":[{\"@type\":\"ListItem\",\"position\":1,\"name\":\"Accueil\",\"item\":\"https:\/\/www.legalvision.fr\/guides-juridiques\/\"},{\"@type\":\"ListItem\",\"position\":2,\"name\":\"Auto-entrepreneur\",\"item\":\"https:\/\/www.legalvision.fr\/guides-juridiques\/auto-entrepreneur\/\"},{\"@type\":\"ListItem\",\"position\":3,\"name\":\"Tour d&rsquo;horizon sur les plafonds des auto-entrepreneurs\"}]},{\"@type\":\"WebSite\",\"@id\":\"https:\/\/www.legalvision.fr\/guides-juridiques\/#website\",\"url\":\"https:\/\/www.legalvision.fr\/guides-juridiques\/\",\"name\":\"Guides juridiques\",\"description\":\"L&#039;information juridique \u00e0 destination des entreprises et TPE\",\"publisher\":{\"@id\":\"https:\/\/www.legalvision.fr\/guides-juridiques\/#organization\"},\"potentialAction\":[{\"@type\":\"SearchAction\",\"target\":{\"@type\":\"EntryPoint\",\"urlTemplate\":\"https:\/\/www.legalvision.fr\/guides-juridiques\/?s={search_term_string}\"},\"query-input\":{\"@type\":\"PropertyValueSpecification\",\"valueRequired\":true,\"valueName\":\"search_term_string\"}}],\"inLanguage\":\"fr-FR\"},{\"@type\":\"Organization\",\"@id\":\"https:\/\/www.legalvision.fr\/guides-juridiques\/#organization\",\"name\":\"Guides juridiques\",\"url\":\"https:\/\/www.legalvision.fr\/guides-juridiques\/\",\"logo\":{\"@type\":\"ImageObject\",\"inLanguage\":\"fr-FR\",\"@id\":\"https:\/\/www.legalvision.fr\/guides-juridiques\/#\/schema\/logo\/image\/\",\"url\":\"https:\/\/www.legalvision.fr\/guides-juridiques\/wp-content\/uploads\/2022\/10\/LV-Logotype.png\",\"contentUrl\":\"https:\/\/www.legalvision.fr\/guides-juridiques\/wp-content\/uploads\/2022\/10\/LV-Logotype.png\",\"width\":647,\"height\":125,\"caption\":\"Guides juridiques\"},\"image\":{\"@id\":\"https:\/\/www.legalvision.fr\/guides-juridiques\/#\/schema\/logo\/image\/\"}},{\"@type\":\"Person\",\"@id\":\"https:\/\/www.legalvision.fr\/guides-juridiques\/#\/schema\/person\/c454a42bc2a18b5443bc24faa78c5128\",\"name\":\"Joseph Louis\",\"image\":{\"@type\":\"ImageObject\",\"inLanguage\":\"fr-FR\",\"@id\":\"https:\/\/www.legalvision.fr\/guides-juridiques\/#\/schema\/person\/image\/\",\"url\":\"https:\/\/www.legalvision.fr\/guides-juridiques\/wp-content\/uploads\/2023\/07\/cropped-homme7-96x96.png\",\"contentUrl\":\"https:\/\/www.legalvision.fr\/guides-juridiques\/wp-content\/uploads\/2023\/07\/cropped-homme7-96x96.png\",\"caption\":\"Joseph Louis\"},\"description\":\"Joseph est Juriste au sein de LegalVision. Titulaire d'un Master 2 Droit Bancaire et Financier au sein de l'Universit\u00e9 Jean Moulin Lyon 3, le monde des start-up et de la finance le passionne.\",\"url\":\"https:\/\/www.legalvision.fr\/guides-juridiques\/author\/joseph-louis\/\"}]}<\/script>\n<!-- \/ Yoast SEO plugin. -->","yoast_head_json":{"title":"Plafond auto entrepreneur : les limites \u00e0 ne pas d\u00e9passer.","description":"Le plafond auto entrepreneur correspond \u00e0 un plafond de TVA et un plafond de chiffre d'affaires. LegalVision vous pr\u00e9sente ces diff\u00e9rents plafonds.","robots":{"index":"index","follow":"follow","max-snippet":"max-snippet:-1","max-image-preview":"max-image-preview:large","max-video-preview":"max-video-preview:-1"},"canonical":"https:\/\/www.legalvision.fr\/guides-juridiques\/auto-entrepreneur\/plafond-auto-entrepreneur\/","og_locale":"fr_FR","og_type":"article","og_title":"Plafond auto entrepreneur : les limites \u00e0 ne pas d\u00e9passer.","og_description":"Le plafond auto entrepreneur correspond \u00e0 un plafond de TVA et un plafond de chiffre d'affaires. LegalVision vous pr\u00e9sente ces diff\u00e9rents plafonds.","og_url":"https:\/\/www.legalvision.fr\/guides-juridiques\/auto-entrepreneur\/plafond-auto-entrepreneur\/","og_site_name":"Guides juridiques","article_published_time":"2019-06-19T06:30:20+00:00","article_modified_time":"2023-03-02T10:52:56+00:00","og_image":[{"width":958,"height":350,"url":"https:\/\/www.legalvision.fr\/guides-juridiques\/wp-content\/uploads\/2019\/06\/Plafond-autoentrepreneur-min.jpg","type":"image\/jpeg"}],"author":"Joseph Louis","twitter_card":"summary_large_image","twitter_misc":{"\u00c9crit par":"Joseph Louis","Dur\u00e9e de lecture estim\u00e9e":"11 minutes"},"schema":{"@context":"https:\/\/schema.org","@graph":[{"@type":"Article","@id":"https:\/\/www.legalvision.fr\/guides-juridiques\/auto-entrepreneur\/plafond-auto-entrepreneur\/#article","isPartOf":{"@id":"https:\/\/www.legalvision.fr\/guides-juridiques\/auto-entrepreneur\/plafond-auto-entrepreneur\/"},"author":{"name":"Joseph Louis","@id":"https:\/\/www.legalvision.fr\/guides-juridiques\/#\/schema\/person\/c454a42bc2a18b5443bc24faa78c5128"},"headline":"Tour d&rsquo;horizon sur les plafonds des auto-entrepreneurs","datePublished":"2019-06-19T06:30:20+00:00","dateModified":"2023-03-02T10:52:56+00:00","mainEntityOfPage":{"@id":"https:\/\/www.legalvision.fr\/guides-juridiques\/auto-entrepreneur\/plafond-auto-entrepreneur\/"},"wordCount":2316,"commentCount":8,"publisher":{"@id":"https:\/\/www.legalvision.fr\/guides-juridiques\/#organization"},"image":{"@id":"https:\/\/www.legalvision.fr\/guides-juridiques\/auto-entrepreneur\/plafond-auto-entrepreneur\/#primaryimage"},"thumbnailUrl":"https:\/\/www.legalvision.fr\/guides-juridiques\/wp-content\/uploads\/2019\/06\/Plafond-autoentrepreneur-min.jpg","articleSection":["Auto-entrepreneur"],"inLanguage":"fr-FR","potentialAction":[{"@type":"CommentAction","name":"Comment","target":["https:\/\/www.legalvision.fr\/guides-juridiques\/auto-entrepreneur\/plafond-auto-entrepreneur\/#respond"]}]},{"@type":"WebPage","@id":"https:\/\/www.legalvision.fr\/guides-juridiques\/auto-entrepreneur\/plafond-auto-entrepreneur\/","url":"https:\/\/www.legalvision.fr\/guides-juridiques\/auto-entrepreneur\/plafond-auto-entrepreneur\/","name":"Plafond auto entrepreneur : les limites \u00e0 ne pas d\u00e9passer.","isPartOf":{"@id":"https:\/\/www.legalvision.fr\/guides-juridiques\/#website"},"primaryImageOfPage":{"@id":"https:\/\/www.legalvision.fr\/guides-juridiques\/auto-entrepreneur\/plafond-auto-entrepreneur\/#primaryimage"},"image":{"@id":"https:\/\/www.legalvision.fr\/guides-juridiques\/auto-entrepreneur\/plafond-auto-entrepreneur\/#primaryimage"},"thumbnailUrl":"https:\/\/www.legalvision.fr\/guides-juridiques\/wp-content\/uploads\/2019\/06\/Plafond-autoentrepreneur-min.jpg","datePublished":"2019-06-19T06:30:20+00:00","dateModified":"2023-03-02T10:52:56+00:00","description":"Le plafond auto entrepreneur correspond \u00e0 un plafond de TVA et un plafond de chiffre d'affaires. LegalVision vous pr\u00e9sente ces diff\u00e9rents plafonds.","breadcrumb":{"@id":"https:\/\/www.legalvision.fr\/guides-juridiques\/auto-entrepreneur\/plafond-auto-entrepreneur\/#breadcrumb"},"inLanguage":"fr-FR","potentialAction":[{"@type":"ReadAction","target":["https:\/\/www.legalvision.fr\/guides-juridiques\/auto-entrepreneur\/plafond-auto-entrepreneur\/"]}]},{"@type":"ImageObject","inLanguage":"fr-FR","@id":"https:\/\/www.legalvision.fr\/guides-juridiques\/auto-entrepreneur\/plafond-auto-entrepreneur\/#primaryimage","url":"https:\/\/www.legalvision.fr\/guides-juridiques\/wp-content\/uploads\/2019\/06\/Plafond-autoentrepreneur-min.jpg","contentUrl":"https:\/\/www.legalvision.fr\/guides-juridiques\/wp-content\/uploads\/2019\/06\/Plafond-autoentrepreneur-min.jpg","width":958,"height":350,"caption":"Plafond autoentrepreneur"},{"@type":"BreadcrumbList","@id":"https:\/\/www.legalvision.fr\/guides-juridiques\/auto-entrepreneur\/plafond-auto-entrepreneur\/#breadcrumb","itemListElement":[{"@type":"ListItem","position":1,"name":"Accueil","item":"https:\/\/www.legalvision.fr\/guides-juridiques\/"},{"@type":"ListItem","position":2,"name":"Auto-entrepreneur","item":"https:\/\/www.legalvision.fr\/guides-juridiques\/auto-entrepreneur\/"},{"@type":"ListItem","position":3,"name":"Tour d&rsquo;horizon sur les plafonds des auto-entrepreneurs"}]},{"@type":"WebSite","@id":"https:\/\/www.legalvision.fr\/guides-juridiques\/#website","url":"https:\/\/www.legalvision.fr\/guides-juridiques\/","name":"Guides juridiques","description":"L&#039;information juridique \u00e0 destination des entreprises et TPE","publisher":{"@id":"https:\/\/www.legalvision.fr\/guides-juridiques\/#organization"},"potentialAction":[{"@type":"SearchAction","target":{"@type":"EntryPoint","urlTemplate":"https:\/\/www.legalvision.fr\/guides-juridiques\/?s={search_term_string}"},"query-input":{"@type":"PropertyValueSpecification","valueRequired":true,"valueName":"search_term_string"}}],"inLanguage":"fr-FR"},{"@type":"Organization","@id":"https:\/\/www.legalvision.fr\/guides-juridiques\/#organization","name":"Guides juridiques","url":"https:\/\/www.legalvision.fr\/guides-juridiques\/","logo":{"@type":"ImageObject","inLanguage":"fr-FR","@id":"https:\/\/www.legalvision.fr\/guides-juridiques\/#\/schema\/logo\/image\/","url":"https:\/\/www.legalvision.fr\/guides-juridiques\/wp-content\/uploads\/2022\/10\/LV-Logotype.png","contentUrl":"https:\/\/www.legalvision.fr\/guides-juridiques\/wp-content\/uploads\/2022\/10\/LV-Logotype.png","width":647,"height":125,"caption":"Guides juridiques"},"image":{"@id":"https:\/\/www.legalvision.fr\/guides-juridiques\/#\/schema\/logo\/image\/"}},{"@type":"Person","@id":"https:\/\/www.legalvision.fr\/guides-juridiques\/#\/schema\/person\/c454a42bc2a18b5443bc24faa78c5128","name":"Joseph Louis","image":{"@type":"ImageObject","inLanguage":"fr-FR","@id":"https:\/\/www.legalvision.fr\/guides-juridiques\/#\/schema\/person\/image\/","url":"https:\/\/www.legalvision.fr\/guides-juridiques\/wp-content\/uploads\/2023\/07\/cropped-homme7-96x96.png","contentUrl":"https:\/\/www.legalvision.fr\/guides-juridiques\/wp-content\/uploads\/2023\/07\/cropped-homme7-96x96.png","caption":"Joseph Louis"},"description":"Joseph est Juriste au sein de LegalVision. Titulaire d'un Master 2 Droit Bancaire et Financier au sein de l'Universit\u00e9 Jean Moulin Lyon 3, le monde des start-up et de la finance le passionne.","url":"https:\/\/www.legalvision.fr\/guides-juridiques\/author\/joseph-louis\/"}]}},"_links":{"self":[{"href":"https:\/\/www.legalvision.fr\/guides-juridiques\/wp-json\/wp\/v2\/posts\/16678","targetHints":{"allow":["GET"]}}],"collection":[{"href":"https:\/\/www.legalvision.fr\/guides-juridiques\/wp-json\/wp\/v2\/posts"}],"about":[{"href":"https:\/\/www.legalvision.fr\/guides-juridiques\/wp-json\/wp\/v2\/types\/post"}],"author":[{"embeddable":true,"href":"https:\/\/www.legalvision.fr\/guides-juridiques\/wp-json\/wp\/v2\/users\/28"}],"replies":[{"embeddable":true,"href":"https:\/\/www.legalvision.fr\/guides-juridiques\/wp-json\/wp\/v2\/comments?post=16678"}],"version-history":[{"count":1,"href":"https:\/\/www.legalvision.fr\/guides-juridiques\/wp-json\/wp\/v2\/posts\/16678\/revisions"}],"predecessor-version":[{"id":38936,"href":"https:\/\/www.legalvision.fr\/guides-juridiques\/wp-json\/wp\/v2\/posts\/16678\/revisions\/38936"}],"wp:featuredmedia":[{"embeddable":true,"href":"https:\/\/www.legalvision.fr\/guides-juridiques\/wp-json\/wp\/v2\/media\/24465"}],"wp:attachment":[{"href":"https:\/\/www.legalvision.fr\/guides-juridiques\/wp-json\/wp\/v2\/media?parent=16678"}],"wp:term":[{"taxonomy":"category","embeddable":true,"href":"https:\/\/www.legalvision.fr\/guides-juridiques\/wp-json\/wp\/v2\/categories?post=16678"},{"taxonomy":"post_tag","embeddable":true,"href":"https:\/\/www.legalvision.fr\/guides-juridiques\/wp-json\/wp\/v2\/tags?post=16678"}],"curies":[{"name":"wp","href":"https:\/\/api.w.org\/{rel}","templated":true}]}}