{"id":16514,"date":"2019-06-12T07:30:49","date_gmt":"2019-06-12T06:30:49","guid":{"rendered":"https:\/\/blog.legalvision.fr\/?p=16514"},"modified":"2022-03-27T21:20:55","modified_gmt":"2022-03-27T19:20:55","slug":"obtenir-l-accre-auto-entrepreneur-en-ligne-gratuitement","status":"publish","type":"post","link":"https:\/\/www.legalvision.fr\/guides-juridiques\/auto-entrepreneur\/obtenir-l-accre-auto-entrepreneur-en-ligne-gratuitement\/","title":{"rendered":"Accre, une aide \u00e0 la cr\u00e9ation d&rsquo;entreprise"},"content":{"rendered":"<p><span class=\"m_9091940204423769317m_808347487722014857gmail-il\">Aide aux Ch\u00f4meurs Cr\u00e9ateurs et Repreneurs d\u2019Entreprise plus connue sous l&rsquo;acronyme Accre<\/span>\u00a0<span class=\"m_9091940204423769317m_808347487722014857gmail-il\">: peut-on toujours en parler aujourd\u2019hui ? Qui peut b\u00e9n\u00e9ficier de cette aide ? Quelles sont les conditions d&rsquo;obtention ? Legalvision vous explique l&rsquo;essentiel de l&rsquo;Accre auto entrepreneur.\u00a0<\/span><\/p>\n<p>Lorsque le micro-entrepreneur n\u2019a pas d\u2019autre activit\u00e9 en parall\u00e8le de son entreprise, il est uniquement affili\u00e9 au r\u00e9gime social des travailleurs ind\u00e9pendants. Il\u00a0rel\u00e8ve ainsi de la\u00a0<strong>s\u00e9curit\u00e9\u00a0sociale des travailleurs ind\u00e9pendants <\/strong>(SSI).<\/p>\n<p>Mensuellement ou trimestriellement, selon le choix op\u00e9r\u00e9,\u00a0<a href=\"https:\/\/blog.legalvision.fr\/2019\/03\/26\/devenir-auto-entrepreneur-en-2019-tous-les-conseils-des-experts\/\">l&rsquo;auto-entrepreneur <\/a>est redevable de cotisations sociales sur le chiffre d&rsquo;affaires qu&rsquo;il r\u00e9alise. D&rsquo;ailleurs, ce taux\u00a0va d\u00e9pendre\u00a0de la nature de l&rsquo;activit\u00e9. Ainsi, en 2019, sans application de l&rsquo;ACRE, ce taux fixe est de :<\/p>\n<ul>\n<li>\n<strong>12,8%<\/strong> pour les activit\u00e9s de <strong>vente de marchandises, de fournitures, de denr\u00e9es \u00e0 emporter ou \u00e0 consommer sur place<\/strong>. Ce taux s&rsquo;applique aussi pour les activit\u00e9s de<strong> fourniture de logements ;<\/strong>\n<\/li>\n<li>\n<strong>22%<\/strong> pour<strong> les activit\u00e9s de prestations de services commerciales et artisanales ;\u00a0<\/strong>\n<\/li>\n<li>Pour les<strong> activit\u00e9s lib\u00e9rales relevant de la s\u00e9curit\u00e9 sociale des ind\u00e9pendants <\/strong>au titre de l&rsquo;assurance vieillesse, il est \u00e9galement de <strong>22% ;<\/strong>\n<\/li>\n<li>Enfin, il est aussi de<strong> 22%<\/strong> pour les <strong>activit\u00e9s lib\u00e9rales relevant de la CIPAV<\/strong> au titre de l&rsquo;assurance vieillesse.<\/li>\n<\/ul>\n<p>Ces cotisations couvrent\u00a0l&rsquo;assurance maladie, maternit\u00e9, invalidit\u00e9, d\u00e9c\u00e8s, la retraite de base et compl\u00e9mentaire obligatoire, la CSG-CRDS et les allocations familiales.<\/p>\n<p>Au titre de la formation professionnelle, l&rsquo;auto-entrepreneur doit aussi s&rsquo;acquitter, chaque mois ou trimestre, d&rsquo;un taux de:<\/p>\n<ul>\n<li>\n<strong>0.1%<\/strong> pour les<strong> commer\u00e7ants<\/strong> et<strong> professions lib\u00e9rales non r\u00e9glement\u00e9es<\/strong> ;<\/li>\n<li>de\u00a0<strong>0,2%<\/strong>\u00a0pour les<strong>\u00a0professions lib\u00e9rales r\u00e9glement\u00e9es<\/strong>\u00a0;<\/li>\n<li>et\u00a0<strong>0,3%<\/strong>pour les<strong>\u00a0artisans<\/strong>.<\/li>\n<\/ul>\n<p>Enfin, il faut savoir que si l&rsquo;auto-entrepreneur ne d\u00e9gage aucun chiffre d&rsquo;affaires, il ne versera aucune cotisation sociale.<\/p>\n<h3><strong>Sommaire :\u00a0<\/strong><\/h3>\n<p><a href=\"#1\"><strong>Accre auto entrepreneur : une aide plus accessible\u00a0<\/strong><\/a><br \/>\n<a href=\"#2\"><strong>Accre auto entrepreneur : le contenu de l&rsquo;exon\u00e9ration<\/strong><\/a><br \/>\n<a href=\"#3\"><strong>L&rsquo;ARE, l&rsquo;ARCE et le NACRE, quelles diff\u00e9rences ?<\/strong><\/a><\/p>\n<div class=\"wp-block-button\" style=\"text-align:center;\"><a class=\"wp-block-button__link has-background\" href=\"https:\/\/www.legalvision.fr\/creation-dentreprise\/statut-auto-entrepreneur\/\">Commencer les d\u00e9marches pour mon auto-entreprise<\/a><\/div>\n<h2 id=\"1\">Accre\u00a0auto entrepreneur :\u00a0une aide plus accessible<\/h2>\n<h3>Accre auto entrepreneur : un nouveau dispositif en 2019<\/h3>\n<p>Depuis le 1<sup>er<\/sup>\u00a0janvier 2019,<strong> l&rsquo;ACCRE\u00a0<\/strong>est d\u00e9nomm\u00e9 ACRE (<strong>Aide aux Repreneurs et Cr\u00e9ateurs d\u2019Entreprise<\/strong>).\u00a0Cette aide permet une\u00a0<strong>exon\u00e9ration partielle ou totale des charges sociales pendant un an <\/strong>voire\u00a0<strong>trois\u00a0<\/strong>pour les entreprises qui jouissent du\u00a0r\u00e9gime de la micro entreprise.<\/p>\n<p>L&rsquo;A<span class=\"m_9091940204423769317m_808347487722014857gmail-il\">ccre\u00a0<\/span><span class=\"m_9091940204423769317m_808347487722014857gmail-il\">auto<\/span>\u00a0<span class=\"m_9091940204423769317m_808347487722014857gmail-il\">entrepreneur en 2019: u<\/span>n nouveau dispositif est donc d\u00e9sormais mis en place. Il permet une v\u00e9ritable <a href=\"https:\/\/blog.legalvision.fr\/2019\/05\/31\/optimisation-des-charges-sociales-auto-entrepreneur\/\">optimisation des charges<\/a>\u00a0pour le b\u00e9n\u00e9ficiaire.<\/p>\n<p>En effet,\u00a0jusqu\u2019au 31 d\u00e9cembre 2018,\u00a0<strong>seules quelques cat\u00e9gories bien pr\u00e9cises pouvaient pr\u00e9tendre \u00e0 l\u2019Accre<\/strong>\u00a0:<\/p>\n<ul>\n<li>\u00a0Les demandeurs d&#8217;emploi indemnisables ou indemnis\u00e9s par P\u00f4le Emploi ;<\/li>\n<li>\u00a0Les demandeurs d&#8217;emploi non indemnis\u00e9s mais inscrits 6 mois \u00e0 P\u00f4le Emploi au cours des 18 derniers mois ;<\/li>\n<li>\u00a0Les b\u00e9n\u00e9ficiaires du\u00a0revenu social de solidarit\u00e9 active (RSA)\u00a0ou de l\u2019allocation de solidarit\u00e9 sp\u00e9cifique (ASS) ;<\/li>\n<li>\u00a0Les personnes \u00e2g\u00e9es de 18 \u00e0 moins de 26 ans ;<\/li>\n<li>\u00a0Les personnes \u00e2g\u00e9es de moins de 30 ans handicap\u00e9es ou qui ne remplissent pas la condition de dur\u00e9e des droits de ch\u00f4mage ;<\/li>\n<li>\u00a0Les salari\u00e9s ou personnes licenci\u00e9es d\u2019une entreprise (sous certaines conditions) ;<\/li>\n<li>\u00a0Les personnes ayant conclu un CAPE (sous certaines conditions) ;<\/li>\n<li>\u00a0Les b\u00e9n\u00e9ficiaires de la prestation partag\u00e9e de l\u2019\u00e9ducation de l\u2019enfant.<\/li>\n<\/ul>\n<p>Cependant, <strong>\u00e0 compter du 1er janvier 2019,<\/strong><strong>\u00a0<\/strong><strong>tous les nouveaux cr\u00e9ateurs ou repreneurs d&rsquo;entreprise pourront b\u00e9n\u00e9ficier\u00a0de cette exon\u00e9ration<\/strong>. La\u00a0nouvelle aide mise en place, nomm\u00e9e ACRE,\u00a0est de ce fait,\u00a0<a href=\"https:\/\/blog.legalvision.fr\/2018\/02\/01\/extension-du-dispositif-accre\/\">\u00e9largie<\/a>.<\/p>\n<h3>A<span class=\"m_9091940204423769317m_808347487722014857gmail-il\">ccre<\/span>\u00a0<span class=\"m_9091940204423769317m_808347487722014857gmail-il\">auto<\/span>\u00a0<span class=\"m_9091940204423769317m_808347487722014857gmail-il\">entrepreneur :<\/span>\u00a0les nouvelles conditions pour b\u00e9n\u00e9ficier de\u00a0l&rsquo;ACRE<\/h3>\n<p>Tout d&rsquo;abord,\u00a0peut b\u00e9n\u00e9ficier de l&rsquo;ACRE auto entrepreneur, toute personne qui cr\u00e9e ou reprend<strong> une activit\u00e9 \u00e9conomique industrielle, commerciale, artisanale, agricole ou lib\u00e9rale<\/strong>, sous forme <strong>d&rsquo;entreprise individuelle<\/strong> ou de <strong>soci\u00e9t\u00e9<\/strong>. Ainsi, en d&rsquo;autres termes, un<a href=\"https:\/\/www.legalvision.fr\/creation-dentreprise\/statut-auto-entrepreneur\/\"> auto-entrepreneur qui souhaite cr\u00e9er une entreprise<\/a> individuelle, peut b\u00e9n\u00e9ficier de l&rsquo;ACRE.<\/p>\n<p>D&rsquo;autre part, la personne souhaitant b\u00e9n\u00e9ficier de l&rsquo;ACRE,\u00a0\u00a0<strong>ne doit pas\u00a0avoir b\u00e9n\u00e9fici\u00e9 du dispositif Accre au cours des 3 derni\u00e8res ann\u00e9es<\/strong>. Ce d\u00e9lai s&rsquo;appr\u00e9cie \u00e0 compter de la cessation du b\u00e9n\u00e9fice de l&rsquo;Accre, \u00e0 l&rsquo;occasion d&rsquo;une cr\u00e9ation ou d&rsquo;une reprise d&rsquo;entreprise pr\u00e9c\u00e9dente.<\/p>\n<p>Pour finir, depuis le 1<sup>er<\/sup>\u00a0janvier 2019, il n&rsquo;y a pas de d\u00e9marche \u00e0 effectuer pour obtenir l&rsquo;ACRE. Aucunes formalit\u00e9s particuli\u00e8res ne sont requises. Ainsi, l&rsquo;aide s&rsquo;applique automatiquement lorsque les conditions d&rsquo;obtention sont remplies.<\/p>\n<h4>\n<span class=\"m_9091940204423769317m_808347487722014857gmail-il\">Accre<\/span>\u00a0<span class=\"m_9091940204423769317m_808347487722014857gmail-il\">auto<\/span>\u00a0<span class=\"m_9091940204423769317m_808347487722014857gmail-il\">entrepreneur :<\/span>\u00a0la condition r\u00e9serv\u00e9e \u00e0\u00a0la cr\u00e9ation ou reprise de soci\u00e9t\u00e9<\/h4>\n<p>Le\u00a0demandeur, pour b\u00e9n\u00e9ficier de l&rsquo;ACRE,\u00a0 doit <strong>exercer le contr\u00f4le effectif de l&rsquo;entreprise<\/strong>\u00a0<b>. <\/b>C&rsquo;est\u00a0le cas si le demandeur d&rsquo;aide\u00a0:<\/p>\n<ul>\n<li>D\u00e9tient\u00a0personnellement ou avec son \u00e9poux ou partenaire de Pacs, ses ascendants et descendants, plus de\u00a0<span class=\"prix\">50\u00a0%<\/span>\u00a0du capital, dont au moins\u00a0<span class=\"prix\">35\u00a0%<\/span>\u00a0\u00e0 titre personnel.<\/li>\n<li>Dirige la soci\u00e9t\u00e9 et d\u00e9tient, personnellement ou avec\u00a0son \u00e9poux ou partenaire de Pacs,\u00a0ses ascendants et descendants, au moins 1\/3 du capital, dont au moins\u00a0<span class=\"prix\">25\u00a0%<\/span>\u00a0\u00e0 titre personnel, sous r\u00e9serve qu&rsquo;un autre actionnaire n&rsquo;ait pas plus de\u00a0<span class=\"prix\">50\u00a0%<\/span>\u00a0du capital.<\/li>\n<li>Les demandeurs qui d\u00e9tiennent ensemble plus de\u00a0<span class=\"prix\">50\u00a0%<\/span>\u00a0du capital, \u00e0 condition qu&rsquo;au moins un d&rsquo;entre eux soit dirigeant et que chaque demandeur ait une part de capital \u00e9gale au moins \u00e0 1\/10<sup>e<\/sup>\u00a0de la part du principal associ\u00e9.<\/li>\n<\/ul>\n<p>Ainsi, cette condition relative au contr\u00f4le doit \u00eatre <strong>remplie pendant au moins 2 ans<\/strong> \u00e0 compter de la cr\u00e9ation ou de la reprise de l&rsquo;entreprise.<\/p>\n<h2 id=\"2\">Accre auto entrepreneur : le contenu de l&rsquo;exon\u00e9ration<\/h2>\n<h3>Accre auto entrepreneur : les cotisations sociales concern\u00e9es par l&rsquo;exon\u00e9ration<\/h3>\n<p>L&rsquo;exon\u00e9ration porte sur les cotisations correspondant\u00a0:<\/p>\n<ul>\n<li>\u00e0 l&rsquo;assurance maladie, maternit\u00e9, invalidit\u00e9, d\u00e9c\u00e8s,<\/li>\n<li>aux prestations familiales,<\/li>\n<li>\u00e0 l&rsquo;assurance vieillesse de base.<\/li>\n<\/ul>\n<p>N\u00e9anmoins, les contributions relatives \u00e0 la CSG-CRDS,\u00a0au risque accident du travail, \u00e0 la retraite compl\u00e9mentaire, au Fonds national d&rsquo;aide au logement (Fnal), \u00e0 la formation professionnelle continue et au versement transport <strong>ne sont pas exon\u00e9r\u00e9es.<\/strong><\/p>\n<h3>Accre auto entrepreneur : le pourcentage d&rsquo;exon\u00e9ration applicable \u00e0 l&rsquo;auto-entrepreneur<\/h3>\n<p>Le paiement des cotisations sociales pour le micro-entrepreneur s&rsquo;effectue, \u00e0 cet \u00e9gard, sur la base du chiffre d&rsquo;affaires g\u00e9n\u00e9r\u00e9 par l&rsquo;activit\u00e9.<\/p>\n<h4>L&rsquo;exon\u00e9ration totale ou d\u00e9gressive des cotisations sociales :<\/h4>\n<ul>\n<li>Tout d&rsquo;abord, l\u2019<a href=\"https:\/\/www.legifrance.gouv.fr\/affichCodeArticle.do?cidTexte=LEGITEXT000006073189&amp;idArticle=LEGIARTI000036366764\">exon\u00e9ration<\/a> <strong>est totale<\/strong> lorsque les revenus ou les r\u00e9mun\u00e9rations des b\u00e9n\u00e9ficiaires sont inf\u00e9rieurs \u00e0<strong>\u00a0<span class=\"prix\">30\u00a0393\u00a0\u20ac<\/span><\/strong>\u00a0en 2019.<\/li>\n<li>L&rsquo;exon\u00e9ration devient<strong> d\u00e9gressive<\/strong> lorsque les revenus sont compris<strong> entre\u00a0<span class=\"prix\">30\u00a0393\u00a0\u20ac<\/span>\u00a0et\u00a0<span class=\"prix\">40\u00a0524\u00a0\u20ac<\/span>\u00a0<\/strong>en 2019.<\/li>\n<li>l&rsquo;exon\u00e9ration <strong>n\u2019est pas applicable<\/strong> lorsque le revenu professionnel atteint<strong> 40\u00a0524\u00a0\u20ac<\/strong>\n<\/li>\n<\/ul>\n<p>Ainsi, le montant de l\u2019exon\u00e9ration d\u00e9gressive est calcul\u00e9 \u00e0 partir de la formule suivante\u00a0:<br \/>\n<strong>Montant de l&rsquo;exon\u00e9ration = E \/ 0,25\u00a0PSS \u00d7 (PSS-R)<\/strong><\/p>\n<ul class=\"bulletPointed\">\n<li>E correspond au montant total des cotisations d\u2019assurance sociale (allocations familiales, assurance maladie, maternit\u00e9, retraite de base, invalidit\u00e9 d\u00e9c\u00e8s) dues pour un revenu \u00e9gal \u00e0 30\u00a0393\u00a0\u20ac\u00a0;<\/li>\n<li>PSS est la valeur du plafond annuel de la S\u00e9curit\u00e9 sociale (soit 40 524\u00a0\u20ac)\u00a0;<\/li>\n<li>Enfin, R est le revenu de la personne b\u00e9n\u00e9ficiant de l&rsquo;exon\u00e9ration.<\/li>\n<\/ul>\n<p><strong>Le cas\u00a0sp\u00e9cifique des auto-entrepreneurs :\u00a0<\/strong><\/p>\n<p dir=\"ltr\">Tout d&rsquo;abord, l\u2019ACRE sera applicable tant que le micro-entrepreneur reste dans le cadre des seuils de chiffre d\u2019affaires du r\u00e9gime de la micro-entreprise, c\u2019est-\u00e0-dire :<\/p>\n<ul>\n<li>\n<p dir=\"ltr\"><strong>170 000 \u20ac<\/strong> pour la<strong> vente de marchandises<\/strong><\/p>\n<\/li>\n<li>\n<p dir=\"ltr\"><strong>70 000 \u20ac <\/strong>pour les<strong> prestations de services\u00a0<\/strong><\/p>\n<\/li>\n<\/ul>\n<p dir=\"ltr\">D&rsquo;autre part, le dispositif de l\u2019ACRE (aide aux cr\u00e9ateurs et repreneurs d&rsquo;entreprise) a \u00e9t\u00e9 con\u00e7u de fa\u00e7on diff\u00e9rente pour les micro-entreprises (anciennement auto-entreprise). Cette aide se pr\u00e9sente comme\u00a0<strong>un dispositif sp\u00e9cial pendant 3 ans.<\/strong><\/p>\n<p dir=\"ltr\">Ce m\u00e9canisme permet de payer moins de cotisations sociales pendant plusieurs trimestres civils qui se\u00a0<strong>d\u00e9composent en 3 p\u00e9riodes. <\/strong>L&rsquo;exon\u00e9ration sur ces p\u00e9riodes est de :<\/p>\n<ul>\n<li dir=\"ltr\">\n<strong>75%<\/strong>\u00a0pour la premi\u00e8re p\u00e9riode (du d\u00e9but d\u2019activit\u00e9 jusqu\u2019\u00e0 la fin du troisi\u00e8me trimestre civil) ;<\/li>\n<li dir=\"ltr\">\n<strong>50%\u00a0<\/strong> pour la seconde p\u00e9riode (les 4 trimestres civils qui suivent la premi\u00e8re p\u00e9riode) ;<\/li>\n<li dir=\"ltr\">\n<strong>25%<\/strong> pour la troisi\u00e8me p\u00e9riode (les 4 trimestres civils qui suivent la seconde p\u00e9riode);<\/li>\n<\/ul>\n<h4>Le taux de cotisations en fonction des p\u00e9riodes :<\/h4>\n<p>Ainsi,<strong> pour la premi\u00e8re p\u00e9riode<\/strong> (jusqu\u2019\u00e0 la fin du troisi\u00e8me trimestre civil suivant celui de la date d\u2019inscription) :<\/p>\n<ul>\n<li>Le taux de cotisation est de<strong> 3,20%<\/strong> pour les activit\u00e9s de vente de marchandises.<\/li>\n<li>De <strong>5,5%<\/strong> pour les activit\u00e9s de prestations de services commerciales, artisanales, ou professions lib\u00e9rales.<\/li>\n<\/ul>\n<p>Puis,<strong> pour la deuxi\u00e8me p\u00e9riode<\/strong> (au cours des 4 trimestres civils suivant la premie\u0300re pe\u0301riode) :<\/p>\n<ul>\n<li>Le taux de cotisation est de<strong> 6,4%<\/strong> pour les activit\u00e9s de vente de marchandises.<\/li>\n<li>De<strong> 11%<\/strong> pour les activit\u00e9s de prestations de services commerciales, lib\u00e9rales, ou professions lib\u00e9rales.<\/li>\n<\/ul>\n<p>Enfin, <strong>pour la troisi\u00e8me p\u00e9riode<\/strong>, (au cours des 4 trimestres civils suivant la deuxi\u00e8me pe\u0301riode) :<\/p>\n<ul>\n<li>Le taux de cotisation est de <strong>9,6%<\/strong> pour les activit\u00e9s de vente de marchandises<\/li>\n<li>De<strong> 16,5%<\/strong> pour les activit\u00e9s de prestations de services commerciales, artisanales, ou professions lib\u00e9rales.<\/li>\n<\/ul>\n<h2 id=\"3\">L&rsquo;ARE, l&rsquo;ARCE\u00a0et le NACRE, quelles diff\u00e9rences ?<\/h2>\n<h3>L&rsquo;allocation d&rsquo;aide au retour \u00e0 l&#8217;emploi (ARE)<\/h3>\n<p>\u00c9galement connue sous le nom de \u00ab\u00a0allocation ch\u00f4mage\u00a0\u00bb,\u00a0<a href=\"https:\/\/blog.legalvision.fr\/2019\/01\/23\/are-et-creation-entreprise-comment-ca-marche\/\">l&rsquo;ARE<\/a> est un\u00a0<strong>revenu de remplacement\u00a0vers\u00e9 par\u00a0P\u00f4le emploi<\/strong>, sous certaines conditions, aux personnes inscrites en tant que demandeur d&#8217;emploi et involontairement priv\u00e9es d&#8217;emploi.<\/p>\n<p>D&rsquo;autre part, l&rsquo;ARE s\u2019adresse aux personnes ayant travaill\u00e9<strong> au minimum\u00a088 jours (ou 610 heures) au cours des 28 derniers mois\u00a0<\/strong>(moins de 53 ans)<strong> ou 36 derniers mois <\/strong>( plus de 53 ans ).\u00a0Cette aide implique \u00e9galement de ne pas avoir atteint l\u2019\u00e2ge d\u00e9termin\u00e9 pour l\u2019ouverture du droit \u00e0 une pension de vieillesse, d<strong>\u2019<\/strong>\u00eatre physiquement apte \u00e0 l\u2019exercice d\u2019un emploi, et de r\u00e9sider sur le territoire relevant du champ d\u2019application du r\u00e9gime d\u2019assurance ch\u00f4mage.<\/p>\n<p>La dur\u00e9e de l&rsquo;ARE d\u00e9pend de la dur\u00e9e d\u2019emploi du demandeur avant la fin de son contrat de travail.<\/p>\n<p>Puis, son montant journalier brut comprend une <strong>part fixe (11.92\u20ac)<\/strong> et une<strong> variable (40.4% du salaire journalier de r\u00e9f\u00e9rence)<\/strong>. La somme est obligatoirement comprise entre 57 % et 75% du salaire journalier de r\u00e9f\u00e9rence c&rsquo;est \u00e0 dire sur la base des douze derniers mois de salaire pr\u00e9c\u00e9dant le dernier jours travaill\u00e9.<\/p>\n<h3><strong>Aide \u00e0 la reprise ou cr\u00e9ation d&rsquo;entreprise (ARCE)<\/strong><\/h3>\n<p>L\u2019<a href=\"https:\/\/blog.legalvision.fr\/2018\/10\/07\/demande-arce-pole-emploi\/\">ARCE<\/a> consiste \u00e0 recevoir ses\u00a0<strong>allocations ch\u00f4mage sous forme de capital.<\/strong>\u00a0Son montant est \u00e9gal \u00e0\u00a0<strong>45 %<\/strong>\u00a0du montant des droits \u00e0 l&rsquo;ARE restant \u00e0 verser lors du d\u00e9but de l&rsquo;activit\u00e9.<\/p>\n<p>Elle est attribu\u00e9e par\u00a0P\u00f4le emploi et concerne :<\/p>\n<ul>\n<li>Les demandeurs d\u2019emploi qui b\u00e9n\u00e9ficient de l\u2019allocation d\u2019aide au retour \u00e0 l\u2019emploi (ARE),<\/li>\n<li>qui ont repris ou cr\u00e9\u00e9 une entreprise apr\u00e8s s&rsquo;\u00eatre inscrit \u00e0 P\u00f4le Emploi,<\/li>\n<li>et qui ont obtenu l&rsquo;aide aux demandeurs d&#8217;emploi cr\u00e9ant ou reprenant une entreprise (ACCRE).<\/li>\n<\/ul>\n<p>Les personnes qui per\u00e7oivent l&rsquo;ARCE ne sont plus sur la liste des demandeurs d&#8217;emploi et ne peuvent donc plus pr\u00e9tendre \u00e0 l&rsquo;ARE.<\/p>\n<p>Il faut savoir que son montant\u00a0est \u00e9gale \u00e0<strong>\u00a045 % de l\u2019ARE<\/strong>\u00a0<strong>restant due au demandeur d\u2019emploi<\/strong>\u00a0auquel s&rsquo;imputent les 3% au titre de la participation au financement des retraites compl\u00e9mentaires. Son versement se fait en deux fois. La premi\u00e8re moiti\u00e9 est vers\u00e9e au d\u00e9but de l&rsquo;activit\u00e9 et l&rsquo;autre moiti\u00e9 est vers\u00e9e, sur demande, 6 mois apr\u00e8s le premier versement.<\/p>\n<h3><strong><span class=\"f\">\u00a0<\/span>Le\u00a0nouvel accompagnement \u00e0 la cr\u00e9ation ou la reprise d&rsquo;entreprise (NACRE)<\/strong><\/h3>\n<p>Depuis le 1er janvier 2017,\u00a0\u00a0le Nouvel accompagnement \u00e0 la cr\u00e9ation ou \u00e0 la reprise d&rsquo;entreprise, connu sous l&rsquo;appellation <a href=\"https:\/\/blog.legalvision.fr\/2019\/03\/30\/nacre-tous-les-conseils-des-experts\/\">NACRE<\/a>, est une comp\u00e9tence d\u00e9volue aux r\u00e9gions.<\/p>\n<p><strong>Les personnes sans emploi ou rencontrant des difficult\u00e9s d&rsquo;insertion professionnell<\/strong>e peuvent b\u00e9n\u00e9ficier d&rsquo;un accompagnement pour d\u00e9marrer, financer et d\u00e9velopper leur entreprise.<\/p>\n<p>Le b\u00e9n\u00e9ficiaire doit alors se renseigner aupr\u00e8s de son Conseil r\u00e9gional pour trouver l\u2019organisme susceptible de lui proposer un<strong> contrat d\u2019accompagnement.<\/strong><\/p>\n<p>\u00a0<\/p>\n<p>\u00a0<\/p>\n<p><\/p>\n<div class=\"wp-block-button\" style=\"text-align:center;\"><a class=\"wp-block-button__link has-background\" href=\"https:\/\/www.legalvision.fr\/creation-dentreprise\/statut-auto-entrepreneur\/\">Commencer les d\u00e9marches pour mon auto-entreprise<\/a><\/div>\n","protected":false},"excerpt":{"rendered":"<p>Aide aux Ch\u00f4meurs Cr\u00e9ateurs et Repreneurs d\u2019Entreprise plus connue sous l&rsquo;acronyme Accre\u00a0: peut-on toujours en parler aujourd\u2019hui ? Qui peut b\u00e9n\u00e9ficier de cette aide ? Quelles sont les conditions d&rsquo;obtention ? Legalvision vous explique l&rsquo;essentiel de l&rsquo;Accre auto entrepreneur.\u00a0 Lorsque le micro-entrepreneur n\u2019a pas d\u2019autre activit\u00e9 en parall\u00e8le de son entreprise, il est uniquement affili\u00e9&hellip; <a class=\"more-link\" href=\"https:\/\/www.legalvision.fr\/guides-juridiques\/auto-entrepreneur\/obtenir-l-accre-auto-entrepreneur-en-ligne-gratuitement\/\">Poursuivre la lecture <span class=\"screen-reader-text\">Accre, une aide \u00e0 la cr\u00e9ation d&rsquo;entreprise<\/span><\/a><\/p>\n","protected":false},"author":30,"featured_media":24549,"comment_status":"open","ping_status":"open","sticky":false,"template":"","format":"standard","meta":{"content-type":"","inline_featured_image":false,"footnotes":""},"categories":[2477],"tags":[],"class_list":["post-16514","post","type-post","status-publish","format-standard","has-post-thumbnail","hentry","category-auto-entrepreneur","entry"],"yoast_head":"<!-- This site is optimized with the Yoast SEO plugin v27.1.1 - https:\/\/yoast.com\/product\/yoast-seo-wordpress\/ -->\n<title>Accre auto entrepreneur 2019 : une aide plus accessible<\/title>\n<meta name=\"description\" content=\"Accre auto entrepreneur : cet article \u00e9voque en d\u00e9tail l&#039;Acre, qui vient d\u00e9sormais remplacer depuis le 1er janvier 2019, ce que l&#039;on appelait l&#039;Accre.\" \/>\n<meta name=\"robots\" content=\"index, follow, max-snippet:-1, max-image-preview:large, max-video-preview:-1\" \/>\n<link rel=\"canonical\" href=\"https:\/\/www.legalvision.fr\/guides-juridiques\/auto-entrepreneur\/obtenir-l-accre-auto-entrepreneur-en-ligne-gratuitement\/\" \/>\n<meta property=\"og:locale\" content=\"fr_FR\" \/>\n<meta property=\"og:type\" content=\"article\" \/>\n<meta property=\"og:title\" content=\"Accre auto entrepreneur 2019 : une aide plus accessible\" \/>\n<meta property=\"og:description\" content=\"Accre auto entrepreneur : cet article \u00e9voque en d\u00e9tail l&#039;Acre, qui vient d\u00e9sormais remplacer depuis le 1er janvier 2019, ce que l&#039;on appelait l&#039;Accre.\" \/>\n<meta property=\"og:url\" content=\"https:\/\/www.legalvision.fr\/guides-juridiques\/auto-entrepreneur\/obtenir-l-accre-auto-entrepreneur-en-ligne-gratuitement\/\" \/>\n<meta property=\"og:site_name\" content=\"Guides juridiques\" \/>\n<meta property=\"article:published_time\" content=\"2019-06-12T06:30:49+00:00\" \/>\n<meta property=\"article:modified_time\" content=\"2022-03-27T19:20:55+00:00\" \/>\n<meta property=\"og:image\" content=\"https:\/\/www.legalvision.fr\/guides-juridiques\/wp-content\/uploads\/2019\/06\/Accre-auto-entrepreneur-min.jpg\" \/>\n\t<meta property=\"og:image:width\" content=\"958\" \/>\n\t<meta property=\"og:image:height\" content=\"350\" \/>\n\t<meta property=\"og:image:type\" content=\"image\/jpeg\" \/>\n<meta name=\"author\" content=\"William Lebrun\" \/>\n<meta name=\"twitter:card\" content=\"summary_large_image\" \/>\n<meta name=\"twitter:label1\" content=\"\u00c9crit par\" \/>\n\t<meta name=\"twitter:data1\" content=\"William Lebrun\" \/>\n\t<meta name=\"twitter:label2\" content=\"Dur\u00e9e de lecture estim\u00e9e\" \/>\n\t<meta name=\"twitter:data2\" content=\"10 minutes\" \/>\n<script type=\"application\/ld+json\" class=\"yoast-schema-graph\">{\"@context\":\"https:\/\/schema.org\",\"@graph\":[{\"@type\":\"Article\",\"@id\":\"https:\/\/www.legalvision.fr\/guides-juridiques\/auto-entrepreneur\/obtenir-l-accre-auto-entrepreneur-en-ligne-gratuitement\/#article\",\"isPartOf\":{\"@id\":\"https:\/\/www.legalvision.fr\/guides-juridiques\/auto-entrepreneur\/obtenir-l-accre-auto-entrepreneur-en-ligne-gratuitement\/\"},\"author\":{\"name\":\"William Lebrun\",\"@id\":\"https:\/\/www.legalvision.fr\/guides-juridiques\/#\/schema\/person\/3d24d0c20575138ed212b2e4b6f7b4b0\"},\"headline\":\"Accre, une aide \u00e0 la cr\u00e9ation d&rsquo;entreprise\",\"datePublished\":\"2019-06-12T06:30:49+00:00\",\"dateModified\":\"2022-03-27T19:20:55+00:00\",\"mainEntityOfPage\":{\"@id\":\"https:\/\/www.legalvision.fr\/guides-juridiques\/auto-entrepreneur\/obtenir-l-accre-auto-entrepreneur-en-ligne-gratuitement\/\"},\"wordCount\":2058,\"commentCount\":4,\"publisher\":{\"@id\":\"https:\/\/www.legalvision.fr\/guides-juridiques\/#organization\"},\"image\":{\"@id\":\"https:\/\/www.legalvision.fr\/guides-juridiques\/auto-entrepreneur\/obtenir-l-accre-auto-entrepreneur-en-ligne-gratuitement\/#primaryimage\"},\"thumbnailUrl\":\"https:\/\/www.legalvision.fr\/guides-juridiques\/wp-content\/uploads\/2019\/06\/Accre-auto-entrepreneur-min.jpg\",\"articleSection\":[\"Auto-entrepreneur\"],\"inLanguage\":\"fr-FR\",\"potentialAction\":[{\"@type\":\"CommentAction\",\"name\":\"Comment\",\"target\":[\"https:\/\/www.legalvision.fr\/guides-juridiques\/auto-entrepreneur\/obtenir-l-accre-auto-entrepreneur-en-ligne-gratuitement\/#respond\"]}]},{\"@type\":\"WebPage\",\"@id\":\"https:\/\/www.legalvision.fr\/guides-juridiques\/auto-entrepreneur\/obtenir-l-accre-auto-entrepreneur-en-ligne-gratuitement\/\",\"url\":\"https:\/\/www.legalvision.fr\/guides-juridiques\/auto-entrepreneur\/obtenir-l-accre-auto-entrepreneur-en-ligne-gratuitement\/\",\"name\":\"Accre auto entrepreneur 2019 : une aide plus accessible\",\"isPartOf\":{\"@id\":\"https:\/\/www.legalvision.fr\/guides-juridiques\/#website\"},\"primaryImageOfPage\":{\"@id\":\"https:\/\/www.legalvision.fr\/guides-juridiques\/auto-entrepreneur\/obtenir-l-accre-auto-entrepreneur-en-ligne-gratuitement\/#primaryimage\"},\"image\":{\"@id\":\"https:\/\/www.legalvision.fr\/guides-juridiques\/auto-entrepreneur\/obtenir-l-accre-auto-entrepreneur-en-ligne-gratuitement\/#primaryimage\"},\"thumbnailUrl\":\"https:\/\/www.legalvision.fr\/guides-juridiques\/wp-content\/uploads\/2019\/06\/Accre-auto-entrepreneur-min.jpg\",\"datePublished\":\"2019-06-12T06:30:49+00:00\",\"dateModified\":\"2022-03-27T19:20:55+00:00\",\"description\":\"Accre auto entrepreneur : cet article \u00e9voque en d\u00e9tail l'Acre, qui vient d\u00e9sormais remplacer depuis le 1er janvier 2019, ce que l'on appelait l'Accre.\",\"breadcrumb\":{\"@id\":\"https:\/\/www.legalvision.fr\/guides-juridiques\/auto-entrepreneur\/obtenir-l-accre-auto-entrepreneur-en-ligne-gratuitement\/#breadcrumb\"},\"inLanguage\":\"fr-FR\",\"potentialAction\":[{\"@type\":\"ReadAction\",\"target\":[\"https:\/\/www.legalvision.fr\/guides-juridiques\/auto-entrepreneur\/obtenir-l-accre-auto-entrepreneur-en-ligne-gratuitement\/\"]}]},{\"@type\":\"ImageObject\",\"inLanguage\":\"fr-FR\",\"@id\":\"https:\/\/www.legalvision.fr\/guides-juridiques\/auto-entrepreneur\/obtenir-l-accre-auto-entrepreneur-en-ligne-gratuitement\/#primaryimage\",\"url\":\"https:\/\/www.legalvision.fr\/guides-juridiques\/wp-content\/uploads\/2019\/06\/Accre-auto-entrepreneur-min.jpg\",\"contentUrl\":\"https:\/\/www.legalvision.fr\/guides-juridiques\/wp-content\/uploads\/2019\/06\/Accre-auto-entrepreneur-min.jpg\",\"width\":958,\"height\":350,\"caption\":\"Accre auto entrepreneur\"},{\"@type\":\"BreadcrumbList\",\"@id\":\"https:\/\/www.legalvision.fr\/guides-juridiques\/auto-entrepreneur\/obtenir-l-accre-auto-entrepreneur-en-ligne-gratuitement\/#breadcrumb\",\"itemListElement\":[{\"@type\":\"ListItem\",\"position\":1,\"name\":\"Accueil\",\"item\":\"https:\/\/www.legalvision.fr\/guides-juridiques\/\"},{\"@type\":\"ListItem\",\"position\":2,\"name\":\"Auto-entrepreneur\",\"item\":\"https:\/\/www.legalvision.fr\/guides-juridiques\/auto-entrepreneur\/\"},{\"@type\":\"ListItem\",\"position\":3,\"name\":\"Accre, une aide \u00e0 la cr\u00e9ation d&rsquo;entreprise\"}]},{\"@type\":\"WebSite\",\"@id\":\"https:\/\/www.legalvision.fr\/guides-juridiques\/#website\",\"url\":\"https:\/\/www.legalvision.fr\/guides-juridiques\/\",\"name\":\"Guides juridiques\",\"description\":\"L&#039;information juridique \u00e0 destination des entreprises et TPE\",\"publisher\":{\"@id\":\"https:\/\/www.legalvision.fr\/guides-juridiques\/#organization\"},\"potentialAction\":[{\"@type\":\"SearchAction\",\"target\":{\"@type\":\"EntryPoint\",\"urlTemplate\":\"https:\/\/www.legalvision.fr\/guides-juridiques\/?s={search_term_string}\"},\"query-input\":{\"@type\":\"PropertyValueSpecification\",\"valueRequired\":true,\"valueName\":\"search_term_string\"}}],\"inLanguage\":\"fr-FR\"},{\"@type\":\"Organization\",\"@id\":\"https:\/\/www.legalvision.fr\/guides-juridiques\/#organization\",\"name\":\"Guides juridiques\",\"url\":\"https:\/\/www.legalvision.fr\/guides-juridiques\/\",\"logo\":{\"@type\":\"ImageObject\",\"inLanguage\":\"fr-FR\",\"@id\":\"https:\/\/www.legalvision.fr\/guides-juridiques\/#\/schema\/logo\/image\/\",\"url\":\"https:\/\/www.legalvision.fr\/guides-juridiques\/wp-content\/uploads\/2022\/10\/LV-Logotype.png\",\"contentUrl\":\"https:\/\/www.legalvision.fr\/guides-juridiques\/wp-content\/uploads\/2022\/10\/LV-Logotype.png\",\"width\":647,\"height\":125,\"caption\":\"Guides juridiques\"},\"image\":{\"@id\":\"https:\/\/www.legalvision.fr\/guides-juridiques\/#\/schema\/logo\/image\/\"}},{\"@type\":\"Person\",\"@id\":\"https:\/\/www.legalvision.fr\/guides-juridiques\/#\/schema\/person\/3d24d0c20575138ed212b2e4b6f7b4b0\",\"name\":\"William Lebrun\",\"image\":{\"@type\":\"ImageObject\",\"inLanguage\":\"fr-FR\",\"@id\":\"https:\/\/www.legalvision.fr\/guides-juridiques\/#\/schema\/person\/image\/\",\"url\":\"https:\/\/www.legalvision.fr\/guides-juridiques\/wp-content\/uploads\/2023\/07\/cropped-homme1-96x96.png\",\"contentUrl\":\"https:\/\/www.legalvision.fr\/guides-juridiques\/wp-content\/uploads\/2023\/07\/cropped-homme1-96x96.png\",\"caption\":\"William Lebrun\"},\"description\":\"B\u00e9n\u00e9ficiant de la formation d'un double dipl\u00f4me en droit des affaires et en \u00e9cole de commerce, j'ai un fort attrait pour le droit des soci\u00e9t\u00e9s. Je r\u00e9dige des articles pour vous aider sur vos probl\u00e9matiques.\",\"url\":\"https:\/\/www.legalvision.fr\/guides-juridiques\/author\/aina-rakoto\/\"}]}<\/script>\n<!-- \/ Yoast SEO plugin. -->","yoast_head_json":{"title":"Accre auto entrepreneur 2019 : une aide plus accessible","description":"Accre auto entrepreneur : cet article \u00e9voque en d\u00e9tail l'Acre, qui vient d\u00e9sormais remplacer depuis le 1er janvier 2019, ce que l'on appelait l'Accre.","robots":{"index":"index","follow":"follow","max-snippet":"max-snippet:-1","max-image-preview":"max-image-preview:large","max-video-preview":"max-video-preview:-1"},"canonical":"https:\/\/www.legalvision.fr\/guides-juridiques\/auto-entrepreneur\/obtenir-l-accre-auto-entrepreneur-en-ligne-gratuitement\/","og_locale":"fr_FR","og_type":"article","og_title":"Accre auto entrepreneur 2019 : une aide plus accessible","og_description":"Accre auto entrepreneur : cet article \u00e9voque en d\u00e9tail l'Acre, qui vient d\u00e9sormais remplacer depuis le 1er janvier 2019, ce que l'on appelait l'Accre.","og_url":"https:\/\/www.legalvision.fr\/guides-juridiques\/auto-entrepreneur\/obtenir-l-accre-auto-entrepreneur-en-ligne-gratuitement\/","og_site_name":"Guides juridiques","article_published_time":"2019-06-12T06:30:49+00:00","article_modified_time":"2022-03-27T19:20:55+00:00","og_image":[{"width":958,"height":350,"url":"https:\/\/www.legalvision.fr\/guides-juridiques\/wp-content\/uploads\/2019\/06\/Accre-auto-entrepreneur-min.jpg","type":"image\/jpeg"}],"author":"William Lebrun","twitter_card":"summary_large_image","twitter_misc":{"\u00c9crit par":"William Lebrun","Dur\u00e9e de lecture estim\u00e9e":"10 minutes"},"schema":{"@context":"https:\/\/schema.org","@graph":[{"@type":"Article","@id":"https:\/\/www.legalvision.fr\/guides-juridiques\/auto-entrepreneur\/obtenir-l-accre-auto-entrepreneur-en-ligne-gratuitement\/#article","isPartOf":{"@id":"https:\/\/www.legalvision.fr\/guides-juridiques\/auto-entrepreneur\/obtenir-l-accre-auto-entrepreneur-en-ligne-gratuitement\/"},"author":{"name":"William Lebrun","@id":"https:\/\/www.legalvision.fr\/guides-juridiques\/#\/schema\/person\/3d24d0c20575138ed212b2e4b6f7b4b0"},"headline":"Accre, une aide \u00e0 la cr\u00e9ation d&rsquo;entreprise","datePublished":"2019-06-12T06:30:49+00:00","dateModified":"2022-03-27T19:20:55+00:00","mainEntityOfPage":{"@id":"https:\/\/www.legalvision.fr\/guides-juridiques\/auto-entrepreneur\/obtenir-l-accre-auto-entrepreneur-en-ligne-gratuitement\/"},"wordCount":2058,"commentCount":4,"publisher":{"@id":"https:\/\/www.legalvision.fr\/guides-juridiques\/#organization"},"image":{"@id":"https:\/\/www.legalvision.fr\/guides-juridiques\/auto-entrepreneur\/obtenir-l-accre-auto-entrepreneur-en-ligne-gratuitement\/#primaryimage"},"thumbnailUrl":"https:\/\/www.legalvision.fr\/guides-juridiques\/wp-content\/uploads\/2019\/06\/Accre-auto-entrepreneur-min.jpg","articleSection":["Auto-entrepreneur"],"inLanguage":"fr-FR","potentialAction":[{"@type":"CommentAction","name":"Comment","target":["https:\/\/www.legalvision.fr\/guides-juridiques\/auto-entrepreneur\/obtenir-l-accre-auto-entrepreneur-en-ligne-gratuitement\/#respond"]}]},{"@type":"WebPage","@id":"https:\/\/www.legalvision.fr\/guides-juridiques\/auto-entrepreneur\/obtenir-l-accre-auto-entrepreneur-en-ligne-gratuitement\/","url":"https:\/\/www.legalvision.fr\/guides-juridiques\/auto-entrepreneur\/obtenir-l-accre-auto-entrepreneur-en-ligne-gratuitement\/","name":"Accre auto entrepreneur 2019 : une aide plus accessible","isPartOf":{"@id":"https:\/\/www.legalvision.fr\/guides-juridiques\/#website"},"primaryImageOfPage":{"@id":"https:\/\/www.legalvision.fr\/guides-juridiques\/auto-entrepreneur\/obtenir-l-accre-auto-entrepreneur-en-ligne-gratuitement\/#primaryimage"},"image":{"@id":"https:\/\/www.legalvision.fr\/guides-juridiques\/auto-entrepreneur\/obtenir-l-accre-auto-entrepreneur-en-ligne-gratuitement\/#primaryimage"},"thumbnailUrl":"https:\/\/www.legalvision.fr\/guides-juridiques\/wp-content\/uploads\/2019\/06\/Accre-auto-entrepreneur-min.jpg","datePublished":"2019-06-12T06:30:49+00:00","dateModified":"2022-03-27T19:20:55+00:00","description":"Accre auto entrepreneur : cet article \u00e9voque en d\u00e9tail l'Acre, qui vient d\u00e9sormais remplacer depuis le 1er janvier 2019, ce que l'on appelait l'Accre.","breadcrumb":{"@id":"https:\/\/www.legalvision.fr\/guides-juridiques\/auto-entrepreneur\/obtenir-l-accre-auto-entrepreneur-en-ligne-gratuitement\/#breadcrumb"},"inLanguage":"fr-FR","potentialAction":[{"@type":"ReadAction","target":["https:\/\/www.legalvision.fr\/guides-juridiques\/auto-entrepreneur\/obtenir-l-accre-auto-entrepreneur-en-ligne-gratuitement\/"]}]},{"@type":"ImageObject","inLanguage":"fr-FR","@id":"https:\/\/www.legalvision.fr\/guides-juridiques\/auto-entrepreneur\/obtenir-l-accre-auto-entrepreneur-en-ligne-gratuitement\/#primaryimage","url":"https:\/\/www.legalvision.fr\/guides-juridiques\/wp-content\/uploads\/2019\/06\/Accre-auto-entrepreneur-min.jpg","contentUrl":"https:\/\/www.legalvision.fr\/guides-juridiques\/wp-content\/uploads\/2019\/06\/Accre-auto-entrepreneur-min.jpg","width":958,"height":350,"caption":"Accre auto entrepreneur"},{"@type":"BreadcrumbList","@id":"https:\/\/www.legalvision.fr\/guides-juridiques\/auto-entrepreneur\/obtenir-l-accre-auto-entrepreneur-en-ligne-gratuitement\/#breadcrumb","itemListElement":[{"@type":"ListItem","position":1,"name":"Accueil","item":"https:\/\/www.legalvision.fr\/guides-juridiques\/"},{"@type":"ListItem","position":2,"name":"Auto-entrepreneur","item":"https:\/\/www.legalvision.fr\/guides-juridiques\/auto-entrepreneur\/"},{"@type":"ListItem","position":3,"name":"Accre, une aide \u00e0 la cr\u00e9ation d&rsquo;entreprise"}]},{"@type":"WebSite","@id":"https:\/\/www.legalvision.fr\/guides-juridiques\/#website","url":"https:\/\/www.legalvision.fr\/guides-juridiques\/","name":"Guides juridiques","description":"L&#039;information juridique \u00e0 destination des entreprises et TPE","publisher":{"@id":"https:\/\/www.legalvision.fr\/guides-juridiques\/#organization"},"potentialAction":[{"@type":"SearchAction","target":{"@type":"EntryPoint","urlTemplate":"https:\/\/www.legalvision.fr\/guides-juridiques\/?s={search_term_string}"},"query-input":{"@type":"PropertyValueSpecification","valueRequired":true,"valueName":"search_term_string"}}],"inLanguage":"fr-FR"},{"@type":"Organization","@id":"https:\/\/www.legalvision.fr\/guides-juridiques\/#organization","name":"Guides juridiques","url":"https:\/\/www.legalvision.fr\/guides-juridiques\/","logo":{"@type":"ImageObject","inLanguage":"fr-FR","@id":"https:\/\/www.legalvision.fr\/guides-juridiques\/#\/schema\/logo\/image\/","url":"https:\/\/www.legalvision.fr\/guides-juridiques\/wp-content\/uploads\/2022\/10\/LV-Logotype.png","contentUrl":"https:\/\/www.legalvision.fr\/guides-juridiques\/wp-content\/uploads\/2022\/10\/LV-Logotype.png","width":647,"height":125,"caption":"Guides juridiques"},"image":{"@id":"https:\/\/www.legalvision.fr\/guides-juridiques\/#\/schema\/logo\/image\/"}},{"@type":"Person","@id":"https:\/\/www.legalvision.fr\/guides-juridiques\/#\/schema\/person\/3d24d0c20575138ed212b2e4b6f7b4b0","name":"William Lebrun","image":{"@type":"ImageObject","inLanguage":"fr-FR","@id":"https:\/\/www.legalvision.fr\/guides-juridiques\/#\/schema\/person\/image\/","url":"https:\/\/www.legalvision.fr\/guides-juridiques\/wp-content\/uploads\/2023\/07\/cropped-homme1-96x96.png","contentUrl":"https:\/\/www.legalvision.fr\/guides-juridiques\/wp-content\/uploads\/2023\/07\/cropped-homme1-96x96.png","caption":"William Lebrun"},"description":"B\u00e9n\u00e9ficiant de la formation d'un double dipl\u00f4me en droit des affaires et en \u00e9cole de commerce, j'ai un fort attrait pour le droit des soci\u00e9t\u00e9s. Je r\u00e9dige des articles pour vous aider sur vos probl\u00e9matiques.","url":"https:\/\/www.legalvision.fr\/guides-juridiques\/author\/aina-rakoto\/"}]}},"_links":{"self":[{"href":"https:\/\/www.legalvision.fr\/guides-juridiques\/wp-json\/wp\/v2\/posts\/16514","targetHints":{"allow":["GET"]}}],"collection":[{"href":"https:\/\/www.legalvision.fr\/guides-juridiques\/wp-json\/wp\/v2\/posts"}],"about":[{"href":"https:\/\/www.legalvision.fr\/guides-juridiques\/wp-json\/wp\/v2\/types\/post"}],"author":[{"embeddable":true,"href":"https:\/\/www.legalvision.fr\/guides-juridiques\/wp-json\/wp\/v2\/users\/30"}],"replies":[{"embeddable":true,"href":"https:\/\/www.legalvision.fr\/guides-juridiques\/wp-json\/wp\/v2\/comments?post=16514"}],"version-history":[{"count":0,"href":"https:\/\/www.legalvision.fr\/guides-juridiques\/wp-json\/wp\/v2\/posts\/16514\/revisions"}],"wp:featuredmedia":[{"embeddable":true,"href":"https:\/\/www.legalvision.fr\/guides-juridiques\/wp-json\/wp\/v2\/media\/24549"}],"wp:attachment":[{"href":"https:\/\/www.legalvision.fr\/guides-juridiques\/wp-json\/wp\/v2\/media?parent=16514"}],"wp:term":[{"taxonomy":"category","embeddable":true,"href":"https:\/\/www.legalvision.fr\/guides-juridiques\/wp-json\/wp\/v2\/categories?post=16514"},{"taxonomy":"post_tag","embeddable":true,"href":"https:\/\/www.legalvision.fr\/guides-juridiques\/wp-json\/wp\/v2\/tags?post=16514"}],"curies":[{"name":"wp","href":"https:\/\/api.w.org\/{rel}","templated":true}]}}