{"id":1588,"date":"2018-02-28T07:00:01","date_gmt":"2018-02-28T06:00:01","guid":{"rendered":"https:\/\/blog.legalvision.fr\/?p=1588"},"modified":"2022-03-27T21:21:13","modified_gmt":"2022-03-27T19:21:13","slug":"dirigeant-non-associe","status":"publish","type":"post","link":"https:\/\/www.legalvision.fr\/guides-juridiques\/sarl\/dirigeant-non-associe\/","title":{"rendered":"Le r\u00e9gime de g\u00e9rant de SARL non associ\u00e9"},"content":{"rendered":"<p>LegalVision vous explique dans cet article le r\u00e9gime de g\u00e9rant de SARL non associ\u00e9. Impossible d&rsquo;\u00e9voquer un r\u00e9gime unique de dirigeant de soci\u00e9t\u00e9 : selon la forme sociale et le statut -ou non- d&rsquo;associ\u00e9, il existe une pluralit\u00e9 de cat\u00e9gories de dirigeants sociaux, avec un r\u00e9gime social propre. Un dirigeant peut en effet \u00eatre assimil\u00e9 salari\u00e9 ou \u00eatre consid\u00e9r\u00e9 comme travailleur ind\u00e9pendant. Seul point commun : quel que soit leur r\u00e9gime, les dirigeants ne pourront pr\u00e9tendre \u00e0 l&rsquo;assurance ch\u00f4mage. Zoom sur le <a href=\"https:\/\/www.legalvision.fr\/modification-statuts\/changement-de-dirigeant\/?hsCtaTracking=0318e851-842d-43e2-892f-5b7e98bff91a%7C480f59c1-87dc-4ea9-840a-8bc369872049\">g\u00e9rant de SARL<\/a> non associ\u00e9.\n<\/p>\n<h4>G\u00e9rant de SARL non associ\u00e9 : l&rsquo;essentiel<\/h4>\n<p>Dans cet article, LegalVision met \u00e0 votre service son expertise juridique pour vous aider \u00e0 tout comprendre sur ce sujet. Vous trouverez ci-dessous un r\u00e9sum\u00e9 des points essentiels \u00e0 retenir :<\/p>\n<p><a href=\"#I\">Qu\u2019est-ce qu\u2019un g\u00e9rant de SARL qui n&rsquo;est pas associ\u00e9 ?<\/a><br \/>\n<a href=\"#II\">Le r\u00e9gime social du g\u00e9rant de SARL qui n&rsquo;est pas associ\u00e9<\/a><br \/>\n<a href=\"#III\">Comment nommer un g\u00e9rant non associ\u00e9 SARL ?<\/a><\/p>\n<div class=\"wp-block-button\" style=\"text-align:center;\"><a class=\"wp-block-button__link has-background\" href=\"https:\/\/www.legalvision.fr\/tous-les-services\/\">Commencer les d\u00e9marches pour ma SARL<\/a><\/div>\n<h2 id=\"I\">Qu\u2019est-ce qu\u2019un g\u00e9rant de SARL qui n&rsquo;est pas associ\u00e9 ?<\/h2>\n<p>Les SARL sont dirig\u00e9es par un ou plusieurs g\u00e9rants, qui peuvent \u00eatre associ\u00e9s ou non au sein de la soci\u00e9t\u00e9. La g\u00e9rance de la SARL se d\u00e9cline en trois cas de figure :<\/p>\n<ul>\n<li>Le g\u00e9rant est associ\u00e9 et d\u00e9tient plus de la moiti\u00e9 du capital social de la soci\u00e9t\u00e9 : G\u00e9rance majoritaire.<\/li>\n<li>Le g\u00e9rant est associ\u00e9 et d\u00e9tient la moiti\u00e9 du capital social : G\u00e9rance \u00e9galitaire.<\/li>\n<li>Dans ce cas, soit le g\u00e9rant n&rsquo;est pas associ\u00e9 (g\u00e9rant non associ\u00e9 SARL), soit il d\u00e9tient moins du capital social : G\u00e9rance minoritaire.<\/li>\n<\/ul>\n<p>\u00c0 noter que quand il y a plusieurs g\u00e9rants, on additionne les parts de chacun et on consid\u00e8re cette somme par rapport au nombre total de parts pour d\u00e9terminer le caract\u00e8re majoritaire ou non de la soci\u00e9t\u00e9.<\/p>\n<h2 id=\"II\">Le r\u00e9gime social du g\u00e9rant de SARL qui n&rsquo;est pas associ\u00e9<\/h2>\n<p>C&rsquo;est ici la g\u00e9rance minoritaire qui nous int\u00e9resse. Les g\u00e9rants non associ\u00e9s b\u00e9n\u00e9ficient du m\u00eame statut social que les g\u00e9rant minoritaires ou \u00e9galitaires. Les r\u00e9mun\u00e9rations sont impos\u00e9es dans la cat\u00e9gorie des traitements et salaires.<\/p>\n<p>Ils sont donc assortis au r\u00e9gime g\u00e9n\u00e9ral de la s\u00e9curit\u00e9 sociale. Il existe une exception cependant : ils ne peuvent pas b\u00e9n\u00e9ficier de l\u2019assurance ch\u00f4mage en cas de perte de leur emploi.<\/p>\n<p>Les g\u00e9rants majoritaires qui sont eux affili\u00e9s \u00e0 la s\u00e9curit\u00e9 sociale des ind\u00e9pendants (moins de charges sociales mais par cons\u00e9quent une protection sociale moindre). Exception propre aux g\u00e9rants de SARL : qu&rsquo;ils soient majoritaires ou minoritaires, leur r\u00e9mun\u00e9ration sera impos\u00e9e dans la cat\u00e9gorie des traitements et salaires.<\/p>\n<h2 id=\"III\">Comment nommer un g\u00e9rant non associ\u00e9 SARL ?<\/h2>\n<p>Le <a href=\"https:\/\/blog.legalvision.fr\/2018\/06\/18\/nomination-d-un-nouveau-gerant-sarl\/\">g\u00e9rant de SARL<\/a> non associ\u00e9 est nomm\u00e9 soit dans les statuts soit dans un acte s\u00e9par\u00e9. En g\u00e9n\u00e9ral, les entreprises pr\u00e9f\u00e8rent le nommer dans un acte extra-statutaire. Ainsi, en cas de changement de g\u00e9rant il n\u2019y aura pas de modification statutaire \u00e0 r\u00e9aliser. En effet, une SARL peut avoir \u00e0 changer de g\u00e9rant au cours de sa vie sociale.<\/p>\n<p>Ces fonctions de g\u00e9rant peuvent prendre fin pour plusieurs raisons :<\/p>\n<ul>\n<li>D\u00e9mission du g\u00e9rant<\/li>\n<li>R\u00e9vocation du g\u00e9rant<\/li>\n<li>D\u00e9c\u00e8s du g\u00e9rant<\/li>\n<\/ul>\n<p>Qu\u2019il y ait ou non modification statutaire, la nomination du g\u00e9rant doit \u00eatre approuv\u00e9e par les associ\u00e9s de la soci\u00e9t\u00e9 r\u00e9unis en assembl\u00e9e g\u00e9n\u00e9rale. La nomination doit faire l\u2019objet d\u2019une publication d\u2019annonce l\u00e9gale dans un journal habilit\u00e9. Concernant les formalit\u00e9s aupr\u00e8s du greffe, le nouveau g\u00e9rant devra faire parvenir une d\u00e9claration de non-condamnation et de filiation le concernant.<\/p>\n<p>\u00a0<\/p>\n<p><\/p>\n<div class=\"wp-block-button\" style=\"text-align:center;\"><a class=\"wp-block-button__link has-background\" href=\"https:\/\/www.legalvision.fr\/tous-les-services\/\">Commencer les d\u00e9marches pour ma SARL<\/a><\/div>\n","protected":false},"excerpt":{"rendered":"<p>LegalVision vous explique dans cet article le r\u00e9gime de g\u00e9rant de SARL non associ\u00e9. Impossible d&rsquo;\u00e9voquer un r\u00e9gime unique de dirigeant de soci\u00e9t\u00e9 : selon la forme sociale et le statut -ou non- d&rsquo;associ\u00e9, il existe une pluralit\u00e9 de cat\u00e9gories de dirigeants sociaux, avec un r\u00e9gime social propre. Un dirigeant peut en effet \u00eatre assimil\u00e9&hellip; <a class=\"more-link\" href=\"https:\/\/www.legalvision.fr\/guides-juridiques\/sarl\/dirigeant-non-associe\/\">Poursuivre la lecture <span class=\"screen-reader-text\">Le r\u00e9gime de g\u00e9rant de SARL non associ\u00e9<\/span><\/a><\/p>\n","protected":false},"author":9,"featured_media":22240,"comment_status":"open","ping_status":"open","sticky":false,"template":"","format":"standard","meta":{"content-type":"","inline_featured_image":false,"footnotes":""},"categories":[2497],"tags":[],"class_list":["post-1588","post","type-post","status-publish","format-standard","has-post-thumbnail","hentry","category-sarl","entry"],"yoast_head":"<!-- This site is optimized with the Yoast SEO plugin v27.1.1 - https:\/\/yoast.com\/product\/yoast-seo-wordpress\/ -->\n<title>Tout savoir sur le r\u00e9gime du g\u00e9rant de SARL non associ\u00e9<\/title>\n<meta name=\"description\" content=\"Dans cet article LegalVision vous explique tout sur le r\u00e9gime du g\u00e9rant de SARL non associ\u00e9. Comment le nommer ? Quel est son r\u00e9gime social ?\" \/>\n<meta name=\"robots\" content=\"index, follow, max-snippet:-1, max-image-preview:large, max-video-preview:-1\" \/>\n<link rel=\"canonical\" href=\"https:\/\/www.legalvision.fr\/guides-juridiques\/sarl\/dirigeant-non-associe\/\" \/>\n<meta property=\"og:locale\" content=\"fr_FR\" \/>\n<meta property=\"og:type\" content=\"article\" \/>\n<meta property=\"og:title\" content=\"Tout savoir sur le r\u00e9gime du g\u00e9rant de SARL non associ\u00e9\" \/>\n<meta property=\"og:description\" content=\"Dans cet article LegalVision vous explique tout sur le r\u00e9gime du g\u00e9rant de SARL non associ\u00e9. Comment le nommer ? Quel est son r\u00e9gime social ?\" \/>\n<meta property=\"og:url\" content=\"https:\/\/www.legalvision.fr\/guides-juridiques\/sarl\/dirigeant-non-associe\/\" \/>\n<meta property=\"og:site_name\" content=\"Guides juridiques\" \/>\n<meta property=\"article:author\" content=\"https:\/\/www.facebook.com\/legalvision.fr\/\" \/>\n<meta property=\"article:published_time\" content=\"2018-02-28T06:00:01+00:00\" \/>\n<meta property=\"article:modified_time\" content=\"2022-03-27T19:21:13+00:00\" \/>\n<meta property=\"og:image\" content=\"https:\/\/www.legalvision.fr\/guides-juridiques\/wp-content\/uploads\/2018\/02\/g\u00e9rant-de-SARL-non-associ\u00e9.jpg\" \/>\n\t<meta property=\"og:image:width\" content=\"958\" \/>\n\t<meta property=\"og:image:height\" content=\"350\" \/>\n\t<meta property=\"og:image:type\" content=\"image\/jpeg\" \/>\n<meta name=\"author\" content=\"Anne Wisniewski\" \/>\n<meta name=\"twitter:card\" content=\"summary_large_image\" \/>\n<meta name=\"twitter:creator\" content=\"@https:\/\/twitter.com\/Legalvision_fr\" \/>\n<meta name=\"twitter:label1\" content=\"\u00c9crit par\" \/>\n\t<meta name=\"twitter:data1\" content=\"Anne Wisniewski\" \/>\n\t<meta name=\"twitter:label2\" content=\"Dur\u00e9e de lecture estim\u00e9e\" \/>\n\t<meta name=\"twitter:data2\" content=\"3 minutes\" \/>\n<script type=\"application\/ld+json\" class=\"yoast-schema-graph\">{\"@context\":\"https:\/\/schema.org\",\"@graph\":[{\"@type\":\"Article\",\"@id\":\"https:\/\/www.legalvision.fr\/guides-juridiques\/sarl\/dirigeant-non-associe\/#article\",\"isPartOf\":{\"@id\":\"https:\/\/www.legalvision.fr\/guides-juridiques\/sarl\/dirigeant-non-associe\/\"},\"author\":{\"name\":\"Anne Wisniewski\",\"@id\":\"https:\/\/www.legalvision.fr\/guides-juridiques\/#\/schema\/person\/ebb7a1403b91f15eae842fb4d875d692\"},\"headline\":\"Le r\u00e9gime de g\u00e9rant de SARL non associ\u00e9\",\"datePublished\":\"2018-02-28T06:00:01+00:00\",\"dateModified\":\"2022-03-27T19:21:13+00:00\",\"mainEntityOfPage\":{\"@id\":\"https:\/\/www.legalvision.fr\/guides-juridiques\/sarl\/dirigeant-non-associe\/\"},\"wordCount\":685,\"commentCount\":2,\"publisher\":{\"@id\":\"https:\/\/www.legalvision.fr\/guides-juridiques\/#organization\"},\"image\":{\"@id\":\"https:\/\/www.legalvision.fr\/guides-juridiques\/sarl\/dirigeant-non-associe\/#primaryimage\"},\"thumbnailUrl\":\"https:\/\/www.legalvision.fr\/guides-juridiques\/wp-content\/uploads\/2018\/02\/g\u00e9rant-de-SARL-non-associ\u00e9.jpg\",\"articleSection\":[\"SARL\"],\"inLanguage\":\"fr-FR\",\"potentialAction\":[{\"@type\":\"CommentAction\",\"name\":\"Comment\",\"target\":[\"https:\/\/www.legalvision.fr\/guides-juridiques\/sarl\/dirigeant-non-associe\/#respond\"]}]},{\"@type\":\"WebPage\",\"@id\":\"https:\/\/www.legalvision.fr\/guides-juridiques\/sarl\/dirigeant-non-associe\/\",\"url\":\"https:\/\/www.legalvision.fr\/guides-juridiques\/sarl\/dirigeant-non-associe\/\",\"name\":\"Tout savoir sur le r\u00e9gime du g\u00e9rant de SARL non associ\u00e9\",\"isPartOf\":{\"@id\":\"https:\/\/www.legalvision.fr\/guides-juridiques\/#website\"},\"primaryImageOfPage\":{\"@id\":\"https:\/\/www.legalvision.fr\/guides-juridiques\/sarl\/dirigeant-non-associe\/#primaryimage\"},\"image\":{\"@id\":\"https:\/\/www.legalvision.fr\/guides-juridiques\/sarl\/dirigeant-non-associe\/#primaryimage\"},\"thumbnailUrl\":\"https:\/\/www.legalvision.fr\/guides-juridiques\/wp-content\/uploads\/2018\/02\/g\u00e9rant-de-SARL-non-associ\u00e9.jpg\",\"datePublished\":\"2018-02-28T06:00:01+00:00\",\"dateModified\":\"2022-03-27T19:21:13+00:00\",\"description\":\"Dans cet article LegalVision vous explique tout sur le r\u00e9gime du g\u00e9rant de SARL non associ\u00e9. Comment le nommer ? Quel est son r\u00e9gime social ?\",\"breadcrumb\":{\"@id\":\"https:\/\/www.legalvision.fr\/guides-juridiques\/sarl\/dirigeant-non-associe\/#breadcrumb\"},\"inLanguage\":\"fr-FR\",\"potentialAction\":[{\"@type\":\"ReadAction\",\"target\":[\"https:\/\/www.legalvision.fr\/guides-juridiques\/sarl\/dirigeant-non-associe\/\"]}]},{\"@type\":\"ImageObject\",\"inLanguage\":\"fr-FR\",\"@id\":\"https:\/\/www.legalvision.fr\/guides-juridiques\/sarl\/dirigeant-non-associe\/#primaryimage\",\"url\":\"https:\/\/www.legalvision.fr\/guides-juridiques\/wp-content\/uploads\/2018\/02\/g\u00e9rant-de-SARL-non-associ\u00e9.jpg\",\"contentUrl\":\"https:\/\/www.legalvision.fr\/guides-juridiques\/wp-content\/uploads\/2018\/02\/g\u00e9rant-de-SARL-non-associ\u00e9.jpg\",\"width\":958,\"height\":350,\"caption\":\"g\u00e9rant de SARL non associ\u00e9\"},{\"@type\":\"BreadcrumbList\",\"@id\":\"https:\/\/www.legalvision.fr\/guides-juridiques\/sarl\/dirigeant-non-associe\/#breadcrumb\",\"itemListElement\":[{\"@type\":\"ListItem\",\"position\":1,\"name\":\"Accueil\",\"item\":\"https:\/\/www.legalvision.fr\/guides-juridiques\/\"},{\"@type\":\"ListItem\",\"position\":2,\"name\":\"SARL\",\"item\":\"https:\/\/www.legalvision.fr\/guides-juridiques\/sarl\/\"},{\"@type\":\"ListItem\",\"position\":3,\"name\":\"Le r\u00e9gime de g\u00e9rant de SARL non associ\u00e9\"}]},{\"@type\":\"WebSite\",\"@id\":\"https:\/\/www.legalvision.fr\/guides-juridiques\/#website\",\"url\":\"https:\/\/www.legalvision.fr\/guides-juridiques\/\",\"name\":\"Guides juridiques\",\"description\":\"L&#039;information juridique \u00e0 destination des entreprises et TPE\",\"publisher\":{\"@id\":\"https:\/\/www.legalvision.fr\/guides-juridiques\/#organization\"},\"potentialAction\":[{\"@type\":\"SearchAction\",\"target\":{\"@type\":\"EntryPoint\",\"urlTemplate\":\"https:\/\/www.legalvision.fr\/guides-juridiques\/?s={search_term_string}\"},\"query-input\":{\"@type\":\"PropertyValueSpecification\",\"valueRequired\":true,\"valueName\":\"search_term_string\"}}],\"inLanguage\":\"fr-FR\"},{\"@type\":\"Organization\",\"@id\":\"https:\/\/www.legalvision.fr\/guides-juridiques\/#organization\",\"name\":\"Guides juridiques\",\"url\":\"https:\/\/www.legalvision.fr\/guides-juridiques\/\",\"logo\":{\"@type\":\"ImageObject\",\"inLanguage\":\"fr-FR\",\"@id\":\"https:\/\/www.legalvision.fr\/guides-juridiques\/#\/schema\/logo\/image\/\",\"url\":\"https:\/\/www.legalvision.fr\/guides-juridiques\/wp-content\/uploads\/2022\/10\/LV-Logotype.png\",\"contentUrl\":\"https:\/\/www.legalvision.fr\/guides-juridiques\/wp-content\/uploads\/2022\/10\/LV-Logotype.png\",\"width\":647,\"height\":125,\"caption\":\"Guides juridiques\"},\"image\":{\"@id\":\"https:\/\/www.legalvision.fr\/guides-juridiques\/#\/schema\/logo\/image\/\"}},{\"@type\":\"Person\",\"@id\":\"https:\/\/www.legalvision.fr\/guides-juridiques\/#\/schema\/person\/ebb7a1403b91f15eae842fb4d875d692\",\"name\":\"Anne Wisniewski\",\"image\":{\"@type\":\"ImageObject\",\"inLanguage\":\"fr-FR\",\"@id\":\"https:\/\/www.legalvision.fr\/guides-juridiques\/#\/schema\/person\/image\/\",\"url\":\"https:\/\/secure.gravatar.com\/avatar\/e1d470446f3d91488a7891f323f5196bc4f07b636f12a7c6b1bf0f23e3114e6d?s=96&d=mm&r=g\",\"contentUrl\":\"https:\/\/secure.gravatar.com\/avatar\/e1d470446f3d91488a7891f323f5196bc4f07b636f12a7c6b1bf0f23e3114e6d?s=96&d=mm&r=g\",\"caption\":\"Anne Wisniewski\"},\"description\":\"Ann a un Master 1 de Droit des Affaires \u00e0 Bordeaux. Passionn\u00e9e par le droit et les LegalTech, elle a rejoint LegalVision pour s\u2019occuper du contenu juridique.\",\"sameAs\":[\"https:\/\/www.legalvision.fr\/\",\"https:\/\/www.facebook.com\/legalvision.fr\/\",\"https:\/\/www.instagram.com\/legalvision.fr\/\",\"https:\/\/www.linkedin.com\/company\/legalvision-fr\/\",\"https:\/\/x.com\/https:\/\/twitter.com\/Legalvision_fr\"],\"url\":\"https:\/\/www.legalvision.fr\/guides-juridiques\/author\/maelane-wisniewski\/\"}]}<\/script>\n<!-- \/ Yoast SEO plugin. -->","yoast_head_json":{"title":"Tout savoir sur le r\u00e9gime du g\u00e9rant de SARL non associ\u00e9","description":"Dans cet article LegalVision vous explique tout sur le r\u00e9gime du g\u00e9rant de SARL non associ\u00e9. Comment le nommer ? Quel est son r\u00e9gime social ?","robots":{"index":"index","follow":"follow","max-snippet":"max-snippet:-1","max-image-preview":"max-image-preview:large","max-video-preview":"max-video-preview:-1"},"canonical":"https:\/\/www.legalvision.fr\/guides-juridiques\/sarl\/dirigeant-non-associe\/","og_locale":"fr_FR","og_type":"article","og_title":"Tout savoir sur le r\u00e9gime du g\u00e9rant de SARL non associ\u00e9","og_description":"Dans cet article LegalVision vous explique tout sur le r\u00e9gime du g\u00e9rant de SARL non associ\u00e9. Comment le nommer ? Quel est son r\u00e9gime social ?","og_url":"https:\/\/www.legalvision.fr\/guides-juridiques\/sarl\/dirigeant-non-associe\/","og_site_name":"Guides juridiques","article_author":"https:\/\/www.facebook.com\/legalvision.fr\/","article_published_time":"2018-02-28T06:00:01+00:00","article_modified_time":"2022-03-27T19:21:13+00:00","og_image":[{"width":958,"height":350,"url":"https:\/\/www.legalvision.fr\/guides-juridiques\/wp-content\/uploads\/2018\/02\/g\u00e9rant-de-SARL-non-associ\u00e9.jpg","type":"image\/jpeg"}],"author":"Anne Wisniewski","twitter_card":"summary_large_image","twitter_creator":"@https:\/\/twitter.com\/Legalvision_fr","twitter_misc":{"\u00c9crit par":"Anne Wisniewski","Dur\u00e9e de lecture estim\u00e9e":"3 minutes"},"schema":{"@context":"https:\/\/schema.org","@graph":[{"@type":"Article","@id":"https:\/\/www.legalvision.fr\/guides-juridiques\/sarl\/dirigeant-non-associe\/#article","isPartOf":{"@id":"https:\/\/www.legalvision.fr\/guides-juridiques\/sarl\/dirigeant-non-associe\/"},"author":{"name":"Anne Wisniewski","@id":"https:\/\/www.legalvision.fr\/guides-juridiques\/#\/schema\/person\/ebb7a1403b91f15eae842fb4d875d692"},"headline":"Le r\u00e9gime de g\u00e9rant de SARL non associ\u00e9","datePublished":"2018-02-28T06:00:01+00:00","dateModified":"2022-03-27T19:21:13+00:00","mainEntityOfPage":{"@id":"https:\/\/www.legalvision.fr\/guides-juridiques\/sarl\/dirigeant-non-associe\/"},"wordCount":685,"commentCount":2,"publisher":{"@id":"https:\/\/www.legalvision.fr\/guides-juridiques\/#organization"},"image":{"@id":"https:\/\/www.legalvision.fr\/guides-juridiques\/sarl\/dirigeant-non-associe\/#primaryimage"},"thumbnailUrl":"https:\/\/www.legalvision.fr\/guides-juridiques\/wp-content\/uploads\/2018\/02\/g\u00e9rant-de-SARL-non-associ\u00e9.jpg","articleSection":["SARL"],"inLanguage":"fr-FR","potentialAction":[{"@type":"CommentAction","name":"Comment","target":["https:\/\/www.legalvision.fr\/guides-juridiques\/sarl\/dirigeant-non-associe\/#respond"]}]},{"@type":"WebPage","@id":"https:\/\/www.legalvision.fr\/guides-juridiques\/sarl\/dirigeant-non-associe\/","url":"https:\/\/www.legalvision.fr\/guides-juridiques\/sarl\/dirigeant-non-associe\/","name":"Tout savoir sur le r\u00e9gime du g\u00e9rant de SARL non associ\u00e9","isPartOf":{"@id":"https:\/\/www.legalvision.fr\/guides-juridiques\/#website"},"primaryImageOfPage":{"@id":"https:\/\/www.legalvision.fr\/guides-juridiques\/sarl\/dirigeant-non-associe\/#primaryimage"},"image":{"@id":"https:\/\/www.legalvision.fr\/guides-juridiques\/sarl\/dirigeant-non-associe\/#primaryimage"},"thumbnailUrl":"https:\/\/www.legalvision.fr\/guides-juridiques\/wp-content\/uploads\/2018\/02\/g\u00e9rant-de-SARL-non-associ\u00e9.jpg","datePublished":"2018-02-28T06:00:01+00:00","dateModified":"2022-03-27T19:21:13+00:00","description":"Dans cet article LegalVision vous explique tout sur le r\u00e9gime du g\u00e9rant de SARL non associ\u00e9. Comment le nommer ? Quel est son r\u00e9gime social ?","breadcrumb":{"@id":"https:\/\/www.legalvision.fr\/guides-juridiques\/sarl\/dirigeant-non-associe\/#breadcrumb"},"inLanguage":"fr-FR","potentialAction":[{"@type":"ReadAction","target":["https:\/\/www.legalvision.fr\/guides-juridiques\/sarl\/dirigeant-non-associe\/"]}]},{"@type":"ImageObject","inLanguage":"fr-FR","@id":"https:\/\/www.legalvision.fr\/guides-juridiques\/sarl\/dirigeant-non-associe\/#primaryimage","url":"https:\/\/www.legalvision.fr\/guides-juridiques\/wp-content\/uploads\/2018\/02\/g\u00e9rant-de-SARL-non-associ\u00e9.jpg","contentUrl":"https:\/\/www.legalvision.fr\/guides-juridiques\/wp-content\/uploads\/2018\/02\/g\u00e9rant-de-SARL-non-associ\u00e9.jpg","width":958,"height":350,"caption":"g\u00e9rant de SARL non associ\u00e9"},{"@type":"BreadcrumbList","@id":"https:\/\/www.legalvision.fr\/guides-juridiques\/sarl\/dirigeant-non-associe\/#breadcrumb","itemListElement":[{"@type":"ListItem","position":1,"name":"Accueil","item":"https:\/\/www.legalvision.fr\/guides-juridiques\/"},{"@type":"ListItem","position":2,"name":"SARL","item":"https:\/\/www.legalvision.fr\/guides-juridiques\/sarl\/"},{"@type":"ListItem","position":3,"name":"Le r\u00e9gime de g\u00e9rant de SARL non associ\u00e9"}]},{"@type":"WebSite","@id":"https:\/\/www.legalvision.fr\/guides-juridiques\/#website","url":"https:\/\/www.legalvision.fr\/guides-juridiques\/","name":"Guides juridiques","description":"L&#039;information juridique \u00e0 destination des entreprises et TPE","publisher":{"@id":"https:\/\/www.legalvision.fr\/guides-juridiques\/#organization"},"potentialAction":[{"@type":"SearchAction","target":{"@type":"EntryPoint","urlTemplate":"https:\/\/www.legalvision.fr\/guides-juridiques\/?s={search_term_string}"},"query-input":{"@type":"PropertyValueSpecification","valueRequired":true,"valueName":"search_term_string"}}],"inLanguage":"fr-FR"},{"@type":"Organization","@id":"https:\/\/www.legalvision.fr\/guides-juridiques\/#organization","name":"Guides juridiques","url":"https:\/\/www.legalvision.fr\/guides-juridiques\/","logo":{"@type":"ImageObject","inLanguage":"fr-FR","@id":"https:\/\/www.legalvision.fr\/guides-juridiques\/#\/schema\/logo\/image\/","url":"https:\/\/www.legalvision.fr\/guides-juridiques\/wp-content\/uploads\/2022\/10\/LV-Logotype.png","contentUrl":"https:\/\/www.legalvision.fr\/guides-juridiques\/wp-content\/uploads\/2022\/10\/LV-Logotype.png","width":647,"height":125,"caption":"Guides juridiques"},"image":{"@id":"https:\/\/www.legalvision.fr\/guides-juridiques\/#\/schema\/logo\/image\/"}},{"@type":"Person","@id":"https:\/\/www.legalvision.fr\/guides-juridiques\/#\/schema\/person\/ebb7a1403b91f15eae842fb4d875d692","name":"Anne Wisniewski","image":{"@type":"ImageObject","inLanguage":"fr-FR","@id":"https:\/\/www.legalvision.fr\/guides-juridiques\/#\/schema\/person\/image\/","url":"https:\/\/secure.gravatar.com\/avatar\/e1d470446f3d91488a7891f323f5196bc4f07b636f12a7c6b1bf0f23e3114e6d?s=96&d=mm&r=g","contentUrl":"https:\/\/secure.gravatar.com\/avatar\/e1d470446f3d91488a7891f323f5196bc4f07b636f12a7c6b1bf0f23e3114e6d?s=96&d=mm&r=g","caption":"Anne Wisniewski"},"description":"Ann a un Master 1 de Droit des Affaires \u00e0 Bordeaux. Passionn\u00e9e par le droit et les LegalTech, elle a rejoint LegalVision pour s\u2019occuper du contenu juridique.","sameAs":["https:\/\/www.legalvision.fr\/","https:\/\/www.facebook.com\/legalvision.fr\/","https:\/\/www.instagram.com\/legalvision.fr\/","https:\/\/www.linkedin.com\/company\/legalvision-fr\/","https:\/\/x.com\/https:\/\/twitter.com\/Legalvision_fr"],"url":"https:\/\/www.legalvision.fr\/guides-juridiques\/author\/maelane-wisniewski\/"}]}},"_links":{"self":[{"href":"https:\/\/www.legalvision.fr\/guides-juridiques\/wp-json\/wp\/v2\/posts\/1588","targetHints":{"allow":["GET"]}}],"collection":[{"href":"https:\/\/www.legalvision.fr\/guides-juridiques\/wp-json\/wp\/v2\/posts"}],"about":[{"href":"https:\/\/www.legalvision.fr\/guides-juridiques\/wp-json\/wp\/v2\/types\/post"}],"author":[{"embeddable":true,"href":"https:\/\/www.legalvision.fr\/guides-juridiques\/wp-json\/wp\/v2\/users\/9"}],"replies":[{"embeddable":true,"href":"https:\/\/www.legalvision.fr\/guides-juridiques\/wp-json\/wp\/v2\/comments?post=1588"}],"version-history":[{"count":0,"href":"https:\/\/www.legalvision.fr\/guides-juridiques\/wp-json\/wp\/v2\/posts\/1588\/revisions"}],"wp:featuredmedia":[{"embeddable":true,"href":"https:\/\/www.legalvision.fr\/guides-juridiques\/wp-json\/wp\/v2\/media\/22240"}],"wp:attachment":[{"href":"https:\/\/www.legalvision.fr\/guides-juridiques\/wp-json\/wp\/v2\/media?parent=1588"}],"wp:term":[{"taxonomy":"category","embeddable":true,"href":"https:\/\/www.legalvision.fr\/guides-juridiques\/wp-json\/wp\/v2\/categories?post=1588"},{"taxonomy":"post_tag","embeddable":true,"href":"https:\/\/www.legalvision.fr\/guides-juridiques\/wp-json\/wp\/v2\/tags?post=1588"}],"curies":[{"name":"wp","href":"https:\/\/api.w.org\/{rel}","templated":true}]}}