{"id":1562,"date":"2018-01-26T07:00:14","date_gmt":"2018-01-26T06:00:14","guid":{"rendered":"https:\/\/blog.legalvision.fr\/?p=1562"},"modified":"2023-11-23T17:48:58","modified_gmt":"2023-11-23T16:48:58","slug":"beneficiaires-effectifs","status":"publish","type":"post","link":"https:\/\/www.legalvision.fr\/guides-juridiques\/creer-son-entreprise\/beneficiaires-effectifs\/","title":{"rendered":"B\u00e9n\u00e9ficiaire effectif : l&rsquo;obligation de d\u00e9claration pour toutes les entreprises"},"content":{"rendered":"\t\t<div data-elementor-type=\"wp-post\" data-elementor-id=\"1562\" class=\"elementor elementor-1562\" data-elementor-post-type=\"post\">\n\t\t\t\t<div data-particle_enable=\"false\" data-particle-mobile-disabled=\"false\" class=\"elementor-element elementor-element-7ba37c3 e-flex e-con-boxed e-con e-parent\" data-id=\"7ba37c3\" data-element_type=\"container\" data-e-type=\"container\">\n\t\t\t\t\t<div class=\"e-con-inner\">\n\t\t\t\t<div class=\"elementor-element elementor-element-41cef8f elementor-widget elementor-widget-text-editor\" data-id=\"41cef8f\" data-element_type=\"widget\" data-e-type=\"widget\" data-widget_type=\"text-editor.default\">\n\t\t\t\t<div class=\"elementor-widget-container\">\n\t\t\t\t\t\t\t\t\t<p>LegalVision vous explique tout sur l&rsquo;obligation de d\u00e9claration des b\u00e9n\u00e9ficiaires effectifs !<\/p><p><iframe title=\"Comment d\u00e9clarer les b\u00e9n\u00e9ficiaires effectifs d&#039;une soci\u00e9t\u00e9 ?\" width=\"750\" height=\"422\" src=\"https:\/\/www.youtube.com\/embed\/4AyNI-sXjfI?feature=oembed\" frameborder=\"0\" allow=\"accelerometer; autoplay; clipboard-write; encrypted-media; gyroscope; picture-in-picture; web-share\" allowfullscreen><\/iframe><\/p><p><b>L&rsquo;obligation de d\u00e9clarer chaque b\u00e9n\u00e9ficiaire effectif pour toutes les entreprises depuis le 1er avril 2018<\/b><\/p><p>Depuis le 2 ao\u00fbt 2017, toutes les nouvelles entreprises cr\u00e9\u00e9es doivent faire parvenir lors de leur constitution la liste des b\u00e9n\u00e9ficiaires effectifs de la soci\u00e9t\u00e9. Cette obligation est \u00e9tendue \u00e0 toutes les entreprises immatricul\u00e9es avant cette date. Ces derni\u00e8res doivent effectuer cette d\u00e9marche <b>avant le 1er avril 2018<\/b>. Derri\u00e8re cette<a href=\"https:\/\/www.infogreffe.fr\/rbe\"> nouvelle exigence l\u00e9gale<\/a>, se trouve une <b>nouvelle obligation europ\u00e9enne. <\/b>Son but est de lutter contre le blanchiment et favoriser la transparence des soci\u00e9t\u00e9s. Ce nouveau document relatif au b\u00e9n\u00e9ficiaire effectif d&rsquo;une soci\u00e9t\u00e9 doit comporter un certain nombre de mentions obligatoires classiques, avant d\u2019\u00eatre d\u00e9pos\u00e9 au RCS. Il faut aussi parvenir \u00e0 identifier ce qu\u2019est un b\u00e9n\u00e9ficiaire effectif. Pour toutes ces raisons, il est n\u00e9cessaire de d\u00e9tailler les implications concr\u00e8tes de l\u2019\u00e9tablissement de ce registre des b\u00e9n\u00e9ficiaires effectifs.<\/p><p><a href=\"https:\/\/www.legalvision.fr\"><b>LegalVision<\/b><\/a><b>, l\u2019expert en formalit\u00e9s juridiques<\/b> et en cr\u00e9ation d\u2019entreprises, fait le point pour vous sur l\u2019obligation pour les entreprises de d\u00e9clarer leurs b\u00e9n\u00e9ficiaires effectifs.<\/p><h3>Sommaire :<\/h3><p><strong><a href=\"#I\">Qu\u2019est-ce qu\u2019un b\u00e9n\u00e9ficiaire effectif ?<\/a><\/strong><br \/><strong> <a href=\"#II\">Quel est l\u2019objectif du registre des b\u00e9n\u00e9ficiaires effectifs ?<\/a><\/strong><br \/><strong> <a href=\"#III\">Comment remplir la d\u00e9claration des b\u00e9n\u00e9ficiaires effectifs ?<\/a><\/strong><\/p><p>\u00a0<\/p>\t\t\t\t\t\t\t\t<\/div>\n\t\t\t\t<\/div>\n\t\t\t\t\t<\/div>\n\t\t\t\t<\/div>\n\t\t<div data-particle_enable=\"false\" data-particle-mobile-disabled=\"false\" class=\"elementor-element elementor-element-2516c3f e-flex e-con-boxed e-con e-parent\" data-id=\"2516c3f\" data-element_type=\"container\" data-e-type=\"container\">\n\t\t\t\t\t<div class=\"e-con-inner\">\n\t\t\t\t<div class=\"elementor-element elementor-element-30eb48cb elementor-widget elementor-widget-heading\" data-id=\"30eb48cb\" data-element_type=\"widget\" data-e-type=\"widget\" data-widget_type=\"heading.default\">\n\t\t\t\t<div class=\"elementor-widget-container\">\n\t\t\t\t\t<h2 class=\"elementor-heading-title elementor-size-default\">Nos outils pour vous aider : <\/h2>\t\t\t\t<\/div>\n\t\t\t\t<\/div>\n\t\t\t\t\t<\/div>\n\t\t\t\t<\/div>\n\t\t<div data-particle_enable=\"false\" data-particle-mobile-disabled=\"false\" class=\"elementor-element elementor-element-332a1d41 e-flex e-con-boxed e-con e-parent\" data-id=\"332a1d41\" data-element_type=\"container\" data-e-type=\"container\">\n\t\t\t\t\t<div class=\"e-con-inner\">\n\t\t<div data-particle_enable=\"false\" data-particle-mobile-disabled=\"false\" class=\"elementor-element elementor-element-2844f9f8 e-con-full e-flex e-con e-child\" data-id=\"2844f9f8\" data-element_type=\"container\" data-e-type=\"container\">\n\t\t\t\t<div class=\"elementor-element elementor-element-6d8c42d5 elementor-widget elementor-widget-button\" data-id=\"6d8c42d5\" data-element_type=\"widget\" data-e-type=\"widget\" data-widget_type=\"button.default\">\n\t\t\t\t<div class=\"elementor-widget-container\">\n\t\t\t\t\t\t\t\t\t<div class=\"elementor-button-wrapper\">\n\t\t\t\t\t<a class=\"elementor-button elementor-button-link elementor-size-sm\" href=\"https:\/\/leonard.fr\/juridique\/creation-entreprise\/creation-dune-sas\/?utm_source=blog&#038;utm_medium=CTA&#038;utm_campaign=beneficiaire_effectif_obligation_declaration_pour_toutes_entreprises&#038;utm_id=creation_SAS_blog\" target=\"_blank\">\n\t\t\t\t\t\t<span class=\"elementor-button-content-wrapper\">\n\t\t\t\t\t\t\t\t\t<span class=\"elementor-button-text\">Cr\u00e9ez votre SAS en ligne<\/span>\n\t\t\t\t\t<\/span>\n\t\t\t\t\t<\/a>\n\t\t\t\t<\/div>\n\t\t\t\t\t\t\t\t<\/div>\n\t\t\t\t<\/div>\n\t\t\t\t<\/div>\n\t\t<div data-particle_enable=\"false\" data-particle-mobile-disabled=\"false\" class=\"elementor-element elementor-element-63be350d e-con-full e-flex e-con e-child\" data-id=\"63be350d\" data-element_type=\"container\" data-e-type=\"container\">\n\t\t\t\t<div class=\"elementor-element elementor-element-34d08820 elementor-widget elementor-widget-button\" data-id=\"34d08820\" data-element_type=\"widget\" data-e-type=\"widget\" data-widget_type=\"button.default\">\n\t\t\t\t<div class=\"elementor-widget-container\">\n\t\t\t\t\t\t\t\t\t<div class=\"elementor-button-wrapper\">\n\t\t\t\t\t<a class=\"elementor-button elementor-button-link elementor-size-sm\" href=\"https:\/\/meetings.hubspot.com\/global\/leonard-rendez-vous-gratuit-avec-un-juriste?utm_source=blog&#038;utm_medium=CTA&#038;utm_campaign=beneficiaire_effectif_obligation_declaration_pour_toutes_entreprises&#038;utm_id=creation_SAS_blog\" target=\"_blank\">\n\t\t\t\t\t\t<span class=\"elementor-button-content-wrapper\">\n\t\t\t\t\t\t\t\t\t<span class=\"elementor-button-text\">Soyez rappel\u00e9 par un juriste gratuitement<\/span>\n\t\t\t\t\t<\/span>\n\t\t\t\t\t<\/a>\n\t\t\t\t<\/div>\n\t\t\t\t\t\t\t\t<\/div>\n\t\t\t\t<\/div>\n\t\t\t\t<\/div>\n\t\t<div data-particle_enable=\"false\" data-particle-mobile-disabled=\"false\" class=\"elementor-element elementor-element-1b413b59 e-con-full e-flex e-con e-child\" data-id=\"1b413b59\" data-element_type=\"container\" data-e-type=\"container\">\n\t\t\t\t<div class=\"elementor-element elementor-element-43cda4b2 elementor-widget elementor-widget-button\" data-id=\"43cda4b2\" data-element_type=\"widget\" data-e-type=\"widget\" data-widget_type=\"button.default\">\n\t\t\t\t<div class=\"elementor-widget-container\">\n\t\t\t\t\t\t\t\t\t<div class=\"elementor-button-wrapper\">\n\t\t\t\t\t<a class=\"elementor-button elementor-button-link elementor-size-sm\" href=\"https:\/\/share.hsforms.com\/1MCz4iJkPSsaIbYWlbzl6vw1oyza?utm_source=blog&#038;utm_medium=CTA&#038;utm_campaign=beneficiaire_effectif_obligation_declaration_pour_toutes_entreprises&#038;utm_id=creation_SAS_blog\" target=\"_blank\">\n\t\t\t\t\t\t<span class=\"elementor-button-content-wrapper\">\n\t\t\t\t\t\t\t\t\t<span class=\"elementor-button-text\">Obtenez votre annonce l\u00e9gale<\/span>\n\t\t\t\t\t<\/span>\n\t\t\t\t\t<\/a>\n\t\t\t\t<\/div>\n\t\t\t\t\t\t\t\t<\/div>\n\t\t\t\t<\/div>\n\t\t\t\t<\/div>\n\t\t\t\t\t<\/div>\n\t\t\t\t<\/div>\n\t\t<div data-particle_enable=\"false\" data-particle-mobile-disabled=\"false\" class=\"elementor-element elementor-element-264d2eb7 e-flex e-con-boxed e-con e-parent\" data-id=\"264d2eb7\" data-element_type=\"container\" data-e-type=\"container\">\n\t\t\t\t\t<div class=\"e-con-inner\">\n\t\t\t\t<div class=\"elementor-element elementor-element-789a0b36 elementor-widget elementor-widget-text-editor\" data-id=\"789a0b36\" data-element_type=\"widget\" data-e-type=\"widget\" data-widget_type=\"text-editor.default\">\n\t\t\t\t<div class=\"elementor-widget-container\">\n\t\t\t\t\t\t\t\t\t<h2 id=\"I\">\u00a0<\/h2><h2 id=\"I\"><span style=\"color: var( --e-global-color-primary ); font-family: var( --e-global-typography-secondary-font-family ),Sans-serif; font-size: var( --e-global-typography-secondary-font-size ); font-style: var( --e-global-typography-secondary-font-style ); font-weight: var( --e-global-typography-secondary-font-weight ); letter-spacing: var(--heading--letter-spacing-h2); text-transform: var( --e-global-typography-secondary-text-transform ); text-align: var(--text-align); background-color: var( --e-global-color-f8847cf );\">Qu\u2019est-ce qu\u2019un b\u00e9n\u00e9ficiaire effectif ?<\/span><\/h2><h3><b>B\u00e9n\u00e9ficiaire effectif d\u00e9finition :<\/b><\/h3><p><b>\u00a0<\/b><span style=\"font-weight: 400;\">Le b\u00e9n\u00e9ficiaire effectif est un terme d\u00e9signant la personne physique qui exerce un contr\u00f4le effectif sur une soci\u00e9t\u00e9. Ce contr\u00f4le passe :\u00a0<\/span><\/p><ul><li style=\"font-weight: 400;\" aria-level=\"1\"><span style=\"font-weight: 400;\">Pour une personne physique : la d\u00e9tention d\u2019au moins 25 % du capital de la soci\u00e9t\u00e9 ou du droit de vote ; <\/span><span style=\"font-weight: 400;\"><br \/><\/span><span style=\"font-weight: 400;\">\u00a0<\/span><\/li><li style=\"font-weight: 400;\" aria-level=\"1\"><span style=\"font-weight: 400;\">Pour une personne morale, le contr\u00f4le effectif sur les organes de gestion et \/ ou de direction. <\/span><\/li><\/ul><p>B\u00e9n\u00e9ficiaire effectif d\u00e9finition : le but \u00e9tant d\u2019identifier les <b>personnes physiques d\u00e9tenant r\u00e9ellement la soci\u00e9t\u00e9<\/b>, un b\u00e9n\u00e9ficiaire effectif est une personne physique qui d\u00e9tient directement ou indirectement, \u00e0 hauteur d\u2019au moins 25%, les droits de vote ou le capital.<\/p><p>B\u00e9n\u00e9ficiaire effectif personne morale : \u00a0qui sont les b\u00e9n\u00e9ficiaires effectifs en cas d\u2019associ\u00e9 personne morale ? Il s\u2019agira d\u2019une personne physique exer\u00e7ant par tout autre moyen un pouvoir de contr\u00f4le sur les organes de gestion, d\u2019administration ou de direction de la soci\u00e9t\u00e9. Si aucun b\u00e9n\u00e9ficiaire effectif ne peut \u00eatre identifi\u00e9 ainsi, il s\u2019agira alors du repr\u00e9sentant l\u00e9gal de la soci\u00e9t\u00e9. Dans une<a href=\"https:\/\/blog.legalvision.fr\/2018\/05\/04\/statut-sarl\/\"> SARL<\/a>, il s&rsquo;agit du ou des g\u00e9rant(s) dans une SARL.<\/p><p>Quelles sont les <b>sanctions<\/b> encourues en cas de non-respect de cette obligation ? La \u00a0d\u00e9claration d\u2019identification des b\u00e9n\u00e9ficiaires effectifs fait l\u2019objet d\u2019une sanction p\u00e9nale. En effet, le fait de ne pas d\u00e9poser un document obligatoire ou le fait de d\u00e9clarer des informations inexactes est puni par 7 500 euros d\u2019amende et 6 mois de prison.<\/p><div><span style=\"font-family: Montserrat;\"><b>\u00a0<\/b><\/span><\/div><ul><li aria-level=\"1\"><b>Qui est concern\u00e9 par l&rsquo;obligation de d\u00e9claration des b\u00e9n\u00e9ficiaires effectifs ?\u00a0<\/b><\/li><\/ul><p><span style=\"font-weight: 400;\">Cette obligation de d\u00e9claration des b\u00e9n\u00e9ficiaires effectifs incombe aux soci\u00e9t\u00e9s, aux groupements d\u2019int\u00e9r\u00eats \u00e9conomiques et aux associations, qui sont oblig\u00e9s de s\u2019immatriculer au registre du commerce et des soci\u00e9t\u00e9s (RCS) en France. C\u2019est \u00e9galement le cas pour une soci\u00e9t\u00e9 commerciale dont le si\u00e8ge est situ\u00e9 \u00e0 l&rsquo;\u00e9tranger et qui a un \u00e9tablissement en France.\u00a0<\/span><\/p><div><span style=\"font-family: Montserrat;\"><b>\u00a0<\/b><\/span><\/div><ul><li aria-level=\"1\"><b>Quand faut-il effectuer la d\u00e9claration des b\u00e9n\u00e9ficiaires effectifs ?\u00a0<\/b><\/li><\/ul><p><span style=\"font-weight: 400;\">Cette d\u00e9claration des b\u00e9n\u00e9ficiaires effectifs doit \u00eatre effectu\u00e9e au moment de la cr\u00e9ation de la soci\u00e9t\u00e9. En effet, la cr\u00e9ation implique la d\u00e9claration des personnes qui contr\u00f4lent la soci\u00e9t\u00e9.\u00a0<\/span><\/p><p><span style=\"font-weight: 400;\">La d\u00e9claration doit pr\u00e9ciser le nom, nom d&rsquo;usage, pseudonymes, pr\u00e9noms, date et lieu de naissance, nationalit\u00e9, adresse personnelle, nature et modalit\u00e9s du contr\u00f4le exerc\u00e9 sur la soci\u00e9t\u00e9 et \u00e9tendue de ce contr\u00f4le, date \u00e0 laquelle ils sont devenus b\u00e9n\u00e9ficiaire effectif de la soci\u00e9t\u00e9.\u00a0<\/span><\/p><p><span style=\"font-weight: 400;\">Par cons\u00e9quent, tout changement concernant ce contr\u00f4le doit \u00eatre aussi d\u00e9clar\u00e9. Ce changement doit donc faire l\u2019objet d\u2019une<\/span><b> demande d\u2019inscription modificative. <\/b><span style=\"font-weight: 400;\">Tel sera le cas d\u2019une modification du capital social de la soci\u00e9t\u00e9 ou d\u2019une modification qui concerne le changement d\u2019adresse suite \u00e0 d\u00e9m\u00e9nagement, d\u2019un changement de nom d\u2019usage apr\u00e8s un mariage, etc.<\/span><\/p><p><b>\u00a0<\/b><\/p><p><b>Bon \u00e0 savoir :<\/b><span style=\"font-weight: 400;\"> la d\u00e9claration<\/span><span style=\"font-weight: 400;\">\u00a0doit \u00eatre faite sur le site du guichet des formalit\u00e9s des entreprises. <\/span><\/p><h2 id=\"II\"><b>\u00a0<\/b><\/h2><h2 id=\"II\"><b>Quel est l\u2019objectif du registre des b\u00e9n\u00e9ficiaires effectifs ?<\/b><\/h2><p>Cette nouvelle obligation est le r\u00e9sultat de la transposition en France d\u2019une nouvelle obligation \u00e0 l\u2019\u00e9chelle europ\u00e9enne. L\u2019objectif principal est la<b> lutte contre le blanchiment<\/b>. Afin de renforcer la transparence des soci\u00e9t\u00e9s, les entreprises doivent d\u00e9sormais r\u00e9v\u00e9ler l\u2019identit\u00e9 des b\u00e9n\u00e9ficiaires effectifs. Le but est de rem\u00e9dier \u00e0 <b>l\u2019opacit\u00e9<\/b> des personnes morales. En effet, lorsqu\u2019une personne morale est associ\u00e9e d\u2019une soci\u00e9t\u00e9, il faudra d\u00e9sormais dire qui est la personne physique qui se \u201ccache\u201d derri\u00e8re celle-ci.<\/p><p><span style=\"font-weight: 400;\">En effet, les informations concernant les b\u00e9n\u00e9ficiaires effectifs dont les donn\u00e9es sont non confidentielles sont accessibles par le grand public sur des bases de donn\u00e9es. Auparavant, seule l\u2019administration fiscale et les autorit\u00e9s judiciaires pouvaient y acc\u00e9der.\u00a0<\/span><\/p><p><b>\u00a0<\/b><\/p><p><b>Bon \u00e0 savoir : <\/b><span style=\"font-weight: 400;\">conform\u00e9ment \u00e0 la protection des donn\u00e9es personnelles, les informations sont r\u00e9duites aux noms, pr\u00e9noms, mois et ann\u00e9e de naissance, pays de r\u00e9sidence, nationalit\u00e9 des b\u00e9n\u00e9ficiaires effectifs et \u00e9tendue de leurs int\u00e9r\u00eats effectifs dans la soci\u00e9t\u00e9 concern\u00e9e. <\/span><\/p><p>Cette liste devra \u00eatre mise \u00e0 jour au long de la vie de l\u2019entreprise en cas de changement. \u00a0L\u2019objectif est donc tout sauf anecdotique. De plus, il s\u2019inscrit dans un mouvement destin\u00e9 \u00e0 mettre fin \u00e0 certaines pratiques du monde des affaires.<\/p><p>Les b\u00e9n\u00e9ficiaires effectifs d\u2019une soci\u00e9t\u00e9 doivent \u00eatre d\u00e9clar\u00e9s obligatoirement aupr\u00e8s du greffe. Ainsi, lors d\u2019un <a href=\"https:\/\/blog.legalvision.fr\/2017\/02\/13\/formalites-cession-de-parts-sociales-sarl\/\">changement de r\u00e9partition de capital social,<\/a> il faudra \u00e9galement faire une d\u00e9claration modificative relative aux b\u00e9n\u00e9ficiaires effectifs. Pour les entrepreneurs, il s\u2019agit d\u2019une nouvelle d\u00e9marche \u00e0 effectuer en plus des autres. Cette derni\u00e8re entra\u00eene n\u00e9cessairement des co\u00fbts suppl\u00e9mentaires.<\/p><p>B\u00e9n\u00e9ficiaire effectif groupe familial : lorsque plusieurs personnes d&rsquo;une m\u1ebdme famille d\u00e9tiennent des parts sociales ou des actions de la soci\u00e9t\u00e9, cet \u00e9l\u00e9ment peut complexifier la d\u00e9claration des b\u00e9n\u00e9ficiaires effectifs. En effet, il est \u00e9tabli que m\u00eamme en m&rsquo;absnece de pacte d&rsquo;actionnaires, si ces membres d\u00e9tiennent en tout plus de 25 % du capital ou des droits de vote, le groupe familial est consid\u00e9r\u00e9 comme \u00e9tant un b\u00e9n\u00e9ficiaire effectif de la soci\u00e9t\u00e9.<\/p><h2 id=\"III\">\u00a0<\/h2><h2 id=\"III\">Comment remplir la d\u00e9claration des b\u00e9n\u00e9ficiaires effectifs ?<\/h2><h3><b>Qu\u2019est-ce que le b\u00e9n\u00e9ficiaire effectif d\u2019une soci\u00e9t\u00e9 ? <\/b><\/h3><p>Il ne faut pas confondre b\u00e9n\u00e9ficiaire effectif et dirigeant de la soci\u00e9t\u00e9. Le contr\u00f4le est mesur\u00e9 par la participation au capital de la soci\u00e9t\u00e9. Un dirigeant n\u2019est donc pas n\u00e9cessairement b\u00e9n\u00e9ficiaire effectif de la soci\u00e9t\u00e9. Cette situation ne se produira quand il est impossible d\u2019identifier un b\u00e9n\u00e9ficiaire effectif selon les r\u00e8gles pr\u00e9c\u00e9demment \u00e9nonc\u00e9es (d\u00e9tention directe ou indirecte de 25 % du capital ou des droits de vote).<\/p><p>La d\u00e9claration du b\u00e9n\u00e9ficiaire effectif ou des b\u00e9n\u00e9ficiaires effectifs doit \u00eatre sign\u00e9e par le repr\u00e9sentant l\u00e9gal de la soci\u00e9t\u00e9 ou, s\u2019il y a plusieurs dirigeants, par l\u2019un d\u2019entre eux.<\/p><p>Ces d\u00e9marches peuvent \u00eatre complexes pour les chefs d\u2019entreprises, c\u2019est pourquoi il est possible de r\u00e9aliser cette d\u00e9claration en passant par des services de formalit\u00e9s juridiques en ligne.<\/p><h5><b>\u00a0<\/b><\/h5><h5><b>Remplir les documents DBE-S-1 et DBE-S-2<\/b><\/h5><p>Il faut commencer par renseigner les principales informations sur la soci\u00e9t\u00e9s sur le document DBE-S-1, notamment son num\u00e9ro d\u2019identification. Le num\u00e9ro unique d\u2019identification est le num\u00e9ro SIREN \u00e0 9 chiffres donn\u00e9 par l\u2019INSEE et qui appara\u00eet sur le KBIS.<\/p><p>Le <a href=\"https:\/\/www.infogreffe.fr\/documents\/10179\/0\/76-2017-4_Document_BE_societe_principal_DBE-S-1.pdf\">document DBE-S-1<\/a> doit permettre d\u2019identifier un premier b\u00e9n\u00e9ficiaire effectif. Un certain nombre d\u2019informations sont demand\u00e9es pour chaque b\u00e9n\u00e9ficiaire :<\/p><ul><li>L\u2019identit\u00e9 (nom et pr\u00e9nom) ;<\/li><li>L\u2019adresse de son domicile personnel ;<\/li><li>La date \u00e0 laquelle il est devenu b\u00e9n\u00e9ficiaire effectif. Si le b\u00e9n\u00e9ficiaire d\u00e9tient cette qualit\u00e9 depuis la cr\u00e9ation de l\u2019entreprise, cette date correspond \u00e0 la date de constitution de la soci\u00e9t\u00e9. Il peut \u00e9galement s\u2019agir de la date de d\u00e9but d\u2019activit\u00e9 ou de celle de l\u2019immatriculation aupr\u00e8s du greffe.<\/li><\/ul><p>Il est fr\u00e9quent qu\u2019une soci\u00e9t\u00e9 ait plusieurs b\u00e9n\u00e9ficiaires. Dans ce cas, il faudra remplir autant de documents DBE-S-2 qu\u2019il y a de b\u00e9n\u00e9ficiaires.<\/p><p>Il faudra ensuite d\u00e9clarer les modalit\u00e9s de d\u00e9tention de la soci\u00e9t\u00e9 par le b\u00e9n\u00e9ficiaire au paragraphe II 2. a. du document. Un b\u00e9n\u00e9ficiaire personne physique d\u00e9tient plus de 25 % des droits de vote ou du capital. Il faut donc cocher les cases correspondant \u00e0 la situation du b\u00e9n\u00e9ficiaire sur le document \u00e0 retourner au greffe. Il faudra aussi cocher la case \u201cd\u00e9tention directe\u201d ou la case \u201cd\u00e9tention indirecte\u201d. Un b\u00e9n\u00e9ficiaire peut d\u00e9tenir directement et indirectement la soci\u00e9t\u00e9, dans ce cas il faudra cocher les deux cases. La d\u00e9tention indirecte ne concerne pas les associ\u00e9s personnes physiques (particuliers). Elle ne concerne que les associ\u00e9s personnes morales. C&rsquo;est \u00e0 dire lorsqu\u2019une soci\u00e9t\u00e9 d\u00e9tient une autre soci\u00e9t\u00e9 (c\u2019est le cas des holding par exemple).<\/p><p>Ce document est rempli et sign\u00e9 par le repr\u00e9sentant l\u00e9gal de la soci\u00e9t\u00e9 obligatoirement lors de l\u2019<a href=\"https:\/\/www.legalvision.fr\/creation-dentreprise\/\">immatriculation de la soci\u00e9t\u00e9<\/a>. Les frais de d\u00e9claration (mentionn\u00e9s ci-dessous) s\u2019ajoutent donc aux frais de greffe d\u2019immatriculation de la soci\u00e9t\u00e9.<\/p><h5><b>\u00a0<\/b><\/h5><h5><b>D\u00e9clarer les changements dans l\u2019identification des b\u00e9n\u00e9ficiaires au greffe<\/b><\/h5><p>De plus, l\u2019identit\u00e9 ou le pourcentage de d\u00e9tention de chaque b\u00e9n\u00e9ficiaire va probablement <a href=\"https:\/\/blog.legalvision.fr\/2018\/02\/21\/3-etapes-de-cession-de-parts-sociales-dune-sci\/\">\u00e9voluer au cours de la vie de l\u2018entreprise<\/a>. C\u2019est le cas notamment en cas de cession de parts sociales, lors de l\u2019entr\u00e9e ou de la sortie d\u2019un associ\u00e9 de la soci\u00e9t\u00e9. L\u2019associ\u00e9 qui d\u00e9tiendra plus de 25 % \u00a0du capital ou des droits de vote doit \u00eatre d\u00e9clar\u00e9 comme b\u00e9n\u00e9ficiaire. Il faudra alors r\u00e9aliser une d\u00e9claration modificative du registre des b\u00e9n\u00e9ficiaires afin de prendre en compte ce changement<\/p><h2><b>\u00a0<\/b><\/h2><h2><b>Une nouvelle obligation d\u00e9clarative pour toutes les entreprises<\/b><\/h2><p>Concernant les formalit\u00e9s \u00e0 accomplir par les entreprises d\u00e9j\u00e0 immatricul\u00e9es, il faut d\u00e9poser le document relatif au b\u00e9n\u00e9ficiaire effectif au plus tard le 1er avril 2018. Chaque entreprise doit pr\u00e9ciser sur ce registre la date \u00e0 laquelle la personne est devenue b\u00e9n\u00e9ficiaire effectif.<\/p><p>Dans ce cas l\u00e0, le d\u00e9p\u00f4t co\u00fbtera<b> 54,42 \u20ac.<\/b> Pour les entreprises effectuant cette d\u00e9marche lors de leur immatriculation ou dans les quinze jours suivant cette derni\u00e8re, cette d\u00e9marche se fera pour un co\u00fbt de \u00a0<b>24,80 \u20ac<\/b>.<\/p><p>De plus, tout au long de la vie de l\u2019entreprise, l\u2019entreprise doit mettre \u00e0 jour la liste des b\u00e9n\u00e9ficiaires effectifs. Il faudra la modifier s\u2019il y a des changements. Le d\u00e9p\u00f4t du document modificatif ou compl\u00e9mentaire co\u00fbte <b>48,49 \u20ac.<\/b><\/p><p>Ce document n\u2019est pas public. En revanche, certaines personnes peuvent y avoir acc\u00e8s. C\u2019est le cas par exemple des institutions de lutte contre le blanchiment et le terrorisme.<\/p><h2><b>\u00a0<\/b><\/h2><h2><b>Quel est le co\u00fbt du d\u00e9p\u00f4t de la d\u00e9claration des b\u00e9n\u00e9ficiaires effectifs ?\u00a0<\/b><\/h2><p><span style=\"font-weight: 400;\">La premi\u00e8re d\u00e9claration en ligne des b\u00e9n\u00e9ficiaires effectifs co\u00fbte 17, 84 \u20ac sur le site du guichet unique et 21, 41 \u20ac sur le site infogreffe.\u00a0<\/span><\/p><p><span style=\"font-weight: 400;\">Lorsqu\u2019il s\u2019agit d\u2019une d\u00e9claration modificative ou compl\u00e9mentaire de b\u00e9n\u00e9ficiaire effectif, le co\u00fbt est de 31, 21 \u20ac sur le site du guichet unique et de 43, 35 \u20ac sur le site infogreffe.\u00a0<\/span><\/p><div><span style=\"font-family: Montserrat;\"><b>\u00a0<\/b><\/span><\/div><ul><li aria-level=\"1\"><b>Quelles sanctions en absence de d\u00e9claration ?\u00a0<\/b><\/li><\/ul><p><span style=\"font-weight: 400;\">En l\u2019absence de d\u00e9claration, le pr\u00e9sident du tribunal de commerce peut demander \u00e0 la soci\u00e9t\u00e9, sous astreinte, de r\u00e9gulariser sa situation. Il se peut \u00e9galement qu\u2019un mandataire soit d\u00e9sign\u00e9 afin que la r\u00e9gularisation soit faite.\u00a0<\/span><\/p><p><span style=\"font-weight: 400;\">En l\u2019absence de r\u00e9gularisation, la personne en charge de cette d\u00e9claration s\u2019expose \u00e0 une amende\u00a0 de 7 500 \u20ac et \u00e0 6 mois de prison et\u00a0 s&rsquo;expose aussi \u00e0 une interdiction de g\u00e9rer (maximum 15 ans) et \u00e0 une privation partielle de ses droits civils et civiques.\u00a0<\/span><\/p><p><span style=\"font-weight: 400;\">De plus, la soci\u00e9t\u00e9 d\u00e9sign\u00e9e responsable s&rsquo;expose \u00e0 une amende pouvant aller jusqu&rsquo;\u00e0 37 500 \u20ac et \u00e0 des peines compl\u00e9mentaires (dissolution de la soci\u00e9t\u00e9, la fermeture d\u00e9finitive ou pour 5 ans maximum, d&rsquo;un, de plusieurs ou de tous les \u00e9tablissements de la soci\u00e9t\u00e9, le placement sous surveillance judiciaire pendant maximum 5 ans, etc.).<\/span><\/p><p><span style=\"font-weight: 400;\">\u00a0<\/span><\/p><p><span style=\"font-weight: 400;\">\u00a0<\/span><\/p><div class=\"wp-block-button\" style=\"text-align: center;\"><a class=\"wp-block-button__link has-background\" href=\"https:\/\/leonard.fr\/juridique\/creation-entreprise\/creation-dune-sas\/?utm_source=blog&amp;utm_medium=CTA&amp;utm_campaign=beneficiaire_effectif_obligation_declaration_pour_toutes_entreprises&amp;utm_id=creation_SAS_blog\">Cr\u00e9ez votre SAS en ligne<\/a><\/div>\t\t\t\t\t\t\t\t<\/div>\n\t\t\t\t<\/div>\n\t\t\t\t\t<\/div>\n\t\t\t\t<\/div>\n\t\t\t\t<\/div>\n\t\t","protected":false},"excerpt":{"rendered":"<p>LegalVision vous explique tout sur l&rsquo;obligation de d\u00e9claration des b\u00e9n\u00e9ficiaires effectifs ! L&rsquo;obligation de d\u00e9clarer chaque b\u00e9n\u00e9ficiaire effectif pour toutes les entreprises depuis le 1er avril 2018 Depuis le 2 ao\u00fbt 2017, toutes les nouvelles entreprises cr\u00e9\u00e9es doivent faire parvenir lors de leur constitution la liste des b\u00e9n\u00e9ficiaires effectifs de la soci\u00e9t\u00e9. Cette obligation est&hellip; <a class=\"more-link\" href=\"https:\/\/www.legalvision.fr\/guides-juridiques\/creer-son-entreprise\/beneficiaires-effectifs\/\">Poursuivre la lecture <span class=\"screen-reader-text\">B\u00e9n\u00e9ficiaire effectif : l&rsquo;obligation de d\u00e9claration pour toutes les entreprises<\/span><\/a><\/p>\n","protected":false},"author":15,"featured_media":22130,"comment_status":"open","ping_status":"open","sticky":false,"template":"","format":"standard","meta":{"content-type":"","inline_featured_image":false,"footnotes":""},"categories":[2481],"tags":[],"class_list":["post-1562","post","type-post","status-publish","format-standard","has-post-thumbnail","hentry","category-creer-son-entreprise","entry"],"yoast_head":"<!-- This site is optimized with the Yoast SEO plugin v27.1.1 - https:\/\/yoast.com\/product\/yoast-seo-wordpress\/ -->\n<title>b\u00e9n\u00e9ficiaire effectif : comment faire une obligation de d\u00e9claration<\/title>\n<meta name=\"description\" content=\"Pour toute les entreprises cr\u00e9\u00e9es chaque b\u00e9n\u00e9ficiaire effectif doit \u00eatre d\u00e9clar\u00e9 aupr\u00e8s du greffe du tribunal de commerce.\" \/>\n<meta name=\"robots\" content=\"index, follow, max-snippet:-1, max-image-preview:large, max-video-preview:-1\" \/>\n<link rel=\"canonical\" href=\"https:\/\/www.legalvision.fr\/guides-juridiques\/creer-son-entreprise\/beneficiaires-effectifs\/\" \/>\n<meta property=\"og:locale\" content=\"fr_FR\" \/>\n<meta property=\"og:type\" content=\"article\" \/>\n<meta property=\"og:title\" content=\"b\u00e9n\u00e9ficiaire effectif : comment faire une obligation de d\u00e9claration\" \/>\n<meta property=\"og:description\" content=\"Pour toute les entreprises cr\u00e9\u00e9es chaque b\u00e9n\u00e9ficiaire effectif doit \u00eatre d\u00e9clar\u00e9 aupr\u00e8s du greffe du tribunal de commerce.\" \/>\n<meta property=\"og:url\" content=\"https:\/\/www.legalvision.fr\/guides-juridiques\/creer-son-entreprise\/beneficiaires-effectifs\/\" \/>\n<meta property=\"og:site_name\" content=\"Guides juridiques\" \/>\n<meta property=\"article:author\" content=\"https:\/\/www.facebook.com\/legalvision.fr\/\" \/>\n<meta property=\"article:published_time\" content=\"2018-01-26T06:00:14+00:00\" \/>\n<meta property=\"article:modified_time\" content=\"2023-11-23T16:48:58+00:00\" \/>\n<meta property=\"og:image\" content=\"https:\/\/www.legalvision.fr\/guides-juridiques\/wp-content\/uploads\/2018\/01\/b\u00e9n\u00e9ficiaire-effectif.jpg\" \/>\n\t<meta property=\"og:image:width\" content=\"958\" \/>\n\t<meta property=\"og:image:height\" content=\"350\" \/>\n\t<meta property=\"og:image:type\" content=\"image\/jpeg\" \/>\n<meta name=\"author\" content=\"Maxime Ballesteron\" \/>\n<meta name=\"twitter:card\" content=\"summary_large_image\" \/>\n<meta name=\"twitter:creator\" content=\"@https:\/\/twitter.com\/Legalvision_fr\" \/>\n<meta name=\"twitter:label1\" content=\"\u00c9crit par\" \/>\n\t<meta name=\"twitter:data1\" content=\"Maxime Ballesteron\" \/>\n\t<meta name=\"twitter:label2\" content=\"Dur\u00e9e de lecture estim\u00e9e\" \/>\n\t<meta name=\"twitter:data2\" content=\"10 minutes\" \/>\n<script type=\"application\/ld+json\" class=\"yoast-schema-graph\">{\"@context\":\"https:\/\/schema.org\",\"@graph\":[{\"@type\":\"Article\",\"@id\":\"https:\/\/www.legalvision.fr\/guides-juridiques\/creer-son-entreprise\/beneficiaires-effectifs\/#article\",\"isPartOf\":{\"@id\":\"https:\/\/www.legalvision.fr\/guides-juridiques\/creer-son-entreprise\/beneficiaires-effectifs\/\"},\"author\":{\"name\":\"Maxime Ballesteron\",\"@id\":\"https:\/\/www.legalvision.fr\/guides-juridiques\/#\/schema\/person\/9c4ca0ec82e346ae731e8fef938d9282\"},\"headline\":\"B\u00e9n\u00e9ficiaire effectif : l&rsquo;obligation de d\u00e9claration pour toutes les entreprises\",\"datePublished\":\"2018-01-26T06:00:14+00:00\",\"dateModified\":\"2023-11-23T16:48:58+00:00\",\"mainEntityOfPage\":{\"@id\":\"https:\/\/www.legalvision.fr\/guides-juridiques\/creer-son-entreprise\/beneficiaires-effectifs\/\"},\"wordCount\":2298,\"commentCount\":4,\"publisher\":{\"@id\":\"https:\/\/www.legalvision.fr\/guides-juridiques\/#organization\"},\"image\":{\"@id\":\"https:\/\/www.legalvision.fr\/guides-juridiques\/creer-son-entreprise\/beneficiaires-effectifs\/#primaryimage\"},\"thumbnailUrl\":\"https:\/\/www.legalvision.fr\/guides-juridiques\/wp-content\/uploads\/2018\/01\/b\u00e9n\u00e9ficiaire-effectif.jpg\",\"articleSection\":[\"Cr\u00e9er son entreprise\"],\"inLanguage\":\"fr-FR\",\"potentialAction\":[{\"@type\":\"CommentAction\",\"name\":\"Comment\",\"target\":[\"https:\/\/www.legalvision.fr\/guides-juridiques\/creer-son-entreprise\/beneficiaires-effectifs\/#respond\"]}]},{\"@type\":\"WebPage\",\"@id\":\"https:\/\/www.legalvision.fr\/guides-juridiques\/creer-son-entreprise\/beneficiaires-effectifs\/\",\"url\":\"https:\/\/www.legalvision.fr\/guides-juridiques\/creer-son-entreprise\/beneficiaires-effectifs\/\",\"name\":\"b\u00e9n\u00e9ficiaire effectif : comment faire une obligation de d\u00e9claration\",\"isPartOf\":{\"@id\":\"https:\/\/www.legalvision.fr\/guides-juridiques\/#website\"},\"primaryImageOfPage\":{\"@id\":\"https:\/\/www.legalvision.fr\/guides-juridiques\/creer-son-entreprise\/beneficiaires-effectifs\/#primaryimage\"},\"image\":{\"@id\":\"https:\/\/www.legalvision.fr\/guides-juridiques\/creer-son-entreprise\/beneficiaires-effectifs\/#primaryimage\"},\"thumbnailUrl\":\"https:\/\/www.legalvision.fr\/guides-juridiques\/wp-content\/uploads\/2018\/01\/b\u00e9n\u00e9ficiaire-effectif.jpg\",\"datePublished\":\"2018-01-26T06:00:14+00:00\",\"dateModified\":\"2023-11-23T16:48:58+00:00\",\"description\":\"Pour toute les entreprises cr\u00e9\u00e9es chaque b\u00e9n\u00e9ficiaire effectif doit \u00eatre d\u00e9clar\u00e9 aupr\u00e8s du greffe du tribunal de commerce.\",\"breadcrumb\":{\"@id\":\"https:\/\/www.legalvision.fr\/guides-juridiques\/creer-son-entreprise\/beneficiaires-effectifs\/#breadcrumb\"},\"inLanguage\":\"fr-FR\",\"potentialAction\":[{\"@type\":\"ReadAction\",\"target\":[\"https:\/\/www.legalvision.fr\/guides-juridiques\/creer-son-entreprise\/beneficiaires-effectifs\/\"]}]},{\"@type\":\"ImageObject\",\"inLanguage\":\"fr-FR\",\"@id\":\"https:\/\/www.legalvision.fr\/guides-juridiques\/creer-son-entreprise\/beneficiaires-effectifs\/#primaryimage\",\"url\":\"https:\/\/www.legalvision.fr\/guides-juridiques\/wp-content\/uploads\/2018\/01\/b\u00e9n\u00e9ficiaire-effectif.jpg\",\"contentUrl\":\"https:\/\/www.legalvision.fr\/guides-juridiques\/wp-content\/uploads\/2018\/01\/b\u00e9n\u00e9ficiaire-effectif.jpg\",\"width\":958,\"height\":350,\"caption\":\"b\u00e9n\u00e9ficiaire effectif\"},{\"@type\":\"BreadcrumbList\",\"@id\":\"https:\/\/www.legalvision.fr\/guides-juridiques\/creer-son-entreprise\/beneficiaires-effectifs\/#breadcrumb\",\"itemListElement\":[{\"@type\":\"ListItem\",\"position\":1,\"name\":\"Accueil\",\"item\":\"https:\/\/www.legalvision.fr\/guides-juridiques\/\"},{\"@type\":\"ListItem\",\"position\":2,\"name\":\"Cr\u00e9er son entreprise\",\"item\":\"https:\/\/www.legalvision.fr\/guides-juridiques\/creer-son-entreprise\/\"},{\"@type\":\"ListItem\",\"position\":3,\"name\":\"B\u00e9n\u00e9ficiaire effectif : l&rsquo;obligation de d\u00e9claration pour toutes les entreprises\"}]},{\"@type\":\"WebSite\",\"@id\":\"https:\/\/www.legalvision.fr\/guides-juridiques\/#website\",\"url\":\"https:\/\/www.legalvision.fr\/guides-juridiques\/\",\"name\":\"Guides juridiques\",\"description\":\"L&#039;information juridique \u00e0 destination des entreprises et TPE\",\"publisher\":{\"@id\":\"https:\/\/www.legalvision.fr\/guides-juridiques\/#organization\"},\"potentialAction\":[{\"@type\":\"SearchAction\",\"target\":{\"@type\":\"EntryPoint\",\"urlTemplate\":\"https:\/\/www.legalvision.fr\/guides-juridiques\/?s={search_term_string}\"},\"query-input\":{\"@type\":\"PropertyValueSpecification\",\"valueRequired\":true,\"valueName\":\"search_term_string\"}}],\"inLanguage\":\"fr-FR\"},{\"@type\":\"Organization\",\"@id\":\"https:\/\/www.legalvision.fr\/guides-juridiques\/#organization\",\"name\":\"Guides juridiques\",\"url\":\"https:\/\/www.legalvision.fr\/guides-juridiques\/\",\"logo\":{\"@type\":\"ImageObject\",\"inLanguage\":\"fr-FR\",\"@id\":\"https:\/\/www.legalvision.fr\/guides-juridiques\/#\/schema\/logo\/image\/\",\"url\":\"https:\/\/www.legalvision.fr\/guides-juridiques\/wp-content\/uploads\/2022\/10\/LV-Logotype.png\",\"contentUrl\":\"https:\/\/www.legalvision.fr\/guides-juridiques\/wp-content\/uploads\/2022\/10\/LV-Logotype.png\",\"width\":647,\"height\":125,\"caption\":\"Guides juridiques\"},\"image\":{\"@id\":\"https:\/\/www.legalvision.fr\/guides-juridiques\/#\/schema\/logo\/image\/\"}},{\"@type\":\"Person\",\"@id\":\"https:\/\/www.legalvision.fr\/guides-juridiques\/#\/schema\/person\/9c4ca0ec82e346ae731e8fef938d9282\",\"name\":\"Maxime Ballesteron\",\"image\":{\"@type\":\"ImageObject\",\"inLanguage\":\"fr-FR\",\"@id\":\"https:\/\/www.legalvision.fr\/guides-juridiques\/#\/schema\/person\/image\/\",\"url\":\"https:\/\/secure.gravatar.com\/avatar\/68fa8e70985671e1333fd562aa940aa27363cecb7578a35e3e3131f2500b6ca5?s=96&d=mm&r=g\",\"contentUrl\":\"https:\/\/secure.gravatar.com\/avatar\/68fa8e70985671e1333fd562aa940aa27363cecb7578a35e3e3131f2500b6ca5?s=96&d=mm&r=g\",\"caption\":\"Maxime Ballesteron\"},\"description\":\"Maxime est juriste sp\u00e9cialis\u00e9 en droit des soci\u00e9t\u00e9s chez LegalVision. Il est passionn\u00e9 par le droit et l'univers des startups.\",\"sameAs\":[\"https:\/\/www.legalvision.fr\/\",\"https:\/\/www.facebook.com\/legalvision.fr\/\",\"https:\/\/www.instagram.com\/legalvision.fr\/\",\"https:\/\/www.linkedin.com\/company\/legalvision-fr\/\",\"https:\/\/x.com\/https:\/\/twitter.com\/Legalvision_fr\"],\"url\":\"https:\/\/www.legalvision.fr\/guides-juridiques\/author\/maxime-ballester\/\"}]}<\/script>\n<!-- \/ Yoast SEO plugin. -->","yoast_head_json":{"title":"b\u00e9n\u00e9ficiaire effectif : comment faire une obligation de d\u00e9claration","description":"Pour toute les entreprises cr\u00e9\u00e9es chaque b\u00e9n\u00e9ficiaire effectif doit \u00eatre d\u00e9clar\u00e9 aupr\u00e8s du greffe du tribunal de commerce.","robots":{"index":"index","follow":"follow","max-snippet":"max-snippet:-1","max-image-preview":"max-image-preview:large","max-video-preview":"max-video-preview:-1"},"canonical":"https:\/\/www.legalvision.fr\/guides-juridiques\/creer-son-entreprise\/beneficiaires-effectifs\/","og_locale":"fr_FR","og_type":"article","og_title":"b\u00e9n\u00e9ficiaire effectif : comment faire une obligation de d\u00e9claration","og_description":"Pour toute les entreprises cr\u00e9\u00e9es chaque b\u00e9n\u00e9ficiaire effectif doit \u00eatre d\u00e9clar\u00e9 aupr\u00e8s du greffe du tribunal de commerce.","og_url":"https:\/\/www.legalvision.fr\/guides-juridiques\/creer-son-entreprise\/beneficiaires-effectifs\/","og_site_name":"Guides juridiques","article_author":"https:\/\/www.facebook.com\/legalvision.fr\/","article_published_time":"2018-01-26T06:00:14+00:00","article_modified_time":"2023-11-23T16:48:58+00:00","og_image":[{"width":958,"height":350,"url":"https:\/\/www.legalvision.fr\/guides-juridiques\/wp-content\/uploads\/2018\/01\/b\u00e9n\u00e9ficiaire-effectif.jpg","type":"image\/jpeg"}],"author":"Maxime Ballesteron","twitter_card":"summary_large_image","twitter_creator":"@https:\/\/twitter.com\/Legalvision_fr","twitter_misc":{"\u00c9crit par":"Maxime Ballesteron","Dur\u00e9e de lecture estim\u00e9e":"10 minutes"},"schema":{"@context":"https:\/\/schema.org","@graph":[{"@type":"Article","@id":"https:\/\/www.legalvision.fr\/guides-juridiques\/creer-son-entreprise\/beneficiaires-effectifs\/#article","isPartOf":{"@id":"https:\/\/www.legalvision.fr\/guides-juridiques\/creer-son-entreprise\/beneficiaires-effectifs\/"},"author":{"name":"Maxime Ballesteron","@id":"https:\/\/www.legalvision.fr\/guides-juridiques\/#\/schema\/person\/9c4ca0ec82e346ae731e8fef938d9282"},"headline":"B\u00e9n\u00e9ficiaire effectif : l&rsquo;obligation de d\u00e9claration pour toutes les entreprises","datePublished":"2018-01-26T06:00:14+00:00","dateModified":"2023-11-23T16:48:58+00:00","mainEntityOfPage":{"@id":"https:\/\/www.legalvision.fr\/guides-juridiques\/creer-son-entreprise\/beneficiaires-effectifs\/"},"wordCount":2298,"commentCount":4,"publisher":{"@id":"https:\/\/www.legalvision.fr\/guides-juridiques\/#organization"},"image":{"@id":"https:\/\/www.legalvision.fr\/guides-juridiques\/creer-son-entreprise\/beneficiaires-effectifs\/#primaryimage"},"thumbnailUrl":"https:\/\/www.legalvision.fr\/guides-juridiques\/wp-content\/uploads\/2018\/01\/b\u00e9n\u00e9ficiaire-effectif.jpg","articleSection":["Cr\u00e9er son entreprise"],"inLanguage":"fr-FR","potentialAction":[{"@type":"CommentAction","name":"Comment","target":["https:\/\/www.legalvision.fr\/guides-juridiques\/creer-son-entreprise\/beneficiaires-effectifs\/#respond"]}]},{"@type":"WebPage","@id":"https:\/\/www.legalvision.fr\/guides-juridiques\/creer-son-entreprise\/beneficiaires-effectifs\/","url":"https:\/\/www.legalvision.fr\/guides-juridiques\/creer-son-entreprise\/beneficiaires-effectifs\/","name":"b\u00e9n\u00e9ficiaire effectif : comment faire une obligation de d\u00e9claration","isPartOf":{"@id":"https:\/\/www.legalvision.fr\/guides-juridiques\/#website"},"primaryImageOfPage":{"@id":"https:\/\/www.legalvision.fr\/guides-juridiques\/creer-son-entreprise\/beneficiaires-effectifs\/#primaryimage"},"image":{"@id":"https:\/\/www.legalvision.fr\/guides-juridiques\/creer-son-entreprise\/beneficiaires-effectifs\/#primaryimage"},"thumbnailUrl":"https:\/\/www.legalvision.fr\/guides-juridiques\/wp-content\/uploads\/2018\/01\/b\u00e9n\u00e9ficiaire-effectif.jpg","datePublished":"2018-01-26T06:00:14+00:00","dateModified":"2023-11-23T16:48:58+00:00","description":"Pour toute les entreprises cr\u00e9\u00e9es chaque b\u00e9n\u00e9ficiaire effectif doit \u00eatre d\u00e9clar\u00e9 aupr\u00e8s du greffe du tribunal de commerce.","breadcrumb":{"@id":"https:\/\/www.legalvision.fr\/guides-juridiques\/creer-son-entreprise\/beneficiaires-effectifs\/#breadcrumb"},"inLanguage":"fr-FR","potentialAction":[{"@type":"ReadAction","target":["https:\/\/www.legalvision.fr\/guides-juridiques\/creer-son-entreprise\/beneficiaires-effectifs\/"]}]},{"@type":"ImageObject","inLanguage":"fr-FR","@id":"https:\/\/www.legalvision.fr\/guides-juridiques\/creer-son-entreprise\/beneficiaires-effectifs\/#primaryimage","url":"https:\/\/www.legalvision.fr\/guides-juridiques\/wp-content\/uploads\/2018\/01\/b\u00e9n\u00e9ficiaire-effectif.jpg","contentUrl":"https:\/\/www.legalvision.fr\/guides-juridiques\/wp-content\/uploads\/2018\/01\/b\u00e9n\u00e9ficiaire-effectif.jpg","width":958,"height":350,"caption":"b\u00e9n\u00e9ficiaire effectif"},{"@type":"BreadcrumbList","@id":"https:\/\/www.legalvision.fr\/guides-juridiques\/creer-son-entreprise\/beneficiaires-effectifs\/#breadcrumb","itemListElement":[{"@type":"ListItem","position":1,"name":"Accueil","item":"https:\/\/www.legalvision.fr\/guides-juridiques\/"},{"@type":"ListItem","position":2,"name":"Cr\u00e9er son entreprise","item":"https:\/\/www.legalvision.fr\/guides-juridiques\/creer-son-entreprise\/"},{"@type":"ListItem","position":3,"name":"B\u00e9n\u00e9ficiaire effectif : l&rsquo;obligation de d\u00e9claration pour toutes les entreprises"}]},{"@type":"WebSite","@id":"https:\/\/www.legalvision.fr\/guides-juridiques\/#website","url":"https:\/\/www.legalvision.fr\/guides-juridiques\/","name":"Guides juridiques","description":"L&#039;information juridique \u00e0 destination des entreprises et TPE","publisher":{"@id":"https:\/\/www.legalvision.fr\/guides-juridiques\/#organization"},"potentialAction":[{"@type":"SearchAction","target":{"@type":"EntryPoint","urlTemplate":"https:\/\/www.legalvision.fr\/guides-juridiques\/?s={search_term_string}"},"query-input":{"@type":"PropertyValueSpecification","valueRequired":true,"valueName":"search_term_string"}}],"inLanguage":"fr-FR"},{"@type":"Organization","@id":"https:\/\/www.legalvision.fr\/guides-juridiques\/#organization","name":"Guides juridiques","url":"https:\/\/www.legalvision.fr\/guides-juridiques\/","logo":{"@type":"ImageObject","inLanguage":"fr-FR","@id":"https:\/\/www.legalvision.fr\/guides-juridiques\/#\/schema\/logo\/image\/","url":"https:\/\/www.legalvision.fr\/guides-juridiques\/wp-content\/uploads\/2022\/10\/LV-Logotype.png","contentUrl":"https:\/\/www.legalvision.fr\/guides-juridiques\/wp-content\/uploads\/2022\/10\/LV-Logotype.png","width":647,"height":125,"caption":"Guides juridiques"},"image":{"@id":"https:\/\/www.legalvision.fr\/guides-juridiques\/#\/schema\/logo\/image\/"}},{"@type":"Person","@id":"https:\/\/www.legalvision.fr\/guides-juridiques\/#\/schema\/person\/9c4ca0ec82e346ae731e8fef938d9282","name":"Maxime Ballesteron","image":{"@type":"ImageObject","inLanguage":"fr-FR","@id":"https:\/\/www.legalvision.fr\/guides-juridiques\/#\/schema\/person\/image\/","url":"https:\/\/secure.gravatar.com\/avatar\/68fa8e70985671e1333fd562aa940aa27363cecb7578a35e3e3131f2500b6ca5?s=96&d=mm&r=g","contentUrl":"https:\/\/secure.gravatar.com\/avatar\/68fa8e70985671e1333fd562aa940aa27363cecb7578a35e3e3131f2500b6ca5?s=96&d=mm&r=g","caption":"Maxime Ballesteron"},"description":"Maxime est juriste sp\u00e9cialis\u00e9 en droit des soci\u00e9t\u00e9s chez LegalVision. Il est passionn\u00e9 par le droit et l'univers des startups.","sameAs":["https:\/\/www.legalvision.fr\/","https:\/\/www.facebook.com\/legalvision.fr\/","https:\/\/www.instagram.com\/legalvision.fr\/","https:\/\/www.linkedin.com\/company\/legalvision-fr\/","https:\/\/x.com\/https:\/\/twitter.com\/Legalvision_fr"],"url":"https:\/\/www.legalvision.fr\/guides-juridiques\/author\/maxime-ballester\/"}]}},"_links":{"self":[{"href":"https:\/\/www.legalvision.fr\/guides-juridiques\/wp-json\/wp\/v2\/posts\/1562","targetHints":{"allow":["GET"]}}],"collection":[{"href":"https:\/\/www.legalvision.fr\/guides-juridiques\/wp-json\/wp\/v2\/posts"}],"about":[{"href":"https:\/\/www.legalvision.fr\/guides-juridiques\/wp-json\/wp\/v2\/types\/post"}],"author":[{"embeddable":true,"href":"https:\/\/www.legalvision.fr\/guides-juridiques\/wp-json\/wp\/v2\/users\/15"}],"replies":[{"embeddable":true,"href":"https:\/\/www.legalvision.fr\/guides-juridiques\/wp-json\/wp\/v2\/comments?post=1562"}],"version-history":[{"count":22,"href":"https:\/\/www.legalvision.fr\/guides-juridiques\/wp-json\/wp\/v2\/posts\/1562\/revisions"}],"predecessor-version":[{"id":42451,"href":"https:\/\/www.legalvision.fr\/guides-juridiques\/wp-json\/wp\/v2\/posts\/1562\/revisions\/42451"}],"wp:featuredmedia":[{"embeddable":true,"href":"https:\/\/www.legalvision.fr\/guides-juridiques\/wp-json\/wp\/v2\/media\/22130"}],"wp:attachment":[{"href":"https:\/\/www.legalvision.fr\/guides-juridiques\/wp-json\/wp\/v2\/media?parent=1562"}],"wp:term":[{"taxonomy":"category","embeddable":true,"href":"https:\/\/www.legalvision.fr\/guides-juridiques\/wp-json\/wp\/v2\/categories?post=1562"},{"taxonomy":"post_tag","embeddable":true,"href":"https:\/\/www.legalvision.fr\/guides-juridiques\/wp-json\/wp\/v2\/tags?post=1562"}],"curies":[{"name":"wp","href":"https:\/\/api.w.org\/{rel}","templated":true}]}}