{"id":15604,"date":"2019-05-31T07:30:07","date_gmt":"2019-05-31T06:30:07","guid":{"rendered":"https:\/\/blog.legalvision.fr\/?p=15604"},"modified":"2022-03-27T21:20:55","modified_gmt":"2022-03-27T19:20:55","slug":"optimisation-des-charges-sociales-auto-entrepreneur","status":"publish","type":"post","link":"https:\/\/www.legalvision.fr\/guides-juridiques\/auto-entrepreneur\/optimisation-des-charges-sociales-auto-entrepreneur\/","title":{"rendered":"Comment un auto entrepreneur peut-il optimiser ses charges sociales ?"},"content":{"rendered":"<p>Les charges sociales auto entrepreneur sont en g\u00e9n\u00e9ral moins \u00e9lev\u00e9es\u00a0car ils b\u00e9n\u00e9ficient du r\u00e9gime de la\u00a0micro entreprise. Pour rappel, la\u00a0micro entreprise est un r\u00e9gime applicable \u00e0 certaines entreprises et non une forme juridique comme peuvent l&rsquo;\u00eatre l&rsquo;EURL, la SAS ou bien encore la SARL. Il est avantageux sur les plans fiscal et social et permet \u00e9galement une simplification de la comptabilit\u00e9.<\/p>\n<p>Toutefois il\u00a0n&rsquo;est pas ouvert \u00e0 tous. D&rsquo;une part, seules les <strong>entreprises individuelles<\/strong>, les <strong>entreprises individuelles \u00e0 responsabilit\u00e9 limit\u00e9e<\/strong> et les <strong>EURL dont le g\u00e9rant est associ\u00e9 unique<\/strong> peuvent y pr\u00e9tendre.<\/p>\n<p>D&rsquo;autre part, leur chiffre d&rsquo;affaires ne doit pas d\u00e9passer un <a href=\"https:\/\/blog.legalvision.fr\/2018\/04\/18\/micro-entreprise-plafond\/\">certain plafond<\/a>,\u00a0soit en 2019 :\n<\/p>\n<ul>\n<li>\n<strong>70 000 euros\u00a0concernant les prestations de service<\/strong>\u00a0et\u00a0<strong>activit\u00e9s lib\u00e9rales<\/strong>\u00a0;<\/li>\n<li>\n<strong>170 000 euros s\u2019agissant des activit\u00e9s de vente de marchandises et d\u2019h\u00e9bergement <\/strong>;<\/li>\n<li>\n<strong>170 000 euros pour une entreprise qui offre une prestation de service tout en ayant une activit\u00e9 commerciale\u00a0<\/strong>(les activit\u00e9s de prestation de service ne devant pas d\u00e9passer le seuil des 70 000 euros).<\/li>\n<\/ul>\n<p>Pour s&rsquo;en pr\u00e9valoir, l&rsquo;activit\u00e9 qu&rsquo;exerce l&rsquo;auto entrepreneur doit \u00eatre <strong>commerciale, artisanale ou lib\u00e9rale.\u00a0<\/strong>Sont exclues :<\/p>\n<ul>\n<li>les activit\u00e9s soumises \u00e0 la TVA immobili\u00e8re,<\/li>\n<li>celles qui rel\u00e8vent de la s\u00e9curit\u00e9 sociale agricole,<\/li>\n<li>les activit\u00e9s artistiques qui rel\u00e8vent de la Maison des artistes ou de l&rsquo;Agessa,<\/li>\n<li>et certaines professions lib\u00e9rales non affili\u00e9es \u00e0 la\u00a0Caisse interprofessionnelle de pr\u00e9voyance et d\u2019assurance vieillesse des professions lib\u00e9rale.<\/li>\n<\/ul>\n<p>Peuvent rev\u00eatir le <a href=\"https:\/\/blog.legalvision.fr\/2019\/03\/26\/devenir-auto-entrepreneur-en-2019-tous-les-conseils-des-experts\/\">statut de micro entrepreneur<\/a> un<strong> \u00e9tudiant, salari\u00e9, fonctionnaire, retrait\u00e9, pr\u00e9sident de SAS, g\u00e9rant minoritaire ou \u00e9galitaire de SARL.<\/strong>\u00a0Les personnes qui exercent une activit\u00e9 de travailleur ind\u00e9pendant non salari\u00e9 et affili\u00e9es \u00e0 la s\u00e9curit\u00e9 sociale des ind\u00e9pendants en sont priv\u00e9es. Enfin, d&rsquo;autres conditions tiennent parfois aux dipl\u00f4mes.<\/p>\n<h3>Sommaire :<\/h3>\n<p><strong><a href=\"#I\">Le statut social des auto entrepreneurs<\/a><\/strong><br \/>\n<strong> <a href=\"#II\">Taux de cotisations sociales auto entrepreneur<\/a><\/strong><br \/>\n<strong> <a href=\"#III\">Charges sociales auto entrepreneur : modalit\u00e9s de paiement<\/a><\/strong><br \/>\n<strong> <a href=\"#IV\">Exon\u00e9ration charges sociales auto entrepreneur : l&rsquo;Acre<\/a><\/strong><br \/>\n<strong> <a href=\"#V\">Les autres avantages offerts par le r\u00e9gime de l&rsquo;auto entreprise<\/a><\/strong><\/p>\n<div class=\"wp-block-button\" style=\"text-align:center;\"><a class=\"wp-block-button__link has-background\" href=\"https:\/\/www.legalvision.fr\/creation-dentreprise\/statut-auto-entrepreneur\/\">Commencer les d\u00e9marches pour mon auto-entreprise<\/a><\/div>\n<h2 id=\"I\">Le statut social des auto entrepreneurs<\/h2>\n<p>Les auto entrepreneurs, au titre de leur activit\u00e9 professionnelle, sont affili\u00e9s \u00e0 un r\u00e9gime micro social.<\/p>\n<p>Le RSI, depuis 2018, a \u00e9t\u00e9 rebaptis\u00e9 \u00ab\u00a0<em>S\u00e9curit\u00e9 Sociale des Ind\u00e9pendants<\/em>\u00a0\u00bb (SSI). La <a href=\"https:\/\/blog.legalvision.fr\/2018\/01\/23\/consequences-suppression-rsi\/\">disparition du RSI<\/a>, \u00e9chelonn\u00e9e sur deux ann\u00e9es, a comme finalit\u00e9 d&rsquo;inclure les ind\u00e9pendants (dont font partie les auto entrepreneurs) au r\u00e9gime\u00a0g\u00e9n\u00e9ral de la s\u00e9curit\u00e9 sociale. Les personnes qui sont devenues auto entrepreneurs en 2019 sont automatiquement affili\u00e9es \u00e0 ce r\u00e9gime, tandis que les autres le sont progressivement.<\/p>\n<p>L&rsquo;auto entrepreneur qui cotise aupr\u00e8s de la SSI b\u00e9n\u00e9ficie d&rsquo;une<strong> assurance\u00a0maladie, maternit\u00e9, invalidit\u00e9, d\u00e9c\u00e8s, d&rsquo;indemnit\u00e9s journali\u00e8res<\/strong> ou encore d&rsquo;une <strong>retraite de base et compl\u00e9mentaire.<\/strong> En revanche, il n&rsquo;a aucune couverture\u00a0face \u00e0 la perte de son emploi (ch\u00f4mage et AGS).<\/p>\n<p>Si l&rsquo;auto entrepreneur exerce une activit\u00e9 lib\u00e9rale r\u00e9glement\u00e9e, alors il est assujetti \u00e0 la <strong>CIPAV<\/strong> pour l&rsquo;ann\u00e9e 2019 pour ce qui est de l&rsquo;assurance vieillesse et l&rsquo;invalidit\u00e9. Pour\u00a0celles non r\u00e9glement\u00e9es, il peut d\u00e9pendre de la SSI s&rsquo;il en fait la demande. Enfin, s&rsquo;il occupe un emploi salari\u00e9 en parall\u00e8le,\u00a0il est affili\u00e9 au r\u00e9gime g\u00e9n\u00e9ral de la s\u00e9curit\u00e9 sociale en tant que salari\u00e9, sauf s&rsquo;il fait le choix d&rsquo;\u00eatre affili\u00e9 au r\u00e9gime des ind\u00e9pendants.<\/p>\n<h2 id=\"II\">Taux de cotisations sociales auto entrepreneur<\/h2>\n<p>Les cotisations et contributions sociales sont <strong>calcul\u00e9es par rapport au chiffre d&rsquo;affaires mensuel ou trimestriel qui est d\u00e9gag\u00e9 de l&rsquo;activit\u00e9<\/strong>.\u00a0Le<strong> taux <\/strong>de ces derni\u00e8res est <strong>fixe<\/strong>, ce qui permet \u00e0 l&rsquo;auto entrepreneur de conna\u00eetre \u00e0 l&rsquo;avance les sommes qu&rsquo;il doit verser \u00e0 ce titre :<\/p>\n<ul>\n<li>Pour les <strong>prestations de services artisanales ou commerciales\u00a0<\/strong>et les <strong>professions lib\u00e9rales, <\/strong>le taux de charges sociales auto entrepreneur qui<strong>\u00a0<\/strong>s&rsquo;applique sur le chiffre d&rsquo;affaires r\u00e9alis\u00e9 est de <strong>22%<\/strong>.<\/li>\n<li>Ce taux est de\u00a0<strong>12,8%<\/strong>\u00a0pour les\u00a0<strong>activit\u00e9s de vente de marchandises, objets, fournitures et denr\u00e9es \u00e0 emporter ou \u00e0 consommer sur place ainsi que\u00a0 l\u2019h\u00e9bergement.<\/strong>\n<\/li>\n<li>est de\u00a0<strong>6%<\/strong>\u00a0pour la\u00a0<strong>location de meubl\u00e9s de tourisme class\u00e9s<\/strong>.<\/li>\n<li>Aucune cotisation sociale auto entrepreneur ne sera vers\u00e9e si le chiffre d&rsquo;affaires du micro entrepreneur est inexistant.<\/li>\n<\/ul>\n<p>Ces cotisations vers\u00e9es mensuellement ou trimestriellement couvrent :<\/p>\n<ul>\n<li>l&rsquo;assurance maladie, maternit\u00e9, invalidit\u00e9 et d\u00e9c\u00e8s ;<\/li>\n<li>la retraite de base et compl\u00e9mentaire obligatoire ;<\/li>\n<li>la CSG-CRDS ;<\/li>\n<li>les allocations familiales.<\/li>\n<\/ul>\n<p>De surcro\u00eet au titre de la <strong>formation professionnelle<\/strong>, le taux de cotisation auto entrepreneur qu&rsquo;ils supportent sur leur chiffre d&rsquo;affaires un taux de cotisation de<strong> 0,1%<\/strong> pour les <strong>commer\u00e7ants et professions lib\u00e9rales non r\u00e9glement\u00e9es<\/strong> ; <strong>0,2%<\/strong> pour les<strong> professions lib\u00e9rales r\u00e9glement\u00e9es<\/strong> ; et <strong>0,3%<\/strong> pour les<strong> artisans<\/strong>.<\/p>\n<h2 id=\"III\">Charges sociales auto entrepreneur : modalit\u00e9s de paiement<\/h2>\n<h3>\u00a0Charges sociales auto entrepreneur :\u00a0r\u00e8gles g\u00e9n\u00e9rales<\/h3>\n<p>Dans le mois qui suit le d\u00e9but de l&rsquo;activit\u00e9, un choix s&rsquo;offre \u00e0 l&rsquo;auto entrepreneur. En effet, il a la possibilit\u00e9 de <strong>d\u00e9clarer son chiffre d&rsquo;affaires mensuellement ou trimestriellement<\/strong>. La solution qu&rsquo;il retient est valable pour une ann\u00e9e civile et est tacitement reconduite. S&rsquo;il souhaite changer d&rsquo;alternative, il doit alors le faire avant le 31 d\u00e9cembre de l&rsquo;ann\u00e9e en cours.<\/p>\n<p>Quel que soit le chiffre d&rsquo;affaires r\u00e9alis\u00e9, la d\u00e9claration s&rsquo;effectue obligatoirement <a href=\"https:\/\/www.autoentrepreneur.urssaf.fr\/portail\/accueil\/une-question\/toutes-les-fiches-pratiques\/declarer-et-payer-mes-cotisation.html\">en ligne<\/a>.<\/p>\n<p>Si l&rsquo;auto entrepreneur opte pour une <strong>d\u00e9claration mensuelle<\/strong>, il devra d\u00e9clarer son chiffre d&rsquo;affaires<strong> \u00e0 chaque fin de mois<\/strong>. Tandis que pour la seconde option <strong>trimestrielle<\/strong>, il lui incombera de <strong>d\u00e9clarer son chiffre d&rsquo;affaires au plus tard :<\/strong><\/p>\n<ul>\n<li><strong>au 30 avril pour le 1er trimestre ;<\/strong><\/li>\n<li><strong>le 31 juillet pour le 2e trimestre ;<\/strong><\/li>\n<li><strong>au 31 octobre pour le 3e trimestre ;<\/strong><\/li>\n<li><strong>le 31 janvier\u00a0 pour le 4e trimestre.<\/strong><\/li>\n<\/ul>\n<p><strong>M\u00eame s&rsquo;il ne d\u00e9gage aucun chiffre d&rsquo;affaires de son activit\u00e9, l&rsquo;auto entrepreneur doit proc\u00e9der \u00e0 une d\u00e9claration.<\/strong> L&rsquo;auto entrepreneur, pour une meilleure protection sociale, aura la possibilit\u00e9 de\u00a0demander \u00e0 la s\u00e9curit\u00e9 sociale des ind\u00e9pendants de r\u00e9gler des cotisations minimales. Cette demande doit intervenir dans les trois mois qui suivent le d\u00e9but de l&rsquo;activit\u00e9 ou au plus tard le 31 d\u00e9cembre de l&rsquo;ann\u00e9e en cours. Elle entra\u00eene toutefois un changement pour l&rsquo;auto entrepreneur puisqu&rsquo;il sera assujetti au r\u00e9gime des travailleurs ind\u00e9pendants classiques. Ses cotisations apr\u00e8s une telle demande seront provisionnelles et r\u00e9gul\u00e9es annuellement.<\/p>\n<h3>Charges sociales auto entrepreneur : premi\u00e8re d\u00e9claration en d\u00e9but d&rsquo;activit\u00e9<\/h3>\n<p>Lorsqu&rsquo;un <a href=\"https:\/\/www.legalvision.fr\/creation-dentreprise\/statut-auto-entrepreneur\/\">auto entrepreneur<\/a> vient de cr\u00e9er ou reprendre une activit\u00e9, la <a href=\"https:\/\/www.autoentrepreneur.urssaf.fr\/portail\/accueil\/une-question\/toutes-les-fiches-pratiques\/declarer-et-payer-mes-cotisation.html\">d\u00e9claration<\/a>\u00a0de chiffre d&rsquo;affaires ne se fait pas imm\u00e9diatement. En effet, celle ci est r\u00e9alis\u00e9e au moins <strong>90 jours apr\u00e8s la date de d\u00e9but de l&rsquo;activit\u00e9<\/strong>.<\/p>\n<p>Il ne faut pas confondre la premi\u00e8re d\u00e9claration de chiffre d&rsquo;affaires avec la \u00ab\u00a0d\u00e9claration de d\u00e9but d&rsquo;activit\u00e9\u00a0\u00bb qui permet d&rsquo;immatriculer l&rsquo;entreprise, et doit \u00eatre envoy\u00e9e au Centre de Formalit\u00e9s des Entreprises.<\/p>\n<p>D&rsquo;abord, en ce qui concerne les <strong>premi\u00e8res d\u00e9clarations mensuelles de chiffre d&rsquo;affaires :<\/strong><\/p>\n<ul>\n<li>Si l&rsquo;auto entrepreneur commence son activit\u00e9 durant le mois de<strong>\u00a0juin<\/strong> alors\u00a0la d\u00e9claration devra se faire avant le <strong>31 octobre<\/strong>.<\/li>\n<li>Si elle d\u00e9bute en<strong> juillet,<\/strong> la d\u00e9claration s&rsquo;op\u00e9rera au plus tard le<strong> 30 novembre<\/strong>.<\/li>\n<li>En cas de cr\u00e9ation ou de reprise d&rsquo;activit\u00e9 en<strong> ao\u00fbt,<\/strong> la d\u00e9claration devra intervenir au plus tard le<strong> 31 d\u00e9cembre<\/strong>.<\/li>\n<li>Ensuite, celle ci se fera le <strong>31 janvier\u00a0\u00a0n+1 <\/strong>pour les activit\u00e9s qui commencent pendant le<strong> mois de septembre.<\/strong>\n<\/li>\n<li>Le <strong>28 f\u00e9vrier <\/strong>de l&rsquo;ann\u00e9e suivante pour celles qui d\u00e9marre en<strong> octobre 2019<\/strong>.<\/li>\n<li>Enfin, celles qui naissent en<strong> d\u00e9cembre de l&rsquo;ann\u00e9e 2019 <\/strong>devront \u00eatre d\u00e9clar\u00e9es avant le<strong> 30 avril n+1<\/strong>.<\/li>\n<\/ul>\n<p>Ensuite, pour les <strong>d\u00e9clarations trimestrielles<\/strong> les r\u00e8gles sont les suivantes :<\/p>\n<ul>\n<li>En cas de cr\u00e9ation <strong>entre le 1er janvier et le 31 mars<\/strong>, la d\u00e9claration\u00a0doit \u00eatre faite au <strong>31 juillet<\/strong>.<\/li>\n<li>Pour les activit\u00e9s d\u00e9butant<strong> entre le 1er avril et le 30 juin 2019<\/strong>, la <strong>d\u00e9claration<\/strong> devra \u00eatre faite au <strong>31 octobre.<\/strong>\n<\/li>\n<li>La d\u00e9claration du chiffre d&rsquo;affaires des<strong> activit\u00e9s initi\u00e9es entre le 1er juillet et le 30 septembre<\/strong> doit s&rsquo;op\u00e9rer le <strong>31 janvier n+1.<\/strong>\n<\/li>\n<li>Ensuite, celle ci s&rsquo;effectuera le <strong>30 avril n+1 pour les activit\u00e9s cr\u00e9\u00e9es pendant le dernier trimestre.<\/strong>\n<\/li>\n<\/ul>\n<h3>Charges sociales auto entrepreneur : d\u00e9faut de d\u00e9claration<\/h3>\n<p>Lorsque l&rsquo;auto entrepreneur oublie de d\u00e9clarer son chiffre d&rsquo;affaires, il sera alors p\u00e9nalis\u00e9 et devra verser la somme de <strong>cinquante euros<\/strong> pour chacune des d\u00e9clarations faisant d\u00e9faut.<\/p>\n<p>Par ailleurs, le retard de d\u00e9claration est sanctionn\u00e9 diff\u00e9remment. C&rsquo;est en effet le seuil\u00a0d&rsquo;assujettissement \u00e0 la TVA qui sert de base de calcul de la p\u00e9nalit\u00e9.<\/p>\n<h2 id=\"IV\">Exon\u00e9ration charges sociales auto entrepreneur : l&rsquo;Acre<\/h2>\n<p>En cas de cr\u00e9ation ou de reprise d&rsquo;entreprise, l&rsquo;auto entrepreneur, pendant douze mois peut sous certaines conditions b\u00e9n\u00e9ficier d&rsquo;une\u00a0<a href=\"https:\/\/www.legifrance.gouv.fr\/affichCode.do;jsessionid=B90AFEF722779B8EA7682B60C38CC9D8.tplgfr21s_3?idSectionTA=LEGISCTA000036466438&amp;cidTexte=LEGITEXT000006073189&amp;dateTexte=20190520\">exon\u00e9ration de ses charges sociales<\/a>.<\/p>\n<h3>Charges sociales auto entrepreneur : les b\u00e9n\u00e9ficiaires de l&rsquo;ACRE<\/h3>\n<p>L&rsquo;Aide aux Cr\u00e9ateurs et Repreneurs d\u2019Entreprise (ACRE)\u00a0\u00e9tait seulement destin\u00e9e,\u00a0avant le 1er janvier 2019, \u00e0 certaines personnes :<\/p>\n<ul>\n<li>les demandeurs d&#8217;emplois, les jeunes entre 18 et 25 ans, les b\u00e9n\u00e9ficiaires du RSA qui souhaitent reprendre ou cr\u00e9er une entreprise ;<\/li>\n<li>les salari\u00e9s qui reprennent une entreprise en difficult\u00e9 ;<\/li>\n<li>ou encore les personnes cr\u00e9ant ou reprenant une entreprise dans un quartier prioritaire de la politique de la ville.<\/li>\n<\/ul>\n<p>Depuis le 1er janvier 2019,<strong>\u00a0<a href=\"https:\/\/blog.legalvision.fr\/2018\/02\/01\/extension-du-dispositif-accre\/\">toute personne qui souhaite cr\u00e9er ou reprendre une activit\u00e9 peut y pr\u00e9tendre<\/a>.<\/strong><\/p>\n<p>De surcro\u00eet, dans le cas d&rsquo;un auto entrepreneur, la condition de d\u00e9tention de la soci\u00e9t\u00e9 ou entreprise individuelle sera n\u00e9cessairement remplie. Enfin, il ne faut pas avoir d\u00e9j\u00e0 b\u00e9n\u00e9fici\u00e9 de l&rsquo;Acre au cours des <strong>3 derni\u00e8res ann\u00e9es<\/strong>.<\/p>\n<h3>Cotisation auto entrepreneur et Acre<\/h3>\n<div>\n<p>Les entreprises b\u00e9n\u00e9ficiant du r\u00e9gime de la micro entreprise peuvent b\u00e9n\u00e9ficier de l&rsquo;<strong>exon\u00e9ration de charges sociales pendant une dur\u00e9e de 3 ans<\/strong>. Cependant, l&rsquo;exon\u00e9ration se r\u00e9duit au cours des 3 ann\u00e9es :<\/p>\n<ul>\n<li>100% la premi\u00e8re ann\u00e9e d&rsquo;activit\u00e9 ;<\/li>\n<li>2\/3 de l&rsquo;exon\u00e9ration initiale la deuxi\u00e8me ann\u00e9e d&rsquo;activit\u00e9 ;<\/li>\n<li>1\/3\u00a0de l&rsquo;exon\u00e9ration initiale la\u00a0troisi\u00e8me\u00a0ann\u00e9e d&rsquo;activit\u00e9.<\/li>\n<\/ul>\n<\/div>\n<p>Elle sera<strong> totale<\/strong> d\u00e8s lors que les revenus de l&rsquo;auto entrepreneur ne d\u00e9passeront pas les <strong>75%<\/strong> du <a href=\"https:\/\/www.service-public.fr\/professionnels-entreprises\/actualites\/A13109\">Plafond Annuel de la S\u00e9curit\u00e9 Sociale (PASS)<\/a>, soit 30 393\u20ac en 2019. Tandis qu&rsquo;elle sera<strong> partielle<\/strong> si ses revenus professionnels sont sup\u00e9rieurs \u00e0 30 393\u20ac et est inf\u00e9rieurs \u00e0 40 524\u20ac. Si leur montant d\u00e9passe une fois le PASS, soit 40 524\u20ac en 2019, <strong>aucune exon\u00e9ration\u00a0<\/strong>n&rsquo;est pr\u00e9vue.<\/p>\n<p>Ces exon\u00e9rations\u00a0concernent les<strong> cotisations d&rsquo;assurance maladie, maternit\u00e9, invalidit\u00e9, d\u00e9c\u00e8s, prestations familiales <\/strong>et<strong> assurance vieillesse.<\/strong> Sont ainsi exclues la CSG-CRDS, la contribution \u00e0 la formation professionnelle, la CURPS (contribution aux unions r\u00e9gionales des professionnels de sant\u00e9) et la retraite compl\u00e9mentaire obligatoire.<\/p>\n<h2 id=\"V\">Les autres avantages offerts par le r\u00e9gime de l&rsquo;auto entreprise<\/h2>\n<h3>Versement lib\u00e9ratoire de l&rsquo;imp\u00f4t sur le revenu<\/h3>\n<p>A condition que son\u00a0<strong>revenu fiscal<\/strong> soit <strong>inf\u00e9rieur<\/strong>\u00a0<strong>\u00e0 27 086 euros par part de quotient familial,<\/strong>\u00a0l&rsquo;auto entrepreneur peut opter pour le <strong>versement lib\u00e9ratoire de l&rsquo;imp\u00f4t sur le revenu<\/strong>. Il doit le demander dans les 3 mois suivant le d\u00e9but de l&rsquo;activit\u00e9 ou avant le 30 septembre\u00a0pour en b\u00e9n\u00e9ficier l&rsquo;ann\u00e9e d&rsquo;apr\u00e8s. Cette demande se fait aupr\u00e8s de la <a href=\"https:\/\/www.secu-independants.fr\/\">caisse SSI<\/a> ou de l&rsquo;<a href=\"https:\/\/www.urssaf.fr\/portail\/home.html\">URSSAF<\/a>\u00a0pour les professions lib\u00e9rales.<\/p>\n<p>S&rsquo;il fait ce choix, l&rsquo;imp\u00f4t sur le revenu sera pay\u00e9 en m\u00eame temps que les charges sociales auto entrepreneur. C&rsquo;est-\u00e0-dire que le versement se fera soit mensuellement soit trimestriellement.<\/p>\n<p>Son montant s&rsquo;\u00e9l\u00e8ve \u00e0 :<\/p>\n<ul>\n<li>\n<strong>1% du chiffre d&rsquo;affaires <\/strong>pour les<strong> activit\u00e9s de vente et d&rsquo;h\u00e9bergement ;<\/strong>\n<\/li>\n<li>\n<strong>1.7%<\/strong> pour les <strong>prestations de services ;<\/strong>\n<\/li>\n<li>\n<strong>2.2%<\/strong> pour les <strong>professions lib\u00e9rales<\/strong>.<\/li>\n<\/ul>\n<h3>Taxe sur la Valeur Ajout\u00e9e (TVA)<\/h3>\n<p>Si le chiffre d&rsquo;affaires de l&rsquo;ann\u00e9e n-1 ne d\u00e9passe pas :<\/p>\n<ul>\n<li>le seuil de<strong> 82 800 euros<\/strong> pour les <strong>activit\u00e9s commerciales et d&rsquo;h\u00e9bergement,<\/strong>\n<\/li>\n<li>et le plafond de <strong>33 200 euros<\/strong> pour<strong> les prestations de service<\/strong> et les <strong>professions lib\u00e9rales,<\/strong>\n<\/li>\n<\/ul>\n<p>alors les auto entrepreneurs sous le r\u00e9gime de la micro-entreprise sont en\u00a0franchise de TVA.<\/p>\n<p>Autrement dit, ils n&rsquo;appliquent pas de TVA\u00a0\u00e0 leurs clients mais en contrepartie ils n&rsquo;ont pas la possibilit\u00e9 de la r\u00e9cup\u00e9rer sur les achats qu&rsquo;ils ont effectu\u00e9 pour l&rsquo;exercice de leur activit\u00e9. La mention\u00a0\u00ab\u00a0<a href=\"https:\/\/www.legifrance.gouv.fr\/affichCodeArticle.do?cidTexte=LEGITEXT000006069577&amp;idArticle=LEGIARTI000021645089\">TVA non applicable \u2013 article 293 B du CGI<\/a>\u00a0\u00a0\u00bb doit \u00eatre appos\u00e9e sur toutes les factures. Cela simplifie alors la comptabilit\u00e9.<\/p>\n<p>En cas de d\u00e9passement des plafonds susmentionn\u00e9s, ils devront facturer la TVA aux consommateurs et pourront r\u00e9cup\u00e9rer la TVA sur les sommes qu&rsquo;ils ont\u00a0vers\u00e9es \u00e0 leurs fournisseurs.<\/p>\n<div>ressort de cet article que le <a href=\"https:\/\/www.legalvision.fr\/creation-dentreprise\/statut-auto-entrepreneur\/\">statut d&rsquo;auto entrepreneur<\/a> peut s&rsquo;av\u00e9rer attractif en d\u00e9but d&rsquo;activit\u00e9. Mais si celle ci est en pleine extension, il est important pour lui de songer \u00e0 <a href=\"https:\/\/www.legalvision.fr\/creation-dentreprise\/passer-auto-entrepreneur-societe\/\">passer\u00a0en soci\u00e9t\u00e9<\/a>.<\/div>\n<div><\/div>\n<p><\/p>\n<div class=\"wp-block-button\" style=\"text-align:center;\"><a class=\"wp-block-button__link has-background\" href=\"https:\/\/www.legalvision.fr\/creation-dentreprise\/statut-auto-entrepreneur\/\">Commencer les d\u00e9marches pour mon auto-entreprise<\/a><\/div>\n","protected":false},"excerpt":{"rendered":"<p>Les charges sociales auto entrepreneur sont en g\u00e9n\u00e9ral moins \u00e9lev\u00e9es\u00a0car ils b\u00e9n\u00e9ficient du r\u00e9gime de la\u00a0micro entreprise. Pour rappel, la\u00a0micro entreprise est un r\u00e9gime applicable \u00e0 certaines entreprises et non une forme juridique comme peuvent l&rsquo;\u00eatre l&rsquo;EURL, la SAS ou bien encore la SARL. Il est avantageux sur les plans fiscal et social et permet&hellip; <a class=\"more-link\" href=\"https:\/\/www.legalvision.fr\/guides-juridiques\/auto-entrepreneur\/optimisation-des-charges-sociales-auto-entrepreneur\/\">Poursuivre la lecture <span class=\"screen-reader-text\">Comment un auto entrepreneur peut-il optimiser ses charges sociales ?<\/span><\/a><\/p>\n","protected":false},"author":30,"featured_media":24290,"comment_status":"open","ping_status":"open","sticky":false,"template":"","format":"standard","meta":{"content-type":"","inline_featured_image":false,"footnotes":""},"categories":[2477],"tags":[],"class_list":["post-15604","post","type-post","status-publish","format-standard","has-post-thumbnail","hentry","category-auto-entrepreneur","entry"],"yoast_head":"<!-- This site is optimized with the Yoast SEO plugin v27.1.1 - https:\/\/yoast.com\/product\/yoast-seo-wordpress\/ -->\n<title>Charges sociales auto entrepreneur : comment les optimiser ?<\/title>\n<meta name=\"description\" content=\"Charges sociales auto entrepreneur : l&#039;auto entrepreneur qui d\u00e9pend du r\u00e9gime de micro entreprise b\u00e9n\u00e9ficie de charges sociales all\u00e9g\u00e9es.\" \/>\n<meta name=\"robots\" content=\"index, follow, max-snippet:-1, max-image-preview:large, max-video-preview:-1\" \/>\n<link rel=\"canonical\" href=\"https:\/\/www.legalvision.fr\/guides-juridiques\/auto-entrepreneur\/optimisation-des-charges-sociales-auto-entrepreneur\/\" \/>\n<meta property=\"og:locale\" content=\"fr_FR\" \/>\n<meta property=\"og:type\" content=\"article\" \/>\n<meta property=\"og:title\" content=\"Charges sociales auto entrepreneur : comment les optimiser ?\" \/>\n<meta property=\"og:description\" content=\"Charges sociales auto entrepreneur : l&#039;auto entrepreneur qui d\u00e9pend du r\u00e9gime de micro entreprise b\u00e9n\u00e9ficie de charges sociales all\u00e9g\u00e9es.\" \/>\n<meta property=\"og:url\" content=\"https:\/\/www.legalvision.fr\/guides-juridiques\/auto-entrepreneur\/optimisation-des-charges-sociales-auto-entrepreneur\/\" \/>\n<meta property=\"og:site_name\" content=\"Guides juridiques\" \/>\n<meta property=\"article:published_time\" content=\"2019-05-31T06:30:07+00:00\" \/>\n<meta property=\"article:modified_time\" content=\"2022-03-27T19:20:55+00:00\" \/>\n<meta property=\"og:image\" content=\"https:\/\/www.legalvision.fr\/guides-juridiques\/wp-content\/uploads\/2019\/05\/charges-sociales-auto-entrepreneur.jpg\" \/>\n\t<meta property=\"og:image:width\" content=\"958\" \/>\n\t<meta property=\"og:image:height\" content=\"350\" \/>\n\t<meta property=\"og:image:type\" content=\"image\/jpeg\" \/>\n<meta name=\"author\" content=\"William Lebrun\" \/>\n<meta name=\"twitter:card\" content=\"summary_large_image\" \/>\n<meta name=\"twitter:label1\" content=\"\u00c9crit par\" \/>\n\t<meta name=\"twitter:data1\" content=\"William Lebrun\" \/>\n\t<meta name=\"twitter:label2\" content=\"Dur\u00e9e de lecture estim\u00e9e\" \/>\n\t<meta name=\"twitter:data2\" content=\"11 minutes\" \/>\n<script type=\"application\/ld+json\" class=\"yoast-schema-graph\">{\"@context\":\"https:\/\/schema.org\",\"@graph\":[{\"@type\":\"Article\",\"@id\":\"https:\/\/www.legalvision.fr\/guides-juridiques\/auto-entrepreneur\/optimisation-des-charges-sociales-auto-entrepreneur\/#article\",\"isPartOf\":{\"@id\":\"https:\/\/www.legalvision.fr\/guides-juridiques\/auto-entrepreneur\/optimisation-des-charges-sociales-auto-entrepreneur\/\"},\"author\":{\"name\":\"William Lebrun\",\"@id\":\"https:\/\/www.legalvision.fr\/guides-juridiques\/#\/schema\/person\/3d24d0c20575138ed212b2e4b6f7b4b0\"},\"headline\":\"Comment un auto entrepreneur peut-il optimiser ses charges sociales ?\",\"datePublished\":\"2019-05-31T06:30:07+00:00\",\"dateModified\":\"2022-03-27T19:20:55+00:00\",\"mainEntityOfPage\":{\"@id\":\"https:\/\/www.legalvision.fr\/guides-juridiques\/auto-entrepreneur\/optimisation-des-charges-sociales-auto-entrepreneur\/\"},\"wordCount\":2274,\"commentCount\":0,\"publisher\":{\"@id\":\"https:\/\/www.legalvision.fr\/guides-juridiques\/#organization\"},\"image\":{\"@id\":\"https:\/\/www.legalvision.fr\/guides-juridiques\/auto-entrepreneur\/optimisation-des-charges-sociales-auto-entrepreneur\/#primaryimage\"},\"thumbnailUrl\":\"https:\/\/www.legalvision.fr\/guides-juridiques\/wp-content\/uploads\/2019\/05\/charges-sociales-auto-entrepreneur.jpg\",\"articleSection\":[\"Auto-entrepreneur\"],\"inLanguage\":\"fr-FR\",\"potentialAction\":[{\"@type\":\"CommentAction\",\"name\":\"Comment\",\"target\":[\"https:\/\/www.legalvision.fr\/guides-juridiques\/auto-entrepreneur\/optimisation-des-charges-sociales-auto-entrepreneur\/#respond\"]}]},{\"@type\":\"WebPage\",\"@id\":\"https:\/\/www.legalvision.fr\/guides-juridiques\/auto-entrepreneur\/optimisation-des-charges-sociales-auto-entrepreneur\/\",\"url\":\"https:\/\/www.legalvision.fr\/guides-juridiques\/auto-entrepreneur\/optimisation-des-charges-sociales-auto-entrepreneur\/\",\"name\":\"Charges sociales auto entrepreneur : comment les optimiser ?\",\"isPartOf\":{\"@id\":\"https:\/\/www.legalvision.fr\/guides-juridiques\/#website\"},\"primaryImageOfPage\":{\"@id\":\"https:\/\/www.legalvision.fr\/guides-juridiques\/auto-entrepreneur\/optimisation-des-charges-sociales-auto-entrepreneur\/#primaryimage\"},\"image\":{\"@id\":\"https:\/\/www.legalvision.fr\/guides-juridiques\/auto-entrepreneur\/optimisation-des-charges-sociales-auto-entrepreneur\/#primaryimage\"},\"thumbnailUrl\":\"https:\/\/www.legalvision.fr\/guides-juridiques\/wp-content\/uploads\/2019\/05\/charges-sociales-auto-entrepreneur.jpg\",\"datePublished\":\"2019-05-31T06:30:07+00:00\",\"dateModified\":\"2022-03-27T19:20:55+00:00\",\"description\":\"Charges sociales auto entrepreneur : l'auto entrepreneur qui d\u00e9pend du r\u00e9gime de micro entreprise b\u00e9n\u00e9ficie de charges sociales all\u00e9g\u00e9es.\",\"breadcrumb\":{\"@id\":\"https:\/\/www.legalvision.fr\/guides-juridiques\/auto-entrepreneur\/optimisation-des-charges-sociales-auto-entrepreneur\/#breadcrumb\"},\"inLanguage\":\"fr-FR\",\"potentialAction\":[{\"@type\":\"ReadAction\",\"target\":[\"https:\/\/www.legalvision.fr\/guides-juridiques\/auto-entrepreneur\/optimisation-des-charges-sociales-auto-entrepreneur\/\"]}]},{\"@type\":\"ImageObject\",\"inLanguage\":\"fr-FR\",\"@id\":\"https:\/\/www.legalvision.fr\/guides-juridiques\/auto-entrepreneur\/optimisation-des-charges-sociales-auto-entrepreneur\/#primaryimage\",\"url\":\"https:\/\/www.legalvision.fr\/guides-juridiques\/wp-content\/uploads\/2019\/05\/charges-sociales-auto-entrepreneur.jpg\",\"contentUrl\":\"https:\/\/www.legalvision.fr\/guides-juridiques\/wp-content\/uploads\/2019\/05\/charges-sociales-auto-entrepreneur.jpg\",\"width\":958,\"height\":350,\"caption\":\"charges sociales auto entrepreneur\"},{\"@type\":\"BreadcrumbList\",\"@id\":\"https:\/\/www.legalvision.fr\/guides-juridiques\/auto-entrepreneur\/optimisation-des-charges-sociales-auto-entrepreneur\/#breadcrumb\",\"itemListElement\":[{\"@type\":\"ListItem\",\"position\":1,\"name\":\"Accueil\",\"item\":\"https:\/\/www.legalvision.fr\/guides-juridiques\/\"},{\"@type\":\"ListItem\",\"position\":2,\"name\":\"Auto-entrepreneur\",\"item\":\"https:\/\/www.legalvision.fr\/guides-juridiques\/auto-entrepreneur\/\"},{\"@type\":\"ListItem\",\"position\":3,\"name\":\"Comment un auto entrepreneur peut-il optimiser ses charges sociales ?\"}]},{\"@type\":\"WebSite\",\"@id\":\"https:\/\/www.legalvision.fr\/guides-juridiques\/#website\",\"url\":\"https:\/\/www.legalvision.fr\/guides-juridiques\/\",\"name\":\"Guides juridiques\",\"description\":\"L&#039;information juridique \u00e0 destination des entreprises et TPE\",\"publisher\":{\"@id\":\"https:\/\/www.legalvision.fr\/guides-juridiques\/#organization\"},\"potentialAction\":[{\"@type\":\"SearchAction\",\"target\":{\"@type\":\"EntryPoint\",\"urlTemplate\":\"https:\/\/www.legalvision.fr\/guides-juridiques\/?s={search_term_string}\"},\"query-input\":{\"@type\":\"PropertyValueSpecification\",\"valueRequired\":true,\"valueName\":\"search_term_string\"}}],\"inLanguage\":\"fr-FR\"},{\"@type\":\"Organization\",\"@id\":\"https:\/\/www.legalvision.fr\/guides-juridiques\/#organization\",\"name\":\"Guides juridiques\",\"url\":\"https:\/\/www.legalvision.fr\/guides-juridiques\/\",\"logo\":{\"@type\":\"ImageObject\",\"inLanguage\":\"fr-FR\",\"@id\":\"https:\/\/www.legalvision.fr\/guides-juridiques\/#\/schema\/logo\/image\/\",\"url\":\"https:\/\/www.legalvision.fr\/guides-juridiques\/wp-content\/uploads\/2022\/10\/LV-Logotype.png\",\"contentUrl\":\"https:\/\/www.legalvision.fr\/guides-juridiques\/wp-content\/uploads\/2022\/10\/LV-Logotype.png\",\"width\":647,\"height\":125,\"caption\":\"Guides juridiques\"},\"image\":{\"@id\":\"https:\/\/www.legalvision.fr\/guides-juridiques\/#\/schema\/logo\/image\/\"}},{\"@type\":\"Person\",\"@id\":\"https:\/\/www.legalvision.fr\/guides-juridiques\/#\/schema\/person\/3d24d0c20575138ed212b2e4b6f7b4b0\",\"name\":\"William Lebrun\",\"image\":{\"@type\":\"ImageObject\",\"inLanguage\":\"fr-FR\",\"@id\":\"https:\/\/www.legalvision.fr\/guides-juridiques\/#\/schema\/person\/image\/\",\"url\":\"https:\/\/www.legalvision.fr\/guides-juridiques\/wp-content\/uploads\/2023\/07\/cropped-homme1-96x96.png\",\"contentUrl\":\"https:\/\/www.legalvision.fr\/guides-juridiques\/wp-content\/uploads\/2023\/07\/cropped-homme1-96x96.png\",\"caption\":\"William Lebrun\"},\"description\":\"B\u00e9n\u00e9ficiant de la formation d'un double dipl\u00f4me en droit des affaires et en \u00e9cole de commerce, j'ai un fort attrait pour le droit des soci\u00e9t\u00e9s. Je r\u00e9dige des articles pour vous aider sur vos probl\u00e9matiques.\",\"url\":\"https:\/\/www.legalvision.fr\/guides-juridiques\/author\/aina-rakoto\/\"}]}<\/script>\n<!-- \/ Yoast SEO plugin. -->","yoast_head_json":{"title":"Charges sociales auto entrepreneur : comment les optimiser ?","description":"Charges sociales auto entrepreneur : l'auto entrepreneur qui d\u00e9pend du r\u00e9gime de micro entreprise b\u00e9n\u00e9ficie de charges sociales all\u00e9g\u00e9es.","robots":{"index":"index","follow":"follow","max-snippet":"max-snippet:-1","max-image-preview":"max-image-preview:large","max-video-preview":"max-video-preview:-1"},"canonical":"https:\/\/www.legalvision.fr\/guides-juridiques\/auto-entrepreneur\/optimisation-des-charges-sociales-auto-entrepreneur\/","og_locale":"fr_FR","og_type":"article","og_title":"Charges sociales auto entrepreneur : comment les optimiser ?","og_description":"Charges sociales auto entrepreneur : l'auto entrepreneur qui d\u00e9pend du r\u00e9gime de micro entreprise b\u00e9n\u00e9ficie de charges sociales all\u00e9g\u00e9es.","og_url":"https:\/\/www.legalvision.fr\/guides-juridiques\/auto-entrepreneur\/optimisation-des-charges-sociales-auto-entrepreneur\/","og_site_name":"Guides juridiques","article_published_time":"2019-05-31T06:30:07+00:00","article_modified_time":"2022-03-27T19:20:55+00:00","og_image":[{"width":958,"height":350,"url":"https:\/\/www.legalvision.fr\/guides-juridiques\/wp-content\/uploads\/2019\/05\/charges-sociales-auto-entrepreneur.jpg","type":"image\/jpeg"}],"author":"William Lebrun","twitter_card":"summary_large_image","twitter_misc":{"\u00c9crit par":"William Lebrun","Dur\u00e9e de lecture estim\u00e9e":"11 minutes"},"schema":{"@context":"https:\/\/schema.org","@graph":[{"@type":"Article","@id":"https:\/\/www.legalvision.fr\/guides-juridiques\/auto-entrepreneur\/optimisation-des-charges-sociales-auto-entrepreneur\/#article","isPartOf":{"@id":"https:\/\/www.legalvision.fr\/guides-juridiques\/auto-entrepreneur\/optimisation-des-charges-sociales-auto-entrepreneur\/"},"author":{"name":"William Lebrun","@id":"https:\/\/www.legalvision.fr\/guides-juridiques\/#\/schema\/person\/3d24d0c20575138ed212b2e4b6f7b4b0"},"headline":"Comment un auto entrepreneur peut-il optimiser ses charges sociales ?","datePublished":"2019-05-31T06:30:07+00:00","dateModified":"2022-03-27T19:20:55+00:00","mainEntityOfPage":{"@id":"https:\/\/www.legalvision.fr\/guides-juridiques\/auto-entrepreneur\/optimisation-des-charges-sociales-auto-entrepreneur\/"},"wordCount":2274,"commentCount":0,"publisher":{"@id":"https:\/\/www.legalvision.fr\/guides-juridiques\/#organization"},"image":{"@id":"https:\/\/www.legalvision.fr\/guides-juridiques\/auto-entrepreneur\/optimisation-des-charges-sociales-auto-entrepreneur\/#primaryimage"},"thumbnailUrl":"https:\/\/www.legalvision.fr\/guides-juridiques\/wp-content\/uploads\/2019\/05\/charges-sociales-auto-entrepreneur.jpg","articleSection":["Auto-entrepreneur"],"inLanguage":"fr-FR","potentialAction":[{"@type":"CommentAction","name":"Comment","target":["https:\/\/www.legalvision.fr\/guides-juridiques\/auto-entrepreneur\/optimisation-des-charges-sociales-auto-entrepreneur\/#respond"]}]},{"@type":"WebPage","@id":"https:\/\/www.legalvision.fr\/guides-juridiques\/auto-entrepreneur\/optimisation-des-charges-sociales-auto-entrepreneur\/","url":"https:\/\/www.legalvision.fr\/guides-juridiques\/auto-entrepreneur\/optimisation-des-charges-sociales-auto-entrepreneur\/","name":"Charges sociales auto entrepreneur : comment les optimiser ?","isPartOf":{"@id":"https:\/\/www.legalvision.fr\/guides-juridiques\/#website"},"primaryImageOfPage":{"@id":"https:\/\/www.legalvision.fr\/guides-juridiques\/auto-entrepreneur\/optimisation-des-charges-sociales-auto-entrepreneur\/#primaryimage"},"image":{"@id":"https:\/\/www.legalvision.fr\/guides-juridiques\/auto-entrepreneur\/optimisation-des-charges-sociales-auto-entrepreneur\/#primaryimage"},"thumbnailUrl":"https:\/\/www.legalvision.fr\/guides-juridiques\/wp-content\/uploads\/2019\/05\/charges-sociales-auto-entrepreneur.jpg","datePublished":"2019-05-31T06:30:07+00:00","dateModified":"2022-03-27T19:20:55+00:00","description":"Charges sociales auto entrepreneur : l'auto entrepreneur qui d\u00e9pend du r\u00e9gime de micro entreprise b\u00e9n\u00e9ficie de charges sociales all\u00e9g\u00e9es.","breadcrumb":{"@id":"https:\/\/www.legalvision.fr\/guides-juridiques\/auto-entrepreneur\/optimisation-des-charges-sociales-auto-entrepreneur\/#breadcrumb"},"inLanguage":"fr-FR","potentialAction":[{"@type":"ReadAction","target":["https:\/\/www.legalvision.fr\/guides-juridiques\/auto-entrepreneur\/optimisation-des-charges-sociales-auto-entrepreneur\/"]}]},{"@type":"ImageObject","inLanguage":"fr-FR","@id":"https:\/\/www.legalvision.fr\/guides-juridiques\/auto-entrepreneur\/optimisation-des-charges-sociales-auto-entrepreneur\/#primaryimage","url":"https:\/\/www.legalvision.fr\/guides-juridiques\/wp-content\/uploads\/2019\/05\/charges-sociales-auto-entrepreneur.jpg","contentUrl":"https:\/\/www.legalvision.fr\/guides-juridiques\/wp-content\/uploads\/2019\/05\/charges-sociales-auto-entrepreneur.jpg","width":958,"height":350,"caption":"charges sociales auto entrepreneur"},{"@type":"BreadcrumbList","@id":"https:\/\/www.legalvision.fr\/guides-juridiques\/auto-entrepreneur\/optimisation-des-charges-sociales-auto-entrepreneur\/#breadcrumb","itemListElement":[{"@type":"ListItem","position":1,"name":"Accueil","item":"https:\/\/www.legalvision.fr\/guides-juridiques\/"},{"@type":"ListItem","position":2,"name":"Auto-entrepreneur","item":"https:\/\/www.legalvision.fr\/guides-juridiques\/auto-entrepreneur\/"},{"@type":"ListItem","position":3,"name":"Comment un auto entrepreneur peut-il optimiser ses charges sociales ?"}]},{"@type":"WebSite","@id":"https:\/\/www.legalvision.fr\/guides-juridiques\/#website","url":"https:\/\/www.legalvision.fr\/guides-juridiques\/","name":"Guides juridiques","description":"L&#039;information juridique \u00e0 destination des entreprises et TPE","publisher":{"@id":"https:\/\/www.legalvision.fr\/guides-juridiques\/#organization"},"potentialAction":[{"@type":"SearchAction","target":{"@type":"EntryPoint","urlTemplate":"https:\/\/www.legalvision.fr\/guides-juridiques\/?s={search_term_string}"},"query-input":{"@type":"PropertyValueSpecification","valueRequired":true,"valueName":"search_term_string"}}],"inLanguage":"fr-FR"},{"@type":"Organization","@id":"https:\/\/www.legalvision.fr\/guides-juridiques\/#organization","name":"Guides juridiques","url":"https:\/\/www.legalvision.fr\/guides-juridiques\/","logo":{"@type":"ImageObject","inLanguage":"fr-FR","@id":"https:\/\/www.legalvision.fr\/guides-juridiques\/#\/schema\/logo\/image\/","url":"https:\/\/www.legalvision.fr\/guides-juridiques\/wp-content\/uploads\/2022\/10\/LV-Logotype.png","contentUrl":"https:\/\/www.legalvision.fr\/guides-juridiques\/wp-content\/uploads\/2022\/10\/LV-Logotype.png","width":647,"height":125,"caption":"Guides juridiques"},"image":{"@id":"https:\/\/www.legalvision.fr\/guides-juridiques\/#\/schema\/logo\/image\/"}},{"@type":"Person","@id":"https:\/\/www.legalvision.fr\/guides-juridiques\/#\/schema\/person\/3d24d0c20575138ed212b2e4b6f7b4b0","name":"William Lebrun","image":{"@type":"ImageObject","inLanguage":"fr-FR","@id":"https:\/\/www.legalvision.fr\/guides-juridiques\/#\/schema\/person\/image\/","url":"https:\/\/www.legalvision.fr\/guides-juridiques\/wp-content\/uploads\/2023\/07\/cropped-homme1-96x96.png","contentUrl":"https:\/\/www.legalvision.fr\/guides-juridiques\/wp-content\/uploads\/2023\/07\/cropped-homme1-96x96.png","caption":"William Lebrun"},"description":"B\u00e9n\u00e9ficiant de la formation d'un double dipl\u00f4me en droit des affaires et en \u00e9cole de commerce, j'ai un fort attrait pour le droit des soci\u00e9t\u00e9s. Je r\u00e9dige des articles pour vous aider sur vos probl\u00e9matiques.","url":"https:\/\/www.legalvision.fr\/guides-juridiques\/author\/aina-rakoto\/"}]}},"_links":{"self":[{"href":"https:\/\/www.legalvision.fr\/guides-juridiques\/wp-json\/wp\/v2\/posts\/15604","targetHints":{"allow":["GET"]}}],"collection":[{"href":"https:\/\/www.legalvision.fr\/guides-juridiques\/wp-json\/wp\/v2\/posts"}],"about":[{"href":"https:\/\/www.legalvision.fr\/guides-juridiques\/wp-json\/wp\/v2\/types\/post"}],"author":[{"embeddable":true,"href":"https:\/\/www.legalvision.fr\/guides-juridiques\/wp-json\/wp\/v2\/users\/30"}],"replies":[{"embeddable":true,"href":"https:\/\/www.legalvision.fr\/guides-juridiques\/wp-json\/wp\/v2\/comments?post=15604"}],"version-history":[{"count":0,"href":"https:\/\/www.legalvision.fr\/guides-juridiques\/wp-json\/wp\/v2\/posts\/15604\/revisions"}],"wp:featuredmedia":[{"embeddable":true,"href":"https:\/\/www.legalvision.fr\/guides-juridiques\/wp-json\/wp\/v2\/media\/24290"}],"wp:attachment":[{"href":"https:\/\/www.legalvision.fr\/guides-juridiques\/wp-json\/wp\/v2\/media?parent=15604"}],"wp:term":[{"taxonomy":"category","embeddable":true,"href":"https:\/\/www.legalvision.fr\/guides-juridiques\/wp-json\/wp\/v2\/categories?post=15604"},{"taxonomy":"post_tag","embeddable":true,"href":"https:\/\/www.legalvision.fr\/guides-juridiques\/wp-json\/wp\/v2\/tags?post=15604"}],"curies":[{"name":"wp","href":"https:\/\/api.w.org\/{rel}","templated":true}]}}