{"id":15422,"date":"2019-05-20T07:30:54","date_gmt":"2019-05-20T06:30:54","guid":{"rendered":"https:\/\/blog.legalvision.fr\/?p=15422"},"modified":"2022-03-27T21:20:56","modified_gmt":"2022-03-27T19:20:56","slug":"tese-tout-savoir","status":"publish","type":"post","link":"https:\/\/www.legalvision.fr\/guides-juridiques\/droit-du-travail\/tese-tout-savoir\/","title":{"rendered":"Le titre emploi service entreprise (Tese) : un all\u00e8gement des d\u00e9marches des employeurs"},"content":{"rendered":"<p>Lorsqu&rsquo;un employeur embauche un nouveau salari\u00e9, il doit normalement proc\u00e9der \u00e0 la\u00a0r\u00e9daction d&rsquo;un contrat de travail, \u00e0 la d\u00e9claration pr\u00e9alable \u00e0 l&#8217;embauche aupr\u00e8s de l&rsquo;Urssaf, \u00e0 l&rsquo;inscription du salari\u00e9 sur le registre unique du personnel ou bien encore \u00e0 l&rsquo;organisation de la visite m\u00e9dicale d&rsquo;information et de pr\u00e9vention&#8230; Le <strong>Titre emploi service entreprise (Tese)<\/strong> va permettre \u00e0 certains employeurs\u00a0d&rsquo;all\u00e9ger consid\u00e9rablement toutes ces<a href=\"https:\/\/blog.legalvision.fr\/2019\/05\/01\/guide-des-formalites-d-embauche-2019\/\"> formalit\u00e9s administratives li\u00e9es \u00e0 l&#8217;embauche<\/a> .<\/p>\n<p>Mais\u00a0ce dispositif qui est <strong>facultatif<\/strong> ne s&rsquo;applique pas seulement \u00e0 l&#8217;embauche, puisqu&rsquo;il peut \u00eatre \u00e9galement utilis\u00e9 pour\u00a0les salari\u00e9s qui travaillent d\u00e9j\u00e0\u00a0au sein de l&rsquo;entreprise.<\/p>\n<p>Ainsi, le Tese permet une <strong>gestion de l&rsquo;ensemble du personnel<\/strong> quel que soit le contrat de travail qui les lie \u00e0 l&rsquo;entreprise.<\/p>\n<p>Quelles sont les conditions pour utiliser le Tese ? Quelles formalit\u00e9s permet-il de r\u00e9aliser? Comment all\u00e8ge-t-il les formalit\u00e9s li\u00e9es \u00e0 l&#8217;embauche et celles li\u00e9es \u00e0 l&#8217;emploi d&rsquo;un salari\u00e9 ? LegalVision se charge de r\u00e9pondre \u00e0 toutes ces probl\u00e9matiques \u00e0 travers cet article.\n<\/p>\n<h3>Sommaire :<\/h3>\n<p><strong><a href=\"#I\">Tese : les conditions de recours<\/a><\/strong><br \/>\n<strong> <a href=\"#II\">Les formalit\u00e9s r\u00e9alis\u00e9es \u00e0 travers le Tese<\/a><\/strong><br \/>\n<strong> <a href=\"#III\">Titre emploi simplifi\u00e9 agricole (Tesa)<\/a><\/strong><\/p>\n<div class=\"wp-block-button\" style=\"text-align:center;\"><a class=\"wp-block-button__link has-background\" href=\"https:\/\/www.legalvision.fr\/tous-les-services\/\">Voir les services LegalVision<\/a><\/div>\n<h2 id=\"I\">Tese : les conditions de recours<\/h2>\n<h3>Tese : les employeurs concern\u00e9s<\/h3>\n<p>Avant la\u00a0loi de financement de la S\u00e9curit\u00e9 sociale pour 2019, seules les entreprises dont l&rsquo;effectif \u00e9tait<strong> inf\u00e9rieur \u00e0\u00a020 salari\u00e9s<\/strong> et qui n&rsquo;exer\u00e7aient pas une activit\u00e9 agricole pouvaient b\u00e9n\u00e9ficier\u00a0des<strong>\u00a0<\/strong>ch\u00e8ques emploi TPE<em>.<\/em><\/p>\n<p>Le T<strong>itre emploi simplifi\u00e9 agricole (Tesa)<\/strong>, quant \u00e0 lui, a \u00e9t\u00e9 sp\u00e9cialement cr\u00e9\u00e9 pour les petites structures agricoles relevant de la MSA.<\/p>\n<p>Il ne faut pas non plus oublier les associations. Celles-ci peuvent \u00e9galement pr\u00e9tendre \u00e0 un all\u00e8gement des formalit\u00e9s d&#8217;embauche \u00e0 travers un dispositif qui leur est propre : le<a href=\"https:\/\/www.cea.urssaf.fr\/ceawebinfo\/cms\/index.html\"> ch\u00e8que-emploi associatif (CAE)<\/a>.<\/p>\n<p>D\u00e9sormais, depuis le 1er janvier 2019, il n&rsquo;existe plus de condition d&rsquo;effectif. <strong>Ainsi, toutes les entreprises quelle que soit leur taille peuvent utiliser le Tese<\/strong>.<\/p>\n<p>Les entreprises qui rel\u00e8vent du r\u00e9gime g\u00e9n\u00e9ral ou agricole\u00a0bas\u00e9es en Martinique, Guadeloupe, Guyane, \u00e0 Saint-Martin ou \u00e0 la R\u00e9union peuvent b\u00e9n\u00e9ficier du ch\u00e8que TPE depuis le 1er janvier 2019.<\/p>\n<h3>Tese : les contrats de travail concern\u00e9s<\/h3>\n<p>Le Tese peut s&rsquo;appliquer \u00e0 tous les nouveaux contrats de travail qui vont \u00eatre sign\u00e9s ou encore \u00e0 ceux qui sont d\u00e9j\u00e0 sign\u00e9s au sein de l&rsquo;entreprise. La nature du contrat importe peu. Ainsi, il peut s&rsquo;agir de <a href=\"https:\/\/www.legalvision.fr\/lp\/contrat-de-travail-cdi\"><strong>CDI<\/strong><\/a>, de<a href=\"https:\/\/www.legalvision.fr\/lp\/contrat-de-travail-cdd\"><strong> CDD<\/strong><\/a> ou encore des <strong>contrats d&rsquo;apprentissage<\/strong>.<\/p>\n<p>Il existe n\u00e9anmoins des exceptions. En effet, le ch\u00e8que emploi\u00a0TPE ne peut pas profiter \u00e0 tous les salari\u00e9s.<\/p>\n<ul>\n<li>Tout d&rsquo;abord, les artistes, les intermittents du spectacles, les journalistes ou tous les <strong>salari\u00e9s dont le taux de cotisations est r\u00e9duit<\/strong> sont exclus de ce dispositif.<\/li>\n<li>en est de m\u00eame pour les <strong>stagiaires<\/strong> si le taux horaire de leur gratification d\u00e9passe 15% du plafond horaire de la s\u00e9curit\u00e9 sociale par heure de stage (soit 3.75 euros).<\/li>\n<li>Les <strong>jeunes entreprises innovantes<\/strong> ne peuvent pas pr\u00e9tendre aux avantages du Tese tout comme les personne qui effectuent un <strong>service civique<\/strong> ou encore les <strong>travailleurs \u00e0 domicile<\/strong>. Les nouvelles entreprises peuvent b\u00e9n\u00e9ficier n\u00e9anmoins d&rsquo;autres <a href=\"https:\/\/blog.legalvision.fr\/2018\/03\/14\/aides-creation-entreprise\/\">aides\u00a0\u00e0 la cr\u00e9ation d&rsquo;entreprise<\/a>.<\/li>\n<li>Les exon\u00e9rations li\u00e9es aux\u00a0<strong>bassins d&#8217;emploi \u00e0 redynamiser<\/strong> (BER) ne sont pas g\u00e9r\u00e9es par ce dispositif.<\/li>\n<li>Enfin ce dispositif ne s&rsquo;occupe pas de la gestion des ch\u00e8ques vacances dans certaines entreprises.<\/li>\n<\/ul>\n<h3>Tese : comment un employeur peut-il y adh\u00e9rer?<\/h3>\n<p>L&rsquo;adh\u00e9sion au ch\u00e8que\u00a0TPE s&rsquo;effectue tr\u00e8s rapidement. En effet l&#8217;employeur d\u00e9sireux de consentir \u00e0 ce dispositif doit se rendre\u00a0sur le site de l&rsquo;Urssaf. Il devra se munir de son <a href=\"https:\/\/blog.legalvision.fr\/2018\/09\/06\/comment-trouver-le-numero-de-siret\/\">num\u00e9ro SIRET<\/a> afin de compl\u00e9ter un formulaire d\u00e9di\u00e9 \u00e0 cet effet.<\/p>\n<p>Ce formulaire peut \u00e9galement \u00eatre propos\u00e9 par les\u00a0Urssaf et le Centre national de traitement du Tese comp\u00e9tent pour le secteur professionnel.<\/p>\n<p>En parall\u00e8le \u00e0 cette demande, l&#8217;employeur doit aussi <strong>informer les diff\u00e9rents organismes sociaux<\/strong> dont il d\u00e9pend pour\u00a0compl\u00e9ter un dossier d&rsquo;immatriculation.<\/p>\n<p>Enfin, lorsque l&#8217;employeur a adh\u00e9r\u00e9 \u00e0 ce dispositif, il doit <strong>l&rsquo;utiliser pour tous ses salari\u00e9s<\/strong>. Cette condition est probl\u00e9matique, car dans la pratique, les employeurs qui ont des salari\u00e9s exclus du dispositif (journalistes, BER, etc.) ne peuvent pas adh\u00e9rer au Tese.<\/p>\n<p>En outre, l&rsquo;adh\u00e9sion n&rsquo;est pas d\u00e9finitive, puisque l&#8217;employeur peut y mettre un terme \u00e0 tout moment.<\/p>\n<h2 id=\"II\">Les formalit\u00e9s r\u00e9alis\u00e9es \u00e0 travers le Tese<\/h2>\n<p>Le ch\u00e8que emploi TPE, en plus d&rsquo;\u00eatre tr\u00e8s simple d&rsquo;utilisation, permet d&rsquo;accomplir plusieurs formalit\u00e9s.<\/p>\n<h3>Tese : les formalit\u00e9s li\u00e9es \u00e0 l&#8217;embauche<\/h3>\n<p>Les formalit\u00e9s li\u00e9es \u00e0 l&#8217;embauche (plus pr\u00e9cis\u00e9ment la <strong>d\u00e9claration pr\u00e9alable \u00e0 l&#8217;embauche<\/strong> et le <strong>contrat de travail<\/strong>) sont accomplies en une seule fois au sein d&rsquo;un m\u00eame formulaire.<\/p>\n<p>Pour chaque nouvelle embauche, l&#8217;employeur doit\u00a0cr\u00e9er un contrat de travail sur le site\u00a0<a href=\"https:\/\/www.letese.urssaf.fr\/tesewebinfo\/cms\/index.html\">www.letese.urssaf.fr<\/a>. L&#8217;employeur devra ainsi indiquer :<\/p>\n<ul>\n<li>La<strong> date et l&rsquo;heure de prise en fonction du salari\u00e9 <\/strong>;<\/li>\n<li>Mais aussi pr\u00e9ciser la <strong>nature du contrat de travail<\/strong> (CDD, CDI) et le motif s&rsquo;il s&rsquo;agit d&rsquo;un CDD ;<\/li>\n<li>La <strong>dur\u00e9e du travail.\u00a0<\/strong>Le contrat de travail, s&rsquo;il est \u00e0 <a href=\"https:\/\/blog.legalvision.fr\/2019\/03\/01\/cdi-temps-partiel-le-guide-2019\/\"><strong>temps partiel<\/strong><\/a>, devra faire l&rsquo;objet d&rsquo;un document\u00a0annexe dans lequel l&#8217;employeur pr\u00e9cisera la r\u00e9partition de la dur\u00e9e du travail entre les jours de la semaine et les semaines du mois, les horaires de travail et les modalit\u00e9s des heures suppl\u00e9mentaires ;<\/li>\n<li>Le <strong>montant de la r\u00e9mun\u00e9ration ;<\/strong>\n<\/li>\n<li>Les <strong>particularit\u00e9s applicables au contrat<\/strong> (elles tiennent par exemple au taux d&rsquo;accidents du travail, &#8230;)<\/li>\n<li>Les <strong>exon\u00e9rations de cotisations sociales<\/strong>. Certaines <a href=\"https:\/\/blog.legalvision.fr\/2019\/03\/09\/subvention-creation-d-entreprise-en-ligne-et-en-48h\/\">zones g\u00e9ographiques ouvrent droit \u00e0 des exon\u00e9rations<\/a>. Il en est ainsi pour la zone de revitalisation rurale (ZRR), la zone de restructuration de la d\u00e9fense (ZRD) ou bien la zone franche urbaine (ZFU). Pour les obtenir, l&#8217;employeur doit envoyer \u00e0 la Direccte et \u00e0 l&rsquo;Urssaf une d\u00e9claration sp\u00e9cifique d&#8217;embauche ;<\/li>\n<li>Les <strong>organismes sociaux obligatoires.<\/strong> Ces derniers ont \u00e9t\u00e9 mentionn\u00e9s dans le formulaire d&rsquo;adh\u00e9sion. Ainsi, il suffira simplement \u00e0 l&#8217;employeur de cocher les organismes dans la liste d\u00e9roulante.<\/li>\n<\/ul>\n<p>Apr\u00e8s avoir enregistr\u00e9 ces informations, un certificat d&rsquo;enregistrement et de d\u00e9claration pr\u00e9alable \u00e0 l&#8217;embauche sera imm\u00e9diatement d\u00e9livr\u00e9 \u00e0 l&#8217;employeur. Celui ci devra l&rsquo;imprimer et le transmettre au Centre national du Tese dans les 8 jours pr\u00e9c\u00e9dant l&#8217;embauche. Ce volet est aussi \u00e0 remettre au salari\u00e9.<\/p>\n<p>Si l&#8217;employeur embauche successivement un m\u00eame salari\u00e9, il doit \u00e9tablir un nouveau contrat.<\/p>\n<h3 id=\"hs-cta-ie-element\">\u00a0B) Tese : volet social, bulletin de paie et paiement des cotisations<\/h3>\n<p>Le volet social communique au centre national du Tese plusieurs informations qui vont lui permettre :<\/p>\n<ul>\n<li>d&rsquo;<strong>\u00e9laborer les bulletins de salaires ;<\/strong>\n<\/li>\n<li>de mettre en place un <strong>d\u00e9compte des cotisations sociales ;<\/strong>\n<\/li>\n<li>de<strong> <a href=\"https:\/\/blog.legalvision.fr\/2018\/10\/29\/calcul-de-l-impot-sur-le-revenu\/\">calculer l&rsquo;imp\u00f4t sur le revenu<\/a><\/strong> si le salari\u00e9 est imposable.<\/li>\n<\/ul>\n<p>Ce volet doit imp\u00e9rativement \u00eatre compl\u00e9t\u00e9 sur le site de l<a href=\"http:\/\/www.letese.urssaf.fr\/\">&lsquo;Urssaf<\/a>\u00a0avant le dernier jour du mois.<\/p>\n<ul>\n<li>L&#8217;employeur devra tout d&rsquo;abord indiquer le salari\u00e9 qui est concern\u00e9 ;<\/li>\n<li>Puis mentionner les informations relatives \u00e0 ce dernier ;<\/li>\n<li>sera aussi amen\u00e9 \u00e0 d\u00e9clarer les heures r\u00e9mun\u00e9r\u00e9es, les avantages en nature, le montant des primes et indemnit\u00e9s, les cong\u00e9s pay\u00e9s ou encore les frais professionnels ;<\/li>\n<li>lui incombera de pr\u00e9ciser le montant de la base forfaitaire pour les salari\u00e9s en contrat d&rsquo;apprentissage ;<\/li>\n<li>Enfin, il devra signaler les retenues sur salaire qui ont\u00a0pu \u00eatre op\u00e9r\u00e9es (avances, acomptes, participation \u00e0 l&rsquo;acquisition des titres restaurants&#8230;).<\/li>\n<\/ul>\n<p>Une fois que toutes ces informations ont \u00e9t\u00e9 pr\u00e9cis\u00e9es, le centre national\u00a0du Tese se charge de <strong>calculer les cotisations<\/strong> \u00e0\u00a0la place de l&#8217;employeur. Le d\u00e9tail des cotisations et le <strong>montant du salaire net \u00e0 verser au salari\u00e9<\/strong> appara\u00eetra au sein de la rubrique \u00ab\u00a0cotisations estim\u00e9es\u00a0\u00bb.<\/p>\n<p>Le <strong>bulletin de paie<\/strong> sera disponible le jour ouvr\u00e9 qui suit la saisie dans l&rsquo;espace employeur. Quant au d\u00e9compte des cotisations sociales, il sera en ligne le premier jour du mois qui suit celui de la saisie du volet social.<\/p>\n<p>Dans les deux cas, un email est envoy\u00e9 \u00e0 chaque employeur pour l&rsquo;alarmer de leur mise en ligne.<\/p>\n<h4>Comment payer les cotisations sociales?<\/h4>\n<p>Le <strong>pr\u00e9l\u00e8vement automatique<\/strong> est l&rsquo;un des modes de paiement possible pour le paiement des cotisations sociales. Celui ci qui intervient le <strong>15 du mois<\/strong> qui suit la notification du d\u00e9compte de cotisations. C&rsquo;est la solution la plus simple pour un employeur. Cet outil pr\u00e9sente des avantages : il \u00e9vite en effet les risques d&rsquo;oubli de paiement de la part de l&#8217;employeur et lui permet de conna\u00eetre la date exacte \u00e0 laquelle il est d\u00e9bit\u00e9.<\/p>\n<p>En outre,\u00a0l&#8217;employeur peut opter pour un <strong>paiement par ch\u00e8que<\/strong> qu&rsquo;il devra alors adresser \u00e0 l&rsquo;Urssaf. N\u00e9anmoins, cette possibilit\u00e9 est uniquement envisageable si\u00a0le montant des cotisations et contributions sociales de l&rsquo;ann\u00e9e pr\u00e9c\u00e9dente ne d\u00e9passe pas un certain plafond (20.000\u20ac). Cette seconde option doit s&rsquo;op\u00e9rer avant le 15 du mois\u00a0suivant l&rsquo;envoi du d\u00e9compte de cotisations.<\/p>\n<p>Les cotisations relatives au service de <strong>sant\u00e9 au travail<\/strong>, aux r\u00e9gimes facultatifs ou individuels de <strong>protection sociale<\/strong>, ou encore celles li\u00e9e au financement de la <strong>formation professionnelle<\/strong> doivent \u00eatre <strong>directement vers\u00e9es \u00e0 chaque organisme<\/strong> dont elles rel\u00e8vent.<\/p>\n<h3>Tese : la D\u00e9claration sociale nominative (DSN)<\/h3>\n<p>Par ailleurs, le Centre national Tese peut proc\u00e9der \u00e0 la <a href=\"http:\/\/dsn-info.fr\/\">DSN<\/a> en lieu et place de l&rsquo;entreprise. Si l&#8217;employeur souhaite proc\u00e9der ainsi, il doit r\u00e9pondre \u00e0 deux s\u00e9ries d&rsquo;obligations.<\/p>\n<p>Il doit d&rsquo;abord <strong>informer ses salari\u00e9s<\/strong> de cette modalit\u00e9. Cette information est faite par l&rsquo;envoi d&rsquo;une lettre.<\/p>\n<p>Ensuite, en ce qui concerne les arr\u00eats de travail et les fins de contrat, l&#8217;employeur est tenu de continuer \u00e0\u00a0transmettre l&rsquo;attestation de salaire \u00e0 l&rsquo;assurance maladie\u00a0ou l&rsquo;attestation employeur \u00e0 <a href=\"https:\/\/www.pole-emploi.fr\/accueil\/\">P\u00f4le emploi<\/a> en cas de rupture du contrat de travail, jusqu&rsquo;\u00e0 ce que le Centre national Tese les int\u00e8gre dans la DSN.<\/p>\n<h3>Tese : l&rsquo;imp\u00f4t sur le revenu<\/h3>\n<p>Depuis janvier 2019, les TPE, via le Tese, peuvent d\u00e9l\u00e9guer \u00e0 l&rsquo;Urssaf la d\u00e9claration et le reversement du <strong>pr\u00e9l\u00e8vement \u00e0 la source<\/strong>.<\/p>\n<p>Le centre national Tese d\u00e9finit la somme qui va \u00eatre pr\u00e9lev\u00e9e pour chacun des salari\u00e9s avant de communiquer \u00e0 l&#8217;employeur le montant de la r\u00e9mun\u00e9ration nette qu&rsquo;il devra leur verser.<\/p>\n<h2 id=\"III\">Titre emploi simplifi\u00e9 agricole (Tesa)<\/h2>\n<h3>Tesa :\u00a0contrats concern\u00e9s<\/h3>\n<p>Contrairement au Tese, ce titre n&rsquo;est pas ouvert \u00e0 tous les contrats de travail. Il concerne uniquement\u00a0les\u00a0<strong>CDD agricoles d&rsquo;une dur\u00e9e maximale de 3 mois<\/strong>. De surcro\u00eet,<strong> il ne faut pas que le nombre de salari\u00e9s titulaires d&rsquo;un CDI d\u00e9passe les vingt<\/strong>. Ensuite, l&rsquo;entreprise doit employer des salari\u00e9s occasionnels dans la limite de 119 jours par an. Enfin, la<strong> r\u00e9mun\u00e9ration mensuelle brute que per\u00e7oit le salari\u00e9 ne doit pas d\u00e9passer trois plafonds de la s\u00e9curit\u00e9 sociale<\/strong>.<\/p>\n<p>Si la structure est compos\u00e9e de plus de vingt salari\u00e9s, le b\u00e9n\u00e9fice du Tesa s&rsquo;applique aux emplois saisonniers, aux accroissements temporaires d&rsquo;activit\u00e9, remplacement d&rsquo;un salari\u00e9&#8230; et non aux salari\u00e9s permanents de l&rsquo;entreprise. Les contrats d\u2019apprentissage ou de professionnalisation n&rsquo;entrent pas dans le champ du Tesa.<\/p>\n<p>Il est \u00e0 noter qu&rsquo;il est possible d&rsquo;utiliser\u00a0le Tesa pour un travailleur saisonnier \u00e9tranger entr\u00e9 en France par l&rsquo;<a href=\"http:\/\/www.ofii.fr\/\">Office fran\u00e7ais de l&rsquo;immigration et de l&rsquo;int\u00e9gration (OFII)<\/a>.<\/p>\n<h3>Tesa : modalit\u00e9s d&rsquo;utilisation<\/h3>\n<p>L&#8217;employeur\u00a0doit envoyer le carnet Tesa \u00e0 la <a href=\"https:\/\/www.msa.fr\/lfy\/web\/msa\/employeur\/solutions-pas\">mutualit\u00e9 sociale agricole (MSA)<\/a>. Il l&rsquo;envoie par\u00a0voie d\u00e9mat\u00e9rialis\u00e9e ou par lettre recommand\u00e9e avec avis de r\u00e9ception (LRAR). Cela doit s&rsquo;effectuer dans les 8 jours avant l&#8217;embauche.<\/p>\n<p>En cas de LRAR, le Tesa doit \u00eatre adress\u00e9 au plus tard le dernier jour ouvrable avant la date d&#8217;embauche. Alors que par Internet, le Tesa est soumis au plus tard dans les instants pr\u00e9c\u00e9dant l&#8217;embauche.<\/p>\n<p>Le Tesa se fait\u00a0obligatoirement en ligne lorsque :<\/p>\n<ul>\n<li>Le seuil de d\u00e9claration pr\u00e9alable \u00e0 l&#8217;embauche a franchi les 50 l&rsquo;ann\u00e9e pr\u00e9c\u00e9dente ;<\/li>\n<li>En cas de groupement d&#8217;employeurs ;<\/li>\n<li>Les cotisations et contributions sociales de l&rsquo;ann\u00e9e ant\u00e9rieure\u00a0ne d\u00e9passe pas un certain plafond (20.000\u20ac) ;<\/li>\n<li>Les r\u00e9mun\u00e9ration des salari\u00e9s sont comprises entre une et trois fois le<a href=\"https:\/\/www.service-public.fr\/professionnels-entreprises\/actualites\/A13109\"> plafond de la s\u00e9curit\u00e9 sociale<\/a>.<\/li>\n<\/ul>\n<h3>Les formalit\u00e9s r\u00e9alis\u00e9es \u00e0 travers le Tesa<\/h3>\n<p>D&rsquo;une part, le Tesa permet de r\u00e9aliser des <strong>formalit\u00e9s li\u00e9es \u00e0 l&#8217;embauche<\/strong> :<\/p>\n<ul>\n<li>La d\u00e9claration pr\u00e9alable \u00e0 l\u2019embauche ;<\/li>\n<li>L\u2019inscription sur le registre unique du personnel ;<\/li>\n<li>Le contrat de travail ;<\/li>\n<li>Le signalement au service de sant\u00e9 au travail ;<\/li>\n<li>L\u2019immatriculation du salari\u00e9 \u00e0 la s\u00e9curit\u00e9 sociale ;<\/li>\n<li>La demande de b\u00e9n\u00e9fice des exon\u00e9rations de cotisations patronales pour l\u2019emploi d\u2019un travailleur occasionnel (TO).<\/li>\n<\/ul>\n<p>D&rsquo;autre part, lorsque la <strong>relation de travail arrive \u00e0 son terme<\/strong>, ce titre va accomplir d&rsquo;autres formalit\u00e9s telles que :<\/p>\n<ul>\n<li>Le bulletin de salaire ;<\/li>\n<li>L&rsquo;attestation P\u00f4le Emploi ;<\/li>\n<li>La d\u00e9claration trimestrielle des salaires ;<\/li>\n<li>La d\u00e9claration annuelle des salaires aupr\u00e8s des imp\u00f4ts.<\/li>\n<\/ul>\n<p>\u00a0<\/p>\n<p><\/p>\n<div class=\"wp-block-button\" style=\"text-align:center;\"><a class=\"wp-block-button__link has-background\" href=\"https:\/\/www.legalvision.fr\/tous-les-services\/\">Voir les services LegalVision<\/a><\/div>\n","protected":false},"excerpt":{"rendered":"<p>Lorsqu&rsquo;un employeur embauche un nouveau salari\u00e9, il doit normalement proc\u00e9der \u00e0 la\u00a0r\u00e9daction d&rsquo;un contrat de travail, \u00e0 la d\u00e9claration pr\u00e9alable \u00e0 l&#8217;embauche aupr\u00e8s de l&rsquo;Urssaf, \u00e0 l&rsquo;inscription du salari\u00e9 sur le registre unique du personnel ou bien encore \u00e0 l&rsquo;organisation de la visite m\u00e9dicale d&rsquo;information et de pr\u00e9vention&#8230; Le Titre emploi service entreprise (Tese) va&hellip; <a class=\"more-link\" href=\"https:\/\/www.legalvision.fr\/guides-juridiques\/droit-du-travail\/tese-tout-savoir\/\">Poursuivre la lecture <span class=\"screen-reader-text\">Le titre emploi service entreprise (Tese) : un all\u00e8gement des d\u00e9marches des employeurs<\/span><\/a><\/p>\n","protected":false},"author":30,"featured_media":24441,"comment_status":"open","ping_status":"open","sticky":false,"template":"","format":"standard","meta":{"content-type":"","inline_featured_image":false,"footnotes":""},"categories":[2485],"tags":[],"class_list":["post-15422","post","type-post","status-publish","format-standard","has-post-thumbnail","hentry","category-droit-du-travail","entry"],"yoast_head":"<!-- This site is optimized with the Yoast SEO plugin v27.1.1 - https:\/\/yoast.com\/product\/yoast-seo-wordpress\/ -->\n<title>Tese : all\u00e9gez vos formalit\u00e9s administratives sociales !<\/title>\n<meta name=\"description\" content=\"Le Tese va permettre \u00e0 certains employeurs d&#039;all\u00e9ger consid\u00e9rablement toutes les formalit\u00e9s administratives li\u00e9es \u00e0 l&#039;embauche et \u00e0 l&#039;emploi.\" \/>\n<meta name=\"robots\" content=\"index, follow, max-snippet:-1, max-image-preview:large, max-video-preview:-1\" \/>\n<link rel=\"canonical\" href=\"https:\/\/www.legalvision.fr\/guides-juridiques\/droit-du-travail\/tese-tout-savoir\/\" \/>\n<meta property=\"og:locale\" content=\"fr_FR\" \/>\n<meta property=\"og:type\" content=\"article\" \/>\n<meta property=\"og:title\" content=\"Tese : all\u00e9gez vos formalit\u00e9s administratives sociales !\" \/>\n<meta property=\"og:description\" content=\"Le Tese va permettre \u00e0 certains employeurs d&#039;all\u00e9ger consid\u00e9rablement toutes les formalit\u00e9s administratives li\u00e9es \u00e0 l&#039;embauche et \u00e0 l&#039;emploi.\" \/>\n<meta property=\"og:url\" content=\"https:\/\/www.legalvision.fr\/guides-juridiques\/droit-du-travail\/tese-tout-savoir\/\" \/>\n<meta property=\"og:site_name\" content=\"Guides juridiques\" \/>\n<meta property=\"article:published_time\" content=\"2019-05-20T06:30:54+00:00\" \/>\n<meta property=\"article:modified_time\" content=\"2022-03-27T19:20:56+00:00\" \/>\n<meta property=\"og:image\" content=\"https:\/\/www.legalvision.fr\/guides-juridiques\/wp-content\/uploads\/2019\/05\/Tese.jpg\" \/>\n\t<meta property=\"og:image:width\" content=\"958\" \/>\n\t<meta property=\"og:image:height\" content=\"350\" \/>\n\t<meta property=\"og:image:type\" content=\"image\/jpeg\" \/>\n<meta name=\"author\" content=\"William Lebrun\" \/>\n<meta name=\"twitter:card\" content=\"summary_large_image\" \/>\n<meta name=\"twitter:label1\" content=\"\u00c9crit par\" \/>\n\t<meta name=\"twitter:data1\" content=\"William Lebrun\" \/>\n\t<meta name=\"twitter:label2\" content=\"Dur\u00e9e de lecture estim\u00e9e\" \/>\n\t<meta name=\"twitter:data2\" content=\"11 minutes\" \/>\n<script type=\"application\/ld+json\" class=\"yoast-schema-graph\">{\"@context\":\"https:\/\/schema.org\",\"@graph\":[{\"@type\":\"Article\",\"@id\":\"https:\/\/www.legalvision.fr\/guides-juridiques\/droit-du-travail\/tese-tout-savoir\/#article\",\"isPartOf\":{\"@id\":\"https:\/\/www.legalvision.fr\/guides-juridiques\/droit-du-travail\/tese-tout-savoir\/\"},\"author\":{\"name\":\"William Lebrun\",\"@id\":\"https:\/\/www.legalvision.fr\/guides-juridiques\/#\/schema\/person\/3d24d0c20575138ed212b2e4b6f7b4b0\"},\"headline\":\"Le titre emploi service entreprise (Tese) : un all\u00e8gement des d\u00e9marches des employeurs\",\"datePublished\":\"2019-05-20T06:30:54+00:00\",\"dateModified\":\"2022-03-27T19:20:56+00:00\",\"mainEntityOfPage\":{\"@id\":\"https:\/\/www.legalvision.fr\/guides-juridiques\/droit-du-travail\/tese-tout-savoir\/\"},\"wordCount\":2294,\"commentCount\":0,\"publisher\":{\"@id\":\"https:\/\/www.legalvision.fr\/guides-juridiques\/#organization\"},\"image\":{\"@id\":\"https:\/\/www.legalvision.fr\/guides-juridiques\/droit-du-travail\/tese-tout-savoir\/#primaryimage\"},\"thumbnailUrl\":\"https:\/\/www.legalvision.fr\/guides-juridiques\/wp-content\/uploads\/2019\/05\/Tese.jpg\",\"articleSection\":[\"Droit du travail\"],\"inLanguage\":\"fr-FR\",\"potentialAction\":[{\"@type\":\"CommentAction\",\"name\":\"Comment\",\"target\":[\"https:\/\/www.legalvision.fr\/guides-juridiques\/droit-du-travail\/tese-tout-savoir\/#respond\"]}]},{\"@type\":\"WebPage\",\"@id\":\"https:\/\/www.legalvision.fr\/guides-juridiques\/droit-du-travail\/tese-tout-savoir\/\",\"url\":\"https:\/\/www.legalvision.fr\/guides-juridiques\/droit-du-travail\/tese-tout-savoir\/\",\"name\":\"Tese : all\u00e9gez vos formalit\u00e9s administratives sociales !\",\"isPartOf\":{\"@id\":\"https:\/\/www.legalvision.fr\/guides-juridiques\/#website\"},\"primaryImageOfPage\":{\"@id\":\"https:\/\/www.legalvision.fr\/guides-juridiques\/droit-du-travail\/tese-tout-savoir\/#primaryimage\"},\"image\":{\"@id\":\"https:\/\/www.legalvision.fr\/guides-juridiques\/droit-du-travail\/tese-tout-savoir\/#primaryimage\"},\"thumbnailUrl\":\"https:\/\/www.legalvision.fr\/guides-juridiques\/wp-content\/uploads\/2019\/05\/Tese.jpg\",\"datePublished\":\"2019-05-20T06:30:54+00:00\",\"dateModified\":\"2022-03-27T19:20:56+00:00\",\"description\":\"Le Tese va permettre \u00e0 certains employeurs d'all\u00e9ger consid\u00e9rablement toutes les formalit\u00e9s administratives li\u00e9es \u00e0 l'embauche et \u00e0 l'emploi.\",\"breadcrumb\":{\"@id\":\"https:\/\/www.legalvision.fr\/guides-juridiques\/droit-du-travail\/tese-tout-savoir\/#breadcrumb\"},\"inLanguage\":\"fr-FR\",\"potentialAction\":[{\"@type\":\"ReadAction\",\"target\":[\"https:\/\/www.legalvision.fr\/guides-juridiques\/droit-du-travail\/tese-tout-savoir\/\"]}]},{\"@type\":\"ImageObject\",\"inLanguage\":\"fr-FR\",\"@id\":\"https:\/\/www.legalvision.fr\/guides-juridiques\/droit-du-travail\/tese-tout-savoir\/#primaryimage\",\"url\":\"https:\/\/www.legalvision.fr\/guides-juridiques\/wp-content\/uploads\/2019\/05\/Tese.jpg\",\"contentUrl\":\"https:\/\/www.legalvision.fr\/guides-juridiques\/wp-content\/uploads\/2019\/05\/Tese.jpg\",\"width\":958,\"height\":350,\"caption\":\"Tese\"},{\"@type\":\"BreadcrumbList\",\"@id\":\"https:\/\/www.legalvision.fr\/guides-juridiques\/droit-du-travail\/tese-tout-savoir\/#breadcrumb\",\"itemListElement\":[{\"@type\":\"ListItem\",\"position\":1,\"name\":\"Accueil\",\"item\":\"https:\/\/www.legalvision.fr\/guides-juridiques\/\"},{\"@type\":\"ListItem\",\"position\":2,\"name\":\"Droit du travail\",\"item\":\"https:\/\/www.legalvision.fr\/guides-juridiques\/droit-du-travail\/\"},{\"@type\":\"ListItem\",\"position\":3,\"name\":\"Le titre emploi service entreprise (Tese) : un all\u00e8gement des d\u00e9marches des employeurs\"}]},{\"@type\":\"WebSite\",\"@id\":\"https:\/\/www.legalvision.fr\/guides-juridiques\/#website\",\"url\":\"https:\/\/www.legalvision.fr\/guides-juridiques\/\",\"name\":\"Guides juridiques\",\"description\":\"L&#039;information juridique \u00e0 destination des entreprises et TPE\",\"publisher\":{\"@id\":\"https:\/\/www.legalvision.fr\/guides-juridiques\/#organization\"},\"potentialAction\":[{\"@type\":\"SearchAction\",\"target\":{\"@type\":\"EntryPoint\",\"urlTemplate\":\"https:\/\/www.legalvision.fr\/guides-juridiques\/?s={search_term_string}\"},\"query-input\":{\"@type\":\"PropertyValueSpecification\",\"valueRequired\":true,\"valueName\":\"search_term_string\"}}],\"inLanguage\":\"fr-FR\"},{\"@type\":\"Organization\",\"@id\":\"https:\/\/www.legalvision.fr\/guides-juridiques\/#organization\",\"name\":\"Guides juridiques\",\"url\":\"https:\/\/www.legalvision.fr\/guides-juridiques\/\",\"logo\":{\"@type\":\"ImageObject\",\"inLanguage\":\"fr-FR\",\"@id\":\"https:\/\/www.legalvision.fr\/guides-juridiques\/#\/schema\/logo\/image\/\",\"url\":\"https:\/\/www.legalvision.fr\/guides-juridiques\/wp-content\/uploads\/2022\/10\/LV-Logotype.png\",\"contentUrl\":\"https:\/\/www.legalvision.fr\/guides-juridiques\/wp-content\/uploads\/2022\/10\/LV-Logotype.png\",\"width\":647,\"height\":125,\"caption\":\"Guides juridiques\"},\"image\":{\"@id\":\"https:\/\/www.legalvision.fr\/guides-juridiques\/#\/schema\/logo\/image\/\"}},{\"@type\":\"Person\",\"@id\":\"https:\/\/www.legalvision.fr\/guides-juridiques\/#\/schema\/person\/3d24d0c20575138ed212b2e4b6f7b4b0\",\"name\":\"William Lebrun\",\"image\":{\"@type\":\"ImageObject\",\"inLanguage\":\"fr-FR\",\"@id\":\"https:\/\/www.legalvision.fr\/guides-juridiques\/#\/schema\/person\/image\/\",\"url\":\"https:\/\/www.legalvision.fr\/guides-juridiques\/wp-content\/uploads\/2023\/07\/cropped-homme1-96x96.png\",\"contentUrl\":\"https:\/\/www.legalvision.fr\/guides-juridiques\/wp-content\/uploads\/2023\/07\/cropped-homme1-96x96.png\",\"caption\":\"William Lebrun\"},\"description\":\"B\u00e9n\u00e9ficiant de la formation d'un double dipl\u00f4me en droit des affaires et en \u00e9cole de commerce, j'ai un fort attrait pour le droit des soci\u00e9t\u00e9s. Je r\u00e9dige des articles pour vous aider sur vos probl\u00e9matiques.\",\"url\":\"https:\/\/www.legalvision.fr\/guides-juridiques\/author\/aina-rakoto\/\"}]}<\/script>\n<!-- \/ Yoast SEO plugin. -->","yoast_head_json":{"title":"Tese : all\u00e9gez vos formalit\u00e9s administratives sociales !","description":"Le Tese va permettre \u00e0 certains employeurs d'all\u00e9ger consid\u00e9rablement toutes les formalit\u00e9s administratives li\u00e9es \u00e0 l'embauche et \u00e0 l'emploi.","robots":{"index":"index","follow":"follow","max-snippet":"max-snippet:-1","max-image-preview":"max-image-preview:large","max-video-preview":"max-video-preview:-1"},"canonical":"https:\/\/www.legalvision.fr\/guides-juridiques\/droit-du-travail\/tese-tout-savoir\/","og_locale":"fr_FR","og_type":"article","og_title":"Tese : all\u00e9gez vos formalit\u00e9s administratives sociales !","og_description":"Le Tese va permettre \u00e0 certains employeurs d'all\u00e9ger consid\u00e9rablement toutes les formalit\u00e9s administratives li\u00e9es \u00e0 l'embauche et \u00e0 l'emploi.","og_url":"https:\/\/www.legalvision.fr\/guides-juridiques\/droit-du-travail\/tese-tout-savoir\/","og_site_name":"Guides juridiques","article_published_time":"2019-05-20T06:30:54+00:00","article_modified_time":"2022-03-27T19:20:56+00:00","og_image":[{"width":958,"height":350,"url":"https:\/\/www.legalvision.fr\/guides-juridiques\/wp-content\/uploads\/2019\/05\/Tese.jpg","type":"image\/jpeg"}],"author":"William Lebrun","twitter_card":"summary_large_image","twitter_misc":{"\u00c9crit par":"William Lebrun","Dur\u00e9e de lecture estim\u00e9e":"11 minutes"},"schema":{"@context":"https:\/\/schema.org","@graph":[{"@type":"Article","@id":"https:\/\/www.legalvision.fr\/guides-juridiques\/droit-du-travail\/tese-tout-savoir\/#article","isPartOf":{"@id":"https:\/\/www.legalvision.fr\/guides-juridiques\/droit-du-travail\/tese-tout-savoir\/"},"author":{"name":"William Lebrun","@id":"https:\/\/www.legalvision.fr\/guides-juridiques\/#\/schema\/person\/3d24d0c20575138ed212b2e4b6f7b4b0"},"headline":"Le titre emploi service entreprise (Tese) : un all\u00e8gement des d\u00e9marches des employeurs","datePublished":"2019-05-20T06:30:54+00:00","dateModified":"2022-03-27T19:20:56+00:00","mainEntityOfPage":{"@id":"https:\/\/www.legalvision.fr\/guides-juridiques\/droit-du-travail\/tese-tout-savoir\/"},"wordCount":2294,"commentCount":0,"publisher":{"@id":"https:\/\/www.legalvision.fr\/guides-juridiques\/#organization"},"image":{"@id":"https:\/\/www.legalvision.fr\/guides-juridiques\/droit-du-travail\/tese-tout-savoir\/#primaryimage"},"thumbnailUrl":"https:\/\/www.legalvision.fr\/guides-juridiques\/wp-content\/uploads\/2019\/05\/Tese.jpg","articleSection":["Droit du travail"],"inLanguage":"fr-FR","potentialAction":[{"@type":"CommentAction","name":"Comment","target":["https:\/\/www.legalvision.fr\/guides-juridiques\/droit-du-travail\/tese-tout-savoir\/#respond"]}]},{"@type":"WebPage","@id":"https:\/\/www.legalvision.fr\/guides-juridiques\/droit-du-travail\/tese-tout-savoir\/","url":"https:\/\/www.legalvision.fr\/guides-juridiques\/droit-du-travail\/tese-tout-savoir\/","name":"Tese : all\u00e9gez vos formalit\u00e9s administratives sociales !","isPartOf":{"@id":"https:\/\/www.legalvision.fr\/guides-juridiques\/#website"},"primaryImageOfPage":{"@id":"https:\/\/www.legalvision.fr\/guides-juridiques\/droit-du-travail\/tese-tout-savoir\/#primaryimage"},"image":{"@id":"https:\/\/www.legalvision.fr\/guides-juridiques\/droit-du-travail\/tese-tout-savoir\/#primaryimage"},"thumbnailUrl":"https:\/\/www.legalvision.fr\/guides-juridiques\/wp-content\/uploads\/2019\/05\/Tese.jpg","datePublished":"2019-05-20T06:30:54+00:00","dateModified":"2022-03-27T19:20:56+00:00","description":"Le Tese va permettre \u00e0 certains employeurs d'all\u00e9ger consid\u00e9rablement toutes les formalit\u00e9s administratives li\u00e9es \u00e0 l'embauche et \u00e0 l'emploi.","breadcrumb":{"@id":"https:\/\/www.legalvision.fr\/guides-juridiques\/droit-du-travail\/tese-tout-savoir\/#breadcrumb"},"inLanguage":"fr-FR","potentialAction":[{"@type":"ReadAction","target":["https:\/\/www.legalvision.fr\/guides-juridiques\/droit-du-travail\/tese-tout-savoir\/"]}]},{"@type":"ImageObject","inLanguage":"fr-FR","@id":"https:\/\/www.legalvision.fr\/guides-juridiques\/droit-du-travail\/tese-tout-savoir\/#primaryimage","url":"https:\/\/www.legalvision.fr\/guides-juridiques\/wp-content\/uploads\/2019\/05\/Tese.jpg","contentUrl":"https:\/\/www.legalvision.fr\/guides-juridiques\/wp-content\/uploads\/2019\/05\/Tese.jpg","width":958,"height":350,"caption":"Tese"},{"@type":"BreadcrumbList","@id":"https:\/\/www.legalvision.fr\/guides-juridiques\/droit-du-travail\/tese-tout-savoir\/#breadcrumb","itemListElement":[{"@type":"ListItem","position":1,"name":"Accueil","item":"https:\/\/www.legalvision.fr\/guides-juridiques\/"},{"@type":"ListItem","position":2,"name":"Droit du travail","item":"https:\/\/www.legalvision.fr\/guides-juridiques\/droit-du-travail\/"},{"@type":"ListItem","position":3,"name":"Le titre emploi service entreprise (Tese) : un all\u00e8gement des d\u00e9marches des employeurs"}]},{"@type":"WebSite","@id":"https:\/\/www.legalvision.fr\/guides-juridiques\/#website","url":"https:\/\/www.legalvision.fr\/guides-juridiques\/","name":"Guides juridiques","description":"L&#039;information juridique \u00e0 destination des entreprises et TPE","publisher":{"@id":"https:\/\/www.legalvision.fr\/guides-juridiques\/#organization"},"potentialAction":[{"@type":"SearchAction","target":{"@type":"EntryPoint","urlTemplate":"https:\/\/www.legalvision.fr\/guides-juridiques\/?s={search_term_string}"},"query-input":{"@type":"PropertyValueSpecification","valueRequired":true,"valueName":"search_term_string"}}],"inLanguage":"fr-FR"},{"@type":"Organization","@id":"https:\/\/www.legalvision.fr\/guides-juridiques\/#organization","name":"Guides juridiques","url":"https:\/\/www.legalvision.fr\/guides-juridiques\/","logo":{"@type":"ImageObject","inLanguage":"fr-FR","@id":"https:\/\/www.legalvision.fr\/guides-juridiques\/#\/schema\/logo\/image\/","url":"https:\/\/www.legalvision.fr\/guides-juridiques\/wp-content\/uploads\/2022\/10\/LV-Logotype.png","contentUrl":"https:\/\/www.legalvision.fr\/guides-juridiques\/wp-content\/uploads\/2022\/10\/LV-Logotype.png","width":647,"height":125,"caption":"Guides juridiques"},"image":{"@id":"https:\/\/www.legalvision.fr\/guides-juridiques\/#\/schema\/logo\/image\/"}},{"@type":"Person","@id":"https:\/\/www.legalvision.fr\/guides-juridiques\/#\/schema\/person\/3d24d0c20575138ed212b2e4b6f7b4b0","name":"William Lebrun","image":{"@type":"ImageObject","inLanguage":"fr-FR","@id":"https:\/\/www.legalvision.fr\/guides-juridiques\/#\/schema\/person\/image\/","url":"https:\/\/www.legalvision.fr\/guides-juridiques\/wp-content\/uploads\/2023\/07\/cropped-homme1-96x96.png","contentUrl":"https:\/\/www.legalvision.fr\/guides-juridiques\/wp-content\/uploads\/2023\/07\/cropped-homme1-96x96.png","caption":"William Lebrun"},"description":"B\u00e9n\u00e9ficiant de la formation d'un double dipl\u00f4me en droit des affaires et en \u00e9cole de commerce, j'ai un fort attrait pour le droit des soci\u00e9t\u00e9s. Je r\u00e9dige des articles pour vous aider sur vos probl\u00e9matiques.","url":"https:\/\/www.legalvision.fr\/guides-juridiques\/author\/aina-rakoto\/"}]}},"_links":{"self":[{"href":"https:\/\/www.legalvision.fr\/guides-juridiques\/wp-json\/wp\/v2\/posts\/15422","targetHints":{"allow":["GET"]}}],"collection":[{"href":"https:\/\/www.legalvision.fr\/guides-juridiques\/wp-json\/wp\/v2\/posts"}],"about":[{"href":"https:\/\/www.legalvision.fr\/guides-juridiques\/wp-json\/wp\/v2\/types\/post"}],"author":[{"embeddable":true,"href":"https:\/\/www.legalvision.fr\/guides-juridiques\/wp-json\/wp\/v2\/users\/30"}],"replies":[{"embeddable":true,"href":"https:\/\/www.legalvision.fr\/guides-juridiques\/wp-json\/wp\/v2\/comments?post=15422"}],"version-history":[{"count":0,"href":"https:\/\/www.legalvision.fr\/guides-juridiques\/wp-json\/wp\/v2\/posts\/15422\/revisions"}],"wp:featuredmedia":[{"embeddable":true,"href":"https:\/\/www.legalvision.fr\/guides-juridiques\/wp-json\/wp\/v2\/media\/24441"}],"wp:attachment":[{"href":"https:\/\/www.legalvision.fr\/guides-juridiques\/wp-json\/wp\/v2\/media?parent=15422"}],"wp:term":[{"taxonomy":"category","embeddable":true,"href":"https:\/\/www.legalvision.fr\/guides-juridiques\/wp-json\/wp\/v2\/categories?post=15422"},{"taxonomy":"post_tag","embeddable":true,"href":"https:\/\/www.legalvision.fr\/guides-juridiques\/wp-json\/wp\/v2\/tags?post=15422"}],"curies":[{"name":"wp","href":"https:\/\/api.w.org\/{rel}","templated":true}]}}