{"id":15356,"date":"2019-05-22T07:30:23","date_gmt":"2019-05-22T06:30:23","guid":{"rendered":"https:\/\/blog.legalvision.fr\/?p=15356"},"modified":"2024-02-01T14:52:04","modified_gmt":"2024-02-01T13:52:04","slug":"changement-code-naf-en-24h","status":"publish","type":"post","link":"https:\/\/www.legalvision.fr\/guides-juridiques\/modifier-ses-statuts\/changement-code-naf-en-24h\/","title":{"rendered":"Comment r\u00e9aliser le changement de code NAF de votre entreprise ?"},"content":{"rendered":"\t\t<div data-elementor-type=\"wp-post\" data-elementor-id=\"15356\" class=\"elementor elementor-15356\" data-elementor-post-type=\"post\">\n\t\t\t\t<div data-particle_enable=\"false\" data-particle-mobile-disabled=\"false\" class=\"elementor-element elementor-element-b94d51c e-flex e-con-boxed e-con e-parent\" data-id=\"b94d51c\" data-element_type=\"container\" data-e-type=\"container\">\n\t\t\t\t\t<div class=\"e-con-inner\">\n\t\t\t\t<div class=\"elementor-element elementor-element-b074536 elementor-widget elementor-widget-text-editor\" data-id=\"b074536\" data-element_type=\"widget\" data-e-type=\"widget\" data-widget_type=\"text-editor.default\">\n\t\t\t\t<div class=\"elementor-widget-container\">\n\t\t\t\t\t\t\t\t\t<p style=\"line-height: var(--wp--typography--line-height,var(--global--line-height-body)); font-family: var(--e-global-typography-primary-font-family);\">Le changement code NAF (<a href=\"https:\/\/www.insee.fr\/fr\/information\/2406147\">nomenclature d\u2019activit\u00e9 fran\u00e7aise<\/a>) ou code APE (code d&rsquo;activit\u00e9 principale) constitue une\u00a0<a href=\"https:\/\/blog.legalvision.fr\/2018\/05\/05\/modification-activite\/\">modification\u00a0de l&rsquo;activit\u00e9 d&rsquo;une entreprise<\/a>. Le code\u00a0nomenclature d\u2019activit\u00e9 fran\u00e7aise &#8211; ou\u00a0code d&rsquo;activit\u00e9 principale &#8211; constitue une indication de l&rsquo;activit\u00e9 de votre entreprise. En effet, compos\u00e9 de quatre chiffres et d&rsquo;une lettre, le code\u00a0nomenclature d\u2019activit\u00e9 fran\u00e7aise\u00a0permet\u00a0<span style=\"font-weight: bold;\">l&rsquo;identification\u00a0la branche d&rsquo;activit\u00e9 principale d&rsquo;une entreprise ou d&rsquo;un travailleur ind\u00e9pendant<\/span>.<\/p><p style=\"line-height: var(--wp--typography--line-height,var(--global--line-height-body)); font-family: var(--e-global-typography-primary-font-family);\">Il convient de diff\u00e9rencier l&rsquo;<a href=\"https:\/\/blog.legalvision.fr\/2019\/02\/26\/objet-social-de-l-entreprise-definition-et-importance\/\">objet social<\/a>\u00a0et l&rsquo;activit\u00e9. En effet, si les deux sont li\u00e9s, l&rsquo;<span style=\"font-weight: bold;\">objet social<\/span>\u00a0ou objet statutaire d&rsquo;une soci\u00e9t\u00e9 va d\u00e9terminer\u00a0<span style=\"font-weight: bold;\">les activit\u00e9s que va pour voir exercer une entreprise<\/span>. La clause d&rsquo;objet social doit donc pr\u00e9voir les activit\u00e9s que va exercer l&rsquo;entreprise, mais aussi celles qu&rsquo;elle pense pouvoir \u00eatre amen\u00e9e \u00e0 exercer.<\/p><p style=\"line-height: var(--wp--typography--line-height,var(--global--line-height-body)); font-family: var(--e-global-typography-primary-font-family);\">Qu&rsquo;il s&rsquo;agisse de l&rsquo;objet social ou de l&rsquo;activit\u00e9, il convient pour une soci\u00e9t\u00e9 d&rsquo;\u00eatre en r\u00e8gle tant dans ses statuts qu&rsquo;aupr\u00e8s du greffe. En effet, une soci\u00e9t\u00e9 ne peut exercer une activit\u00e9 qui ne serait pas pr\u00e9vue dans son objet social et\/ou qui ne serait pas d\u00e9clar\u00e9e aupr\u00e8s du greffe.<\/p><h3 style=\"font-family: Montserrat, sans-serif; font-weight: var( --e-global-typography-accent-font-weight ); font-size: var( --e-global-typography-accent-font-size ); letter-spacing: normal; line-height: var( --e-global-typography-accent-line-height ); text-transform: none; font-style: normal; text-decoration-thickness: initial; text-decoration-style: initial; text-decoration-color: initial;\">Sommaire :<\/h3><p style=\"line-height: var(--wp--typography--line-height,var(--global--line-height-body)); font-family: var(--e-global-typography-primary-font-family);\"><span style=\"font-weight: bold;\"><a href=\"https:\/\/www.legalvision.fr\/guides-juridiques\/?p=15356&amp;elementor-preview=15356&amp;ver=1706795099#I\">Comment le code NAF ou APE sont-ils attribu\u00e9s ?<\/a><\/span><br \/><span style=\"font-weight: bold;\"><a href=\"https:\/\/www.legalvision.fr\/guides-juridiques\/?p=15356&amp;elementor-preview=15356&amp;ver=1706795099#II\">Comment est d\u00e9termin\u00e9e l&rsquo;activit\u00e9 principale ?<\/a><\/span><br \/><span style=\"font-weight: bold;\"><a href=\"https:\/\/www.legalvision.fr\/guides-juridiques\/?p=15356&amp;elementor-preview=15356&amp;ver=1706795099#III\">Comment changer de code NAF ?<\/a><\/span><br \/><span style=\"font-weight: bold;\"><a href=\"https:\/\/www.legalvision.fr\/guides-juridiques\/?p=15356&amp;elementor-preview=15356&amp;ver=1706795099#IV\">Changement code NAF (objet social) : la d\u00e9cision de modification<\/a><\/span><br \/><span style=\"font-weight: bold;\"><a href=\"https:\/\/www.legalvision.fr\/guides-juridiques\/?p=15356&amp;elementor-preview=15356&amp;ver=1706795099#V\">Changement code NAF (objet social) : la publication d&rsquo;une annonce l\u00e9gale<\/a><\/span><br \/><span style=\"font-weight: bold;\"><a href=\"https:\/\/www.legalvision.fr\/guides-juridiques\/?p=15356&amp;elementor-preview=15356&amp;ver=1706795099#VI\">Changement code NAF (objet social) : le d\u00e9p\u00f4t au greffe<\/a><\/span><\/p><p style=\"line-height: var(--wp--typography--line-height,var(--global--line-height-body)); font-family: var(--e-global-typography-primary-font-family);\">\u00a0<\/p>\t\t\t\t\t\t\t\t<\/div>\n\t\t\t\t<\/div>\n\t\t\t\t\t<\/div>\n\t\t\t\t<\/div>\n\t\t<div data-particle_enable=\"false\" data-particle-mobile-disabled=\"false\" class=\"elementor-element elementor-element-3ec8d474 e-flex e-con-boxed e-con e-parent\" data-id=\"3ec8d474\" data-element_type=\"container\" data-e-type=\"container\">\n\t\t\t\t\t<div class=\"e-con-inner\">\n\t\t\t\t<div class=\"elementor-element elementor-element-15b6c32b elementor-widget elementor-widget-heading\" data-id=\"15b6c32b\" data-element_type=\"widget\" data-e-type=\"widget\" data-widget_type=\"heading.default\">\n\t\t\t\t<div class=\"elementor-widget-container\">\n\t\t\t\t\t<h2 class=\"elementor-heading-title elementor-size-default\">Nos outils pour vous aider : <\/h2>\t\t\t\t<\/div>\n\t\t\t\t<\/div>\n\t\t\t\t\t<\/div>\n\t\t\t\t<\/div>\n\t\t<div data-particle_enable=\"false\" data-particle-mobile-disabled=\"false\" class=\"elementor-element elementor-element-51c3d70a e-flex e-con-boxed e-con e-parent\" data-id=\"51c3d70a\" data-element_type=\"container\" data-e-type=\"container\">\n\t\t\t\t\t<div class=\"e-con-inner\">\n\t\t<div data-particle_enable=\"false\" data-particle-mobile-disabled=\"false\" class=\"elementor-element elementor-element-29611b3b e-con-full e-flex e-con e-child\" data-id=\"29611b3b\" data-element_type=\"container\" data-e-type=\"container\">\n\t\t\t\t<div class=\"elementor-element elementor-element-f8c5fd0 elementor-widget elementor-widget-button\" data-id=\"f8c5fd0\" data-element_type=\"widget\" data-e-type=\"widget\" data-widget_type=\"button.default\">\n\t\t\t\t<div class=\"elementor-widget-container\">\n\t\t\t\t\t\t\t\t\t<div class=\"elementor-button-wrapper\">\n\t\t\t\t\t<a class=\"elementor-button elementor-button-link elementor-size-sm\" href=\"https:\/\/leonard.fr\/juridique\/modification-societe\/changer-dactivite\/?utm_source=blog&#038;utm_medium=CTA&#038;utm_campaign=comment_realiser_changement_code_naf&#038;utm_id=changement_objet_blog\" target=\"_blank\">\n\t\t\t\t\t\t<span class=\"elementor-button-content-wrapper\">\n\t\t\t\t\t\t\t\t\t<span class=\"elementor-button-text\">Modifiez votre activit\u00e9 en ligne<\/span>\n\t\t\t\t\t<\/span>\n\t\t\t\t\t<\/a>\n\t\t\t\t<\/div>\n\t\t\t\t\t\t\t\t<\/div>\n\t\t\t\t<\/div>\n\t\t\t\t<\/div>\n\t\t<div data-particle_enable=\"false\" data-particle-mobile-disabled=\"false\" class=\"elementor-element elementor-element-48c4bc7 e-con-full e-flex e-con e-child\" data-id=\"48c4bc7\" data-element_type=\"container\" data-e-type=\"container\">\n\t\t\t\t<div class=\"elementor-element elementor-element-3892f14d elementor-widget elementor-widget-button\" data-id=\"3892f14d\" data-element_type=\"widget\" data-e-type=\"widget\" data-widget_type=\"button.default\">\n\t\t\t\t<div class=\"elementor-widget-container\">\n\t\t\t\t\t\t\t\t\t<div class=\"elementor-button-wrapper\">\n\t\t\t\t\t<a class=\"elementor-button elementor-button-link elementor-size-sm\" href=\"https:\/\/meetings.hubspot.com\/global\/leonard-rendez-vous-gratuit-avec-un-juriste?utm_source=blog&#038;utm_medium=CTA&#038;utm_campaign=comment_realiser_changement_code_naf&#038;utm_id=changement_objet_blog\" target=\"_blank\">\n\t\t\t\t\t\t<span class=\"elementor-button-content-wrapper\">\n\t\t\t\t\t\t\t\t\t<span class=\"elementor-button-text\">Soyez rappel\u00e9 par un juriste gratuitement<\/span>\n\t\t\t\t\t<\/span>\n\t\t\t\t\t<\/a>\n\t\t\t\t<\/div>\n\t\t\t\t\t\t\t\t<\/div>\n\t\t\t\t<\/div>\n\t\t\t\t<\/div>\n\t\t<div data-particle_enable=\"false\" data-particle-mobile-disabled=\"false\" class=\"elementor-element elementor-element-746e696f e-con-full e-flex e-con e-child\" data-id=\"746e696f\" data-element_type=\"container\" data-e-type=\"container\">\n\t\t\t\t<div class=\"elementor-element elementor-element-5110c151 elementor-widget elementor-widget-button\" data-id=\"5110c151\" data-element_type=\"widget\" data-e-type=\"widget\" data-widget_type=\"button.default\">\n\t\t\t\t<div class=\"elementor-widget-container\">\n\t\t\t\t\t\t\t\t\t<div class=\"elementor-button-wrapper\">\n\t\t\t\t\t<a class=\"elementor-button elementor-button-link elementor-size-sm\" href=\"https:\/\/share.hsforms.com\/1MCz4iJkPSsaIbYWlbzl6vw1oyza?utm_source=blog&#038;utm_medium=CTA&#038;utm_campaign=comment_realiser_changement_code_naf&#038;utm_id=changement_objet_blog\" target=\"_blank\">\n\t\t\t\t\t\t<span class=\"elementor-button-content-wrapper\">\n\t\t\t\t\t\t\t\t\t<span class=\"elementor-button-text\">Obtenez votre annonce l\u00e9gale<\/span>\n\t\t\t\t\t<\/span>\n\t\t\t\t\t<\/a>\n\t\t\t\t<\/div>\n\t\t\t\t\t\t\t\t<\/div>\n\t\t\t\t<\/div>\n\t\t\t\t<\/div>\n\t\t\t\t\t<\/div>\n\t\t\t\t<\/div>\n\t\t<div data-particle_enable=\"false\" data-particle-mobile-disabled=\"false\" class=\"elementor-element elementor-element-4c9ef224 e-flex e-con-boxed e-con e-parent\" data-id=\"4c9ef224\" data-element_type=\"container\" data-e-type=\"container\">\n\t\t\t\t\t<div class=\"e-con-inner\">\n\t\t\t\t<div class=\"elementor-element elementor-element-45a8b273 elementor-widget elementor-widget-text-editor\" data-id=\"45a8b273\" data-element_type=\"widget\" data-e-type=\"widget\" data-widget_type=\"text-editor.default\">\n\t\t\t\t<div class=\"elementor-widget-container\">\n\t\t\t\t\t\t\t\t\t<h2 id=\"I\">\u00a0<\/h2><h2 id=\"I\">\u00a0<\/h2><h2 id=\"I\">Comment le code NAF ou APE sont-ils attribu\u00e9s ?<\/h2><p>Ce code NAF ou APE est d\u00e9livr\u00e9 par l&rsquo;<a href=\"https:\/\/www.insee.fr\/fr\/accueil\">Institut national de la statistique et des \u00e9tudes \u00e9conomiques (Insee)<\/a> lors de l&rsquo;<strong>immatriculation votre entreprise<\/strong>. Cependant, malgr\u00e9 l&rsquo;existence de cette nomenclature, les codes NAF et APE n&rsquo;ont aucune valeur juridique. C&rsquo;est l&rsquo;activit\u00e9 r\u00e9elle qui sera prise en compte, c&rsquo;est notamment le cas pour la d\u00e9termination de la convention collective applicable.<\/p><h2 id=\"II\">\u00a0<\/h2><h2 id=\"II\">Comment est d\u00e9termin\u00e9e l&rsquo;activit\u00e9 principale ?<\/h2><p>Cette question se pose notamment en cas de pluralit\u00e9 d&rsquo;activit\u00e9s. 3 situations sont \u00e0 distinguer :<\/p><ul><li><strong>Une multitude d&rsquo;activit\u00e9s industrielles<\/strong>\u00a0: c&rsquo;est l&rsquo;activit\u00e9 qui\u00a0<strong>implique le plus de salari\u00e9s<\/strong>\u00a0qui est consid\u00e9r\u00e9e comme activit\u00e9 principale.<\/li><\/ul><div><span style=\"font-family: Montserrat;\">\u00a0<\/span><\/div><ul><li>De\u00a0<strong>multiples activit\u00e9s commerciales et\/ou prestations de servic<\/strong>e : l&rsquo;activit\u00e9 ayant le chiffre d&rsquo;affaires le plus \u00e9lev\u00e9 est l&rsquo;activit\u00e9 principale.<\/li><\/ul><div><span style=\"font-family: Montserrat;\">\u00a0<\/span><\/div><ul><li><span style=\"font-family: var(--e-global-typography-primary-font-family); text-align: var(--text-align); background-color: var( --e-global-color-f8847cf ); color: var( --e-global-color-text ); font-size: var( --e-global-typography-text-font-size ); font-style: var( --e-global-typography-text-font-style ); font-weight: var( --e-global-typography-text-font-weight ); text-transform: var( --e-global-typography-text-text-transform );\">Si l&rsquo;entreprise exerce \u00e0 la fois une<\/span><strong style=\"font-family: var(--e-global-typography-primary-font-family); text-align: var(--text-align); background-color: var( --e-global-color-f8847cf ); color: var( --e-global-color-text ); font-size: var( --e-global-typography-text-font-size ); font-style: var( --e-global-typography-text-font-style ); text-transform: var( --e-global-typography-text-text-transform );\">\u00a0activit\u00e9 commerciale et une activit\u00e9 industrielle<\/strong><span style=\"font-family: var(--e-global-typography-primary-font-family); text-align: var(--text-align); background-color: var( --e-global-color-f8847cf ); color: var( --e-global-color-text ); font-size: var( --e-global-typography-text-font-size ); font-style: var( --e-global-typography-text-font-style ); font-weight: var( --e-global-typography-text-font-weight ); text-transform: var( --e-global-typography-text-text-transform );\">\u00a0: encore une fois on regarde le chiffre d&rsquo;affaires de chaque activit\u00e9. Si la part du chiffre d&rsquo;affaires de l&rsquo;activit\u00e9 industrielle repr\u00e9sente 25% ou plus du CA total, alors l&rsquo;activit\u00e9 est industrielle.<\/span><\/li><\/ul><p>Il convient pour une entreprise d&rsquo;avoir un code NAF correspondant \u00e0 son activit\u00e9. Pourtant, il est possible que le code NAF ne corresponde pas \u00e0 l&rsquo;activit\u00e9 r\u00e9ellement exerc\u00e9e.<\/p><h2 id=\"III\">\u00a0<\/h2><h2 id=\"III\">Comment changer de code NAF ?<\/h2><p>Cela peut \u00eatre d\u00fb \u00e0 une erreur\u00a0d&rsquo;attribution de\u00a0l&rsquo;INSEE. Si l&rsquo;activit\u00e9 principale et\u00a0le code APE ne correspondent pas, il convient alors de contacter par courrier postal ou \u00e9lectronique la direction r\u00e9gionale comp\u00e9tente de votre ressort. Le courrier doit demander le changement code NAF.<\/p><p>Cependant si l&rsquo;absence de correspondance est due \u00e0 un changement du domaine d&rsquo;activit\u00e9 de l&rsquo;entreprise, alors il convient de demander la modification code NAF aupr\u00e8s du Greffe du Tribunal de Commerce ou\u00a0au\u00a0<a href=\"https:\/\/www.economie.gouv.fr\/entreprises\/cfe-centre-formalites-entreprises\">centre de formalit\u00e9s des entreprises (CFE<\/a>)\u00a0comp\u00e9tent.<\/p><p>La demande de modification passe donc par le respect de la proc\u00e9dure.<\/p><p>Deux situations sont possibles :<\/p><ul><li>La\u00a0<a href=\"https:\/\/blog.legalvision.fr\/2019\/03\/23\/modification-de-l-activite-sans-modification-d-objet-social\/\">modification de l&rsquo;activit\u00e9 sans modification d&rsquo;objet social<\/a>.<\/li><\/ul><div><span style=\"font-family: Montserrat;\">\u00a0<\/span><\/div><ul><li>La modification d&rsquo;activit\u00e9 principale entra\u00eenant modification de l&rsquo;objet social. C&rsquo;est le cas le plus courant.<\/li><\/ul><p>Ainsi,\u00a0la modification de l&rsquo;activit\u00e9 principale passe souvent par la modification de\u00a0l&rsquo;objet social et donc des statuts. Pour rappel, une soci\u00e9t\u00e9 ne peut\u00a0pas exercer une activit\u00e9 non pr\u00e9vue par ses statuts.<\/p><h2 id=\"IV\">\u00a0<\/h2><h2 id=\"IV\">Changement code NAF (objet social) : la d\u00e9cision de modification<\/h2><p>Comment changer le code NAF d&rsquo;une entreprise ? Le changement d&rsquo;activit\u00e9 entra\u00eenant un changement d\u2019objet social, il entra\u00eene donc une modification des statuts. Ainsi, comme pour toute modification statutaire, le changement d&rsquo;activit\u00e9 passe par la prise d&rsquo;une d\u00e9cision et un <a href=\"https:\/\/www.legalvision.fr\/modification-statuts\/pv-assemblee-generale\/\">proc\u00e8s-verbal (PV)<\/a>.<\/p><p>Pour une SAS, la d\u00e9cision fait l&rsquo;objet d&rsquo;une r\u00e9solution prise en <a href=\"https:\/\/blog.legalvision.fr\/2018\/07\/29\/assemblee-generale\/\">assembl\u00e9e g\u00e9n\u00e9rale<\/a>.\u00a0 Il est cependant possible de pr\u00e9voir dans les statuts que le pr\u00e9sident ou un associ\u00e9\u00a0identifi\u00e9 peut prendre la d\u00e9cision.<\/p><p>Pour une SARL, il faut forc\u00e9ment passer par une\u00a0assembl\u00e9e g\u00e9n\u00e9rale\u00a0l\u2019extraordinaire (AGE) avec les modalit\u00e9s de vote et de quorum n\u00e9cessaire :<\/p><ul><li>SARL immatricul\u00e9e\u00a0<strong>avant le 4 ao\u00fbt 2005 :<\/strong>\u00a0le\u00a0<strong>changement code NAF (objet social)\u00a0<\/strong>requiert une majorit\u00e9 des 3\/4 des parts sociales, aucun quorum d\u2019associ\u00e9s ;<\/li><\/ul><div><span style=\"font-family: Montserrat;\">\u00a0<\/span><\/div><ul><li>SARL immatricul\u00e9e \u00e0<strong>\u00a0partir du 4 ao\u00fbt 2005 :<\/strong>\u00a0le <strong>changement code NAF (objet social)<\/strong>\u00a0requiert une majorit\u00e9 des 2\/3 des parts sociales des associ\u00e9s pr\u00e9sents ou repr\u00e9sent\u00e9s. Sur la premi\u00e8re convocation, 1\/4 des parts sociales doivent \u00eatre pr\u00e9sentes ou repr\u00e9sent\u00e9es. Ce quorum est abaiss\u00e9 \u00e0 1\/5 des parts sociales pr\u00e9sentes ou repr\u00e9sent\u00e9es lors de la seconde convocation.<\/li><\/ul><p><span style=\"font-family: var(--e-global-typography-primary-font-family); text-align: var(--text-align); background-color: var( --e-global-color-f8847cf ); color: var( --e-global-color-text ); font-size: var( --e-global-typography-text-font-size ); font-style: var( --e-global-typography-text-font-style ); font-weight: var( --e-global-typography-text-font-weight ); text-transform: var( --e-global-typography-text-text-transform );\">Il faudra deux r\u00e9solutions :<\/span><\/p><ul><li>Une r\u00e9solution pr\u00e9voyant la modification de l&rsquo;objet social.<\/li><\/ul><div><span style=\"font-family: Montserrat;\">\u00a0<\/span><\/div><ul><li>Une r\u00e9solution pr\u00e9voyant la modification des statuts.<\/li><\/ul><p>La r\u00e9solution retranscrite dans le PV devra pr\u00e9ciser si la modification r\u00e9sulte d&rsquo;une\u00a0<strong>adjonction d\u2019activit\u00e9 ou d\u2019une modification totale<\/strong>. Il est recommand\u00e9 au pr\u00e9alable de rechercher l&rsquo;intitul\u00e9 exact des nouvelles activit\u00e9s avec les codes APE correspondants. Cela permet d&rsquo;anticiper son\u00a0<strong>changement code NAF\u00a0<\/strong>en indiquant la nouvelle activit\u00e9 et le code dans la r\u00e9solution.<\/p><p>Il faut ensuite modifier l&rsquo;article des statuts. Il n&rsquo;est pas n\u00e9cessaire de mettre le code NAF des nouvelles activit\u00e9s.<\/p><h2 id=\"V\">\u00a0<\/h2><h2 id=\"V\">Changement code NAF (objet social) : la publication d&rsquo;une annonce l\u00e9gale<\/h2><p>La suite de la proc\u00e9dure de changement code NAF avec <a href=\"https:\/\/www.legalvision.fr\/modification-statuts\/modification-objet-social\/\">modification d&rsquo;objet social<\/a> comprend la\u00a0publication d\u2019une annonce l\u00e9gale.<\/p><p>L&rsquo;<a href=\"https:\/\/blog.legalvision.fr\/2018\/09\/18\/publication-annonce-legale-en-24h\/\">annonce l\u00e9gale<\/a> doit ainsi contenir les informations suivantes :<\/p><ul><li>La date de la d\u00e9cision.<\/li><\/ul><div><span style=\"font-family: Montserrat;\">\u00a0<\/span><\/div><ul><li>L&rsquo;organe comp\u00e9tent ayant pris la d\u00e9cision (AGE, associ\u00e9 unique, g\u00e9rant).<\/li><\/ul><div><span style=\"font-family: Montserrat;\">\u00a0<\/span><\/div><ul><li><span style=\"font-family: var(--e-global-typography-primary-font-family); text-align: var(--text-align); background-color: var( --e-global-color-f8847cf ); color: var( --e-global-color-text ); font-size: var( --e-global-typography-text-font-size ); font-style: var( --e-global-typography-text-font-style ); font-weight: var( --e-global-typography-text-font-weight ); text-transform: var( --e-global-typography-text-text-transform );\">La forme juridique de la soci\u00e9t\u00e9, sa d\u00e9nomination sociale, son capital social.<\/span><\/li><\/ul><div><span style=\"font-family: Montserrat;\">\u00a0<\/span><\/div><ul><li>Son num\u00e9ro d&rsquo;identification au R.C.S (SIREN) et le R.C.S comp\u00e9tent.<\/li><\/ul><div><span style=\"font-family: Montserrat;\">\u00a0<\/span><\/div><ul><li>L&rsquo;objectif de l&rsquo;annonce l\u00e9gale, dans ce cas la modification de l&rsquo;objet social.<\/li><\/ul><div><span style=\"font-family: Montserrat;\">\u00a0<\/span><\/div><ul><li>Le changement effectu\u00e9 (modification ou adjonction) avec le nouvel objet social.<\/li><\/ul><div><span style=\"font-family: Montserrat;\">\u00a0<\/span><\/div><ul><li><span style=\"font-family: var(--e-global-typography-primary-font-family); text-align: var(--text-align); background-color: var( --e-global-color-f8847cf ); color: var( --e-global-color-text ); font-size: var( --e-global-typography-text-font-size ); font-style: var( --e-global-typography-text-font-style ); font-weight: var( --e-global-typography-text-font-weight ); text-transform: var( --e-global-typography-text-text-transform );\">La date d&rsquo;effet si elle est diff\u00e9rente de la date d&rsquo;AG.<\/span><\/li><\/ul><p>A l&rsquo;issue de la validation de la publication, le repr\u00e9sentant l\u00e9gal se verra remettre une attestation de publication.<\/p><p>Il faut cependant noter que la publication d&rsquo;une annonce l\u00e9gale engendre un co\u00fbt compris entre 150 et 300 euros.<\/p><h2 id=\"VI\">\u00a0<\/h2><h2 id=\"VI\">Changement code NAF (objet social) : le d\u00e9p\u00f4t au greffe<\/h2><p>Quand l&rsquo;annonce est publi\u00e9e et l&rsquo;attestation de publication remise au repr\u00e9sentant ou son mandataire, il convient de faire le <strong>d\u00e9p\u00f4t au greffe<\/strong> de la <a href=\"https:\/\/www.legalvision.fr\/ajouter-une-activite-sur-le-kbis\/\">demande de modification d&rsquo;activit\u00e9<\/a> entra\u00eenant la modification de l&rsquo;objet social.<\/p><p>Ainsi, les documents suivants doivent \u00eatre envoy\u00e9s au greffe du tribunal de commerce comp\u00e9tent :<\/p><ul><li>Un exemplaire du PV d&rsquo;AG ou de la d\u00e9cision de l&rsquo;associ\u00e9 unique\/g\u00e9rant.<\/li><\/ul><div><span style=\"font-family: Montserrat;\">\u00a0<\/span><\/div><ul><li><span style=\"font-family: var(--e-global-typography-primary-font-family); text-align: var(--text-align); background-color: var( --e-global-color-f8847cf ); color: var( --e-global-color-text ); font-size: var( --e-global-typography-text-font-size ); font-style: var( --e-global-typography-text-font-style ); font-weight: var( --e-global-typography-text-font-weight ); text-transform: var( --e-global-typography-text-text-transform );\">Une copie des statuts \u00e0 jour de la modification de l&rsquo;objet social.<\/span><\/li><\/ul><div><span style=\"font-family: Montserrat;\">\u00a0<\/span><\/div><ul><li>Une attestation de parution d&rsquo;une annonce l\u00e9gale.<\/li><\/ul><div><span style=\"font-family: Montserrat;\">\u00a0<\/span><\/div><ul><li>Un formulaire compl\u00e9t\u00e9 et sign\u00e9.<\/li><\/ul><p>Le formulaire devra pr\u00e9ciser la nouvelle activit\u00e9. En cas de modification totale de l&rsquo;objet social il faudra mettre les nouvelles uniquement. En cas\u00a0<a href=\"https:\/\/blog.legalvision.fr\/2018\/05\/20\/extension-de-lobjet-social\/\">d&rsquo;extension<\/a>\u00a0de l&rsquo;objet social, il faudra rajouter les nouvelles activit\u00e9s. Il ne faut cependant pas indiquer le code NAF.<\/p><p>Enfin, le changement code NAF passe aussi par la pr\u00e9cision de l&rsquo;activit\u00e9 principale sur le <a href=\"https:\/\/www.infogreffe.fr\/documents\/10179\/21271\/Formulaire+M2\/52be97d3-2b92-4c3c-833a-28f634f269da\">formulaire M2<\/a>. Il ne faut indiquer le Code NAF mais \u00eatre pr\u00e9cis. En effet le Code APE n&rsquo;est pas attribu\u00e9 par le greffe du Tribunal de Commerce mais par l&rsquo;INSEE. Ainsi, la demande leur sera \u00e9galement transmise et ils auront la charge du changement code NAF et de l&rsquo;attribution du nouveau.<\/p><div class=\"wp-block-button\" style=\"text-align: center;\">\u00a0<\/div><div class=\"wp-block-button\" style=\"text-align: center;\">\u00a0<\/div><div class=\"wp-block-button\" style=\"text-align: center;\">\u00a0<\/div><div class=\"wp-block-button\" style=\"text-align: center;\">\u00a0<\/div><div class=\"wp-block-button\" style=\"text-align: center;\">\u00a0<\/div><div class=\"wp-block-button\" style=\"text-align: center;\">\u00a0<\/div><div class=\"wp-block-button\" style=\"text-align: center;\"><a class=\"wp-block-button__link has-background\" href=\"https:\/\/leonard.fr\/juridique\/modification-societe\/changer-dactivite\/?utm_source=blog&amp;utm_medium=CTA&amp;utm_campaign=comment_realiser_changement_code_naf&amp;utm_id=changement_objet_blog\">Modifiez votre activit\u00e9 en ligne<\/a><\/div>\t\t\t\t\t\t\t\t<\/div>\n\t\t\t\t<\/div>\n\t\t\t\t\t<\/div>\n\t\t\t\t<\/div>\n\t\t\t\t<\/div>\n\t\t","protected":false},"excerpt":{"rendered":"<p>Le changement code NAF (nomenclature d\u2019activit\u00e9 fran\u00e7aise) ou code APE (code d&rsquo;activit\u00e9 principale) constitue une\u00a0modification\u00a0de l&rsquo;activit\u00e9 d&rsquo;une entreprise. Le code\u00a0nomenclature d\u2019activit\u00e9 fran\u00e7aise &#8211; ou\u00a0code d&rsquo;activit\u00e9 principale &#8211; constitue une indication de l&rsquo;activit\u00e9 de votre entreprise. En effet, compos\u00e9 de quatre chiffres et d&rsquo;une lettre, le code\u00a0nomenclature d\u2019activit\u00e9 fran\u00e7aise\u00a0permet\u00a0l&rsquo;identification\u00a0la branche d&rsquo;activit\u00e9 principale d&rsquo;une entreprise ou d&rsquo;un&hellip; <a class=\"more-link\" href=\"https:\/\/www.legalvision.fr\/guides-juridiques\/modifier-ses-statuts\/changement-code-naf-en-24h\/\">Poursuivre la lecture <span class=\"screen-reader-text\">Comment r\u00e9aliser le changement de code NAF de votre entreprise ?<\/span><\/a><\/p>\n","protected":false},"author":30,"featured_media":24414,"comment_status":"open","ping_status":"open","sticky":false,"template":"","format":"standard","meta":{"content-type":"","inline_featured_image":false,"footnotes":""},"categories":[2494],"tags":[],"class_list":["post-15356","post","type-post","status-publish","format-standard","has-post-thumbnail","hentry","category-modifier-ses-statuts","entry"],"yoast_head":"<!-- This site is optimized with the Yoast SEO plugin v27.1.1 - https:\/\/yoast.com\/product\/yoast-seo-wordpress\/ -->\n<title>Changement code NAF : tout savoir pour le r\u00e9ussir en 24h !<\/title>\n<meta name=\"description\" content=\"Vous souhaitez obtenir le changement code NAF suite \u00e0 un changement d&#039;activit\u00e9 ? Alors cet article est fait pour vous ! Changez votre code NAF facilement.\" \/>\n<meta name=\"robots\" content=\"index, follow, max-snippet:-1, max-image-preview:large, max-video-preview:-1\" \/>\n<link rel=\"canonical\" href=\"https:\/\/www.legalvision.fr\/guides-juridiques\/modifier-ses-statuts\/changement-code-naf-en-24h\/\" \/>\n<meta property=\"og:locale\" content=\"fr_FR\" \/>\n<meta property=\"og:type\" content=\"article\" \/>\n<meta property=\"og:title\" content=\"Changement code NAF : tout savoir pour le r\u00e9ussir en 24h !\" \/>\n<meta property=\"og:description\" content=\"Vous souhaitez obtenir le changement code NAF suite \u00e0 un changement d&#039;activit\u00e9 ? Alors cet article est fait pour vous ! Changez votre code NAF facilement.\" \/>\n<meta property=\"og:url\" content=\"https:\/\/www.legalvision.fr\/guides-juridiques\/modifier-ses-statuts\/changement-code-naf-en-24h\/\" \/>\n<meta property=\"og:site_name\" content=\"Guides juridiques\" \/>\n<meta property=\"article:published_time\" content=\"2019-05-22T06:30:23+00:00\" \/>\n<meta property=\"article:modified_time\" content=\"2024-02-01T13:52:04+00:00\" \/>\n<meta property=\"og:image\" content=\"https:\/\/www.legalvision.fr\/guides-juridiques\/wp-content\/uploads\/2019\/05\/changement-code-NAF.jpg\" \/>\n\t<meta property=\"og:image:width\" content=\"958\" \/>\n\t<meta property=\"og:image:height\" content=\"350\" \/>\n\t<meta property=\"og:image:type\" content=\"image\/jpeg\" \/>\n<meta name=\"author\" content=\"William Lebrun\" \/>\n<meta name=\"twitter:card\" content=\"summary_large_image\" \/>\n<meta name=\"twitter:label1\" content=\"\u00c9crit par\" \/>\n\t<meta name=\"twitter:data1\" content=\"William Lebrun\" \/>\n\t<meta name=\"twitter:label2\" content=\"Dur\u00e9e de lecture estim\u00e9e\" \/>\n\t<meta name=\"twitter:data2\" content=\"7 minutes\" \/>\n<script type=\"application\/ld+json\" class=\"yoast-schema-graph\">{\"@context\":\"https:\/\/schema.org\",\"@graph\":[{\"@type\":\"Article\",\"@id\":\"https:\/\/www.legalvision.fr\/guides-juridiques\/modifier-ses-statuts\/changement-code-naf-en-24h\/#article\",\"isPartOf\":{\"@id\":\"https:\/\/www.legalvision.fr\/guides-juridiques\/modifier-ses-statuts\/changement-code-naf-en-24h\/\"},\"author\":{\"name\":\"William Lebrun\",\"@id\":\"https:\/\/www.legalvision.fr\/guides-juridiques\/#\/schema\/person\/3d24d0c20575138ed212b2e4b6f7b4b0\"},\"headline\":\"Comment r\u00e9aliser le changement de code NAF de votre entreprise ?\",\"datePublished\":\"2019-05-22T06:30:23+00:00\",\"dateModified\":\"2024-02-01T13:52:04+00:00\",\"mainEntityOfPage\":{\"@id\":\"https:\/\/www.legalvision.fr\/guides-juridiques\/modifier-ses-statuts\/changement-code-naf-en-24h\/\"},\"wordCount\":1463,\"commentCount\":0,\"publisher\":{\"@id\":\"https:\/\/www.legalvision.fr\/guides-juridiques\/#organization\"},\"image\":{\"@id\":\"https:\/\/www.legalvision.fr\/guides-juridiques\/modifier-ses-statuts\/changement-code-naf-en-24h\/#primaryimage\"},\"thumbnailUrl\":\"https:\/\/www.legalvision.fr\/guides-juridiques\/wp-content\/uploads\/2019\/05\/changement-code-NAF.jpg\",\"articleSection\":[\"Modifier ses statuts\"],\"inLanguage\":\"fr-FR\",\"potentialAction\":[{\"@type\":\"CommentAction\",\"name\":\"Comment\",\"target\":[\"https:\/\/www.legalvision.fr\/guides-juridiques\/modifier-ses-statuts\/changement-code-naf-en-24h\/#respond\"]}]},{\"@type\":\"WebPage\",\"@id\":\"https:\/\/www.legalvision.fr\/guides-juridiques\/modifier-ses-statuts\/changement-code-naf-en-24h\/\",\"url\":\"https:\/\/www.legalvision.fr\/guides-juridiques\/modifier-ses-statuts\/changement-code-naf-en-24h\/\",\"name\":\"Changement code NAF : tout savoir pour le r\u00e9ussir en 24h !\",\"isPartOf\":{\"@id\":\"https:\/\/www.legalvision.fr\/guides-juridiques\/#website\"},\"primaryImageOfPage\":{\"@id\":\"https:\/\/www.legalvision.fr\/guides-juridiques\/modifier-ses-statuts\/changement-code-naf-en-24h\/#primaryimage\"},\"image\":{\"@id\":\"https:\/\/www.legalvision.fr\/guides-juridiques\/modifier-ses-statuts\/changement-code-naf-en-24h\/#primaryimage\"},\"thumbnailUrl\":\"https:\/\/www.legalvision.fr\/guides-juridiques\/wp-content\/uploads\/2019\/05\/changement-code-NAF.jpg\",\"datePublished\":\"2019-05-22T06:30:23+00:00\",\"dateModified\":\"2024-02-01T13:52:04+00:00\",\"description\":\"Vous souhaitez obtenir le changement code NAF suite \u00e0 un changement d'activit\u00e9 ? Alors cet article est fait pour vous ! Changez votre code NAF facilement.\",\"breadcrumb\":{\"@id\":\"https:\/\/www.legalvision.fr\/guides-juridiques\/modifier-ses-statuts\/changement-code-naf-en-24h\/#breadcrumb\"},\"inLanguage\":\"fr-FR\",\"potentialAction\":[{\"@type\":\"ReadAction\",\"target\":[\"https:\/\/www.legalvision.fr\/guides-juridiques\/modifier-ses-statuts\/changement-code-naf-en-24h\/\"]}]},{\"@type\":\"ImageObject\",\"inLanguage\":\"fr-FR\",\"@id\":\"https:\/\/www.legalvision.fr\/guides-juridiques\/modifier-ses-statuts\/changement-code-naf-en-24h\/#primaryimage\",\"url\":\"https:\/\/www.legalvision.fr\/guides-juridiques\/wp-content\/uploads\/2019\/05\/changement-code-NAF.jpg\",\"contentUrl\":\"https:\/\/www.legalvision.fr\/guides-juridiques\/wp-content\/uploads\/2019\/05\/changement-code-NAF.jpg\",\"width\":958,\"height\":350,\"caption\":\"changement code NAF\"},{\"@type\":\"BreadcrumbList\",\"@id\":\"https:\/\/www.legalvision.fr\/guides-juridiques\/modifier-ses-statuts\/changement-code-naf-en-24h\/#breadcrumb\",\"itemListElement\":[{\"@type\":\"ListItem\",\"position\":1,\"name\":\"Accueil\",\"item\":\"https:\/\/www.legalvision.fr\/guides-juridiques\/\"},{\"@type\":\"ListItem\",\"position\":2,\"name\":\"Modifier ses statuts\",\"item\":\"https:\/\/www.legalvision.fr\/guides-juridiques\/modifier-ses-statuts\/\"},{\"@type\":\"ListItem\",\"position\":3,\"name\":\"Comment r\u00e9aliser le changement de code NAF de votre entreprise ?\"}]},{\"@type\":\"WebSite\",\"@id\":\"https:\/\/www.legalvision.fr\/guides-juridiques\/#website\",\"url\":\"https:\/\/www.legalvision.fr\/guides-juridiques\/\",\"name\":\"Guides juridiques\",\"description\":\"L&#039;information juridique \u00e0 destination des entreprises et TPE\",\"publisher\":{\"@id\":\"https:\/\/www.legalvision.fr\/guides-juridiques\/#organization\"},\"potentialAction\":[{\"@type\":\"SearchAction\",\"target\":{\"@type\":\"EntryPoint\",\"urlTemplate\":\"https:\/\/www.legalvision.fr\/guides-juridiques\/?s={search_term_string}\"},\"query-input\":{\"@type\":\"PropertyValueSpecification\",\"valueRequired\":true,\"valueName\":\"search_term_string\"}}],\"inLanguage\":\"fr-FR\"},{\"@type\":\"Organization\",\"@id\":\"https:\/\/www.legalvision.fr\/guides-juridiques\/#organization\",\"name\":\"Guides juridiques\",\"url\":\"https:\/\/www.legalvision.fr\/guides-juridiques\/\",\"logo\":{\"@type\":\"ImageObject\",\"inLanguage\":\"fr-FR\",\"@id\":\"https:\/\/www.legalvision.fr\/guides-juridiques\/#\/schema\/logo\/image\/\",\"url\":\"https:\/\/www.legalvision.fr\/guides-juridiques\/wp-content\/uploads\/2022\/10\/LV-Logotype.png\",\"contentUrl\":\"https:\/\/www.legalvision.fr\/guides-juridiques\/wp-content\/uploads\/2022\/10\/LV-Logotype.png\",\"width\":647,\"height\":125,\"caption\":\"Guides juridiques\"},\"image\":{\"@id\":\"https:\/\/www.legalvision.fr\/guides-juridiques\/#\/schema\/logo\/image\/\"}},{\"@type\":\"Person\",\"@id\":\"https:\/\/www.legalvision.fr\/guides-juridiques\/#\/schema\/person\/3d24d0c20575138ed212b2e4b6f7b4b0\",\"name\":\"William Lebrun\",\"image\":{\"@type\":\"ImageObject\",\"inLanguage\":\"fr-FR\",\"@id\":\"https:\/\/www.legalvision.fr\/guides-juridiques\/#\/schema\/person\/image\/\",\"url\":\"https:\/\/www.legalvision.fr\/guides-juridiques\/wp-content\/uploads\/2023\/07\/cropped-homme1-96x96.png\",\"contentUrl\":\"https:\/\/www.legalvision.fr\/guides-juridiques\/wp-content\/uploads\/2023\/07\/cropped-homme1-96x96.png\",\"caption\":\"William Lebrun\"},\"description\":\"B\u00e9n\u00e9ficiant de la formation d'un double dipl\u00f4me en droit des affaires et en \u00e9cole de commerce, j'ai un fort attrait pour le droit des soci\u00e9t\u00e9s. Je r\u00e9dige des articles pour vous aider sur vos probl\u00e9matiques.\",\"url\":\"https:\/\/www.legalvision.fr\/guides-juridiques\/author\/aina-rakoto\/\"}]}<\/script>\n<!-- \/ Yoast SEO plugin. -->","yoast_head_json":{"title":"Changement code NAF : tout savoir pour le r\u00e9ussir en 24h !","description":"Vous souhaitez obtenir le changement code NAF suite \u00e0 un changement d'activit\u00e9 ? Alors cet article est fait pour vous ! Changez votre code NAF facilement.","robots":{"index":"index","follow":"follow","max-snippet":"max-snippet:-1","max-image-preview":"max-image-preview:large","max-video-preview":"max-video-preview:-1"},"canonical":"https:\/\/www.legalvision.fr\/guides-juridiques\/modifier-ses-statuts\/changement-code-naf-en-24h\/","og_locale":"fr_FR","og_type":"article","og_title":"Changement code NAF : tout savoir pour le r\u00e9ussir en 24h !","og_description":"Vous souhaitez obtenir le changement code NAF suite \u00e0 un changement d'activit\u00e9 ? Alors cet article est fait pour vous ! Changez votre code NAF facilement.","og_url":"https:\/\/www.legalvision.fr\/guides-juridiques\/modifier-ses-statuts\/changement-code-naf-en-24h\/","og_site_name":"Guides juridiques","article_published_time":"2019-05-22T06:30:23+00:00","article_modified_time":"2024-02-01T13:52:04+00:00","og_image":[{"width":958,"height":350,"url":"https:\/\/www.legalvision.fr\/guides-juridiques\/wp-content\/uploads\/2019\/05\/changement-code-NAF.jpg","type":"image\/jpeg"}],"author":"William Lebrun","twitter_card":"summary_large_image","twitter_misc":{"\u00c9crit par":"William Lebrun","Dur\u00e9e de lecture estim\u00e9e":"7 minutes"},"schema":{"@context":"https:\/\/schema.org","@graph":[{"@type":"Article","@id":"https:\/\/www.legalvision.fr\/guides-juridiques\/modifier-ses-statuts\/changement-code-naf-en-24h\/#article","isPartOf":{"@id":"https:\/\/www.legalvision.fr\/guides-juridiques\/modifier-ses-statuts\/changement-code-naf-en-24h\/"},"author":{"name":"William Lebrun","@id":"https:\/\/www.legalvision.fr\/guides-juridiques\/#\/schema\/person\/3d24d0c20575138ed212b2e4b6f7b4b0"},"headline":"Comment r\u00e9aliser le changement de code NAF de votre entreprise ?","datePublished":"2019-05-22T06:30:23+00:00","dateModified":"2024-02-01T13:52:04+00:00","mainEntityOfPage":{"@id":"https:\/\/www.legalvision.fr\/guides-juridiques\/modifier-ses-statuts\/changement-code-naf-en-24h\/"},"wordCount":1463,"commentCount":0,"publisher":{"@id":"https:\/\/www.legalvision.fr\/guides-juridiques\/#organization"},"image":{"@id":"https:\/\/www.legalvision.fr\/guides-juridiques\/modifier-ses-statuts\/changement-code-naf-en-24h\/#primaryimage"},"thumbnailUrl":"https:\/\/www.legalvision.fr\/guides-juridiques\/wp-content\/uploads\/2019\/05\/changement-code-NAF.jpg","articleSection":["Modifier ses statuts"],"inLanguage":"fr-FR","potentialAction":[{"@type":"CommentAction","name":"Comment","target":["https:\/\/www.legalvision.fr\/guides-juridiques\/modifier-ses-statuts\/changement-code-naf-en-24h\/#respond"]}]},{"@type":"WebPage","@id":"https:\/\/www.legalvision.fr\/guides-juridiques\/modifier-ses-statuts\/changement-code-naf-en-24h\/","url":"https:\/\/www.legalvision.fr\/guides-juridiques\/modifier-ses-statuts\/changement-code-naf-en-24h\/","name":"Changement code NAF : tout savoir pour le r\u00e9ussir en 24h !","isPartOf":{"@id":"https:\/\/www.legalvision.fr\/guides-juridiques\/#website"},"primaryImageOfPage":{"@id":"https:\/\/www.legalvision.fr\/guides-juridiques\/modifier-ses-statuts\/changement-code-naf-en-24h\/#primaryimage"},"image":{"@id":"https:\/\/www.legalvision.fr\/guides-juridiques\/modifier-ses-statuts\/changement-code-naf-en-24h\/#primaryimage"},"thumbnailUrl":"https:\/\/www.legalvision.fr\/guides-juridiques\/wp-content\/uploads\/2019\/05\/changement-code-NAF.jpg","datePublished":"2019-05-22T06:30:23+00:00","dateModified":"2024-02-01T13:52:04+00:00","description":"Vous souhaitez obtenir le changement code NAF suite \u00e0 un changement d'activit\u00e9 ? Alors cet article est fait pour vous ! Changez votre code NAF facilement.","breadcrumb":{"@id":"https:\/\/www.legalvision.fr\/guides-juridiques\/modifier-ses-statuts\/changement-code-naf-en-24h\/#breadcrumb"},"inLanguage":"fr-FR","potentialAction":[{"@type":"ReadAction","target":["https:\/\/www.legalvision.fr\/guides-juridiques\/modifier-ses-statuts\/changement-code-naf-en-24h\/"]}]},{"@type":"ImageObject","inLanguage":"fr-FR","@id":"https:\/\/www.legalvision.fr\/guides-juridiques\/modifier-ses-statuts\/changement-code-naf-en-24h\/#primaryimage","url":"https:\/\/www.legalvision.fr\/guides-juridiques\/wp-content\/uploads\/2019\/05\/changement-code-NAF.jpg","contentUrl":"https:\/\/www.legalvision.fr\/guides-juridiques\/wp-content\/uploads\/2019\/05\/changement-code-NAF.jpg","width":958,"height":350,"caption":"changement code NAF"},{"@type":"BreadcrumbList","@id":"https:\/\/www.legalvision.fr\/guides-juridiques\/modifier-ses-statuts\/changement-code-naf-en-24h\/#breadcrumb","itemListElement":[{"@type":"ListItem","position":1,"name":"Accueil","item":"https:\/\/www.legalvision.fr\/guides-juridiques\/"},{"@type":"ListItem","position":2,"name":"Modifier ses statuts","item":"https:\/\/www.legalvision.fr\/guides-juridiques\/modifier-ses-statuts\/"},{"@type":"ListItem","position":3,"name":"Comment r\u00e9aliser le changement de code NAF de votre entreprise ?"}]},{"@type":"WebSite","@id":"https:\/\/www.legalvision.fr\/guides-juridiques\/#website","url":"https:\/\/www.legalvision.fr\/guides-juridiques\/","name":"Guides juridiques","description":"L&#039;information juridique \u00e0 destination des entreprises et TPE","publisher":{"@id":"https:\/\/www.legalvision.fr\/guides-juridiques\/#organization"},"potentialAction":[{"@type":"SearchAction","target":{"@type":"EntryPoint","urlTemplate":"https:\/\/www.legalvision.fr\/guides-juridiques\/?s={search_term_string}"},"query-input":{"@type":"PropertyValueSpecification","valueRequired":true,"valueName":"search_term_string"}}],"inLanguage":"fr-FR"},{"@type":"Organization","@id":"https:\/\/www.legalvision.fr\/guides-juridiques\/#organization","name":"Guides juridiques","url":"https:\/\/www.legalvision.fr\/guides-juridiques\/","logo":{"@type":"ImageObject","inLanguage":"fr-FR","@id":"https:\/\/www.legalvision.fr\/guides-juridiques\/#\/schema\/logo\/image\/","url":"https:\/\/www.legalvision.fr\/guides-juridiques\/wp-content\/uploads\/2022\/10\/LV-Logotype.png","contentUrl":"https:\/\/www.legalvision.fr\/guides-juridiques\/wp-content\/uploads\/2022\/10\/LV-Logotype.png","width":647,"height":125,"caption":"Guides juridiques"},"image":{"@id":"https:\/\/www.legalvision.fr\/guides-juridiques\/#\/schema\/logo\/image\/"}},{"@type":"Person","@id":"https:\/\/www.legalvision.fr\/guides-juridiques\/#\/schema\/person\/3d24d0c20575138ed212b2e4b6f7b4b0","name":"William Lebrun","image":{"@type":"ImageObject","inLanguage":"fr-FR","@id":"https:\/\/www.legalvision.fr\/guides-juridiques\/#\/schema\/person\/image\/","url":"https:\/\/www.legalvision.fr\/guides-juridiques\/wp-content\/uploads\/2023\/07\/cropped-homme1-96x96.png","contentUrl":"https:\/\/www.legalvision.fr\/guides-juridiques\/wp-content\/uploads\/2023\/07\/cropped-homme1-96x96.png","caption":"William Lebrun"},"description":"B\u00e9n\u00e9ficiant de la formation d'un double dipl\u00f4me en droit des affaires et en \u00e9cole de commerce, j'ai un fort attrait pour le droit des soci\u00e9t\u00e9s. Je r\u00e9dige des articles pour vous aider sur vos probl\u00e9matiques.","url":"https:\/\/www.legalvision.fr\/guides-juridiques\/author\/aina-rakoto\/"}]}},"_links":{"self":[{"href":"https:\/\/www.legalvision.fr\/guides-juridiques\/wp-json\/wp\/v2\/posts\/15356","targetHints":{"allow":["GET"]}}],"collection":[{"href":"https:\/\/www.legalvision.fr\/guides-juridiques\/wp-json\/wp\/v2\/posts"}],"about":[{"href":"https:\/\/www.legalvision.fr\/guides-juridiques\/wp-json\/wp\/v2\/types\/post"}],"author":[{"embeddable":true,"href":"https:\/\/www.legalvision.fr\/guides-juridiques\/wp-json\/wp\/v2\/users\/30"}],"replies":[{"embeddable":true,"href":"https:\/\/www.legalvision.fr\/guides-juridiques\/wp-json\/wp\/v2\/comments?post=15356"}],"version-history":[{"count":18,"href":"https:\/\/www.legalvision.fr\/guides-juridiques\/wp-json\/wp\/v2\/posts\/15356\/revisions"}],"predecessor-version":[{"id":44291,"href":"https:\/\/www.legalvision.fr\/guides-juridiques\/wp-json\/wp\/v2\/posts\/15356\/revisions\/44291"}],"wp:featuredmedia":[{"embeddable":true,"href":"https:\/\/www.legalvision.fr\/guides-juridiques\/wp-json\/wp\/v2\/media\/24414"}],"wp:attachment":[{"href":"https:\/\/www.legalvision.fr\/guides-juridiques\/wp-json\/wp\/v2\/media?parent=15356"}],"wp:term":[{"taxonomy":"category","embeddable":true,"href":"https:\/\/www.legalvision.fr\/guides-juridiques\/wp-json\/wp\/v2\/categories?post=15356"},{"taxonomy":"post_tag","embeddable":true,"href":"https:\/\/www.legalvision.fr\/guides-juridiques\/wp-json\/wp\/v2\/tags?post=15356"}],"curies":[{"name":"wp","href":"https:\/\/api.w.org\/{rel}","templated":true}]}}