{"id":14946,"date":"2019-05-14T07:30:01","date_gmt":"2019-05-14T06:30:01","guid":{"rendered":"https:\/\/blog.legalvision.fr\/?p=14946"},"modified":"2023-11-30T16:12:13","modified_gmt":"2023-11-30T15:12:13","slug":"changement-de-date-de-cloture-premier-exercice-social","status":"publish","type":"post","link":"https:\/\/www.legalvision.fr\/guides-juridiques\/modifier-ses-statuts\/changement-de-date-de-cloture-premier-exercice-social\/","title":{"rendered":"Changer la date de cl\u00f4ture du premier exercice social : int\u00e9r\u00eat et modalit\u00e9s"},"content":{"rendered":"\t\t<div data-elementor-type=\"wp-post\" data-elementor-id=\"14946\" class=\"elementor elementor-14946\" data-elementor-post-type=\"post\">\n\t\t\t\t<div data-particle_enable=\"false\" data-particle-mobile-disabled=\"false\" class=\"elementor-element elementor-element-ac5dbfb e-flex e-con-boxed e-con e-parent\" data-id=\"ac5dbfb\" data-element_type=\"container\" data-e-type=\"container\">\n\t\t\t\t\t<div class=\"e-con-inner\">\n\t\t\t\t<div class=\"elementor-element elementor-element-04df8ca elementor-widget elementor-widget-text-editor\" data-id=\"04df8ca\" data-element_type=\"widget\" data-e-type=\"widget\" data-widget_type=\"text-editor.default\">\n\t\t\t\t<div class=\"elementor-widget-container\">\n\t\t\t\t\t\t\t\t\t<p>Lors de\u00a0la reprise\u00a0ou de la <a href=\"https:\/\/www.legalvision.fr\/creation-dentreprise\/\">cr\u00e9ation\u00a0d&rsquo;une entreprise<\/a>, il\u00a0est int\u00e9ressant\u00a0de proc\u00e9der au\u00a0<strong><a href=\"https:\/\/www.legalvision.fr\/modification-statuts\/changement-date-de-cloture\/\">changement de date\u00a0de cl\u00f4ture<\/a><\/strong>\u00a0du premier exercice\u00a0social. Consid\u00e9r\u00e9 comme une donn\u00e9e essentielle, l&rsquo;<strong>exercice\u00a0social<\/strong> permet de r\u00e9v\u00e9ler\u00a0l&rsquo;<strong>\u00e9tat de sant\u00e9 \u00e9conomique de l&rsquo;entreprise<\/strong>. En effet, il recense l\u2019ensemble des op\u00e9rations qui fondent le bilan d&rsquo;une soci\u00e9t\u00e9 sur\u00a0son ann\u00e9e d&rsquo;activit\u00e9.<\/p><p>En amont, la fin d&rsquo;un exercice\u00a0social implique :<\/p><ul><li>de calculer\u00a0les r\u00e9sultats annuels, les taxes et imp\u00f4ts ;<\/li><li><a href=\"https:\/\/www.legalvision.fr\/depot-des-comptes\/\">de d\u00e9poser les comptes<\/a> afin d&rsquo;\u00eatre \u00e9tablis\u00a0et approuv\u00e9s ;<\/li><li>et de proc\u00e9der \u00e9galement \u00e0 la distribution des b\u00e9n\u00e9fices.<\/li><\/ul><p>Sous forme de\u00a0cycle annuel, l&rsquo;<strong>exercice social<\/strong> dispose d&rsquo;une p\u00e9riode d&rsquo;ouverture et d&rsquo;une p\u00e9riode de cl\u00f4ture.\u00a0Le\u00a0<a href=\"https:\/\/www.legifrance.gouv.fr\/affichCodeArticle.do?cidTexte=LEGITEXT000005634379&amp;idArticle=LEGIARTI000006219304&amp;dateTexte=&amp;categorieLien=cid\">Code de commerce<\/a>, pr\u00e9voit une<strong> dur\u00e9e de 12 mois<\/strong>, une p\u00e9riode dite \u00abnormale\u00bb.<\/p><p>N\u00e9anmoins, \u00e0 la\u00a0cr\u00e9ation ou\u00a0\u00e0 la\u00a0reprise\u00a0d&rsquo;une entreprise, il est difficile de se fier aux \u00e9l\u00e9ments donn\u00e9s par le premier exercice. Tous les vecteurs de l&rsquo;activit\u00e9 ne sont pas n\u00e9cessairement op\u00e9rationnels. C&rsquo;est pourquoi, la loi\u00a0offre la <a href=\"https:\/\/www.service-public.fr\/professionnels-entreprises\/vosdroits\/F32069\">possibilit\u00e9<\/a>\u00a0d&rsquo;effectuer un changement de date de cl\u00f4ture.\u00a0La dur\u00e9e de l&rsquo;exercice social\u00a0peut alors \u00eatre soit sup\u00e9rieure soit inf\u00e9rieure \u00e0\u00a012 mois.<\/p><p>Avant d&rsquo;envisager un changement de date de cl\u00f4ture, il faut analyser certaines donn\u00e9es li\u00e9es \u00e0 l&rsquo;entreprise. Chaque entreprise dispose d&rsquo;une situation diff\u00e9rente que ce soit tant au niveau de l&rsquo;objet, de la p\u00e9riode ou de la fiscalit\u00e9 de son activit\u00e9 (I). La loi\u00a0fixe certaines modalit\u00e9s pour encadrer ce changement\u00a0(II). Une fois que toutes les questions et conditions auront \u00e9t\u00e9 abord\u00e9es, il reste \u00e0 suivre\u00a0la proc\u00e9dure\u00a0li\u00e9e au changement de date\u00a0(III).<\/p><h3>Sommaire :<\/h3><p><strong><a href=\"#I\">Les \u00e9l\u00e9ments \u00e0 consid\u00e9rer lors d&rsquo;un changement de date de cl\u00f4ture<\/a><\/strong><br \/><strong> <a href=\"#II\">Les modalit\u00e9s du changement de date de cl\u00f4ture<\/a><\/strong><br \/><strong> <a href=\"#III\">Les formalit\u00e9s pour proc\u00e9der au changement de date de cl\u00f4ture du premier exercice social<\/a><\/strong><\/p><p>\u00a0<\/p>\t\t\t\t\t\t\t\t<\/div>\n\t\t\t\t<\/div>\n\t\t\t\t\t<\/div>\n\t\t\t\t<\/div>\n\t\t<div data-particle_enable=\"false\" data-particle-mobile-disabled=\"false\" class=\"elementor-element elementor-element-1e7f1871 e-flex e-con-boxed e-con e-parent\" data-id=\"1e7f1871\" data-element_type=\"container\" data-e-type=\"container\">\n\t\t\t\t\t<div class=\"e-con-inner\">\n\t\t\t\t<div class=\"elementor-element elementor-element-4d5918da elementor-widget elementor-widget-heading\" data-id=\"4d5918da\" data-element_type=\"widget\" data-e-type=\"widget\" data-widget_type=\"heading.default\">\n\t\t\t\t<div class=\"elementor-widget-container\">\n\t\t\t\t\t<h2 class=\"elementor-heading-title elementor-size-default\">Nos outils pour vous aider : <\/h2>\t\t\t\t<\/div>\n\t\t\t\t<\/div>\n\t\t\t\t\t<\/div>\n\t\t\t\t<\/div>\n\t\t<div data-particle_enable=\"false\" data-particle-mobile-disabled=\"false\" class=\"elementor-element elementor-element-1fe9a894 e-flex e-con-boxed e-con e-parent\" data-id=\"1fe9a894\" data-element_type=\"container\" data-e-type=\"container\">\n\t\t\t\t\t<div class=\"e-con-inner\">\n\t\t<div data-particle_enable=\"false\" data-particle-mobile-disabled=\"false\" class=\"elementor-element elementor-element-5bca36e8 e-con-full e-flex e-con e-child\" data-id=\"5bca36e8\" data-element_type=\"container\" data-e-type=\"container\">\n\t\t\t\t<div class=\"elementor-element elementor-element-36fb551e elementor-widget elementor-widget-button\" data-id=\"36fb551e\" data-element_type=\"widget\" data-e-type=\"widget\" data-widget_type=\"button.default\">\n\t\t\t\t<div class=\"elementor-widget-container\">\n\t\t\t\t\t\t\t\t\t<div class=\"elementor-button-wrapper\">\n\t\t\t\t\t<a class=\"elementor-button elementor-button-link elementor-size-sm\" href=\"https:\/\/leonard.fr\/juridique\/services\/?utm_source=blog&#038;utm_medium=CTA&#038;utm_campaign=changer_date_cloture_premier_exercice_social_interet_et_modalites&#038;utm_id=services_blog\" target=\"_blank\">\n\t\t\t\t\t\t<span class=\"elementor-button-content-wrapper\">\n\t\t\t\t\t\t\t\t\t<span class=\"elementor-button-text\">Modifier votre soci\u00e9t\u00e9 en ligne<\/span>\n\t\t\t\t\t<\/span>\n\t\t\t\t\t<\/a>\n\t\t\t\t<\/div>\n\t\t\t\t\t\t\t\t<\/div>\n\t\t\t\t<\/div>\n\t\t\t\t<\/div>\n\t\t<div data-particle_enable=\"false\" data-particle-mobile-disabled=\"false\" class=\"elementor-element elementor-element-300caa95 e-con-full e-flex e-con e-child\" data-id=\"300caa95\" data-element_type=\"container\" data-e-type=\"container\">\n\t\t\t\t<div class=\"elementor-element elementor-element-5f41d773 elementor-widget elementor-widget-button\" data-id=\"5f41d773\" data-element_type=\"widget\" data-e-type=\"widget\" data-widget_type=\"button.default\">\n\t\t\t\t<div class=\"elementor-widget-container\">\n\t\t\t\t\t\t\t\t\t<div class=\"elementor-button-wrapper\">\n\t\t\t\t\t<a class=\"elementor-button elementor-button-link elementor-size-sm\" href=\"https:\/\/meetings.hubspot.com\/global\/leonard-rendez-vous-gratuit-avec-un-juriste?utm_source=blog&#038;utm_medium=CTA&#038;utm_campaign=changer_date_cloture_premier_exercice_social_interet_et_modalites&#038;utm_id=services_blog\" target=\"_blank\">\n\t\t\t\t\t\t<span class=\"elementor-button-content-wrapper\">\n\t\t\t\t\t\t\t\t\t<span class=\"elementor-button-text\">Soyez rappel\u00e9 par un juriste gratuitement<\/span>\n\t\t\t\t\t<\/span>\n\t\t\t\t\t<\/a>\n\t\t\t\t<\/div>\n\t\t\t\t\t\t\t\t<\/div>\n\t\t\t\t<\/div>\n\t\t\t\t<\/div>\n\t\t<div data-particle_enable=\"false\" data-particle-mobile-disabled=\"false\" class=\"elementor-element elementor-element-1c987325 e-con-full e-flex e-con e-child\" data-id=\"1c987325\" data-element_type=\"container\" data-e-type=\"container\">\n\t\t\t\t<div class=\"elementor-element elementor-element-9b8999 elementor-widget elementor-widget-button\" data-id=\"9b8999\" data-element_type=\"widget\" data-e-type=\"widget\" data-widget_type=\"button.default\">\n\t\t\t\t<div class=\"elementor-widget-container\">\n\t\t\t\t\t\t\t\t\t<div class=\"elementor-button-wrapper\">\n\t\t\t\t\t<a class=\"elementor-button elementor-button-link elementor-size-sm\" href=\"https:\/\/meetings.hubspot.com\/alexis-egron\/audit-juridique-gratuit?utm_source=blog&#038;utm_medium=CTA&#038;utm_campaign=changer_date_cloture_premier_exercice_social_interet_et_modalites&#038;utm_id=services_blog\" target=\"_blank\">\n\t\t\t\t\t\t<span class=\"elementor-button-content-wrapper\">\n\t\t\t\t\t\t\t\t\t<span class=\"elementor-button-text\">Votre audit juridique gratuit en ligne<\/span>\n\t\t\t\t\t<\/span>\n\t\t\t\t\t<\/a>\n\t\t\t\t<\/div>\n\t\t\t\t\t\t\t\t<\/div>\n\t\t\t\t<\/div>\n\t\t\t\t<\/div>\n\t\t\t\t\t<\/div>\n\t\t\t\t<\/div>\n\t\t<div data-particle_enable=\"false\" data-particle-mobile-disabled=\"false\" class=\"elementor-element elementor-element-767d5643 e-flex e-con-boxed e-con e-parent\" data-id=\"767d5643\" data-element_type=\"container\" data-e-type=\"container\">\n\t\t\t\t\t<div class=\"e-con-inner\">\n\t\t\t\t<div class=\"elementor-element elementor-element-b9dc5c9 elementor-widget elementor-widget-text-editor\" data-id=\"b9dc5c9\" data-element_type=\"widget\" data-e-type=\"widget\" data-widget_type=\"text-editor.default\">\n\t\t\t\t<div class=\"elementor-widget-container\">\n\t\t\t\t\t\t\t\t\t<h2 id=\"I\">\u00a0<\/h2><h2 id=\"I\">Les \u00e9l\u00e9ments\u00a0\u00e0 consid\u00e9rer lors d&rsquo;un changement de date de cl\u00f4ture<\/h2><h3><strong>L&rsquo;activit\u00e9 d\u00e9terminante dans le changement de date de cl\u00f4ture<\/strong><\/h3><p>A\u00a0l&rsquo;exception des activit\u00e9s r\u00e9alisant des <a href=\"https:\/\/www.service-public.fr\/professionnels-entreprises\/vosdroits\/F32105\">B\u00e9n\u00e9fices Non Commerciaux (BNC)<\/a>, toute personne physique ou morale qui r\u00e9alise des\u00a0b\u00e9n\u00e9fices impos\u00e9s dans la cat\u00e9gorie des <a href=\"https:\/\/www.service-public.fr\/professionnels-entreprises\/vosdroits\/F32919\">B\u00e9n\u00e9fices Commerciaux (BC) ou B\u00e9n\u00e9fices Industriels et Commerciaux (BIC)<\/a> peut\u00a0fixer librement une date de cl\u00f4ture pour son premier exercice. Pr\u00e9cisons d&rsquo;une part que cette date ne peut \u00eatre variable, et d&rsquo;autre part qu&rsquo;il existe des <a href=\"https:\/\/www.service-public.fr\/professionnels-entreprises\/vosdroits\/F32069\">conditions de fixation<\/a>\u00a0(voir II).<\/p><p>Par exclusion, cela ne concernera pas les professions lib\u00e9rales soumises aux BNC. Dans un tel cas de figure, la date de cl\u00f4ture est n\u00e9cessairement fix\u00e9e au 31 d\u00e9cembre de chaque ann\u00e9e.<\/p><p>Si aucun exercice comptable n&rsquo;est clos au titre de la premi\u00e8re ann\u00e9e civile pour les structures imposables \u00e0 l\u2019imp\u00f4t sur les revenus (IR), une <strong>liasse fiscale<\/strong>\u00a0(en fonction du statut fiscal : BNC \/ BIC) devra \u00eatre \u00e9tablie afin de reprendre l&rsquo;ensemble des activit\u00e9s qui se seront d\u00e9roul\u00e9es depuis le premier jour d\u2019activit\u00e9 au 31 d\u00e9cembre de la premi\u00e8re ann\u00e9e.<\/p><h3>\u00a0<\/h3><h3>La prise en compte de la p\u00e9riode de r\u00e9alisation de l&rsquo;activit\u00e9 d&rsquo;une entreprise<\/h3><p>Egalement, il est important pour une entreprise de prendre en compte <strong>la p\u00e9riode de r\u00e9alisation des activit\u00e9s<\/strong> dans la fixation de la date de cl\u00f4ture. Logiquement, on favorisera une concordance\u00a0entre\u00a0l&rsquo;exercice comptable et le cycle d&rsquo;exploitation de la soci\u00e9t\u00e9. Ainsi, les performances de l&rsquo;entreprise seront davantage repr\u00e9sent\u00e9es, tant au niveau du\u00a0bilan\u00a0qu&rsquo;\u00e0 travers le\u00a0compte de r\u00e9sultat.<\/p><p>Par ailleurs, en pr\u00e9sence\u00a0d&rsquo;une activit\u00e9 impliquant la gestion\u00a0de stocks, il est pr\u00e9f\u00e9rable d&rsquo;\u00e9tablir la date de cl\u00f4ture\u00a0lorsque\u00a0la tr\u00e9sorerie est au plus haut\u00a0et le niveau des stocks au plus bas.<\/p><h3>\u00a0<\/h3><h3>L&rsquo;indice du point de vue de la fiscalit\u00e9<\/h3><p><a href=\"https:\/\/www.legifrance.gouv.fr\/affichCodeArticle.do?cidTexte=LEGITEXT000006069577&amp;idArticle=LEGIARTI000006308083&amp;dateTexte=&amp;categorieLien=cid\"><strong>D&rsquo;un point de vue fiscal<\/strong><\/a> maintenant, la loi de finance (LF) une fois publi\u00e9e peut avoir un impact majeur sur la\u00a0comptabilit\u00e9 d&rsquo;une entreprise. C&rsquo;est pourquoi g\u00e9n\u00e9ralement, nombreux sont ceux qui\u00a0d\u00e9cident\u00a0d&rsquo;un changement de date de cl\u00f4ture\u00a0au 30 septembre, de telle sorte que ces derniers puissent g\u00e9rer au mieux les effets d&rsquo;une nouvelle LF sur leurs activit\u00e9s.<\/p><p>Dans\u00a0le cas particulier des groupes int\u00e9gr\u00e9s d&rsquo;entreprises, cette facult\u00e9 rel\u00e8ve de <a href=\"http:\/\/bofip.impots.gouv.fr\/bofip\/5012-PGP.html\">l&rsquo;obligation<\/a>. En effet, lorsqu&rsquo;une nouvelle entit\u00e9 envisage d&rsquo;int\u00e9grer un\u00a0groupe d&rsquo;entreprises, celle-ci ne peut b\u00e9n\u00e9ficier du m\u00eame r\u00e9gime. La date de cl\u00f4ture\u00a0de son exercice comptable\u00a0doit \u00eatre\u00a0similaire au groupe.<\/p><h3>\u00a0<\/h3><h3>La p\u00e9riode d&rsquo;\u00e9tablissement des comptes<\/h3><p>Enfin, un dernier point peut avoir son importance :\u00a0il s&rsquo;agit du <strong>recours aux experts comptables. <\/strong>Chaque ann\u00e9e, les entreprises doivent proc\u00e9der \u00e0\u00a0<a href=\"https:\/\/www.service-public.fr\/professionnels-entreprises\/vosdroits\/F21852\">l&rsquo;\u00e9tablissement de leurs comptes<\/a> et autres d\u00e9clarations administratives. Certaines font le choix de recourir aux experts comptables.<\/p><p>Or un ph\u00e9nom\u00e8ne r\u00e9current survient. Beaucoup d&rsquo;entreprises n&rsquo;ont pas\u00a0suffisamment pr\u00e9vu la p\u00e9riode de cl\u00f4ture et sont donc\u00a0par d\u00e9faut assujetties au 31 d\u00e9cembre. Par cons\u00e9quent,\u00a0toutes ces structures feront appel au m\u00eame moment aux experts comptables.\u00a0Ces derniers sont donc g\u00e9n\u00e9ralement submerg\u00e9s et ne peuvent prendre le temps de s&rsquo;int\u00e9resser vraiment au client. Il est donc pr\u00e9f\u00e9rable de <strong>pr\u00e9voir une date de cl\u00f4ture avanc\u00e9e<\/strong>. La prestation sera de meilleure qualit\u00e9 et ce, m\u00eame pour un premier exercice comptable.<\/p><p>Le<strong> changement de la date de cl\u00f4ture<\/strong>\u00a0est donc un moyen utile\u00a0pour les nouvelles entreprises de rentabiliser leur comptabilit\u00e9.<\/p><h2 id=\"II\">\u00a0<\/h2><h2 id=\"II\">Les\u00a0modalit\u00e9s\u00a0du changement de date de cl\u00f4ture<\/h2><h3>Libert\u00e9 de fixer la p\u00e9riode du premier exercice comptable : aucun minimum<\/h3><p>Hormis le cas des structures assujetties aux BNC comme dit pr\u00e9c\u00e9demment, toutes celles assujetties aux BIC ou au BC peuvent donc fixer librement une date de cl\u00f4ture pour leur premier exercice social.<\/p><p>L&rsquo;avantage \u00e9tant que le premier exercice comptable n&rsquo;a pas de\u00a0dur\u00e9e minimum. Il peut ne durer que quelques jours, ou quelques mois. Sur ce sujet, rappelons\u00a0\u00e0 nouveau que chaque entreprise est diff\u00e9rente et ne r\u00e9alise pas la m\u00eame activit\u00e9. Il faut donc\u00a0choisir\u00a0une date coh\u00e9rente.<\/p><h3>\u00a0<\/h3><h3>Limite : date maximum de cl\u00f4ture du premier exercice social<\/h3><p>Le premier exercice ne peut en revanche\u00a0exc\u00e9der 24 mois. Autrement dit, la date de cl\u00f4ture du premier exercice ne peut \u00eatre post\u00e9rieure au 31 d\u00e9cembre de l&rsquo;ann\u00e9e suivant celle au cours laquelle la soci\u00e9t\u00e9 s&rsquo;est constitu\u00e9e. En dehors du cas du premier exercice comptable, le Code de commerce pr\u00e9voit que la dur\u00e9e de l&rsquo;exercice comptable est\u00a0de 12 mois.<\/p><p>Concernant les structures imposables \u00e0 l&rsquo;imp\u00f4t sur les soci\u00e9t\u00e9s (IS), il se peut qu&rsquo;aucun bilan ne soit \u00e9tabli\u00a0au cour de la premi\u00e8re ann\u00e9e d\u2019activit\u00e9. Pour les b\u00e9n\u00e9fices r\u00e9alis\u00e9s dans la\u00a0p\u00e9riode \u00e9coul\u00e9e jusqu&rsquo;\u00e0 date de cl\u00f4ture du premier exercice comptable (ou \u00e0 d\u00e9faut au 31 d\u00e9cembre de l&rsquo;ann\u00e9e suivant la cr\u00e9ation),\u00a0il faudra remettre une\u00a0liasse fiscale.<\/p><p>Enfin, la date de cl\u00f4ture doit \u00eatre fix\u00e9e de mani\u00e8re pr\u00e9cise. Autrement dit, elle ne doit pas \u00eatre variable. Elle peut \u00eatre d\u00e9termin\u00e9e avant l&rsquo;expiration de l&rsquo;exercice en cours ou avant l&rsquo;expiration d&rsquo;une nouvelle date choisie.<\/p><h2 id=\"III\">\u00a0<\/h2><h2 id=\"III\">Les formalit\u00e9s pour proc\u00e9der au changement de date de cl\u00f4ture du premier exercice social<\/h2><p>Tout d&rsquo;abord, une entreprise individuelle\u00a0soumise aux BIC, devra simplement envoyer par courrier une demande au service des imp\u00f4ts dont elle d\u00e9pend. Pour celles soumises aux BNC, la date est obligatoirement fix\u00e9e au 31 d\u00e9cembre. La question du changement ne se pr\u00e9sente pas dans ce dernier cas.<\/p><p>A contrario, le cas des soci\u00e9t\u00e9s est plus complexe.\u00a0Les\u00a0SARL \/ SAS \/ SNC, devront n\u00e9cessairement recueillir la\u00a0d\u00e9cision de changer et de fixer la date lors d&rsquo;une assembl\u00e9e g\u00e9n\u00e9rale extraordinaire (AGE).\u00a0En pr\u00e9sence d&rsquo;une soci\u00e9t\u00e9 unipersonnelle (EURL ou <a href=\"https:\/\/blog.legalvision.fr\/2018\/04\/20\/sasu-definition\/\">SASU<\/a>), l&rsquo;associ\u00e9 unique devra prendre la d\u00e9cision.<\/p><p>Ensuite, la <a href=\"https:\/\/blog.legalvision.fr\/2017\/07\/25\/modifier-la-date-de-cloture-de-lexercice-social\/\">d\u00e9cision du changement<\/a> de\u00a0date de cl\u00f4ture implique de retranscrire cette donn\u00e9e dans\u00a0les <strong>statuts<\/strong>. Les statuts doivent \u00eatre certifi\u00e9s conforme par le repr\u00e9sentant l\u00e9gal.<\/p><p>Enfin, un formulaire<a href=\"https:\/\/www.infogreffe.fr\/documents\/10179\/21271\/Formulaire+M2\/52be97d3-2b92-4c3c-833a-28f634f269da\">\u00a0M2<\/a> doit\u00a0\u00eatre <a href=\"https:\/\/blog.legalvision.fr\/2018\/05\/10\/formulaire-m2\/\">rempli<\/a>\u00a0en amont en trois exemplaires dat\u00e9s et sign\u00e9s. On y joindra :<\/p><ul><li>une copie de l&rsquo;acte d\u00e9cisionnel,<\/li><li>un exemplaire des statuts mis \u00e0 jour certifi\u00e9s \u00ab conforme \u00bb par le repr\u00e9sentant l\u00e9gal,<\/li><li>\u00e9ventuellement,\u00a0un pouvoir\u00a0\u00e9tabli par le dirigeant si ce dernier ne se charge pas des formalit\u00e9s lui-m\u00eame.<\/li><\/ul><p>Ce dossier doit \u00eatre d\u00e9pos\u00e9 au greffe du tribunal comp\u00e9tent.<\/p><p>Avec <a href=\"https:\/\/www.legalvision.fr\/modification-statuts\/changement-date-de-cloture\/\">LegalVision<\/a>, b\u00e9n\u00e9ficiez de l\u2019aide de notre \u00e9quipe de juristes. Nous nous chargeons pour vous de la conduite de l\u2019ensemble de la proc\u00e9dure. R\u00e9daction de vos documents, v\u00e9rification de votre dossier, transmission aux organismes comp\u00e9tents : pour profiter d\u2019un gain de temps \u00e0 faible co\u00fbt, rendez-vous d\u00e8s \u00e0 pr\u00e9sent sur\u00a0<a href=\"https:\/\/www.legalvision.fr\/\">legalvision.fr<\/a>\u00a0!<\/p><p>\u00a0<\/p><p>\u00a0<\/p><div class=\"wp-block-button\" style=\"text-align: center;\"><a class=\"wp-block-button__link has-background\" href=\"https:\/\/leonard.fr\/juridique\/services\/?utm_source=blog&amp;utm_medium=CTA&amp;utm_campaign=changer_date_cloture_premier_exercice_social_interet_et_modalites&amp;utm_id=services_blog\">Modifier votre soci\u00e9t\u00e9 en ligne<\/a><\/div>\t\t\t\t\t\t\t\t<\/div>\n\t\t\t\t<\/div>\n\t\t\t\t\t<\/div>\n\t\t\t\t<\/div>\n\t\t\t\t<\/div>\n\t\t","protected":false},"excerpt":{"rendered":"<p>Lors de\u00a0la reprise\u00a0ou de la cr\u00e9ation\u00a0d&rsquo;une entreprise, il\u00a0est int\u00e9ressant\u00a0de proc\u00e9der au\u00a0changement de date\u00a0de cl\u00f4ture\u00a0du premier exercice\u00a0social. Consid\u00e9r\u00e9 comme une donn\u00e9e essentielle, l&rsquo;exercice\u00a0social permet de r\u00e9v\u00e9ler\u00a0l&rsquo;\u00e9tat de sant\u00e9 \u00e9conomique de l&rsquo;entreprise. En effet, il recense l\u2019ensemble des op\u00e9rations qui fondent le bilan d&rsquo;une soci\u00e9t\u00e9 sur\u00a0son ann\u00e9e d&rsquo;activit\u00e9. En amont, la fin d&rsquo;un exercice\u00a0social implique : de&hellip; <a class=\"more-link\" href=\"https:\/\/www.legalvision.fr\/guides-juridiques\/modifier-ses-statuts\/changement-de-date-de-cloture-premier-exercice-social\/\">Poursuivre la lecture <span class=\"screen-reader-text\">Changer la date de cl\u00f4ture du premier exercice social : int\u00e9r\u00eat et modalit\u00e9s<\/span><\/a><\/p>\n","protected":false},"author":50,"featured_media":24564,"comment_status":"open","ping_status":"open","sticky":false,"template":"","format":"standard","meta":{"content-type":"","inline_featured_image":false,"footnotes":""},"categories":[2494],"tags":[],"class_list":["post-14946","post","type-post","status-publish","format-standard","has-post-thumbnail","hentry","category-modifier-ses-statuts","entry"],"yoast_head":"<!-- This site is optimized with the Yoast SEO plugin v27.1.1 - https:\/\/yoast.com\/product\/yoast-seo-wordpress\/ -->\n<title>Changement de date de cl\u00f4ture : un int\u00e9r\u00eat \u00e0 ne pas n\u00e9gliger !<\/title>\n<meta name=\"description\" content=\"Comment faire un changement de date de cl\u00f4ture de l&#039;exercice social ? LegalVision vous donne tous les conseils pour r\u00e9ussir !\" \/>\n<meta name=\"robots\" content=\"index, follow, max-snippet:-1, max-image-preview:large, max-video-preview:-1\" \/>\n<link rel=\"canonical\" href=\"https:\/\/www.legalvision.fr\/guides-juridiques\/modifier-ses-statuts\/changement-de-date-de-cloture-premier-exercice-social\/\" \/>\n<meta property=\"og:locale\" content=\"fr_FR\" \/>\n<meta property=\"og:type\" content=\"article\" \/>\n<meta property=\"og:title\" content=\"Changement de date de cl\u00f4ture : un int\u00e9r\u00eat \u00e0 ne pas n\u00e9gliger !\" \/>\n<meta property=\"og:description\" content=\"Comment faire un changement de date de cl\u00f4ture de l&#039;exercice social ? LegalVision vous donne tous les conseils pour r\u00e9ussir !\" \/>\n<meta property=\"og:url\" content=\"https:\/\/www.legalvision.fr\/guides-juridiques\/modifier-ses-statuts\/changement-de-date-de-cloture-premier-exercice-social\/\" \/>\n<meta property=\"og:site_name\" content=\"Guides juridiques\" \/>\n<meta property=\"article:published_time\" content=\"2019-05-14T06:30:01+00:00\" \/>\n<meta property=\"article:modified_time\" content=\"2023-11-30T15:12:13+00:00\" \/>\n<meta property=\"og:image\" content=\"https:\/\/www.legalvision.fr\/guides-juridiques\/wp-content\/uploads\/2019\/05\/changement-de-date-de-cl\u00f4ture-1.jpg\" \/>\n\t<meta property=\"og:image:width\" content=\"958\" \/>\n\t<meta property=\"og:image:height\" content=\"350\" \/>\n\t<meta property=\"og:image:type\" content=\"image\/jpeg\" \/>\n<meta name=\"author\" content=\"Ambre Tournet\" \/>\n<meta name=\"twitter:card\" content=\"summary_large_image\" \/>\n<meta name=\"twitter:label1\" content=\"\u00c9crit par\" \/>\n\t<meta name=\"twitter:data1\" content=\"Ambre Tournet\" \/>\n\t<meta name=\"twitter:label2\" content=\"Dur\u00e9e de lecture estim\u00e9e\" \/>\n\t<meta name=\"twitter:data2\" content=\"8 minutes\" \/>\n<script type=\"application\/ld+json\" class=\"yoast-schema-graph\">{\"@context\":\"https:\/\/schema.org\",\"@graph\":[{\"@type\":\"Article\",\"@id\":\"https:\/\/www.legalvision.fr\/guides-juridiques\/modifier-ses-statuts\/changement-de-date-de-cloture-premier-exercice-social\/#article\",\"isPartOf\":{\"@id\":\"https:\/\/www.legalvision.fr\/guides-juridiques\/modifier-ses-statuts\/changement-de-date-de-cloture-premier-exercice-social\/\"},\"author\":{\"name\":\"Ambre Tournet\",\"@id\":\"https:\/\/www.legalvision.fr\/guides-juridiques\/#\/schema\/person\/5754bfbc948dd8ca0f6dedda55df8452\"},\"headline\":\"Changer la date de cl\u00f4ture du premier exercice social : int\u00e9r\u00eat et modalit\u00e9s\",\"datePublished\":\"2019-05-14T06:30:01+00:00\",\"dateModified\":\"2023-11-30T15:12:13+00:00\",\"mainEntityOfPage\":{\"@id\":\"https:\/\/www.legalvision.fr\/guides-juridiques\/modifier-ses-statuts\/changement-de-date-de-cloture-premier-exercice-social\/\"},\"wordCount\":1658,\"commentCount\":0,\"publisher\":{\"@id\":\"https:\/\/www.legalvision.fr\/guides-juridiques\/#organization\"},\"image\":{\"@id\":\"https:\/\/www.legalvision.fr\/guides-juridiques\/modifier-ses-statuts\/changement-de-date-de-cloture-premier-exercice-social\/#primaryimage\"},\"thumbnailUrl\":\"https:\/\/www.legalvision.fr\/guides-juridiques\/wp-content\/uploads\/2019\/05\/changement-de-date-de-cl\u00f4ture-1.jpg\",\"articleSection\":[\"Modifier ses statuts\"],\"inLanguage\":\"fr-FR\",\"potentialAction\":[{\"@type\":\"CommentAction\",\"name\":\"Comment\",\"target\":[\"https:\/\/www.legalvision.fr\/guides-juridiques\/modifier-ses-statuts\/changement-de-date-de-cloture-premier-exercice-social\/#respond\"]}]},{\"@type\":\"WebPage\",\"@id\":\"https:\/\/www.legalvision.fr\/guides-juridiques\/modifier-ses-statuts\/changement-de-date-de-cloture-premier-exercice-social\/\",\"url\":\"https:\/\/www.legalvision.fr\/guides-juridiques\/modifier-ses-statuts\/changement-de-date-de-cloture-premier-exercice-social\/\",\"name\":\"Changement de date de cl\u00f4ture : un int\u00e9r\u00eat \u00e0 ne pas n\u00e9gliger !\",\"isPartOf\":{\"@id\":\"https:\/\/www.legalvision.fr\/guides-juridiques\/#website\"},\"primaryImageOfPage\":{\"@id\":\"https:\/\/www.legalvision.fr\/guides-juridiques\/modifier-ses-statuts\/changement-de-date-de-cloture-premier-exercice-social\/#primaryimage\"},\"image\":{\"@id\":\"https:\/\/www.legalvision.fr\/guides-juridiques\/modifier-ses-statuts\/changement-de-date-de-cloture-premier-exercice-social\/#primaryimage\"},\"thumbnailUrl\":\"https:\/\/www.legalvision.fr\/guides-juridiques\/wp-content\/uploads\/2019\/05\/changement-de-date-de-cl\u00f4ture-1.jpg\",\"datePublished\":\"2019-05-14T06:30:01+00:00\",\"dateModified\":\"2023-11-30T15:12:13+00:00\",\"description\":\"Comment faire un changement de date de cl\u00f4ture de l'exercice social ? LegalVision vous donne tous les conseils pour r\u00e9ussir !\",\"breadcrumb\":{\"@id\":\"https:\/\/www.legalvision.fr\/guides-juridiques\/modifier-ses-statuts\/changement-de-date-de-cloture-premier-exercice-social\/#breadcrumb\"},\"inLanguage\":\"fr-FR\",\"potentialAction\":[{\"@type\":\"ReadAction\",\"target\":[\"https:\/\/www.legalvision.fr\/guides-juridiques\/modifier-ses-statuts\/changement-de-date-de-cloture-premier-exercice-social\/\"]}]},{\"@type\":\"ImageObject\",\"inLanguage\":\"fr-FR\",\"@id\":\"https:\/\/www.legalvision.fr\/guides-juridiques\/modifier-ses-statuts\/changement-de-date-de-cloture-premier-exercice-social\/#primaryimage\",\"url\":\"https:\/\/www.legalvision.fr\/guides-juridiques\/wp-content\/uploads\/2019\/05\/changement-de-date-de-cl\u00f4ture-1.jpg\",\"contentUrl\":\"https:\/\/www.legalvision.fr\/guides-juridiques\/wp-content\/uploads\/2019\/05\/changement-de-date-de-cl\u00f4ture-1.jpg\",\"width\":958,\"height\":350,\"caption\":\"bEsF4TTFstcT9)Pm@vRtqAeH\"},{\"@type\":\"BreadcrumbList\",\"@id\":\"https:\/\/www.legalvision.fr\/guides-juridiques\/modifier-ses-statuts\/changement-de-date-de-cloture-premier-exercice-social\/#breadcrumb\",\"itemListElement\":[{\"@type\":\"ListItem\",\"position\":1,\"name\":\"Accueil\",\"item\":\"https:\/\/www.legalvision.fr\/guides-juridiques\/\"},{\"@type\":\"ListItem\",\"position\":2,\"name\":\"Modifier ses statuts\",\"item\":\"https:\/\/www.legalvision.fr\/guides-juridiques\/modifier-ses-statuts\/\"},{\"@type\":\"ListItem\",\"position\":3,\"name\":\"Changer la date de cl\u00f4ture du premier exercice social : int\u00e9r\u00eat et modalit\u00e9s\"}]},{\"@type\":\"WebSite\",\"@id\":\"https:\/\/www.legalvision.fr\/guides-juridiques\/#website\",\"url\":\"https:\/\/www.legalvision.fr\/guides-juridiques\/\",\"name\":\"Guides juridiques\",\"description\":\"L&#039;information juridique \u00e0 destination des entreprises et TPE\",\"publisher\":{\"@id\":\"https:\/\/www.legalvision.fr\/guides-juridiques\/#organization\"},\"potentialAction\":[{\"@type\":\"SearchAction\",\"target\":{\"@type\":\"EntryPoint\",\"urlTemplate\":\"https:\/\/www.legalvision.fr\/guides-juridiques\/?s={search_term_string}\"},\"query-input\":{\"@type\":\"PropertyValueSpecification\",\"valueRequired\":true,\"valueName\":\"search_term_string\"}}],\"inLanguage\":\"fr-FR\"},{\"@type\":\"Organization\",\"@id\":\"https:\/\/www.legalvision.fr\/guides-juridiques\/#organization\",\"name\":\"Guides juridiques\",\"url\":\"https:\/\/www.legalvision.fr\/guides-juridiques\/\",\"logo\":{\"@type\":\"ImageObject\",\"inLanguage\":\"fr-FR\",\"@id\":\"https:\/\/www.legalvision.fr\/guides-juridiques\/#\/schema\/logo\/image\/\",\"url\":\"https:\/\/www.legalvision.fr\/guides-juridiques\/wp-content\/uploads\/2022\/10\/LV-Logotype.png\",\"contentUrl\":\"https:\/\/www.legalvision.fr\/guides-juridiques\/wp-content\/uploads\/2022\/10\/LV-Logotype.png\",\"width\":647,\"height\":125,\"caption\":\"Guides juridiques\"},\"image\":{\"@id\":\"https:\/\/www.legalvision.fr\/guides-juridiques\/#\/schema\/logo\/image\/\"}},{\"@type\":\"Person\",\"@id\":\"https:\/\/www.legalvision.fr\/guides-juridiques\/#\/schema\/person\/5754bfbc948dd8ca0f6dedda55df8452\",\"name\":\"Ambre Tournet\",\"image\":{\"@type\":\"ImageObject\",\"inLanguage\":\"fr-FR\",\"@id\":\"https:\/\/www.legalvision.fr\/guides-juridiques\/#\/schema\/person\/image\/\",\"url\":\"https:\/\/www.legalvision.fr\/guides-juridiques\/wp-content\/uploads\/2023\/07\/femme1-96x96.png\",\"contentUrl\":\"https:\/\/www.legalvision.fr\/guides-juridiques\/wp-content\/uploads\/2023\/07\/femme1-96x96.png\",\"caption\":\"Ambre Tournet\"},\"description\":\"Je suis juriste au sein de LegalVision et titulaire d'un Master 2 Droit de la distribution et des contrats d'affaires au sein de l'Universit\u00e9 de Montpellier.\",\"url\":\"https:\/\/www.legalvision.fr\/guides-juridiques\/author\/ambre-thevenon\/\"}]}<\/script>\n<!-- \/ Yoast SEO plugin. -->","yoast_head_json":{"title":"Changement de date de cl\u00f4ture : un int\u00e9r\u00eat \u00e0 ne pas n\u00e9gliger !","description":"Comment faire un changement de date de cl\u00f4ture de l'exercice social ? LegalVision vous donne tous les conseils pour r\u00e9ussir !","robots":{"index":"index","follow":"follow","max-snippet":"max-snippet:-1","max-image-preview":"max-image-preview:large","max-video-preview":"max-video-preview:-1"},"canonical":"https:\/\/www.legalvision.fr\/guides-juridiques\/modifier-ses-statuts\/changement-de-date-de-cloture-premier-exercice-social\/","og_locale":"fr_FR","og_type":"article","og_title":"Changement de date de cl\u00f4ture : un int\u00e9r\u00eat \u00e0 ne pas n\u00e9gliger !","og_description":"Comment faire un changement de date de cl\u00f4ture de l'exercice social ? LegalVision vous donne tous les conseils pour r\u00e9ussir !","og_url":"https:\/\/www.legalvision.fr\/guides-juridiques\/modifier-ses-statuts\/changement-de-date-de-cloture-premier-exercice-social\/","og_site_name":"Guides juridiques","article_published_time":"2019-05-14T06:30:01+00:00","article_modified_time":"2023-11-30T15:12:13+00:00","og_image":[{"width":958,"height":350,"url":"https:\/\/www.legalvision.fr\/guides-juridiques\/wp-content\/uploads\/2019\/05\/changement-de-date-de-cl\u00f4ture-1.jpg","type":"image\/jpeg"}],"author":"Ambre Tournet","twitter_card":"summary_large_image","twitter_misc":{"\u00c9crit par":"Ambre Tournet","Dur\u00e9e de lecture estim\u00e9e":"8 minutes"},"schema":{"@context":"https:\/\/schema.org","@graph":[{"@type":"Article","@id":"https:\/\/www.legalvision.fr\/guides-juridiques\/modifier-ses-statuts\/changement-de-date-de-cloture-premier-exercice-social\/#article","isPartOf":{"@id":"https:\/\/www.legalvision.fr\/guides-juridiques\/modifier-ses-statuts\/changement-de-date-de-cloture-premier-exercice-social\/"},"author":{"name":"Ambre Tournet","@id":"https:\/\/www.legalvision.fr\/guides-juridiques\/#\/schema\/person\/5754bfbc948dd8ca0f6dedda55df8452"},"headline":"Changer la date de cl\u00f4ture du premier exercice social : int\u00e9r\u00eat et modalit\u00e9s","datePublished":"2019-05-14T06:30:01+00:00","dateModified":"2023-11-30T15:12:13+00:00","mainEntityOfPage":{"@id":"https:\/\/www.legalvision.fr\/guides-juridiques\/modifier-ses-statuts\/changement-de-date-de-cloture-premier-exercice-social\/"},"wordCount":1658,"commentCount":0,"publisher":{"@id":"https:\/\/www.legalvision.fr\/guides-juridiques\/#organization"},"image":{"@id":"https:\/\/www.legalvision.fr\/guides-juridiques\/modifier-ses-statuts\/changement-de-date-de-cloture-premier-exercice-social\/#primaryimage"},"thumbnailUrl":"https:\/\/www.legalvision.fr\/guides-juridiques\/wp-content\/uploads\/2019\/05\/changement-de-date-de-cl\u00f4ture-1.jpg","articleSection":["Modifier ses statuts"],"inLanguage":"fr-FR","potentialAction":[{"@type":"CommentAction","name":"Comment","target":["https:\/\/www.legalvision.fr\/guides-juridiques\/modifier-ses-statuts\/changement-de-date-de-cloture-premier-exercice-social\/#respond"]}]},{"@type":"WebPage","@id":"https:\/\/www.legalvision.fr\/guides-juridiques\/modifier-ses-statuts\/changement-de-date-de-cloture-premier-exercice-social\/","url":"https:\/\/www.legalvision.fr\/guides-juridiques\/modifier-ses-statuts\/changement-de-date-de-cloture-premier-exercice-social\/","name":"Changement de date de cl\u00f4ture : un int\u00e9r\u00eat \u00e0 ne pas n\u00e9gliger !","isPartOf":{"@id":"https:\/\/www.legalvision.fr\/guides-juridiques\/#website"},"primaryImageOfPage":{"@id":"https:\/\/www.legalvision.fr\/guides-juridiques\/modifier-ses-statuts\/changement-de-date-de-cloture-premier-exercice-social\/#primaryimage"},"image":{"@id":"https:\/\/www.legalvision.fr\/guides-juridiques\/modifier-ses-statuts\/changement-de-date-de-cloture-premier-exercice-social\/#primaryimage"},"thumbnailUrl":"https:\/\/www.legalvision.fr\/guides-juridiques\/wp-content\/uploads\/2019\/05\/changement-de-date-de-cl\u00f4ture-1.jpg","datePublished":"2019-05-14T06:30:01+00:00","dateModified":"2023-11-30T15:12:13+00:00","description":"Comment faire un changement de date de cl\u00f4ture de l'exercice social ? LegalVision vous donne tous les conseils pour r\u00e9ussir !","breadcrumb":{"@id":"https:\/\/www.legalvision.fr\/guides-juridiques\/modifier-ses-statuts\/changement-de-date-de-cloture-premier-exercice-social\/#breadcrumb"},"inLanguage":"fr-FR","potentialAction":[{"@type":"ReadAction","target":["https:\/\/www.legalvision.fr\/guides-juridiques\/modifier-ses-statuts\/changement-de-date-de-cloture-premier-exercice-social\/"]}]},{"@type":"ImageObject","inLanguage":"fr-FR","@id":"https:\/\/www.legalvision.fr\/guides-juridiques\/modifier-ses-statuts\/changement-de-date-de-cloture-premier-exercice-social\/#primaryimage","url":"https:\/\/www.legalvision.fr\/guides-juridiques\/wp-content\/uploads\/2019\/05\/changement-de-date-de-cl\u00f4ture-1.jpg","contentUrl":"https:\/\/www.legalvision.fr\/guides-juridiques\/wp-content\/uploads\/2019\/05\/changement-de-date-de-cl\u00f4ture-1.jpg","width":958,"height":350,"caption":"bEsF4TTFstcT9)Pm@vRtqAeH"},{"@type":"BreadcrumbList","@id":"https:\/\/www.legalvision.fr\/guides-juridiques\/modifier-ses-statuts\/changement-de-date-de-cloture-premier-exercice-social\/#breadcrumb","itemListElement":[{"@type":"ListItem","position":1,"name":"Accueil","item":"https:\/\/www.legalvision.fr\/guides-juridiques\/"},{"@type":"ListItem","position":2,"name":"Modifier ses statuts","item":"https:\/\/www.legalvision.fr\/guides-juridiques\/modifier-ses-statuts\/"},{"@type":"ListItem","position":3,"name":"Changer la date de cl\u00f4ture du premier exercice social : int\u00e9r\u00eat et modalit\u00e9s"}]},{"@type":"WebSite","@id":"https:\/\/www.legalvision.fr\/guides-juridiques\/#website","url":"https:\/\/www.legalvision.fr\/guides-juridiques\/","name":"Guides juridiques","description":"L&#039;information juridique \u00e0 destination des entreprises et TPE","publisher":{"@id":"https:\/\/www.legalvision.fr\/guides-juridiques\/#organization"},"potentialAction":[{"@type":"SearchAction","target":{"@type":"EntryPoint","urlTemplate":"https:\/\/www.legalvision.fr\/guides-juridiques\/?s={search_term_string}"},"query-input":{"@type":"PropertyValueSpecification","valueRequired":true,"valueName":"search_term_string"}}],"inLanguage":"fr-FR"},{"@type":"Organization","@id":"https:\/\/www.legalvision.fr\/guides-juridiques\/#organization","name":"Guides juridiques","url":"https:\/\/www.legalvision.fr\/guides-juridiques\/","logo":{"@type":"ImageObject","inLanguage":"fr-FR","@id":"https:\/\/www.legalvision.fr\/guides-juridiques\/#\/schema\/logo\/image\/","url":"https:\/\/www.legalvision.fr\/guides-juridiques\/wp-content\/uploads\/2022\/10\/LV-Logotype.png","contentUrl":"https:\/\/www.legalvision.fr\/guides-juridiques\/wp-content\/uploads\/2022\/10\/LV-Logotype.png","width":647,"height":125,"caption":"Guides juridiques"},"image":{"@id":"https:\/\/www.legalvision.fr\/guides-juridiques\/#\/schema\/logo\/image\/"}},{"@type":"Person","@id":"https:\/\/www.legalvision.fr\/guides-juridiques\/#\/schema\/person\/5754bfbc948dd8ca0f6dedda55df8452","name":"Ambre Tournet","image":{"@type":"ImageObject","inLanguage":"fr-FR","@id":"https:\/\/www.legalvision.fr\/guides-juridiques\/#\/schema\/person\/image\/","url":"https:\/\/www.legalvision.fr\/guides-juridiques\/wp-content\/uploads\/2023\/07\/femme1-96x96.png","contentUrl":"https:\/\/www.legalvision.fr\/guides-juridiques\/wp-content\/uploads\/2023\/07\/femme1-96x96.png","caption":"Ambre Tournet"},"description":"Je suis juriste au sein de LegalVision et titulaire d'un Master 2 Droit de la distribution et des contrats d'affaires au sein de l'Universit\u00e9 de Montpellier.","url":"https:\/\/www.legalvision.fr\/guides-juridiques\/author\/ambre-thevenon\/"}]}},"_links":{"self":[{"href":"https:\/\/www.legalvision.fr\/guides-juridiques\/wp-json\/wp\/v2\/posts\/14946","targetHints":{"allow":["GET"]}}],"collection":[{"href":"https:\/\/www.legalvision.fr\/guides-juridiques\/wp-json\/wp\/v2\/posts"}],"about":[{"href":"https:\/\/www.legalvision.fr\/guides-juridiques\/wp-json\/wp\/v2\/types\/post"}],"author":[{"embeddable":true,"href":"https:\/\/www.legalvision.fr\/guides-juridiques\/wp-json\/wp\/v2\/users\/50"}],"replies":[{"embeddable":true,"href":"https:\/\/www.legalvision.fr\/guides-juridiques\/wp-json\/wp\/v2\/comments?post=14946"}],"version-history":[{"count":30,"href":"https:\/\/www.legalvision.fr\/guides-juridiques\/wp-json\/wp\/v2\/posts\/14946\/revisions"}],"predecessor-version":[{"id":42530,"href":"https:\/\/www.legalvision.fr\/guides-juridiques\/wp-json\/wp\/v2\/posts\/14946\/revisions\/42530"}],"wp:featuredmedia":[{"embeddable":true,"href":"https:\/\/www.legalvision.fr\/guides-juridiques\/wp-json\/wp\/v2\/media\/24564"}],"wp:attachment":[{"href":"https:\/\/www.legalvision.fr\/guides-juridiques\/wp-json\/wp\/v2\/media?parent=14946"}],"wp:term":[{"taxonomy":"category","embeddable":true,"href":"https:\/\/www.legalvision.fr\/guides-juridiques\/wp-json\/wp\/v2\/categories?post=14946"},{"taxonomy":"post_tag","embeddable":true,"href":"https:\/\/www.legalvision.fr\/guides-juridiques\/wp-json\/wp\/v2\/tags?post=14946"}],"curies":[{"name":"wp","href":"https:\/\/api.w.org\/{rel}","templated":true}]}}