{"id":14732,"date":"2019-05-11T07:30:35","date_gmt":"2019-05-11T06:30:35","guid":{"rendered":"https:\/\/blog.legalvision.fr\/?p=14732"},"modified":"2023-10-23T14:28:32","modified_gmt":"2023-10-23T12:28:32","slug":"sarl-eurl-et-salarie-en-meme-temps-toutes-les-situations","status":"publish","type":"post","link":"https:\/\/www.legalvision.fr\/guides-juridiques\/eurl\/sarl-eurl-et-salarie-en-meme-temps-toutes-les-situations\/","title":{"rendered":"Cr\u00e9er son EURL ou SARL et \u00eatre salari\u00e9 en m\u00eame temps : le guide complet"},"content":{"rendered":"\t\t<div data-elementor-type=\"wp-post\" data-elementor-id=\"14732\" class=\"elementor elementor-14732\" data-elementor-post-type=\"post\">\n\t\t\t\t<div data-particle_enable=\"false\" data-particle-mobile-disabled=\"false\" class=\"elementor-element elementor-element-3747c1d e-flex e-con-boxed e-con e-parent\" data-id=\"3747c1d\" data-element_type=\"container\" data-e-type=\"container\">\n\t\t\t\t\t<div class=\"e-con-inner\">\n\t\t\t\t<div class=\"elementor-element elementor-element-debc840 elementor-widget elementor-widget-text-editor\" data-id=\"debc840\" data-element_type=\"widget\" data-e-type=\"widget\" data-widget_type=\"text-editor.default\">\n\t\t\t\t<div class=\"elementor-widget-container\">\n\t\t\t\t\t\t\t\t\t<p style=\"line-height: var(--wp--typography--line-height,var(--global--line-height-body)); font-family: var(--e-global-typography-primary-font-family);\">De nombreux entrepreneurs, qui ont par exemple\u00a0<a href=\"https:\/\/www.legalvision.fr\/creation-dentreprise\/creation-eurl\/\">mont\u00e9 une EURL<\/a>\u00a0ou une SARL, souhaitent en parall\u00e8le avoir le\u00a0<span style=\"font-weight: bold;\">statut de salari\u00e9<\/span>. Comment \u00eatre en EURL et salari\u00e9 en m\u00eame temps ? Le statut hybride de\u00a0g\u00e9rant-salari\u00e9\u00a0qui peut vous \u00eatre offert est une r\u00e9elle curiosit\u00e9 juridique qui suscite de nombreuses interrogations. LegalVision va vous \u00e9clairer sur ce point.<\/p><p style=\"line-height: var(--wp--typography--line-height,var(--global--line-height-body)); font-family: var(--e-global-typography-primary-font-family);\">Pour rappel, si vous \u00eates\u00a0<span style=\"font-weight: bold;\">salari\u00e9 d&rsquo;une entreprise<\/span>, vous pouvez tout \u00e0 fait\u00a0<a href=\"https:\/\/www.legalvision.fr\/creation-dentreprise\/creer-une-sarl\/\">cr\u00e9er une SARL\u00a0<\/a>ou une EURL en parall\u00e8le. Toutefois, en raison de votre\u00a0<span style=\"font-weight: bold;\">obligation de loyaut\u00e9<\/span>\u00a0envers votre employeur, vous ne pourrez pas cr\u00e9er d&rsquo;activit\u00e9 qui le concurrence. De la m\u00eame mani\u00e8re, si votre contrat de travail contient une<span style=\"font-weight: bold;\">\u00a0clause de non-concurrence<\/span>, apr\u00e8s la fin de ce contrat, vous ne pourrez pas cr\u00e9er d&rsquo;entreprise concurrente \u00e0 celle de votre ancien employeur pendant une certaine dur\u00e9e.<\/p><p style=\"line-height: var(--wp--typography--line-height,var(--global--line-height-body)); font-family: var(--e-global-typography-primary-font-family);\">Dans cet article, nous nous int\u00e9resserons plus en d\u00e9tail aux\u00a0<span style=\"font-weight: bold;\">salari\u00e9s de l&rsquo;EURL ou de la SARL<\/span>. Il faut noter que dans ces deux formes sociales, la direction est assur\u00e9e par un ou plusieurs\u00a0<span style=\"font-weight: bold;\">g\u00e9rants<\/span>. Les g\u00e9rants exercent un \u00ab\u00a0mandat social\u00a0\u00bb, car ils sont les repr\u00e9sentants l\u00e9gaux de la soci\u00e9t\u00e9. Cependant, la SARL est d\u00e9tenue par plusieurs\u00a0<span style=\"font-weight: bold;\">associ\u00e9s.<\/span>\u00a0En revanche,\u00a0l&rsquo;EURL est d\u00e9tenue par un\u00a0<span style=\"font-weight: bold;\">associ\u00e9 unique.<\/span>\u00a0Dans les deux cas,<span style=\"font-weight: bold;\">\u00a0les qualit\u00e9s de g\u00e9rant et associ\u00e9 peuvent \u00eatre cumul\u00e9es<\/span>.<\/p><p style=\"line-height: var(--wp--typography--line-height,var(--global--line-height-body)); font-family: var(--e-global-typography-primary-font-family);\">Dans un premier temps, nous envisagerons dans quelle mesure les g\u00e9rants, associ\u00e9s, et g\u00e9rants associ\u00e9s peuvent \u00eatre \u00e9galement salari\u00e9s de la soci\u00e9t\u00e9. Puis nous nous int\u00e9resserons aux formalit\u00e9s n\u00e9cessaires \u00e0 l&#8217;embauche de salari\u00e9s dans une EURL ou SARL.<\/p><h3 style=\"font-family: Montserrat, sans-serif; font-weight: var( --e-global-typography-accent-font-weight ); font-size: var( --e-global-typography-accent-font-size ); letter-spacing: normal; line-height: var( --e-global-typography-accent-line-height ); text-transform: none; font-style: normal; text-decoration-thickness: initial; text-decoration-style: initial; text-decoration-color: initial;\">Sommaire :<\/h3><p style=\"line-height: var(--wp--typography--line-height,var(--global--line-height-body)); font-family: var(--e-global-typography-primary-font-family);\"><span style=\"font-weight: bold;\"><a href=\"https:\/\/www.legalvision.fr\/guides-juridiques\/?p=14732&amp;elementor-preview=14732&amp;ver=1698063051#I\">G\u00e9rant d&rsquo;EURL et salari\u00e9 en m\u00eame temps : un cumul des fonctions possible<\/a><\/span><br \/><span style=\"font-weight: bold;\"><a href=\"https:\/\/www.legalvision.fr\/guides-juridiques\/?p=14732&amp;elementor-preview=14732&amp;ver=1698063051#II\">Les formalit\u00e9s d&#8217;embauche de salari\u00e9s par une EURL ou SARL<\/a><\/span><\/p><p style=\"line-height: var(--wp--typography--line-height,var(--global--line-height-body)); font-family: var(--e-global-typography-primary-font-family);\">\u00a0<\/p>\t\t\t\t\t\t\t\t<\/div>\n\t\t\t\t<\/div>\n\t\t\t\t\t<\/div>\n\t\t\t\t<\/div>\n\t\t<div data-particle_enable=\"false\" data-particle-mobile-disabled=\"false\" class=\"elementor-element elementor-element-17e350d5 e-flex e-con-boxed e-con e-parent\" data-id=\"17e350d5\" data-element_type=\"container\" data-e-type=\"container\">\n\t\t\t\t\t<div class=\"e-con-inner\">\n\t\t\t\t<div class=\"elementor-element elementor-element-6c966e8e elementor-widget elementor-widget-heading\" data-id=\"6c966e8e\" data-element_type=\"widget\" data-e-type=\"widget\" data-widget_type=\"heading.default\">\n\t\t\t\t<div class=\"elementor-widget-container\">\n\t\t\t\t\t<h2 class=\"elementor-heading-title elementor-size-default\">Nos outils pour vous aider : <\/h2>\t\t\t\t<\/div>\n\t\t\t\t<\/div>\n\t\t\t\t\t<\/div>\n\t\t\t\t<\/div>\n\t\t<div data-particle_enable=\"false\" data-particle-mobile-disabled=\"false\" class=\"elementor-element elementor-element-5073feb7 e-flex e-con-boxed e-con e-parent\" data-id=\"5073feb7\" data-element_type=\"container\" data-e-type=\"container\">\n\t\t\t\t\t<div class=\"e-con-inner\">\n\t\t<div data-particle_enable=\"false\" data-particle-mobile-disabled=\"false\" class=\"elementor-element elementor-element-744ce872 e-con-full e-flex e-con e-parent\" data-id=\"744ce872\" data-element_type=\"container\" data-e-type=\"container\">\n\t\t\t\t<div class=\"elementor-element elementor-element-8705226 elementor-widget elementor-widget-button\" data-id=\"8705226\" data-element_type=\"widget\" data-e-type=\"widget\" data-widget_type=\"button.default\">\n\t\t\t\t<div class=\"elementor-widget-container\">\n\t\t\t\t\t\t\t\t\t<div class=\"elementor-button-wrapper\">\n\t\t\t\t\t<a class=\"elementor-button elementor-button-link elementor-size-sm\" href=\"https:\/\/leonard.fr\/juridique\/creation-entreprise\/creation-dune-eurl-leonard\/?utm_source=blog&#038;utm_medium=CTA&#038;utm_campaign=creation_EURL_salarie&#038;utm_id=creation_EURL_blog\" target=\"_blank\">\n\t\t\t\t\t\t<span class=\"elementor-button-content-wrapper\">\n\t\t\t\t\t\t\t\t\t<span class=\"elementor-button-text\">Cr\u00e9ez votre EURL en ligne<\/span>\n\t\t\t\t\t<\/span>\n\t\t\t\t\t<\/a>\n\t\t\t\t<\/div>\n\t\t\t\t\t\t\t\t<\/div>\n\t\t\t\t<\/div>\n\t\t\t\t<\/div>\n\t\t<div data-particle_enable=\"false\" data-particle-mobile-disabled=\"false\" class=\"elementor-element elementor-element-47c735fd e-con-full e-flex e-con e-parent\" data-id=\"47c735fd\" data-element_type=\"container\" data-e-type=\"container\">\n\t\t\t\t<div class=\"elementor-element elementor-element-54db683e elementor-widget elementor-widget-button\" data-id=\"54db683e\" data-element_type=\"widget\" data-e-type=\"widget\" data-widget_type=\"button.default\">\n\t\t\t\t<div class=\"elementor-widget-container\">\n\t\t\t\t\t\t\t\t\t<div class=\"elementor-button-wrapper\">\n\t\t\t\t\t<a class=\"elementor-button elementor-button-link elementor-size-sm\" href=\"https:\/\/meetings.hubspot.com\/global\/leonard-rendez-vous-gratuit-avec-un-juriste?utm_source=blog&#038;utm_medium=CTA&#038;utm_campaign=creation_EURL_salarie&#038;utm_id=creation_EURL_blog\" target=\"_blank\">\n\t\t\t\t\t\t<span class=\"elementor-button-content-wrapper\">\n\t\t\t\t\t\t\t\t\t<span class=\"elementor-button-text\">Soyez rappel\u00e9 par un juriste gratuitement<\/span>\n\t\t\t\t\t<\/span>\n\t\t\t\t\t<\/a>\n\t\t\t\t<\/div>\n\t\t\t\t\t\t\t\t<\/div>\n\t\t\t\t<\/div>\n\t\t\t\t<\/div>\n\t\t<div data-particle_enable=\"false\" data-particle-mobile-disabled=\"false\" class=\"elementor-element elementor-element-61e6c88f e-con-full e-flex e-con e-parent\" data-id=\"61e6c88f\" data-element_type=\"container\" data-e-type=\"container\">\n\t\t\t\t<div data-dce-background-color=\"#85D2F1\" class=\"elementor-element elementor-element-18a5ef8d elementor-widget elementor-widget-button\" data-id=\"18a5ef8d\" data-element_type=\"widget\" data-e-type=\"widget\" data-widget_type=\"button.default\">\n\t\t\t\t<div class=\"elementor-widget-container\">\n\t\t\t\t\t\t\t\t\t<div class=\"elementor-button-wrapper\">\n\t\t\t\t\t<a class=\"elementor-button elementor-button-link elementor-size-sm\" href=\"https:\/\/share.hsforms.com\/1MCz4iJkPSsaIbYWlbzl6vw1oyza?utm_source=blog&#038;utm_medium=CTA&#038;utm_campaign=creation_EURL_salarie&#038;utm_id=creation_EURL_blog\" target=\"_blank\">\n\t\t\t\t\t\t<span class=\"elementor-button-content-wrapper\">\n\t\t\t\t\t\t\t\t\t<span class=\"elementor-button-text\">Publiez votre annonce l\u00e9gale<\/span>\n\t\t\t\t\t<\/span>\n\t\t\t\t\t<\/a>\n\t\t\t\t<\/div>\n\t\t\t\t\t\t\t\t<\/div>\n\t\t\t\t<\/div>\n\t\t\t\t<\/div>\n\t\t\t\t\t<\/div>\n\t\t\t\t<\/div>\n\t\t\t\t<section data-particle_enable=\"false\" data-particle-mobile-disabled=\"false\" class=\"elementor-section elementor-top-section elementor-element elementor-element-3015b4f0 elementor-section-boxed elementor-section-height-default elementor-section-height-default\" data-id=\"3015b4f0\" data-element_type=\"section\" data-e-type=\"section\">\n\t\t\t\t\t\t<div class=\"elementor-container elementor-column-gap-default\">\n\t\t\t\t\t<div class=\"elementor-column elementor-col-100 elementor-top-column elementor-element elementor-element-29a5613c\" data-id=\"29a5613c\" data-element_type=\"column\" data-e-type=\"column\">\n\t\t\t<div class=\"elementor-widget-wrap elementor-element-populated\">\n\t\t\t\t\t\t<div class=\"elementor-element elementor-element-300fd1a elementor-widget__width-initial elementor-widget elementor-widget-text-editor\" data-id=\"300fd1a\" data-element_type=\"widget\" data-e-type=\"widget\" data-widget_type=\"text-editor.default\">\n\t\t\t\t<div class=\"elementor-widget-container\">\n\t\t\t\t\t\t\t\t\t<div class=\"wp-block-button\" style=\"text-align: center;\">&nbsp;<\/div>\n<div>&nbsp;<\/div>\n<div>\n<h3><b>Cr\u00e9er une soci\u00e9t\u00e9 en \u00e9tant salari\u00e9 d\u2019une entreprise : est-ce possible ?<\/b><\/h3>\n<p><span style=\"font-weight: 400;\">Il faut pr\u00e9alablement pr\u00e9ciser que si l&rsquo;entrepreneuriat est ouvert aux salari\u00e9s, il faut n\u00e9anmoins rappeler qu\u2019il existe des emp\u00eachements. Il faut donc commencer par ces situations qui peuvent entraver cet exercice avant de regarder les conditions de validit\u00e9.&nbsp;<\/span><\/p>\n<h3><b>&nbsp;<\/b><\/h3>\n<h3><b>Les emp\u00eachements pour qu\u2019un salari\u00e9 puisse entreprendre&nbsp;<\/b><\/h3>\n<p><span style=\"font-weight: 400;\">Il existe des restrictions l\u00e9gales et contractuelles qui peuvent compromettre le souhait d\u2019un salari\u00e9 de cr\u00e9er une soci\u00e9t\u00e9 (EURL, SARL, etc.).&nbsp;<\/span><\/p>\n<h4><b style=\"color: var( --e-global-color-text ); font-family: var( --e-global-typography-accent-font-family ),Sans-serif; font-size: var( --e-global-typography-accent-font-size ); font-style: var( --e-global-typography-accent-font-style ); letter-spacing: var(--heading--letter-spacing-h4); text-transform: var( --e-global-typography-accent-text-transform ); background-color: var( --e-global-color-f8847cf );\">L\u2019obligation de loyaut\u00e9 du salari\u00e9 envers son employeur&nbsp;<\/b><\/h4>\n<p><span style=\"font-weight: 400;\">Cette obligation lui interdit de causer du tort \u00e0 son employeur en exer\u00e7ant une concurrence d\u00e9loyale ou en violant une clause de confidentialit\u00e9. Le salari\u00e9 s\u2019oblige \u00e0 respecter un devoir de fid\u00e9lit\u00e9, de confidentialit\u00e9 et de non-concurrence.&nbsp;<\/span><\/p>\n<p><b>&nbsp;<\/b><\/p>\n<p><b>Bon \u00e0 savoir :<\/b><span style=\"font-weight: 400;\"> cette obligation de loyaut\u00e9 doit \u00eatre respect\u00e9e tout au long de la dur\u00e9e du contrat de travail mais \u00e9galement, dans certains cas, apr\u00e8s la cessation du contrat, notamment lorsqu\u2019il signe une clause de non-concurrence, qui doit \u00eatre limit\u00e9e dans le temps et dans l\u2019espace et avoir fait l\u2019objet d\u2019une contrepartie. C\u2019est \u00e9galement le cas d\u2019une clause de confidentialit\u00e9 conclue dans le but de prot\u00e9ger un savoir-faire propre \u00e0 une entreprise.&nbsp;<\/span><\/p>\n<p><b>A noter que<\/b><span style=\"font-weight: 400;\"> : l\u2019obligation de loyaut\u00e9 s\u2019applique \u00e0 tous types de contrat (CDD, CDI, int\u00e9rim, contrat d\u2019apprentissage) et \u00e0 tous les salari\u00e9s, et ce, qu\u2019importe le r\u00f4le de ce salari\u00e9 dans l\u2019entreprise.&nbsp;<\/span><\/p>\n<p><b>&nbsp;<\/b><\/p>\n<p><b>Les sanctions en cas de non-respect de cette obligation de loyaut\u00e9 ?&nbsp;<\/b><\/p>\n<p><span style=\"font-weight: 400;\">Tout d\u2019abord, le salari\u00e9 qui violerait cette obligation de loyaut\u00e9 envers son employeur se risque \u00e0 ce qu\u2019une faute grave ou une faute lourde puisse justifier un licenciement. De plus, la faute peut justifier le versement de dommages et int\u00e9r\u00eats.&nbsp;<\/span><\/p>\n<p><span style=\"font-weight: 400;\">Enfin, il se peut que la cr\u00e9ation d\u2019une entreprise concurrente puisse justifier une proc\u00e9dure de concurrence d\u00e9loyale ou de parasitisme \u00e9conomique qui peut conduire \u00e0 \u00eatre condamn\u00e9 aux paiements de dommages et int\u00e9r\u00eats et mettre un coup d\u2019arr\u00eat \u00e0 une production lorsque la proc\u00e9dure est justifi\u00e9e (d\u00e9tournement de client\u00e8le, d\u00e9nigrement des produits et services propos\u00e9s, d\u00e9bauchage massif de salari\u00e9, etc.).&nbsp;<\/span><\/p>\n<h4><b>&nbsp;<\/b><\/h4>\n<h4><b>La clause d\u2019exclusivit\u00e9&nbsp;<\/b><\/h4>\n<p><span style=\"font-weight: 400;\">En principe, il est possible de cumuler plusieurs emplois, sous r\u00e9serve que ces emplois soient limit\u00e9s \u00e0 un certain nombre d\u2019heures.&nbsp;<\/span><\/p>\n<p><span style=\"font-weight: 400;\">Toutefois, la clause d\u2019exclusivit\u00e9 va toutefois interdire \u00e0 un salari\u00e9 de travailler pour un autre employeur, tant que le contrat de travail persiste. En d\u2019autres termes, cette clause s\u2019\u00e9teint en m\u00eame temps que le contrat de travail prend fin, \u00e0 la diff\u00e9rence de la clause de non-concurrence qui peut se poursuite post\u00e9rieurement \u00e0 la fin du contrat de travail.&nbsp;<\/span><\/p>\n<p><b>&nbsp;<\/b><\/p>\n<p><b>Bon \u00e0 savoir :<\/b><span style=\"font-weight: 400;\"> la clause d\u2019exclusivit\u00e9 est donc un temp\u00e9rament au principe de libert\u00e9 de travailler. Par cons\u00e9quent, elle doit \u00eatre strictement encadr\u00e9e et limit\u00e9e, et doit notamment \u00eatre <\/span><b>justifi\u00e9e <\/b><span style=\"font-weight: 400;\">par la nature de la t\u00e2che \u00e0 accomplir et indispensable pour prot\u00e9ger les int\u00e9r\u00eats l\u00e9gitimes de la soci\u00e9t\u00e9, <\/span><b>proportionn\u00e9e <\/b><span style=\"font-weight: 400;\">par rapport au but poursuivi, \u00e9crite et suffisamment <\/span><b>pr\u00e9cise <\/b><span style=\"font-weight: 400;\">pour d\u00e9crire les activit\u00e9s prohib\u00e9es.&nbsp;<\/span><\/p>\n<h4><b>&nbsp;<\/b><\/h4>\n<h4><b>La clause de non-concurrence&nbsp;<\/b><\/h4>\n<p><span style=\"font-weight: 400;\">La clause de non-concurrence est une clause ins\u00e9r\u00e9e dans le contrat de travail qui vise \u00e0 limiter la libert\u00e9 d&rsquo;un salari\u00e9 d&rsquo;exercer, <\/span><b>apr\u00e8s la rupture de son contrat,<\/b><span style=\"font-weight: 400;\"> des fonctions \u00e9quivalentes chez un concurrent ou \u00e0 son propre compte s\u2019il cr\u00e9e une soci\u00e9t\u00e9 (SARL, EURL , etc.).<\/span><\/p>\n<p><span style=\"font-weight: 400;\">Attention : dans ce cas de figure, il s\u2019agit d\u2019un <\/span><b>ancien salari\u00e9 <\/b><span style=\"font-weight: 400;\">qui voit la libert\u00e9 d\u2019exercer une <\/span><b>activit\u00e9 concurrente limit\u00e9e<\/b><span style=\"font-weight: 400;\"> par la clause (il n\u2019est donc plus salari\u00e9).&nbsp;<\/span><\/p>\n<p><span style=\"font-weight: 400;\">Cette clause \u00e9tant particuli\u00e8rement prohibitive, elle s\u2019entoure de restrictions et de temp\u00e9raments. A ce titre, elle doit respecter des crit\u00e8res cumulatifs, tels que :&nbsp;<\/span><\/p>\n<ul>\n<li style=\"font-weight: 400;\" aria-level=\"1\"><span style=\"font-weight: 400;\">La clause doit \u00eatre \u00e9crite dans le contrat de travail, si elle n\u2019est pas pr\u00e9vue dans la convention collective ;&nbsp;<\/span><\/li>\n<li style=\"font-weight: 400;\" aria-level=\"1\"><span style=\"font-weight: 400;\">Elle doit permettre de prot\u00e9ger les int\u00e9r\u00eats de l&rsquo;entreprise ;&nbsp;<\/span><\/li>\n<li style=\"font-weight: 400;\" aria-level=\"1\"><span style=\"font-weight: 400;\">elle ne doit pas avoir pour effet d\u2019emp\u00eacher le&nbsp; salari\u00e9 de trouver un emploi ailleurs ;&nbsp;<\/span><\/li>\n<li style=\"font-weight: 400;\" aria-level=\"1\"><span style=\"font-weight: 400;\">Elle doit \u00eatre limit\u00e9e dans le temps et dans l\u2019espace, et \u00e0 une activit\u00e9 vis\u00e9e ;&nbsp;<\/span><\/li>\n<li style=\"font-weight: 400;\" aria-level=\"1\"><span style=\"font-weight: 400;\">Elle doit avoir une contrepartie financi\u00e8re (qui est vers\u00e9e \u00e0 la fin du contrat de travail).&nbsp;<\/span><\/li>\n<\/ul>\n<p><span style=\"font-weight: 400;\">Si ces conditions ne sont pas remplies, la clause sera d\u00e9clar\u00e9e nulle et l\u2019employeur ne pourra pas reprocher au salari\u00e9 de ne pas avoir respect\u00e9 la clause, ce qui laisse la pleine libert\u00e9 au salari\u00e9 d&rsquo;exercer un emploi \u00e0 la suite de la rupture de l\u2019ancien contrat de travail.&nbsp;<\/span><\/p>\n<\/div>\n<h2 id=\"I\">&nbsp;<\/h2>\n<h2 id=\"I\">G\u00e9rant d&rsquo;EURL et salari\u00e9 en m\u00eame temps : un cumul des fonctions possible<\/h2>\n<p>Il n&rsquo;est pas interdit d&rsquo;\u00eatre en <a href=\"https:\/\/blog.legalvision.fr\/2018\/05\/13\/statut-eurl\/\">EURL<\/a> et salari\u00e9 en m\u00eame temps. Le<a href=\"https:\/\/blog.legalvision.fr\/2018\/10\/08\/statut-gerant\/\"> g\u00e9rant<\/a> d&rsquo;EURL voire de SARL en place peut en effet&nbsp;conclure un contrat de travail avec sa soci\u00e9t\u00e9. Cette possibilit\u00e9 n&rsquo;est n\u00e9anmoins pas ouverte \u00e0 tous. Certaines conditions tr\u00e8s strictes doivent \u00eatre remplies.<\/p>\n<p>Nous allons en premier lieu exposer les trois crit\u00e8res pour qu&rsquo;un g\u00e9rant soit \u00e9galement salari\u00e9. Ensuite, nous \u00e9voquerons les cas de cumul possibles et impossibles, avant d&rsquo;en expliquer les cons\u00e9quences.<\/p>\n<h3><br><\/h3><h3>SARL ou EURL et salari\u00e9 en m\u00eame temps : les conditions de validit\u00e9 du cumul des statuts<\/h3>\n<p>Par principe, 3 crit\u00e8res caract\u00e9risent l&rsquo;existence d&rsquo;un contrat de travail. Il faut une prestation de travail, une r\u00e9mun\u00e9ration, et un lien de subordination qui unit le salari\u00e9 \u00e0 l&#8217;employeur. Dans le cas d&rsquo;un g\u00e9rant d&rsquo;EURL ou de SARL qui souhaite \u00eatre salari\u00e9 de son entreprise, ces crit\u00e8res doivent \u00eatre particuli\u00e8rement remplis.<\/p>\n<p><span style=\"font-weight: 400;\">Il est tout \u00e0 fait possible d\u2019\u00eatre salari\u00e9 de son entreprise (<\/span><b>EURL et salari\u00e9<\/b><span style=\"font-weight: 400;\">, SARL et salari\u00e9). L\u2019EURL : embauche salari\u00e9 est donc possible, et il est notamment possible de <\/span><b>cumuler le r\u00f4le de g\u00e9rant d\u2019une EURL ou d\u2019une SARL<\/b><span style=\"font-weight: 400;\"> avec le r\u00f4le de <\/span><b>salari\u00e9 <\/b><span style=\"font-weight: 400;\">de son entreprise. <\/span><\/p>\n<p><span style=\"font-weight: 400;\">&nbsp;<\/span><\/p>\n<ul>\n<li>\n<h4><strong>Un travail effectif et distinct des fonctions de g\u00e9rant d&rsquo;EURL\/SARL<\/strong><\/h4>\n<\/li>\n<\/ul>\n<p>L&#8217;emploi salari\u00e9 que va occuper le g\u00e9rant doit \u00eatre r\u00e9el afin d&rsquo;\u00e9viter toute fraude. Ainsi,&nbsp;le contrat de travail doit imp\u00e9rativement&nbsp;se rapporter&nbsp;\u00e0&nbsp;un <strong>emploi effectif&nbsp;ind\u00e9pendant&nbsp;du mandat social<\/strong>.<\/p>\n<p>Autrement dit, les <strong>fonctions techniques<\/strong> qu&rsquo;exercera le g\u00e9rant d&rsquo;EURL\/SARL au titre de son <strong>contrat de travail<\/strong> devront \u00eatre pr\u00e9cises et sp\u00e9cifiques. L&rsquo;objectif est qu&rsquo;elles soient bien <strong>distinguables&nbsp;des attributions&nbsp;exerc\u00e9es au titre de la g\u00e9rance<\/strong>. Par exemple, le g\u00e9rant pourra, au titre de son contrat de travail, se voir confier un poste de commercial.<\/p>\n<p>C&rsquo;est pourquoi, les g\u00e9rants de SARL doivent \u00eatre tr\u00e8s vigilants quant \u00e0&nbsp;la d\u00e9termination&nbsp;des fonctions de g\u00e9rants et de celles de salari\u00e9.<\/p>\n<p>La <strong>taille de l&rsquo;entreprise<\/strong> va jouer un r\u00f4le pour appr\u00e9cier la distinction des fonctions. La&nbsp;r\u00e9alit\u00e9 du contrat de travail d&rsquo;un g\u00e9rant d\u2019EURL\/SARL sera difficilement retenue au sein d&rsquo;une petite structure. Dans ce genre d&rsquo;\u00e9tablissement,&nbsp;les attributions que le g\u00e9rant se verra conf\u00e9rer au titre de son mandat absorberont celles qui lui seront allou\u00e9es dans le cadre de son contrat de travail.<\/p>\n<p><br><\/p>\n<ul>\n<li>\n<h4><strong>Une r\u00e9mun\u00e9ration distincte<\/strong><\/h4>\n<\/li>\n<\/ul>\n<p>Le g\u00e9rant n&rsquo;est pas toujours r\u00e9mun\u00e9r\u00e9 au titre de son mandat social. Pour autant, il est fr\u00e9quent que le g\u00e9rant per\u00e7oive une <a href=\"https:\/\/blog.legalvision.fr\/2019\/02\/20\/optimisation-remuneration-du-gerant-de-sarl-tous-les-conseils-des-experts\/\"><strong>r\u00e9mun\u00e9ration<\/strong><\/a>. Elle doit correspondre aux&nbsp;capacit\u00e9s financi\u00e8res de l&rsquo;entreprise et ne pas \u00eatre excessive ni d\u00e9risoire. Dans tous les cas, la d\u00e9cision de r\u00e9mun\u00e9ration ou non du g\u00e9rant est d\u00e9termin\u00e9e dans les statuts ou a posteriori par les associ\u00e9s. Lorsqu&rsquo;elle r\u00e9sulte d&rsquo;une d\u00e9cision du ou des associ\u00e9s :<\/p>\n<ul>\n<li>dans une EURL, la d\u00e9cision doit figurer au registre des d\u00e9cisions de l&rsquo;associ\u00e9 unique, qu&rsquo;il soit lui-m\u00eame g\u00e9rant ou non ;<\/li>\n<li>dans une SARL, la d\u00e9cision doit \u00eatre prise par l&rsquo;assembl\u00e9e g\u00e9n\u00e9rale des associ\u00e9s et \u00eatre retranscrite dans un proc\u00e8s-verbal.<\/li>\n<\/ul>\n<p>Pour ce qui est du contrat de travail, il doit toujours faire l&rsquo;objet d&rsquo;une r\u00e9mun\u00e9ration.<\/p>\n<p>Ensuite, <strong>la r\u00e9mun\u00e9ration que le g\u00e9rant per\u00e7oit au titre de son contrat de travail&nbsp;doit \u00eatre distincte de celle du&nbsp;mandat de g\u00e9rant<\/strong>. Celle-ci devra par ailleurs<strong> correspondre \u00e0 l&#8217;emploi occup\u00e9<\/strong>.<\/p>\n<p>La&nbsp;soci\u00e9t\u00e9 n\u2019est toutefois pas contrainte de verser une double r\u00e9mun\u00e9ration en contrepartie d&rsquo;une part de son&nbsp;mandat social et d&rsquo;autre part de son contrat de travail.<\/p>\n<p>En pr\u00e9sence d&rsquo;une <strong>r\u00e9mun\u00e9ration unique<\/strong>, cette&nbsp;somme sera consid\u00e9r\u00e9e comme vers\u00e9e&nbsp;en contrepartie de l\u2019ex\u00e9cution d&rsquo;un&nbsp;contrat de travail. Le mandat social sera quant \u00e0 lui r\u00e9put\u00e9 \u00eatre exerc\u00e9 \u00e0 titre gratuit.<\/p>\n<p><br><\/p>\n<ul>\n<li>\n<h4><strong>L&rsquo;existence d&rsquo;un lien de subordination<\/strong><\/h4>\n<\/li>\n<\/ul>\n<p>L\u2019\u00e9tat de subordination est l\u2019une des conditions&nbsp;imp\u00e9ratives de l\u2019existence d\u2019un contrat de travail. Ainsi, <strong>le mandataire-salari\u00e9 doit imp\u00e9rativement \u00eatre plac\u00e9 dans un \u00e9tat de subordination \u00e0 l&rsquo;\u00e9gard de&nbsp;la soci\u00e9t\u00e9<\/strong>.<\/p>\n<p>En d&rsquo;autres termes, le&nbsp;g\u00e9rant doit n\u00e9cessairement ex\u00e9cuter un travail sous l&rsquo;autorit\u00e9 de la soci\u00e9t\u00e9. Cela suppose que la&nbsp;soci\u00e9t\u00e9 doit lui donner&nbsp;des ordres et des directives, en contr\u00f4ler l&rsquo;ex\u00e9cution et le sanctionner en cas de manquement.<\/p>\n<p>Son existence peut s\u2019av\u00e9rer <strong>difficile \u00e0 d\u00e9montrer<\/strong>. Toutefois, plusieurs indices, tels que par exemple,&nbsp;le travail au sein d&rsquo;un service organis\u00e9, le respect des horaires de travail voire du r\u00e8glement int\u00e9rieur, peuvent permettre son identification.<\/p>\n<p>Ce&nbsp;sont les juges qui appr\u00e9cieront de fa\u00e7on souveraine le caract\u00e8re subordonn\u00e9 des fonctions techniques.<\/p>\n<h3>&nbsp;<\/h3>\n<h3>SARL ou EURL et salari\u00e9 en m\u00eame temps : les cas de cumul possible et impossible<\/h3>\n<ul>\n<li>\n<h4>Les associ\u00e9s et g\u00e9rants pouvant \u00eatre salari\u00e9 en m\u00eame temps<\/h4>\n<\/li>\n<\/ul>\n<p>Tout d&rsquo;abord, s&rsquo;agissant de la <strong>SARL<\/strong>, l&rsquo;<strong>associ\u00e9 non g\u00e9rant<\/strong> peut signer un contrat de travail avec sa soci\u00e9t\u00e9. Peu importe qu&rsquo;il soit minoritaire, \u00e9galitaire ou majoritaire dans la soci\u00e9t\u00e9. Le <a href=\"https:\/\/blog.legalvision.fr\/2018\/02\/28\/dirigeant-non-associe\/\"><strong>g\u00e9rant de SARL qui n&rsquo;est pas associ\u00e9<\/strong><\/a> aura \u00e9galement cette possibilit\u00e9.<\/p>\n<p>Enfin, la personne qui cumule les <strong>qualit\u00e9s de g\u00e9rant et d&rsquo;associ\u00e9 minoritaire de SARL<\/strong> pourra en plus \u00eatre salari\u00e9 de la soci\u00e9t\u00e9.<\/p>\n<p>Concernant l&rsquo;<strong>EURL<\/strong>, seul le <strong>g\u00e9rant non associ\u00e9<\/strong> a la possibilit\u00e9 de signer un contrat de travail avec la soci\u00e9t\u00e9.<\/p>\n<p>Attention toutefois, pour que ces cumuls soient autoris\u00e9s, il faut que les trois conditions mentionn\u00e9es pr\u00e9c\u00e9demment soient effectives. Par exemple, le g\u00e9rant non associ\u00e9 d&rsquo;EURL pourra \u00e9galement \u00eatre salari\u00e9 en sus de son mandat, uniquement s&rsquo;il&nbsp;est effectivement soumis au pouvoir de direction et de sanction de l&rsquo;associ\u00e9 unique.&nbsp;<strong>Lorsque que l\u2019une ou plusieurs des conditions de cumul font d\u00e9faut<\/strong>, il ne sera pas possible d&rsquo;\u00eatre g\u00e9rant d&rsquo;EURL et salari\u00e9 en m\u00eame temps. Les parties pourront, selon les cas,&nbsp;suspendre le&nbsp;contrat de travail, y mettre un terme ou encore l&rsquo;annuler.<\/p>\n<p><br><\/p>\n<ul>\n<li>\n<h4>Les associ\u00e9s et g\u00e9rants pour lesquels le \u00eatre en SARL ou EURL et salari\u00e9 en m\u00eame temps est impossible<\/h4>\n<\/li>\n<\/ul>\n<p>En SARL, lorsqu&rsquo;un associ\u00e9 d\u00e9tient plus de la moiti\u00e9 du capital social, il sera qualifi\u00e9 d&rsquo;<a href=\"https:\/\/blog.legalvision.fr\/2018\/03\/28\/gerant-majoritaire-sarl\/\">associ\u00e9 majoritaire<\/a>.&nbsp;<strong>Si cet associ\u00e9 majoritaire exerce aussi les fonctions de g\u00e9rant au sein de la SARL,<\/strong> alors il n&rsquo;aura pas la facult\u00e9 de cumuler son mandat avec un emploi salari\u00e9. Effectivement, en d\u00e9tenant la majorit\u00e9 des voix au sein de la soci\u00e9t\u00e9, il d\u00e9tient \u00e0 lui seul la facult\u00e9 de r\u00e9voquer le g\u00e9rant ce qui laisse pr\u00e9sumer qu\u2019il ne peut \u00eatre subordonn\u00e9 \u00e0 personne. Le&nbsp;contrat de travail d&rsquo;un associ\u00e9 majoritaire et salari\u00e9 prend fin d\u00e8s lors qu&rsquo;il acc\u00e8de aux fonctions de g\u00e9rant. Cette solution vaut \u00e9galement pour le <strong>g\u00e9rant \u00e9galitaire<\/strong>.<\/p>\n<p>En EURL,&nbsp;<strong>l\u2019associ\u00e9 unique qui exerce conjointement les fonctions de g\u00e9rant de la soci\u00e9t\u00e9<\/strong>, ne peut pas conclure de contrat de travail. Cette solution est identique pour <strong>l&rsquo;associ\u00e9 unique non g\u00e9rant<\/strong>.&nbsp;La Cour de Cassation a rappel\u00e9 cette solution dans un <a href=\"https:\/\/www.legifrance.gouv.fr\/affichJuriJudi.do?oldAction=rechJuriJudi&amp;idTexte=JURITEXT000038060638&amp;fastReqId=704218404&amp;fastPos=1\">arr\u00eat r\u00e9cent<\/a>. Il a \u00e9t\u00e9 jug\u00e9 que le statut de l\u2019associ\u00e9 unique d\u2019EURL, qui dispose de la facult\u00e9 de r\u00e9voquer le g\u00e9rant, est inconciliable avec celui de salari\u00e9.&nbsp;Cela s&rsquo;expliquant par l&rsquo;absence de toute d\u00e9pendance et de tout lien de subordination.<\/p>\n<h3>&nbsp;<\/h3>\n<h3>EURL et salari\u00e9 en m\u00eame temps : les cons\u00e9quences du cumul r\u00e9gulier<\/h3>\n<p>Celui qui cumule les statuts de g\u00e9rant et\/ou associ\u00e9, et salari\u00e9, se verra alors octroyer divers avantages. Il b\u00e9n\u00e9ficiera par exemple :<\/p>\n<ul>\n<li>D&rsquo;une r\u00e9mun\u00e9ration suppl\u00e9mentaire ;<\/li>\n<li>De l&rsquo;application de la l\u00e9gislation du travail (salaire minimum, cong\u00e9s pay\u00e9s, entretien pr\u00e9alable en cas de rupture du contrat de travail&#8230;) ;<\/li>\n<li>D&rsquo;<a href=\"https:\/\/www.unedic.org\/indemnisation\/fiches-thematiques\/allocation-daide-au-retour-lemploi-are\">indemnit\u00e9s ch\u00f4mages<\/a> en cas de licenciement.<\/li>\n<\/ul>\n<p>La rupture de l\u2019un des statuts n\u2019aura aucune incidence sur l\u2019autre statut. L\u2019arr\u00eat du mandat social, par exemple, n\u2019entra\u00eenera pas l\u2019extinction automatique du contrat de travail.<\/p>\n<h2 id=\"II\"><br><\/h2>\n<h2 id=\"II\">Les formalit\u00e9s d&#8217;embauche de salari\u00e9s par une EURL ou SARL<\/h2>\n<p>Rappelons le, une&nbsp;EURL&nbsp;est une SARL constitu\u00e9e d&rsquo;un seul associ\u00e9. La loi ne pr\u00e9cise pas qu&rsquo;elle doit n\u00e9cessairement comporter un seul salari\u00e9.<\/p>\n<p>Celui qui entend proc\u00e9der au recrutement d&rsquo;un ou plusieurs salari\u00e9s&nbsp;sera tenue de respecter un certain nombre de <a href=\"https:\/\/blog.legalvision.fr\/2019\/05\/01\/guide-des-formalites-d-embauche-2019\/\">formalit\u00e9s d&#8217;embauche obligatoires<\/a>.<\/p>\n<h3>&nbsp;<\/h3>\n<h3>G\u00e9rant d&rsquo;EURL et salari\u00e9 en m\u00eame temps : r\u00e8gles proc\u00e9durales<\/h3>\n<p>La date \u00e0 laquelle l\u2019EURL ou la SARL va conclure le contrat de travail avec le g\u00e9rant va avoir des cons\u00e9quences sur les r\u00e8gles proc\u00e9durales.<\/p>\n<p>Si sa conclusion intervient pendant l\u2019exercice de son mandat, il s\u2019agira d\u2019une <strong>convention r\u00e9glement\u00e9e<\/strong> organis\u00e9e \u00e0 l\u2019article <a href=\"https:\/\/www.legifrance.gouv.fr\/affichCodeArticle.do?cidTexte=LEGITEXT000005634379&amp;idArticle=LEGIARTI000006223120&amp;dateTexte=&amp;categorieLien=cid\">L.223-19 du Code de commerce<\/a>. D\u00e8s lors, elle sera soumise \u00e0 l\u2019approbation de la collectivit\u00e9 des associ\u00e9s en SARL (le g\u00e9rant est exclu du vote s\u2019il est associ\u00e9 et ses parts ne sont aucunement prises en consid\u00e9ration pour le calcul de la majorit\u00e9). En EURL, l&rsquo;associ\u00e9 unique devra l&rsquo;autoriser, et cette d\u00e9cision devra figurer sur le registre de ses d\u00e9cisions.<\/p>\n<p>En d\u00e9finitive, si cette proc\u00e9dure n\u2019a pas \u00e9t\u00e9 suivie scrupuleusement, le contrat produira ses effets mais le dirigeant pourra \u00e9ventuellement <a href=\"https:\/\/blog.legalvision.fr\/2019\/02\/24\/responsabilite-du-gerant-d-une-sarl-ou-eurl\/\">engager sa responsabilit\u00e9<\/a> si la soci\u00e9t\u00e9 subit des pr\u00e9judices.<\/p>\n<h3>&nbsp;<\/h3>\n<h3><span style=\"color: var( --e-global-color-accent ); font-family: var( --e-global-typography-accent-font-family ),Sans-serif; font-size: var( --e-global-typography-accent-font-size ); font-style: var( --e-global-typography-accent-font-style ); font-weight: var( --e-global-typography-accent-font-weight ); letter-spacing: var(--heading--letter-spacing-h3); text-transform: var( --e-global-typography-accent-text-transform ); background-color: var( --e-global-color-f8847cf );\">La d\u00e9claration pr\u00e9alable \u00e0 l&#8217;embauche&nbsp;(DPAE)<\/span><\/h3>\n<p>La <strong>DPAE<\/strong> doit \u00eatre adress\u00e9e aux organismes de protection sociale dans les 8 jours pr\u00e9c\u00e9dent l&#8217;embauche. Cette d\u00e9claration n&rsquo;a pas lieu d&rsquo;\u00eatre lorsque l&#8217;employeur signe une convention de stage. Par principe, elle doit \u00eatre faite de mani\u00e8re d\u00e9mat\u00e9rialis\u00e9e sur le <a href=\"https:\/\/www.due.urssaf.fr\/declarant\/formulaireDueLibre.jsf\">site de l&rsquo;Urssaf<\/a>.<\/p>\n<p>Cette d\u00e9claration doit mentionner :<\/p>\n<ul>\n<li>La d\u00e9nomination sociale et l&rsquo;adresse de l&#8217;employeur,<\/li>\n<li>Le code APE de l&rsquo;entreprise,<\/li>\n<li>Le num\u00e9ro Siret de l&rsquo;\u00e9tablissement,<\/li>\n<li>Les coordonn\u00e9es du service de sant\u00e9 au travail dont l&#8217;employeur d\u00e9pend, s&rsquo;il rel\u00e8ve du r\u00e9gime g\u00e9n\u00e9ral de la s\u00e9curit\u00e9 sociale,<\/li>\n<li>noms, pr\u00e9noms, adresse, date et lieu de naissance, num\u00e9ro de s\u00e9curit\u00e9 sociale du salari\u00e9 (s&rsquo;il est d\u00e9j\u00e0 immatricul\u00e9),<\/li>\n<li>date et heure d&#8217;embauche pr\u00e9visibles,<\/li>\n<li>nature, dur\u00e9e du contrat et de la p\u00e9riode d&rsquo;essai pour les CDI et les CDD sup\u00e9rieurs \u00e0 6 mois.<\/li>\n<\/ul>\n<p>L&#8217;employeur qui ne proc\u00e8de pas \u00e0 cette d\u00e9claration est puni par des sanctions :<\/p>\n<ul>\n<li>civiles,<\/li>\n<li>administratives d&rsquo;un montant \u00e9gale \u00e0 300&nbsp;fois le taux horaire du minimum garanti (3,62&nbsp;\u20ac en 2019),<\/li>\n<li>p\u00e9nales pour dissimulation d\u2019emploi salari\u00e9.<\/li>\n<\/ul>\n<h3>&nbsp;<\/h3>\n<h3>Contrat de travail et inscription sur le registre unique du personnel<\/h3>\n<p>Un <a href=\"https:\/\/www.legalvision.fr\/lp\/contrat-de-travail-cdi\"><strong>contrat de travail<\/strong><\/a> devra \u00eatre remis \u00e0 chaque salari\u00e9 nouvellement embauch\u00e9. L&#8217;employeur&nbsp;ne devra pas oublier de&nbsp;l&rsquo;inscrire sur le <strong>registre unique du personnel<\/strong>.<\/p>\n<h3>&nbsp;<\/h3>\n<h3>Affiliation aupr\u00e8s des institutions de retraite compl\u00e9mentaire obligatoire<\/h3>\n<p>Le salari\u00e9 qui prend ses fonctions dans une entreprise de droit priv\u00e9 doit \u00eatre affili\u00e9 \u00e0 une caisse de retraite&nbsp;Agirc-Arrco. L&#8217;employeur les signalera par le biais d&rsquo;une&nbsp;<a href=\"http:\/\/www.dsn-info.fr\">d\u00e9claration sociale nominative<\/a> (DSN).<\/p>\n<h3>&nbsp;<\/h3>\n<h3>Visite d&rsquo;information et de pr\u00e9vention<\/h3>\n<p>Dans les trois mois suivant&nbsp;la prise effective du poste, l&#8217;employeur doit organiser une&nbsp;<a href=\"https:\/\/www.legifrance.gouv.fr\/affichCode.do?idSectionTA=LEGISCTA000033739094&amp;cidTexte=LEGITEXT000006072050\">visite d&rsquo;information et de pr\u00e9vention<\/a> pour le nouvel entrant. Celle-ci doit \u00eatre r\u00e9alis\u00e9e avant l&#8217;embauche pour les travailleurs de nuit, les jeunes de moins de 18 ans et les salari\u00e9s expos\u00e9s \u00e0 des risques.<\/p>\n<div class=\"wp-block-button\" style=\"text-align: center;\"><a class=\"wp-block-button__link has-background\" href=\"https:\/\/leonard.fr\/juridique\/creation-entreprise\/creation-dune-eurl-leonard\/?utm_source=blog&amp;utm_medium=CTA&amp;utm_campaign=creation_EURL_salarie&amp;utm_id=creation_EURL_blog\">Cr\u00e9ez votre EURL en ligne<\/a><\/div>\t\t\t\t\t\t\t\t<\/div>\n\t\t\t\t<\/div>\n\t\t\t\t\t<\/div>\n\t\t<\/div>\n\t\t\t\t\t<\/div>\n\t\t<\/section>\n\t\t\t\t<\/div>\n\t\t","protected":false},"excerpt":{"rendered":"<p>De nombreux entrepreneurs, qui ont par exemple\u00a0mont\u00e9 une EURL\u00a0ou une SARL, souhaitent en parall\u00e8le avoir le\u00a0statut de salari\u00e9. Comment \u00eatre en EURL et salari\u00e9 en m\u00eame temps ? Le statut hybride de\u00a0g\u00e9rant-salari\u00e9\u00a0qui peut vous \u00eatre offert est une r\u00e9elle curiosit\u00e9 juridique qui suscite de nombreuses interrogations. LegalVision va vous \u00e9clairer sur ce point. Pour rappel,&hellip; <a class=\"more-link\" href=\"https:\/\/www.legalvision.fr\/guides-juridiques\/eurl\/sarl-eurl-et-salarie-en-meme-temps-toutes-les-situations\/\">Poursuivre la lecture <span class=\"screen-reader-text\">Cr\u00e9er son EURL ou SARL et \u00eatre salari\u00e9 en m\u00eame temps : le guide complet<\/span><\/a><\/p>\n","protected":false},"author":30,"featured_media":24592,"comment_status":"open","ping_status":"open","sticky":false,"template":"","format":"standard","meta":{"content-type":"","inline_featured_image":false,"footnotes":""},"categories":[2488],"tags":[],"class_list":["post-14732","post","type-post","status-publish","format-standard","has-post-thumbnail","hentry","category-eurl","entry"],"yoast_head":"<!-- This site is optimized with the Yoast SEO plugin v27.1.1 - https:\/\/yoast.com\/product\/yoast-seo-wordpress\/ -->\n<title>EURL et salari\u00e9 en m\u00eame temps : un cumul possible !<\/title>\n<meta name=\"description\" content=\"Il est possible d&#039;\u00eatre g\u00e9rant de SARL ou EURL et salari\u00e9 en m\u00eame temps. Pour que cela soit envisageable, plusieurs conditions doivent \u00eatre remplies.\" \/>\n<meta name=\"robots\" content=\"index, follow, max-snippet:-1, max-image-preview:large, max-video-preview:-1\" \/>\n<link rel=\"canonical\" href=\"https:\/\/www.legalvision.fr\/guides-juridiques\/eurl\/sarl-eurl-et-salarie-en-meme-temps-toutes-les-situations\/\" \/>\n<meta property=\"og:locale\" content=\"fr_FR\" \/>\n<meta property=\"og:type\" content=\"article\" \/>\n<meta property=\"og:title\" content=\"EURL et salari\u00e9 en m\u00eame temps : un cumul possible !\" \/>\n<meta property=\"og:description\" content=\"Il est possible d&#039;\u00eatre g\u00e9rant de SARL ou EURL et salari\u00e9 en m\u00eame temps. Pour que cela soit envisageable, plusieurs conditions doivent \u00eatre remplies.\" \/>\n<meta property=\"og:url\" content=\"https:\/\/www.legalvision.fr\/guides-juridiques\/eurl\/sarl-eurl-et-salarie-en-meme-temps-toutes-les-situations\/\" \/>\n<meta property=\"og:site_name\" content=\"Guides juridiques\" \/>\n<meta property=\"article:published_time\" content=\"2019-05-11T06:30:35+00:00\" \/>\n<meta property=\"article:modified_time\" content=\"2023-10-23T12:28:32+00:00\" \/>\n<meta property=\"og:image\" content=\"https:\/\/www.legalvision.fr\/guides-juridiques\/wp-content\/uploads\/2019\/05\/EURL-et-salari\u00e9-en-m\u00eame-temps.jpg\" \/>\n\t<meta property=\"og:image:width\" content=\"958\" \/>\n\t<meta property=\"og:image:height\" content=\"350\" \/>\n\t<meta property=\"og:image:type\" content=\"image\/jpeg\" \/>\n<meta name=\"author\" content=\"William Lebrun\" \/>\n<meta name=\"twitter:card\" content=\"summary_large_image\" \/>\n<meta name=\"twitter:label1\" content=\"\u00c9crit par\" \/>\n\t<meta name=\"twitter:data1\" content=\"William Lebrun\" \/>\n\t<meta name=\"twitter:label2\" content=\"Dur\u00e9e de lecture estim\u00e9e\" \/>\n\t<meta name=\"twitter:data2\" content=\"14 minutes\" \/>\n<script type=\"application\/ld+json\" class=\"yoast-schema-graph\">{\"@context\":\"https:\/\/schema.org\",\"@graph\":[{\"@type\":\"Article\",\"@id\":\"https:\/\/www.legalvision.fr\/guides-juridiques\/eurl\/sarl-eurl-et-salarie-en-meme-temps-toutes-les-situations\/#article\",\"isPartOf\":{\"@id\":\"https:\/\/www.legalvision.fr\/guides-juridiques\/eurl\/sarl-eurl-et-salarie-en-meme-temps-toutes-les-situations\/\"},\"author\":{\"name\":\"William Lebrun\",\"@id\":\"https:\/\/www.legalvision.fr\/guides-juridiques\/#\/schema\/person\/3d24d0c20575138ed212b2e4b6f7b4b0\"},\"headline\":\"Cr\u00e9er son EURL ou SARL et \u00eatre salari\u00e9 en m\u00eame temps : le guide complet\",\"datePublished\":\"2019-05-11T06:30:35+00:00\",\"dateModified\":\"2023-10-23T12:28:32+00:00\",\"mainEntityOfPage\":{\"@id\":\"https:\/\/www.legalvision.fr\/guides-juridiques\/eurl\/sarl-eurl-et-salarie-en-meme-temps-toutes-les-situations\/\"},\"wordCount\":3321,\"commentCount\":0,\"publisher\":{\"@id\":\"https:\/\/www.legalvision.fr\/guides-juridiques\/#organization\"},\"image\":{\"@id\":\"https:\/\/www.legalvision.fr\/guides-juridiques\/eurl\/sarl-eurl-et-salarie-en-meme-temps-toutes-les-situations\/#primaryimage\"},\"thumbnailUrl\":\"https:\/\/www.legalvision.fr\/guides-juridiques\/wp-content\/uploads\/2019\/05\/EURL-et-salari\u00e9-en-m\u00eame-temps.jpg\",\"articleSection\":[\"EURL\"],\"inLanguage\":\"fr-FR\",\"potentialAction\":[{\"@type\":\"CommentAction\",\"name\":\"Comment\",\"target\":[\"https:\/\/www.legalvision.fr\/guides-juridiques\/eurl\/sarl-eurl-et-salarie-en-meme-temps-toutes-les-situations\/#respond\"]}]},{\"@type\":\"WebPage\",\"@id\":\"https:\/\/www.legalvision.fr\/guides-juridiques\/eurl\/sarl-eurl-et-salarie-en-meme-temps-toutes-les-situations\/\",\"url\":\"https:\/\/www.legalvision.fr\/guides-juridiques\/eurl\/sarl-eurl-et-salarie-en-meme-temps-toutes-les-situations\/\",\"name\":\"EURL et salari\u00e9 en m\u00eame temps : un cumul possible !\",\"isPartOf\":{\"@id\":\"https:\/\/www.legalvision.fr\/guides-juridiques\/#website\"},\"primaryImageOfPage\":{\"@id\":\"https:\/\/www.legalvision.fr\/guides-juridiques\/eurl\/sarl-eurl-et-salarie-en-meme-temps-toutes-les-situations\/#primaryimage\"},\"image\":{\"@id\":\"https:\/\/www.legalvision.fr\/guides-juridiques\/eurl\/sarl-eurl-et-salarie-en-meme-temps-toutes-les-situations\/#primaryimage\"},\"thumbnailUrl\":\"https:\/\/www.legalvision.fr\/guides-juridiques\/wp-content\/uploads\/2019\/05\/EURL-et-salari\u00e9-en-m\u00eame-temps.jpg\",\"datePublished\":\"2019-05-11T06:30:35+00:00\",\"dateModified\":\"2023-10-23T12:28:32+00:00\",\"description\":\"Il est possible d'\u00eatre g\u00e9rant de SARL ou EURL et salari\u00e9 en m\u00eame temps. Pour que cela soit envisageable, plusieurs conditions doivent \u00eatre remplies.\",\"breadcrumb\":{\"@id\":\"https:\/\/www.legalvision.fr\/guides-juridiques\/eurl\/sarl-eurl-et-salarie-en-meme-temps-toutes-les-situations\/#breadcrumb\"},\"inLanguage\":\"fr-FR\",\"potentialAction\":[{\"@type\":\"ReadAction\",\"target\":[\"https:\/\/www.legalvision.fr\/guides-juridiques\/eurl\/sarl-eurl-et-salarie-en-meme-temps-toutes-les-situations\/\"]}]},{\"@type\":\"ImageObject\",\"inLanguage\":\"fr-FR\",\"@id\":\"https:\/\/www.legalvision.fr\/guides-juridiques\/eurl\/sarl-eurl-et-salarie-en-meme-temps-toutes-les-situations\/#primaryimage\",\"url\":\"https:\/\/www.legalvision.fr\/guides-juridiques\/wp-content\/uploads\/2019\/05\/EURL-et-salari\u00e9-en-m\u00eame-temps.jpg\",\"contentUrl\":\"https:\/\/www.legalvision.fr\/guides-juridiques\/wp-content\/uploads\/2019\/05\/EURL-et-salari\u00e9-en-m\u00eame-temps.jpg\",\"width\":958,\"height\":350,\"caption\":\"EURL et salari\u00e9 en m\u00eame temps\"},{\"@type\":\"BreadcrumbList\",\"@id\":\"https:\/\/www.legalvision.fr\/guides-juridiques\/eurl\/sarl-eurl-et-salarie-en-meme-temps-toutes-les-situations\/#breadcrumb\",\"itemListElement\":[{\"@type\":\"ListItem\",\"position\":1,\"name\":\"Accueil\",\"item\":\"https:\/\/www.legalvision.fr\/guides-juridiques\/\"},{\"@type\":\"ListItem\",\"position\":2,\"name\":\"EURL\",\"item\":\"https:\/\/www.legalvision.fr\/guides-juridiques\/eurl\/\"},{\"@type\":\"ListItem\",\"position\":3,\"name\":\"Cr\u00e9er son EURL ou SARL et \u00eatre salari\u00e9 en m\u00eame temps : le guide complet\"}]},{\"@type\":\"WebSite\",\"@id\":\"https:\/\/www.legalvision.fr\/guides-juridiques\/#website\",\"url\":\"https:\/\/www.legalvision.fr\/guides-juridiques\/\",\"name\":\"Guides juridiques\",\"description\":\"L&#039;information juridique \u00e0 destination des entreprises et TPE\",\"publisher\":{\"@id\":\"https:\/\/www.legalvision.fr\/guides-juridiques\/#organization\"},\"potentialAction\":[{\"@type\":\"SearchAction\",\"target\":{\"@type\":\"EntryPoint\",\"urlTemplate\":\"https:\/\/www.legalvision.fr\/guides-juridiques\/?s={search_term_string}\"},\"query-input\":{\"@type\":\"PropertyValueSpecification\",\"valueRequired\":true,\"valueName\":\"search_term_string\"}}],\"inLanguage\":\"fr-FR\"},{\"@type\":\"Organization\",\"@id\":\"https:\/\/www.legalvision.fr\/guides-juridiques\/#organization\",\"name\":\"Guides juridiques\",\"url\":\"https:\/\/www.legalvision.fr\/guides-juridiques\/\",\"logo\":{\"@type\":\"ImageObject\",\"inLanguage\":\"fr-FR\",\"@id\":\"https:\/\/www.legalvision.fr\/guides-juridiques\/#\/schema\/logo\/image\/\",\"url\":\"https:\/\/www.legalvision.fr\/guides-juridiques\/wp-content\/uploads\/2022\/10\/LV-Logotype.png\",\"contentUrl\":\"https:\/\/www.legalvision.fr\/guides-juridiques\/wp-content\/uploads\/2022\/10\/LV-Logotype.png\",\"width\":647,\"height\":125,\"caption\":\"Guides juridiques\"},\"image\":{\"@id\":\"https:\/\/www.legalvision.fr\/guides-juridiques\/#\/schema\/logo\/image\/\"}},{\"@type\":\"Person\",\"@id\":\"https:\/\/www.legalvision.fr\/guides-juridiques\/#\/schema\/person\/3d24d0c20575138ed212b2e4b6f7b4b0\",\"name\":\"William Lebrun\",\"image\":{\"@type\":\"ImageObject\",\"inLanguage\":\"fr-FR\",\"@id\":\"https:\/\/www.legalvision.fr\/guides-juridiques\/#\/schema\/person\/image\/\",\"url\":\"https:\/\/www.legalvision.fr\/guides-juridiques\/wp-content\/uploads\/2023\/07\/cropped-homme1-96x96.png\",\"contentUrl\":\"https:\/\/www.legalvision.fr\/guides-juridiques\/wp-content\/uploads\/2023\/07\/cropped-homme1-96x96.png\",\"caption\":\"William Lebrun\"},\"description\":\"B\u00e9n\u00e9ficiant de la formation d'un double dipl\u00f4me en droit des affaires et en \u00e9cole de commerce, j'ai un fort attrait pour le droit des soci\u00e9t\u00e9s. Je r\u00e9dige des articles pour vous aider sur vos probl\u00e9matiques.\",\"url\":\"https:\/\/www.legalvision.fr\/guides-juridiques\/author\/aina-rakoto\/\"}]}<\/script>\n<!-- \/ Yoast SEO plugin. -->","yoast_head_json":{"title":"EURL et salari\u00e9 en m\u00eame temps : un cumul possible !","description":"Il est possible d'\u00eatre g\u00e9rant de SARL ou EURL et salari\u00e9 en m\u00eame temps. Pour que cela soit envisageable, plusieurs conditions doivent \u00eatre remplies.","robots":{"index":"index","follow":"follow","max-snippet":"max-snippet:-1","max-image-preview":"max-image-preview:large","max-video-preview":"max-video-preview:-1"},"canonical":"https:\/\/www.legalvision.fr\/guides-juridiques\/eurl\/sarl-eurl-et-salarie-en-meme-temps-toutes-les-situations\/","og_locale":"fr_FR","og_type":"article","og_title":"EURL et salari\u00e9 en m\u00eame temps : un cumul possible !","og_description":"Il est possible d'\u00eatre g\u00e9rant de SARL ou EURL et salari\u00e9 en m\u00eame temps. Pour que cela soit envisageable, plusieurs conditions doivent \u00eatre remplies.","og_url":"https:\/\/www.legalvision.fr\/guides-juridiques\/eurl\/sarl-eurl-et-salarie-en-meme-temps-toutes-les-situations\/","og_site_name":"Guides juridiques","article_published_time":"2019-05-11T06:30:35+00:00","article_modified_time":"2023-10-23T12:28:32+00:00","og_image":[{"width":958,"height":350,"url":"https:\/\/www.legalvision.fr\/guides-juridiques\/wp-content\/uploads\/2019\/05\/EURL-et-salari\u00e9-en-m\u00eame-temps.jpg","type":"image\/jpeg"}],"author":"William Lebrun","twitter_card":"summary_large_image","twitter_misc":{"\u00c9crit par":"William Lebrun","Dur\u00e9e de lecture estim\u00e9e":"14 minutes"},"schema":{"@context":"https:\/\/schema.org","@graph":[{"@type":"Article","@id":"https:\/\/www.legalvision.fr\/guides-juridiques\/eurl\/sarl-eurl-et-salarie-en-meme-temps-toutes-les-situations\/#article","isPartOf":{"@id":"https:\/\/www.legalvision.fr\/guides-juridiques\/eurl\/sarl-eurl-et-salarie-en-meme-temps-toutes-les-situations\/"},"author":{"name":"William Lebrun","@id":"https:\/\/www.legalvision.fr\/guides-juridiques\/#\/schema\/person\/3d24d0c20575138ed212b2e4b6f7b4b0"},"headline":"Cr\u00e9er son EURL ou SARL et \u00eatre salari\u00e9 en m\u00eame temps : le guide complet","datePublished":"2019-05-11T06:30:35+00:00","dateModified":"2023-10-23T12:28:32+00:00","mainEntityOfPage":{"@id":"https:\/\/www.legalvision.fr\/guides-juridiques\/eurl\/sarl-eurl-et-salarie-en-meme-temps-toutes-les-situations\/"},"wordCount":3321,"commentCount":0,"publisher":{"@id":"https:\/\/www.legalvision.fr\/guides-juridiques\/#organization"},"image":{"@id":"https:\/\/www.legalvision.fr\/guides-juridiques\/eurl\/sarl-eurl-et-salarie-en-meme-temps-toutes-les-situations\/#primaryimage"},"thumbnailUrl":"https:\/\/www.legalvision.fr\/guides-juridiques\/wp-content\/uploads\/2019\/05\/EURL-et-salari\u00e9-en-m\u00eame-temps.jpg","articleSection":["EURL"],"inLanguage":"fr-FR","potentialAction":[{"@type":"CommentAction","name":"Comment","target":["https:\/\/www.legalvision.fr\/guides-juridiques\/eurl\/sarl-eurl-et-salarie-en-meme-temps-toutes-les-situations\/#respond"]}]},{"@type":"WebPage","@id":"https:\/\/www.legalvision.fr\/guides-juridiques\/eurl\/sarl-eurl-et-salarie-en-meme-temps-toutes-les-situations\/","url":"https:\/\/www.legalvision.fr\/guides-juridiques\/eurl\/sarl-eurl-et-salarie-en-meme-temps-toutes-les-situations\/","name":"EURL et salari\u00e9 en m\u00eame temps : un cumul possible !","isPartOf":{"@id":"https:\/\/www.legalvision.fr\/guides-juridiques\/#website"},"primaryImageOfPage":{"@id":"https:\/\/www.legalvision.fr\/guides-juridiques\/eurl\/sarl-eurl-et-salarie-en-meme-temps-toutes-les-situations\/#primaryimage"},"image":{"@id":"https:\/\/www.legalvision.fr\/guides-juridiques\/eurl\/sarl-eurl-et-salarie-en-meme-temps-toutes-les-situations\/#primaryimage"},"thumbnailUrl":"https:\/\/www.legalvision.fr\/guides-juridiques\/wp-content\/uploads\/2019\/05\/EURL-et-salari\u00e9-en-m\u00eame-temps.jpg","datePublished":"2019-05-11T06:30:35+00:00","dateModified":"2023-10-23T12:28:32+00:00","description":"Il est possible d'\u00eatre g\u00e9rant de SARL ou EURL et salari\u00e9 en m\u00eame temps. Pour que cela soit envisageable, plusieurs conditions doivent \u00eatre remplies.","breadcrumb":{"@id":"https:\/\/www.legalvision.fr\/guides-juridiques\/eurl\/sarl-eurl-et-salarie-en-meme-temps-toutes-les-situations\/#breadcrumb"},"inLanguage":"fr-FR","potentialAction":[{"@type":"ReadAction","target":["https:\/\/www.legalvision.fr\/guides-juridiques\/eurl\/sarl-eurl-et-salarie-en-meme-temps-toutes-les-situations\/"]}]},{"@type":"ImageObject","inLanguage":"fr-FR","@id":"https:\/\/www.legalvision.fr\/guides-juridiques\/eurl\/sarl-eurl-et-salarie-en-meme-temps-toutes-les-situations\/#primaryimage","url":"https:\/\/www.legalvision.fr\/guides-juridiques\/wp-content\/uploads\/2019\/05\/EURL-et-salari\u00e9-en-m\u00eame-temps.jpg","contentUrl":"https:\/\/www.legalvision.fr\/guides-juridiques\/wp-content\/uploads\/2019\/05\/EURL-et-salari\u00e9-en-m\u00eame-temps.jpg","width":958,"height":350,"caption":"EURL et salari\u00e9 en m\u00eame temps"},{"@type":"BreadcrumbList","@id":"https:\/\/www.legalvision.fr\/guides-juridiques\/eurl\/sarl-eurl-et-salarie-en-meme-temps-toutes-les-situations\/#breadcrumb","itemListElement":[{"@type":"ListItem","position":1,"name":"Accueil","item":"https:\/\/www.legalvision.fr\/guides-juridiques\/"},{"@type":"ListItem","position":2,"name":"EURL","item":"https:\/\/www.legalvision.fr\/guides-juridiques\/eurl\/"},{"@type":"ListItem","position":3,"name":"Cr\u00e9er son EURL ou SARL et \u00eatre salari\u00e9 en m\u00eame temps : le guide complet"}]},{"@type":"WebSite","@id":"https:\/\/www.legalvision.fr\/guides-juridiques\/#website","url":"https:\/\/www.legalvision.fr\/guides-juridiques\/","name":"Guides juridiques","description":"L&#039;information juridique \u00e0 destination des entreprises et TPE","publisher":{"@id":"https:\/\/www.legalvision.fr\/guides-juridiques\/#organization"},"potentialAction":[{"@type":"SearchAction","target":{"@type":"EntryPoint","urlTemplate":"https:\/\/www.legalvision.fr\/guides-juridiques\/?s={search_term_string}"},"query-input":{"@type":"PropertyValueSpecification","valueRequired":true,"valueName":"search_term_string"}}],"inLanguage":"fr-FR"},{"@type":"Organization","@id":"https:\/\/www.legalvision.fr\/guides-juridiques\/#organization","name":"Guides juridiques","url":"https:\/\/www.legalvision.fr\/guides-juridiques\/","logo":{"@type":"ImageObject","inLanguage":"fr-FR","@id":"https:\/\/www.legalvision.fr\/guides-juridiques\/#\/schema\/logo\/image\/","url":"https:\/\/www.legalvision.fr\/guides-juridiques\/wp-content\/uploads\/2022\/10\/LV-Logotype.png","contentUrl":"https:\/\/www.legalvision.fr\/guides-juridiques\/wp-content\/uploads\/2022\/10\/LV-Logotype.png","width":647,"height":125,"caption":"Guides juridiques"},"image":{"@id":"https:\/\/www.legalvision.fr\/guides-juridiques\/#\/schema\/logo\/image\/"}},{"@type":"Person","@id":"https:\/\/www.legalvision.fr\/guides-juridiques\/#\/schema\/person\/3d24d0c20575138ed212b2e4b6f7b4b0","name":"William Lebrun","image":{"@type":"ImageObject","inLanguage":"fr-FR","@id":"https:\/\/www.legalvision.fr\/guides-juridiques\/#\/schema\/person\/image\/","url":"https:\/\/www.legalvision.fr\/guides-juridiques\/wp-content\/uploads\/2023\/07\/cropped-homme1-96x96.png","contentUrl":"https:\/\/www.legalvision.fr\/guides-juridiques\/wp-content\/uploads\/2023\/07\/cropped-homme1-96x96.png","caption":"William Lebrun"},"description":"B\u00e9n\u00e9ficiant de la formation d'un double dipl\u00f4me en droit des affaires et en \u00e9cole de commerce, j'ai un fort attrait pour le droit des soci\u00e9t\u00e9s. Je r\u00e9dige des articles pour vous aider sur vos probl\u00e9matiques.","url":"https:\/\/www.legalvision.fr\/guides-juridiques\/author\/aina-rakoto\/"}]}},"_links":{"self":[{"href":"https:\/\/www.legalvision.fr\/guides-juridiques\/wp-json\/wp\/v2\/posts\/14732","targetHints":{"allow":["GET"]}}],"collection":[{"href":"https:\/\/www.legalvision.fr\/guides-juridiques\/wp-json\/wp\/v2\/posts"}],"about":[{"href":"https:\/\/www.legalvision.fr\/guides-juridiques\/wp-json\/wp\/v2\/types\/post"}],"author":[{"embeddable":true,"href":"https:\/\/www.legalvision.fr\/guides-juridiques\/wp-json\/wp\/v2\/users\/30"}],"replies":[{"embeddable":true,"href":"https:\/\/www.legalvision.fr\/guides-juridiques\/wp-json\/wp\/v2\/comments?post=14732"}],"version-history":[{"count":36,"href":"https:\/\/www.legalvision.fr\/guides-juridiques\/wp-json\/wp\/v2\/posts\/14732\/revisions"}],"predecessor-version":[{"id":40404,"href":"https:\/\/www.legalvision.fr\/guides-juridiques\/wp-json\/wp\/v2\/posts\/14732\/revisions\/40404"}],"wp:featuredmedia":[{"embeddable":true,"href":"https:\/\/www.legalvision.fr\/guides-juridiques\/wp-json\/wp\/v2\/media\/24592"}],"wp:attachment":[{"href":"https:\/\/www.legalvision.fr\/guides-juridiques\/wp-json\/wp\/v2\/media?parent=14732"}],"wp:term":[{"taxonomy":"category","embeddable":true,"href":"https:\/\/www.legalvision.fr\/guides-juridiques\/wp-json\/wp\/v2\/categories?post=14732"},{"taxonomy":"post_tag","embeddable":true,"href":"https:\/\/www.legalvision.fr\/guides-juridiques\/wp-json\/wp\/v2\/tags?post=14732"}],"curies":[{"name":"wp","href":"https:\/\/api.w.org\/{rel}","templated":true}]}}