{"id":14653,"date":"2019-05-04T07:30:34","date_gmt":"2019-05-04T06:30:34","guid":{"rendered":"https:\/\/blog.legalvision.fr\/?p=14653"},"modified":"2022-03-27T21:20:57","modified_gmt":"2022-03-27T19:20:57","slug":"repertoire-des-metiers-qui-doit-s-y-immatriculer","status":"publish","type":"post","link":"https:\/\/www.legalvision.fr\/guides-juridiques\/metier\/repertoire-des-metiers-qui-doit-s-y-immatriculer\/","title":{"rendered":"Tout savoir sur l&rsquo;immatriculation au r\u00e9pertoire des m\u00e9tiers pour les artisans"},"content":{"rendered":"<p>Le r\u00e9pertoire des m\u00e9tiers (RM) est g\u00e9r\u00e9 par les <strong>chambres des m\u00e9tiers et de l&rsquo;artisanat<\/strong> (CMA). Ces chambres des m\u00e9tiers assurent une mission de formation, d&rsquo;<a href=\"https:\/\/blog.legalvision.fr\/2018\/02\/04\/immatriculation-entreprise\/\">immatriculation des entreprises<\/a> et de repr\u00e9sentation aupr\u00e8s des pouvoirs publics.<\/p>\n<p>Il y a ainsi\u00a0<strong>3 types<\/strong> de chambre des m\u00e9tiers :\n<\/p>\n<ul>\n<li>Les chambres de m\u00e9tiers et de l\u2019artisanat d\u00e9partementales (CMAD),<\/li>\n<li>Interd\u00e9partementales (CMAI),<\/li>\n<li>Et enfin r\u00e9gionales (CRMA).<\/li>\n<\/ul>\n<p><strong>Le\u00a0r\u00e9pertoire des m\u00e9tiers<\/strong>\u00a0est g\u00e9r\u00e9 par ces CMA. Ce r\u00e9pertoire des m\u00e9tiers est le document officiel qui recense tous les\u00a0artisans.<\/p>\n<p>Il ne faut pas confondre r\u00e9pertoire des m\u00e9tiers s&rsquo;appliquant aux artisans et le <strong>r\u00e9pertoire des m\u00e9tiers CNFPT<\/strong>\u00a0(Centre National de la Fonction Publique Territoriale)<em>\u00a0<\/em>ou encore le <strong>r\u00e9pertoire des m\u00e9tiers FPH<\/strong> (fonction publique hospitali\u00e8re).<\/p>\n<p>En effet, pour le r\u00e9pertoire des m\u00e9tiers CNFPT, vous trouverez la description du m\u00e9tier, des activit\u00e9s et des comp\u00e9tences du personnel de la fonction publique territoriale. Pour le\u00a0r\u00e9pertoire des m\u00e9tiers FPH, il s&rsquo;agira du personnel de la fonction publique hospitali\u00e8re (infirmier par exemple).<\/p>\n<p>Nous allons voir d&rsquo;abord que\u00a0seules <strong>certaines cat\u00e9gories de personnes peuvent s\u2019immatriculer<\/strong> au r\u00e9pertoire des m\u00e9tiers, certaines autres en ont l&rsquo;interdiction. Un <strong>entrepreneur exer\u00e7ant des activit\u00e9s commerciales et\u00a0<\/strong><b>artisanales<\/b>\u00a0ne sera pas toujours oblig\u00e9 de s&rsquo;immatriculer au r\u00e9pertoire des m\u00e9tiers. Enfin, nous vous pr\u00e9senterons quelles sont les <strong>d\u00e9marches \u00e0 effectuer<\/strong> pour l&rsquo;immatriculation\u00a0au r\u00e9pertoire des m\u00e9tiers.<\/p>\n<h3>Sommaire :<\/h3>\n<p><strong><a href=\"#I\">Les personnes concern\u00e9es par l&rsquo;inscription au r\u00e9pertoire des m\u00e9tiers<\/a><\/strong><br \/>\n<strong> <a href=\"#II\">Un artisan exer\u00e7ant des activit\u00e9s commerciales doit-il faire une immatriculation au r\u00e9pertoire des m\u00e9tiers ?<\/a><\/strong><br \/>\n<strong> <a href=\"#III\">Quelles sont les d\u00e9marches pour s&rsquo;immatriculer au r\u00e9pertoire des m\u00e9tiers ?<\/a><\/strong><\/p>\n<div class=\"wp-block-button\" style=\"text-align:center;\"><a class=\"wp-block-button__link has-background\" href=\"https:\/\/www.legalvision.fr\/tous-les-services\/\">Commencer les d\u00e9marches pour mon entreprise<\/a><\/div>\n<h2 id=\"I\">Les personnes\u00a0concern\u00e9es par l&rsquo;inscription\u00a0au r\u00e9pertoire des m\u00e9tiers<\/h2>\n<p>Tous les artisans <strong>sont obligatoirement soumis \u00e0 une inscription au r\u00e9pertoire des m\u00e9tiers<\/strong>. Pour cela, il faut d\u00e9finir ce qu&rsquo;est un artisan et \u00e0 quelles cat\u00e9gories\u00a0correspond\u00a0cette notion. Il faut savoir ensuite que\u00a0certaines personnes ne peuvent pas s&rsquo;immatriculer au r\u00e9pertoire des m\u00e9tiers.<\/p>\n<h3>D\u00e9finition de l&rsquo;artisan<\/h3>\n<p><a href=\"https:\/\/blog.legalvision.fr\/2018\/10\/04\/artisan-statut-juridique\/\"><strong>L&rsquo;artisan<\/strong><\/a> est un entrepreneur r\u00e9alisant une activit\u00e9 de prestation de service caract\u00e9ris\u00e9e par la pr\u00e9pond\u00e9rance du travail manuel et personnel de l&rsquo;entrepreneur. Il y a donc deux crit\u00e8res tr\u00e8s importants :<\/p>\n<ul>\n<li>Le<strong> travail manuel<\/strong> ,<\/li>\n<li>Et le<strong> travail personnel.<\/strong>\n<\/li>\n<\/ul>\n<p>Le travail manuel implique que vous n&rsquo;utilisiez que pas ou peu de machines dans l&rsquo;exercice de votre activit\u00e9. Le travail personnel implique qu&rsquo;en th\u00e9orie vous ne pouvez pas embaucher plus <strong>de 10 salari\u00e9s<\/strong>. Si l&rsquo;une de ces conditions n&rsquo;est pas remplie, vous n&rsquo;\u00eates pas un artisan.<\/p>\n<p><strong>Notez bien<\/strong> : Depuis la loi Sapin II du 9 d\u00e9cembre 2016, il est possible pour un artisan d&#8217;employer jusqu&rsquo;\u00e0 <strong>50 salari\u00e9s<\/strong> s&rsquo;il\u00a0\u00e9tait d\u00e9j\u00e0 immatricul\u00e9 au r\u00e9pertoire des m\u00e9tiers avant le\u00a0d\u00e9passement\u00a0du seuil sup\u00e9rieur de 10 salari\u00e9s.<\/p>\n<p>De plus, il faudra aussi pr\u00e9senter certaines qualifications pour \u00eatre artisan :<\/p>\n<ul>\n<li>Un certificat d&rsquo;aptitude professionnelle (<strong>CAP<\/strong>), brevet d&rsquo;\u00e9tudes professionnelles (<strong>BEP<\/strong>) ou un\u00a0<strong>dipl\u00f4me \u00e9quivalent<\/strong>\u00a0dans le m\u00e9tier concern\u00e9 ;<\/li>\n<li>Ou avoir\u00a0<strong>3 ans d\u2019exp\u00e9rience professionnelle<\/strong>\u00a0dans le m\u00e9tier exerc\u00e9.<\/li>\n<\/ul>\n<h3>\u00a0Les principales activit\u00e9s artisanales<\/h3>\n<p>On peut donc s&rsquo;apercevoir que les activit\u00e9s de l&rsquo;artisanat se regroupent en 4 principales cat\u00e9gories :<\/p>\n<ul>\n<li>La\u00a0<strong>fabrication<\/strong> (fleuriste, sculpteur, graveur, horloger, m\u00e9tiers autour de la pierre ou du m\u00e9tal),<\/li>\n<li>L&rsquo;<strong>alimentation<\/strong> (boucher, <a href=\"https:\/\/blog.legalvision.fr\/2019\/02\/17\/devenir-boulanger-fiche-metier-2019\/\">boulanger<\/a>, charcutier, <a href=\"https:\/\/blog.legalvision.fr\/2019\/03\/01\/devenir-patissier-tout-savoir\/\">p\u00e2tissier<\/a>, poissonnier, fromager),<\/li>\n<li>Le <strong>b\u00e2timent<\/strong> (artiste peintre, couvreur, ma\u00e7on, plombier, carreleur),<\/li>\n<li>Et enfin le <strong>service<\/strong> (coiffeur, fleuriste, tailleur, gemmologue).<\/li>\n<\/ul>\n<p>Toutes les activit\u00e9s artisanales ont \u00e9t\u00e9 list\u00e9es par d\u00e9cret. Si vous souhaitez savoir si votre activit\u00e9 est consid\u00e9r\u00e9e comme une activit\u00e9 artisanale, vous pouvez le voir <a href=\"https:\/\/www.legifrance.gouv.fr\/affichTexte.do;jsessionid=AA40BF6F1E0DF587537F78E2607FA195.tpdjo12v_1?cidTexte=JORFTEXT000000571009&amp;dateTexte=20090202\">ici<\/a>.<\/p>\n<h3>Les interdictions d&rsquo;immatriculation au r\u00e9pertoire des m\u00e9tiers<\/h3>\n<p>Certaines sanctions p\u00e9nales emp\u00eachent les entrepreneurs de s&rsquo;immatriculer au r\u00e9pertoire des m\u00e9tiers.<\/p>\n<p>Tout d&rsquo;abord, ne peuvent s&rsquo;inscrire au r\u00e9pertoire des m\u00e9tiers les personnes condamn\u00e9es d\u00e9finitivement \u00e0 une <strong>interdiction d&rsquo;administrer, g\u00e9rer, contr\u00f4ler ou diriger une entreprise<\/strong>. Avant le 4 ao\u00fbt 2008, ces peines \u00e9taient inflig\u00e9es automatiquement en cas de commission de crimes ou de certains d\u00e9lits. D\u00e9sormais, elles doivent \u00eatre express\u00e9ment prononc\u00e9es par le juge.<\/p>\n<p>De plus, si l&rsquo;artisan a\u00a0\u00e9t\u00e9 condamn\u00e9 \u00e0 une peine compl\u00e9mentaire lui <strong>\u00f4tant le droit d\u2019exercer une activit\u00e9 professionnelle<\/strong>, il ne pourra pas s&rsquo;inscrire au r\u00e9pertoire des m\u00e9tiers. Cette peine compl\u00e9mentaire est pr\u00e9vue par le 11\u00ba de l&rsquo;<a href=\"https:\/\/www.legifrance.gouv.fr\/affichCodeArticle.do?cidTexte=LEGITEXT000006070719&amp;idArticle=LEGIARTI000006417235&amp;dateTexte=&amp;categorieLien=cid\">article 131-6 du Code p\u00e9nal<\/a>.<\/p>\n<p><strong>\u00c0 noter<\/strong> : toute violation de l&rsquo;interdiction d&rsquo;exercer une activit\u00e9 professionnelle est punie de <strong>2 ans<\/strong> d&#8217;emprisonnement et d&rsquo;une amende de <strong>30 000\u20ac.<\/strong><\/p>\n<p>Les <strong>mineurs<\/strong> ne pourront \u00eatre artisan qu&rsquo;\u00e0 condition d&rsquo;\u00eatre \u00e9mancip\u00e9s. L&rsquo;<a href=\"https:\/\/www.service-public.fr\/particuliers\/vosdroits\/F1194\">\u00e9mancipation d&rsquo;un mineur<\/a><strong>\u00a0<\/strong>requiert d&rsquo;obtenir l&rsquo;autorisation du juge des tutelles.<\/p>\n<p>En ce qui concerne les<strong> majeurs sous tutelle<\/strong>, ce sera au tuteur d&rsquo;administrer les biens dans le seul int\u00e9r\u00eat de la personne sous tutelle. Ce sera donc au tuteur de g\u00e9rer l&rsquo;entreprise artisanale.<\/p>\n<h2 id=\"II\">Un artisan exer\u00e7ant des activit\u00e9s commerciales doit-il faire une immatriculation au r\u00e9pertoire des m\u00e9tiers ?<\/h2>\n<p>Quelle est la diff\u00e9rence entre un artisan et un commer\u00e7ant ? \u00c0 quoi cela sert-il de diff\u00e9rencier le commer\u00e7ant de l&rsquo;artisan ? C&rsquo;est ce que nous allons voir.<\/p>\n<h3>Un artisan exer\u00e7ant des activit\u00e9s commerciales pourra-t-il rester artisan ?<\/h3>\n<p><strong>Un artisan pourra exercer des activit\u00e9s commerciales.<\/strong> Par exemple, un\u00a0coiffeur pourra vendre des produits et des shampoings qu&rsquo;il n&rsquo;a pas fabriqu\u00e9s.\u00a0De m\u00eame, le boulanger pourra vendre certaines friandises qu&rsquo;il n&rsquo;a pas produites lui-m\u00eame.<\/p>\n<p>N\u00e9anmoins, il faudra que les <strong>activit\u00e9s commerciales soient accessoires \u00e0 l&rsquo;activit\u00e9 artisanale<\/strong>. Si vous r\u00e9alisez une activit\u00e9 artisanale et une activit\u00e9 commerciale, toutes deux de mani\u00e8re principale, alors il faudra que vous vous immatriculiez au r\u00e9pertoire des m\u00e9tiers mais aussi au <a href=\"https:\/\/blog.legalvision.fr\/2018\/12\/27\/inscription-au-registre-du-commerce-et-des-societes-gratuitement\/\">registre du commerce et des soci\u00e9t\u00e9s\u00a0(RCS)<\/a>. En effet, vous serez \u00e0 la fois artisan et commer\u00e7ant.\u00a0Par exemple<strong>,<\/strong> un boucher ayant en parall\u00e8le une activit\u00e9 de livraison de pneus en tant qu&rsquo;entrepreneur, devra s&rsquo;inscrire au RM et au RCS.<\/p>\n<h3>A quoi sert la diff\u00e9rence entre artisan et commer\u00e7ant ?<\/h3>\n<p>En principe, l&rsquo;artisan est soumis au<strong> droit civil<\/strong> alors que le commer\u00e7ant est soumis au <strong>droit commercial<\/strong>.<\/p>\n<p>Le droit civil est en g\u00e9n\u00e9ral consid\u00e9r\u00e9 comme \u00e9tant plus protecteur des parties. N\u00e9anmoins, l&rsquo;artisan sera soumis \u00e0 de nombreuses dispositions pr\u00e9sentes dans le Code de commerce, tel le fonds artisanal ou l\u2019assujettissement aux proc\u00e9dures collectives (redressement judiciaire, <a href=\"https:\/\/blog.legalvision.fr\/2018\/06\/06\/liquidation-judiciaire-sarl\/\">liquidation\u00a0judiciaire<\/a>).<\/p>\n<p>De plus, sur le <strong>plan fiscal<\/strong>, l&rsquo;artisan est pleinement assimil\u00e9 au commer\u00e7ant.<\/p>\n<p>Enfin, un artisan exer\u00e7ant\u00a0son activit\u00e9 dans le cadre de la<strong><a href=\"https:\/\/www.legalvision.fr\/creation-dentreprise\/\"> cr\u00e9ation d&rsquo;une soci\u00e9t\u00e9<\/a> commerciale<\/strong> (SAS, SARL) se verra appliquer enti\u00e8rement le droit commercial.<\/p>\n<h2 id=\"III\">Quelles sont les d\u00e9marches pour s&rsquo;immatriculer au r\u00e9pertoire des m\u00e9tiers ?<\/h2>\n<p>Avant 2019, il fallait effectuer <strong>un stage obligatoire<\/strong>. Une fois le stage effectu\u00e9, il faut r\u00e9aliser certaines<strong> formalit\u00e9s d&rsquo;immatriculation.<\/strong> Enfin, votre entreprise <strong>sera immatricul\u00e9e<\/strong> et vous pourrez effectuer vos activit\u00e9s artisanales.<\/p>\n<h3>Un stage de pr\u00e9paration<\/h3>\n<p>Le <a href=\"https:\/\/www.cmar-paca.fr\/se-former\/06\/stage-de-preparation-l-installation-spi-en-salle-ou-en-ligne\">stage de pr\u00e9paration \u00e0 l&rsquo;installation<\/a>\u00a0est une formation \u00e0 la gestion de l\u2019entreprise. C&rsquo;est un stage obligatoire. L\u2019inscription peut s\u2019effectuer directement sur place \u00e0 la Chambre des m\u00e9tiers et de l\u2019artisanat, ou par t\u00e9l\u00e9phone.<\/p>\n<p>Le stage\u00a0est g\u00e9n\u00e9ralement d\u2019une dur\u00e9e moyenne de <strong>30<\/strong> heures r\u00e9parties sur 4 jours. Le prix varie entre 175 et 300 euros.\u00a0N\u00e9anmoins, pensez \u00e0 vous renseigner aupr\u00e8s de<a href=\"https:\/\/www.pole-emploi.fr\/accueil\/\"> P\u00f4le emploi<\/a>. En effet, une aide peut vous \u00eatre octroy\u00e9e sous forme de prise en charge des frais du\u00a0stage.<\/p>\n<p>Pendant le stage, plusieurs th\u00e8mes sont abord\u00e9s :<\/p>\n<ul>\n<li>Fiscalit\u00e9, obligations sociales de l\u2019entreprise,<\/li>\n<li>L\u2019entreprise artisanale et son environnement,<\/li>\n<li>\n<div class=\"page\" title=\"Page 1\">Puis le statut social (r\u00e9gime social de l&rsquo;entrepreneur).<\/div>\n<\/li>\n<\/ul>\n<p><strong>Important<\/strong>\u00a0: La loi \u00ab\u00a0Plan d&rsquo;action pour la croissance et la transformation des entreprises\u00a0\u00bb (<strong>loi PACTE<\/strong>) pr\u00e9voit certaines modifications concernant le stage des artisans.<\/p>\n<ul>\n<li>La loi PACTE adopt\u00e9e en avril 2019 pr\u00e9voit de supprimer l&rsquo;obligation d&rsquo;effectuer ce stage. Le stage serait simplement facultatif,<\/li>\n<li>Enfin, la Loi PACTE pr\u00e9voit d&rsquo;abaisser le prix du stage \u00e0 194\u20ac.<\/li>\n<\/ul>\n<h3>Les formalit\u00e9s d&rsquo;immatriculation au r\u00e9pertoire des m\u00e9tiers<\/h3>\n<p>Il faudra d\u00e9poser votre dossier au CFE comp\u00e9tent. Ce sont les Chambres de m\u00e9tiers et de l&rsquo;artisanat (CMA). Vous pourrez effectuer votre d\u00e9claration directement sur <a href=\"https:\/\/www.cfe-metiers.com\/PGE\/DEC_Choix.aspx\">le site internet du CFE<\/a>.<\/p>\n<p>Une fois le dossier envoy\u00e9, l\u2019absence de\u00a0retour de la part de la CMA dans les 15 jours suivant la r\u00e9ception du dossier complet vaut acceptation de la demande de l\u2019entrepreneur en sa qualit\u00e9 d&rsquo;artisan.<\/p>\n<p>Les documents \u00e0 fournir pour votre demande d&rsquo;immatriculation au r\u00e9pertoire des m\u00e9tiers sont les suivants :<\/p>\n<ul>\n<li>Une copie recto\/verso de la carte d&rsquo;identit\u00e9 (ou copie du titre de s\u00e9jour en cours de validit\u00e9),<\/li>\n<li>Une <a href=\"https:\/\/blog.legalvision.fr\/2019\/02\/02\/declaration-de-non-condamnation-l-obtenir-en-ligne\/\">d\u00e9claration de non condamnation<\/a> et de filiation dat\u00e9e et sign\u00e9e,<\/li>\n<li>Un pouvoir (si vous faites r\u00e9aliser votre formalit\u00e9 par un organisme sp\u00e9cialis\u00e9),<\/li>\n<li>Un justificatif de jouissance des locaux (copie du bail artisanal, titre de propri\u00e9t\u00e9 ou contrat de domiciliation),<\/li>\n<li>Et enfin pour le conjoint : une attestation de d\u00e9claration du conjoint collaborateur et un justificatif faisant \u00e9tat du mariage ou PACS.<\/li>\n<\/ul>\n<h3>L&rsquo;immatriculation de votre entreprise au r\u00e9pertoire des m\u00e9tiers<\/h3>\n<p>Comment\u00a0obtenir un extrait d&rsquo;immatriculation au r\u00e9pertoire des m\u00e9tiers ?<\/p>\n<p>Une fois que l&rsquo;ensemble des d\u00e9marches\u00a0sont effectu\u00e9es, l&rsquo;Insee attribuera un num\u00e9ro SIREN et un code APE (Activit\u00e9 Principale de l&rsquo;Entreprise), aussi appel\u00e9\u00a0<a href=\"https:\/\/blog.legalvision.fr\/2019\/04\/24\/code-naf-definition-et-importance\/\">code NAF<\/a> ( Nomenclature des Activit\u00e9s Fran\u00e7aises). L&rsquo;artisan pourra demander une preuve de son immatriculation, \u00e0 savoir<strong> l\u2019extrait D1.\u00a0<\/strong>L&rsquo;extrait d&rsquo;inscription au r\u00e9pertoire des m\u00e9tiers D1 pour les artisans correspond \u00e0 l&rsquo;extrait Kbis pour les commer\u00e7ants. Il y aura<a href=\"https:\/\/www.legalvision.fr\/modification-statuts\/changement-du-code-ape\/\"> changement du code APE<\/a> lorsque vous souhaiterez changer d&rsquo;activit\u00e9 pour votre entreprise.<\/p>\n<p>Pour obtenir un extrait d&rsquo;immatriculation au r\u00e9pertoire des m\u00e9tiers, il faudra que vous fassiez une <strong>demande \u00e0 votre chambre des m\u00e9tiers et de l&rsquo;artisana<\/strong>t. Vous pourrez faire votre demande de fa\u00e7on d\u00e9mat\u00e9rialis\u00e9e, sur le <a href=\"https:\/\/m7501.capvalley.fr\/d1-web\/#!\/recherche\">site internet de la CMA<\/a>.<\/p>\n<p>Ensuite, l&rsquo;entreprise devra mentionner toutes les modification intervenues durant la vie de l&rsquo;entreprise au r\u00e9pertoire des m\u00e9tiers.\u00a0Ainsi, chaque modification devra \u00eatre indiqu\u00e9e sur le r\u00e9pertoire des m\u00e9tiers (modification d&rsquo;adresse de l&rsquo;entrepreneur, modification d&rsquo;activit\u00e9&#8230;).<\/p>\n<p>\u00a0<\/p>\n<p><\/p>\n<div class=\"wp-block-button\" style=\"text-align:center;\"><a class=\"wp-block-button__link has-background\" href=\"https:\/\/www.legalvision.fr\/tous-les-services\/\">Commencer les d\u00e9marches pour mon entreprise<\/a><\/div>\n","protected":false},"excerpt":{"rendered":"<p>Le r\u00e9pertoire des m\u00e9tiers (RM) est g\u00e9r\u00e9 par les chambres des m\u00e9tiers et de l&rsquo;artisanat (CMA). Ces chambres des m\u00e9tiers assurent une mission de formation, d&rsquo;immatriculation des entreprises et de repr\u00e9sentation aupr\u00e8s des pouvoirs publics. Il y a ainsi\u00a03 types de chambre des m\u00e9tiers : Les chambres de m\u00e9tiers et de l\u2019artisanat d\u00e9partementales (CMAD), Interd\u00e9partementales&hellip; <a class=\"more-link\" href=\"https:\/\/www.legalvision.fr\/guides-juridiques\/metier\/repertoire-des-metiers-qui-doit-s-y-immatriculer\/\">Poursuivre la lecture <span class=\"screen-reader-text\">Tout savoir sur l&rsquo;immatriculation au r\u00e9pertoire des m\u00e9tiers pour les artisans<\/span><\/a><\/p>\n","protected":false},"author":28,"featured_media":24753,"comment_status":"open","ping_status":"open","sticky":false,"template":"","format":"standard","meta":{"content-type":"","inline_featured_image":false,"footnotes":""},"categories":[2493],"tags":[],"class_list":["post-14653","post","type-post","status-publish","format-standard","has-post-thumbnail","hentry","category-metier","entry"],"yoast_head":"<!-- This site is optimized with the Yoast SEO plugin v27.1.1 - https:\/\/yoast.com\/product\/yoast-seo-wordpress\/ -->\n<title>R\u00e9pertoire des m\u00e9tiers : le guide pour immatriculer votre activit\u00e9 artisanale<\/title>\n<meta name=\"description\" content=\"Le r\u00e9pertoire des m\u00e9tiers recense de nombreuses informations sur l&#039;activit\u00e9 des artisans, LegalVision vous pr\u00e9sente son fonctionnement.\" \/>\n<meta name=\"robots\" content=\"index, follow, max-snippet:-1, max-image-preview:large, max-video-preview:-1\" \/>\n<link rel=\"canonical\" href=\"https:\/\/www.legalvision.fr\/guides-juridiques\/metier\/repertoire-des-metiers-qui-doit-s-y-immatriculer\/\" \/>\n<meta property=\"og:locale\" content=\"fr_FR\" \/>\n<meta property=\"og:type\" content=\"article\" \/>\n<meta property=\"og:title\" content=\"R\u00e9pertoire des m\u00e9tiers : le guide pour immatriculer votre activit\u00e9 artisanale\" \/>\n<meta property=\"og:description\" content=\"Le r\u00e9pertoire des m\u00e9tiers recense de nombreuses informations sur l&#039;activit\u00e9 des artisans, LegalVision vous pr\u00e9sente son fonctionnement.\" \/>\n<meta property=\"og:url\" content=\"https:\/\/www.legalvision.fr\/guides-juridiques\/metier\/repertoire-des-metiers-qui-doit-s-y-immatriculer\/\" \/>\n<meta property=\"og:site_name\" content=\"Guides juridiques\" \/>\n<meta property=\"article:published_time\" content=\"2019-05-04T06:30:34+00:00\" \/>\n<meta property=\"article:modified_time\" content=\"2022-03-27T19:20:57+00:00\" \/>\n<meta property=\"og:image\" content=\"https:\/\/www.legalvision.fr\/guides-juridiques\/wp-content\/uploads\/2019\/05\/r\u00e9pertoire-des-m\u00e9tiers.jpg\" \/>\n\t<meta property=\"og:image:width\" content=\"958\" \/>\n\t<meta property=\"og:image:height\" content=\"350\" \/>\n\t<meta property=\"og:image:type\" content=\"image\/jpeg\" \/>\n<meta name=\"author\" content=\"Joseph Louis\" \/>\n<meta name=\"twitter:card\" content=\"summary_large_image\" \/>\n<meta name=\"twitter:label1\" content=\"\u00c9crit par\" \/>\n\t<meta name=\"twitter:data1\" content=\"Joseph Louis\" \/>\n\t<meta name=\"twitter:label2\" content=\"Dur\u00e9e de lecture estim\u00e9e\" \/>\n\t<meta name=\"twitter:data2\" content=\"9 minutes\" \/>\n<script type=\"application\/ld+json\" class=\"yoast-schema-graph\">{\"@context\":\"https:\/\/schema.org\",\"@graph\":[{\"@type\":\"Article\",\"@id\":\"https:\/\/www.legalvision.fr\/guides-juridiques\/metier\/repertoire-des-metiers-qui-doit-s-y-immatriculer\/#article\",\"isPartOf\":{\"@id\":\"https:\/\/www.legalvision.fr\/guides-juridiques\/metier\/repertoire-des-metiers-qui-doit-s-y-immatriculer\/\"},\"author\":{\"name\":\"Joseph Louis\",\"@id\":\"https:\/\/www.legalvision.fr\/guides-juridiques\/#\/schema\/person\/c454a42bc2a18b5443bc24faa78c5128\"},\"headline\":\"Tout savoir sur l&rsquo;immatriculation au r\u00e9pertoire des m\u00e9tiers pour les artisans\",\"datePublished\":\"2019-05-04T06:30:34+00:00\",\"dateModified\":\"2022-03-27T19:20:57+00:00\",\"mainEntityOfPage\":{\"@id\":\"https:\/\/www.legalvision.fr\/guides-juridiques\/metier\/repertoire-des-metiers-qui-doit-s-y-immatriculer\/\"},\"wordCount\":1867,\"commentCount\":0,\"publisher\":{\"@id\":\"https:\/\/www.legalvision.fr\/guides-juridiques\/#organization\"},\"image\":{\"@id\":\"https:\/\/www.legalvision.fr\/guides-juridiques\/metier\/repertoire-des-metiers-qui-doit-s-y-immatriculer\/#primaryimage\"},\"thumbnailUrl\":\"https:\/\/www.legalvision.fr\/guides-juridiques\/wp-content\/uploads\/2019\/05\/r\u00e9pertoire-des-m\u00e9tiers.jpg\",\"articleSection\":[\"M\u00e9tier\"],\"inLanguage\":\"fr-FR\",\"potentialAction\":[{\"@type\":\"CommentAction\",\"name\":\"Comment\",\"target\":[\"https:\/\/www.legalvision.fr\/guides-juridiques\/metier\/repertoire-des-metiers-qui-doit-s-y-immatriculer\/#respond\"]}]},{\"@type\":\"WebPage\",\"@id\":\"https:\/\/www.legalvision.fr\/guides-juridiques\/metier\/repertoire-des-metiers-qui-doit-s-y-immatriculer\/\",\"url\":\"https:\/\/www.legalvision.fr\/guides-juridiques\/metier\/repertoire-des-metiers-qui-doit-s-y-immatriculer\/\",\"name\":\"R\u00e9pertoire des m\u00e9tiers : le guide pour immatriculer votre activit\u00e9 artisanale\",\"isPartOf\":{\"@id\":\"https:\/\/www.legalvision.fr\/guides-juridiques\/#website\"},\"primaryImageOfPage\":{\"@id\":\"https:\/\/www.legalvision.fr\/guides-juridiques\/metier\/repertoire-des-metiers-qui-doit-s-y-immatriculer\/#primaryimage\"},\"image\":{\"@id\":\"https:\/\/www.legalvision.fr\/guides-juridiques\/metier\/repertoire-des-metiers-qui-doit-s-y-immatriculer\/#primaryimage\"},\"thumbnailUrl\":\"https:\/\/www.legalvision.fr\/guides-juridiques\/wp-content\/uploads\/2019\/05\/r\u00e9pertoire-des-m\u00e9tiers.jpg\",\"datePublished\":\"2019-05-04T06:30:34+00:00\",\"dateModified\":\"2022-03-27T19:20:57+00:00\",\"description\":\"Le r\u00e9pertoire des m\u00e9tiers recense de nombreuses informations sur l'activit\u00e9 des artisans, LegalVision vous pr\u00e9sente son fonctionnement.\",\"breadcrumb\":{\"@id\":\"https:\/\/www.legalvision.fr\/guides-juridiques\/metier\/repertoire-des-metiers-qui-doit-s-y-immatriculer\/#breadcrumb\"},\"inLanguage\":\"fr-FR\",\"potentialAction\":[{\"@type\":\"ReadAction\",\"target\":[\"https:\/\/www.legalvision.fr\/guides-juridiques\/metier\/repertoire-des-metiers-qui-doit-s-y-immatriculer\/\"]}]},{\"@type\":\"ImageObject\",\"inLanguage\":\"fr-FR\",\"@id\":\"https:\/\/www.legalvision.fr\/guides-juridiques\/metier\/repertoire-des-metiers-qui-doit-s-y-immatriculer\/#primaryimage\",\"url\":\"https:\/\/www.legalvision.fr\/guides-juridiques\/wp-content\/uploads\/2019\/05\/r\u00e9pertoire-des-m\u00e9tiers.jpg\",\"contentUrl\":\"https:\/\/www.legalvision.fr\/guides-juridiques\/wp-content\/uploads\/2019\/05\/r\u00e9pertoire-des-m\u00e9tiers.jpg\",\"width\":958,\"height\":350,\"caption\":\"r\u00e9pertoire des m\u00e9tiers\"},{\"@type\":\"BreadcrumbList\",\"@id\":\"https:\/\/www.legalvision.fr\/guides-juridiques\/metier\/repertoire-des-metiers-qui-doit-s-y-immatriculer\/#breadcrumb\",\"itemListElement\":[{\"@type\":\"ListItem\",\"position\":1,\"name\":\"Accueil\",\"item\":\"https:\/\/www.legalvision.fr\/guides-juridiques\/\"},{\"@type\":\"ListItem\",\"position\":2,\"name\":\"M\u00e9tier\",\"item\":\"https:\/\/www.legalvision.fr\/guides-juridiques\/metier\/\"},{\"@type\":\"ListItem\",\"position\":3,\"name\":\"Tout savoir sur l&rsquo;immatriculation au r\u00e9pertoire des m\u00e9tiers pour les artisans\"}]},{\"@type\":\"WebSite\",\"@id\":\"https:\/\/www.legalvision.fr\/guides-juridiques\/#website\",\"url\":\"https:\/\/www.legalvision.fr\/guides-juridiques\/\",\"name\":\"Guides juridiques\",\"description\":\"L&#039;information juridique \u00e0 destination des entreprises et TPE\",\"publisher\":{\"@id\":\"https:\/\/www.legalvision.fr\/guides-juridiques\/#organization\"},\"potentialAction\":[{\"@type\":\"SearchAction\",\"target\":{\"@type\":\"EntryPoint\",\"urlTemplate\":\"https:\/\/www.legalvision.fr\/guides-juridiques\/?s={search_term_string}\"},\"query-input\":{\"@type\":\"PropertyValueSpecification\",\"valueRequired\":true,\"valueName\":\"search_term_string\"}}],\"inLanguage\":\"fr-FR\"},{\"@type\":\"Organization\",\"@id\":\"https:\/\/www.legalvision.fr\/guides-juridiques\/#organization\",\"name\":\"Guides juridiques\",\"url\":\"https:\/\/www.legalvision.fr\/guides-juridiques\/\",\"logo\":{\"@type\":\"ImageObject\",\"inLanguage\":\"fr-FR\",\"@id\":\"https:\/\/www.legalvision.fr\/guides-juridiques\/#\/schema\/logo\/image\/\",\"url\":\"https:\/\/www.legalvision.fr\/guides-juridiques\/wp-content\/uploads\/2022\/10\/LV-Logotype.png\",\"contentUrl\":\"https:\/\/www.legalvision.fr\/guides-juridiques\/wp-content\/uploads\/2022\/10\/LV-Logotype.png\",\"width\":647,\"height\":125,\"caption\":\"Guides juridiques\"},\"image\":{\"@id\":\"https:\/\/www.legalvision.fr\/guides-juridiques\/#\/schema\/logo\/image\/\"}},{\"@type\":\"Person\",\"@id\":\"https:\/\/www.legalvision.fr\/guides-juridiques\/#\/schema\/person\/c454a42bc2a18b5443bc24faa78c5128\",\"name\":\"Joseph Louis\",\"image\":{\"@type\":\"ImageObject\",\"inLanguage\":\"fr-FR\",\"@id\":\"https:\/\/www.legalvision.fr\/guides-juridiques\/#\/schema\/person\/image\/\",\"url\":\"https:\/\/www.legalvision.fr\/guides-juridiques\/wp-content\/uploads\/2023\/07\/cropped-homme7-96x96.png\",\"contentUrl\":\"https:\/\/www.legalvision.fr\/guides-juridiques\/wp-content\/uploads\/2023\/07\/cropped-homme7-96x96.png\",\"caption\":\"Joseph Louis\"},\"description\":\"Joseph est Juriste au sein de LegalVision. Titulaire d'un Master 2 Droit Bancaire et Financier au sein de l'Universit\u00e9 Jean Moulin Lyon 3, le monde des start-up et de la finance le passionne.\",\"url\":\"https:\/\/www.legalvision.fr\/guides-juridiques\/author\/joseph-louis\/\"}]}<\/script>\n<!-- \/ Yoast SEO plugin. -->","yoast_head_json":{"title":"R\u00e9pertoire des m\u00e9tiers : le guide pour immatriculer votre activit\u00e9 artisanale","description":"Le r\u00e9pertoire des m\u00e9tiers recense de nombreuses informations sur l'activit\u00e9 des artisans, LegalVision vous pr\u00e9sente son fonctionnement.","robots":{"index":"index","follow":"follow","max-snippet":"max-snippet:-1","max-image-preview":"max-image-preview:large","max-video-preview":"max-video-preview:-1"},"canonical":"https:\/\/www.legalvision.fr\/guides-juridiques\/metier\/repertoire-des-metiers-qui-doit-s-y-immatriculer\/","og_locale":"fr_FR","og_type":"article","og_title":"R\u00e9pertoire des m\u00e9tiers : le guide pour immatriculer votre activit\u00e9 artisanale","og_description":"Le r\u00e9pertoire des m\u00e9tiers recense de nombreuses informations sur l'activit\u00e9 des artisans, LegalVision vous pr\u00e9sente son fonctionnement.","og_url":"https:\/\/www.legalvision.fr\/guides-juridiques\/metier\/repertoire-des-metiers-qui-doit-s-y-immatriculer\/","og_site_name":"Guides juridiques","article_published_time":"2019-05-04T06:30:34+00:00","article_modified_time":"2022-03-27T19:20:57+00:00","og_image":[{"width":958,"height":350,"url":"https:\/\/www.legalvision.fr\/guides-juridiques\/wp-content\/uploads\/2019\/05\/r\u00e9pertoire-des-m\u00e9tiers.jpg","type":"image\/jpeg"}],"author":"Joseph Louis","twitter_card":"summary_large_image","twitter_misc":{"\u00c9crit par":"Joseph Louis","Dur\u00e9e de lecture estim\u00e9e":"9 minutes"},"schema":{"@context":"https:\/\/schema.org","@graph":[{"@type":"Article","@id":"https:\/\/www.legalvision.fr\/guides-juridiques\/metier\/repertoire-des-metiers-qui-doit-s-y-immatriculer\/#article","isPartOf":{"@id":"https:\/\/www.legalvision.fr\/guides-juridiques\/metier\/repertoire-des-metiers-qui-doit-s-y-immatriculer\/"},"author":{"name":"Joseph Louis","@id":"https:\/\/www.legalvision.fr\/guides-juridiques\/#\/schema\/person\/c454a42bc2a18b5443bc24faa78c5128"},"headline":"Tout savoir sur l&rsquo;immatriculation au r\u00e9pertoire des m\u00e9tiers pour les artisans","datePublished":"2019-05-04T06:30:34+00:00","dateModified":"2022-03-27T19:20:57+00:00","mainEntityOfPage":{"@id":"https:\/\/www.legalvision.fr\/guides-juridiques\/metier\/repertoire-des-metiers-qui-doit-s-y-immatriculer\/"},"wordCount":1867,"commentCount":0,"publisher":{"@id":"https:\/\/www.legalvision.fr\/guides-juridiques\/#organization"},"image":{"@id":"https:\/\/www.legalvision.fr\/guides-juridiques\/metier\/repertoire-des-metiers-qui-doit-s-y-immatriculer\/#primaryimage"},"thumbnailUrl":"https:\/\/www.legalvision.fr\/guides-juridiques\/wp-content\/uploads\/2019\/05\/r\u00e9pertoire-des-m\u00e9tiers.jpg","articleSection":["M\u00e9tier"],"inLanguage":"fr-FR","potentialAction":[{"@type":"CommentAction","name":"Comment","target":["https:\/\/www.legalvision.fr\/guides-juridiques\/metier\/repertoire-des-metiers-qui-doit-s-y-immatriculer\/#respond"]}]},{"@type":"WebPage","@id":"https:\/\/www.legalvision.fr\/guides-juridiques\/metier\/repertoire-des-metiers-qui-doit-s-y-immatriculer\/","url":"https:\/\/www.legalvision.fr\/guides-juridiques\/metier\/repertoire-des-metiers-qui-doit-s-y-immatriculer\/","name":"R\u00e9pertoire des m\u00e9tiers : le guide pour immatriculer votre activit\u00e9 artisanale","isPartOf":{"@id":"https:\/\/www.legalvision.fr\/guides-juridiques\/#website"},"primaryImageOfPage":{"@id":"https:\/\/www.legalvision.fr\/guides-juridiques\/metier\/repertoire-des-metiers-qui-doit-s-y-immatriculer\/#primaryimage"},"image":{"@id":"https:\/\/www.legalvision.fr\/guides-juridiques\/metier\/repertoire-des-metiers-qui-doit-s-y-immatriculer\/#primaryimage"},"thumbnailUrl":"https:\/\/www.legalvision.fr\/guides-juridiques\/wp-content\/uploads\/2019\/05\/r\u00e9pertoire-des-m\u00e9tiers.jpg","datePublished":"2019-05-04T06:30:34+00:00","dateModified":"2022-03-27T19:20:57+00:00","description":"Le r\u00e9pertoire des m\u00e9tiers recense de nombreuses informations sur l'activit\u00e9 des artisans, LegalVision vous pr\u00e9sente son fonctionnement.","breadcrumb":{"@id":"https:\/\/www.legalvision.fr\/guides-juridiques\/metier\/repertoire-des-metiers-qui-doit-s-y-immatriculer\/#breadcrumb"},"inLanguage":"fr-FR","potentialAction":[{"@type":"ReadAction","target":["https:\/\/www.legalvision.fr\/guides-juridiques\/metier\/repertoire-des-metiers-qui-doit-s-y-immatriculer\/"]}]},{"@type":"ImageObject","inLanguage":"fr-FR","@id":"https:\/\/www.legalvision.fr\/guides-juridiques\/metier\/repertoire-des-metiers-qui-doit-s-y-immatriculer\/#primaryimage","url":"https:\/\/www.legalvision.fr\/guides-juridiques\/wp-content\/uploads\/2019\/05\/r\u00e9pertoire-des-m\u00e9tiers.jpg","contentUrl":"https:\/\/www.legalvision.fr\/guides-juridiques\/wp-content\/uploads\/2019\/05\/r\u00e9pertoire-des-m\u00e9tiers.jpg","width":958,"height":350,"caption":"r\u00e9pertoire des m\u00e9tiers"},{"@type":"BreadcrumbList","@id":"https:\/\/www.legalvision.fr\/guides-juridiques\/metier\/repertoire-des-metiers-qui-doit-s-y-immatriculer\/#breadcrumb","itemListElement":[{"@type":"ListItem","position":1,"name":"Accueil","item":"https:\/\/www.legalvision.fr\/guides-juridiques\/"},{"@type":"ListItem","position":2,"name":"M\u00e9tier","item":"https:\/\/www.legalvision.fr\/guides-juridiques\/metier\/"},{"@type":"ListItem","position":3,"name":"Tout savoir sur l&rsquo;immatriculation au r\u00e9pertoire des m\u00e9tiers pour les artisans"}]},{"@type":"WebSite","@id":"https:\/\/www.legalvision.fr\/guides-juridiques\/#website","url":"https:\/\/www.legalvision.fr\/guides-juridiques\/","name":"Guides juridiques","description":"L&#039;information juridique \u00e0 destination des entreprises et TPE","publisher":{"@id":"https:\/\/www.legalvision.fr\/guides-juridiques\/#organization"},"potentialAction":[{"@type":"SearchAction","target":{"@type":"EntryPoint","urlTemplate":"https:\/\/www.legalvision.fr\/guides-juridiques\/?s={search_term_string}"},"query-input":{"@type":"PropertyValueSpecification","valueRequired":true,"valueName":"search_term_string"}}],"inLanguage":"fr-FR"},{"@type":"Organization","@id":"https:\/\/www.legalvision.fr\/guides-juridiques\/#organization","name":"Guides juridiques","url":"https:\/\/www.legalvision.fr\/guides-juridiques\/","logo":{"@type":"ImageObject","inLanguage":"fr-FR","@id":"https:\/\/www.legalvision.fr\/guides-juridiques\/#\/schema\/logo\/image\/","url":"https:\/\/www.legalvision.fr\/guides-juridiques\/wp-content\/uploads\/2022\/10\/LV-Logotype.png","contentUrl":"https:\/\/www.legalvision.fr\/guides-juridiques\/wp-content\/uploads\/2022\/10\/LV-Logotype.png","width":647,"height":125,"caption":"Guides juridiques"},"image":{"@id":"https:\/\/www.legalvision.fr\/guides-juridiques\/#\/schema\/logo\/image\/"}},{"@type":"Person","@id":"https:\/\/www.legalvision.fr\/guides-juridiques\/#\/schema\/person\/c454a42bc2a18b5443bc24faa78c5128","name":"Joseph Louis","image":{"@type":"ImageObject","inLanguage":"fr-FR","@id":"https:\/\/www.legalvision.fr\/guides-juridiques\/#\/schema\/person\/image\/","url":"https:\/\/www.legalvision.fr\/guides-juridiques\/wp-content\/uploads\/2023\/07\/cropped-homme7-96x96.png","contentUrl":"https:\/\/www.legalvision.fr\/guides-juridiques\/wp-content\/uploads\/2023\/07\/cropped-homme7-96x96.png","caption":"Joseph Louis"},"description":"Joseph est Juriste au sein de LegalVision. Titulaire d'un Master 2 Droit Bancaire et Financier au sein de l'Universit\u00e9 Jean Moulin Lyon 3, le monde des start-up et de la finance le passionne.","url":"https:\/\/www.legalvision.fr\/guides-juridiques\/author\/joseph-louis\/"}]}},"_links":{"self":[{"href":"https:\/\/www.legalvision.fr\/guides-juridiques\/wp-json\/wp\/v2\/posts\/14653","targetHints":{"allow":["GET"]}}],"collection":[{"href":"https:\/\/www.legalvision.fr\/guides-juridiques\/wp-json\/wp\/v2\/posts"}],"about":[{"href":"https:\/\/www.legalvision.fr\/guides-juridiques\/wp-json\/wp\/v2\/types\/post"}],"author":[{"embeddable":true,"href":"https:\/\/www.legalvision.fr\/guides-juridiques\/wp-json\/wp\/v2\/users\/28"}],"replies":[{"embeddable":true,"href":"https:\/\/www.legalvision.fr\/guides-juridiques\/wp-json\/wp\/v2\/comments?post=14653"}],"version-history":[{"count":0,"href":"https:\/\/www.legalvision.fr\/guides-juridiques\/wp-json\/wp\/v2\/posts\/14653\/revisions"}],"wp:featuredmedia":[{"embeddable":true,"href":"https:\/\/www.legalvision.fr\/guides-juridiques\/wp-json\/wp\/v2\/media\/24753"}],"wp:attachment":[{"href":"https:\/\/www.legalvision.fr\/guides-juridiques\/wp-json\/wp\/v2\/media?parent=14653"}],"wp:term":[{"taxonomy":"category","embeddable":true,"href":"https:\/\/www.legalvision.fr\/guides-juridiques\/wp-json\/wp\/v2\/categories?post=14653"},{"taxonomy":"post_tag","embeddable":true,"href":"https:\/\/www.legalvision.fr\/guides-juridiques\/wp-json\/wp\/v2\/tags?post=14653"}],"curies":[{"name":"wp","href":"https:\/\/api.w.org\/{rel}","templated":true}]}}