{"id":14415,"date":"2019-04-27T07:30:14","date_gmt":"2019-04-27T06:30:14","guid":{"rendered":"https:\/\/blog.legalvision.fr\/?p=14415"},"modified":"2023-11-20T16:08:41","modified_gmt":"2023-11-20T15:08:41","slug":"quelles-sont-les-charges-d-une-sarl-et-comment-les-minimiser","status":"publish","type":"post","link":"https:\/\/www.legalvision.fr\/guides-juridiques\/sarl\/quelles-sont-les-charges-d-une-sarl-et-comment-les-minimiser\/","title":{"rendered":"Les charges d&rsquo;une SARL : comment les minimiser ? Le guide LegalVision"},"content":{"rendered":"\t\t<div data-elementor-type=\"wp-post\" data-elementor-id=\"14415\" class=\"elementor elementor-14415\" data-elementor-post-type=\"post\">\n\t\t\t\t<div data-particle_enable=\"false\" data-particle-mobile-disabled=\"false\" class=\"elementor-element elementor-element-8a1b380 e-flex e-con-boxed e-con e-parent\" data-id=\"8a1b380\" data-element_type=\"container\" data-e-type=\"container\">\n\t\t\t\t\t<div class=\"e-con-inner\">\n\t\t\t\t<div class=\"elementor-element elementor-element-e8e3153 elementor-widget elementor-widget-text-editor\" data-id=\"e8e3153\" data-element_type=\"widget\" data-e-type=\"widget\" data-widget_type=\"text-editor.default\">\n\t\t\t\t<div class=\"elementor-widget-container\">\n\t\t\t\t\t\t\t\t\t<p>Lorsque vous <a href=\"https:\/\/blog.legalvision.fr\/2018\/03\/25\/monter-une-sarl\/\">montez une SARL<\/a>, il y aura <strong>des charges SARL<\/strong> d\u00e8s lors que vous commencerez votre activit\u00e9.<\/p><p><strong>La SARL<\/strong> <strong>ou <a href=\"https:\/\/www.legalvision.fr\/creation-dentreprise\/creer-une-sarl\/\">soci\u00e9t\u00e9 \u00e0 responsabilit\u00e9 limit\u00e9e<\/a><\/strong> est une soci\u00e9t\u00e9 constitu\u00e9e par les apports des associ\u00e9s. Cette soci\u00e9t\u00e9 sera g\u00e9r\u00e9e par un dirigeant appel\u00e9 G\u00e9rant de SARL. Si vous d\u00e9veloppez bien votre activit\u00e9, il faudra payer des <strong>imp\u00f4ts<\/strong> sur vos b\u00e9n\u00e9fices, et des <strong>cotisations sociales<\/strong> en fonction de vos revenus. Vous pourrez souhaiter investir en achetant de nouvelles machines de production ou en essayant de trouver de nouveaux proc\u00e9d\u00e9s pour cro\u00eetre rapidement. Tous ces investissements constitueront des charges.<\/p><p>En effet, ces charges SARL sont principalement de trois types : <strong>les charges fiscales<\/strong>, les <strong>charges sociales<\/strong> et les <strong>charges d&rsquo;exploitation.<\/strong>\u00a0C&rsquo;est ce que nous allons voir.<\/p><h3>Sommaire :<\/h3><p><strong><a href=\"#I\">I\/ Charges SARL : les charges d&rsquo;exploitation, financi\u00e8res et exceptionnelles<\/a><\/strong><br \/><strong> <a href=\"#II\">II\/ Charges SARL : les charges fiscales<\/a><\/strong><br \/><strong> <a href=\"#III\">III\/ Charges SARL : les charges sociales<\/a><\/strong><\/p>\t\t\t\t\t\t\t\t<\/div>\n\t\t\t\t<\/div>\n\t\t\t\t\t<\/div>\n\t\t\t\t<\/div>\n\t\t<div data-particle_enable=\"false\" data-particle-mobile-disabled=\"false\" class=\"elementor-element elementor-element-44d41a8a e-flex e-con-boxed e-con e-parent\" data-id=\"44d41a8a\" data-element_type=\"container\" data-e-type=\"container\">\n\t\t\t\t\t<div class=\"e-con-inner\">\n\t\t\t\t<div class=\"elementor-element elementor-element-51aadce9 elementor-widget elementor-widget-heading\" data-id=\"51aadce9\" data-element_type=\"widget\" data-e-type=\"widget\" data-widget_type=\"heading.default\">\n\t\t\t\t<div class=\"elementor-widget-container\">\n\t\t\t\t\t<h2 class=\"elementor-heading-title elementor-size-default\">Nos outils pour vous aider : <\/h2>\t\t\t\t<\/div>\n\t\t\t\t<\/div>\n\t\t\t\t\t<\/div>\n\t\t\t\t<\/div>\n\t\t<div data-particle_enable=\"false\" data-particle-mobile-disabled=\"false\" class=\"elementor-element elementor-element-adad320 e-flex e-con-boxed e-con e-parent\" data-id=\"adad320\" data-element_type=\"container\" data-e-type=\"container\">\n\t\t\t\t\t<div class=\"e-con-inner\">\n\t\t<div data-particle_enable=\"false\" data-particle-mobile-disabled=\"false\" class=\"elementor-element elementor-element-715d73a8 e-con-full e-flex e-con e-child\" data-id=\"715d73a8\" data-element_type=\"container\" data-e-type=\"container\">\n\t\t\t\t<div class=\"elementor-element elementor-element-6c0859c6 elementor-widget elementor-widget-button\" data-id=\"6c0859c6\" data-element_type=\"widget\" data-e-type=\"widget\" data-widget_type=\"button.default\">\n\t\t\t\t<div class=\"elementor-widget-container\">\n\t\t\t\t\t\t\t\t\t<div class=\"elementor-button-wrapper\">\n\t\t\t\t\t<a class=\"elementor-button elementor-button-link elementor-size-sm\" href=\"https:\/\/leonard.fr\/juridique\/creation-entreprise\/creation-dune-sarl-leonard\/?utm_source=blog&#038;utm_medium=CTA&#038;utm_campaign=les_charges_SARL_comment_les_minimiser&#038;utm_id=creation_SARL_blog\" target=\"_blank\">\n\t\t\t\t\t\t<span class=\"elementor-button-content-wrapper\">\n\t\t\t\t\t\t\t\t\t<span class=\"elementor-button-text\">Cr\u00e9ez votre SARL en ligne<\/span>\n\t\t\t\t\t<\/span>\n\t\t\t\t\t<\/a>\n\t\t\t\t<\/div>\n\t\t\t\t\t\t\t\t<\/div>\n\t\t\t\t<\/div>\n\t\t\t\t<\/div>\n\t\t<div data-particle_enable=\"false\" data-particle-mobile-disabled=\"false\" class=\"elementor-element elementor-element-2c55ea81 e-con-full e-flex e-con e-child\" data-id=\"2c55ea81\" data-element_type=\"container\" data-e-type=\"container\">\n\t\t\t\t<div class=\"elementor-element elementor-element-c037985 elementor-widget elementor-widget-button\" data-id=\"c037985\" data-element_type=\"widget\" data-e-type=\"widget\" data-widget_type=\"button.default\">\n\t\t\t\t<div class=\"elementor-widget-container\">\n\t\t\t\t\t\t\t\t\t<div class=\"elementor-button-wrapper\">\n\t\t\t\t\t<a class=\"elementor-button elementor-button-link elementor-size-sm\" href=\"https:\/\/meetings.hubspot.com\/global\/leonard-rendez-vous-gratuit-avec-un-juriste?utm_source=blog&#038;utm_medium=CTA&#038;utm_campaign=les_charges_SARL_comment_les_minimiser&#038;utm_id=creation_SARL_blog\" target=\"_blank\">\n\t\t\t\t\t\t<span class=\"elementor-button-content-wrapper\">\n\t\t\t\t\t\t\t\t\t<span class=\"elementor-button-text\">Soyez rappel\u00e9 par un juriste gratuitement<\/span>\n\t\t\t\t\t<\/span>\n\t\t\t\t\t<\/a>\n\t\t\t\t<\/div>\n\t\t\t\t\t\t\t\t<\/div>\n\t\t\t\t<\/div>\n\t\t\t\t<\/div>\n\t\t<div data-particle_enable=\"false\" data-particle-mobile-disabled=\"false\" class=\"elementor-element elementor-element-5f66c05a e-con-full e-flex e-con e-child\" data-id=\"5f66c05a\" data-element_type=\"container\" data-e-type=\"container\">\n\t\t\t\t<div data-dce-background-color=\"#85D2F1\" class=\"elementor-element elementor-element-39256a90 elementor-widget elementor-widget-button\" data-id=\"39256a90\" data-element_type=\"widget\" data-e-type=\"widget\" data-widget_type=\"button.default\">\n\t\t\t\t<div class=\"elementor-widget-container\">\n\t\t\t\t\t\t\t\t\t<div class=\"elementor-button-wrapper\">\n\t\t\t\t\t<a class=\"elementor-button elementor-button-link elementor-size-sm\" href=\"https:\/\/share.hsforms.com\/1MCz4iJkPSsaIbYWlbzl6vw1oyza?utm_source=blog&#038;utm_medium=CTA&#038;utm_campaign=les_charges_SARL_comment_les_minimiser&#038;utm_id=creation_SARL_blog\" target=\"_blank\">\n\t\t\t\t\t\t<span class=\"elementor-button-content-wrapper\">\n\t\t\t\t\t\t\t\t\t<span class=\"elementor-button-text\">Publiez votre annonce l\u00e9gale<\/span>\n\t\t\t\t\t<\/span>\n\t\t\t\t\t<\/a>\n\t\t\t\t<\/div>\n\t\t\t\t\t\t\t\t<\/div>\n\t\t\t\t<\/div>\n\t\t\t\t<\/div>\n\t\t\t\t\t<\/div>\n\t\t\t\t<\/div>\n\t\t<div data-particle_enable=\"false\" data-particle-mobile-disabled=\"false\" class=\"elementor-element elementor-element-1cef4a09 e-flex e-con-boxed e-con e-parent\" data-id=\"1cef4a09\" data-element_type=\"container\" data-e-type=\"container\">\n\t\t\t\t\t<div class=\"e-con-inner\">\n\t\t\t\t<div class=\"elementor-element elementor-element-3e8ca7ca elementor-widget elementor-widget-text-editor\" data-id=\"3e8ca7ca\" data-element_type=\"widget\" data-e-type=\"widget\" data-widget_type=\"text-editor.default\">\n\t\t\t\t<div class=\"elementor-widget-container\">\n\t\t\t\t\t\t\t\t\t<p>\u00a0<\/p><h2 id=\"I\">\u00a0<\/h2><h2 id=\"I\">I\/\u00a0Charges SARL : les charges\u00a0d&rsquo;exploitation, financi\u00e8res et exceptionnelles<\/h2><p>Une\u00a0<b>charge<\/b>\u00a0est une d\u00e9pense\u00a0de l&rsquo;entreprise dans un bien ou un service.<\/p><h3>A) Charges SARL : les charges d&rsquo;exploitation<\/h3><p>Les <a href=\"https:\/\/www.linternaute.fr\/dictionnaire\/fr\/definition\/charges-d-exploitation\/\">charges d&rsquo;exploitation<\/a> sont les d\u00e9penses r\u00e9alis\u00e9es par l&rsquo;entreprise pour l&rsquo;exercice de son activit\u00e9. Ainsi, les charges d&rsquo;exploitation sont les suivantes :<\/p><ul><li>Les\u00a0achats de mati\u00e8res premi\u00e8res ;<\/li><li>Les achats de marchandises ;<\/li><li>Frais g\u00e9n\u00e9raux de l\u2019entreprise (loyers, frais postaux, \u00e9quipement informatique, assurances) ;<\/li><li>Imp\u00f4ts et taxes (<a href=\"https:\/\/www.legifrance.gouv.fr\/affichCode.do?idArticle=LEGIARTI000023380872&amp;idSectionTA=LEGISCTA000006179811&amp;cidTexte=LEGITEXT000006069577&amp;dateTexte=20190426\">CFE<\/a>, <a href=\"https:\/\/www.legifrance.gouv.fr\/affichCode.do?idSectionTA=LEGISCTA000006191781&amp;cidTexte=LEGITEXT000006069577\">taxe fonci\u00e8re<\/a>) ;<\/li><li>Les charges de personnel\u00a0telles que le paiement des salaires ;<\/li><li>Les\u00a0dotations aux amortissements ;<\/li><li>Et les provisions d\u2019exploitation.<\/li><\/ul><h3>\u00a0<\/h3><h3>B) Charges SARL : les charges financi\u00e8res et exceptionnelles.<\/h3><p>Les <strong>charges financi\u00e8res<\/strong> sont les\u00a0co\u00fbts des emprunts.\u00a0De mani\u00e8re g\u00e9n\u00e9rale,\u00a0ce sont les int\u00e9r\u00eats des emprunts envers la banque et les int\u00e9r\u00eats envers les <a href=\"https:\/\/blog.legalvision.fr\/2018\/08\/08\/compte-courant-d-associe\/\">comptes courants d&rsquo;associ\u00e9s<\/a>.<\/p><p>Les <strong>charges exceptionnelles<\/strong> sont les\u00a0charges n\u2019entrant pas dans l\u2019activit\u00e9 normale de l\u2019entit\u00e9. Ce sont\u00a0en g\u00e9n\u00e9ral\u00a0les moins-values lors de la cession d&rsquo;un \u00e9l\u00e9ment d&rsquo;actif.<\/p><p><em><strong>Exemple<\/strong>\u00a0: Un immeuble fait partie du bilan de votre soci\u00e9t\u00e9 et vous vendez cette immeuble. S&rsquo;il avait \u00e9t\u00e9 achet\u00e9 200 000\u20ac et que vous le revendez 150 000\u20ac, alors il y aura une moins-value de 50 000\u20ac. Ce sera une charge exceptionnelle. En revanche, si l&rsquo;activit\u00e9 de votre soci\u00e9t\u00e9 est de vendre des immeubles, alors ce sera une charge d&rsquo;exploitation.\u00a0<\/em><\/p><h3>\u00a0<\/h3><h3>C) A quoi servent les charges SARL ?<\/h3><p>Les charges permettent de minorer le b\u00e9n\u00e9fice. Moins le b\u00e9n\u00e9fice est important, moins vous paierez d\u2019<a href=\"https:\/\/www.legifrance.gouv.fr\/affichCodeArticle.do;jsessionid=72E05A6CA38574F4A93006AA5E8C76AD.tplgfr36s_2?idArticle=LEGIARTI000006303408&amp;cidTexte=LEGITEXT000006069577&amp;dateTexte=20130101\">imp\u00f4t sur les soci\u00e9t\u00e9s<\/a>.\u00a0En effet, le\u00a0montant de l\u2019imp\u00f4t sur les soci\u00e9t\u00e9s est fonction du b\u00e9n\u00e9fice de la soci\u00e9t\u00e9, et non du chiffre d&rsquo;affaires.<\/p><p><em><strong>Exemple<\/strong>\u00a0: Votre chiffre d&rsquo;affaires est de 100 000\u20ac et vos charges s&rsquo;\u00e9l\u00e8vent \u00e0 40 000\u20ac. Ainsi, le b\u00e9n\u00e9fice\u00a0sera de 60 000\u20ac. Vous serez impos\u00e9 sur la base de ces 60 000\u20ac, et non sur les 100 000\u20ac.\u00a0<\/em><\/p><p>Cependant, il n&rsquo;est pas possible de d\u00e9duire toutes les charges. L&rsquo;administration r\u00e9int\u00e8gre les charges qu&rsquo;elle consid\u00e8re comme \u00e9tant un <strong>acte anormal de gestion<\/strong> (AAG).<\/p><p>Pour \u00eatre qualifi\u00e9e d&rsquo;AAG, il faudra que la charge minore le chiffre d&rsquo;affaires de la soci\u00e9t\u00e9, et que cette charge soit sans r\u00e9elle contrepartie pour la soci\u00e9t\u00e9.<\/p><p><em><strong>Exemple<\/strong>\u00a0: Si la soci\u00e9t\u00e9 ach\u00e8te des v\u00eatements pour le dirigeant ou sa famille, cette charge sera r\u00e9int\u00e9gr\u00e9e. De plus, cela pourra \u00eatre caract\u00e9ris\u00e9 d&rsquo;<a href=\"https:\/\/www.legifrance.gouv.fr\/affichCodeArticle.do?idArticle=LEGIARTI000028312103&amp;cidTexte=LEGITEXT000005634379\">abus de biens sociaux<\/a>.\u00a0<\/em><\/p><h2 id=\"II\">\u00a0<\/h2><h2 id=\"II\">II\/ Charges SARL : les charges\u00a0fiscales<\/h2><h3>A) Le principe : l&rsquo;imposition sur les soci\u00e9t\u00e9s<\/h3><p>En principe, le <a href=\"https:\/\/blog.legalvision.fr\/2018\/03\/29\/regime-fiscal-sarl\/\">r\u00e9gime fiscal de la SARL<\/a> est l&rsquo;imposition \u00e0 <strong>l\u2019imp\u00f4t sur les soci\u00e9t\u00e9s<\/strong> (IS). Pour rappel, l&rsquo;IS sera applicable sur le b\u00e9n\u00e9fice de la soci\u00e9t\u00e9 et non sur son chiffre d&rsquo;affaires (CA).<\/p><p>Le taux de l&rsquo;imp\u00f4t est le suivant :<\/p><ul><li><strong>15%<\/strong>\u00a0pour les b\u00e9n\u00e9fices allant de 0 \u00e0 38 120 Euros ;<\/li><li><strong>28%<\/strong>\u00a0pour les b\u00e9n\u00e9fices allant de 38 120 \u00e0 500 000 Euros ;<\/li><li><strong>31%<\/strong>\u00a0pour les b\u00e9n\u00e9fices\u00a0au del\u00e0 de 500 000 Euros.<\/li><\/ul><p><strong>Quelques pr\u00e9cisions n\u00e9anmoins :<\/strong>\u00a0Le taux de 15 % n&rsquo;est applicable que pour les entreprises ayant un CA inf\u00e9rieur \u00e0 7,63 millions d&rsquo;euros. Il faudra que le capital soit int\u00e9gralement lib\u00e9r\u00e9 et que la soci\u00e9t\u00e9 soit d\u00e9tenue au moins \u00e0 75 % par des personnes physiques (et non par des soci\u00e9t\u00e9s).<\/p><p>Si le <a href=\"http:\/\/www.senat.fr\/leg\/pjl18-452.pdf\">projet de loi de modification de la trajectoire de baisse de l&rsquo;imp\u00f4t sur les soci\u00e9t\u00e9s<\/a> est adopt\u00e9, le taux de 33,1\/3%\u00a0remplacerait le taux de 31% pour les entreprises ayant un chiffre d&rsquo;affaires sup\u00e9rieur \u00e0 250 millions d&rsquo;euros.<\/p><p>Une fois le b\u00e9n\u00e9fice impos\u00e9, vous serez impos\u00e9 une deuxi\u00e8me fois lors du versement de dividendes :<\/p><ul><li>Soit \u00e0 la <a href=\"https:\/\/blog.legalvision.fr\/2019\/01\/23\/tout-savoir-sur-la-flat-tax\/\">flat tax<\/a> au taux total de <strong>30%<\/strong> (17,2% de pr\u00e9l\u00e8vement sociaux et 12,8% d\u2019imp\u00f4t sur le revenu) ;<\/li><li>Soit au taux de 17,2% de pr\u00e9l\u00e8vement sociaux et au bar\u00e8me progressif de l\u2019imp\u00f4t sur le revenu.<\/li><\/ul><h3>\u00a0<\/h3><h3>B) Les exceptions : les r\u00e9gimes d\u00e9rogatoires \u00e0 l\u2019imp\u00f4t sur les soci\u00e9t\u00e9s<\/h3><p>Vous pourrez opter au r\u00e9gime de l&rsquo;<strong>imp\u00f4t sur le revenu<\/strong> (IR) dans plusieurs cas :<\/p><ul><li>Pour toutes les SARL, mais uniquement\u00a0pour 5 ans ;<\/li><li>Pour les <a href=\"https:\/\/blog.legalvision.fr\/2018\/04\/15\/sarl-de-famille\/\"><strong>SARL de famille<\/strong><\/a>, de mani\u00e8re illimit\u00e9e.<\/li><\/ul><p>De plus, si votre SARL a un unique associ\u00e9, vous \u00eates alors au r\u00e9gime de l&rsquo;<strong><a href=\"https:\/\/blog.legalvision.fr\/2018\/07\/09\/sarlu\/\">entreprise unipersonnelle \u00e0 responsabilit\u00e9 limit\u00e9e (EURL)<\/a>. <\/strong>Dans ce cas, vous \u00eates soumis par principe \u00e0 l&rsquo;IR et sur option \u00e0 l&rsquo;IS.<\/p><p>A l&rsquo;IR, l\u2019ensemble des revenus de l&rsquo;associ\u00e9 sera directement impos\u00e9 au <a href=\"https:\/\/www.legifrance.gouv.fr\/affichCodeArticle.do?cidTexte=LEGITEXT000006069577&amp;idArticle=LEGIARTI000006308322\">bar\u00e8me<\/a> suivant :<\/p><ul><li><strong>0%<\/strong>\u00a0pour les revenus allant de 0 \u00e0 9 964 Euros ;<\/li><li><strong>14%<\/strong>\u00a0pour les revenus allant de 9 964 \u00e0 27 519 Euros ;<\/li><li><strong>30%<\/strong>\u00a0pour les revenus allant de 27 519 \u00e0 73 779 Euros ;<\/li><li><strong>41%<\/strong>\u00a0pour les revenu allant de 73 779 \u00e0 156 244 Euros ;<\/li><li><strong>45%<\/strong>\u00a0pour les revenus au del\u00e0 de 156 244 Euros.<\/li><\/ul><h3>\u00a0<\/h3><h3>C) La taxe sur la valeur ajout\u00e9e (TVA)<\/h3><p>Toutes les personnes r\u00e9alisant <strong>des activit\u00e9s \u00e9conomiques<\/strong> de fa\u00e7on ind\u00e9pendante sont assujetties \u00e0 la TVA.<strong> En r\u00e9sum\u00e9, les <a href=\"https:\/\/blog.legalvision.fr\/2018\/09\/12\/sarl-tva-eurl-tva\/\">SARL sont assujetties \u00e0 la TVA<\/a><\/strong>.<\/p><p>Elles seront <strong>exon\u00e9r\u00e9es<\/strong> dans les cas suivants :<\/p><ul><li>Pour les entreprises dont le CA annuel est inf\u00e9rieur \u00e0\u00a0<strong>33 200\u20ac<\/strong>\u00a0pour les activit\u00e9s de prestation de service ;<\/li><li>Pour les entreprises dont le CA annuel est inf\u00e9rieur \u00e0<strong>\u00a082 800\u20ac<\/strong>\u00a0pour les activit\u00e9s de livraison de biens.<\/li><\/ul><p>Lorsque la TVA s&rsquo;applique, <strong>que se passe-t-il concr\u00e8tement<\/strong> ?<\/p><p>Dans les relations avec les fournisseurs, vous achetez un bien avec un prix HT et avec la TVA. Puis, dans vos relations avec les clients, vous facturez de la TVA. On parle de <a href=\"https:\/\/blog.legalvision.fr\/2018\/02\/16\/tva-collectee-deductible-ca-marche\/\">TVA collect\u00e9e et de TVA d\u00e9ductible<\/a>. Vous allez ainsi faire la\u00a0soustraction entre\u00a0toute la TVA achet\u00e9e et toute la TVA factur\u00e9e, et vous allez trouver un solde. Ainsi, si ce solde est positif l\u2019Etat vous devra le montant du solde. En revanche, si le solde est n\u00e9gatif, vous devrez le payer \u00e0 l&rsquo;Etat.<\/p><p><em><strong>Exemple<\/strong>\u00a0:\u00a0Vous avez\u00a0une entreprise de fabrication de voiture :<\/em><\/p><ul><li><em>Vous achetez des roues et de la carrosserie\u00a0pour un prix total de\u00a048 000\u20ac (40 000\u20ac HT et 8 000\u20ac de TVA).<\/em><\/li><li><em>Ensuite\u00a0vous revendez les voitures avec un prix de\u00a096 000\u20ac (80 000\u20ac HT et 16 000\u20ac de TVA).<\/em><\/li><li><em>16\u00a0000 &#8211; 8 000= <strong>8\u00a0000\u20ac.<\/strong>\u00a0Par cons\u00e9quent, vous devrez \u00e0 l&rsquo;Etat <strong>8\u00a0000\u20ac de TVA.\u00a0<\/strong><\/em><\/li><\/ul><h3>\u00a0<\/h3><h3>D) La Taxe fonci\u00e8re et la CET<\/h3><p>La <strong>CET<\/strong> ou <a href=\"https:\/\/www.service-public.fr\/professionnels-entreprises\/vosdroits\/N13443\">Contribution Economique Territoriale<\/a> est compos\u00e9e :<\/p><ul><li>De la Cotisation fonci\u00e8re des entreprises (<strong>CFE<\/strong>),<\/li><li>Et de la cotisation sur la valeur ajout\u00e9e des entreprises (<strong>CVAE<\/strong>).<\/li><\/ul><p>La CFE est due par toutes les soci\u00e9t\u00e9s exer\u00e7ant une activit\u00e9 professionnelle non salari\u00e9e. Ensuite, elle sera assise sur la<strong> valeur des immeubles<\/strong> que vous poss\u00e9dez.\u00a0Ainsi, si vous ne poss\u00e9dez aucun immeuble, vous ne paierez pas de CFE. La CVAE r\u00e9pond aux m\u00eames conditions que la CFE, mais ne sera applicable qu&rsquo;aux entreprises qui r\u00e9alisent un chiffre d&rsquo;affaires hors taxe de plus de 500 000\u20ac par an.<\/p><p><strong>A bien noter :<\/strong><\/p><ul><li>La premi\u00e8re ann\u00e9e vous \u00eates exon\u00e9r\u00e9 de CFE ;<\/li><li>La deuxi\u00e8me ann\u00e9e votre base imposable est divis\u00e9e par deux.<\/li><\/ul><p>En plus de la CFE, vous devrez payer <strong>la taxe fonci\u00e8re<\/strong> si vous \u00eates propri\u00e9taire de votre immeuble.<\/p><h3>\u00a0<\/h3><h3>E) La fiscalit\u00e9 de la cession de part.<\/h3><p>Lorsque les associ\u00e9s vont <a href=\"https:\/\/www.legalvision.fr\/financement-dentreprise\/cession-de-parts-sociales\/\"><strong>c\u00e9der les parts<\/strong><\/a> qu&rsquo;ils d\u00e9tiennent dans un SARL, il paieront des taxes. Ainsi, le taux est de\u00a0<strong>3%<\/strong>\u00a0de la valeur r\u00e9elle du montant des parts c\u00e9d\u00e9es. De plus, il y a un abattement de<strong>\u00a023 000\u20ac<\/strong>\u00a0sur la valeur totale des parts.<\/p><p><em><strong>Exemple<\/strong>\u00a0: Je vends mes parts pour 100 000\u20ac, ces parts repr\u00e9sentent 10% du capital social.\u00a0<\/em><\/p><ul><li><em>Le montant de l&rsquo;abattement est de 23 000*0,10=\u00a0<strong>2 300\u20ac.<\/strong><\/em><\/li><li><em>l&rsquo;assiette est donc de 100 000- 2300=\u00a0<strong>97 700\u20ac<\/strong><\/em><\/li><li><em>Le montant de l\u2019imp\u00f4t est donc de 97 700*0,03=\u00a0<strong>2931\u20ac<\/strong><\/em><\/li><\/ul><h2 id=\"III\">\u00a0<\/h2><h2 id=\"III\">III\/ Charges SARL : les charges sociales<\/h2><p>La <a href=\"https:\/\/blog.legalvision.fr\/2018\/03\/20\/remuneration-gerant-sarl\/\">r\u00e9mun\u00e9ration du g\u00e9rant de SARL<\/a> est soumise \u00e0 de nombreuses charges sociales qui d\u00e9pendent du nombre de parts du g\u00e9rant dans la soci\u00e9t\u00e9.<\/p><h3>A) Le g\u00e9rant majoritaire : r\u00e9gime des ind\u00e9pendants<\/h3><p><strong>Le g\u00e9rant majoritaire<\/strong> est le g\u00e9rant de SARL poss\u00e9dant plus de 50% des parts sociales de la SARL. Dans ce cas, vous\u00a0devrez cotiser selon les r\u00e8gles du r\u00e9gime des ind\u00e9pendants, encore appel\u00e9 <a href=\"https:\/\/blog.legalvision.fr\/2018\/07\/19\/tns\/\">statut TNS<\/a>\u00a0(travailleur non salari\u00e9).<\/p><p><strong>A savoir<\/strong> : Depuis 2019\u00a0le r\u00e9gime des ind\u00e9pendants, autrefois appel\u00e9 r\u00e9gime social des ind\u00e9pendants (RSI) puis s\u00e9curit\u00e9 sociale des\u00a0ind\u00e9pendants (SSI), est rattach\u00e9 \u00e0 l&rsquo;organisme g\u00e9rant le <strong>r\u00e9gime g\u00e9n\u00e9ral de la s\u00e9curit\u00e9 sociale<\/strong>. N\u00e9anmoins, si l&rsquo;organisme change, il faut savoir que les r\u00e8gles de cotisation ne changent pas.<\/p><p>Ainsi, la liste des charges sociales<strong> est la suivante<\/strong> :<\/p><ul><li>CSG et de la CRDS,<\/li><li>Assurance maladie et maternit\u00e9,<\/li><li>Allocations familiales,<\/li><li>La retraite de base,<\/li><li>Retraite compl\u00e9mentaire,<\/li><li>Indemnit\u00e9s journali\u00e8res,<\/li><li>L\u2019assurance invalidit\u00e9-d\u00e9c\u00e8s,<\/li><li>Et enfin la formation professionnelle.<\/li><\/ul><p>Pour r\u00e9sumer, le total des cotisations sociales correspondra \u00e0 peu pr\u00e8s \u00e0\u00a0<strong>40%<\/strong> du versement de la r\u00e9mun\u00e9ration au g\u00e9rant.<\/p><h3>\u00a0<\/h3><h3>B) Le g\u00e9rant minoritaire, \u00e9galitaire, non associ\u00e9 : r\u00e9gime des assimil\u00e9s salari\u00e9s<\/h3><p>Les g\u00e9rants soumis au r\u00e9gime g\u00e9n\u00e9ral de la s\u00e9curit\u00e9 sociale sont les g\u00e9rants :<\/p><ul><li>Poss\u00e9dant 50% des parts sociales de la SARL,<\/li><li>Moins de 50% des parts sociales,<\/li><li>Aucune part sociale (donc n\u2019\u00e9tant pas associ\u00e9).<\/li><\/ul><p>Enfin, ils seront soumis aux m\u00eames charges sociales que\u00a0les\u00a0<a href=\"https:\/\/blog.legalvision.fr\/2019\/04\/07\/cotisations-sociales-dirigeant-sasu-ou-sas\/\">cotisations sociales du dirigeant de SAS<\/a>. Le montant des cotisations sociales repr\u00e9sente \u00e0 peu pr\u00e8s <strong>80%<\/strong> du versement de la r\u00e9mun\u00e9ration au g\u00e9rant.<\/p><p><em><strong>Exemple :<\/strong>\u00a0Si le g\u00e9rant re\u00e7oit\u00a010 000\u20ac, alors la soci\u00e9t\u00e9 devra verser 18 000\u20ac. Il y aura donc 8000\u20ac de cotisations sociales.<\/em><\/p><p>Cependant, si les cotisations sociales sont bien plus \u00e9lev\u00e9es que pour le g\u00e9rant majoritaire, il ne faut pas oublier que la protection sociale sera aussi bien plus protectrice que pour le g\u00e9rant majoritaire de SARL.<\/p><h3>\u00a0<\/h3><h3>C) L&rsquo;ACRE : une exon\u00e9ration de cotisations sociale\u00a0la 1\u00e8re ann\u00e9e.<\/h3><p>Une bonne fa\u00e7on d\u2019optimiser les <a href=\"https:\/\/blog.legalvision.fr\/2019\/02\/18\/optimisation-charges-sociales-gerant-eurl-tous-les-conseils-des-experts\/\">charges du g\u00e9rant EURL<\/a> ou du g\u00e9rant de SARL est de b\u00e9n\u00e9ficier de l&rsquo;ACRE. En effet, depuis<strong> janvier 2019<\/strong> tous les cr\u00e9ateurs d&rsquo;entreprise b\u00e9n\u00e9ficient en principe de l&rsquo;ACRE. L&rsquo;ACRE est l&rsquo;acronyme d&rsquo;Aide aux Cr\u00e9ateurs et Repreneurs d&rsquo;Entreprise. En effet, il s&rsquo;agit d&rsquo;une exon\u00e9ration de certaines cotisations sociales la\u00a0<strong>1\u00e8re ann\u00e9e<\/strong>\u00a0de <a href=\"https:\/\/www.legalvision.fr\/creation-dentreprise\/\">cr\u00e9ation de votre entreprise<\/a> uniquement.<\/p><p>Ainsi, cette exon\u00e9ration est en 2019 de :<\/p><ul><li>100% pour vos revenus inf\u00e9rieurs \u00e0\u00a0<strong>30 393\u20ac ;<\/strong><\/li><li>D\u00e9gressive pour vos revenus\u00a0entre\u00a0<strong>30 393\u20ac et 40 524\u20ac ;<\/strong><\/li><li>Aucune exon\u00e9ration pour les revenus sup\u00e9rieurs \u00e0 <strong>40 524\u20ac<\/strong>.<\/li><\/ul><p>Ainsi, il vous sera possible de r\u00e9duire vos\u00a0charges SARL.<\/p><p>A noter : ces plafonds varient chaque ann\u00e9e.<\/p><p>\u00a0<\/p>\t\t\t\t\t\t\t\t<\/div>\n\t\t\t\t<\/div>\n\t\t\t\t<div class=\"elementor-element elementor-element-2c41ab6 elementor-align-center elementor-widget elementor-widget-button\" data-id=\"2c41ab6\" data-element_type=\"widget\" data-e-type=\"widget\" data-widget_type=\"button.default\">\n\t\t\t\t<div class=\"elementor-widget-container\">\n\t\t\t\t\t\t\t\t\t<div class=\"elementor-button-wrapper\">\n\t\t\t\t\t<a class=\"elementor-button elementor-button-link elementor-size-sm\" href=\"https:\/\/leonard.fr\/juridique\/creation-entreprise\/creation-dune-sarl-leonard\/?utm_source=blog&#038;utm_medium=CTA&#038;utm_campaign=les_charges_SARL_comment_les_minimiser&#038;utm_id=creation_SARL_blog\">\n\t\t\t\t\t\t<span class=\"elementor-button-content-wrapper\">\n\t\t\t\t\t\t\t\t\t<span class=\"elementor-button-text\">Cr\u00e9ez votre SARL en ligne<\/span>\n\t\t\t\t\t<\/span>\n\t\t\t\t\t<\/a>\n\t\t\t\t<\/div>\n\t\t\t\t\t\t\t\t<\/div>\n\t\t\t\t<\/div>\n\t\t\t\t\t<\/div>\n\t\t\t\t<\/div>\n\t\t\t\t<\/div>\n\t\t","protected":false},"excerpt":{"rendered":"<p>Lorsque vous montez une SARL, il y aura des charges SARL d\u00e8s lors que vous commencerez votre activit\u00e9. La SARL ou soci\u00e9t\u00e9 \u00e0 responsabilit\u00e9 limit\u00e9e est une soci\u00e9t\u00e9 constitu\u00e9e par les apports des associ\u00e9s. Cette soci\u00e9t\u00e9 sera g\u00e9r\u00e9e par un dirigeant appel\u00e9 G\u00e9rant de SARL. Si vous d\u00e9veloppez bien votre activit\u00e9, il faudra payer des&hellip; <a class=\"more-link\" href=\"https:\/\/www.legalvision.fr\/guides-juridiques\/sarl\/quelles-sont-les-charges-d-une-sarl-et-comment-les-minimiser\/\">Poursuivre la lecture <span class=\"screen-reader-text\">Les charges d&rsquo;une SARL : comment les minimiser ? Le guide LegalVision<\/span><\/a><\/p>\n","protected":false},"author":28,"featured_media":23876,"comment_status":"open","ping_status":"open","sticky":false,"template":"","format":"standard","meta":{"content-type":"","inline_featured_image":false,"footnotes":""},"categories":[2497],"tags":[],"class_list":["post-14415","post","type-post","status-publish","format-standard","has-post-thumbnail","hentry","category-sarl","entry"],"yoast_head":"<!-- This site is optimized with the Yoast SEO plugin v27.1.1 - https:\/\/yoast.com\/product\/yoast-seo-wordpress\/ -->\n<title>Charges SARL : savoir les d\u00e9terminer pour mieux les minimiser !<\/title>\n<meta name=\"description\" content=\"Les charges SARL peuvent \u00eatre des charges fiscales, des charges sociales ou des charges d&#039;exploitation. LegalVision vous pr\u00e9sente ces diff\u00e9rentes charges.\" \/>\n<meta name=\"robots\" content=\"index, follow, max-snippet:-1, max-image-preview:large, max-video-preview:-1\" \/>\n<link rel=\"canonical\" href=\"https:\/\/www.legalvision.fr\/guides-juridiques\/sarl\/quelles-sont-les-charges-d-une-sarl-et-comment-les-minimiser\/\" \/>\n<meta property=\"og:locale\" content=\"fr_FR\" \/>\n<meta property=\"og:type\" content=\"article\" \/>\n<meta property=\"og:title\" content=\"Charges SARL : savoir les d\u00e9terminer pour mieux les minimiser !\" \/>\n<meta property=\"og:description\" content=\"Les charges SARL peuvent \u00eatre des charges fiscales, des charges sociales ou des charges d&#039;exploitation. LegalVision vous pr\u00e9sente ces diff\u00e9rentes charges.\" \/>\n<meta property=\"og:url\" content=\"https:\/\/www.legalvision.fr\/guides-juridiques\/sarl\/quelles-sont-les-charges-d-une-sarl-et-comment-les-minimiser\/\" \/>\n<meta property=\"og:site_name\" content=\"Guides juridiques\" \/>\n<meta property=\"article:published_time\" content=\"2019-04-27T06:30:14+00:00\" \/>\n<meta property=\"article:modified_time\" content=\"2023-11-20T15:08:41+00:00\" \/>\n<meta property=\"og:image\" content=\"https:\/\/www.legalvision.fr\/guides-juridiques\/wp-content\/uploads\/2019\/04\/charges-SARL.jpg\" \/>\n\t<meta property=\"og:image:width\" content=\"958\" \/>\n\t<meta property=\"og:image:height\" content=\"350\" \/>\n\t<meta property=\"og:image:type\" content=\"image\/jpeg\" \/>\n<meta name=\"author\" content=\"Joseph Louis\" \/>\n<meta name=\"twitter:card\" content=\"summary_large_image\" \/>\n<meta name=\"twitter:label1\" content=\"\u00c9crit par\" \/>\n\t<meta name=\"twitter:data1\" content=\"Joseph Louis\" \/>\n\t<meta name=\"twitter:label2\" content=\"Dur\u00e9e de lecture estim\u00e9e\" \/>\n\t<meta name=\"twitter:data2\" content=\"10 minutes\" \/>\n<script type=\"application\/ld+json\" class=\"yoast-schema-graph\">{\"@context\":\"https:\/\/schema.org\",\"@graph\":[{\"@type\":\"Article\",\"@id\":\"https:\/\/www.legalvision.fr\/guides-juridiques\/sarl\/quelles-sont-les-charges-d-une-sarl-et-comment-les-minimiser\/#article\",\"isPartOf\":{\"@id\":\"https:\/\/www.legalvision.fr\/guides-juridiques\/sarl\/quelles-sont-les-charges-d-une-sarl-et-comment-les-minimiser\/\"},\"author\":{\"name\":\"Joseph Louis\",\"@id\":\"https:\/\/www.legalvision.fr\/guides-juridiques\/#\/schema\/person\/c454a42bc2a18b5443bc24faa78c5128\"},\"headline\":\"Les charges d&rsquo;une SARL : comment les minimiser ? Le guide LegalVision\",\"datePublished\":\"2019-04-27T06:30:14+00:00\",\"dateModified\":\"2023-11-20T15:08:41+00:00\",\"mainEntityOfPage\":{\"@id\":\"https:\/\/www.legalvision.fr\/guides-juridiques\/sarl\/quelles-sont-les-charges-d-une-sarl-et-comment-les-minimiser\/\"},\"wordCount\":2030,\"commentCount\":4,\"publisher\":{\"@id\":\"https:\/\/www.legalvision.fr\/guides-juridiques\/#organization\"},\"image\":{\"@id\":\"https:\/\/www.legalvision.fr\/guides-juridiques\/sarl\/quelles-sont-les-charges-d-une-sarl-et-comment-les-minimiser\/#primaryimage\"},\"thumbnailUrl\":\"https:\/\/www.legalvision.fr\/guides-juridiques\/wp-content\/uploads\/2019\/04\/charges-SARL.jpg\",\"articleSection\":[\"SARL\"],\"inLanguage\":\"fr-FR\",\"potentialAction\":[{\"@type\":\"CommentAction\",\"name\":\"Comment\",\"target\":[\"https:\/\/www.legalvision.fr\/guides-juridiques\/sarl\/quelles-sont-les-charges-d-une-sarl-et-comment-les-minimiser\/#respond\"]}]},{\"@type\":\"WebPage\",\"@id\":\"https:\/\/www.legalvision.fr\/guides-juridiques\/sarl\/quelles-sont-les-charges-d-une-sarl-et-comment-les-minimiser\/\",\"url\":\"https:\/\/www.legalvision.fr\/guides-juridiques\/sarl\/quelles-sont-les-charges-d-une-sarl-et-comment-les-minimiser\/\",\"name\":\"Charges SARL : savoir les d\u00e9terminer pour mieux les minimiser !\",\"isPartOf\":{\"@id\":\"https:\/\/www.legalvision.fr\/guides-juridiques\/#website\"},\"primaryImageOfPage\":{\"@id\":\"https:\/\/www.legalvision.fr\/guides-juridiques\/sarl\/quelles-sont-les-charges-d-une-sarl-et-comment-les-minimiser\/#primaryimage\"},\"image\":{\"@id\":\"https:\/\/www.legalvision.fr\/guides-juridiques\/sarl\/quelles-sont-les-charges-d-une-sarl-et-comment-les-minimiser\/#primaryimage\"},\"thumbnailUrl\":\"https:\/\/www.legalvision.fr\/guides-juridiques\/wp-content\/uploads\/2019\/04\/charges-SARL.jpg\",\"datePublished\":\"2019-04-27T06:30:14+00:00\",\"dateModified\":\"2023-11-20T15:08:41+00:00\",\"description\":\"Les charges SARL peuvent \u00eatre des charges fiscales, des charges sociales ou des charges d'exploitation. LegalVision vous pr\u00e9sente ces diff\u00e9rentes charges.\",\"breadcrumb\":{\"@id\":\"https:\/\/www.legalvision.fr\/guides-juridiques\/sarl\/quelles-sont-les-charges-d-une-sarl-et-comment-les-minimiser\/#breadcrumb\"},\"inLanguage\":\"fr-FR\",\"potentialAction\":[{\"@type\":\"ReadAction\",\"target\":[\"https:\/\/www.legalvision.fr\/guides-juridiques\/sarl\/quelles-sont-les-charges-d-une-sarl-et-comment-les-minimiser\/\"]}]},{\"@type\":\"ImageObject\",\"inLanguage\":\"fr-FR\",\"@id\":\"https:\/\/www.legalvision.fr\/guides-juridiques\/sarl\/quelles-sont-les-charges-d-une-sarl-et-comment-les-minimiser\/#primaryimage\",\"url\":\"https:\/\/www.legalvision.fr\/guides-juridiques\/wp-content\/uploads\/2019\/04\/charges-SARL.jpg\",\"contentUrl\":\"https:\/\/www.legalvision.fr\/guides-juridiques\/wp-content\/uploads\/2019\/04\/charges-SARL.jpg\",\"width\":958,\"height\":350,\"caption\":\"charges SARL\"},{\"@type\":\"BreadcrumbList\",\"@id\":\"https:\/\/www.legalvision.fr\/guides-juridiques\/sarl\/quelles-sont-les-charges-d-une-sarl-et-comment-les-minimiser\/#breadcrumb\",\"itemListElement\":[{\"@type\":\"ListItem\",\"position\":1,\"name\":\"Accueil\",\"item\":\"https:\/\/www.legalvision.fr\/guides-juridiques\/\"},{\"@type\":\"ListItem\",\"position\":2,\"name\":\"SARL\",\"item\":\"https:\/\/www.legalvision.fr\/guides-juridiques\/sarl\/\"},{\"@type\":\"ListItem\",\"position\":3,\"name\":\"Les charges d&rsquo;une SARL : comment les minimiser ? Le guide LegalVision\"}]},{\"@type\":\"WebSite\",\"@id\":\"https:\/\/www.legalvision.fr\/guides-juridiques\/#website\",\"url\":\"https:\/\/www.legalvision.fr\/guides-juridiques\/\",\"name\":\"Guides juridiques\",\"description\":\"L&#039;information juridique \u00e0 destination des entreprises et TPE\",\"publisher\":{\"@id\":\"https:\/\/www.legalvision.fr\/guides-juridiques\/#organization\"},\"potentialAction\":[{\"@type\":\"SearchAction\",\"target\":{\"@type\":\"EntryPoint\",\"urlTemplate\":\"https:\/\/www.legalvision.fr\/guides-juridiques\/?s={search_term_string}\"},\"query-input\":{\"@type\":\"PropertyValueSpecification\",\"valueRequired\":true,\"valueName\":\"search_term_string\"}}],\"inLanguage\":\"fr-FR\"},{\"@type\":\"Organization\",\"@id\":\"https:\/\/www.legalvision.fr\/guides-juridiques\/#organization\",\"name\":\"Guides juridiques\",\"url\":\"https:\/\/www.legalvision.fr\/guides-juridiques\/\",\"logo\":{\"@type\":\"ImageObject\",\"inLanguage\":\"fr-FR\",\"@id\":\"https:\/\/www.legalvision.fr\/guides-juridiques\/#\/schema\/logo\/image\/\",\"url\":\"https:\/\/www.legalvision.fr\/guides-juridiques\/wp-content\/uploads\/2022\/10\/LV-Logotype.png\",\"contentUrl\":\"https:\/\/www.legalvision.fr\/guides-juridiques\/wp-content\/uploads\/2022\/10\/LV-Logotype.png\",\"width\":647,\"height\":125,\"caption\":\"Guides juridiques\"},\"image\":{\"@id\":\"https:\/\/www.legalvision.fr\/guides-juridiques\/#\/schema\/logo\/image\/\"}},{\"@type\":\"Person\",\"@id\":\"https:\/\/www.legalvision.fr\/guides-juridiques\/#\/schema\/person\/c454a42bc2a18b5443bc24faa78c5128\",\"name\":\"Joseph Louis\",\"image\":{\"@type\":\"ImageObject\",\"inLanguage\":\"fr-FR\",\"@id\":\"https:\/\/www.legalvision.fr\/guides-juridiques\/#\/schema\/person\/image\/\",\"url\":\"https:\/\/www.legalvision.fr\/guides-juridiques\/wp-content\/uploads\/2023\/07\/cropped-homme7-96x96.png\",\"contentUrl\":\"https:\/\/www.legalvision.fr\/guides-juridiques\/wp-content\/uploads\/2023\/07\/cropped-homme7-96x96.png\",\"caption\":\"Joseph Louis\"},\"description\":\"Joseph est Juriste au sein de LegalVision. Titulaire d'un Master 2 Droit Bancaire et Financier au sein de l'Universit\u00e9 Jean Moulin Lyon 3, le monde des start-up et de la finance le passionne.\",\"url\":\"https:\/\/www.legalvision.fr\/guides-juridiques\/author\/joseph-louis\/\"}]}<\/script>\n<!-- \/ Yoast SEO plugin. -->","yoast_head_json":{"title":"Charges SARL : savoir les d\u00e9terminer pour mieux les minimiser !","description":"Les charges SARL peuvent \u00eatre des charges fiscales, des charges sociales ou des charges d'exploitation. LegalVision vous pr\u00e9sente ces diff\u00e9rentes charges.","robots":{"index":"index","follow":"follow","max-snippet":"max-snippet:-1","max-image-preview":"max-image-preview:large","max-video-preview":"max-video-preview:-1"},"canonical":"https:\/\/www.legalvision.fr\/guides-juridiques\/sarl\/quelles-sont-les-charges-d-une-sarl-et-comment-les-minimiser\/","og_locale":"fr_FR","og_type":"article","og_title":"Charges SARL : savoir les d\u00e9terminer pour mieux les minimiser !","og_description":"Les charges SARL peuvent \u00eatre des charges fiscales, des charges sociales ou des charges d'exploitation. LegalVision vous pr\u00e9sente ces diff\u00e9rentes charges.","og_url":"https:\/\/www.legalvision.fr\/guides-juridiques\/sarl\/quelles-sont-les-charges-d-une-sarl-et-comment-les-minimiser\/","og_site_name":"Guides juridiques","article_published_time":"2019-04-27T06:30:14+00:00","article_modified_time":"2023-11-20T15:08:41+00:00","og_image":[{"width":958,"height":350,"url":"https:\/\/www.legalvision.fr\/guides-juridiques\/wp-content\/uploads\/2019\/04\/charges-SARL.jpg","type":"image\/jpeg"}],"author":"Joseph Louis","twitter_card":"summary_large_image","twitter_misc":{"\u00c9crit par":"Joseph Louis","Dur\u00e9e de lecture estim\u00e9e":"10 minutes"},"schema":{"@context":"https:\/\/schema.org","@graph":[{"@type":"Article","@id":"https:\/\/www.legalvision.fr\/guides-juridiques\/sarl\/quelles-sont-les-charges-d-une-sarl-et-comment-les-minimiser\/#article","isPartOf":{"@id":"https:\/\/www.legalvision.fr\/guides-juridiques\/sarl\/quelles-sont-les-charges-d-une-sarl-et-comment-les-minimiser\/"},"author":{"name":"Joseph Louis","@id":"https:\/\/www.legalvision.fr\/guides-juridiques\/#\/schema\/person\/c454a42bc2a18b5443bc24faa78c5128"},"headline":"Les charges d&rsquo;une SARL : comment les minimiser ? Le guide LegalVision","datePublished":"2019-04-27T06:30:14+00:00","dateModified":"2023-11-20T15:08:41+00:00","mainEntityOfPage":{"@id":"https:\/\/www.legalvision.fr\/guides-juridiques\/sarl\/quelles-sont-les-charges-d-une-sarl-et-comment-les-minimiser\/"},"wordCount":2030,"commentCount":4,"publisher":{"@id":"https:\/\/www.legalvision.fr\/guides-juridiques\/#organization"},"image":{"@id":"https:\/\/www.legalvision.fr\/guides-juridiques\/sarl\/quelles-sont-les-charges-d-une-sarl-et-comment-les-minimiser\/#primaryimage"},"thumbnailUrl":"https:\/\/www.legalvision.fr\/guides-juridiques\/wp-content\/uploads\/2019\/04\/charges-SARL.jpg","articleSection":["SARL"],"inLanguage":"fr-FR","potentialAction":[{"@type":"CommentAction","name":"Comment","target":["https:\/\/www.legalvision.fr\/guides-juridiques\/sarl\/quelles-sont-les-charges-d-une-sarl-et-comment-les-minimiser\/#respond"]}]},{"@type":"WebPage","@id":"https:\/\/www.legalvision.fr\/guides-juridiques\/sarl\/quelles-sont-les-charges-d-une-sarl-et-comment-les-minimiser\/","url":"https:\/\/www.legalvision.fr\/guides-juridiques\/sarl\/quelles-sont-les-charges-d-une-sarl-et-comment-les-minimiser\/","name":"Charges SARL : savoir les d\u00e9terminer pour mieux les minimiser !","isPartOf":{"@id":"https:\/\/www.legalvision.fr\/guides-juridiques\/#website"},"primaryImageOfPage":{"@id":"https:\/\/www.legalvision.fr\/guides-juridiques\/sarl\/quelles-sont-les-charges-d-une-sarl-et-comment-les-minimiser\/#primaryimage"},"image":{"@id":"https:\/\/www.legalvision.fr\/guides-juridiques\/sarl\/quelles-sont-les-charges-d-une-sarl-et-comment-les-minimiser\/#primaryimage"},"thumbnailUrl":"https:\/\/www.legalvision.fr\/guides-juridiques\/wp-content\/uploads\/2019\/04\/charges-SARL.jpg","datePublished":"2019-04-27T06:30:14+00:00","dateModified":"2023-11-20T15:08:41+00:00","description":"Les charges SARL peuvent \u00eatre des charges fiscales, des charges sociales ou des charges d'exploitation. LegalVision vous pr\u00e9sente ces diff\u00e9rentes charges.","breadcrumb":{"@id":"https:\/\/www.legalvision.fr\/guides-juridiques\/sarl\/quelles-sont-les-charges-d-une-sarl-et-comment-les-minimiser\/#breadcrumb"},"inLanguage":"fr-FR","potentialAction":[{"@type":"ReadAction","target":["https:\/\/www.legalvision.fr\/guides-juridiques\/sarl\/quelles-sont-les-charges-d-une-sarl-et-comment-les-minimiser\/"]}]},{"@type":"ImageObject","inLanguage":"fr-FR","@id":"https:\/\/www.legalvision.fr\/guides-juridiques\/sarl\/quelles-sont-les-charges-d-une-sarl-et-comment-les-minimiser\/#primaryimage","url":"https:\/\/www.legalvision.fr\/guides-juridiques\/wp-content\/uploads\/2019\/04\/charges-SARL.jpg","contentUrl":"https:\/\/www.legalvision.fr\/guides-juridiques\/wp-content\/uploads\/2019\/04\/charges-SARL.jpg","width":958,"height":350,"caption":"charges SARL"},{"@type":"BreadcrumbList","@id":"https:\/\/www.legalvision.fr\/guides-juridiques\/sarl\/quelles-sont-les-charges-d-une-sarl-et-comment-les-minimiser\/#breadcrumb","itemListElement":[{"@type":"ListItem","position":1,"name":"Accueil","item":"https:\/\/www.legalvision.fr\/guides-juridiques\/"},{"@type":"ListItem","position":2,"name":"SARL","item":"https:\/\/www.legalvision.fr\/guides-juridiques\/sarl\/"},{"@type":"ListItem","position":3,"name":"Les charges d&rsquo;une SARL : comment les minimiser ? Le guide LegalVision"}]},{"@type":"WebSite","@id":"https:\/\/www.legalvision.fr\/guides-juridiques\/#website","url":"https:\/\/www.legalvision.fr\/guides-juridiques\/","name":"Guides juridiques","description":"L&#039;information juridique \u00e0 destination des entreprises et TPE","publisher":{"@id":"https:\/\/www.legalvision.fr\/guides-juridiques\/#organization"},"potentialAction":[{"@type":"SearchAction","target":{"@type":"EntryPoint","urlTemplate":"https:\/\/www.legalvision.fr\/guides-juridiques\/?s={search_term_string}"},"query-input":{"@type":"PropertyValueSpecification","valueRequired":true,"valueName":"search_term_string"}}],"inLanguage":"fr-FR"},{"@type":"Organization","@id":"https:\/\/www.legalvision.fr\/guides-juridiques\/#organization","name":"Guides juridiques","url":"https:\/\/www.legalvision.fr\/guides-juridiques\/","logo":{"@type":"ImageObject","inLanguage":"fr-FR","@id":"https:\/\/www.legalvision.fr\/guides-juridiques\/#\/schema\/logo\/image\/","url":"https:\/\/www.legalvision.fr\/guides-juridiques\/wp-content\/uploads\/2022\/10\/LV-Logotype.png","contentUrl":"https:\/\/www.legalvision.fr\/guides-juridiques\/wp-content\/uploads\/2022\/10\/LV-Logotype.png","width":647,"height":125,"caption":"Guides juridiques"},"image":{"@id":"https:\/\/www.legalvision.fr\/guides-juridiques\/#\/schema\/logo\/image\/"}},{"@type":"Person","@id":"https:\/\/www.legalvision.fr\/guides-juridiques\/#\/schema\/person\/c454a42bc2a18b5443bc24faa78c5128","name":"Joseph Louis","image":{"@type":"ImageObject","inLanguage":"fr-FR","@id":"https:\/\/www.legalvision.fr\/guides-juridiques\/#\/schema\/person\/image\/","url":"https:\/\/www.legalvision.fr\/guides-juridiques\/wp-content\/uploads\/2023\/07\/cropped-homme7-96x96.png","contentUrl":"https:\/\/www.legalvision.fr\/guides-juridiques\/wp-content\/uploads\/2023\/07\/cropped-homme7-96x96.png","caption":"Joseph Louis"},"description":"Joseph est Juriste au sein de LegalVision. Titulaire d'un Master 2 Droit Bancaire et Financier au sein de l'Universit\u00e9 Jean Moulin Lyon 3, le monde des start-up et de la finance le passionne.","url":"https:\/\/www.legalvision.fr\/guides-juridiques\/author\/joseph-louis\/"}]}},"_links":{"self":[{"href":"https:\/\/www.legalvision.fr\/guides-juridiques\/wp-json\/wp\/v2\/posts\/14415","targetHints":{"allow":["GET"]}}],"collection":[{"href":"https:\/\/www.legalvision.fr\/guides-juridiques\/wp-json\/wp\/v2\/posts"}],"about":[{"href":"https:\/\/www.legalvision.fr\/guides-juridiques\/wp-json\/wp\/v2\/types\/post"}],"author":[{"embeddable":true,"href":"https:\/\/www.legalvision.fr\/guides-juridiques\/wp-json\/wp\/v2\/users\/28"}],"replies":[{"embeddable":true,"href":"https:\/\/www.legalvision.fr\/guides-juridiques\/wp-json\/wp\/v2\/comments?post=14415"}],"version-history":[{"count":18,"href":"https:\/\/www.legalvision.fr\/guides-juridiques\/wp-json\/wp\/v2\/posts\/14415\/revisions"}],"predecessor-version":[{"id":42077,"href":"https:\/\/www.legalvision.fr\/guides-juridiques\/wp-json\/wp\/v2\/posts\/14415\/revisions\/42077"}],"wp:featuredmedia":[{"embeddable":true,"href":"https:\/\/www.legalvision.fr\/guides-juridiques\/wp-json\/wp\/v2\/media\/23876"}],"wp:attachment":[{"href":"https:\/\/www.legalvision.fr\/guides-juridiques\/wp-json\/wp\/v2\/media?parent=14415"}],"wp:term":[{"taxonomy":"category","embeddable":true,"href":"https:\/\/www.legalvision.fr\/guides-juridiques\/wp-json\/wp\/v2\/categories?post=14415"},{"taxonomy":"post_tag","embeddable":true,"href":"https:\/\/www.legalvision.fr\/guides-juridiques\/wp-json\/wp\/v2\/tags?post=14415"}],"curies":[{"name":"wp","href":"https:\/\/api.w.org\/{rel}","templated":true}]}}