{"id":14102,"date":"2019-05-02T07:30:34","date_gmt":"2019-05-02T06:30:34","guid":{"rendered":"https:\/\/blog.legalvision.fr\/?p=14102"},"modified":"2022-03-27T21:20:57","modified_gmt":"2022-03-27T19:20:57","slug":"statut-du-dirigeant-de-sas-les-responsabilites-et-risques","status":"publish","type":"post","link":"https:\/\/www.legalvision.fr\/guides-juridiques\/sas\/statut-du-dirigeant-de-sas-les-responsabilites-et-risques\/","title":{"rendered":"Statut du dirigeant de SAS : comment optimiser vos charges sociales et fiscales ?"},"content":{"rendered":"<p><html><body><br \/>\n<span class=\"il\"><strong>Quel est le statut du dirigeant de SAS ?<\/strong>\u00a0Dans une <a href=\"https:\/\/blog.legalvision.fr\/2018\/05\/23\/statut-sas\/\">soci\u00e9t\u00e9 par actions simplifi\u00e9e (SAS)<\/a>, le dirigeant est en principe le <strong>pr\u00e9sident de SAS<\/strong>. N\u00e9anmoins, il est possible en SAS de cr\u00e9er d&rsquo;autres organes de direction que le pr\u00e9sident de SAS. Aussi, vous pourrez cr\u00e9er des directeurs g\u00e9n\u00e9raux, des directeurs g\u00e9n\u00e9raux d\u00e9l\u00e9gu\u00e9s, un conseil d&rsquo;administration ou encore un pr\u00e9sident du conseil d&rsquo;administration.\u00a0<\/span><\/p>\n<p><a href=\"https:\/\/blog.legalvision.fr\/2019\/02\/14\/optimisation-remuneration-president-sasu-tous-les-conseils-des-experts\/\">La r\u00e9mun\u00e9ration du pr\u00e9sident de SASU<\/a> ou de SAS en tant que dirigeant est \u00e0 distinguer de la r\u00e9mun\u00e9ration du dirigeant associ\u00e9 par le biais de <strong>dividendes<\/strong>. En effet, le dirigeant est r\u00e9mun\u00e9r\u00e9 pour les <strong>fonctions de gestion et de direction de la soci\u00e9t\u00e9<\/strong> et il est aussi r\u00e9mun\u00e9r\u00e9 par des dividendes s&rsquo;il est associ\u00e9 de la SAS.<\/p>\n<p>Nous allons voir <strong>les conditions de nomination et de changement<\/strong> du dirigeant, puis\u00a0<strong>le statut social<\/strong>\u00a0du dirigeant de SAS et son statut fiscal, pour enfin voir <strong>comment optimiser\u00a0sa r\u00e9mun\u00e9ration<\/strong>. Ainsi, vous saurez tout sur le\u00a0statut du dirigeant de SAS.<\/p>\n<h3>Sommaire\u00a0 :<\/h3>\n<p><strong><a href=\"#I\">I\/ Statut du dirigeant de SAS : nomination et changement<\/a><\/strong><br \/>\n<strong> <a href=\"#II\">II\/ Statut social du dirigeant de SAS et statut fiscal du dirigeant de SAS<\/a><\/strong><br \/>\n<strong> <a href=\"#III\">III\/ Statut du dirigeant de SAS : l\u2019optimisation fiscale et sociale<\/a><\/strong><\/p>\n<h2 id=\"I\">I\/ Statut du dirigeant de\u00a0SAS : nomination et changement<\/h2>\n<h3>A) Nomination du dirigeant lors de la cr\u00e9ation de SAS<\/h3>\n<p>Il y a plusieurs dirigeants de SAS :<\/p>\n<ul>\n<li>Le pr\u00e9sident de SAS (obligatoire),<\/li>\n<li>Directeurs g\u00e9n\u00e9raux, directeurs g\u00e9n\u00e9raux d\u00e9l\u00e9gu\u00e9s (facultatif),<\/li>\n<li>Pr\u00e9sident du conseil d&rsquo;administration, administrateurs (facultatif).<\/li>\n<\/ul>\n<p>D\u00e8s <a href=\"https:\/\/blog.legalvision.fr\/2018\/06\/14\/creation-d-une-sas\/\">la cr\u00e9ation de la SAS<\/a>, un <strong>pr\u00e9sident de SAS est obligatoirement nomm\u00e9<\/strong>. En effet, une SAS ne peut \u00eatre cr\u00e9\u00e9e sans pr\u00e9sident. Les autre organes de direction pourront \u00eatre nomm\u00e9s aussi au moment de la cr\u00e9ation si les statuts le pr\u00e9voit.<\/p>\n<p>Au niveau des formalit\u00e9s, il faudra donc <a href=\"https:\/\/blog.legalvision.fr\/2018\/04\/28\/redaction-des-statuts-dune-societe\/\"><strong>r\u00e9diger des statuts<\/strong><\/a>. Dans ces statuts, il faudra pr\u00e9voir un ou des articles d\u00e9terminant les pouvoirs des autre organes de direction, le partage des pouvoir avec les autres organes, leurs modalit\u00e9s de nomination et \u00e9ventuellement leur r\u00e9mun\u00e9ration. LegalVision vous accompagne pour la <a href=\"https:\/\/www.legalvision.fr\/nomination-president-sas\/\">nomination du pr\u00e9sident de votre SAS<\/a>.<\/p>\n<h3>B) Changement de dirigeant en cours de vie sociale<\/h3>\n<p>En cours de vie sociale, les actionnaires peuvent d\u00e9cider de <a href=\"https:\/\/www.legalvision.fr\/modification-statuts\/changement-president-sas\/\"><strong>changer de dirigeant de SAS<\/strong><\/a>. Pour cela, il faudra se r\u00e9f\u00e9rer aux statuts pour conna\u00eetre les modalit\u00e9s de <strong>r\u00e9vocation<\/strong>. En g\u00e9n\u00e9ral, les statuts pr\u00e9voient que le pr\u00e9sident de SAS pourra\u00a0\u00eatre r\u00e9voqu\u00e9 par l&rsquo;assembl\u00e9e g\u00e9n\u00e9rale des associ\u00e9s \u00e0 la majorit\u00e9 simple, mais ce n&rsquo;est pas toujours le cas.<\/p>\n<p>Le changement de pr\u00e9sident de SAS <strong>implique 2 \u00e9tapes<\/strong>\u00a0:<\/p>\n<ul>\n<li>\n<a href=\"https:\/\/www.legalvision.fr\/modification-statuts\/revocation-du-dirigeant\/\">La r\u00e9vocation<\/a> de l&rsquo;ancien pr\u00e9sident de SAS,<\/li>\n<li>La nomination d&rsquo;un nouveau pr\u00e9sident de SAS.<\/li>\n<\/ul>\n<p>En revanche vous pouvez tr\u00e8s bien ajouter des directeurs g\u00e9n\u00e9raux ou des administrateurs sans r\u00e9voquer les anciens.<\/p>\n<p><strong>Au niveau des formalit\u00e9s<\/strong> il faudra r\u00e9diger et <a href=\"https:\/\/blog.legalvision.fr\/2018\/03\/07\/publication-annonce-legale\/\">publier une annonce l\u00e9gale<\/a> indiquant que vous souhaitez changer de dirigeant. Ensuite, il faudra d\u00e9poser le dossier au greffe du tribunal de commerce comp\u00e9tent. Pour trouver le greffe comp\u00e9tent il suffit d&rsquo;indique le lieu du si\u00e8ge social de votre entreprise <a href=\"https:\/\/www.infogreffe.fr\/recherche-greffe-tribunal\/chercher-greffe-tribunal-de-commerce.html\">ici<\/a>.<\/p>\n<p>Le dossier d\u00e9pos\u00e9 au greffe devra contenir :<\/p>\n<ul>\n<li>Un PV d&rsquo;assembl\u00e9e g\u00e9n\u00e9rale de changement de dirigeant,<\/li>\n<li>Les statuts modifi\u00e9s,<\/li>\n<li>Une copie de la pi\u00e8ce d&rsquo;identit\u00e9,<\/li>\n<li>Une <a href=\"https:\/\/blog.legalvision.fr\/2019\/02\/02\/declaration-de-non-condamnation-l-obtenir-en-ligne\/\">d\u00e9claration de non condamnation et de filiation<\/a>.<\/li>\n<\/ul>\n<p><!--HubSpot Call-to-Action Code --><\/p>\n<h2 id=\"II\">II\/ Statut social du dirigeant de SAS et statut fiscal du dirigeant de SAS<\/h2>\n<h3>A) Statut social du dirigeant de SAS : les charges sociales<\/h3>\n<p>Les charges sociales sont toutes les cotisations sociales que doivent payer les dirigeants de SAS. <a href=\"https:\/\/blog.legalvision.fr\/2019\/02\/19\/quelles-sont-les-charges-d-une-sasu-et-comment-les-minimiser\/\">Les charges SASU<\/a> ou les charges en SAS seront les m\u00eames.<\/p>\n<p>Le r\u00e9gime social dirigeant SAS est celui<strong><a href=\"https:\/\/www.legifrance.gouv.fr\/affichCodeArticle.do?idArticle=LEGIARTI000029961497&amp;cidTexte=LEGITEXT000006073189\"> des assimil\u00e9s salari\u00e9s<\/a>.<\/strong> Les assimil\u00e9s salari\u00e9s cotisent comme des salari\u00e9s, \u00e0 l&rsquo;exception de l&rsquo;assurance ch\u00f4mage \u00e0 laquelle ils ne sont pas affili\u00e9s. Il n&rsquo;y a donc ni\u00a0cotisation ch\u00f4mage dirigeant SAS, ni assurance ch\u00f4mage dirigeant SAS. Le montant total des charges sociales du pr\u00e9sident de SAS est d&rsquo;environ <strong>80%<\/strong> du total de sa r\u00e9mun\u00e9ration.<\/p>\n<p><em><strong>Exemple<\/strong>\u00a0: si la SAS d\u00e9cide de verser une r\u00e9mun\u00e9ration de 10 000\u20ac au pr\u00e9sident de SAS, la SAS devra verser en tout environ 18 000\u20ac.\u00a0<\/em><\/p>\n<p>Il vous sera bien s\u00fbr possible de prendre une mutuelle\u00a0pour vous couvrir autant voir plus qu&rsquo;un salari\u00e9.<\/p>\n<h3>B) Statut du dirigeant de SAS : les charges fiscales pour les dividendes<\/h3>\n<p>Au niveau fiscal,\u00a0<strong>la SAS\u00a0est en principe soumise\u00a0\u00e0 l&rsquo;imp\u00f4t sur les soci\u00e9t\u00e9s (IS)<\/strong>. Dans ce cas, il y aura une double imposition. Les b\u00e9n\u00e9fices de la soci\u00e9t\u00e9 seront impos\u00e9s au niveau de la SAS, puis il y aura une autre imposition au niveau du versement des dividendes.<\/p>\n<p>Le<a href=\"https:\/\/www.service-public.fr\/professionnels-entreprises\/vosdroits\/F23575\"> taux de l&rsquo;IS<\/a> est le suivant :<\/p>\n<ul>\n<li>15% pour les b\u00e9n\u00e9fices allant de 0 \u00e0 38 120 Euros,<\/li>\n<li>28% pour les b\u00e9n\u00e9fices allant de 38 120 \u00e0 500 000 Euros,<\/li>\n<li>31% (au lieu de 33,1\/3 l\u2019ann\u00e9e pr\u00e9c\u00e9dente) pour les b\u00e9n\u00e9fices sup\u00e9rieur \u00e0 500 000 euros.<\/li>\n<\/ul>\n<p>Ensuite lors du versement de dividendes, vos dividendes seront impos\u00e9s \u00e0 la <a href=\"https:\/\/blog.legalvision.fr\/2019\/01\/23\/tout-savoir-sur-la-flat-tax\/\">flat tax<\/a> \u00e0 un taux total de<strong> 30%<\/strong>. Ce taux correspond \u00e0 12,8% d\u2019imp\u00f4t sur le revenu et 17,2% de cotisations sociales.<\/p>\n<p>En revanche, <strong>si la SAS a opt\u00e9 pour l&rsquo;imp\u00f4t sur le revenu (IR),<\/strong>\u00a0ce qui n&rsquo;est possible que sous certaines conditions et pendant 5 ans maximum, il n&rsquo;y aura pas de double imposition (pas d\u2019imp\u00f4t sur les soci\u00e9t\u00e9s).<\/p>\n<p>Les dividendes seront impos\u00e9s le plus souvent dans la case des <a href=\"https:\/\/www.economie.gouv.fr\/entreprises\/impot-sur-revenu-bic-bnc\">BIC ou BNC<\/a> (b\u00e9n\u00e9fices industriels et commerciaux ou b\u00e9n\u00e9fices non commerciaux) selon l&rsquo;activit\u00e9 de la soci\u00e9t\u00e9. Ils seront soumis au bar\u00e8me progressif de l&rsquo;imp\u00f4t sur le revenu.<\/p>\n<h3>C) Statut du dirigeant de SAS : les charges fiscales pour sa r\u00e9mun\u00e9ration<\/h3>\n<p>La r\u00e9mun\u00e9ration du pr\u00e9sident de SAS sera impos\u00e9e dans la cat\u00e9gorie des traitements et salaires. Ainsi, le statut du dirigeant de SAS lui permet de d\u00e9duire ses frais professionnels.<\/p>\n<p>Il y a deux fa\u00e7ons de d\u00e9duire <strong>ses frais professionnels<\/strong> :<\/p>\n<ul>\n<li>Soit il opte pour le r\u00e9gime forfaitaire, et il b\u00e9n\u00e9ficie d&rsquo;une <a href=\"https:\/\/www.legifrance.gouv.fr\/affichCodeArticle.do;jsessionid=8B94178EA5654F1D6A81A0A4F3098BE3.tplgfr21s_1?idArticle=LEGIARTI000037985819&amp;cidTexte=LEGITEXT000006069577&amp;dateTexte=20190430\">d\u00e9duction de <strong>10%<\/strong> de sa r\u00e9mun\u00e9ration<\/a>,<\/li>\n<li>Soit il opte pour le r\u00e9gime des charges r\u00e9elles, et il b\u00e9n\u00e9ficie d&rsquo;une d\u00e9duction r\u00e9elle de ses charges.<\/li>\n<\/ul>\n<p>Le probl\u00e8me de la d\u00e9duction forfaitaire r\u00e9side dans le fait que vous ne pourrez pas d\u00e9duire vos charges r\u00e9elles. Si vos charges r\u00e9elle sont sup\u00e9rieures \u00e0 10% de votre r\u00e9mun\u00e9ration, vous y perdrez.<\/p>\n<h2 id=\"III\">III\/ Statut du dirigeant de SAS : l\u2019optimisation fiscale et sociale<\/h2>\n<h3>A) L&rsquo;ACRE : une exon\u00e9ration temporaire de cotisations sociales<\/h3>\n<p>Qu&rsquo;est ce que l&rsquo;ACRE ? L&rsquo;<a href=\"https:\/\/blog.legalvision.fr\/2018\/02\/01\/extension-du-dispositif-accre\/\"><strong>ACRE ou\u00a0aide aux cr\u00e9ateurs et repreneurs d&rsquo;entreprise<\/strong><\/a> permet aux cr\u00e9ateurs d&rsquo;entreprise (et donc aux cr\u00e9ateurs de SAS) de b\u00e9n\u00e9ficier d&rsquo;une exon\u00e9ration de certaines cotisations sociales.<\/p>\n<p><strong>Les conditions forme<\/strong>\u00a0et de fond de la demande d&rsquo;ACRE ont \u00e9volu\u00e9\u00a0au\u00a0<strong>1er janvier 2019<\/strong>. Avant, il fallait que vous fassiez une demande sp\u00e9cifique d&rsquo;ACRE. Depuis le 1er janvier 2019, vous avez simplement \u00e0 cr\u00e9er votre soci\u00e9t\u00e9 et l&rsquo;Urssaf\u00a0vous attribue automatiquement l&rsquo;ACRE.<\/p>\n<p>Au niveau <strong>des conditions de fond<\/strong>, avant 2019 il fallait remplir certaines conditions bien pr\u00e9cises pour l&rsquo;obtenir. Mais depuis 2019 l&rsquo;ACRE est possible pour tous cr\u00e9ateurs d&rsquo;entreprise.<\/p>\n<p>N\u00e9anmoins, l&rsquo;exon\u00e9ration est soumise \u00e0 une condition de ressources :<\/p>\n<ul>\n<li>Si le revenu professionnel\u00a0est inf\u00e9rieur \u00e0\u00a0<b>30 393\u00a0\u20ac,\u00a0<\/b>l\u2019exon\u00e9ration<b>\u00a0<\/b>est totale.<\/li>\n<li>Si le revenu professionnel\u00a0est\u00a0de <strong>30 393\u20ac \u00e0 40 524\u20ac,<\/strong> l\u2019exon\u00e9ration est partielle.<\/li>\n<li>Et enfin\u00a0si le revenu professionnel est sup\u00e9rieur\u00a0\u00e0 <strong>40 524\u20ac,<\/strong> il n&rsquo;y a aucune exon\u00e9ration.<\/li>\n<\/ul>\n<p>Ces 40 524\u20ac correspondent au <a href=\"https:\/\/www.service-public.fr\/professionnels-entreprises\/actualites\/A13109\">Plafond annuel de la s\u00e9curit\u00e9 sociale<\/a> (ou PASS). Ce plafond est rehauss\u00e9 ou amoindri chaque ann\u00e9e.<\/p>\n<p>De plus, il ne faut pas avoir d\u00e9j\u00e0 b\u00e9n\u00e9fici\u00e9 de l&rsquo;ACRE au cours des 3 ann\u00e9es pr\u00e9c\u00e9dentes, et d\u00e9tenir effectivement la soci\u00e9t\u00e9 cr\u00e9\u00e9e.<\/p>\n<p><strong>Attention<\/strong> : L\u2019exon\u00e9ration de cotisations sociales ne sera possible <b>que pour\u00a0la premi\u00e8re\u00a0ann\u00e9e<\/b> de cr\u00e9ation de l&rsquo;entreprise. L&rsquo;ann\u00e9e suivante, toutes les cotisations devront \u00eatre pay\u00e9es.<\/p>\n<h3>B)\u00a0Garder vos\u00a0allocations ch\u00f4mage tout en cr\u00e9ant votre SAS.<\/h3>\n<p>Si vous \u00eates au ch\u00f4mage ou que vous allez \u00eatre au ch\u00f4mage, vous pourrez b\u00e9n\u00e9ficier sous certaines conditions de <strong>l&rsquo;ARE<\/strong> (Aide au retour \u00e0 l&#8217;emploi). Parfois, vous pouvez souhaiter avoir un revenu compl\u00e9mentaire.\u00a0Le <a href=\"https:\/\/blog.legalvision.fr\/2019\/01\/23\/are-et-creation-entreprise-comment-ca-marche\/\">maintien de l&rsquo;ARE<\/a> va \u00eatre possible si vous cr\u00e9ez une SAS.<\/p>\n<p>Si vous vous versez une r\u00e9mun\u00e9ration, plus vous recevrez de r\u00e9mun\u00e9ration moins vous pourrez obtenir d&rsquo;allocations ch\u00f4mage. La solution sera alors de ne pas vous verser de r\u00e9mun\u00e9ration mais de vous verser des dividendes.<\/p>\n<p>Si vous combinez allocation ch\u00f4mage et dividendes, le montant des dividendes ne se d\u00e9duira pas de vos allocations ch\u00f4mages. N\u00e9anmoins, il faudra que vous signiez un PV de non r\u00e9mun\u00e9ration de dirigeant. Mais gr\u00e2ce \u00e0 cette m\u00e9thode, vous pourrez percevoir <strong>100% de vos ARE<\/strong> tout en percevant une r\u00e9mun\u00e9ration compl\u00e9mentaire du fait des dividendes.<\/p>\n<p>D\u00e9sormais, vous d\u00e9tenez toutes les informations sur le statut de dirigeant de SAS. Il est temps de\u00a0<a href=\"https:\/\/www.legalvision.fr\/creation-dentreprise\/creer-une-sas\/\">cr\u00e9er votre SAS<\/a> avec LegalVision !<br \/>\n<!-- end HubSpot Call-to-Action Code --><\/p>\n<p><\/body><\/html><!--tag_auto_button_lead_legalvision--><a href=\"https:\/\/www.legalvision.fr\/tous-les-services\/?utm_source=blog&#038;utm_campaign=statut-du-dirigeant-de-sas-les-responsabilites-et-risques\" class=\"tag_auto_button_lead_legalvision\"><button style=\"background-color:#32c3bf;width:100%;\">Cr\u00e9ez votre SAS avec Legalvision !<\/button><\/a><!--tag_auto_button_lead_legalvision--><\/p>\n","protected":false},"excerpt":{"rendered":"<p>Quel est le statut du dirigeant de SAS ?\u00a0Dans une soci\u00e9t\u00e9 par actions simplifi\u00e9e (SAS), le dirigeant est en principe le pr\u00e9sident de SAS. N\u00e9anmoins, il est possible en SAS de cr\u00e9er d&rsquo;autres organes de direction que le pr\u00e9sident de SAS. Aussi, vous pourrez cr\u00e9er des directeurs g\u00e9n\u00e9raux, des directeurs g\u00e9n\u00e9raux d\u00e9l\u00e9gu\u00e9s, un conseil d&rsquo;administration&hellip; <a class=\"more-link\" href=\"https:\/\/www.legalvision.fr\/guides-juridiques\/sas\/statut-du-dirigeant-de-sas-les-responsabilites-et-risques\/\">Poursuivre la lecture <span class=\"screen-reader-text\">Statut du dirigeant de SAS : comment optimiser vos charges sociales et fiscales ?<\/span><\/a><\/p>\n","protected":false},"author":28,"featured_media":24789,"comment_status":"open","ping_status":"open","sticky":false,"template":"","format":"standard","meta":{"content-type":"","inline_featured_image":false,"footnotes":""},"categories":[2498],"tags":[],"class_list":["post-14102","post","type-post","status-publish","format-standard","has-post-thumbnail","hentry","category-sas","entry"],"yoast_head":"<!-- This site is optimized with the Yoast SEO plugin v27.1.1 - https:\/\/yoast.com\/product\/yoast-seo-wordpress\/ -->\n<title>Statut du dirigeant de SAS : optimisez vos charges !<\/title>\n<meta name=\"description\" content=\"Le statut du dirigeant de SAS implique des charges sociales et fiscales sp\u00e9cifiques, nous verrons comment les optimiser !\" \/>\n<meta name=\"robots\" content=\"index, follow, max-snippet:-1, max-image-preview:large, max-video-preview:-1\" \/>\n<link rel=\"canonical\" href=\"https:\/\/www.legalvision.fr\/guides-juridiques\/sas\/statut-du-dirigeant-de-sas-les-responsabilites-et-risques\/\" \/>\n<meta property=\"og:locale\" content=\"fr_FR\" \/>\n<meta property=\"og:type\" content=\"article\" \/>\n<meta property=\"og:title\" content=\"Statut du dirigeant de SAS : optimisez vos charges !\" \/>\n<meta property=\"og:description\" content=\"Le statut du dirigeant de SAS implique des charges sociales et fiscales sp\u00e9cifiques, nous verrons comment les optimiser !\" \/>\n<meta property=\"og:url\" content=\"https:\/\/www.legalvision.fr\/guides-juridiques\/sas\/statut-du-dirigeant-de-sas-les-responsabilites-et-risques\/\" \/>\n<meta property=\"og:site_name\" content=\"Guides juridiques\" \/>\n<meta property=\"article:published_time\" content=\"2019-05-02T06:30:34+00:00\" \/>\n<meta property=\"article:modified_time\" content=\"2022-03-27T19:20:57+00:00\" \/>\n<meta property=\"og:image\" content=\"https:\/\/www.legalvision.fr\/guides-juridiques\/wp-content\/uploads\/2019\/05\/statut-du-dirigeant-de-SAS.jpg\" \/>\n\t<meta property=\"og:image:width\" content=\"958\" \/>\n\t<meta property=\"og:image:height\" content=\"350\" \/>\n\t<meta property=\"og:image:type\" content=\"image\/jpeg\" \/>\n<meta name=\"author\" content=\"Joseph Louis\" \/>\n<meta name=\"twitter:card\" content=\"summary_large_image\" \/>\n<meta name=\"twitter:label1\" content=\"\u00c9crit par\" \/>\n\t<meta name=\"twitter:data1\" content=\"Joseph Louis\" \/>\n\t<meta name=\"twitter:label2\" content=\"Dur\u00e9e de lecture estim\u00e9e\" \/>\n\t<meta name=\"twitter:data2\" content=\"8 minutes\" \/>\n<script type=\"application\/ld+json\" class=\"yoast-schema-graph\">{\"@context\":\"https:\/\/schema.org\",\"@graph\":[{\"@type\":\"Article\",\"@id\":\"https:\/\/www.legalvision.fr\/guides-juridiques\/sas\/statut-du-dirigeant-de-sas-les-responsabilites-et-risques\/#article\",\"isPartOf\":{\"@id\":\"https:\/\/www.legalvision.fr\/guides-juridiques\/sas\/statut-du-dirigeant-de-sas-les-responsabilites-et-risques\/\"},\"author\":{\"name\":\"Joseph Louis\",\"@id\":\"https:\/\/www.legalvision.fr\/guides-juridiques\/#\/schema\/person\/c454a42bc2a18b5443bc24faa78c5128\"},\"headline\":\"Statut du dirigeant de SAS : comment optimiser vos charges sociales et fiscales ?\",\"datePublished\":\"2019-05-02T06:30:34+00:00\",\"dateModified\":\"2022-03-27T19:20:57+00:00\",\"mainEntityOfPage\":{\"@id\":\"https:\/\/www.legalvision.fr\/guides-juridiques\/sas\/statut-du-dirigeant-de-sas-les-responsabilites-et-risques\/\"},\"wordCount\":1668,\"commentCount\":0,\"publisher\":{\"@id\":\"https:\/\/www.legalvision.fr\/guides-juridiques\/#organization\"},\"image\":{\"@id\":\"https:\/\/www.legalvision.fr\/guides-juridiques\/sas\/statut-du-dirigeant-de-sas-les-responsabilites-et-risques\/#primaryimage\"},\"thumbnailUrl\":\"https:\/\/www.legalvision.fr\/guides-juridiques\/wp-content\/uploads\/2019\/05\/statut-du-dirigeant-de-SAS.jpg\",\"articleSection\":[\"SAS\"],\"inLanguage\":\"fr-FR\",\"potentialAction\":[{\"@type\":\"CommentAction\",\"name\":\"Comment\",\"target\":[\"https:\/\/www.legalvision.fr\/guides-juridiques\/sas\/statut-du-dirigeant-de-sas-les-responsabilites-et-risques\/#respond\"]}]},{\"@type\":\"WebPage\",\"@id\":\"https:\/\/www.legalvision.fr\/guides-juridiques\/sas\/statut-du-dirigeant-de-sas-les-responsabilites-et-risques\/\",\"url\":\"https:\/\/www.legalvision.fr\/guides-juridiques\/sas\/statut-du-dirigeant-de-sas-les-responsabilites-et-risques\/\",\"name\":\"Statut du dirigeant de SAS : optimisez vos charges !\",\"isPartOf\":{\"@id\":\"https:\/\/www.legalvision.fr\/guides-juridiques\/#website\"},\"primaryImageOfPage\":{\"@id\":\"https:\/\/www.legalvision.fr\/guides-juridiques\/sas\/statut-du-dirigeant-de-sas-les-responsabilites-et-risques\/#primaryimage\"},\"image\":{\"@id\":\"https:\/\/www.legalvision.fr\/guides-juridiques\/sas\/statut-du-dirigeant-de-sas-les-responsabilites-et-risques\/#primaryimage\"},\"thumbnailUrl\":\"https:\/\/www.legalvision.fr\/guides-juridiques\/wp-content\/uploads\/2019\/05\/statut-du-dirigeant-de-SAS.jpg\",\"datePublished\":\"2019-05-02T06:30:34+00:00\",\"dateModified\":\"2022-03-27T19:20:57+00:00\",\"description\":\"Le statut du dirigeant de SAS implique des charges sociales et fiscales sp\u00e9cifiques, nous verrons comment les optimiser !\",\"breadcrumb\":{\"@id\":\"https:\/\/www.legalvision.fr\/guides-juridiques\/sas\/statut-du-dirigeant-de-sas-les-responsabilites-et-risques\/#breadcrumb\"},\"inLanguage\":\"fr-FR\",\"potentialAction\":[{\"@type\":\"ReadAction\",\"target\":[\"https:\/\/www.legalvision.fr\/guides-juridiques\/sas\/statut-du-dirigeant-de-sas-les-responsabilites-et-risques\/\"]}]},{\"@type\":\"ImageObject\",\"inLanguage\":\"fr-FR\",\"@id\":\"https:\/\/www.legalvision.fr\/guides-juridiques\/sas\/statut-du-dirigeant-de-sas-les-responsabilites-et-risques\/#primaryimage\",\"url\":\"https:\/\/www.legalvision.fr\/guides-juridiques\/wp-content\/uploads\/2019\/05\/statut-du-dirigeant-de-SAS.jpg\",\"contentUrl\":\"https:\/\/www.legalvision.fr\/guides-juridiques\/wp-content\/uploads\/2019\/05\/statut-du-dirigeant-de-SAS.jpg\",\"width\":958,\"height\":350,\"caption\":\"apporteur d'affaires assurance\"},{\"@type\":\"BreadcrumbList\",\"@id\":\"https:\/\/www.legalvision.fr\/guides-juridiques\/sas\/statut-du-dirigeant-de-sas-les-responsabilites-et-risques\/#breadcrumb\",\"itemListElement\":[{\"@type\":\"ListItem\",\"position\":1,\"name\":\"Accueil\",\"item\":\"https:\/\/www.legalvision.fr\/guides-juridiques\/\"},{\"@type\":\"ListItem\",\"position\":2,\"name\":\"SAS\",\"item\":\"https:\/\/www.legalvision.fr\/guides-juridiques\/sas\/\"},{\"@type\":\"ListItem\",\"position\":3,\"name\":\"Statut du dirigeant de SAS : comment optimiser vos charges sociales et fiscales ?\"}]},{\"@type\":\"WebSite\",\"@id\":\"https:\/\/www.legalvision.fr\/guides-juridiques\/#website\",\"url\":\"https:\/\/www.legalvision.fr\/guides-juridiques\/\",\"name\":\"Guides juridiques\",\"description\":\"L&#039;information juridique \u00e0 destination des entreprises et TPE\",\"publisher\":{\"@id\":\"https:\/\/www.legalvision.fr\/guides-juridiques\/#organization\"},\"potentialAction\":[{\"@type\":\"SearchAction\",\"target\":{\"@type\":\"EntryPoint\",\"urlTemplate\":\"https:\/\/www.legalvision.fr\/guides-juridiques\/?s={search_term_string}\"},\"query-input\":{\"@type\":\"PropertyValueSpecification\",\"valueRequired\":true,\"valueName\":\"search_term_string\"}}],\"inLanguage\":\"fr-FR\"},{\"@type\":\"Organization\",\"@id\":\"https:\/\/www.legalvision.fr\/guides-juridiques\/#organization\",\"name\":\"Guides juridiques\",\"url\":\"https:\/\/www.legalvision.fr\/guides-juridiques\/\",\"logo\":{\"@type\":\"ImageObject\",\"inLanguage\":\"fr-FR\",\"@id\":\"https:\/\/www.legalvision.fr\/guides-juridiques\/#\/schema\/logo\/image\/\",\"url\":\"https:\/\/www.legalvision.fr\/guides-juridiques\/wp-content\/uploads\/2022\/10\/LV-Logotype.png\",\"contentUrl\":\"https:\/\/www.legalvision.fr\/guides-juridiques\/wp-content\/uploads\/2022\/10\/LV-Logotype.png\",\"width\":647,\"height\":125,\"caption\":\"Guides juridiques\"},\"image\":{\"@id\":\"https:\/\/www.legalvision.fr\/guides-juridiques\/#\/schema\/logo\/image\/\"}},{\"@type\":\"Person\",\"@id\":\"https:\/\/www.legalvision.fr\/guides-juridiques\/#\/schema\/person\/c454a42bc2a18b5443bc24faa78c5128\",\"name\":\"Joseph Louis\",\"image\":{\"@type\":\"ImageObject\",\"inLanguage\":\"fr-FR\",\"@id\":\"https:\/\/www.legalvision.fr\/guides-juridiques\/#\/schema\/person\/image\/\",\"url\":\"https:\/\/www.legalvision.fr\/guides-juridiques\/wp-content\/uploads\/2023\/07\/cropped-homme7-96x96.png\",\"contentUrl\":\"https:\/\/www.legalvision.fr\/guides-juridiques\/wp-content\/uploads\/2023\/07\/cropped-homme7-96x96.png\",\"caption\":\"Joseph Louis\"},\"description\":\"Joseph est Juriste au sein de LegalVision. Titulaire d'un Master 2 Droit Bancaire et Financier au sein de l'Universit\u00e9 Jean Moulin Lyon 3, le monde des start-up et de la finance le passionne.\",\"url\":\"https:\/\/www.legalvision.fr\/guides-juridiques\/author\/joseph-louis\/\"}]}<\/script>\n<!-- \/ Yoast SEO plugin. -->","yoast_head_json":{"title":"Statut du dirigeant de SAS : optimisez vos charges !","description":"Le statut du dirigeant de SAS implique des charges sociales et fiscales sp\u00e9cifiques, nous verrons comment les optimiser !","robots":{"index":"index","follow":"follow","max-snippet":"max-snippet:-1","max-image-preview":"max-image-preview:large","max-video-preview":"max-video-preview:-1"},"canonical":"https:\/\/www.legalvision.fr\/guides-juridiques\/sas\/statut-du-dirigeant-de-sas-les-responsabilites-et-risques\/","og_locale":"fr_FR","og_type":"article","og_title":"Statut du dirigeant de SAS : optimisez vos charges !","og_description":"Le statut du dirigeant de SAS implique des charges sociales et fiscales sp\u00e9cifiques, nous verrons comment les optimiser !","og_url":"https:\/\/www.legalvision.fr\/guides-juridiques\/sas\/statut-du-dirigeant-de-sas-les-responsabilites-et-risques\/","og_site_name":"Guides juridiques","article_published_time":"2019-05-02T06:30:34+00:00","article_modified_time":"2022-03-27T19:20:57+00:00","og_image":[{"width":958,"height":350,"url":"https:\/\/www.legalvision.fr\/guides-juridiques\/wp-content\/uploads\/2019\/05\/statut-du-dirigeant-de-SAS.jpg","type":"image\/jpeg"}],"author":"Joseph Louis","twitter_card":"summary_large_image","twitter_misc":{"\u00c9crit par":"Joseph Louis","Dur\u00e9e de lecture estim\u00e9e":"8 minutes"},"schema":{"@context":"https:\/\/schema.org","@graph":[{"@type":"Article","@id":"https:\/\/www.legalvision.fr\/guides-juridiques\/sas\/statut-du-dirigeant-de-sas-les-responsabilites-et-risques\/#article","isPartOf":{"@id":"https:\/\/www.legalvision.fr\/guides-juridiques\/sas\/statut-du-dirigeant-de-sas-les-responsabilites-et-risques\/"},"author":{"name":"Joseph Louis","@id":"https:\/\/www.legalvision.fr\/guides-juridiques\/#\/schema\/person\/c454a42bc2a18b5443bc24faa78c5128"},"headline":"Statut du dirigeant de SAS : comment optimiser vos charges sociales et fiscales ?","datePublished":"2019-05-02T06:30:34+00:00","dateModified":"2022-03-27T19:20:57+00:00","mainEntityOfPage":{"@id":"https:\/\/www.legalvision.fr\/guides-juridiques\/sas\/statut-du-dirigeant-de-sas-les-responsabilites-et-risques\/"},"wordCount":1668,"commentCount":0,"publisher":{"@id":"https:\/\/www.legalvision.fr\/guides-juridiques\/#organization"},"image":{"@id":"https:\/\/www.legalvision.fr\/guides-juridiques\/sas\/statut-du-dirigeant-de-sas-les-responsabilites-et-risques\/#primaryimage"},"thumbnailUrl":"https:\/\/www.legalvision.fr\/guides-juridiques\/wp-content\/uploads\/2019\/05\/statut-du-dirigeant-de-SAS.jpg","articleSection":["SAS"],"inLanguage":"fr-FR","potentialAction":[{"@type":"CommentAction","name":"Comment","target":["https:\/\/www.legalvision.fr\/guides-juridiques\/sas\/statut-du-dirigeant-de-sas-les-responsabilites-et-risques\/#respond"]}]},{"@type":"WebPage","@id":"https:\/\/www.legalvision.fr\/guides-juridiques\/sas\/statut-du-dirigeant-de-sas-les-responsabilites-et-risques\/","url":"https:\/\/www.legalvision.fr\/guides-juridiques\/sas\/statut-du-dirigeant-de-sas-les-responsabilites-et-risques\/","name":"Statut du dirigeant de SAS : optimisez vos charges !","isPartOf":{"@id":"https:\/\/www.legalvision.fr\/guides-juridiques\/#website"},"primaryImageOfPage":{"@id":"https:\/\/www.legalvision.fr\/guides-juridiques\/sas\/statut-du-dirigeant-de-sas-les-responsabilites-et-risques\/#primaryimage"},"image":{"@id":"https:\/\/www.legalvision.fr\/guides-juridiques\/sas\/statut-du-dirigeant-de-sas-les-responsabilites-et-risques\/#primaryimage"},"thumbnailUrl":"https:\/\/www.legalvision.fr\/guides-juridiques\/wp-content\/uploads\/2019\/05\/statut-du-dirigeant-de-SAS.jpg","datePublished":"2019-05-02T06:30:34+00:00","dateModified":"2022-03-27T19:20:57+00:00","description":"Le statut du dirigeant de SAS implique des charges sociales et fiscales sp\u00e9cifiques, nous verrons comment les optimiser !","breadcrumb":{"@id":"https:\/\/www.legalvision.fr\/guides-juridiques\/sas\/statut-du-dirigeant-de-sas-les-responsabilites-et-risques\/#breadcrumb"},"inLanguage":"fr-FR","potentialAction":[{"@type":"ReadAction","target":["https:\/\/www.legalvision.fr\/guides-juridiques\/sas\/statut-du-dirigeant-de-sas-les-responsabilites-et-risques\/"]}]},{"@type":"ImageObject","inLanguage":"fr-FR","@id":"https:\/\/www.legalvision.fr\/guides-juridiques\/sas\/statut-du-dirigeant-de-sas-les-responsabilites-et-risques\/#primaryimage","url":"https:\/\/www.legalvision.fr\/guides-juridiques\/wp-content\/uploads\/2019\/05\/statut-du-dirigeant-de-SAS.jpg","contentUrl":"https:\/\/www.legalvision.fr\/guides-juridiques\/wp-content\/uploads\/2019\/05\/statut-du-dirigeant-de-SAS.jpg","width":958,"height":350,"caption":"apporteur d'affaires assurance"},{"@type":"BreadcrumbList","@id":"https:\/\/www.legalvision.fr\/guides-juridiques\/sas\/statut-du-dirigeant-de-sas-les-responsabilites-et-risques\/#breadcrumb","itemListElement":[{"@type":"ListItem","position":1,"name":"Accueil","item":"https:\/\/www.legalvision.fr\/guides-juridiques\/"},{"@type":"ListItem","position":2,"name":"SAS","item":"https:\/\/www.legalvision.fr\/guides-juridiques\/sas\/"},{"@type":"ListItem","position":3,"name":"Statut du dirigeant de SAS : comment optimiser vos charges sociales et fiscales ?"}]},{"@type":"WebSite","@id":"https:\/\/www.legalvision.fr\/guides-juridiques\/#website","url":"https:\/\/www.legalvision.fr\/guides-juridiques\/","name":"Guides juridiques","description":"L&#039;information juridique \u00e0 destination des entreprises et TPE","publisher":{"@id":"https:\/\/www.legalvision.fr\/guides-juridiques\/#organization"},"potentialAction":[{"@type":"SearchAction","target":{"@type":"EntryPoint","urlTemplate":"https:\/\/www.legalvision.fr\/guides-juridiques\/?s={search_term_string}"},"query-input":{"@type":"PropertyValueSpecification","valueRequired":true,"valueName":"search_term_string"}}],"inLanguage":"fr-FR"},{"@type":"Organization","@id":"https:\/\/www.legalvision.fr\/guides-juridiques\/#organization","name":"Guides juridiques","url":"https:\/\/www.legalvision.fr\/guides-juridiques\/","logo":{"@type":"ImageObject","inLanguage":"fr-FR","@id":"https:\/\/www.legalvision.fr\/guides-juridiques\/#\/schema\/logo\/image\/","url":"https:\/\/www.legalvision.fr\/guides-juridiques\/wp-content\/uploads\/2022\/10\/LV-Logotype.png","contentUrl":"https:\/\/www.legalvision.fr\/guides-juridiques\/wp-content\/uploads\/2022\/10\/LV-Logotype.png","width":647,"height":125,"caption":"Guides juridiques"},"image":{"@id":"https:\/\/www.legalvision.fr\/guides-juridiques\/#\/schema\/logo\/image\/"}},{"@type":"Person","@id":"https:\/\/www.legalvision.fr\/guides-juridiques\/#\/schema\/person\/c454a42bc2a18b5443bc24faa78c5128","name":"Joseph Louis","image":{"@type":"ImageObject","inLanguage":"fr-FR","@id":"https:\/\/www.legalvision.fr\/guides-juridiques\/#\/schema\/person\/image\/","url":"https:\/\/www.legalvision.fr\/guides-juridiques\/wp-content\/uploads\/2023\/07\/cropped-homme7-96x96.png","contentUrl":"https:\/\/www.legalvision.fr\/guides-juridiques\/wp-content\/uploads\/2023\/07\/cropped-homme7-96x96.png","caption":"Joseph Louis"},"description":"Joseph est Juriste au sein de LegalVision. Titulaire d'un Master 2 Droit Bancaire et Financier au sein de l'Universit\u00e9 Jean Moulin Lyon 3, le monde des start-up et de la finance le passionne.","url":"https:\/\/www.legalvision.fr\/guides-juridiques\/author\/joseph-louis\/"}]}},"_links":{"self":[{"href":"https:\/\/www.legalvision.fr\/guides-juridiques\/wp-json\/wp\/v2\/posts\/14102","targetHints":{"allow":["GET"]}}],"collection":[{"href":"https:\/\/www.legalvision.fr\/guides-juridiques\/wp-json\/wp\/v2\/posts"}],"about":[{"href":"https:\/\/www.legalvision.fr\/guides-juridiques\/wp-json\/wp\/v2\/types\/post"}],"author":[{"embeddable":true,"href":"https:\/\/www.legalvision.fr\/guides-juridiques\/wp-json\/wp\/v2\/users\/28"}],"replies":[{"embeddable":true,"href":"https:\/\/www.legalvision.fr\/guides-juridiques\/wp-json\/wp\/v2\/comments?post=14102"}],"version-history":[{"count":0,"href":"https:\/\/www.legalvision.fr\/guides-juridiques\/wp-json\/wp\/v2\/posts\/14102\/revisions"}],"wp:featuredmedia":[{"embeddable":true,"href":"https:\/\/www.legalvision.fr\/guides-juridiques\/wp-json\/wp\/v2\/media\/24789"}],"wp:attachment":[{"href":"https:\/\/www.legalvision.fr\/guides-juridiques\/wp-json\/wp\/v2\/media?parent=14102"}],"wp:term":[{"taxonomy":"category","embeddable":true,"href":"https:\/\/www.legalvision.fr\/guides-juridiques\/wp-json\/wp\/v2\/categories?post=14102"},{"taxonomy":"post_tag","embeddable":true,"href":"https:\/\/www.legalvision.fr\/guides-juridiques\/wp-json\/wp\/v2\/tags?post=14102"}],"curies":[{"name":"wp","href":"https:\/\/api.w.org\/{rel}","templated":true}]}}