{"id":14019,"date":"2019-05-28T07:30:16","date_gmt":"2019-05-28T06:30:16","guid":{"rendered":"https:\/\/blog.legalvision.fr\/?p=14019"},"modified":"2023-01-10T17:07:11","modified_gmt":"2023-01-10T16:07:11","slug":"artisan-commercant-les-differences","status":"publish","type":"post","link":"https:\/\/www.legalvision.fr\/guides-juridiques\/metier\/artisan-commercant-les-differences\/","title":{"rendered":"Le statut artisan-commer\u00e7ant : d\u00e9finition et formalit\u00e9s juridiques"},"content":{"rendered":"<p><span style=\"font-weight: 400;\">Depuis quelques ann\u00e9es, le l\u00e9gislateur semble <strong>rapprocher les statuts d\u2019artisan et de commer\u00e7ant<\/strong> pour se diriger vers une notion unique, celle de professionnel.\u00a0<\/span><span style=\"font-weight: 400;\">Toutefois, aujourd&rsquo;hui, les statuts artisan-commer\u00e7ant ne sont pas uniformis\u00e9s et l\u2019identification du r\u00e9gime applicable n\u2019est pas toujours \u00e9vidente.<\/span><\/p>\n<p><span style=\"font-weight: 400;\">En effet, la diff\u00e9rence entre artisan-commer\u00e7ant est d\u2019autant plus difficile que le\u00a0<\/span><a href=\"https:\/\/www.legifrance.gouv.fr\/affichTexte.do?cidTexte=JORFTEXT000021961247&amp;categorieLien=id\"><span style=\"font-weight: 400;\">d\u00e9cret n\u00b0 2010-249 du 11 mars 2010<\/span><\/a><span style=\"font-weight: 400;\">\u00a0rend certaines activit\u00e9s artisanales ou commerciales en fonction des circonstances de leur exercice.\u00a0<\/span><\/p>\n<p><span style=\"font-weight: 400;\">D&rsquo;une part, il est n\u00e9cessaire pour la personne physique d\u2019<strong>identifier au mieux sa situation<\/strong> afin de d\u00e9terminer le statut qui lui est applicable.\u00a0 Cela lui permettra ainsi de\u00a0conna\u00eetre son r\u00e9gime. En effet, le commer\u00e7ant est soumis aux r\u00e8gles du droit commercial quand l\u2019artisan est soumis au droit commun.\u00a0<\/span><span style=\"font-weight: 400;\">D&rsquo;autre part, qu\u2019en est-il du <strong>cumul des statuts<\/strong>\u00a0? Peut-on \u00eatre \u00e0 la fois artisan-commer\u00e7ant\u00a0?<\/span><\/p>\n<h3>Sommaire :<\/h3>\n<p><strong>Artisan-commer\u00e7ant : quelle diff\u00e9rence de statut ?<\/strong><br \/>\n<strong> II\/ Les formalit\u00e9s pratiques<\/strong><\/p>\n<div class=\"wp-block-button\" style=\"text-align: center;\"><a class=\"wp-block-button__link has-background\" href=\"https:\/\/www.legalvision.fr\/modification-statuts\/changement-denomination-sociale\">Contactez nos juristes !\u00a0<\/a><\/div>\n<h2 id=\"I\">\u00a0Artisan-commer\u00e7ant : quelle diff\u00e9rence de statut ?<\/h2>\n<p>Les deux statuts poss\u00e8dent un r\u00e9gime sp\u00e9cifique, bien distinct l&rsquo;un de l&rsquo;autre.<br \/>\n<b><br \/>\nA) Le statut de commer\u00e7ant<\/b><\/p>\n<p><span style=\"font-weight: 400;\">Ce statut juridique est pr\u00e9vu \u00e0\u00a0<\/span><a href=\"https:\/\/www.legifrance.gouv.fr\/affichCodeArticle.do;jsessionid=6B148F524BE4CF2BCCDE51A4D3A14C93.tplgfr26s_3?idArticle=LEGIARTI000006219167&amp;cidTexte=LEGITEXT000005634379&amp;dateTexte=20181210\"><span style=\"font-weight: 400;\">l\u2019article L. 121-1 du Code de commerce<\/span><\/a><span style=\"font-weight: 400;\">\u00a0qui dispose que \u00ab\u00a0<em>sont commer\u00e7ants ceux qui exercent des actes de commerce et en font leur profession habituelle<\/em>\u00a0\u00bb.<\/span><\/p>\n<p><span style=\"font-weight: 400;\">Ainsi, pour avoir la <strong>qualit\u00e9 de commer\u00e7ant<\/strong>, la personne physique doit r\u00e9pondre \u00e0 plusieurs conditions :<\/span><\/p>\n<ul>\n<li style=\"font-weight: 400;\"><span style=\"font-weight: 400;\">accomplir des actes de commerce par nature,<\/span><span style=\"font-weight: 400;\">\u00a0dont une liste non exhaustive se trouve aux\u00a0<\/span><span style=\"font-weight: 400;\">articles L. 110-1<\/span><span style=\"font-weight: 400;\">\u00a0et\u00a0<\/span><span style=\"font-weight: 400;\">L. 110-2 du Code de commerce<\/span><span style=\"font-weight: 400;\">\u00a0;<\/span><\/li>\n<li style=\"font-weight: 400;\"><span style=\"font-weight: 400;\">de mani\u00e8re habituelle et professionnelle<\/span><span style=\"font-weight: 400;\">\u00a0: de fa\u00e7on r\u00e9p\u00e9t\u00e9e et produisant des b\u00e9n\u00e9fices permettant de subvenir \u00e0 ses besoins ; et<\/span><\/li>\n<li style=\"font-weight: 400;\"><span style=\"font-weight: 400;\">\u00e0 titre ind\u00e9pendant et personnel<\/span><span style=\"font-weight: 400;\">\u00a0: en son nom et pour son compte mais \u00e9galement \u00e0 ses risques et p\u00e9rils.<\/span><\/li>\n<\/ul>\n<p><span style=\"font-weight: 400;\">L\u2019<a href=\"https:\/\/blog.legalvision.fr\/2018\/12\/27\/inscription-au-registre-du-commerce-et-des-societes-gratuitement\/\">inscription au Registre du Commerce et des Soci\u00e9t\u00e9s<\/a> (ci-apr\u00e8s \u00ab\u00a0RCS\u00a0\u00bb) n\u2019attribue pas \u00e0 la personne physique le statut de commer\u00e7ant. Elle ne fait que cr\u00e9er une <strong>pr\u00e9somption simple d\u2019activit\u00e9 commerciale<\/strong>.<\/span><\/p>\n<p><span style=\"font-weight: 400;\">Cependant, pour jouir de l\u2019int\u00e9gralit\u00e9 des droits\u00a0du\u00a0commer\u00e7ant et ainsi \u00eatre commer\u00e7ant de droit, la personne physique doit \u00eatre inscrite au RCS dans les 15 jours du d\u00e9but de son activit\u00e9.<\/span><\/p>\n<p><span style=\"font-weight: 400;\">A d\u00e9faut, en l\u2019absence d\u2019inscription au RCS, elle sera<strong> commer\u00e7ant de fait<\/strong>. Elle ne pourra donc pas b\u00e9n\u00e9ficier des droits du r\u00e9gime applicable au commer\u00e7ant (baux commerciaux, etc.). Toutefois, elle devra en respecter les obligations (solidarit\u00e9, etc.).<\/span><\/p>\n<p style=\"text-align: center;\"><a class=\"wp-block-button__link has-background\" style=\"border-radius: 10px; background-color: #3fc3bf;\" href=\"https:\/\/leonard.fr\/documents\/services\/droit-des-societes\/\">Nos mod\u00e8les de statuts juridiques<\/a><\/p>\n<h3><b>Le statut d<\/b><strong>\u2019artisan<\/strong><\/h3>\n<p><span style=\"font-weight: 400;\">Le\u00a0<\/span><a href=\"https:\/\/www.legifrance.gouv.fr\/affichTexte.do?cidTexte=JORFTEXT000000673538&amp;categorieLien=cid\"><span style=\"font-weight: 400;\">d\u00e9cret n\u00b062-235 du 1<\/span><span style=\"font-weight: 400;\">er<\/span><span style=\"font-weight: 400;\">\u00a0mars 1962<\/span><\/a><span style=\"font-weight: 400;\">\u00a0d\u00e9finit l\u2019artisan comme \u00ab\u00a0<em>la personne qui exerce une activit\u00e9 professionnelle ind\u00e9pendante de production, de transformation, de r\u00e9paration ou de prestation de services, \u00e0 l\u2019exclusion de l\u2019agriculture et de la p\u00eache, ayant moins de dix salari\u00e9s et devant s\u2019immatriculer au r\u00e9pertoire des m\u00e9tiers<\/em>\u00a0\u00bb.<\/span><\/p>\n<p><span style=\"font-weight: 400;\">Ainsi, pour se voir <strong>appliquer le statut d\u2019artisan<\/strong>, la personne physique doit r\u00e9pondre aux conditions suivantes\u00a0:<\/span><\/p>\n<ul>\n<li style=\"font-weight: 400;\"><span style=\"font-weight: 400;\">\u00eatre inscrite au r\u00e9pertoire des m\u00e9tiers<\/span><span style=\"font-weight: 400;\">\u00a0(ci-apr\u00e8s \u00ab\u00a0RM\u00a0\u00bb)\u00a0;<\/span><\/li>\n<li style=\"font-weight: 400;\"><span style=\"font-weight: 400;\">justifier d\u2019une\u00a0<\/span><a href=\"https:\/\/www.legifrance.gouv.fr\/affichTexte.do?cidTexte=JORFTEXT000000571009&amp;fastPos=1&amp;fastReqId=851187397&amp;categorieLien=cid&amp;oldAction=rechTexte\"><span style=\"font-weight: 400;\">qualification professionnelle<\/span><\/a><span style=\"font-weight: 400;\">\u00a0<\/span><span style=\"font-weight: 400;\">;<\/span><\/li>\n<li style=\"font-weight: 400;\"><span style=\"font-weight: 400;\">exercer une activit\u00e9<\/span><span style=\"font-weight: 400;\">\u00a0\u2013 de production, transformation, r\u00e9paration ou de prestation de service \u2013\u00a0<\/span><span style=\"font-weight: 400;\">par lui-m\u00eame<\/span><span style=\"font-weight: 400;\">, c\u2019est-\u00e0-dire manuellement et personnellement\u00a0; et<\/span><\/li>\n<li style=\"font-weight: 400;\"><span style=\"font-weight: 400;\">ne pas employer plus de 10 salari\u00e9s<\/span><span style=\"font-weight: 400;\">.<\/span><\/li>\n<\/ul>\n<p><span style=\"font-weight: 400;\">Lorsque la diff\u00e9rence entre artisan et commer\u00e7ant n\u2019est pas \u00e9vidente, il faut v\u00e9rifier le<strong> crit\u00e8re de la sp\u00e9culation<\/strong>. En effet, l\u2019artisan ne doit sp\u00e9culer ni sur les moyens de production utilis\u00e9s ni sur le travail d\u2019autrui. Autrement dit, les revenus de l\u2019artisan doivent provenir principalement de son travail manuel.<\/span><\/p>\n<h3><b>Le statut juridique d\u2019artisan commer\u00e7ant<\/b><\/h3>\n<ul>\n<li>\n<h4><b><i>Le double statut<\/i><\/b><\/h4>\n<\/li>\n<\/ul>\n<p><span style=\"font-weight: 400;\">La\u00a0<\/span><a href=\"https:\/\/www.legifrance.gouv.fr\/affichTexte.do?cidTexte=JORFTEXT000000193678\"><span style=\"font-weight: 400;\">loi n\u00b096-603, 5 juillet 1996<\/span><\/a><span style=\"font-weight: 400;\">\u00a0\u00e9nonce pour la premi\u00e8re fois le statut juridique de l\u2019artisan commer\u00e7ant.<\/span><\/p>\n<p><span style=\"font-weight: 400;\">L\u2019exercice d\u2019une activit\u00e9 commerciale ou artisanale n\u2019est pas n\u00e9cessairement l\u2019activit\u00e9 principale de l\u2019individu. Elle peut \u00eatre accessoire et\/ou temporaire. Ainsi, <strong>une personne physique peut cumuler une activit\u00e9 artisanale avec une activit\u00e9 commerciale<\/strong>.<\/span><\/p>\n<p><span style=\"font-weight: 400;\">Si l\u2019inscription au r\u00e9pertoire des m\u00e9tiers est une pr\u00e9somption simple de non application du statut de commer\u00e7ant, celle-ci peut \u00eatre renvers\u00e9e. Ainsi, l\u2019artisan commer\u00e7ant peut \u00eatre inscrit d\u2019une part au RCS et d\u2019autre part au RM.<\/span><\/p>\n<p><span style=\"font-weight: 400;\"><strong>En cas de cumul d\u2019activit\u00e9s, le statut juridique de l\u2019artisan s\u2019appliquera \u00e0 sa part d\u2019activit\u00e9 artisanale et le statut juridique du commer\u00e7ant \u00e0 sa part d\u2019activit\u00e9 commerciale<\/strong>. A noter qu\u2019en cas d\u2019activit\u00e9 mixte, le r\u00e9gime juridique du fonds suivra celui de l\u2019activit\u00e9 principale du professionnel.<\/span><\/p>\n<ul>\n<li>\n<h4><b><i>Le changement de statut<\/i><\/b><\/h4>\n<\/li>\n<\/ul>\n<p><span style=\"font-weight: 400;\">Le commer\u00e7ant souhaitant arr\u00eater son activit\u00e9 et se tourner vers l\u2019artisanat devra se radier du RCS dans un d\u00e9lai de deux mois. Dans le cas contraire, la vente ou la<a href=\"https:\/\/blog.legalvision.fr\/2018\/12\/12\/location-gerance-les-risques-et-avantages-conseils-des-experts\/\"> location-g\u00e9rance<\/a> de son fonds de commerce restera soumise au droit commercial.<\/span><\/p>\n<p><span style=\"font-weight: 400;\">A l\u2019inverse, l\u2019artisan souhaitant se diriger vers une activit\u00e9 commerciale, devra se radier du RM.<\/span><\/p>\n<h2 id=\"II\">Les formalit\u00e9s pratiques<\/h2>\n<h3><b>Le choix du v\u00e9hicule d\u2019exercice de la profession<\/b><\/h3>\n<p><span style=\"font-weight: 400;\">Apr\u00e8s avoir identifi\u00e9 s&rsquo;il est artisan, commer\u00e7ant ou artisan-commer\u00e7ant, le professionnel doit d\u00e9finir la\u00a0<\/span><span style=\"font-weight: 400;\">forme juridique<\/span><span style=\"font-weight: 400;\">\u00a0qui entourera l\u2019exercice de sa profession.<\/span><\/p>\n<p><span style=\"font-weight: 400;\">Deux grandes cat\u00e9gories de formes juridiques sont applicables :<\/span><\/p>\n<ul>\n<li style=\"font-weight: 400;\"><span style=\"font-weight: 400;\">soit l\u2019entreprise individuelle \u2013\u00a0<\/span><span style=\"font-weight: 400;\">l\u2019entreprise individuelle au r\u00e9el<\/span><span style=\"font-weight: 400;\">, l\u2019<\/span><span style=\"font-weight: 400;\">EIRL<\/span><span style=\"font-weight: 400;\">\u00a0ou le\u00a0<\/span><span style=\"font-weight: 400;\">micro entrepreneur\u00a0<\/span><span style=\"font-weight: 400;\">(ou auto entrepreneur)\u00a0;<\/span><\/li>\n<li style=\"font-weight: 400;\"><span style=\"font-weight: 400;\">soit la structure soci\u00e9taire unipersonnelle \u2013 l\u2019<\/span><a href=\"https:\/\/www.legalvision.fr\/creation-dentreprise\/creation-eurl\/\"><span style=\"font-weight: 400;\">EURL<\/span><\/a><span style=\"font-weight: 400;\">\u00a0ou la\u00a0<\/span><a href=\"https:\/\/www.legalvision.fr\/creation-dentreprise\/creer-une-sasu\/\"><span style=\"font-weight: 400;\">SASU<\/span><\/a><span style=\"font-weight: 400;\">\u00a0\u2013 ou pluripersonnelle.<\/span><\/li>\n<\/ul>\n<p><span style=\"font-weight: 400;\">Ces diff\u00e9rentes formes d\u2019exercice des activit\u00e9s professionnelles pr\u00e9sentent toutes des avantages et des inconv\u00e9nients. Il est donc n\u00e9cessaire de\u00a0<\/span><a href=\"https:\/\/blog.legalvision.fr\/2018\/04\/24\/quel-statut-juridique-choisir\/\"><span style=\"font-weight: 400;\">bien choisir<\/span><\/a><span style=\"font-weight: 400;\">\u00a0; cela en ayant, au pr\u00e9alable, \u00e9tudi\u00e9 son projet, ses besoins mais \u00e9galement ses attentes pour l\u2019avenir.<\/span><\/p>\n<h3><b>Le commencement de l\u2019activit\u00e9<\/b><\/h3>\n<p><span style=\"font-weight: 400;\">Pour bien d\u00e9marrer son activit\u00e9, le commer\u00e7ant, l\u2019<\/span><span style=\"font-weight: 400;\">artisan<\/span><span style=\"font-weight: 400;\">\u00a0ou l\u2019artisan commer\u00e7ant pourra se tourner vers le\u00a0<\/span><a href=\"https:\/\/www.economie.gouv.fr\/entreprises\/cfe-centre-formalites-entreprises\"><span style=\"font-weight: 400;\">Centre de Formalit\u00e9s de Entreprises<\/span><\/a><span style=\"font-weight: 400;\">\u00a0(CFE) comp\u00e9tent.<\/span><\/p>\n<p><span style=\"font-weight: 400;\">Le CFE est un\u00a0<\/span><a href=\"https:\/\/www.guichet-entreprises.fr\/fr\/\"><span style=\"font-weight: 400;\">guichet unique<\/span><\/a><span style=\"font-weight: 400;\">\u00a0concentrant l\u2019ensemble des formalit\u00e9s n\u00e9cessaires pour d\u00e9buter une activit\u00e9 professionnelle. Il regroupe ainsi l\u2019inscription au RCS, au RM, l\u2019obtention des num\u00e9ros Siren et Siret, le code APE ainsi que le num\u00e9ro de TVA intracommunautaire.<\/span><\/p>\n<p><span style=\"font-weight: 400;\">L\u2019artisan commer\u00e7ant devra r\u00e9aliser deux demandes d\u2019inscription aupr\u00e8s du CFE de la chambre des m\u00e9tiers. Les co\u00fbts d\u2019inscription seront doubles, \u00e0 savoir ceux pour l\u2019enregistrement de l\u2019activit\u00e9 commerciale et ceux pour l\u2019enregistrement de l\u2019activit\u00e9 artisanale.<\/span><\/p>\n<p><span style=\"font-weight: 400;\">Quel CFE pour quelle activit\u00e9\u00a0?<\/span><\/p>\n<ul>\n<li style=\"font-weight: 400;\"><span style=\"font-weight: 400;\">Activit\u00e9 commerciale : le CFE de la CCI\u00a0;<\/span><\/li>\n<li style=\"font-weight: 400;\"><span style=\"font-weight: 400;\">Si activit\u00e9 artisanale : le CFE la CMA du ressort de l\u2019\u00e9tablissement principal de la personne concern\u00e9e, son domicile ou son si\u00e8ge social ou sur\u00a0<\/span><span style=\"font-weight: 400;\">internet<\/span><span style=\"font-weight: 400;\">\u00a0<\/span><span style=\"font-weight: 400;\">;<\/span><\/li>\n<li style=\"font-weight: 400;\"><span style=\"font-weight: 400;\">Si activit\u00e9 artisan-commer\u00e7ant\u00a0: le CFE de la CMA ou sur internet.<\/span><\/li>\n<\/ul>\n<p><span style=\"font-weight: 400;\">La <a href=\"https:\/\/www.economie.gouv.fr\/plan-entreprises-pacte\">loi PACTE,<\/a> d\u00e9finitivement adopt\u00e9e le 11 avril 2019, pr\u00e9voit la mise en place d\u2019un guichet unique \u00e9lectronique. Il remplacera les CFE et aura pour objectif de faciliter la cr\u00e9ation d\u2019entreprises.<\/span><\/p>\n<h3><b>Le changement d\u2019activit\u00e9<\/b><\/h3>\n<p><span style=\"font-weight: 400;\">Le professionnel peut changer \u00e0 tout moment d\u2019activit\u00e9\u00a0:<\/span><\/p>\n<ol>\n<li style=\"font-weight: 400;\"><span style=\"font-weight: 400;\"><strong>Soit en arr\u00eatant son activit\u00e9 commerciale<\/strong> pour exercer une <a href=\"https:\/\/blog.legalvision.fr\/2018\/10\/04\/artisan-statut-juridique\/\">activit\u00e9 artisanale<\/a>. <\/span><span style=\"font-weight: 400;\"><span style=\"font-weight: 400;\">Dans ce cas il devra remplir les conditions du statut d\u2019artisan, se radier du RCS et s\u2019inscrire au RM.<\/span><\/span><\/li>\n<li style=\"font-weight: 400;\"><span style=\"font-weight: 400;\"><span style=\"font-weight: 400;\"><strong>Soit en arr\u00eatant son activit\u00e9 artisanale<\/strong> pour exercer une activit\u00e9 commerciale. Dans ce cas il devra remplir les conditions du statut de commer\u00e7ant, se radier du RM et s\u2019inscrire au RCS.<\/span><\/span><\/li>\n<li style=\"font-weight: 400;\"><span style=\"font-weight: 400;\"><span style=\"font-weight: 400;\"><strong>Soit il ajoute \u00e0 son activit\u00e9 commerciale<\/strong>\u00a0une activit\u00e9 artisanale et dans ce cas il devra remplir les conditions du statut d\u2019artisan, et s\u2019inscrire au RM.<\/span><\/span><\/li>\n<li style=\"font-weight: 400;\"><span style=\"font-weight: 400;\"><strong>Soit il ajoute \u00e0 son activit\u00e9 artisanale<\/strong>\u00a0une activit\u00e9 commerciale et dans ce cas il devra remplir les conditions du statut de commer\u00e7ant, et s\u2019inscrire au RCS.<\/span><\/li>\n<\/ol>\n<p><span style=\"font-weight: 400;\">Dans tous les cas, le changement se r\u00e9alise aupr\u00e8s du CFE. Le d\u00e9lai est de deux mois d\u00e9butant le mois avant le d\u00e9but de la nouvelle activit\u00e9 et se terminant le mois suivant celui-ci.<\/span><\/p>\n<div class=\"wp-block-button\" style=\"text-align: center;\"><a class=\"wp-block-button__link has-background\" href=\"https:\/\/www.legalvision.fr\/modification-statuts\/changement-denomination-sociale\">Contactez nos juristes !\u00a0<\/a><\/div>\n","protected":false},"excerpt":{"rendered":"<p>Depuis quelques ann\u00e9es, le l\u00e9gislateur semble rapprocher les statuts d\u2019artisan et de commer\u00e7ant pour se diriger vers une notion unique, celle de professionnel.\u00a0Toutefois, aujourd&rsquo;hui, les statuts artisan-commer\u00e7ant ne sont pas uniformis\u00e9s et l\u2019identification du r\u00e9gime applicable n\u2019est pas toujours \u00e9vidente. En effet, la diff\u00e9rence entre artisan-commer\u00e7ant est d\u2019autant plus difficile que le\u00a0d\u00e9cret n\u00b0 2010-249 du&hellip; <a class=\"more-link\" href=\"https:\/\/www.legalvision.fr\/guides-juridiques\/metier\/artisan-commercant-les-differences\/\">Poursuivre la lecture <span class=\"screen-reader-text\">Le statut artisan-commer\u00e7ant : d\u00e9finition et formalit\u00e9s juridiques<\/span><\/a><\/p>\n","protected":false},"author":27,"featured_media":24334,"comment_status":"open","ping_status":"closed","sticky":false,"template":"","format":"standard","meta":{"content-type":"","inline_featured_image":false,"footnotes":""},"categories":[2493],"tags":[],"class_list":["post-14019","post","type-post","status-publish","format-standard","has-post-thumbnail","hentry","category-metier","entry"],"yoast_head":"<!-- This site is optimized with the Yoast SEO plugin v27.1.1 - https:\/\/yoast.com\/product\/yoast-seo-wordpress\/ -->\n<title>Artisan-commer\u00e7ant : Quel est votre statut ? Toutes les diff\u00e9rences<\/title>\n<meta name=\"description\" content=\"Vous exercez une activit\u00e9 d&#039;artisan-commer\u00e7ant et ne savez pas quel est votre statut ? D\u00e9couvrez toutes les diff\u00e9rences !\" \/>\n<meta name=\"robots\" content=\"index, follow, max-snippet:-1, max-image-preview:large, max-video-preview:-1\" \/>\n<link rel=\"canonical\" href=\"https:\/\/www.legalvision.fr\/guides-juridiques\/metier\/artisan-commercant-les-differences\/\" \/>\n<meta property=\"og:locale\" content=\"fr_FR\" \/>\n<meta property=\"og:type\" content=\"article\" \/>\n<meta property=\"og:title\" content=\"Artisan-commer\u00e7ant : Quel est votre statut ? Toutes les diff\u00e9rences\" \/>\n<meta property=\"og:description\" content=\"Vous exercez une activit\u00e9 d&#039;artisan-commer\u00e7ant et ne savez pas quel est votre statut ? D\u00e9couvrez toutes les diff\u00e9rences !\" \/>\n<meta property=\"og:url\" content=\"https:\/\/www.legalvision.fr\/guides-juridiques\/metier\/artisan-commercant-les-differences\/\" \/>\n<meta property=\"og:site_name\" content=\"Guides juridiques\" \/>\n<meta property=\"article:author\" content=\"https:\/\/fr-fr.facebook.com\/legalvision.fr\/\" \/>\n<meta property=\"article:published_time\" content=\"2019-05-28T06:30:16+00:00\" \/>\n<meta property=\"article:modified_time\" content=\"2023-01-10T16:07:11+00:00\" \/>\n<meta property=\"og:image\" content=\"https:\/\/www.legalvision.fr\/guides-juridiques\/wp-content\/uploads\/2019\/05\/artisan-commer\u00e7ant.jpg\" \/>\n\t<meta property=\"og:image:width\" content=\"958\" \/>\n\t<meta property=\"og:image:height\" content=\"350\" \/>\n\t<meta property=\"og:image:type\" content=\"image\/jpeg\" \/>\n<meta name=\"author\" content=\"L\u00e9on Nari\" \/>\n<meta name=\"twitter:card\" content=\"summary_large_image\" \/>\n<meta name=\"twitter:creator\" content=\"@https:\/\/twitter.com\/legalvision_fr?lang=fr\" \/>\n<meta name=\"twitter:label1\" content=\"\u00c9crit par\" \/>\n\t<meta name=\"twitter:data1\" content=\"L\u00e9on Nari\" \/>\n\t<meta name=\"twitter:label2\" content=\"Dur\u00e9e de lecture estim\u00e9e\" \/>\n\t<meta name=\"twitter:data2\" content=\"7 minutes\" \/>\n<script type=\"application\/ld+json\" class=\"yoast-schema-graph\">{\"@context\":\"https:\/\/schema.org\",\"@graph\":[{\"@type\":\"Article\",\"@id\":\"https:\/\/www.legalvision.fr\/guides-juridiques\/metier\/artisan-commercant-les-differences\/#article\",\"isPartOf\":{\"@id\":\"https:\/\/www.legalvision.fr\/guides-juridiques\/metier\/artisan-commercant-les-differences\/\"},\"author\":{\"name\":\"L\u00e9on Nari\",\"@id\":\"https:\/\/www.legalvision.fr\/guides-juridiques\/#\/schema\/person\/52f8566bb297588b7e01ab67c5fdbaf8\"},\"headline\":\"Le statut artisan-commer\u00e7ant : d\u00e9finition et formalit\u00e9s juridiques\",\"datePublished\":\"2019-05-28T06:30:16+00:00\",\"dateModified\":\"2023-01-10T16:07:11+00:00\",\"mainEntityOfPage\":{\"@id\":\"https:\/\/www.legalvision.fr\/guides-juridiques\/metier\/artisan-commercant-les-differences\/\"},\"wordCount\":1402,\"commentCount\":0,\"publisher\":{\"@id\":\"https:\/\/www.legalvision.fr\/guides-juridiques\/#organization\"},\"image\":{\"@id\":\"https:\/\/www.legalvision.fr\/guides-juridiques\/metier\/artisan-commercant-les-differences\/#primaryimage\"},\"thumbnailUrl\":\"https:\/\/www.legalvision.fr\/guides-juridiques\/wp-content\/uploads\/2019\/05\/artisan-commer\u00e7ant.jpg\",\"articleSection\":[\"M\u00e9tier\"],\"inLanguage\":\"fr-FR\",\"potentialAction\":[{\"@type\":\"CommentAction\",\"name\":\"Comment\",\"target\":[\"https:\/\/www.legalvision.fr\/guides-juridiques\/metier\/artisan-commercant-les-differences\/#respond\"]}]},{\"@type\":\"WebPage\",\"@id\":\"https:\/\/www.legalvision.fr\/guides-juridiques\/metier\/artisan-commercant-les-differences\/\",\"url\":\"https:\/\/www.legalvision.fr\/guides-juridiques\/metier\/artisan-commercant-les-differences\/\",\"name\":\"Artisan-commer\u00e7ant : Quel est votre statut ? Toutes les diff\u00e9rences\",\"isPartOf\":{\"@id\":\"https:\/\/www.legalvision.fr\/guides-juridiques\/#website\"},\"primaryImageOfPage\":{\"@id\":\"https:\/\/www.legalvision.fr\/guides-juridiques\/metier\/artisan-commercant-les-differences\/#primaryimage\"},\"image\":{\"@id\":\"https:\/\/www.legalvision.fr\/guides-juridiques\/metier\/artisan-commercant-les-differences\/#primaryimage\"},\"thumbnailUrl\":\"https:\/\/www.legalvision.fr\/guides-juridiques\/wp-content\/uploads\/2019\/05\/artisan-commer\u00e7ant.jpg\",\"datePublished\":\"2019-05-28T06:30:16+00:00\",\"dateModified\":\"2023-01-10T16:07:11+00:00\",\"description\":\"Vous exercez une activit\u00e9 d'artisan-commer\u00e7ant et ne savez pas quel est votre statut ? D\u00e9couvrez toutes les diff\u00e9rences !\",\"breadcrumb\":{\"@id\":\"https:\/\/www.legalvision.fr\/guides-juridiques\/metier\/artisan-commercant-les-differences\/#breadcrumb\"},\"inLanguage\":\"fr-FR\",\"potentialAction\":[{\"@type\":\"ReadAction\",\"target\":[\"https:\/\/www.legalvision.fr\/guides-juridiques\/metier\/artisan-commercant-les-differences\/\"]}]},{\"@type\":\"ImageObject\",\"inLanguage\":\"fr-FR\",\"@id\":\"https:\/\/www.legalvision.fr\/guides-juridiques\/metier\/artisan-commercant-les-differences\/#primaryimage\",\"url\":\"https:\/\/www.legalvision.fr\/guides-juridiques\/wp-content\/uploads\/2019\/05\/artisan-commer\u00e7ant.jpg\",\"contentUrl\":\"https:\/\/www.legalvision.fr\/guides-juridiques\/wp-content\/uploads\/2019\/05\/artisan-commer\u00e7ant.jpg\",\"width\":958,\"height\":350,\"caption\":\"artisan-commer\u00e7ant\"},{\"@type\":\"BreadcrumbList\",\"@id\":\"https:\/\/www.legalvision.fr\/guides-juridiques\/metier\/artisan-commercant-les-differences\/#breadcrumb\",\"itemListElement\":[{\"@type\":\"ListItem\",\"position\":1,\"name\":\"Accueil\",\"item\":\"https:\/\/www.legalvision.fr\/guides-juridiques\/\"},{\"@type\":\"ListItem\",\"position\":2,\"name\":\"M\u00e9tier\",\"item\":\"https:\/\/www.legalvision.fr\/guides-juridiques\/metier\/\"},{\"@type\":\"ListItem\",\"position\":3,\"name\":\"Le statut artisan-commer\u00e7ant : d\u00e9finition et formalit\u00e9s juridiques\"}]},{\"@type\":\"WebSite\",\"@id\":\"https:\/\/www.legalvision.fr\/guides-juridiques\/#website\",\"url\":\"https:\/\/www.legalvision.fr\/guides-juridiques\/\",\"name\":\"Guides juridiques\",\"description\":\"L&#039;information juridique \u00e0 destination des entreprises et TPE\",\"publisher\":{\"@id\":\"https:\/\/www.legalvision.fr\/guides-juridiques\/#organization\"},\"potentialAction\":[{\"@type\":\"SearchAction\",\"target\":{\"@type\":\"EntryPoint\",\"urlTemplate\":\"https:\/\/www.legalvision.fr\/guides-juridiques\/?s={search_term_string}\"},\"query-input\":{\"@type\":\"PropertyValueSpecification\",\"valueRequired\":true,\"valueName\":\"search_term_string\"}}],\"inLanguage\":\"fr-FR\"},{\"@type\":\"Organization\",\"@id\":\"https:\/\/www.legalvision.fr\/guides-juridiques\/#organization\",\"name\":\"Guides juridiques\",\"url\":\"https:\/\/www.legalvision.fr\/guides-juridiques\/\",\"logo\":{\"@type\":\"ImageObject\",\"inLanguage\":\"fr-FR\",\"@id\":\"https:\/\/www.legalvision.fr\/guides-juridiques\/#\/schema\/logo\/image\/\",\"url\":\"https:\/\/www.legalvision.fr\/guides-juridiques\/wp-content\/uploads\/2022\/10\/LV-Logotype.png\",\"contentUrl\":\"https:\/\/www.legalvision.fr\/guides-juridiques\/wp-content\/uploads\/2022\/10\/LV-Logotype.png\",\"width\":647,\"height\":125,\"caption\":\"Guides juridiques\"},\"image\":{\"@id\":\"https:\/\/www.legalvision.fr\/guides-juridiques\/#\/schema\/logo\/image\/\"}},{\"@type\":\"Person\",\"@id\":\"https:\/\/www.legalvision.fr\/guides-juridiques\/#\/schema\/person\/52f8566bb297588b7e01ab67c5fdbaf8\",\"name\":\"L\u00e9on Nari\",\"image\":{\"@type\":\"ImageObject\",\"inLanguage\":\"fr-FR\",\"@id\":\"https:\/\/www.legalvision.fr\/guides-juridiques\/#\/schema\/person\/image\/\",\"url\":\"https:\/\/www.legalvision.fr\/guides-juridiques\/wp-content\/uploads\/2023\/07\/homme9-96x96.png\",\"contentUrl\":\"https:\/\/www.legalvision.fr\/guides-juridiques\/wp-content\/uploads\/2023\/07\/homme9-96x96.png\",\"caption\":\"L\u00e9on Nari\"},\"description\":\"Je suis sp\u00e9cialis\u00e9 en droit et finance. Apr\u00e8s mes \u00e9tudes, j'ai d\u00e9cid\u00e9 de mettre mon savoir \u00e0 disposition des professionnels.\",\"sameAs\":[\"https:\/\/www.legalvision.fr\/\",\"https:\/\/fr-fr.facebook.com\/legalvision.fr\/\",\"https:\/\/fr.linkedin.com\/company\/legalvision-fr\",\"https:\/\/x.com\/https:\/\/twitter.com\/legalvision_fr?lang=fr\"],\"url\":\"https:\/\/www.legalvision.fr\/guides-juridiques\/author\/legalvision\/\"}]}<\/script>\n<!-- \/ Yoast SEO plugin. -->","yoast_head_json":{"title":"Artisan-commer\u00e7ant : Quel est votre statut ? Toutes les diff\u00e9rences","description":"Vous exercez une activit\u00e9 d'artisan-commer\u00e7ant et ne savez pas quel est votre statut ? D\u00e9couvrez toutes les diff\u00e9rences !","robots":{"index":"index","follow":"follow","max-snippet":"max-snippet:-1","max-image-preview":"max-image-preview:large","max-video-preview":"max-video-preview:-1"},"canonical":"https:\/\/www.legalvision.fr\/guides-juridiques\/metier\/artisan-commercant-les-differences\/","og_locale":"fr_FR","og_type":"article","og_title":"Artisan-commer\u00e7ant : Quel est votre statut ? Toutes les diff\u00e9rences","og_description":"Vous exercez une activit\u00e9 d'artisan-commer\u00e7ant et ne savez pas quel est votre statut ? D\u00e9couvrez toutes les diff\u00e9rences !","og_url":"https:\/\/www.legalvision.fr\/guides-juridiques\/metier\/artisan-commercant-les-differences\/","og_site_name":"Guides juridiques","article_author":"https:\/\/fr-fr.facebook.com\/legalvision.fr\/","article_published_time":"2019-05-28T06:30:16+00:00","article_modified_time":"2023-01-10T16:07:11+00:00","og_image":[{"width":958,"height":350,"url":"https:\/\/www.legalvision.fr\/guides-juridiques\/wp-content\/uploads\/2019\/05\/artisan-commer\u00e7ant.jpg","type":"image\/jpeg"}],"author":"L\u00e9on Nari","twitter_card":"summary_large_image","twitter_creator":"@https:\/\/twitter.com\/legalvision_fr?lang=fr","twitter_misc":{"\u00c9crit par":"L\u00e9on Nari","Dur\u00e9e de lecture estim\u00e9e":"7 minutes"},"schema":{"@context":"https:\/\/schema.org","@graph":[{"@type":"Article","@id":"https:\/\/www.legalvision.fr\/guides-juridiques\/metier\/artisan-commercant-les-differences\/#article","isPartOf":{"@id":"https:\/\/www.legalvision.fr\/guides-juridiques\/metier\/artisan-commercant-les-differences\/"},"author":{"name":"L\u00e9on Nari","@id":"https:\/\/www.legalvision.fr\/guides-juridiques\/#\/schema\/person\/52f8566bb297588b7e01ab67c5fdbaf8"},"headline":"Le statut artisan-commer\u00e7ant : d\u00e9finition et formalit\u00e9s juridiques","datePublished":"2019-05-28T06:30:16+00:00","dateModified":"2023-01-10T16:07:11+00:00","mainEntityOfPage":{"@id":"https:\/\/www.legalvision.fr\/guides-juridiques\/metier\/artisan-commercant-les-differences\/"},"wordCount":1402,"commentCount":0,"publisher":{"@id":"https:\/\/www.legalvision.fr\/guides-juridiques\/#organization"},"image":{"@id":"https:\/\/www.legalvision.fr\/guides-juridiques\/metier\/artisan-commercant-les-differences\/#primaryimage"},"thumbnailUrl":"https:\/\/www.legalvision.fr\/guides-juridiques\/wp-content\/uploads\/2019\/05\/artisan-commer\u00e7ant.jpg","articleSection":["M\u00e9tier"],"inLanguage":"fr-FR","potentialAction":[{"@type":"CommentAction","name":"Comment","target":["https:\/\/www.legalvision.fr\/guides-juridiques\/metier\/artisan-commercant-les-differences\/#respond"]}]},{"@type":"WebPage","@id":"https:\/\/www.legalvision.fr\/guides-juridiques\/metier\/artisan-commercant-les-differences\/","url":"https:\/\/www.legalvision.fr\/guides-juridiques\/metier\/artisan-commercant-les-differences\/","name":"Artisan-commer\u00e7ant : Quel est votre statut ? Toutes les diff\u00e9rences","isPartOf":{"@id":"https:\/\/www.legalvision.fr\/guides-juridiques\/#website"},"primaryImageOfPage":{"@id":"https:\/\/www.legalvision.fr\/guides-juridiques\/metier\/artisan-commercant-les-differences\/#primaryimage"},"image":{"@id":"https:\/\/www.legalvision.fr\/guides-juridiques\/metier\/artisan-commercant-les-differences\/#primaryimage"},"thumbnailUrl":"https:\/\/www.legalvision.fr\/guides-juridiques\/wp-content\/uploads\/2019\/05\/artisan-commer\u00e7ant.jpg","datePublished":"2019-05-28T06:30:16+00:00","dateModified":"2023-01-10T16:07:11+00:00","description":"Vous exercez une activit\u00e9 d'artisan-commer\u00e7ant et ne savez pas quel est votre statut ? D\u00e9couvrez toutes les diff\u00e9rences !","breadcrumb":{"@id":"https:\/\/www.legalvision.fr\/guides-juridiques\/metier\/artisan-commercant-les-differences\/#breadcrumb"},"inLanguage":"fr-FR","potentialAction":[{"@type":"ReadAction","target":["https:\/\/www.legalvision.fr\/guides-juridiques\/metier\/artisan-commercant-les-differences\/"]}]},{"@type":"ImageObject","inLanguage":"fr-FR","@id":"https:\/\/www.legalvision.fr\/guides-juridiques\/metier\/artisan-commercant-les-differences\/#primaryimage","url":"https:\/\/www.legalvision.fr\/guides-juridiques\/wp-content\/uploads\/2019\/05\/artisan-commer\u00e7ant.jpg","contentUrl":"https:\/\/www.legalvision.fr\/guides-juridiques\/wp-content\/uploads\/2019\/05\/artisan-commer\u00e7ant.jpg","width":958,"height":350,"caption":"artisan-commer\u00e7ant"},{"@type":"BreadcrumbList","@id":"https:\/\/www.legalvision.fr\/guides-juridiques\/metier\/artisan-commercant-les-differences\/#breadcrumb","itemListElement":[{"@type":"ListItem","position":1,"name":"Accueil","item":"https:\/\/www.legalvision.fr\/guides-juridiques\/"},{"@type":"ListItem","position":2,"name":"M\u00e9tier","item":"https:\/\/www.legalvision.fr\/guides-juridiques\/metier\/"},{"@type":"ListItem","position":3,"name":"Le statut artisan-commer\u00e7ant : d\u00e9finition et formalit\u00e9s juridiques"}]},{"@type":"WebSite","@id":"https:\/\/www.legalvision.fr\/guides-juridiques\/#website","url":"https:\/\/www.legalvision.fr\/guides-juridiques\/","name":"Guides juridiques","description":"L&#039;information juridique \u00e0 destination des entreprises et TPE","publisher":{"@id":"https:\/\/www.legalvision.fr\/guides-juridiques\/#organization"},"potentialAction":[{"@type":"SearchAction","target":{"@type":"EntryPoint","urlTemplate":"https:\/\/www.legalvision.fr\/guides-juridiques\/?s={search_term_string}"},"query-input":{"@type":"PropertyValueSpecification","valueRequired":true,"valueName":"search_term_string"}}],"inLanguage":"fr-FR"},{"@type":"Organization","@id":"https:\/\/www.legalvision.fr\/guides-juridiques\/#organization","name":"Guides juridiques","url":"https:\/\/www.legalvision.fr\/guides-juridiques\/","logo":{"@type":"ImageObject","inLanguage":"fr-FR","@id":"https:\/\/www.legalvision.fr\/guides-juridiques\/#\/schema\/logo\/image\/","url":"https:\/\/www.legalvision.fr\/guides-juridiques\/wp-content\/uploads\/2022\/10\/LV-Logotype.png","contentUrl":"https:\/\/www.legalvision.fr\/guides-juridiques\/wp-content\/uploads\/2022\/10\/LV-Logotype.png","width":647,"height":125,"caption":"Guides juridiques"},"image":{"@id":"https:\/\/www.legalvision.fr\/guides-juridiques\/#\/schema\/logo\/image\/"}},{"@type":"Person","@id":"https:\/\/www.legalvision.fr\/guides-juridiques\/#\/schema\/person\/52f8566bb297588b7e01ab67c5fdbaf8","name":"L\u00e9on Nari","image":{"@type":"ImageObject","inLanguage":"fr-FR","@id":"https:\/\/www.legalvision.fr\/guides-juridiques\/#\/schema\/person\/image\/","url":"https:\/\/www.legalvision.fr\/guides-juridiques\/wp-content\/uploads\/2023\/07\/homme9-96x96.png","contentUrl":"https:\/\/www.legalvision.fr\/guides-juridiques\/wp-content\/uploads\/2023\/07\/homme9-96x96.png","caption":"L\u00e9on Nari"},"description":"Je suis sp\u00e9cialis\u00e9 en droit et finance. Apr\u00e8s mes \u00e9tudes, j'ai d\u00e9cid\u00e9 de mettre mon savoir \u00e0 disposition des professionnels.","sameAs":["https:\/\/www.legalvision.fr\/","https:\/\/fr-fr.facebook.com\/legalvision.fr\/","https:\/\/fr.linkedin.com\/company\/legalvision-fr","https:\/\/x.com\/https:\/\/twitter.com\/legalvision_fr?lang=fr"],"url":"https:\/\/www.legalvision.fr\/guides-juridiques\/author\/legalvision\/"}]}},"_links":{"self":[{"href":"https:\/\/www.legalvision.fr\/guides-juridiques\/wp-json\/wp\/v2\/posts\/14019","targetHints":{"allow":["GET"]}}],"collection":[{"href":"https:\/\/www.legalvision.fr\/guides-juridiques\/wp-json\/wp\/v2\/posts"}],"about":[{"href":"https:\/\/www.legalvision.fr\/guides-juridiques\/wp-json\/wp\/v2\/types\/post"}],"author":[{"embeddable":true,"href":"https:\/\/www.legalvision.fr\/guides-juridiques\/wp-json\/wp\/v2\/users\/27"}],"replies":[{"embeddable":true,"href":"https:\/\/www.legalvision.fr\/guides-juridiques\/wp-json\/wp\/v2\/comments?post=14019"}],"version-history":[{"count":1,"href":"https:\/\/www.legalvision.fr\/guides-juridiques\/wp-json\/wp\/v2\/posts\/14019\/revisions"}],"predecessor-version":[{"id":38868,"href":"https:\/\/www.legalvision.fr\/guides-juridiques\/wp-json\/wp\/v2\/posts\/14019\/revisions\/38868"}],"wp:featuredmedia":[{"embeddable":true,"href":"https:\/\/www.legalvision.fr\/guides-juridiques\/wp-json\/wp\/v2\/media\/24334"}],"wp:attachment":[{"href":"https:\/\/www.legalvision.fr\/guides-juridiques\/wp-json\/wp\/v2\/media?parent=14019"}],"wp:term":[{"taxonomy":"category","embeddable":true,"href":"https:\/\/www.legalvision.fr\/guides-juridiques\/wp-json\/wp\/v2\/categories?post=14019"},{"taxonomy":"post_tag","embeddable":true,"href":"https:\/\/www.legalvision.fr\/guides-juridiques\/wp-json\/wp\/v2\/tags?post=14019"}],"curies":[{"name":"wp","href":"https:\/\/api.w.org\/{rel}","templated":true}]}}