{"id":14007,"date":"2019-04-26T07:30:06","date_gmt":"2019-04-26T06:30:06","guid":{"rendered":"https:\/\/blog.legalvision.fr\/?p=14007"},"modified":"2024-03-22T11:49:44","modified_gmt":"2024-03-22T10:49:44","slug":"reduction-de-capital-non-motivee-par-des-pertes","status":"publish","type":"post","link":"https:\/\/www.legalvision.fr\/guides-juridiques\/capital\/reduction-de-capital-non-motivee-par-des-pertes\/","title":{"rendered":"Pourquoi faire une r\u00e9duction de capital non motiv\u00e9e par des pertes ?"},"content":{"rendered":"\t\t<div data-elementor-type=\"wp-post\" data-elementor-id=\"14007\" class=\"elementor elementor-14007\" data-elementor-post-type=\"post\">\n\t\t\t\t<div data-particle_enable=\"false\" data-particle-mobile-disabled=\"false\" class=\"elementor-element elementor-element-933b4e8 e-flex e-con-boxed e-con e-parent\" data-id=\"933b4e8\" data-element_type=\"container\" data-e-type=\"container\">\n\t\t\t\t\t<div class=\"e-con-inner\">\n\t\t\t\t<div class=\"elementor-element elementor-element-02b860b elementor-widget elementor-widget-text-editor\" data-id=\"02b860b\" data-element_type=\"widget\" data-e-type=\"widget\" data-widget_type=\"text-editor.default\">\n\t\t\t\t<div class=\"elementor-widget-container\">\n\t\t\t\t\t\t\t\t\t<p style=\"text-align: justify;\">L&rsquo;<strong>augmentation de capital<\/strong> fait partie des choses courantes dans la vie d&rsquo;une entreprise. C&rsquo;est d&rsquo;ailleurs pour cela que lors de la cr\u00e9ation, certaines formes juridiques permettent d&rsquo;opter pour une <a href=\"https:\/\/blog.legalvision.fr\/2019\/04\/09\/societe-a-capital-variable-avantages-et-inconvenients\/\">soci\u00e9t\u00e9 \u00e0 capital variable<\/a>. Toutefois, l&rsquo;inverse est \u00e9galement possible. Une entreprise peut tr\u00e8s bien proc\u00e9der \u00e0 une <strong>r\u00e9duction de capital<\/strong>. Elle peut r\u00e9sulter des pertes. Mais il est tout \u00e0 fait possible d&rsquo;avoir une <strong>r\u00e9duction de capital non motiv\u00e9e par des pertes<\/strong>.<\/p><p style=\"text-align: justify;\">\u00c0 travers cet article, nous allons nous concentrer justement sur la<strong> <a href=\"https:\/\/blog.legalvision.fr\/2017\/06\/20\/interet-reduction-de-capital\/\">r\u00e9duction de capital<\/a><\/strong> <strong>non motiv\u00e9e par des pertes<\/strong>.<\/p><h3 style=\"text-align: justify;\">Sommaire :<\/h3><p style=\"text-align: justify;\"><strong><a href=\"#I\">Pourquoi r\u00e9aliser une r\u00e9duction de capital ?<\/a><\/strong><br \/><strong> <a href=\"#II\">La r\u00e9duction de capital en g\u00e9n\u00e9ral<\/a><\/strong><br \/><strong> <a href=\"#III\">La r\u00e9duction du capital non motiv\u00e9e par des pertes dans la SARL<\/a><\/strong><br \/><strong><a href=\"#IV\">La r\u00e9duction de capital SAS non motiv\u00e9e par des pertes<\/a><\/strong><\/p><p style=\"text-align: justify;\">\u00a0<\/p>\t\t\t\t\t\t\t\t<\/div>\n\t\t\t\t<\/div>\n\t\t\t\t\t<\/div>\n\t\t\t\t<\/div>\n\t\t<div data-particle_enable=\"false\" data-particle-mobile-disabled=\"false\" class=\"elementor-element elementor-element-9f087cf e-flex e-con-boxed e-con e-parent\" data-id=\"9f087cf\" data-element_type=\"container\" data-e-type=\"container\">\n\t\t\t\t\t<div class=\"e-con-inner\">\n\t\t\t\t<div class=\"elementor-element elementor-element-25065fd6 elementor-widget elementor-widget-heading\" data-id=\"25065fd6\" data-element_type=\"widget\" data-e-type=\"widget\" data-widget_type=\"heading.default\">\n\t\t\t\t<div class=\"elementor-widget-container\">\n\t\t\t\t\t<h2 class=\"elementor-heading-title elementor-size-default\">Nos outils pour vous aider : <\/h2>\t\t\t\t<\/div>\n\t\t\t\t<\/div>\n\t\t\t\t\t<\/div>\n\t\t\t\t<\/div>\n\t\t<div data-particle_enable=\"false\" data-particle-mobile-disabled=\"false\" class=\"elementor-element elementor-element-3b7191b6 e-flex e-con-boxed e-con e-parent\" data-id=\"3b7191b6\" data-element_type=\"container\" data-e-type=\"container\">\n\t\t\t\t\t<div class=\"e-con-inner\">\n\t\t<div data-particle_enable=\"false\" data-particle-mobile-disabled=\"false\" class=\"elementor-element elementor-element-1fe9ea3 e-con-full e-flex e-con e-child\" data-id=\"1fe9ea3\" data-element_type=\"container\" data-e-type=\"container\">\n\t\t\t\t<div class=\"elementor-element elementor-element-2e1ce3c4 elementor-widget elementor-widget-button\" data-id=\"2e1ce3c4\" data-element_type=\"widget\" data-e-type=\"widget\" data-widget_type=\"button.default\">\n\t\t\t\t<div class=\"elementor-widget-container\">\n\t\t\t\t\t\t\t\t\t<div class=\"elementor-button-wrapper\">\n\t\t\t\t\t<a class=\"elementor-button elementor-button-link elementor-size-sm\" href=\"https:\/\/leonard.fr\/juridique\/modification-societe\/reduire-le-montant-de-mon-capital-social\/?utm_source=blog&#038;utm_medium=CTA&#038;utm_campaign=pourquoi_faire_reduction_capital_non_motivee_par_des_pertes&#038;utm_id=reduction_capital_blog\" target=\"_blank\">\n\t\t\t\t\t\t<span class=\"elementor-button-content-wrapper\">\n\t\t\t\t\t\t\t\t\t<span class=\"elementor-button-text\">R\u00e9duisez le capital de votre soci\u00e9t\u00e9<\/span>\n\t\t\t\t\t<\/span>\n\t\t\t\t\t<\/a>\n\t\t\t\t<\/div>\n\t\t\t\t\t\t\t\t<\/div>\n\t\t\t\t<\/div>\n\t\t\t\t<\/div>\n\t\t<div data-particle_enable=\"false\" data-particle-mobile-disabled=\"false\" class=\"elementor-element elementor-element-7aa7c40f e-con-full e-flex e-con e-child\" data-id=\"7aa7c40f\" data-element_type=\"container\" data-e-type=\"container\">\n\t\t\t\t<div class=\"elementor-element elementor-element-6f098039 elementor-widget elementor-widget-button\" data-id=\"6f098039\" data-element_type=\"widget\" data-e-type=\"widget\" data-widget_type=\"button.default\">\n\t\t\t\t<div class=\"elementor-widget-container\">\n\t\t\t\t\t\t\t\t\t<div class=\"elementor-button-wrapper\">\n\t\t\t\t\t<a class=\"elementor-button elementor-button-link elementor-size-sm\" href=\"https:\/\/meetings.hubspot.com\/global\/leonard-rendez-vous-gratuit-avec-un-juriste?utm_source=blog&#038;utm_medium=CTA&#038;utm_campaign=pourquoi_faire_reduction_capital_non_motivee_par_des_pertes&#038;utm_id=reduction_capital_blog\" target=\"_blank\">\n\t\t\t\t\t\t<span class=\"elementor-button-content-wrapper\">\n\t\t\t\t\t\t\t\t\t<span class=\"elementor-button-text\">Soyez rappel\u00e9 par un juriste gratuitement<\/span>\n\t\t\t\t\t<\/span>\n\t\t\t\t\t<\/a>\n\t\t\t\t<\/div>\n\t\t\t\t\t\t\t\t<\/div>\n\t\t\t\t<\/div>\n\t\t\t\t<\/div>\n\t\t<div data-particle_enable=\"false\" data-particle-mobile-disabled=\"false\" class=\"elementor-element elementor-element-a355414 e-con-full e-flex e-con e-child\" data-id=\"a355414\" data-element_type=\"container\" data-e-type=\"container\">\n\t\t\t\t<div class=\"elementor-element elementor-element-2d296ddd elementor-widget elementor-widget-button\" data-id=\"2d296ddd\" data-element_type=\"widget\" data-e-type=\"widget\" data-widget_type=\"button.default\">\n\t\t\t\t<div class=\"elementor-widget-container\">\n\t\t\t\t\t\t\t\t\t<div class=\"elementor-button-wrapper\">\n\t\t\t\t\t<a class=\"elementor-button elementor-button-link elementor-size-sm\" href=\"https:\/\/share.hsforms.com\/1MCz4iJkPSsaIbYWlbzl6vw1oyza?utm_source=blog&#038;utm_medium=CTA&#038;utm_campaign=pourquoi_faire_reduction_capital_non_motivee_par_des_pertes&#038;utm_id=reduction_capital_blog\" target=\"_blank\">\n\t\t\t\t\t\t<span class=\"elementor-button-content-wrapper\">\n\t\t\t\t\t\t\t\t\t<span class=\"elementor-button-text\">Obtenez votre annonce l\u00e9gale<\/span>\n\t\t\t\t\t<\/span>\n\t\t\t\t\t<\/a>\n\t\t\t\t<\/div>\n\t\t\t\t\t\t\t\t<\/div>\n\t\t\t\t<\/div>\n\t\t\t\t<\/div>\n\t\t\t\t\t<\/div>\n\t\t\t\t<\/div>\n\t\t<div data-particle_enable=\"false\" data-particle-mobile-disabled=\"false\" class=\"elementor-element elementor-element-2f2ced73 e-flex e-con-boxed e-con e-parent\" data-id=\"2f2ced73\" data-element_type=\"container\" data-e-type=\"container\">\n\t\t\t\t\t<div class=\"e-con-inner\">\n\t\t\t\t<div class=\"elementor-element elementor-element-41190459 elementor-widget elementor-widget-text-editor\" data-id=\"41190459\" data-element_type=\"widget\" data-e-type=\"widget\" data-widget_type=\"text-editor.default\">\n\t\t\t\t<div class=\"elementor-widget-container\">\n\t\t\t\t\t\t\t\t\t<h2>\u00a0<\/h2><h2>\u00a0<\/h2><h2 id=\"I\">Pourquoi r\u00e9aliser une r\u00e9duction de capital ?<\/h2><p><span style=\"font-weight: 400;\">Tout d\u2019abord, la <\/span><a href=\"https:\/\/www.legalvision.fr\/modification-statuts\/reduction-de-capital\/\"><b>r\u00e9duction de capital<\/b><\/a><span style=\"font-weight: 400;\"> est une op\u00e9ration tout \u00e0 fait plausible dans la vie de l\u2019entreprise.<\/span><\/p><p><span style=\"font-weight: 400;\">La r\u00e9duction du capital peut \u00eatre ou non motiv\u00e9e par les pertes, ce qui implique le respect d\u2019une proc\u00e9dure sp\u00e9cifique qui va \u00e9galement d\u00e9pendre de la forme de la soci\u00e9t\u00e9 (SARL, SA, SAS, etc.) et de la mani\u00e8re dont les statuts ont \u00e9t\u00e9 r\u00e9dig\u00e9s.<\/span><\/p><p><span style=\"font-weight: 400;\">Cette op\u00e9ration peut se justifier pour diverses raisons.\u00a0<\/span><\/p><p><span style=\"font-weight: 400;\">Celle-ci peut s\u2019expliquer notamment par un <\/span><b>capital social<\/b><span style=\"font-weight: 400;\"> qui n\u2019est plus justifi\u00e9 vis-\u00e0-vis de la situation de l\u2019entreprise<\/span><span style=\"font-weight: 400;\"> (le capital est trop \u00e9lev\u00e9 par rapport \u00e0 l\u2019activit\u00e9 de la soci\u00e9t\u00e9).<\/span><span style=\"font-weight: 400;\"> Mais elle peut \u00e9galement correspondre \u00e0 une <\/span><b>injection trop importante par les associ\u00e9s<\/b><span style=\"font-weight: 400;\"> dans le capital social de d\u00e9part. Ces associ\u00e9s souhaitent alors r\u00e9cup\u00e9rer une partie du capital investi.<\/span><\/p><p><span style=\"font-weight: 400;\">La raison premi\u00e8re en principe lorsque l\u2019on parle de r\u00e9duction de capital, c\u2019est l\u2019hypoth\u00e8se o\u00f9 l\u2019entreprise conna\u00eet des situations de <\/span><b>tr\u00e9sorerie<\/b><span style=\"font-weight: 400;\"> d\u00e9licates. Mais comme dit pr\u00e9c\u00e9demment, cela peut \u00eatre une d\u00e9marche purement volontaire de la part des associ\u00e9s.<\/span><\/p><p><span style=\"font-weight: 400;\">Le plus souvent, cette r\u00e9duction s\u2019op\u00e8re car la soci\u00e9t\u00e9 subit des pertes importantes et souhaite les r\u00e9sorber par la r\u00e9duction de capital. Les pertes figurent en n\u00e9gatif dans les capitaux propres. En outre, quand ces derniers repr\u00e9sentent moins de la moiti\u00e9 du capital social, la loi impose une proc\u00e9dure de reconstitution des capitaux propres.<\/span><\/p><p><span style=\"font-weight: 400;\">La r\u00e9duction peut \u00e9galement intervenir avant l\u2019entr\u00e9e de nouveaux associ\u00e9s, par le biais de ce qui s\u2019appelle \u201cle coup d\u2019accord\u00e9on\u201d. C\u2019est \u00e9galement une op\u00e9ration qui peut intervenir lorsqu\u2019un associ\u00e9 souhaite sortir de la soci\u00e9t\u00e9. <\/span><\/p><h2 id=\"II\">\u00a0<\/h2><h2 id=\"II\">La r\u00e9duction de capital en g\u00e9n\u00e9ral<\/h2><p><span style=\"font-weight: 400;\">La r\u00e9duction de capital social est une op\u00e9ration juridique qui consiste \u00e0 diminuer le montant du capital social de la soci\u00e9t\u00e9.<\/span><\/p><p><span style=\"font-weight: 400;\">Cette op\u00e9ration peut \u00eatre justifi\u00e9e dans deux situations :\u00a0<\/span><\/p><div><span style=\"font-family: Montserrat;\">\u00a0<\/span><\/div><ul><li style=\"font-weight: 400;\" aria-level=\"1\"><span style=\"font-weight: 400;\">Lorsqu\u2019elle est motiv\u00e9e par des pertes\u00a0<\/span><\/li><\/ul><p><span style=\"font-weight: 400;\">Dans ce cas de figure, la soci\u00e9t\u00e9 a subi des pertes qui ne peuvent pas \u00eatre absorb\u00e9es par ses r\u00e9serves ou par un report de d\u00e9ficit. Ainsi, r\u00e9duire le capital social de l\u2019entreprise va permettre de reconstituer les capitaux propres pour qu&rsquo;ils soient de nouveau sup\u00e9rieurs \u00e0 la moiti\u00e9 du capital social.<\/span><\/p><p><b style=\"font-family: var(--e-global-typography-primary-font-family); text-align: var(--text-align); background-color: var( --e-global-color-f8847cf ); color: var( --e-global-color-text ); font-size: var( --e-global-typography-text-font-size ); font-style: var( --e-global-typography-text-font-style ); text-transform: var( --e-global-typography-text-text-transform );\">Bon \u00e0 savoir :<\/b><span style=\"font-family: var(--e-global-typography-primary-font-family); text-align: var(--text-align); background-color: var( --e-global-color-f8847cf ); color: var( --e-global-color-text ); font-size: var( --e-global-typography-text-font-size ); font-style: var( --e-global-typography-text-font-style ); text-transform: var( --e-global-typography-text-text-transform );\"> lorsque la soci\u00e9t\u00e9 conna\u00eet des difficult\u00e9s financi\u00e8res et que ses capitaux propres sont inf\u00e9rieurs \u00e0 la moiti\u00e9 du capital social, la r\u00e9duction de capital peut \u00eatre suivie d&rsquo;une augmentation de capital. Cette technique permet d&rsquo;apurer le passif, c&rsquo;est ce qu&rsquo;on appelle un \u00ab coup d&rsquo;accord\u00e9on \u00bb.<\/span><\/p><div><span style=\"font-family: Montserrat;\">\u00a0<\/span><\/div><ul><li style=\"font-weight: 400;\" aria-level=\"1\"><span style=\"font-weight: 400;\">Lorsqu\u2019elle n\u2019est pas motiv\u00e9e par des pertes\u00a0<\/span><\/li><\/ul><p><span style=\"font-weight: 400;\">Il se peut qu\u2019au cours de son exercice, le capital social n&rsquo;est plus conforme \u00e0 la dimension de la soci\u00e9t\u00e9 ou \u00e0 son volume d&rsquo;activit\u00e9, si celui-ci diminue.\u00a0<\/span><\/p><p><span style=\"font-weight: 400;\">Il peut \u00eatre judicieux de proc\u00e9der \u00e0 une r\u00e9duction, ce qui permettra notamment aux associ\u00e9s de r\u00e9cup\u00e9rer une partie de leurs apports.\u00a0<\/span><\/p><p><span style=\"font-weight: 400;\">Parfois, elle se justifie par une injection trop importante par les associ\u00e9s dans le capital social de d\u00e9part. Ces associ\u00e9s souhaitent alors r\u00e9cup\u00e9rer une partie du capital investi.<\/span><\/p><p style=\"text-align: justify;\">Pour diminuer le capital social d&rsquo;une soci\u00e9t\u00e9, il suffit pour les associ\u00e9s de <strong>s&rsquo;accorder dans une d\u00e9cision<\/strong> sur la r\u00e9alisation de la formalit\u00e9. Cela peut notamment passer par <strong>une diminution de la valeur nominale des actions ou parts sociales, voire \u00e0 une diminution des actions ou parts sociales<\/strong>.<\/p><p style=\"text-align: justify;\">Aussi, pour diminuer la soci\u00e9t\u00e9 peut d\u00e9cider de racheter les parts ou actions des associ\u00e9s sans les revendre. On aura donc une situation ou le nombre d&rsquo;associ\u00e9 diminue tout en conservant le nombre d&rsquo;actions ou parts d\u00e9tenues par chaque associ\u00e9.<\/p><p style=\"text-align: justify;\">Cela peut aussi correspondre \u00e0 la diminution de la quantit\u00e9 d&rsquo;actions ou parts des associ\u00e9s, et ce sans les racheter.<\/p><h2>\u00a0<\/h2><h2>Quels sont les moyens de proc\u00e9der \u00e0 une r\u00e9duction du capital social ?<span style=\"font-weight: 400;\">\u00a0<\/span><\/h2><p><span style=\"font-weight: 400;\">Les associ\u00e9s peuvent librement choisir de proc\u00e9der \u00e0 une r\u00e9duction du capital social de plusieurs mani\u00e8res :\u00a0<\/span><\/p><div><span style=\"font-family: Montserrat;\">\u00a0<\/span><\/div><ul><li style=\"font-weight: 400;\" aria-level=\"1\"><span style=\"font-weight: 400;\">En diminuant le nombre de parts sociales (les titres)<\/span><\/li><\/ul><p><span style=\"font-weight: 400;\">Dans ce cas de figure, la valeur nominale des parts reste la m\u00eame mais le nombre de parts sociales va diminuer.\u00a0<\/span><\/p><p><span style=\"font-weight: 400;\">Par exemple, si une soci\u00e9t\u00e9 dispose d\u2019une capital social de 1 000 \u20ac r\u00e9parti en 10 parts sociales, la valeur de chaque part est de 100 \u20ac. Si les associ\u00e9s font le choix de diminuer le nombre de parts sociales \u00e0 5 sans pour autant en changer la valeur, le capital social de l\u2019entreprise est de 500 \u20ac.\u00a0<\/span><\/p><div><span style=\"font-family: Montserrat;\">\u00a0<\/span><\/div><ul><li style=\"font-weight: 400;\" aria-level=\"1\"><span style=\"font-weight: 400;\">En diminuant la valeur nominale des parts sociales\u00a0<\/span><\/li><\/ul><p><span style=\"font-weight: 400;\">Dans cet exemple, les associ\u00e9s pr\u00e9f\u00e8rent diminuer la valeur des titres, sans pour autant modifier leur nombre.\u00a0<\/span><\/p><p><span style=\"font-weight: 400;\">Ainsi, si la soci\u00e9t\u00e9 dispose de 1 000 \u20ac de capital social r\u00e9parti en 10 parts sociales, pour une valeur de 100 \u20ac, alors la diminution de la valeur \u00e0 50 \u20ac pour chaque part va diminuer le capital social pour moiti\u00e9.\u00a0<\/span><\/p><div><span style=\"font-family: Montserrat;\">\u00a0<\/span><\/div><ul><li style=\"font-weight: 400;\" aria-level=\"1\"><span style=\"font-weight: 400;\">En proc\u00e9dant au rachat de parts sociales par le g\u00e9rant de la soci\u00e9t\u00e9 en vue de leur annulation\u00a0<\/span><\/li><\/ul><p><span style=\"font-weight: 400;\">Cette possibilit\u00e9 permet au g\u00e9rant de proc\u00e9der au rachat des parts sociales, au nom de la soci\u00e9t\u00e9, afin de les annuler.\u00a0<\/span><\/p><p><span style=\"font-weight: 400;\">Ce rachat est tr\u00e8s utilis\u00e9 lorsqu\u2019un associ\u00e9 souhaite vendre ses parts sociales sans pour autant pouvoir se retirer de la soci\u00e9t\u00e9 en raison d\u2019un d\u00e9faut d&rsquo;agr\u00e9ment des autres associ\u00e9s.\u00a0<\/span><\/p><p><b style=\"font-family: var(--e-global-typography-primary-font-family); text-align: var(--text-align); background-color: var( --e-global-color-f8847cf ); color: var( --e-global-color-text ); font-size: var( --e-global-typography-text-font-size ); font-style: var( --e-global-typography-text-font-style ); text-transform: var( --e-global-typography-text-text-transform );\">Attention :<\/b><span style=\"font-family: var(--e-global-typography-primary-font-family); text-align: var(--text-align); background-color: var( --e-global-color-f8847cf ); color: var( --e-global-color-text ); font-size: var( --e-global-typography-text-font-size ); font-style: var( --e-global-typography-text-font-style ); text-transform: var( --e-global-typography-text-text-transform );\"> la r\u00e9duction de capital social ob\u00e9it \u00e0 un principe d\u2019\u00e9galit\u00e9 de traitement entre les associ\u00e9s. Cela signifie que la baisse du capital doit \u00eatre r\u00e9partie de mani\u00e8re proportionnelle entre chaque associ\u00e9.<\/span><\/p><h2 id=\"III\">\u00a0<\/h2><h2 id=\"III\">La r\u00e9duction du capital non motiv\u00e9e par des pertes dans la SARL<\/h2><h3 style=\"text-align: justify;\">1\u00e8re \u00e9tape : Le projet de r\u00e9daction et le d\u00e9lai d&rsquo;opposition.<\/h3><p style=\"text-align: justify;\">Dans un premier temps, lorsque la SARL souhaite r\u00e9aliser la <a href=\"https:\/\/www.legifrance.gouv.fr\/affichCodeArticle.do?idArticle=LEGIARTI000006223287&amp;cidTexte=LEGITEXT000005634379\">r\u00e9duction de son capital<\/a>, il faut <strong>d\u00e9poser le projet<\/strong> de r\u00e9duction du capital. Pour cela, il faut que le <strong>projet de r\u00e9duction du capital non motiv\u00e9e<\/strong> par les pertes soit adopt\u00e9 par l&rsquo;<strong>assembl\u00e9e des associ\u00e9s<\/strong> qui <strong>repr\u00e9sente 3\/4 des parts sociales<\/strong>.\u00a0Attention, le projet de r\u00e9duction du capital non motiv\u00e9e par des pertes doit \u00eatre communiqu\u00e9 au <a href=\"https:\/\/blog.legalvision.fr\/2018\/12\/28\/nomination-commissaire-aux-comptes\/\"><strong>commissaire aux comptes<\/strong><\/a> au moins 45\u00a0jours avant la date de l\u2019assembl\u00e9e g\u00e9n\u00e9rale.<\/p><p style=\"text-align: justify;\">De plus, <strong>deux copies certifi\u00e9es conformes par le g\u00e9rant ou par toute personne habilit\u00e9e par les textes<\/strong> relatifs \u00e0 la <a href=\"https:\/\/www.legalvision.fr\/creation-dentreprise\/creer-une-sarl\/\">SARL <\/a>du proc\u00e8s verbal seront \u00e0 d\u00e9poser au greffe du tribunal de commerce dans le mois suivant la tenue de l&rsquo;assembl\u00e9e.<\/p><p style=\"text-align: justify;\">Une fois le d\u00e9p\u00f4t fait, un <strong>d\u00e9lai d&rsquo;opposition<\/strong> commence \u00e0 courir \u00e0 partir de la date du d\u00e9p\u00f4t. En d&rsquo;autres termes, c&rsquo;est \u00e0 compter de cette date que les cr\u00e9anciers de la soci\u00e9t\u00e9 peuvent s&rsquo;opposer \u00e0 la d\u00e9cision de r\u00e9duction du capital non motiv\u00e9e par des pertes. Ce d\u00e9lai d&rsquo;opposition est alors d&rsquo;<strong>un mois<\/strong>. Aussi, il est important de ne pas mettre en oeuvre les op\u00e9rations de r\u00e9duction du capital pendant le d\u00e9lai d&rsquo;opposition.<\/p><h3 style=\"text-align: justify;\">\u00a0<\/h3><h3 style=\"text-align: justify;\">2\u00e8me \u00e9tape : Apr\u00e8s le d\u00e9lai d&rsquo;opposition.<\/h3><p style=\"text-align: justify;\">Une fois le d\u00e9lai d&rsquo;opposition pass\u00e9, il faut r\u00e9aliser la modification du <a href=\"https:\/\/blog.legalvision.fr\/2018\/04\/13\/capital-social\/\">capital social<\/a> aupr\u00e8s du RCS. Cette op\u00e9ration est alors possible si et seulement si <strong>aucune opposition<\/strong> n&rsquo;a eu lieu. Elle peut encore \u00eatre possible apr\u00e8s une <strong>d\u00e9cision de justice<\/strong>. Pour r\u00e9aliser la modification du capital aupr\u00e8s du RCS, il faut un certain nombre de pi\u00e8ces, \u00e0 savoir :<\/p><div style=\"text-align: justify;\"><span style=\"font-family: Montserrat;\">\u00a0<\/span><\/div><ul style=\"text-align: justify;\"><li>Deux copies certifi\u00e9es conformes par le g\u00e9rant ou par toute personne habilit\u00e9e par les textes relatifs \u00e0 la SARL de l&rsquo;acte adoptant la d\u00e9cision du r\u00e9duction du capital non motiv\u00e9e par des pertes ainsi que l&rsquo;accord pour <a href=\"https:\/\/www.legalvision.fr\/modification-statuts\/\">modification des statuts<\/a>. Ces deux exemplaires sont \u00e0 timbrer et enregistrer aux services des imp\u00f4ts.<\/li><\/ul><div style=\"text-align: justify;\"><span style=\"font-family: Montserrat;\">\u00a0<\/span><\/div><ul style=\"text-align: justify;\"><li>Deux exemplaires certifi\u00e9s conformes par le g\u00e9rant ou par toute personne habilit\u00e9e par les textes relatifs \u00e0 la SARL du proc\u00e8s verbal des statuts mis \u00e0 jour conform\u00e9ment \u00e0 la d\u00e9cision prise par les associ\u00e9s en amont.<\/li><\/ul><div style=\"text-align: justify;\"><span style=\"font-family: Montserrat;\">\u00a0<\/span><\/div><ul style=\"text-align: justify;\"><li>Le <a href=\"https:\/\/blog.legalvision.fr\/2018\/05\/10\/formulaire-m2\/\">formulaire M2<\/a> compl\u00e9t\u00e9 et sign\u00e9 en trois exemplaires. Un exemplaire de ce M2 sera alors destin\u00e9 au CFE tandis que les autres seront \u00e0 destination du greffe.<\/li><\/ul><div style=\"text-align: justify;\"><span style=\"font-family: Montserrat;\">\u00a0<\/span><\/div><ul style=\"text-align: justify;\"><li>Le pouvoir sign\u00e9 par le g\u00e9rant si celui-ci n&rsquo;est pas signataire du formulaire M2. C&rsquo;est notamment le cas en cas de mandat.<\/li><\/ul><div style=\"text-align: justify;\"><span style=\"font-family: Montserrat;\">\u00a0<\/span><\/div><ul style=\"text-align: justify;\"><li>L&rsquo;attestation du parution de l&rsquo;avis de modification dans un journal d&rsquo;annonce l\u00e9gale.<\/li><\/ul><h2 id=\"IV\">\u00a0<\/h2><h2 id=\"IV\">La r\u00e9duction de capital\u00a0SAS\u00a0non motiv\u00e9e par des pertes<\/h2><p style=\"text-align: justify;\">Tout comme pour la SARL, la <a href=\"https:\/\/www.legifrance.gouv.fr\/affichCode.do;jsessionid=A2DEAEBD91678DDD9E6B5D41DAB69FC6.tplgfr28s_1?idSectionTA=LEGISCTA000006178841&amp;cidTexte=LEGITEXT000005634379&amp;dateTexte=20190424\">r\u00e9duction de capital<\/a> non motiv\u00e9e par des pertes est possible en<strong> SAS<\/strong>. On distingue deux situations. Tout d&rsquo;abord, la r\u00e9duction de capital non motiv\u00e9e par des pertes peut ouvrir au <strong>d\u00e9part d&rsquo;un des actionnaires<\/strong> de la soci\u00e9t\u00e9 sans avoir \u00e0 proc\u00e9der \u00e0 une cession des actions. La r\u00e9duction de capital constitue une alternative \u00e0 l&rsquo;op\u00e9ration de cession des actions qui n\u00e9cessite la recherche d&rsquo;un cessionnaire. Ici, la <strong>soci\u00e9t\u00e9 rach\u00e8te ainsi les titres du c\u00e9dant ou alors proc\u00e8de \u00e0 leur annulation pure et simple<\/strong>.<\/p><p style=\"text-align: justify;\">Ensuite, la r\u00e9duction de capital non motiv\u00e9e par des pertes peut \u00eatre utilis\u00e9e pour que <strong>les actionnaires r\u00e9cup\u00e8rent une partie de leur apport<\/strong>. Cela est possible si le montant du capital de la <a href=\"https:\/\/www.legalvision.fr\/creation-dentreprise\/creer-une-sas\/\">SAS <\/a>semble injustement \u00e9lev\u00e9.<\/p><p style=\"text-align: justify;\">Concernant la proc\u00e9dure, celle-ci diverge selon la motivation derri\u00e8re la r\u00e9duction de capital. Ainsi, si l&rsquo;objectif est de r\u00e9duire le nombre d&rsquo;actions dans le cas d&rsquo;un d\u00e9part d&rsquo;actionnaire, il faut que la soci\u00e9t\u00e9 rach\u00e8te les actions concern\u00e9es et les annule. C&rsquo;est cette diminution d&rsquo;actions qui vaudra alors une\u00a0r\u00e9duction\u00a0de capital. En revanche, si la soci\u00e9t\u00e9 veut diminuer la valeur nominale des actions, pour permettre un remboursement d&rsquo;une partie du capital initial inject\u00e9 dans la soci\u00e9t\u00e9, il faut alors r\u00e9mun\u00e9rer les actionnaires au niveau de la diff\u00e9rence entre la valeur initiale et la valeur nouvelle.<\/p><p style=\"text-align: justify;\">Toujours est-il qu&rsquo;il y aura, <strong>\u00e0 l&rsquo;instar de la SARL<\/strong>, 3 \u00e9tapes :<\/p><h3 style=\"text-align: justify;\">\u00a0<\/h3><h3 style=\"text-align: justify;\">L&rsquo;adoption de la r\u00e9duction de capital par une Assembl\u00e9e G\u00e9n\u00e9rale Extraordinaire<\/h3><p style=\"text-align: justify;\">Elle\u00a0est obligatoire pour la soci\u00e9t\u00e9 qui veut r\u00e9aliser une r\u00e9duction de capital non motiv\u00e9e par pertes. Attention, il est obligatoire d&rsquo;avoir un\u00a0rapport commissaire aux comptes r\u00e9duction de capital en cas d&rsquo;une <a href=\"https:\/\/blog.legalvision.fr\/2019\/01\/02\/obligation-commissaire-aux-comptes\/\">obligation commissaire aux comptes<\/a>.<\/p><p style=\"text-align: justify;\">Par ailleurs, la r\u00e9duction de capital non motiv\u00e9e par des pertes doit respecter le <strong>principe d&rsquo;\u00e9galit\u00e9 des actionnaires<\/strong>. Une exception r\u00e9side en cas de d\u00e9part d&rsquo;actionnaire. En outre, lors de la d\u00e9lib\u00e9ration soumise au vote en <a href=\"https:\/\/blog.legalvision.fr\/2018\/07\/29\/assemblee-generale\/\">Assembl\u00e9e G\u00e9n\u00e9rale<\/a>, il faut\u00a0proposer le rachat des titres dans les m\u00eames conditions pour chacun des actionnaires.<\/p><h3 style=\"text-align: justify;\">\u00a0<\/h3><h3 style=\"text-align: justify;\">Laisser courir le d\u00e9lai d&rsquo;opposition des cr\u00e9anciers<\/h3><p style=\"text-align: justify;\">Tout comme dans la SARL, dans la SAS, avant la r\u00e9duction de capital, il faut <strong>respecter le d\u00e9lai d&rsquo;opposition<\/strong> des cr\u00e9anciers. Il est un peu plus court dans la SAS que dans la SARL.<\/p><p style=\"text-align: justify;\">En effet, pour les SARL, le <a href=\"https:\/\/www.legifrance.gouv.fr\/affichCodeArticle.do;jsessionid=A2DEAEBD91678DDD9E6B5D41DAB69FC6.tplgfr28s_1?idArticle=LEGIARTI000006225909&amp;cidTexte=LEGITEXT000005634379&amp;dateTexte=20190424\">d\u00e9lai d&rsquo;opposition<\/a> est d&rsquo;un mois. En revanche, pour les SA et les SAS, ce d\u00e9lai d&rsquo;opposition est r\u00e9duit \u00e0 <strong>20 jours<\/strong>.<\/p><h3 style=\"text-align: justify;\">\u00a0<\/h3><h3 style=\"text-align: justify;\">Enregistrer la d\u00e9cision de r\u00e9duction de capital non motiv\u00e9e par des pertes<\/h3><p style=\"text-align: justify;\">Le d\u00e9lai d&rsquo;opposition purg\u00e9, il faut alors proc\u00e9der \u00e0 la r\u00e9duction de capital non motiv\u00e9e par des pertes. Il faut modifier les statuts et accomplir la mise \u00e0 jour aupr\u00e8s du greffe.<\/p><p style=\"text-align: justify;\">ne reste plus qu&rsquo;\u00e0 attendre la validation par le greffe et la mise \u00e0 jour de votre KBIS avec le nouveau capital social !<\/p><p style=\"text-align: justify;\">Si vous cr\u00e9ez votre soci\u00e9t\u00e9, opter pour <strong>une <a href=\"https:\/\/blog.legalvision.fr\/2019\/04\/09\/societe-a-capital-variable-avantages-et-inconvenients\/\">soci\u00e9t\u00e9 \u00e0 capital variable<\/a><\/strong> facilitera la r\u00e9duction de capital.<\/p><div class=\"wp-block-button\" style=\"text-align: center;\">\u00a0<\/div><div class=\"wp-block-button\" style=\"text-align: center;\">\u00a0<\/div><div class=\"wp-block-button\" style=\"text-align: center;\">\u00a0<\/div><div class=\"wp-block-button\" style=\"text-align: center;\">\u00a0<\/div><div class=\"wp-block-button\" style=\"text-align: center;\">\u00a0<\/div><div class=\"wp-block-button\" style=\"text-align: center;\"><a class=\"wp-block-button__link has-background\" href=\"https:\/\/leonard.fr\/juridique\/modification-societe\/reduire-le-montant-de-mon-capital-social\/?utm_source=blog&amp;utm_medium=CTA&amp;utm_campaign=pourquoi_faire_reduction_capital_non_motivee_par_des_pertes&amp;utm_id=reduction_capital_blog\">R\u00e9duisez le capital de votre soci\u00e9t\u00e9<\/a><\/div>\t\t\t\t\t\t\t\t<\/div>\n\t\t\t\t<\/div>\n\t\t\t\t\t<\/div>\n\t\t\t\t<\/div>\n\t\t\t\t<\/div>\n\t\t","protected":false},"excerpt":{"rendered":"<p>L&rsquo;augmentation de capital fait partie des choses courantes dans la vie d&rsquo;une entreprise. C&rsquo;est d&rsquo;ailleurs pour cela que lors de la cr\u00e9ation, certaines formes juridiques permettent d&rsquo;opter pour une soci\u00e9t\u00e9 \u00e0 capital variable. Toutefois, l&rsquo;inverse est \u00e9galement possible. Une entreprise peut tr\u00e8s bien proc\u00e9der \u00e0 une r\u00e9duction de capital. Elle peut r\u00e9sulter des pertes. Mais&hellip; <a class=\"more-link\" href=\"https:\/\/www.legalvision.fr\/guides-juridiques\/capital\/reduction-de-capital-non-motivee-par-des-pertes\/\">Poursuivre la lecture <span class=\"screen-reader-text\">Pourquoi faire une r\u00e9duction de capital non motiv\u00e9e par des pertes ?<\/span><\/a><\/p>\n","protected":false},"author":31,"featured_media":23885,"comment_status":"open","ping_status":"open","sticky":false,"template":"","format":"standard","meta":{"content-type":"","inline_featured_image":false,"footnotes":""},"categories":[2478],"tags":[],"class_list":["post-14007","post","type-post","status-publish","format-standard","has-post-thumbnail","hentry","category-capital","entry"],"yoast_head":"<!-- This site is optimized with the Yoast SEO plugin v27.1.1 - https:\/\/yoast.com\/product\/yoast-seo-wordpress\/ -->\n<title>R\u00e9duction de capital non motiv\u00e9e par des pertes : le guide LegalVision<\/title>\n<meta name=\"description\" content=\"Gr\u00e2ce \u00e0 Legalvision, la r\u00e9duction de capital non motiv\u00e9e par des pertes n&#039;aura plus de secrets pour vous et votre entreprise.\" \/>\n<meta name=\"robots\" content=\"index, follow, max-snippet:-1, max-image-preview:large, max-video-preview:-1\" \/>\n<link rel=\"canonical\" href=\"https:\/\/www.legalvision.fr\/guides-juridiques\/capital\/reduction-de-capital-non-motivee-par-des-pertes\/\" \/>\n<meta property=\"og:locale\" content=\"fr_FR\" \/>\n<meta property=\"og:type\" content=\"article\" \/>\n<meta property=\"og:title\" content=\"R\u00e9duction de capital non motiv\u00e9e par des pertes : le guide LegalVision\" \/>\n<meta property=\"og:description\" content=\"Gr\u00e2ce \u00e0 Legalvision, la r\u00e9duction de capital non motiv\u00e9e par des pertes n&#039;aura plus de secrets pour vous et votre entreprise.\" \/>\n<meta property=\"og:url\" content=\"https:\/\/www.legalvision.fr\/guides-juridiques\/capital\/reduction-de-capital-non-motivee-par-des-pertes\/\" \/>\n<meta property=\"og:site_name\" content=\"Guides juridiques\" \/>\n<meta property=\"article:published_time\" content=\"2019-04-26T06:30:06+00:00\" \/>\n<meta property=\"article:modified_time\" content=\"2024-03-22T10:49:44+00:00\" \/>\n<meta property=\"og:image\" content=\"https:\/\/www.legalvision.fr\/guides-juridiques\/wp-content\/uploads\/2019\/04\/r\u00e9duction-de-capital-non-motiv\u00e9e-par-des-pertes.jpg\" \/>\n\t<meta property=\"og:image:width\" content=\"958\" \/>\n\t<meta property=\"og:image:height\" content=\"350\" \/>\n\t<meta property=\"og:image:type\" content=\"image\/jpeg\" \/>\n<meta name=\"author\" content=\"Anthony Poussin\" \/>\n<meta name=\"twitter:card\" content=\"summary_large_image\" \/>\n<meta name=\"twitter:label1\" content=\"\u00c9crit par\" \/>\n\t<meta name=\"twitter:data1\" content=\"Anthony Poussin\" \/>\n\t<meta name=\"twitter:label2\" content=\"Dur\u00e9e de lecture estim\u00e9e\" \/>\n\t<meta name=\"twitter:data2\" content=\"11 minutes\" \/>\n<script type=\"application\/ld+json\" class=\"yoast-schema-graph\">{\"@context\":\"https:\/\/schema.org\",\"@graph\":[{\"@type\":\"Article\",\"@id\":\"https:\/\/www.legalvision.fr\/guides-juridiques\/capital\/reduction-de-capital-non-motivee-par-des-pertes\/#article\",\"isPartOf\":{\"@id\":\"https:\/\/www.legalvision.fr\/guides-juridiques\/capital\/reduction-de-capital-non-motivee-par-des-pertes\/\"},\"author\":{\"name\":\"Anthony Poussin\",\"@id\":\"https:\/\/www.legalvision.fr\/guides-juridiques\/#\/schema\/person\/ba80b34782bb85458c6f22b5d34f13b9\"},\"headline\":\"Pourquoi faire une r\u00e9duction de capital non motiv\u00e9e par des pertes ?\",\"datePublished\":\"2019-04-26T06:30:06+00:00\",\"dateModified\":\"2024-03-22T10:49:44+00:00\",\"mainEntityOfPage\":{\"@id\":\"https:\/\/www.legalvision.fr\/guides-juridiques\/capital\/reduction-de-capital-non-motivee-par-des-pertes\/\"},\"wordCount\":2282,\"commentCount\":0,\"publisher\":{\"@id\":\"https:\/\/www.legalvision.fr\/guides-juridiques\/#organization\"},\"image\":{\"@id\":\"https:\/\/www.legalvision.fr\/guides-juridiques\/capital\/reduction-de-capital-non-motivee-par-des-pertes\/#primaryimage\"},\"thumbnailUrl\":\"https:\/\/www.legalvision.fr\/guides-juridiques\/wp-content\/uploads\/2019\/04\/r\u00e9duction-de-capital-non-motiv\u00e9e-par-des-pertes.jpg\",\"articleSection\":[\"Capital\"],\"inLanguage\":\"fr-FR\",\"potentialAction\":[{\"@type\":\"CommentAction\",\"name\":\"Comment\",\"target\":[\"https:\/\/www.legalvision.fr\/guides-juridiques\/capital\/reduction-de-capital-non-motivee-par-des-pertes\/#respond\"]}]},{\"@type\":\"WebPage\",\"@id\":\"https:\/\/www.legalvision.fr\/guides-juridiques\/capital\/reduction-de-capital-non-motivee-par-des-pertes\/\",\"url\":\"https:\/\/www.legalvision.fr\/guides-juridiques\/capital\/reduction-de-capital-non-motivee-par-des-pertes\/\",\"name\":\"R\u00e9duction de capital non motiv\u00e9e par des pertes : le guide LegalVision\",\"isPartOf\":{\"@id\":\"https:\/\/www.legalvision.fr\/guides-juridiques\/#website\"},\"primaryImageOfPage\":{\"@id\":\"https:\/\/www.legalvision.fr\/guides-juridiques\/capital\/reduction-de-capital-non-motivee-par-des-pertes\/#primaryimage\"},\"image\":{\"@id\":\"https:\/\/www.legalvision.fr\/guides-juridiques\/capital\/reduction-de-capital-non-motivee-par-des-pertes\/#primaryimage\"},\"thumbnailUrl\":\"https:\/\/www.legalvision.fr\/guides-juridiques\/wp-content\/uploads\/2019\/04\/r\u00e9duction-de-capital-non-motiv\u00e9e-par-des-pertes.jpg\",\"datePublished\":\"2019-04-26T06:30:06+00:00\",\"dateModified\":\"2024-03-22T10:49:44+00:00\",\"description\":\"Gr\u00e2ce \u00e0 Legalvision, la r\u00e9duction de capital non motiv\u00e9e par des pertes n'aura plus de secrets pour vous et votre entreprise.\",\"breadcrumb\":{\"@id\":\"https:\/\/www.legalvision.fr\/guides-juridiques\/capital\/reduction-de-capital-non-motivee-par-des-pertes\/#breadcrumb\"},\"inLanguage\":\"fr-FR\",\"potentialAction\":[{\"@type\":\"ReadAction\",\"target\":[\"https:\/\/www.legalvision.fr\/guides-juridiques\/capital\/reduction-de-capital-non-motivee-par-des-pertes\/\"]}]},{\"@type\":\"ImageObject\",\"inLanguage\":\"fr-FR\",\"@id\":\"https:\/\/www.legalvision.fr\/guides-juridiques\/capital\/reduction-de-capital-non-motivee-par-des-pertes\/#primaryimage\",\"url\":\"https:\/\/www.legalvision.fr\/guides-juridiques\/wp-content\/uploads\/2019\/04\/r\u00e9duction-de-capital-non-motiv\u00e9e-par-des-pertes.jpg\",\"contentUrl\":\"https:\/\/www.legalvision.fr\/guides-juridiques\/wp-content\/uploads\/2019\/04\/r\u00e9duction-de-capital-non-motiv\u00e9e-par-des-pertes.jpg\",\"width\":958,\"height\":350,\"caption\":\"r\u00e9duction de capital non motiv\u00e9e par des pertes\"},{\"@type\":\"BreadcrumbList\",\"@id\":\"https:\/\/www.legalvision.fr\/guides-juridiques\/capital\/reduction-de-capital-non-motivee-par-des-pertes\/#breadcrumb\",\"itemListElement\":[{\"@type\":\"ListItem\",\"position\":1,\"name\":\"Accueil\",\"item\":\"https:\/\/www.legalvision.fr\/guides-juridiques\/\"},{\"@type\":\"ListItem\",\"position\":2,\"name\":\"Capital\",\"item\":\"https:\/\/www.legalvision.fr\/guides-juridiques\/capital\/\"},{\"@type\":\"ListItem\",\"position\":3,\"name\":\"Pourquoi faire une r\u00e9duction de capital non motiv\u00e9e par des pertes ?\"}]},{\"@type\":\"WebSite\",\"@id\":\"https:\/\/www.legalvision.fr\/guides-juridiques\/#website\",\"url\":\"https:\/\/www.legalvision.fr\/guides-juridiques\/\",\"name\":\"Guides juridiques\",\"description\":\"L&#039;information juridique \u00e0 destination des entreprises et TPE\",\"publisher\":{\"@id\":\"https:\/\/www.legalvision.fr\/guides-juridiques\/#organization\"},\"potentialAction\":[{\"@type\":\"SearchAction\",\"target\":{\"@type\":\"EntryPoint\",\"urlTemplate\":\"https:\/\/www.legalvision.fr\/guides-juridiques\/?s={search_term_string}\"},\"query-input\":{\"@type\":\"PropertyValueSpecification\",\"valueRequired\":true,\"valueName\":\"search_term_string\"}}],\"inLanguage\":\"fr-FR\"},{\"@type\":\"Organization\",\"@id\":\"https:\/\/www.legalvision.fr\/guides-juridiques\/#organization\",\"name\":\"Guides juridiques\",\"url\":\"https:\/\/www.legalvision.fr\/guides-juridiques\/\",\"logo\":{\"@type\":\"ImageObject\",\"inLanguage\":\"fr-FR\",\"@id\":\"https:\/\/www.legalvision.fr\/guides-juridiques\/#\/schema\/logo\/image\/\",\"url\":\"https:\/\/www.legalvision.fr\/guides-juridiques\/wp-content\/uploads\/2022\/10\/LV-Logotype.png\",\"contentUrl\":\"https:\/\/www.legalvision.fr\/guides-juridiques\/wp-content\/uploads\/2022\/10\/LV-Logotype.png\",\"width\":647,\"height\":125,\"caption\":\"Guides juridiques\"},\"image\":{\"@id\":\"https:\/\/www.legalvision.fr\/guides-juridiques\/#\/schema\/logo\/image\/\"}},{\"@type\":\"Person\",\"@id\":\"https:\/\/www.legalvision.fr\/guides-juridiques\/#\/schema\/person\/ba80b34782bb85458c6f22b5d34f13b9\",\"name\":\"Anthony Poussin\",\"image\":{\"@type\":\"ImageObject\",\"inLanguage\":\"fr-FR\",\"@id\":\"https:\/\/www.legalvision.fr\/guides-juridiques\/#\/schema\/person\/image\/\",\"url\":\"https:\/\/www.legalvision.fr\/guides-juridiques\/wp-content\/uploads\/2023\/07\/cropped-femme3-96x96.png\",\"contentUrl\":\"https:\/\/www.legalvision.fr\/guides-juridiques\/wp-content\/uploads\/2023\/07\/cropped-femme3-96x96.png\",\"caption\":\"Anthony Poussin\"},\"description\":\"Je suis juriste au sein de Legalvision. \u00c9tudiant en Master Droit des affaires et en \u00e9cole de commerce \u00e0 Lille, je me dirige vers le droit des soci\u00e9t\u00e9s pour accompagner des entreprises.\",\"url\":\"https:\/\/www.legalvision.fr\/guides-juridiques\/author\/anthony-procot\/\"}]}<\/script>\n<!-- \/ Yoast SEO plugin. -->","yoast_head_json":{"title":"R\u00e9duction de capital non motiv\u00e9e par des pertes : le guide LegalVision","description":"Gr\u00e2ce \u00e0 Legalvision, la r\u00e9duction de capital non motiv\u00e9e par des pertes n'aura plus de secrets pour vous et votre entreprise.","robots":{"index":"index","follow":"follow","max-snippet":"max-snippet:-1","max-image-preview":"max-image-preview:large","max-video-preview":"max-video-preview:-1"},"canonical":"https:\/\/www.legalvision.fr\/guides-juridiques\/capital\/reduction-de-capital-non-motivee-par-des-pertes\/","og_locale":"fr_FR","og_type":"article","og_title":"R\u00e9duction de capital non motiv\u00e9e par des pertes : le guide LegalVision","og_description":"Gr\u00e2ce \u00e0 Legalvision, la r\u00e9duction de capital non motiv\u00e9e par des pertes n'aura plus de secrets pour vous et votre entreprise.","og_url":"https:\/\/www.legalvision.fr\/guides-juridiques\/capital\/reduction-de-capital-non-motivee-par-des-pertes\/","og_site_name":"Guides juridiques","article_published_time":"2019-04-26T06:30:06+00:00","article_modified_time":"2024-03-22T10:49:44+00:00","og_image":[{"width":958,"height":350,"url":"https:\/\/www.legalvision.fr\/guides-juridiques\/wp-content\/uploads\/2019\/04\/r\u00e9duction-de-capital-non-motiv\u00e9e-par-des-pertes.jpg","type":"image\/jpeg"}],"author":"Anthony Poussin","twitter_card":"summary_large_image","twitter_misc":{"\u00c9crit par":"Anthony Poussin","Dur\u00e9e de lecture estim\u00e9e":"11 minutes"},"schema":{"@context":"https:\/\/schema.org","@graph":[{"@type":"Article","@id":"https:\/\/www.legalvision.fr\/guides-juridiques\/capital\/reduction-de-capital-non-motivee-par-des-pertes\/#article","isPartOf":{"@id":"https:\/\/www.legalvision.fr\/guides-juridiques\/capital\/reduction-de-capital-non-motivee-par-des-pertes\/"},"author":{"name":"Anthony Poussin","@id":"https:\/\/www.legalvision.fr\/guides-juridiques\/#\/schema\/person\/ba80b34782bb85458c6f22b5d34f13b9"},"headline":"Pourquoi faire une r\u00e9duction de capital non motiv\u00e9e par des pertes ?","datePublished":"2019-04-26T06:30:06+00:00","dateModified":"2024-03-22T10:49:44+00:00","mainEntityOfPage":{"@id":"https:\/\/www.legalvision.fr\/guides-juridiques\/capital\/reduction-de-capital-non-motivee-par-des-pertes\/"},"wordCount":2282,"commentCount":0,"publisher":{"@id":"https:\/\/www.legalvision.fr\/guides-juridiques\/#organization"},"image":{"@id":"https:\/\/www.legalvision.fr\/guides-juridiques\/capital\/reduction-de-capital-non-motivee-par-des-pertes\/#primaryimage"},"thumbnailUrl":"https:\/\/www.legalvision.fr\/guides-juridiques\/wp-content\/uploads\/2019\/04\/r\u00e9duction-de-capital-non-motiv\u00e9e-par-des-pertes.jpg","articleSection":["Capital"],"inLanguage":"fr-FR","potentialAction":[{"@type":"CommentAction","name":"Comment","target":["https:\/\/www.legalvision.fr\/guides-juridiques\/capital\/reduction-de-capital-non-motivee-par-des-pertes\/#respond"]}]},{"@type":"WebPage","@id":"https:\/\/www.legalvision.fr\/guides-juridiques\/capital\/reduction-de-capital-non-motivee-par-des-pertes\/","url":"https:\/\/www.legalvision.fr\/guides-juridiques\/capital\/reduction-de-capital-non-motivee-par-des-pertes\/","name":"R\u00e9duction de capital non motiv\u00e9e par des pertes : le guide LegalVision","isPartOf":{"@id":"https:\/\/www.legalvision.fr\/guides-juridiques\/#website"},"primaryImageOfPage":{"@id":"https:\/\/www.legalvision.fr\/guides-juridiques\/capital\/reduction-de-capital-non-motivee-par-des-pertes\/#primaryimage"},"image":{"@id":"https:\/\/www.legalvision.fr\/guides-juridiques\/capital\/reduction-de-capital-non-motivee-par-des-pertes\/#primaryimage"},"thumbnailUrl":"https:\/\/www.legalvision.fr\/guides-juridiques\/wp-content\/uploads\/2019\/04\/r\u00e9duction-de-capital-non-motiv\u00e9e-par-des-pertes.jpg","datePublished":"2019-04-26T06:30:06+00:00","dateModified":"2024-03-22T10:49:44+00:00","description":"Gr\u00e2ce \u00e0 Legalvision, la r\u00e9duction de capital non motiv\u00e9e par des pertes n'aura plus de secrets pour vous et votre entreprise.","breadcrumb":{"@id":"https:\/\/www.legalvision.fr\/guides-juridiques\/capital\/reduction-de-capital-non-motivee-par-des-pertes\/#breadcrumb"},"inLanguage":"fr-FR","potentialAction":[{"@type":"ReadAction","target":["https:\/\/www.legalvision.fr\/guides-juridiques\/capital\/reduction-de-capital-non-motivee-par-des-pertes\/"]}]},{"@type":"ImageObject","inLanguage":"fr-FR","@id":"https:\/\/www.legalvision.fr\/guides-juridiques\/capital\/reduction-de-capital-non-motivee-par-des-pertes\/#primaryimage","url":"https:\/\/www.legalvision.fr\/guides-juridiques\/wp-content\/uploads\/2019\/04\/r\u00e9duction-de-capital-non-motiv\u00e9e-par-des-pertes.jpg","contentUrl":"https:\/\/www.legalvision.fr\/guides-juridiques\/wp-content\/uploads\/2019\/04\/r\u00e9duction-de-capital-non-motiv\u00e9e-par-des-pertes.jpg","width":958,"height":350,"caption":"r\u00e9duction de capital non motiv\u00e9e par des pertes"},{"@type":"BreadcrumbList","@id":"https:\/\/www.legalvision.fr\/guides-juridiques\/capital\/reduction-de-capital-non-motivee-par-des-pertes\/#breadcrumb","itemListElement":[{"@type":"ListItem","position":1,"name":"Accueil","item":"https:\/\/www.legalvision.fr\/guides-juridiques\/"},{"@type":"ListItem","position":2,"name":"Capital","item":"https:\/\/www.legalvision.fr\/guides-juridiques\/capital\/"},{"@type":"ListItem","position":3,"name":"Pourquoi faire une r\u00e9duction de capital non motiv\u00e9e par des pertes ?"}]},{"@type":"WebSite","@id":"https:\/\/www.legalvision.fr\/guides-juridiques\/#website","url":"https:\/\/www.legalvision.fr\/guides-juridiques\/","name":"Guides juridiques","description":"L&#039;information juridique \u00e0 destination des entreprises et TPE","publisher":{"@id":"https:\/\/www.legalvision.fr\/guides-juridiques\/#organization"},"potentialAction":[{"@type":"SearchAction","target":{"@type":"EntryPoint","urlTemplate":"https:\/\/www.legalvision.fr\/guides-juridiques\/?s={search_term_string}"},"query-input":{"@type":"PropertyValueSpecification","valueRequired":true,"valueName":"search_term_string"}}],"inLanguage":"fr-FR"},{"@type":"Organization","@id":"https:\/\/www.legalvision.fr\/guides-juridiques\/#organization","name":"Guides juridiques","url":"https:\/\/www.legalvision.fr\/guides-juridiques\/","logo":{"@type":"ImageObject","inLanguage":"fr-FR","@id":"https:\/\/www.legalvision.fr\/guides-juridiques\/#\/schema\/logo\/image\/","url":"https:\/\/www.legalvision.fr\/guides-juridiques\/wp-content\/uploads\/2022\/10\/LV-Logotype.png","contentUrl":"https:\/\/www.legalvision.fr\/guides-juridiques\/wp-content\/uploads\/2022\/10\/LV-Logotype.png","width":647,"height":125,"caption":"Guides juridiques"},"image":{"@id":"https:\/\/www.legalvision.fr\/guides-juridiques\/#\/schema\/logo\/image\/"}},{"@type":"Person","@id":"https:\/\/www.legalvision.fr\/guides-juridiques\/#\/schema\/person\/ba80b34782bb85458c6f22b5d34f13b9","name":"Anthony Poussin","image":{"@type":"ImageObject","inLanguage":"fr-FR","@id":"https:\/\/www.legalvision.fr\/guides-juridiques\/#\/schema\/person\/image\/","url":"https:\/\/www.legalvision.fr\/guides-juridiques\/wp-content\/uploads\/2023\/07\/cropped-femme3-96x96.png","contentUrl":"https:\/\/www.legalvision.fr\/guides-juridiques\/wp-content\/uploads\/2023\/07\/cropped-femme3-96x96.png","caption":"Anthony Poussin"},"description":"Je suis juriste au sein de Legalvision. \u00c9tudiant en Master Droit des affaires et en \u00e9cole de commerce \u00e0 Lille, je me dirige vers le droit des soci\u00e9t\u00e9s pour accompagner des entreprises.","url":"https:\/\/www.legalvision.fr\/guides-juridiques\/author\/anthony-procot\/"}]}},"_links":{"self":[{"href":"https:\/\/www.legalvision.fr\/guides-juridiques\/wp-json\/wp\/v2\/posts\/14007","targetHints":{"allow":["GET"]}}],"collection":[{"href":"https:\/\/www.legalvision.fr\/guides-juridiques\/wp-json\/wp\/v2\/posts"}],"about":[{"href":"https:\/\/www.legalvision.fr\/guides-juridiques\/wp-json\/wp\/v2\/types\/post"}],"author":[{"embeddable":true,"href":"https:\/\/www.legalvision.fr\/guides-juridiques\/wp-json\/wp\/v2\/users\/31"}],"replies":[{"embeddable":true,"href":"https:\/\/www.legalvision.fr\/guides-juridiques\/wp-json\/wp\/v2\/comments?post=14007"}],"version-history":[{"count":16,"href":"https:\/\/www.legalvision.fr\/guides-juridiques\/wp-json\/wp\/v2\/posts\/14007\/revisions"}],"predecessor-version":[{"id":45418,"href":"https:\/\/www.legalvision.fr\/guides-juridiques\/wp-json\/wp\/v2\/posts\/14007\/revisions\/45418"}],"wp:featuredmedia":[{"embeddable":true,"href":"https:\/\/www.legalvision.fr\/guides-juridiques\/wp-json\/wp\/v2\/media\/23885"}],"wp:attachment":[{"href":"https:\/\/www.legalvision.fr\/guides-juridiques\/wp-json\/wp\/v2\/media?parent=14007"}],"wp:term":[{"taxonomy":"category","embeddable":true,"href":"https:\/\/www.legalvision.fr\/guides-juridiques\/wp-json\/wp\/v2\/categories?post=14007"},{"taxonomy":"post_tag","embeddable":true,"href":"https:\/\/www.legalvision.fr\/guides-juridiques\/wp-json\/wp\/v2\/tags?post=14007"}],"curies":[{"name":"wp","href":"https:\/\/api.w.org\/{rel}","templated":true}]}}