{"id":13815,"date":"2019-05-14T07:30:10","date_gmt":"2019-05-14T06:30:10","guid":{"rendered":"https:\/\/blog.legalvision.fr\/?p=13815"},"modified":"2022-03-27T21:20:56","modified_gmt":"2022-03-27T19:20:56","slug":"statut-president-sas-les-responsabilites-et-risques","status":"publish","type":"post","link":"https:\/\/www.legalvision.fr\/guides-juridiques\/sas\/statut-president-sas-les-responsabilites-et-risques\/","title":{"rendered":"Le statut de pr\u00e9sident de SAS : nomination, responsabilit\u00e9s et charges"},"content":{"rendered":"<p><html><body><\/p>\n<p>Qu&rsquo;est-ce que le statut pr\u00e9sident SAS ?<\/p>\n<p>La SAS est l&rsquo;acronyme de <strong>Soci\u00e9t\u00e9 par Actions Simplifi\u00e9e<\/strong>. Le dirigeant de SAS est appel\u00e9 pr\u00e9sident de SAS. Ainsi, la SAS est une soci\u00e9t\u00e9 compos\u00e9e de plusieurs acteurs. Les actionnaires apportent leur argent, et forment le capital de la soci\u00e9t\u00e9. Les actionnaires devront nommer un pr\u00e9sident pour que celui-ci dirige et g\u00e8re la soci\u00e9t\u00e9.<\/p>\n<p>Le pr\u00e9sident de SAS r\u00e9pond \u00e0 certaines <strong>conditions de nomination et de r\u00e9vocation<\/strong>, et il a de nombreux <strong>pouvoirs.<\/strong>\u00a0Cependant, en cas de faute, il peut engager <strong>sa responsabilit\u00e9.<\/strong> Le statut pr\u00e9sident SAS est sp\u00e9cifique au niveau <strong>social et fiscal.<\/strong> N\u00e9anmoins, LegalVision vous explique dans cet article comment <strong>optimiser votre situation sociale et fiscale<\/strong>.\n<\/p>\n<h3>Sommaire :<\/h3>\n<p><strong><a href=\"#I\">I\/ Statut pr\u00e9sident SAS : sa nomination, son pouvoir et sa responsabilit\u00e9<\/a><\/strong><br \/>\n<strong> <a href=\"#II\">II\/ Statut pr\u00e9sident SAS : le statut social<\/a><\/strong><br \/>\n<strong> <a href=\"#III\">III\/ Statut pr\u00e9sident SAS : ses charges sociales et fiscales<\/a><\/strong><br \/>\n<strong> <a href=\"#IV\">IV\/ Statut pr\u00e9sident SAS : r\u00e9duire vos charges sociales<\/a><\/strong><\/p>\n<h2 id=\"I\">I\/ Statut pr\u00e9sident SAS : sa nomination, son pouvoir et sa responsabilit\u00e9<\/h2>\n<h3>A) Statut pr\u00e9sident SAS : sa nomination et r\u00e9vocation<\/h3>\n<p>Ce sont les <strong>associ\u00e9s<\/strong> qui vont proc\u00e9der \u00e0 la <strong><a href=\"https:\/\/blog.legalvision.fr\/2018\/02\/20\/nomination-president-dune-sas\/\">nomination du pr\u00e9sident de SAS<\/a><\/strong>.\u00a0De plus, ils auront aussi le droit de le <strong>r\u00e9voquer<\/strong>.<\/p>\n<p>Le pr\u00e9sident de SAS sera nomm\u00e9 selon la <strong>proc\u00e9dure pr\u00e9vue par les statuts de SAS<\/strong>. Il n&rsquo;est pas forcement nomm\u00e9 en assembl\u00e9e g\u00e9n\u00e9rale. Le pr\u00e9sident pourra par exemple \u00eatre nomm\u00e9 par un comit\u00e9 pr\u00e9vu par les statuts.<\/p>\n<p>Il faut savoir qu&rsquo;il est possible de <strong>d\u00e9signer une personne morale<\/strong> pr\u00e9sident d&rsquo;une SAS. Une soci\u00e9t\u00e9 sera donc pr\u00e9sidente d&rsquo;une autre soci\u00e9t\u00e9.<\/p>\n<p>Le dirigeant peut \u00eatre <strong>r\u00e9voqu\u00e9 ad nutum,<\/strong> c&rsquo;est-\u00e0-dire que les associ\u00e9s n&rsquo;ont pas besoin\u00a0de prouver qu&rsquo;il y a un <strong>juste motif<\/strong> \u00e0 cette r\u00e9vocation.\u00a0Si le dirigeant est bien un <strong>assimil\u00e9 salari\u00e9<\/strong> au sens de la s\u00e9curit\u00e9 sociale, il n&rsquo;est pas salari\u00e9, donc il ne b\u00e9n\u00e9ficiera pas de la proc\u00e9dure de licenciement. Les associ\u00e9s ont simplement \u00e0 se r\u00e9unir en assembl\u00e9e g\u00e9n\u00e9rale et \u00e0 voter la <a href=\"https:\/\/www.legalvision.fr\/modification-statuts\/revocation-du-dirigeant\/\">r\u00e9vocation du dirigeant<\/a> \u00e0 la majorit\u00e9 pr\u00e9vue par les statuts de la SAS.<\/p>\n<p>La r\u00e9vocation impliquera un <a href=\"https:\/\/www.legalvision.fr\/modification-statuts\/changement-president-sas\/\">changement de pr\u00e9sident<\/a>.\u00a0En effet, il est impossible de laisser une SAS sans pr\u00e9sident. Il faudra r\u00e9aliser certaines formalit\u00e9s, notamment :<\/p>\n<ul>\n<li>la r\u00e9daction d&rsquo;une annonce l\u00e9gale de nomination de pr\u00e9sident et de r\u00e9vocation de l&rsquo;ancien dirigeant,<\/li>\n<li>et le d\u00e9p\u00f4t du PV changement pr\u00e9sident SAS au greffe.<\/li>\n<\/ul>\n<h3>B) Statut pr\u00e9sident SAS : ses pouvoirs<\/h3>\n<p>Le\u00a0pr\u00e9sident de SAS a tous les\u00a0<strong>pouvoirs de gestion et de direction<\/strong>\u00a0de la SAS. Il engage la soci\u00e9t\u00e9 pour tous les actes qui rentrent dans l&rsquo;objet social de la SAS mais aussi pour les actes ne rentrant pas dans l&rsquo;objet social.<\/p>\n<p><em><strong>Par exemple :<\/strong>\u00a0pour une SAS de location de biens immobiliers, si le pr\u00e9sident r\u00e9alise \u00e0 titre habituel des actes de vente d&rsquo;immeuble, l&rsquo;acte sera valide\u00a0bien qu&rsquo;il ne rentre pas dans l&rsquo;objet social. Si vous aviez \u00e9t\u00e9 en SCI, l&rsquo;acte aurait \u00e9t\u00e9 inopposable\u00a0aux tiers.<\/em><\/p>\n<p>En revanche, si le tiers contractant<strong> savait ou ne pouvait ignorer<\/strong> que le pr\u00e9sident de SAS agissait en dehors de l&rsquo;objet social, alors l&rsquo;acte lui sera toujours opposable.<\/p>\n<p>Enfin, il faut savoir que certains actes pris par le pr\u00e9sident de SAS doivent \u00eatre\u00a0inscrits dans un <strong>registre des d\u00e9cisions<\/strong> du pr\u00e9sident SAS.<\/p>\n<h3>C) Statut pr\u00e9sident\u00a0SAS : sa responsabilit\u00e9<\/h3>\n<p>Le statut pr\u00e9sident\u00a0SAS implique qu&rsquo;il pourra <a href=\"https:\/\/blog.legalvision.fr\/2019\/04\/01\/responsabilite-du-dirigeant-d-une-sas\/\"><strong>engager sa<\/strong> <strong>responsabilit\u00e9 <\/strong><\/a>dans plusieurs cas.<\/p>\n<p>Tout d&rsquo;abord, il est<strong> responsable \u00e0 l\u2019\u00e9gard des tiers<\/strong> pour tous les actes d\u00e9tachables de ses fonctions, c&rsquo;est-\u00e0-dire lorsqu&rsquo;il commet \u00ab\u00a0une faute intentionnelle d&rsquo;une particuli\u00e8re gravit\u00e9 incompatible avec l&rsquo;exercice normal de ses fonctions\u00a0\u00bb.<\/p>\n<p>Il engagera aussi sa<strong> responsabilit\u00e9 civile \u00e0 l\u2019\u00e9gard des associ\u00e9s<\/strong> en cas de faute de gestion, et de non respect des dispositions l\u00e9gales r\u00e9glementaire ou statutaires.<\/p>\n<p><em>Ainsi, si l&rsquo;on reprend<b>\u00a0l&rsquo;exemple pr\u00e9c\u00e9dent,<\/b>\u00a0les associ\u00e9s ne pourront pas annuler l&rsquo;acte du dirigeant de SAS qui a consist\u00e9 \u00e0 vendre les immeubles. En revanche, il pourront demander r\u00e9paration en justice en engageant la responsabilit\u00e9 civile du dirigeant. Les associ\u00e9s pourront ainsi obtenir des dommages et int\u00e9r\u00eats.<\/em><\/p>\n<p>Le pr\u00e9sident de SAS\u00a0pourra enfin engager sa responsabilit\u00e9 p\u00e9nale :<\/p>\n<ul>\n<li>en cas <strong>d&rsquo;abus de biens sociaux<\/strong>\u00a0: 5 ans d\u2019emprisonnement et 375 000 \u20ac d&rsquo;amende ;<\/li>\n<li>ou <strong>s&rsquo;il n&rsquo;\u00e9tablit pas de comptes annuels<\/strong>\u00a0: 9 000 \u20ac d&rsquo;amende.<\/li>\n<\/ul>\n<p>Ainsi, si le pr\u00e9sident est condamn\u00e9, il sera possible de le r\u00e9voquer et de proc\u00e9der\u00a0\u00e0 un changement de pr\u00e9sident de SAS.<\/p>\n<h2 id=\"II\">II\/ Statut pr\u00e9sident SAS : le statut social<\/h2>\n<h3>A) Le pr\u00e9sident de SAS est-il assimil\u00e9 salari\u00e9 ou salari\u00e9 ?<\/h3>\n<p>Par principe, le <strong>pr\u00e9sident de SAS est assimil\u00e9 salari\u00e9<\/strong>. Par exception, il peut\u00a0avoir le statut de pr\u00e9sident\u00a0SAS salari\u00e9.<\/p>\n<p>Etre assimil\u00e9 salari\u00e9 est diff\u00e9rent d&rsquo;\u00eatre salari\u00e9. Un salari\u00e9 est\u00a0titulaire d&rsquo;un contrat de travail. Un assimil\u00e9 salari\u00e9 n&rsquo;a pas de contrat de travail, car il s&rsquo;agit d&rsquo;un statut donn\u00e9 par la s\u00e9curit\u00e9 sociale pour d\u00e9terminer le r\u00e9gime de cotisations sociales. Ainsi, la <a href=\"https:\/\/blog.legalvision.fr\/2018\/03\/26\/remuneration-president-sas\/\">r\u00e9mun\u00e9ration du pr\u00e9sident de SAS<\/a> non salari\u00e9 est d\u00e9finie dans une convention de r\u00e9mun\u00e9ration, dans les statuts ou encore par une d\u00e9cision prise en <a href=\"https:\/\/blog.legalvision.fr\/2018\/07\/29\/assemblee-generale\/\">assembl\u00e9e g\u00e9n\u00e9rale<\/a>.<\/p>\n<p>Pour b\u00e9n\u00e9ficier du <strong>cumul pr\u00e9sident\u00a0SAS et salari\u00e9<\/strong>, il faudra que certaines <strong>conditions<\/strong> soit remplies :<\/p>\n<ul>\n<li>Une r\u00e9mun\u00e9ration distincte de la r\u00e9mun\u00e9ration en tant que pr\u00e9sident de SAS,<\/li>\n<li>Un travail effectif, distinct des fonctions de mandataire social,<\/li>\n<li>Et un lien de subordination entre la SAS et le pr\u00e9sident de SAS.<\/li>\n<\/ul>\n<p>En effet,\u00a0l&rsquo;objet du contrat de travail ne pourra pas r\u00e9sider dans l'\u00a0\u00bbaccomplissement des missions de gestion ou de direction de la soci\u00e9t\u00e9\u00a0\u00bb. En effet, il faudra que l&rsquo;objet du contrat de travail correspondre \u00e0 des fonctions techniques.<\/p>\n<p><em><strong>Par exemple<\/strong>\u00a0: un dirigeant de SAS sp\u00e9cialis\u00e9 dans la ma\u00e7onnerie pourra obtenir un contrat de travail s&rsquo;il effectue lui m\u00eame les activit\u00e9s de ma\u00e7on. Ainsi, il aura une\u00a0r\u00e9mun\u00e9ration\u00a0au titre de ses activit\u00e9s de pr\u00e9sident et une r\u00e9mun\u00e9ration\u00a0au titre de ses activit\u00e9s de ma\u00e7on. Il faudra en outre caract\u00e9riser le lien de subordination.\u00a0<\/em><\/p>\n<h3>B) Quel est la diff\u00e9rence entre assimil\u00e9 salari\u00e9 et salari\u00e9 ?<\/h3>\n<p>Au niveau des charges sociales, la grande diff\u00e9rence r\u00e9side dans le fait qu&rsquo;un salari\u00e9 b\u00e9n\u00e9ficie de tous les avantages de l&rsquo;assimil\u00e9 salari\u00e9, ainsi que ces 2 avantages suppl\u00e9mentaires :<\/p>\n<ul>\n<li>Les allocations ch\u00f4mage,<\/li>\n<li>L&rsquo;assurance de l&rsquo;AGS en cas de liquidation judiciaire.<\/li>\n<\/ul>\n<p>Par cons\u00e9quent le salari\u00e9 paiera plus de cotisations sociales.<\/p>\n<p>Le salari\u00e9 b\u00e9n\u00e9ficiera aussi des r\u00e8gles protectrices du droit du travail. Ainsi, il se verra notamment appliquer :<\/p>\n<ul>\n<li>les r\u00e8gles du licenciement,<\/li>\n<li>les r\u00e8gles\u00a0relatives au salaire minimum.<\/li>\n<\/ul>\n<p>En effet, le pr\u00e9sident de SAS peut \u00eatre\u00a0r\u00e9voqu\u00e9 sur simple d\u00e9cision des associ\u00e9s. De plus, il peut percevoir une r\u00e9mun\u00e9ration inf\u00e9rieure au SMIC, ou m\u00eame aucune r\u00e9mun\u00e9ration.\u00a0Cependant,\u00a0la r\u00e9vocation impliquera de nommer un nouveau pr\u00e9sident\u00a0car le poste de pr\u00e9sident de SAS ne peut pas rester vacant.<\/p>\n<h2 id=\"III\">III\/ Statut pr\u00e9sident SAS : ses charges sociales et fiscales<\/h2>\n<p>Nous allons vous d\u00e9tailler le statut fiscal et social du pr\u00e9sident de\u00a0SAS, que ce soit au niveau de la r\u00e9mun\u00e9ration ou de la distribution de dividendes.<\/p>\n<h3>A) Les charges fiscales du pr\u00e9sident de SAS<\/h3>\n<p>Le pr\u00e9sident de SAS est impos\u00e9 sur sa r\u00e9mun\u00e9ration dans la cat\u00e9gorie des <strong>traitements et salaires<\/strong>. A ce titre, il peut d\u00e9duire ses frais professionnels. Il pourra opter pour deux modes de <strong>d\u00e9duction des frais professionne<\/strong>ls :<\/p>\n<ul>\n<li>la d\u00e9duction forfaitaire de 10% de la r\u00e9mun\u00e9ration,<\/li>\n<li>ou la d\u00e9duction en fonction des charges r\u00e9elles.<\/li>\n<\/ul>\n<p><em><strong>Par exemple<\/strong>\u00a0: l&rsquo;administration fiscale accepte que vous d\u00e9duisez vos frais de d\u00e9placement\u00a0(p\u00e9age, essence) pour aller \u00e0 votre travail, \u00e0 raison d&rsquo;un aller retour par jour, et sous r\u00e9serve que la distance soit inf\u00e9rieure \u00e0 40 kms. Ces frais particuliers sont d\u00e9ductibles si vous optez pour le r\u00e9gime r\u00e9el, mais pas si vous choisissez la d\u00e9duction forfaitaire de 10%.<\/em><\/p>\n<p>Une fois ces frais professionnels d\u00e9duits, le montant de la r\u00e9mun\u00e9ration restante sera impos\u00e9 au <a href=\"https:\/\/www.service-public.fr\/particuliers\/vosdroits\/F1419\">bar\u00e8me progressif de l&rsquo;imp\u00f4t sur le revenu.<\/a><\/p>\n<p>Ensuite, si des dividendes\u00a0sont vers\u00e9s au pr\u00e9sident de SAS, ils seront\u00a0impos\u00e9s \u00e0 la <a href=\"https:\/\/blog.legalvision.fr\/2019\/01\/23\/tout-savoir-sur-la-flat-tax\/\">flat tax<\/a> au <strong>taux de 30%.<\/strong> Ce taux se d\u00e9compose en 17,2% de cotisations sociales et 12,8% d\u2019imp\u00f4t sur le revenu.<\/p>\n<h3>B) Les charges sociales du pr\u00e9sident de SAS assimil\u00e9 salari\u00e9<\/h3>\n<p>Le pr\u00e9sident de SAS est consid\u00e9r\u00e9 comme un <strong>assimil\u00e9 salari\u00e9.<\/strong>\u00a0A ce titre, il est redevable de presque toutes les cotisations sociales dues par un salari\u00e9. En \u00e9change, il aura droit \u00e0 une protection sociale presque aussi\u00a0\u00e9tendue que celle\u00a0d&rsquo;un salari\u00e9.<\/p>\n<p>Les charges sociales les plus importantes sont les suivantes :<\/p>\n<ul>\n<li>Les cotisations d&rsquo;assurance maladie\/maternit\u00e9,<\/li>\n<li>Cotisations d&rsquo;assurance vieillesse,<\/li>\n<li>Cotisations d&rsquo;allocation familiales.<\/li>\n<\/ul>\n<p>Les principales charges sociales se repartissent selon<strong> le tableau suivant<\/strong> :<\/p>\n<table style=\"height: 331px;\" width=\"822\">\n<tbody>\n<tr>\n<td width=\"215\"><\/td>\n<td width=\"163\"><strong>Taux<\/strong><\/td>\n<td width=\"163\"><strong>Assiette<\/strong><\/td>\n<td width=\"163\"><strong>Tranche<\/strong><\/td>\n<\/tr>\n<tr>\n<td width=\"215\"><strong>Cotisation Assurance vieillesse de base.<\/strong><\/td>\n<td width=\"163\">15,45%<\/td>\n<td width=\"163\">100%<\/td>\n<td width=\"163\">A\/B\/C<\/td>\n<\/tr>\n<tr>\n<td width=\"215\"><strong>Assurance maladie\/ maternit\u00e9.<\/strong><\/td>\n<td width=\"163\">13,30%<\/td>\n<td width=\"163\">100%<\/td>\n<td width=\"163\">A\/B\/C<\/td>\n<\/tr>\n<tr>\n<td width=\"215\"><strong>CSG\/CRDS<\/strong><\/td>\n<td width=\"163\">9,7%<\/td>\n<td width=\"163\">98,25%<\/td>\n<td width=\"163\">A\/B\/C<\/td>\n<\/tr>\n<tr>\n<td width=\"215\"><strong>Retraite<\/strong><\/td>\n<td width=\"163\">7,87% puis 21,59%<\/td>\n<td width=\"163\">100%<\/td>\n<td width=\"163\">7,87% pour la tranche A.<\/p>\n<p>21,59% pour la tranche B et C.<\/td>\n<\/tr>\n<tr>\n<td width=\"215\"><strong>Allocations familiales<\/strong><\/td>\n<td width=\"163\">5,25%<\/td>\n<td width=\"163\">100%<\/td>\n<td width=\"163\">A\/B\/C<\/td>\n<\/tr>\n<tr>\n<td width=\"215\"><b>AGFF<\/b><\/td>\n<td width=\"163\">2,15%<\/td>\n<td width=\"163\">100%<\/td>\n<td width=\"163\">2,15% tranche A et 2,70% tranche B<\/td>\n<\/tr>\n<tr>\n<td width=\"215\"><strong>Pr\u00e9voyance<\/strong><\/td>\n<td width=\"163\">1,5%<\/td>\n<td width=\"163\">100%<\/td>\n<td width=\"163\">1,5% tranche A<\/td>\n<\/tr>\n<\/tbody>\n<\/table>\n<p><strong>Au total<\/strong>\u00a0: Le taux de cotisations sera \u00e0 peu pr\u00e9s <strong>de 80 % de la r\u00e9mun\u00e9ration<\/strong>\u00a0vers\u00e9e par la SAS. A titre de comparaison, le taux de cotisations du g\u00e9rant majoritaire de SARL au r\u00e9gime \u00ab\u00a0Travailleur non salari\u00e9\u00a0\u00bb est d&rsquo;environ 40% de sa r\u00e9mun\u00e9ration.<\/p>\n<p><em><strong>Par exemple<\/strong>\u00a0: si vous recevez une r\u00e9mun\u00e9ration de 1000 \u20ac, la SAS devra\u00a0d\u00e9bourser en tout\u00a0environ 1 800 \u20ac.<\/em><\/p>\n<p>Comme pr\u00e9cis\u00e9 dans le tableau, le\u00a0taux des charges peut varier selon la tranche. Les tranches correspondent \u00e0 la valeur des revenus mensuels suivants :<\/p>\n<ul>\n<li>La tranche A\u00a0va de 0 \u00e0 3\u00a0377\u00a0\u20ac par mois en 2019,<\/li>\n<li>La tranche B va de 3 377 \u20ac \u00e0 13 508 \u20ac par mois,<\/li>\n<li>Et la tranche C va de 13 508 \u20ac \u00e0\u00a027 016\u00a0 \u20ac par mois.<\/li>\n<\/ul>\n<h3>C) Souscrire \u00e0 une mutuelle : charges compl\u00e9mentaires mais protection suppl\u00e9mentaire<\/h3>\n<p>En compl\u00e9ment des garanties de base de la S\u00e9curit\u00e9 sociale, un salari\u00e9 ou assimil\u00e9-salari\u00e9 peut b\u00e9n\u00e9ficier de la <strong>compl\u00e9mentaire sant\u00e9<\/strong> de son entreprise. Ainsi, le pr\u00e9sident de SAS \u00e9tant assimil\u00e9 salari\u00e9, il en b\u00e9n\u00e9ficie.<\/p>\n<p>L&rsquo;adh\u00e9sion \u00e0 la mutuelle d&rsquo;entreprise doit \u00eatre act\u00e9e par d\u00e9cision de l&rsquo;<a href=\"https:\/\/blog.legalvision.fr\/2019\/04\/22\/qu-est-ce-qu-une-assemblee-generale\/\">assembl\u00e9e g\u00e9n\u00e9rale<\/a> ou de tout organe comp\u00e9tent pr\u00e9vu dans les statuts pour d\u00e9cider des r\u00e9mun\u00e9rations et des avantages sociaux des dirigeants.<\/p>\n<p><strong>A noter :<\/strong> Si le pr\u00e9sident est salari\u00e9, l&rsquo;adh\u00e9sion sera obligatoire. Si le pr\u00e9sident n&rsquo;a pas de contrat de travail, l&rsquo;adh\u00e9sion sera simplement facultative.<\/p>\n<h2 id=\"IV\">IV\/ Statut pr\u00e9sident SAS : r\u00e9duire vos charges sociales<\/h2>\n<h3>A) L&rsquo;exon\u00e9ration de cotisations sociales la 1\u00e8re ann\u00e9e d&rsquo;activit\u00e9 : l&rsquo;ACRE<\/h3>\n<p>Vous pourrez b\u00e9n\u00e9ficier d&rsquo;une <a href=\"https:\/\/blog.legalvision.fr\/2018\/02\/01\/extension-du-dispositif-accre\/\">exon\u00e9ration des cotisations sociales <\/a>la <strong>1\u00e8re ann\u00e9e<\/strong> de cr\u00e9ation de votre entreprise uniquement.<\/p>\n<p>Cette exon\u00e9ration est de :<\/p>\n<ul>\n<li>100% pour vos revenus inf\u00e9rieurs \u00e0 75% du PASS (soit <strong>30 393\u20ac <\/strong>en 2019) ;<\/li>\n<li>Partielle et d\u00e9gressive pour vos revenus allant de 75% du PASS \u00e0\u00a01 PASS (soit de <strong>30 393\u20ac \u00e0 40 524\u20ac <\/strong>en 2019).<\/li>\n<\/ul>\n<p>Le PASS \u00e9tant le plafond annuel de la s\u00e9curit\u00e9 sociale, il a \u00e9t\u00e9 fix\u00e9 \u00e0 40 524 \u20ac en 2019, mais il varie chaque ann\u00e9e.<\/p>\n<p>Cependant, toutes les cotisations sociales ne sont pas concern\u00e9es par l\u2019exon\u00e9ration.<\/p>\n<h3>B) L\u2019exon\u00e9ration de cotisations sociales sans r\u00e9mun\u00e9ration du dirigeant<\/h3>\n<p>Quel est l&rsquo;avantage d&rsquo;\u00eatre <strong>pr\u00e9sident\u00a0SAS non r\u00e9mun\u00e9r\u00e9<\/strong> ? Vous pouvez \u00eatre exon\u00e9r\u00e9 de cotisations sociales si un PV non r\u00e9mun\u00e9ration pr\u00e9sident SAS est dress\u00e9. En l&rsquo;absence de r\u00e9mun\u00e9ration, vous ne paierez ainsi aucune cotisation sociale. Cela diff\u00e8re du r\u00e9gime des <a href=\"https:\/\/blog.legalvision.fr\/2018\/07\/19\/tns\/\">\u00ab\u00a0Travailleurs Non Salari\u00e9s\u00a0\u00bb (TNS)<\/a>, dans lequel m\u00eame en l&rsquo;absence de r\u00e9mun\u00e9ration, des cotisations minimales sont dues. Certains g\u00e9rants de SARL, notamment les g\u00e9rants majoritaires, ont ce statut TNS.<\/p>\n<p>Attention, le pr\u00e9sident de SAS qui ne paie aucune cotisation sociale ne sera\u00a0pas non plus prot\u00e9g\u00e9 socialement.\u00a0Il n&rsquo;aura <strong>pas de protection sociale<\/strong>.<\/p>\n<h3>C) Pr\u00e9sident de\u00a0SAS et ch\u00f4mage : comment percevoir une r\u00e9mun\u00e9ration et en percevant son ch\u00f4mage ?<\/h3>\n<p>Les allocations ch\u00f4mage sont appel\u00e9es ARE, c\u2019est-\u00e0-dire <strong>allocation de retour \u00e0 l&#8217;emploi<\/strong>. Il faudra r\u00e9aliser une combinaison ARE et dividendes du pr\u00e9sident associ\u00e9 de SAS. Ainsi, en SAS il est possible\u00a0de gagner de l\u2019argent, recevoir les allocations ch\u00f4mages et ne payer aucune cotisation sociale (sauf celles sur les dividendes).<\/p>\n<p>Pour ce faire, il faudra suivre les \u00e9tapes suivantes :<\/p>\n<ul>\n<li>\n<a href=\"https:\/\/www.unedic.org\/indemnisation\/vos-questions-sur-indemnisation-assurance-chomage\/quelles-sont-les-conditions-pour-beneficier-des-allocations-chomage\">B\u00e9n\u00e9ficier du Ch\u00f4mage<\/a>,<\/li>\n<li>Cr\u00e9er sa SAS,<\/li>\n<li>Dresser un PV de non r\u00e9mun\u00e9ration du pr\u00e9sident de SAS,<\/li>\n<li>Et enfin se verser des dividendes (encore faudra-t-il avoir un b\u00e9n\u00e9fice pour cela).<\/li>\n<\/ul>\n<p>Ainsi, vous\u00a0aurez des rentr\u00e9es d&rsquo;argent gr\u00e2ce \u00e0 votre ch\u00f4mage et aux dividendes que vous vous verserez. Sachant que le montant des dividendes vers\u00e9s n&rsquo;impactera pas vos droits aux ch\u00f4mage ! Le combinaison du statut de pr\u00e9sident sas non r\u00e9mun\u00e9r\u00e9 et ch\u00f4mage est donc avantageuse.<\/p>\n<p>Cela peut sembler \u00eatre la solution miracle mais n&rsquo;oubliez pas, vous n\u2019aurez pas de droit \u00e0 la protection sociale tant que vous ne vous verserez aucune r\u00e9mun\u00e9ration.<\/p>\n<p>Alors n&rsquo;attendez plus pour <a href=\"https:\/\/www.legalvision.fr\/creation-dentreprise\/creer-une-sas\/\">cr\u00e9er votre SAS<\/a> avec LegalVision !<br \/>\n<!-- end HubSpot Call-to-Action Code --><\/p>\n<p><\/body><\/html><!--tag_auto_button_lead_legalvision--><a href=\"https:\/\/www.legalvision.fr\/tous-les-services\/?utm_source=blog&#038;utm_campaign=statut-president-sas-les-responsabilites-et-risques\" class=\"tag_auto_button_lead_legalvision\"><button style=\"background-color:#32c3bf;width:100%;\">Cr\u00e9ez votre SAS avec Legalvision !<\/button><\/a><!--tag_auto_button_lead_legalvision--><\/p>\n","protected":false},"excerpt":{"rendered":"<p>Qu&rsquo;est-ce que le statut pr\u00e9sident SAS ? La SAS est l&rsquo;acronyme de Soci\u00e9t\u00e9 par Actions Simplifi\u00e9e. Le dirigeant de SAS est appel\u00e9 pr\u00e9sident de SAS. Ainsi, la SAS est une soci\u00e9t\u00e9 compos\u00e9e de plusieurs acteurs. Les actionnaires apportent leur argent, et forment le capital de la soci\u00e9t\u00e9. Les actionnaires devront nommer un pr\u00e9sident pour que&hellip; <a class=\"more-link\" href=\"https:\/\/www.legalvision.fr\/guides-juridiques\/sas\/statut-president-sas-les-responsabilites-et-risques\/\">Poursuivre la lecture <span class=\"screen-reader-text\">Le statut de pr\u00e9sident de SAS : nomination, responsabilit\u00e9s et charges<\/span><\/a><\/p>\n","protected":false},"author":28,"featured_media":24557,"comment_status":"open","ping_status":"open","sticky":false,"template":"","format":"standard","meta":{"content-type":"","inline_featured_image":false,"footnotes":""},"categories":[2498],"tags":[],"class_list":["post-13815","post","type-post","status-publish","format-standard","has-post-thumbnail","hentry","category-sas","entry"],"yoast_head":"<!-- This site is optimized with the Yoast SEO plugin v27.1.1 - https:\/\/yoast.com\/product\/yoast-seo-wordpress\/ -->\n<title>Statut pr\u00e9sident SAS : les astuces pour limiter les risques et les charges<\/title>\n<meta name=\"description\" content=\"Quel est le statut pr\u00e9sident SAS ? LegalVision fait le point sur sa nomination, sa responsabilit\u00e9, et ses charges fiscales et sociales.\" \/>\n<meta name=\"robots\" content=\"index, follow, max-snippet:-1, max-image-preview:large, max-video-preview:-1\" \/>\n<link rel=\"canonical\" href=\"https:\/\/www.legalvision.fr\/guides-juridiques\/sas\/statut-president-sas-les-responsabilites-et-risques\/\" \/>\n<meta property=\"og:locale\" content=\"fr_FR\" \/>\n<meta property=\"og:type\" content=\"article\" \/>\n<meta property=\"og:title\" content=\"Statut pr\u00e9sident SAS : les astuces pour limiter les risques et les charges\" \/>\n<meta property=\"og:description\" content=\"Quel est le statut pr\u00e9sident SAS ? LegalVision fait le point sur sa nomination, sa responsabilit\u00e9, et ses charges fiscales et sociales.\" \/>\n<meta property=\"og:url\" content=\"https:\/\/www.legalvision.fr\/guides-juridiques\/sas\/statut-president-sas-les-responsabilites-et-risques\/\" \/>\n<meta property=\"og:site_name\" content=\"Guides juridiques\" \/>\n<meta property=\"article:published_time\" content=\"2019-05-14T06:30:10+00:00\" \/>\n<meta property=\"article:modified_time\" content=\"2022-03-27T19:20:56+00:00\" \/>\n<meta property=\"og:image\" content=\"https:\/\/www.legalvision.fr\/guides-juridiques\/wp-content\/uploads\/2019\/05\/statut-pr\u00e9sident-sas.jpg\" \/>\n\t<meta property=\"og:image:width\" content=\"958\" \/>\n\t<meta property=\"og:image:height\" content=\"350\" \/>\n\t<meta property=\"og:image:type\" content=\"image\/jpeg\" \/>\n<meta name=\"author\" content=\"Joseph Louis\" \/>\n<meta name=\"twitter:card\" content=\"summary_large_image\" \/>\n<meta name=\"twitter:label1\" content=\"\u00c9crit par\" \/>\n\t<meta name=\"twitter:data1\" content=\"Joseph Louis\" \/>\n\t<meta name=\"twitter:label2\" content=\"Dur\u00e9e de lecture estim\u00e9e\" \/>\n\t<meta name=\"twitter:data2\" content=\"12 minutes\" \/>\n<script type=\"application\/ld+json\" class=\"yoast-schema-graph\">{\"@context\":\"https:\/\/schema.org\",\"@graph\":[{\"@type\":\"Article\",\"@id\":\"https:\/\/www.legalvision.fr\/guides-juridiques\/sas\/statut-president-sas-les-responsabilites-et-risques\/#article\",\"isPartOf\":{\"@id\":\"https:\/\/www.legalvision.fr\/guides-juridiques\/sas\/statut-president-sas-les-responsabilites-et-risques\/\"},\"author\":{\"name\":\"Joseph Louis\",\"@id\":\"https:\/\/www.legalvision.fr\/guides-juridiques\/#\/schema\/person\/c454a42bc2a18b5443bc24faa78c5128\"},\"headline\":\"Le statut de pr\u00e9sident de SAS : nomination, responsabilit\u00e9s et charges\",\"datePublished\":\"2019-05-14T06:30:10+00:00\",\"dateModified\":\"2022-03-27T19:20:56+00:00\",\"mainEntityOfPage\":{\"@id\":\"https:\/\/www.legalvision.fr\/guides-juridiques\/sas\/statut-president-sas-les-responsabilites-et-risques\/\"},\"wordCount\":2393,\"commentCount\":0,\"publisher\":{\"@id\":\"https:\/\/www.legalvision.fr\/guides-juridiques\/#organization\"},\"image\":{\"@id\":\"https:\/\/www.legalvision.fr\/guides-juridiques\/sas\/statut-president-sas-les-responsabilites-et-risques\/#primaryimage\"},\"thumbnailUrl\":\"https:\/\/www.legalvision.fr\/guides-juridiques\/wp-content\/uploads\/2019\/05\/statut-pr\u00e9sident-sas.jpg\",\"articleSection\":[\"SAS\"],\"inLanguage\":\"fr-FR\",\"potentialAction\":[{\"@type\":\"CommentAction\",\"name\":\"Comment\",\"target\":[\"https:\/\/www.legalvision.fr\/guides-juridiques\/sas\/statut-president-sas-les-responsabilites-et-risques\/#respond\"]}]},{\"@type\":\"WebPage\",\"@id\":\"https:\/\/www.legalvision.fr\/guides-juridiques\/sas\/statut-president-sas-les-responsabilites-et-risques\/\",\"url\":\"https:\/\/www.legalvision.fr\/guides-juridiques\/sas\/statut-president-sas-les-responsabilites-et-risques\/\",\"name\":\"Statut pr\u00e9sident SAS : les astuces pour limiter les risques et les charges\",\"isPartOf\":{\"@id\":\"https:\/\/www.legalvision.fr\/guides-juridiques\/#website\"},\"primaryImageOfPage\":{\"@id\":\"https:\/\/www.legalvision.fr\/guides-juridiques\/sas\/statut-president-sas-les-responsabilites-et-risques\/#primaryimage\"},\"image\":{\"@id\":\"https:\/\/www.legalvision.fr\/guides-juridiques\/sas\/statut-president-sas-les-responsabilites-et-risques\/#primaryimage\"},\"thumbnailUrl\":\"https:\/\/www.legalvision.fr\/guides-juridiques\/wp-content\/uploads\/2019\/05\/statut-pr\u00e9sident-sas.jpg\",\"datePublished\":\"2019-05-14T06:30:10+00:00\",\"dateModified\":\"2022-03-27T19:20:56+00:00\",\"description\":\"Quel est le statut pr\u00e9sident SAS ? LegalVision fait le point sur sa nomination, sa responsabilit\u00e9, et ses charges fiscales et sociales.\",\"breadcrumb\":{\"@id\":\"https:\/\/www.legalvision.fr\/guides-juridiques\/sas\/statut-president-sas-les-responsabilites-et-risques\/#breadcrumb\"},\"inLanguage\":\"fr-FR\",\"potentialAction\":[{\"@type\":\"ReadAction\",\"target\":[\"https:\/\/www.legalvision.fr\/guides-juridiques\/sas\/statut-president-sas-les-responsabilites-et-risques\/\"]}]},{\"@type\":\"ImageObject\",\"inLanguage\":\"fr-FR\",\"@id\":\"https:\/\/www.legalvision.fr\/guides-juridiques\/sas\/statut-president-sas-les-responsabilites-et-risques\/#primaryimage\",\"url\":\"https:\/\/www.legalvision.fr\/guides-juridiques\/wp-content\/uploads\/2019\/05\/statut-pr\u00e9sident-sas.jpg\",\"contentUrl\":\"https:\/\/www.legalvision.fr\/guides-juridiques\/wp-content\/uploads\/2019\/05\/statut-pr\u00e9sident-sas.jpg\",\"width\":958,\"height\":350,\"caption\":\"statut pr\u00e9sident sas\"},{\"@type\":\"BreadcrumbList\",\"@id\":\"https:\/\/www.legalvision.fr\/guides-juridiques\/sas\/statut-president-sas-les-responsabilites-et-risques\/#breadcrumb\",\"itemListElement\":[{\"@type\":\"ListItem\",\"position\":1,\"name\":\"Accueil\",\"item\":\"https:\/\/www.legalvision.fr\/guides-juridiques\/\"},{\"@type\":\"ListItem\",\"position\":2,\"name\":\"SAS\",\"item\":\"https:\/\/www.legalvision.fr\/guides-juridiques\/sas\/\"},{\"@type\":\"ListItem\",\"position\":3,\"name\":\"Le statut de pr\u00e9sident de SAS : nomination, responsabilit\u00e9s et charges\"}]},{\"@type\":\"WebSite\",\"@id\":\"https:\/\/www.legalvision.fr\/guides-juridiques\/#website\",\"url\":\"https:\/\/www.legalvision.fr\/guides-juridiques\/\",\"name\":\"Guides juridiques\",\"description\":\"L&#039;information juridique \u00e0 destination des entreprises et TPE\",\"publisher\":{\"@id\":\"https:\/\/www.legalvision.fr\/guides-juridiques\/#organization\"},\"potentialAction\":[{\"@type\":\"SearchAction\",\"target\":{\"@type\":\"EntryPoint\",\"urlTemplate\":\"https:\/\/www.legalvision.fr\/guides-juridiques\/?s={search_term_string}\"},\"query-input\":{\"@type\":\"PropertyValueSpecification\",\"valueRequired\":true,\"valueName\":\"search_term_string\"}}],\"inLanguage\":\"fr-FR\"},{\"@type\":\"Organization\",\"@id\":\"https:\/\/www.legalvision.fr\/guides-juridiques\/#organization\",\"name\":\"Guides juridiques\",\"url\":\"https:\/\/www.legalvision.fr\/guides-juridiques\/\",\"logo\":{\"@type\":\"ImageObject\",\"inLanguage\":\"fr-FR\",\"@id\":\"https:\/\/www.legalvision.fr\/guides-juridiques\/#\/schema\/logo\/image\/\",\"url\":\"https:\/\/www.legalvision.fr\/guides-juridiques\/wp-content\/uploads\/2022\/10\/LV-Logotype.png\",\"contentUrl\":\"https:\/\/www.legalvision.fr\/guides-juridiques\/wp-content\/uploads\/2022\/10\/LV-Logotype.png\",\"width\":647,\"height\":125,\"caption\":\"Guides juridiques\"},\"image\":{\"@id\":\"https:\/\/www.legalvision.fr\/guides-juridiques\/#\/schema\/logo\/image\/\"}},{\"@type\":\"Person\",\"@id\":\"https:\/\/www.legalvision.fr\/guides-juridiques\/#\/schema\/person\/c454a42bc2a18b5443bc24faa78c5128\",\"name\":\"Joseph Louis\",\"image\":{\"@type\":\"ImageObject\",\"inLanguage\":\"fr-FR\",\"@id\":\"https:\/\/www.legalvision.fr\/guides-juridiques\/#\/schema\/person\/image\/\",\"url\":\"https:\/\/www.legalvision.fr\/guides-juridiques\/wp-content\/uploads\/2023\/07\/cropped-homme7-96x96.png\",\"contentUrl\":\"https:\/\/www.legalvision.fr\/guides-juridiques\/wp-content\/uploads\/2023\/07\/cropped-homme7-96x96.png\",\"caption\":\"Joseph Louis\"},\"description\":\"Joseph est Juriste au sein de LegalVision. Titulaire d'un Master 2 Droit Bancaire et Financier au sein de l'Universit\u00e9 Jean Moulin Lyon 3, le monde des start-up et de la finance le passionne.\",\"url\":\"https:\/\/www.legalvision.fr\/guides-juridiques\/author\/joseph-louis\/\"}]}<\/script>\n<!-- \/ Yoast SEO plugin. -->","yoast_head_json":{"title":"Statut pr\u00e9sident SAS : les astuces pour limiter les risques et les charges","description":"Quel est le statut pr\u00e9sident SAS ? LegalVision fait le point sur sa nomination, sa responsabilit\u00e9, et ses charges fiscales et sociales.","robots":{"index":"index","follow":"follow","max-snippet":"max-snippet:-1","max-image-preview":"max-image-preview:large","max-video-preview":"max-video-preview:-1"},"canonical":"https:\/\/www.legalvision.fr\/guides-juridiques\/sas\/statut-president-sas-les-responsabilites-et-risques\/","og_locale":"fr_FR","og_type":"article","og_title":"Statut pr\u00e9sident SAS : les astuces pour limiter les risques et les charges","og_description":"Quel est le statut pr\u00e9sident SAS ? LegalVision fait le point sur sa nomination, sa responsabilit\u00e9, et ses charges fiscales et sociales.","og_url":"https:\/\/www.legalvision.fr\/guides-juridiques\/sas\/statut-president-sas-les-responsabilites-et-risques\/","og_site_name":"Guides juridiques","article_published_time":"2019-05-14T06:30:10+00:00","article_modified_time":"2022-03-27T19:20:56+00:00","og_image":[{"width":958,"height":350,"url":"https:\/\/www.legalvision.fr\/guides-juridiques\/wp-content\/uploads\/2019\/05\/statut-pr\u00e9sident-sas.jpg","type":"image\/jpeg"}],"author":"Joseph Louis","twitter_card":"summary_large_image","twitter_misc":{"\u00c9crit par":"Joseph Louis","Dur\u00e9e de lecture estim\u00e9e":"12 minutes"},"schema":{"@context":"https:\/\/schema.org","@graph":[{"@type":"Article","@id":"https:\/\/www.legalvision.fr\/guides-juridiques\/sas\/statut-president-sas-les-responsabilites-et-risques\/#article","isPartOf":{"@id":"https:\/\/www.legalvision.fr\/guides-juridiques\/sas\/statut-president-sas-les-responsabilites-et-risques\/"},"author":{"name":"Joseph Louis","@id":"https:\/\/www.legalvision.fr\/guides-juridiques\/#\/schema\/person\/c454a42bc2a18b5443bc24faa78c5128"},"headline":"Le statut de pr\u00e9sident de SAS : nomination, responsabilit\u00e9s et charges","datePublished":"2019-05-14T06:30:10+00:00","dateModified":"2022-03-27T19:20:56+00:00","mainEntityOfPage":{"@id":"https:\/\/www.legalvision.fr\/guides-juridiques\/sas\/statut-president-sas-les-responsabilites-et-risques\/"},"wordCount":2393,"commentCount":0,"publisher":{"@id":"https:\/\/www.legalvision.fr\/guides-juridiques\/#organization"},"image":{"@id":"https:\/\/www.legalvision.fr\/guides-juridiques\/sas\/statut-president-sas-les-responsabilites-et-risques\/#primaryimage"},"thumbnailUrl":"https:\/\/www.legalvision.fr\/guides-juridiques\/wp-content\/uploads\/2019\/05\/statut-pr\u00e9sident-sas.jpg","articleSection":["SAS"],"inLanguage":"fr-FR","potentialAction":[{"@type":"CommentAction","name":"Comment","target":["https:\/\/www.legalvision.fr\/guides-juridiques\/sas\/statut-president-sas-les-responsabilites-et-risques\/#respond"]}]},{"@type":"WebPage","@id":"https:\/\/www.legalvision.fr\/guides-juridiques\/sas\/statut-president-sas-les-responsabilites-et-risques\/","url":"https:\/\/www.legalvision.fr\/guides-juridiques\/sas\/statut-president-sas-les-responsabilites-et-risques\/","name":"Statut pr\u00e9sident SAS : les astuces pour limiter les risques et les charges","isPartOf":{"@id":"https:\/\/www.legalvision.fr\/guides-juridiques\/#website"},"primaryImageOfPage":{"@id":"https:\/\/www.legalvision.fr\/guides-juridiques\/sas\/statut-president-sas-les-responsabilites-et-risques\/#primaryimage"},"image":{"@id":"https:\/\/www.legalvision.fr\/guides-juridiques\/sas\/statut-president-sas-les-responsabilites-et-risques\/#primaryimage"},"thumbnailUrl":"https:\/\/www.legalvision.fr\/guides-juridiques\/wp-content\/uploads\/2019\/05\/statut-pr\u00e9sident-sas.jpg","datePublished":"2019-05-14T06:30:10+00:00","dateModified":"2022-03-27T19:20:56+00:00","description":"Quel est le statut pr\u00e9sident SAS ? LegalVision fait le point sur sa nomination, sa responsabilit\u00e9, et ses charges fiscales et sociales.","breadcrumb":{"@id":"https:\/\/www.legalvision.fr\/guides-juridiques\/sas\/statut-president-sas-les-responsabilites-et-risques\/#breadcrumb"},"inLanguage":"fr-FR","potentialAction":[{"@type":"ReadAction","target":["https:\/\/www.legalvision.fr\/guides-juridiques\/sas\/statut-president-sas-les-responsabilites-et-risques\/"]}]},{"@type":"ImageObject","inLanguage":"fr-FR","@id":"https:\/\/www.legalvision.fr\/guides-juridiques\/sas\/statut-president-sas-les-responsabilites-et-risques\/#primaryimage","url":"https:\/\/www.legalvision.fr\/guides-juridiques\/wp-content\/uploads\/2019\/05\/statut-pr\u00e9sident-sas.jpg","contentUrl":"https:\/\/www.legalvision.fr\/guides-juridiques\/wp-content\/uploads\/2019\/05\/statut-pr\u00e9sident-sas.jpg","width":958,"height":350,"caption":"statut pr\u00e9sident sas"},{"@type":"BreadcrumbList","@id":"https:\/\/www.legalvision.fr\/guides-juridiques\/sas\/statut-president-sas-les-responsabilites-et-risques\/#breadcrumb","itemListElement":[{"@type":"ListItem","position":1,"name":"Accueil","item":"https:\/\/www.legalvision.fr\/guides-juridiques\/"},{"@type":"ListItem","position":2,"name":"SAS","item":"https:\/\/www.legalvision.fr\/guides-juridiques\/sas\/"},{"@type":"ListItem","position":3,"name":"Le statut de pr\u00e9sident de SAS : nomination, responsabilit\u00e9s et charges"}]},{"@type":"WebSite","@id":"https:\/\/www.legalvision.fr\/guides-juridiques\/#website","url":"https:\/\/www.legalvision.fr\/guides-juridiques\/","name":"Guides juridiques","description":"L&#039;information juridique \u00e0 destination des entreprises et TPE","publisher":{"@id":"https:\/\/www.legalvision.fr\/guides-juridiques\/#organization"},"potentialAction":[{"@type":"SearchAction","target":{"@type":"EntryPoint","urlTemplate":"https:\/\/www.legalvision.fr\/guides-juridiques\/?s={search_term_string}"},"query-input":{"@type":"PropertyValueSpecification","valueRequired":true,"valueName":"search_term_string"}}],"inLanguage":"fr-FR"},{"@type":"Organization","@id":"https:\/\/www.legalvision.fr\/guides-juridiques\/#organization","name":"Guides juridiques","url":"https:\/\/www.legalvision.fr\/guides-juridiques\/","logo":{"@type":"ImageObject","inLanguage":"fr-FR","@id":"https:\/\/www.legalvision.fr\/guides-juridiques\/#\/schema\/logo\/image\/","url":"https:\/\/www.legalvision.fr\/guides-juridiques\/wp-content\/uploads\/2022\/10\/LV-Logotype.png","contentUrl":"https:\/\/www.legalvision.fr\/guides-juridiques\/wp-content\/uploads\/2022\/10\/LV-Logotype.png","width":647,"height":125,"caption":"Guides juridiques"},"image":{"@id":"https:\/\/www.legalvision.fr\/guides-juridiques\/#\/schema\/logo\/image\/"}},{"@type":"Person","@id":"https:\/\/www.legalvision.fr\/guides-juridiques\/#\/schema\/person\/c454a42bc2a18b5443bc24faa78c5128","name":"Joseph Louis","image":{"@type":"ImageObject","inLanguage":"fr-FR","@id":"https:\/\/www.legalvision.fr\/guides-juridiques\/#\/schema\/person\/image\/","url":"https:\/\/www.legalvision.fr\/guides-juridiques\/wp-content\/uploads\/2023\/07\/cropped-homme7-96x96.png","contentUrl":"https:\/\/www.legalvision.fr\/guides-juridiques\/wp-content\/uploads\/2023\/07\/cropped-homme7-96x96.png","caption":"Joseph Louis"},"description":"Joseph est Juriste au sein de LegalVision. Titulaire d'un Master 2 Droit Bancaire et Financier au sein de l'Universit\u00e9 Jean Moulin Lyon 3, le monde des start-up et de la finance le passionne.","url":"https:\/\/www.legalvision.fr\/guides-juridiques\/author\/joseph-louis\/"}]}},"_links":{"self":[{"href":"https:\/\/www.legalvision.fr\/guides-juridiques\/wp-json\/wp\/v2\/posts\/13815","targetHints":{"allow":["GET"]}}],"collection":[{"href":"https:\/\/www.legalvision.fr\/guides-juridiques\/wp-json\/wp\/v2\/posts"}],"about":[{"href":"https:\/\/www.legalvision.fr\/guides-juridiques\/wp-json\/wp\/v2\/types\/post"}],"author":[{"embeddable":true,"href":"https:\/\/www.legalvision.fr\/guides-juridiques\/wp-json\/wp\/v2\/users\/28"}],"replies":[{"embeddable":true,"href":"https:\/\/www.legalvision.fr\/guides-juridiques\/wp-json\/wp\/v2\/comments?post=13815"}],"version-history":[{"count":0,"href":"https:\/\/www.legalvision.fr\/guides-juridiques\/wp-json\/wp\/v2\/posts\/13815\/revisions"}],"wp:featuredmedia":[{"embeddable":true,"href":"https:\/\/www.legalvision.fr\/guides-juridiques\/wp-json\/wp\/v2\/media\/24557"}],"wp:attachment":[{"href":"https:\/\/www.legalvision.fr\/guides-juridiques\/wp-json\/wp\/v2\/media?parent=13815"}],"wp:term":[{"taxonomy":"category","embeddable":true,"href":"https:\/\/www.legalvision.fr\/guides-juridiques\/wp-json\/wp\/v2\/categories?post=13815"},{"taxonomy":"post_tag","embeddable":true,"href":"https:\/\/www.legalvision.fr\/guides-juridiques\/wp-json\/wp\/v2\/tags?post=13815"}],"curies":[{"name":"wp","href":"https:\/\/api.w.org\/{rel}","templated":true}]}}