{"id":13574,"date":"2019-04-22T07:30:46","date_gmt":"2019-04-22T06:30:46","guid":{"rendered":"https:\/\/blog.legalvision.fr\/?p=13574"},"modified":"2022-03-27T21:20:58","modified_gmt":"2022-03-27T19:20:58","slug":"qu-est-ce-qu-une-assemblee-generale","status":"publish","type":"post","link":"https:\/\/www.legalvision.fr\/guides-juridiques\/gerer-une-entreprise\/qu-est-ce-qu-une-assemblee-generale\/","title":{"rendered":"Qu&rsquo;est ce qu&rsquo;une assembl\u00e9e g\u00e9n\u00e9rale ?"},"content":{"rendered":"<p><html><body><br \/>\n<strong>Qu&rsquo;est-ce qu&rsquo;une assembl\u00e9e g\u00e9n\u00e9rale <\/strong>des actionnaires ou des associ\u00e9s ? Si l&rsquo;on souhaite donner une d\u00e9finition de l&rsquo;assembl\u00e9e g\u00e9n\u00e9rale (AG), il s&rsquo;agit de la <strong>r\u00e9union des associ\u00e9s de la soci\u00e9t\u00e9 en vu de prendre des d\u00e9cisions concernant ladite soci\u00e9t\u00e9<\/strong>.\u00a0Les d\u00e9cisions d&rsquo;AG font l&rsquo;objet de proc\u00e8s verbaux conserv\u00e9s reproduits au\u00a0registre des assembl\u00e9es g\u00e9n\u00e9rales.<\/p>\n<p>Ainsi, toutes les soci\u00e9t\u00e9s\u00a0doivent tenir des assembl\u00e9es g\u00e9n\u00e9rales, hormis les soci\u00e9t\u00e9s unipersonnelles.\u00a0Par cons\u00e9quent, la SASU et l&rsquo;EURL n&rsquo;ont pas d&rsquo;assembl\u00e9e g\u00e9n\u00e9rale. En effet, dans ces deux soci\u00e9t\u00e9s, il n&rsquo;y a qu&rsquo;un seul associ\u00e9,\u00a0donc les d\u00e9cisions prises par l&rsquo;associ\u00e9 unique seront consign\u00e9es dans un <strong>registre des d\u00e9cisions de l&rsquo;associ\u00e9 unique. <\/strong><\/p>\n<p>En outre, les <a href=\"https:\/\/blog.legalvision.fr\/2018\/07\/29\/assemblee-generale\/\">assembl\u00e9es g\u00e9n\u00e9rales des soci\u00e9t\u00e9s commerciales<\/a> et celles des soci\u00e9t\u00e9s civiles ne r\u00e9pondent pas aux m\u00eames conditions juridiques.<\/p>\n<p>Les <strong>AGO<\/strong> et les <strong>AGE<\/strong> sont comp\u00e9tentes pour diff\u00e9rents types de d\u00e9cisions. Il y a des s<strong>p\u00e9cificit\u00e9s juridiques<\/strong> selon que vous \u00eates en assembl\u00e9e g\u00e9n\u00e9rale de SARL, de SAS ou de SCI. Enfin,\u00a0une fois la d\u00e9cision d&rsquo;AG prise, il faudra <strong>r\u00e9diger un\u00a0PV d&rsquo;assembl\u00e9e g\u00e9n\u00e9rale<\/strong> et tenir un registre des assembl\u00e9es g\u00e9n\u00e9rales.<\/p>\n<h3>Sommaire :<\/h3>\n<p><strong><a href=\"#I\">I\/ Qu&rsquo;est-ce qu&rsquo;une assembl\u00e9e g\u00e9n\u00e9rale ?<\/a><\/strong><br \/>\n<strong> <a href=\"#II\">II\/ L&rsquo;assembl\u00e9e g\u00e9n\u00e9rale dans les SARL<\/a><\/strong><br \/>\n<strong> <a href=\"#III\">III\/ L&rsquo;assembl\u00e9e g\u00e9n\u00e9rale dans les SAS<\/a><\/strong><br \/>\n<strong> <a href=\"#IV\">IV\/ L&rsquo;assembl\u00e9e g\u00e9n\u00e9rale dans les SCI<\/a><\/strong><br \/>\n<strong> <a href=\"#V\">V\/\u00a0Qu&rsquo;est-ce qu&rsquo;une assembl\u00e9e g\u00e9n\u00e9rale ? Tableau comparatif<\/a><\/strong><br \/>\n<strong> <a href=\"#VI\">VI\/\u00a0R\u00e9daction du PV d&rsquo;AG et registre des assembl\u00e9es g\u00e9n\u00e9rales<\/a><\/strong><\/p>\n<h2 id=\"I\">I\/\u00a0Qu&rsquo;est-ce qu&rsquo;une assembl\u00e9e g\u00e9n\u00e9rale ?<\/h2>\n<h3>A) Assembl\u00e9e g\u00e9n\u00e9rale ordinaire d\u00e9finition : qu&rsquo;est-ce qu&rsquo;une assembl\u00e9e g\u00e9n\u00e9rale ordinaire (AGO) ?<\/h3>\n<p>L&rsquo;assembl\u00e9e g\u00e9n\u00e9rale ordinaire correspond \u00e0 la r\u00e9union des associ\u00e9s en vu de voter toutes les d\u00e9cisions courantes ne modifiant pas les statuts. Ainsi, les d\u00e9cisions vot\u00e9es en AGO sont les suivantes :<\/p>\n<ul>\n<li>La <a href=\"https:\/\/www.legalvision.fr\/nomination-gerant\/\">nomination<\/a>, la r\u00e9vocation et la r\u00e9mun\u00e9ration du dirigeant,<\/li>\n<li>La nomination et la r\u00e9vocation du commissaire aux comptes,<\/li>\n<li>L&rsquo;approbation des comptes,<\/li>\n<li>L&rsquo;affectation des r\u00e9sultats (distribution de dividendes, mise en r\u00e9serve ou report \u00e0 nouveau),<\/li>\n<li>Le vote sur les conventions r\u00e9glement\u00e9es.<\/li>\n<\/ul>\n<p>Enfin, quel est le quorum pour une assembl\u00e9e g\u00e9n\u00e9rale ordinaire ? Les <strong>conditions de majorit\u00e9 et de quorum d\u00e9pendront du <a href=\"https:\/\/blog.legalvision.fr\/2019\/03\/03\/definition-d-un-statut-juridique-et-les-differents-statuts-juridiques-en-2019\/\">statut juridique<\/a> de\u00a0votre soci\u00e9t\u00e9<\/strong>. Ainsi, elles seront diff\u00e9rentes si vous \u00eates en SARL en SAS ou en SCI.<\/p>\n<h3>B) Qu&rsquo;est-ce qu&rsquo;une assembl\u00e9e g\u00e9n\u00e9rale extraordinaire (AGE) ?<\/h3>\n<p>L&rsquo;assembl\u00e9e g\u00e9n\u00e9rale extraordinaire correspond \u00e0 la r\u00e9union des associ\u00e9s en vu de la modification des statuts de la soci\u00e9t\u00e9. Ainsi, les actes modificatifs des statuts sont le plus souvent :<\/p>\n<ul>\n<li>\n<a href=\"https:\/\/www.legalvision.fr\/financement-dentreprise\/cession-de-parts-sociales\/\">La cession de parts<\/a> ou d&rsquo;actions,<\/li>\n<li>La fusion ou scission de la soci\u00e9t\u00e9,<\/li>\n<li>Une transformation de la soci\u00e9t\u00e9,<\/li>\n<li>L&rsquo;augmentation ou la\u00a0<a href=\"https:\/\/www.legalvision.fr\/modification-statuts\/reduction-de-capital\/\">r\u00e9duction de capital<\/a>,<\/li>\n<li>Et enfin, la dissolution de la soci\u00e9t\u00e9.<\/li>\n<\/ul>\n<p>Si vous souhaitez <a href=\"https:\/\/www.legalvision.fr\/modification-statuts\/\">modifier vos statuts<\/a> suite \u00e0 une de ces d\u00e9cisions,\u00a0LegalVision peut vous accompagner dans vos formalit\u00e9s juridiques.<\/p>\n<h3>C) Assembl\u00e9e g\u00e9n\u00e9rale mixte d\u00e9finition : qu&rsquo;est-ce qu&rsquo;une assembl\u00e9e g\u00e9n\u00e9rale mixte ?<\/h3>\n<p><strong>L&rsquo;assembl\u00e9e g\u00e9n\u00e9rale mixte<\/strong> est une assembl\u00e9e dans laquelle les associ\u00e9s prendront des d\u00e9cisions relatives \u00e0 la modification des statuts\u00a0ainsi que d&rsquo;autres d\u00e9cisions n&rsquo;impliquant pas de modifications statutaires.<\/p>\n<p>Ainsi, les d\u00e9cisions relative \u00e0 la modification des statuts seront prises \u00e0 la majorit\u00e9 qualifi\u00e9e et les autres \u00e0 la majorit\u00e9 propre aux AGO. Mais\u00a0les conditions de majorit\u00e9 d\u00e9pendent de\u00a0la\u00a0<a href=\"https:\/\/www.legalvision.fr\/forme-juridique\/\">forme juridique<\/a>\u00a0de la soci\u00e9t\u00e9, c&rsquo;est ce que nous allons voir maintenant.<\/p>\n<h2 id=\"II\">II\/ L&rsquo;assembl\u00e9e g\u00e9n\u00e9rale dans les SARL<\/h2>\n<h3>A) Les modalit\u00e9s de convocation<\/h3>\n<p>Si la soci\u00e9t\u00e9 a le <a href=\"https:\/\/blog.legalvision.fr\/2018\/05\/04\/statut-sarl\/\">statut SARL<\/a>,<strong> l&rsquo;auteur de la convocation<\/strong> est en principe le <strong><a href=\"https:\/\/blog.legalvision.fr\/2018\/10\/08\/statut-gerant\/\">g\u00e9rant<\/a><\/strong> de SARL. Cependant,\u00a0un associ\u00e9 d\u00e9tenant 50 % des parts ou 10% des associ\u00e9s d\u00e9tenant 10% des parts sociales pourront \u00e9galement convoquer l&rsquo;AG. Enfin, tout associ\u00e9 pourra demander en justice la convocation de l&rsquo;assembl\u00e9e.<\/p>\n<p>En ce qui concerne les<strong> d\u00e9lais de la convocation<\/strong>, elle\u00a0doit \u00eatre r\u00e9alis\u00e9e au moins <a href=\"https:\/\/www.legifrance.gouv.fr\/affichCodeArticle.do?idArticle=LEGIARTI000036665390&amp;cidTexte=LEGITEXT000005634379&amp;oldAction=rechCodeArticle&amp;nbResultRech=1\">15 jours<\/a> avant la r\u00e9union de l&rsquo;AGO. Pour l&rsquo;AGE, il faudra convoquer les associ\u00e9s au moins 21 jours avant la r\u00e9union de l&rsquo;AGE.<\/p>\n<p>Pour ce qui est de l&rsquo;<a href=\"https:\/\/www.legalvision.fr\/approbation-des-comptes\/\"><strong>approbation des comptes<\/strong><\/a>, elle doit avoir lieu <strong>dans les 6 mois<\/strong> qui suivent la cl\u00f4ture de l&rsquo;exercice social.<\/p>\n<h3>B) Les modalit\u00e9s de vote<\/h3>\n<p>Pour les <a href=\"https:\/\/www.entreprises.cci-paris-idf.fr\/web\/reglementation\/developpement-entreprise\/droit-affaires\/assemblee-ordinaire-annuelle-sarl\">AGO<\/a>, ce sera :<\/p>\n<ul>\n<li>la <strong>majorit\u00e9 absolue<\/strong> des parts sur premi\u00e8re convocation (soit 50% +1 des parts sociales),<\/li>\n<li>puis, la <strong>majorit\u00e9 relative<\/strong> des parts sur\u00a0deuxi\u00e8me convocation.<\/li>\n<\/ul>\n<p>Pour les AGE :<\/p>\n<ul>\n<li>Les SARL cr\u00e9\u00e9es avant le 4 ao\u00fbt 2005 doivent\u00a0avoir une majorit\u00e9 des<strong> 3\/4 des parts sociales,<\/strong>\n<\/li>\n<li>Les SARL cr\u00e9\u00e9es\u00a0apr\u00e8s le 4 ao\u00fbt 2005 doivent avoir une majorit\u00e9 des <strong>2\/3 des parts<\/strong>.<\/li>\n<\/ul>\n<p>Encore, pour ce qui est des SARL\u00a0cr\u00e9\u00e9es\u00a0apr\u00e8s\u00a0le 4 ao\u00fbt 2005, des <a href=\"https:\/\/www.legifrance.gouv.fr\/affichCodeArticle.do?idArticle=LEGIARTI000029946665&amp;cidTexte=LEGITEXT000005634379\">conditions de quorum<\/a> doivent aussi \u00eatre respect\u00e9es. Elles sont de <strong>1\/4<\/strong> des associ\u00e9s sur premi\u00e8re convocation\u00a0puis de <strong>1\/5<\/strong> sur deuxi\u00e8me convocation.<\/p>\n<p><em><strong>Exemple :<\/strong> Une SARL Y a cl\u00f4tur\u00e9\u00a0son exercice social le 31 d\u00e9cembre 2018. Il faudra donc que l&rsquo;assembl\u00e9e g\u00e9n\u00e9rale d&rsquo;approbation des comptes ait lieu au plus tard le 30 juin 2019 (d\u00e9lai de 6 mois). Par cons\u00e9quent, le g\u00e9rant devra convoquer l&rsquo;AGO au plus tard le 15 juin (d\u00e9lai de 15 jours). Ensuite, l&rsquo;approbation des comptes se fera \u00e0 la majorit\u00e9 simple. Enfin, une fois les comptes approuv\u00e9s, ils devront faire l&rsquo;objet <a href=\"https:\/\/www.legalvision.fr\/depot-des-comptes\/\">d&rsquo;un d\u00e9p\u00f4t\u00a0au tribunal de commerce<\/a>.\u00a0<\/em><\/p>\n<h2 id=\"III\">III\/ L&rsquo;assembl\u00e9e g\u00e9n\u00e9rale dans les SAS<\/h2>\n<p>L&rsquo;avantage du <a href=\"https:\/\/blog.legalvision.fr\/2018\/05\/23\/statut-sas\/\">statut\u00a0SAS<\/a> r\u00e9side dans son fonctionnement tr\u00e8s souple. En effet, peu de r\u00e8gles sont impos\u00e9es et vous pouvez y d\u00e9roger selon ce qui est indiqu\u00e9 dans les statuts.<\/p>\n<p>L&rsquo;auteur de la convocation sera le <strong>dirigeant de SAS<\/strong>. Si vous souhaitez <a href=\"https:\/\/blog.legalvision.fr\/2018\/11\/08\/revocation-du-dirigeant-president\/\">r\u00e9voquer le dirigeant<\/a>, il est n\u00e9anmoins possible d&rsquo;aller en justice pour demander la <strong><a href=\"https:\/\/www.legifrance.gouv.fr\/affichJuriJudi.do?idTexte=JURITEXT000028801856\">nomination d&rsquo;un mandataire ad hoc<\/a><\/strong> selon la proc\u00e9dure des r\u00e9f\u00e9r\u00e9s.<\/p>\n<p>Enfin, il n&rsquo;y a aucun d\u00e9lai l\u00e9gal \u00e0 respecter entre la date de convocation et la r\u00e9union de l&rsquo;assembl\u00e9e g\u00e9n\u00e9rale.<\/p>\n<p>En ce qui concerne les <strong>conditions de majorit\u00e9,<\/strong>\u00a0elles sont librement fix\u00e9es par les statuts que vous soyez en AGO ou en AGE.<\/p>\n<h2 id=\"IV\">IV\/ L&rsquo;assembl\u00e9e g\u00e9n\u00e9rale dans les SCI<\/h2>\n<p>Dans les <strong><a href=\"https:\/\/blog.legalvision.fr\/2018\/05\/16\/statut-sci\/\">SCI<\/a><\/strong>, l&rsquo;auteur de la convocation\u00a0est en principe le <strong>g\u00e9rant de SCI<\/strong>. Si le g\u00e9rant refuse de convoquer une assembl\u00e9e, <strong>tout associ\u00e9<\/strong> pourra demander en justice la d\u00e9signation d&rsquo;un <strong>mandataire<\/strong> charg\u00e9 de proc\u00e9der \u00e0 la convocation.<\/p>\n<p>L&rsquo;associ\u00e9 devra faire sa demande :<\/p>\n<ul>\n<li>aupr\u00e8s du pr\u00e9sident du TGI\u00a0statuant en la forme des r\u00e9f\u00e9r\u00e9s,<\/li>\n<li>apr\u00e8s\u00a0l&rsquo;expiration d&rsquo;un d\u00e9lai d&rsquo;1 mois \u00e0 compter de la demande au g\u00e9rant de convoquer une assembl\u00e9e.<\/li>\n<\/ul>\n<p>En ce qui concerne les<strong>\u00a0d\u00e9lais de convocation,<\/strong>\u00a0elle doit \u00eatre faite au moins <strong>15 jours<\/strong> avant la r\u00e9union de l&rsquo;AGO. Enfin, pour l&rsquo;AGE, il faudra convoquer les associ\u00e9s <strong>au moins 21 jours<\/strong> avant la r\u00e9union de l&rsquo;AGE.<\/p>\n<p>Ensuite,\u00a0concernant les conditions de majorit\u00e9, elles sont les m\u00eames en AGE et en AGO. Tous les associ\u00e9s devront <strong>voter \u00e0 l&rsquo;unanimit\u00e9<\/strong>. En revanche, les statuts pourront pr\u00e9voir des conditions de majorit\u00e9 plus faibles.<\/p>\n<p><strong>Attention :<\/strong>\u00a0la grande diff\u00e9rence des SCI avec les SAS, les SARL et la SA est que dans la SCI, les d\u00e9cisions sont prises \u00e0 la<strong>\u00a0majorit\u00e9 des associ\u00e9s<\/strong>\u00a0et non \u00e0 la\u00a0<strong>majorit\u00e9 des parts sociales<\/strong>.<\/p>\n<h2 id=\"V\">V\/ Qu&rsquo;est-ce qu&rsquo;une assembl\u00e9e g\u00e9n\u00e9rale ? Tableau comparatif<\/h2>\n<table style=\"height: 953px;\" width=\"821\">\n<tbody>\n<tr>\n<td width=\"189\"><\/td>\n<td width=\"140\"><strong>SARL<\/strong><\/td>\n<td width=\"126\"><strong>SCI<\/strong><\/td>\n<td width=\"127\"><strong>SAS<\/strong><\/td>\n<td width=\"126\"><strong>SA<\/strong><\/td>\n<\/tr>\n<tr>\n<td width=\"189\"><strong>Qui convoque les associ\u00e9s\u00a0?<\/strong><\/td>\n<td width=\"140\">&#8211; Dirigeant<\/p>\n<p>&#8211; Convocation par associ\u00e9 sous conditions<\/p>\n<p>&#8211; Enfin, Convocation en justice<\/td>\n<td width=\"126\">&#8211; Dirigeant<\/p>\n<p>&#8211; Convocation en justice<\/td>\n<td width=\"127\">&#8211; Dirigeant.<\/p>\n<p>&#8211; Convocation en justice (par proc\u00e9dure des r\u00e9f\u00e9r\u00e9s)<\/td>\n<td width=\"126\">&#8211; Conseil d\u2019administration ou Directoire<\/p>\n<p>&#8211; Convocation en justice par Actionnaire ayant au moins <strong>5%<\/strong> du capital social<\/td>\n<\/tr>\n<tr>\n<td width=\"189\"><strong>D\u00e9lai de convocation avant l\u2019AG<\/strong><\/td>\n<td width=\"140\">&#8211; AGO 15 jours<\/p>\n<p>&#8211; AGE 21 jours<\/td>\n<td width=\"126\">&#8211; En AGO 15 jours<\/p>\n<p>&#8211; En AGE 21 jours<\/td>\n<td width=\"127\"><\/td>\n<td width=\"126\">&#8211; AGO 15 jours<\/p>\n<p>&#8211; AGE 21 jours<\/td>\n<\/tr>\n<tr>\n<td width=\"189\"><strong>Condition de majorit\u00e9 en AGO<\/strong><\/td>\n<td width=\"140\">&#8211; 50% +1 des parts sociales sur premi\u00e8re convocation<\/p>\n<p>&#8211; Majorit\u00e9 relative sur deuxi\u00e8me convocation.<\/td>\n<td width=\"126\">Unanimit\u00e9 des associ\u00e9s<\/td>\n<td width=\"127\">Celle pr\u00e9vue dans les statuts<\/td>\n<td width=\"126\">50%+ 1 voix des parts sociales<\/td>\n<\/tr>\n<tr>\n<td width=\"189\"><strong>Condition de majorit\u00e9 en AGE<\/strong><\/td>\n<td width=\"140\">&#8211;<strong> 3\/4<\/strong>\u00a0des parts sociales pour les SARL cr\u00e9\u00e9es avant 4 ao\u00fbt 2005<\/p>\n<p>&#8211;<strong>2\/3<\/strong> des parts sociales pour les SARL cr\u00e9\u00e9es apr\u00e8s le 4 ao\u00fbt 2005<\/td>\n<td width=\"126\">Unanimit\u00e9 des associ\u00e9s<\/td>\n<td width=\"127\">Celle pr\u00e9vue dans les statuts<\/td>\n<td width=\"126\">2\/3 des parts sociales<\/td>\n<\/tr>\n<tr>\n<td width=\"189\"><strong>Condition de quorum en AGE<\/strong><\/td>\n<td width=\"140\">&#8211; <b>1\/4<\/b>\u00a0des parts sur premi\u00e8re convocation<\/p>\n<p>&#8211;<strong>1\/5<\/strong> sur deuxi\u00e8me convocation<\/td>\n<td width=\"126\"><\/td>\n<td width=\"127\"><\/td>\n<td width=\"126\">&#8211;\u00a01\/4 des parts sur premi\u00e8re convocation<\/p>\n<p>-1\/5 sur deuxi\u00e8me convocation<\/td>\n<\/tr>\n<\/tbody>\n<\/table>\n<h2 id=\"VI\">VI\/ R\u00e9daction du PV d&rsquo;AG et registre des assembl\u00e9es g\u00e9n\u00e9rales<\/h2>\n<p>Une fois que votre assembl\u00e9e g\u00e9n\u00e9rale est termin\u00e9e, il faudra r\u00e9diger un <a href=\"https:\/\/blog.legalvision.fr\/2018\/06\/26\/pv-d-assemblee-generale\/\"><strong>proc\u00e8s-verbal (PV) d&rsquo;assembl\u00e9e g\u00e9n\u00e9rale<\/strong><\/a>. Aussi, le <strong>PV devra retracer<\/strong> :<\/p>\n<ul>\n<li>L&rsquo;identit\u00e9 de la soci\u00e9t\u00e9 (sa d\u00e9nomination sociale, son si\u00e8ge, son capital etc&#8230;),<\/li>\n<li>La date et\u00a0le lieu de convocation des associ\u00e9s,<\/li>\n<li>L&rsquo;identit\u00e9 des associ\u00e9s pr\u00e9sents ou repr\u00e9sent\u00e9s,<\/li>\n<li>Ensuite,\u00a0l&rsquo;ordre du jour (toutes les modifications ou d\u00e9cisions prises),<\/li>\n<li>Puis l&rsquo;ensemble des r\u00e9solutions,<\/li>\n<li>Et enfin l&rsquo;heure \u00e0 laquelle la s\u00e9ance est lev\u00e9e.<\/li>\n<\/ul>\n<p>Il faudra aussi qu&rsquo;apr\u00e8s la description de chaque r\u00e9solution soit\u00a0inscrite la mention \u00ab <em>cette r\u00e9solution est adopt\u00e9e \u00e0 l\u2019unanimit\u00e9<\/em> \u00bb (ou \u00e0 la majorit\u00e9).<\/p>\n<p><em><strong>Exemple :<\/strong> pour une <a href=\"https:\/\/blog.legalvision.fr\/2017\/03\/15\/dissolution-liquidation-dune-societe\/\">dissolution de soci\u00e9t\u00e9<\/a>, 4 r\u00e9solutions successives devront \u00eatre prises. Ainsi, il s&rsquo;agit de la\u00a0<\/em><em>d\u00e9cision de dissolution de la soci\u00e9t\u00e9, puis\u00a0<\/em><em>la nomination du liquidateur, ensuite la <strong>m<\/strong><\/em><em><strong>odification des statuts\u00a0<\/strong>suite \u00e0 la dissolution, et enfin un p<\/em><em>ouvoir pour r\u00e9aliser les modifications au cas o\u00f9<\/em><em>\u00a0vous souhaiteriez qu&rsquo;une soci\u00e9t\u00e9 r\u00e9alise toutes les formalit\u00e9s de dissolution pour votre compte.\u00a0<\/em><\/p>\n<p>Le PV devra \u00eatre<strong> sign\u00e9<\/strong> et <strong>dat\u00e9<\/strong> par le dirigeant. Enfin, une fois le PV r\u00e9dig\u00e9, il devra \u00eatre <strong>d\u00e9pos\u00e9 au greffe du tribunal de commerce<\/strong>. Il faudra aussi mettre le PV dans une page du <strong>registre des assembl\u00e9es g\u00e9n\u00e9rales<\/strong>.<\/p>\n<p>Qu&rsquo;est-ce que le registre des assembl\u00e9es g\u00e9n\u00e9rales ? Le registre des assembl\u00e9es g\u00e9n\u00e9rales est le document dans lequel sont retranscrits tous les PV d&rsquo;AG. Que ce soit en SCI, en SAS ou en SARL, le registre des assembl\u00e9es g\u00e9n\u00e9rales doit obligatoirement \u00eatre cot\u00e9 et <a href=\"https:\/\/www.service-public.fr\/professionnels-entreprises\/vosdroits\/F31216\">paraph\u00e9 par le greffier du tribunal de commerce<\/a>.<\/p>\n<p>D\u00e9sormais, vous savez\u00a0qu&rsquo;est-ce qu&rsquo;une assembl\u00e9e g\u00e9n\u00e9rale. N&rsquo;h\u00e9sitez pas \u00e0 avoir recours \u00e0 LegalVision pour\u00a0<a href=\"https:\/\/www.legalvision.fr\/modification-statuts\/pv-assemblee-generale\/\">r\u00e9diger vos proc\u00e8s verbaux d&rsquo;assembl\u00e9e g\u00e9n\u00e9rale<\/a> !<\/p>\n<p><\/body><\/html><!--tag_auto_button_lead_legalvision--><a href=\"https:\/\/www.legalvision.fr\/tous-les-services\/?utm_source=blog&#038;utm_campaign=qu-est-ce-qu-une-assemblee-generale\" class=\"tag_auto_button_lead_legalvision\"><button style=\"background-color:#32c3bf;width:100%;\">Modifiez vos statuts en ligne !<\/button><\/a><!--tag_auto_button_lead_legalvision--><\/p>\n","protected":false},"excerpt":{"rendered":"<p>Qu&rsquo;est-ce qu&rsquo;une assembl\u00e9e g\u00e9n\u00e9rale des actionnaires ou des associ\u00e9s ? Si l&rsquo;on souhaite donner une d\u00e9finition de l&rsquo;assembl\u00e9e g\u00e9n\u00e9rale (AG), il s&rsquo;agit de la r\u00e9union des associ\u00e9s de la soci\u00e9t\u00e9 en vu de prendre des d\u00e9cisions concernant ladite soci\u00e9t\u00e9.\u00a0Les d\u00e9cisions d&rsquo;AG font l&rsquo;objet de proc\u00e8s verbaux conserv\u00e9s reproduits au\u00a0registre des assembl\u00e9es g\u00e9n\u00e9rales. Ainsi, toutes les&hellip; <a class=\"more-link\" href=\"https:\/\/www.legalvision.fr\/guides-juridiques\/gerer-une-entreprise\/qu-est-ce-qu-une-assemblee-generale\/\">Poursuivre la lecture <span class=\"screen-reader-text\">Qu&rsquo;est ce qu&rsquo;une assembl\u00e9e g\u00e9n\u00e9rale ?<\/span><\/a><\/p>\n","protected":false},"author":28,"featured_media":23936,"comment_status":"open","ping_status":"open","sticky":false,"template":"","format":"standard","meta":{"content-type":"","inline_featured_image":false,"footnotes":""},"categories":[2502],"tags":[],"class_list":["post-13574","post","type-post","status-publish","format-standard","has-post-thumbnail","hentry","category-gerer-une-entreprise","entry"],"yoast_head":"<!-- This site is optimized with the Yoast SEO plugin v27.1.1 - https:\/\/yoast.com\/product\/yoast-seo-wordpress\/ -->\n<title>Qu&#039;est-ce qu&#039;une assembl\u00e9e g\u00e9n\u00e9rale ? Le guide complet de Legalvision !<\/title>\n<meta name=\"description\" content=\"Qu&#039;est-ce qu&#039;une assembl\u00e9e g\u00e9n\u00e9rale ? Legalvision vous donne toutes les informations sur l&#039;AGO, l&#039;AGE et le registre des assembl\u00e9es g\u00e9n\u00e9rales.\" \/>\n<meta name=\"robots\" content=\"index, follow, max-snippet:-1, max-image-preview:large, max-video-preview:-1\" \/>\n<link rel=\"canonical\" href=\"https:\/\/www.legalvision.fr\/guides-juridiques\/gerer-une-entreprise\/qu-est-ce-qu-une-assemblee-generale\/\" \/>\n<meta property=\"og:locale\" content=\"fr_FR\" \/>\n<meta property=\"og:type\" content=\"article\" \/>\n<meta property=\"og:title\" content=\"Qu&#039;est-ce qu&#039;une assembl\u00e9e g\u00e9n\u00e9rale ? Le guide complet de Legalvision !\" \/>\n<meta property=\"og:description\" content=\"Qu&#039;est-ce qu&#039;une assembl\u00e9e g\u00e9n\u00e9rale ? Legalvision vous donne toutes les informations sur l&#039;AGO, l&#039;AGE et le registre des assembl\u00e9es g\u00e9n\u00e9rales.\" \/>\n<meta property=\"og:url\" content=\"https:\/\/www.legalvision.fr\/guides-juridiques\/gerer-une-entreprise\/qu-est-ce-qu-une-assemblee-generale\/\" \/>\n<meta property=\"og:site_name\" content=\"Guides juridiques\" \/>\n<meta property=\"article:published_time\" content=\"2019-04-22T06:30:46+00:00\" \/>\n<meta property=\"article:modified_time\" content=\"2022-03-27T19:20:58+00:00\" \/>\n<meta property=\"og:image\" content=\"https:\/\/www.legalvision.fr\/guides-juridiques\/wp-content\/uploads\/2019\/04\/quest-ce-quune-assembl\u00e9e-g\u00e9n\u00e9rale.jpg\" \/>\n\t<meta property=\"og:image:width\" content=\"958\" \/>\n\t<meta property=\"og:image:height\" content=\"350\" \/>\n\t<meta property=\"og:image:type\" content=\"image\/jpeg\" \/>\n<meta name=\"author\" content=\"Joseph Louis\" \/>\n<meta name=\"twitter:card\" content=\"summary_large_image\" \/>\n<meta name=\"twitter:label1\" content=\"\u00c9crit par\" \/>\n\t<meta name=\"twitter:data1\" content=\"Joseph Louis\" \/>\n\t<meta name=\"twitter:label2\" content=\"Dur\u00e9e de lecture estim\u00e9e\" \/>\n\t<meta name=\"twitter:data2\" content=\"9 minutes\" \/>\n<script type=\"application\/ld+json\" class=\"yoast-schema-graph\">{\"@context\":\"https:\/\/schema.org\",\"@graph\":[{\"@type\":\"Article\",\"@id\":\"https:\/\/www.legalvision.fr\/guides-juridiques\/gerer-une-entreprise\/qu-est-ce-qu-une-assemblee-generale\/#article\",\"isPartOf\":{\"@id\":\"https:\/\/www.legalvision.fr\/guides-juridiques\/gerer-une-entreprise\/qu-est-ce-qu-une-assemblee-generale\/\"},\"author\":{\"name\":\"Joseph Louis\",\"@id\":\"https:\/\/www.legalvision.fr\/guides-juridiques\/#\/schema\/person\/c454a42bc2a18b5443bc24faa78c5128\"},\"headline\":\"Qu&rsquo;est ce qu&rsquo;une assembl\u00e9e g\u00e9n\u00e9rale ?\",\"datePublished\":\"2019-04-22T06:30:46+00:00\",\"dateModified\":\"2022-03-27T19:20:58+00:00\",\"mainEntityOfPage\":{\"@id\":\"https:\/\/www.legalvision.fr\/guides-juridiques\/gerer-une-entreprise\/qu-est-ce-qu-une-assemblee-generale\/\"},\"wordCount\":1955,\"commentCount\":1,\"publisher\":{\"@id\":\"https:\/\/www.legalvision.fr\/guides-juridiques\/#organization\"},\"image\":{\"@id\":\"https:\/\/www.legalvision.fr\/guides-juridiques\/gerer-une-entreprise\/qu-est-ce-qu-une-assemblee-generale\/#primaryimage\"},\"thumbnailUrl\":\"https:\/\/www.legalvision.fr\/guides-juridiques\/wp-content\/uploads\/2019\/04\/quest-ce-quune-assembl\u00e9e-g\u00e9n\u00e9rale.jpg\",\"articleSection\":[\"G\u00e9rer une entreprise\"],\"inLanguage\":\"fr-FR\",\"potentialAction\":[{\"@type\":\"CommentAction\",\"name\":\"Comment\",\"target\":[\"https:\/\/www.legalvision.fr\/guides-juridiques\/gerer-une-entreprise\/qu-est-ce-qu-une-assemblee-generale\/#respond\"]}]},{\"@type\":\"WebPage\",\"@id\":\"https:\/\/www.legalvision.fr\/guides-juridiques\/gerer-une-entreprise\/qu-est-ce-qu-une-assemblee-generale\/\",\"url\":\"https:\/\/www.legalvision.fr\/guides-juridiques\/gerer-une-entreprise\/qu-est-ce-qu-une-assemblee-generale\/\",\"name\":\"Qu'est-ce qu'une assembl\u00e9e g\u00e9n\u00e9rale ? Le guide complet de Legalvision !\",\"isPartOf\":{\"@id\":\"https:\/\/www.legalvision.fr\/guides-juridiques\/#website\"},\"primaryImageOfPage\":{\"@id\":\"https:\/\/www.legalvision.fr\/guides-juridiques\/gerer-une-entreprise\/qu-est-ce-qu-une-assemblee-generale\/#primaryimage\"},\"image\":{\"@id\":\"https:\/\/www.legalvision.fr\/guides-juridiques\/gerer-une-entreprise\/qu-est-ce-qu-une-assemblee-generale\/#primaryimage\"},\"thumbnailUrl\":\"https:\/\/www.legalvision.fr\/guides-juridiques\/wp-content\/uploads\/2019\/04\/quest-ce-quune-assembl\u00e9e-g\u00e9n\u00e9rale.jpg\",\"datePublished\":\"2019-04-22T06:30:46+00:00\",\"dateModified\":\"2022-03-27T19:20:58+00:00\",\"description\":\"Qu'est-ce qu'une assembl\u00e9e g\u00e9n\u00e9rale ? Legalvision vous donne toutes les informations sur l'AGO, l'AGE et le registre des assembl\u00e9es g\u00e9n\u00e9rales.\",\"breadcrumb\":{\"@id\":\"https:\/\/www.legalvision.fr\/guides-juridiques\/gerer-une-entreprise\/qu-est-ce-qu-une-assemblee-generale\/#breadcrumb\"},\"inLanguage\":\"fr-FR\",\"potentialAction\":[{\"@type\":\"ReadAction\",\"target\":[\"https:\/\/www.legalvision.fr\/guides-juridiques\/gerer-une-entreprise\/qu-est-ce-qu-une-assemblee-generale\/\"]}]},{\"@type\":\"ImageObject\",\"inLanguage\":\"fr-FR\",\"@id\":\"https:\/\/www.legalvision.fr\/guides-juridiques\/gerer-une-entreprise\/qu-est-ce-qu-une-assemblee-generale\/#primaryimage\",\"url\":\"https:\/\/www.legalvision.fr\/guides-juridiques\/wp-content\/uploads\/2019\/04\/quest-ce-quune-assembl\u00e9e-g\u00e9n\u00e9rale.jpg\",\"contentUrl\":\"https:\/\/www.legalvision.fr\/guides-juridiques\/wp-content\/uploads\/2019\/04\/quest-ce-quune-assembl\u00e9e-g\u00e9n\u00e9rale.jpg\",\"width\":958,\"height\":350,\"caption\":\"qu'est-ce qu'une assembl\u00e9e g\u00e9n\u00e9rale\"},{\"@type\":\"BreadcrumbList\",\"@id\":\"https:\/\/www.legalvision.fr\/guides-juridiques\/gerer-une-entreprise\/qu-est-ce-qu-une-assemblee-generale\/#breadcrumb\",\"itemListElement\":[{\"@type\":\"ListItem\",\"position\":1,\"name\":\"Accueil\",\"item\":\"https:\/\/www.legalvision.fr\/guides-juridiques\/\"},{\"@type\":\"ListItem\",\"position\":2,\"name\":\"G\u00e9rer une entreprise\",\"item\":\"https:\/\/www.legalvision.fr\/guides-juridiques\/gerer-une-entreprise\/\"},{\"@type\":\"ListItem\",\"position\":3,\"name\":\"Qu&rsquo;est ce qu&rsquo;une assembl\u00e9e g\u00e9n\u00e9rale ?\"}]},{\"@type\":\"WebSite\",\"@id\":\"https:\/\/www.legalvision.fr\/guides-juridiques\/#website\",\"url\":\"https:\/\/www.legalvision.fr\/guides-juridiques\/\",\"name\":\"Guides juridiques\",\"description\":\"L&#039;information juridique \u00e0 destination des entreprises et TPE\",\"publisher\":{\"@id\":\"https:\/\/www.legalvision.fr\/guides-juridiques\/#organization\"},\"potentialAction\":[{\"@type\":\"SearchAction\",\"target\":{\"@type\":\"EntryPoint\",\"urlTemplate\":\"https:\/\/www.legalvision.fr\/guides-juridiques\/?s={search_term_string}\"},\"query-input\":{\"@type\":\"PropertyValueSpecification\",\"valueRequired\":true,\"valueName\":\"search_term_string\"}}],\"inLanguage\":\"fr-FR\"},{\"@type\":\"Organization\",\"@id\":\"https:\/\/www.legalvision.fr\/guides-juridiques\/#organization\",\"name\":\"Guides juridiques\",\"url\":\"https:\/\/www.legalvision.fr\/guides-juridiques\/\",\"logo\":{\"@type\":\"ImageObject\",\"inLanguage\":\"fr-FR\",\"@id\":\"https:\/\/www.legalvision.fr\/guides-juridiques\/#\/schema\/logo\/image\/\",\"url\":\"https:\/\/www.legalvision.fr\/guides-juridiques\/wp-content\/uploads\/2022\/10\/LV-Logotype.png\",\"contentUrl\":\"https:\/\/www.legalvision.fr\/guides-juridiques\/wp-content\/uploads\/2022\/10\/LV-Logotype.png\",\"width\":647,\"height\":125,\"caption\":\"Guides juridiques\"},\"image\":{\"@id\":\"https:\/\/www.legalvision.fr\/guides-juridiques\/#\/schema\/logo\/image\/\"}},{\"@type\":\"Person\",\"@id\":\"https:\/\/www.legalvision.fr\/guides-juridiques\/#\/schema\/person\/c454a42bc2a18b5443bc24faa78c5128\",\"name\":\"Joseph Louis\",\"image\":{\"@type\":\"ImageObject\",\"inLanguage\":\"fr-FR\",\"@id\":\"https:\/\/www.legalvision.fr\/guides-juridiques\/#\/schema\/person\/image\/\",\"url\":\"https:\/\/www.legalvision.fr\/guides-juridiques\/wp-content\/uploads\/2023\/07\/cropped-homme7-96x96.png\",\"contentUrl\":\"https:\/\/www.legalvision.fr\/guides-juridiques\/wp-content\/uploads\/2023\/07\/cropped-homme7-96x96.png\",\"caption\":\"Joseph Louis\"},\"description\":\"Joseph est Juriste au sein de LegalVision. Titulaire d'un Master 2 Droit Bancaire et Financier au sein de l'Universit\u00e9 Jean Moulin Lyon 3, le monde des start-up et de la finance le passionne.\",\"url\":\"https:\/\/www.legalvision.fr\/guides-juridiques\/author\/joseph-louis\/\"}]}<\/script>\n<!-- \/ Yoast SEO plugin. -->","yoast_head_json":{"title":"Qu'est-ce qu'une assembl\u00e9e g\u00e9n\u00e9rale ? Le guide complet de Legalvision !","description":"Qu'est-ce qu'une assembl\u00e9e g\u00e9n\u00e9rale ? Legalvision vous donne toutes les informations sur l'AGO, l'AGE et le registre des assembl\u00e9es g\u00e9n\u00e9rales.","robots":{"index":"index","follow":"follow","max-snippet":"max-snippet:-1","max-image-preview":"max-image-preview:large","max-video-preview":"max-video-preview:-1"},"canonical":"https:\/\/www.legalvision.fr\/guides-juridiques\/gerer-une-entreprise\/qu-est-ce-qu-une-assemblee-generale\/","og_locale":"fr_FR","og_type":"article","og_title":"Qu'est-ce qu'une assembl\u00e9e g\u00e9n\u00e9rale ? Le guide complet de Legalvision !","og_description":"Qu'est-ce qu'une assembl\u00e9e g\u00e9n\u00e9rale ? Legalvision vous donne toutes les informations sur l'AGO, l'AGE et le registre des assembl\u00e9es g\u00e9n\u00e9rales.","og_url":"https:\/\/www.legalvision.fr\/guides-juridiques\/gerer-une-entreprise\/qu-est-ce-qu-une-assemblee-generale\/","og_site_name":"Guides juridiques","article_published_time":"2019-04-22T06:30:46+00:00","article_modified_time":"2022-03-27T19:20:58+00:00","og_image":[{"width":958,"height":350,"url":"https:\/\/www.legalvision.fr\/guides-juridiques\/wp-content\/uploads\/2019\/04\/quest-ce-quune-assembl\u00e9e-g\u00e9n\u00e9rale.jpg","type":"image\/jpeg"}],"author":"Joseph Louis","twitter_card":"summary_large_image","twitter_misc":{"\u00c9crit par":"Joseph Louis","Dur\u00e9e de lecture estim\u00e9e":"9 minutes"},"schema":{"@context":"https:\/\/schema.org","@graph":[{"@type":"Article","@id":"https:\/\/www.legalvision.fr\/guides-juridiques\/gerer-une-entreprise\/qu-est-ce-qu-une-assemblee-generale\/#article","isPartOf":{"@id":"https:\/\/www.legalvision.fr\/guides-juridiques\/gerer-une-entreprise\/qu-est-ce-qu-une-assemblee-generale\/"},"author":{"name":"Joseph Louis","@id":"https:\/\/www.legalvision.fr\/guides-juridiques\/#\/schema\/person\/c454a42bc2a18b5443bc24faa78c5128"},"headline":"Qu&rsquo;est ce qu&rsquo;une assembl\u00e9e g\u00e9n\u00e9rale ?","datePublished":"2019-04-22T06:30:46+00:00","dateModified":"2022-03-27T19:20:58+00:00","mainEntityOfPage":{"@id":"https:\/\/www.legalvision.fr\/guides-juridiques\/gerer-une-entreprise\/qu-est-ce-qu-une-assemblee-generale\/"},"wordCount":1955,"commentCount":1,"publisher":{"@id":"https:\/\/www.legalvision.fr\/guides-juridiques\/#organization"},"image":{"@id":"https:\/\/www.legalvision.fr\/guides-juridiques\/gerer-une-entreprise\/qu-est-ce-qu-une-assemblee-generale\/#primaryimage"},"thumbnailUrl":"https:\/\/www.legalvision.fr\/guides-juridiques\/wp-content\/uploads\/2019\/04\/quest-ce-quune-assembl\u00e9e-g\u00e9n\u00e9rale.jpg","articleSection":["G\u00e9rer une entreprise"],"inLanguage":"fr-FR","potentialAction":[{"@type":"CommentAction","name":"Comment","target":["https:\/\/www.legalvision.fr\/guides-juridiques\/gerer-une-entreprise\/qu-est-ce-qu-une-assemblee-generale\/#respond"]}]},{"@type":"WebPage","@id":"https:\/\/www.legalvision.fr\/guides-juridiques\/gerer-une-entreprise\/qu-est-ce-qu-une-assemblee-generale\/","url":"https:\/\/www.legalvision.fr\/guides-juridiques\/gerer-une-entreprise\/qu-est-ce-qu-une-assemblee-generale\/","name":"Qu'est-ce qu'une assembl\u00e9e g\u00e9n\u00e9rale ? Le guide complet de Legalvision !","isPartOf":{"@id":"https:\/\/www.legalvision.fr\/guides-juridiques\/#website"},"primaryImageOfPage":{"@id":"https:\/\/www.legalvision.fr\/guides-juridiques\/gerer-une-entreprise\/qu-est-ce-qu-une-assemblee-generale\/#primaryimage"},"image":{"@id":"https:\/\/www.legalvision.fr\/guides-juridiques\/gerer-une-entreprise\/qu-est-ce-qu-une-assemblee-generale\/#primaryimage"},"thumbnailUrl":"https:\/\/www.legalvision.fr\/guides-juridiques\/wp-content\/uploads\/2019\/04\/quest-ce-quune-assembl\u00e9e-g\u00e9n\u00e9rale.jpg","datePublished":"2019-04-22T06:30:46+00:00","dateModified":"2022-03-27T19:20:58+00:00","description":"Qu'est-ce qu'une assembl\u00e9e g\u00e9n\u00e9rale ? Legalvision vous donne toutes les informations sur l'AGO, l'AGE et le registre des assembl\u00e9es g\u00e9n\u00e9rales.","breadcrumb":{"@id":"https:\/\/www.legalvision.fr\/guides-juridiques\/gerer-une-entreprise\/qu-est-ce-qu-une-assemblee-generale\/#breadcrumb"},"inLanguage":"fr-FR","potentialAction":[{"@type":"ReadAction","target":["https:\/\/www.legalvision.fr\/guides-juridiques\/gerer-une-entreprise\/qu-est-ce-qu-une-assemblee-generale\/"]}]},{"@type":"ImageObject","inLanguage":"fr-FR","@id":"https:\/\/www.legalvision.fr\/guides-juridiques\/gerer-une-entreprise\/qu-est-ce-qu-une-assemblee-generale\/#primaryimage","url":"https:\/\/www.legalvision.fr\/guides-juridiques\/wp-content\/uploads\/2019\/04\/quest-ce-quune-assembl\u00e9e-g\u00e9n\u00e9rale.jpg","contentUrl":"https:\/\/www.legalvision.fr\/guides-juridiques\/wp-content\/uploads\/2019\/04\/quest-ce-quune-assembl\u00e9e-g\u00e9n\u00e9rale.jpg","width":958,"height":350,"caption":"qu'est-ce qu'une assembl\u00e9e g\u00e9n\u00e9rale"},{"@type":"BreadcrumbList","@id":"https:\/\/www.legalvision.fr\/guides-juridiques\/gerer-une-entreprise\/qu-est-ce-qu-une-assemblee-generale\/#breadcrumb","itemListElement":[{"@type":"ListItem","position":1,"name":"Accueil","item":"https:\/\/www.legalvision.fr\/guides-juridiques\/"},{"@type":"ListItem","position":2,"name":"G\u00e9rer une entreprise","item":"https:\/\/www.legalvision.fr\/guides-juridiques\/gerer-une-entreprise\/"},{"@type":"ListItem","position":3,"name":"Qu&rsquo;est ce qu&rsquo;une assembl\u00e9e g\u00e9n\u00e9rale ?"}]},{"@type":"WebSite","@id":"https:\/\/www.legalvision.fr\/guides-juridiques\/#website","url":"https:\/\/www.legalvision.fr\/guides-juridiques\/","name":"Guides juridiques","description":"L&#039;information juridique \u00e0 destination des entreprises et TPE","publisher":{"@id":"https:\/\/www.legalvision.fr\/guides-juridiques\/#organization"},"potentialAction":[{"@type":"SearchAction","target":{"@type":"EntryPoint","urlTemplate":"https:\/\/www.legalvision.fr\/guides-juridiques\/?s={search_term_string}"},"query-input":{"@type":"PropertyValueSpecification","valueRequired":true,"valueName":"search_term_string"}}],"inLanguage":"fr-FR"},{"@type":"Organization","@id":"https:\/\/www.legalvision.fr\/guides-juridiques\/#organization","name":"Guides juridiques","url":"https:\/\/www.legalvision.fr\/guides-juridiques\/","logo":{"@type":"ImageObject","inLanguage":"fr-FR","@id":"https:\/\/www.legalvision.fr\/guides-juridiques\/#\/schema\/logo\/image\/","url":"https:\/\/www.legalvision.fr\/guides-juridiques\/wp-content\/uploads\/2022\/10\/LV-Logotype.png","contentUrl":"https:\/\/www.legalvision.fr\/guides-juridiques\/wp-content\/uploads\/2022\/10\/LV-Logotype.png","width":647,"height":125,"caption":"Guides juridiques"},"image":{"@id":"https:\/\/www.legalvision.fr\/guides-juridiques\/#\/schema\/logo\/image\/"}},{"@type":"Person","@id":"https:\/\/www.legalvision.fr\/guides-juridiques\/#\/schema\/person\/c454a42bc2a18b5443bc24faa78c5128","name":"Joseph Louis","image":{"@type":"ImageObject","inLanguage":"fr-FR","@id":"https:\/\/www.legalvision.fr\/guides-juridiques\/#\/schema\/person\/image\/","url":"https:\/\/www.legalvision.fr\/guides-juridiques\/wp-content\/uploads\/2023\/07\/cropped-homme7-96x96.png","contentUrl":"https:\/\/www.legalvision.fr\/guides-juridiques\/wp-content\/uploads\/2023\/07\/cropped-homme7-96x96.png","caption":"Joseph Louis"},"description":"Joseph est Juriste au sein de LegalVision. Titulaire d'un Master 2 Droit Bancaire et Financier au sein de l'Universit\u00e9 Jean Moulin Lyon 3, le monde des start-up et de la finance le passionne.","url":"https:\/\/www.legalvision.fr\/guides-juridiques\/author\/joseph-louis\/"}]}},"_links":{"self":[{"href":"https:\/\/www.legalvision.fr\/guides-juridiques\/wp-json\/wp\/v2\/posts\/13574","targetHints":{"allow":["GET"]}}],"collection":[{"href":"https:\/\/www.legalvision.fr\/guides-juridiques\/wp-json\/wp\/v2\/posts"}],"about":[{"href":"https:\/\/www.legalvision.fr\/guides-juridiques\/wp-json\/wp\/v2\/types\/post"}],"author":[{"embeddable":true,"href":"https:\/\/www.legalvision.fr\/guides-juridiques\/wp-json\/wp\/v2\/users\/28"}],"replies":[{"embeddable":true,"href":"https:\/\/www.legalvision.fr\/guides-juridiques\/wp-json\/wp\/v2\/comments?post=13574"}],"version-history":[{"count":0,"href":"https:\/\/www.legalvision.fr\/guides-juridiques\/wp-json\/wp\/v2\/posts\/13574\/revisions"}],"wp:featuredmedia":[{"embeddable":true,"href":"https:\/\/www.legalvision.fr\/guides-juridiques\/wp-json\/wp\/v2\/media\/23936"}],"wp:attachment":[{"href":"https:\/\/www.legalvision.fr\/guides-juridiques\/wp-json\/wp\/v2\/media?parent=13574"}],"wp:term":[{"taxonomy":"category","embeddable":true,"href":"https:\/\/www.legalvision.fr\/guides-juridiques\/wp-json\/wp\/v2\/categories?post=13574"},{"taxonomy":"post_tag","embeddable":true,"href":"https:\/\/www.legalvision.fr\/guides-juridiques\/wp-json\/wp\/v2\/tags?post=13574"}],"curies":[{"name":"wp","href":"https:\/\/api.w.org\/{rel}","templated":true}]}}