{"id":13295,"date":"2019-07-04T07:30:35","date_gmt":"2019-07-04T06:30:35","guid":{"rendered":"https:\/\/blog.legalvision.fr\/?p=13295"},"modified":"2022-03-27T21:20:53","modified_gmt":"2022-03-27T19:20:53","slug":"cessation-d-activite-entreprise-individuelle-en-24h","status":"publish","type":"post","link":"https:\/\/www.legalvision.fr\/guides-juridiques\/ei\/cessation-d-activite-entreprise-individuelle-en-24h\/","title":{"rendered":"Tout savoir sur la cessation d&rsquo;activit\u00e9 d&rsquo;une entreprise individuelle"},"content":{"rendered":"<p>De nombreux entrepreneurs sont attir\u00e9s par la <strong><a href=\"https:\/\/www.legalvision.fr\/creation-dentreprise\/creation-entreprise-individuelle\/\">cr\u00e9ation d&rsquo;une entreprise individuelle<\/a><\/strong>\u00a0(EI). En effet, les formalit\u00e9s de cr\u00e9ation sont peu contraignantes, et la forme juridique EI permet de b\u00e9n\u00e9ficier du <strong>r\u00e9gime de la micro-entreprise<\/strong>. Malheureusement, l&rsquo;activit\u00e9 ne se d\u00e9veloppe pas toujours selon les souhaits de l&rsquo;entrepreneur. Il se retrouve alors contraint de fermer son entreprise individuelle. Toutefois, l&rsquo;activit\u00e9 peut \u00e9galement \u00eatre florissante, ce qui encourage alors l&rsquo;entrepreneur individuel \u00e0 transformer son entreprise en soci\u00e9t\u00e9 pour prot\u00e9ger son patrimoine personnel et faire rentrer de nouveaux associ\u00e9s au capital. Mais <a href=\"https:\/\/www.legalvision.fr\/cessation-dactivite\/\">comment faire une cessation d&rsquo;activit\u00e9<\/a> entreprise individuelle ?<\/p>\n<p>Attention, il faut noter que la cessation d&rsquo;activit\u00e9 <strong>micro entreprise<\/strong> r\u00e9pond \u00e0 un <a href=\"https:\/\/blog.legalvision.fr\/2019\/04\/01\/cessation-d-activite-auto-entrepreneur-en-48h\/\">r\u00e9gime diff\u00e9rent<\/a>.\u00a0Par ailleurs, il faut distinguer l&rsquo;entreprise individuelle de la <strong>soci\u00e9t\u00e9<\/strong>. Dans une entreprise individuelle, entreprise et entrepreneur sont confondus. En revanche, la soci\u00e9t\u00e9 \u00e9tant une personne morale, son patrimoine est distinct de celui des associ\u00e9s. Ainsi, la cessation d&rsquo;activit\u00e9 entreprise individuelle conna\u00eet une proc\u00e9dure diff\u00e9rente de la\u00a0<a href=\"https:\/\/blog.legalvision.fr\/2019\/04\/24\/cessation-d-activite-eurl-les-etapes-et-formalites\/\">cessation d&rsquo;activit\u00e9 d&rsquo;une EURL<\/a>, de la\u00a0<a href=\"https:\/\/blog.legalvision.fr\/2018\/03\/09\/cessation-activite-sas\/\">cessation d&rsquo;activit\u00e9 d&rsquo;une SAS<\/a>\u00a0ou encore de la\u00a0<a href=\"https:\/\/blog.legalvision.fr\/2018\/11\/11\/cessation-d-activite-sarl\/\">cessation d&rsquo;activit\u00e9 d&rsquo;une SARL<\/a>.\n<\/p>\n<h3>Sommaire :<\/h3>\n<p><strong><a href=\"#I\">Cessation temporaire d&rsquo;activit\u00e9 entreprise individuelle : la mise en sommeil<\/a><\/strong><br \/>\n<strong> <a href=\"#II\">Cessation d&rsquo;activit\u00e9 entreprise individuelle d\u00e9finitive : la dissolution liquidation<\/a><\/strong><br \/>\n<strong> <a href=\"#III\">La transformation d&rsquo;une entreprise individuelle en soci\u00e9t\u00e9<\/a><\/strong><\/p>\n<div class=\"wp-block-button\" style=\"text-align:center;\"><a class=\"wp-block-button__link has-background\" href=\"https:\/\/www.legalvision.fr\/tous-les-services\/\">Commencer les d\u00e9marches pour mon entreprise individuelle<\/a><\/div>\n<h2 id=\"I\">\u00a0Cessation temporaire d&rsquo;activit\u00e9 entreprise individuelle : la mise en sommeil<\/h2>\n<h3>Comment faire une cessation d&rsquo;activit\u00e9 entreprise individuelle temporaire ?<\/h3>\n<p>La <strong>cessation temporaire d&rsquo;activit\u00e9<\/strong> entreprise individuelle correspond \u00e0 la mise en sommeil pour les soci\u00e9t\u00e9s.\u00a0Ainsi, l&rsquo;entreprise individuelle cesse temporairement son activit\u00e9 sans pour autant \u00eatre radi\u00e9e.<\/p>\n<p>L&rsquo;entreprise individuelle ne peut cesser temporairement son activit\u00e9 que pour une <strong>dur\u00e9e maximale d&rsquo;un an<\/strong>. Ce d\u00e9lai est renouvelable une fois si l&rsquo;EI exerce une activit\u00e9 commerciale. Si ce d\u00e9lai est d\u00e9pass\u00e9, l&rsquo;EI peut \u00eatre <strong>radi\u00e9e d&rsquo;office<\/strong>.<\/p>\n<p>Si l&rsquo;entreprise individuelle dispose d&rsquo;un \u00e9tablissement secondaire au moment\u00a0de la cessation temporaire d&rsquo;activit\u00e9, elle doit au pr\u00e9alable <strong>fermer cet \u00e9tablissement<\/strong>.<\/p>\n<p>Pour proc\u00e9der \u00e0 la cessation temporaire d&rsquo;activit\u00e9 entreprise individuelle, l&rsquo;entrepreneur individuel doit d\u00e9poser le <a href=\"https:\/\/www.infogreffe.fr\/documents\/10179\/21271\/Formulaire+P2+CMB\/971b6772-8596-4b5f-bdcf-efacdb200b25\">formulaire P2 CMB<\/a>\u00a0au Centre de Formalit\u00e9s des Entreprises. Par ailleurs, des formulaires sp\u00e9cifiques existent pour les micro-entrepreneurs, les EIRL, et les professions lib\u00e9rales. Le CFE comp\u00e9tent est celui du Registre du Commerce et des Soci\u00e9t\u00e9s (RCS) ou du R\u00e9pertoire des M\u00e9tiers (RM), selon le registre sur lequel l&rsquo;entreprise est inscrite. En principe, le RCS recense les commer\u00e7ants et soci\u00e9t\u00e9s commerciales, et le RM, les artisans. La cessation temporaire sera inscrite au Bodacc, ce qui permettra d&rsquo;informer les tiers.<\/p>\n<p>Le formalit\u00e9 co\u00fbtera <strong>95,95 euros<\/strong> aupr\u00e8s du RCS, et les prix sont d&rsquo;environ <strong>60 euros<\/strong> pour le R\u00e9pertoire des M\u00e9tiers.<\/p>\n<h3>Les cons\u00e9quences d&rsquo;une cessation temporaire d&rsquo;activit\u00e9 entreprise individuelle<\/h3>\n<p>Au <strong>niveau comptable<\/strong>, le <a href=\"https:\/\/www.legalvision.fr\/depot-des-comptes\/\">d\u00e9p\u00f4t des comptes<\/a> reste obligatoire pour les EI pendant la p\u00e9riode de cessation temporaire d&rsquo;activit\u00e9.\u00a0Les EI au r\u00e9gime de la\u00a0micro-entreprise ne sont pas soumises \u00e0 cette formalit\u00e9.<\/p>\n<p>Au <strong>niveau fiscal<\/strong>, les\u00a0<a href=\"https:\/\/www.impots.gouv.fr\/portail\/formulaire\/2042\/declaration-des-revenus\">d\u00e9clarations d&rsquo;imp\u00f4t sur le revenu 2042 et 2042 C-PRO<\/a> restent obligatoires. Toutefois, si aucun b\u00e9n\u00e9fice n&rsquo;est r\u00e9alis\u00e9 durant la p\u00e9riode, il suffira d&rsquo;indiquer \u00ab\u00a0n\u00e9ant\u00a0\u00bb sur le formulaire. Alors,\u00a0aucun imp\u00f4t ne sera d\u00fb. Par ailleurs, s&rsquo;agissant de la <strong>T<\/strong><strong>VA<\/strong>, il n&rsquo;y aura aucune d\u00e9claration \u00e0 faire, et aucune taxe \u00e0 payer. Enfin, pour la <strong>cotisation fonci\u00e8re des entreprises<\/strong> (CFE), celle-ci est due pour toute ann\u00e9e d&rsquo;activit\u00e9 en cours, et la cessation temporaire d&rsquo;activit\u00e9 est prise en compte seulement apr\u00e8s 12 mois cons\u00e9cutifs d&rsquo;effectivit\u00e9. La CFE devra donc \u00eatre r\u00e9gl\u00e9e pendant ces 12 premiers mois.<\/p>\n<p>Au <strong>niveau social<\/strong>, l&rsquo;entrepreneur individuel reste au <a href=\"https:\/\/blog.legalvision.fr\/2018\/07\/19\/tns\/\">r\u00e9gime TNS<\/a> et continue \u00e0 \u00eatre affili\u00e9 \u00e0 la s\u00e9curit\u00e9 sociale des ind\u00e9pendants. Il est redevable de cotisations minimales qui lui assurent une protection sociale minimale. En outre, l&rsquo;<a href=\"https:\/\/blog.legalvision.fr\/2018\/02\/01\/extension-du-dispositif-accre\/\">exon\u00e9ration de cotisations Acre<\/a> n&rsquo;est pas affect\u00e9e par la cessation temporaire d&rsquo;activit\u00e9 entreprise individuelle.<\/p>\n<h3>La fin de la cessation d&rsquo;activit\u00e9 entreprise individuelle temporaire<\/h3>\n<p>Pour sortir de la cessation d&rsquo;activit\u00e9 entreprise individuelle temporaire,\u00a0trois possibilit\u00e9s sont ouvertes :<\/p>\n<ul>\n<li style=\"list-style-type: none\">\n<ul>\n<li>La <strong>r\u00e9activation<\/strong> de l&rsquo;entreprise pour reprendre l&rsquo;activit\u00e9. Il faut faire un nouveau d\u00e9p\u00f4t de dossier contenant un formulaire P2 CMB au CFE, et cela co\u00fbte 104,34 euros au RCS\u00a0;<\/li>\n<li>La<strong> radiation<\/strong> de l&rsquo;entreprise en cas de dissolution volontaire, ou de cession de l&rsquo;entreprise. Un dossier de radiation (voir le II) doit \u00eatre d\u00e9pos\u00e9 au CFE, mais cette formalit\u00e9 est gratuite ;<\/li>\n<li>En cas de d\u00e9passement de la dur\u00e9e maximale de cessation temporaire d&rsquo;activit\u00e9, la <a href=\"https:\/\/www.legifrance.gouv.fr\/affichCodeArticle.do?cidTexte=LEGITEXT000005634379&amp;idArticle=LEGIARTI000006257488\"><strong>radiation d&rsquo;office<\/strong><\/a> est possible.\u00a0L&rsquo;entrepreneur individuel pourra demander un<a href=\"https:\/\/www.legifrance.gouv.fr\/affichCodeArticle.do;jsessionid=21BF8BC438133F7A2D7789B352D6F146.tplgfr36s_2?idArticle=LEGIARTI000026251194&amp;cidTexte=LEGITEXT000005634379&amp;dateTexte=20190531\"> rapport de radiation <\/a>(annuler la radiation) s&rsquo;il d\u00e9montre qu&rsquo;il a r\u00e9gularis\u00e9 sa situation et a r\u00e9activ\u00e9 l&rsquo;entreprise par exemple. Mais le greffier pourra refuser.<\/li>\n<\/ul>\n<\/li>\n<\/ul>\n<h2 id=\"II\">Cessation d&rsquo;activit\u00e9 entreprise individuelle d\u00e9finitive : la dissolution liquidation<\/h2>\n<h3>La proc\u00e9dure cessation d&rsquo;activit\u00e9 entreprise individuelle<\/h3>\n<p>La cessation d&rsquo;activit\u00e9 entreprise individuelle d\u00e9finitive implique de proc\u00e9der \u00e0 la <strong>radiation de l&rsquo;EI<\/strong> du registre auquel elle est inscrite. Il faut donc adresser au Centre de Formalit\u00e9s des Entreprises comp\u00e9tent un dossier de radiation contentant un formulaire <a href=\"https:\/\/www.infogreffe.fr\/documents\/10179\/21271\/Formulaire+P4\/a76927d1-f924-48f0-a135-1123d2df4b13\">P4 CMB<\/a>. A nouveau, pour les pour les micro-entrepreneurs, les EIRL ou encore les professions lib\u00e9rales, des formulaires sp\u00e9cifiques existent. Il doit \u00eatre envoy\u00e9 dans le <strong>mois suivant la cessation d&rsquo;activit\u00e9<\/strong>. Cette formalit\u00e9 est <strong>gratuite<\/strong>.<\/p>\n<p>Ensuite, en cas de <strong>cessation d&rsquo;activit\u00e9 entreprise individuelle avec dettes<\/strong>, l&rsquo;entrepreneur individuel devra r\u00e9aliser l&rsquo;actif et apurer le passif de l&rsquo;entreprise. C&rsquo;est-\u00e0-dire proc\u00e9der \u00e0 la liquidation de l&rsquo;entreprise individuelle. Ainsi, il vendra les biens de l&rsquo;entreprise pour en payer les dettes. Etant donn\u00e9 que l&rsquo;entrepreneur individuel est confondu avec son entreprise, si des dettes subsistent, les cr\u00e9anciers pourront directement chercher \u00e0 se rembourser dans son patrimoine personnel. C&rsquo;est pourquoi une <strong>d\u00e9claration d&rsquo;insaisissabilit\u00e9<\/strong> peut \u00eatre utile.<\/p>\n<p>En termes de\u00a0<strong>comptabilit\u00e9<\/strong> cessation d&rsquo;activit\u00e9 entreprise individuelle, \u00e0 la fin des op\u00e9rations de liquidation, il faudra \u00e9tablir un\u00a0<strong>bilan de cessation d&rsquo;activit\u00e9 entreprise individuelle<\/strong>. Dans ce bilan doivent appara\u00eetre uniquement le r\u00e9sultat de liquidation (soit la diff\u00e9rence entre les produits et les charges de liquidation), le compte de tr\u00e9sorerie et le compte de l&rsquo;exploitant. Ensuite, le r\u00e9sultat de liquidation et le compte de tr\u00e9sorerie seront vir\u00e9s sur le compte de l&rsquo;exploitant. Ces sommes seront donc r\u00e9int\u00e9gr\u00e9es dans le patrimoine de l&rsquo;entrepreneur.<\/p>\n<h3>Les cons\u00e9quences de la cessation d&rsquo;activit\u00e9 de l&rsquo;entreprise<\/h3>\n<ul>\n<li style=\"list-style-type: none\">\n<ul>\n<li style=\"list-style-type: none;\">\n<ul>\n<li>\n<h5><em><strong>L&rsquo;imposition sur le revenu<\/strong><\/em><\/h5>\n<\/li>\n<\/ul>\n<\/li>\n<\/ul>\n<\/li>\n<\/ul>\n<p>Au <strong>niveau fiscal<\/strong>, dans les <strong>60 jours<\/strong> de la cessation d&rsquo;activit\u00e9, il faut fournir \u00e0 l&rsquo;administration fiscale une d\u00e9claration de r\u00e9sultats :<\/p>\n<ul>\n<li style=\"list-style-type: none\">\n<ul>\n<li style=\"list-style-type: none;\">\n<ul>\n<li>\n<a href=\"https:\/\/www.impots.gouv.fr\/portail\/formulaire\/2031-sd\/impot-sur-le-revenu\">Formulaire 2031-SD<\/a> pour les EI impos\u00e9es dans la cat\u00e9gorie des B\u00e9n\u00e9fices Industriels et Commerciaux (BIC) ;<\/li>\n<li>\n<a href=\"https:\/\/www.impots.gouv.fr\/portail\/files\/formulaires\/2035-sd\/2019\/2035-sd_2459.pdf\">Formulaire 2035-SD<\/a> pour les EI impos\u00e9es dans la cat\u00e9gorie des B\u00e9n\u00e9fices Non Commerciaux (BNC).<\/li>\n<\/ul>\n<\/li>\n<\/ul>\n<\/li>\n<\/ul>\n<p>Cela permettra l&rsquo;imposition imm\u00e9diate des b\u00e9n\u00e9fices (ceux r\u00e9alis\u00e9s depuis le dernier exercice clos et ceux dont l&rsquo;imposition avait \u00e9t\u00e9 diff\u00e9r\u00e9e). Les plus-values sur la vente des immobilisations seront \u00e9galement impos\u00e9es imm\u00e9diatement.<\/p>\n<ul>\n<li style=\"list-style-type: none\">\n<ul>\n<li style=\"list-style-type: none;\">\n<ul>\n<li>\n<h5><em><strong>La taxe sur la valeur ajout\u00e9e (TVA)<\/strong><\/em><\/h5>\n<\/li>\n<\/ul>\n<\/li>\n<\/ul>\n<\/li>\n<\/ul>\n<p>Concernant la <a href=\"https:\/\/blog.legalvision.fr\/2018\/02\/16\/tva-collectee-deductible-ca-marche\/\">TVA<\/a>, il n&rsquo;y a pas de d\u00e9claration\u00a0ou de r\u00e8glement \u00e0 faire si vous \u00eates en <strong>franchise de base de TVA<\/strong>. Pour rappel, la franchise en base de TVA concerne les entreprises individuelles dont le chiffre d&rsquo;affaires annuel hors taxes est au maximum :<\/p>\n<ul>\n<li style=\"list-style-type: none\">\n<ul>\n<li style=\"list-style-type: none;\">\n<ul>\n<li>82 800 euros pour les activit\u00e9s de commerce et d&rsquo;h\u00e9bergement ;<\/li>\n<li>33 200 euros pour les prestations de service et les professions lib\u00e9rales.<\/li>\n<\/ul>\n<\/li>\n<\/ul>\n<\/li>\n<\/ul>\n<p>En revanche, si vous \u00eates au <strong>r\u00e9gime r\u00e9el de TVA<\/strong>, vous devrez faire une d\u00e9claration de TVA en fin d&rsquo;activit\u00e9 et payer le reliquat de ce que vous devez. Cette d\u00e9claration d\u00e9pend du r\u00e9gime applicable :<\/p>\n<ul>\n<li style=\"list-style-type: none\">\n<ul>\n<li style=\"list-style-type: none;\">\n<ul>\n<li>r\u00e9gime r\u00e9el simplifi\u00e9 : <a href=\"https:\/\/www.impots.gouv.fr\/portail\/files\/formulaires\/3517-s-sd\/2019\/3517-s-sd_2540.pdf\">d\u00e9claration CA12<\/a> \u00e0 envoyer sous 60 jours ;<\/li>\n<li>r\u00e9gime r\u00e9el normal : <a href=\"https:\/\/www.impots.gouv.fr\/portail\/files\/formulaires\/3310-ca3-sd\/2018\/3310-ca3-sd_2075.pdf\">d\u00e9claration CA3<\/a> \u00e0 envoyer sous 30 jours.<\/li>\n<\/ul>\n<\/li>\n<\/ul>\n<\/li>\n<\/ul>\n<p class=\"fiche-item\">De plus, certains employeurs qui ne sont pas soumis \u00e0 la TVA, ou alors sur une faible partie de leur chiffre d&rsquo;affaires, sont redevables de la <strong>taxe sur les salaires<\/strong>. Dans ce cas, dans un d\u00e9lai de 60 jours (ou le 15\/01 suivant au plus tard), ils doivent faire leur d\u00e9claration annuelle de liquidation et r\u00e9gularisation de cette taxe, et ainsi en r\u00e9gler le montant.<\/p>\n<ul>\n<li style=\"list-style-type: none\">\n<ul>\n<li style=\"list-style-type: none;\">\n<ul>\n<li>\n<h5><em><strong>La contribution \u00e9conomique territoriale (CET)<\/strong><\/em><\/h5>\n<\/li>\n<\/ul>\n<\/li>\n<\/ul>\n<\/li>\n<\/ul>\n<p>La CET se divise entre\u00a0cotisation fonci\u00e8re des entreprises (CFE) et cotisation sur la valeur ajout\u00e9e des entreprises (CVAE).<\/p>\n<p>Cotisation fonci\u00e8re des entreprises et cessation d&rsquo;activit\u00e9 : la <strong>CFE<\/strong> est due lorsque l&rsquo;entreprise est en activit\u00e9 au 1er janvier. Par cons\u00e9quent, le montant de CFE pay\u00e9 sera proportionnel \u00e0 la dur\u00e9e d&rsquo;activit\u00e9 de l&rsquo;entreprise entre le 1er janvier et le 31 d\u00e9cembre de l&rsquo;ann\u00e9e concern\u00e9e. Il faudra faire une demande sp\u00e9cifique au SIE pour b\u00e9n\u00e9ficier de la proratisation, et envoyer le <a href=\"https:\/\/www.impots.gouv.fr\/portail\/files\/formulaires\/1447-m-sd\/2019\/1447-m-sd_2592.pdf\">formulaire ad\u00e9quat<\/a> concernant la CFE.<\/p>\n<p>Concernant la CVAE, toutes les entreprises dont le CA hors taxes d\u00e9passe 152 500 euros devront faire une <a href=\"https:\/\/www.impots.gouv.fr\/portail\/files\/formulaires\/1330-cvae-sd\/2019\/1330-cvae-sd_2514.pdf\">d\u00e9claration de la valeur ajout\u00e9e et de leurs effectifs<\/a>. Ensuite, toutes les entreprises dont le CA HT d\u00e9passe 500 000 euros, qui sont les entreprises redevables de la CVAE, doivent faire une <a href=\"https:\/\/www.impots.gouv.fr\/portail\/files\/formulaires\/1329-ac-sd\/2018\/1329-ac-sd_2357.pdf\">d\u00e9claration de liquidation et r\u00e9gularisation<\/a>\u00a0en fin d\u2019activit\u00e9 dans un d\u00e9lai de 60 jours pour r\u00e9gler le montant restant.<\/p>\n<ul>\n<li style=\"list-style-type: none\">\n<ul>\n<li style=\"list-style-type: none;\">\n<ul>\n<li>\n<h5><em><strong>La s\u00e9curit\u00e9 sociale des ind\u00e9pendants<\/strong><\/em><\/h5>\n<\/li>\n<\/ul>\n<\/li>\n<\/ul>\n<\/li>\n<\/ul>\n<p class=\"fiche-item\">L&rsquo;envoi du formulaire de radiation au CFE implique l&rsquo;<strong>information de la s\u00e9curit\u00e9 sociale des ind\u00e9pendants<\/strong> qui notifie la radiation dans les 30 jours. Ensuite, dans les 90 jours de la radiation, l&rsquo;entrepreneur individuel doit faire une <a href=\"https:\/\/www.net-entreprises.fr\/vos-declarations-en-ligne\/dsi\/#lessentiel\">d\u00e9claration sociale des ind\u00e9pendants<\/a> pour d\u00e9clarer les revenus de l&rsquo;ann\u00e9e de cessation d&rsquo;activit\u00e9. Au surplus, l&rsquo;entrepreneur individuel doit se rapprocher de son assurance vieillesse pour en \u00eatre radi\u00e9 et payer les derni\u00e8res cotisations.<\/p>\n<ul>\n<li style=\"list-style-type: none\">\n<ul>\n<li style=\"list-style-type: none;\">\n<ul>\n<li>\n<h5><em>Cessation d&rsquo;activit\u00e9 entreprise individuelle avec salari\u00e9s<\/em><\/h5>\n<\/li>\n<\/ul>\n<\/li>\n<\/ul>\n<\/li>\n<\/ul>\n<p>Si l&rsquo;entreprise individuelle employait des salari\u00e9s, la proc\u00e9dure de licenciement devra \u00eatre respect\u00e9e. En l&rsquo;occurrence, la cessation d&rsquo;activit\u00e9 de l&rsquo;entreprise est un motif valable de <a href=\"https:\/\/blog.legalvision.fr\/2019\/01\/21\/licenciement-economique-comment-ca-marche\/\">licenciement \u00e9conomique<\/a>. L&rsquo;entrepreneur individuel devra donc effectuer un entretien pr\u00e9alable au licenciement et respecter les d\u00e9lais de pr\u00e9avis. Il devra \u00e9galement verser les indemnit\u00e9s de rupture comme l&rsquo;indemnit\u00e9 de licenciement, et fournir les documents de fin de contrat.<\/p>\n<h2 id=\"III\">La transformation d&rsquo;une entreprise individuelle en soci\u00e9t\u00e9<\/h2>\n<p>Lorsque l&rsquo;activit\u00e9 de votre entreprise se d\u00e9veloppe, il est fr\u00e9quent que l&rsquo;entrepreneur souhaite proc\u00e9der \u00e0 un\u00a0<a href=\"https:\/\/blog.legalvision.fr\/2018\/06\/22\/changement-de-statut-juridique\/\">changement de statut juridique<\/a>. En effet, lorsque l&rsquo;on cr\u00e9e une soci\u00e9t\u00e9, on cr\u00e9e une v\u00e9ritable personne morale, dont le patrimoine est distinct de celui de ses associ\u00e9s. Il peut donc \u00eatre int\u00e9ressant de <a href=\"https:\/\/www.legalvision.fr\/creation-dentreprise\/transformation-entreprise-individuelle-societe\"><strong>passer du statut d&rsquo;entreprise individuelle \u00e0 celui de soci\u00e9t\u00e9<\/strong><\/a>.<\/p>\n<p>Il faudra proc\u00e9der \u00e0 la cessation d&rsquo;activit\u00e9 entreprise individuelle d\u00e9finitive, en faisant une <strong>radiation<\/strong> telle qu&rsquo;expliqu\u00e9e pr\u00e9c\u00e9demment. Ensuite, l&rsquo;entrepreneur devra cr\u00e9er une soci\u00e9t\u00e9.<\/p>\n<p>Les <a href=\"https:\/\/blog.legalvision.fr\/2019\/04\/13\/etapes-de-creation-d-entreprise-tous-les-conseils-des-experts\/\">\u00e9tapes de cr\u00e9ation de la soci\u00e9t\u00e9<\/a> sont nombreuses. Tout d&rsquo;abord, il faudra <strong>choisir la forme juridique<\/strong> de votre soci\u00e9t\u00e9. Pour cela, vous pouvez consulter le <a href=\"https:\/\/www.legalvision.fr\/tableau-comparatif-des-differents-statuts-juridiques\/\">comparatif des formes juridiques \u00e9tabli par LegalVision<\/a>. Vous pouvez \u00e9galement\u00a0<a href=\"https:\/\/www.legalvision.fr\/contactez-nous\/\">contacter nos juristes<\/a> pour qu&rsquo;ils vous accompagnent dans ce choix. Si vous souhaitez rester seul dans l&rsquo;entreprise, les formes de la<a href=\"https:\/\/blog.legalvision.fr\/2018\/04\/20\/sasu-definition\/\"> SASU<\/a> ou l&rsquo;<a href=\"https:\/\/blog.legalvision.fr\/2018\/05\/13\/statut-eurl\/\">EURL <\/a>seront les plus adapt\u00e9es.<\/p>\n<p>Une fois la forme juridique choisie, vous devrez <a href=\"https:\/\/blog.legalvision.fr\/2018\/04\/28\/redaction-des-statuts-dune-societe\/\"><strong>r\u00e9diger les statuts<\/strong><\/a>. Il est important de recourir \u00e0 un professionnel pour les r\u00e9diger car des mentions obligatoires sont exig\u00e9es, et ces derni\u00e8res d\u00e9pendent de la forme sociale choisie.<\/p>\n<p>Ensuite, vous devrez proc\u00e9der \u00e0 la<a href=\"https:\/\/blog.legalvision.fr\/2018\/03\/07\/publication-annonce-legale\/\"> <strong>publication d&rsquo;une annonce l\u00e9gale<\/strong> <\/a>de constitution dans un journal d&rsquo;annonces l\u00e9gales du d\u00e9partement du lieu de votre si\u00e8ge social. Cette op\u00e9ration co\u00fbtera environ 150 euros.<\/p>\n<p>Enfin, vous devrez <strong>d\u00e9poser au greffe du tribunal de commerce<\/strong> comp\u00e9tent un dossier de constitution comprenant un certain nombre de documents justificatifs. Les frais de greffe d\u00e9pendront de la forme juridique de votre entreprise. Il faudra y ajouter environ 25 euros pour r\u00e9aliser la <strong>d\u00e9claration des b\u00e9n\u00e9ficiaires effectifs<\/strong>.<\/p>\n<p>Enfin, pour transmettre son fonds de commerce \u00e0 la soci\u00e9t\u00e9 cr\u00e9\u00e9e, l&rsquo;entrepreneur individuel peut utiliser la cession de fonds de commerce, l&rsquo;apport en nature ou la location g\u00e9rance.<\/p>\n<p>\u00a0<\/p>\n<p><\/p>\n<div class=\"wp-block-button\" style=\"text-align:center;\"><a class=\"wp-block-button__link has-background\" href=\"https:\/\/www.legalvision.fr\/tous-les-services\/\">Commencer les d\u00e9marches pour mon entreprise individuelle<\/a><\/div>\n","protected":false},"excerpt":{"rendered":"<p>De nombreux entrepreneurs sont attir\u00e9s par la cr\u00e9ation d&rsquo;une entreprise individuelle\u00a0(EI). En effet, les formalit\u00e9s de cr\u00e9ation sont peu contraignantes, et la forme juridique EI permet de b\u00e9n\u00e9ficier du r\u00e9gime de la micro-entreprise. Malheureusement, l&rsquo;activit\u00e9 ne se d\u00e9veloppe pas toujours selon les souhaits de l&rsquo;entrepreneur. Il se retrouve alors contraint de fermer son entreprise individuelle.&hellip; <a class=\"more-link\" href=\"https:\/\/www.legalvision.fr\/guides-juridiques\/ei\/cessation-d-activite-entreprise-individuelle-en-24h\/\">Poursuivre la lecture <span class=\"screen-reader-text\">Tout savoir sur la cessation d&rsquo;activit\u00e9 d&rsquo;une entreprise individuelle<\/span><\/a><\/p>\n","protected":false},"author":32,"featured_media":24842,"comment_status":"open","ping_status":"open","sticky":false,"template":"","format":"standard","meta":{"content-type":"","inline_featured_image":false,"footnotes":""},"categories":[2486],"tags":[],"class_list":["post-13295","post","type-post","status-publish","format-standard","has-post-thumbnail","hentry","category-ei","entry"],"yoast_head":"<!-- This site is optimized with the Yoast SEO plugin v27.1.1 - https:\/\/yoast.com\/product\/yoast-seo-wordpress\/ -->\n<title>Cessation d&#039;activit\u00e9 entreprise individuelle : fermez votre EI en 24h !<\/title>\n<meta name=\"description\" content=\"Comment faire votre cessation d&#039;activit\u00e9 entreprise individuelle ? LegalVision vous explique les formalit\u00e9s \u00e0 r\u00e9aliser et les co\u00fbts.\" \/>\n<meta name=\"robots\" content=\"index, follow, max-snippet:-1, max-image-preview:large, max-video-preview:-1\" \/>\n<link rel=\"canonical\" href=\"https:\/\/www.legalvision.fr\/guides-juridiques\/ei\/cessation-d-activite-entreprise-individuelle-en-24h\/\" \/>\n<meta property=\"og:locale\" content=\"fr_FR\" \/>\n<meta property=\"og:type\" content=\"article\" \/>\n<meta property=\"og:title\" content=\"Cessation d&#039;activit\u00e9 entreprise individuelle : fermez votre EI en 24h !\" \/>\n<meta property=\"og:description\" content=\"Comment faire votre cessation d&#039;activit\u00e9 entreprise individuelle ? LegalVision vous explique les formalit\u00e9s \u00e0 r\u00e9aliser et les co\u00fbts.\" \/>\n<meta property=\"og:url\" content=\"https:\/\/www.legalvision.fr\/guides-juridiques\/ei\/cessation-d-activite-entreprise-individuelle-en-24h\/\" \/>\n<meta property=\"og:site_name\" content=\"Guides juridiques\" \/>\n<meta property=\"article:published_time\" content=\"2019-07-04T06:30:35+00:00\" \/>\n<meta property=\"article:modified_time\" content=\"2022-03-27T19:20:53+00:00\" \/>\n<meta property=\"og:image\" content=\"https:\/\/www.legalvision.fr\/guides-juridiques\/wp-content\/uploads\/2019\/07\/cessation-dactivit\u00e9-entreprise-individuelle.jpg\" \/>\n\t<meta property=\"og:image:width\" content=\"958\" \/>\n\t<meta property=\"og:image:height\" content=\"350\" \/>\n\t<meta property=\"og:image:type\" content=\"image\/jpeg\" \/>\n<meta name=\"author\" content=\"Anna Vandoeuvre\" \/>\n<meta name=\"twitter:card\" content=\"summary_large_image\" \/>\n<meta name=\"twitter:label1\" content=\"\u00c9crit par\" \/>\n\t<meta name=\"twitter:data1\" content=\"Anna Vandoeuvre\" \/>\n\t<meta name=\"twitter:label2\" content=\"Dur\u00e9e de lecture estim\u00e9e\" \/>\n\t<meta name=\"twitter:data2\" content=\"10 minutes\" \/>\n<script type=\"application\/ld+json\" class=\"yoast-schema-graph\">{\"@context\":\"https:\/\/schema.org\",\"@graph\":[{\"@type\":\"Article\",\"@id\":\"https:\/\/www.legalvision.fr\/guides-juridiques\/ei\/cessation-d-activite-entreprise-individuelle-en-24h\/#article\",\"isPartOf\":{\"@id\":\"https:\/\/www.legalvision.fr\/guides-juridiques\/ei\/cessation-d-activite-entreprise-individuelle-en-24h\/\"},\"author\":{\"name\":\"Anna Vandoeuvre\",\"@id\":\"https:\/\/www.legalvision.fr\/guides-juridiques\/#\/schema\/person\/1c21f1bfa7dd3dc828b37599170a5d6e\"},\"headline\":\"Tout savoir sur la cessation d&rsquo;activit\u00e9 d&rsquo;une entreprise individuelle\",\"datePublished\":\"2019-07-04T06:30:35+00:00\",\"dateModified\":\"2022-03-27T19:20:53+00:00\",\"mainEntityOfPage\":{\"@id\":\"https:\/\/www.legalvision.fr\/guides-juridiques\/ei\/cessation-d-activite-entreprise-individuelle-en-24h\/\"},\"wordCount\":2197,\"commentCount\":0,\"publisher\":{\"@id\":\"https:\/\/www.legalvision.fr\/guides-juridiques\/#organization\"},\"image\":{\"@id\":\"https:\/\/www.legalvision.fr\/guides-juridiques\/ei\/cessation-d-activite-entreprise-individuelle-en-24h\/#primaryimage\"},\"thumbnailUrl\":\"https:\/\/www.legalvision.fr\/guides-juridiques\/wp-content\/uploads\/2019\/07\/cessation-dactivit\u00e9-entreprise-individuelle.jpg\",\"articleSection\":[\"EI\"],\"inLanguage\":\"fr-FR\",\"potentialAction\":[{\"@type\":\"CommentAction\",\"name\":\"Comment\",\"target\":[\"https:\/\/www.legalvision.fr\/guides-juridiques\/ei\/cessation-d-activite-entreprise-individuelle-en-24h\/#respond\"]}]},{\"@type\":\"WebPage\",\"@id\":\"https:\/\/www.legalvision.fr\/guides-juridiques\/ei\/cessation-d-activite-entreprise-individuelle-en-24h\/\",\"url\":\"https:\/\/www.legalvision.fr\/guides-juridiques\/ei\/cessation-d-activite-entreprise-individuelle-en-24h\/\",\"name\":\"Cessation d'activit\u00e9 entreprise individuelle : fermez votre EI en 24h !\",\"isPartOf\":{\"@id\":\"https:\/\/www.legalvision.fr\/guides-juridiques\/#website\"},\"primaryImageOfPage\":{\"@id\":\"https:\/\/www.legalvision.fr\/guides-juridiques\/ei\/cessation-d-activite-entreprise-individuelle-en-24h\/#primaryimage\"},\"image\":{\"@id\":\"https:\/\/www.legalvision.fr\/guides-juridiques\/ei\/cessation-d-activite-entreprise-individuelle-en-24h\/#primaryimage\"},\"thumbnailUrl\":\"https:\/\/www.legalvision.fr\/guides-juridiques\/wp-content\/uploads\/2019\/07\/cessation-dactivit\u00e9-entreprise-individuelle.jpg\",\"datePublished\":\"2019-07-04T06:30:35+00:00\",\"dateModified\":\"2022-03-27T19:20:53+00:00\",\"description\":\"Comment faire votre cessation d'activit\u00e9 entreprise individuelle ? LegalVision vous explique les formalit\u00e9s \u00e0 r\u00e9aliser et les co\u00fbts.\",\"breadcrumb\":{\"@id\":\"https:\/\/www.legalvision.fr\/guides-juridiques\/ei\/cessation-d-activite-entreprise-individuelle-en-24h\/#breadcrumb\"},\"inLanguage\":\"fr-FR\",\"potentialAction\":[{\"@type\":\"ReadAction\",\"target\":[\"https:\/\/www.legalvision.fr\/guides-juridiques\/ei\/cessation-d-activite-entreprise-individuelle-en-24h\/\"]}]},{\"@type\":\"ImageObject\",\"inLanguage\":\"fr-FR\",\"@id\":\"https:\/\/www.legalvision.fr\/guides-juridiques\/ei\/cessation-d-activite-entreprise-individuelle-en-24h\/#primaryimage\",\"url\":\"https:\/\/www.legalvision.fr\/guides-juridiques\/wp-content\/uploads\/2019\/07\/cessation-dactivit\u00e9-entreprise-individuelle.jpg\",\"contentUrl\":\"https:\/\/www.legalvision.fr\/guides-juridiques\/wp-content\/uploads\/2019\/07\/cessation-dactivit\u00e9-entreprise-individuelle.jpg\",\"width\":958,\"height\":350,\"caption\":\"cessation d'activit\u00e9 entreprise individuelle\"},{\"@type\":\"BreadcrumbList\",\"@id\":\"https:\/\/www.legalvision.fr\/guides-juridiques\/ei\/cessation-d-activite-entreprise-individuelle-en-24h\/#breadcrumb\",\"itemListElement\":[{\"@type\":\"ListItem\",\"position\":1,\"name\":\"Accueil\",\"item\":\"https:\/\/www.legalvision.fr\/guides-juridiques\/\"},{\"@type\":\"ListItem\",\"position\":2,\"name\":\"EI\",\"item\":\"https:\/\/www.legalvision.fr\/guides-juridiques\/ei\/\"},{\"@type\":\"ListItem\",\"position\":3,\"name\":\"Tout savoir sur la cessation d&rsquo;activit\u00e9 d&rsquo;une entreprise individuelle\"}]},{\"@type\":\"WebSite\",\"@id\":\"https:\/\/www.legalvision.fr\/guides-juridiques\/#website\",\"url\":\"https:\/\/www.legalvision.fr\/guides-juridiques\/\",\"name\":\"Guides juridiques\",\"description\":\"L&#039;information juridique \u00e0 destination des entreprises et TPE\",\"publisher\":{\"@id\":\"https:\/\/www.legalvision.fr\/guides-juridiques\/#organization\"},\"potentialAction\":[{\"@type\":\"SearchAction\",\"target\":{\"@type\":\"EntryPoint\",\"urlTemplate\":\"https:\/\/www.legalvision.fr\/guides-juridiques\/?s={search_term_string}\"},\"query-input\":{\"@type\":\"PropertyValueSpecification\",\"valueRequired\":true,\"valueName\":\"search_term_string\"}}],\"inLanguage\":\"fr-FR\"},{\"@type\":\"Organization\",\"@id\":\"https:\/\/www.legalvision.fr\/guides-juridiques\/#organization\",\"name\":\"Guides juridiques\",\"url\":\"https:\/\/www.legalvision.fr\/guides-juridiques\/\",\"logo\":{\"@type\":\"ImageObject\",\"inLanguage\":\"fr-FR\",\"@id\":\"https:\/\/www.legalvision.fr\/guides-juridiques\/#\/schema\/logo\/image\/\",\"url\":\"https:\/\/www.legalvision.fr\/guides-juridiques\/wp-content\/uploads\/2022\/10\/LV-Logotype.png\",\"contentUrl\":\"https:\/\/www.legalvision.fr\/guides-juridiques\/wp-content\/uploads\/2022\/10\/LV-Logotype.png\",\"width\":647,\"height\":125,\"caption\":\"Guides juridiques\"},\"image\":{\"@id\":\"https:\/\/www.legalvision.fr\/guides-juridiques\/#\/schema\/logo\/image\/\"}},{\"@type\":\"Person\",\"@id\":\"https:\/\/www.legalvision.fr\/guides-juridiques\/#\/schema\/person\/1c21f1bfa7dd3dc828b37599170a5d6e\",\"name\":\"Anna Vandoeuvre\",\"image\":{\"@type\":\"ImageObject\",\"inLanguage\":\"fr-FR\",\"@id\":\"https:\/\/www.legalvision.fr\/guides-juridiques\/#\/schema\/person\/image\/\",\"url\":\"https:\/\/www.legalvision.fr\/guides-juridiques\/wp-content\/uploads\/2023\/07\/cropped-femme2-96x96.png\",\"contentUrl\":\"https:\/\/www.legalvision.fr\/guides-juridiques\/wp-content\/uploads\/2023\/07\/cropped-femme2-96x96.png\",\"caption\":\"Anna Vandoeuvre\"},\"description\":\"Je suis juriste au sein de LegalVision. \u00c9l\u00e8ve-avocate et titulaire d'un M2 en droit \u00e9conomique, je m'int\u00e9resse tout particuli\u00e8rement au droit social.\",\"url\":\"https:\/\/www.legalvision.fr\/guides-juridiques\/author\/anna-valdebouze\/\"}]}<\/script>\n<!-- \/ Yoast SEO plugin. -->","yoast_head_json":{"title":"Cessation d'activit\u00e9 entreprise individuelle : fermez votre EI en 24h !","description":"Comment faire votre cessation d'activit\u00e9 entreprise individuelle ? LegalVision vous explique les formalit\u00e9s \u00e0 r\u00e9aliser et les co\u00fbts.","robots":{"index":"index","follow":"follow","max-snippet":"max-snippet:-1","max-image-preview":"max-image-preview:large","max-video-preview":"max-video-preview:-1"},"canonical":"https:\/\/www.legalvision.fr\/guides-juridiques\/ei\/cessation-d-activite-entreprise-individuelle-en-24h\/","og_locale":"fr_FR","og_type":"article","og_title":"Cessation d'activit\u00e9 entreprise individuelle : fermez votre EI en 24h !","og_description":"Comment faire votre cessation d'activit\u00e9 entreprise individuelle ? LegalVision vous explique les formalit\u00e9s \u00e0 r\u00e9aliser et les co\u00fbts.","og_url":"https:\/\/www.legalvision.fr\/guides-juridiques\/ei\/cessation-d-activite-entreprise-individuelle-en-24h\/","og_site_name":"Guides juridiques","article_published_time":"2019-07-04T06:30:35+00:00","article_modified_time":"2022-03-27T19:20:53+00:00","og_image":[{"width":958,"height":350,"url":"https:\/\/www.legalvision.fr\/guides-juridiques\/wp-content\/uploads\/2019\/07\/cessation-dactivit\u00e9-entreprise-individuelle.jpg","type":"image\/jpeg"}],"author":"Anna Vandoeuvre","twitter_card":"summary_large_image","twitter_misc":{"\u00c9crit par":"Anna Vandoeuvre","Dur\u00e9e de lecture estim\u00e9e":"10 minutes"},"schema":{"@context":"https:\/\/schema.org","@graph":[{"@type":"Article","@id":"https:\/\/www.legalvision.fr\/guides-juridiques\/ei\/cessation-d-activite-entreprise-individuelle-en-24h\/#article","isPartOf":{"@id":"https:\/\/www.legalvision.fr\/guides-juridiques\/ei\/cessation-d-activite-entreprise-individuelle-en-24h\/"},"author":{"name":"Anna Vandoeuvre","@id":"https:\/\/www.legalvision.fr\/guides-juridiques\/#\/schema\/person\/1c21f1bfa7dd3dc828b37599170a5d6e"},"headline":"Tout savoir sur la cessation d&rsquo;activit\u00e9 d&rsquo;une entreprise individuelle","datePublished":"2019-07-04T06:30:35+00:00","dateModified":"2022-03-27T19:20:53+00:00","mainEntityOfPage":{"@id":"https:\/\/www.legalvision.fr\/guides-juridiques\/ei\/cessation-d-activite-entreprise-individuelle-en-24h\/"},"wordCount":2197,"commentCount":0,"publisher":{"@id":"https:\/\/www.legalvision.fr\/guides-juridiques\/#organization"},"image":{"@id":"https:\/\/www.legalvision.fr\/guides-juridiques\/ei\/cessation-d-activite-entreprise-individuelle-en-24h\/#primaryimage"},"thumbnailUrl":"https:\/\/www.legalvision.fr\/guides-juridiques\/wp-content\/uploads\/2019\/07\/cessation-dactivit\u00e9-entreprise-individuelle.jpg","articleSection":["EI"],"inLanguage":"fr-FR","potentialAction":[{"@type":"CommentAction","name":"Comment","target":["https:\/\/www.legalvision.fr\/guides-juridiques\/ei\/cessation-d-activite-entreprise-individuelle-en-24h\/#respond"]}]},{"@type":"WebPage","@id":"https:\/\/www.legalvision.fr\/guides-juridiques\/ei\/cessation-d-activite-entreprise-individuelle-en-24h\/","url":"https:\/\/www.legalvision.fr\/guides-juridiques\/ei\/cessation-d-activite-entreprise-individuelle-en-24h\/","name":"Cessation d'activit\u00e9 entreprise individuelle : fermez votre EI en 24h !","isPartOf":{"@id":"https:\/\/www.legalvision.fr\/guides-juridiques\/#website"},"primaryImageOfPage":{"@id":"https:\/\/www.legalvision.fr\/guides-juridiques\/ei\/cessation-d-activite-entreprise-individuelle-en-24h\/#primaryimage"},"image":{"@id":"https:\/\/www.legalvision.fr\/guides-juridiques\/ei\/cessation-d-activite-entreprise-individuelle-en-24h\/#primaryimage"},"thumbnailUrl":"https:\/\/www.legalvision.fr\/guides-juridiques\/wp-content\/uploads\/2019\/07\/cessation-dactivit\u00e9-entreprise-individuelle.jpg","datePublished":"2019-07-04T06:30:35+00:00","dateModified":"2022-03-27T19:20:53+00:00","description":"Comment faire votre cessation d'activit\u00e9 entreprise individuelle ? LegalVision vous explique les formalit\u00e9s \u00e0 r\u00e9aliser et les co\u00fbts.","breadcrumb":{"@id":"https:\/\/www.legalvision.fr\/guides-juridiques\/ei\/cessation-d-activite-entreprise-individuelle-en-24h\/#breadcrumb"},"inLanguage":"fr-FR","potentialAction":[{"@type":"ReadAction","target":["https:\/\/www.legalvision.fr\/guides-juridiques\/ei\/cessation-d-activite-entreprise-individuelle-en-24h\/"]}]},{"@type":"ImageObject","inLanguage":"fr-FR","@id":"https:\/\/www.legalvision.fr\/guides-juridiques\/ei\/cessation-d-activite-entreprise-individuelle-en-24h\/#primaryimage","url":"https:\/\/www.legalvision.fr\/guides-juridiques\/wp-content\/uploads\/2019\/07\/cessation-dactivit\u00e9-entreprise-individuelle.jpg","contentUrl":"https:\/\/www.legalvision.fr\/guides-juridiques\/wp-content\/uploads\/2019\/07\/cessation-dactivit\u00e9-entreprise-individuelle.jpg","width":958,"height":350,"caption":"cessation d'activit\u00e9 entreprise individuelle"},{"@type":"BreadcrumbList","@id":"https:\/\/www.legalvision.fr\/guides-juridiques\/ei\/cessation-d-activite-entreprise-individuelle-en-24h\/#breadcrumb","itemListElement":[{"@type":"ListItem","position":1,"name":"Accueil","item":"https:\/\/www.legalvision.fr\/guides-juridiques\/"},{"@type":"ListItem","position":2,"name":"EI","item":"https:\/\/www.legalvision.fr\/guides-juridiques\/ei\/"},{"@type":"ListItem","position":3,"name":"Tout savoir sur la cessation d&rsquo;activit\u00e9 d&rsquo;une entreprise individuelle"}]},{"@type":"WebSite","@id":"https:\/\/www.legalvision.fr\/guides-juridiques\/#website","url":"https:\/\/www.legalvision.fr\/guides-juridiques\/","name":"Guides juridiques","description":"L&#039;information juridique \u00e0 destination des entreprises et TPE","publisher":{"@id":"https:\/\/www.legalvision.fr\/guides-juridiques\/#organization"},"potentialAction":[{"@type":"SearchAction","target":{"@type":"EntryPoint","urlTemplate":"https:\/\/www.legalvision.fr\/guides-juridiques\/?s={search_term_string}"},"query-input":{"@type":"PropertyValueSpecification","valueRequired":true,"valueName":"search_term_string"}}],"inLanguage":"fr-FR"},{"@type":"Organization","@id":"https:\/\/www.legalvision.fr\/guides-juridiques\/#organization","name":"Guides juridiques","url":"https:\/\/www.legalvision.fr\/guides-juridiques\/","logo":{"@type":"ImageObject","inLanguage":"fr-FR","@id":"https:\/\/www.legalvision.fr\/guides-juridiques\/#\/schema\/logo\/image\/","url":"https:\/\/www.legalvision.fr\/guides-juridiques\/wp-content\/uploads\/2022\/10\/LV-Logotype.png","contentUrl":"https:\/\/www.legalvision.fr\/guides-juridiques\/wp-content\/uploads\/2022\/10\/LV-Logotype.png","width":647,"height":125,"caption":"Guides juridiques"},"image":{"@id":"https:\/\/www.legalvision.fr\/guides-juridiques\/#\/schema\/logo\/image\/"}},{"@type":"Person","@id":"https:\/\/www.legalvision.fr\/guides-juridiques\/#\/schema\/person\/1c21f1bfa7dd3dc828b37599170a5d6e","name":"Anna Vandoeuvre","image":{"@type":"ImageObject","inLanguage":"fr-FR","@id":"https:\/\/www.legalvision.fr\/guides-juridiques\/#\/schema\/person\/image\/","url":"https:\/\/www.legalvision.fr\/guides-juridiques\/wp-content\/uploads\/2023\/07\/cropped-femme2-96x96.png","contentUrl":"https:\/\/www.legalvision.fr\/guides-juridiques\/wp-content\/uploads\/2023\/07\/cropped-femme2-96x96.png","caption":"Anna Vandoeuvre"},"description":"Je suis juriste au sein de LegalVision. \u00c9l\u00e8ve-avocate et titulaire d'un M2 en droit \u00e9conomique, je m'int\u00e9resse tout particuli\u00e8rement au droit social.","url":"https:\/\/www.legalvision.fr\/guides-juridiques\/author\/anna-valdebouze\/"}]}},"_links":{"self":[{"href":"https:\/\/www.legalvision.fr\/guides-juridiques\/wp-json\/wp\/v2\/posts\/13295","targetHints":{"allow":["GET"]}}],"collection":[{"href":"https:\/\/www.legalvision.fr\/guides-juridiques\/wp-json\/wp\/v2\/posts"}],"about":[{"href":"https:\/\/www.legalvision.fr\/guides-juridiques\/wp-json\/wp\/v2\/types\/post"}],"author":[{"embeddable":true,"href":"https:\/\/www.legalvision.fr\/guides-juridiques\/wp-json\/wp\/v2\/users\/32"}],"replies":[{"embeddable":true,"href":"https:\/\/www.legalvision.fr\/guides-juridiques\/wp-json\/wp\/v2\/comments?post=13295"}],"version-history":[{"count":0,"href":"https:\/\/www.legalvision.fr\/guides-juridiques\/wp-json\/wp\/v2\/posts\/13295\/revisions"}],"wp:featuredmedia":[{"embeddable":true,"href":"https:\/\/www.legalvision.fr\/guides-juridiques\/wp-json\/wp\/v2\/media\/24842"}],"wp:attachment":[{"href":"https:\/\/www.legalvision.fr\/guides-juridiques\/wp-json\/wp\/v2\/media?parent=13295"}],"wp:term":[{"taxonomy":"category","embeddable":true,"href":"https:\/\/www.legalvision.fr\/guides-juridiques\/wp-json\/wp\/v2\/categories?post=13295"},{"taxonomy":"post_tag","embeddable":true,"href":"https:\/\/www.legalvision.fr\/guides-juridiques\/wp-json\/wp\/v2\/tags?post=13295"}],"curies":[{"name":"wp","href":"https:\/\/api.w.org\/{rel}","templated":true}]}}