{"id":131,"date":"2017-01-01T09:00:11","date_gmt":"2017-01-01T08:00:11","guid":{"rendered":"http:\/\/blog.legalvision.fr\/?p=131"},"modified":"2022-03-27T21:21:16","modified_gmt":"2022-03-27T19:21:16","slug":"deconnexion-des-salaries-droit","status":"publish","type":"post","link":"https:\/\/www.legalvision.fr\/guides-juridiques\/droit-du-travail\/deconnexion-des-salaries-droit\/","title":{"rendered":"Dites oui \u00e0 la d\u00e9connexion de vos salari\u00e9s"},"content":{"rendered":"<p>Les avanc\u00e9es technologiques ont permis au monde du travail de faire un bond consid\u00e9rable, rendant ainsi les salari\u00e9s tr\u00e8s efficaces\u2026 Le revers de la m\u00e9daille\u00a0? L\u2019<strong>hyperconnectivit\u00e9<\/strong>. En effet, selon les sondages effectu\u00e9s r\u00e9cemment, la limite entre vie professionnelle et vie personnelle des salari\u00e9s \u2014 les cadres en particulier \u2014 devient floue, voire quasi inexistante. Le gouvernement entend y rem\u00e9dier avec la <strong>Loi Travail<\/strong> et <strong>le droit \u00e0 la \u00ab\u00a0d\u00e9connexion des salari\u00e9s\u00a0\u00bb<\/strong>.\n<\/p>\n<h3>Sommaire :<\/h3>\n<p><strong><a href=\"#I\">La\u00a0\u00ab\u00a0loi Travail\u00a0\u00bb a un chapitre sur le travail \u00e0 l\u2019\u00e8re du num\u00e9rique<\/a><\/strong><br \/>\n<strong> <a href=\"#II\">Influence sur l\u2019organisation du travail : pourquoi avoir instaur\u00e9 un droit \u00e0 la d\u00e9connexion\u00a0?<\/a><\/strong><\/p>\n<div class=\"wp-block-button\" style=\"text-align:center;\"><a class=\"wp-block-button__link has-background\" href=\"https:\/\/www.legalvision.fr\/tous-les-services\/\">Voir les services LegalVision<\/a><\/div>\n<h2 id=\"I\">La\u00a0\u00ab\u00a0loi Travail\u00a0\u00bb a un chapitre sur le travail \u00e0 l\u2019\u00e8re du num\u00e9rique<\/h2>\n<p>La loi Travail introduit pour la premi\u00e8re fois dans le <a href=\"http:\/\/travail-emploi.gouv.fr\/grands-dossiers\/LoiTravail\/quelles-sont-les-principales-mesures-de-la-loi-travail\/article\/droit-a-la-deconnexion\" target=\"_blank\" rel=\"noopener noreferrer\">Code du travail un \u00ab\u00a0droit \u00e0 la d\u00e9connexion\u00a0\u00bb<\/a>. Cette loi adu 8 ao\u00fbt 2016\u00a0<strong>entre en vigueur le 1<sup>er<\/sup> janvier 2017<\/strong>.<br \/>\nEn attendant, les <strong>entreprises ayant plus de 50 salari\u00e9s<\/strong> doivent instaurer des instruments de<strong> r\u00e9gulation des outils num\u00e9riques<\/strong>. Cette loi cherche \u00e0 faire respecter le temps de repos et de cong\u00e9 d\u2019un employ\u00e9. Le but est aussi de pouvoir r\u00e9guler l\u2019\u00e9quilibre entre vies au travail et en dehors.<\/p>\n<p>Le <strong>droit \u00e0 la d\u00e9connexion<\/strong> fera donc partie des sujets \u00e0 aborder lors de la n\u00e9gociation annuelle obligatoire sur la qualit\u00e9 de vie de travail. Cette n\u00e9gociation devra porter sur les modalit\u00e9s d\u2019exercice du droit \u00e0 la d\u00e9connexion.<br \/>\nEn l\u2019absence d\u2019accord, <strong>l\u2019employeur devra \u00e9laborer une charte<\/strong> \u2014 apr\u00e8s avis du\u00a0<a href=\"http:\/\/droit-finances.commentcamarche.net\/contents\/1521-le-comite-d-entreprise-definition-et-role\">comit\u00e9 d\u2019entreprise<\/a>\u00a0ou, \u00e0 d\u00e9faut, les\u00a0<a href=\"http:\/\/droit-finances.commentcamarche.net\/contents\/1517-les-delegues-du-personnel-role-et-statut\">d\u00e9l\u00e9gu\u00e9s du personnel<\/a> \u2014 dans laquelle il d\u00e9finira les modalit\u00e9s d\u2019exercice du droit \u00e0 la d\u00e9connexion. Cette charte traitera aussi de la mise en \u0153uvre d\u2019actions de formations ainsi que de sensibilisation \u00e0 l\u2019usage mod\u00e9r\u00e9 des outils informatiques.<\/p>\n<p>Cette loi pr\u00e9cise clairement que le droit d\u2019expression direct des salari\u00e9s peut s\u2019exercer par le biais des outils num\u00e9riques pr\u00e9sents dans l\u2019entreprise (mails\u2026)<\/p>\n<h2 id=\"II\">Influence sur l\u2019organisation du travail : pourquoi avoir instaur\u00e9 un droit \u00e0 la d\u00e9connexion\u00a0?<\/h2>\n<p>Concr\u00e8tement, le droit \u00e0 la d\u00e9connexion est surtout le <strong>droit des employ\u00e9s \u00e0 \u00eatre injoignable en permanence en dehors du travail<\/strong> pour des motifs professionnels. Par exemple, ignorer ou bloquer les appels et les mails professionnels pendant les cong\u00e9s ou les heures de repos.<\/p>\n<p>Outre un meilleur \u00e9quilibre entre la vie professionnelle et la vie priv\u00e9e des salari\u00e9s, d&rsquo;autres raisons sont \u00e0 l\u2019origine de l\u2019adoption de cette loi\u00a0:<\/p>\n<ul>\n<li>\n<strong>Habituer les salari\u00e9s \u00e0 s&rsquo;en tenir \u00e0 leurs heures officielles de travail<\/strong> (ou jour officiel pour les forfaits jours)<\/li>\n<li>Ensuite,<strong> \u00e9viter un surmenage professionnel<\/strong>: le fameux burnout\u00a0! Le contact permanent avec les technologies favorise le stress. Donc quelques heures sans \u00e9cran ne peuvent que faire du bien.<\/li>\n<li>Puis <strong>prot\u00e9ger les entreprises.<\/strong>\u00a0Les \u00e9changes (appels, mails\u2026) entre coll\u00e8gues tard dans le soir peuvent \u00eatre consid\u00e9r\u00e9s comme heures suppl\u00e9mentaires par le tribunal.<\/li>\n<\/ul>\n<p><strong>Les moyens mis en \u0153uvre<\/strong><\/p>\n<p>Il est tout \u00e0 fait possible de configurer les serveurs de messagerie pour que les emails soient redirig\u00e9s vers les \u00ab\u00a0data center\u00a0\u00bb pendant un laps de temps pr\u00e9d\u00e9fini, mais qui seront ensuite remis aux v\u00e9ritables destinataires. Bien s\u00fbr, le processus peut \u00eatre ajust\u00e9 en cas d\u2019urgence. Mais il existe aussi des entreprises qui \u00ab\u00a0suppriment\u00a0\u00bb temporairement leur messagerie, bien que cette option soit moins pratique.<\/p>\n<p>Ce droit de d\u00e9connexion songe avant tout au <strong>bien-\u00eatre des salari\u00e9s<\/strong>. Mais rappelons ici que ce genre de changement, n\u2019est apr\u00e8s tout, qu\u2019une\u00a0des nombreuses adaptations aux<strong> innovations technologiques<\/strong>.<\/p>\n<p><\/p>\n<div class=\"wp-block-button\" style=\"text-align:center;\"><a class=\"wp-block-button__link has-background\" href=\"https:\/\/www.legalvision.fr\/tous-les-services\/\">Voir les services LegalVision<\/a><\/div>\n","protected":false},"excerpt":{"rendered":"<p>Les avanc\u00e9es technologiques ont permis au monde du travail de faire un bond consid\u00e9rable, rendant ainsi les salari\u00e9s tr\u00e8s efficaces\u2026 Le revers de la m\u00e9daille\u00a0? L\u2019hyperconnectivit\u00e9. En effet, selon les sondages effectu\u00e9s r\u00e9cemment, la limite entre vie professionnelle et vie personnelle des salari\u00e9s \u2014 les cadres en particulier \u2014 devient floue, voire quasi inexistante. Le&hellip; <a class=\"more-link\" href=\"https:\/\/www.legalvision.fr\/guides-juridiques\/droit-du-travail\/deconnexion-des-salaries-droit\/\">Poursuivre la lecture <span class=\"screen-reader-text\">Dites oui \u00e0 la d\u00e9connexion de vos salari\u00e9s<\/span><\/a><\/p>\n","protected":false},"author":4,"featured_media":21555,"comment_status":"open","ping_status":"open","sticky":false,"template":"","format":"standard","meta":{"content-type":"","inline_featured_image":false,"footnotes":""},"categories":[2485],"tags":[],"class_list":["post-131","post","type-post","status-publish","format-standard","has-post-thumbnail","hentry","category-droit-du-travail","entry"],"yoast_head":"<!-- This site is optimized with the Yoast SEO plugin v27.1.1 - https:\/\/yoast.com\/product\/yoast-seo-wordpress\/ -->\n<title>En savoir plus sur le droit \u00e0 la d\u00e9connexion de vos salari\u00e9s<\/title>\n<meta name=\"description\" content=\"La loi Travail entr\u00e9e en vigueur le 1er janvier 2017 introduit pour la premi\u00e8re fois dans le Code du travail un droit \u00e0 la d\u00e9connexion.\" \/>\n<meta name=\"robots\" content=\"index, follow, max-snippet:-1, max-image-preview:large, max-video-preview:-1\" \/>\n<link rel=\"canonical\" href=\"https:\/\/www.legalvision.fr\/guides-juridiques\/droit-du-travail\/deconnexion-des-salaries-droit\/\" \/>\n<meta property=\"og:locale\" content=\"fr_FR\" \/>\n<meta property=\"og:type\" content=\"article\" \/>\n<meta property=\"og:title\" content=\"Dites oui \u00e0 la d\u00e9connexion de vos salari\u00e9s\" \/>\n<meta property=\"og:description\" content=\"La loi Travail entr\u00e9e en vigueur le 1er janvier 2017 introduit pour la premi\u00e8re fois dans le Code du travail un droit \u00e0 la d\u00e9connexion.\" \/>\n<meta property=\"og:url\" content=\"https:\/\/www.legalvision.fr\/guides-juridiques\/droit-du-travail\/deconnexion-des-salaries-droit\/\" \/>\n<meta property=\"og:site_name\" content=\"Guides juridiques\" \/>\n<meta property=\"article:author\" content=\"https:\/\/www.facebook.com\/legalvision.fr\/\" \/>\n<meta property=\"article:published_time\" content=\"2017-01-01T08:00:11+00:00\" \/>\n<meta property=\"article:modified_time\" content=\"2022-03-27T19:21:16+00:00\" \/>\n<meta property=\"og:image\" content=\"https:\/\/www.legalvision.fr\/guides-juridiques\/wp-content\/uploads\/2017\/01\/d\u00e9connexion.jpg\" \/>\n\t<meta property=\"og:image:width\" content=\"958\" \/>\n\t<meta property=\"og:image:height\" content=\"350\" \/>\n\t<meta property=\"og:image:type\" content=\"image\/jpeg\" \/>\n<meta name=\"author\" content=\"Paola Bourd\" \/>\n<meta name=\"twitter:card\" content=\"summary_large_image\" \/>\n<meta name=\"twitter:creator\" content=\"@https:\/\/twitter.com\/Legalvision_fr\" \/>\n<meta name=\"twitter:label1\" content=\"\u00c9crit par\" \/>\n\t<meta name=\"twitter:data1\" content=\"Paola Bourd\" \/>\n\t<meta name=\"twitter:label2\" content=\"Dur\u00e9e de lecture estim\u00e9e\" \/>\n\t<meta name=\"twitter:data2\" content=\"3 minutes\" \/>\n<script type=\"application\/ld+json\" class=\"yoast-schema-graph\">{\"@context\":\"https:\/\/schema.org\",\"@graph\":[{\"@type\":\"Article\",\"@id\":\"https:\/\/www.legalvision.fr\/guides-juridiques\/droit-du-travail\/deconnexion-des-salaries-droit\/#article\",\"isPartOf\":{\"@id\":\"https:\/\/www.legalvision.fr\/guides-juridiques\/droit-du-travail\/deconnexion-des-salaries-droit\/\"},\"author\":{\"name\":\"Paola Bourd\",\"@id\":\"https:\/\/www.legalvision.fr\/guides-juridiques\/#\/schema\/person\/77b6c0c34a728c9d3962c49775e58edf\"},\"headline\":\"Dites oui \u00e0 la d\u00e9connexion de vos salari\u00e9s\",\"datePublished\":\"2017-01-01T08:00:11+00:00\",\"dateModified\":\"2022-03-27T19:21:16+00:00\",\"mainEntityOfPage\":{\"@id\":\"https:\/\/www.legalvision.fr\/guides-juridiques\/droit-du-travail\/deconnexion-des-salaries-droit\/\"},\"wordCount\":632,\"commentCount\":4,\"publisher\":{\"@id\":\"https:\/\/www.legalvision.fr\/guides-juridiques\/#organization\"},\"image\":{\"@id\":\"https:\/\/www.legalvision.fr\/guides-juridiques\/droit-du-travail\/deconnexion-des-salaries-droit\/#primaryimage\"},\"thumbnailUrl\":\"https:\/\/www.legalvision.fr\/guides-juridiques\/wp-content\/uploads\/2017\/01\/d\u00e9connexion.jpg\",\"articleSection\":[\"Droit du travail\"],\"inLanguage\":\"fr-FR\",\"potentialAction\":[{\"@type\":\"CommentAction\",\"name\":\"Comment\",\"target\":[\"https:\/\/www.legalvision.fr\/guides-juridiques\/droit-du-travail\/deconnexion-des-salaries-droit\/#respond\"]}]},{\"@type\":\"WebPage\",\"@id\":\"https:\/\/www.legalvision.fr\/guides-juridiques\/droit-du-travail\/deconnexion-des-salaries-droit\/\",\"url\":\"https:\/\/www.legalvision.fr\/guides-juridiques\/droit-du-travail\/deconnexion-des-salaries-droit\/\",\"name\":\"En savoir plus sur le droit \u00e0 la d\u00e9connexion de vos salari\u00e9s\",\"isPartOf\":{\"@id\":\"https:\/\/www.legalvision.fr\/guides-juridiques\/#website\"},\"primaryImageOfPage\":{\"@id\":\"https:\/\/www.legalvision.fr\/guides-juridiques\/droit-du-travail\/deconnexion-des-salaries-droit\/#primaryimage\"},\"image\":{\"@id\":\"https:\/\/www.legalvision.fr\/guides-juridiques\/droit-du-travail\/deconnexion-des-salaries-droit\/#primaryimage\"},\"thumbnailUrl\":\"https:\/\/www.legalvision.fr\/guides-juridiques\/wp-content\/uploads\/2017\/01\/d\u00e9connexion.jpg\",\"datePublished\":\"2017-01-01T08:00:11+00:00\",\"dateModified\":\"2022-03-27T19:21:16+00:00\",\"description\":\"La loi Travail entr\u00e9e en vigueur le 1er janvier 2017 introduit pour la premi\u00e8re fois dans le Code du travail un droit \u00e0 la d\u00e9connexion.\",\"breadcrumb\":{\"@id\":\"https:\/\/www.legalvision.fr\/guides-juridiques\/droit-du-travail\/deconnexion-des-salaries-droit\/#breadcrumb\"},\"inLanguage\":\"fr-FR\",\"potentialAction\":[{\"@type\":\"ReadAction\",\"target\":[\"https:\/\/www.legalvision.fr\/guides-juridiques\/droit-du-travail\/deconnexion-des-salaries-droit\/\"]}]},{\"@type\":\"ImageObject\",\"inLanguage\":\"fr-FR\",\"@id\":\"https:\/\/www.legalvision.fr\/guides-juridiques\/droit-du-travail\/deconnexion-des-salaries-droit\/#primaryimage\",\"url\":\"https:\/\/www.legalvision.fr\/guides-juridiques\/wp-content\/uploads\/2017\/01\/d\u00e9connexion.jpg\",\"contentUrl\":\"https:\/\/www.legalvision.fr\/guides-juridiques\/wp-content\/uploads\/2017\/01\/d\u00e9connexion.jpg\",\"width\":958,\"height\":350,\"caption\":\"d\u00e9connexion\"},{\"@type\":\"BreadcrumbList\",\"@id\":\"https:\/\/www.legalvision.fr\/guides-juridiques\/droit-du-travail\/deconnexion-des-salaries-droit\/#breadcrumb\",\"itemListElement\":[{\"@type\":\"ListItem\",\"position\":1,\"name\":\"Accueil\",\"item\":\"https:\/\/www.legalvision.fr\/guides-juridiques\/\"},{\"@type\":\"ListItem\",\"position\":2,\"name\":\"Droit du travail\",\"item\":\"https:\/\/www.legalvision.fr\/guides-juridiques\/droit-du-travail\/\"},{\"@type\":\"ListItem\",\"position\":3,\"name\":\"Dites oui \u00e0 la d\u00e9connexion de vos salari\u00e9s\"}]},{\"@type\":\"WebSite\",\"@id\":\"https:\/\/www.legalvision.fr\/guides-juridiques\/#website\",\"url\":\"https:\/\/www.legalvision.fr\/guides-juridiques\/\",\"name\":\"Guides juridiques\",\"description\":\"L&#039;information juridique \u00e0 destination des entreprises et TPE\",\"publisher\":{\"@id\":\"https:\/\/www.legalvision.fr\/guides-juridiques\/#organization\"},\"potentialAction\":[{\"@type\":\"SearchAction\",\"target\":{\"@type\":\"EntryPoint\",\"urlTemplate\":\"https:\/\/www.legalvision.fr\/guides-juridiques\/?s={search_term_string}\"},\"query-input\":{\"@type\":\"PropertyValueSpecification\",\"valueRequired\":true,\"valueName\":\"search_term_string\"}}],\"inLanguage\":\"fr-FR\"},{\"@type\":\"Organization\",\"@id\":\"https:\/\/www.legalvision.fr\/guides-juridiques\/#organization\",\"name\":\"Guides juridiques\",\"url\":\"https:\/\/www.legalvision.fr\/guides-juridiques\/\",\"logo\":{\"@type\":\"ImageObject\",\"inLanguage\":\"fr-FR\",\"@id\":\"https:\/\/www.legalvision.fr\/guides-juridiques\/#\/schema\/logo\/image\/\",\"url\":\"https:\/\/www.legalvision.fr\/guides-juridiques\/wp-content\/uploads\/2022\/10\/LV-Logotype.png\",\"contentUrl\":\"https:\/\/www.legalvision.fr\/guides-juridiques\/wp-content\/uploads\/2022\/10\/LV-Logotype.png\",\"width\":647,\"height\":125,\"caption\":\"Guides juridiques\"},\"image\":{\"@id\":\"https:\/\/www.legalvision.fr\/guides-juridiques\/#\/schema\/logo\/image\/\"}},{\"@type\":\"Person\",\"@id\":\"https:\/\/www.legalvision.fr\/guides-juridiques\/#\/schema\/person\/77b6c0c34a728c9d3962c49775e58edf\",\"name\":\"Paola Bourd\",\"image\":{\"@type\":\"ImageObject\",\"inLanguage\":\"fr-FR\",\"@id\":\"https:\/\/www.legalvision.fr\/guides-juridiques\/#\/schema\/person\/image\/\",\"url\":\"https:\/\/secure.gravatar.com\/avatar\/2192a621346f4ee03fcfa490efe7857a25414b5518ff9b25761bdd9bc968f2f9?s=96&d=mm&r=g\",\"contentUrl\":\"https:\/\/secure.gravatar.com\/avatar\/2192a621346f4ee03fcfa490efe7857a25414b5518ff9b25761bdd9bc968f2f9?s=96&d=mm&r=g\",\"caption\":\"Paola Bourd\"},\"description\":\"Apr\u00e8s 4 ans de droit Paola s'est reconvertie dans le marketing digital et travaille d\u00e9sormais dans la start-up LegalVision, le service de formalit\u00e9s juridiques en ligne. Passionn\u00e9e par le digital et de droit, elle publie des articles sur l'entrepreneuriat et le droit des soci\u00e9t\u00e9s.\",\"sameAs\":[\"https:\/\/www.legalvision.fr\/\",\"https:\/\/www.facebook.com\/legalvision.fr\/\",\"https:\/\/www.instagram.com\/legalvision.fr\/\",\"https:\/\/www.linkedin.com\/company\/legalvision-fr\/\",\"https:\/\/x.com\/https:\/\/twitter.com\/Legalvision_fr\"],\"url\":\"https:\/\/www.legalvision.fr\/guides-juridiques\/author\/paola\/\"}]}<\/script>\n<!-- \/ Yoast SEO plugin. -->","yoast_head_json":{"title":"En savoir plus sur le droit \u00e0 la d\u00e9connexion de vos salari\u00e9s","description":"La loi Travail entr\u00e9e en vigueur le 1er janvier 2017 introduit pour la premi\u00e8re fois dans le Code du travail un droit \u00e0 la d\u00e9connexion.","robots":{"index":"index","follow":"follow","max-snippet":"max-snippet:-1","max-image-preview":"max-image-preview:large","max-video-preview":"max-video-preview:-1"},"canonical":"https:\/\/www.legalvision.fr\/guides-juridiques\/droit-du-travail\/deconnexion-des-salaries-droit\/","og_locale":"fr_FR","og_type":"article","og_title":"Dites oui \u00e0 la d\u00e9connexion de vos salari\u00e9s","og_description":"La loi Travail entr\u00e9e en vigueur le 1er janvier 2017 introduit pour la premi\u00e8re fois dans le Code du travail un droit \u00e0 la d\u00e9connexion.","og_url":"https:\/\/www.legalvision.fr\/guides-juridiques\/droit-du-travail\/deconnexion-des-salaries-droit\/","og_site_name":"Guides juridiques","article_author":"https:\/\/www.facebook.com\/legalvision.fr\/","article_published_time":"2017-01-01T08:00:11+00:00","article_modified_time":"2022-03-27T19:21:16+00:00","og_image":[{"width":958,"height":350,"url":"https:\/\/www.legalvision.fr\/guides-juridiques\/wp-content\/uploads\/2017\/01\/d\u00e9connexion.jpg","type":"image\/jpeg"}],"author":"Paola Bourd","twitter_card":"summary_large_image","twitter_creator":"@https:\/\/twitter.com\/Legalvision_fr","twitter_misc":{"\u00c9crit par":"Paola Bourd","Dur\u00e9e de lecture estim\u00e9e":"3 minutes"},"schema":{"@context":"https:\/\/schema.org","@graph":[{"@type":"Article","@id":"https:\/\/www.legalvision.fr\/guides-juridiques\/droit-du-travail\/deconnexion-des-salaries-droit\/#article","isPartOf":{"@id":"https:\/\/www.legalvision.fr\/guides-juridiques\/droit-du-travail\/deconnexion-des-salaries-droit\/"},"author":{"name":"Paola Bourd","@id":"https:\/\/www.legalvision.fr\/guides-juridiques\/#\/schema\/person\/77b6c0c34a728c9d3962c49775e58edf"},"headline":"Dites oui \u00e0 la d\u00e9connexion de vos salari\u00e9s","datePublished":"2017-01-01T08:00:11+00:00","dateModified":"2022-03-27T19:21:16+00:00","mainEntityOfPage":{"@id":"https:\/\/www.legalvision.fr\/guides-juridiques\/droit-du-travail\/deconnexion-des-salaries-droit\/"},"wordCount":632,"commentCount":4,"publisher":{"@id":"https:\/\/www.legalvision.fr\/guides-juridiques\/#organization"},"image":{"@id":"https:\/\/www.legalvision.fr\/guides-juridiques\/droit-du-travail\/deconnexion-des-salaries-droit\/#primaryimage"},"thumbnailUrl":"https:\/\/www.legalvision.fr\/guides-juridiques\/wp-content\/uploads\/2017\/01\/d\u00e9connexion.jpg","articleSection":["Droit du travail"],"inLanguage":"fr-FR","potentialAction":[{"@type":"CommentAction","name":"Comment","target":["https:\/\/www.legalvision.fr\/guides-juridiques\/droit-du-travail\/deconnexion-des-salaries-droit\/#respond"]}]},{"@type":"WebPage","@id":"https:\/\/www.legalvision.fr\/guides-juridiques\/droit-du-travail\/deconnexion-des-salaries-droit\/","url":"https:\/\/www.legalvision.fr\/guides-juridiques\/droit-du-travail\/deconnexion-des-salaries-droit\/","name":"En savoir plus sur le droit \u00e0 la d\u00e9connexion de vos salari\u00e9s","isPartOf":{"@id":"https:\/\/www.legalvision.fr\/guides-juridiques\/#website"},"primaryImageOfPage":{"@id":"https:\/\/www.legalvision.fr\/guides-juridiques\/droit-du-travail\/deconnexion-des-salaries-droit\/#primaryimage"},"image":{"@id":"https:\/\/www.legalvision.fr\/guides-juridiques\/droit-du-travail\/deconnexion-des-salaries-droit\/#primaryimage"},"thumbnailUrl":"https:\/\/www.legalvision.fr\/guides-juridiques\/wp-content\/uploads\/2017\/01\/d\u00e9connexion.jpg","datePublished":"2017-01-01T08:00:11+00:00","dateModified":"2022-03-27T19:21:16+00:00","description":"La loi Travail entr\u00e9e en vigueur le 1er janvier 2017 introduit pour la premi\u00e8re fois dans le Code du travail un droit \u00e0 la d\u00e9connexion.","breadcrumb":{"@id":"https:\/\/www.legalvision.fr\/guides-juridiques\/droit-du-travail\/deconnexion-des-salaries-droit\/#breadcrumb"},"inLanguage":"fr-FR","potentialAction":[{"@type":"ReadAction","target":["https:\/\/www.legalvision.fr\/guides-juridiques\/droit-du-travail\/deconnexion-des-salaries-droit\/"]}]},{"@type":"ImageObject","inLanguage":"fr-FR","@id":"https:\/\/www.legalvision.fr\/guides-juridiques\/droit-du-travail\/deconnexion-des-salaries-droit\/#primaryimage","url":"https:\/\/www.legalvision.fr\/guides-juridiques\/wp-content\/uploads\/2017\/01\/d\u00e9connexion.jpg","contentUrl":"https:\/\/www.legalvision.fr\/guides-juridiques\/wp-content\/uploads\/2017\/01\/d\u00e9connexion.jpg","width":958,"height":350,"caption":"d\u00e9connexion"},{"@type":"BreadcrumbList","@id":"https:\/\/www.legalvision.fr\/guides-juridiques\/droit-du-travail\/deconnexion-des-salaries-droit\/#breadcrumb","itemListElement":[{"@type":"ListItem","position":1,"name":"Accueil","item":"https:\/\/www.legalvision.fr\/guides-juridiques\/"},{"@type":"ListItem","position":2,"name":"Droit du travail","item":"https:\/\/www.legalvision.fr\/guides-juridiques\/droit-du-travail\/"},{"@type":"ListItem","position":3,"name":"Dites oui \u00e0 la d\u00e9connexion de vos salari\u00e9s"}]},{"@type":"WebSite","@id":"https:\/\/www.legalvision.fr\/guides-juridiques\/#website","url":"https:\/\/www.legalvision.fr\/guides-juridiques\/","name":"Guides juridiques","description":"L&#039;information juridique \u00e0 destination des entreprises et TPE","publisher":{"@id":"https:\/\/www.legalvision.fr\/guides-juridiques\/#organization"},"potentialAction":[{"@type":"SearchAction","target":{"@type":"EntryPoint","urlTemplate":"https:\/\/www.legalvision.fr\/guides-juridiques\/?s={search_term_string}"},"query-input":{"@type":"PropertyValueSpecification","valueRequired":true,"valueName":"search_term_string"}}],"inLanguage":"fr-FR"},{"@type":"Organization","@id":"https:\/\/www.legalvision.fr\/guides-juridiques\/#organization","name":"Guides juridiques","url":"https:\/\/www.legalvision.fr\/guides-juridiques\/","logo":{"@type":"ImageObject","inLanguage":"fr-FR","@id":"https:\/\/www.legalvision.fr\/guides-juridiques\/#\/schema\/logo\/image\/","url":"https:\/\/www.legalvision.fr\/guides-juridiques\/wp-content\/uploads\/2022\/10\/LV-Logotype.png","contentUrl":"https:\/\/www.legalvision.fr\/guides-juridiques\/wp-content\/uploads\/2022\/10\/LV-Logotype.png","width":647,"height":125,"caption":"Guides juridiques"},"image":{"@id":"https:\/\/www.legalvision.fr\/guides-juridiques\/#\/schema\/logo\/image\/"}},{"@type":"Person","@id":"https:\/\/www.legalvision.fr\/guides-juridiques\/#\/schema\/person\/77b6c0c34a728c9d3962c49775e58edf","name":"Paola Bourd","image":{"@type":"ImageObject","inLanguage":"fr-FR","@id":"https:\/\/www.legalvision.fr\/guides-juridiques\/#\/schema\/person\/image\/","url":"https:\/\/secure.gravatar.com\/avatar\/2192a621346f4ee03fcfa490efe7857a25414b5518ff9b25761bdd9bc968f2f9?s=96&d=mm&r=g","contentUrl":"https:\/\/secure.gravatar.com\/avatar\/2192a621346f4ee03fcfa490efe7857a25414b5518ff9b25761bdd9bc968f2f9?s=96&d=mm&r=g","caption":"Paola Bourd"},"description":"Apr\u00e8s 4 ans de droit Paola s'est reconvertie dans le marketing digital et travaille d\u00e9sormais dans la start-up LegalVision, le service de formalit\u00e9s juridiques en ligne. Passionn\u00e9e par le digital et de droit, elle publie des articles sur l'entrepreneuriat et le droit des soci\u00e9t\u00e9s.","sameAs":["https:\/\/www.legalvision.fr\/","https:\/\/www.facebook.com\/legalvision.fr\/","https:\/\/www.instagram.com\/legalvision.fr\/","https:\/\/www.linkedin.com\/company\/legalvision-fr\/","https:\/\/x.com\/https:\/\/twitter.com\/Legalvision_fr"],"url":"https:\/\/www.legalvision.fr\/guides-juridiques\/author\/paola\/"}]}},"_links":{"self":[{"href":"https:\/\/www.legalvision.fr\/guides-juridiques\/wp-json\/wp\/v2\/posts\/131","targetHints":{"allow":["GET"]}}],"collection":[{"href":"https:\/\/www.legalvision.fr\/guides-juridiques\/wp-json\/wp\/v2\/posts"}],"about":[{"href":"https:\/\/www.legalvision.fr\/guides-juridiques\/wp-json\/wp\/v2\/types\/post"}],"author":[{"embeddable":true,"href":"https:\/\/www.legalvision.fr\/guides-juridiques\/wp-json\/wp\/v2\/users\/4"}],"replies":[{"embeddable":true,"href":"https:\/\/www.legalvision.fr\/guides-juridiques\/wp-json\/wp\/v2\/comments?post=131"}],"version-history":[{"count":0,"href":"https:\/\/www.legalvision.fr\/guides-juridiques\/wp-json\/wp\/v2\/posts\/131\/revisions"}],"wp:featuredmedia":[{"embeddable":true,"href":"https:\/\/www.legalvision.fr\/guides-juridiques\/wp-json\/wp\/v2\/media\/21555"}],"wp:attachment":[{"href":"https:\/\/www.legalvision.fr\/guides-juridiques\/wp-json\/wp\/v2\/media?parent=131"}],"wp:term":[{"taxonomy":"category","embeddable":true,"href":"https:\/\/www.legalvision.fr\/guides-juridiques\/wp-json\/wp\/v2\/categories?post=131"},{"taxonomy":"post_tag","embeddable":true,"href":"https:\/\/www.legalvision.fr\/guides-juridiques\/wp-json\/wp\/v2\/tags?post=131"}],"curies":[{"name":"wp","href":"https:\/\/api.w.org\/{rel}","templated":true}]}}