{"id":12293,"date":"2019-03-26T07:30:02","date_gmt":"2019-03-26T06:30:02","guid":{"rendered":"https:\/\/blog.legalvision.fr\/?p=12293"},"modified":"2022-03-27T21:20:59","modified_gmt":"2022-03-27T19:20:59","slug":"devenir-auto-entrepreneur-en-2019-tous-les-conseils-des-experts","status":"publish","type":"post","link":"https:\/\/www.legalvision.fr\/guides-juridiques\/auto-entrepreneur\/devenir-auto-entrepreneur-en-2019-tous-les-conseils-des-experts\/","title":{"rendered":"Toutes les cl\u00e9s pour devenir auto entrepreneur en 2019"},"content":{"rendered":"<p>LegalVision vous propose un guide complet pour savoir comment devenir auto entrepreneur en 2019.<\/p>\n<p><iframe title=\"Comment devenir auto entrepreneur en 2019 ?\" width=\"750\" height=\"422\" src=\"https:\/\/www.youtube.com\/embed\/tEClP4mv1no?feature=oembed\" frameborder=\"0\" allow=\"accelerometer; autoplay; clipboard-write; encrypted-media; gyroscope; picture-in-picture\" allowfullscreen><\/iframe><\/p>\n<p>Le <a href=\"https:\/\/blog.legalvision.fr\/2018\/05\/05\/statut-auto-entrepreneur-2018\/\">statut d&rsquo;auto entreprise<\/a>\u00a0est extr\u00eamement pris\u00e9 des entrepreneurs\u00a0depuis 10 ans.\u00a0En effet, ce statut permet d&rsquo;avoir des formalit\u00e9s juridiques et une comptabilit\u00e9 simplifi\u00e9es, ainsi qu&rsquo;un statut fiscal et social avantageux.\u00a0Le\u00a0nouveau statut auto entrepreneur est id\u00e9al pour encadrer une activit\u00e9 de petite taille. C&rsquo;est pourquoi nombreux sont les entrepreneurs qui choisissent de <a href=\"https:\/\/www.legalvision.fr\/creation-dentreprise\/statut-auto-entrepreneur\/\">cr\u00e9er une micro-entreprise<\/a>.<\/p>\n<p>Faut-il\u00a0utiliser le terme\u00a0<a href=\"https:\/\/blog.legalvision.fr\/2018\/04\/17\/micro-entreprise-ou-auto-entrepreneur\/\">micro-entreprise ou auto entreprise<\/a>\u00a0? Depuis 2016, le r\u00e9gime de l&rsquo;auto-entreprise a \u00e9t\u00e9 absorb\u00e9 par celui de la micro-entreprise. Il n&rsquo;existe donc plus aucune diff\u00e9rence. En principe, seul le terme de r\u00e9gime de la micro-entreprise devrait \u00eatre utilis\u00e9 en 2019. Cependant, il reste d&rsquo;usage de parler d&rsquo;auto entrepreneur.<\/p>\n<p>LegalVision vous explique les conditions pour devenir auto-entrepreneur, les formalit\u00e9s \u00e0 r\u00e9aliser, ainsi que le r\u00e9gime fiscal et social applicable. Tout au long de l&rsquo;article, nous vous pr\u00e9sentons ce qui change en\u00a02019 pour les auto entrepreneurs.\n<\/p>\n<h3>Sommaire<\/h3>\n<p><a href=\"#I\"><strong>Les conditions pour obtenir le statut auto entrepreneur 2019<\/strong><\/a><br \/>\n<a href=\"#II\"><strong> II\/ Les d\u00e9marches juridiques de l&rsquo;auto entrepreneur 2019<\/strong><\/a><br \/>\n<a href=\"#III\"><strong> III\/ Le r\u00e9gime fiscal de l&rsquo;auto entrepreneur<\/strong><\/a><br \/>\n<a href=\"#IV\"><strong>Le r\u00e9gime social de l&rsquo;auto entrepreneur<\/strong><\/a><\/p>\n<div class=\"wp-block-button\" style=\"text-align:center;\"><a class=\"wp-block-button__link has-background\" href=\"https:\/\/www.legalvision.fr\/creation-dentreprise\/statut-auto-entrepreneur\/\">Commencer les d\u00e9marches pour mon auto-entreprise<\/a><\/div>\n<h2 id=\"I\">Les conditions pour obtenir le statut auto entrepreneur 2019<\/h2>\n<h3>Quel statut juridique pour \u00eatre auto entrepreneur ?<\/h3>\n<p>Etre auto entrepreneur ne d\u00e9signe pas une\u00a0<a href=\"https:\/\/www.legalvision.fr\/forme-juridique\/\">forme juridique<\/a> d&rsquo;entreprise, comme\u00a0la SAS ou la SARL. En r\u00e9alit\u00e9, un auto entrepreneur est seulement un entrepreneur qui a opt\u00e9 pour le r\u00e9gime de la micro-entreprise. Il s&rsquo;agit d&rsquo;un r\u00e9gime fiscal et social avantageux.<\/p>\n<p>Seuls trois types de statut juridique d&rsquo;entreprise permettent d&rsquo;avoir ce r\u00e9gime :<\/p>\n<ul>\n<li>\n<a href=\"https:\/\/www.legalvision.fr\/creation-dentreprise\/creation-entreprise-individuelle\/\"><strong>entreprise individuelle<\/strong><\/a> (EI) ;<\/li>\n<li>\n<strong>entreprise individuelle \u00e0 responsabilit\u00e9 limit\u00e9e<\/strong> (EIRL) ;<\/li>\n<li>\n<strong>EURL<\/strong> dont le <strong>g\u00e9rant est associ\u00e9 unique<\/strong>.<\/li>\n<\/ul>\n<p>Or, l&rsquo;EI et l&rsquo;EIRL sont des entreprises individuelles et non des soci\u00e9t\u00e9s. Cela permet d&rsquo;avoir des formalit\u00e9s juridiques de cr\u00e9ation tr\u00e8s simples.<\/p>\n<h3>Auto entrepreneur : plafond 2019<\/h3>\n<p>Pour pouvoir b\u00e9n\u00e9ficier du r\u00e9gime de la micro-entreprise, l&rsquo;auto entrepreneur doit veiller \u00e0 ne pas d\u00e9passer un certain <a href=\"https:\/\/blog.legalvision.fr\/2018\/04\/18\/micro-entreprise-plafond\/\">plafond de chiffre d&rsquo;affaires<\/a>. Le plafond d\u00e9pend de l&rsquo;activit\u00e9 de l&rsquo;entreprise.\u00a0Voici\u00a0le plafond auto entrepreneur 2019 :<\/p>\n<ul>\n<li>\n<strong>70 000 euros\u00a0concernant les prestations de service<\/strong>\u00a0et\u00a0<strong>activit\u00e9s lib\u00e9rales<\/strong>\u00a0;<\/li>\n<li><strong>170 000 euros s&rsquo;agissant des activit\u00e9s de vente de marchandises et d&rsquo;h\u00e9bergement.<\/strong><\/li>\n<\/ul>\n<p>Le montant \u00e0 prendre en compte est le chiffre d&rsquo;affaires annuel hors taxes. Si l&rsquo;entreprise a une activit\u00e9 mixte, c&rsquo;est-\u00e0-dire qui m\u00eale prestation de service et activit\u00e9 commerciale, le chiffre d&rsquo;affaires global doit \u00eatre dans le seuil de 170.000 euros, et les activit\u00e9s de prestation de service doivent respecter les 70.000 euros.<\/p>\n<p>Attention, si vous avez plusieurs entreprises, il sera fait masse des chiffre d&rsquo;affaires de toutes les entreprises pour \u00e9valuer les seuils.<\/p>\n<h3>Quelle activit\u00e9 pour \u00eatre auto entrepreneur ?<\/h3>\n<p>L&rsquo;activit\u00e9 exerc\u00e9e en auto entreprise est une <strong>activit\u00e9 commerciale, artisanale ou lib\u00e9rale<\/strong>.<\/p>\n<p>L&rsquo;exercice de certaines activit\u00e9s emp\u00eache d&rsquo;opter pour le r\u00e9gime de l&rsquo;auto-entreprise, notamment :<\/p>\n<ul>\n<li>activit\u00e9s soumises \u00e0 la TVA immobili\u00e8re, par exemple <a href=\"https:\/\/blog.legalvision.fr\/2018\/09\/17\/agent-immobilier-auto-entrepreneur-avantages\/\">agent immobilier<\/a> ;<\/li>\n<li>activit\u00e9s relevant de la s\u00e9curit\u00e9 sociale agricole (MSA) ;<\/li>\n<li>professions lib\u00e9rales r\u00e9glement\u00e9es qui ne sont pas affili\u00e9es \u00e0 la Cipav (Caisse interprofessionnelle de pr\u00e9voyance et d&rsquo;assurance vieillesse des professions lib\u00e9rales) : avocats, m\u00e9decins, etc. ;<\/li>\n<li>activit\u00e9s artistiques r\u00e9mun\u00e9r\u00e9es par des droits d&rsquo;auteurs, relevant donc de la Maison des artistes (MSA) ou de l&rsquo;Agessa.<\/li>\n<\/ul>\n<p>De plus, il est possible d&rsquo;exercer une activit\u00e9 auto entrepreneur en <strong>compl\u00e9ment d&rsquo;une autre activit\u00e9<\/strong>. On peut donc \u00eatre auto entrepreneur en m\u00eame temps qu&rsquo;<strong>\u00e9tudiant, retrait\u00e9, fonctionnaire ou salari\u00e9<\/strong>. Toutefois, les salari\u00e9s devront veiller \u00e0 ce que leur auto entreprise ne concurrence pas l&rsquo;activit\u00e9 de leur employeur. Les fonctionnaires doivent \u00e9galement remplir certaines conditions.<\/p>\n<p>Par ailleurs, l&rsquo;auto entrepreneur peut en parall\u00e8le \u00eatre <strong>pr\u00e9sident de SAS<\/strong> ou <strong>g\u00e9rant minoritaire ou \u00e9galitaire de SARL<\/strong>. En revanche, il ne peut pas cumuler l&rsquo;auto entreprise avec la g\u00e9rance majoritaire d&rsquo;une SARL.<\/p>\n<p>Enfin, il n&rsquo;est <strong>pas possible<\/strong> de devenir micro entrepreneur lorsque l&rsquo;on exerce d\u00e9j\u00e0 une activit\u00e9 de travailleur ind\u00e9pendant non salari\u00e9 ayant conduit \u00e0 \u00eatre d\u00e9j\u00e0 immatricul\u00e9 aupr\u00e8s de la <strong>s\u00e9curit\u00e9 sociale des ind\u00e9pendants<\/strong>.<\/p>\n<h3>Quels dipl\u00f4mes pour devenir auto entrepreneur ?<\/h3>\n<p>Les activit\u00e9s commerciales et les professions lib\u00e9rales non r\u00e9glement\u00e9es peuvent \u00eatre exerc\u00e9es sans dipl\u00f4me.<\/p>\n<p>Les conditions de dipl\u00f4me concernent donc en principe les <strong>activit\u00e9s artisanales<\/strong>. Ainsi, pour devenir artisan, il faut :<\/p>\n<ul>\n<li>avoir obtenu un CAP ou un BEP, ou un dipl\u00f4me \u00e9quivalent ;<\/li>\n<li>ou avoir une exp\u00e9rience professionnelle d&rsquo;au moins 3 ans dans le m\u00e9tier.<\/li>\n<\/ul>\n<p>Dans le cas des professions r\u00e9glement\u00e9es, d&rsquo;autres conditions peuvent \u00eatre exig\u00e9es, comme pour <a href=\"https:\/\/www.legalvision.fr\/creation-dentreprise\/devenir-chauffeur-vtc\/\">devenir VTC<\/a>.<\/p>\n<p>Certaines activit\u00e9s artisanales peuvent toutefois \u00eatre exerc\u00e9es sans dipl\u00f4me.<\/p>\n<p>De surcro\u00eet, pour s&rsquo;immatriculer comme artisan, il est n\u00e9cessaire d&rsquo;effectuer un <strong>Stage de Pr\u00e9paration \u00e0 l&rsquo;Installation<\/strong> (SPI). D&rsquo;une dur\u00e9e minimale de 30 heures, ce stage obligatoire vise \u00e0 former l&rsquo;artisan \u00e0 la gestion d&rsquo;une entreprise. Il co\u00fbte environ 250 euros pour les 5 jours de formation, mais son prix varie selon les Chambres des M\u00e9tiers. Cependant, il est possible que le\u00a0stage obligatoire auto entrepreneur 2019 disparaisse. En effet, le projet de loi Pacte envisage de rendre le SPI facultatif, et de baisser son prix \u00e0 194 euros.<\/p>\n<h2 id=\"II\">Les d\u00e9marches juridiques de l&rsquo;auto entrepreneur 2019<\/h2>\n<h3>Comment proc\u00e9der \u00e0 la cr\u00e9ation d&rsquo;une micro entreprise ?<\/h3>\n<p>Pour <a href=\"https:\/\/blog.legalvision.fr\/2018\/05\/14\/micro-entreprise-2018\/\">monter sa micro entreprise<\/a>, il faut se d\u00e9clarer auto entrepreneur et ainsi immatriculer son entreprise. Pour ce faire, il faut envoyer une \u00ab\u00a0D\u00e9claration de d\u00e9but d&rsquo;activit\u00e9\u00a0\u00bb au centre de formalit\u00e9s des entreprises des auto entrepreneurs.<\/p>\n<p>L&rsquo;immatriculation se fait aupr\u00e8s du :<\/p>\n<ul>\n<li>registre du commerce et des soci\u00e9t\u00e9s\u00a0(RCS) pour les commer\u00e7ants ;<\/li>\n<li>r\u00e9pertoire des m\u00e9tiers\u00a0(RM) pour les artisans ;<\/li>\n<li>registre sp\u00e9cial des agents commerciaux (RSAC) pour les agents commerciaux.<\/li>\n<\/ul>\n<p>L&rsquo;immatriculation au RCS et au RM est <strong>gratuite<\/strong>, en revanche celle au RSAC co\u00fbte <strong>26 euros<\/strong>.\u00a0Les d\u00e9lais d&rsquo;immatriculation d\u00e9pendent de l&rsquo;activit\u00e9 exerc\u00e9e.<\/p>\n<p>Pour s&rsquo;immatriculer, il faut\u00a0remplir\u00a0les formulaires\u00a0<a href=\"https:\/\/www.infogreffe.fr\/documents\/10179\/21271\/Formulaire+P0+CMB+micro-entrepreneur.pdf\/0572ce25-855c-48f7-b3b2-127f49290d24\">P0 CMB<\/a> pour les activit\u00e9s commerciales ou artisanales ;\u00a0<a href=\"https:\/\/www.infogreffe.fr\/documents\/10179\/21271\/Formulaire+P0+PL+micro-entrepreneur\/277b5734-57ec-44a0-a193-727695be5c09\">P0 PL<\/a> pour les professions lib\u00e9rales.<\/p>\n<p>L&rsquo;immatriculation vous permettra d&rsquo;obtenir un num\u00e9ro de SIREN, un code APE et un <a href=\"https:\/\/blog.legalvision.fr\/2018\/09\/29\/kbis-auto-entrepreneur\/\">Kbis<\/a> auto entrepreneur. Elle entra\u00eene automatique l&rsquo;option pour le r\u00e9gime micro-fiscal et micro social simplifi\u00e9.<\/p>\n<p>Si l&rsquo;auto entrepreneur souhaite avoir un <strong>nom commercial<\/strong>, il est possible en compl\u00e9ment de d\u00e9poser un nom d&rsquo;entreprise auto entrepreneur aupr\u00e8s de l&rsquo;INPI.<\/p>\n<h3>La d\u00e9claration de chiffre d&rsquo;affaires de l&rsquo;auto entrepreneur<\/h3>\n<p>La <strong>d\u00e9claration de chiffre d&rsquo;affaires<\/strong> est la formalit\u00e9 essentielle que l&rsquo;auto entrepreneur doit accomplir. En effet, c&rsquo;est sur la base de cette d\u00e9claration que l&rsquo;imp\u00f4t et les cotisations sociales seront calcul\u00e9s. Ainsi, les auto entrepreneurs n&rsquo;ont pas \u00e0 faire annuellement la d\u00e9claration sociale des ind\u00e9pendants (DSI).<\/p>\n<p>Depuis 2019, la d\u00e9claration de CA se fait obligatoirement <strong>en ligne sur le <a href=\"https:\/\/www.autoentrepreneur.urssaf.fr\/portail\/accueil\/une-question\/toutes-les-fiches-pratiques\/declarer-et-payer-mes-cotisation.html\">site de l&rsquo;Urssaf<\/a><\/strong>.\u00a0Il n&rsquo;existe donc plus de d\u00e9claration chiffre affaire auto entrepreneur papier. La premi\u00e8re d\u00e9claration de CA doit \u00eatre faite minimum 90 jours apr\u00e8s le d\u00e9but d&rsquo;activit\u00e9. Ensuite, elle est mensuelle ou trimestrielle.\u00a0Elle mentionne uniquement les factures encaiss\u00e9es.<\/p>\n<p>L&rsquo;auto entrepreneur doit donc imp\u00e9rativement conserver ses <strong>factures<\/strong>. Ce sont des \u00e9l\u00e9ments justificatifs permettant de corroborer la d\u00e9claration de CA. La\u00a0<a href=\"https:\/\/blog.legalvision.fr\/2018\/08\/22\/facture-auto-entrepreneur\/\">facture<\/a> auto entrepreneur\u00a0doit contenir de nombreuses mentions obligatoires.<\/p>\n<p>Par ailleurs, l&rsquo;auto entrepreneur doit tenir un<strong> livre-journal<\/strong> de ses recettes et d\u00e9penses journali\u00e8res. Il doit garder tous les justificatifs y aff\u00e9rent.<\/p>\n<h3>Comment faire une cessation ou un changement d&rsquo;activit\u00e9 auto entrepreneur ?<\/h3>\n<p>Pour changer son activit\u00e9 en tant qu&rsquo;auto entrepreneur, il faut envoyer le formulaire <a href=\"https:\/\/www.infogreffe.fr\/documents\/10179\/21271\/Formulaire+P2+P4+micro-entrepreneur\/8f1474fa-e648-4dfb-9614-3be09f523044\">P2-P4<\/a> au CFE, ou effectuer la modification en ligne sur le <a href=\"https:\/\/www.cfe.urssaf.fr\/autoentrepreneur\/CFE_Declaration\">site de l&rsquo;Urssaf<\/a>. Pour ajouter une activit\u00e9 \u00e0 son auto entreprise, il faut indiquer cet ajout et le nom de la nouvelle activit\u00e9 dans l&rsquo;onglet \u00ab\u00a0Observations\u00a0\u00bb du formulaire.<\/p>\n<p>La <a href=\"https:\/\/blog.legalvision.fr\/2019\/04\/01\/cessation-d-activite-auto-entrepreneur-en-48h\/\">cessation d&rsquo;activit\u00e9 auto entrepreneur<\/a> suit la m\u00eame proc\u00e9dure. Elle peut \u00eatre faite en ligne <a href=\"https:\/\/www.cfe.urssaf.fr\/autoentrepreneur\/CFE_Declaration\">ici<\/a>.<\/p>\n<p>Par ailleurs, lorsque votre activit\u00e9 grandit et que vous d\u00e9passez les plafonds de CA, il peut \u00eatre int\u00e9ressant de <a href=\"https:\/\/www.legalvision.fr\/creation-dentreprise\/passer-auto-entrepreneur-societe\/\">passer de l&rsquo;auto entreprise au statut juridique de soci\u00e9t\u00e9<\/a>.<\/p>\n<h2 id=\"III\">Le r\u00e9gime fiscal de l&rsquo;auto entrepreneur<\/h2>\n<h3>Quel est le\u00a0taux charges\u00a0auto entrepreneur 2019 ?<\/h3>\n<p>L&rsquo;auto entrepreneur est impos\u00e9 \u00e0 l&rsquo;imp\u00f4t sur le revenu (IR). Les commer\u00e7ants et artisans sont impos\u00e9s au r\u00e9gime <strong>micro-BIC<\/strong> (b\u00e9n\u00e9fices industriels et commerciaux) ; les professions lib\u00e9rales sont au r\u00e9gime <a href=\"https:\/\/blog.legalvision.fr\/2018\/09\/16\/micro-bnc\/\"><strong>micro-BNC<\/strong><\/a> (b\u00e9n\u00e9fices non-commerciaux).<\/p>\n<p>En termes de <strong>d\u00e9claration imp\u00f4t auto entrepreneur<\/strong>,\u00a0il n&rsquo;a pas \u00e0 effectuer la d\u00e9claration professionnelle de b\u00e9n\u00e9fices normalement exig\u00e9e. Cependant, il doit remplir une d\u00e9claration compl\u00e9mentaire de revenu (n\u00ba2042-C Pro) \u00e0 transmettre au service des imp\u00f4ts.<\/p>\n<p>La base d&rsquo;imposition de l&rsquo;auto-entrepreneur est son <strong>b\u00e9n\u00e9fice net<\/strong>. Ainsi, si <strong>aucun chiffre d&rsquo;affaires n&rsquo;est r\u00e9alis\u00e9, l&rsquo;auto entrepreneur n&rsquo;a pas d&rsquo;imp\u00f4t sur le revenu \u00e0 payer<\/strong>.<\/p>\n<p>Toutefois, un<strong> abattement forfaitaire pour frais professionnels<\/strong> est appliqu\u00e9. Cet abattement est de :<\/p>\n<ul>\n<li>\n<strong>71 %<\/strong> pour les <strong>activit\u00e9s de vente et d&rsquo;h\u00e9bergement<\/strong> ;<\/li>\n<li>\n<strong>50 %<\/strong> pour les <strong>prestations de service<\/strong> ;<\/li>\n<li>\n<strong>34%<\/strong> pour les <strong>b\u00e9n\u00e9fices non commerciaux<\/strong> (BNC) : professions lib\u00e9rales par exemple.<\/li>\n<\/ul>\n<p>Ce forfait englobe toutes les charges d&rsquo;exploitation, telles que les salaires ou les loyers ou les charges sociales. Le plancher d&rsquo;abattement est de <strong>305 euros<\/strong>. Cet abattement forfaitaire implique que l&rsquo;auto entrepreneur ne peut pas d\u00e9duire ses charges du chiffre d&rsquo;affaires.<\/p>\n<p>Cependant, il est possible d&rsquo;opter pour le <strong>r\u00e9gime r\u00e9el d&rsquo;imposition<\/strong>. Cet option permet, au lieu d&rsquo;appliquer l&rsquo;abattement forfaitaire, de d\u00e9duire les charges r\u00e9elles de l&rsquo;auto entreprise. L&rsquo;option vaut pour un an et est reconduite tacitement pour un an suppl\u00e9mentaire tant que l&rsquo;on reste sous les plafonds d&rsquo;auto entreprise.<\/p>\n<p>Ensuite, le b\u00e9n\u00e9fice sera impos\u00e9 au <strong>bar\u00e8me progressif de l&rsquo;imp\u00f4t sur le revenu<\/strong>.\u00a0Notez que depuis le 1er janvier 2019, le <strong>pr\u00e9l\u00e8vement \u00e0 la source de l&rsquo;imp\u00f4t <\/strong>est applicable. Cela signifie que l&rsquo;imp\u00f4t \u00e0\u00a0la source auto entrepreneur est vers\u00e9 sous forme d&rsquo;acomptes mensuels ou trimestriels. Il est calcul\u00e9 selon le dernier CA annuel connu.<\/p>\n<h5><em>Auto entrepreneur : imp\u00f4t lib\u00e9ratoire<\/em><\/h5>\n<p>N\u00e9anmoins, il est \u00e9galement possible d&rsquo;opter pour le <a href=\"https:\/\/www.legifrance.gouv.fr\/affichCode.do?idArticle=LEGIARTI000030157199&amp;idSectionTA=LEGISCTA000022850373&amp;cidTexte=LEGITEXT000006069577\"><strong>versement lib\u00e9ratoire de l&rsquo;IR<\/strong><\/a>.\u00a0Cela signifie que l&rsquo;IR est pay\u00e9 chaque mois ou trimestre en m\u00eame temps que les cotisations sociales. Le montant d&rsquo;imp\u00f4t est calcul\u00e9 en pourcentage du chiffre d&rsquo;affaires :<\/p>\n<ul>\n<li>\n<strong>1%<\/strong> pour les <strong>activit\u00e9s de vente et d&rsquo;h\u00e9bergement<\/strong> ;<\/li>\n<li>\n<strong>1,7%<\/strong> pour les <strong>prestations de service<\/strong> ;<\/li>\n<li>\n<strong>2,2%<\/strong> pour les <strong>professions lib\u00e9rales<\/strong> (BNC).<\/li>\n<\/ul>\n<p>Le versement lib\u00e9ratoire est uniquement ouvert si le revenu fiscal de r\u00e9f\u00e9rence de l&rsquo;auto entrepreneur est inf\u00e9rieur \u00e0 certains seuils. Ainsi, si on opte au titre de l&rsquo;ann\u00e9e 2019, le seuil est de\u00a0<strong>27 086\u00a0euros par part de quotient familial<\/strong>. L&rsquo;option doit \u00eatre demand\u00e9e aupr\u00e8s des organismes de s\u00e9curit\u00e9 sociale dans les 3 mois du d\u00e9but d&rsquo;activit\u00e9, ou avant le 30 septembre pour l&rsquo;obtenir pour l&rsquo;ann\u00e9e suivante.<\/p>\n<h3>La franchise de TVA pour les auto entrepreneurs<\/h3>\n<p>Les entrepreneurs b\u00e9n\u00e9ficiant du r\u00e9gime de la micro-entreprise ont droit \u00e0 une <strong>franchise de TVA,<\/strong> dans la mesure o\u00f9 leur chiffre d&rsquo;affaires annuel hors taxes de l&rsquo;ann\u00e9e civile pr\u00e9c\u00e9dente reste en-de\u00e7\u00e0 du\u00a0<strong>seuil TVA auto entrepreneur<\/strong>. Ainsi, le plafond TVA auto entrepreneur est de :<\/p>\n<ul>\n<li>\u00a0<strong>33 200 euros<\/strong> pour les <strong>prestations de service<\/strong>\u00a0et <strong>les professions lib\u00e9rales<\/strong> ;<\/li>\n<li>\n<strong>82 800 euros<\/strong> pour les <strong>activit\u00e9s commerciales et d&rsquo;h\u00e9bergement<\/strong>.<\/li>\n<\/ul>\n<p><strong>Que signifie la franchise de TVA ?<\/strong> L&rsquo;auto entrepreneur ne facturera pas la TVA sur son activit\u00e9 au consommateur final. Cependant, il ne pourra pas non plus faire de r\u00e9cup\u00e9ration de la TVA qu&rsquo;il a d\u00e9bours\u00e9e pour les achats en amont lui permettant d&rsquo;exercer son activit\u00e9.<\/p>\n<p><strong>Comment faire une\u00a0d\u00e9claration\u00a0TVA auto entrepreneur ?<\/strong> Lorsque l&rsquo;auto entrepreneur b\u00e9n\u00e9ficie de la franchise de TVA, il doit indiquer sur sa facture la mention suivante : \u00ab TVA non applicable, <a href=\"https:\/\/www.legifrance.gouv.fr\/affichCodeArticle.do?cidTexte=LEGITEXT000006069577&amp;idArticle=LEGIARTI000021645089\">article 293B du CGI<\/a> \u00bb. De plus, ses factures indiquent toujours le montant HT de la prestation.<\/p>\n<p>En outre, tant qu&rsquo;il effectue des op\u00e9rations sur le territoire national, il n&rsquo;a pas <strong>besoin d&rsquo;obtenir de num\u00e9ro de TVA<\/strong>, et n&rsquo;a <strong>pas de d\u00e9claration de TVA<\/strong> \u00e0 faire.<\/p>\n<p>Si l&rsquo;auto entrepreneur <strong>d\u00e9passe les plafonds de chiffre d&rsquo;affaires<\/strong>, il devra facturer la TVA \u00e0 ses clients, et pourra <a href=\"https:\/\/blog.legalvision.fr\/2018\/02\/16\/tva-collectee-deductible-ca-marche\/\">r\u00e9cup\u00e9rer la TVA<\/a> d\u00e9bours\u00e9e aupr\u00e8s des fournisseurs. Les formalit\u00e9s en rapport avec la TVA seront donc alourdies. Tant qu&rsquo;il reste sous les plafonds de la micro-entreprise, il aura quand m\u00eame les autres avantages du r\u00e9gime micro-fiscal.<\/p>\n<h5><em><strong>Quel est le r\u00e9gime de\u00a0TVA intracommunautaire auto entrepreneur ?<\/strong> <\/em><\/h5>\n<p>Il est n\u00e9cessaire d&rsquo;obtenir un <strong>num\u00e9ro de TVA communautaire<\/strong> pour les op\u00e9rations suivantes r\u00e9alis\u00e9es avec\u00a0une personne situ\u00e9e dans l&rsquo;Union europ\u00e9enne :<\/p>\n<ul>\n<li>l&rsquo;achat ou la vente de biens pour une valeur sup\u00e9rieure \u00e0 <strong>10 000 euros<\/strong> par an ;<\/li>\n<li>la fourniture ou l&rsquo;achat de prestations de service.<\/li>\n<\/ul>\n<p>Pour l&rsquo;achat\/vente de marchandise, m\u00eame en dessous du seuil, l&rsquo;auto entrepreneur peut opter pour le paiement de la TVA intracommunautaire.<\/p>\n<p>L&rsquo;auto entrepreneur doit alors accomplir plusieurs formalit\u00e9s comme demander un num\u00e9ro de TVA intracommunautaire au Service des Imp\u00f4ts des Entreprises (SIE) comp\u00e9tent et faire une <a href=\"https:\/\/www.impots.gouv.fr\/portail\/formulaire\/3310-ca3-sd\/tva-et-taxes-assimilees-regime-du-reel-normal-mini-reel\">d\u00e9claration de TVA<\/a>.<\/p>\n<p>Lorsque la TVA intracommunautaire est applicable, les factures du vendeur ou prestataire de services europ\u00e9en est \u00e9mise HT et l&rsquo;auto entrepreneur fran\u00e7ais doit payer la TVA au taux fran\u00e7ais. De plus, la TVA ainsi pay\u00e9e n&rsquo;est pas d\u00e9ductible.<\/p>\n<p>Par ailleurs, l&rsquo;auto entrepreneur fran\u00e7ais indique sur ses factures \u00e9mises \u00e0 destination de ses cocontractants europ\u00e9ens la mention suivante : \u201cexon\u00e9ration de TVA, article ter 262 du CGI\u201d.<\/p>\n<h3>Cotisation fonci\u00e8re des entreprises auto entrepreneur<\/h3>\n<p>La cotisation fonci\u00e8re des entreprises (CFE) est une taxe applicable \u00e0 toutes les entreprises. Elle est calcul\u00e9e selon la valeur locative des biens immobiliers utilis\u00e9s par l&rsquo;entreprise.<\/p>\n<p>La CFE est applicable aux entreprises existant au 1er janvier de l&rsquo;ann\u00e9e. Par cons\u00e9quent, les auto entreprises cr\u00e9\u00e9es en cours d&rsquo;ann\u00e9e sont exon\u00e9r\u00e9es de CFE pour l&rsquo;ann\u00e9e de leur cr\u00e9ation. Cependant, il faut envoyer une d\u00e9claration initiale (<a href=\"https:\/\/www.impots.gouv.fr\/portail\/node\/8830\">1447-C-SD<\/a>) avant le 31 d\u00e9cembre de l&rsquo;ann\u00e9e de d\u00e9but d&rsquo;activit\u00e9 pour obtenir l&rsquo;exon\u00e9ration CFE\u00a0auto entrepreneur 2019.<\/p>\n<p>De plus, certaines activit\u00e9s, comme celle d&rsquo;artisan, permettent d&rsquo;\u00eatre toujours exon\u00e9r\u00e9 de CFE.<\/p>\n<p>Enfin, depuis le 1er janvier 2019, il existe une exon\u00e9ration de CFE en cas de chiffre d&rsquo;affaires inf\u00e9rieur \u00e0 <a href=\"https:\/\/www.legifrance.gouv.fr\/affichCodeArticle.do?cidTexte=LEGITEXT000006069577&amp;idArticle=LEGIARTI000036432138&amp;dateTexte=&amp;categorieLien=id\">5 000 euros<\/a>.<\/p>\n<h2 id=\"IV\">Le r\u00e9gime social de l&rsquo;auto entrepreneur<\/h2>\n<h3>Le r\u00e9gime micro-social<\/h3>\n<p>Le r\u00e9gime micro-social permet de payer un <strong>taux fixe de cotisations sociales<\/strong> sur le chiffre d&rsquo;affaires r\u00e9alis\u00e9. Les charges sociales\u00a0auto entrepreneur 2019 s&rsquo;\u00e9l\u00e8vent donc \u00e0 :<\/p>\n<ul>\n<li>\n<strong>22%<\/strong> pour les <strong>prestations de service<\/strong> et les <strong>professions lib\u00e9rales<\/strong> ;<\/li>\n<li>\n<strong>12,8%<\/strong> pour les <strong>activit\u00e9s de vente et d&rsquo;h\u00e9bergement<\/strong> ;<\/li>\n<li>\n<strong>6%<\/strong> pour la <strong>location de meubl\u00e9s de tourisme class\u00e9s<\/strong>.<\/li>\n<\/ul>\n<p>Les cotisations sociales sont pay\u00e9es mensuellement ou trimestriellement. En l&rsquo;absence de chiffre d&rsquo;affaires r\u00e9alis\u00e9, l&rsquo;auto entrepreneur ne paie aucune cotisation sociale.<\/p>\n<p>Ce taux couvre les cotisations de l&rsquo;assurance maladie, maternit\u00e9, invalidit\u00e9, d\u00e9c\u00e8s, de la retraite de base et compl\u00e9mentaire obligatoire, de la CSG-CRDS et des allocations familiales. L&rsquo;auto entrepreneur b\u00e9n\u00e9ficie donc de la <strong>protection sociale<\/strong> correspondante.<\/p>\n<p>Par ailleurs, les <a href=\"https:\/\/blog.legalvision.fr\/2018\/02\/08\/micro-entrepreneur\/\">micro entrepreneurs<\/a> doivent s&rsquo;acquitter en suppl\u00e9ment de la <strong>contribution \u00e0 la formation professionnelle<\/strong>. Ils ont ainsi droit \u00e0 la formation professionnelle. Le taux de cette cotisation est appliqu\u00e9 chaque mois ou trimestre au chiffre d&rsquo;affaires. Il d\u00e9pend de l&rsquo;activit\u00e9 de l&rsquo;auto entreprise :<\/p>\n<ul>\n<li>0,1% pour les commer\u00e7ants et professions lib\u00e9rales non r\u00e9glement\u00e9es ;<\/li>\n<li>0,2% pour les professions lib\u00e9rales r\u00e9glement\u00e9es ;<\/li>\n<li>0,3% pour les artisans.<\/li>\n<\/ul>\n<h3>L&rsquo;aide aux repreneurs et cr\u00e9ateurs d&rsquo;entreprise (ACRE)<\/h3>\n<p>L&rsquo;<strong>ACRE<\/strong> (anciennement appel\u00e9e ACCRE) est une <strong>exon\u00e9ration de cotisations sociales<\/strong>. Toutefois, l&rsquo;exon\u00e9ration porte uniquement sur les cotisations des assurances maladie, maternit\u00e9, invalidit\u00e9, d\u00e9c\u00e8s, la retraite de base et les allocations familiales.<\/p>\n<p>Le taux d&rsquo;exon\u00e9ration d\u00e9pend du revenu professionnel de l&rsquo;auto entrepreneur. Les taux sont calcul\u00e9s en pourcentage du plafond annuel de la s\u00e9curit\u00e9 sociale. Ainsi, pour 2019, l&rsquo;exon\u00e9ration est :<\/p>\n<ul>\n<li>\n<strong>totale<\/strong> en cas de revenu inf\u00e9rieur \u00e0 30 393 euros ;<\/li>\n<li>\n<strong>partielle<\/strong> et d\u00e9gressive en cas de revenu entre 30 393 euros et 40 524 euros.<\/li>\n<\/ul>\n<p>Si le chiffre d&rsquo;affaires annuel de l&rsquo;auto entreprise<strong> d\u00e9passe 40 524 euros, l&rsquo;exon\u00e9ration ne s&rsquo;applique pas<\/strong>.<\/p>\n<p>L&rsquo;ACRE permet une exon\u00e9ration les <strong>12 premiers mois d&rsquo;activit\u00e9<\/strong>. Pour les auto entrepreneurs, elle est <strong>prolong\u00e9e pendant 24 mois<\/strong>. Dans ce cas, l&rsquo;auto entrepreneur a :<\/p>\n<ul>\n<li>100% de l&rsquo;exon\u00e9ration la 1\u00e8re ann\u00e9e,<\/li>\n<li>2\/3 de l&rsquo;exon\u00e9ration la 2\u00e8me ann\u00e9e, et<\/li>\n<li>1\/3 de l&rsquo;exon\u00e9ration la 3\u00e8me ann\u00e9e.<\/li>\n<\/ul>\n<p>N\u00e9anmoins, il faut noter que l&rsquo;ACRE n&rsquo;est accord\u00e9e que si l&rsquo;auto entrepreneur n&rsquo;en a <strong>pas d\u00e9j\u00e0 b\u00e9n\u00e9fici\u00e9 au cours des 3 ann\u00e9es pr\u00e9c\u00e9dentes<\/strong>. Pour les micro entreprises cr\u00e9\u00e9es \u00e0 compter du 1er janvier 2019, les 3 ans sont d\u00e9compt\u00e9s \u00e0 partir de la cessation du dernier b\u00e9n\u00e9fice de l&rsquo;exon\u00e9ration.<\/p>\n<p>Enfin, pour les auto entreprises cr\u00e9\u00e9es avant le 1er janvier 2019, le b\u00e9n\u00e9fice de l&rsquo;ACRE \u00e9tait soumis \u00e0 des conditions. Par exemple, l&rsquo;entrepreneur devait \u00eatre demandeur d&#8217;emploi ou encore au RSA. D\u00e9sormais, le <a href=\"https:\/\/blog.legalvision.fr\/2018\/02\/01\/extension-du-dispositif-accre\/\">dispositif ACRE a \u00e9t\u00e9 \u00e9tendu<\/a> et <strong>toute micro entreprise cr\u00e9\u00e9e apr\u00e8s le 1er janvier 2019 y a droit<\/strong>.<\/p>\n<h3>Auto entrepreneur et prime d&rsquo;activit\u00e9<\/h3>\n<p>Les auto entrepreneurs peuvent toucher la <a href=\"https:\/\/blog.legalvision.fr\/2018\/12\/31\/prime-d-activite-simulateur\/\">prime d&rsquo;activit\u00e9<\/a>\u00a0en tant que travailleurs ind\u00e9pendants. Pour les travailleurs fran\u00e7ais, pour obtenir la\u00a0prime d&rsquo;activit\u00e9 auto entrepreneur, il faut avoir plus de 18 ans et r\u00e9sider en France de mani\u00e8re stable et effective. Des conditions sp\u00e9cifiques sont exig\u00e9es pour les travailleurs \u00e9trangers.<\/p>\n<p>La prime d&rsquo;activit\u00e9 est\u00a0calcul\u00e9e <strong>en fonction des ressources et de la composition du foyer<\/strong>. De plus, un <a href=\"https:\/\/www.legifrance.gouv.fr\/eli\/decret\/2018\/12\/21\/SSAA1835012D\/jo\/texte\">d\u00e9cret<\/a>\u00a0a revaloris\u00e9 le montant de la prime d&rsquo;activit\u00e9 \u00e0 compter du versement de f\u00e9vrier 2019.<\/p>\n<p>Elle\u00a0doit \u00eatre <strong>demand\u00e9e en ligne<\/strong> sur le <a href=\"https:\/\/wwwd.caf.fr\/wps\/portal\/caffr\/aidesetservices\/lesservicesenligne\/faireunedemandedeprestation\/demanderlaprimedactivite\/\">site de la CAF<\/a>. Il faut penser \u00e0 d\u00e9clarer tous les 3 mois le chiffre d&rsquo;affaires trimestriel, diminu\u00e9 de l&rsquo;abattement forfaitaire pour frais, afin de continuer \u00e0 percevoir cette aide.<\/p>\n<p>Maintenant, vous avez toutes les cl\u00e9s en main pour vous lancer dans l&rsquo;aventure de l&rsquo;auto-entrepreneuriat !<\/p>\n<p>\u00a0<\/p>\n<p>\u00a0<\/p>\n<p>\u00a0<\/p>\n<p><\/p>\n<div class=\"wp-block-button\" style=\"text-align:center;\"><a class=\"wp-block-button__link has-background\" href=\"https:\/\/www.legalvision.fr\/creation-dentreprise\/statut-auto-entrepreneur\/\">Commencer les d\u00e9marches pour mon auto-entreprise<\/a><\/div>\n","protected":false},"excerpt":{"rendered":"<p>LegalVision vous propose un guide complet pour savoir comment devenir auto entrepreneur en 2019. Le statut d&rsquo;auto entreprise\u00a0est extr\u00eamement pris\u00e9 des entrepreneurs\u00a0depuis 10 ans.\u00a0En effet, ce statut permet d&rsquo;avoir des formalit\u00e9s juridiques et une comptabilit\u00e9 simplifi\u00e9es, ainsi qu&rsquo;un statut fiscal et social avantageux.\u00a0Le\u00a0nouveau statut auto entrepreneur est id\u00e9al pour encadrer une activit\u00e9 de petite taille.&hellip; <a class=\"more-link\" href=\"https:\/\/www.legalvision.fr\/guides-juridiques\/auto-entrepreneur\/devenir-auto-entrepreneur-en-2019-tous-les-conseils-des-experts\/\">Poursuivre la lecture <span class=\"screen-reader-text\">Toutes les cl\u00e9s pour devenir auto entrepreneur en 2019<\/span><\/a><\/p>\n","protected":false},"author":32,"featured_media":22958,"comment_status":"open","ping_status":"open","sticky":false,"template":"","format":"standard","meta":{"content-type":"","inline_featured_image":false,"footnotes":""},"categories":[2477],"tags":[],"class_list":["post-12293","post","type-post","status-publish","format-standard","has-post-thumbnail","hentry","category-auto-entrepreneur","entry"],"yoast_head":"<!-- This site is optimized with the Yoast SEO plugin v27.1.1 - https:\/\/yoast.com\/product\/yoast-seo-wordpress\/ -->\n<title>Auto entrepreneur en 2019 : est-ce un statut r\u00e9ellement avantageux ?<\/title>\n<meta name=\"description\" content=\"Comment devenir auto entrepreneur en 2019 ? LegalVision vous explique toutes les d\u00e9marches juridiques, les charges sociales et les aides financi\u00e8res.\" \/>\n<meta name=\"robots\" content=\"index, follow, max-snippet:-1, max-image-preview:large, max-video-preview:-1\" \/>\n<link rel=\"canonical\" href=\"https:\/\/www.legalvision.fr\/guides-juridiques\/auto-entrepreneur\/devenir-auto-entrepreneur-en-2019-tous-les-conseils-des-experts\/\" \/>\n<meta property=\"og:locale\" content=\"fr_FR\" \/>\n<meta property=\"og:type\" content=\"article\" \/>\n<meta property=\"og:title\" content=\"Auto entrepreneur en 2019 : est-ce un statut r\u00e9ellement avantageux ?\" \/>\n<meta property=\"og:description\" content=\"Comment devenir auto entrepreneur en 2019 ? LegalVision vous explique toutes les d\u00e9marches juridiques, les charges sociales et les aides financi\u00e8res.\" \/>\n<meta property=\"og:url\" content=\"https:\/\/www.legalvision.fr\/guides-juridiques\/auto-entrepreneur\/devenir-auto-entrepreneur-en-2019-tous-les-conseils-des-experts\/\" \/>\n<meta property=\"og:site_name\" content=\"Guides juridiques\" \/>\n<meta property=\"article:published_time\" content=\"2019-03-26T06:30:02+00:00\" \/>\n<meta property=\"article:modified_time\" content=\"2022-03-27T19:20:59+00:00\" \/>\n<meta property=\"og:image\" content=\"https:\/\/www.legalvision.fr\/guides-juridiques\/wp-content\/uploads\/2019\/03\/auto-entrepreneur.jpg\" \/>\n\t<meta property=\"og:image:width\" content=\"958\" \/>\n\t<meta property=\"og:image:height\" content=\"350\" \/>\n\t<meta property=\"og:image:type\" content=\"image\/jpeg\" \/>\n<meta name=\"author\" content=\"Anna Vandoeuvre\" \/>\n<meta name=\"twitter:card\" content=\"summary_large_image\" \/>\n<meta name=\"twitter:label1\" content=\"\u00c9crit par\" \/>\n\t<meta name=\"twitter:data1\" content=\"Anna Vandoeuvre\" \/>\n\t<meta name=\"twitter:label2\" content=\"Dur\u00e9e de lecture estim\u00e9e\" \/>\n\t<meta name=\"twitter:data2\" content=\"15 minutes\" \/>\n<script type=\"application\/ld+json\" class=\"yoast-schema-graph\">{\"@context\":\"https:\/\/schema.org\",\"@graph\":[{\"@type\":\"Article\",\"@id\":\"https:\/\/www.legalvision.fr\/guides-juridiques\/auto-entrepreneur\/devenir-auto-entrepreneur-en-2019-tous-les-conseils-des-experts\/#article\",\"isPartOf\":{\"@id\":\"https:\/\/www.legalvision.fr\/guides-juridiques\/auto-entrepreneur\/devenir-auto-entrepreneur-en-2019-tous-les-conseils-des-experts\/\"},\"author\":{\"name\":\"Anna Vandoeuvre\",\"@id\":\"https:\/\/www.legalvision.fr\/guides-juridiques\/#\/schema\/person\/1c21f1bfa7dd3dc828b37599170a5d6e\"},\"headline\":\"Toutes les cl\u00e9s pour devenir auto entrepreneur en 2019\",\"datePublished\":\"2019-03-26T06:30:02+00:00\",\"dateModified\":\"2022-03-27T19:20:59+00:00\",\"mainEntityOfPage\":{\"@id\":\"https:\/\/www.legalvision.fr\/guides-juridiques\/auto-entrepreneur\/devenir-auto-entrepreneur-en-2019-tous-les-conseils-des-experts\/\"},\"wordCount\":3278,\"commentCount\":0,\"publisher\":{\"@id\":\"https:\/\/www.legalvision.fr\/guides-juridiques\/#organization\"},\"image\":{\"@id\":\"https:\/\/www.legalvision.fr\/guides-juridiques\/auto-entrepreneur\/devenir-auto-entrepreneur-en-2019-tous-les-conseils-des-experts\/#primaryimage\"},\"thumbnailUrl\":\"https:\/\/www.legalvision.fr\/guides-juridiques\/wp-content\/uploads\/2019\/03\/auto-entrepreneur.jpg\",\"articleSection\":[\"Auto-entrepreneur\"],\"inLanguage\":\"fr-FR\",\"potentialAction\":[{\"@type\":\"CommentAction\",\"name\":\"Comment\",\"target\":[\"https:\/\/www.legalvision.fr\/guides-juridiques\/auto-entrepreneur\/devenir-auto-entrepreneur-en-2019-tous-les-conseils-des-experts\/#respond\"]}]},{\"@type\":\"WebPage\",\"@id\":\"https:\/\/www.legalvision.fr\/guides-juridiques\/auto-entrepreneur\/devenir-auto-entrepreneur-en-2019-tous-les-conseils-des-experts\/\",\"url\":\"https:\/\/www.legalvision.fr\/guides-juridiques\/auto-entrepreneur\/devenir-auto-entrepreneur-en-2019-tous-les-conseils-des-experts\/\",\"name\":\"Auto entrepreneur en 2019 : est-ce un statut r\u00e9ellement avantageux ?\",\"isPartOf\":{\"@id\":\"https:\/\/www.legalvision.fr\/guides-juridiques\/#website\"},\"primaryImageOfPage\":{\"@id\":\"https:\/\/www.legalvision.fr\/guides-juridiques\/auto-entrepreneur\/devenir-auto-entrepreneur-en-2019-tous-les-conseils-des-experts\/#primaryimage\"},\"image\":{\"@id\":\"https:\/\/www.legalvision.fr\/guides-juridiques\/auto-entrepreneur\/devenir-auto-entrepreneur-en-2019-tous-les-conseils-des-experts\/#primaryimage\"},\"thumbnailUrl\":\"https:\/\/www.legalvision.fr\/guides-juridiques\/wp-content\/uploads\/2019\/03\/auto-entrepreneur.jpg\",\"datePublished\":\"2019-03-26T06:30:02+00:00\",\"dateModified\":\"2022-03-27T19:20:59+00:00\",\"description\":\"Comment devenir auto entrepreneur en 2019 ? LegalVision vous explique toutes les d\u00e9marches juridiques, les charges sociales et les aides financi\u00e8res.\",\"breadcrumb\":{\"@id\":\"https:\/\/www.legalvision.fr\/guides-juridiques\/auto-entrepreneur\/devenir-auto-entrepreneur-en-2019-tous-les-conseils-des-experts\/#breadcrumb\"},\"inLanguage\":\"fr-FR\",\"potentialAction\":[{\"@type\":\"ReadAction\",\"target\":[\"https:\/\/www.legalvision.fr\/guides-juridiques\/auto-entrepreneur\/devenir-auto-entrepreneur-en-2019-tous-les-conseils-des-experts\/\"]}]},{\"@type\":\"ImageObject\",\"inLanguage\":\"fr-FR\",\"@id\":\"https:\/\/www.legalvision.fr\/guides-juridiques\/auto-entrepreneur\/devenir-auto-entrepreneur-en-2019-tous-les-conseils-des-experts\/#primaryimage\",\"url\":\"https:\/\/www.legalvision.fr\/guides-juridiques\/wp-content\/uploads\/2019\/03\/auto-entrepreneur.jpg\",\"contentUrl\":\"https:\/\/www.legalvision.fr\/guides-juridiques\/wp-content\/uploads\/2019\/03\/auto-entrepreneur.jpg\",\"width\":958,\"height\":350,\"caption\":\"auto entrepreneur\"},{\"@type\":\"BreadcrumbList\",\"@id\":\"https:\/\/www.legalvision.fr\/guides-juridiques\/auto-entrepreneur\/devenir-auto-entrepreneur-en-2019-tous-les-conseils-des-experts\/#breadcrumb\",\"itemListElement\":[{\"@type\":\"ListItem\",\"position\":1,\"name\":\"Accueil\",\"item\":\"https:\/\/www.legalvision.fr\/guides-juridiques\/\"},{\"@type\":\"ListItem\",\"position\":2,\"name\":\"Auto-entrepreneur\",\"item\":\"https:\/\/www.legalvision.fr\/guides-juridiques\/auto-entrepreneur\/\"},{\"@type\":\"ListItem\",\"position\":3,\"name\":\"Toutes les cl\u00e9s pour devenir auto entrepreneur en 2019\"}]},{\"@type\":\"WebSite\",\"@id\":\"https:\/\/www.legalvision.fr\/guides-juridiques\/#website\",\"url\":\"https:\/\/www.legalvision.fr\/guides-juridiques\/\",\"name\":\"Guides juridiques\",\"description\":\"L&#039;information juridique \u00e0 destination des entreprises et TPE\",\"publisher\":{\"@id\":\"https:\/\/www.legalvision.fr\/guides-juridiques\/#organization\"},\"potentialAction\":[{\"@type\":\"SearchAction\",\"target\":{\"@type\":\"EntryPoint\",\"urlTemplate\":\"https:\/\/www.legalvision.fr\/guides-juridiques\/?s={search_term_string}\"},\"query-input\":{\"@type\":\"PropertyValueSpecification\",\"valueRequired\":true,\"valueName\":\"search_term_string\"}}],\"inLanguage\":\"fr-FR\"},{\"@type\":\"Organization\",\"@id\":\"https:\/\/www.legalvision.fr\/guides-juridiques\/#organization\",\"name\":\"Guides juridiques\",\"url\":\"https:\/\/www.legalvision.fr\/guides-juridiques\/\",\"logo\":{\"@type\":\"ImageObject\",\"inLanguage\":\"fr-FR\",\"@id\":\"https:\/\/www.legalvision.fr\/guides-juridiques\/#\/schema\/logo\/image\/\",\"url\":\"https:\/\/www.legalvision.fr\/guides-juridiques\/wp-content\/uploads\/2022\/10\/LV-Logotype.png\",\"contentUrl\":\"https:\/\/www.legalvision.fr\/guides-juridiques\/wp-content\/uploads\/2022\/10\/LV-Logotype.png\",\"width\":647,\"height\":125,\"caption\":\"Guides juridiques\"},\"image\":{\"@id\":\"https:\/\/www.legalvision.fr\/guides-juridiques\/#\/schema\/logo\/image\/\"}},{\"@type\":\"Person\",\"@id\":\"https:\/\/www.legalvision.fr\/guides-juridiques\/#\/schema\/person\/1c21f1bfa7dd3dc828b37599170a5d6e\",\"name\":\"Anna Vandoeuvre\",\"image\":{\"@type\":\"ImageObject\",\"inLanguage\":\"fr-FR\",\"@id\":\"https:\/\/www.legalvision.fr\/guides-juridiques\/#\/schema\/person\/image\/\",\"url\":\"https:\/\/www.legalvision.fr\/guides-juridiques\/wp-content\/uploads\/2023\/07\/cropped-femme2-96x96.png\",\"contentUrl\":\"https:\/\/www.legalvision.fr\/guides-juridiques\/wp-content\/uploads\/2023\/07\/cropped-femme2-96x96.png\",\"caption\":\"Anna Vandoeuvre\"},\"description\":\"Je suis juriste au sein de LegalVision. \u00c9l\u00e8ve-avocate et titulaire d'un M2 en droit \u00e9conomique, je m'int\u00e9resse tout particuli\u00e8rement au droit social.\",\"url\":\"https:\/\/www.legalvision.fr\/guides-juridiques\/author\/anna-valdebouze\/\"}]}<\/script>\n<!-- \/ Yoast SEO plugin. -->","yoast_head_json":{"title":"Auto entrepreneur en 2019 : est-ce un statut r\u00e9ellement avantageux ?","description":"Comment devenir auto entrepreneur en 2019 ? LegalVision vous explique toutes les d\u00e9marches juridiques, les charges sociales et les aides financi\u00e8res.","robots":{"index":"index","follow":"follow","max-snippet":"max-snippet:-1","max-image-preview":"max-image-preview:large","max-video-preview":"max-video-preview:-1"},"canonical":"https:\/\/www.legalvision.fr\/guides-juridiques\/auto-entrepreneur\/devenir-auto-entrepreneur-en-2019-tous-les-conseils-des-experts\/","og_locale":"fr_FR","og_type":"article","og_title":"Auto entrepreneur en 2019 : est-ce un statut r\u00e9ellement avantageux ?","og_description":"Comment devenir auto entrepreneur en 2019 ? LegalVision vous explique toutes les d\u00e9marches juridiques, les charges sociales et les aides financi\u00e8res.","og_url":"https:\/\/www.legalvision.fr\/guides-juridiques\/auto-entrepreneur\/devenir-auto-entrepreneur-en-2019-tous-les-conseils-des-experts\/","og_site_name":"Guides juridiques","article_published_time":"2019-03-26T06:30:02+00:00","article_modified_time":"2022-03-27T19:20:59+00:00","og_image":[{"width":958,"height":350,"url":"https:\/\/www.legalvision.fr\/guides-juridiques\/wp-content\/uploads\/2019\/03\/auto-entrepreneur.jpg","type":"image\/jpeg"}],"author":"Anna Vandoeuvre","twitter_card":"summary_large_image","twitter_misc":{"\u00c9crit par":"Anna Vandoeuvre","Dur\u00e9e de lecture estim\u00e9e":"15 minutes"},"schema":{"@context":"https:\/\/schema.org","@graph":[{"@type":"Article","@id":"https:\/\/www.legalvision.fr\/guides-juridiques\/auto-entrepreneur\/devenir-auto-entrepreneur-en-2019-tous-les-conseils-des-experts\/#article","isPartOf":{"@id":"https:\/\/www.legalvision.fr\/guides-juridiques\/auto-entrepreneur\/devenir-auto-entrepreneur-en-2019-tous-les-conseils-des-experts\/"},"author":{"name":"Anna Vandoeuvre","@id":"https:\/\/www.legalvision.fr\/guides-juridiques\/#\/schema\/person\/1c21f1bfa7dd3dc828b37599170a5d6e"},"headline":"Toutes les cl\u00e9s pour devenir auto entrepreneur en 2019","datePublished":"2019-03-26T06:30:02+00:00","dateModified":"2022-03-27T19:20:59+00:00","mainEntityOfPage":{"@id":"https:\/\/www.legalvision.fr\/guides-juridiques\/auto-entrepreneur\/devenir-auto-entrepreneur-en-2019-tous-les-conseils-des-experts\/"},"wordCount":3278,"commentCount":0,"publisher":{"@id":"https:\/\/www.legalvision.fr\/guides-juridiques\/#organization"},"image":{"@id":"https:\/\/www.legalvision.fr\/guides-juridiques\/auto-entrepreneur\/devenir-auto-entrepreneur-en-2019-tous-les-conseils-des-experts\/#primaryimage"},"thumbnailUrl":"https:\/\/www.legalvision.fr\/guides-juridiques\/wp-content\/uploads\/2019\/03\/auto-entrepreneur.jpg","articleSection":["Auto-entrepreneur"],"inLanguage":"fr-FR","potentialAction":[{"@type":"CommentAction","name":"Comment","target":["https:\/\/www.legalvision.fr\/guides-juridiques\/auto-entrepreneur\/devenir-auto-entrepreneur-en-2019-tous-les-conseils-des-experts\/#respond"]}]},{"@type":"WebPage","@id":"https:\/\/www.legalvision.fr\/guides-juridiques\/auto-entrepreneur\/devenir-auto-entrepreneur-en-2019-tous-les-conseils-des-experts\/","url":"https:\/\/www.legalvision.fr\/guides-juridiques\/auto-entrepreneur\/devenir-auto-entrepreneur-en-2019-tous-les-conseils-des-experts\/","name":"Auto entrepreneur en 2019 : est-ce un statut r\u00e9ellement avantageux ?","isPartOf":{"@id":"https:\/\/www.legalvision.fr\/guides-juridiques\/#website"},"primaryImageOfPage":{"@id":"https:\/\/www.legalvision.fr\/guides-juridiques\/auto-entrepreneur\/devenir-auto-entrepreneur-en-2019-tous-les-conseils-des-experts\/#primaryimage"},"image":{"@id":"https:\/\/www.legalvision.fr\/guides-juridiques\/auto-entrepreneur\/devenir-auto-entrepreneur-en-2019-tous-les-conseils-des-experts\/#primaryimage"},"thumbnailUrl":"https:\/\/www.legalvision.fr\/guides-juridiques\/wp-content\/uploads\/2019\/03\/auto-entrepreneur.jpg","datePublished":"2019-03-26T06:30:02+00:00","dateModified":"2022-03-27T19:20:59+00:00","description":"Comment devenir auto entrepreneur en 2019 ? LegalVision vous explique toutes les d\u00e9marches juridiques, les charges sociales et les aides financi\u00e8res.","breadcrumb":{"@id":"https:\/\/www.legalvision.fr\/guides-juridiques\/auto-entrepreneur\/devenir-auto-entrepreneur-en-2019-tous-les-conseils-des-experts\/#breadcrumb"},"inLanguage":"fr-FR","potentialAction":[{"@type":"ReadAction","target":["https:\/\/www.legalvision.fr\/guides-juridiques\/auto-entrepreneur\/devenir-auto-entrepreneur-en-2019-tous-les-conseils-des-experts\/"]}]},{"@type":"ImageObject","inLanguage":"fr-FR","@id":"https:\/\/www.legalvision.fr\/guides-juridiques\/auto-entrepreneur\/devenir-auto-entrepreneur-en-2019-tous-les-conseils-des-experts\/#primaryimage","url":"https:\/\/www.legalvision.fr\/guides-juridiques\/wp-content\/uploads\/2019\/03\/auto-entrepreneur.jpg","contentUrl":"https:\/\/www.legalvision.fr\/guides-juridiques\/wp-content\/uploads\/2019\/03\/auto-entrepreneur.jpg","width":958,"height":350,"caption":"auto entrepreneur"},{"@type":"BreadcrumbList","@id":"https:\/\/www.legalvision.fr\/guides-juridiques\/auto-entrepreneur\/devenir-auto-entrepreneur-en-2019-tous-les-conseils-des-experts\/#breadcrumb","itemListElement":[{"@type":"ListItem","position":1,"name":"Accueil","item":"https:\/\/www.legalvision.fr\/guides-juridiques\/"},{"@type":"ListItem","position":2,"name":"Auto-entrepreneur","item":"https:\/\/www.legalvision.fr\/guides-juridiques\/auto-entrepreneur\/"},{"@type":"ListItem","position":3,"name":"Toutes les cl\u00e9s pour devenir auto entrepreneur en 2019"}]},{"@type":"WebSite","@id":"https:\/\/www.legalvision.fr\/guides-juridiques\/#website","url":"https:\/\/www.legalvision.fr\/guides-juridiques\/","name":"Guides juridiques","description":"L&#039;information juridique \u00e0 destination des entreprises et TPE","publisher":{"@id":"https:\/\/www.legalvision.fr\/guides-juridiques\/#organization"},"potentialAction":[{"@type":"SearchAction","target":{"@type":"EntryPoint","urlTemplate":"https:\/\/www.legalvision.fr\/guides-juridiques\/?s={search_term_string}"},"query-input":{"@type":"PropertyValueSpecification","valueRequired":true,"valueName":"search_term_string"}}],"inLanguage":"fr-FR"},{"@type":"Organization","@id":"https:\/\/www.legalvision.fr\/guides-juridiques\/#organization","name":"Guides juridiques","url":"https:\/\/www.legalvision.fr\/guides-juridiques\/","logo":{"@type":"ImageObject","inLanguage":"fr-FR","@id":"https:\/\/www.legalvision.fr\/guides-juridiques\/#\/schema\/logo\/image\/","url":"https:\/\/www.legalvision.fr\/guides-juridiques\/wp-content\/uploads\/2022\/10\/LV-Logotype.png","contentUrl":"https:\/\/www.legalvision.fr\/guides-juridiques\/wp-content\/uploads\/2022\/10\/LV-Logotype.png","width":647,"height":125,"caption":"Guides juridiques"},"image":{"@id":"https:\/\/www.legalvision.fr\/guides-juridiques\/#\/schema\/logo\/image\/"}},{"@type":"Person","@id":"https:\/\/www.legalvision.fr\/guides-juridiques\/#\/schema\/person\/1c21f1bfa7dd3dc828b37599170a5d6e","name":"Anna Vandoeuvre","image":{"@type":"ImageObject","inLanguage":"fr-FR","@id":"https:\/\/www.legalvision.fr\/guides-juridiques\/#\/schema\/person\/image\/","url":"https:\/\/www.legalvision.fr\/guides-juridiques\/wp-content\/uploads\/2023\/07\/cropped-femme2-96x96.png","contentUrl":"https:\/\/www.legalvision.fr\/guides-juridiques\/wp-content\/uploads\/2023\/07\/cropped-femme2-96x96.png","caption":"Anna Vandoeuvre"},"description":"Je suis juriste au sein de LegalVision. \u00c9l\u00e8ve-avocate et titulaire d'un M2 en droit \u00e9conomique, je m'int\u00e9resse tout particuli\u00e8rement au droit social.","url":"https:\/\/www.legalvision.fr\/guides-juridiques\/author\/anna-valdebouze\/"}]}},"_links":{"self":[{"href":"https:\/\/www.legalvision.fr\/guides-juridiques\/wp-json\/wp\/v2\/posts\/12293","targetHints":{"allow":["GET"]}}],"collection":[{"href":"https:\/\/www.legalvision.fr\/guides-juridiques\/wp-json\/wp\/v2\/posts"}],"about":[{"href":"https:\/\/www.legalvision.fr\/guides-juridiques\/wp-json\/wp\/v2\/types\/post"}],"author":[{"embeddable":true,"href":"https:\/\/www.legalvision.fr\/guides-juridiques\/wp-json\/wp\/v2\/users\/32"}],"replies":[{"embeddable":true,"href":"https:\/\/www.legalvision.fr\/guides-juridiques\/wp-json\/wp\/v2\/comments?post=12293"}],"version-history":[{"count":0,"href":"https:\/\/www.legalvision.fr\/guides-juridiques\/wp-json\/wp\/v2\/posts\/12293\/revisions"}],"wp:featuredmedia":[{"embeddable":true,"href":"https:\/\/www.legalvision.fr\/guides-juridiques\/wp-json\/wp\/v2\/media\/22958"}],"wp:attachment":[{"href":"https:\/\/www.legalvision.fr\/guides-juridiques\/wp-json\/wp\/v2\/media?parent=12293"}],"wp:term":[{"taxonomy":"category","embeddable":true,"href":"https:\/\/www.legalvision.fr\/guides-juridiques\/wp-json\/wp\/v2\/categories?post=12293"},{"taxonomy":"post_tag","embeddable":true,"href":"https:\/\/www.legalvision.fr\/guides-juridiques\/wp-json\/wp\/v2\/tags?post=12293"}],"curies":[{"name":"wp","href":"https:\/\/api.w.org\/{rel}","templated":true}]}}