{"id":11937,"date":"2019-03-19T07:30:26","date_gmt":"2019-03-19T06:30:26","guid":{"rendered":"https:\/\/blog.legalvision.fr\/?p=11937"},"modified":"2022-03-27T21:21:00","modified_gmt":"2022-03-27T19:21:00","slug":"modification-de-l-objet-social-sarl-formalites-en-48-h","status":"publish","type":"post","link":"https:\/\/www.legalvision.fr\/guides-juridiques\/sarl\/modification-de-l-objet-social-sarl-formalites-en-48-h\/","title":{"rendered":"Tout savoir sur la modification de l&rsquo;objet social SARL : formalit\u00e9s et cons\u00e9quences."},"content":{"rendered":"<p><html><body><br \/>\n<strong>Modification objet social SARL formalit\u00e9s : <\/strong>la <a href=\"https:\/\/www.legalvision.fr\/modification-statuts\/modification-objet-social\/\">modification de l&rsquo;objet social<\/a> SARL est une formalit\u00e9 obligatoire si vous souhaitez <strong>changer d&rsquo;activit\u00e9<\/strong>. En effet, l&rsquo;objet social\u00a0correspond \u00e0 l&rsquo;ensemble des activit\u00e9s qu&rsquo;une soci\u00e9t\u00e9 entend exercer. L&rsquo;objet social peut \u00eatre modifi\u00e9 substantiellement, ou alors modifi\u00e9 pour int\u00e9grer une <a href=\"https:\/\/blog.legalvision.fr\/2018\/05\/20\/extension-de-lobjet-social\/\">adjonction d&rsquo;activit\u00e9<\/a>. Il peut \u00e9galement \u00eatre\u00a0totalement supprim\u00e9 \u00e0 la <a href=\"https:\/\/www.legalvision.fr\/modification-statuts\/dissolution-liquidation\/\">dissolution de la soci\u00e9t\u00e9<\/a>.<\/p>\n<p>Modification objet social SARL formalit\u00e9s : quelles sont les <strong>d\u00e9marches \u00e0 accomplir<\/strong> pour un changement d&rsquo;objet social ? Quelles sont les<strong>\u00a0cons\u00e9quences d&rsquo;une modification de l&rsquo;objet social SARL ?<\/strong><\/p>\n<h3><strong>Sommaire :\u00a0<\/strong><\/h3>\n<p><a href=\"#1\"><strong>I\/ Modification objet social SARL formalit\u00e9s : tout savoir<\/strong><\/a><br \/>\n<a href=\"#2\"><strong>II\/ Les cons\u00e9quences de la modification de l&rsquo;objet social SARL\u00a0<\/strong><\/a><\/p>\n<h2 id=\"1\">I\/ Modification objet social SARL formalit\u00e9s : tout savoir<\/h2>\n<p>Modification objet social SARL formalit\u00e9s : il faudra d\u00e9cider de cette modification en AGE, puis r\u00e9diger un proc\u00e8s verbal, publier une annonce l\u00e9gale et enfin d\u00e9poser un dossier au greffe.<\/p>\n<h3>A) Modification objet social SARL formalit\u00e9s :\u00a0conditions de quorum et de majorit\u00e9<\/h3>\n<p>Le <a href=\"https:\/\/www.legalvision.fr\/nomination-gerant\/?ads_cmpid=904490849&amp;ads_adid=46074784459&amp;ads_matchtype=p&amp;ads_network=g&amp;ads_creative=216818180382&amp;utm_term=pv%20nomination%20g%C3%A9rant%20sci&amp;ads_targetid=kwd-348783976742&amp;utm_campaign=&amp;utm_source=adwords&amp;utm_medium=ppc&amp;ttv=2&amp;gclid=EAIaIQobChMIwPu5t4qs3AIVAQAAAB0BAAAAEAAYACAAEgJVzfD_BwE#faqs1\">g\u00e9rant de SARL<\/a> devra convoquer une AGE (Assembl\u00e9e G\u00e9n\u00e9rale Extraordinaire). Il faudra r\u00e9unir des <a href=\"https:\/\/www.legifrance.gouv.fr\/affichCodeArticle.do?idArticle=LEGIARTI000029946665&amp;cidTexte=LEGITEXT000005634379\">conditions de<strong> majorit\u00e9<\/strong> et de <strong>quorum <\/strong><\/a>:<\/p>\n<ul>\n<li>Pour les SARL cr\u00e9\u00e9es avant le 04\/08\/2005 : il n&rsquo;y a <strong>aucun quorum<\/strong> minimum. Mais une<strong> majorit\u00e9 des 3\/4<\/strong> des parts sociales est exig\u00e9e.<\/li>\n<li>Les SARL cr\u00e9\u00e9es apr\u00e8s le 04\/08\/2005 : le <strong>quorum est d&rsquo;1\/4 des parts<\/strong> sociales sur premi\u00e8re convocation et 1\/5 des parts sur deuxi\u00e8me convocation. Il faudra <strong>une majorit\u00e9 de 2\/3 des parts<\/strong> sociales.<\/li>\n<\/ul>\n<p>Les statuts pourront pr\u00e9voir des conditions de quorum ou de majorit\u00e9 plus \u00e9lev\u00e9es.<\/p>\n<h3>B) Modification objet social SARL formalit\u00e9s : la r\u00e9daction du proc\u00e8s-verbal<\/h3>\n<p>Ensuite il faudra que vous <strong>r\u00e9digiez un PV d&rsquo;assembl\u00e9e g\u00e9n\u00e9rale extraordinaire<\/strong>. Ce PV devra faire appara\u00eetre les d\u00e9cisions prises sous forme de r\u00e9solution, \u00e0 savoir :<\/p>\n<ul>\n<li>\n<strong>R\u00e9solution 1<\/strong> : modification de l&rsquo;objet social SARL \u00e0 la suite de la d\u00e9cision de l&rsquo;AGE. Il faudra indiquer la date et le lieu de l&rsquo;AGE.<\/li>\n<li>\n<strong>R\u00e9solution 2<\/strong> : <a href=\"https:\/\/www.legalvision.fr\/modification-statuts\/\">modification des statuts<\/a>\u00a0\u00e0 la suite de la modification de l&rsquo;objet social.<\/li>\n<li>Et facultativement, une <strong>R\u00e9solution 3<\/strong>, dans laquelle vous donnerez un pouvoir \u00e0 une soci\u00e9t\u00e9 pour r\u00e9aliser toutes les formalit\u00e9s au nom et pour le compte de votre soci\u00e9t\u00e9.<\/li>\n<\/ul>\n<p>Ensuite, le ou les g\u00e9rants de la soci\u00e9t\u00e9 <strong>devront signer<\/strong> le proc\u00e8s-verbal. Il vaudra toujours mieux faire signer votre PV par tous les associ\u00e9s pr\u00e9sents, cela montrera qu&rsquo;ils\u00a0tous d&rsquo;accord avec la d\u00e9cision prise. En outre, certains greffes refusent d&rsquo;accepter votre modification d\u2019objet social si le PV n&rsquo;est pas sign\u00e9 par tous les associ\u00e9s.<\/p>\n<h3>C) Modification objet social SARL formalit\u00e9s : le journal d&rsquo;annonces l\u00e9gales (JAL)<\/h3>\n<p>Une fois le PV r\u00e9dig\u00e9, il faudra faire une <a href=\"https:\/\/blog.legalvision.fr\/2018\/09\/18\/publication-annonce-legale-en-24h\/\"><strong>publication de la d\u00e9cision dans un journal d&rsquo;annonces l\u00e9gales<\/strong><\/a>. La publication\u00a0devra \u00eatre faite dans le d\u00e9partement dans le ressort duquel votre soci\u00e9t\u00e9 est immatricul\u00e9e. Cette publication devra contenir certains \u00e9l\u00e9ments, \u00e0 savoir :<\/p>\n<ul>\n<li>La date de prise de d\u00e9cision,<\/li>\n<li>L&rsquo;organe ayant pris la d\u00e9cision (l&rsquo;AGE de la SARL),<\/li>\n<li>Le montant du capital de la SARL. Si le capital social est variable, il faudra indiquer\u00a0en plus\u00a0le montant du capital social minimum et maximum,<\/li>\n<li>L&rsquo;adresse du si\u00e8ge social,<\/li>\n<li>Le num\u00e9ro de SIREN de la SARL, ainsi que la ville du greffe comp\u00e9tent,<\/li>\n<li>Et la <a href=\"https:\/\/blog.legalvision.fr\/2018\/04\/04\/objet-social-societe\/\">r\u00e9daction de votre nouvel objet social<\/a>, qui doit \u00eatre succincte.<\/li>\n<\/ul>\n<p>Le prix de votre annonce l\u00e9gale sera d&rsquo;environ<strong>\u00a0150 euros.<\/strong><\/p>\n<p>Une fois votre annonce l\u00e9gale effectu\u00e9e, vous recevrez une <strong>attestation de r\u00e9daction d&rsquo;annonce l\u00e9gale.<\/strong> Vous n&rsquo;aurez plus qu&rsquo;\u00e0 effectuer la derni\u00e8re \u00e9tape, \u00e0 savoir le d\u00e9p\u00f4t du dossier au greffe comp\u00e9tent.<\/p>\n<h3>D) Le d\u00e9p\u00f4t du dossier au greffe<\/h3>\n<p>Le greffe mat\u00e9riellement comp\u00e9tent sera en principe le greffe du tribunal de commerce. Le greffe territorialement comp\u00e9tent sera le greffe dans le ressort duquel est situ\u00e9e votre soci\u00e9t\u00e9.<\/p>\n<p>Vous <strong>devrez d\u00e9poser<\/strong> un certain nombre de documents, \u00e0 savoir :<\/p>\n<ul>\n<li>les statuts modifi\u00e9s,<\/li>\n<li>le PV de modification de l&rsquo;objet social SARL,<\/li>\n<li>l&rsquo;attestation de parution de la modification d&rsquo;objet social,<\/li>\n<li>le <a href=\"https:\/\/www.infogreffe.fr\/documents\/10179\/21271\/Formulaire+M2\/52be97d3-2b92-4c3c-833a-28f634f269da\">formulaire m2<\/a> de modification d&rsquo;objet social. Ce formulaire devra \u00eatre d\u00fbment compl\u00e9t\u00e9 et sign\u00e9,<\/li>\n<li>un pouvoir si vous faites r\u00e9aliser vos formalit\u00e9s par une soci\u00e9t\u00e9 d\u00fbment mandat\u00e9e.<\/li>\n<\/ul>\n<p>En outre, si la modification d&rsquo;objet social\u00a0porte sur une activit\u00e9 r\u00e9glement\u00e9e, il faudra joindre au dossier les autorisations ou dipl\u00f4mes permettant d\u2019exercer la-dite profession.<\/p>\n<p>Les frais pour changer l&rsquo;objet social d&rsquo;une SARL\u00a0seront de <strong>195,38 euros<\/strong> pour votre SARL. Ils seront seulement de <strong>14,35 euros<\/strong> s&rsquo;il y a une modification d&rsquo;objet social sans modification d&rsquo;activit\u00e9. En effet, cela revient \u00e0 un simple <a href=\"https:\/\/blog.legalvision.fr\/2018\/10\/09\/ajout-d-activite-sur-kbis\/\">ajout d&rsquo;activit\u00e9 sur le Kbis<\/a>.<\/p>\n<p>Ensuite, les documents seront entre les mains du greffe. <strong>Le greffe pourra rejeter votre demande<\/strong> si l&rsquo;annonce l\u00e9gale est mal r\u00e9dig\u00e9e, ou si des documents sont manquants. Les d\u00e9lais de traitement varient d&rsquo;un greffe \u00e0 l&rsquo;autre. Certains greffes traiteront votre formalit\u00e9 en <strong>quelques jours<\/strong> alors que d&rsquo;autres pourront prendre <strong>plusieurs mois.<\/strong><\/p>\n<h2 id=\"2\">II\/ Les cons\u00e9quences de la modification de l&rsquo;objet social SARL<\/h2>\n<p>Lorsque l&rsquo;on a <a href=\"https:\/\/www.legalvision.fr\/creation-dentreprise\/creer-une-sarl\/\">cr\u00e9\u00e9 une SARL<\/a>, et que l&rsquo;on souhaite ensuite en modifier l&rsquo;objet social, quelles sont les cons\u00e9quences, notamment au niveau social et fiscal ?<\/p>\n<h3>A) Les cons\u00e9quences fiscales de la modification de l&rsquo;objet social SARL<\/h3>\n<p>Au niveau fiscal,\u00a0la modification de l&rsquo;objet social d&rsquo;une SARL pourra\u00a0<strong>entra\u00eener une cessation d\u2019activit\u00e9<\/strong>. Il y aura cessation d&rsquo;activit\u00e9 s\u2019il est observ\u00e9 une variation de <strong>50% du CA<\/strong> de l\u2019entreprise, ou en cas de variation de <strong>50% de l\u2019effectif moyen<\/strong>, et du montant des actifs immobilis\u00e9s.<\/p>\n<h4>Cela\u00a0engendre plusieurs cons\u00e9quences :<\/h4>\n<ul>\n<li>l\u2019imposition imm\u00e9diate de tous les b\u00e9n\u00e9fices \u00e0 la date de cessation d&rsquo;activit\u00e9,<\/li>\n<li>l\u2019imposition de toutes les plus-values latentes,<\/li>\n<li>la reprise des provisions devenues sans objet,<\/li>\n<li>l\u2019impossibilit\u00e9 de report en avant des d\u00e9ficits.<\/li>\n<\/ul>\n<p>En ce qui concerne <strong>l&rsquo;imposition imm\u00e9diate des b\u00e9n\u00e9fices,<\/strong>\u00a0si l&rsquo;exercice social de votre soci\u00e9t\u00e9 est fix\u00e9 sur une ann\u00e9e civile, et que vous changez d&rsquo;objet social le 29 avril 2019, vous devrez \u00e9tablir un compte de r\u00e9sultat et un bilan du 1er janvier jusqu&rsquo;au 29 avril 2019. Une fois le compte de r\u00e9sultat \u00e9tabli, les b\u00e9n\u00e9fices seront impos\u00e9s \u00e0 hauteur de :<\/p>\n<ul>\n<li>15 % jusqu&rsquo;\u00e0 38 120 euros,<\/li>\n<li>28% jusqu&rsquo;\u00e0 500 000 euros,<\/li>\n<li>31 % au del\u00e0 de 500 000 euros.<\/li>\n<\/ul>\n<p>En ce qui concerne <strong>les <a href=\"https:\/\/blog.legalvision.fr\/2018\/07\/28\/calcul-de-la-plus-value-dune-cession-de-parts-sociales-d-une-sarl\/\">plus-values<\/a>,<\/strong>\u00a0elles d\u00e9pendant de la valeur des immobilisations. En effet, en principe, l&rsquo;ensemble de vos immobilisations dans le bilan sont prises en compte \u00e0 leur valeur d&rsquo;entr\u00e9e. Si vous changez d&rsquo;activit\u00e9, vos immobilisations seront r\u00e9\u00e9valu\u00e9es \u00e0 hauteur de leur valeur r\u00e9elle. La plus-value sera l&rsquo;\u00e9cart entre la valeur d&rsquo;entr\u00e9e et la valeur de sortie.<\/p>\n<p><strong>Exemple :<\/strong><em>\u00a0<\/em>si un brevet est entr\u00e9 dans votre bilan il y a 3 ans pour une valeur de 100 000 euros, et que sa valeur est d\u00e9sormais de 130 000 euros, l&rsquo;imposition sera faite sur une base de 30 000 euros.<\/p>\n<p>Depuis la\u00a0<a href=\"https:\/\/blog.legalvision.fr\/2019\/01\/23\/tout-savoir-sur-la-flat-tax\/\">flat tax<\/a>, le taux d&rsquo;imposition de la plus-value\u00a0est de <strong>30%<\/strong>.<\/p>\n<p>Pour ce qui est du<strong> report en avant des d\u00e9ficits<\/strong>, ce report est possible sur une dur\u00e9e de 6 ann\u00e9es. Cela permet de r\u00e9duire votre r\u00e9sultat fiscal et de payer moins d&rsquo;imp\u00f4ts. En revanche, il ne sera plus possible d&rsquo;utiliser ces d\u00e9ficits en cas de cessation d&rsquo;activit\u00e9.<\/p>\n<p>Les\u00a0<strong>provisions\u00a0<\/strong>sont des charges probables que l\u2019entreprise aura \u00e0 supporter. En cas de cessation d&rsquo;activit\u00e9, toutes les provisions sans objet devront \u00eatre reprises.<\/p>\n<h3>B) Les cons\u00e9quences sociales de la modification de l&rsquo;objet social SARL<\/h3>\n<p>Le changement d&rsquo;objet social peut entra\u00eener un <strong>changement de convention collective applicable \u00e0 <\/strong>l\u2019entreprise<strong>.<\/strong>\u00a0Ainsi, le changement de convention collective se fera sous la forme d&rsquo;une <a href=\"https:\/\/www.legifrance.gouv.fr\/affichCode.do?idArticle=LEGIARTI000006901787&amp;idSectionTA=LEGISCTA000006195688&amp;cidTexte=LEGITEXT000006072050&amp;dateTexte=20190318\">d\u00e9nonciation de la convention collective<\/a>. Cette modification des textes applicables doit <strong>respecter une proc\u00e9dure stricte. <\/strong>Ainsi, il faudra notamment :<strong>\u00a0<\/strong><\/p>\n<ul>\n<li>d\u00e9poser une\u00a0<strong>d\u00e9claration de d\u00e9nonciation <\/strong>de la convention collective\u00a0aupr\u00e8s de la Direction r\u00e9gionale des entreprises, de la concurrence, de la consommation, du travail et de l&#8217;emploi (Direccte),<\/li>\n<li>puis <strong>notifier<\/strong> la d\u00e9nonciation de convention collective aux repr\u00e9sentants du personnel,<\/li>\n<li>et <strong>informer les salari\u00e9s<\/strong> de la d\u00e9nonciation de la convention collective.<\/li>\n<\/ul>\n<p>Ensuite la convention collective d\u00e9nonc\u00e9e restera\u00a0en vigueur jusqu&rsquo;\u00e0 ce que la nouvelle convention soit applicable.<\/p>\n<h3>C) Les autres cons\u00e9quences de la modification de l&rsquo;objet social SARL<\/h3>\n<p>En cas de changement d&rsquo;objet social SARL, votre nouvelle activit\u00e9 pourra \u00eatre r\u00e9glement\u00e9e<strong>.<\/strong> Il faudra transmettre des documents suppl\u00e9mentaires au greffe et avoir certaines qualit\u00e9s requises, qui diff\u00e8rent selon <strong>l&rsquo;activit\u00e9 r\u00e9glement\u00e9e.<\/strong>\u00a0Toutes ces formalit\u00e9s seront \u00e0 r\u00e9aliser en plus de celles applicables pour toutes les autres soci\u00e9t\u00e9s.<\/p>\n<p><strong>Par exemple,<\/strong> si\u00a0vous souhaitez\u00a0avoir en plus de votre activit\u00e9, une<a href=\"https:\/\/blog.legalvision.fr\/2019\/02\/13\/comment-ouvrir-une-agence-immobiliere-tous-les-conseils-d-experts\/\"> activit\u00e9 d&rsquo;agence immobili\u00e8re<\/a> il faudra disposer d&rsquo;une garantie financi\u00e8re aupr\u00e8s d&rsquo;un organisme bancaire ou d&rsquo;une organisation professionnelle, avoir souscrit une assurance de responsabilit\u00e9 civile professionnelle, et\u00a0remplir\u00a0certaines conditions de dipl\u00f4me ou d\u2019exp\u00e9rience professionnelle.<\/p>\n<p><strong>Autre\u00a0exemple<\/strong> pour un <a href=\"https:\/\/blog.legalvision.fr\/2018\/04\/26\/ouvrir-son-bar\/\">d\u00e9bit de boisson<\/a> : toute personne d\u00e9clarant vouloir faire une activit\u00e9 de d\u00e9bit de boisson \u00e0 consommer sur place de 2\u00e8me, 3\u00e8me, ou 4\u00e8me cat\u00e9gorie doit suivre une formation dispens\u00e9e par des organismes de formation agr\u00e9\u00e9s par arr\u00eat\u00e9 du ministre de l&rsquo;int\u00e9rieur. La formation dure de 1 \u00e0 3 jours.<\/p>\n<p>Ensuite, nous vous rappelons que si vous souhaitez r\u00e9aliser une modification d\u2019objet social, le co\u00fbt total des formalit\u00e9s obligatoires\u00a0<strong>sera d&rsquo;environ 350 euros,<\/strong> si vous souhaitez r\u00e9aliser cette modification sans l&rsquo;aide de personne. Vous devrez aussi composer avec les d\u00e9lais de traitement du greffe, en g\u00e9n\u00e9ral aux alentours de <strong>2 jours. <\/strong>Cependant,\u00a0certains greffes peuvent\u00a0avoir jusqu&rsquo;\u00e0<strong> 2 ou 3 mois<\/strong> de retard.<\/p>\n<p><!-- end HubSpot Call-to-Action Code --><\/p>\n<p><center><br \/>\n<\/center><br \/>\n<\/body><\/html><!--tag_auto_button_lead_legalvision--><a href=\"https:\/\/www.legalvision.fr\/tous-les-services\/?utm_source=blog&#038;utm_campaign=modification-de-l-objet-social-sarl-formalites-en-48-h\" class=\"tag_auto_button_lead_legalvision\"><button style=\"background-color:#32c3bf;width:100%;\">Modifiez votre objet social avec Legalvision !<\/button><\/a><!--tag_auto_button_lead_legalvision--><\/p>\n","protected":false},"excerpt":{"rendered":"<p>Modification objet social SARL formalit\u00e9s : la modification de l&rsquo;objet social SARL est une formalit\u00e9 obligatoire si vous souhaitez changer d&rsquo;activit\u00e9. En effet, l&rsquo;objet social\u00a0correspond \u00e0 l&rsquo;ensemble des activit\u00e9s qu&rsquo;une soci\u00e9t\u00e9 entend exercer. L&rsquo;objet social peut \u00eatre modifi\u00e9 substantiellement, ou alors modifi\u00e9 pour int\u00e9grer une adjonction d&rsquo;activit\u00e9. Il peut \u00e9galement \u00eatre\u00a0totalement supprim\u00e9 \u00e0 la dissolution&hellip; <a class=\"more-link\" href=\"https:\/\/www.legalvision.fr\/guides-juridiques\/sarl\/modification-de-l-objet-social-sarl-formalites-en-48-h\/\">Poursuivre la lecture <span class=\"screen-reader-text\">Tout savoir sur la modification de l&rsquo;objet social SARL : formalit\u00e9s et cons\u00e9quences.<\/span><\/a><\/p>\n","protected":false},"author":28,"featured_media":24162,"comment_status":"open","ping_status":"open","sticky":false,"template":"","format":"standard","meta":{"content-type":"","inline_featured_image":false,"footnotes":""},"categories":[2497],"tags":[],"class_list":["post-11937","post","type-post","status-publish","format-standard","has-post-thumbnail","hentry","category-sarl","entry"],"yoast_head":"<!-- This site is optimized with the Yoast SEO plugin v27.1.1 - https:\/\/yoast.com\/product\/yoast-seo-wordpress\/ -->\n<title>Modification de l&#039;objet social SARL : toutes vos formalit\u00e9s en 48h !<\/title>\n<meta name=\"description\" content=\"Modification objet social SARL formalit\u00e9s : quelles sont-elles ? Et quelles sont les cons\u00e9quences de la modification de l&#039;objet social SARL ?\" \/>\n<meta name=\"robots\" content=\"index, follow, max-snippet:-1, max-image-preview:large, max-video-preview:-1\" \/>\n<link rel=\"canonical\" href=\"https:\/\/www.legalvision.fr\/guides-juridiques\/sarl\/modification-de-l-objet-social-sarl-formalites-en-48-h\/\" \/>\n<meta property=\"og:locale\" content=\"fr_FR\" \/>\n<meta property=\"og:type\" content=\"article\" \/>\n<meta property=\"og:title\" content=\"Modification de l&#039;objet social SARL : toutes vos formalit\u00e9s en 48h !\" \/>\n<meta property=\"og:description\" content=\"Modification objet social SARL formalit\u00e9s : quelles sont-elles ? Et quelles sont les cons\u00e9quences de la modification de l&#039;objet social SARL ?\" \/>\n<meta property=\"og:url\" content=\"https:\/\/www.legalvision.fr\/guides-juridiques\/sarl\/modification-de-l-objet-social-sarl-formalites-en-48-h\/\" \/>\n<meta property=\"og:site_name\" content=\"Guides juridiques\" \/>\n<meta property=\"article:published_time\" content=\"2019-03-19T06:30:26+00:00\" \/>\n<meta property=\"article:modified_time\" content=\"2022-03-27T19:21:00+00:00\" \/>\n<meta property=\"og:image\" content=\"https:\/\/www.legalvision.fr\/guides-juridiques\/wp-content\/uploads\/2019\/03\/Modification-de-lobjet-social-SARL-min.jpg\" \/>\n\t<meta property=\"og:image:width\" content=\"958\" \/>\n\t<meta property=\"og:image:height\" content=\"350\" \/>\n\t<meta property=\"og:image:type\" content=\"image\/jpeg\" \/>\n<meta name=\"author\" content=\"Joseph Louis\" \/>\n<meta name=\"twitter:card\" content=\"summary_large_image\" \/>\n<meta name=\"twitter:label1\" content=\"\u00c9crit par\" \/>\n\t<meta name=\"twitter:data1\" content=\"Joseph Louis\" \/>\n\t<meta name=\"twitter:label2\" content=\"Dur\u00e9e de lecture estim\u00e9e\" \/>\n\t<meta name=\"twitter:data2\" content=\"8 minutes\" \/>\n<script type=\"application\/ld+json\" class=\"yoast-schema-graph\">{\"@context\":\"https:\/\/schema.org\",\"@graph\":[{\"@type\":\"Article\",\"@id\":\"https:\/\/www.legalvision.fr\/guides-juridiques\/sarl\/modification-de-l-objet-social-sarl-formalites-en-48-h\/#article\",\"isPartOf\":{\"@id\":\"https:\/\/www.legalvision.fr\/guides-juridiques\/sarl\/modification-de-l-objet-social-sarl-formalites-en-48-h\/\"},\"author\":{\"name\":\"Joseph Louis\",\"@id\":\"https:\/\/www.legalvision.fr\/guides-juridiques\/#\/schema\/person\/c454a42bc2a18b5443bc24faa78c5128\"},\"headline\":\"Tout savoir sur la modification de l&rsquo;objet social SARL : formalit\u00e9s et cons\u00e9quences.\",\"datePublished\":\"2019-03-19T06:30:26+00:00\",\"dateModified\":\"2022-03-27T19:21:00+00:00\",\"mainEntityOfPage\":{\"@id\":\"https:\/\/www.legalvision.fr\/guides-juridiques\/sarl\/modification-de-l-objet-social-sarl-formalites-en-48-h\/\"},\"wordCount\":1745,\"commentCount\":0,\"publisher\":{\"@id\":\"https:\/\/www.legalvision.fr\/guides-juridiques\/#organization\"},\"image\":{\"@id\":\"https:\/\/www.legalvision.fr\/guides-juridiques\/sarl\/modification-de-l-objet-social-sarl-formalites-en-48-h\/#primaryimage\"},\"thumbnailUrl\":\"https:\/\/www.legalvision.fr\/guides-juridiques\/wp-content\/uploads\/2019\/03\/Modification-de-lobjet-social-SARL-min.jpg\",\"articleSection\":[\"SARL\"],\"inLanguage\":\"fr-FR\",\"potentialAction\":[{\"@type\":\"CommentAction\",\"name\":\"Comment\",\"target\":[\"https:\/\/www.legalvision.fr\/guides-juridiques\/sarl\/modification-de-l-objet-social-sarl-formalites-en-48-h\/#respond\"]}]},{\"@type\":\"WebPage\",\"@id\":\"https:\/\/www.legalvision.fr\/guides-juridiques\/sarl\/modification-de-l-objet-social-sarl-formalites-en-48-h\/\",\"url\":\"https:\/\/www.legalvision.fr\/guides-juridiques\/sarl\/modification-de-l-objet-social-sarl-formalites-en-48-h\/\",\"name\":\"Modification de l'objet social SARL : toutes vos formalit\u00e9s en 48h !\",\"isPartOf\":{\"@id\":\"https:\/\/www.legalvision.fr\/guides-juridiques\/#website\"},\"primaryImageOfPage\":{\"@id\":\"https:\/\/www.legalvision.fr\/guides-juridiques\/sarl\/modification-de-l-objet-social-sarl-formalites-en-48-h\/#primaryimage\"},\"image\":{\"@id\":\"https:\/\/www.legalvision.fr\/guides-juridiques\/sarl\/modification-de-l-objet-social-sarl-formalites-en-48-h\/#primaryimage\"},\"thumbnailUrl\":\"https:\/\/www.legalvision.fr\/guides-juridiques\/wp-content\/uploads\/2019\/03\/Modification-de-lobjet-social-SARL-min.jpg\",\"datePublished\":\"2019-03-19T06:30:26+00:00\",\"dateModified\":\"2022-03-27T19:21:00+00:00\",\"description\":\"Modification objet social SARL formalit\u00e9s : quelles sont-elles ? Et quelles sont les cons\u00e9quences de la modification de l'objet social SARL ?\",\"breadcrumb\":{\"@id\":\"https:\/\/www.legalvision.fr\/guides-juridiques\/sarl\/modification-de-l-objet-social-sarl-formalites-en-48-h\/#breadcrumb\"},\"inLanguage\":\"fr-FR\",\"potentialAction\":[{\"@type\":\"ReadAction\",\"target\":[\"https:\/\/www.legalvision.fr\/guides-juridiques\/sarl\/modification-de-l-objet-social-sarl-formalites-en-48-h\/\"]}]},{\"@type\":\"ImageObject\",\"inLanguage\":\"fr-FR\",\"@id\":\"https:\/\/www.legalvision.fr\/guides-juridiques\/sarl\/modification-de-l-objet-social-sarl-formalites-en-48-h\/#primaryimage\",\"url\":\"https:\/\/www.legalvision.fr\/guides-juridiques\/wp-content\/uploads\/2019\/03\/Modification-de-lobjet-social-SARL-min.jpg\",\"contentUrl\":\"https:\/\/www.legalvision.fr\/guides-juridiques\/wp-content\/uploads\/2019\/03\/Modification-de-lobjet-social-SARL-min.jpg\",\"width\":958,\"height\":350,\"caption\":\"Modification de l'objet social\"},{\"@type\":\"BreadcrumbList\",\"@id\":\"https:\/\/www.legalvision.fr\/guides-juridiques\/sarl\/modification-de-l-objet-social-sarl-formalites-en-48-h\/#breadcrumb\",\"itemListElement\":[{\"@type\":\"ListItem\",\"position\":1,\"name\":\"Accueil\",\"item\":\"https:\/\/www.legalvision.fr\/guides-juridiques\/\"},{\"@type\":\"ListItem\",\"position\":2,\"name\":\"SARL\",\"item\":\"https:\/\/www.legalvision.fr\/guides-juridiques\/sarl\/\"},{\"@type\":\"ListItem\",\"position\":3,\"name\":\"Tout savoir sur la modification de l&rsquo;objet social SARL : formalit\u00e9s et cons\u00e9quences.\"}]},{\"@type\":\"WebSite\",\"@id\":\"https:\/\/www.legalvision.fr\/guides-juridiques\/#website\",\"url\":\"https:\/\/www.legalvision.fr\/guides-juridiques\/\",\"name\":\"Guides juridiques\",\"description\":\"L&#039;information juridique \u00e0 destination des entreprises et TPE\",\"publisher\":{\"@id\":\"https:\/\/www.legalvision.fr\/guides-juridiques\/#organization\"},\"potentialAction\":[{\"@type\":\"SearchAction\",\"target\":{\"@type\":\"EntryPoint\",\"urlTemplate\":\"https:\/\/www.legalvision.fr\/guides-juridiques\/?s={search_term_string}\"},\"query-input\":{\"@type\":\"PropertyValueSpecification\",\"valueRequired\":true,\"valueName\":\"search_term_string\"}}],\"inLanguage\":\"fr-FR\"},{\"@type\":\"Organization\",\"@id\":\"https:\/\/www.legalvision.fr\/guides-juridiques\/#organization\",\"name\":\"Guides juridiques\",\"url\":\"https:\/\/www.legalvision.fr\/guides-juridiques\/\",\"logo\":{\"@type\":\"ImageObject\",\"inLanguage\":\"fr-FR\",\"@id\":\"https:\/\/www.legalvision.fr\/guides-juridiques\/#\/schema\/logo\/image\/\",\"url\":\"https:\/\/www.legalvision.fr\/guides-juridiques\/wp-content\/uploads\/2022\/10\/LV-Logotype.png\",\"contentUrl\":\"https:\/\/www.legalvision.fr\/guides-juridiques\/wp-content\/uploads\/2022\/10\/LV-Logotype.png\",\"width\":647,\"height\":125,\"caption\":\"Guides juridiques\"},\"image\":{\"@id\":\"https:\/\/www.legalvision.fr\/guides-juridiques\/#\/schema\/logo\/image\/\"}},{\"@type\":\"Person\",\"@id\":\"https:\/\/www.legalvision.fr\/guides-juridiques\/#\/schema\/person\/c454a42bc2a18b5443bc24faa78c5128\",\"name\":\"Joseph Louis\",\"image\":{\"@type\":\"ImageObject\",\"inLanguage\":\"fr-FR\",\"@id\":\"https:\/\/www.legalvision.fr\/guides-juridiques\/#\/schema\/person\/image\/\",\"url\":\"https:\/\/www.legalvision.fr\/guides-juridiques\/wp-content\/uploads\/2023\/07\/cropped-homme7-96x96.png\",\"contentUrl\":\"https:\/\/www.legalvision.fr\/guides-juridiques\/wp-content\/uploads\/2023\/07\/cropped-homme7-96x96.png\",\"caption\":\"Joseph Louis\"},\"description\":\"Joseph est Juriste au sein de LegalVision. Titulaire d'un Master 2 Droit Bancaire et Financier au sein de l'Universit\u00e9 Jean Moulin Lyon 3, le monde des start-up et de la finance le passionne.\",\"url\":\"https:\/\/www.legalvision.fr\/guides-juridiques\/author\/joseph-louis\/\"}]}<\/script>\n<!-- \/ Yoast SEO plugin. -->","yoast_head_json":{"title":"Modification de l'objet social SARL : toutes vos formalit\u00e9s en 48h !","description":"Modification objet social SARL formalit\u00e9s : quelles sont-elles ? Et quelles sont les cons\u00e9quences de la modification de l'objet social SARL ?","robots":{"index":"index","follow":"follow","max-snippet":"max-snippet:-1","max-image-preview":"max-image-preview:large","max-video-preview":"max-video-preview:-1"},"canonical":"https:\/\/www.legalvision.fr\/guides-juridiques\/sarl\/modification-de-l-objet-social-sarl-formalites-en-48-h\/","og_locale":"fr_FR","og_type":"article","og_title":"Modification de l'objet social SARL : toutes vos formalit\u00e9s en 48h !","og_description":"Modification objet social SARL formalit\u00e9s : quelles sont-elles ? Et quelles sont les cons\u00e9quences de la modification de l'objet social SARL ?","og_url":"https:\/\/www.legalvision.fr\/guides-juridiques\/sarl\/modification-de-l-objet-social-sarl-formalites-en-48-h\/","og_site_name":"Guides juridiques","article_published_time":"2019-03-19T06:30:26+00:00","article_modified_time":"2022-03-27T19:21:00+00:00","og_image":[{"width":958,"height":350,"url":"https:\/\/www.legalvision.fr\/guides-juridiques\/wp-content\/uploads\/2019\/03\/Modification-de-lobjet-social-SARL-min.jpg","type":"image\/jpeg"}],"author":"Joseph Louis","twitter_card":"summary_large_image","twitter_misc":{"\u00c9crit par":"Joseph Louis","Dur\u00e9e de lecture estim\u00e9e":"8 minutes"},"schema":{"@context":"https:\/\/schema.org","@graph":[{"@type":"Article","@id":"https:\/\/www.legalvision.fr\/guides-juridiques\/sarl\/modification-de-l-objet-social-sarl-formalites-en-48-h\/#article","isPartOf":{"@id":"https:\/\/www.legalvision.fr\/guides-juridiques\/sarl\/modification-de-l-objet-social-sarl-formalites-en-48-h\/"},"author":{"name":"Joseph Louis","@id":"https:\/\/www.legalvision.fr\/guides-juridiques\/#\/schema\/person\/c454a42bc2a18b5443bc24faa78c5128"},"headline":"Tout savoir sur la modification de l&rsquo;objet social SARL : formalit\u00e9s et cons\u00e9quences.","datePublished":"2019-03-19T06:30:26+00:00","dateModified":"2022-03-27T19:21:00+00:00","mainEntityOfPage":{"@id":"https:\/\/www.legalvision.fr\/guides-juridiques\/sarl\/modification-de-l-objet-social-sarl-formalites-en-48-h\/"},"wordCount":1745,"commentCount":0,"publisher":{"@id":"https:\/\/www.legalvision.fr\/guides-juridiques\/#organization"},"image":{"@id":"https:\/\/www.legalvision.fr\/guides-juridiques\/sarl\/modification-de-l-objet-social-sarl-formalites-en-48-h\/#primaryimage"},"thumbnailUrl":"https:\/\/www.legalvision.fr\/guides-juridiques\/wp-content\/uploads\/2019\/03\/Modification-de-lobjet-social-SARL-min.jpg","articleSection":["SARL"],"inLanguage":"fr-FR","potentialAction":[{"@type":"CommentAction","name":"Comment","target":["https:\/\/www.legalvision.fr\/guides-juridiques\/sarl\/modification-de-l-objet-social-sarl-formalites-en-48-h\/#respond"]}]},{"@type":"WebPage","@id":"https:\/\/www.legalvision.fr\/guides-juridiques\/sarl\/modification-de-l-objet-social-sarl-formalites-en-48-h\/","url":"https:\/\/www.legalvision.fr\/guides-juridiques\/sarl\/modification-de-l-objet-social-sarl-formalites-en-48-h\/","name":"Modification de l'objet social SARL : toutes vos formalit\u00e9s en 48h !","isPartOf":{"@id":"https:\/\/www.legalvision.fr\/guides-juridiques\/#website"},"primaryImageOfPage":{"@id":"https:\/\/www.legalvision.fr\/guides-juridiques\/sarl\/modification-de-l-objet-social-sarl-formalites-en-48-h\/#primaryimage"},"image":{"@id":"https:\/\/www.legalvision.fr\/guides-juridiques\/sarl\/modification-de-l-objet-social-sarl-formalites-en-48-h\/#primaryimage"},"thumbnailUrl":"https:\/\/www.legalvision.fr\/guides-juridiques\/wp-content\/uploads\/2019\/03\/Modification-de-lobjet-social-SARL-min.jpg","datePublished":"2019-03-19T06:30:26+00:00","dateModified":"2022-03-27T19:21:00+00:00","description":"Modification objet social SARL formalit\u00e9s : quelles sont-elles ? Et quelles sont les cons\u00e9quences de la modification de l'objet social SARL ?","breadcrumb":{"@id":"https:\/\/www.legalvision.fr\/guides-juridiques\/sarl\/modification-de-l-objet-social-sarl-formalites-en-48-h\/#breadcrumb"},"inLanguage":"fr-FR","potentialAction":[{"@type":"ReadAction","target":["https:\/\/www.legalvision.fr\/guides-juridiques\/sarl\/modification-de-l-objet-social-sarl-formalites-en-48-h\/"]}]},{"@type":"ImageObject","inLanguage":"fr-FR","@id":"https:\/\/www.legalvision.fr\/guides-juridiques\/sarl\/modification-de-l-objet-social-sarl-formalites-en-48-h\/#primaryimage","url":"https:\/\/www.legalvision.fr\/guides-juridiques\/wp-content\/uploads\/2019\/03\/Modification-de-lobjet-social-SARL-min.jpg","contentUrl":"https:\/\/www.legalvision.fr\/guides-juridiques\/wp-content\/uploads\/2019\/03\/Modification-de-lobjet-social-SARL-min.jpg","width":958,"height":350,"caption":"Modification de l'objet social"},{"@type":"BreadcrumbList","@id":"https:\/\/www.legalvision.fr\/guides-juridiques\/sarl\/modification-de-l-objet-social-sarl-formalites-en-48-h\/#breadcrumb","itemListElement":[{"@type":"ListItem","position":1,"name":"Accueil","item":"https:\/\/www.legalvision.fr\/guides-juridiques\/"},{"@type":"ListItem","position":2,"name":"SARL","item":"https:\/\/www.legalvision.fr\/guides-juridiques\/sarl\/"},{"@type":"ListItem","position":3,"name":"Tout savoir sur la modification de l&rsquo;objet social SARL : formalit\u00e9s et cons\u00e9quences."}]},{"@type":"WebSite","@id":"https:\/\/www.legalvision.fr\/guides-juridiques\/#website","url":"https:\/\/www.legalvision.fr\/guides-juridiques\/","name":"Guides juridiques","description":"L&#039;information juridique \u00e0 destination des entreprises et TPE","publisher":{"@id":"https:\/\/www.legalvision.fr\/guides-juridiques\/#organization"},"potentialAction":[{"@type":"SearchAction","target":{"@type":"EntryPoint","urlTemplate":"https:\/\/www.legalvision.fr\/guides-juridiques\/?s={search_term_string}"},"query-input":{"@type":"PropertyValueSpecification","valueRequired":true,"valueName":"search_term_string"}}],"inLanguage":"fr-FR"},{"@type":"Organization","@id":"https:\/\/www.legalvision.fr\/guides-juridiques\/#organization","name":"Guides juridiques","url":"https:\/\/www.legalvision.fr\/guides-juridiques\/","logo":{"@type":"ImageObject","inLanguage":"fr-FR","@id":"https:\/\/www.legalvision.fr\/guides-juridiques\/#\/schema\/logo\/image\/","url":"https:\/\/www.legalvision.fr\/guides-juridiques\/wp-content\/uploads\/2022\/10\/LV-Logotype.png","contentUrl":"https:\/\/www.legalvision.fr\/guides-juridiques\/wp-content\/uploads\/2022\/10\/LV-Logotype.png","width":647,"height":125,"caption":"Guides juridiques"},"image":{"@id":"https:\/\/www.legalvision.fr\/guides-juridiques\/#\/schema\/logo\/image\/"}},{"@type":"Person","@id":"https:\/\/www.legalvision.fr\/guides-juridiques\/#\/schema\/person\/c454a42bc2a18b5443bc24faa78c5128","name":"Joseph Louis","image":{"@type":"ImageObject","inLanguage":"fr-FR","@id":"https:\/\/www.legalvision.fr\/guides-juridiques\/#\/schema\/person\/image\/","url":"https:\/\/www.legalvision.fr\/guides-juridiques\/wp-content\/uploads\/2023\/07\/cropped-homme7-96x96.png","contentUrl":"https:\/\/www.legalvision.fr\/guides-juridiques\/wp-content\/uploads\/2023\/07\/cropped-homme7-96x96.png","caption":"Joseph Louis"},"description":"Joseph est Juriste au sein de LegalVision. Titulaire d'un Master 2 Droit Bancaire et Financier au sein de l'Universit\u00e9 Jean Moulin Lyon 3, le monde des start-up et de la finance le passionne.","url":"https:\/\/www.legalvision.fr\/guides-juridiques\/author\/joseph-louis\/"}]}},"_links":{"self":[{"href":"https:\/\/www.legalvision.fr\/guides-juridiques\/wp-json\/wp\/v2\/posts\/11937","targetHints":{"allow":["GET"]}}],"collection":[{"href":"https:\/\/www.legalvision.fr\/guides-juridiques\/wp-json\/wp\/v2\/posts"}],"about":[{"href":"https:\/\/www.legalvision.fr\/guides-juridiques\/wp-json\/wp\/v2\/types\/post"}],"author":[{"embeddable":true,"href":"https:\/\/www.legalvision.fr\/guides-juridiques\/wp-json\/wp\/v2\/users\/28"}],"replies":[{"embeddable":true,"href":"https:\/\/www.legalvision.fr\/guides-juridiques\/wp-json\/wp\/v2\/comments?post=11937"}],"version-history":[{"count":0,"href":"https:\/\/www.legalvision.fr\/guides-juridiques\/wp-json\/wp\/v2\/posts\/11937\/revisions"}],"wp:featuredmedia":[{"embeddable":true,"href":"https:\/\/www.legalvision.fr\/guides-juridiques\/wp-json\/wp\/v2\/media\/24162"}],"wp:attachment":[{"href":"https:\/\/www.legalvision.fr\/guides-juridiques\/wp-json\/wp\/v2\/media?parent=11937"}],"wp:term":[{"taxonomy":"category","embeddable":true,"href":"https:\/\/www.legalvision.fr\/guides-juridiques\/wp-json\/wp\/v2\/categories?post=11937"},{"taxonomy":"post_tag","embeddable":true,"href":"https:\/\/www.legalvision.fr\/guides-juridiques\/wp-json\/wp\/v2\/tags?post=11937"}],"curies":[{"name":"wp","href":"https:\/\/api.w.org\/{rel}","templated":true}]}}