{"id":11639,"date":"2019-03-21T07:30:52","date_gmt":"2019-03-21T06:30:52","guid":{"rendered":"https:\/\/blog.legalvision.fr\/?p=11639"},"modified":"2023-11-09T15:46:17","modified_gmt":"2023-11-09T14:46:17","slug":"comment-monter-une-eurl-au-chomage","status":"publish","type":"post","link":"https:\/\/www.legalvision.fr\/guides-juridiques\/eurl\/comment-monter-une-eurl-au-chomage\/","title":{"rendered":"Comment monter une EURL au ch\u00f4mage ?"},"content":{"rendered":"\t\t<div data-elementor-type=\"wp-post\" data-elementor-id=\"11639\" class=\"elementor elementor-11639\" data-elementor-post-type=\"post\">\n\t\t\t\t<div data-particle_enable=\"false\" data-particle-mobile-disabled=\"false\" class=\"elementor-element elementor-element-04d86ed e-flex e-con-boxed e-con e-parent\" data-id=\"04d86ed\" data-element_type=\"container\" data-e-type=\"container\">\n\t\t\t\t\t<div class=\"e-con-inner\">\n\t\t\t\t<div class=\"elementor-element elementor-element-c2f5271 elementor-widget elementor-widget-text-editor\" data-id=\"c2f5271\" data-element_type=\"widget\" data-e-type=\"widget\" data-widget_type=\"text-editor.default\">\n\t\t\t\t<div class=\"elementor-widget-container\">\n\t\t\t\t\t\t\t\t\t<p><a href=\"https:\/\/www.legalvision.fr\/creation-dentreprise\/creation-eurl\/\">Monter une EURL<\/a> au ch\u00f4mage revient \u00e0 cr\u00e9er une\u00a0SARL (Soci\u00e9t\u00e9 \u00e0 Responsabilit\u00e9 Limit\u00e9e) \u00e0 \u00ab\u00a0<strong>associ\u00e9 unique<\/strong>\u00ab\u00a0, alors que l&rsquo;on est au ch\u00f4mage. Le <a href=\"https:\/\/blog.legalvision.fr\/2018\/05\/13\/statut-eurl\/\">statut EURL<\/a> (Entreprise Unipersonnelle \u00e0 Responsabilit\u00e9 Limit\u00e9e) est une forme sociale particuli\u00e8rement choisie par les entrepreneurs r\u00e9cemment. Lorsqu&rsquo;une personne est <strong>demandeur d&#8217;emploi<\/strong>, elle peut toujours d\u00e9cider d&rsquo;immatriculer\u00a0son entreprise en parall\u00e8le, tout en b\u00e9n\u00e9ficiant de certaines aides sociales et financi\u00e8res.<\/p><p>Vous d\u00e9sirez monter une EURL au ch\u00f4mage ? LegalVision, l\u2019expert des formalit\u00e9s juridiques, vous pr\u00e9cise tous les d\u00e9tails sur la cr\u00e9ation de\u00a0cette entreprise !<\/p><h3><strong>Sommaire :\u00a0<\/strong><\/h3><p><strong><a href=\"#1\">Pourquoi cr\u00e9er une EURL en \u00e9tant en ch\u00f4mage ?<\/a><br \/><\/strong><a href=\"#2\"><strong>Quelles aides pour monter une EURL au ch\u00f4mage ?<\/strong><\/a><\/p><p>\u00a0<\/p>\t\t\t\t\t\t\t\t<\/div>\n\t\t\t\t<\/div>\n\t\t\t\t\t<\/div>\n\t\t\t\t<\/div>\n\t\t<div data-particle_enable=\"false\" data-particle-mobile-disabled=\"false\" class=\"elementor-element elementor-element-1a264ff9 e-flex e-con-boxed e-con e-parent\" data-id=\"1a264ff9\" data-element_type=\"container\" data-e-type=\"container\">\n\t\t\t\t\t<div class=\"e-con-inner\">\n\t\t\t\t<div class=\"elementor-element elementor-element-5dfa7037 elementor-widget elementor-widget-heading\" data-id=\"5dfa7037\" data-element_type=\"widget\" data-e-type=\"widget\" data-widget_type=\"heading.default\">\n\t\t\t\t<div class=\"elementor-widget-container\">\n\t\t\t\t\t<h2 class=\"elementor-heading-title elementor-size-default\">Nos outils pour vous aider : <\/h2>\t\t\t\t<\/div>\n\t\t\t\t<\/div>\n\t\t\t\t\t<\/div>\n\t\t\t\t<\/div>\n\t\t<div data-particle_enable=\"false\" data-particle-mobile-disabled=\"false\" class=\"elementor-element elementor-element-2acb9673 e-flex e-con-boxed e-con e-parent\" data-id=\"2acb9673\" data-element_type=\"container\" data-e-type=\"container\">\n\t\t\t\t\t<div class=\"e-con-inner\">\n\t\t<div data-particle_enable=\"false\" data-particle-mobile-disabled=\"false\" class=\"elementor-element elementor-element-5ad9c3ca e-con-full e-flex e-con e-child\" data-id=\"5ad9c3ca\" data-element_type=\"container\" data-e-type=\"container\">\n\t\t\t\t<div class=\"elementor-element elementor-element-794bf180 elementor-widget elementor-widget-button\" data-id=\"794bf180\" data-element_type=\"widget\" data-e-type=\"widget\" data-widget_type=\"button.default\">\n\t\t\t\t<div class=\"elementor-widget-container\">\n\t\t\t\t\t\t\t\t\t<div class=\"elementor-button-wrapper\">\n\t\t\t\t\t<a class=\"elementor-button elementor-button-link elementor-size-sm\" href=\"https:\/\/leonard.fr\/juridique\/creation-entreprise\/creation-dune-eurl-leonard\/?utm_source=blog&#038;utm_medium=CTA&#038;utm_campaign=comment_monter_EURL_au_chomage&#038;utm_id=creation_EURL_blog\" target=\"_blank\">\n\t\t\t\t\t\t<span class=\"elementor-button-content-wrapper\">\n\t\t\t\t\t\t\t\t\t<span class=\"elementor-button-text\">Cr\u00e9ez votre EURL en ligne<\/span>\n\t\t\t\t\t<\/span>\n\t\t\t\t\t<\/a>\n\t\t\t\t<\/div>\n\t\t\t\t\t\t\t\t<\/div>\n\t\t\t\t<\/div>\n\t\t\t\t<\/div>\n\t\t<div data-particle_enable=\"false\" data-particle-mobile-disabled=\"false\" class=\"elementor-element elementor-element-13068862 e-con-full e-flex e-con e-child\" data-id=\"13068862\" data-element_type=\"container\" data-e-type=\"container\">\n\t\t\t\t<div class=\"elementor-element elementor-element-6a432e13 elementor-widget elementor-widget-button\" data-id=\"6a432e13\" data-element_type=\"widget\" data-e-type=\"widget\" data-widget_type=\"button.default\">\n\t\t\t\t<div class=\"elementor-widget-container\">\n\t\t\t\t\t\t\t\t\t<div class=\"elementor-button-wrapper\">\n\t\t\t\t\t<a class=\"elementor-button elementor-button-link elementor-size-sm\" href=\"https:\/\/meetings.hubspot.com\/global\/leonard-rendez-vous-gratuit-avec-un-juriste?utm_source=blog&#038;utm_medium=CTA&#038;utm_campaign=comment_monter_EURL_au_chomage&#038;utm_id=creation_EURL_blog\" target=\"_blank\">\n\t\t\t\t\t\t<span class=\"elementor-button-content-wrapper\">\n\t\t\t\t\t\t\t\t\t<span class=\"elementor-button-text\">Soyez rappel\u00e9 par un juriste gratuitement<\/span>\n\t\t\t\t\t<\/span>\n\t\t\t\t\t<\/a>\n\t\t\t\t<\/div>\n\t\t\t\t\t\t\t\t<\/div>\n\t\t\t\t<\/div>\n\t\t\t\t<\/div>\n\t\t<div data-particle_enable=\"false\" data-particle-mobile-disabled=\"false\" class=\"elementor-element elementor-element-7b6afba3 e-con-full e-flex e-con e-child\" data-id=\"7b6afba3\" data-element_type=\"container\" data-e-type=\"container\">\n\t\t\t\t<div data-dce-background-color=\"#85D2F1\" class=\"elementor-element elementor-element-3c78f414 elementor-widget elementor-widget-button\" data-id=\"3c78f414\" data-element_type=\"widget\" data-e-type=\"widget\" data-widget_type=\"button.default\">\n\t\t\t\t<div class=\"elementor-widget-container\">\n\t\t\t\t\t\t\t\t\t<div class=\"elementor-button-wrapper\">\n\t\t\t\t\t<a class=\"elementor-button elementor-button-link elementor-size-sm\" href=\"https:\/\/share.hsforms.com\/1MCz4iJkPSsaIbYWlbzl6vw1oyza?utm_source=blog&#038;utm_medium=CTA&#038;utm_campaign=comment_monter_EURL_au_chomage&#038;utm_id=creation_EURL_blog\" target=\"_blank\">\n\t\t\t\t\t\t<span class=\"elementor-button-content-wrapper\">\n\t\t\t\t\t\t\t\t\t<span class=\"elementor-button-text\">Publiez votre annonce l\u00e9gale<\/span>\n\t\t\t\t\t<\/span>\n\t\t\t\t\t<\/a>\n\t\t\t\t<\/div>\n\t\t\t\t\t\t\t\t<\/div>\n\t\t\t\t<\/div>\n\t\t\t\t<\/div>\n\t\t\t\t\t<\/div>\n\t\t\t\t<\/div>\n\t\t<div data-particle_enable=\"false\" data-particle-mobile-disabled=\"false\" class=\"elementor-element elementor-element-168427e9 e-flex e-con-boxed e-con e-parent\" data-id=\"168427e9\" data-element_type=\"container\" data-e-type=\"container\">\n\t\t\t\t\t<div class=\"e-con-inner\">\n\t\t\t\t<div class=\"elementor-element elementor-element-73474436 elementor-widget elementor-widget-text-editor\" data-id=\"73474436\" data-element_type=\"widget\" data-e-type=\"widget\" data-widget_type=\"text-editor.default\">\n\t\t\t\t<div class=\"elementor-widget-container\">\n\t\t\t\t\t\t\t\t\t<h2 id=\"1\">\u00a0<\/h2><h2 id=\"1\">Pourquoi cr\u00e9er une EURL en \u00e9tant au ch\u00f4mage ?<\/h2><h3>D\u00e9finition EURL<\/h3><p>L&rsquo;Entreprise Unipersonnelle \u00e0 Responsabilit\u00e9 Limit\u00e9e constitue une <strong>forme de <a href=\"https:\/\/www.legalvision.fr\/forme-juridique-sarl\/\">SARL<\/a><\/strong>, mais avec un associ\u00e9 unique. L&rsquo;EURL est une soci\u00e9t\u00e9 de capitaux dans laquelle la responsabilit\u00e9 de l&rsquo;associ\u00e9 unique est <strong>limit\u00e9e<\/strong> au montant de ses apports. Elle est la forme sociale la plus utilis\u00e9e ces derni\u00e8res ann\u00e9es avec <a href=\"https:\/\/www.legalvision.fr\/creation-dentreprise\/creer-une-sasu\/\">la SASU<\/a> (Soci\u00e9t\u00e9 par Actions Simplifi\u00e9e Unipersonnelle). A la diff\u00e9rence de celle-ci, l&rsquo;EURL est assez encadr\u00e9e juridiquement. Le Code de commerce d\u00e9taille son r\u00e9gime.<\/p><p>Monter une EURL au ch\u00f4mage permet de <strong>cr\u00e9er une personnalit\u00e9 juridique<\/strong> pour sa structure, \u00e0 l&rsquo;inverse du statut auto-entrepreneur, de l&rsquo;Entreprise Individuelle ou de l&rsquo;Entreprise Individuelle \u00e0 Responsabilit\u00e9 Limit\u00e9e.<\/p><h3><b>\u00a0<\/b><\/h3><h3><b>Avantages de cr\u00e9ation d\u2019une EURL<\/b><\/h3><p><span style=\"font-weight: 400;\">Monter une EURL au ch\u00f4mage peut consister en une excellente opportunit\u00e9. Ainsi, en plus de pouvoir s\u00e9parer ses biens personnels de ses biens professionnels, le <\/span><b>montant<\/b><span style=\"font-weight: 400;\"> du<\/span><a href=\"https:\/\/blog.legalvision.fr\/2018\/04\/13\/capital-social\/\"> <span style=\"font-weight: 400;\">capital social<\/span><\/a><span style=\"font-weight: 400;\"> minimum est de <\/span><b>1\u20ac<\/b><span style=\"font-weight: 400;\">. Autrement, il est librement fix\u00e9 par le cr\u00e9ateur de l\u2019EURL. L\u2019apport au capital peut s\u2019effectuer en <\/span><b>num\u00e9raire<\/b><span style=\"font-weight: 400;\"> ou en <\/span><b>nature<\/b><span style=\"font-weight: 400;\">.<\/span><\/p><p><span style=\"font-weight: 400;\">La cr\u00e9ation d\u2019une EURL est simple \u00e0 effectuer, qu\u2019il s\u2019agisse des formalit\u00e9s lors de la cr\u00e9ation ou du fonctionnement de la soci\u00e9t\u00e9. En effet, l\u2019entreprise individuelle \u00e0 responsabilit\u00e9 limit\u00e9e est, par d\u00e9finition, une soci\u00e9t\u00e9 compos\u00e9e que d\u2019un associ\u00e9 unique. Il s\u2019agit ni plus ni moins que d\u2019une SARL compos\u00e9e d\u2019un seul associ\u00e9.<\/span><\/p><p><span style=\"font-weight: 400;\">Le<\/span><a href=\"https:\/\/blog.legalvision.fr\/2018\/03\/29\/regime-fiscal-sarl\/\"> <span style=\"font-weight: 400;\">r\u00e9gime d\u2019imposition de l\u2019EURL<\/span><\/a><span style=\"font-weight: 400;\"> est choisi par l\u2019associ\u00e9 unique entre l\u2019imp\u00f4t sur le revenu (IR) ou l\u2019imp\u00f4t sur les soci\u00e9t\u00e9s (IS). <\/span><span style=\"font-weight: 400;\">Le g\u00e9rant de l\u2019EURL peut donc choisir son statut social et fiscal tout en \u00e9tant au ch\u00f4mage.<\/span><\/p><p><span style=\"font-weight: 400;\">L\u2019EURL, tout comme la SARL, voit la responsabilit\u00e9 de l\u2019associ\u00e9 \u00eatre limit\u00e9e. Il s\u2019agit en effet de l\u2019une des formes de soci\u00e9t\u00e9s \u00e0 responsabilit\u00e9 limit\u00e9e. Cela permet \u00e0 l\u2019associ\u00e9 unique de prot\u00e9ger son patrimoine personnel en le dissociant de celui de la SASU.<\/span><\/p><p><span style=\"font-weight: 400;\">Cette forme de soci\u00e9t\u00e9 permet de cr\u00e9er une soci\u00e9t\u00e9 rapidement tout en <\/span><b>prot\u00e9geant son patrimoine personnel. <\/b><span style=\"font-weight: 400;\">Dans le m\u00eame temps, la cr\u00e9ation d\u2019une EURL permet de <\/span><b>s\u00e9curiser <\/b><span style=\"font-weight: 400;\">votre activit\u00e9 et vous permettra d\u2019obtenir la confiance de vos partenaires, qu\u2019il s&rsquo;agisse des investisseurs ou des clients.<\/span><\/p><p><span style=\"font-weight: 400;\">Enfin, <\/span><b>l\u2019associ\u00e9 unique peut \u00eatre g\u00e9rant<\/b><span style=\"font-weight: 400;\"> de l\u2019EURL. Dans ce cas, il peut donc choisir sa r\u00e9mun\u00e9ration vers\u00e9e au titre de cette fonction. Un tiers peut \u00e9galement poss\u00e9der cette fonction sans \u00eatre associ\u00e9.<\/span><\/p><p><span style=\"font-weight: 400;\">Toutefois, lorsque l\u2019on<\/span><a href=\"https:\/\/blog.legalvision.fr\/2019\/02\/15\/creer-une-eurl-en-ligne-en-48h-gratuitement\/\"> <span style=\"font-weight: 400;\">cr\u00e9e une EURL<\/span><\/a><span style=\"font-weight: 400;\">, il faut penser \u00e0 provisionner une somme pour r\u00e9gler les<\/span><a href=\"https:\/\/blog.legalvision.fr\/2019\/02\/01\/creation-d-une-eurl-formalites-et-couts\/\"> <span style=\"font-weight: 400;\">frais d\u2019immatriculation EURL<\/span><\/a><span style=\"font-weight: 400;\">.<\/span><\/p><p><b>Bon \u00e0 savoir : <\/b><span style=\"font-weight: 400;\">si l\u2019EURL se d\u00e9veloppe, elle peut par la suite \u00eatre transform\u00e9e en SARL facilement. Effectivement, les soci\u00e9t\u00e9s ont la m\u00eame forme juridique, par cons\u00e9quent, ce changement ne constitue pas une transformation de soci\u00e9t\u00e9 \u00e0 proprement parler. Cette modification entra\u00eene toutefois des changements (fiscaux, juridiques, et plus g\u00e9n\u00e9ralement quant au fonctionnement g\u00e9n\u00e9ral de la soci\u00e9t\u00e9).<\/span><\/p><h2><b>\u00a0<\/b><\/h2><h2><b>Quel statut pour le dirigeant de l\u2019EURL ?<\/b><\/h2><p><span style=\"font-weight: 400;\">Cr\u00e9er une EURL et cumuler son ch\u00f4mage, c\u2019est possible. Vous pouvez tout \u00e0 fait \u00eatre g\u00e9rant d\u2019une EURL tout en \u00e9tant au ch\u00f4mage, ce qui permet d\u2019\u00eatre associ\u00e9 et g\u00e9rant et de b\u00e9n\u00e9ficier d\u2019une r\u00e9mun\u00e9ration.<\/span><\/p><p><span style=\"font-weight: 400;\">Comme la SARL, l\u2019EURL peut \u00eatre g\u00e9r\u00e9e par une ou plusieurs personnes. Le g\u00e9rant de l\u2019EURL est n\u00e9cessairement une personne physique. Par ailleurs, il peut \u00eatre l\u2019associ\u00e9 unique ou un tiers.<\/span><\/p><p><b>\u00a0<\/b><\/p><p><b>Bon \u00e0 savoir <\/b><span style=\"font-weight: 400;\">: d\u00e8s lors que l\u2019associ\u00e9 unique est une personne morale, le g\u00e9rant doit \u00eatre n\u00e9cessairement un tiers dans la mesure o\u00f9 ces fonctions ne peuvent \u00eatre assum\u00e9es que par un g\u00e9rant personne physique.<\/span><\/p><h3><b>le r\u00e9gime du g\u00e9rant associ\u00e9<\/b><\/h3><p><span style=\"font-weight: 400;\">Lorsque l\u2019associ\u00e9 unique assume les fonctions de g\u00e9rant, il est trait\u00e9 comme un g\u00e9rant majoritaire de SARL et rel\u00e8ve, en cons\u00e9quence, du r\u00e9gime social des ind\u00e9pendants (RSI).<\/span><\/p><h3><b>Le r\u00e9gime du g\u00e9rant non associ\u00e9<\/b><\/h3><p><span style=\"font-weight: 400;\">Le g\u00e9rant non associ\u00e9 et non r\u00e9mun\u00e9r\u00e9 ne rel\u00e8ve d\u2019aucun r\u00e9gime de s\u00e9curit\u00e9 sociale. En revanche, le g\u00e9rant non associ\u00e9 mais r\u00e9mun\u00e9r\u00e9 est soumis au r\u00e9gime de s\u00e9curit\u00e9 sociale des salari\u00e9s<\/span><\/p><p><span style=\"font-weight: 400;\">Toutefois, le g\u00e9rant non associ\u00e9 de l\u2019EURL est obligatoirement affili\u00e9 au r\u00e9gime des travailleurs non-salari\u00e9s :<\/span><\/p><p><span style=\"font-weight: 400;\">&#8211;<\/span><span style=\"font-weight: 400;\">\u00a0 \u00a0 \u00a0 \u00a0 \u00a0 <\/span><span style=\"font-weight: 400;\">Lorsqu\u2019il a pour conjoint l\u2019associ\u00e9 unique ;<\/span><\/p><p><span style=\"font-weight: 400;\">&#8211;<\/span><span style=\"font-weight: 400;\">\u00a0 \u00a0 \u00a0 \u00a0 \u00a0 <\/span><span style=\"font-weight: 400;\">Ou lorsqu\u2019il est co-g\u00e9rant avec son conjoint qui est au m\u00eame temps l\u2019associ\u00e9 unique<\/span><\/p><p><span style=\"font-weight: 400;\">Le cumul des allocations ch\u00f4mages et du statut de g\u00e9rant de SARL ou d\u2019EURL est possible. Ce cumul est envisageable qu\u2019il s\u2019agisse d\u2019un g\u00e9rant majoritaire de SARL ou d\u2019un g\u00e9rant minoritaire de SARL, qu\u2019il soit r\u00e9mun\u00e9r\u00e9 ou non.<\/span><\/p><p><span style=\"font-weight: 400;\">Ce cumul est toutefois soumis \u00e0 certaines conditions d\u00e9pendant de la situation :<\/span><\/p><p><span style=\"font-weight: 400;\">Le b\u00e9n\u00e9ficiaire de l\u2019allocation d\u2019aide au retour \u00e0 l\u2019emploi exer\u00e7ait d\u00e9j\u00e0 la fonction de g\u00e9rant de SARL ou d\u2019EURL avant de percevoir l\u2019indemnisation de la part de P\u00f4le Emploi.<\/span><\/p><p><span style=\"font-weight: 400;\">Le b\u00e9n\u00e9ficiaire de l\u2019allocation d\u2019aide au retour \u00e0 l\u2019emploi d\u00e9bute une activit\u00e9 de g\u00e9rance apr\u00e8s l\u2019ouverture de ses droits \u00e0 l\u2019allocation ch\u00f4mage.<\/span><\/p><p><span style=\"font-weight: 400;\">Dans les deux cas, le g\u00e9rant doit d\u00e9clarer le maintien ou la reprise de son activit\u00e9 au moment d\u2019actualiser sa situation chaque mois. Dans le cas o\u00f9 il ne dispose pas d\u2019un justificatif de revenus, une avance calcul\u00e9e de mani\u00e8re provisoire lui sera vers\u00e9e. P\u00f4le Emploi proc\u00e8de \u00e0 la r\u00e9gularisation au cours du mois suivant la remise du justificatif.<\/span><\/p><h2 id=\"2\">\u00a0<\/h2><h2 id=\"2\">Quelles aides\u00a0pour monter une EURL au ch\u00f4mage\u00a0?<\/h2><p>Avant d&rsquo;\u00e9voquer les aides sociales dont peut b\u00e9n\u00e9ficier une personne qui souhaite monter une EURL au ch\u00f4mage, il convient de d\u00e9finir ce qu&rsquo;est un <strong>demandeur d&#8217;emploi<\/strong>.\u00a0Selon l&rsquo;<a href=\"https:\/\/www.insee.fr\/fr\/metadonnees\/definition\/c1490\">INSEE<\/a>, un demandeur d&#8217;emploi est \u00ab\u00a0une <strong>personne<\/strong> qui a la possibilit\u00e9 de <strong>s&rsquo;inscrire et de s&rsquo;enregistrer \u00e0 P\u00f4le Emploi<\/strong> dans diff\u00e9rentes cat\u00e9gories\u00a0de demandes d&#8217;emploi\u00a0en fonction de leur disponibilit\u00e9, du type de contrat recherch\u00e9 et de la quotit\u00e9 de temps de travail souhait\u00e9e\u00a0\u00bb.<\/p><h3>\u00a0<\/h3><h3>Monter une EURL au ch\u00f4mage : comment obtenir l&rsquo;ARE ?<\/h3><h4>Qui a droit aux allocations ch\u00f4mage ?<\/h4><p>L&rsquo;Etat a\u00a0choisi de maintenir le b\u00e9n\u00e9fice\u00a0des <strong>aides financi\u00e8res<\/strong>\u00a0\u00ab\u00a0ch\u00f4mage\u00a0\u00bb lorsqu&rsquo;une personne effectue une <strong>demande d&rsquo;immatriculation<\/strong> pour son EURL. A ce titre, le demandeur d&#8217;emploi qui cr\u00e9e une EURL pourra avoir droit au <a href=\"https:\/\/blog.legalvision.fr\/2019\/01\/23\/are-et-creation-entreprise-comment-ca-marche\/\">maintien de\u00a0l&rsquo;ARE<\/a>\u00a0(aide au retour \u00e0 l&#8217;emploi).<\/p><p>Pour rappel,\u00a0diff\u00e9rents crit\u00e8res conditionnent le droit aux allocations ch\u00f4mage, notamment :<\/p><ul><li>la situation personnelle : \u00e2ge et aptitude physique ;<\/li><li>les conditions de rupture du contrat de travail ;<\/li><li>la dur\u00e9e de\u00a0l&#8217;emploi du demandeur d&rsquo;aide financi\u00e8re.<\/li><\/ul><p>Ainsi, le demandeur d&#8217;emploi doit avoir travaill\u00e9 et donc cotis\u00e9 au moins <strong>88 jours ou 610 heures<\/strong> pour monter son EURL tout en recevant l&rsquo;allocation ch\u00f4mage. Pour v\u00e9rifier si cette dur\u00e9e de cotisation a bien \u00e9t\u00e9 accomplie, P\u00f4le emploi regarde les 28 derniers mois pour une personne ayant moins de 53 ans, ou les\u00a036 derniers mois pour une personne ayant 53 ans ou plus.<\/p><h4>\u00a0<\/h4><h4>Quel montant d&rsquo;allocation ch\u00f4mage pour le cr\u00e9ateur d&rsquo;EURL ?<\/h4><p>Deux cas sont \u00e0 diff\u00e9rencier\u00a0lorsqu&rsquo;un entrepreneur d\u00e9cide de monter <a href=\"https:\/\/blog.legalvision.fr\/2018\/05\/13\/statut-eurl\/\">une EURL<\/a> au ch\u00f4mage.<\/p><ul><li><strong>\u00a0Monter une EURL au ch\u00f4mage\u00a0apr\u00e8s l&rsquo;inscription \u00e0 Pole Emploi<\/strong><\/li><\/ul><p>Dans ce cas, le<strong> montant des indemnit\u00e9s<\/strong> est d\u00e9termin\u00e9 en fonction du\u00a0montant de l&rsquo;ancien salaire, et des revenus au titre de l&rsquo;activit\u00e9 exploit\u00e9e dans l&rsquo;EURL.<\/p><p>Ainsi, pour recevoir les <strong>aides financi\u00e8res<\/strong> de P\u00f4le emploi lorsqu&rsquo;on d\u00e9cide de monter une EURL au ch\u00f4mage, le montant total des r\u00e9mun\u00e9rations (allocation ch\u00f4mage et revenus de l&rsquo;EURL) ne doit pas d\u00e9passer<strong> le salaire brut de r\u00e9f\u00e9rence<\/strong> per\u00e7u avant la rupture du contrat de travail.<\/p><p>Le montant de l&rsquo;allocation ch\u00f4mage est toujours calcul\u00e9 en fonction de l&rsquo;ancien salaire du demandeur d&#8217;emploi.\u00a0En cas de cr\u00e9ation d&rsquo;une EURL au ch\u00f4mage, <strong>P\u00f4le emploi d\u00e9duit de l&rsquo;allocation ch\u00f4mage \u00ab\u00a0normale\u00a0\u00bb 70% des r\u00e9mun\u00e9rations\u00a0re\u00e7ues au titre de l&rsquo;EURL<\/strong>.<\/p><p>Pour\u00a0v\u00e9rifier le montant des r\u00e9mun\u00e9rations per\u00e7ues au titre de l&rsquo;EURL, P\u00f4le emploi se r\u00e9f\u00e8re notamment \u00e0 la d\u00e9claration effectu\u00e9e au titre des assurance sociales de l&rsquo;EURL (<a href=\"http:\/\/www.dsn-info.fr\/\">D\u00e9claration Sociale Nominative<\/a> et <a href=\"https:\/\/www.net-entreprises.fr\/vos-declarations-en-ligne\/dsi\/#lessentiel\">D\u00e9claration Sociale des Ind\u00e9pendants<\/a>).<\/p><ul><li><h4><strong>Monter une EURL au ch\u00f4mage\u00a0avant l&rsquo;inscription \u00e0 Pole Emploi<\/strong><\/h4><\/li><\/ul><p>Par exception, lorsque l&rsquo;EURL est\u00a0immatricul\u00e9e <strong>avant l&rsquo;inscription \u00e0 P\u00f4le emploi<\/strong>,<strong> l&rsquo;int\u00e9gralit\u00e9 de l&rsquo;ARE peut se cumuler avec les revenus per\u00e7us au titre de l&rsquo;EURL.<\/strong> Le calcul pr\u00e9c\u00e9dent ne s&rsquo;applique pas dans ce cas. Cependant, afin d&rsquo;\u00e9viter les cas de fraude, P\u00f4le emploi exige une condition essentielle.\u00a0Un cumul effectif des revenus des deux activit\u00e9s doit avoir lieu avant la date de rupture du contrat de travail.<\/p><h4>\u00a0<\/h4><h4>Quelles formalit\u00e9s pour toucher le ch\u00f4mage tout en cr\u00e9ant une EURL ?<\/h4><p>Plusieurs formalit\u00e9s doivent \u00eatre accomplies afin de pouvoir b\u00e9n\u00e9ficier de l&rsquo;ARE, \u00e0 savoir :<\/p><ul><li><strong>L&rsquo;inscription initiale comme demandeur d&#8217;emploi<\/strong> sur le <a href=\"https:\/\/candidat.pole-emploi.fr\/inscription\/preambule\">site de P\u00f4le emploi<\/a>.<\/li><li><strong>L&rsquo;actualisation de la demande d&#8217;emploi<\/strong> : cette demande doit s&rsquo;effectuer chaque mois sur le\u00a0<a href=\"https:\/\/actualisation.pole-emploi.fr\/login.htm\">site d\u2019actualisation<\/a>.\u00a0Celle-ci vous permet de maintenir votre inscription et de d\u00e9clencher le paiement des allocations financi\u00e8res. Un calendrier des paiements d\u00e9termine ces p\u00e9riodes d&rsquo;actualisation. Cette actualisation s&rsquo;effectue en fin de mois afin de recevoir un paiement en d\u00e9but de mois suivant.<\/li><li><strong>Une d\u00e9claration mensuelle d&rsquo;activit\u00e9 professionnelle<\/strong> : le montant des r\u00e9mun\u00e9rations doit \u00eatre indiqu\u00e9. Il constitue la base de P\u00f4le emploi pour d\u00e9terminer le montant de l&rsquo;ARE \u00e0 verser.<\/li><li><strong>Des justificatifs de r\u00e9mun\u00e9ration<\/strong> : ces justificatifs doivent \u00eatre transmis lors de l&rsquo;actualisation mensuelle.<\/li><\/ul><h3>\u00a0<\/h3><h3>Monter une EURL au ch\u00f4mage : comment obtenir l&rsquo;ARCE ?<\/h3><p>Ensuite, lorsqu&rsquo;une personne d\u00e9cide de monter une EURL au ch\u00f4mage, elle peut obtenir <strong>l&rsquo;<a href=\"https:\/\/www.legalvision.fr\/creation-dentreprise\/arce\/\">ARCE<\/a><\/strong>. L&rsquo;aide \u00e0 la reprise ou \u00e0 la cr\u00e9ation d&rsquo;entreprise (ARCE) consiste en r\u00e9alit\u00e9 en une<strong> modalit\u00e9 de versement de l&rsquo;ARE<\/strong>. Afin de pouvoir obtenir l&rsquo;ARCE,\u00a0il faut\u00a0:<\/p><ul><li>\u00eatre allocataire de l&rsquo;ARE.<\/li><li>\u00eatre inscrit \u00e0 P\u00f4le emploi puis cr\u00e9er ou reprendre une entreprise.<\/li><li>recevoir l&rsquo;ACRE (cf infra).<\/li><\/ul><p>Le montant de l&rsquo;ARCE correspond \u00e0 <strong>45% du montant de l&rsquo;ARE<\/strong>, diminu\u00e9 de la participation de 3% aux fins du financement des retraites compl\u00e9mentaire.<\/p><p>Les modalit\u00e9s de versement s&rsquo;effectuent comme ceci :<\/p><ul><li><strong>50%<\/strong> du montant de l&rsquo;ARCE sont vers\u00e9s lors du d\u00e9but d\u2019activit\u00e9, ou \u00e0 la date d\u2019ouverture des droits \u00e0 l\u2019ARE lorsque celle-ci est post\u00e9rieure.<\/li><li>les autres <strong>50%<\/strong> sont vers\u00e9s 6 mois apr\u00e8s. Pour cela, l&rsquo;activit\u00e9 professionnelle exerc\u00e9e dans l&rsquo;EURL doit encore \u00eatre effective \u00e0 cette date.<\/li><\/ul><p>Enfin, une derni\u00e8re aide financi\u00e8re est \u00e9galement possible lorsqu&rsquo;une personne choisit de monter une EURL au ch\u00f4mage.<\/p><h3>\u00a0<\/h3><h3>Monter une EURL au ch\u00f4mage : comment obtenir l&rsquo;ACRE ?<\/h3><p>L&rsquo;<a href=\"https:\/\/www.legifrance.gouv.fr\/affichCodeArticle.do?cidTexte=LEGITEXT000006073189&amp;idArticle=LEGIARTI000036366764\">aide aux cr\u00e9ateurs et repreneurs d&rsquo;entreprise<\/a> (ACRE) correspond \u00e0 un <strong>dispositif d&rsquo;exon\u00e9ration des cotisations sociales<\/strong> pour le cr\u00e9ateur d&rsquo;entreprise. Elle peut vous permettre d&rsquo;<a href=\"https:\/\/blog.legalvision.fr\/2019\/02\/18\/optimisation-charges-sociales-gerant-eurl-tous-les-conseils-des-experts\/\">optimiser les charges sociales du g\u00e9rant de l&rsquo;EURL<\/a>.<\/p><p>Depuis le 1er janvier 2019, la demande d&rsquo;ACRE est<strong> automatique<\/strong>\u00a0pour tout cr\u00e9ateur d&rsquo;entreprise. En effet, avant cette date, il fallait remplir certaines conditions\u00a0pour\u00a0recevoir l&rsquo;ACRE, comme \u00eatre demandeur d&#8217;emploi ou \u00eatre au RSA. D\u00e8s lors, la personne qui d\u00e9cide de monter une EURL au ch\u00f4mage\u00a0est en droit de b\u00e9n\u00e9ficier de l&rsquo;ACRE.<\/p><p>Toutefois, m\u00eame depuis le 1er janvier 2019, certains crit\u00e8res\u00a0restent exig\u00e9s pour avoir droit \u00e0 l&rsquo;ACRE. Ainsi, il ne faut pas d\u00e9j\u00e0 avoir\u00a0per\u00e7u l&rsquo;ACRE au cours des trois derni\u00e8res ann\u00e9es, et d\u00e9tenir un certain pourcentage des parts de l&rsquo;EURL.<\/p><p>Une fois\u00a0l&rsquo;ACRE accord\u00e9e, l&rsquo;EURL est alors exon\u00e9r\u00e9e <strong>pendant 12 mois<\/strong> de l&rsquo;ensemble des cotisations d&rsquo;assurance maladie, maternit\u00e9, retraite de base, vieillesse, invalidit\u00e9, d\u00e9c\u00e8s et d&rsquo;allocations familiales. Pour cela, le revenu professionnel ne doit pas d\u00e9passer un certain <strong>plafond,<\/strong> dont le montant est d\u00e9termin\u00e9 chaque ann\u00e9e par l&rsquo;URSSAF. Ainsi, en 2019 :<\/p><ul><li>lorsque le revenu professionnel est inf\u00e9rieur \u00e0 30 393\u20ac : exon\u00e9ration <strong>totale<\/strong>.<\/li><li>lorsqu&rsquo;il est compris entre 30 393\u20ac et 40 524\u20ac : exon\u00e9ration <strong>d\u00e9gressive<\/strong>.<\/li><li>lorsqu&rsquo;il est sup\u00e9rieur \u00e0\u00a040\u00a0524\u00a0\u20ac : exon\u00e9ration<strong> refus\u00e9e<\/strong>.<\/li><\/ul><div>D\u00e9sormais, vous savez tout pour <a href=\"https:\/\/www.legalvision.fr\/creation-dentreprise\/creation-eurl\/\">monter une EURL<\/a> au ch\u00f4mage !<\/div><div>\u00a0<\/div><div>\u00a0<\/div><div class=\"wp-block-button\" style=\"text-align: center;\"><a class=\"wp-block-button__link has-background\" href=\"https:\/\/leonard.fr\/juridique\/creation-entreprise\/creation-dune-eurl-leonard\/?utm_source=blog&amp;utm_medium=CTA&amp;utm_campaign=comment_monter_EURL_au_chomage&amp;utm_id=creation_EURL_blog\">Cr\u00e9ez votre EURL en ligne<\/a><\/div>\t\t\t\t\t\t\t\t<\/div>\n\t\t\t\t<\/div>\n\t\t\t\t\t<\/div>\n\t\t\t\t<\/div>\n\t\t\t\t<\/div>\n\t\t","protected":false},"excerpt":{"rendered":"<p>Monter une EURL au ch\u00f4mage revient \u00e0 cr\u00e9er une\u00a0SARL (Soci\u00e9t\u00e9 \u00e0 Responsabilit\u00e9 Limit\u00e9e) \u00e0 \u00ab\u00a0associ\u00e9 unique\u00ab\u00a0, alors que l&rsquo;on est au ch\u00f4mage. Le statut EURL (Entreprise Unipersonnelle \u00e0 Responsabilit\u00e9 Limit\u00e9e) est une forme sociale particuli\u00e8rement choisie par les entrepreneurs r\u00e9cemment. Lorsqu&rsquo;une personne est demandeur d&#8217;emploi, elle peut toujours d\u00e9cider d&rsquo;immatriculer\u00a0son entreprise en parall\u00e8le, tout en&hellip; <a class=\"more-link\" href=\"https:\/\/www.legalvision.fr\/guides-juridiques\/eurl\/comment-monter-une-eurl-au-chomage\/\">Poursuivre la lecture <span class=\"screen-reader-text\">Comment monter une EURL au ch\u00f4mage ?<\/span><\/a><\/p>\n","protected":false},"author":33,"featured_media":24130,"comment_status":"open","ping_status":"open","sticky":false,"template":"","format":"standard","meta":{"content-type":"","inline_featured_image":false,"footnotes":""},"categories":[2488],"tags":[],"class_list":["post-11639","post","type-post","status-publish","format-standard","has-post-thumbnail","hentry","category-eurl","entry"],"yoast_head":"<!-- This site is optimized with the Yoast SEO plugin v27.1.1 - https:\/\/yoast.com\/product\/yoast-seo-wordpress\/ -->\n<title>Monter une EURL au ch\u00f4mage - Le guide LegalVision<\/title>\n<meta name=\"description\" content=\"Comment monter une EURL au ch\u00f4mage ? LegalVision fait le point sur les avantages de la cr\u00e9ation d&#039;une EURL au ch\u00f4mage, ainsi que les aides disponibles.\" \/>\n<meta name=\"robots\" content=\"index, follow, max-snippet:-1, max-image-preview:large, max-video-preview:-1\" \/>\n<link rel=\"canonical\" href=\"https:\/\/www.legalvision.fr\/guides-juridiques\/eurl\/comment-monter-une-eurl-au-chomage\/\" \/>\n<meta property=\"og:locale\" content=\"fr_FR\" \/>\n<meta property=\"og:type\" content=\"article\" \/>\n<meta property=\"og:title\" content=\"Monter une EURL au ch\u00f4mage - Le guide LegalVision\" \/>\n<meta property=\"og:description\" content=\"Comment monter une EURL au ch\u00f4mage ? LegalVision fait le point sur les avantages de la cr\u00e9ation d&#039;une EURL au ch\u00f4mage, ainsi que les aides disponibles.\" \/>\n<meta property=\"og:url\" content=\"https:\/\/www.legalvision.fr\/guides-juridiques\/eurl\/comment-monter-une-eurl-au-chomage\/\" \/>\n<meta property=\"og:site_name\" content=\"Guides juridiques\" \/>\n<meta property=\"article:published_time\" content=\"2019-03-21T06:30:52+00:00\" \/>\n<meta property=\"article:modified_time\" content=\"2023-11-09T14:46:17+00:00\" \/>\n<meta property=\"og:image\" content=\"https:\/\/www.legalvision.fr\/guides-juridiques\/wp-content\/uploads\/2019\/03\/Monter-une-EURL-au-ch\u00f4mage-min.jpg\" \/>\n\t<meta property=\"og:image:width\" content=\"958\" \/>\n\t<meta property=\"og:image:height\" content=\"350\" \/>\n\t<meta property=\"og:image:type\" content=\"image\/jpeg\" \/>\n<meta name=\"author\" content=\"Sacha.Cohen\" \/>\n<meta name=\"twitter:card\" content=\"summary_large_image\" \/>\n<meta name=\"twitter:label1\" content=\"\u00c9crit par\" \/>\n\t<meta name=\"twitter:data1\" content=\"Sacha.Cohen\" \/>\n\t<meta name=\"twitter:label2\" content=\"Dur\u00e9e de lecture estim\u00e9e\" \/>\n\t<meta name=\"twitter:data2\" content=\"11 minutes\" \/>\n<script type=\"application\/ld+json\" class=\"yoast-schema-graph\">{\"@context\":\"https:\/\/schema.org\",\"@graph\":[{\"@type\":\"Article\",\"@id\":\"https:\/\/www.legalvision.fr\/guides-juridiques\/eurl\/comment-monter-une-eurl-au-chomage\/#article\",\"isPartOf\":{\"@id\":\"https:\/\/www.legalvision.fr\/guides-juridiques\/eurl\/comment-monter-une-eurl-au-chomage\/\"},\"author\":{\"name\":\"Sacha.Cohen\",\"@id\":\"https:\/\/www.legalvision.fr\/guides-juridiques\/#\/schema\/person\/49bcfe1319a527ee9e9feb3a0df896af\"},\"headline\":\"Comment monter une EURL au ch\u00f4mage ?\",\"datePublished\":\"2019-03-21T06:30:52+00:00\",\"dateModified\":\"2023-11-09T14:46:17+00:00\",\"mainEntityOfPage\":{\"@id\":\"https:\/\/www.legalvision.fr\/guides-juridiques\/eurl\/comment-monter-une-eurl-au-chomage\/\"},\"wordCount\":2397,\"commentCount\":0,\"publisher\":{\"@id\":\"https:\/\/www.legalvision.fr\/guides-juridiques\/#organization\"},\"image\":{\"@id\":\"https:\/\/www.legalvision.fr\/guides-juridiques\/eurl\/comment-monter-une-eurl-au-chomage\/#primaryimage\"},\"thumbnailUrl\":\"https:\/\/www.legalvision.fr\/guides-juridiques\/wp-content\/uploads\/2019\/03\/Monter-une-EURL-au-ch\u00f4mage-min.jpg\",\"articleSection\":[\"EURL\"],\"inLanguage\":\"fr-FR\",\"potentialAction\":[{\"@type\":\"CommentAction\",\"name\":\"Comment\",\"target\":[\"https:\/\/www.legalvision.fr\/guides-juridiques\/eurl\/comment-monter-une-eurl-au-chomage\/#respond\"]}]},{\"@type\":\"WebPage\",\"@id\":\"https:\/\/www.legalvision.fr\/guides-juridiques\/eurl\/comment-monter-une-eurl-au-chomage\/\",\"url\":\"https:\/\/www.legalvision.fr\/guides-juridiques\/eurl\/comment-monter-une-eurl-au-chomage\/\",\"name\":\"Monter une EURL au ch\u00f4mage - Le guide LegalVision\",\"isPartOf\":{\"@id\":\"https:\/\/www.legalvision.fr\/guides-juridiques\/#website\"},\"primaryImageOfPage\":{\"@id\":\"https:\/\/www.legalvision.fr\/guides-juridiques\/eurl\/comment-monter-une-eurl-au-chomage\/#primaryimage\"},\"image\":{\"@id\":\"https:\/\/www.legalvision.fr\/guides-juridiques\/eurl\/comment-monter-une-eurl-au-chomage\/#primaryimage\"},\"thumbnailUrl\":\"https:\/\/www.legalvision.fr\/guides-juridiques\/wp-content\/uploads\/2019\/03\/Monter-une-EURL-au-ch\u00f4mage-min.jpg\",\"datePublished\":\"2019-03-21T06:30:52+00:00\",\"dateModified\":\"2023-11-09T14:46:17+00:00\",\"description\":\"Comment monter une EURL au ch\u00f4mage ? LegalVision fait le point sur les avantages de la cr\u00e9ation d'une EURL au ch\u00f4mage, ainsi que les aides disponibles.\",\"breadcrumb\":{\"@id\":\"https:\/\/www.legalvision.fr\/guides-juridiques\/eurl\/comment-monter-une-eurl-au-chomage\/#breadcrumb\"},\"inLanguage\":\"fr-FR\",\"potentialAction\":[{\"@type\":\"ReadAction\",\"target\":[\"https:\/\/www.legalvision.fr\/guides-juridiques\/eurl\/comment-monter-une-eurl-au-chomage\/\"]}]},{\"@type\":\"ImageObject\",\"inLanguage\":\"fr-FR\",\"@id\":\"https:\/\/www.legalvision.fr\/guides-juridiques\/eurl\/comment-monter-une-eurl-au-chomage\/#primaryimage\",\"url\":\"https:\/\/www.legalvision.fr\/guides-juridiques\/wp-content\/uploads\/2019\/03\/Monter-une-EURL-au-ch\u00f4mage-min.jpg\",\"contentUrl\":\"https:\/\/www.legalvision.fr\/guides-juridiques\/wp-content\/uploads\/2019\/03\/Monter-une-EURL-au-ch\u00f4mage-min.jpg\",\"width\":958,\"height\":350,\"caption\":\"Monter une EURL au ch\u00f4mage\"},{\"@type\":\"BreadcrumbList\",\"@id\":\"https:\/\/www.legalvision.fr\/guides-juridiques\/eurl\/comment-monter-une-eurl-au-chomage\/#breadcrumb\",\"itemListElement\":[{\"@type\":\"ListItem\",\"position\":1,\"name\":\"Accueil\",\"item\":\"https:\/\/www.legalvision.fr\/guides-juridiques\/\"},{\"@type\":\"ListItem\",\"position\":2,\"name\":\"EURL\",\"item\":\"https:\/\/www.legalvision.fr\/guides-juridiques\/eurl\/\"},{\"@type\":\"ListItem\",\"position\":3,\"name\":\"Comment monter une EURL au ch\u00f4mage ?\"}]},{\"@type\":\"WebSite\",\"@id\":\"https:\/\/www.legalvision.fr\/guides-juridiques\/#website\",\"url\":\"https:\/\/www.legalvision.fr\/guides-juridiques\/\",\"name\":\"Guides juridiques\",\"description\":\"L&#039;information juridique \u00e0 destination des entreprises et TPE\",\"publisher\":{\"@id\":\"https:\/\/www.legalvision.fr\/guides-juridiques\/#organization\"},\"potentialAction\":[{\"@type\":\"SearchAction\",\"target\":{\"@type\":\"EntryPoint\",\"urlTemplate\":\"https:\/\/www.legalvision.fr\/guides-juridiques\/?s={search_term_string}\"},\"query-input\":{\"@type\":\"PropertyValueSpecification\",\"valueRequired\":true,\"valueName\":\"search_term_string\"}}],\"inLanguage\":\"fr-FR\"},{\"@type\":\"Organization\",\"@id\":\"https:\/\/www.legalvision.fr\/guides-juridiques\/#organization\",\"name\":\"Guides juridiques\",\"url\":\"https:\/\/www.legalvision.fr\/guides-juridiques\/\",\"logo\":{\"@type\":\"ImageObject\",\"inLanguage\":\"fr-FR\",\"@id\":\"https:\/\/www.legalvision.fr\/guides-juridiques\/#\/schema\/logo\/image\/\",\"url\":\"https:\/\/www.legalvision.fr\/guides-juridiques\/wp-content\/uploads\/2022\/10\/LV-Logotype.png\",\"contentUrl\":\"https:\/\/www.legalvision.fr\/guides-juridiques\/wp-content\/uploads\/2022\/10\/LV-Logotype.png\",\"width\":647,\"height\":125,\"caption\":\"Guides juridiques\"},\"image\":{\"@id\":\"https:\/\/www.legalvision.fr\/guides-juridiques\/#\/schema\/logo\/image\/\"}},{\"@type\":\"Person\",\"@id\":\"https:\/\/www.legalvision.fr\/guides-juridiques\/#\/schema\/person\/49bcfe1319a527ee9e9feb3a0df896af\",\"name\":\"Sacha.Cohen\",\"image\":{\"@type\":\"ImageObject\",\"inLanguage\":\"fr-FR\",\"@id\":\"https:\/\/www.legalvision.fr\/guides-juridiques\/#\/schema\/person\/image\/\",\"url\":\"https:\/\/www.legalvision.fr\/guides-juridiques\/wp-content\/uploads\/2023\/07\/femme18-96x96.png\",\"contentUrl\":\"https:\/\/www.legalvision.fr\/guides-juridiques\/wp-content\/uploads\/2023\/07\/femme18-96x96.png\",\"caption\":\"Sacha.Cohen\"},\"description\":\"Sacha est juriste au sein de LegalVision. \u00c9l\u00e8ve-avocat et titulaire d'un Master 2 Droit des affaires internationales \u00e0 Assas, il s'int\u00e9resse tout particuli\u00e8rement au droit des soci\u00e9t\u00e9s.\",\"url\":\"https:\/\/www.legalvision.fr\/guides-juridiques\/author\/sacha-cohen\/\"}]}<\/script>\n<!-- \/ Yoast SEO plugin. -->","yoast_head_json":{"title":"Monter une EURL au ch\u00f4mage - Le guide LegalVision","description":"Comment monter une EURL au ch\u00f4mage ? LegalVision fait le point sur les avantages de la cr\u00e9ation d'une EURL au ch\u00f4mage, ainsi que les aides disponibles.","robots":{"index":"index","follow":"follow","max-snippet":"max-snippet:-1","max-image-preview":"max-image-preview:large","max-video-preview":"max-video-preview:-1"},"canonical":"https:\/\/www.legalvision.fr\/guides-juridiques\/eurl\/comment-monter-une-eurl-au-chomage\/","og_locale":"fr_FR","og_type":"article","og_title":"Monter une EURL au ch\u00f4mage - Le guide LegalVision","og_description":"Comment monter une EURL au ch\u00f4mage ? LegalVision fait le point sur les avantages de la cr\u00e9ation d'une EURL au ch\u00f4mage, ainsi que les aides disponibles.","og_url":"https:\/\/www.legalvision.fr\/guides-juridiques\/eurl\/comment-monter-une-eurl-au-chomage\/","og_site_name":"Guides juridiques","article_published_time":"2019-03-21T06:30:52+00:00","article_modified_time":"2023-11-09T14:46:17+00:00","og_image":[{"width":958,"height":350,"url":"https:\/\/www.legalvision.fr\/guides-juridiques\/wp-content\/uploads\/2019\/03\/Monter-une-EURL-au-ch\u00f4mage-min.jpg","type":"image\/jpeg"}],"author":"Sacha.Cohen","twitter_card":"summary_large_image","twitter_misc":{"\u00c9crit par":"Sacha.Cohen","Dur\u00e9e de lecture estim\u00e9e":"11 minutes"},"schema":{"@context":"https:\/\/schema.org","@graph":[{"@type":"Article","@id":"https:\/\/www.legalvision.fr\/guides-juridiques\/eurl\/comment-monter-une-eurl-au-chomage\/#article","isPartOf":{"@id":"https:\/\/www.legalvision.fr\/guides-juridiques\/eurl\/comment-monter-une-eurl-au-chomage\/"},"author":{"name":"Sacha.Cohen","@id":"https:\/\/www.legalvision.fr\/guides-juridiques\/#\/schema\/person\/49bcfe1319a527ee9e9feb3a0df896af"},"headline":"Comment monter une EURL au ch\u00f4mage ?","datePublished":"2019-03-21T06:30:52+00:00","dateModified":"2023-11-09T14:46:17+00:00","mainEntityOfPage":{"@id":"https:\/\/www.legalvision.fr\/guides-juridiques\/eurl\/comment-monter-une-eurl-au-chomage\/"},"wordCount":2397,"commentCount":0,"publisher":{"@id":"https:\/\/www.legalvision.fr\/guides-juridiques\/#organization"},"image":{"@id":"https:\/\/www.legalvision.fr\/guides-juridiques\/eurl\/comment-monter-une-eurl-au-chomage\/#primaryimage"},"thumbnailUrl":"https:\/\/www.legalvision.fr\/guides-juridiques\/wp-content\/uploads\/2019\/03\/Monter-une-EURL-au-ch\u00f4mage-min.jpg","articleSection":["EURL"],"inLanguage":"fr-FR","potentialAction":[{"@type":"CommentAction","name":"Comment","target":["https:\/\/www.legalvision.fr\/guides-juridiques\/eurl\/comment-monter-une-eurl-au-chomage\/#respond"]}]},{"@type":"WebPage","@id":"https:\/\/www.legalvision.fr\/guides-juridiques\/eurl\/comment-monter-une-eurl-au-chomage\/","url":"https:\/\/www.legalvision.fr\/guides-juridiques\/eurl\/comment-monter-une-eurl-au-chomage\/","name":"Monter une EURL au ch\u00f4mage - Le guide LegalVision","isPartOf":{"@id":"https:\/\/www.legalvision.fr\/guides-juridiques\/#website"},"primaryImageOfPage":{"@id":"https:\/\/www.legalvision.fr\/guides-juridiques\/eurl\/comment-monter-une-eurl-au-chomage\/#primaryimage"},"image":{"@id":"https:\/\/www.legalvision.fr\/guides-juridiques\/eurl\/comment-monter-une-eurl-au-chomage\/#primaryimage"},"thumbnailUrl":"https:\/\/www.legalvision.fr\/guides-juridiques\/wp-content\/uploads\/2019\/03\/Monter-une-EURL-au-ch\u00f4mage-min.jpg","datePublished":"2019-03-21T06:30:52+00:00","dateModified":"2023-11-09T14:46:17+00:00","description":"Comment monter une EURL au ch\u00f4mage ? LegalVision fait le point sur les avantages de la cr\u00e9ation d'une EURL au ch\u00f4mage, ainsi que les aides disponibles.","breadcrumb":{"@id":"https:\/\/www.legalvision.fr\/guides-juridiques\/eurl\/comment-monter-une-eurl-au-chomage\/#breadcrumb"},"inLanguage":"fr-FR","potentialAction":[{"@type":"ReadAction","target":["https:\/\/www.legalvision.fr\/guides-juridiques\/eurl\/comment-monter-une-eurl-au-chomage\/"]}]},{"@type":"ImageObject","inLanguage":"fr-FR","@id":"https:\/\/www.legalvision.fr\/guides-juridiques\/eurl\/comment-monter-une-eurl-au-chomage\/#primaryimage","url":"https:\/\/www.legalvision.fr\/guides-juridiques\/wp-content\/uploads\/2019\/03\/Monter-une-EURL-au-ch\u00f4mage-min.jpg","contentUrl":"https:\/\/www.legalvision.fr\/guides-juridiques\/wp-content\/uploads\/2019\/03\/Monter-une-EURL-au-ch\u00f4mage-min.jpg","width":958,"height":350,"caption":"Monter une EURL au ch\u00f4mage"},{"@type":"BreadcrumbList","@id":"https:\/\/www.legalvision.fr\/guides-juridiques\/eurl\/comment-monter-une-eurl-au-chomage\/#breadcrumb","itemListElement":[{"@type":"ListItem","position":1,"name":"Accueil","item":"https:\/\/www.legalvision.fr\/guides-juridiques\/"},{"@type":"ListItem","position":2,"name":"EURL","item":"https:\/\/www.legalvision.fr\/guides-juridiques\/eurl\/"},{"@type":"ListItem","position":3,"name":"Comment monter une EURL au ch\u00f4mage ?"}]},{"@type":"WebSite","@id":"https:\/\/www.legalvision.fr\/guides-juridiques\/#website","url":"https:\/\/www.legalvision.fr\/guides-juridiques\/","name":"Guides juridiques","description":"L&#039;information juridique \u00e0 destination des entreprises et TPE","publisher":{"@id":"https:\/\/www.legalvision.fr\/guides-juridiques\/#organization"},"potentialAction":[{"@type":"SearchAction","target":{"@type":"EntryPoint","urlTemplate":"https:\/\/www.legalvision.fr\/guides-juridiques\/?s={search_term_string}"},"query-input":{"@type":"PropertyValueSpecification","valueRequired":true,"valueName":"search_term_string"}}],"inLanguage":"fr-FR"},{"@type":"Organization","@id":"https:\/\/www.legalvision.fr\/guides-juridiques\/#organization","name":"Guides juridiques","url":"https:\/\/www.legalvision.fr\/guides-juridiques\/","logo":{"@type":"ImageObject","inLanguage":"fr-FR","@id":"https:\/\/www.legalvision.fr\/guides-juridiques\/#\/schema\/logo\/image\/","url":"https:\/\/www.legalvision.fr\/guides-juridiques\/wp-content\/uploads\/2022\/10\/LV-Logotype.png","contentUrl":"https:\/\/www.legalvision.fr\/guides-juridiques\/wp-content\/uploads\/2022\/10\/LV-Logotype.png","width":647,"height":125,"caption":"Guides juridiques"},"image":{"@id":"https:\/\/www.legalvision.fr\/guides-juridiques\/#\/schema\/logo\/image\/"}},{"@type":"Person","@id":"https:\/\/www.legalvision.fr\/guides-juridiques\/#\/schema\/person\/49bcfe1319a527ee9e9feb3a0df896af","name":"Sacha.Cohen","image":{"@type":"ImageObject","inLanguage":"fr-FR","@id":"https:\/\/www.legalvision.fr\/guides-juridiques\/#\/schema\/person\/image\/","url":"https:\/\/www.legalvision.fr\/guides-juridiques\/wp-content\/uploads\/2023\/07\/femme18-96x96.png","contentUrl":"https:\/\/www.legalvision.fr\/guides-juridiques\/wp-content\/uploads\/2023\/07\/femme18-96x96.png","caption":"Sacha.Cohen"},"description":"Sacha est juriste au sein de LegalVision. \u00c9l\u00e8ve-avocat et titulaire d'un Master 2 Droit des affaires internationales \u00e0 Assas, il s'int\u00e9resse tout particuli\u00e8rement au droit des soci\u00e9t\u00e9s.","url":"https:\/\/www.legalvision.fr\/guides-juridiques\/author\/sacha-cohen\/"}]}},"_links":{"self":[{"href":"https:\/\/www.legalvision.fr\/guides-juridiques\/wp-json\/wp\/v2\/posts\/11639","targetHints":{"allow":["GET"]}}],"collection":[{"href":"https:\/\/www.legalvision.fr\/guides-juridiques\/wp-json\/wp\/v2\/posts"}],"about":[{"href":"https:\/\/www.legalvision.fr\/guides-juridiques\/wp-json\/wp\/v2\/types\/post"}],"author":[{"embeddable":true,"href":"https:\/\/www.legalvision.fr\/guides-juridiques\/wp-json\/wp\/v2\/users\/33"}],"replies":[{"embeddable":true,"href":"https:\/\/www.legalvision.fr\/guides-juridiques\/wp-json\/wp\/v2\/comments?post=11639"}],"version-history":[{"count":22,"href":"https:\/\/www.legalvision.fr\/guides-juridiques\/wp-json\/wp\/v2\/posts\/11639\/revisions"}],"predecessor-version":[{"id":41628,"href":"https:\/\/www.legalvision.fr\/guides-juridiques\/wp-json\/wp\/v2\/posts\/11639\/revisions\/41628"}],"wp:featuredmedia":[{"embeddable":true,"href":"https:\/\/www.legalvision.fr\/guides-juridiques\/wp-json\/wp\/v2\/media\/24130"}],"wp:attachment":[{"href":"https:\/\/www.legalvision.fr\/guides-juridiques\/wp-json\/wp\/v2\/media?parent=11639"}],"wp:term":[{"taxonomy":"category","embeddable":true,"href":"https:\/\/www.legalvision.fr\/guides-juridiques\/wp-json\/wp\/v2\/categories?post=11639"},{"taxonomy":"post_tag","embeddable":true,"href":"https:\/\/www.legalvision.fr\/guides-juridiques\/wp-json\/wp\/v2\/tags?post=11639"}],"curies":[{"name":"wp","href":"https:\/\/api.w.org\/{rel}","templated":true}]}}