{"id":1150,"date":"2017-10-23T14:28:37","date_gmt":"2017-10-23T13:28:37","guid":{"rendered":"https:\/\/blog.legalvision.fr\/?p=1150"},"modified":"2022-03-27T21:21:14","modified_gmt":"2022-03-27T19:21:14","slug":"transfert-de-siege-social","status":"publish","type":"post","link":"https:\/\/www.legalvision.fr\/guides-juridiques\/modifier-ses-statuts\/transfert-de-siege-social\/","title":{"rendered":"Le transfert de si\u00e8ge social dans une zone g\u00e9ographique particuli\u00e8re"},"content":{"rendered":"<p>Le transfert de si\u00e8ge social est une op\u00e9ration juridique\u00a0r\u00e9alis\u00e9e\u00a0par les entrepreneurs fran\u00e7ais\u00a0(environ 2 fois par an).<\/p>\n<p>Qu&rsquo;est que c&rsquo;est le siege social d&rsquo;une entreprise? Pourquoi il est important pour votre soci\u00e9t\u00e9? Quelle impact? Dans cette article LegalVision vous explique en d\u00e9tail les points les plus importants pour les dirigeants des TPE\/PME.<\/p>\n<p><span style=\"font-weight: 400;\">Le si\u00e8ge social est l&rsquo;adresse du domicile juridique de votre entreprise\u00a0: \u00e9l\u00e9ment phare (et obligatoire) de son identit\u00e9, il est pourtant possible de le changer en cours de vie sociale. Le transfert de si\u00e8ge social peut notamment \u00eatre motiv\u00e9 par l&rsquo;attrait de certaines zones g\u00e9ographiques. Zoom sur la proc\u00e9dure de transfert de si\u00e8ge social\u00a0!<\/span><\/p>\n<p>Dans cet article, LegalVision met \u00e0 votre service son expertise juridique pour vous aider \u00e0 tout comprendre sur ce sujet. Vous trouverez ci-dessous un r\u00e9sum\u00e9 des points essentiels \u00e0 retenir :<\/p>\n<p><b><a href=\"#I\">Le si\u00e8ge social de votre entreprise transf\u00e9r\u00e9 dans une zone g\u00e9ographique particuli\u00e8res, pourquoi\u00a0?<\/a><br \/>\n<\/b><a href=\"#II\"><b>Le de si\u00e8ge social de votre entreprise transf\u00e9r\u00e9 en trois \u00e9tapes<\/b><\/a>\n<\/p>\n<div class=\"wp-block-button\" style=\"text-align:center;\"><a class=\"wp-block-button__link has-background\" href=\"https:\/\/www.legalvision.fr\/modification-statuts\/\">Modifier les statuts de mon entreprise<\/a><\/div>\n<h2 id=\"I\">Le si\u00e8ge social de votre entreprise transf\u00e9r\u00e9 dans une zone g\u00e9ographique particuli\u00e8res, pourquoi ?<\/h2>\n<p><span style=\"font-weight: 400;\">convient tout d&rsquo;abord de rappeler l&rsquo;incidence de la localisation du si\u00e8ge social sur la vie de l&rsquo;entreprise\u00a0: s&rsquo;il d\u00e9termine le juge territorialement comp\u00e9tent en cas de conflit, il indique \u00e9galement quel droit est applicable. Ainsi, une entreprise domicili\u00e9e en France se verra appliquer la loi fran\u00e7aise.<\/span><\/p>\n<p><span style=\"font-weight: 400;\">Le transfert de si\u00e8ge social n&rsquo;est pas limit\u00e9 g\u00e9ographiquement\u00a0: il pourra avoir lieu soit dans le ressort territorial du m\u00eame greffe du Tribunal de commerce, soit dans le ressort d&rsquo;un autre greffe, soit \u00e0 l&rsquo;\u00e9tranger.<\/span><\/p>\n<p><span style=\"font-weight: 400;\">On peut effectuer un transfert parce qu&rsquo;on a besoin de nouveaux locaux, parce que l&rsquo;on souhaite changer de pays&#8230; Or, effectuer un transfert de si\u00e8ge dans une zone g\u00e9ographique particuli\u00e8re peut s&rsquo;av\u00e9rer gagnant, particuli\u00e8rement sur le plan fiscal.<\/span><\/p>\n<p><span style=\"font-weight: 400;\">En d\u00e9pit de l&rsquo;uniformisation europ\u00e9enne croissante li\u00e9e \u00e0 la poursuite du dumping social et fiscal, chaque \u00c9tat est libre de d\u00e9finir les r\u00e8gles de droit (droit fiscal, droit social..) applicables aux entreprises. Certaines l\u00e9gislations sont donc plus favorables que d&rsquo;autres. En outre, il existe des zones \u00e9conomiques sp\u00e9ciales dans le monde entier\u00a0: ce sont des r\u00e9gions dans lesquelles la l\u00e9gislation \u00e9conomique est particuli\u00e8rement avantageuse, dans le but d&rsquo;attirer les investisseurs \u00e9trangers. On en retrouve notamment en Chine, en Inde, en Pologne, &#8230; <\/span><\/p>\n<h2 id=\"II\">Le si\u00e8ge social de votre entreprise transf\u00e9r\u00e9 en trois \u00e9tapes<\/h2>\n<p><span style=\"font-weight: 400;\">Pour effectuer un transfert de si\u00e8ge dans une zone g\u00e9ographique particuli\u00e8re, trois \u00e9tapes chronologiques sont \u00e0 respecter. Tout d&rsquo;abord: obtenir l&rsquo;accord des associ\u00e9s, informer les tiers et d\u00e9poser un dossier au greffe. Suivez le guide\u00a0!<\/span><\/p>\n<h3>Premi\u00e8re \u00e9tape du transfert de si\u00e8ge social :\u00a0accord des associ\u00e9s quant au transfert de si\u00e8ge<\/h3>\n<p><span style=\"font-weight: 400;\">est essentiel de recueillir l&rsquo;accord des associ\u00e9s pour acter le transfert de si\u00e8ge social. En g\u00e9n\u00e9ral, cette d\u00e9cision se prend \u00e0 l&rsquo;occasion d&rsquo;une assembl\u00e9e g\u00e9n\u00e9rale extraordinaire, au cours de laquelle les associ\u00e9s voteront le transfert de si\u00e8ge et la modification des statuts en r\u00e9sultant. <\/span><\/p>\n<p><span style=\"font-weight: 400;\">Cependant, chaque forme sociale retient une proc\u00e9dure sp\u00e9cifique\u00a0: les modalit\u00e9s de vote diff\u00e9reront donc selon les cas. <\/span><\/p>\n<ul>\n<li style=\"font-weight: 400;\"><span style=\"font-weight: 400;\">Dans la SARL, la loi requiert une d\u00e9cision des associ\u00e9s r\u00e9unis en assembl\u00e9e g\u00e9n\u00e9rale extraordinaire. En cas de transfert de si\u00e8ge \u00e0 l&rsquo;\u00e9tranger, la d\u00e9cision doit \u00eatre unanime. En cas de transfert de si\u00e8ge dans le m\u00eame d\u00e9partement ou dans un d\u00e9partement limitrophe, le g\u00e9rant de la SARL peut d\u00e9cider seul du transfert, sous r\u00e9serve de ratification par l&rsquo;assembl\u00e9e des associ\u00e9s.<\/span><\/li>\n<li style=\"font-weight: 400;\"><span style=\"font-weight: 400;\">Dans la SA, seul le transfert de si\u00e8ge \u00e0 l&rsquo;\u00e9tranger n\u00e9cessite une d\u00e9cision de l&rsquo;assembl\u00e9e g\u00e9n\u00e9rale extraordinaire. Si le nouveau si\u00e8ge a vocation \u00e0 se situer en France, le conseil d&rsquo;administration ou le conseil de surveillance pourront voter seuls le changement, mais la d\u00e9cision devra \u00eatre ratifi\u00e9e par la prochaine assembl\u00e9e g\u00e9n\u00e9rale ordinaire. <\/span><\/li>\n<li style=\"font-weight: 400;\"><span style=\"font-weight: 400;\">Dans la soci\u00e9t\u00e9 civile, le vote se fait \u00e0 la majorit\u00e9 des associ\u00e9s r\u00e9unis en assembl\u00e9e g\u00e9n\u00e9rale extraordinaire. <\/span><\/li>\n<li style=\"font-weight: 400;\"><span style=\"font-weight: 400;\">Enfin, dans la SAS, forme sociale souple par excellence, l&rsquo;organe comp\u00e9tent pour voter ainsi que les modalit\u00e9s de vote sont pr\u00e9cis\u00e9s dans les statuts puisque la loi n&rsquo;impose pas de d\u00e9cision collective prise par l&rsquo;assembl\u00e9e g\u00e9n\u00e9rale des associ\u00e9s. <\/span><\/li>\n<\/ul>\n<h3><span style=\"font-weight: 400;\">Deuxi\u00e8me \u00e9tape\u00a0: Publication d&rsquo;une annonce l\u00e9gale dans un journal d\u00e9partemental officiel<\/span><\/h3>\n<p><span style=\"font-weight: 400;\">Les tiers (cr\u00e9anciers, fournisseurs, banques, clients, partenaires&#8230;) doivent \u00eatre inform\u00e9s du changement de si\u00e8ge social. Cela r\u00e9pond \u00e0 un souci de transparence et de s\u00e9curit\u00e9 juridique. Pour ce faire, la soci\u00e9t\u00e9 dispose d&rsquo;un d\u00e9lai d&rsquo;un mois \u00e0 compter de la tenue de l&rsquo;assembl\u00e9e g\u00e9n\u00e9rale pour faire publier une annonce dans un journal d&rsquo;annonces l\u00e9gales. Certaines mentions seront obligatoires, comme le nouveau et l&rsquo;ancien lieu du si\u00e8ge social. <\/span><\/p>\n<p><span style=\"font-weight: 400;\">Le choix du JAL n&rsquo;est pas libre\u00a0: il d\u00e9pendra de la localisation de l&rsquo;ancien et du nouveau si\u00e8ge. Si le ressort du tribunal de commerce reste le m\u00eame suite au changement de si\u00e8ge, l&rsquo;annonce devra \u00eatre publi\u00e9e dans un JAL du lieu du si\u00e8ge social. Par contre, si le ressort se trouve modifi\u00e9 apr\u00e8s le transfert de si\u00e8ge, deux annonces devront \u00eatre publi\u00e9es\u00a0: la premi\u00e8re dans le JAL du lieu de l&rsquo;ancien si\u00e8ge, et la seconde dans le JAL du lieu du nouveau si\u00e8ge. <\/span><\/p>\n<p><span style=\"font-weight: 400;\">Sont \u00e0 pr\u00e9voir des frais de publication\u00a0: compter environ 150 euros par annonce (prix variable selon le d\u00e9partement et la taille de l&rsquo;annonce).<\/span><\/p>\n<h3><span style=\"font-weight: 400;\">Troisi\u00e8me \u00e9tape\u00a0: D\u00e9p\u00f4t d&rsquo;un dossier aupr\u00e8s du CFE comp\u00e9tent<\/span><\/h3>\n<p><span style=\"font-weight: 400;\">Derni\u00e8re \u00e9tape du transfert de si\u00e8ge social. Le d\u00e9p\u00f4t d&rsquo;un dossier au CFE dont d\u00e9pend le nouveau si\u00e8ge social. L&rsquo;enregistrement des nouveaux statuts aupr\u00e8s du greffe du Tribunal de commerce (le CFE se chargeant du transfert du dossier) est en effet obligatoire. <\/span><\/p>\n<p><span style=\"font-weight: 400;\">La loi dresse la liste des documents justificatifs \u00e0 fournir lors du d\u00e9p\u00f4t du dossier\u00a0:<\/span><\/p>\n<ul>\n<li style=\"font-weight: 400;\"><span style=\"font-weight: 400;\">Un formulaire M2 (ou P2 pour une personne physique) d\u00fbment rempli et sign\u00e9, <\/span><\/li>\n<li style=\"font-weight: 400;\"><span style=\"font-weight: 400;\">L&rsquo;attestation de parution de l&rsquo;annonce dans un JAL, <\/span><\/li>\n<li style=\"font-weight: 400;\"><span style=\"font-weight: 400;\">Un exemplaire des nouveaux statuts, dat\u00e9 et certifi\u00e9 conforme par le responsable l\u00e9gal,<\/span><\/li>\n<li style=\"font-weight: 400;\"><span style=\"font-weight: 400;\">Un document prouvant l&rsquo;occupation des nouveaux locaux, comme un contrat de bail ou une facture d&rsquo;\u00e9lectricit\u00e9. <\/span><\/li>\n<\/ul>\n<p><span style=\"font-weight: 400;\">Des frais de greffe sont \u00e0 pr\u00e9voir (compter 180 \u00e0 250 euros selon la localisation du nouveau si\u00e8ge\u00a0: les formalit\u00e9s sont plus ch\u00e8res en cas de changement de ressort du tribunal de commerce). <\/span><\/p>\n<h3><b>Le saviez-vous\u00a0? Le si\u00e8ge social, entre r\u00e9alit\u00e9 et fictivit\u00e9<\/b><\/h3>\n<p><span style=\"font-weight: 400;\">Le transfert de si\u00e8ge social ne doit jamais servir \u00e0 masquer le v\u00e9ritable lieu de direction de la soci\u00e9t\u00e9. Le droit est s\u00e9v\u00e8re. Si le si\u00e8ge social r\u00e9el ne correspond pas au si\u00e8ge social officiel (celui indiqu\u00e9 dans les statuts), il retiendra le si\u00e8ge social r\u00e9el. Ainsi, si le centre d\u00e9cisionnel de votre entreprise se trouve en France et que vous d\u00e9clarez un si\u00e8ge social au Maroc, c&rsquo;est une faute . Le droit fran\u00e7ais retiendra que votre activit\u00e9 est domicili\u00e9e en France. Selon la loi, \u00ab\u00a0les tiers peuvent se pr\u00e9valoir du si\u00e8ge statutaire, mais celui-ci ne leur est pas opposable par la soci\u00e9t\u00e9 si son si\u00e8ge r\u00e9el est situ\u00e9 en un autre lieu\u00a0\u00bb (article L210-3 du Code de commerce).<\/span><\/p>\n<p>\u00a0<\/p>\n<p>\u00a0<\/p>\n<p><\/p>\n<div class=\"wp-block-button\" style=\"text-align:center;\"><a class=\"wp-block-button__link has-background\" href=\"https:\/\/www.legalvision.fr\/modification-statuts\/\">Modifier les statuts de mon entreprise<\/a><\/div>\n","protected":false},"excerpt":{"rendered":"<p>Le transfert de si\u00e8ge social est une op\u00e9ration juridique\u00a0r\u00e9alis\u00e9e\u00a0par les entrepreneurs fran\u00e7ais\u00a0(environ 2 fois par an). Qu&rsquo;est que c&rsquo;est le siege social d&rsquo;une entreprise? Pourquoi il est important pour votre soci\u00e9t\u00e9? Quelle impact? Dans cette article LegalVision vous explique en d\u00e9tail les points les plus importants pour les dirigeants des TPE\/PME. Le si\u00e8ge social est&hellip; <a class=\"more-link\" href=\"https:\/\/www.legalvision.fr\/guides-juridiques\/modifier-ses-statuts\/transfert-de-siege-social\/\">Poursuivre la lecture <span class=\"screen-reader-text\">Le transfert de si\u00e8ge social dans une zone g\u00e9ographique particuli\u00e8re<\/span><\/a><\/p>\n","protected":false},"author":9,"featured_media":22348,"comment_status":"open","ping_status":"open","sticky":false,"template":"","format":"standard","meta":{"content-type":"","inline_featured_image":false,"footnotes":""},"categories":[2494],"tags":[],"class_list":["post-1150","post","type-post","status-publish","format-standard","has-post-thumbnail","hentry","category-modifier-ses-statuts","entry"],"yoast_head":"<!-- This site is optimized with the Yoast SEO plugin v27.1.1 - https:\/\/yoast.com\/product\/yoast-seo-wordpress\/ -->\n<title>Transfert de si\u00e8ge social dans une zone g\u00e9ographique<\/title>\n<meta name=\"description\" content=\"Le transfert de si\u00e8ge social n&#039;est pas limit\u00e9 g\u00e9ographiquement : il pourra avoir lieu dans le ressort territorial du m\u00eame greffe du Tribunal de commerce\" \/>\n<meta name=\"robots\" content=\"index, follow, max-snippet:-1, max-image-preview:large, max-video-preview:-1\" \/>\n<link rel=\"canonical\" href=\"https:\/\/www.legalvision.fr\/guides-juridiques\/modifier-ses-statuts\/transfert-de-siege-social\/\" \/>\n<meta property=\"og:locale\" content=\"fr_FR\" \/>\n<meta property=\"og:type\" content=\"article\" \/>\n<meta property=\"og:title\" content=\"Transfert de si\u00e8ge social dans une zone g\u00e9ographique\" \/>\n<meta property=\"og:description\" content=\"Le transfert de si\u00e8ge social n&#039;est pas limit\u00e9 g\u00e9ographiquement : il pourra avoir lieu dans le ressort territorial du m\u00eame greffe du Tribunal de commerce\" \/>\n<meta property=\"og:url\" content=\"https:\/\/www.legalvision.fr\/guides-juridiques\/modifier-ses-statuts\/transfert-de-siege-social\/\" \/>\n<meta property=\"og:site_name\" content=\"Guides juridiques\" \/>\n<meta property=\"article:author\" content=\"https:\/\/www.facebook.com\/legalvision.fr\/\" \/>\n<meta property=\"article:published_time\" content=\"2017-10-23T13:28:37+00:00\" \/>\n<meta property=\"article:modified_time\" content=\"2022-03-27T19:21:14+00:00\" \/>\n<meta property=\"og:image\" content=\"https:\/\/www.legalvision.fr\/guides-juridiques\/wp-content\/uploads\/2017\/10\/transfert-de-si\u00e8ge-social.jpg\" \/>\n\t<meta property=\"og:image:width\" content=\"958\" \/>\n\t<meta property=\"og:image:height\" content=\"350\" \/>\n\t<meta property=\"og:image:type\" content=\"image\/jpeg\" \/>\n<meta name=\"author\" content=\"Anne Wisniewski\" \/>\n<meta name=\"twitter:card\" content=\"summary_large_image\" \/>\n<meta name=\"twitter:creator\" content=\"@https:\/\/twitter.com\/Legalvision_fr\" \/>\n<meta name=\"twitter:label1\" content=\"\u00c9crit par\" \/>\n\t<meta name=\"twitter:data1\" content=\"Anne Wisniewski\" \/>\n\t<meta name=\"twitter:label2\" content=\"Dur\u00e9e de lecture estim\u00e9e\" \/>\n\t<meta name=\"twitter:data2\" content=\"7 minutes\" \/>\n<script type=\"application\/ld+json\" class=\"yoast-schema-graph\">{\"@context\":\"https:\/\/schema.org\",\"@graph\":[{\"@type\":\"Article\",\"@id\":\"https:\/\/www.legalvision.fr\/guides-juridiques\/modifier-ses-statuts\/transfert-de-siege-social\/#article\",\"isPartOf\":{\"@id\":\"https:\/\/www.legalvision.fr\/guides-juridiques\/modifier-ses-statuts\/transfert-de-siege-social\/\"},\"author\":{\"name\":\"Anne Wisniewski\",\"@id\":\"https:\/\/www.legalvision.fr\/guides-juridiques\/#\/schema\/person\/ebb7a1403b91f15eae842fb4d875d692\"},\"headline\":\"Le transfert de si\u00e8ge social dans une zone g\u00e9ographique particuli\u00e8re\",\"datePublished\":\"2017-10-23T13:28:37+00:00\",\"dateModified\":\"2022-03-27T19:21:14+00:00\",\"mainEntityOfPage\":{\"@id\":\"https:\/\/www.legalvision.fr\/guides-juridiques\/modifier-ses-statuts\/transfert-de-siege-social\/\"},\"wordCount\":1370,\"commentCount\":2,\"publisher\":{\"@id\":\"https:\/\/www.legalvision.fr\/guides-juridiques\/#organization\"},\"image\":{\"@id\":\"https:\/\/www.legalvision.fr\/guides-juridiques\/modifier-ses-statuts\/transfert-de-siege-social\/#primaryimage\"},\"thumbnailUrl\":\"https:\/\/www.legalvision.fr\/guides-juridiques\/wp-content\/uploads\/2017\/10\/transfert-de-si\u00e8ge-social.jpg\",\"articleSection\":[\"Modifier ses statuts\"],\"inLanguage\":\"fr-FR\",\"potentialAction\":[{\"@type\":\"CommentAction\",\"name\":\"Comment\",\"target\":[\"https:\/\/www.legalvision.fr\/guides-juridiques\/modifier-ses-statuts\/transfert-de-siege-social\/#respond\"]}]},{\"@type\":\"WebPage\",\"@id\":\"https:\/\/www.legalvision.fr\/guides-juridiques\/modifier-ses-statuts\/transfert-de-siege-social\/\",\"url\":\"https:\/\/www.legalvision.fr\/guides-juridiques\/modifier-ses-statuts\/transfert-de-siege-social\/\",\"name\":\"Transfert de si\u00e8ge social dans une zone g\u00e9ographique\",\"isPartOf\":{\"@id\":\"https:\/\/www.legalvision.fr\/guides-juridiques\/#website\"},\"primaryImageOfPage\":{\"@id\":\"https:\/\/www.legalvision.fr\/guides-juridiques\/modifier-ses-statuts\/transfert-de-siege-social\/#primaryimage\"},\"image\":{\"@id\":\"https:\/\/www.legalvision.fr\/guides-juridiques\/modifier-ses-statuts\/transfert-de-siege-social\/#primaryimage\"},\"thumbnailUrl\":\"https:\/\/www.legalvision.fr\/guides-juridiques\/wp-content\/uploads\/2017\/10\/transfert-de-si\u00e8ge-social.jpg\",\"datePublished\":\"2017-10-23T13:28:37+00:00\",\"dateModified\":\"2022-03-27T19:21:14+00:00\",\"description\":\"Le transfert de si\u00e8ge social n'est pas limit\u00e9 g\u00e9ographiquement : il pourra avoir lieu dans le ressort territorial du m\u00eame greffe du Tribunal de commerce\",\"breadcrumb\":{\"@id\":\"https:\/\/www.legalvision.fr\/guides-juridiques\/modifier-ses-statuts\/transfert-de-siege-social\/#breadcrumb\"},\"inLanguage\":\"fr-FR\",\"potentialAction\":[{\"@type\":\"ReadAction\",\"target\":[\"https:\/\/www.legalvision.fr\/guides-juridiques\/modifier-ses-statuts\/transfert-de-siege-social\/\"]}]},{\"@type\":\"ImageObject\",\"inLanguage\":\"fr-FR\",\"@id\":\"https:\/\/www.legalvision.fr\/guides-juridiques\/modifier-ses-statuts\/transfert-de-siege-social\/#primaryimage\",\"url\":\"https:\/\/www.legalvision.fr\/guides-juridiques\/wp-content\/uploads\/2017\/10\/transfert-de-si\u00e8ge-social.jpg\",\"contentUrl\":\"https:\/\/www.legalvision.fr\/guides-juridiques\/wp-content\/uploads\/2017\/10\/transfert-de-si\u00e8ge-social.jpg\",\"width\":958,\"height\":350,\"caption\":\"transfert de si\u00e8ge social\"},{\"@type\":\"BreadcrumbList\",\"@id\":\"https:\/\/www.legalvision.fr\/guides-juridiques\/modifier-ses-statuts\/transfert-de-siege-social\/#breadcrumb\",\"itemListElement\":[{\"@type\":\"ListItem\",\"position\":1,\"name\":\"Accueil\",\"item\":\"https:\/\/www.legalvision.fr\/guides-juridiques\/\"},{\"@type\":\"ListItem\",\"position\":2,\"name\":\"Modifier ses statuts\",\"item\":\"https:\/\/www.legalvision.fr\/guides-juridiques\/modifier-ses-statuts\/\"},{\"@type\":\"ListItem\",\"position\":3,\"name\":\"Le transfert de si\u00e8ge social dans une zone g\u00e9ographique particuli\u00e8re\"}]},{\"@type\":\"WebSite\",\"@id\":\"https:\/\/www.legalvision.fr\/guides-juridiques\/#website\",\"url\":\"https:\/\/www.legalvision.fr\/guides-juridiques\/\",\"name\":\"Guides juridiques\",\"description\":\"L&#039;information juridique \u00e0 destination des entreprises et TPE\",\"publisher\":{\"@id\":\"https:\/\/www.legalvision.fr\/guides-juridiques\/#organization\"},\"potentialAction\":[{\"@type\":\"SearchAction\",\"target\":{\"@type\":\"EntryPoint\",\"urlTemplate\":\"https:\/\/www.legalvision.fr\/guides-juridiques\/?s={search_term_string}\"},\"query-input\":{\"@type\":\"PropertyValueSpecification\",\"valueRequired\":true,\"valueName\":\"search_term_string\"}}],\"inLanguage\":\"fr-FR\"},{\"@type\":\"Organization\",\"@id\":\"https:\/\/www.legalvision.fr\/guides-juridiques\/#organization\",\"name\":\"Guides juridiques\",\"url\":\"https:\/\/www.legalvision.fr\/guides-juridiques\/\",\"logo\":{\"@type\":\"ImageObject\",\"inLanguage\":\"fr-FR\",\"@id\":\"https:\/\/www.legalvision.fr\/guides-juridiques\/#\/schema\/logo\/image\/\",\"url\":\"https:\/\/www.legalvision.fr\/guides-juridiques\/wp-content\/uploads\/2022\/10\/LV-Logotype.png\",\"contentUrl\":\"https:\/\/www.legalvision.fr\/guides-juridiques\/wp-content\/uploads\/2022\/10\/LV-Logotype.png\",\"width\":647,\"height\":125,\"caption\":\"Guides juridiques\"},\"image\":{\"@id\":\"https:\/\/www.legalvision.fr\/guides-juridiques\/#\/schema\/logo\/image\/\"}},{\"@type\":\"Person\",\"@id\":\"https:\/\/www.legalvision.fr\/guides-juridiques\/#\/schema\/person\/ebb7a1403b91f15eae842fb4d875d692\",\"name\":\"Anne Wisniewski\",\"image\":{\"@type\":\"ImageObject\",\"inLanguage\":\"fr-FR\",\"@id\":\"https:\/\/www.legalvision.fr\/guides-juridiques\/#\/schema\/person\/image\/\",\"url\":\"https:\/\/secure.gravatar.com\/avatar\/e1d470446f3d91488a7891f323f5196bc4f07b636f12a7c6b1bf0f23e3114e6d?s=96&d=mm&r=g\",\"contentUrl\":\"https:\/\/secure.gravatar.com\/avatar\/e1d470446f3d91488a7891f323f5196bc4f07b636f12a7c6b1bf0f23e3114e6d?s=96&d=mm&r=g\",\"caption\":\"Anne Wisniewski\"},\"description\":\"Ann a un Master 1 de Droit des Affaires \u00e0 Bordeaux. Passionn\u00e9e par le droit et les LegalTech, elle a rejoint LegalVision pour s\u2019occuper du contenu juridique.\",\"sameAs\":[\"https:\/\/www.legalvision.fr\/\",\"https:\/\/www.facebook.com\/legalvision.fr\/\",\"https:\/\/www.instagram.com\/legalvision.fr\/\",\"https:\/\/www.linkedin.com\/company\/legalvision-fr\/\",\"https:\/\/x.com\/https:\/\/twitter.com\/Legalvision_fr\"],\"url\":\"https:\/\/www.legalvision.fr\/guides-juridiques\/author\/maelane-wisniewski\/\"}]}<\/script>\n<!-- \/ Yoast SEO plugin. -->","yoast_head_json":{"title":"Transfert de si\u00e8ge social dans une zone g\u00e9ographique","description":"Le transfert de si\u00e8ge social n'est pas limit\u00e9 g\u00e9ographiquement : il pourra avoir lieu dans le ressort territorial du m\u00eame greffe du Tribunal de commerce","robots":{"index":"index","follow":"follow","max-snippet":"max-snippet:-1","max-image-preview":"max-image-preview:large","max-video-preview":"max-video-preview:-1"},"canonical":"https:\/\/www.legalvision.fr\/guides-juridiques\/modifier-ses-statuts\/transfert-de-siege-social\/","og_locale":"fr_FR","og_type":"article","og_title":"Transfert de si\u00e8ge social dans une zone g\u00e9ographique","og_description":"Le transfert de si\u00e8ge social n'est pas limit\u00e9 g\u00e9ographiquement : il pourra avoir lieu dans le ressort territorial du m\u00eame greffe du Tribunal de commerce","og_url":"https:\/\/www.legalvision.fr\/guides-juridiques\/modifier-ses-statuts\/transfert-de-siege-social\/","og_site_name":"Guides juridiques","article_author":"https:\/\/www.facebook.com\/legalvision.fr\/","article_published_time":"2017-10-23T13:28:37+00:00","article_modified_time":"2022-03-27T19:21:14+00:00","og_image":[{"width":958,"height":350,"url":"https:\/\/www.legalvision.fr\/guides-juridiques\/wp-content\/uploads\/2017\/10\/transfert-de-si\u00e8ge-social.jpg","type":"image\/jpeg"}],"author":"Anne Wisniewski","twitter_card":"summary_large_image","twitter_creator":"@https:\/\/twitter.com\/Legalvision_fr","twitter_misc":{"\u00c9crit par":"Anne Wisniewski","Dur\u00e9e de lecture estim\u00e9e":"7 minutes"},"schema":{"@context":"https:\/\/schema.org","@graph":[{"@type":"Article","@id":"https:\/\/www.legalvision.fr\/guides-juridiques\/modifier-ses-statuts\/transfert-de-siege-social\/#article","isPartOf":{"@id":"https:\/\/www.legalvision.fr\/guides-juridiques\/modifier-ses-statuts\/transfert-de-siege-social\/"},"author":{"name":"Anne Wisniewski","@id":"https:\/\/www.legalvision.fr\/guides-juridiques\/#\/schema\/person\/ebb7a1403b91f15eae842fb4d875d692"},"headline":"Le transfert de si\u00e8ge social dans une zone g\u00e9ographique particuli\u00e8re","datePublished":"2017-10-23T13:28:37+00:00","dateModified":"2022-03-27T19:21:14+00:00","mainEntityOfPage":{"@id":"https:\/\/www.legalvision.fr\/guides-juridiques\/modifier-ses-statuts\/transfert-de-siege-social\/"},"wordCount":1370,"commentCount":2,"publisher":{"@id":"https:\/\/www.legalvision.fr\/guides-juridiques\/#organization"},"image":{"@id":"https:\/\/www.legalvision.fr\/guides-juridiques\/modifier-ses-statuts\/transfert-de-siege-social\/#primaryimage"},"thumbnailUrl":"https:\/\/www.legalvision.fr\/guides-juridiques\/wp-content\/uploads\/2017\/10\/transfert-de-si\u00e8ge-social.jpg","articleSection":["Modifier ses statuts"],"inLanguage":"fr-FR","potentialAction":[{"@type":"CommentAction","name":"Comment","target":["https:\/\/www.legalvision.fr\/guides-juridiques\/modifier-ses-statuts\/transfert-de-siege-social\/#respond"]}]},{"@type":"WebPage","@id":"https:\/\/www.legalvision.fr\/guides-juridiques\/modifier-ses-statuts\/transfert-de-siege-social\/","url":"https:\/\/www.legalvision.fr\/guides-juridiques\/modifier-ses-statuts\/transfert-de-siege-social\/","name":"Transfert de si\u00e8ge social dans une zone g\u00e9ographique","isPartOf":{"@id":"https:\/\/www.legalvision.fr\/guides-juridiques\/#website"},"primaryImageOfPage":{"@id":"https:\/\/www.legalvision.fr\/guides-juridiques\/modifier-ses-statuts\/transfert-de-siege-social\/#primaryimage"},"image":{"@id":"https:\/\/www.legalvision.fr\/guides-juridiques\/modifier-ses-statuts\/transfert-de-siege-social\/#primaryimage"},"thumbnailUrl":"https:\/\/www.legalvision.fr\/guides-juridiques\/wp-content\/uploads\/2017\/10\/transfert-de-si\u00e8ge-social.jpg","datePublished":"2017-10-23T13:28:37+00:00","dateModified":"2022-03-27T19:21:14+00:00","description":"Le transfert de si\u00e8ge social n'est pas limit\u00e9 g\u00e9ographiquement : il pourra avoir lieu dans le ressort territorial du m\u00eame greffe du Tribunal de commerce","breadcrumb":{"@id":"https:\/\/www.legalvision.fr\/guides-juridiques\/modifier-ses-statuts\/transfert-de-siege-social\/#breadcrumb"},"inLanguage":"fr-FR","potentialAction":[{"@type":"ReadAction","target":["https:\/\/www.legalvision.fr\/guides-juridiques\/modifier-ses-statuts\/transfert-de-siege-social\/"]}]},{"@type":"ImageObject","inLanguage":"fr-FR","@id":"https:\/\/www.legalvision.fr\/guides-juridiques\/modifier-ses-statuts\/transfert-de-siege-social\/#primaryimage","url":"https:\/\/www.legalvision.fr\/guides-juridiques\/wp-content\/uploads\/2017\/10\/transfert-de-si\u00e8ge-social.jpg","contentUrl":"https:\/\/www.legalvision.fr\/guides-juridiques\/wp-content\/uploads\/2017\/10\/transfert-de-si\u00e8ge-social.jpg","width":958,"height":350,"caption":"transfert de si\u00e8ge social"},{"@type":"BreadcrumbList","@id":"https:\/\/www.legalvision.fr\/guides-juridiques\/modifier-ses-statuts\/transfert-de-siege-social\/#breadcrumb","itemListElement":[{"@type":"ListItem","position":1,"name":"Accueil","item":"https:\/\/www.legalvision.fr\/guides-juridiques\/"},{"@type":"ListItem","position":2,"name":"Modifier ses statuts","item":"https:\/\/www.legalvision.fr\/guides-juridiques\/modifier-ses-statuts\/"},{"@type":"ListItem","position":3,"name":"Le transfert de si\u00e8ge social dans une zone g\u00e9ographique particuli\u00e8re"}]},{"@type":"WebSite","@id":"https:\/\/www.legalvision.fr\/guides-juridiques\/#website","url":"https:\/\/www.legalvision.fr\/guides-juridiques\/","name":"Guides juridiques","description":"L&#039;information juridique \u00e0 destination des entreprises et TPE","publisher":{"@id":"https:\/\/www.legalvision.fr\/guides-juridiques\/#organization"},"potentialAction":[{"@type":"SearchAction","target":{"@type":"EntryPoint","urlTemplate":"https:\/\/www.legalvision.fr\/guides-juridiques\/?s={search_term_string}"},"query-input":{"@type":"PropertyValueSpecification","valueRequired":true,"valueName":"search_term_string"}}],"inLanguage":"fr-FR"},{"@type":"Organization","@id":"https:\/\/www.legalvision.fr\/guides-juridiques\/#organization","name":"Guides juridiques","url":"https:\/\/www.legalvision.fr\/guides-juridiques\/","logo":{"@type":"ImageObject","inLanguage":"fr-FR","@id":"https:\/\/www.legalvision.fr\/guides-juridiques\/#\/schema\/logo\/image\/","url":"https:\/\/www.legalvision.fr\/guides-juridiques\/wp-content\/uploads\/2022\/10\/LV-Logotype.png","contentUrl":"https:\/\/www.legalvision.fr\/guides-juridiques\/wp-content\/uploads\/2022\/10\/LV-Logotype.png","width":647,"height":125,"caption":"Guides juridiques"},"image":{"@id":"https:\/\/www.legalvision.fr\/guides-juridiques\/#\/schema\/logo\/image\/"}},{"@type":"Person","@id":"https:\/\/www.legalvision.fr\/guides-juridiques\/#\/schema\/person\/ebb7a1403b91f15eae842fb4d875d692","name":"Anne Wisniewski","image":{"@type":"ImageObject","inLanguage":"fr-FR","@id":"https:\/\/www.legalvision.fr\/guides-juridiques\/#\/schema\/person\/image\/","url":"https:\/\/secure.gravatar.com\/avatar\/e1d470446f3d91488a7891f323f5196bc4f07b636f12a7c6b1bf0f23e3114e6d?s=96&d=mm&r=g","contentUrl":"https:\/\/secure.gravatar.com\/avatar\/e1d470446f3d91488a7891f323f5196bc4f07b636f12a7c6b1bf0f23e3114e6d?s=96&d=mm&r=g","caption":"Anne Wisniewski"},"description":"Ann a un Master 1 de Droit des Affaires \u00e0 Bordeaux. Passionn\u00e9e par le droit et les LegalTech, elle a rejoint LegalVision pour s\u2019occuper du contenu juridique.","sameAs":["https:\/\/www.legalvision.fr\/","https:\/\/www.facebook.com\/legalvision.fr\/","https:\/\/www.instagram.com\/legalvision.fr\/","https:\/\/www.linkedin.com\/company\/legalvision-fr\/","https:\/\/x.com\/https:\/\/twitter.com\/Legalvision_fr"],"url":"https:\/\/www.legalvision.fr\/guides-juridiques\/author\/maelane-wisniewski\/"}]}},"_links":{"self":[{"href":"https:\/\/www.legalvision.fr\/guides-juridiques\/wp-json\/wp\/v2\/posts\/1150","targetHints":{"allow":["GET"]}}],"collection":[{"href":"https:\/\/www.legalvision.fr\/guides-juridiques\/wp-json\/wp\/v2\/posts"}],"about":[{"href":"https:\/\/www.legalvision.fr\/guides-juridiques\/wp-json\/wp\/v2\/types\/post"}],"author":[{"embeddable":true,"href":"https:\/\/www.legalvision.fr\/guides-juridiques\/wp-json\/wp\/v2\/users\/9"}],"replies":[{"embeddable":true,"href":"https:\/\/www.legalvision.fr\/guides-juridiques\/wp-json\/wp\/v2\/comments?post=1150"}],"version-history":[{"count":0,"href":"https:\/\/www.legalvision.fr\/guides-juridiques\/wp-json\/wp\/v2\/posts\/1150\/revisions"}],"wp:featuredmedia":[{"embeddable":true,"href":"https:\/\/www.legalvision.fr\/guides-juridiques\/wp-json\/wp\/v2\/media\/22348"}],"wp:attachment":[{"href":"https:\/\/www.legalvision.fr\/guides-juridiques\/wp-json\/wp\/v2\/media?parent=1150"}],"wp:term":[{"taxonomy":"category","embeddable":true,"href":"https:\/\/www.legalvision.fr\/guides-juridiques\/wp-json\/wp\/v2\/categories?post=1150"},{"taxonomy":"post_tag","embeddable":true,"href":"https:\/\/www.legalvision.fr\/guides-juridiques\/wp-json\/wp\/v2\/tags?post=1150"}],"curies":[{"name":"wp","href":"https:\/\/api.w.org\/{rel}","templated":true}]}}