{"id":11485,"date":"2019-02-24T07:30:11","date_gmt":"2019-02-24T06:30:11","guid":{"rendered":"https:\/\/blog.legalvision.fr\/?p=11485"},"modified":"2024-02-07T17:26:07","modified_gmt":"2024-02-07T16:26:07","slug":"responsabilite-du-gerant-d-une-sarl-ou-eurl","status":"publish","type":"post","link":"https:\/\/www.legalvision.fr\/guides-juridiques\/sarl\/responsabilite-du-gerant-d-une-sarl-ou-eurl\/","title":{"rendered":"La responsabilit\u00e9 du g\u00e9rant d&rsquo;une SARL"},"content":{"rendered":"\t\t<div data-elementor-type=\"wp-post\" data-elementor-id=\"11485\" class=\"elementor elementor-11485\" data-elementor-post-type=\"post\">\n\t\t\t\t<div data-particle_enable=\"false\" data-particle-mobile-disabled=\"false\" class=\"elementor-element elementor-element-4727f97 e-flex e-con-boxed e-con e-parent\" data-id=\"4727f97\" data-element_type=\"container\" data-e-type=\"container\">\n\t\t\t\t\t<div class=\"e-con-inner\">\n\t\t\t\t<div class=\"elementor-element elementor-element-3f43c93 elementor-widget elementor-widget-text-editor\" data-id=\"3f43c93\" data-element_type=\"widget\" data-e-type=\"widget\" data-widget_type=\"text-editor.default\">\n\t\t\t\t<div class=\"elementor-widget-container\">\n\t\t\t\t\t\t\t\t\t<p>La responsabilit\u00e9 du G\u00e9rant d&rsquo;une SARL peut \u00eatre envisag\u00e9e de diff\u00e9rentes fa\u00e7ons.<\/p><p>La responsabilit\u00e9 est l&rsquo;obligation de r\u00e9pondre \u00e0 certain de ses actes, elle implique que\u00a0tout fait qui cause \u00e0 autrui un dommage, oblige celui par la faute duquel il est arriv\u00e9 \u00e0 le r\u00e9parer. Cette r\u00e9paration pourra \u00eatre patrimoniale mais elle pourra aussi \u00eatre une r\u00e9paration\u00a0envers la soci\u00e9t\u00e9 au sens large par la mise en prison ou par l&rsquo;interdiction d&rsquo;effectuer certains actes. La <a href=\"https:\/\/www.legalvision.fr\/forme-juridique-sarl\/\">SARL<\/a> est une soci\u00e9t\u00e9 de parts, c&rsquo;est une Soci\u00e9t\u00e9 \u00e0 Responsabilit\u00e9 Limit\u00e9 aux apports.\u00a0Le g\u00e9rant d&rsquo;une SARL est le dirigeant de la SARL.<\/p><p>Ainsi nous allons voir que la responsabilit\u00e9 du <a href=\"https:\/\/blog.legalvision.fr\/2018\/10\/08\/statut-gerant\/\">g\u00e9rant d&rsquo;une SARL<\/a> peut \u00eatre engag\u00e9e au cours de la vie sociale et \u00e0 la fin de la vie sociale.<\/p><h3>Sommaire :<\/h3><p><a href=\"#I\"><strong>I) La responsabilit\u00e9 du g\u00e9rant d&rsquo;une SARL en cours de vie sociale.<\/strong><\/a><br \/><a href=\"#II\"><strong>II) La responsabilit\u00e9 du g\u00e9rant d&rsquo;une SARL en fin de vie sociale.<\/strong><\/a><\/p><p>\u00a0<\/p>\t\t\t\t\t\t\t\t<\/div>\n\t\t\t\t<\/div>\n\t\t\t\t\t<\/div>\n\t\t\t\t<\/div>\n\t\t<div data-particle_enable=\"false\" data-particle-mobile-disabled=\"false\" class=\"elementor-element elementor-element-529d4299 e-flex e-con-boxed e-con e-parent\" data-id=\"529d4299\" data-element_type=\"container\" data-e-type=\"container\">\n\t\t\t\t\t<div class=\"e-con-inner\">\n\t\t\t\t<div class=\"elementor-element elementor-element-6b2a22be elementor-widget elementor-widget-heading\" data-id=\"6b2a22be\" data-element_type=\"widget\" data-e-type=\"widget\" data-widget_type=\"heading.default\">\n\t\t\t\t<div class=\"elementor-widget-container\">\n\t\t\t\t\t<h2 class=\"elementor-heading-title elementor-size-default\">Nos outils pour vous aider : <\/h2>\t\t\t\t<\/div>\n\t\t\t\t<\/div>\n\t\t\t\t\t<\/div>\n\t\t\t\t<\/div>\n\t\t<div data-particle_enable=\"false\" data-particle-mobile-disabled=\"false\" class=\"elementor-element elementor-element-2175d6b1 e-flex e-con-boxed e-con e-parent\" data-id=\"2175d6b1\" data-element_type=\"container\" data-e-type=\"container\">\n\t\t\t\t\t<div class=\"e-con-inner\">\n\t\t<div data-particle_enable=\"false\" data-particle-mobile-disabled=\"false\" class=\"elementor-element elementor-element-8f6ef88 e-con-full e-flex e-con e-child\" data-id=\"8f6ef88\" data-element_type=\"container\" data-e-type=\"container\">\n\t\t\t\t<div class=\"elementor-element elementor-element-3791b657 elementor-widget elementor-widget-button\" data-id=\"3791b657\" data-element_type=\"widget\" data-e-type=\"widget\" data-widget_type=\"button.default\">\n\t\t\t\t<div class=\"elementor-widget-container\">\n\t\t\t\t\t\t\t\t\t<div class=\"elementor-button-wrapper\">\n\t\t\t\t\t<a class=\"elementor-button elementor-button-link elementor-size-sm\" href=\"https:\/\/leonard.fr\/juridique\/creation-entreprise\/creation-dune-sarl-leonard\/?utm_source=blog&#038;utm_medium=CTA&#038;utm_campaign=responsabilite_gerant_SARL&#038;utm_id=creation_SARL_blog\" target=\"_blank\">\n\t\t\t\t\t\t<span class=\"elementor-button-content-wrapper\">\n\t\t\t\t\t\t\t\t\t<span class=\"elementor-button-text\">Cr\u00e9ez votre SARL en ligne<\/span>\n\t\t\t\t\t<\/span>\n\t\t\t\t\t<\/a>\n\t\t\t\t<\/div>\n\t\t\t\t\t\t\t\t<\/div>\n\t\t\t\t<\/div>\n\t\t\t\t<\/div>\n\t\t<div data-particle_enable=\"false\" data-particle-mobile-disabled=\"false\" class=\"elementor-element elementor-element-2ed3f825 e-con-full e-flex e-con e-child\" data-id=\"2ed3f825\" data-element_type=\"container\" data-e-type=\"container\">\n\t\t\t\t<div class=\"elementor-element elementor-element-6c401040 elementor-widget elementor-widget-button\" data-id=\"6c401040\" data-element_type=\"widget\" data-e-type=\"widget\" data-widget_type=\"button.default\">\n\t\t\t\t<div class=\"elementor-widget-container\">\n\t\t\t\t\t\t\t\t\t<div class=\"elementor-button-wrapper\">\n\t\t\t\t\t<a class=\"elementor-button elementor-button-link elementor-size-sm\" href=\"https:\/\/meetings.hubspot.com\/global\/leonard-rendez-vous-gratuit-avec-un-juriste?utm_source=blog&#038;utm_medium=CTA&#038;utm_campaign=responsabilite_gerant_SARL&#038;utm_id=creation_SARL_blog\" target=\"_blank\">\n\t\t\t\t\t\t<span class=\"elementor-button-content-wrapper\">\n\t\t\t\t\t\t\t\t\t<span class=\"elementor-button-text\">Soyez rappel\u00e9 par un juriste gratuitement<\/span>\n\t\t\t\t\t<\/span>\n\t\t\t\t\t<\/a>\n\t\t\t\t<\/div>\n\t\t\t\t\t\t\t\t<\/div>\n\t\t\t\t<\/div>\n\t\t\t\t<\/div>\n\t\t<div data-particle_enable=\"false\" data-particle-mobile-disabled=\"false\" class=\"elementor-element elementor-element-72e881f9 e-con-full e-flex e-con e-child\" data-id=\"72e881f9\" data-element_type=\"container\" data-e-type=\"container\">\n\t\t\t\t<div data-dce-background-color=\"#85D2F1\" class=\"elementor-element elementor-element-50b9bb10 elementor-widget elementor-widget-button\" data-id=\"50b9bb10\" data-element_type=\"widget\" data-e-type=\"widget\" data-widget_type=\"button.default\">\n\t\t\t\t<div class=\"elementor-widget-container\">\n\t\t\t\t\t\t\t\t\t<div class=\"elementor-button-wrapper\">\n\t\t\t\t\t<a class=\"elementor-button elementor-button-link elementor-size-sm\" href=\"https:\/\/share.hsforms.com\/1MCz4iJkPSsaIbYWlbzl6vw1oyza?utm_source=blog&#038;utm_medium=CTA&#038;utm_campaign=responsabilite_gerant_SARL&#038;utm_id=creation_SARL_blog\" target=\"_blank\">\n\t\t\t\t\t\t<span class=\"elementor-button-content-wrapper\">\n\t\t\t\t\t\t\t\t\t<span class=\"elementor-button-text\">Publiez votre annonce l\u00e9gale<\/span>\n\t\t\t\t\t<\/span>\n\t\t\t\t\t<\/a>\n\t\t\t\t<\/div>\n\t\t\t\t\t\t\t\t<\/div>\n\t\t\t\t<\/div>\n\t\t\t\t<\/div>\n\t\t\t\t\t<\/div>\n\t\t\t\t<\/div>\n\t\t<div data-particle_enable=\"false\" data-particle-mobile-disabled=\"false\" class=\"elementor-element elementor-element-163f0052 e-flex e-con-boxed e-con e-parent\" data-id=\"163f0052\" data-element_type=\"container\" data-e-type=\"container\">\n\t\t\t\t\t<div class=\"e-con-inner\">\n\t\t\t\t<div class=\"elementor-element elementor-element-18d93b95 elementor-widget elementor-widget-text-editor\" data-id=\"18d93b95\" data-element_type=\"widget\" data-e-type=\"widget\" data-widget_type=\"text-editor.default\">\n\t\t\t\t<div class=\"elementor-widget-container\">\n\t\t\t\t\t\t\t\t\t<p>\u00a0<\/p><h2 id=\"I\">\u00a0<\/h2><h2 id=\"I\">\u00a0<\/h2><h2 id=\"I\">I) La responsabilit\u00e9 du g\u00e9rant d&rsquo;une SARL en cours de vie sociale.<\/h2><p>Cela concerne les situations dans lesquelles la soci\u00e9t\u00e9 est toujours existante. Le g\u00e9rant pourra alors tout au long de la vie sociale engager sa responsabilit\u00e9 civile, p\u00e9nale ou fiscale.<\/p><h3>\u00a0<\/h3><h3>A) La responsabilit\u00e9 civile.<\/h3><p>Les associ\u00e9s ou les tiers \u00e0 la soci\u00e9t\u00e9 peuvent engager la responsabilit\u00e9 du g\u00e9rant d&rsquo;une SARL.<\/p><h4>\u00a0<\/h4><h4>La responsabilit\u00e9 civile engag\u00e9e par les associ\u00e9s.<\/h4><p>Selon la <a href=\"https:\/\/www.legifrance.gouv.fr\/affichCodeArticle.do?idArticle=LEGIARTI000006223141&amp;cidTexte=LEGITEXT000005634379\">loi<\/a> le g\u00e9rant d&rsquo;une SARL peut engager sa responsabilit\u00e9 civile envers les associ\u00e9s en cas de<strong> faute de gestion<\/strong>, de<strong> violation des dispositions l\u00e9gales<\/strong> ou <strong>r\u00e9glementaires<\/strong> ou de <strong>violation des statuts<\/strong>.<\/p><p>Pour mettre en oeuvre la responsabilit\u00e9 civile trois types d&rsquo;actions peuvent \u00eatre engag\u00e9es. L&rsquo;action ut universi, l&rsquo;action ut singuli et l&rsquo;action personnelle.<\/p><p><strong>L&rsquo;action ut universi<\/strong> est exerc\u00e9e par la soci\u00e9t\u00e9 contre le g\u00e9rant, or le repr\u00e9sentant de la soci\u00e9t\u00e9 est le g\u00e9rant. Dans la pratique cela revient donc \u00e0 ce que le g\u00e9rant exerce l&rsquo;action contre lui m\u00eame. Voil\u00e0 pourquoi cette action est peu usit\u00e9e. Cette action permet n\u00e9anmoins d&rsquo;engager la responsabilit\u00e9 des anciens g\u00e9rants. C&rsquo;est pour cette raison que le l\u00e9gislateur a cr\u00e9\u00e9 <strong>l&rsquo;action ut singuli<\/strong>. Cette fois ci, ce sont les actionnaires qui pourront agir en responsabilit\u00e9 contre le dirigeant, n\u00e9anmoins cette action est subsidiaire \u00e0 la premi\u00e8re.<\/p><p>Enfin, il y a <strong>l&rsquo;action personnelle<\/strong>, cette action se distingue des deux\u00a0pr\u00e9c\u00e9dentes en ce qu&rsquo;elle peut \u00eatre mise en oeuvre si l&rsquo;associ\u00e9 prouve qu&rsquo;il a subi un pr\u00e9judice distinct de celui qu&rsquo;a subi la soci\u00e9t\u00e9. Dans les deux premiers cas le pr\u00e9judice doit avoir \u00e9t\u00e9 caus\u00e9 \u00e0 la soci\u00e9t\u00e9 et non aux associ\u00e9s. Par cons\u00e9quent l&rsquo;action sociale et l&rsquo;action personnelle de l&rsquo;associ\u00e9 n&rsquo;ont pas le m\u00eame objet.<\/p><h4>\u00a0<\/h4><h4>La responsabilit\u00e9 civile engag\u00e9e par les tiers.<\/h4><p>Ici, nous sommes dans le cas ou un tiers (et non un associ\u00e9 de la soci\u00e9t\u00e9) souhaite mettre en oeuvre la responsabilit\u00e9 du dirigeant. En principe le tiers \u00e0 la soci\u00e9t\u00e9 devra engager la responsabilit\u00e9 de la soci\u00e9t\u00e9. Mais il pourra s&rsquo;il le souhaite engager la responsabilit\u00e9 du dirigeant. En revanche les conditions de mise en jeu de la responsabilit\u00e9 du g\u00e9rant d\u00e9finies par la <a href=\"https:\/\/www.legifrance.gouv.fr\/affichJuriJudi.do?oldAction=rechJuriJudi&amp;idTexte=JURITEXT000007041224&amp;fastReqId=245776907&amp;fastPos=1\">jurisprudence<\/a> sont tr\u00e8s strictes.<\/p><p>Pour mettre en jeu la responsabilit\u00e9 du g\u00e9rant il faudra prouver que celui-ci a commit<strong> une faute s\u00e9parable de ses fonctions de dirigeant<\/strong>.<\/p><p>Cette notion se d\u00e9compose en plusieurs conditions <a href=\"https:\/\/www.legifrance.gouv.fr\/affichJuriJudi.do?idTexte=JURITEXT000007047369\">d\u00e9finies par le juge<\/a> : Il faudra que le dirigeant ai :<\/p><ul><li>Commis intentionnellement,<\/li><\/ul><div><span style=\"font-family: Montserrat;\">\u00a0<\/span><\/div><ul><li>Une faute d&rsquo;une particuli\u00e8re gravit\u00e9,<\/li><\/ul><div><span style=\"font-family: Montserrat;\">\u00a0<\/span><\/div><ul><li>Incompatible avec l&rsquo;exercice normal de ses fonctions.<\/li><\/ul><p>Une fois cela prouv\u00e9 il faudra d\u00e9montrer que le tiers a subi un pr\u00e9judice et il faudra d\u00e9montrer le lien de causalit\u00e9 entre la faute et le pr\u00e9judice.<\/p><p>En ce qui concerne l&rsquo;exercice de l&rsquo;action, selon la <a href=\"https:\/\/www.legifrance.gouv.fr\/affichCodeArticle.do;jsessionid=05C2BA547FAD7659548C0545100768E5.tplgfr32s_1?idArticle=LEGIARTI000006223149&amp;cidTexte=LEGITEXT000005634379&amp;dateTexte=20190218&amp;categorieLien=id&amp;oldAction=&amp;nbResultRech=\">loi<\/a> l&rsquo;action se prescrit par <strong>3 ans<\/strong> \u00e0 compter du fait dommageable. Ce r\u00e9gime est donc d\u00e9rogatoire \u00e0 la prescription par 5 ans du\u00a0r\u00e9gime g\u00e9n\u00e9rale du droit\u00a0des obligations.<\/p><h3>\u00a0<\/h3><h3>B) La responsabilit\u00e9 p\u00e9nale.<\/h3><p>Le d\u00e9lit le plus important concernant la responsabilit\u00e9 du g\u00e9rant d&rsquo;une SARL est sans doute l&rsquo;abus de biens sociaux. Celui-ci est d\u00e9fini par la <a href=\"https:\/\/www.legifrance.gouv.fr\/affichCodeArticle.do?idArticle=LEGIARTI000028312103&amp;cidTexte=LEGITEXT000005634379\">loi<\/a> qui en donne diverses applications. Il y a les conditions et les effets.<\/p><p>On peut r\u00e9sumer l&rsquo;abus de biens sociaux par le fait pour le dirigeant de r\u00e9aliser :<\/p><ul><li>Des actes contraires \u00e0 l\u2019int\u00e9r\u00eat social,<\/li><\/ul><div><span style=\"font-family: Montserrat;\">\u00a0<\/span><\/div><ul><li>Dans son propre int\u00e9r\u00eat,<\/li><\/ul><div><span style=\"font-family: Montserrat;\">\u00a0<\/span><\/div><ul><li><span style=\"font-family: var(--e-global-typography-primary-font-family); text-align: var(--text-align); background-color: var( --e-global-color-f8847cf ); color: var( --e-global-color-text ); font-size: var( --e-global-typography-text-font-size ); font-style: var( --e-global-typography-text-font-style ); font-weight: var( --e-global-typography-text-font-weight ); text-transform: var( --e-global-typography-text-text-transform );\">En utilisant les moyens de la soci\u00e9t\u00e9.<\/span><\/li><\/ul><p>Les sanctions sont de 5 ans d\u2019emprisonnement et 375 000 euros d&rsquo;amende. Les sanctions seront de 7 ans d\u2019emprisonnement et 500 000 euros d&rsquo;amende lorsque le dirigeant piochera dans les caisses de la soci\u00e9t\u00e9.<\/p><p>Dans le m\u00eame sens la loi puni de 6 mois d\u2019emprisonnement et de 9000 euros d&rsquo;amende le fait pour une SARL d\u2019\u00e9mettre des valeurs mobili\u00e8res.<\/p><p>Une amende de 9000 euros pour le fait de ne pas \u00e9tablir de comptes annuels et de rapport de gestion.\u00a0Aussi, il y aura une m\u00eame sanction de 9000 euros d&rsquo;amende pour le fait de ne pas soumettre \u00e0\u00a0l\u2019approbation de l&rsquo;AG annuel, les comptes annuels et le rapport de gestion.<\/p><h3>\u00a0<\/h3><h3>C) La responsabilit\u00e9 fiscale.<\/h3><p>Selon la <a href=\"https:\/\/www.legifrance.gouv.fr\/affichCodeArticle.do?idArticle=LEGIARTI000022175305&amp;cidTexte=LEGITEXT000006069583&amp;dateTexte=20100501&amp;oldAction=rechCodeArticle\">loi<\/a>, lorsqu&rsquo;un dirigeant est responsable des man\u0153uvres frauduleuses ou de l&rsquo;inobservations graves et r\u00e9p\u00e9t\u00e9es des obligations fiscales qui ont rendu impossible le recouvrement des impositions et des p\u00e9nalit\u00e9s dues par la SARL. Ce dirigeant peut\u00a0\u00eatre d\u00e9clar\u00e9 solidairement responsable du paiement de ces impositions et p\u00e9nalit\u00e9s dues par la soci\u00e9t\u00e9. En r\u00e9sum\u00e9 si le g\u00e9rant de la SARL fait tout pour que sa soci\u00e9t\u00e9 ne paie pas d&rsquo;imp\u00f4t, le dirigeant peut \u00eatre condamn\u00e9 \u00e0 payer les imp\u00f4ts \u00e0 la place de la soci\u00e9t\u00e9.<\/p><h2 id=\"II\">\u00a0<\/h2><h2 id=\"II\">II) La responsabilit\u00e9 du g\u00e9rant d&rsquo;une SARL en fin de vie sociale.<\/h2><p>Nous sommes dans le cas o\u00f9 la soci\u00e9t\u00e9 est en proc\u00e9dure collective ( Redressement judiciaire ou liquidation judiciaire). La soci\u00e9t\u00e9 est donc en cessation des paiements,\u00a0son actif disponible est inf\u00e9rieur \u00e0 son passif exigible. En clair la soci\u00e9t\u00e9 n&rsquo;arrive plus \u00e0 payer ses dettes \u00e0 court terme.<\/p><h3>\u00a0<\/h3><h3>A) La responsabilit\u00e9 pour insuffisance d&rsquo;actif.<\/h3><p>Selon la <a href=\"https:\/\/www.legifrance.gouv.fr\/affichCodeArticle.do?cidTexte=LEGITEXT000005634379&amp;idArticle=LEGIARTI000006239054\">loi<\/a>, lorsqu&rsquo;une SARL est en liquidation judiciaire le g\u00e9rant pourra \u00eatre tenu de payer tout ou partie des dettes sociales. Pour cela il faudra r\u00e9unir plusieurs conditions pour engager la responsabilit\u00e9 du g\u00e9rant d&rsquo;une SARL.<\/p><ul><li>La soci\u00e9t\u00e9 doit \u00eatre en liquidation judiciaire ;<\/li><\/ul><div><span style=\"font-family: Montserrat;\">\u00a0<\/span><\/div><ul><li>Le g\u00e9rant de SARL doit avoir commit une faute de gestion ;<\/li><\/ul><div><span style=\"font-family: Montserrat;\">\u00a0<\/span><\/div><ul><li>Cette faute doit avoir contribu\u00e9 \u00e0 l&rsquo;insuffisance d&rsquo;actif ;<\/li><\/ul><div><span style=\"font-family: Montserrat;\">\u00a0<\/span><\/div><ul><li>Il doit y avoir un lien de causalit\u00e9 entre la faute de gestion et l&rsquo;insuffisance d&rsquo;actif.<\/li><\/ul><p>En ce qui concerne la faute de gestion, depuis la loi SAPIN II du 9 d\u00e9cembre 2016, la simple n\u00e9gligence ne peut pas entra\u00eener la responsabilit\u00e9 du dirigeant. L&rsquo;action se prescrit par<strong> 3 ans<\/strong> au lieu des 5 ans dans le droit commun.<\/p><h3>\u00a0<\/h3><h3>B) La faillite personnelle.<\/h3><p>La faillite personnelle n&rsquo;est pas une sanction patrimoniale mais seulement une sanction qui va conduire \u00e0 ce que le g\u00e9rant ait l&rsquo;interdiction de g\u00e9rer, administrer ou contr\u00f4ler directement ou indirectement sa SARL.<\/p><p>Selon la <a href=\"https:\/\/www.legifrance.gouv.fr\/affichCodeArticle.do?cidTexte=LEGITEXT000005634379&amp;idArticle=LEGIARTI000019984455\">loi<\/a> pour qu&rsquo;il y ait interdiction de g\u00e9rer, il faudra que le g\u00e9rant ai commit certain actes.<\/p><ul><li>Avoir dispos\u00e9 des biens de la personne morale comme des siens propres ;<\/li><\/ul><div><span style=\"font-family: Montserrat;\">\u00a0<\/span><\/div><ul><li>Sous le couvert de la personne morale masquant ses agissements, avoir fait des actes de commerce dans un int\u00e9r\u00eat personnel ;<\/li><\/ul><div><span style=\"font-family: Montserrat;\">\u00a0<\/span><\/div><ul><li>Avoir fait des biens ou du cr\u00e9dit de la\u00a0SARL un usage contraire \u00e0 l&rsquo;int\u00e9r\u00eat de celle-ci \u00e0 des fins personnelles ;<\/li><\/ul><div><span style=\"font-family: Montserrat;\">\u00a0<\/span><\/div><ul><li>Poursuivre\u00a0abusivement, dans un int\u00e9r\u00eat personnel, une exploitation d\u00e9ficitaire qui ne pouvait conduire qu&rsquo;\u00e0 la cessation des paiements de la personne morale ;<\/li><\/ul><div><span style=\"font-family: Montserrat;\">\u00a0<\/span><\/div><ul><li>D\u00e9tourner ou dissimuler tout ou partie de l&rsquo;actif ou frauduleusement augmenter le passif de la personne morale.<\/li><\/ul><p>Les cons\u00e9quences de la faillite personnelle seront l&rsquo;interdiction de g\u00e9rer une SARL. Selon la <a href=\"https:\/\/www.legifrance.gouv.fr\/affichCodeArticle.do?cidTexte=LEGITEXT000005634379&amp;idArticle=LEGIARTI000006239326&amp;dateTexte=&amp;categorieLien=cid\">loi<\/a>, le tribunal pourra aussi attribuer une peine compl\u00e9mentaire. Il pourra condamner l&rsquo;ancien g\u00e9rant \u00e0 une interdiction d&rsquo;exercer une fonction publique \u00e9lective pour une dur\u00e9e maximale de 5 ans. La dur\u00e9e de l&rsquo;interdiction de g\u00e9rer est quant \u00e0 elle maximum de 15 ans. L&rsquo;action se prescrit par<strong> 3 ans<\/strong> \u00e0 compter du jugement d&rsquo;ouverture de la liquidation judiciaire.<\/p><h3>\u00a0<\/h3><h3>C) La banqueroute<\/h3><p>La banqueroute est une infraction p\u00e9nale. Elle consiste \u00e0 avoir continuer \u00e0 g\u00e9rer sa soci\u00e9t\u00e9 alors que le g\u00e9rant savait pertinemment que sa SARL \u00e9tait en \u00e9tat de cessation des paiements. Ce d\u00e9lit est possible lorsque la SARL est en Redressement Judiciaire ou en Liquidation Judiciaire. Selon la <a href=\"https:\/\/www.legifrance.gouv.fr\/affichCodeArticle.do?cidTexte=LEGITEXT000005634379&amp;idArticle=LEGIARTI000006239362&amp;dateTexte=&amp;categorieLien=cid\">loi<\/a>, les cas ou le g\u00e9rant de SARL peut commettre un d\u00e9lit de banqueroute sont les suivants :<\/p><ul><li>Avoir fait des achats en vue d&rsquo;une revente au-dessous du cours. Avoir employ\u00e9 des moyens ruineux pour se procurer des fonds. Et cela\u00a0dans l&rsquo;intention d&rsquo;\u00e9viter ou de retarder l&rsquo;ouverture de la proc\u00e9dure de redressement judiciaire ou de liquidation judiciaire ;<\/li><\/ul><div><span style=\"font-family: Montserrat;\">\u00a0<\/span><\/div><ul><li>D\u00e9tourner ou dissimuler tout ou partie de l&rsquo;actif du d\u00e9biteur ;<\/li><\/ul><div><span style=\"font-family: Montserrat;\">\u00a0<\/span><\/div><ul><li>Frauduleusement augmenter le passif du d\u00e9biteur ;<\/li><\/ul><div><span style=\"font-family: Montserrat;\">\u00a0<\/span><\/div><ul><li>Tenir une comptabilit\u00e9 fictive. Faire dispara\u00eetre des documents comptables de l&rsquo;entreprise ou de la personne morale. S&rsquo;\u00eatre abstenu de tenir toute comptabilit\u00e9 lorsque les textes applicables en font obligation ;<\/li><\/ul><div><span style=\"font-family: Montserrat;\">\u00a0<\/span><\/div><ul><li>Tenir une comptabilit\u00e9 manifestement incompl\u00e8te ou irr\u00e9guli\u00e8re au regard des dispositions l\u00e9gales.<\/li><\/ul><p>La banqueroute est punie de 5 ans d\u2019emprisonnement et de 75 000 euros d&rsquo;amende, Selon la <a href=\"https:\/\/www.legifrance.gouv.fr\/affichCodeArticle.do?idArticle=LEGIARTI000024496747&amp;cidTexte=LEGITEXT000006071154\">loi<\/a>, L&rsquo;action se prescrit par 6 ans depuis la r\u00e9forme des d\u00e9lais de prescription.<\/p><p>\u00a0<\/p><p>\u00a0<\/p><p>\u00a0<\/p><p>\u00a0<\/p>\t\t\t\t\t\t\t\t<\/div>\n\t\t\t\t<\/div>\n\t\t\t\t<div class=\"elementor-element elementor-element-24cd3bf elementor-align-center elementor-widget elementor-widget-button\" data-id=\"24cd3bf\" data-element_type=\"widget\" data-e-type=\"widget\" data-widget_type=\"button.default\">\n\t\t\t\t<div class=\"elementor-widget-container\">\n\t\t\t\t\t\t\t\t\t<div class=\"elementor-button-wrapper\">\n\t\t\t\t\t<a class=\"elementor-button elementor-button-link elementor-size-sm\" href=\"https:\/\/leonard.fr\/juridique\/creation-entreprise\/creation-dune-sarl-leonard\/?utm_source=blog&#038;utm_medium=CTA&#038;utm_campaign=responsabilite_gerant_SARL&#038;utm_id=creation_SARL_blog\">\n\t\t\t\t\t\t<span class=\"elementor-button-content-wrapper\">\n\t\t\t\t\t\t\t\t\t<span class=\"elementor-button-text\">Cr\u00e9ez votre SARL en ligne<\/span>\n\t\t\t\t\t<\/span>\n\t\t\t\t\t<\/a>\n\t\t\t\t<\/div>\n\t\t\t\t\t\t\t\t<\/div>\n\t\t\t\t<\/div>\n\t\t\t\t\t<\/div>\n\t\t\t\t<\/div>\n\t\t\t\t<\/div>\n\t\t","protected":false},"excerpt":{"rendered":"<p>La responsabilit\u00e9 du G\u00e9rant d&rsquo;une SARL peut \u00eatre envisag\u00e9e de diff\u00e9rentes fa\u00e7ons. La responsabilit\u00e9 est l&rsquo;obligation de r\u00e9pondre \u00e0 certain de ses actes, elle implique que\u00a0tout fait qui cause \u00e0 autrui un dommage, oblige celui par la faute duquel il est arriv\u00e9 \u00e0 le r\u00e9parer. Cette r\u00e9paration pourra \u00eatre patrimoniale mais elle pourra aussi \u00eatre&hellip; <a class=\"more-link\" href=\"https:\/\/www.legalvision.fr\/guides-juridiques\/sarl\/responsabilite-du-gerant-d-une-sarl-ou-eurl\/\">Poursuivre la lecture <span class=\"screen-reader-text\">La responsabilit\u00e9 du g\u00e9rant d&rsquo;une SARL<\/span><\/a><\/p>\n","protected":false},"author":28,"featured_media":22293,"comment_status":"open","ping_status":"open","sticky":false,"template":"","format":"standard","meta":{"content-type":"","inline_featured_image":false,"footnotes":""},"categories":[2497],"tags":[],"class_list":["post-11485","post","type-post","status-publish","format-standard","has-post-thumbnail","hentry","category-sarl","entry"],"yoast_head":"<!-- This site is optimized with the Yoast SEO plugin v27.1.1 - https:\/\/yoast.com\/product\/yoast-seo-wordpress\/ -->\n<title>La responsabilit\u00e9 du g\u00e9rant d&#039;une SARL : quels faux pas \u00e9viter ?<\/title>\n<meta name=\"description\" content=\"La responsabilit\u00e9 du g\u00e9rant d&#039;une SARL peut \u00eatre engag\u00e9e au long de la vie ou \u00e0 la liquidation de la soci\u00e9t\u00e9. Suivez le guide avec LegalVision !\" \/>\n<meta name=\"robots\" content=\"index, follow, max-snippet:-1, max-image-preview:large, max-video-preview:-1\" \/>\n<link rel=\"canonical\" href=\"https:\/\/www.legalvision.fr\/guides-juridiques\/sarl\/responsabilite-du-gerant-d-une-sarl-ou-eurl\/\" \/>\n<meta property=\"og:locale\" content=\"fr_FR\" \/>\n<meta property=\"og:type\" content=\"article\" \/>\n<meta property=\"og:title\" content=\"La responsabilit\u00e9 du g\u00e9rant d&#039;une SARL : quels faux pas \u00e9viter ?\" \/>\n<meta property=\"og:description\" content=\"La responsabilit\u00e9 du g\u00e9rant d&#039;une SARL peut \u00eatre engag\u00e9e au long de la vie ou \u00e0 la liquidation de la soci\u00e9t\u00e9. Suivez le guide avec LegalVision !\" \/>\n<meta property=\"og:url\" content=\"https:\/\/www.legalvision.fr\/guides-juridiques\/sarl\/responsabilite-du-gerant-d-une-sarl-ou-eurl\/\" \/>\n<meta property=\"og:site_name\" content=\"Guides juridiques\" \/>\n<meta property=\"article:published_time\" content=\"2019-02-24T06:30:11+00:00\" \/>\n<meta property=\"article:modified_time\" content=\"2024-02-07T16:26:07+00:00\" \/>\n<meta property=\"og:image\" content=\"https:\/\/www.legalvision.fr\/guides-juridiques\/wp-content\/uploads\/2019\/02\/Responsabilit\u00e9-du-g\u00e9rant-dune-SARL.jpg\" \/>\n\t<meta property=\"og:image:width\" content=\"958\" \/>\n\t<meta property=\"og:image:height\" content=\"350\" \/>\n\t<meta property=\"og:image:type\" content=\"image\/jpeg\" \/>\n<meta name=\"author\" content=\"Joseph Louis\" \/>\n<meta name=\"twitter:card\" content=\"summary_large_image\" \/>\n<meta name=\"twitter:label1\" content=\"\u00c9crit par\" \/>\n\t<meta name=\"twitter:data1\" content=\"Joseph Louis\" \/>\n\t<meta name=\"twitter:label2\" content=\"Dur\u00e9e de lecture estim\u00e9e\" \/>\n\t<meta name=\"twitter:data2\" content=\"8 minutes\" \/>\n<script type=\"application\/ld+json\" class=\"yoast-schema-graph\">{\"@context\":\"https:\/\/schema.org\",\"@graph\":[{\"@type\":\"Article\",\"@id\":\"https:\/\/www.legalvision.fr\/guides-juridiques\/sarl\/responsabilite-du-gerant-d-une-sarl-ou-eurl\/#article\",\"isPartOf\":{\"@id\":\"https:\/\/www.legalvision.fr\/guides-juridiques\/sarl\/responsabilite-du-gerant-d-une-sarl-ou-eurl\/\"},\"author\":{\"name\":\"Joseph Louis\",\"@id\":\"https:\/\/www.legalvision.fr\/guides-juridiques\/#\/schema\/person\/c454a42bc2a18b5443bc24faa78c5128\"},\"headline\":\"La responsabilit\u00e9 du g\u00e9rant d&rsquo;une SARL\",\"datePublished\":\"2019-02-24T06:30:11+00:00\",\"dateModified\":\"2024-02-07T16:26:07+00:00\",\"mainEntityOfPage\":{\"@id\":\"https:\/\/www.legalvision.fr\/guides-juridiques\/sarl\/responsabilite-du-gerant-d-une-sarl-ou-eurl\/\"},\"wordCount\":1730,\"commentCount\":4,\"publisher\":{\"@id\":\"https:\/\/www.legalvision.fr\/guides-juridiques\/#organization\"},\"image\":{\"@id\":\"https:\/\/www.legalvision.fr\/guides-juridiques\/sarl\/responsabilite-du-gerant-d-une-sarl-ou-eurl\/#primaryimage\"},\"thumbnailUrl\":\"https:\/\/www.legalvision.fr\/guides-juridiques\/wp-content\/uploads\/2019\/02\/Responsabilit\u00e9-du-g\u00e9rant-dune-SARL.jpg\",\"articleSection\":[\"SARL\"],\"inLanguage\":\"fr-FR\",\"potentialAction\":[{\"@type\":\"CommentAction\",\"name\":\"Comment\",\"target\":[\"https:\/\/www.legalvision.fr\/guides-juridiques\/sarl\/responsabilite-du-gerant-d-une-sarl-ou-eurl\/#respond\"]}]},{\"@type\":\"WebPage\",\"@id\":\"https:\/\/www.legalvision.fr\/guides-juridiques\/sarl\/responsabilite-du-gerant-d-une-sarl-ou-eurl\/\",\"url\":\"https:\/\/www.legalvision.fr\/guides-juridiques\/sarl\/responsabilite-du-gerant-d-une-sarl-ou-eurl\/\",\"name\":\"La responsabilit\u00e9 du g\u00e9rant d'une SARL : quels faux pas \u00e9viter ?\",\"isPartOf\":{\"@id\":\"https:\/\/www.legalvision.fr\/guides-juridiques\/#website\"},\"primaryImageOfPage\":{\"@id\":\"https:\/\/www.legalvision.fr\/guides-juridiques\/sarl\/responsabilite-du-gerant-d-une-sarl-ou-eurl\/#primaryimage\"},\"image\":{\"@id\":\"https:\/\/www.legalvision.fr\/guides-juridiques\/sarl\/responsabilite-du-gerant-d-une-sarl-ou-eurl\/#primaryimage\"},\"thumbnailUrl\":\"https:\/\/www.legalvision.fr\/guides-juridiques\/wp-content\/uploads\/2019\/02\/Responsabilit\u00e9-du-g\u00e9rant-dune-SARL.jpg\",\"datePublished\":\"2019-02-24T06:30:11+00:00\",\"dateModified\":\"2024-02-07T16:26:07+00:00\",\"description\":\"La responsabilit\u00e9 du g\u00e9rant d'une SARL peut \u00eatre engag\u00e9e au long de la vie ou \u00e0 la liquidation de la soci\u00e9t\u00e9. Suivez le guide avec LegalVision !\",\"breadcrumb\":{\"@id\":\"https:\/\/www.legalvision.fr\/guides-juridiques\/sarl\/responsabilite-du-gerant-d-une-sarl-ou-eurl\/#breadcrumb\"},\"inLanguage\":\"fr-FR\",\"potentialAction\":[{\"@type\":\"ReadAction\",\"target\":[\"https:\/\/www.legalvision.fr\/guides-juridiques\/sarl\/responsabilite-du-gerant-d-une-sarl-ou-eurl\/\"]}]},{\"@type\":\"ImageObject\",\"inLanguage\":\"fr-FR\",\"@id\":\"https:\/\/www.legalvision.fr\/guides-juridiques\/sarl\/responsabilite-du-gerant-d-une-sarl-ou-eurl\/#primaryimage\",\"url\":\"https:\/\/www.legalvision.fr\/guides-juridiques\/wp-content\/uploads\/2019\/02\/Responsabilit\u00e9-du-g\u00e9rant-dune-SARL.jpg\",\"contentUrl\":\"https:\/\/www.legalvision.fr\/guides-juridiques\/wp-content\/uploads\/2019\/02\/Responsabilit\u00e9-du-g\u00e9rant-dune-SARL.jpg\",\"width\":958,\"height\":350,\"caption\":\"Responsabilit\u00e9 du g\u00e9rant d'une SARL\"},{\"@type\":\"BreadcrumbList\",\"@id\":\"https:\/\/www.legalvision.fr\/guides-juridiques\/sarl\/responsabilite-du-gerant-d-une-sarl-ou-eurl\/#breadcrumb\",\"itemListElement\":[{\"@type\":\"ListItem\",\"position\":1,\"name\":\"Accueil\",\"item\":\"https:\/\/www.legalvision.fr\/guides-juridiques\/\"},{\"@type\":\"ListItem\",\"position\":2,\"name\":\"SARL\",\"item\":\"https:\/\/www.legalvision.fr\/guides-juridiques\/sarl\/\"},{\"@type\":\"ListItem\",\"position\":3,\"name\":\"La responsabilit\u00e9 du g\u00e9rant d&rsquo;une SARL\"}]},{\"@type\":\"WebSite\",\"@id\":\"https:\/\/www.legalvision.fr\/guides-juridiques\/#website\",\"url\":\"https:\/\/www.legalvision.fr\/guides-juridiques\/\",\"name\":\"Guides juridiques\",\"description\":\"L&#039;information juridique \u00e0 destination des entreprises et TPE\",\"publisher\":{\"@id\":\"https:\/\/www.legalvision.fr\/guides-juridiques\/#organization\"},\"potentialAction\":[{\"@type\":\"SearchAction\",\"target\":{\"@type\":\"EntryPoint\",\"urlTemplate\":\"https:\/\/www.legalvision.fr\/guides-juridiques\/?s={search_term_string}\"},\"query-input\":{\"@type\":\"PropertyValueSpecification\",\"valueRequired\":true,\"valueName\":\"search_term_string\"}}],\"inLanguage\":\"fr-FR\"},{\"@type\":\"Organization\",\"@id\":\"https:\/\/www.legalvision.fr\/guides-juridiques\/#organization\",\"name\":\"Guides juridiques\",\"url\":\"https:\/\/www.legalvision.fr\/guides-juridiques\/\",\"logo\":{\"@type\":\"ImageObject\",\"inLanguage\":\"fr-FR\",\"@id\":\"https:\/\/www.legalvision.fr\/guides-juridiques\/#\/schema\/logo\/image\/\",\"url\":\"https:\/\/www.legalvision.fr\/guides-juridiques\/wp-content\/uploads\/2022\/10\/LV-Logotype.png\",\"contentUrl\":\"https:\/\/www.legalvision.fr\/guides-juridiques\/wp-content\/uploads\/2022\/10\/LV-Logotype.png\",\"width\":647,\"height\":125,\"caption\":\"Guides juridiques\"},\"image\":{\"@id\":\"https:\/\/www.legalvision.fr\/guides-juridiques\/#\/schema\/logo\/image\/\"}},{\"@type\":\"Person\",\"@id\":\"https:\/\/www.legalvision.fr\/guides-juridiques\/#\/schema\/person\/c454a42bc2a18b5443bc24faa78c5128\",\"name\":\"Joseph Louis\",\"image\":{\"@type\":\"ImageObject\",\"inLanguage\":\"fr-FR\",\"@id\":\"https:\/\/www.legalvision.fr\/guides-juridiques\/#\/schema\/person\/image\/\",\"url\":\"https:\/\/www.legalvision.fr\/guides-juridiques\/wp-content\/uploads\/2023\/07\/cropped-homme7-96x96.png\",\"contentUrl\":\"https:\/\/www.legalvision.fr\/guides-juridiques\/wp-content\/uploads\/2023\/07\/cropped-homme7-96x96.png\",\"caption\":\"Joseph Louis\"},\"description\":\"Joseph est Juriste au sein de LegalVision. Titulaire d'un Master 2 Droit Bancaire et Financier au sein de l'Universit\u00e9 Jean Moulin Lyon 3, le monde des start-up et de la finance le passionne.\",\"url\":\"https:\/\/www.legalvision.fr\/guides-juridiques\/author\/joseph-louis\/\"}]}<\/script>\n<!-- \/ Yoast SEO plugin. -->","yoast_head_json":{"title":"La responsabilit\u00e9 du g\u00e9rant d'une SARL : quels faux pas \u00e9viter ?","description":"La responsabilit\u00e9 du g\u00e9rant d'une SARL peut \u00eatre engag\u00e9e au long de la vie ou \u00e0 la liquidation de la soci\u00e9t\u00e9. Suivez le guide avec LegalVision !","robots":{"index":"index","follow":"follow","max-snippet":"max-snippet:-1","max-image-preview":"max-image-preview:large","max-video-preview":"max-video-preview:-1"},"canonical":"https:\/\/www.legalvision.fr\/guides-juridiques\/sarl\/responsabilite-du-gerant-d-une-sarl-ou-eurl\/","og_locale":"fr_FR","og_type":"article","og_title":"La responsabilit\u00e9 du g\u00e9rant d'une SARL : quels faux pas \u00e9viter ?","og_description":"La responsabilit\u00e9 du g\u00e9rant d'une SARL peut \u00eatre engag\u00e9e au long de la vie ou \u00e0 la liquidation de la soci\u00e9t\u00e9. Suivez le guide avec LegalVision !","og_url":"https:\/\/www.legalvision.fr\/guides-juridiques\/sarl\/responsabilite-du-gerant-d-une-sarl-ou-eurl\/","og_site_name":"Guides juridiques","article_published_time":"2019-02-24T06:30:11+00:00","article_modified_time":"2024-02-07T16:26:07+00:00","og_image":[{"width":958,"height":350,"url":"https:\/\/www.legalvision.fr\/guides-juridiques\/wp-content\/uploads\/2019\/02\/Responsabilit\u00e9-du-g\u00e9rant-dune-SARL.jpg","type":"image\/jpeg"}],"author":"Joseph Louis","twitter_card":"summary_large_image","twitter_misc":{"\u00c9crit par":"Joseph Louis","Dur\u00e9e de lecture estim\u00e9e":"8 minutes"},"schema":{"@context":"https:\/\/schema.org","@graph":[{"@type":"Article","@id":"https:\/\/www.legalvision.fr\/guides-juridiques\/sarl\/responsabilite-du-gerant-d-une-sarl-ou-eurl\/#article","isPartOf":{"@id":"https:\/\/www.legalvision.fr\/guides-juridiques\/sarl\/responsabilite-du-gerant-d-une-sarl-ou-eurl\/"},"author":{"name":"Joseph Louis","@id":"https:\/\/www.legalvision.fr\/guides-juridiques\/#\/schema\/person\/c454a42bc2a18b5443bc24faa78c5128"},"headline":"La responsabilit\u00e9 du g\u00e9rant d&rsquo;une SARL","datePublished":"2019-02-24T06:30:11+00:00","dateModified":"2024-02-07T16:26:07+00:00","mainEntityOfPage":{"@id":"https:\/\/www.legalvision.fr\/guides-juridiques\/sarl\/responsabilite-du-gerant-d-une-sarl-ou-eurl\/"},"wordCount":1730,"commentCount":4,"publisher":{"@id":"https:\/\/www.legalvision.fr\/guides-juridiques\/#organization"},"image":{"@id":"https:\/\/www.legalvision.fr\/guides-juridiques\/sarl\/responsabilite-du-gerant-d-une-sarl-ou-eurl\/#primaryimage"},"thumbnailUrl":"https:\/\/www.legalvision.fr\/guides-juridiques\/wp-content\/uploads\/2019\/02\/Responsabilit\u00e9-du-g\u00e9rant-dune-SARL.jpg","articleSection":["SARL"],"inLanguage":"fr-FR","potentialAction":[{"@type":"CommentAction","name":"Comment","target":["https:\/\/www.legalvision.fr\/guides-juridiques\/sarl\/responsabilite-du-gerant-d-une-sarl-ou-eurl\/#respond"]}]},{"@type":"WebPage","@id":"https:\/\/www.legalvision.fr\/guides-juridiques\/sarl\/responsabilite-du-gerant-d-une-sarl-ou-eurl\/","url":"https:\/\/www.legalvision.fr\/guides-juridiques\/sarl\/responsabilite-du-gerant-d-une-sarl-ou-eurl\/","name":"La responsabilit\u00e9 du g\u00e9rant d'une SARL : quels faux pas \u00e9viter ?","isPartOf":{"@id":"https:\/\/www.legalvision.fr\/guides-juridiques\/#website"},"primaryImageOfPage":{"@id":"https:\/\/www.legalvision.fr\/guides-juridiques\/sarl\/responsabilite-du-gerant-d-une-sarl-ou-eurl\/#primaryimage"},"image":{"@id":"https:\/\/www.legalvision.fr\/guides-juridiques\/sarl\/responsabilite-du-gerant-d-une-sarl-ou-eurl\/#primaryimage"},"thumbnailUrl":"https:\/\/www.legalvision.fr\/guides-juridiques\/wp-content\/uploads\/2019\/02\/Responsabilit\u00e9-du-g\u00e9rant-dune-SARL.jpg","datePublished":"2019-02-24T06:30:11+00:00","dateModified":"2024-02-07T16:26:07+00:00","description":"La responsabilit\u00e9 du g\u00e9rant d'une SARL peut \u00eatre engag\u00e9e au long de la vie ou \u00e0 la liquidation de la soci\u00e9t\u00e9. Suivez le guide avec LegalVision !","breadcrumb":{"@id":"https:\/\/www.legalvision.fr\/guides-juridiques\/sarl\/responsabilite-du-gerant-d-une-sarl-ou-eurl\/#breadcrumb"},"inLanguage":"fr-FR","potentialAction":[{"@type":"ReadAction","target":["https:\/\/www.legalvision.fr\/guides-juridiques\/sarl\/responsabilite-du-gerant-d-une-sarl-ou-eurl\/"]}]},{"@type":"ImageObject","inLanguage":"fr-FR","@id":"https:\/\/www.legalvision.fr\/guides-juridiques\/sarl\/responsabilite-du-gerant-d-une-sarl-ou-eurl\/#primaryimage","url":"https:\/\/www.legalvision.fr\/guides-juridiques\/wp-content\/uploads\/2019\/02\/Responsabilit\u00e9-du-g\u00e9rant-dune-SARL.jpg","contentUrl":"https:\/\/www.legalvision.fr\/guides-juridiques\/wp-content\/uploads\/2019\/02\/Responsabilit\u00e9-du-g\u00e9rant-dune-SARL.jpg","width":958,"height":350,"caption":"Responsabilit\u00e9 du g\u00e9rant d'une SARL"},{"@type":"BreadcrumbList","@id":"https:\/\/www.legalvision.fr\/guides-juridiques\/sarl\/responsabilite-du-gerant-d-une-sarl-ou-eurl\/#breadcrumb","itemListElement":[{"@type":"ListItem","position":1,"name":"Accueil","item":"https:\/\/www.legalvision.fr\/guides-juridiques\/"},{"@type":"ListItem","position":2,"name":"SARL","item":"https:\/\/www.legalvision.fr\/guides-juridiques\/sarl\/"},{"@type":"ListItem","position":3,"name":"La responsabilit\u00e9 du g\u00e9rant d&rsquo;une SARL"}]},{"@type":"WebSite","@id":"https:\/\/www.legalvision.fr\/guides-juridiques\/#website","url":"https:\/\/www.legalvision.fr\/guides-juridiques\/","name":"Guides juridiques","description":"L&#039;information juridique \u00e0 destination des entreprises et TPE","publisher":{"@id":"https:\/\/www.legalvision.fr\/guides-juridiques\/#organization"},"potentialAction":[{"@type":"SearchAction","target":{"@type":"EntryPoint","urlTemplate":"https:\/\/www.legalvision.fr\/guides-juridiques\/?s={search_term_string}"},"query-input":{"@type":"PropertyValueSpecification","valueRequired":true,"valueName":"search_term_string"}}],"inLanguage":"fr-FR"},{"@type":"Organization","@id":"https:\/\/www.legalvision.fr\/guides-juridiques\/#organization","name":"Guides juridiques","url":"https:\/\/www.legalvision.fr\/guides-juridiques\/","logo":{"@type":"ImageObject","inLanguage":"fr-FR","@id":"https:\/\/www.legalvision.fr\/guides-juridiques\/#\/schema\/logo\/image\/","url":"https:\/\/www.legalvision.fr\/guides-juridiques\/wp-content\/uploads\/2022\/10\/LV-Logotype.png","contentUrl":"https:\/\/www.legalvision.fr\/guides-juridiques\/wp-content\/uploads\/2022\/10\/LV-Logotype.png","width":647,"height":125,"caption":"Guides juridiques"},"image":{"@id":"https:\/\/www.legalvision.fr\/guides-juridiques\/#\/schema\/logo\/image\/"}},{"@type":"Person","@id":"https:\/\/www.legalvision.fr\/guides-juridiques\/#\/schema\/person\/c454a42bc2a18b5443bc24faa78c5128","name":"Joseph Louis","image":{"@type":"ImageObject","inLanguage":"fr-FR","@id":"https:\/\/www.legalvision.fr\/guides-juridiques\/#\/schema\/person\/image\/","url":"https:\/\/www.legalvision.fr\/guides-juridiques\/wp-content\/uploads\/2023\/07\/cropped-homme7-96x96.png","contentUrl":"https:\/\/www.legalvision.fr\/guides-juridiques\/wp-content\/uploads\/2023\/07\/cropped-homme7-96x96.png","caption":"Joseph Louis"},"description":"Joseph est Juriste au sein de LegalVision. Titulaire d'un Master 2 Droit Bancaire et Financier au sein de l'Universit\u00e9 Jean Moulin Lyon 3, le monde des start-up et de la finance le passionne.","url":"https:\/\/www.legalvision.fr\/guides-juridiques\/author\/joseph-louis\/"}]}},"_links":{"self":[{"href":"https:\/\/www.legalvision.fr\/guides-juridiques\/wp-json\/wp\/v2\/posts\/11485","targetHints":{"allow":["GET"]}}],"collection":[{"href":"https:\/\/www.legalvision.fr\/guides-juridiques\/wp-json\/wp\/v2\/posts"}],"about":[{"href":"https:\/\/www.legalvision.fr\/guides-juridiques\/wp-json\/wp\/v2\/types\/post"}],"author":[{"embeddable":true,"href":"https:\/\/www.legalvision.fr\/guides-juridiques\/wp-json\/wp\/v2\/users\/28"}],"replies":[{"embeddable":true,"href":"https:\/\/www.legalvision.fr\/guides-juridiques\/wp-json\/wp\/v2\/comments?post=11485"}],"version-history":[{"count":21,"href":"https:\/\/www.legalvision.fr\/guides-juridiques\/wp-json\/wp\/v2\/posts\/11485\/revisions"}],"predecessor-version":[{"id":44897,"href":"https:\/\/www.legalvision.fr\/guides-juridiques\/wp-json\/wp\/v2\/posts\/11485\/revisions\/44897"}],"wp:featuredmedia":[{"embeddable":true,"href":"https:\/\/www.legalvision.fr\/guides-juridiques\/wp-json\/wp\/v2\/media\/22293"}],"wp:attachment":[{"href":"https:\/\/www.legalvision.fr\/guides-juridiques\/wp-json\/wp\/v2\/media?parent=11485"}],"wp:term":[{"taxonomy":"category","embeddable":true,"href":"https:\/\/www.legalvision.fr\/guides-juridiques\/wp-json\/wp\/v2\/categories?post=11485"},{"taxonomy":"post_tag","embeddable":true,"href":"https:\/\/www.legalvision.fr\/guides-juridiques\/wp-json\/wp\/v2\/tags?post=11485"}],"curies":[{"name":"wp","href":"https:\/\/api.w.org\/{rel}","templated":true}]}}